{"id":72420,"date":"2024-03-20T09:29:11","date_gmt":"2024-03-20T12:29:11","guid":{"rendered":"https:\/\/diariofemenino.com.ar\/df\/?p=72420"},"modified":"2024-03-20T09:29:11","modified_gmt":"2024-03-20T12:29:11","slug":"necesitabamos-esto","status":"publish","type":"post","link":"https:\/\/diariofemenino.com.ar\/df\/necesitabamos-esto\/","title":{"rendered":"Necesit\u00e1bamos esto"},"content":{"rendered":"<p><strong>Para abrazarnos, tomar envi\u00f3n y capear esta oscura tempestad que nos ataca por todos lados, en especial a las mujeres y los feminismos. Se abri\u00f3 un surco de aire emancipador. Es por ah\u00ed. Que no se apague la mecha.<\/strong><\/p>\n<p>Por Micaela Kamien| Fotos de Celeste Ferreiro<\/p>\n<p>\u201cAh, \u00a1c\u00f3mo necesitaba esto!\u201d: una frase que se o\u00eda casi como un murmullo en los alrededores de la Plaza del Congreso durante la movilizaci\u00f3n del pasado 8 de marzo. Sonaba bajito, entre saltos y abrazos apretados. La frase iba acompa\u00f1ada de sonrisas retra\u00eddas, algo tiesas, dolientes. Se la escuch\u00e9 decir a mujeres de todas las edades, unas a otras, extra\u00f1as, desconocidas entre s\u00ed. Se pronunciaba sin pensar, como un movimiento corporal involuntario.<\/p>\n<p>En medio de tanta crueldad necesit\u00e1bamos encontrarnos y colectivizar el miedo, la bronca, la desesperaci\u00f3n.<\/p>\n<p>Este <a href=\"https:\/\/diariofemenino.com.ar\/df\/lo-que-nos-dejo-el-8m\/\">8M<\/a> fue distinto. Fue el primero en la era Milei. El primero en medio de esta tempestad que arrasa con todo y que se las ensa\u00f1a especialmente con las mujeres y los feminismos. Nos pone en el rinc\u00f3n del ring y nos da duro, pu\u00f1etazos simb\u00f3licos (y reales) en medio del rostro, porque somos enemigas en esta batalla campal cultural de la ultraderecha que hoy nos gobierna.<\/p>\n<p>Fue el primer 8M en la era del protocolo Bullrich, que amenaza al pisar la calle y amedrenta con polic\u00edas que reci\u00e9n estrenaron gases lacrim\u00f3genos m\u00e1s nocivos.<\/p>\n<p>Ven\u00edamos de la pandemia y de movilizaciones fragmentadas, l\u00e1nguidas, casi esc\u00e9pticas. \u00bfDescorazonadas?<\/p>\n<figure id=\"attachment_72422\" aria-describedby=\"caption-attachment-72422\" style=\"width: 551px\" class=\"wp-caption aligncenter\"><img loading=\"lazy\" decoding=\"async\" class=\" wp-image-72422\" src=\"https:\/\/diariofemenino.com.ar\/df\/wp-content\/uploads\/2024\/03\/MG_2187.jpg\" alt=\"Necesit\u00e1bamos esto\" width=\"551\" height=\"367\" srcset=\"https:\/\/diariofemenino.com.ar\/df\/wp-content\/uploads\/2024\/03\/MG_2187.jpg 944w, https:\/\/diariofemenino.com.ar\/df\/wp-content\/uploads\/2024\/03\/MG_2187-300x200.jpg 300w, https:\/\/diariofemenino.com.ar\/df\/wp-content\/uploads\/2024\/03\/MG_2187-768x512.jpg 768w\" sizes=\"auto, (max-width: 551px) 100vw, 551px\" \/><figcaption id=\"caption-attachment-72422\" class=\"wp-caption-text\">Necesit\u00e1bamos esto<\/figcaption><\/figure>\n<p>\u201c\u00bfTe parece que vaya con mi hija?\u201d, \u201cno vayan solas\u201d, \u201cactualicemos ubicaci\u00f3n y tengamos n\u00fameros de DNI de todas\u201d: mensajes que iban y ven\u00edan los d\u00edas previos a la movilizaci\u00f3n. En redes circulaban flyers como kits de protecci\u00f3n, que inclu\u00edan desde consejos sobre el tel\u00e9fono, c\u00f3mo vestirse, c\u00f3mo cuidarse durante y despu\u00e9s de la concentraci\u00f3n: \u201cmarcha en grupo, estate alerta, documenta abusos de autoridad desde una distancia prudente, avisa cuando llegues a tu casa, conserva fotos y videos originales como evidencia legal\u201d, entre muchas otras recomendaciones. Hab\u00eda guardia jur\u00eddica y se compartieron n\u00fameros telef\u00f3nicos de abogadas y organismos defensores de derechos humanos.<\/p>\n<p>As\u00ed salimos de nuestras casas y <a href=\"https:\/\/diariofemenino.com.ar\/df\/8m-y-todos-los-dias\/\">espacios laborales<\/a>. Atemorizadas y bajo alerta, ante la batalla campal cultural y polic\u00edaca, sin saber cu\u00e1ntas se atrever\u00edan y cu\u00e1ntas podr\u00edan abandonar durante unas horas la tragedia cotidiana de no tener para comprar pa\u00f1ales y leche, cargar la SUBE, la garrafa o comprar los medicamentos.<\/p>\n<p>Pero fuimos. Y fuimos un mill\u00f3n. Un mill\u00f3n de minas (mayor\u00eda minas) que nos \u00edbamos encendiendo como f\u00f3sforos a medida que nos encontr\u00e1bamos en las calles del pa\u00eds entero.<\/p>\n<p>Cuando era chica me gustaba prender un f\u00f3sforo, acercar esa peque\u00f1a llama a la cabeza colorada de otro f\u00f3sforo, contagiarle el fuego, dejarlos unidos, adherido uno al otro. El 8M fuimos fuego otra vez. Volvimos a contagiarnos de llama transformadora y del sentido emancipatorio que los feminismos nos supieron ense\u00f1ar.<\/p>\n<p>El miedo se convirti\u00f3 en alegr\u00eda.<\/p>\n<p>Las marchas feministas tienen de todo, pero adem\u00e1s de ser transversales y diversas, son alegres. Son fiesta. Son baile en medio de las noches m\u00e1s oscuras y tristes. Son <em>glitter<\/em>, brillo y carcajadas. Son caderas de todas las formas y tama\u00f1os que se mueven de aqu\u00ed para all\u00e1, se rozan sudadas al ritmo de los tambores y las risas acaloradas. Son cuerpos danzantes y festivos, aunque duela el hambre en los barrios. Es baile colectivo que se enciende con el ox\u00edgeno de nuestras respiraciones unificadas.<\/p>\n<p>Bailar, bajo la llovizna gris de una Buenos Aires que sufre, es como estar so\u00f1ando por un rato, es tomar fuerzas para seguir. De eso se tratan las movilizaciones feministas: de tomar una extensa bocanada de aire fresco que no s\u00f3lo nos da algo de regocijo y de respiro, sino que nos permite recobrar la consciencia de nuestra fuerza pol\u00edtica transformadora.<\/p>\n<p>Tomamos las calles y las bailamos. Al principio solo caminamos las veredas, como silbando bajito. Al rato nos hicimos amas y se\u00f1oras de las avenidas, para Bullrich que nos miraba por tv.<\/p>\n<p>Necesit\u00e1bamos eso, s\u00ed que lo necesit\u00e1bamos.<\/p>\n<p>Recobramos el sentido de nuestra lucha. A medida que pasaron las horas, que entendimos que no hab\u00eda sido solo un sue\u00f1o, que vimos las fotos desde drones que reflejaban una movilizaci\u00f3n multitudinaria que se le rio en la cara al protocolo, las vallas y las miradas g\u00e9lidas de la polic\u00eda, fuimos recuperando la consciencia feminista.<\/p>\n<figure id=\"attachment_72421\" aria-describedby=\"caption-attachment-72421\" style=\"width: 554px\" class=\"wp-caption aligncenter\"><img loading=\"lazy\" decoding=\"async\" class=\" wp-image-72421\" src=\"https:\/\/diariofemenino.com.ar\/df\/wp-content\/uploads\/2024\/03\/MG_2169-1024x682.jpg\" alt=\"Necesit\u00e1bamos esto\" width=\"554\" height=\"369\" srcset=\"https:\/\/diariofemenino.com.ar\/df\/wp-content\/uploads\/2024\/03\/MG_2169-1024x682.jpg 1024w, https:\/\/diariofemenino.com.ar\/df\/wp-content\/uploads\/2024\/03\/MG_2169-300x200.jpg 300w, https:\/\/diariofemenino.com.ar\/df\/wp-content\/uploads\/2024\/03\/MG_2169-768x512.jpg 768w, https:\/\/diariofemenino.com.ar\/df\/wp-content\/uploads\/2024\/03\/MG_2169.jpg 1123w\" sizes=\"auto, (max-width: 554px) 100vw, 554px\" \/><figcaption id=\"caption-attachment-72421\" class=\"wp-caption-text\">Necesit\u00e1bamos esto<\/figcaption><\/figure>\n<p>Se abre entonces un surco desde el cual pensar y hacernos m\u00e1s preguntas. \u00bfPodemos volver a hacer ruido y marcar la cancha en la escena pol\u00edtica argentina?, \u00bfdejamos de ser pianta-votos y mala palabra?, \u00bfpodemos tallar la madera de la oposici\u00f3n?, \u00bfrecobramos algo de nuestra sangre poderosa?, \u00bfnos ven?, \u00bfnos ven otra vez?, \u00bfc\u00f3mo recuperar la escena pol\u00edtica?, \u00bfc\u00f3mo mostrar que estamos cerca de los problemas de cada d\u00eda de la mayor\u00eda de las mujeres argentinas, del hambre, la falta de laburo, los sueldos miserables, los comedores fam\u00e9licos, la miseria, las violencias de cada d\u00eda, los remedios que no se pueden comprar, la cuota alimentaria que no recibimos, el agobio, la desesperaci\u00f3n, las ollas vac\u00edas?, \u00bfc\u00f3mo explicarles que no les hablamos s\u00f3lo a las feministas, que cuando hay hambre no importa el lenguaje inclusivo, que cuando cierran comedores nadie piensa en un DNI no binario?, \u00bfqu\u00e9 nos pas\u00f3 a las feministas, que conseguimos leyes que hicieron historia y hoy nos acusan de ser art\u00edfices de la llegada de la ultraderecha al poder? \u00bfCu\u00e1ntas otras fuerzas pol\u00edticas hoy convocan de esta manera?<\/p>\n<p>El 8M nos encendimos otra vez. No vamos a dejar que se apague nuestra fuerza emancipatoria de nuevo. Sabemos c\u00f3mo encendernos y c\u00f3mo contagiar poder transformador.<\/p>\n<p>Nos necesitamos.<\/p>\n<blockquote><p>Seguinos en Instagram\u00a0<a href=\"https:\/\/www.instagram.com\/diariodigitalfemenino_\/\">@diariodigitalfemenino_<\/a><br \/>\n<a href=\"https:\/\/www.instagram.com\/lennycaceres69\/\">@lennycaceres69<\/a><\/p><\/blockquote>\n","protected":false},"excerpt":{"rendered":"<p>Para abrazarnos, tomar envi\u00f3n y capear esta oscura tempestad que nos ataca por todos lados, en especial a las mujeres y los feminismos. Se abri\u00f3 un surco de aire emancipador. Es por ah\u00ed. Que no se apague la mecha. Por Micaela Kamien| Fotos de Celeste Ferreiro \u201cAh, \u00a1c\u00f3mo necesitaba esto!\u201d: una frase que se o\u00eda [&hellip;]<\/p>\n","protected":false},"author":4,"featured_media":72423,"comment_status":"open","ping_status":"open","sticky":false,"template":"","format":"standard","meta":{"iawp_total_views":11,"footnotes":""},"categories":[22,7,1067,178,3,627,4,32,6,23,15,592],"tags":[196,6733,6732,5529,2030,599,17,6731,130,6566,6734,3596],"class_list":["post-72420","post","type-post","status-publish","format-standard","has-post-thumbnail","hentry","category-aborto","category-actividades","category-agenda-feminista","category-articulos-y-comunicados","category-de-la-revolucion-al-reaprendizaje","category-genero-y-derechos-humanos","category-medios","category-mujeres","category-articulos","category-salud","category-trata-de-personas","category-violencias","tag-8m","tag-bronca","tag-crueldad","tag-desproteccion","tag-encuentro","tag-feminismos","tag-maltrato","tag-micaela-kamien","tag-mujeres","tag-necesidad","tag-nos-tenemos","tag-urgencia"],"nelio_content":{"autoShareEndMode":"never","automationSources":{"useCustomSentences":false,"customSentences":[]},"efiAlt":"","efiUrl":"","followers":[4],"highlights":[],"isAutoShareEnabled":true,"networkImageIds":[],"permalinkQueryArgs":[],"series":[],"suggestedReferences":[]},"yoast_head":"<!-- This site is optimized with the Yoast SEO plugin v27.5 - https:\/\/yoast.com\/product\/yoast-seo-wordpress\/ -->\n<title>Necesit\u00e1bamos esto - Diario Digital Femenino<\/title>\n<meta name=\"description\" content=\"Necesit\u00e1bamos esto, para abrazarnos, tomar envi\u00f3n y capear esta oscura tempestad que nos ataca por todos lados...\" \/>\n<meta name=\"robots\" content=\"index, follow, max-snippet:-1, max-image-preview:large, max-video-preview:-1\" \/>\n<link rel=\"canonical\" href=\"https:\/\/diariofemenino.com.ar\/df\/necesitabamos-esto\/\" \/>\n<meta property=\"og:locale\" content=\"es_ES\" \/>\n<meta property=\"og:type\" content=\"article\" \/>\n<meta property=\"og:title\" content=\"Necesit\u00e1bamos esto - Diario Digital Femenino\" \/>\n<meta property=\"og:description\" content=\"Necesit\u00e1bamos esto, para abrazarnos, tomar envi\u00f3n y capear esta oscura tempestad que nos ataca por todos lados...\" \/>\n<meta property=\"og:url\" content=\"https:\/\/diariofemenino.com.ar\/df\/necesitabamos-esto\/\" \/>\n<meta property=\"og:site_name\" content=\"Diario Digital Femenino\" \/>\n<meta property=\"article:publisher\" content=\"https:\/\/www.facebook.com\/DiarioDigitaFemenino\/\" \/>\n<meta property=\"article:published_time\" content=\"2024-03-20T12:29:11+00:00\" \/>\n<meta property=\"og:image\" content=\"https:\/\/diariofemenino.com.ar\/df\/wp-content\/uploads\/2024\/03\/MG_2268.jpg\" \/>\n\t<meta property=\"og:image:width\" content=\"1123\" \/>\n\t<meta property=\"og:image:height\" content=\"748\" \/>\n\t<meta property=\"og:image:type\" content=\"image\/jpeg\" \/>\n<meta name=\"author\" content=\"Admin\" \/>\n<meta name=\"twitter:card\" content=\"summary_large_image\" \/>\n<meta name=\"twitter:creator\" content=\"@DiarioFemenino1\" \/>\n<meta name=\"twitter:site\" content=\"@DiarioFemenino1\" \/>\n<meta name=\"twitter:label1\" content=\"Escrito por\" \/>\n\t<meta name=\"twitter:data1\" content=\"Admin\" \/>\n\t<meta name=\"twitter:label2\" content=\"Tiempo de lectura\" \/>\n\t<meta name=\"twitter:data2\" content=\"5 minutos\" \/>\n<script type=\"application\/ld+json\" class=\"yoast-schema-graph\">{\"@context\":\"https:\\\/\\\/schema.org\",\"@graph\":[{\"@type\":\"Article\",\"@id\":\"https:\\\/\\\/diariofemenino.com.ar\\\/df\\\/necesitabamos-esto\\\/#article\",\"isPartOf\":{\"@id\":\"https:\\\/\\\/diariofemenino.com.ar\\\/df\\\/necesitabamos-esto\\\/\"},\"author\":{\"name\":\"Admin\",\"@id\":\"https:\\\/\\\/diariofemenino.com.ar\\\/df\\\/#\\\/schema\\\/person\\\/bf6199e8158c657ea6f789b11ec85509\"},\"headline\":\"Necesit\u00e1bamos esto\",\"datePublished\":\"2024-03-20T12:29:11+00:00\",\"mainEntityOfPage\":{\"@id\":\"https:\\\/\\\/diariofemenino.com.ar\\\/df\\\/necesitabamos-esto\\\/\"},\"wordCount\":1040,\"commentCount\":0,\"publisher\":{\"@id\":\"https:\\\/\\\/diariofemenino.com.ar\\\/df\\\/#organization\"},\"image\":{\"@id\":\"https:\\\/\\\/diariofemenino.com.ar\\\/df\\\/necesitabamos-esto\\\/#primaryimage\"},\"thumbnailUrl\":\"https:\\\/\\\/diariofemenino.com.ar\\\/df\\\/wp-content\\\/uploads\\\/2024\\\/03\\\/MG_2268.jpg\",\"keywords\":[\"#8M\",\"bronca\",\"crueldad\",\"Desprotecci\u00f3n\",\"encuentro\",\"Feminismos\",\"Maltrato\",\"Micaela Kamien\",\"Mujeres\",\"necesidad\",\"nos tenemos\",\"Urgencia\"],\"articleSection\":[\"Aborto\",\"Actividades\",\"Agenda Feminista\",\"Art\u00edculos y Comunicados\",\"De la Revoluci\u00f3n al Reaprendizaje\",\"G\u00e9nero y Derechos Humanos\",\"Medios\",\"Mujeres\",\"Mujeres en Palabras\",\"Salud\",\"Trata de Pers.\",\"Violencias\"],\"inLanguage\":\"es\",\"potentialAction\":[{\"@type\":\"CommentAction\",\"name\":\"Comment\",\"target\":[\"https:\\\/\\\/diariofemenino.com.ar\\\/df\\\/necesitabamos-esto\\\/#respond\"]}]},{\"@type\":\"WebPage\",\"@id\":\"https:\\\/\\\/diariofemenino.com.ar\\\/df\\\/necesitabamos-esto\\\/\",\"url\":\"https:\\\/\\\/diariofemenino.com.ar\\\/df\\\/necesitabamos-esto\\\/\",\"name\":\"Necesit\u00e1bamos esto - Diario Digital Femenino\",\"isPartOf\":{\"@id\":\"https:\\\/\\\/diariofemenino.com.ar\\\/df\\\/#website\"},\"primaryImageOfPage\":{\"@id\":\"https:\\\/\\\/diariofemenino.com.ar\\\/df\\\/necesitabamos-esto\\\/#primaryimage\"},\"image\":{\"@id\":\"https:\\\/\\\/diariofemenino.com.ar\\\/df\\\/necesitabamos-esto\\\/#primaryimage\"},\"thumbnailUrl\":\"https:\\\/\\\/diariofemenino.com.ar\\\/df\\\/wp-content\\\/uploads\\\/2024\\\/03\\\/MG_2268.jpg\",\"datePublished\":\"2024-03-20T12:29:11+00:00\",\"description\":\"Necesit\u00e1bamos esto, para abrazarnos, tomar envi\u00f3n y capear esta oscura tempestad que nos ataca por todos lados...\",\"breadcrumb\":{\"@id\":\"https:\\\/\\\/diariofemenino.com.ar\\\/df\\\/necesitabamos-esto\\\/#breadcrumb\"},\"inLanguage\":\"es\",\"potentialAction\":[{\"@type\":\"ReadAction\",\"target\":[\"https:\\\/\\\/diariofemenino.com.ar\\\/df\\\/necesitabamos-esto\\\/\"]}]},{\"@type\":\"ImageObject\",\"inLanguage\":\"es\",\"@id\":\"https:\\\/\\\/diariofemenino.com.ar\\\/df\\\/necesitabamos-esto\\\/#primaryimage\",\"url\":\"https:\\\/\\\/diariofemenino.com.ar\\\/df\\\/wp-content\\\/uploads\\\/2024\\\/03\\\/MG_2268.jpg\",\"contentUrl\":\"https:\\\/\\\/diariofemenino.com.ar\\\/df\\\/wp-content\\\/uploads\\\/2024\\\/03\\\/MG_2268.jpg\",\"width\":1123,\"height\":748,\"caption\":\"Necesit\u00e1bamos esto\"},{\"@type\":\"BreadcrumbList\",\"@id\":\"https:\\\/\\\/diariofemenino.com.ar\\\/df\\\/necesitabamos-esto\\\/#breadcrumb\",\"itemListElement\":[{\"@type\":\"ListItem\",\"position\":1,\"name\":\"Portada\",\"item\":\"https:\\\/\\\/diariofemenino.com.ar\\\/df\\\/\"},{\"@type\":\"ListItem\",\"position\":2,\"name\":\"Necesit\u00e1bamos esto\"}]},{\"@type\":\"WebSite\",\"@id\":\"https:\\\/\\\/diariofemenino.com.ar\\\/df\\\/#website\",\"url\":\"https:\\\/\\\/diariofemenino.com.ar\\\/df\\\/\",\"name\":\"Diario Digital Femenino\",\"description\":\"Cuesti\u00f3n de G\u00e9nero\",\"publisher\":{\"@id\":\"https:\\\/\\\/diariofemenino.com.ar\\\/df\\\/#organization\"},\"potentialAction\":[{\"@type\":\"SearchAction\",\"target\":{\"@type\":\"EntryPoint\",\"urlTemplate\":\"https:\\\/\\\/diariofemenino.com.ar\\\/df\\\/?s={search_term_string}\"},\"query-input\":{\"@type\":\"PropertyValueSpecification\",\"valueRequired\":true,\"valueName\":\"search_term_string\"}}],\"inLanguage\":\"es\"},{\"@type\":\"Organization\",\"@id\":\"https:\\\/\\\/diariofemenino.com.ar\\\/df\\\/#organization\",\"name\":\"Diario Femenino\",\"url\":\"https:\\\/\\\/diariofemenino.com.ar\\\/df\\\/\",\"logo\":{\"@type\":\"ImageObject\",\"inLanguage\":\"es\",\"@id\":\"https:\\\/\\\/diariofemenino.com.ar\\\/df\\\/#\\\/schema\\\/logo\\\/image\\\/\",\"url\":\"https:\\\/\\\/diariofemenino.com.ar\\\/df\\\/wp-content\\\/uploads\\\/2018\\\/10\\\/logo.png\",\"contentUrl\":\"https:\\\/\\\/diariofemenino.com.ar\\\/df\\\/wp-content\\\/uploads\\\/2018\\\/10\\\/logo.png\",\"width\":500,\"height\":92,\"caption\":\"Diario Femenino\"},\"image\":{\"@id\":\"https:\\\/\\\/diariofemenino.com.ar\\\/df\\\/#\\\/schema\\\/logo\\\/image\\\/\"},\"sameAs\":[\"https:\\\/\\\/www.facebook.com\\\/DiarioDigitaFemenino\\\/\",\"https:\\\/\\\/x.com\\\/DiarioFemenino1\"]},{\"@type\":\"Person\",\"@id\":\"https:\\\/\\\/diariofemenino.com.ar\\\/df\\\/#\\\/schema\\\/person\\\/bf6199e8158c657ea6f789b11ec85509\",\"name\":\"Admin\",\"image\":{\"@type\":\"ImageObject\",\"inLanguage\":\"es\",\"@id\":\"https:\\\/\\\/diariofemenino.com.ar\\\/df\\\/wp-content\\\/uploads\\\/2018\\\/12\\\/favicon-150x150.jpg\",\"url\":\"https:\\\/\\\/diariofemenino.com.ar\\\/df\\\/wp-content\\\/uploads\\\/2018\\\/12\\\/favicon-150x150.jpg\",\"contentUrl\":\"https:\\\/\\\/diariofemenino.com.ar\\\/df\\\/wp-content\\\/uploads\\\/2018\\\/12\\\/favicon-150x150.jpg\",\"caption\":\"Admin\"},\"url\":\"https:\\\/\\\/diariofemenino.com.ar\\\/df\\\/author\\\/lenny\\\/\"}]}<\/script>\n<!-- \/ Yoast SEO plugin. -->","yoast_head_json":{"title":"Necesit\u00e1bamos esto - Diario Digital Femenino","description":"Necesit\u00e1bamos esto, para abrazarnos, tomar envi\u00f3n y capear esta oscura tempestad que nos ataca por todos lados...","robots":{"index":"index","follow":"follow","max-snippet":"max-snippet:-1","max-image-preview":"max-image-preview:large","max-video-preview":"max-video-preview:-1"},"canonical":"https:\/\/diariofemenino.com.ar\/df\/necesitabamos-esto\/","og_locale":"es_ES","og_type":"article","og_title":"Necesit\u00e1bamos esto - Diario Digital Femenino","og_description":"Necesit\u00e1bamos esto, para abrazarnos, tomar envi\u00f3n y capear esta oscura tempestad que nos ataca por todos lados...","og_url":"https:\/\/diariofemenino.com.ar\/df\/necesitabamos-esto\/","og_site_name":"Diario Digital Femenino","article_publisher":"https:\/\/www.facebook.com\/DiarioDigitaFemenino\/","article_published_time":"2024-03-20T12:29:11+00:00","og_image":[{"width":1123,"height":748,"url":"https:\/\/diariofemenino.com.ar\/df\/wp-content\/uploads\/2024\/03\/MG_2268.jpg","type":"image\/jpeg"}],"author":"Admin","twitter_card":"summary_large_image","twitter_creator":"@DiarioFemenino1","twitter_site":"@DiarioFemenino1","twitter_misc":{"Escrito por":"Admin","Tiempo de lectura":"5 minutos"},"schema":{"@context":"https:\/\/schema.org","@graph":[{"@type":"Article","@id":"https:\/\/diariofemenino.com.ar\/df\/necesitabamos-esto\/#article","isPartOf":{"@id":"https:\/\/diariofemenino.com.ar\/df\/necesitabamos-esto\/"},"author":{"name":"Admin","@id":"https:\/\/diariofemenino.com.ar\/df\/#\/schema\/person\/bf6199e8158c657ea6f789b11ec85509"},"headline":"Necesit\u00e1bamos esto","datePublished":"2024-03-20T12:29:11+00:00","mainEntityOfPage":{"@id":"https:\/\/diariofemenino.com.ar\/df\/necesitabamos-esto\/"},"wordCount":1040,"commentCount":0,"publisher":{"@id":"https:\/\/diariofemenino.com.ar\/df\/#organization"},"image":{"@id":"https:\/\/diariofemenino.com.ar\/df\/necesitabamos-esto\/#primaryimage"},"thumbnailUrl":"https:\/\/diariofemenino.com.ar\/df\/wp-content\/uploads\/2024\/03\/MG_2268.jpg","keywords":["#8M","bronca","crueldad","Desprotecci\u00f3n","encuentro","Feminismos","Maltrato","Micaela Kamien","Mujeres","necesidad","nos tenemos","Urgencia"],"articleSection":["Aborto","Actividades","Agenda Feminista","Art\u00edculos y Comunicados","De la Revoluci\u00f3n al Reaprendizaje","G\u00e9nero y Derechos Humanos","Medios","Mujeres","Mujeres en Palabras","Salud","Trata de Pers.","Violencias"],"inLanguage":"es","potentialAction":[{"@type":"CommentAction","name":"Comment","target":["https:\/\/diariofemenino.com.ar\/df\/necesitabamos-esto\/#respond"]}]},{"@type":"WebPage","@id":"https:\/\/diariofemenino.com.ar\/df\/necesitabamos-esto\/","url":"https:\/\/diariofemenino.com.ar\/df\/necesitabamos-esto\/","name":"Necesit\u00e1bamos esto - Diario Digital Femenino","isPartOf":{"@id":"https:\/\/diariofemenino.com.ar\/df\/#website"},"primaryImageOfPage":{"@id":"https:\/\/diariofemenino.com.ar\/df\/necesitabamos-esto\/#primaryimage"},"image":{"@id":"https:\/\/diariofemenino.com.ar\/df\/necesitabamos-esto\/#primaryimage"},"thumbnailUrl":"https:\/\/diariofemenino.com.ar\/df\/wp-content\/uploads\/2024\/03\/MG_2268.jpg","datePublished":"2024-03-20T12:29:11+00:00","description":"Necesit\u00e1bamos esto, para abrazarnos, tomar envi\u00f3n y capear esta oscura tempestad que nos ataca por todos lados...","breadcrumb":{"@id":"https:\/\/diariofemenino.com.ar\/df\/necesitabamos-esto\/#breadcrumb"},"inLanguage":"es","potentialAction":[{"@type":"ReadAction","target":["https:\/\/diariofemenino.com.ar\/df\/necesitabamos-esto\/"]}]},{"@type":"ImageObject","inLanguage":"es","@id":"https:\/\/diariofemenino.com.ar\/df\/necesitabamos-esto\/#primaryimage","url":"https:\/\/diariofemenino.com.ar\/df\/wp-content\/uploads\/2024\/03\/MG_2268.jpg","contentUrl":"https:\/\/diariofemenino.com.ar\/df\/wp-content\/uploads\/2024\/03\/MG_2268.jpg","width":1123,"height":748,"caption":"Necesit\u00e1bamos esto"},{"@type":"BreadcrumbList","@id":"https:\/\/diariofemenino.com.ar\/df\/necesitabamos-esto\/#breadcrumb","itemListElement":[{"@type":"ListItem","position":1,"name":"Portada","item":"https:\/\/diariofemenino.com.ar\/df\/"},{"@type":"ListItem","position":2,"name":"Necesit\u00e1bamos esto"}]},{"@type":"WebSite","@id":"https:\/\/diariofemenino.com.ar\/df\/#website","url":"https:\/\/diariofemenino.com.ar\/df\/","name":"Diario Digital Femenino","description":"Cuesti\u00f3n de G\u00e9nero","publisher":{"@id":"https:\/\/diariofemenino.com.ar\/df\/#organization"},"potentialAction":[{"@type":"SearchAction","target":{"@type":"EntryPoint","urlTemplate":"https:\/\/diariofemenino.com.ar\/df\/?s={search_term_string}"},"query-input":{"@type":"PropertyValueSpecification","valueRequired":true,"valueName":"search_term_string"}}],"inLanguage":"es"},{"@type":"Organization","@id":"https:\/\/diariofemenino.com.ar\/df\/#organization","name":"Diario Femenino","url":"https:\/\/diariofemenino.com.ar\/df\/","logo":{"@type":"ImageObject","inLanguage":"es","@id":"https:\/\/diariofemenino.com.ar\/df\/#\/schema\/logo\/image\/","url":"https:\/\/diariofemenino.com.ar\/df\/wp-content\/uploads\/2018\/10\/logo.png","contentUrl":"https:\/\/diariofemenino.com.ar\/df\/wp-content\/uploads\/2018\/10\/logo.png","width":500,"height":92,"caption":"Diario Femenino"},"image":{"@id":"https:\/\/diariofemenino.com.ar\/df\/#\/schema\/logo\/image\/"},"sameAs":["https:\/\/www.facebook.com\/DiarioDigitaFemenino\/","https:\/\/x.com\/DiarioFemenino1"]},{"@type":"Person","@id":"https:\/\/diariofemenino.com.ar\/df\/#\/schema\/person\/bf6199e8158c657ea6f789b11ec85509","name":"Admin","image":{"@type":"ImageObject","inLanguage":"es","@id":"https:\/\/diariofemenino.com.ar\/df\/wp-content\/uploads\/2018\/12\/favicon-150x150.jpg","url":"https:\/\/diariofemenino.com.ar\/df\/wp-content\/uploads\/2018\/12\/favicon-150x150.jpg","contentUrl":"https:\/\/diariofemenino.com.ar\/df\/wp-content\/uploads\/2018\/12\/favicon-150x150.jpg","caption":"Admin"},"url":"https:\/\/diariofemenino.com.ar\/df\/author\/lenny\/"}]}},"jetpack_featured_media_url":"https:\/\/diariofemenino.com.ar\/df\/wp-content\/uploads\/2024\/03\/MG_2268.jpg","jetpack_sharing_enabled":true,"rttpg_featured_image_url":{"full":["https:\/\/diariofemenino.com.ar\/df\/wp-content\/uploads\/2024\/03\/MG_2268.jpg",1123,748,false],"landscape":["https:\/\/diariofemenino.com.ar\/df\/wp-content\/uploads\/2024\/03\/MG_2268.jpg",1123,748,false],"portraits":["https:\/\/diariofemenino.com.ar\/df\/wp-content\/uploads\/2024\/03\/MG_2268.jpg",1123,748,false],"thumbnail":["https:\/\/diariofemenino.com.ar\/df\/wp-content\/uploads\/2024\/03\/MG_2268-150x150.jpg",150,150,true],"medium":["https:\/\/diariofemenino.com.ar\/df\/wp-content\/uploads\/2024\/03\/MG_2268-300x200.jpg",300,200,true],"large":["https:\/\/diariofemenino.com.ar\/df\/wp-content\/uploads\/2024\/03\/MG_2268-1024x682.jpg",1024,682,true],"1536x1536":["https:\/\/diariofemenino.com.ar\/df\/wp-content\/uploads\/2024\/03\/MG_2268.jpg",1123,748,false],"2048x2048":["https:\/\/diariofemenino.com.ar\/df\/wp-content\/uploads\/2024\/03\/MG_2268.jpg",1123,748,false]},"rttpg_author":{"display_name":"Admin","author_link":"https:\/\/diariofemenino.com.ar\/df\/author\/lenny\/"},"rttpg_comment":0,"rttpg_category":"<a href=\"https:\/\/diariofemenino.com.ar\/df\/category\/aborto\/\" rel=\"category tag\">Aborto<\/a> <a href=\"https:\/\/diariofemenino.com.ar\/df\/category\/actividades\/\" rel=\"category tag\">Actividades<\/a> <a href=\"https:\/\/diariofemenino.com.ar\/df\/category\/agenda-feminista\/\" rel=\"category tag\">Agenda Feminista<\/a> <a href=\"https:\/\/diariofemenino.com.ar\/df\/category\/articulos-y-comunicados\/\" rel=\"category tag\">Art\u00edculos y Comunicados<\/a> <a href=\"https:\/\/diariofemenino.com.ar\/df\/category\/de-la-revolucion-al-reaprendizaje\/\" rel=\"category tag\">De la Revoluci\u00f3n al Reaprendizaje<\/a> <a href=\"https:\/\/diariofemenino.com.ar\/df\/category\/genero-y-derechos-humanos\/\" rel=\"category tag\">G\u00e9nero y Derechos Humanos<\/a> <a href=\"https:\/\/diariofemenino.com.ar\/df\/category\/medios\/\" rel=\"category tag\">Medios<\/a> <a href=\"https:\/\/diariofemenino.com.ar\/df\/category\/mujeres\/\" rel=\"category tag\">Mujeres<\/a> <a href=\"https:\/\/diariofemenino.com.ar\/df\/category\/articulos\/\" rel=\"category tag\">Mujeres en Palabras<\/a> <a href=\"https:\/\/diariofemenino.com.ar\/df\/category\/salud\/\" rel=\"category tag\">Salud<\/a> <a href=\"https:\/\/diariofemenino.com.ar\/df\/category\/trata-de-personas\/\" rel=\"category tag\">Trata de Pers.<\/a> <a href=\"https:\/\/diariofemenino.com.ar\/df\/category\/violencias\/\" rel=\"category tag\">Violencias<\/a>","rttpg_excerpt":"Para abrazarnos, tomar envi\u00f3n y capear esta oscura tempestad que nos ataca por todos lados, en especial a las mujeres y los feminismos. Se abri\u00f3 un surco de aire emancipador. Es por ah\u00ed. Que no se apague la mecha. Por Micaela Kamien| Fotos de Celeste Ferreiro \u201cAh, \u00a1c\u00f3mo necesitaba esto!\u201d: una frase que se o\u00eda&hellip;","_links":{"self":[{"href":"https:\/\/diariofemenino.com.ar\/df\/wp-json\/wp\/v2\/posts\/72420","targetHints":{"allow":["GET"]}}],"collection":[{"href":"https:\/\/diariofemenino.com.ar\/df\/wp-json\/wp\/v2\/posts"}],"about":[{"href":"https:\/\/diariofemenino.com.ar\/df\/wp-json\/wp\/v2\/types\/post"}],"author":[{"embeddable":true,"href":"https:\/\/diariofemenino.com.ar\/df\/wp-json\/wp\/v2\/users\/4"}],"replies":[{"embeddable":true,"href":"https:\/\/diariofemenino.com.ar\/df\/wp-json\/wp\/v2\/comments?post=72420"}],"version-history":[{"count":0,"href":"https:\/\/diariofemenino.com.ar\/df\/wp-json\/wp\/v2\/posts\/72420\/revisions"}],"wp:featuredmedia":[{"embeddable":true,"href":"https:\/\/diariofemenino.com.ar\/df\/wp-json\/wp\/v2\/media\/72423"}],"wp:attachment":[{"href":"https:\/\/diariofemenino.com.ar\/df\/wp-json\/wp\/v2\/media?parent=72420"}],"wp:term":[{"taxonomy":"category","embeddable":true,"href":"https:\/\/diariofemenino.com.ar\/df\/wp-json\/wp\/v2\/categories?post=72420"},{"taxonomy":"post_tag","embeddable":true,"href":"https:\/\/diariofemenino.com.ar\/df\/wp-json\/wp\/v2\/tags?post=72420"}],"curies":[{"name":"wp","href":"https:\/\/api.w.org\/{rel}","templated":true}]}}