{"id":72190,"date":"2024-02-01T11:34:26","date_gmt":"2024-02-01T14:34:26","guid":{"rendered":"https:\/\/diariofemenino.com.ar\/df\/?p=72190"},"modified":"2024-02-01T13:20:57","modified_gmt":"2024-02-01T16:20:57","slug":"por-que-siempre-volvemos-a-los-cuidados","status":"publish","type":"post","link":"https:\/\/diariofemenino.com.ar\/df\/por-que-siempre-volvemos-a-los-cuidados\/","title":{"rendered":"Por qu\u00e9 siempre volvemos a los cuidados"},"content":{"rendered":"<p>Los <a href=\"https:\/\/diariofemenino.com.ar\/df\/igualdad-en-los-cuidados\/\">cuidados<\/a> que recibimos definen nuestras oportunidades dentro de los hogares y fuera de ellos. En ausencia de pol\u00edticas p\u00fablicas, se resuelven al interior de los hogares de la forma en que cada quien puede, con los recursos que tiene disponibles.<\/p>\n<p>Por <a style=\"background-color: #ffffff;\" href=\"https:\/\/www.eldiarioar.com\/autores\/natalia-gherardi\/\" data-mrf-link=\"https:\/\/www.eldiarioar.com\/autores\/natalia-gherardi\/\">Natalia Gherardi<\/a><\/p>\n<p>El tejido emocional, econ\u00f3mico y dedicado que sostiene la vida colectiva parece invisible cuando todo fluye en la rutina diaria, pero adquiere relieve cuando alguno de sus componentes falla o la cadencia cotidiana se trastoca.<\/p>\n<p class=\"article-text\">\u00bfPor qu\u00e9 siempre volvemos a los cuidados como tema central de una agenda de igualdad? Porque\u00a0<strong>solo cuando falta empiezan a mostrarse las grietas internas de la vida familiar y social<\/strong>. Y se nota su ausencia cuando las mujeres, que dedican m\u00e1s del doble de tiempo que los varones a las tareas de cuidado, sienten el peso de la crisis econ\u00f3mica sobre sus ingresos y la tensi\u00f3n de tiempo en demandas de cuidado de todo tipo.<\/p>\n<p class=\"article-text\"><strong>Los cuidados, esa infinidad de acciones cotidianas que se hacen rutinariamente y que permiten la reproducci\u00f3n de la vida social, definen nuestras oportunidades dentro de los hogares y fuera de ellos.\u00a0<\/strong>Involucran tanto actividades de cuidado directo \u2013esto es la alimentaci\u00f3n, la higiene, la vestimenta, la limpieza del hogar\u2013 como la gesti\u00f3n del cuidado que implica asegurar que otra persona pueda satisfacer las necesidades de cuidados en las familias: coordinar las acciones de esa persona en t\u00e9rminos de tiempos, tareas y recursos, as\u00ed como tambi\u00e9n gestionar las precondiciones para el cuidado porque alguien tiene que hacer las compras para que se pueda cocinar, limpiar, brindar condiciones para el descanso, suministrar medicaci\u00f3n o atender las necesidades diarias. En esa din\u00e1mica, la dimensi\u00f3n del <a href=\"https:\/\/diariofemenino.com.ar\/df\/tareas-y-politicas-de-cuidado-y-autocuidado\/\">autocuidado<\/a> suele ser la m\u00e1s olvidada: procurar la propia atenci\u00f3n de la salud, descanso, alimentaci\u00f3n, ocio.<\/p>\n<p class=\"article-text\">El cuidado es este conjunto polis\u00e9mico y complejo que sirve para atender las necesidades f\u00edsicas, fisiol\u00f3gicas, pero tambi\u00e9n emocionales de las personas. Atraviesa nuestra vida cotidiana; est\u00e1 presente en cada momento de la vida de una persona desde la primera infancia hasta el final de la vida. Atraviesa e involucra a toda la comunidad.\u00a0<strong>En ausencia de pol\u00edticas p\u00fablicas, de instituciones y de servicios, los cuidados se resuelven al interior de los hogares, de la forma en que cada quien puede, con los recursos que tiene disponibles.<\/strong>\u00a0Y lo que podemos, es muy distinto seg\u00fan las distintas realidades familiares y socioecon\u00f3micas.<\/p>\n<p class=\"article-text\">Hay muchas\u00a0<a class=\"link\" href=\"https:\/\/ela.org.ar\/wp-content\/uploads\/2023\/06\/2022-Por-que-Argentina-necesita-un-sistema-integral-de-cuidados.pdf\" target=\"_blank\" rel=\"noopener\" data-mrf-recirculation=\"links-noticia\" data-mrf-link=\"https:\/\/ela.org.ar\/wp-content\/uploads\/2023\/06\/2022-Por-que-Argentina-necesita-un-sistema-integral-de-cuidados.pdf\">razones para argumentar a favor de la creaci\u00f3n de un sistema integral de cuidados<\/a>, no s\u00f3lo en t\u00e9rminos familiares y de g\u00e9nero sino tambi\u00e9n pensando en el desarrollo econ\u00f3mico de los pa\u00edses.<\/p>\n<p class=\"article-text\">La presencia de ni\u00f1as, ni\u00f1os y adolescentes en el hogar supone la necesidad de mayores ingresos para satisfacer sus necesidades pero, a la vez, restringe el tiempo que las personas adultas pueden destinar al trabajo remunerado. Esto obstaculiza el acceso a empleos de calidad y de jornada completa, especialmente a las mujeres que son madres. Menos mujeres en el mercado laboral significa menos ingresos en los hogares y, por ende, tambi\u00e9n m\u00e1s pobreza entre ni\u00f1as, ni\u00f1os y adolescentes. Son fen\u00f3menos que se retroalimentan. Esta situaci\u00f3n no afecta de la misma manera a todas las familias sino que, frente a la falta de sistemas p\u00fablicos de cuidado, se observan y reproducen desigualdades de clase. Los hogares donde las mujeres tienen mejores ingresos y mayor nivel educativo desfamiliarizan el cuidado (principalmente a trav\u00e9s de la contrataci\u00f3n de servicios) y se insertan en el mercado de trabajo lo que les permite acceder a ingresos que reproducen su lugar en la escala social. Por el contrario,\u00a0<strong>los hogares con menores ingresos y donde las mujeres tienen menor nivel educativo cuentan con menos soportes para desfamiliarizar el cuidado<\/strong>. Como consecuencia, las mujeres se retiran (en mayor proporci\u00f3n) del mercado de trabajo lo que tiene un impacto negativo en sus ingresos y termina por reforzar su condici\u00f3n de pobreza.<\/p>\n<p class=\"article-text\">Las encuestas de uso del tiempo muestran de manera consistente en toda la regi\u00f3n que el tiempo se distribuye distinto entre varones y mujeres. Esta desigualdad tiene un impacto directo en los avances en materia de autonom\u00eda de las mujeres, en particular en cuanto a autonom\u00eda econ\u00f3mica y las posibibilidades concretas de lograr un ingreso a trav\u00e9s de la inserci\u00f3n laboral. Los datos disponibles de los pa\u00edses de la regi\u00f3n muestran que la brecha entre hombres y mujeres est\u00e1 presente en todos los pa\u00edses, llev\u00e1ndose las mujeres una sobrecarga de estos trabajos:\u00a0<strong>en promedio, cada d\u00eda las mujeres dedican el triple del tiempo al trabajo dom\u00e9stico y de cuidados no remunerado en comparaci\u00f3n al tiempo que le dedican los hombres.<\/strong><\/p>\n<figure><picture class=\"news-image\"><source srcset=\"https:\/\/static.eldiario.es\/clip\/6f2ba2df-5501-4590-8285-e35212104b2c_source-aspect-ratio_50p_0.webp\" type=\"image\/webp\" media=\"(max-width: 576px)\" \/><source srcset=\"https:\/\/static.eldiario.es\/clip\/6f2ba2df-5501-4590-8285-e35212104b2c_source-aspect-ratio_50p_0.jpg\" type=\"image\/jpg\" media=\"(max-width: 576px)\" \/><source srcset=\"https:\/\/static.eldiario.es\/clip\/6f2ba2df-5501-4590-8285-e35212104b2c_source-aspect-ratio_75p_0.webp\" type=\"image\/webp\" media=\"(max-width: 767px)\" \/><source srcset=\"https:\/\/static.eldiario.es\/clip\/6f2ba2df-5501-4590-8285-e35212104b2c_source-aspect-ratio_75p_0.jpg\" type=\"image\/jpg\" media=\"(max-width: 767px)\" \/><source srcset=\"https:\/\/static.eldiario.es\/clip\/6f2ba2df-5501-4590-8285-e35212104b2c_source-aspect-ratio_default_0.webp\" type=\"image\/webp\" media=\"(min-width: 768px)\" \/><source srcset=\"https:\/\/static.eldiario.es\/clip\/6f2ba2df-5501-4590-8285-e35212104b2c_source-aspect-ratio_default_0.jpg\" type=\"image\/jpg\" media=\"(min-width: 768px)\" \/><source srcset=\"https:\/\/static.eldiario.es\/clip\/6f2ba2df-5501-4590-8285-e35212104b2c_source-aspect-ratio_default_0.webp\" type=\"image\/webp\" \/><img decoding=\"async\" class=\"lazy entered loaded\" src=\"https:\/\/static.eldiario.es\/clip\/6f2ba2df-5501-4590-8285-e35212104b2c_source-aspect-ratio_default_0.jpg\" alt=\"\" data-src=\"https:\/\/static.eldiario.es\/clip\/6f2ba2df-5501-4590-8285-e35212104b2c_source-aspect-ratio_default_0.jpg\" data-ll-status=\"loaded\" \/><\/picture><figcaption class=\"image-footer\"><span class=\"title\">Proporci\u00f3n del tiempo dedicado al trabajo dom\u00e9stico y de cuidado no remunerado, desglosado por sexo.<\/span><\/figcaption><\/figure>\n<p class=\"article-text\">La agenda internacional se enfoca desde hace varios a\u00f1os en la necesidad de desarrollar pol\u00edticas de cuidado para promover el desarrollo econ\u00f3mico. En Am\u00e9rica Latina y el Caribe la Conferencia\u00a0<a class=\"link\" href=\"https:\/\/conferenciamujer.cepal.org\/15\/es\/documentos\/la-sociedad-cuidado-horizonte-recuperacion-sostenible-igualdad-genero\" target=\"_blank\" rel=\"noopener\" data-mrf-recirculation=\"links-noticia\" data-mrf-link=\"https:\/\/conferenciamujer.cepal.org\/15\/es\/documentos\/la-sociedad-cuidado-horizonte-recuperacion-sostenible-igualdad-genero\">Regional de Mujeres organizada por la Comisi\u00f3n Econ\u00f3mica para Am\u00e9rica Latina y el Caribe (CEPAL) y ONU Mujeres<\/a>, que se reune cada tres a\u00f1os, aprob\u00f3 en 2022 el Compromiso de Buenos Aires con una propuesta para avanzar hacia una sociedad del cuidado con acuerdos en \u00e1reas novedosas para una recuperaci\u00f3n transformadora con igualdad de g\u00e9nero y sostenibilidad. En ese documento firmado por todos los pa\u00edses de la regi\u00f3n, se reconoce al cuidado como un derecho de las personas a cuidar, a ser cuidadas y a ejercer el autocuidado y se llama a promover medidas para superar la divisi\u00f3n sexual del trabajo y transitar hacia una justa organizaci\u00f3n social de los cuidados, en el marco de un nuevo estilo de desarrollo que impulse la igualdad de g\u00e9nero en las dimensiones econ\u00f3mica, social y ambiental del desarrollo sostenible.<\/p>\n<p class=\"article-text\">A nivel global, un informe del\u00a0<a class=\"link\" href=\"https:\/\/www.bancomundial.org\/es\/news\/press-release\/2023\/03\/02\/pace-of-reform-toward-equal-rights-for-women-falls-to-20-year-low#:~:text=El%20informe%20La%20Mujer%2C%20la,%2C%20Empresariado%2C%20Activos%20y%20Jubilaci%C3%B3n\" target=\"_blank\" rel=\"noopener\" data-mrf-recirculation=\"links-noticia\" data-mrf-link=\"https:\/\/www.bancomundial.org\/es\/news\/press-release\/2023\/03\/02\/pace-of-reform-toward-equal-rights-for-women-falls-to-20-year-low#:~:text=El%20informe%20La%20Mujer%2C%20la,%2C%20Empresariado%2C%20Activos%20y%20Jubilaci%C3%B3n\">Banco Mundial<\/a>\u00a0que analiza la dimensi\u00f3n de desigualdad normativa y regulatoria que todav\u00eda atrasa las posibilidades de desarrollo econ\u00f3mico, enfatiza que en un momento en que el crecimiento econ\u00f3mico a nivel mundial se ha desacelerado, todos los pa\u00edses necesitan movilizar su plena capacidad productiva para enfrentar la situaci\u00f3n de crisis que los afectan. \u201cLos Gobiernos no se pueden dar el lujo de marginar a la mitad de su poblaci\u00f3n. El hecho de que las mujeres no tengan los mismos derechos que los hombres en gran parte del mundo no solo es injusto para ellas, tambi\u00e9n es un obst\u00e1culo que menoscaba la capacidad de los pa\u00edses para promover el desarrollo verde, resistente e inclusivo\u201d.<\/p>\n<p class=\"article-text\">La evidencia a nivel global muestra que la reducci\u00f3n de la brecha de g\u00e9nero en empleo podr\u00eda incrementar el producto interno bruto per c\u00e1pita a largo plazo en un promedio de casi un 20% en todos los pa\u00edses. Seg\u00fan estudios referidos por el Banco Mundial, \u201cse estiman ganancias econ\u00f3micas globales entre USD 5 billones a USD 6 billones, si las mujeres iniciaran y ampliaran nuevos negocios al mismo ritmo que lo hacen los hombres\u201d.<\/p>\n<p class=\"article-text\">En Argentina, el INDEC\u00a0<a class=\"link\" href=\"https:\/\/www.argentina.gob.ar\/economia\/igualdadygenero\/el-aporte-de-los-cuidados-al-pbi-las-brechas-de-genero-en-la-economia\" target=\"_blank\" rel=\"noopener\" data-mrf-recirculation=\"links-noticia\" data-mrf-link=\"https:\/\/www.argentina.gob.ar\/economia\/igualdadygenero\/el-aporte-de-los-cuidados-al-pbi-las-brechas-de-genero-en-la-economia\">dedic\u00f3 parte de su trabajo<\/a> de los \u00faltimos a\u00f1os a profundizar el conocimiento sobre el impacto de los cuidados en la econom\u00eda y las posibilidades de desarrollo econ\u00f3mico.<\/p>\n<figure id=\"attachment_72191\" aria-describedby=\"caption-attachment-72191\" style=\"width: 570px\" class=\"wp-caption aligncenter\"><a href=\"https:\/\/twitter.com\/EquipoELA\/status\/1722660112270057654?ref_src=twsrc%5Etfw%7Ctwcamp%5Etweetembed%7Ctwterm%5E1722660112270057654%7Ctwgr%5Eea25be79f416666539383d760b57f2f358fc9051%7Ctwcon%5Es1_&amp;ref_url=https%3A%2F%2Fwww.eldiarioar.com%2Fblog%2Falgo-en-comun%2Fvolvemos-cuidados_132_10867887.html\"><img loading=\"lazy\" decoding=\"async\" class=\"size-full wp-image-72191\" src=\"https:\/\/diariofemenino.com.ar\/df\/wp-content\/uploads\/2024\/02\/X-ELA.jpg\" alt=\"Por qu\u00e9 siempre volvemos a los cuidados\" width=\"570\" height=\"510\" srcset=\"https:\/\/diariofemenino.com.ar\/df\/wp-content\/uploads\/2024\/02\/X-ELA.jpg 570w, https:\/\/diariofemenino.com.ar\/df\/wp-content\/uploads\/2024\/02\/X-ELA-300x268.jpg 300w\" sizes=\"auto, (max-width: 570px) 100vw, 570px\" \/><\/a><figcaption id=\"caption-attachment-72191\" class=\"wp-caption-text\">Por qu\u00e9 siempre volvemos a los cuidados<\/figcaption><\/figure>\n<div><\/div>\n<div>\n<p class=\"article-text\">Por eso, para crecer y desarrollarnos como personas libres, pero tambi\u00e9n para que el pa\u00eds logre el desarrollo econ\u00f3mico y el bienestar social que anhelamos, poner en marcha pol\u00edticas de cuidado es indispensable. Pol\u00edticas que puedan responder a las necesidades de las familias que somos hoy, no ancladas en los modelos en los que ya no muestran nuestro reflejo.<\/p>\n<p class=\"article-text\">La evidencia est\u00e1 all\u00ed. Solo hay que querer mirarla.<\/p>\n<\/div>\n<div><\/div>\n<div>Fuente <a href=\"https:\/\/www.eldiarioar.com\/blog\/algo-en-comun\/volvemos-cuidados_132_10867887.html\">DiarioAr<\/a><br \/>\n<a class=\"twitter-account\" href=\"https:\/\/twitter.com\/@NataliaGherardi\" target=\"_blank\" rel=\"noopener\" data-mrf-link=\"https:\/\/twitter.com\/@NataliaGherardi\">NataliaGherardi<\/a><\/div>\n<div><\/div>\n<blockquote>\n<div>Seguinos en Instagram\u00a0<a href=\"https:\/\/www.instagram.com\/diariodigitalfemenino_\/\">@diariodigitalfemenino_<\/a><br \/>\n<a href=\"https:\/\/www.instagram.com\/lennycaceres69\/\">@lennycaceres69<\/a><\/div>\n<\/blockquote>\n","protected":false},"excerpt":{"rendered":"<p>Los cuidados que recibimos definen nuestras oportunidades dentro de los hogares y fuera de ellos. En ausencia de pol\u00edticas p\u00fablicas, se resuelven al interior de los hogares de la forma en que cada quien puede, con los recursos que tiene disponibles. Por Natalia Gherardi El tejido emocional, econ\u00f3mico y dedicado que sostiene la vida colectiva [&hellip;]<\/p>\n","protected":false},"author":4,"featured_media":72192,"comment_status":"open","ping_status":"open","sticky":false,"template":"","format":"standard","meta":{"iawp_total_views":9,"footnotes":""},"categories":[1],"tags":[1874,2443,2404,4372,2018,2222,130,1373,54,6041,18,787,617],"class_list":["post-72190","post","type-post","status-publish","format-standard","has-post-thumbnail","hentry","category-uncategorized","tag-autocuidado","tag-brecha-de-genero","tag-cuidado","tag-destacada","tag-familias","tag-hogares","tag-mujeres","tag-natalia-gherardi","tag-ninas","tag-ninos-adolescentes","tag-politicas-publicas","tag-trabajo-no-remunerado","tag-varones"],"nelio_content":{"autoShareEndMode":"never","automationSources":{"useCustomSentences":false,"customSentences":[]},"efiAlt":"","efiUrl":"","followers":[4],"highlights":[],"isAutoShareEnabled":true,"networkImageIds":[],"permalinkQueryArgs":[],"series":[],"suggestedReferences":[]},"yoast_head":"<!-- This site is optimized with the Yoast SEO plugin v27.5 - https:\/\/yoast.com\/product\/yoast-seo-wordpress\/ -->\n<title>Por qu\u00e9 siempre volvemos a los cuidados - Diario Digital Femenino<\/title>\n<meta name=\"description\" content=\"Por qu\u00e9 siempre los cuidados. En ausencia de pol\u00edticas p\u00fablicas, se resuelven al interior de los hogares de la forma en que cada quien puede.\" \/>\n<meta name=\"robots\" content=\"index, follow, max-snippet:-1, max-image-preview:large, max-video-preview:-1\" \/>\n<link rel=\"canonical\" href=\"https:\/\/diariofemenino.com.ar\/df\/por-que-siempre-volvemos-a-los-cuidados\/\" \/>\n<meta property=\"og:locale\" content=\"es_ES\" \/>\n<meta property=\"og:type\" content=\"article\" \/>\n<meta property=\"og:title\" content=\"Por qu\u00e9 siempre volvemos a los cuidados - Diario Digital Femenino\" \/>\n<meta property=\"og:description\" content=\"Por qu\u00e9 siempre los cuidados. En ausencia de pol\u00edticas p\u00fablicas, se resuelven al interior de los hogares de la forma en que cada quien puede.\" \/>\n<meta property=\"og:url\" content=\"https:\/\/diariofemenino.com.ar\/df\/por-que-siempre-volvemos-a-los-cuidados\/\" \/>\n<meta property=\"og:site_name\" content=\"Diario Digital Femenino\" \/>\n<meta property=\"article:publisher\" content=\"https:\/\/www.facebook.com\/DiarioDigitaFemenino\/\" \/>\n<meta property=\"article:published_time\" content=\"2024-02-01T14:34:26+00:00\" \/>\n<meta property=\"article:modified_time\" content=\"2024-02-01T16:20:57+00:00\" \/>\n<meta property=\"og:image\" content=\"https:\/\/diariofemenino.com.ar\/df\/wp-content\/uploads\/2024\/02\/e0824f21-73bf-4cd2-9d53-62fa5895bc26_16-9-discover-aspect-ratio_default_0.webp\" \/>\n\t<meta property=\"og:image:width\" content=\"1200\" \/>\n\t<meta property=\"og:image:height\" content=\"675\" \/>\n\t<meta property=\"og:image:type\" content=\"image\/webp\" \/>\n<meta name=\"author\" content=\"Admin\" \/>\n<meta name=\"twitter:card\" content=\"summary_large_image\" \/>\n<meta name=\"twitter:creator\" content=\"@DiarioFemenino1\" \/>\n<meta name=\"twitter:site\" content=\"@DiarioFemenino1\" \/>\n<meta name=\"twitter:label1\" content=\"Escrito por\" \/>\n\t<meta name=\"twitter:data1\" content=\"Admin\" \/>\n\t<meta name=\"twitter:label2\" content=\"Tiempo de lectura\" \/>\n\t<meta name=\"twitter:data2\" content=\"7 minutos\" \/>\n<script type=\"application\/ld+json\" class=\"yoast-schema-graph\">{\"@context\":\"https:\\\/\\\/schema.org\",\"@graph\":[{\"@type\":\"Article\",\"@id\":\"https:\\\/\\\/diariofemenino.com.ar\\\/df\\\/por-que-siempre-volvemos-a-los-cuidados\\\/#article\",\"isPartOf\":{\"@id\":\"https:\\\/\\\/diariofemenino.com.ar\\\/df\\\/por-que-siempre-volvemos-a-los-cuidados\\\/\"},\"author\":{\"name\":\"Admin\",\"@id\":\"https:\\\/\\\/diariofemenino.com.ar\\\/df\\\/#\\\/schema\\\/person\\\/bf6199e8158c657ea6f789b11ec85509\"},\"headline\":\"Por qu\u00e9 siempre volvemos a los cuidados\",\"datePublished\":\"2024-02-01T14:34:26+00:00\",\"dateModified\":\"2024-02-01T16:20:57+00:00\",\"mainEntityOfPage\":{\"@id\":\"https:\\\/\\\/diariofemenino.com.ar\\\/df\\\/por-que-siempre-volvemos-a-los-cuidados\\\/\"},\"wordCount\":1361,\"commentCount\":0,\"publisher\":{\"@id\":\"https:\\\/\\\/diariofemenino.com.ar\\\/df\\\/#organization\"},\"image\":{\"@id\":\"https:\\\/\\\/diariofemenino.com.ar\\\/df\\\/por-que-siempre-volvemos-a-los-cuidados\\\/#primaryimage\"},\"thumbnailUrl\":\"https:\\\/\\\/diariofemenino.com.ar\\\/df\\\/wp-content\\\/uploads\\\/2024\\\/02\\\/e0824f21-73bf-4cd2-9d53-62fa5895bc26_16-9-discover-aspect-ratio_default_0.webp\",\"keywords\":[\"Autocuidado\",\"brecha de g\u00e9nero\",\"Cuidado\",\"Destacada\",\"familias\",\"Hogares\",\"Mujeres\",\"Natalia Gherardi\",\"Ni\u00f1as\",\"ni\u00f1os adolescentes\",\"Pol\u00edticas p\u00fablicas\",\"trabajo no remunerado\",\"Varones\"],\"articleSection\":[\"Uncategorized\"],\"inLanguage\":\"es\",\"potentialAction\":[{\"@type\":\"CommentAction\",\"name\":\"Comment\",\"target\":[\"https:\\\/\\\/diariofemenino.com.ar\\\/df\\\/por-que-siempre-volvemos-a-los-cuidados\\\/#respond\"]}]},{\"@type\":\"WebPage\",\"@id\":\"https:\\\/\\\/diariofemenino.com.ar\\\/df\\\/por-que-siempre-volvemos-a-los-cuidados\\\/\",\"url\":\"https:\\\/\\\/diariofemenino.com.ar\\\/df\\\/por-que-siempre-volvemos-a-los-cuidados\\\/\",\"name\":\"Por qu\u00e9 siempre volvemos a los cuidados - Diario Digital Femenino\",\"isPartOf\":{\"@id\":\"https:\\\/\\\/diariofemenino.com.ar\\\/df\\\/#website\"},\"primaryImageOfPage\":{\"@id\":\"https:\\\/\\\/diariofemenino.com.ar\\\/df\\\/por-que-siempre-volvemos-a-los-cuidados\\\/#primaryimage\"},\"image\":{\"@id\":\"https:\\\/\\\/diariofemenino.com.ar\\\/df\\\/por-que-siempre-volvemos-a-los-cuidados\\\/#primaryimage\"},\"thumbnailUrl\":\"https:\\\/\\\/diariofemenino.com.ar\\\/df\\\/wp-content\\\/uploads\\\/2024\\\/02\\\/e0824f21-73bf-4cd2-9d53-62fa5895bc26_16-9-discover-aspect-ratio_default_0.webp\",\"datePublished\":\"2024-02-01T14:34:26+00:00\",\"dateModified\":\"2024-02-01T16:20:57+00:00\",\"description\":\"Por qu\u00e9 siempre los cuidados. En ausencia de pol\u00edticas p\u00fablicas, se resuelven al interior de los hogares de la forma en que cada quien puede.\",\"breadcrumb\":{\"@id\":\"https:\\\/\\\/diariofemenino.com.ar\\\/df\\\/por-que-siempre-volvemos-a-los-cuidados\\\/#breadcrumb\"},\"inLanguage\":\"es\",\"potentialAction\":[{\"@type\":\"ReadAction\",\"target\":[\"https:\\\/\\\/diariofemenino.com.ar\\\/df\\\/por-que-siempre-volvemos-a-los-cuidados\\\/\"]}]},{\"@type\":\"ImageObject\",\"inLanguage\":\"es\",\"@id\":\"https:\\\/\\\/diariofemenino.com.ar\\\/df\\\/por-que-siempre-volvemos-a-los-cuidados\\\/#primaryimage\",\"url\":\"https:\\\/\\\/diariofemenino.com.ar\\\/df\\\/wp-content\\\/uploads\\\/2024\\\/02\\\/e0824f21-73bf-4cd2-9d53-62fa5895bc26_16-9-discover-aspect-ratio_default_0.webp\",\"contentUrl\":\"https:\\\/\\\/diariofemenino.com.ar\\\/df\\\/wp-content\\\/uploads\\\/2024\\\/02\\\/e0824f21-73bf-4cd2-9d53-62fa5895bc26_16-9-discover-aspect-ratio_default_0.webp\",\"width\":1200,\"height\":675,\"caption\":\"Por qu\u00e9 siempre volvemos a los cuidados\"},{\"@type\":\"BreadcrumbList\",\"@id\":\"https:\\\/\\\/diariofemenino.com.ar\\\/df\\\/por-que-siempre-volvemos-a-los-cuidados\\\/#breadcrumb\",\"itemListElement\":[{\"@type\":\"ListItem\",\"position\":1,\"name\":\"Portada\",\"item\":\"https:\\\/\\\/diariofemenino.com.ar\\\/df\\\/\"},{\"@type\":\"ListItem\",\"position\":2,\"name\":\"Por qu\u00e9 siempre volvemos a los cuidados\"}]},{\"@type\":\"WebSite\",\"@id\":\"https:\\\/\\\/diariofemenino.com.ar\\\/df\\\/#website\",\"url\":\"https:\\\/\\\/diariofemenino.com.ar\\\/df\\\/\",\"name\":\"Diario Digital Femenino\",\"description\":\"Cuesti\u00f3n de G\u00e9nero\",\"publisher\":{\"@id\":\"https:\\\/\\\/diariofemenino.com.ar\\\/df\\\/#organization\"},\"potentialAction\":[{\"@type\":\"SearchAction\",\"target\":{\"@type\":\"EntryPoint\",\"urlTemplate\":\"https:\\\/\\\/diariofemenino.com.ar\\\/df\\\/?s={search_term_string}\"},\"query-input\":{\"@type\":\"PropertyValueSpecification\",\"valueRequired\":true,\"valueName\":\"search_term_string\"}}],\"inLanguage\":\"es\"},{\"@type\":\"Organization\",\"@id\":\"https:\\\/\\\/diariofemenino.com.ar\\\/df\\\/#organization\",\"name\":\"Diario Femenino\",\"url\":\"https:\\\/\\\/diariofemenino.com.ar\\\/df\\\/\",\"logo\":{\"@type\":\"ImageObject\",\"inLanguage\":\"es\",\"@id\":\"https:\\\/\\\/diariofemenino.com.ar\\\/df\\\/#\\\/schema\\\/logo\\\/image\\\/\",\"url\":\"https:\\\/\\\/diariofemenino.com.ar\\\/df\\\/wp-content\\\/uploads\\\/2018\\\/10\\\/logo.png\",\"contentUrl\":\"https:\\\/\\\/diariofemenino.com.ar\\\/df\\\/wp-content\\\/uploads\\\/2018\\\/10\\\/logo.png\",\"width\":500,\"height\":92,\"caption\":\"Diario Femenino\"},\"image\":{\"@id\":\"https:\\\/\\\/diariofemenino.com.ar\\\/df\\\/#\\\/schema\\\/logo\\\/image\\\/\"},\"sameAs\":[\"https:\\\/\\\/www.facebook.com\\\/DiarioDigitaFemenino\\\/\",\"https:\\\/\\\/x.com\\\/DiarioFemenino1\"]},{\"@type\":\"Person\",\"@id\":\"https:\\\/\\\/diariofemenino.com.ar\\\/df\\\/#\\\/schema\\\/person\\\/bf6199e8158c657ea6f789b11ec85509\",\"name\":\"Admin\",\"image\":{\"@type\":\"ImageObject\",\"inLanguage\":\"es\",\"@id\":\"https:\\\/\\\/diariofemenino.com.ar\\\/df\\\/wp-content\\\/uploads\\\/2018\\\/12\\\/favicon-150x150.jpg\",\"url\":\"https:\\\/\\\/diariofemenino.com.ar\\\/df\\\/wp-content\\\/uploads\\\/2018\\\/12\\\/favicon-150x150.jpg\",\"contentUrl\":\"https:\\\/\\\/diariofemenino.com.ar\\\/df\\\/wp-content\\\/uploads\\\/2018\\\/12\\\/favicon-150x150.jpg\",\"caption\":\"Admin\"},\"url\":\"https:\\\/\\\/diariofemenino.com.ar\\\/df\\\/author\\\/lenny\\\/\"}]}<\/script>\n<!-- \/ Yoast SEO plugin. -->","yoast_head_json":{"title":"Por qu\u00e9 siempre volvemos a los cuidados - Diario Digital Femenino","description":"Por qu\u00e9 siempre los cuidados. En ausencia de pol\u00edticas p\u00fablicas, se resuelven al interior de los hogares de la forma en que cada quien puede.","robots":{"index":"index","follow":"follow","max-snippet":"max-snippet:-1","max-image-preview":"max-image-preview:large","max-video-preview":"max-video-preview:-1"},"canonical":"https:\/\/diariofemenino.com.ar\/df\/por-que-siempre-volvemos-a-los-cuidados\/","og_locale":"es_ES","og_type":"article","og_title":"Por qu\u00e9 siempre volvemos a los cuidados - Diario Digital Femenino","og_description":"Por qu\u00e9 siempre los cuidados. En ausencia de pol\u00edticas p\u00fablicas, se resuelven al interior de los hogares de la forma en que cada quien puede.","og_url":"https:\/\/diariofemenino.com.ar\/df\/por-que-siempre-volvemos-a-los-cuidados\/","og_site_name":"Diario Digital Femenino","article_publisher":"https:\/\/www.facebook.com\/DiarioDigitaFemenino\/","article_published_time":"2024-02-01T14:34:26+00:00","article_modified_time":"2024-02-01T16:20:57+00:00","og_image":[{"width":1200,"height":675,"url":"https:\/\/diariofemenino.com.ar\/df\/wp-content\/uploads\/2024\/02\/e0824f21-73bf-4cd2-9d53-62fa5895bc26_16-9-discover-aspect-ratio_default_0.webp","type":"image\/webp"}],"author":"Admin","twitter_card":"summary_large_image","twitter_creator":"@DiarioFemenino1","twitter_site":"@DiarioFemenino1","twitter_misc":{"Escrito por":"Admin","Tiempo de lectura":"7 minutos"},"schema":{"@context":"https:\/\/schema.org","@graph":[{"@type":"Article","@id":"https:\/\/diariofemenino.com.ar\/df\/por-que-siempre-volvemos-a-los-cuidados\/#article","isPartOf":{"@id":"https:\/\/diariofemenino.com.ar\/df\/por-que-siempre-volvemos-a-los-cuidados\/"},"author":{"name":"Admin","@id":"https:\/\/diariofemenino.com.ar\/df\/#\/schema\/person\/bf6199e8158c657ea6f789b11ec85509"},"headline":"Por qu\u00e9 siempre volvemos a los cuidados","datePublished":"2024-02-01T14:34:26+00:00","dateModified":"2024-02-01T16:20:57+00:00","mainEntityOfPage":{"@id":"https:\/\/diariofemenino.com.ar\/df\/por-que-siempre-volvemos-a-los-cuidados\/"},"wordCount":1361,"commentCount":0,"publisher":{"@id":"https:\/\/diariofemenino.com.ar\/df\/#organization"},"image":{"@id":"https:\/\/diariofemenino.com.ar\/df\/por-que-siempre-volvemos-a-los-cuidados\/#primaryimage"},"thumbnailUrl":"https:\/\/diariofemenino.com.ar\/df\/wp-content\/uploads\/2024\/02\/e0824f21-73bf-4cd2-9d53-62fa5895bc26_16-9-discover-aspect-ratio_default_0.webp","keywords":["Autocuidado","brecha de g\u00e9nero","Cuidado","Destacada","familias","Hogares","Mujeres","Natalia Gherardi","Ni\u00f1as","ni\u00f1os adolescentes","Pol\u00edticas p\u00fablicas","trabajo no remunerado","Varones"],"articleSection":["Uncategorized"],"inLanguage":"es","potentialAction":[{"@type":"CommentAction","name":"Comment","target":["https:\/\/diariofemenino.com.ar\/df\/por-que-siempre-volvemos-a-los-cuidados\/#respond"]}]},{"@type":"WebPage","@id":"https:\/\/diariofemenino.com.ar\/df\/por-que-siempre-volvemos-a-los-cuidados\/","url":"https:\/\/diariofemenino.com.ar\/df\/por-que-siempre-volvemos-a-los-cuidados\/","name":"Por qu\u00e9 siempre volvemos a los cuidados - Diario Digital Femenino","isPartOf":{"@id":"https:\/\/diariofemenino.com.ar\/df\/#website"},"primaryImageOfPage":{"@id":"https:\/\/diariofemenino.com.ar\/df\/por-que-siempre-volvemos-a-los-cuidados\/#primaryimage"},"image":{"@id":"https:\/\/diariofemenino.com.ar\/df\/por-que-siempre-volvemos-a-los-cuidados\/#primaryimage"},"thumbnailUrl":"https:\/\/diariofemenino.com.ar\/df\/wp-content\/uploads\/2024\/02\/e0824f21-73bf-4cd2-9d53-62fa5895bc26_16-9-discover-aspect-ratio_default_0.webp","datePublished":"2024-02-01T14:34:26+00:00","dateModified":"2024-02-01T16:20:57+00:00","description":"Por qu\u00e9 siempre los cuidados. En ausencia de pol\u00edticas p\u00fablicas, se resuelven al interior de los hogares de la forma en que cada quien puede.","breadcrumb":{"@id":"https:\/\/diariofemenino.com.ar\/df\/por-que-siempre-volvemos-a-los-cuidados\/#breadcrumb"},"inLanguage":"es","potentialAction":[{"@type":"ReadAction","target":["https:\/\/diariofemenino.com.ar\/df\/por-que-siempre-volvemos-a-los-cuidados\/"]}]},{"@type":"ImageObject","inLanguage":"es","@id":"https:\/\/diariofemenino.com.ar\/df\/por-que-siempre-volvemos-a-los-cuidados\/#primaryimage","url":"https:\/\/diariofemenino.com.ar\/df\/wp-content\/uploads\/2024\/02\/e0824f21-73bf-4cd2-9d53-62fa5895bc26_16-9-discover-aspect-ratio_default_0.webp","contentUrl":"https:\/\/diariofemenino.com.ar\/df\/wp-content\/uploads\/2024\/02\/e0824f21-73bf-4cd2-9d53-62fa5895bc26_16-9-discover-aspect-ratio_default_0.webp","width":1200,"height":675,"caption":"Por qu\u00e9 siempre volvemos a los cuidados"},{"@type":"BreadcrumbList","@id":"https:\/\/diariofemenino.com.ar\/df\/por-que-siempre-volvemos-a-los-cuidados\/#breadcrumb","itemListElement":[{"@type":"ListItem","position":1,"name":"Portada","item":"https:\/\/diariofemenino.com.ar\/df\/"},{"@type":"ListItem","position":2,"name":"Por qu\u00e9 siempre volvemos a los cuidados"}]},{"@type":"WebSite","@id":"https:\/\/diariofemenino.com.ar\/df\/#website","url":"https:\/\/diariofemenino.com.ar\/df\/","name":"Diario Digital Femenino","description":"Cuesti\u00f3n de G\u00e9nero","publisher":{"@id":"https:\/\/diariofemenino.com.ar\/df\/#organization"},"potentialAction":[{"@type":"SearchAction","target":{"@type":"EntryPoint","urlTemplate":"https:\/\/diariofemenino.com.ar\/df\/?s={search_term_string}"},"query-input":{"@type":"PropertyValueSpecification","valueRequired":true,"valueName":"search_term_string"}}],"inLanguage":"es"},{"@type":"Organization","@id":"https:\/\/diariofemenino.com.ar\/df\/#organization","name":"Diario Femenino","url":"https:\/\/diariofemenino.com.ar\/df\/","logo":{"@type":"ImageObject","inLanguage":"es","@id":"https:\/\/diariofemenino.com.ar\/df\/#\/schema\/logo\/image\/","url":"https:\/\/diariofemenino.com.ar\/df\/wp-content\/uploads\/2018\/10\/logo.png","contentUrl":"https:\/\/diariofemenino.com.ar\/df\/wp-content\/uploads\/2018\/10\/logo.png","width":500,"height":92,"caption":"Diario Femenino"},"image":{"@id":"https:\/\/diariofemenino.com.ar\/df\/#\/schema\/logo\/image\/"},"sameAs":["https:\/\/www.facebook.com\/DiarioDigitaFemenino\/","https:\/\/x.com\/DiarioFemenino1"]},{"@type":"Person","@id":"https:\/\/diariofemenino.com.ar\/df\/#\/schema\/person\/bf6199e8158c657ea6f789b11ec85509","name":"Admin","image":{"@type":"ImageObject","inLanguage":"es","@id":"https:\/\/diariofemenino.com.ar\/df\/wp-content\/uploads\/2018\/12\/favicon-150x150.jpg","url":"https:\/\/diariofemenino.com.ar\/df\/wp-content\/uploads\/2018\/12\/favicon-150x150.jpg","contentUrl":"https:\/\/diariofemenino.com.ar\/df\/wp-content\/uploads\/2018\/12\/favicon-150x150.jpg","caption":"Admin"},"url":"https:\/\/diariofemenino.com.ar\/df\/author\/lenny\/"}]}},"jetpack_featured_media_url":"https:\/\/diariofemenino.com.ar\/df\/wp-content\/uploads\/2024\/02\/e0824f21-73bf-4cd2-9d53-62fa5895bc26_16-9-discover-aspect-ratio_default_0.webp","jetpack_sharing_enabled":true,"rttpg_featured_image_url":{"full":["https:\/\/diariofemenino.com.ar\/df\/wp-content\/uploads\/2024\/02\/e0824f21-73bf-4cd2-9d53-62fa5895bc26_16-9-discover-aspect-ratio_default_0.webp",1200,675,false],"landscape":["https:\/\/diariofemenino.com.ar\/df\/wp-content\/uploads\/2024\/02\/e0824f21-73bf-4cd2-9d53-62fa5895bc26_16-9-discover-aspect-ratio_default_0.webp",1200,675,false],"portraits":["https:\/\/diariofemenino.com.ar\/df\/wp-content\/uploads\/2024\/02\/e0824f21-73bf-4cd2-9d53-62fa5895bc26_16-9-discover-aspect-ratio_default_0.webp",1200,675,false],"thumbnail":["https:\/\/diariofemenino.com.ar\/df\/wp-content\/uploads\/2024\/02\/e0824f21-73bf-4cd2-9d53-62fa5895bc26_16-9-discover-aspect-ratio_default_0-150x150.webp",150,150,true],"medium":["https:\/\/diariofemenino.com.ar\/df\/wp-content\/uploads\/2024\/02\/e0824f21-73bf-4cd2-9d53-62fa5895bc26_16-9-discover-aspect-ratio_default_0-300x169.webp",300,169,true],"large":["https:\/\/diariofemenino.com.ar\/df\/wp-content\/uploads\/2024\/02\/e0824f21-73bf-4cd2-9d53-62fa5895bc26_16-9-discover-aspect-ratio_default_0-1024x576.webp",1024,576,true],"1536x1536":["https:\/\/diariofemenino.com.ar\/df\/wp-content\/uploads\/2024\/02\/e0824f21-73bf-4cd2-9d53-62fa5895bc26_16-9-discover-aspect-ratio_default_0.webp",1200,675,false],"2048x2048":["https:\/\/diariofemenino.com.ar\/df\/wp-content\/uploads\/2024\/02\/e0824f21-73bf-4cd2-9d53-62fa5895bc26_16-9-discover-aspect-ratio_default_0.webp",1200,675,false]},"rttpg_author":{"display_name":"Admin","author_link":"https:\/\/diariofemenino.com.ar\/df\/author\/lenny\/"},"rttpg_comment":0,"rttpg_category":"<a href=\"https:\/\/diariofemenino.com.ar\/df\/category\/uncategorized\/\" rel=\"category tag\">Uncategorized<\/a>","rttpg_excerpt":"Los cuidados que recibimos definen nuestras oportunidades dentro de los hogares y fuera de ellos. En ausencia de pol\u00edticas p\u00fablicas, se resuelven al interior de los hogares de la forma en que cada quien puede, con los recursos que tiene disponibles. Por Natalia Gherardi El tejido emocional, econ\u00f3mico y dedicado que sostiene la vida colectiva&hellip;","_links":{"self":[{"href":"https:\/\/diariofemenino.com.ar\/df\/wp-json\/wp\/v2\/posts\/72190","targetHints":{"allow":["GET"]}}],"collection":[{"href":"https:\/\/diariofemenino.com.ar\/df\/wp-json\/wp\/v2\/posts"}],"about":[{"href":"https:\/\/diariofemenino.com.ar\/df\/wp-json\/wp\/v2\/types\/post"}],"author":[{"embeddable":true,"href":"https:\/\/diariofemenino.com.ar\/df\/wp-json\/wp\/v2\/users\/4"}],"replies":[{"embeddable":true,"href":"https:\/\/diariofemenino.com.ar\/df\/wp-json\/wp\/v2\/comments?post=72190"}],"version-history":[{"count":0,"href":"https:\/\/diariofemenino.com.ar\/df\/wp-json\/wp\/v2\/posts\/72190\/revisions"}],"wp:featuredmedia":[{"embeddable":true,"href":"https:\/\/diariofemenino.com.ar\/df\/wp-json\/wp\/v2\/media\/72192"}],"wp:attachment":[{"href":"https:\/\/diariofemenino.com.ar\/df\/wp-json\/wp\/v2\/media?parent=72190"}],"wp:term":[{"taxonomy":"category","embeddable":true,"href":"https:\/\/diariofemenino.com.ar\/df\/wp-json\/wp\/v2\/categories?post=72190"},{"taxonomy":"post_tag","embeddable":true,"href":"https:\/\/diariofemenino.com.ar\/df\/wp-json\/wp\/v2\/tags?post=72190"}],"curies":[{"name":"wp","href":"https:\/\/api.w.org\/{rel}","templated":true}]}}