{"id":72170,"date":"2024-01-26T10:53:20","date_gmt":"2024-01-26T13:53:20","guid":{"rendered":"https:\/\/diariofemenino.com.ar\/df\/?p=72170"},"modified":"2024-01-26T11:05:24","modified_gmt":"2024-01-26T14:05:24","slug":"cual-es-el-feminismo-que-odia-milei","status":"publish","type":"post","link":"https:\/\/diariofemenino.com.ar\/df\/cual-es-el-feminismo-que-odia-milei\/","title":{"rendered":"\u00bfCu\u00e1l es el feminismo que odia Milei? \u00bfCu\u00e1l se supone que es el que \u201cel socialismo puso en agenda\u201d?"},"content":{"rendered":"<div class=\"xdj266r x11i5rnm xat24cr x1mh8g0r x1vvkbs x126k92a\">\n<div dir=\"auto\">\u00bfCu\u00e1l es el feminismo que odia Milei?\u00a0\u00bfCu\u00e1l se supone que es el que \u201cel socialismo puso en agenda\u201d?<br \/>\nPor <a href=\"https:\/\/diariofemenino.com.ar\/df\/?s=Valeria+Donato\">Valeria Donato<\/a>*\u00bfSer\u00e1 el de hace 250 a\u00f1os cuando surgieron los primeros esbozos durante la Revoluci\u00f3n Francesa? Cuando le cortaron la cabeza a Olympe de Gouges por luchar para que se reconocieran tambi\u00e9n los derechos humanos de las mujeres que hab\u00edan dejado afuera de ese famoso y fundamental manifiesto de \u201cLos derechos del hombre y del ciudadano\u201d?<\/div>\n<\/div>\n<div class=\"x11i5rnm xat24cr x1mh8g0r x1vvkbs xtlvy1s x126k92a\">\n<div dir=\"auto\">\n<p>\u00bfO el de la Primera Ola alrededor de 1850 con el movimiento sufragista por el voto femenino, y las luchas por el derecho a la propiedad, la educaci\u00f3n y el trabajo de las mujeres? \u00bfEl de Flora Trist\u00e1n, el de Emmeline Pankhurst o el de Sojourner Truth?<\/p>\n<figure id=\"attachment_72171\" aria-describedby=\"caption-attachment-72171\" style=\"width: 554px\" class=\"wp-caption aligncenter\"><img loading=\"lazy\" decoding=\"async\" class=\" wp-image-72171\" src=\"https:\/\/diariofemenino.com.ar\/df\/wp-content\/uploads\/2024\/01\/historia-del-sufragio-femenino-1024x561-1.png\" alt=\"\" width=\"554\" height=\"304\" srcset=\"https:\/\/diariofemenino.com.ar\/df\/wp-content\/uploads\/2024\/01\/historia-del-sufragio-femenino-1024x561-1.png 1024w, https:\/\/diariofemenino.com.ar\/df\/wp-content\/uploads\/2024\/01\/historia-del-sufragio-femenino-1024x561-1-300x164.png 300w, https:\/\/diariofemenino.com.ar\/df\/wp-content\/uploads\/2024\/01\/historia-del-sufragio-femenino-1024x561-1-768x421.png 768w\" sizes=\"auto, (max-width: 554px) 100vw, 554px\" \/><figcaption id=\"caption-attachment-72171\" class=\"wp-caption-text\">\u00bfCu\u00e1l es el feminismo que odia Milei? \u00bfCu\u00e1l se supone que es el que \u201cel socialismo puso en agenda\u201d?<\/figcaption><\/figure>\n<\/div>\n<\/div>\n<div class=\"x11i5rnm xat24cr x1mh8g0r x1vvkbs xtlvy1s x126k92a\">\n<div dir=\"auto\">\n<p>Por ah\u00ed se refer\u00eda al de la Segunda Ola que vino despu\u00e9s de la Segunda Guerra Mundial, por 1960 el de \u201clo personal es pol\u00edtico\u201d. Esa idea de que las tareas del cuidado y la reproducci\u00f3n no son naturales sino que es trabajo no pago. La sexualidad y el derecho a la anticoncepci\u00f3n y el aborto.<\/p>\n<\/div>\n<div dir=\"auto\">\n<figure id=\"attachment_72174\" aria-describedby=\"caption-attachment-72174\" style=\"width: 600px\" class=\"wp-caption aligncenter\"><img loading=\"lazy\" decoding=\"async\" class=\"size-full wp-image-72174\" src=\"https:\/\/diariofemenino.com.ar\/df\/wp-content\/uploads\/2024\/01\/arton51366.jpg\" alt=\"Segunda Ola que vino despu\u00e9s de la Segunda Guerra Mundial, por 1960 el de \u201clo personal es pol\u00edtico\" width=\"600\" height=\"407\" srcset=\"https:\/\/diariofemenino.com.ar\/df\/wp-content\/uploads\/2024\/01\/arton51366.jpg 600w, https:\/\/diariofemenino.com.ar\/df\/wp-content\/uploads\/2024\/01\/arton51366-300x204.jpg 300w\" sizes=\"auto, (max-width: 600px) 100vw, 600px\" \/><figcaption id=\"caption-attachment-72174\" class=\"wp-caption-text\">Segunda Ola que vino despu\u00e9s de la Segunda Guerra Mundial, por 1960 el de \u201clo personal es pol\u00edtico<\/figcaption><\/figure>\n<\/div>\n<div dir=\"auto\"><\/div>\n<\/div>\n<div class=\"x11i5rnm xat24cr x1mh8g0r x1vvkbs xtlvy1s x126k92a\">\n<div dir=\"auto\">\u00bfEl <a href=\"https:\/\/diariofemenino.com.ar\/df\/la-revolucion-de-los-vinculos\/\">feminismo<\/a> radical, el interseccional, el marxista, anarcofeminismo, lesbofeminismo o a cu\u00e1l de todas las dem\u00e1s corrientes y en cu\u00e1l de todas las \u00e1reas del conocimiento y de las pr\u00e1cticas humanas? Porque hay feminismos en cada una. \u00a1Horror ser\u00e1 el Ecofeminismo!<\/div>\n<\/div>\n<div class=\"x11i5rnm xat24cr x1mh8g0r x1vvkbs xtlvy1s x126k92a\">\n<div dir=\"auto\">Ni hablar de la teor\u00eda queer, los estudios poscoloniales y tantas otras teor\u00edas cercanas o que se incluyen dentro del mismo movimiento.<\/div>\n<div dir=\"auto\">\n<figure id=\"attachment_72173\" aria-describedby=\"caption-attachment-72173\" style=\"width: 600px\" class=\"wp-caption aligncenter\"><img loading=\"lazy\" decoding=\"async\" class=\"size-full wp-image-72173\" src=\"https:\/\/diariofemenino.com.ar\/df\/wp-content\/uploads\/2024\/01\/Viva-el-feminismo_lamanchaobrera.es_.jpg\" alt=\"\u00bfCu\u00e1l es el feminismo que odia Milei? \u00bfCu\u00e1l se supone que es el que \u201cel socialismo puso en agenda\u201d?\" width=\"600\" height=\"396\" srcset=\"https:\/\/diariofemenino.com.ar\/df\/wp-content\/uploads\/2024\/01\/Viva-el-feminismo_lamanchaobrera.es_.jpg 600w, https:\/\/diariofemenino.com.ar\/df\/wp-content\/uploads\/2024\/01\/Viva-el-feminismo_lamanchaobrera.es_-300x198.jpg 300w\" sizes=\"auto, (max-width: 600px) 100vw, 600px\" \/><figcaption id=\"caption-attachment-72173\" class=\"wp-caption-text\">\u00bfCu\u00e1l es el feminismo que odia Milei? \u00bfCu\u00e1l se supone que es el que \u201cel socialismo puso en agenda\u201d?<\/figcaption><\/figure>\n<\/div>\n<\/div>\n<div class=\"x11i5rnm xat24cr x1mh8g0r x1vvkbs xtlvy1s x126k92a\">\n<div dir=\"auto\">Y esto es USA y Europa.<\/div>\n<\/div>\n<div class=\"x11i5rnm xat24cr x1mh8g0r x1vvkbs xtlvy1s x126k92a\">\n<div dir=\"auto\">\n<p>\u00bfSabr\u00e1 Milei que hay feminismos Latinoam\u00e9ricanos, del Abya Yala, populares, musulm\u00e1n y gitano? Que hubo y hay culturas que ya reconoc\u00edan y algunas hasta idolatraban al tercer g\u00e9nero o que ten\u00edan otras concepciones humanas en las que el g\u00e9nero se entend\u00eda de completamente otras maneras?<\/p>\n<\/div>\n<\/div>\n<div class=\"x11i5rnm xat24cr x1mh8g0r x1vvkbs xtlvy1s x126k92a\">\n<div dir=\"auto\"><strong>El socialismo no puso a los feminismos en agenda.<\/strong><\/div>\n<\/div>\n<div class=\"x11i5rnm xat24cr x1mh8g0r x1vvkbs xtlvy1s x126k92a\">\n<div dir=\"auto\">Los feminismos estuvieron mucho antes del nacimiento del socialismo y hasta del mism\u00edsimo capitalismo porque es la lucha de las mujeres y de otros g\u00e9neros por su liberaci\u00f3n e incluso hay feminismo que luchan por la desaparici\u00f3n del g\u00e9nero.<\/div>\n<\/div>\n<div class=\"x11i5rnm xat24cr x1mh8g0r x1vvkbs xtlvy1s x126k92a\">\n<div dir=\"auto\">\n<p>\u00bfO ser\u00e1 que odia a todos los feminismos porque en realidad quiere que las mujeres vuelvan a ser esclavas, propiedad de los hombres, sin derechos, sin educaci\u00f3n, sin poder tener propiedades a su nombre, sin poder separarse de un marido violento porque sin la patria potestad no pod\u00edan volver a ver a sus hijos, sin divorcio?<\/p>\n<\/div>\n<\/div>\n<div class=\"x11i5rnm xat24cr x1mh8g0r x1vvkbs xtlvy1s x126k92a\">\n<div dir=\"auto\">El movimiento feminista no es radicalizado es, como dijo Angela Davis \u201cla idea radical que sostiene que las mujeres somos personas\u201d y que vivimos en un mundo profundamente desigual en t\u00e9rminos de g\u00e9nero, algo que ya ni siquiera la OIT ni el Comit\u00e9 del Premio Nobel discuten, y por eso seguimos luchando.<\/div>\n<\/div>\n<div dir=\"auto\"><\/div>\n<div dir=\"auto\"><strong>(*)<\/strong> Feminista abolicionista. Directora de la Tienda de libros y Editorial <a href=\"https:\/\/liberteca.com.ar\/\">Liberteca<\/a><\/div>\n<div dir=\"auto\"><\/div>\n<blockquote>\n<div dir=\"auto\">Seguinos en Instagram\u00a0<a href=\"https:\/\/www.instagram.com\/diariodigitalfemenino_\/\">@diariodigitalfemenino_<\/a><br \/>\n<a href=\"https:\/\/www.instagram.com\/lennycaceres69\/\">@lennycaceres69<\/a><\/div>\n<\/blockquote>\n","protected":false},"excerpt":{"rendered":"<p>\u00bfCu\u00e1l es el feminismo que odia Milei?\u00a0\u00bfCu\u00e1l se supone que es el que \u201cel socialismo puso en agenda\u201d? Por Valeria Donato*\u00bfSer\u00e1 el de hace 250 a\u00f1os cuando surgieron los primeros esbozos durante la Revoluci\u00f3n Francesa? Cuando le cortaron la cabeza a Olympe de Gouges por luchar para que se reconocieran tambi\u00e9n los derechos humanos de [&hellip;]<\/p>\n","protected":false},"author":4,"featured_media":72175,"comment_status":"open","ping_status":"open","sticky":false,"template":"","format":"standard","meta":{"iawp_total_views":60,"footnotes":""},"categories":[22,7,1067,178,3,627,6,21,580,23,15,592],"tags":[6625,4372,599,341,2919,6358,3797,1785,1085],"class_list":["post-72170","post","type-post","status-publish","format-standard","has-post-thumbnail","hentry","category-aborto","category-actividades","category-agenda-feminista","category-articulos-y-comunicados","category-de-la-revolucion-al-reaprendizaje","category-genero-y-derechos-humanos","category-articulos","category-noticias","category-resistencia-verdevioleta","category-salud","category-trata-de-personas","category-violencias","tag-desconocimiento","tag-destacada","tag-feminismos","tag-historia","tag-ignorancia","tag-javier-milei","tag-sufragio-femenino","tag-valeria-donato","tag-voto-femenino"],"nelio_content":{"autoShareEndMode":"never","automationSources":{"useCustomSentences":false,"customSentences":[]},"efiAlt":"","efiUrl":"","followers":[4],"highlights":[],"isAutoShareEnabled":true,"networkImageIds":[],"permalinkQueryArgs":[],"series":[],"suggestedReferences":[]},"yoast_head":"<!-- This site is optimized with the Yoast SEO plugin v27.5 - https:\/\/yoast.com\/product\/yoast-seo-wordpress\/ -->\n<title>\u00bfCu\u00e1l es el feminismo que odia Milei? \u00bfCu\u00e1l se supone que es el que \u201cel socialismo puso en agenda\u201d? - Diario Digital Femenino<\/title>\n<meta name=\"description\" content=\"Cu\u00e1l es el feminismo que odia Milei\" \/>\n<meta name=\"robots\" content=\"index, follow, max-snippet:-1, max-image-preview:large, max-video-preview:-1\" \/>\n<link rel=\"canonical\" href=\"https:\/\/diariofemenino.com.ar\/df\/cual-es-el-feminismo-que-odia-milei\/\" \/>\n<meta property=\"og:locale\" content=\"es_ES\" \/>\n<meta property=\"og:type\" content=\"article\" \/>\n<meta property=\"og:title\" content=\"\u00bfCu\u00e1l es el feminismo que odia Milei? \u00bfCu\u00e1l se supone que es el que \u201cel socialismo puso en agenda\u201d? - Diario Digital Femenino\" \/>\n<meta property=\"og:description\" content=\"Cu\u00e1l es el feminismo que odia Milei\" \/>\n<meta property=\"og:url\" content=\"https:\/\/diariofemenino.com.ar\/df\/cual-es-el-feminismo-que-odia-milei\/\" \/>\n<meta property=\"og:site_name\" content=\"Diario Digital Femenino\" \/>\n<meta property=\"article:publisher\" content=\"https:\/\/www.facebook.com\/DiarioDigitaFemenino\/\" \/>\n<meta property=\"article:published_time\" content=\"2024-01-26T13:53:20+00:00\" \/>\n<meta property=\"article:modified_time\" content=\"2024-01-26T14:05:24+00:00\" \/>\n<meta property=\"og:image\" content=\"https:\/\/diariofemenino.com.ar\/df\/wp-content\/uploads\/2024\/01\/Feminismo-min-e1536612753444.jpg\" \/>\n\t<meta property=\"og:image:width\" content=\"800\" \/>\n\t<meta property=\"og:image:height\" content=\"400\" \/>\n\t<meta property=\"og:image:type\" content=\"image\/jpeg\" \/>\n<meta name=\"author\" content=\"Admin\" \/>\n<meta name=\"twitter:card\" content=\"summary_large_image\" \/>\n<meta name=\"twitter:creator\" content=\"@DiarioFemenino1\" \/>\n<meta name=\"twitter:site\" content=\"@DiarioFemenino1\" \/>\n<meta name=\"twitter:label1\" content=\"Escrito por\" \/>\n\t<meta name=\"twitter:data1\" content=\"Admin\" \/>\n\t<meta name=\"twitter:label2\" content=\"Tiempo de lectura\" \/>\n\t<meta name=\"twitter:data2\" content=\"4 minutos\" \/>\n<script type=\"application\/ld+json\" class=\"yoast-schema-graph\">{\"@context\":\"https:\\\/\\\/schema.org\",\"@graph\":[{\"@type\":\"Article\",\"@id\":\"https:\\\/\\\/diariofemenino.com.ar\\\/df\\\/cual-es-el-feminismo-que-odia-milei\\\/#article\",\"isPartOf\":{\"@id\":\"https:\\\/\\\/diariofemenino.com.ar\\\/df\\\/cual-es-el-feminismo-que-odia-milei\\\/\"},\"author\":{\"name\":\"Admin\",\"@id\":\"https:\\\/\\\/diariofemenino.com.ar\\\/df\\\/#\\\/schema\\\/person\\\/bf6199e8158c657ea6f789b11ec85509\"},\"headline\":\"\u00bfCu\u00e1l es el feminismo que odia Milei? \u00bfCu\u00e1l se supone que es el que \u201cel socialismo puso en agenda\u201d?\",\"datePublished\":\"2024-01-26T13:53:20+00:00\",\"dateModified\":\"2024-01-26T14:05:24+00:00\",\"mainEntityOfPage\":{\"@id\":\"https:\\\/\\\/diariofemenino.com.ar\\\/df\\\/cual-es-el-feminismo-que-odia-milei\\\/\"},\"wordCount\":601,\"commentCount\":0,\"publisher\":{\"@id\":\"https:\\\/\\\/diariofemenino.com.ar\\\/df\\\/#organization\"},\"image\":{\"@id\":\"https:\\\/\\\/diariofemenino.com.ar\\\/df\\\/cual-es-el-feminismo-que-odia-milei\\\/#primaryimage\"},\"thumbnailUrl\":\"https:\\\/\\\/diariofemenino.com.ar\\\/df\\\/wp-content\\\/uploads\\\/2024\\\/01\\\/Feminismo-min-e1536612753444.jpg\",\"keywords\":[\"desconocimiento\",\"Destacada\",\"Feminismos\",\"Historia\",\"ignorancia\",\"Javier Milei\",\"Sufragio femenino\",\"Valeria Donato\",\"voto femenino\"],\"articleSection\":[\"Aborto\",\"Actividades\",\"Agenda Feminista\",\"Art\u00edculos y Comunicados\",\"De la Revoluci\u00f3n al Reaprendizaje\",\"G\u00e9nero y Derechos Humanos\",\"Mujeres en Palabras\",\"Noticias\",\"Resistencia VerdeVioleta\",\"Salud\",\"Trata de Pers.\",\"Violencias\"],\"inLanguage\":\"es\",\"potentialAction\":[{\"@type\":\"CommentAction\",\"name\":\"Comment\",\"target\":[\"https:\\\/\\\/diariofemenino.com.ar\\\/df\\\/cual-es-el-feminismo-que-odia-milei\\\/#respond\"]}]},{\"@type\":\"WebPage\",\"@id\":\"https:\\\/\\\/diariofemenino.com.ar\\\/df\\\/cual-es-el-feminismo-que-odia-milei\\\/\",\"url\":\"https:\\\/\\\/diariofemenino.com.ar\\\/df\\\/cual-es-el-feminismo-que-odia-milei\\\/\",\"name\":\"\u00bfCu\u00e1l es el feminismo que odia Milei? \u00bfCu\u00e1l se supone que es el que \u201cel socialismo puso en agenda\u201d? - Diario Digital Femenino\",\"isPartOf\":{\"@id\":\"https:\\\/\\\/diariofemenino.com.ar\\\/df\\\/#website\"},\"primaryImageOfPage\":{\"@id\":\"https:\\\/\\\/diariofemenino.com.ar\\\/df\\\/cual-es-el-feminismo-que-odia-milei\\\/#primaryimage\"},\"image\":{\"@id\":\"https:\\\/\\\/diariofemenino.com.ar\\\/df\\\/cual-es-el-feminismo-que-odia-milei\\\/#primaryimage\"},\"thumbnailUrl\":\"https:\\\/\\\/diariofemenino.com.ar\\\/df\\\/wp-content\\\/uploads\\\/2024\\\/01\\\/Feminismo-min-e1536612753444.jpg\",\"datePublished\":\"2024-01-26T13:53:20+00:00\",\"dateModified\":\"2024-01-26T14:05:24+00:00\",\"description\":\"Cu\u00e1l es el feminismo que odia Milei\",\"breadcrumb\":{\"@id\":\"https:\\\/\\\/diariofemenino.com.ar\\\/df\\\/cual-es-el-feminismo-que-odia-milei\\\/#breadcrumb\"},\"inLanguage\":\"es\",\"potentialAction\":[{\"@type\":\"ReadAction\",\"target\":[\"https:\\\/\\\/diariofemenino.com.ar\\\/df\\\/cual-es-el-feminismo-que-odia-milei\\\/\"]}]},{\"@type\":\"ImageObject\",\"inLanguage\":\"es\",\"@id\":\"https:\\\/\\\/diariofemenino.com.ar\\\/df\\\/cual-es-el-feminismo-que-odia-milei\\\/#primaryimage\",\"url\":\"https:\\\/\\\/diariofemenino.com.ar\\\/df\\\/wp-content\\\/uploads\\\/2024\\\/01\\\/Feminismo-min-e1536612753444.jpg\",\"contentUrl\":\"https:\\\/\\\/diariofemenino.com.ar\\\/df\\\/wp-content\\\/uploads\\\/2024\\\/01\\\/Feminismo-min-e1536612753444.jpg\",\"width\":800,\"height\":400,\"caption\":\"\u00bfCu\u00e1l es el feminismo que odia Milei? \u00bfCu\u00e1l se supone que es el que \u201cel socialismo puso en agenda\u201d?\"},{\"@type\":\"BreadcrumbList\",\"@id\":\"https:\\\/\\\/diariofemenino.com.ar\\\/df\\\/cual-es-el-feminismo-que-odia-milei\\\/#breadcrumb\",\"itemListElement\":[{\"@type\":\"ListItem\",\"position\":1,\"name\":\"Portada\",\"item\":\"https:\\\/\\\/diariofemenino.com.ar\\\/df\\\/\"},{\"@type\":\"ListItem\",\"position\":2,\"name\":\"\u00bfCu\u00e1l es el feminismo que odia Milei? \u00bfCu\u00e1l se supone que es el que \u201cel socialismo puso en agenda\u201d?\"}]},{\"@type\":\"WebSite\",\"@id\":\"https:\\\/\\\/diariofemenino.com.ar\\\/df\\\/#website\",\"url\":\"https:\\\/\\\/diariofemenino.com.ar\\\/df\\\/\",\"name\":\"Diario Digital Femenino\",\"description\":\"Cuesti\u00f3n de G\u00e9nero\",\"publisher\":{\"@id\":\"https:\\\/\\\/diariofemenino.com.ar\\\/df\\\/#organization\"},\"potentialAction\":[{\"@type\":\"SearchAction\",\"target\":{\"@type\":\"EntryPoint\",\"urlTemplate\":\"https:\\\/\\\/diariofemenino.com.ar\\\/df\\\/?s={search_term_string}\"},\"query-input\":{\"@type\":\"PropertyValueSpecification\",\"valueRequired\":true,\"valueName\":\"search_term_string\"}}],\"inLanguage\":\"es\"},{\"@type\":\"Organization\",\"@id\":\"https:\\\/\\\/diariofemenino.com.ar\\\/df\\\/#organization\",\"name\":\"Diario Femenino\",\"url\":\"https:\\\/\\\/diariofemenino.com.ar\\\/df\\\/\",\"logo\":{\"@type\":\"ImageObject\",\"inLanguage\":\"es\",\"@id\":\"https:\\\/\\\/diariofemenino.com.ar\\\/df\\\/#\\\/schema\\\/logo\\\/image\\\/\",\"url\":\"https:\\\/\\\/diariofemenino.com.ar\\\/df\\\/wp-content\\\/uploads\\\/2018\\\/10\\\/logo.png\",\"contentUrl\":\"https:\\\/\\\/diariofemenino.com.ar\\\/df\\\/wp-content\\\/uploads\\\/2018\\\/10\\\/logo.png\",\"width\":500,\"height\":92,\"caption\":\"Diario Femenino\"},\"image\":{\"@id\":\"https:\\\/\\\/diariofemenino.com.ar\\\/df\\\/#\\\/schema\\\/logo\\\/image\\\/\"},\"sameAs\":[\"https:\\\/\\\/www.facebook.com\\\/DiarioDigitaFemenino\\\/\",\"https:\\\/\\\/x.com\\\/DiarioFemenino1\"]},{\"@type\":\"Person\",\"@id\":\"https:\\\/\\\/diariofemenino.com.ar\\\/df\\\/#\\\/schema\\\/person\\\/bf6199e8158c657ea6f789b11ec85509\",\"name\":\"Admin\",\"image\":{\"@type\":\"ImageObject\",\"inLanguage\":\"es\",\"@id\":\"https:\\\/\\\/diariofemenino.com.ar\\\/df\\\/wp-content\\\/uploads\\\/2018\\\/12\\\/favicon-150x150.jpg\",\"url\":\"https:\\\/\\\/diariofemenino.com.ar\\\/df\\\/wp-content\\\/uploads\\\/2018\\\/12\\\/favicon-150x150.jpg\",\"contentUrl\":\"https:\\\/\\\/diariofemenino.com.ar\\\/df\\\/wp-content\\\/uploads\\\/2018\\\/12\\\/favicon-150x150.jpg\",\"caption\":\"Admin\"},\"url\":\"https:\\\/\\\/diariofemenino.com.ar\\\/df\\\/author\\\/lenny\\\/\"}]}<\/script>\n<!-- \/ Yoast SEO plugin. -->","yoast_head_json":{"title":"\u00bfCu\u00e1l es el feminismo que odia Milei? \u00bfCu\u00e1l se supone que es el que \u201cel socialismo puso en agenda\u201d? - Diario Digital Femenino","description":"Cu\u00e1l es el feminismo que odia Milei","robots":{"index":"index","follow":"follow","max-snippet":"max-snippet:-1","max-image-preview":"max-image-preview:large","max-video-preview":"max-video-preview:-1"},"canonical":"https:\/\/diariofemenino.com.ar\/df\/cual-es-el-feminismo-que-odia-milei\/","og_locale":"es_ES","og_type":"article","og_title":"\u00bfCu\u00e1l es el feminismo que odia Milei? \u00bfCu\u00e1l se supone que es el que \u201cel socialismo puso en agenda\u201d? - Diario Digital Femenino","og_description":"Cu\u00e1l es el feminismo que odia Milei","og_url":"https:\/\/diariofemenino.com.ar\/df\/cual-es-el-feminismo-que-odia-milei\/","og_site_name":"Diario Digital Femenino","article_publisher":"https:\/\/www.facebook.com\/DiarioDigitaFemenino\/","article_published_time":"2024-01-26T13:53:20+00:00","article_modified_time":"2024-01-26T14:05:24+00:00","og_image":[{"width":800,"height":400,"url":"https:\/\/diariofemenino.com.ar\/df\/wp-content\/uploads\/2024\/01\/Feminismo-min-e1536612753444.jpg","type":"image\/jpeg"}],"author":"Admin","twitter_card":"summary_large_image","twitter_creator":"@DiarioFemenino1","twitter_site":"@DiarioFemenino1","twitter_misc":{"Escrito por":"Admin","Tiempo de lectura":"4 minutos"},"schema":{"@context":"https:\/\/schema.org","@graph":[{"@type":"Article","@id":"https:\/\/diariofemenino.com.ar\/df\/cual-es-el-feminismo-que-odia-milei\/#article","isPartOf":{"@id":"https:\/\/diariofemenino.com.ar\/df\/cual-es-el-feminismo-que-odia-milei\/"},"author":{"name":"Admin","@id":"https:\/\/diariofemenino.com.ar\/df\/#\/schema\/person\/bf6199e8158c657ea6f789b11ec85509"},"headline":"\u00bfCu\u00e1l es el feminismo que odia Milei? \u00bfCu\u00e1l se supone que es el que \u201cel socialismo puso en agenda\u201d?","datePublished":"2024-01-26T13:53:20+00:00","dateModified":"2024-01-26T14:05:24+00:00","mainEntityOfPage":{"@id":"https:\/\/diariofemenino.com.ar\/df\/cual-es-el-feminismo-que-odia-milei\/"},"wordCount":601,"commentCount":0,"publisher":{"@id":"https:\/\/diariofemenino.com.ar\/df\/#organization"},"image":{"@id":"https:\/\/diariofemenino.com.ar\/df\/cual-es-el-feminismo-que-odia-milei\/#primaryimage"},"thumbnailUrl":"https:\/\/diariofemenino.com.ar\/df\/wp-content\/uploads\/2024\/01\/Feminismo-min-e1536612753444.jpg","keywords":["desconocimiento","Destacada","Feminismos","Historia","ignorancia","Javier Milei","Sufragio femenino","Valeria Donato","voto femenino"],"articleSection":["Aborto","Actividades","Agenda Feminista","Art\u00edculos y Comunicados","De la Revoluci\u00f3n al Reaprendizaje","G\u00e9nero y Derechos Humanos","Mujeres en Palabras","Noticias","Resistencia VerdeVioleta","Salud","Trata de Pers.","Violencias"],"inLanguage":"es","potentialAction":[{"@type":"CommentAction","name":"Comment","target":["https:\/\/diariofemenino.com.ar\/df\/cual-es-el-feminismo-que-odia-milei\/#respond"]}]},{"@type":"WebPage","@id":"https:\/\/diariofemenino.com.ar\/df\/cual-es-el-feminismo-que-odia-milei\/","url":"https:\/\/diariofemenino.com.ar\/df\/cual-es-el-feminismo-que-odia-milei\/","name":"\u00bfCu\u00e1l es el feminismo que odia Milei? \u00bfCu\u00e1l se supone que es el que \u201cel socialismo puso en agenda\u201d? - Diario Digital Femenino","isPartOf":{"@id":"https:\/\/diariofemenino.com.ar\/df\/#website"},"primaryImageOfPage":{"@id":"https:\/\/diariofemenino.com.ar\/df\/cual-es-el-feminismo-que-odia-milei\/#primaryimage"},"image":{"@id":"https:\/\/diariofemenino.com.ar\/df\/cual-es-el-feminismo-que-odia-milei\/#primaryimage"},"thumbnailUrl":"https:\/\/diariofemenino.com.ar\/df\/wp-content\/uploads\/2024\/01\/Feminismo-min-e1536612753444.jpg","datePublished":"2024-01-26T13:53:20+00:00","dateModified":"2024-01-26T14:05:24+00:00","description":"Cu\u00e1l es el feminismo que odia Milei","breadcrumb":{"@id":"https:\/\/diariofemenino.com.ar\/df\/cual-es-el-feminismo-que-odia-milei\/#breadcrumb"},"inLanguage":"es","potentialAction":[{"@type":"ReadAction","target":["https:\/\/diariofemenino.com.ar\/df\/cual-es-el-feminismo-que-odia-milei\/"]}]},{"@type":"ImageObject","inLanguage":"es","@id":"https:\/\/diariofemenino.com.ar\/df\/cual-es-el-feminismo-que-odia-milei\/#primaryimage","url":"https:\/\/diariofemenino.com.ar\/df\/wp-content\/uploads\/2024\/01\/Feminismo-min-e1536612753444.jpg","contentUrl":"https:\/\/diariofemenino.com.ar\/df\/wp-content\/uploads\/2024\/01\/Feminismo-min-e1536612753444.jpg","width":800,"height":400,"caption":"\u00bfCu\u00e1l es el feminismo que odia Milei? \u00bfCu\u00e1l se supone que es el que \u201cel socialismo puso en agenda\u201d?"},{"@type":"BreadcrumbList","@id":"https:\/\/diariofemenino.com.ar\/df\/cual-es-el-feminismo-que-odia-milei\/#breadcrumb","itemListElement":[{"@type":"ListItem","position":1,"name":"Portada","item":"https:\/\/diariofemenino.com.ar\/df\/"},{"@type":"ListItem","position":2,"name":"\u00bfCu\u00e1l es el feminismo que odia Milei? \u00bfCu\u00e1l se supone que es el que \u201cel socialismo puso en agenda\u201d?"}]},{"@type":"WebSite","@id":"https:\/\/diariofemenino.com.ar\/df\/#website","url":"https:\/\/diariofemenino.com.ar\/df\/","name":"Diario Digital Femenino","description":"Cuesti\u00f3n de G\u00e9nero","publisher":{"@id":"https:\/\/diariofemenino.com.ar\/df\/#organization"},"potentialAction":[{"@type":"SearchAction","target":{"@type":"EntryPoint","urlTemplate":"https:\/\/diariofemenino.com.ar\/df\/?s={search_term_string}"},"query-input":{"@type":"PropertyValueSpecification","valueRequired":true,"valueName":"search_term_string"}}],"inLanguage":"es"},{"@type":"Organization","@id":"https:\/\/diariofemenino.com.ar\/df\/#organization","name":"Diario Femenino","url":"https:\/\/diariofemenino.com.ar\/df\/","logo":{"@type":"ImageObject","inLanguage":"es","@id":"https:\/\/diariofemenino.com.ar\/df\/#\/schema\/logo\/image\/","url":"https:\/\/diariofemenino.com.ar\/df\/wp-content\/uploads\/2018\/10\/logo.png","contentUrl":"https:\/\/diariofemenino.com.ar\/df\/wp-content\/uploads\/2018\/10\/logo.png","width":500,"height":92,"caption":"Diario Femenino"},"image":{"@id":"https:\/\/diariofemenino.com.ar\/df\/#\/schema\/logo\/image\/"},"sameAs":["https:\/\/www.facebook.com\/DiarioDigitaFemenino\/","https:\/\/x.com\/DiarioFemenino1"]},{"@type":"Person","@id":"https:\/\/diariofemenino.com.ar\/df\/#\/schema\/person\/bf6199e8158c657ea6f789b11ec85509","name":"Admin","image":{"@type":"ImageObject","inLanguage":"es","@id":"https:\/\/diariofemenino.com.ar\/df\/wp-content\/uploads\/2018\/12\/favicon-150x150.jpg","url":"https:\/\/diariofemenino.com.ar\/df\/wp-content\/uploads\/2018\/12\/favicon-150x150.jpg","contentUrl":"https:\/\/diariofemenino.com.ar\/df\/wp-content\/uploads\/2018\/12\/favicon-150x150.jpg","caption":"Admin"},"url":"https:\/\/diariofemenino.com.ar\/df\/author\/lenny\/"}]}},"jetpack_featured_media_url":"https:\/\/diariofemenino.com.ar\/df\/wp-content\/uploads\/2024\/01\/Feminismo-min-e1536612753444.jpg","jetpack_sharing_enabled":true,"rttpg_featured_image_url":{"full":["https:\/\/diariofemenino.com.ar\/df\/wp-content\/uploads\/2024\/01\/Feminismo-min-e1536612753444.jpg",800,400,false],"landscape":["https:\/\/diariofemenino.com.ar\/df\/wp-content\/uploads\/2024\/01\/Feminismo-min-e1536612753444.jpg",800,400,false],"portraits":["https:\/\/diariofemenino.com.ar\/df\/wp-content\/uploads\/2024\/01\/Feminismo-min-e1536612753444.jpg",800,400,false],"thumbnail":["https:\/\/diariofemenino.com.ar\/df\/wp-content\/uploads\/2024\/01\/Feminismo-min-e1536612753444-150x150.jpg",150,150,true],"medium":["https:\/\/diariofemenino.com.ar\/df\/wp-content\/uploads\/2024\/01\/Feminismo-min-e1536612753444-300x150.jpg",300,150,true],"large":["https:\/\/diariofemenino.com.ar\/df\/wp-content\/uploads\/2024\/01\/Feminismo-min-e1536612753444.jpg",800,400,false],"1536x1536":["https:\/\/diariofemenino.com.ar\/df\/wp-content\/uploads\/2024\/01\/Feminismo-min-e1536612753444.jpg",800,400,false],"2048x2048":["https:\/\/diariofemenino.com.ar\/df\/wp-content\/uploads\/2024\/01\/Feminismo-min-e1536612753444.jpg",800,400,false]},"rttpg_author":{"display_name":"Admin","author_link":"https:\/\/diariofemenino.com.ar\/df\/author\/lenny\/"},"rttpg_comment":0,"rttpg_category":"<a href=\"https:\/\/diariofemenino.com.ar\/df\/category\/aborto\/\" rel=\"category tag\">Aborto<\/a> <a href=\"https:\/\/diariofemenino.com.ar\/df\/category\/actividades\/\" rel=\"category tag\">Actividades<\/a> <a href=\"https:\/\/diariofemenino.com.ar\/df\/category\/agenda-feminista\/\" rel=\"category tag\">Agenda Feminista<\/a> <a href=\"https:\/\/diariofemenino.com.ar\/df\/category\/articulos-y-comunicados\/\" rel=\"category tag\">Art\u00edculos y Comunicados<\/a> <a href=\"https:\/\/diariofemenino.com.ar\/df\/category\/de-la-revolucion-al-reaprendizaje\/\" rel=\"category tag\">De la Revoluci\u00f3n al Reaprendizaje<\/a> <a href=\"https:\/\/diariofemenino.com.ar\/df\/category\/genero-y-derechos-humanos\/\" rel=\"category tag\">G\u00e9nero y Derechos Humanos<\/a> <a href=\"https:\/\/diariofemenino.com.ar\/df\/category\/articulos\/\" rel=\"category tag\">Mujeres en Palabras<\/a> <a href=\"https:\/\/diariofemenino.com.ar\/df\/category\/noticias\/\" rel=\"category tag\">Noticias<\/a> <a href=\"https:\/\/diariofemenino.com.ar\/df\/category\/resistencia-verdevioleta\/\" rel=\"category tag\">Resistencia VerdeVioleta<\/a> <a href=\"https:\/\/diariofemenino.com.ar\/df\/category\/salud\/\" rel=\"category tag\">Salud<\/a> <a href=\"https:\/\/diariofemenino.com.ar\/df\/category\/trata-de-personas\/\" rel=\"category tag\">Trata de Pers.<\/a> <a href=\"https:\/\/diariofemenino.com.ar\/df\/category\/violencias\/\" rel=\"category tag\">Violencias<\/a>","rttpg_excerpt":"\u00bfCu\u00e1l es el feminismo que odia Milei?\u00a0\u00bfCu\u00e1l se supone que es el que \u201cel socialismo puso en agenda\u201d? Por Valeria Donato*\u00bfSer\u00e1 el de hace 250 a\u00f1os cuando surgieron los primeros esbozos durante la Revoluci\u00f3n Francesa? Cuando le cortaron la cabeza a Olympe de Gouges por luchar para que se reconocieran tambi\u00e9n los derechos humanos de&hellip;","_links":{"self":[{"href":"https:\/\/diariofemenino.com.ar\/df\/wp-json\/wp\/v2\/posts\/72170","targetHints":{"allow":["GET"]}}],"collection":[{"href":"https:\/\/diariofemenino.com.ar\/df\/wp-json\/wp\/v2\/posts"}],"about":[{"href":"https:\/\/diariofemenino.com.ar\/df\/wp-json\/wp\/v2\/types\/post"}],"author":[{"embeddable":true,"href":"https:\/\/diariofemenino.com.ar\/df\/wp-json\/wp\/v2\/users\/4"}],"replies":[{"embeddable":true,"href":"https:\/\/diariofemenino.com.ar\/df\/wp-json\/wp\/v2\/comments?post=72170"}],"version-history":[{"count":0,"href":"https:\/\/diariofemenino.com.ar\/df\/wp-json\/wp\/v2\/posts\/72170\/revisions"}],"wp:featuredmedia":[{"embeddable":true,"href":"https:\/\/diariofemenino.com.ar\/df\/wp-json\/wp\/v2\/media\/72175"}],"wp:attachment":[{"href":"https:\/\/diariofemenino.com.ar\/df\/wp-json\/wp\/v2\/media?parent=72170"}],"wp:term":[{"taxonomy":"category","embeddable":true,"href":"https:\/\/diariofemenino.com.ar\/df\/wp-json\/wp\/v2\/categories?post=72170"},{"taxonomy":"post_tag","embeddable":true,"href":"https:\/\/diariofemenino.com.ar\/df\/wp-json\/wp\/v2\/tags?post=72170"}],"curies":[{"name":"wp","href":"https:\/\/api.w.org\/{rel}","templated":true}]}}