{"id":72165,"date":"2024-01-23T11:47:54","date_gmt":"2024-01-23T14:47:54","guid":{"rendered":"https:\/\/diariofemenino.com.ar\/df\/?p=72165"},"modified":"2024-01-23T11:47:54","modified_gmt":"2024-01-23T14:47:54","slug":"el-problema-es-la-violencia-de-genero","status":"publish","type":"post","link":"https:\/\/diariofemenino.com.ar\/df\/el-problema-es-la-violencia-de-genero\/","title":{"rendered":"El problema es la violencia de g\u00e9nero"},"content":{"rendered":"<h2 class=\"h4 ff-16px-w700\">Milei y la estigmatizaci\u00f3n del feminismo<\/h2>\n<p>Por\u00a0<a class=\"no-link\">Emiliano Samar y Roberto Samar<\/a><\/p>\n<p>El presidente de la Argentina, Javier Milei, busc\u00f3 en Davos estigmatizar al movimiento feminista: \u00aben lo \u00fanico que devino esta agenda del feminismo radical es en mayor intervenci\u00f3n del estado para entorpecer el proceso econ\u00f3mico\u201d. Pero el problema no es de agendas, ni de feminismos radicalizados: el problema es la violencia de g\u00e9nero.\u00a0<b><\/b><b>El machismo y la matriz heteronormativa devienen en discriminaci\u00f3n, odio y femicidios<\/b>. En el 2023 hubo una v\u00edctima de violencia de g\u00e9nero cada 26 horas, seg\u00fan un\u00a0<a href=\"https:\/\/twitter.com\/Casadelencuentr\/status\/1747233714994614672?utm_source=Cenital&amp;utm_campaign=5e011a279b-PM_885&amp;utm_medium=email&amp;utm_term=0_a38084492c-5e011a279b-402343593\" target=\"_blank\" rel=\"noopener\">informe\u00a0<\/a>de la ONG\u00a0<a href=\"https:\/\/www.lacasadelencuentro.org\/\" target=\"_blank\" rel=\"noopener\">La Casa del Encuentro<\/a>. Del 1 de enero al 31 de diciembre se produjeron 307 femicidios, 4 trans\/travesticidios y 23 femicidios vinculados de varones. En ese contexto determinados discursos son irresponsables y violentos.<\/p>\n<p><b>La violencia de g\u00e9nero se sostiene y reproduce en el marco de una construcci\u00f3n cultural machista que tiende a <a href=\"https:\/\/diariofemenino.com.ar\/df\/rita-segato-bullrich-y-milei-son-opciones-suicidas-son-goles-en-contra\/\">subordinar<\/a> y cosificar a las mujeres<\/b>. Si nos ponemos los lentes de la perspectiva de g\u00e9nero vemos esas inequidades cotidianas: en las brechas salariales, en las desigualdades de los espacios de poder o en el acoso cotidiano que padecen las mujeres.<\/p>\n<p>La\u00a0<b><\/b><b>Ley Micaela<\/b>\u00a0establece la capacitaci\u00f3n obligatoria de las personas que trabajan en los tres poderes del Estado para ver y cuestionar esas injusticias y violencias naturalizadas sensibilizando a los agentes p\u00fablicos. Esa informaci\u00f3n<b>\u00a0busca evitar, por ejemplo, que un polic\u00eda revictimice a la mujer cuando la atiende, que el docente reproduzca mec\u00e1nicamente los roles y estereotipos tradicionales o bien para que cuando un agente de salud atiende a una mujer que sufri\u00f3 violencia est\u00e9 atento a determinados indicadores.<\/b><\/p>\n<p>En la letra de la ley se determina que las personas referidas \u201cdeben realizar las capacitaciones en el modo y forma que establezcan los respectivos organismos en los que desempe\u00f1an sus funciones\u201d (&#8230;). \u201cLos organismos p\u00fablicos podr\u00e1n realizar adaptaciones de materiales y\/o programas, o desarrollar uno propio, debiendo regirse por la normativa, recomendaciones y otras disposiciones que establecen al respecto los organismos de monitoreo de las convenciones vinculadas a la tem\u00e1tica de g\u00e9nero y violencia contra las mujeres suscriptas por el pa\u00eds\u201d.<\/p>\n<p><b>La\u00a0<\/b><a href=\"https:\/\/servicios.infoleg.gob.ar\/infolegInternet\/verNorma.do?id=318666\" target=\"_blank\" rel=\"noopener\"><b>Ley Micaela<\/b><\/a><b>\u00a0transversaliza la perspectiva de g\u00e9nero favoreciendo el dise\u00f1o de pol\u00edticas p\u00fablicas de cada \u00e1rea y sector.\u00a0<\/b>Parte central del esp\u00edritu de la ley es la prevenci\u00f3n y erradicaci\u00f3n de las violencias, la promoci\u00f3n de v\u00ednculos saludables, la promoci\u00f3n de pr\u00e1cticas antidiscriminatorias e igualitarias.\u00a0<b><\/b><b><\/b>Su implementaci\u00f3n en el \u00e1mbito del trabajo del Estado genera determinadas garant\u00edas para prevenir y promover la adecuada intervenci\u00f3n frente a situaciones de violencias por motivos de g\u00e9nero.<\/p>\n<p><b>La violencia es una conducta aprendida que ejercemos mayoritariamente los varones<\/b>: los femicidios los realizan los varones. M\u00e1s del 70 % de los inculpados de homicidios dolosos son varones. Paralelamente, la marcada mayor\u00eda de los suicidios son de varones. En el mismo marco, 95,8 % de las personas detenidas en Argentina son varones.<\/p>\n<p><b>Hay una relaci\u00f3n estrecha entre masculinidad y violencia que se sostiene en una construcci\u00f3n cultural<\/b>: se nos ordena reprimir la emotividad y se nos ense\u00f1a a resolver los conflictos violentamente. Una construcci\u00f3n basada en mandatos culturales tradicionales que la Ley Micaela busca, como proyecto pedag\u00f3gico, desaprender y problematizar.<\/p>\n<p>Resulta fundamental visibilizar y problematizar las desigualdades entre los g\u00e9neros, los femicidios, las relaciones de poder, los distintos tipos de violencias que se hacen presente cotidianamente en el \u00e1mbito laboral y en las relaciones sociales.<\/p>\n<p>El proyecto de ley \u00f3mnibus que Javier Milei envi\u00f3 al Congreso introduce, entre otras modificaciones, cambiar \u201cviolencia de g\u00e9nero\u00bb por \u201cviolencia familiar\u00bb y reducir el \u00e1mbito de aplicaci\u00f3n de la norma. Est\u00e1 claro que no es lo mismo violencia familiar que violencia de g\u00e9nero y acotar la capacitaci\u00f3n solo a los organismos competentes en la materia, conlleva a que un mont\u00f3n de reparticiones van a dejar de recibir capacitaci\u00f3n obligatoria: por ejemplo, la Justicia. Capacitar s\u00f3lo a quienes trabajan en las \u00e1reas de g\u00e9nero, que son las personas que conocen de la tem\u00e1tica, no responde al prop\u00f3sito de la ley. Estas modificaciones no aportan mejoras en la normativa sino que acotan su alcance e interfieren generando ruido en conceptos que subyacen a su letra original. La ley Micaela responde a reflexiones que vienen resultando superadoras en una sociedad machista como la nuestra.\u00a0<b><\/b><b>El caso de Micaela Garc\u00eda evidenci\u00f3 la falta de formaci\u00f3n en g\u00e9nero de los funcionarios involucrados<\/b>. Como tantos, su femicidio se podr\u00eda haber evitado. \u201cMuchos femicidios ocurren por falta de perspectiva de g\u00e9nero de quienes toman las denuncias\u00bb, se\u00f1alan en la Fundaci\u00f3n Micaela.<\/p>\n<figure id=\"attachment_72166\" aria-describedby=\"caption-attachment-72166\" style=\"width: 539px\" class=\"wp-caption aligncenter\"><img loading=\"lazy\" decoding=\"async\" class=\" wp-image-72166\" src=\"https:\/\/diariofemenino.com.ar\/df\/wp-content\/uploads\/2024\/01\/carteles-feminismos-niunamenos-GabrielaCarvalho-46-scaled-1-1024x684.jpg\" alt=\"El problema es la violencia de g\u00e9nero\" width=\"539\" height=\"360\" srcset=\"https:\/\/diariofemenino.com.ar\/df\/wp-content\/uploads\/2024\/01\/carteles-feminismos-niunamenos-GabrielaCarvalho-46-scaled-1-1024x684.jpg 1024w, https:\/\/diariofemenino.com.ar\/df\/wp-content\/uploads\/2024\/01\/carteles-feminismos-niunamenos-GabrielaCarvalho-46-scaled-1-300x200.jpg 300w, https:\/\/diariofemenino.com.ar\/df\/wp-content\/uploads\/2024\/01\/carteles-feminismos-niunamenos-GabrielaCarvalho-46-scaled-1-768x513.jpg 768w, https:\/\/diariofemenino.com.ar\/df\/wp-content\/uploads\/2024\/01\/carteles-feminismos-niunamenos-GabrielaCarvalho-46-scaled-1-1536x1025.jpg 1536w, https:\/\/diariofemenino.com.ar\/df\/wp-content\/uploads\/2024\/01\/carteles-feminismos-niunamenos-GabrielaCarvalho-46-scaled-1-2048x1367.jpg 2048w\" sizes=\"auto, (max-width: 539px) 100vw, 539px\" \/><figcaption id=\"caption-attachment-72166\" class=\"wp-caption-text\">El problema es la violencia de g\u00e9nero. Foto: Gabriela Carvalho <a href=\"https:\/\/www.pausa.com.ar\/2023\/11\/los-feminismos-marchan-hoy-contra-la-violencia-de-genero\/\">Pausa<\/a><\/figcaption><\/figure>\n<div id=\"ad-slot-inline4\" class=\"ad-slot-inline ad-slot\" data-adzonerun=\"1\" data-adtype=\"inline\"><\/div>\n<p>El padre de Micaela Garc\u00eda sostuvo en el debate en el Congreso: \u201clo que proponen es pr\u00e1cticamente derogar la Ley Micaela\u201d.<\/p>\n<p>Lorena Astudillo, cantautora, describe en su canci\u00f3n \u201cMariposa de seda\u201d:\u00a0<i><\/i><i>Nadie supo sentir lo que te duele \/ Ni detuvo la mano que te hiere \/ Desde el fondo del tiempo y la memoria \/ Agitare tu nombre en esta historia<\/i>. Su nombre es\u00a0<a href=\"https:\/\/www.argentina.gob.ar\/generos\/ley-micaela\/quien-era-micaela-garcia\" target=\"_blank\" rel=\"noopener\"><b>Micaela Garc\u00eda<\/b><\/a>. La ley que bautiza previene situaciones de violencia y femicidios y nos forma para una mejor sociedad.\u00a0<b><\/b><b>Recuperemos su historia y defendamos las leyes que nos cuidan y mejoran.<\/b><\/p>\n<p>* <a href=\"https:\/\/diariofemenino.com.ar\/df\/?s=Emiliano+Samar\">Emiliano Samar<\/a> es docente, actor, director de teatro, investigador, referente en diversidad sexual, g\u00e9neros y educaci\u00f3n <a href=\"https:\/\/www.instagram.com\/emilianosamar\/\">@emilianosamar<\/a><\/p>\n<p>** Roberto Samar es\u00a0 licenciado en Comunicaci\u00f3n Social UNLZ. Especialista en Comunicaci\u00f3n y Culturas UNCO. <a href=\"https:\/\/www.instagram.com\/robertosamar\/\">@robertosamar<\/a><\/p>\n<p><a href=\"https:\/\/www.pagina12.com.ar\/706228-el-problema-es-la-violencia-de-genero\">P\u00e1gina12<\/a><\/p>\n<blockquote><p>Seguinos en Instagram\u00a0<a href=\"https:\/\/www.instagram.com\/diariodigitalfemenino_\/\">@diariodigitalfemenino_<\/a><br \/>\n<a href=\"https:\/\/www.instagram.com\/lennycaceres69\/\">@lennycaceres69<\/a><\/p><\/blockquote>\n","protected":false},"excerpt":{"rendered":"<p>Milei y la estigmatizaci\u00f3n del feminismo Por\u00a0Emiliano Samar y Roberto Samar El presidente de la Argentina, Javier Milei, busc\u00f3 en Davos estigmatizar al movimiento feminista: \u00aben lo \u00fanico que devino esta agenda del feminismo radical es en mayor intervenci\u00f3n del estado para entorpecer el proceso econ\u00f3mico\u201d. Pero el problema no es de agendas, ni de [&hellip;]<\/p>\n","protected":false},"author":4,"featured_media":72167,"comment_status":"open","ping_status":"open","sticky":false,"template":"","format":"standard","meta":{"iawp_total_views":45,"footnotes":""},"categories":[1067,178,627,4,21,580,23,15,592],"tags":[5671,4372,33,4207,66,599,34,3380,188,18,2347,6624,16],"class_list":["post-72165","post","type-post","status-publish","format-standard","has-post-thumbnail","hentry","category-agenda-feminista","category-articulos-y-comunicados","category-genero-y-derechos-humanos","category-medios","category-noticias","category-resistencia-verdevioleta","category-salud","category-trata-de-personas","category-violencias","tag-aleccionar","tag-destacada","tag-discriminacion","tag-emiliano-samar","tag-femicidios","tag-feminismos","tag-machismo","tag-odio","tag-perspectiva-de-genero","tag-politicas-publicas","tag-roberto-samar","tag-subordinacion","tag-violencia-de-genero"],"nelio_content":{"autoShareEndMode":"never","automationSources":{"useCustomSentences":false,"customSentences":[]},"efiAlt":"","efiUrl":"","followers":[4],"highlights":[],"isAutoShareEnabled":true,"networkImageIds":[],"permalinkQueryArgs":[],"series":[],"suggestedReferences":[]},"yoast_head":"<!-- This site is optimized with the Yoast SEO plugin v27.5 - https:\/\/yoast.com\/product\/yoast-seo-wordpress\/ -->\n<title>El problema es la violencia de g\u00e9nero - Diario Digital Femenino<\/title>\n<meta name=\"description\" content=\"El problema\" \/>\n<meta name=\"robots\" content=\"index, follow, max-snippet:-1, max-image-preview:large, max-video-preview:-1\" \/>\n<link rel=\"canonical\" href=\"https:\/\/diariofemenino.com.ar\/df\/el-problema-es-la-violencia-de-genero\/\" \/>\n<meta property=\"og:locale\" content=\"es_ES\" \/>\n<meta property=\"og:type\" content=\"article\" \/>\n<meta property=\"og:title\" content=\"El problema es la violencia de g\u00e9nero - Diario Digital Femenino\" \/>\n<meta property=\"og:description\" content=\"El problema\" \/>\n<meta property=\"og:url\" content=\"https:\/\/diariofemenino.com.ar\/df\/el-problema-es-la-violencia-de-genero\/\" \/>\n<meta property=\"og:site_name\" content=\"Diario Digital Femenino\" \/>\n<meta property=\"article:publisher\" content=\"https:\/\/www.facebook.com\/DiarioDigitaFemenino\/\" \/>\n<meta property=\"article:published_time\" content=\"2024-01-23T14:47:54+00:00\" \/>\n<meta property=\"og:image\" content=\"https:\/\/diariofemenino.com.ar\/df\/wp-content\/uploads\/2024\/01\/809645-whatsapp-20image-202024-01-22-20at-2019-45-48.jpeg\" \/>\n\t<meta property=\"og:image:width\" content=\"960\" \/>\n\t<meta property=\"og:image:height\" content=\"640\" \/>\n\t<meta property=\"og:image:type\" content=\"image\/jpeg\" \/>\n<meta name=\"author\" content=\"Admin\" \/>\n<meta name=\"twitter:card\" content=\"summary_large_image\" \/>\n<meta name=\"twitter:creator\" content=\"@DiarioFemenino1\" \/>\n<meta name=\"twitter:site\" content=\"@DiarioFemenino1\" \/>\n<meta name=\"twitter:label1\" content=\"Escrito por\" \/>\n\t<meta name=\"twitter:data1\" content=\"Admin\" \/>\n\t<meta name=\"twitter:label2\" content=\"Tiempo de lectura\" \/>\n\t<meta name=\"twitter:data2\" content=\"5 minutos\" \/>\n<script type=\"application\/ld+json\" class=\"yoast-schema-graph\">{\"@context\":\"https:\\\/\\\/schema.org\",\"@graph\":[{\"@type\":\"Article\",\"@id\":\"https:\\\/\\\/diariofemenino.com.ar\\\/df\\\/el-problema-es-la-violencia-de-genero\\\/#article\",\"isPartOf\":{\"@id\":\"https:\\\/\\\/diariofemenino.com.ar\\\/df\\\/el-problema-es-la-violencia-de-genero\\\/\"},\"author\":{\"name\":\"Admin\",\"@id\":\"https:\\\/\\\/diariofemenino.com.ar\\\/df\\\/#\\\/schema\\\/person\\\/bf6199e8158c657ea6f789b11ec85509\"},\"headline\":\"El problema es la violencia de g\u00e9nero\",\"datePublished\":\"2024-01-23T14:47:54+00:00\",\"mainEntityOfPage\":{\"@id\":\"https:\\\/\\\/diariofemenino.com.ar\\\/df\\\/el-problema-es-la-violencia-de-genero\\\/\"},\"wordCount\":964,\"commentCount\":0,\"publisher\":{\"@id\":\"https:\\\/\\\/diariofemenino.com.ar\\\/df\\\/#organization\"},\"image\":{\"@id\":\"https:\\\/\\\/diariofemenino.com.ar\\\/df\\\/el-problema-es-la-violencia-de-genero\\\/#primaryimage\"},\"thumbnailUrl\":\"https:\\\/\\\/diariofemenino.com.ar\\\/df\\\/wp-content\\\/uploads\\\/2024\\\/01\\\/809645-whatsapp-20image-202024-01-22-20at-2019-45-48.jpeg\",\"keywords\":[\"Aleccionar\",\"Destacada\",\"Discriminaci\u00f3n\",\"Emiliano Samar\",\"Femicidios\",\"Feminismos\",\"Machismo\",\"Odio\",\"Perspectiva de g\u00e9nero\",\"Pol\u00edticas p\u00fablicas\",\"Roberto Samar\",\"subordinaci\u00f3n\",\"Violencia de g\u00e9nero\"],\"articleSection\":[\"Agenda Feminista\",\"Art\u00edculos y Comunicados\",\"G\u00e9nero y Derechos Humanos\",\"Medios\",\"Noticias\",\"Resistencia VerdeVioleta\",\"Salud\",\"Trata de Pers.\",\"Violencias\"],\"inLanguage\":\"es\",\"potentialAction\":[{\"@type\":\"CommentAction\",\"name\":\"Comment\",\"target\":[\"https:\\\/\\\/diariofemenino.com.ar\\\/df\\\/el-problema-es-la-violencia-de-genero\\\/#respond\"]}]},{\"@type\":\"WebPage\",\"@id\":\"https:\\\/\\\/diariofemenino.com.ar\\\/df\\\/el-problema-es-la-violencia-de-genero\\\/\",\"url\":\"https:\\\/\\\/diariofemenino.com.ar\\\/df\\\/el-problema-es-la-violencia-de-genero\\\/\",\"name\":\"El problema es la violencia de g\u00e9nero - Diario Digital Femenino\",\"isPartOf\":{\"@id\":\"https:\\\/\\\/diariofemenino.com.ar\\\/df\\\/#website\"},\"primaryImageOfPage\":{\"@id\":\"https:\\\/\\\/diariofemenino.com.ar\\\/df\\\/el-problema-es-la-violencia-de-genero\\\/#primaryimage\"},\"image\":{\"@id\":\"https:\\\/\\\/diariofemenino.com.ar\\\/df\\\/el-problema-es-la-violencia-de-genero\\\/#primaryimage\"},\"thumbnailUrl\":\"https:\\\/\\\/diariofemenino.com.ar\\\/df\\\/wp-content\\\/uploads\\\/2024\\\/01\\\/809645-whatsapp-20image-202024-01-22-20at-2019-45-48.jpeg\",\"datePublished\":\"2024-01-23T14:47:54+00:00\",\"description\":\"El problema\",\"breadcrumb\":{\"@id\":\"https:\\\/\\\/diariofemenino.com.ar\\\/df\\\/el-problema-es-la-violencia-de-genero\\\/#breadcrumb\"},\"inLanguage\":\"es\",\"potentialAction\":[{\"@type\":\"ReadAction\",\"target\":[\"https:\\\/\\\/diariofemenino.com.ar\\\/df\\\/el-problema-es-la-violencia-de-genero\\\/\"]}]},{\"@type\":\"ImageObject\",\"inLanguage\":\"es\",\"@id\":\"https:\\\/\\\/diariofemenino.com.ar\\\/df\\\/el-problema-es-la-violencia-de-genero\\\/#primaryimage\",\"url\":\"https:\\\/\\\/diariofemenino.com.ar\\\/df\\\/wp-content\\\/uploads\\\/2024\\\/01\\\/809645-whatsapp-20image-202024-01-22-20at-2019-45-48.jpeg\",\"contentUrl\":\"https:\\\/\\\/diariofemenino.com.ar\\\/df\\\/wp-content\\\/uploads\\\/2024\\\/01\\\/809645-whatsapp-20image-202024-01-22-20at-2019-45-48.jpeg\",\"width\":960,\"height\":640,\"caption\":\"El problema es la violencia de g\u00e9nero\"},{\"@type\":\"BreadcrumbList\",\"@id\":\"https:\\\/\\\/diariofemenino.com.ar\\\/df\\\/el-problema-es-la-violencia-de-genero\\\/#breadcrumb\",\"itemListElement\":[{\"@type\":\"ListItem\",\"position\":1,\"name\":\"Portada\",\"item\":\"https:\\\/\\\/diariofemenino.com.ar\\\/df\\\/\"},{\"@type\":\"ListItem\",\"position\":2,\"name\":\"El problema es la violencia de g\u00e9nero\"}]},{\"@type\":\"WebSite\",\"@id\":\"https:\\\/\\\/diariofemenino.com.ar\\\/df\\\/#website\",\"url\":\"https:\\\/\\\/diariofemenino.com.ar\\\/df\\\/\",\"name\":\"Diario Digital Femenino\",\"description\":\"Cuesti\u00f3n de G\u00e9nero\",\"publisher\":{\"@id\":\"https:\\\/\\\/diariofemenino.com.ar\\\/df\\\/#organization\"},\"potentialAction\":[{\"@type\":\"SearchAction\",\"target\":{\"@type\":\"EntryPoint\",\"urlTemplate\":\"https:\\\/\\\/diariofemenino.com.ar\\\/df\\\/?s={search_term_string}\"},\"query-input\":{\"@type\":\"PropertyValueSpecification\",\"valueRequired\":true,\"valueName\":\"search_term_string\"}}],\"inLanguage\":\"es\"},{\"@type\":\"Organization\",\"@id\":\"https:\\\/\\\/diariofemenino.com.ar\\\/df\\\/#organization\",\"name\":\"Diario Femenino\",\"url\":\"https:\\\/\\\/diariofemenino.com.ar\\\/df\\\/\",\"logo\":{\"@type\":\"ImageObject\",\"inLanguage\":\"es\",\"@id\":\"https:\\\/\\\/diariofemenino.com.ar\\\/df\\\/#\\\/schema\\\/logo\\\/image\\\/\",\"url\":\"https:\\\/\\\/diariofemenino.com.ar\\\/df\\\/wp-content\\\/uploads\\\/2018\\\/10\\\/logo.png\",\"contentUrl\":\"https:\\\/\\\/diariofemenino.com.ar\\\/df\\\/wp-content\\\/uploads\\\/2018\\\/10\\\/logo.png\",\"width\":500,\"height\":92,\"caption\":\"Diario Femenino\"},\"image\":{\"@id\":\"https:\\\/\\\/diariofemenino.com.ar\\\/df\\\/#\\\/schema\\\/logo\\\/image\\\/\"},\"sameAs\":[\"https:\\\/\\\/www.facebook.com\\\/DiarioDigitaFemenino\\\/\",\"https:\\\/\\\/x.com\\\/DiarioFemenino1\"]},{\"@type\":\"Person\",\"@id\":\"https:\\\/\\\/diariofemenino.com.ar\\\/df\\\/#\\\/schema\\\/person\\\/bf6199e8158c657ea6f789b11ec85509\",\"name\":\"Admin\",\"image\":{\"@type\":\"ImageObject\",\"inLanguage\":\"es\",\"@id\":\"https:\\\/\\\/diariofemenino.com.ar\\\/df\\\/wp-content\\\/uploads\\\/2018\\\/12\\\/favicon-150x150.jpg\",\"url\":\"https:\\\/\\\/diariofemenino.com.ar\\\/df\\\/wp-content\\\/uploads\\\/2018\\\/12\\\/favicon-150x150.jpg\",\"contentUrl\":\"https:\\\/\\\/diariofemenino.com.ar\\\/df\\\/wp-content\\\/uploads\\\/2018\\\/12\\\/favicon-150x150.jpg\",\"caption\":\"Admin\"},\"url\":\"https:\\\/\\\/diariofemenino.com.ar\\\/df\\\/author\\\/lenny\\\/\"}]}<\/script>\n<!-- \/ Yoast SEO plugin. -->","yoast_head_json":{"title":"El problema es la violencia de g\u00e9nero - Diario Digital Femenino","description":"El problema","robots":{"index":"index","follow":"follow","max-snippet":"max-snippet:-1","max-image-preview":"max-image-preview:large","max-video-preview":"max-video-preview:-1"},"canonical":"https:\/\/diariofemenino.com.ar\/df\/el-problema-es-la-violencia-de-genero\/","og_locale":"es_ES","og_type":"article","og_title":"El problema es la violencia de g\u00e9nero - Diario Digital Femenino","og_description":"El problema","og_url":"https:\/\/diariofemenino.com.ar\/df\/el-problema-es-la-violencia-de-genero\/","og_site_name":"Diario Digital Femenino","article_publisher":"https:\/\/www.facebook.com\/DiarioDigitaFemenino\/","article_published_time":"2024-01-23T14:47:54+00:00","og_image":[{"width":960,"height":640,"url":"https:\/\/diariofemenino.com.ar\/df\/wp-content\/uploads\/2024\/01\/809645-whatsapp-20image-202024-01-22-20at-2019-45-48.jpeg","type":"image\/jpeg"}],"author":"Admin","twitter_card":"summary_large_image","twitter_creator":"@DiarioFemenino1","twitter_site":"@DiarioFemenino1","twitter_misc":{"Escrito por":"Admin","Tiempo de lectura":"5 minutos"},"schema":{"@context":"https:\/\/schema.org","@graph":[{"@type":"Article","@id":"https:\/\/diariofemenino.com.ar\/df\/el-problema-es-la-violencia-de-genero\/#article","isPartOf":{"@id":"https:\/\/diariofemenino.com.ar\/df\/el-problema-es-la-violencia-de-genero\/"},"author":{"name":"Admin","@id":"https:\/\/diariofemenino.com.ar\/df\/#\/schema\/person\/bf6199e8158c657ea6f789b11ec85509"},"headline":"El problema es la violencia de g\u00e9nero","datePublished":"2024-01-23T14:47:54+00:00","mainEntityOfPage":{"@id":"https:\/\/diariofemenino.com.ar\/df\/el-problema-es-la-violencia-de-genero\/"},"wordCount":964,"commentCount":0,"publisher":{"@id":"https:\/\/diariofemenino.com.ar\/df\/#organization"},"image":{"@id":"https:\/\/diariofemenino.com.ar\/df\/el-problema-es-la-violencia-de-genero\/#primaryimage"},"thumbnailUrl":"https:\/\/diariofemenino.com.ar\/df\/wp-content\/uploads\/2024\/01\/809645-whatsapp-20image-202024-01-22-20at-2019-45-48.jpeg","keywords":["Aleccionar","Destacada","Discriminaci\u00f3n","Emiliano Samar","Femicidios","Feminismos","Machismo","Odio","Perspectiva de g\u00e9nero","Pol\u00edticas p\u00fablicas","Roberto Samar","subordinaci\u00f3n","Violencia de g\u00e9nero"],"articleSection":["Agenda Feminista","Art\u00edculos y Comunicados","G\u00e9nero y Derechos Humanos","Medios","Noticias","Resistencia VerdeVioleta","Salud","Trata de Pers.","Violencias"],"inLanguage":"es","potentialAction":[{"@type":"CommentAction","name":"Comment","target":["https:\/\/diariofemenino.com.ar\/df\/el-problema-es-la-violencia-de-genero\/#respond"]}]},{"@type":"WebPage","@id":"https:\/\/diariofemenino.com.ar\/df\/el-problema-es-la-violencia-de-genero\/","url":"https:\/\/diariofemenino.com.ar\/df\/el-problema-es-la-violencia-de-genero\/","name":"El problema es la violencia de g\u00e9nero - Diario Digital Femenino","isPartOf":{"@id":"https:\/\/diariofemenino.com.ar\/df\/#website"},"primaryImageOfPage":{"@id":"https:\/\/diariofemenino.com.ar\/df\/el-problema-es-la-violencia-de-genero\/#primaryimage"},"image":{"@id":"https:\/\/diariofemenino.com.ar\/df\/el-problema-es-la-violencia-de-genero\/#primaryimage"},"thumbnailUrl":"https:\/\/diariofemenino.com.ar\/df\/wp-content\/uploads\/2024\/01\/809645-whatsapp-20image-202024-01-22-20at-2019-45-48.jpeg","datePublished":"2024-01-23T14:47:54+00:00","description":"El problema","breadcrumb":{"@id":"https:\/\/diariofemenino.com.ar\/df\/el-problema-es-la-violencia-de-genero\/#breadcrumb"},"inLanguage":"es","potentialAction":[{"@type":"ReadAction","target":["https:\/\/diariofemenino.com.ar\/df\/el-problema-es-la-violencia-de-genero\/"]}]},{"@type":"ImageObject","inLanguage":"es","@id":"https:\/\/diariofemenino.com.ar\/df\/el-problema-es-la-violencia-de-genero\/#primaryimage","url":"https:\/\/diariofemenino.com.ar\/df\/wp-content\/uploads\/2024\/01\/809645-whatsapp-20image-202024-01-22-20at-2019-45-48.jpeg","contentUrl":"https:\/\/diariofemenino.com.ar\/df\/wp-content\/uploads\/2024\/01\/809645-whatsapp-20image-202024-01-22-20at-2019-45-48.jpeg","width":960,"height":640,"caption":"El problema es la violencia de g\u00e9nero"},{"@type":"BreadcrumbList","@id":"https:\/\/diariofemenino.com.ar\/df\/el-problema-es-la-violencia-de-genero\/#breadcrumb","itemListElement":[{"@type":"ListItem","position":1,"name":"Portada","item":"https:\/\/diariofemenino.com.ar\/df\/"},{"@type":"ListItem","position":2,"name":"El problema es la violencia de g\u00e9nero"}]},{"@type":"WebSite","@id":"https:\/\/diariofemenino.com.ar\/df\/#website","url":"https:\/\/diariofemenino.com.ar\/df\/","name":"Diario Digital Femenino","description":"Cuesti\u00f3n de G\u00e9nero","publisher":{"@id":"https:\/\/diariofemenino.com.ar\/df\/#organization"},"potentialAction":[{"@type":"SearchAction","target":{"@type":"EntryPoint","urlTemplate":"https:\/\/diariofemenino.com.ar\/df\/?s={search_term_string}"},"query-input":{"@type":"PropertyValueSpecification","valueRequired":true,"valueName":"search_term_string"}}],"inLanguage":"es"},{"@type":"Organization","@id":"https:\/\/diariofemenino.com.ar\/df\/#organization","name":"Diario Femenino","url":"https:\/\/diariofemenino.com.ar\/df\/","logo":{"@type":"ImageObject","inLanguage":"es","@id":"https:\/\/diariofemenino.com.ar\/df\/#\/schema\/logo\/image\/","url":"https:\/\/diariofemenino.com.ar\/df\/wp-content\/uploads\/2018\/10\/logo.png","contentUrl":"https:\/\/diariofemenino.com.ar\/df\/wp-content\/uploads\/2018\/10\/logo.png","width":500,"height":92,"caption":"Diario Femenino"},"image":{"@id":"https:\/\/diariofemenino.com.ar\/df\/#\/schema\/logo\/image\/"},"sameAs":["https:\/\/www.facebook.com\/DiarioDigitaFemenino\/","https:\/\/x.com\/DiarioFemenino1"]},{"@type":"Person","@id":"https:\/\/diariofemenino.com.ar\/df\/#\/schema\/person\/bf6199e8158c657ea6f789b11ec85509","name":"Admin","image":{"@type":"ImageObject","inLanguage":"es","@id":"https:\/\/diariofemenino.com.ar\/df\/wp-content\/uploads\/2018\/12\/favicon-150x150.jpg","url":"https:\/\/diariofemenino.com.ar\/df\/wp-content\/uploads\/2018\/12\/favicon-150x150.jpg","contentUrl":"https:\/\/diariofemenino.com.ar\/df\/wp-content\/uploads\/2018\/12\/favicon-150x150.jpg","caption":"Admin"},"url":"https:\/\/diariofemenino.com.ar\/df\/author\/lenny\/"}]}},"jetpack_featured_media_url":"https:\/\/diariofemenino.com.ar\/df\/wp-content\/uploads\/2024\/01\/809645-whatsapp-20image-202024-01-22-20at-2019-45-48.jpeg","jetpack_sharing_enabled":true,"rttpg_featured_image_url":{"full":["https:\/\/diariofemenino.com.ar\/df\/wp-content\/uploads\/2024\/01\/809645-whatsapp-20image-202024-01-22-20at-2019-45-48.jpeg",960,640,false],"landscape":["https:\/\/diariofemenino.com.ar\/df\/wp-content\/uploads\/2024\/01\/809645-whatsapp-20image-202024-01-22-20at-2019-45-48.jpeg",960,640,false],"portraits":["https:\/\/diariofemenino.com.ar\/df\/wp-content\/uploads\/2024\/01\/809645-whatsapp-20image-202024-01-22-20at-2019-45-48.jpeg",960,640,false],"thumbnail":["https:\/\/diariofemenino.com.ar\/df\/wp-content\/uploads\/2024\/01\/809645-whatsapp-20image-202024-01-22-20at-2019-45-48-150x150.jpeg",150,150,true],"medium":["https:\/\/diariofemenino.com.ar\/df\/wp-content\/uploads\/2024\/01\/809645-whatsapp-20image-202024-01-22-20at-2019-45-48-300x200.jpeg",300,200,true],"large":["https:\/\/diariofemenino.com.ar\/df\/wp-content\/uploads\/2024\/01\/809645-whatsapp-20image-202024-01-22-20at-2019-45-48.jpeg",960,640,false],"1536x1536":["https:\/\/diariofemenino.com.ar\/df\/wp-content\/uploads\/2024\/01\/809645-whatsapp-20image-202024-01-22-20at-2019-45-48.jpeg",960,640,false],"2048x2048":["https:\/\/diariofemenino.com.ar\/df\/wp-content\/uploads\/2024\/01\/809645-whatsapp-20image-202024-01-22-20at-2019-45-48.jpeg",960,640,false]},"rttpg_author":{"display_name":"Admin","author_link":"https:\/\/diariofemenino.com.ar\/df\/author\/lenny\/"},"rttpg_comment":0,"rttpg_category":"<a href=\"https:\/\/diariofemenino.com.ar\/df\/category\/agenda-feminista\/\" rel=\"category tag\">Agenda Feminista<\/a> <a href=\"https:\/\/diariofemenino.com.ar\/df\/category\/articulos-y-comunicados\/\" rel=\"category tag\">Art\u00edculos y Comunicados<\/a> <a href=\"https:\/\/diariofemenino.com.ar\/df\/category\/genero-y-derechos-humanos\/\" rel=\"category tag\">G\u00e9nero y Derechos Humanos<\/a> <a href=\"https:\/\/diariofemenino.com.ar\/df\/category\/medios\/\" rel=\"category tag\">Medios<\/a> <a href=\"https:\/\/diariofemenino.com.ar\/df\/category\/noticias\/\" rel=\"category tag\">Noticias<\/a> <a href=\"https:\/\/diariofemenino.com.ar\/df\/category\/resistencia-verdevioleta\/\" rel=\"category tag\">Resistencia VerdeVioleta<\/a> <a href=\"https:\/\/diariofemenino.com.ar\/df\/category\/salud\/\" rel=\"category tag\">Salud<\/a> <a href=\"https:\/\/diariofemenino.com.ar\/df\/category\/trata-de-personas\/\" rel=\"category tag\">Trata de Pers.<\/a> <a href=\"https:\/\/diariofemenino.com.ar\/df\/category\/violencias\/\" rel=\"category tag\">Violencias<\/a>","rttpg_excerpt":"Milei y la estigmatizaci\u00f3n del feminismo Por\u00a0Emiliano Samar y Roberto Samar El presidente de la Argentina, Javier Milei, busc\u00f3 en Davos estigmatizar al movimiento feminista: \u00aben lo \u00fanico que devino esta agenda del feminismo radical es en mayor intervenci\u00f3n del estado para entorpecer el proceso econ\u00f3mico\u201d. Pero el problema no es de agendas, ni de&hellip;","_links":{"self":[{"href":"https:\/\/diariofemenino.com.ar\/df\/wp-json\/wp\/v2\/posts\/72165","targetHints":{"allow":["GET"]}}],"collection":[{"href":"https:\/\/diariofemenino.com.ar\/df\/wp-json\/wp\/v2\/posts"}],"about":[{"href":"https:\/\/diariofemenino.com.ar\/df\/wp-json\/wp\/v2\/types\/post"}],"author":[{"embeddable":true,"href":"https:\/\/diariofemenino.com.ar\/df\/wp-json\/wp\/v2\/users\/4"}],"replies":[{"embeddable":true,"href":"https:\/\/diariofemenino.com.ar\/df\/wp-json\/wp\/v2\/comments?post=72165"}],"version-history":[{"count":1,"href":"https:\/\/diariofemenino.com.ar\/df\/wp-json\/wp\/v2\/posts\/72165\/revisions"}],"predecessor-version":[{"id":75471,"href":"https:\/\/diariofemenino.com.ar\/df\/wp-json\/wp\/v2\/posts\/72165\/revisions\/75471"}],"wp:featuredmedia":[{"embeddable":true,"href":"https:\/\/diariofemenino.com.ar\/df\/wp-json\/wp\/v2\/media\/72167"}],"wp:attachment":[{"href":"https:\/\/diariofemenino.com.ar\/df\/wp-json\/wp\/v2\/media?parent=72165"}],"wp:term":[{"taxonomy":"category","embeddable":true,"href":"https:\/\/diariofemenino.com.ar\/df\/wp-json\/wp\/v2\/categories?post=72165"},{"taxonomy":"post_tag","embeddable":true,"href":"https:\/\/diariofemenino.com.ar\/df\/wp-json\/wp\/v2\/tags?post=72165"}],"curies":[{"name":"wp","href":"https:\/\/api.w.org\/{rel}","templated":true}]}}