{"id":72060,"date":"2023-12-26T10:17:45","date_gmt":"2023-12-26T13:17:45","guid":{"rendered":"https:\/\/diariofemenino.com.ar\/df\/?p=72060"},"modified":"2023-12-26T10:17:45","modified_gmt":"2023-12-26T13:17:45","slug":"segundo-encuentro-nacional-de-sobrevivientes-de-prostitucion-explotacion-sexual-y-trata","status":"publish","type":"post","link":"https:\/\/diariofemenino.com.ar\/df\/segundo-encuentro-nacional-de-sobrevivientes-de-prostitucion-explotacion-sexual-y-trata\/","title":{"rendered":"Segundo Encuentro Nacional de sobrevivientes de Prostituci\u00f3n, Explotaci\u00f3n Sexual y Trata"},"content":{"rendered":"<p>Los d\u00edas 19 y 20 de diciembre se realiz\u00f3 el segundo Encuentro Nacional de Sobrevivientes de Prostituci\u00f3n, Explotaci\u00f3n Sexual y Trata, organizado por la Asociaci\u00f3n de Mujeres Argentinas por los Derechos Humanos (<a href=\"https:\/\/mujeresporlosderechoshumanos.wordpress.com\/\">AMADH<\/a>).<\/p>\n<p>El Encuentro se desarroll\u00f3 en la Unidad Tur\u00edstica de Chapadmalal, situaci\u00f3n que permiti\u00f3 tambi\u00e9n disfrutar del mar, para muchas, por primera vez.<\/p>\n<p>Con la participaci\u00f3n de m\u00e1s de 40 integrantes de las sedes de AMADH de Salta, Formosa, Corrientes, La Pampa, Tucum\u00e1n y Buenos Aires, estas jornadas permitieron la celebraci\u00f3n de los 20 a\u00f1os de organizaci\u00f3n y la generaci\u00f3n de espacios de formaci\u00f3n e intercambio para elaborar un documento con las principales demandas del sector.<\/p>\n<p>Tambi\u00e9n se present\u00f3 una edici\u00f3n especial de la Revista \u00abCon voz propia\u00bb de AMADH para recuperar la historia de lucha desde el abolicionismo territorial.<\/p>\n<figure id=\"attachment_72066\" aria-describedby=\"caption-attachment-72066\" style=\"width: 608px\" class=\"wp-caption aligncenter\"><img loading=\"lazy\" decoding=\"async\" class=\" wp-image-72066\" src=\"https:\/\/diariofemenino.com.ar\/df\/wp-content\/uploads\/2023\/12\/Grace-4.jpg\" alt=\"Segundo Encuentro Nacional de sobrevivientes de Prostituci\u00f3n, Explotaci\u00f3n Sexual y Trata\" width=\"608\" height=\"403\" srcset=\"https:\/\/diariofemenino.com.ar\/df\/wp-content\/uploads\/2023\/12\/Grace-4.jpg 985w, https:\/\/diariofemenino.com.ar\/df\/wp-content\/uploads\/2023\/12\/Grace-4-300x199.jpg 300w, https:\/\/diariofemenino.com.ar\/df\/wp-content\/uploads\/2023\/12\/Grace-4-768x508.jpg 768w\" sizes=\"auto, (max-width: 608px) 100vw, 608px\" \/><figcaption id=\"caption-attachment-72066\" class=\"wp-caption-text\">Segundo Encuentro Nacional de sobrevivientes de Prostituci\u00f3n, Explotaci\u00f3n Sexual y Trata<\/figcaption><\/figure>\n<p><strong>El documento<\/strong><\/p>\n<p>Los d\u00edas 19 y 20 de diciembre de 2023 en Chapadmalal, provincia de Buenos Aires, Argentina, celebramos el 2do Encuentro Nacional de Sobrevivientes de Trata y Explotaci\u00f3n Sexual organizado por la Asociaci\u00f3n de Mujeres Argentinas por los Derechos Humanos (AMADH).<\/p>\n<p><img loading=\"lazy\" decoding=\"async\" class=\"aligncenter  wp-image-72069\" src=\"https:\/\/diariofemenino.com.ar\/df\/wp-content\/uploads\/2023\/12\/Grace-1.jpg\" alt=\"\" width=\"477\" height=\"316\" srcset=\"https:\/\/diariofemenino.com.ar\/df\/wp-content\/uploads\/2023\/12\/Grace-1.jpg 985w, https:\/\/diariofemenino.com.ar\/df\/wp-content\/uploads\/2023\/12\/Grace-1-300x199.jpg 300w, https:\/\/diariofemenino.com.ar\/df\/wp-content\/uploads\/2023\/12\/Grace-1-768x508.jpg 768w\" sizes=\"auto, (max-width: 477px) 100vw, 477px\" \/><\/p>\n<p>A 20 de a\u00f1os de haber tomado una posici\u00f3n abolicionista de la prostituci\u00f3n reconocemos los avances y los derechos conquistados durante este tiempo. Sin embargo, queremos elevar nuestra voz por <a href=\"https:\/\/diariofemenino.com.ar\/df\/declaracion-de-las-sobrevivientes-de-prostitucion-y-trata-de-america-latina-y-el-caribe\/\">las deudas que el estado argentino todav\u00eda mantiene con nosotras<\/a> como mujeres sobrevivientes de trata y explotaci\u00f3n sexual. El gobierno que reci\u00e9n asumi\u00f3 en nuestro pa\u00eds se manifiesta abiertamente a favor de un Estado reducido a su m\u00ednima expresi\u00f3n, lo que afecta directamente a los sectores vulnerables y emprobrecidos. En este contexto de avance neoliberal nos mantienen alerta los recortes en \u00e1reas clave del Estado y las medidas econ\u00f3micas de ajuste, que atentan contra nuestros derechos consagrados en la Constituci\u00f3n y empobrecen a la poblaci\u00f3n. En este marco nos preguntamos con qu\u00e9 herramientas contar\u00e1 el Estado para erradicar la trata de personas y la explotaci\u00f3n sexual. Sabemos que en nuestra sociedad a\u00fan se mantiene naturalizado el sistema prostituyente. El agravamiento de la desigualdad golpea particularmente a las mujeres, ni\u00f1as y ni\u00f1os, dej\u00e1ndonos en situaci\u00f3n de vulnerabilidad lo que facilita y promueve el accionar de las redes de trata. Nos alarma tambi\u00e9n el avance de las nuevas formas de captaci\u00f3n y explotaci\u00f3n que se expanden a trav\u00e9s de las redes sociales y plataformas de producci\u00f3n de contenido. Tambi\u00e9n nos preocupa el crecimiento del narcotr\u00e1fico que somete a las mujeres a trav\u00e9s del consumo y las utiliza para sus negocios.<\/p>\n<figure id=\"attachment_72067\" aria-describedby=\"caption-attachment-72067\" style=\"width: 551px\" class=\"wp-caption aligncenter\"><img loading=\"lazy\" decoding=\"async\" class=\" wp-image-72067\" src=\"https:\/\/diariofemenino.com.ar\/df\/wp-content\/uploads\/2023\/12\/Grace-3.jpg\" alt=\"Segundo Encuentro Nacional de sobrevivientes de Prostituci\u00f3n, Explotaci\u00f3n Sexual y Trata\" width=\"551\" height=\"365\" srcset=\"https:\/\/diariofemenino.com.ar\/df\/wp-content\/uploads\/2023\/12\/Grace-3.jpg 985w, https:\/\/diariofemenino.com.ar\/df\/wp-content\/uploads\/2023\/12\/Grace-3-300x199.jpg 300w, https:\/\/diariofemenino.com.ar\/df\/wp-content\/uploads\/2023\/12\/Grace-3-768x508.jpg 768w\" sizes=\"auto, (max-width: 551px) 100vw, 551px\" \/><figcaption id=\"caption-attachment-72067\" class=\"wp-caption-text\">Segundo Encuentro Nacional de sobrevivientes de Prostituci\u00f3n, Explotaci\u00f3n Sexual y Trata<\/figcaption><\/figure>\n<p>En este sentido, reclamamos en primer lugar al Estado argentino reparaci\u00f3n hist\u00f3rica para las sobrevivientes de trata y explotaci\u00f3n sexual que fueron v\u00edctimas de este delito con anterioridad a la sanci\u00f3n de la Ley n\u00b026842 de Prevenci\u00f3n y Sanci\u00f3n de la Trata de Personas y Asistencia a sus V\u00edctimas. Tambi\u00e9n decimos NO a las modificaciones que algunos sectores buscan introducir en esta ley.<\/p>\n<p>Asimismo, exigimos para las desocupadas que sobreviven de la prostituci\u00f3n, para v\u00edctimas de trata y explotaci\u00f3n sexual y para su n\u00facleo familiar pol\u00edticas p\u00fablicas espec\u00edficas como:<\/p>\n<ul>\n<li>Garantizar el acceso a la vivienda, a la educaci\u00f3n, a la salud integral y el trabajo genuino.<\/li>\n<li>Formaci\u00f3n para acceder al trabajo formal.<\/li>\n<li>Cupo laboral dentro del Estado.<\/li>\n<li>Derogaci\u00f3n de los c\u00f3digos contravencionales que aun siguen vigentes a lo largo del pa\u00eds.<\/li>\n<li>Cese de la violencia y persecuci\u00f3n policial.<\/li>\n<li>Reconocimiento y abordaje de la prostituci\u00f3n como una forma violencia de g\u00e9nero.<\/li>\n<li>Cumplimiento de los tratados internacionales de derechos humanos suscriptos por la Argentina.<\/li>\n<li>Reconocimiento pol\u00edtico y econ\u00f3mico del trabajo socio-comunitario de la organizaci\u00f3n y las promotoras territoriales de AMADH.<\/li>\n<li>Participaci\u00f3n de AMADH en el dise\u00f1o y ejecuci\u00f3n de las pol\u00edticas p\u00fablicas espec\u00edficas para el sector.<\/li>\n<li>Democratizaci\u00f3n del acceso a la justicia y la asistencia integral a las v\u00edctimas de trata.<\/li>\n<li>Cumplimiento efectivo del patrocinio jur\u00eddico especializado y gratuito.<\/li>\n<li>Desalentar la demanda de prostituci\u00f3n y combatir la difusi\u00f3n de mensajes que promueven el consumo y mercantilizaci\u00f3n de los cuerpos.<\/li>\n<\/ul>\n<figure id=\"attachment_72065\" aria-describedby=\"caption-attachment-72065\" style=\"width: 553px\" class=\"wp-caption aligncenter\"><img loading=\"lazy\" decoding=\"async\" class=\" wp-image-72065\" src=\"https:\/\/diariofemenino.com.ar\/df\/wp-content\/uploads\/2023\/12\/Grace-5.jpg\" alt=\"Segundo Encuentro Nacional de sobrevivientes de Prostituci\u00f3n, Explotaci\u00f3n Sexual y Trata\" width=\"553\" height=\"366\" srcset=\"https:\/\/diariofemenino.com.ar\/df\/wp-content\/uploads\/2023\/12\/Grace-5.jpg 985w, https:\/\/diariofemenino.com.ar\/df\/wp-content\/uploads\/2023\/12\/Grace-5-300x199.jpg 300w, https:\/\/diariofemenino.com.ar\/df\/wp-content\/uploads\/2023\/12\/Grace-5-768x508.jpg 768w\" sizes=\"auto, (max-width: 553px) 100vw, 553px\" \/><figcaption id=\"caption-attachment-72065\" class=\"wp-caption-text\">Segundo Encuentro Nacional de sobrevivientes de Prostituci\u00f3n, Explotaci\u00f3n Sexual y Trata<\/figcaption><\/figure>\n<p>&nbsp;<\/p>\n<blockquote><p>Seguinos en Instagram\u00a0<a href=\"https:\/\/www.instagram.com\/diariodigitalfemenino_\/\">@diariodigitalfemenino_<\/a><br \/>\n<a href=\"https:\/\/www.instagram.com\/lennycaceres69\/\">@lennycaceres69<\/a><\/p><\/blockquote>\n","protected":false},"excerpt":{"rendered":"<p>Los d\u00edas 19 y 20 de diciembre se realiz\u00f3 el segundo Encuentro Nacional de Sobrevivientes de Prostituci\u00f3n, Explotaci\u00f3n Sexual y Trata, organizado por la Asociaci\u00f3n de Mujeres Argentinas por los Derechos Humanos (AMADH). El Encuentro se desarroll\u00f3 en la Unidad Tur\u00edstica de Chapadmalal, situaci\u00f3n que permiti\u00f3 tambi\u00e9n disfrutar del mar, para muchas, por primera vez. [&hellip;]<\/p>\n","protected":false},"author":4,"featured_media":72068,"comment_status":"open","ping_status":"open","sticky":false,"template":"","format":"standard","meta":{"iawp_total_views":17,"footnotes":""},"categories":[1],"tags":[5055,4372,6604,2030,52,128,773],"class_list":["post-72060","post","type-post","status-publish","format-standard","has-post-thumbnail","hentry","category-uncategorized","tag-amadh","tag-destacada","tag-documento","tag-encuentro","tag-explotacion-sexual","tag-prostitucion","tag-trata"],"nelio_content":{"autoShareEndMode":"never","automationSources":{"useCustomSentences":false,"customSentences":[]},"efiAlt":"","efiUrl":"","followers":[4],"highlights":[],"isAutoShareEnabled":true,"networkImageIds":[],"permalinkQueryArgs":[],"series":[],"suggestedReferences":[]},"yoast_head":"<!-- This site is optimized with the Yoast SEO plugin v27.5 - https:\/\/yoast.com\/product\/yoast-seo-wordpress\/ -->\n<title>Segundo Encuentro Nacional de sobrevivientes de Prostituci\u00f3n, Explotaci\u00f3n Sexual y Trata - Diario Digital Femenino<\/title>\n<meta name=\"description\" content=\"Segundo Encuentro Nacional, Se realiz\u00f3 en Chapadmalal el encuentro sobre Prostituci\u00f3n, Explotaci\u00f3n Sexual y Trata.\" \/>\n<meta name=\"robots\" content=\"index, follow, max-snippet:-1, max-image-preview:large, max-video-preview:-1\" \/>\n<link rel=\"canonical\" href=\"https:\/\/diariofemenino.com.ar\/df\/segundo-encuentro-nacional-de-sobrevivientes-de-prostitucion-explotacion-sexual-y-trata\/\" \/>\n<meta property=\"og:locale\" content=\"es_ES\" \/>\n<meta property=\"og:type\" content=\"article\" \/>\n<meta property=\"og:title\" content=\"Segundo Encuentro Nacional de sobrevivientes de Prostituci\u00f3n, Explotaci\u00f3n Sexual y Trata - Diario Digital Femenino\" \/>\n<meta property=\"og:description\" content=\"Segundo Encuentro Nacional, Se realiz\u00f3 en Chapadmalal el encuentro sobre Prostituci\u00f3n, Explotaci\u00f3n Sexual y Trata.\" \/>\n<meta property=\"og:url\" content=\"https:\/\/diariofemenino.com.ar\/df\/segundo-encuentro-nacional-de-sobrevivientes-de-prostitucion-explotacion-sexual-y-trata\/\" \/>\n<meta property=\"og:site_name\" content=\"Diario Digital Femenino\" \/>\n<meta property=\"article:publisher\" content=\"https:\/\/www.facebook.com\/DiarioDigitaFemenino\/\" \/>\n<meta property=\"article:published_time\" content=\"2023-12-26T13:17:45+00:00\" \/>\n<meta property=\"og:image\" content=\"https:\/\/diariofemenino.com.ar\/df\/wp-content\/uploads\/2023\/12\/Grace-2.jpg\" \/>\n\t<meta property=\"og:image:width\" content=\"985\" \/>\n\t<meta property=\"og:image:height\" content=\"652\" \/>\n\t<meta property=\"og:image:type\" content=\"image\/jpeg\" \/>\n<meta name=\"author\" content=\"Admin\" \/>\n<meta name=\"twitter:card\" content=\"summary_large_image\" \/>\n<meta name=\"twitter:creator\" content=\"@DiarioFemenino1\" \/>\n<meta name=\"twitter:site\" content=\"@DiarioFemenino1\" \/>\n<meta name=\"twitter:label1\" content=\"Escrito por\" \/>\n\t<meta name=\"twitter:data1\" content=\"Admin\" \/>\n\t<meta name=\"twitter:label2\" content=\"Tiempo de lectura\" \/>\n\t<meta name=\"twitter:data2\" content=\"5 minutos\" \/>\n<script type=\"application\/ld+json\" class=\"yoast-schema-graph\">{\"@context\":\"https:\\\/\\\/schema.org\",\"@graph\":[{\"@type\":\"Article\",\"@id\":\"https:\\\/\\\/diariofemenino.com.ar\\\/df\\\/segundo-encuentro-nacional-de-sobrevivientes-de-prostitucion-explotacion-sexual-y-trata\\\/#article\",\"isPartOf\":{\"@id\":\"https:\\\/\\\/diariofemenino.com.ar\\\/df\\\/segundo-encuentro-nacional-de-sobrevivientes-de-prostitucion-explotacion-sexual-y-trata\\\/\"},\"author\":{\"name\":\"Admin\",\"@id\":\"https:\\\/\\\/diariofemenino.com.ar\\\/df\\\/#\\\/schema\\\/person\\\/bf6199e8158c657ea6f789b11ec85509\"},\"headline\":\"Segundo Encuentro Nacional de sobrevivientes de Prostituci\u00f3n, Explotaci\u00f3n Sexual y Trata\",\"datePublished\":\"2023-12-26T13:17:45+00:00\",\"mainEntityOfPage\":{\"@id\":\"https:\\\/\\\/diariofemenino.com.ar\\\/df\\\/segundo-encuentro-nacional-de-sobrevivientes-de-prostitucion-explotacion-sexual-y-trata\\\/\"},\"wordCount\":795,\"commentCount\":0,\"publisher\":{\"@id\":\"https:\\\/\\\/diariofemenino.com.ar\\\/df\\\/#organization\"},\"image\":{\"@id\":\"https:\\\/\\\/diariofemenino.com.ar\\\/df\\\/segundo-encuentro-nacional-de-sobrevivientes-de-prostitucion-explotacion-sexual-y-trata\\\/#primaryimage\"},\"thumbnailUrl\":\"https:\\\/\\\/diariofemenino.com.ar\\\/df\\\/wp-content\\\/uploads\\\/2023\\\/12\\\/Grace-2.jpg\",\"keywords\":[\"AMADH\",\"Destacada\",\"documento\",\"encuentro\",\"Explotaci\u00f3n sexual\",\"Prostituci\u00f3n\",\"Trata\"],\"articleSection\":[\"Uncategorized\"],\"inLanguage\":\"es\",\"potentialAction\":[{\"@type\":\"CommentAction\",\"name\":\"Comment\",\"target\":[\"https:\\\/\\\/diariofemenino.com.ar\\\/df\\\/segundo-encuentro-nacional-de-sobrevivientes-de-prostitucion-explotacion-sexual-y-trata\\\/#respond\"]}]},{\"@type\":\"WebPage\",\"@id\":\"https:\\\/\\\/diariofemenino.com.ar\\\/df\\\/segundo-encuentro-nacional-de-sobrevivientes-de-prostitucion-explotacion-sexual-y-trata\\\/\",\"url\":\"https:\\\/\\\/diariofemenino.com.ar\\\/df\\\/segundo-encuentro-nacional-de-sobrevivientes-de-prostitucion-explotacion-sexual-y-trata\\\/\",\"name\":\"Segundo Encuentro Nacional de sobrevivientes de Prostituci\u00f3n, Explotaci\u00f3n Sexual y Trata - Diario Digital Femenino\",\"isPartOf\":{\"@id\":\"https:\\\/\\\/diariofemenino.com.ar\\\/df\\\/#website\"},\"primaryImageOfPage\":{\"@id\":\"https:\\\/\\\/diariofemenino.com.ar\\\/df\\\/segundo-encuentro-nacional-de-sobrevivientes-de-prostitucion-explotacion-sexual-y-trata\\\/#primaryimage\"},\"image\":{\"@id\":\"https:\\\/\\\/diariofemenino.com.ar\\\/df\\\/segundo-encuentro-nacional-de-sobrevivientes-de-prostitucion-explotacion-sexual-y-trata\\\/#primaryimage\"},\"thumbnailUrl\":\"https:\\\/\\\/diariofemenino.com.ar\\\/df\\\/wp-content\\\/uploads\\\/2023\\\/12\\\/Grace-2.jpg\",\"datePublished\":\"2023-12-26T13:17:45+00:00\",\"description\":\"Segundo Encuentro Nacional, Se realiz\u00f3 en Chapadmalal el encuentro sobre Prostituci\u00f3n, Explotaci\u00f3n Sexual y Trata.\",\"breadcrumb\":{\"@id\":\"https:\\\/\\\/diariofemenino.com.ar\\\/df\\\/segundo-encuentro-nacional-de-sobrevivientes-de-prostitucion-explotacion-sexual-y-trata\\\/#breadcrumb\"},\"inLanguage\":\"es\",\"potentialAction\":[{\"@type\":\"ReadAction\",\"target\":[\"https:\\\/\\\/diariofemenino.com.ar\\\/df\\\/segundo-encuentro-nacional-de-sobrevivientes-de-prostitucion-explotacion-sexual-y-trata\\\/\"]}]},{\"@type\":\"ImageObject\",\"inLanguage\":\"es\",\"@id\":\"https:\\\/\\\/diariofemenino.com.ar\\\/df\\\/segundo-encuentro-nacional-de-sobrevivientes-de-prostitucion-explotacion-sexual-y-trata\\\/#primaryimage\",\"url\":\"https:\\\/\\\/diariofemenino.com.ar\\\/df\\\/wp-content\\\/uploads\\\/2023\\\/12\\\/Grace-2.jpg\",\"contentUrl\":\"https:\\\/\\\/diariofemenino.com.ar\\\/df\\\/wp-content\\\/uploads\\\/2023\\\/12\\\/Grace-2.jpg\",\"width\":985,\"height\":652,\"caption\":\"Segundo Encuentro Nacional de sobrevivientes de Prostituci\u00f3n, Explotaci\u00f3n Sexual y Trata\"},{\"@type\":\"BreadcrumbList\",\"@id\":\"https:\\\/\\\/diariofemenino.com.ar\\\/df\\\/segundo-encuentro-nacional-de-sobrevivientes-de-prostitucion-explotacion-sexual-y-trata\\\/#breadcrumb\",\"itemListElement\":[{\"@type\":\"ListItem\",\"position\":1,\"name\":\"Portada\",\"item\":\"https:\\\/\\\/diariofemenino.com.ar\\\/df\\\/\"},{\"@type\":\"ListItem\",\"position\":2,\"name\":\"Segundo Encuentro Nacional de sobrevivientes de Prostituci\u00f3n, Explotaci\u00f3n Sexual y Trata\"}]},{\"@type\":\"WebSite\",\"@id\":\"https:\\\/\\\/diariofemenino.com.ar\\\/df\\\/#website\",\"url\":\"https:\\\/\\\/diariofemenino.com.ar\\\/df\\\/\",\"name\":\"Diario Digital Femenino\",\"description\":\"Cuesti\u00f3n de G\u00e9nero\",\"publisher\":{\"@id\":\"https:\\\/\\\/diariofemenino.com.ar\\\/df\\\/#organization\"},\"potentialAction\":[{\"@type\":\"SearchAction\",\"target\":{\"@type\":\"EntryPoint\",\"urlTemplate\":\"https:\\\/\\\/diariofemenino.com.ar\\\/df\\\/?s={search_term_string}\"},\"query-input\":{\"@type\":\"PropertyValueSpecification\",\"valueRequired\":true,\"valueName\":\"search_term_string\"}}],\"inLanguage\":\"es\"},{\"@type\":\"Organization\",\"@id\":\"https:\\\/\\\/diariofemenino.com.ar\\\/df\\\/#organization\",\"name\":\"Diario Femenino\",\"url\":\"https:\\\/\\\/diariofemenino.com.ar\\\/df\\\/\",\"logo\":{\"@type\":\"ImageObject\",\"inLanguage\":\"es\",\"@id\":\"https:\\\/\\\/diariofemenino.com.ar\\\/df\\\/#\\\/schema\\\/logo\\\/image\\\/\",\"url\":\"https:\\\/\\\/diariofemenino.com.ar\\\/df\\\/wp-content\\\/uploads\\\/2018\\\/10\\\/logo.png\",\"contentUrl\":\"https:\\\/\\\/diariofemenino.com.ar\\\/df\\\/wp-content\\\/uploads\\\/2018\\\/10\\\/logo.png\",\"width\":500,\"height\":92,\"caption\":\"Diario Femenino\"},\"image\":{\"@id\":\"https:\\\/\\\/diariofemenino.com.ar\\\/df\\\/#\\\/schema\\\/logo\\\/image\\\/\"},\"sameAs\":[\"https:\\\/\\\/www.facebook.com\\\/DiarioDigitaFemenino\\\/\",\"https:\\\/\\\/x.com\\\/DiarioFemenino1\"]},{\"@type\":\"Person\",\"@id\":\"https:\\\/\\\/diariofemenino.com.ar\\\/df\\\/#\\\/schema\\\/person\\\/bf6199e8158c657ea6f789b11ec85509\",\"name\":\"Admin\",\"image\":{\"@type\":\"ImageObject\",\"inLanguage\":\"es\",\"@id\":\"https:\\\/\\\/diariofemenino.com.ar\\\/df\\\/wp-content\\\/uploads\\\/2018\\\/12\\\/favicon-150x150.jpg\",\"url\":\"https:\\\/\\\/diariofemenino.com.ar\\\/df\\\/wp-content\\\/uploads\\\/2018\\\/12\\\/favicon-150x150.jpg\",\"contentUrl\":\"https:\\\/\\\/diariofemenino.com.ar\\\/df\\\/wp-content\\\/uploads\\\/2018\\\/12\\\/favicon-150x150.jpg\",\"caption\":\"Admin\"},\"url\":\"https:\\\/\\\/diariofemenino.com.ar\\\/df\\\/author\\\/lenny\\\/\"}]}<\/script>\n<!-- \/ Yoast SEO plugin. -->","yoast_head_json":{"title":"Segundo Encuentro Nacional de sobrevivientes de Prostituci\u00f3n, Explotaci\u00f3n Sexual y Trata - Diario Digital Femenino","description":"Segundo Encuentro Nacional, Se realiz\u00f3 en Chapadmalal el encuentro sobre Prostituci\u00f3n, Explotaci\u00f3n Sexual y Trata.","robots":{"index":"index","follow":"follow","max-snippet":"max-snippet:-1","max-image-preview":"max-image-preview:large","max-video-preview":"max-video-preview:-1"},"canonical":"https:\/\/diariofemenino.com.ar\/df\/segundo-encuentro-nacional-de-sobrevivientes-de-prostitucion-explotacion-sexual-y-trata\/","og_locale":"es_ES","og_type":"article","og_title":"Segundo Encuentro Nacional de sobrevivientes de Prostituci\u00f3n, Explotaci\u00f3n Sexual y Trata - Diario Digital Femenino","og_description":"Segundo Encuentro Nacional, Se realiz\u00f3 en Chapadmalal el encuentro sobre Prostituci\u00f3n, Explotaci\u00f3n Sexual y Trata.","og_url":"https:\/\/diariofemenino.com.ar\/df\/segundo-encuentro-nacional-de-sobrevivientes-de-prostitucion-explotacion-sexual-y-trata\/","og_site_name":"Diario Digital Femenino","article_publisher":"https:\/\/www.facebook.com\/DiarioDigitaFemenino\/","article_published_time":"2023-12-26T13:17:45+00:00","og_image":[{"width":985,"height":652,"url":"https:\/\/diariofemenino.com.ar\/df\/wp-content\/uploads\/2023\/12\/Grace-2.jpg","type":"image\/jpeg"}],"author":"Admin","twitter_card":"summary_large_image","twitter_creator":"@DiarioFemenino1","twitter_site":"@DiarioFemenino1","twitter_misc":{"Escrito por":"Admin","Tiempo de lectura":"5 minutos"},"schema":{"@context":"https:\/\/schema.org","@graph":[{"@type":"Article","@id":"https:\/\/diariofemenino.com.ar\/df\/segundo-encuentro-nacional-de-sobrevivientes-de-prostitucion-explotacion-sexual-y-trata\/#article","isPartOf":{"@id":"https:\/\/diariofemenino.com.ar\/df\/segundo-encuentro-nacional-de-sobrevivientes-de-prostitucion-explotacion-sexual-y-trata\/"},"author":{"name":"Admin","@id":"https:\/\/diariofemenino.com.ar\/df\/#\/schema\/person\/bf6199e8158c657ea6f789b11ec85509"},"headline":"Segundo Encuentro Nacional de sobrevivientes de Prostituci\u00f3n, Explotaci\u00f3n Sexual y Trata","datePublished":"2023-12-26T13:17:45+00:00","mainEntityOfPage":{"@id":"https:\/\/diariofemenino.com.ar\/df\/segundo-encuentro-nacional-de-sobrevivientes-de-prostitucion-explotacion-sexual-y-trata\/"},"wordCount":795,"commentCount":0,"publisher":{"@id":"https:\/\/diariofemenino.com.ar\/df\/#organization"},"image":{"@id":"https:\/\/diariofemenino.com.ar\/df\/segundo-encuentro-nacional-de-sobrevivientes-de-prostitucion-explotacion-sexual-y-trata\/#primaryimage"},"thumbnailUrl":"https:\/\/diariofemenino.com.ar\/df\/wp-content\/uploads\/2023\/12\/Grace-2.jpg","keywords":["AMADH","Destacada","documento","encuentro","Explotaci\u00f3n sexual","Prostituci\u00f3n","Trata"],"articleSection":["Uncategorized"],"inLanguage":"es","potentialAction":[{"@type":"CommentAction","name":"Comment","target":["https:\/\/diariofemenino.com.ar\/df\/segundo-encuentro-nacional-de-sobrevivientes-de-prostitucion-explotacion-sexual-y-trata\/#respond"]}]},{"@type":"WebPage","@id":"https:\/\/diariofemenino.com.ar\/df\/segundo-encuentro-nacional-de-sobrevivientes-de-prostitucion-explotacion-sexual-y-trata\/","url":"https:\/\/diariofemenino.com.ar\/df\/segundo-encuentro-nacional-de-sobrevivientes-de-prostitucion-explotacion-sexual-y-trata\/","name":"Segundo Encuentro Nacional de sobrevivientes de Prostituci\u00f3n, Explotaci\u00f3n Sexual y Trata - Diario Digital Femenino","isPartOf":{"@id":"https:\/\/diariofemenino.com.ar\/df\/#website"},"primaryImageOfPage":{"@id":"https:\/\/diariofemenino.com.ar\/df\/segundo-encuentro-nacional-de-sobrevivientes-de-prostitucion-explotacion-sexual-y-trata\/#primaryimage"},"image":{"@id":"https:\/\/diariofemenino.com.ar\/df\/segundo-encuentro-nacional-de-sobrevivientes-de-prostitucion-explotacion-sexual-y-trata\/#primaryimage"},"thumbnailUrl":"https:\/\/diariofemenino.com.ar\/df\/wp-content\/uploads\/2023\/12\/Grace-2.jpg","datePublished":"2023-12-26T13:17:45+00:00","description":"Segundo Encuentro Nacional, Se realiz\u00f3 en Chapadmalal el encuentro sobre Prostituci\u00f3n, Explotaci\u00f3n Sexual y Trata.","breadcrumb":{"@id":"https:\/\/diariofemenino.com.ar\/df\/segundo-encuentro-nacional-de-sobrevivientes-de-prostitucion-explotacion-sexual-y-trata\/#breadcrumb"},"inLanguage":"es","potentialAction":[{"@type":"ReadAction","target":["https:\/\/diariofemenino.com.ar\/df\/segundo-encuentro-nacional-de-sobrevivientes-de-prostitucion-explotacion-sexual-y-trata\/"]}]},{"@type":"ImageObject","inLanguage":"es","@id":"https:\/\/diariofemenino.com.ar\/df\/segundo-encuentro-nacional-de-sobrevivientes-de-prostitucion-explotacion-sexual-y-trata\/#primaryimage","url":"https:\/\/diariofemenino.com.ar\/df\/wp-content\/uploads\/2023\/12\/Grace-2.jpg","contentUrl":"https:\/\/diariofemenino.com.ar\/df\/wp-content\/uploads\/2023\/12\/Grace-2.jpg","width":985,"height":652,"caption":"Segundo Encuentro Nacional de sobrevivientes de Prostituci\u00f3n, Explotaci\u00f3n Sexual y Trata"},{"@type":"BreadcrumbList","@id":"https:\/\/diariofemenino.com.ar\/df\/segundo-encuentro-nacional-de-sobrevivientes-de-prostitucion-explotacion-sexual-y-trata\/#breadcrumb","itemListElement":[{"@type":"ListItem","position":1,"name":"Portada","item":"https:\/\/diariofemenino.com.ar\/df\/"},{"@type":"ListItem","position":2,"name":"Segundo Encuentro Nacional de sobrevivientes de Prostituci\u00f3n, Explotaci\u00f3n Sexual y Trata"}]},{"@type":"WebSite","@id":"https:\/\/diariofemenino.com.ar\/df\/#website","url":"https:\/\/diariofemenino.com.ar\/df\/","name":"Diario Digital Femenino","description":"Cuesti\u00f3n de G\u00e9nero","publisher":{"@id":"https:\/\/diariofemenino.com.ar\/df\/#organization"},"potentialAction":[{"@type":"SearchAction","target":{"@type":"EntryPoint","urlTemplate":"https:\/\/diariofemenino.com.ar\/df\/?s={search_term_string}"},"query-input":{"@type":"PropertyValueSpecification","valueRequired":true,"valueName":"search_term_string"}}],"inLanguage":"es"},{"@type":"Organization","@id":"https:\/\/diariofemenino.com.ar\/df\/#organization","name":"Diario Femenino","url":"https:\/\/diariofemenino.com.ar\/df\/","logo":{"@type":"ImageObject","inLanguage":"es","@id":"https:\/\/diariofemenino.com.ar\/df\/#\/schema\/logo\/image\/","url":"https:\/\/diariofemenino.com.ar\/df\/wp-content\/uploads\/2018\/10\/logo.png","contentUrl":"https:\/\/diariofemenino.com.ar\/df\/wp-content\/uploads\/2018\/10\/logo.png","width":500,"height":92,"caption":"Diario Femenino"},"image":{"@id":"https:\/\/diariofemenino.com.ar\/df\/#\/schema\/logo\/image\/"},"sameAs":["https:\/\/www.facebook.com\/DiarioDigitaFemenino\/","https:\/\/x.com\/DiarioFemenino1"]},{"@type":"Person","@id":"https:\/\/diariofemenino.com.ar\/df\/#\/schema\/person\/bf6199e8158c657ea6f789b11ec85509","name":"Admin","image":{"@type":"ImageObject","inLanguage":"es","@id":"https:\/\/diariofemenino.com.ar\/df\/wp-content\/uploads\/2018\/12\/favicon-150x150.jpg","url":"https:\/\/diariofemenino.com.ar\/df\/wp-content\/uploads\/2018\/12\/favicon-150x150.jpg","contentUrl":"https:\/\/diariofemenino.com.ar\/df\/wp-content\/uploads\/2018\/12\/favicon-150x150.jpg","caption":"Admin"},"url":"https:\/\/diariofemenino.com.ar\/df\/author\/lenny\/"}]}},"jetpack_featured_media_url":"https:\/\/diariofemenino.com.ar\/df\/wp-content\/uploads\/2023\/12\/Grace-2.jpg","jetpack_sharing_enabled":true,"rttpg_featured_image_url":{"full":["https:\/\/diariofemenino.com.ar\/df\/wp-content\/uploads\/2023\/12\/Grace-2.jpg",985,652,false],"landscape":["https:\/\/diariofemenino.com.ar\/df\/wp-content\/uploads\/2023\/12\/Grace-2.jpg",985,652,false],"portraits":["https:\/\/diariofemenino.com.ar\/df\/wp-content\/uploads\/2023\/12\/Grace-2.jpg",985,652,false],"thumbnail":["https:\/\/diariofemenino.com.ar\/df\/wp-content\/uploads\/2023\/12\/Grace-2-150x150.jpg",150,150,true],"medium":["https:\/\/diariofemenino.com.ar\/df\/wp-content\/uploads\/2023\/12\/Grace-2-300x199.jpg",300,199,true],"large":["https:\/\/diariofemenino.com.ar\/df\/wp-content\/uploads\/2023\/12\/Grace-2.jpg",985,652,false],"1536x1536":["https:\/\/diariofemenino.com.ar\/df\/wp-content\/uploads\/2023\/12\/Grace-2.jpg",985,652,false],"2048x2048":["https:\/\/diariofemenino.com.ar\/df\/wp-content\/uploads\/2023\/12\/Grace-2.jpg",985,652,false]},"rttpg_author":{"display_name":"Admin","author_link":"https:\/\/diariofemenino.com.ar\/df\/author\/lenny\/"},"rttpg_comment":0,"rttpg_category":"<a href=\"https:\/\/diariofemenino.com.ar\/df\/category\/uncategorized\/\" rel=\"category tag\">Uncategorized<\/a>","rttpg_excerpt":"Los d\u00edas 19 y 20 de diciembre se realiz\u00f3 el segundo Encuentro Nacional de Sobrevivientes de Prostituci\u00f3n, Explotaci\u00f3n Sexual y Trata, organizado por la Asociaci\u00f3n de Mujeres Argentinas por los Derechos Humanos (AMADH). El Encuentro se desarroll\u00f3 en la Unidad Tur\u00edstica de Chapadmalal, situaci\u00f3n que permiti\u00f3 tambi\u00e9n disfrutar del mar, para muchas, por primera vez.&hellip;","_links":{"self":[{"href":"https:\/\/diariofemenino.com.ar\/df\/wp-json\/wp\/v2\/posts\/72060","targetHints":{"allow":["GET"]}}],"collection":[{"href":"https:\/\/diariofemenino.com.ar\/df\/wp-json\/wp\/v2\/posts"}],"about":[{"href":"https:\/\/diariofemenino.com.ar\/df\/wp-json\/wp\/v2\/types\/post"}],"author":[{"embeddable":true,"href":"https:\/\/diariofemenino.com.ar\/df\/wp-json\/wp\/v2\/users\/4"}],"replies":[{"embeddable":true,"href":"https:\/\/diariofemenino.com.ar\/df\/wp-json\/wp\/v2\/comments?post=72060"}],"version-history":[{"count":0,"href":"https:\/\/diariofemenino.com.ar\/df\/wp-json\/wp\/v2\/posts\/72060\/revisions"}],"wp:featuredmedia":[{"embeddable":true,"href":"https:\/\/diariofemenino.com.ar\/df\/wp-json\/wp\/v2\/media\/72068"}],"wp:attachment":[{"href":"https:\/\/diariofemenino.com.ar\/df\/wp-json\/wp\/v2\/media?parent=72060"}],"wp:term":[{"taxonomy":"category","embeddable":true,"href":"https:\/\/diariofemenino.com.ar\/df\/wp-json\/wp\/v2\/categories?post=72060"},{"taxonomy":"post_tag","embeddable":true,"href":"https:\/\/diariofemenino.com.ar\/df\/wp-json\/wp\/v2\/tags?post=72060"}],"curies":[{"name":"wp","href":"https:\/\/api.w.org\/{rel}","templated":true}]}}