{"id":72054,"date":"2023-12-23T06:29:20","date_gmt":"2023-12-23T09:29:20","guid":{"rendered":"https:\/\/diariofemenino.com.ar\/df\/?p=72054"},"modified":"2023-12-23T06:29:20","modified_gmt":"2023-12-23T09:29:20","slug":"fallo-sobre-regimen-de-comunicacion-de-mascotas","status":"publish","type":"post","link":"https:\/\/diariofemenino.com.ar\/df\/fallo-sobre-regimen-de-comunicacion-de-mascotas\/","title":{"rendered":"Fallo sobre r\u00e9gimen de comunicaci\u00f3n de mascotas"},"content":{"rendered":"<p><strong> Fallo: se otorga r\u00e9gimen de comunicaci\u00f3n respecto a POPE, familia multiespecie. \u201cELM C\/ DAA S\/ MEDIDA CAUTELAR\u00bb <\/strong>EXP 251897\/23. Juzgado de familia, ni\u00f1ez y adolescencia N\u00b0 4- Corrientes Capital, 13 de diciembre de 2023. Jueza interviniente Luisa Carolina Macarrein.<\/p>\n<p>Por\u00a0<strong><a href=\"https:\/\/diariofemenino.com.ar\/df\/?s=Fallo\">Erica P\u00e9rez<\/a>*<br \/>\n<\/strong>para<a href=\"https:\/\/www.instagram.com\/diariodigitalfemenino_\/\"><strong>\u00a0Diario Digital Femenino<\/strong><\/a><\/p>\n<blockquote><p>Descarga el fallo completo:\u00a0<a href=\"https:\/\/diariofemenino.com.ar\/df\/wp-content\/uploads\/2023\/12\/DERECHO-DE-COMUNICACION-MASCOTAS-CON-MEDIDA-CAUTELAR-.pdf\"><strong>aqu\u00ed<\/strong><\/a><\/p><\/blockquote>\n<p><strong>I.- Resumen de los hechos: <\/strong><\/p>\n<p>Se presenta la Srita. ELM, con la representaci\u00f3n letrada <strong>del Instituto de Derecho Animal dependiente del Colegio P\u00fablico de Abogados<\/strong> de la Primera Circunscripci\u00f3n de Corrientes, promoviendo demanda contra el Sr. DAA.<\/p>\n<p><strong>II.- Tratamiento de la medida cautelar. Se fija audiencia<\/strong><\/p>\n<p>Sin perjuicio de que en el CPFNyA no se encuentra regulado el derecho de comunicaci\u00f3n respecto de los seres afectivos (mascotas), <strong>entendiendo que lo correcto es valorarlos como partes integrantes de la familia multiespecie<\/strong>, la presente causa se tramitar\u00e1 de conformidad a lo establecido en los arts. 649 ss y cc. del C\u00f3digo Procesal de Familia, Ni\u00f1ez y Adolescencia.<\/p>\n<p>En virtud de las previsiones del art. 651 y 648 del CPFNA, c\u00f3rrase traslado de la demanda junto con la documental de acuerdo a lo establecido por el art. 130 del CPFNA. Se\u00f1\u00e1lese audiencia para el d\u00eda xx la que se llevar\u00e1 a cabo en forma virtual con la actora y en forma presencial con el demandado.<\/p>\n<p>Tambi\u00e9n te puede interesar:<\/p>\n<blockquote class=\"wp-embedded-content\" data-secret=\"KxCvcBqQNw\"><p><a href=\"https:\/\/diariofemenino.com.ar\/df\/fallo-novedoso-sobre-mascotas\/\">Fallo novedoso sobre R\u00e9gimen de comunicaci\u00f3n de mascotas en un Convenio regulador de Divorcio<\/a><\/p><\/blockquote>\n<p><iframe loading=\"lazy\" class=\"wp-embedded-content\" sandbox=\"allow-scripts\" security=\"restricted\" style=\"position: absolute; clip: rect(1px, 1px, 1px, 1px);\" title=\"\u00abFallo novedoso sobre R\u00e9gimen de comunicaci\u00f3n de mascotas en un Convenio regulador de Divorcio\u00bb \u2014 Diario Digital Femenino\" src=\"https:\/\/diariofemenino.com.ar\/df\/fallo-novedoso-sobre-mascotas\/embed\/#?secret=CPmlqTleev#?secret=KxCvcBqQNw\" data-secret=\"KxCvcBqQNw\" width=\"600\" height=\"338\" frameborder=\"0\" marginwidth=\"0\" marginheight=\"0\" scrolling=\"no\"><\/iframe><\/p>\n<p>&nbsp;<\/p>\n<p><strong>III.- Se resuelve <\/strong><\/p>\n<p>Sin perjuicio de lo dispuesto precedentemente y atento a lo requerido por la actora en el punto VI, siendo que en el estado procesal en que se encuentra la presente causa no es preciso que se constate la certeza sobre la existencia del derecho pretendido, sino que basta con su verosimilitud, ya que ese examen sobre la verdad en esta materia se opone a la finalidad del instituto cautelar, el cual es atender aquella situaci\u00f3n de hecho que afecte un derecho, y habi\u00e9ndose acreditado el peligro en la demora en el dictado de una medida que asegure el contacto entre la actora y su familia con \u201cPope\u201d<\/p>\n<p>RESUELVO:<\/p>\n<p><strong>1\u00b0)<\/strong> <strong>HACER LUGAR<\/strong> <strong>a la medida cautelar peticionada por la Srta. ELM. <\/strong><\/p>\n<p><strong>2\u00b0)<\/strong><strong> ESTABLECER COMO R\u00c9GIMEN PROVISORIO DE COMUNICACI\u00d3N<\/strong> y hasta que se resuelva definitivamente la situaci\u00f3n planteada por la actora, que: el d\u00eda viernes de cada semana <strong>\u201cPope\u201d ser\u00e1 retirado del domicilio <\/strong>ubicado en calle xx de esta ciudad <strong>por ELM, NBM y\/o GB y permacer\u00e1 bajo su cuidado hasta el d\u00eda domingo<\/strong> de cada semana, cuando el demandado DAA y\/o su progenitora Karina lo retiren del domicilio ubicado en xx de \u00e9sta ciudad. Los horarios deber\u00e1n ser convenidos entre los involucrados y en este punto se recomienda la colaboraci\u00f3n de todos a fin de evitar disputas innecesarias.<\/p>\n<p><strong>IV.- A modo de conclusi\u00f3n:<\/strong><\/p>\n<p>El presente caso cuenta con el patrocinio del<strong> Instituto de Derecho Animal del Colegio de Abogados de Corrientes<\/strong>, solicitando un r\u00e9gimen de comunicaci\u00f3n mediante medida cautelar, valorando como integrante de la familia multiespecie a \u201c<strong>POPE\u201d<\/strong> consider\u00e1ndolo un \u201cser sintiente\u201d.<\/p>\n<figure id=\"attachment_72057\" aria-describedby=\"caption-attachment-72057\" style=\"width: 340px\" class=\"wp-caption aligncenter\"><img loading=\"lazy\" decoding=\"async\" class=\"size-full wp-image-72057\" src=\"https:\/\/diariofemenino.com.ar\/df\/wp-content\/uploads\/2023\/12\/c-postedin-image-43556.webp\" alt=\"Fallo sobre r\u00e9gimen de comunicaci\u00f3n de mascotas\" width=\"340\" height=\"227\" srcset=\"https:\/\/diariofemenino.com.ar\/df\/wp-content\/uploads\/2023\/12\/c-postedin-image-43556.webp 340w, https:\/\/diariofemenino.com.ar\/df\/wp-content\/uploads\/2023\/12\/c-postedin-image-43556-300x200.webp 300w\" sizes=\"auto, (max-width: 340px) 100vw, 340px\" \/><figcaption id=\"caption-attachment-72057\" class=\"wp-caption-text\">Fallo sobre r\u00e9gimen de comunicaci\u00f3n de mascotas<\/figcaption><\/figure>\n<p>Pope es el perro salchicha de dos j\u00f3venes que eran pareja, luego de la separaci\u00f3n una de las partes solicita judicialmente poder verlo debido a que su expareja no se lo permit\u00eda.<\/p>\n<p>Siendo <strong>la medida cautelar la primera en su forma<\/strong>, otorgando un r\u00e9gimen de comunicaci\u00f3n provisorio <strong>en l\u00ednea con el cambio de paradigma <\/strong>que surge en la sociedad y en el \u00e1mbito judicial <strong>respecto a los seres sintientes (mascotas). <\/strong>Resultando de gran importancia la participaci\u00f3n de los colegios de la abogac\u00eda, en cuestiones que requieran cierta especificidad.<\/p>\n<p>En cuanto a los acuerdos de r\u00e9gimen de comunicaci\u00f3n, encontramos por ejemplo el caso de POPEYE Y KIARA, en donde se establece <em>\u201cque los animales, en especial los dom\u00e9sticos, son seres sensibles, que sienten, que extra\u00f1an, que se regocijan, que sufren y que adquieren costumbres, por lo que resulta indudable que el cambi\u00f3 que producir\u00e1 la separaci\u00f3n de los c\u00f3nyuges, los afectar\u00e1 tambi\u00e9n y ser\u00e1n sus due\u00f1os entonces, quienes se encuentren en mejor posici\u00f3n, para velar por sus intereses\u201d. <\/em><strong><em>[1]<\/em><\/strong><\/p>\n<p>Celebrando resoluciones como la presente en donde se visibiliza el lugar que ocupan las mascotas (seres sintientes) en nuestras vidas y familia.<\/p>\n<p><strong>(*)\u00a0<\/strong>Abogada egresada de la UBA.\u00a0<a href=\"https:\/\/blog-ericaperez.blogspot.com\/\">https:\/\/blog-ericaperez.blogspot.com\/<\/a><\/p>\n<p><strong>Referencia <\/strong><\/p>\n<p><strong>[1] <\/strong><a href=\"https:\/\/diariofemenino.com.ar\/df\/fallo-novedoso-sobre-mascotas\/\">https:\/\/diariofemenino.com.ar\/df\/fallo-novedoso-sobre-mascotas\/<\/a><\/p>\n<ul>\n<li>Las im\u00e1genes son ilustrativas<\/li>\n<\/ul>\n<blockquote><p>Seguinos en Instagram\u00a0<a href=\"https:\/\/www.instagram.com\/diariodigitalfemenino_\/\">@diariodigitalfemenino_<\/a><br \/>\n<a href=\"https:\/\/www.instagram.com\/lennycaceres69\/\">@lennycaceres69<\/a><\/p><\/blockquote>\n","protected":false},"excerpt":{"rendered":"<p>Fallo: se otorga r\u00e9gimen de comunicaci\u00f3n respecto a POPE, familia multiespecie. \u201cELM C\/ DAA S\/ MEDIDA CAUTELAR\u00bb EXP 251897\/23. Juzgado de familia, ni\u00f1ez y adolescencia N\u00b0 4- Corrientes Capital, 13 de diciembre de 2023. Jueza interviniente Luisa Carolina Macarrein. Por\u00a0Erica P\u00e9rez* para\u00a0Diario Digital Femenino Descarga el fallo completo:\u00a0aqu\u00ed I.- Resumen de los hechos: Se presenta [&hellip;]<\/p>\n","protected":false},"author":4,"featured_media":72056,"comment_status":"open","ping_status":"open","sticky":false,"template":"","format":"standard","meta":{"iawp_total_views":113,"footnotes":""},"categories":[1],"tags":[5144,5934,4372,4649,1885,90,5543,5542,6603],"class_list":["post-72054","post","type-post","status-publish","format-standard","has-post-thumbnail","hentry","category-uncategorized","tag-comentario-juridico","tag-comunicacion-audiovisual","tag-destacada","tag-erica-perez","tag-fallo","tag-familia","tag-familia-multiespecie","tag-mascotas","tag-regimen-de-visitas"],"nelio_content":{"autoShareEndMode":"never","automationSources":{"useCustomSentences":false,"customSentences":[]},"efiAlt":"","efiUrl":"","followers":[4],"highlights":[],"isAutoShareEnabled":true,"networkImageIds":[],"permalinkQueryArgs":[],"series":[],"suggestedReferences":[]},"yoast_head":"<!-- This site is optimized with the Yoast SEO plugin v27.5 - https:\/\/yoast.com\/product\/yoast-seo-wordpress\/ -->\n<title>Fallo sobre r\u00e9gimen de comunicaci\u00f3n de mascotas - Diario Digital Femenino<\/title>\n<meta name=\"description\" content=\"Fallo sobre r\u00e9gimen\" \/>\n<meta name=\"robots\" content=\"index, follow, max-snippet:-1, max-image-preview:large, max-video-preview:-1\" \/>\n<link rel=\"canonical\" href=\"https:\/\/diariofemenino.com.ar\/df\/fallo-sobre-regimen-de-comunicacion-de-mascotas\/\" \/>\n<meta property=\"og:locale\" content=\"es_ES\" \/>\n<meta property=\"og:type\" content=\"article\" \/>\n<meta property=\"og:title\" content=\"Fallo sobre r\u00e9gimen de comunicaci\u00f3n de mascotas - Diario Digital Femenino\" \/>\n<meta property=\"og:description\" content=\"Fallo sobre r\u00e9gimen\" \/>\n<meta property=\"og:url\" content=\"https:\/\/diariofemenino.com.ar\/df\/fallo-sobre-regimen-de-comunicacion-de-mascotas\/\" \/>\n<meta property=\"og:site_name\" content=\"Diario Digital Femenino\" \/>\n<meta property=\"article:publisher\" content=\"https:\/\/www.facebook.com\/DiarioDigitaFemenino\/\" \/>\n<meta property=\"article:published_time\" content=\"2023-12-23T09:29:20+00:00\" \/>\n<meta property=\"og:image\" content=\"https:\/\/diariofemenino.com.ar\/df\/wp-content\/uploads\/2023\/12\/perro-salchicha-caracteristicas-y-datos-interesantes.jpg\" \/>\n\t<meta property=\"og:image:width\" content=\"900\" \/>\n\t<meta property=\"og:image:height\" content=\"600\" \/>\n\t<meta property=\"og:image:type\" content=\"image\/jpeg\" \/>\n<meta name=\"author\" content=\"Admin\" \/>\n<meta name=\"twitter:card\" content=\"summary_large_image\" \/>\n<meta name=\"twitter:creator\" content=\"@DiarioFemenino1\" \/>\n<meta name=\"twitter:site\" content=\"@DiarioFemenino1\" \/>\n<meta name=\"twitter:label1\" content=\"Escrito por\" \/>\n\t<meta name=\"twitter:data1\" content=\"Admin\" \/>\n\t<meta name=\"twitter:label2\" content=\"Tiempo de lectura\" \/>\n\t<meta name=\"twitter:data2\" content=\"4 minutos\" \/>\n<script type=\"application\/ld+json\" class=\"yoast-schema-graph\">{\"@context\":\"https:\\\/\\\/schema.org\",\"@graph\":[{\"@type\":\"Article\",\"@id\":\"https:\\\/\\\/diariofemenino.com.ar\\\/df\\\/fallo-sobre-regimen-de-comunicacion-de-mascotas\\\/#article\",\"isPartOf\":{\"@id\":\"https:\\\/\\\/diariofemenino.com.ar\\\/df\\\/fallo-sobre-regimen-de-comunicacion-de-mascotas\\\/\"},\"author\":{\"name\":\"Admin\",\"@id\":\"https:\\\/\\\/diariofemenino.com.ar\\\/df\\\/#\\\/schema\\\/person\\\/bf6199e8158c657ea6f789b11ec85509\"},\"headline\":\"Fallo sobre r\u00e9gimen de comunicaci\u00f3n de mascotas\",\"datePublished\":\"2023-12-23T09:29:20+00:00\",\"mainEntityOfPage\":{\"@id\":\"https:\\\/\\\/diariofemenino.com.ar\\\/df\\\/fallo-sobre-regimen-de-comunicacion-de-mascotas\\\/\"},\"wordCount\":770,\"commentCount\":0,\"publisher\":{\"@id\":\"https:\\\/\\\/diariofemenino.com.ar\\\/df\\\/#organization\"},\"image\":{\"@id\":\"https:\\\/\\\/diariofemenino.com.ar\\\/df\\\/fallo-sobre-regimen-de-comunicacion-de-mascotas\\\/#primaryimage\"},\"thumbnailUrl\":\"https:\\\/\\\/diariofemenino.com.ar\\\/df\\\/wp-content\\\/uploads\\\/2023\\\/12\\\/perro-salchicha-caracteristicas-y-datos-interesantes.jpg\",\"keywords\":[\"Comentario jur\u00eddico\",\"Comunicaci\u00f3n audiovisual\",\"Destacada\",\"Erica P\u00e9rez\",\"Fallo\",\"Familia\",\"Familia multiespecie\",\"Mascotas\",\"r\u00e9gimen de visitas\"],\"articleSection\":[\"Uncategorized\"],\"inLanguage\":\"es\",\"potentialAction\":[{\"@type\":\"CommentAction\",\"name\":\"Comment\",\"target\":[\"https:\\\/\\\/diariofemenino.com.ar\\\/df\\\/fallo-sobre-regimen-de-comunicacion-de-mascotas\\\/#respond\"]}]},{\"@type\":\"WebPage\",\"@id\":\"https:\\\/\\\/diariofemenino.com.ar\\\/df\\\/fallo-sobre-regimen-de-comunicacion-de-mascotas\\\/\",\"url\":\"https:\\\/\\\/diariofemenino.com.ar\\\/df\\\/fallo-sobre-regimen-de-comunicacion-de-mascotas\\\/\",\"name\":\"Fallo sobre r\u00e9gimen de comunicaci\u00f3n de mascotas - Diario Digital Femenino\",\"isPartOf\":{\"@id\":\"https:\\\/\\\/diariofemenino.com.ar\\\/df\\\/#website\"},\"primaryImageOfPage\":{\"@id\":\"https:\\\/\\\/diariofemenino.com.ar\\\/df\\\/fallo-sobre-regimen-de-comunicacion-de-mascotas\\\/#primaryimage\"},\"image\":{\"@id\":\"https:\\\/\\\/diariofemenino.com.ar\\\/df\\\/fallo-sobre-regimen-de-comunicacion-de-mascotas\\\/#primaryimage\"},\"thumbnailUrl\":\"https:\\\/\\\/diariofemenino.com.ar\\\/df\\\/wp-content\\\/uploads\\\/2023\\\/12\\\/perro-salchicha-caracteristicas-y-datos-interesantes.jpg\",\"datePublished\":\"2023-12-23T09:29:20+00:00\",\"description\":\"Fallo sobre r\u00e9gimen\",\"breadcrumb\":{\"@id\":\"https:\\\/\\\/diariofemenino.com.ar\\\/df\\\/fallo-sobre-regimen-de-comunicacion-de-mascotas\\\/#breadcrumb\"},\"inLanguage\":\"es\",\"potentialAction\":[{\"@type\":\"ReadAction\",\"target\":[\"https:\\\/\\\/diariofemenino.com.ar\\\/df\\\/fallo-sobre-regimen-de-comunicacion-de-mascotas\\\/\"]}]},{\"@type\":\"ImageObject\",\"inLanguage\":\"es\",\"@id\":\"https:\\\/\\\/diariofemenino.com.ar\\\/df\\\/fallo-sobre-regimen-de-comunicacion-de-mascotas\\\/#primaryimage\",\"url\":\"https:\\\/\\\/diariofemenino.com.ar\\\/df\\\/wp-content\\\/uploads\\\/2023\\\/12\\\/perro-salchicha-caracteristicas-y-datos-interesantes.jpg\",\"contentUrl\":\"https:\\\/\\\/diariofemenino.com.ar\\\/df\\\/wp-content\\\/uploads\\\/2023\\\/12\\\/perro-salchicha-caracteristicas-y-datos-interesantes.jpg\",\"width\":900,\"height\":600,\"caption\":\"Fallo sobre r\u00e9gimen de comunicaci\u00f3n de mascotas\"},{\"@type\":\"BreadcrumbList\",\"@id\":\"https:\\\/\\\/diariofemenino.com.ar\\\/df\\\/fallo-sobre-regimen-de-comunicacion-de-mascotas\\\/#breadcrumb\",\"itemListElement\":[{\"@type\":\"ListItem\",\"position\":1,\"name\":\"Portada\",\"item\":\"https:\\\/\\\/diariofemenino.com.ar\\\/df\\\/\"},{\"@type\":\"ListItem\",\"position\":2,\"name\":\"Fallo sobre r\u00e9gimen de comunicaci\u00f3n de mascotas\"}]},{\"@type\":\"WebSite\",\"@id\":\"https:\\\/\\\/diariofemenino.com.ar\\\/df\\\/#website\",\"url\":\"https:\\\/\\\/diariofemenino.com.ar\\\/df\\\/\",\"name\":\"Diario Digital Femenino\",\"description\":\"Cuesti\u00f3n de G\u00e9nero\",\"publisher\":{\"@id\":\"https:\\\/\\\/diariofemenino.com.ar\\\/df\\\/#organization\"},\"potentialAction\":[{\"@type\":\"SearchAction\",\"target\":{\"@type\":\"EntryPoint\",\"urlTemplate\":\"https:\\\/\\\/diariofemenino.com.ar\\\/df\\\/?s={search_term_string}\"},\"query-input\":{\"@type\":\"PropertyValueSpecification\",\"valueRequired\":true,\"valueName\":\"search_term_string\"}}],\"inLanguage\":\"es\"},{\"@type\":\"Organization\",\"@id\":\"https:\\\/\\\/diariofemenino.com.ar\\\/df\\\/#organization\",\"name\":\"Diario Femenino\",\"url\":\"https:\\\/\\\/diariofemenino.com.ar\\\/df\\\/\",\"logo\":{\"@type\":\"ImageObject\",\"inLanguage\":\"es\",\"@id\":\"https:\\\/\\\/diariofemenino.com.ar\\\/df\\\/#\\\/schema\\\/logo\\\/image\\\/\",\"url\":\"https:\\\/\\\/diariofemenino.com.ar\\\/df\\\/wp-content\\\/uploads\\\/2018\\\/10\\\/logo.png\",\"contentUrl\":\"https:\\\/\\\/diariofemenino.com.ar\\\/df\\\/wp-content\\\/uploads\\\/2018\\\/10\\\/logo.png\",\"width\":500,\"height\":92,\"caption\":\"Diario Femenino\"},\"image\":{\"@id\":\"https:\\\/\\\/diariofemenino.com.ar\\\/df\\\/#\\\/schema\\\/logo\\\/image\\\/\"},\"sameAs\":[\"https:\\\/\\\/www.facebook.com\\\/DiarioDigitaFemenino\\\/\",\"https:\\\/\\\/x.com\\\/DiarioFemenino1\"]},{\"@type\":\"Person\",\"@id\":\"https:\\\/\\\/diariofemenino.com.ar\\\/df\\\/#\\\/schema\\\/person\\\/bf6199e8158c657ea6f789b11ec85509\",\"name\":\"Admin\",\"image\":{\"@type\":\"ImageObject\",\"inLanguage\":\"es\",\"@id\":\"https:\\\/\\\/diariofemenino.com.ar\\\/df\\\/wp-content\\\/uploads\\\/2018\\\/12\\\/favicon-150x150.jpg\",\"url\":\"https:\\\/\\\/diariofemenino.com.ar\\\/df\\\/wp-content\\\/uploads\\\/2018\\\/12\\\/favicon-150x150.jpg\",\"contentUrl\":\"https:\\\/\\\/diariofemenino.com.ar\\\/df\\\/wp-content\\\/uploads\\\/2018\\\/12\\\/favicon-150x150.jpg\",\"caption\":\"Admin\"},\"url\":\"https:\\\/\\\/diariofemenino.com.ar\\\/df\\\/author\\\/lenny\\\/\"}]}<\/script>\n<!-- \/ Yoast SEO plugin. -->","yoast_head_json":{"title":"Fallo sobre r\u00e9gimen de comunicaci\u00f3n de mascotas - Diario Digital Femenino","description":"Fallo sobre r\u00e9gimen","robots":{"index":"index","follow":"follow","max-snippet":"max-snippet:-1","max-image-preview":"max-image-preview:large","max-video-preview":"max-video-preview:-1"},"canonical":"https:\/\/diariofemenino.com.ar\/df\/fallo-sobre-regimen-de-comunicacion-de-mascotas\/","og_locale":"es_ES","og_type":"article","og_title":"Fallo sobre r\u00e9gimen de comunicaci\u00f3n de mascotas - Diario Digital Femenino","og_description":"Fallo sobre r\u00e9gimen","og_url":"https:\/\/diariofemenino.com.ar\/df\/fallo-sobre-regimen-de-comunicacion-de-mascotas\/","og_site_name":"Diario Digital Femenino","article_publisher":"https:\/\/www.facebook.com\/DiarioDigitaFemenino\/","article_published_time":"2023-12-23T09:29:20+00:00","og_image":[{"width":900,"height":600,"url":"https:\/\/diariofemenino.com.ar\/df\/wp-content\/uploads\/2023\/12\/perro-salchicha-caracteristicas-y-datos-interesantes.jpg","type":"image\/jpeg"}],"author":"Admin","twitter_card":"summary_large_image","twitter_creator":"@DiarioFemenino1","twitter_site":"@DiarioFemenino1","twitter_misc":{"Escrito por":"Admin","Tiempo de lectura":"4 minutos"},"schema":{"@context":"https:\/\/schema.org","@graph":[{"@type":"Article","@id":"https:\/\/diariofemenino.com.ar\/df\/fallo-sobre-regimen-de-comunicacion-de-mascotas\/#article","isPartOf":{"@id":"https:\/\/diariofemenino.com.ar\/df\/fallo-sobre-regimen-de-comunicacion-de-mascotas\/"},"author":{"name":"Admin","@id":"https:\/\/diariofemenino.com.ar\/df\/#\/schema\/person\/bf6199e8158c657ea6f789b11ec85509"},"headline":"Fallo sobre r\u00e9gimen de comunicaci\u00f3n de mascotas","datePublished":"2023-12-23T09:29:20+00:00","mainEntityOfPage":{"@id":"https:\/\/diariofemenino.com.ar\/df\/fallo-sobre-regimen-de-comunicacion-de-mascotas\/"},"wordCount":770,"commentCount":0,"publisher":{"@id":"https:\/\/diariofemenino.com.ar\/df\/#organization"},"image":{"@id":"https:\/\/diariofemenino.com.ar\/df\/fallo-sobre-regimen-de-comunicacion-de-mascotas\/#primaryimage"},"thumbnailUrl":"https:\/\/diariofemenino.com.ar\/df\/wp-content\/uploads\/2023\/12\/perro-salchicha-caracteristicas-y-datos-interesantes.jpg","keywords":["Comentario jur\u00eddico","Comunicaci\u00f3n audiovisual","Destacada","Erica P\u00e9rez","Fallo","Familia","Familia multiespecie","Mascotas","r\u00e9gimen de visitas"],"articleSection":["Uncategorized"],"inLanguage":"es","potentialAction":[{"@type":"CommentAction","name":"Comment","target":["https:\/\/diariofemenino.com.ar\/df\/fallo-sobre-regimen-de-comunicacion-de-mascotas\/#respond"]}]},{"@type":"WebPage","@id":"https:\/\/diariofemenino.com.ar\/df\/fallo-sobre-regimen-de-comunicacion-de-mascotas\/","url":"https:\/\/diariofemenino.com.ar\/df\/fallo-sobre-regimen-de-comunicacion-de-mascotas\/","name":"Fallo sobre r\u00e9gimen de comunicaci\u00f3n de mascotas - Diario Digital Femenino","isPartOf":{"@id":"https:\/\/diariofemenino.com.ar\/df\/#website"},"primaryImageOfPage":{"@id":"https:\/\/diariofemenino.com.ar\/df\/fallo-sobre-regimen-de-comunicacion-de-mascotas\/#primaryimage"},"image":{"@id":"https:\/\/diariofemenino.com.ar\/df\/fallo-sobre-regimen-de-comunicacion-de-mascotas\/#primaryimage"},"thumbnailUrl":"https:\/\/diariofemenino.com.ar\/df\/wp-content\/uploads\/2023\/12\/perro-salchicha-caracteristicas-y-datos-interesantes.jpg","datePublished":"2023-12-23T09:29:20+00:00","description":"Fallo sobre r\u00e9gimen","breadcrumb":{"@id":"https:\/\/diariofemenino.com.ar\/df\/fallo-sobre-regimen-de-comunicacion-de-mascotas\/#breadcrumb"},"inLanguage":"es","potentialAction":[{"@type":"ReadAction","target":["https:\/\/diariofemenino.com.ar\/df\/fallo-sobre-regimen-de-comunicacion-de-mascotas\/"]}]},{"@type":"ImageObject","inLanguage":"es","@id":"https:\/\/diariofemenino.com.ar\/df\/fallo-sobre-regimen-de-comunicacion-de-mascotas\/#primaryimage","url":"https:\/\/diariofemenino.com.ar\/df\/wp-content\/uploads\/2023\/12\/perro-salchicha-caracteristicas-y-datos-interesantes.jpg","contentUrl":"https:\/\/diariofemenino.com.ar\/df\/wp-content\/uploads\/2023\/12\/perro-salchicha-caracteristicas-y-datos-interesantes.jpg","width":900,"height":600,"caption":"Fallo sobre r\u00e9gimen de comunicaci\u00f3n de mascotas"},{"@type":"BreadcrumbList","@id":"https:\/\/diariofemenino.com.ar\/df\/fallo-sobre-regimen-de-comunicacion-de-mascotas\/#breadcrumb","itemListElement":[{"@type":"ListItem","position":1,"name":"Portada","item":"https:\/\/diariofemenino.com.ar\/df\/"},{"@type":"ListItem","position":2,"name":"Fallo sobre r\u00e9gimen de comunicaci\u00f3n de mascotas"}]},{"@type":"WebSite","@id":"https:\/\/diariofemenino.com.ar\/df\/#website","url":"https:\/\/diariofemenino.com.ar\/df\/","name":"Diario Digital Femenino","description":"Cuesti\u00f3n de G\u00e9nero","publisher":{"@id":"https:\/\/diariofemenino.com.ar\/df\/#organization"},"potentialAction":[{"@type":"SearchAction","target":{"@type":"EntryPoint","urlTemplate":"https:\/\/diariofemenino.com.ar\/df\/?s={search_term_string}"},"query-input":{"@type":"PropertyValueSpecification","valueRequired":true,"valueName":"search_term_string"}}],"inLanguage":"es"},{"@type":"Organization","@id":"https:\/\/diariofemenino.com.ar\/df\/#organization","name":"Diario Femenino","url":"https:\/\/diariofemenino.com.ar\/df\/","logo":{"@type":"ImageObject","inLanguage":"es","@id":"https:\/\/diariofemenino.com.ar\/df\/#\/schema\/logo\/image\/","url":"https:\/\/diariofemenino.com.ar\/df\/wp-content\/uploads\/2018\/10\/logo.png","contentUrl":"https:\/\/diariofemenino.com.ar\/df\/wp-content\/uploads\/2018\/10\/logo.png","width":500,"height":92,"caption":"Diario Femenino"},"image":{"@id":"https:\/\/diariofemenino.com.ar\/df\/#\/schema\/logo\/image\/"},"sameAs":["https:\/\/www.facebook.com\/DiarioDigitaFemenino\/","https:\/\/x.com\/DiarioFemenino1"]},{"@type":"Person","@id":"https:\/\/diariofemenino.com.ar\/df\/#\/schema\/person\/bf6199e8158c657ea6f789b11ec85509","name":"Admin","image":{"@type":"ImageObject","inLanguage":"es","@id":"https:\/\/diariofemenino.com.ar\/df\/wp-content\/uploads\/2018\/12\/favicon-150x150.jpg","url":"https:\/\/diariofemenino.com.ar\/df\/wp-content\/uploads\/2018\/12\/favicon-150x150.jpg","contentUrl":"https:\/\/diariofemenino.com.ar\/df\/wp-content\/uploads\/2018\/12\/favicon-150x150.jpg","caption":"Admin"},"url":"https:\/\/diariofemenino.com.ar\/df\/author\/lenny\/"}]}},"jetpack_featured_media_url":"https:\/\/diariofemenino.com.ar\/df\/wp-content\/uploads\/2023\/12\/perro-salchicha-caracteristicas-y-datos-interesantes.jpg","jetpack_sharing_enabled":true,"rttpg_featured_image_url":{"full":["https:\/\/diariofemenino.com.ar\/df\/wp-content\/uploads\/2023\/12\/perro-salchicha-caracteristicas-y-datos-interesantes.jpg",900,600,false],"landscape":["https:\/\/diariofemenino.com.ar\/df\/wp-content\/uploads\/2023\/12\/perro-salchicha-caracteristicas-y-datos-interesantes.jpg",900,600,false],"portraits":["https:\/\/diariofemenino.com.ar\/df\/wp-content\/uploads\/2023\/12\/perro-salchicha-caracteristicas-y-datos-interesantes.jpg",900,600,false],"thumbnail":["https:\/\/diariofemenino.com.ar\/df\/wp-content\/uploads\/2023\/12\/perro-salchicha-caracteristicas-y-datos-interesantes-150x150.jpg",150,150,true],"medium":["https:\/\/diariofemenino.com.ar\/df\/wp-content\/uploads\/2023\/12\/perro-salchicha-caracteristicas-y-datos-interesantes-300x200.jpg",300,200,true],"large":["https:\/\/diariofemenino.com.ar\/df\/wp-content\/uploads\/2023\/12\/perro-salchicha-caracteristicas-y-datos-interesantes.jpg",900,600,false],"1536x1536":["https:\/\/diariofemenino.com.ar\/df\/wp-content\/uploads\/2023\/12\/perro-salchicha-caracteristicas-y-datos-interesantes.jpg",900,600,false],"2048x2048":["https:\/\/diariofemenino.com.ar\/df\/wp-content\/uploads\/2023\/12\/perro-salchicha-caracteristicas-y-datos-interesantes.jpg",900,600,false]},"rttpg_author":{"display_name":"Admin","author_link":"https:\/\/diariofemenino.com.ar\/df\/author\/lenny\/"},"rttpg_comment":0,"rttpg_category":"<a href=\"https:\/\/diariofemenino.com.ar\/df\/category\/uncategorized\/\" rel=\"category tag\">Uncategorized<\/a>","rttpg_excerpt":"Fallo: se otorga r\u00e9gimen de comunicaci\u00f3n respecto a POPE, familia multiespecie. \u201cELM C\/ DAA S\/ MEDIDA CAUTELAR\u00bb EXP 251897\/23. Juzgado de familia, ni\u00f1ez y adolescencia N\u00b0 4- Corrientes Capital, 13 de diciembre de 2023. Jueza interviniente Luisa Carolina Macarrein. Por\u00a0Erica P\u00e9rez* para\u00a0Diario Digital Femenino Descarga el fallo completo:\u00a0aqu\u00ed I.- Resumen de los hechos: Se presenta&hellip;","_links":{"self":[{"href":"https:\/\/diariofemenino.com.ar\/df\/wp-json\/wp\/v2\/posts\/72054","targetHints":{"allow":["GET"]}}],"collection":[{"href":"https:\/\/diariofemenino.com.ar\/df\/wp-json\/wp\/v2\/posts"}],"about":[{"href":"https:\/\/diariofemenino.com.ar\/df\/wp-json\/wp\/v2\/types\/post"}],"author":[{"embeddable":true,"href":"https:\/\/diariofemenino.com.ar\/df\/wp-json\/wp\/v2\/users\/4"}],"replies":[{"embeddable":true,"href":"https:\/\/diariofemenino.com.ar\/df\/wp-json\/wp\/v2\/comments?post=72054"}],"version-history":[{"count":0,"href":"https:\/\/diariofemenino.com.ar\/df\/wp-json\/wp\/v2\/posts\/72054\/revisions"}],"wp:featuredmedia":[{"embeddable":true,"href":"https:\/\/diariofemenino.com.ar\/df\/wp-json\/wp\/v2\/media\/72056"}],"wp:attachment":[{"href":"https:\/\/diariofemenino.com.ar\/df\/wp-json\/wp\/v2\/media?parent=72054"}],"wp:term":[{"taxonomy":"category","embeddable":true,"href":"https:\/\/diariofemenino.com.ar\/df\/wp-json\/wp\/v2\/categories?post=72054"},{"taxonomy":"post_tag","embeddable":true,"href":"https:\/\/diariofemenino.com.ar\/df\/wp-json\/wp\/v2\/tags?post=72054"}],"curies":[{"name":"wp","href":"https:\/\/api.w.org\/{rel}","templated":true}]}}