{"id":71779,"date":"2023-11-07T10:49:53","date_gmt":"2023-11-07T13:49:53","guid":{"rendered":"https:\/\/diariofemenino.com.ar\/df\/?p=71779"},"modified":"2023-11-07T12:18:50","modified_gmt":"2023-11-07T15:18:50","slug":"por-una-esi-mas-inclusiva-diversa-y-defensora-de-los-derechos","status":"publish","type":"post","link":"https:\/\/diariofemenino.com.ar\/df\/por-una-esi-mas-inclusiva-diversa-y-defensora-de-los-derechos\/","title":{"rendered":"Por una ESI m\u00e1s inclusiva, diversa y defensora de los  derechos"},"content":{"rendered":"<p>Luego de una nueva y multitudinaria edici\u00f3n de la Marcha del Orgullo LGBTIQ+ que se desarroll\u00f3 por las calles de la Ciudad de Buenos Aires bajo el lema \u201cNi un ajuste m\u00e1s, ni un derecho menos\u201d se hace indispensable seguir exigiendo en las aulas una Educaci\u00f3n Sexual Integral que valore la diversidad de todas sus formas. Por eso, y para seguir construyendo una ESI que ayude a ampliar la mirada hacia todas las personas, en la columna del d\u00eda de hoy invitamos a pensar el t\u00e9rmino <em>\u201c<\/em><em><a href=\"https:\/\/www.educ.ar\/recursos\/157749\/interculturalidad\">Interculturalidad<\/a><\/em><em>\u201d.<\/em><\/p>\n<p>Por\u00a0<em><a href=\"https:\/\/diariofemenino.com.ar\/df\/?s=Mar%C3%ADa+In%C3%A9s+Alvarado\">Mar\u00eda In\u00e9s Alvarado<\/a>*<br \/>\npara\u00a0<a href=\"https:\/\/www.instagram.com\/diariodigitalfemenino_\/\">Diario Digital Femenino<\/a><\/em><\/p>\n<p>En el cuadernillo <a href=\"https:\/\/diariofemenino.com.ar\/df\/derechos-humanos-genero-y-esi-en-la-escuela\/\">Interculturalidad de la Colecci\u00f3n Derechos Humanos, G\u00e9nero y ESI En la escuela<\/a>, se describe este concepto como <em>\u201c<\/em><em>un proceso, una perspectiva o un proyecto a construir, que consiste no solamente en la convivencia e intercambio de diferentes expresiones culturales, sino que aspira tambi\u00e9n a que se produzca en t\u00e9rminos de respeto y valoraci\u00f3n de la diversidad y de b\u00fasqueda de la igualdad, lo cual requiere comprender que la cultura hegem\u00f3nica no es la \u00fanica.\u201d <\/em>En dicho material, tambi\u00e9n se reconoce la dimensi\u00f3n universal de los Derechos Humanos para desarmar el car\u00e1cter universal y hegem\u00f3nico que tiene el saber escolar, y repensar los contenidos que se ense\u00f1an y el modo en que se hace para abarcar las diferentes perspectivas culturales y saberes ling\u00fc\u00edsticos de cada comunidad.<\/p>\n<figure id=\"attachment_71781\" aria-describedby=\"caption-attachment-71781\" style=\"width: 540px\" class=\"wp-caption aligncenter\"><img loading=\"lazy\" decoding=\"async\" class=\" wp-image-71781\" src=\"https:\/\/diariofemenino.com.ar\/df\/wp-content\/uploads\/2023\/11\/tapa-esi-en-quechua-1024x512-1.jpg\" alt=\"Por una ESI m\u00e1s inclusiva, diversa y defensora de los derechos\" width=\"540\" height=\"281\" srcset=\"https:\/\/diariofemenino.com.ar\/df\/wp-content\/uploads\/2023\/11\/tapa-esi-en-quechua-1024x512-1.jpg 982w, https:\/\/diariofemenino.com.ar\/df\/wp-content\/uploads\/2023\/11\/tapa-esi-en-quechua-1024x512-1-300x156.jpg 300w, https:\/\/diariofemenino.com.ar\/df\/wp-content\/uploads\/2023\/11\/tapa-esi-en-quechua-1024x512-1-768x400.jpg 768w\" sizes=\"auto, (max-width: 540px) 100vw, 540px\" \/><figcaption id=\"caption-attachment-71781\" class=\"wp-caption-text\">Por una ESI m\u00e1s inclusiva, diversa y defensora de los derechos<\/figcaption><\/figure>\n<p>Con este enfoque, el <strong>colectivo interdisciplinario <\/strong><a href=\"https:\/\/www.instagram.com\/esienquechua\/\">esi en quechua<\/a><strong>, propone una <\/strong>ESI <a href=\"https:\/\/diariofemenino.com.ar\/df\/es-posible-pensar-la-esi-desde-la-perspectiva-interseccional\/\">interseccional<\/a>, intercultural y antirracista que promueva abordar la diversidad cultural y ling\u00fc\u00edstica con materiales relacionados con la sexualidad. Desde su cuenta de Instagram, promueven un enfoque te\u00f3rico pr\u00e1ctico que entrecruza los contenidos de la ESI con el quechua, las lenguas ind\u00edgenas en general y la cosmovisi\u00f3n andina y as\u00ed transversalizar esta mirada intercultural como proyecto pol\u00edtico-pedag\u00f3gico que promueva la construcci\u00f3n colectiva. Durante el fin de semana, en el d\u00eda de la XXXII Marcha del Orgullo, compartieron en su cuenta un fragmento a una entrevista a la activista travesti Quillay M\u00e9ndez (<a href=\"https:\/\/www.instagram.com\/la.quillay\/\">la.quillay<\/a>), bailarina, compositora y docente quien explica que <em>\u201cla idea de travestir lo qhari-warmi\u201d<\/em> (var\u00f3n-mujer) para explicar como alzar la voz para <em>\u201csostener un discurso pol\u00edtico\u201d<\/em> que <em>\u201cdesobedece la norma lgbt blanco, implantado en la sociedad.\u201d<\/em><\/p>\n<blockquote><p><strong>Tambi\u00e9n te puede interesar:<\/strong>\u00a0<a title=\"Educaci\u00f3n Sexual Integral (ESI) en lenguas ind\u00edgenas\" href=\"https:\/\/diariofemenino.com.ar\/df\/educacion-sexual-integral-esi-en-lenguas-indigenas\/\">Educaci\u00f3n Sexual Integral (ESI) en lenguas ind\u00edgenas<\/a><\/p><\/blockquote>\n<p>Para acompa\u00f1ar este recorrido y poder llevar a las aulas esta perspectiva de ESI intercultural y antirracista, este mes se lanza \u201c<a href=\"https:\/\/milenacaserola.com\/producto\/kachkanchikraqmi\/\">Kachkanchikraqmi. Educaci\u00f3n Sexual Integral desde una perspectiva intercultural y antirracista<\/a>\u201d editado por Milena Caserola, cuyas <strong>autoras: Josefina Navarro, Noelia D\u00edaz Uyuquipa, Mariana Labhart y Luc\u00eda Mazzotta<\/strong> proponen como un libro para docentes de espacios educativos formales e informales tanto en contextos rurales como urbanos, habitados por poblaciones heterog\u00e9neas, caracterizadas por la migraci\u00f3n nacional, regional e internacional, partiendo desde el quechua, e impulsando una mirada intercultural como proyecto pol\u00edtico-pedag\u00f3gico que promueve la construcci\u00f3n colectiva. Kachkanchikraqmi podr\u00eda traducirse como <em>\u201cseguimos siendo, seguimos existiendo\u201d<\/em> y tiene como premisa: <em>\u201cun mundo feminista no puede no ser antirracista\u201d. <\/em><\/p>\n<p>En el material Interculturalidad, previamente citado, se plantea, adem\u00e1s, que <em>\u201cla interculturalidad no puede reducirse a una mezcla o fusi\u00f3n de elementos distintos, sino que asume los m\u00faltiples intercambios y contempla las tensiones que puedan producirse entre ellos, mientras pretende confrontar los racismos y las desigualdades presentes en la convivencia entre las culturas mismas y en las estructuras e instituciones de la sociedad\u201d<\/em>. Por eso propone una serie de acciones a llevar a cabo si se desea adoptar una perspectiva intercultural, relacionadas con evitar contenidos que reflejen una sociedad homog\u00e9nea, monocultural y \u201cblanca\u201d; rehuir de las representaciones estereotipadas, esquem\u00e1ticas y fijas; presuponer un estudiantado diverso culturalmente (y no exclusivamente blanco, cis heterosexual que reflexiona sobre las otras y los otros como si estos no formaran parte del estudiantado); entre otras.<\/p>\n<p>Por \u00faltimo, y para poder acercar el concepto de derechos desde esta perspectiva, se puede socializar en las aulas las infograf\u00edas del documento <a href=\"http:\/\/bnm.me.gov.ar\/giga1\/documentos\/EL007453.pdf\">Qhari, warmi wawakuna, wamrakuna Los chicos, las chicas y los adolescentes tenemos derechos<\/a>, que utilizando historietas de Mafalda, explica la perspectiva de derechos de NNyA en lengua ind\u00edgena.<\/p>\n<p><strong>(*)<\/strong>\u00a0Docente, comunicadora. Co-directora de\u00a0<strong><a href=\"https:\/\/laesienjuego.com.ar\/\">La ESI en juego<\/a>.<\/strong><br \/>\nColumnista\u00a0de\u00a0<strong><a href=\"https:\/\/diariofemenino.com.ar\/df\/category\/de-esi-si-se-habla\/\">Diario Digital Femenino<\/a><\/strong>\u2013\u00a0<a href=\"https:\/\/diariofemenino.com.ar\/df\/category\/de-esi-si-se-habla\/\">De ESI S\u00ed Se Habla<\/a><\/p>\n<p>&nbsp;<\/p>\n<blockquote><p>Seguinos en Instagram\u00a0<a href=\"https:\/\/www.instagram.com\/diariodigitalfemenino_\/\">@diariodigitalfemenino_<\/a><\/p><\/blockquote>\n","protected":false},"excerpt":{"rendered":"<p>Luego de una nueva y multitudinaria edici\u00f3n de la Marcha del Orgullo LGBTIQ+ que se desarroll\u00f3 por las calles de la Ciudad de Buenos Aires bajo el lema \u201cNi un ajuste m\u00e1s, ni un derecho menos\u201d se hace indispensable seguir exigiendo en las aulas una Educaci\u00f3n Sexual Integral que valore la diversidad de todas sus [&hellip;]<\/p>\n","protected":false},"author":4,"featured_media":71780,"comment_status":"open","ping_status":"open","sticky":false,"template":"","format":"standard","meta":{"iawp_total_views":365,"footnotes":""},"categories":[7,1067,178,581,9,3,627,78,481,21,23,15,592],"tags":[397,567,4372,97,4427,5348,62,568,6538,6539,625,4756,6540],"class_list":["post-71779","post","type-post","status-publish","format-standard","has-post-thumbnail","hentry","category-actividades","category-agenda-feminista","category-articulos-y-comunicados","category-azul-profundo","category-de-esi-si-se-habla","category-de-la-revolucion-al-reaprendizaje","category-genero-y-derechos-humanos","category-guias","category-manuales","category-noticias","category-salud","category-trata-de-personas","category-violencias","tag-derechos","tag-de-esi-si-se-habla","tag-destacada","tag-esi","tag-inclusiva","tag-interculturalidad","tag-lenguaje","tag-maria-ines-alvarado","tag-ni-un-ajuste-mas","tag-ni-un-derecho-menos","tag-pueblos-originarios","tag-quechua","tag-xxxii-marcha-del-orgullo"],"nelio_content":{"autoShareEndMode":"never","automationSources":{"useCustomSentences":false,"customSentences":[]},"efiAlt":"","efiUrl":"","followers":[4],"highlights":[],"isAutoShareEnabled":true,"networkImageIds":[],"permalinkQueryArgs":[],"series":[],"suggestedReferences":[]},"yoast_head":"<!-- This site is optimized with the Yoast SEO plugin v27.5 - https:\/\/yoast.com\/product\/yoast-seo-wordpress\/ -->\n<title>Por una ESI m\u00e1s inclusiva, diversa y defensora de los derechos - Diario Digital Femenino<\/title>\n<meta name=\"description\" content=\"Por una ESI m\u00e1s inclusiva\" \/>\n<meta name=\"robots\" content=\"index, follow, max-snippet:-1, max-image-preview:large, max-video-preview:-1\" \/>\n<link rel=\"canonical\" href=\"https:\/\/diariofemenino.com.ar\/df\/por-una-esi-mas-inclusiva-diversa-y-defensora-de-los-derechos\/\" \/>\n<meta property=\"og:locale\" content=\"es_ES\" \/>\n<meta property=\"og:type\" content=\"article\" \/>\n<meta property=\"og:title\" content=\"Por una ESI m\u00e1s inclusiva, diversa y defensora de los derechos - Diario Digital Femenino\" \/>\n<meta property=\"og:description\" content=\"Por una ESI m\u00e1s inclusiva\" \/>\n<meta property=\"og:url\" content=\"https:\/\/diariofemenino.com.ar\/df\/por-una-esi-mas-inclusiva-diversa-y-defensora-de-los-derechos\/\" \/>\n<meta property=\"og:site_name\" content=\"Diario Digital Femenino\" \/>\n<meta property=\"article:publisher\" content=\"https:\/\/www.facebook.com\/DiarioDigitaFemenino\/\" \/>\n<meta property=\"article:published_time\" content=\"2023-11-07T13:49:53+00:00\" \/>\n<meta property=\"article:modified_time\" content=\"2023-11-07T15:18:50+00:00\" \/>\n<meta property=\"og:image\" content=\"https:\/\/diariofemenino.com.ar\/df\/wp-content\/uploads\/2023\/11\/ESI-e-interculturalidad.jpg\" \/>\n\t<meta property=\"og:image:width\" content=\"1180\" \/>\n\t<meta property=\"og:image:height\" content=\"664\" \/>\n\t<meta property=\"og:image:type\" content=\"image\/jpeg\" \/>\n<meta name=\"author\" content=\"Admin\" \/>\n<meta name=\"twitter:card\" content=\"summary_large_image\" \/>\n<meta name=\"twitter:creator\" content=\"@DiarioFemenino1\" \/>\n<meta name=\"twitter:site\" content=\"@DiarioFemenino1\" \/>\n<meta name=\"twitter:label1\" content=\"Escrito por\" \/>\n\t<meta name=\"twitter:data1\" content=\"Admin\" \/>\n\t<meta name=\"twitter:label2\" content=\"Tiempo de lectura\" \/>\n\t<meta name=\"twitter:data2\" content=\"4 minutos\" \/>\n<script type=\"application\/ld+json\" class=\"yoast-schema-graph\">{\"@context\":\"https:\\\/\\\/schema.org\",\"@graph\":[{\"@type\":\"Article\",\"@id\":\"https:\\\/\\\/diariofemenino.com.ar\\\/df\\\/por-una-esi-mas-inclusiva-diversa-y-defensora-de-los-derechos\\\/#article\",\"isPartOf\":{\"@id\":\"https:\\\/\\\/diariofemenino.com.ar\\\/df\\\/por-una-esi-mas-inclusiva-diversa-y-defensora-de-los-derechos\\\/\"},\"author\":{\"name\":\"Admin\",\"@id\":\"https:\\\/\\\/diariofemenino.com.ar\\\/df\\\/#\\\/schema\\\/person\\\/bf6199e8158c657ea6f789b11ec85509\"},\"headline\":\"Por una ESI m\u00e1s inclusiva, diversa y defensora de los derechos\",\"datePublished\":\"2023-11-07T13:49:53+00:00\",\"dateModified\":\"2023-11-07T15:18:50+00:00\",\"mainEntityOfPage\":{\"@id\":\"https:\\\/\\\/diariofemenino.com.ar\\\/df\\\/por-una-esi-mas-inclusiva-diversa-y-defensora-de-los-derechos\\\/\"},\"wordCount\":774,\"commentCount\":0,\"publisher\":{\"@id\":\"https:\\\/\\\/diariofemenino.com.ar\\\/df\\\/#organization\"},\"image\":{\"@id\":\"https:\\\/\\\/diariofemenino.com.ar\\\/df\\\/por-una-esi-mas-inclusiva-diversa-y-defensora-de-los-derechos\\\/#primaryimage\"},\"thumbnailUrl\":\"https:\\\/\\\/diariofemenino.com.ar\\\/df\\\/wp-content\\\/uploads\\\/2023\\\/11\\\/ESI-e-interculturalidad.jpg\",\"keywords\":[\"#derechos\",\"De ESI s\u00ed se habla\",\"Destacada\",\"ESI\",\"Inclusiva\",\"Interculturalidad\",\"Lenguaje\",\"Mar\u00eda In\u00e9s Alvarado\",\"Ni un ajuste m\u00e1s\",\"ni un derecho menos\",\"Pueblos Originarios\",\"Quechua\",\"XXXII Marcha del Orgullo\"],\"articleSection\":[\"Actividades\",\"Agenda Feminista\",\"Art\u00edculos y Comunicados\",\"Azul Profundo\",\"De ESI S\u00ed Se Habla\",\"De la Revoluci\u00f3n al Reaprendizaje\",\"G\u00e9nero y Derechos Humanos\",\"Gu\u00edas\",\"Manuales\",\"Noticias\",\"Salud\",\"Trata de Pers.\",\"Violencias\"],\"inLanguage\":\"es\",\"potentialAction\":[{\"@type\":\"CommentAction\",\"name\":\"Comment\",\"target\":[\"https:\\\/\\\/diariofemenino.com.ar\\\/df\\\/por-una-esi-mas-inclusiva-diversa-y-defensora-de-los-derechos\\\/#respond\"]}]},{\"@type\":\"WebPage\",\"@id\":\"https:\\\/\\\/diariofemenino.com.ar\\\/df\\\/por-una-esi-mas-inclusiva-diversa-y-defensora-de-los-derechos\\\/\",\"url\":\"https:\\\/\\\/diariofemenino.com.ar\\\/df\\\/por-una-esi-mas-inclusiva-diversa-y-defensora-de-los-derechos\\\/\",\"name\":\"Por una ESI m\u00e1s inclusiva, diversa y defensora de los derechos - Diario Digital Femenino\",\"isPartOf\":{\"@id\":\"https:\\\/\\\/diariofemenino.com.ar\\\/df\\\/#website\"},\"primaryImageOfPage\":{\"@id\":\"https:\\\/\\\/diariofemenino.com.ar\\\/df\\\/por-una-esi-mas-inclusiva-diversa-y-defensora-de-los-derechos\\\/#primaryimage\"},\"image\":{\"@id\":\"https:\\\/\\\/diariofemenino.com.ar\\\/df\\\/por-una-esi-mas-inclusiva-diversa-y-defensora-de-los-derechos\\\/#primaryimage\"},\"thumbnailUrl\":\"https:\\\/\\\/diariofemenino.com.ar\\\/df\\\/wp-content\\\/uploads\\\/2023\\\/11\\\/ESI-e-interculturalidad.jpg\",\"datePublished\":\"2023-11-07T13:49:53+00:00\",\"dateModified\":\"2023-11-07T15:18:50+00:00\",\"description\":\"Por una ESI m\u00e1s inclusiva\",\"breadcrumb\":{\"@id\":\"https:\\\/\\\/diariofemenino.com.ar\\\/df\\\/por-una-esi-mas-inclusiva-diversa-y-defensora-de-los-derechos\\\/#breadcrumb\"},\"inLanguage\":\"es\",\"potentialAction\":[{\"@type\":\"ReadAction\",\"target\":[\"https:\\\/\\\/diariofemenino.com.ar\\\/df\\\/por-una-esi-mas-inclusiva-diversa-y-defensora-de-los-derechos\\\/\"]}]},{\"@type\":\"ImageObject\",\"inLanguage\":\"es\",\"@id\":\"https:\\\/\\\/diariofemenino.com.ar\\\/df\\\/por-una-esi-mas-inclusiva-diversa-y-defensora-de-los-derechos\\\/#primaryimage\",\"url\":\"https:\\\/\\\/diariofemenino.com.ar\\\/df\\\/wp-content\\\/uploads\\\/2023\\\/11\\\/ESI-e-interculturalidad.jpg\",\"contentUrl\":\"https:\\\/\\\/diariofemenino.com.ar\\\/df\\\/wp-content\\\/uploads\\\/2023\\\/11\\\/ESI-e-interculturalidad.jpg\",\"width\":1180,\"height\":664,\"caption\":\"Por una ESI m\u00e1s inclusiva, diversa y defensora de los derechos\"},{\"@type\":\"BreadcrumbList\",\"@id\":\"https:\\\/\\\/diariofemenino.com.ar\\\/df\\\/por-una-esi-mas-inclusiva-diversa-y-defensora-de-los-derechos\\\/#breadcrumb\",\"itemListElement\":[{\"@type\":\"ListItem\",\"position\":1,\"name\":\"Portada\",\"item\":\"https:\\\/\\\/diariofemenino.com.ar\\\/df\\\/\"},{\"@type\":\"ListItem\",\"position\":2,\"name\":\"Por una ESI m\u00e1s inclusiva, diversa y defensora de los derechos\"}]},{\"@type\":\"WebSite\",\"@id\":\"https:\\\/\\\/diariofemenino.com.ar\\\/df\\\/#website\",\"url\":\"https:\\\/\\\/diariofemenino.com.ar\\\/df\\\/\",\"name\":\"Diario Digital Femenino\",\"description\":\"Cuesti\u00f3n de G\u00e9nero\",\"publisher\":{\"@id\":\"https:\\\/\\\/diariofemenino.com.ar\\\/df\\\/#organization\"},\"potentialAction\":[{\"@type\":\"SearchAction\",\"target\":{\"@type\":\"EntryPoint\",\"urlTemplate\":\"https:\\\/\\\/diariofemenino.com.ar\\\/df\\\/?s={search_term_string}\"},\"query-input\":{\"@type\":\"PropertyValueSpecification\",\"valueRequired\":true,\"valueName\":\"search_term_string\"}}],\"inLanguage\":\"es\"},{\"@type\":\"Organization\",\"@id\":\"https:\\\/\\\/diariofemenino.com.ar\\\/df\\\/#organization\",\"name\":\"Diario Femenino\",\"url\":\"https:\\\/\\\/diariofemenino.com.ar\\\/df\\\/\",\"logo\":{\"@type\":\"ImageObject\",\"inLanguage\":\"es\",\"@id\":\"https:\\\/\\\/diariofemenino.com.ar\\\/df\\\/#\\\/schema\\\/logo\\\/image\\\/\",\"url\":\"https:\\\/\\\/diariofemenino.com.ar\\\/df\\\/wp-content\\\/uploads\\\/2018\\\/10\\\/logo.png\",\"contentUrl\":\"https:\\\/\\\/diariofemenino.com.ar\\\/df\\\/wp-content\\\/uploads\\\/2018\\\/10\\\/logo.png\",\"width\":500,\"height\":92,\"caption\":\"Diario Femenino\"},\"image\":{\"@id\":\"https:\\\/\\\/diariofemenino.com.ar\\\/df\\\/#\\\/schema\\\/logo\\\/image\\\/\"},\"sameAs\":[\"https:\\\/\\\/www.facebook.com\\\/DiarioDigitaFemenino\\\/\",\"https:\\\/\\\/x.com\\\/DiarioFemenino1\"]},{\"@type\":\"Person\",\"@id\":\"https:\\\/\\\/diariofemenino.com.ar\\\/df\\\/#\\\/schema\\\/person\\\/bf6199e8158c657ea6f789b11ec85509\",\"name\":\"Admin\",\"image\":{\"@type\":\"ImageObject\",\"inLanguage\":\"es\",\"@id\":\"https:\\\/\\\/diariofemenino.com.ar\\\/df\\\/wp-content\\\/uploads\\\/2018\\\/12\\\/favicon-150x150.jpg\",\"url\":\"https:\\\/\\\/diariofemenino.com.ar\\\/df\\\/wp-content\\\/uploads\\\/2018\\\/12\\\/favicon-150x150.jpg\",\"contentUrl\":\"https:\\\/\\\/diariofemenino.com.ar\\\/df\\\/wp-content\\\/uploads\\\/2018\\\/12\\\/favicon-150x150.jpg\",\"caption\":\"Admin\"},\"url\":\"https:\\\/\\\/diariofemenino.com.ar\\\/df\\\/author\\\/lenny\\\/\"}]}<\/script>\n<!-- \/ Yoast SEO plugin. -->","yoast_head_json":{"title":"Por una ESI m\u00e1s inclusiva, diversa y defensora de los derechos - Diario Digital Femenino","description":"Por una ESI m\u00e1s inclusiva","robots":{"index":"index","follow":"follow","max-snippet":"max-snippet:-1","max-image-preview":"max-image-preview:large","max-video-preview":"max-video-preview:-1"},"canonical":"https:\/\/diariofemenino.com.ar\/df\/por-una-esi-mas-inclusiva-diversa-y-defensora-de-los-derechos\/","og_locale":"es_ES","og_type":"article","og_title":"Por una ESI m\u00e1s inclusiva, diversa y defensora de los derechos - Diario Digital Femenino","og_description":"Por una ESI m\u00e1s inclusiva","og_url":"https:\/\/diariofemenino.com.ar\/df\/por-una-esi-mas-inclusiva-diversa-y-defensora-de-los-derechos\/","og_site_name":"Diario Digital Femenino","article_publisher":"https:\/\/www.facebook.com\/DiarioDigitaFemenino\/","article_published_time":"2023-11-07T13:49:53+00:00","article_modified_time":"2023-11-07T15:18:50+00:00","og_image":[{"width":1180,"height":664,"url":"https:\/\/diariofemenino.com.ar\/df\/wp-content\/uploads\/2023\/11\/ESI-e-interculturalidad.jpg","type":"image\/jpeg"}],"author":"Admin","twitter_card":"summary_large_image","twitter_creator":"@DiarioFemenino1","twitter_site":"@DiarioFemenino1","twitter_misc":{"Escrito por":"Admin","Tiempo de lectura":"4 minutos"},"schema":{"@context":"https:\/\/schema.org","@graph":[{"@type":"Article","@id":"https:\/\/diariofemenino.com.ar\/df\/por-una-esi-mas-inclusiva-diversa-y-defensora-de-los-derechos\/#article","isPartOf":{"@id":"https:\/\/diariofemenino.com.ar\/df\/por-una-esi-mas-inclusiva-diversa-y-defensora-de-los-derechos\/"},"author":{"name":"Admin","@id":"https:\/\/diariofemenino.com.ar\/df\/#\/schema\/person\/bf6199e8158c657ea6f789b11ec85509"},"headline":"Por una ESI m\u00e1s inclusiva, diversa y defensora de los derechos","datePublished":"2023-11-07T13:49:53+00:00","dateModified":"2023-11-07T15:18:50+00:00","mainEntityOfPage":{"@id":"https:\/\/diariofemenino.com.ar\/df\/por-una-esi-mas-inclusiva-diversa-y-defensora-de-los-derechos\/"},"wordCount":774,"commentCount":0,"publisher":{"@id":"https:\/\/diariofemenino.com.ar\/df\/#organization"},"image":{"@id":"https:\/\/diariofemenino.com.ar\/df\/por-una-esi-mas-inclusiva-diversa-y-defensora-de-los-derechos\/#primaryimage"},"thumbnailUrl":"https:\/\/diariofemenino.com.ar\/df\/wp-content\/uploads\/2023\/11\/ESI-e-interculturalidad.jpg","keywords":["#derechos","De ESI s\u00ed se habla","Destacada","ESI","Inclusiva","Interculturalidad","Lenguaje","Mar\u00eda In\u00e9s Alvarado","Ni un ajuste m\u00e1s","ni un derecho menos","Pueblos Originarios","Quechua","XXXII Marcha del Orgullo"],"articleSection":["Actividades","Agenda Feminista","Art\u00edculos y Comunicados","Azul Profundo","De ESI S\u00ed Se Habla","De la Revoluci\u00f3n al Reaprendizaje","G\u00e9nero y Derechos Humanos","Gu\u00edas","Manuales","Noticias","Salud","Trata de Pers.","Violencias"],"inLanguage":"es","potentialAction":[{"@type":"CommentAction","name":"Comment","target":["https:\/\/diariofemenino.com.ar\/df\/por-una-esi-mas-inclusiva-diversa-y-defensora-de-los-derechos\/#respond"]}]},{"@type":"WebPage","@id":"https:\/\/diariofemenino.com.ar\/df\/por-una-esi-mas-inclusiva-diversa-y-defensora-de-los-derechos\/","url":"https:\/\/diariofemenino.com.ar\/df\/por-una-esi-mas-inclusiva-diversa-y-defensora-de-los-derechos\/","name":"Por una ESI m\u00e1s inclusiva, diversa y defensora de los derechos - Diario Digital Femenino","isPartOf":{"@id":"https:\/\/diariofemenino.com.ar\/df\/#website"},"primaryImageOfPage":{"@id":"https:\/\/diariofemenino.com.ar\/df\/por-una-esi-mas-inclusiva-diversa-y-defensora-de-los-derechos\/#primaryimage"},"image":{"@id":"https:\/\/diariofemenino.com.ar\/df\/por-una-esi-mas-inclusiva-diversa-y-defensora-de-los-derechos\/#primaryimage"},"thumbnailUrl":"https:\/\/diariofemenino.com.ar\/df\/wp-content\/uploads\/2023\/11\/ESI-e-interculturalidad.jpg","datePublished":"2023-11-07T13:49:53+00:00","dateModified":"2023-11-07T15:18:50+00:00","description":"Por una ESI m\u00e1s inclusiva","breadcrumb":{"@id":"https:\/\/diariofemenino.com.ar\/df\/por-una-esi-mas-inclusiva-diversa-y-defensora-de-los-derechos\/#breadcrumb"},"inLanguage":"es","potentialAction":[{"@type":"ReadAction","target":["https:\/\/diariofemenino.com.ar\/df\/por-una-esi-mas-inclusiva-diversa-y-defensora-de-los-derechos\/"]}]},{"@type":"ImageObject","inLanguage":"es","@id":"https:\/\/diariofemenino.com.ar\/df\/por-una-esi-mas-inclusiva-diversa-y-defensora-de-los-derechos\/#primaryimage","url":"https:\/\/diariofemenino.com.ar\/df\/wp-content\/uploads\/2023\/11\/ESI-e-interculturalidad.jpg","contentUrl":"https:\/\/diariofemenino.com.ar\/df\/wp-content\/uploads\/2023\/11\/ESI-e-interculturalidad.jpg","width":1180,"height":664,"caption":"Por una ESI m\u00e1s inclusiva, diversa y defensora de los derechos"},{"@type":"BreadcrumbList","@id":"https:\/\/diariofemenino.com.ar\/df\/por-una-esi-mas-inclusiva-diversa-y-defensora-de-los-derechos\/#breadcrumb","itemListElement":[{"@type":"ListItem","position":1,"name":"Portada","item":"https:\/\/diariofemenino.com.ar\/df\/"},{"@type":"ListItem","position":2,"name":"Por una ESI m\u00e1s inclusiva, diversa y defensora de los derechos"}]},{"@type":"WebSite","@id":"https:\/\/diariofemenino.com.ar\/df\/#website","url":"https:\/\/diariofemenino.com.ar\/df\/","name":"Diario Digital Femenino","description":"Cuesti\u00f3n de G\u00e9nero","publisher":{"@id":"https:\/\/diariofemenino.com.ar\/df\/#organization"},"potentialAction":[{"@type":"SearchAction","target":{"@type":"EntryPoint","urlTemplate":"https:\/\/diariofemenino.com.ar\/df\/?s={search_term_string}"},"query-input":{"@type":"PropertyValueSpecification","valueRequired":true,"valueName":"search_term_string"}}],"inLanguage":"es"},{"@type":"Organization","@id":"https:\/\/diariofemenino.com.ar\/df\/#organization","name":"Diario Femenino","url":"https:\/\/diariofemenino.com.ar\/df\/","logo":{"@type":"ImageObject","inLanguage":"es","@id":"https:\/\/diariofemenino.com.ar\/df\/#\/schema\/logo\/image\/","url":"https:\/\/diariofemenino.com.ar\/df\/wp-content\/uploads\/2018\/10\/logo.png","contentUrl":"https:\/\/diariofemenino.com.ar\/df\/wp-content\/uploads\/2018\/10\/logo.png","width":500,"height":92,"caption":"Diario Femenino"},"image":{"@id":"https:\/\/diariofemenino.com.ar\/df\/#\/schema\/logo\/image\/"},"sameAs":["https:\/\/www.facebook.com\/DiarioDigitaFemenino\/","https:\/\/x.com\/DiarioFemenino1"]},{"@type":"Person","@id":"https:\/\/diariofemenino.com.ar\/df\/#\/schema\/person\/bf6199e8158c657ea6f789b11ec85509","name":"Admin","image":{"@type":"ImageObject","inLanguage":"es","@id":"https:\/\/diariofemenino.com.ar\/df\/wp-content\/uploads\/2018\/12\/favicon-150x150.jpg","url":"https:\/\/diariofemenino.com.ar\/df\/wp-content\/uploads\/2018\/12\/favicon-150x150.jpg","contentUrl":"https:\/\/diariofemenino.com.ar\/df\/wp-content\/uploads\/2018\/12\/favicon-150x150.jpg","caption":"Admin"},"url":"https:\/\/diariofemenino.com.ar\/df\/author\/lenny\/"}]}},"jetpack_featured_media_url":"https:\/\/diariofemenino.com.ar\/df\/wp-content\/uploads\/2023\/11\/ESI-e-interculturalidad.jpg","jetpack_sharing_enabled":true,"rttpg_featured_image_url":{"full":["https:\/\/diariofemenino.com.ar\/df\/wp-content\/uploads\/2023\/11\/ESI-e-interculturalidad.jpg",1180,664,false],"landscape":["https:\/\/diariofemenino.com.ar\/df\/wp-content\/uploads\/2023\/11\/ESI-e-interculturalidad.jpg",1180,664,false],"portraits":["https:\/\/diariofemenino.com.ar\/df\/wp-content\/uploads\/2023\/11\/ESI-e-interculturalidad.jpg",1180,664,false],"thumbnail":["https:\/\/diariofemenino.com.ar\/df\/wp-content\/uploads\/2023\/11\/ESI-e-interculturalidad-150x150.jpg",150,150,true],"medium":["https:\/\/diariofemenino.com.ar\/df\/wp-content\/uploads\/2023\/11\/ESI-e-interculturalidad-300x169.jpg",300,169,true],"large":["https:\/\/diariofemenino.com.ar\/df\/wp-content\/uploads\/2023\/11\/ESI-e-interculturalidad-1024x576.jpg",1024,576,true],"1536x1536":["https:\/\/diariofemenino.com.ar\/df\/wp-content\/uploads\/2023\/11\/ESI-e-interculturalidad.jpg",1180,664,false],"2048x2048":["https:\/\/diariofemenino.com.ar\/df\/wp-content\/uploads\/2023\/11\/ESI-e-interculturalidad.jpg",1180,664,false]},"rttpg_author":{"display_name":"Admin","author_link":"https:\/\/diariofemenino.com.ar\/df\/author\/lenny\/"},"rttpg_comment":0,"rttpg_category":"<a href=\"https:\/\/diariofemenino.com.ar\/df\/category\/actividades\/\" rel=\"category tag\">Actividades<\/a> <a href=\"https:\/\/diariofemenino.com.ar\/df\/category\/agenda-feminista\/\" rel=\"category tag\">Agenda Feminista<\/a> <a href=\"https:\/\/diariofemenino.com.ar\/df\/category\/articulos-y-comunicados\/\" rel=\"category tag\">Art\u00edculos y Comunicados<\/a> <a href=\"https:\/\/diariofemenino.com.ar\/df\/category\/azul-profundo\/\" rel=\"category tag\">Azul Profundo<\/a> <a href=\"https:\/\/diariofemenino.com.ar\/df\/category\/de-esi-si-se-habla\/\" rel=\"category tag\">De ESI S\u00ed Se Habla<\/a> <a href=\"https:\/\/diariofemenino.com.ar\/df\/category\/de-la-revolucion-al-reaprendizaje\/\" rel=\"category tag\">De la Revoluci\u00f3n al Reaprendizaje<\/a> <a href=\"https:\/\/diariofemenino.com.ar\/df\/category\/genero-y-derechos-humanos\/\" rel=\"category tag\">G\u00e9nero y Derechos Humanos<\/a> <a href=\"https:\/\/diariofemenino.com.ar\/df\/category\/guias\/\" rel=\"category tag\">Gu\u00edas<\/a> <a href=\"https:\/\/diariofemenino.com.ar\/df\/category\/manuales\/\" rel=\"category tag\">Manuales<\/a> <a href=\"https:\/\/diariofemenino.com.ar\/df\/category\/noticias\/\" rel=\"category tag\">Noticias<\/a> <a href=\"https:\/\/diariofemenino.com.ar\/df\/category\/salud\/\" rel=\"category tag\">Salud<\/a> <a href=\"https:\/\/diariofemenino.com.ar\/df\/category\/trata-de-personas\/\" rel=\"category tag\">Trata de Pers.<\/a> <a href=\"https:\/\/diariofemenino.com.ar\/df\/category\/violencias\/\" rel=\"category tag\">Violencias<\/a>","rttpg_excerpt":"Luego de una nueva y multitudinaria edici\u00f3n de la Marcha del Orgullo LGBTIQ+ que se desarroll\u00f3 por las calles de la Ciudad de Buenos Aires bajo el lema \u201cNi un ajuste m\u00e1s, ni un derecho menos\u201d se hace indispensable seguir exigiendo en las aulas una Educaci\u00f3n Sexual Integral que valore la diversidad de todas sus&hellip;","_links":{"self":[{"href":"https:\/\/diariofemenino.com.ar\/df\/wp-json\/wp\/v2\/posts\/71779","targetHints":{"allow":["GET"]}}],"collection":[{"href":"https:\/\/diariofemenino.com.ar\/df\/wp-json\/wp\/v2\/posts"}],"about":[{"href":"https:\/\/diariofemenino.com.ar\/df\/wp-json\/wp\/v2\/types\/post"}],"author":[{"embeddable":true,"href":"https:\/\/diariofemenino.com.ar\/df\/wp-json\/wp\/v2\/users\/4"}],"replies":[{"embeddable":true,"href":"https:\/\/diariofemenino.com.ar\/df\/wp-json\/wp\/v2\/comments?post=71779"}],"version-history":[{"count":0,"href":"https:\/\/diariofemenino.com.ar\/df\/wp-json\/wp\/v2\/posts\/71779\/revisions"}],"wp:featuredmedia":[{"embeddable":true,"href":"https:\/\/diariofemenino.com.ar\/df\/wp-json\/wp\/v2\/media\/71780"}],"wp:attachment":[{"href":"https:\/\/diariofemenino.com.ar\/df\/wp-json\/wp\/v2\/media?parent=71779"}],"wp:term":[{"taxonomy":"category","embeddable":true,"href":"https:\/\/diariofemenino.com.ar\/df\/wp-json\/wp\/v2\/categories?post=71779"},{"taxonomy":"post_tag","embeddable":true,"href":"https:\/\/diariofemenino.com.ar\/df\/wp-json\/wp\/v2\/tags?post=71779"}],"curies":[{"name":"wp","href":"https:\/\/api.w.org\/{rel}","templated":true}]}}