{"id":71692,"date":"2023-10-27T10:28:57","date_gmt":"2023-10-27T13:28:57","guid":{"rendered":"https:\/\/diariofemenino.com.ar\/df\/?p=71692"},"modified":"2023-10-27T10:28:57","modified_gmt":"2023-10-27T13:28:57","slug":"arcoiris-y-utopias-esperanzadoras","status":"publish","type":"post","link":"https:\/\/diariofemenino.com.ar\/df\/arcoiris-y-utopias-esperanzadoras\/","title":{"rendered":"Arco\u00edris y utop\u00edas esperanzadoras"},"content":{"rendered":"<p style=\"text-align: right;\"><em>\u00a0\u00abLa utop\u00eda est\u00e1 en el horizonte. <\/em><br \/>\n<em>Camino dos pasos, ella se aleja dos pasos <\/em><br \/>\n<em>y el horizonte corre diez pasos m\u00e1s all\u00e1. <\/em><br \/>\n<em>\u00bfEntonces para qu\u00e9 sirve la utop\u00eda? <\/em><br \/>\n<em>Para eso, sirve para caminar.\u00bb<\/em><\/p>\n<p style=\"text-align: right;\"><strong>Eduardo Galeano<\/strong><\/p>\n<p>Entre carruseles de emociones, subjetividades impactadas por la realidad pa\u00eds, lleg\u00f3 la lluvia esperada y benefactora para acariciar los brotes sufrientes, \u00abpurificar\u00bb el aire enrarecido, como consecuencia de medio-ambientes contaminados, de largas sequ\u00edas, de malestares epocales, de ruptura del lazo social, de p\u00e9rdida de empat\u00eda y solidaridad.<\/p>\n<p>En el inicio de semana un sorprendente arco iris, doble arco\u00edris, ilumin\u00f3 de optimismo estas llanuras con atardeceres fotogr\u00e1ficos, y abrig\u00f3 esperanza, en el camino hacia el horizonte, que aloje, una mejor humanidad.<\/p>\n<p>Por\u00a0<a href=\"https:\/\/diariofemenino.com.ar\/df\/generos-y-salud-mental\/\"><strong>M\u00f3nica Vaccaro<\/strong><\/a>*<br \/>\npara\u00a0<a href=\"https:\/\/www.instagram.com\/diariodigitalfemenino_\/\">Diario Digital Femenino<\/a><\/p>\n<p>Hablemos de\u00a0<strong>arco iris y de utop\u00edas esperanzadoras, que promuevan Salud Mental.\u00a0<\/strong><\/p>\n<p>Hablemos de arco iris haciendo trama como refugio en tiempos de incertezas&#8230;<\/p>\n<p>A lo largo de la historia, el arco iris se ha asociado a leyendas y mitos. Incluso aparece en el Antiguo Testamento, donde se cita que el arco\u00edris fue creado por Dios tras el diluvio universal.<\/p>\n<p>Para los antiguos griegos, por ejemplo, el arco\u00edris era una diosa mensajera entre el cielo y la tierra llamada Iris, hija de Taumante y la oce\u00e1nide Electra.<\/p>\n<p>Para la (RAE) puede escribirse como una expresi\u00f3n de dos palabras: arco iris. En ambos casos, la noci\u00f3n alude a un fen\u00f3meno \u00f3ptico que aparece con ciertas condiciones meteorol\u00f3gicas.<\/p>\n<p>El arco\u00edris exhibe una l\u00ednea roja hacia su parte exterior y una l\u00ednea violeta hacia la zona interior, pasando en el medio por otras tonalidades. Los colores con diferentes variantes en cuanto a la intensidad, son los siete fundamentales: violeta, azul, cian, verde, amarillo, naranja y rojo. En ocasiones, se produce un fen\u00f3meno de arco\u00edris doble, donde al arco\u00edris tradicional se le suma uno menos intenso con los colores invertidos.<\/p>\n<p>Algunas leyendas, por otra parte, sostienen que el arco\u00edris es una especie de puente que vincula el cielo con la tierra.<\/p>\n<p>Tambi\u00e9n est\u00e1 el\u00a0 mito de\u00a0<strong>las siete mariposas\u00a0<\/strong>(las que, desde mi mirada, construyen colectivamente), que dice:<\/p>\n<p>Hace muchos siglos, viv\u00edan siete mariposas, cada una con uno de los colores del arco\u00edris, en el coraz\u00f3n de una tupida selva. Todos los habitantes de la zona<\/p>\n<p>observaban con fascinaci\u00f3n cuando levantaban vuelo, admirando el precioso efecto que produc\u00edan al pasar por entre por entre las plantas.<\/p>\n<p>Un mal d\u00eda, una de las hadas se lastim\u00f3 gravemente con una espina. Las dem\u00e1s se acercaron preocupad\u00edsimas a atenderla y pronto comprendieron que no podr\u00edan salvarla.<\/p>\n<p>Como no soportaban la idea de desprenderse de su amiga, expresaron en voz alta que dar\u00edan lo que fuera por permanecer siempre con ella.<\/p>\n<p>Entonces una extra\u00f1a voz les pregunt\u00f3 si estaban dispuestas a entregar sus vidas para cumplir su objetivo, sin dudarlo ni un segundo, todas respondieron afirmativamente.<\/p>\n<p>De inmediato, el cielo se cubri\u00f3 con unas espesas nubes oscuras, y una fuerte tormenta azot\u00f3 la selva.<\/p>\n<p>En medio de la lluvia y el viento, un tornado envolvi\u00f3 a las mariposas y las elev\u00f3 hasta que ya no fue posible verlas desde la tierra. Cuando el tiempo se calm\u00f3, el cielo se despej\u00f3 y la luz del sol brill\u00f3 con m\u00e1s intensidad que nunca. Los antiguos vecinos de las mariposas, pronto notaron un precioso arco luminoso en el firmamento, que exhib\u00eda con una belleza insuperable los siete colores que las caracterizaban.<\/p>\n<p>As\u00ed naci\u00f3 el arco\u00edris, como s\u00edmbolo de la amistad entre siete mariposas que no encontraban sentido a la vida sino pod\u00edan experimentarla juntas.<\/p>\n<p>El arco\u00edris contin\u00faa fascinando a la humanidad, con el transcurrir del tiempo y el desandar de las luchas sociales, se transform\u00f3 en s\u00edmbolo (wiphala) y bandera, muchas banderas, que encabezan los reclamos por plena vigencia de todos los derechos, representando a muchas otras mariposas.<\/p>\n<p>Cientos de\u00a0 arco\u00edris, fueron plasmados en dibujos por ni\u00f1eces, como s\u00edmbolo de esperanza colectiva, durante el evento disruptivo que nos atraves\u00f3 como humanidad (Covid 19).<\/p>\n<p>Se denomina\u00a0 Arco\u00edris uno de los proyectos de la Direcci\u00f3n de Juventud del Municipio de General Pico que desde el abordaje a trav\u00e9s de talleres de las tem\u00e1ticas, diversidades, corporalidades, masculinidades, invita a la participaci\u00f3n comunitaria. <a href=\"#_ftn1\" name=\"_ftnref1\">[1]<\/a><\/p>\n<p>Y as\u00ed, encontramos arco\u00edris que resignifican a cada paso, en cada trayecto y\/o espacio que habitamos\u00a0en nuestras vidas personales y laborales, donde alojamos\u00a0a otres, abrazando diferencias, habilitando oportunidades, tejiendo tramas de respeto y sost\u00e9n.<\/p>\n<p>Transcurre octubre, el mes que nos convoca en clave de Salud Mental.Semana a semana, gracias al espacio habilitado por\u00a0<a href=\"https:\/\/diariofemenino.com.ar\/df\/\">https:\/\/diariofemenino.com.ar\/df\/<\/a>, compartimos noticias\u00a0 de construcciones colectivas que\u00a0 promueven Salud-Salud Mental-Salud Integral, con el prop\u00f3sito de dar cuenta, que aunque poco visibilizados, m\u00faltiples eventos en formas diferentes, a lo largo y ancho del territorio argentino, no cesan de reproducirse, fortalecerse, despertar inter\u00e9s, informar formando en la deconstrucci\u00f3n de pr\u00e1cticas, invitando a la comunidad toda a ser parte de los reclamos por ampliaci\u00f3n de derechos.<\/p>\n<figure id=\"attachment_71695\" aria-describedby=\"caption-attachment-71695\" style=\"width: 486px\" class=\"wp-caption aligncenter\"><img loading=\"lazy\" decoding=\"async\" class=\" wp-image-71695\" src=\"https:\/\/diariofemenino.com.ar\/df\/wp-content\/uploads\/2023\/10\/Marcha-2023-1024x577.png\" alt=\"Arco\u00edris y utop\u00edas esperanzadoras\" width=\"486\" height=\"274\" srcset=\"https:\/\/diariofemenino.com.ar\/df\/wp-content\/uploads\/2023\/10\/Marcha-2023-1024x577.png 1024w, https:\/\/diariofemenino.com.ar\/df\/wp-content\/uploads\/2023\/10\/Marcha-2023-300x169.png 300w, https:\/\/diariofemenino.com.ar\/df\/wp-content\/uploads\/2023\/10\/Marcha-2023-768x433.png 768w, https:\/\/diariofemenino.com.ar\/df\/wp-content\/uploads\/2023\/10\/Marcha-2023-1536x865.png 1536w, https:\/\/diariofemenino.com.ar\/df\/wp-content\/uploads\/2023\/10\/Marcha-2023.png 1640w\" sizes=\"auto, (max-width: 486px) 100vw, 486px\" \/><figcaption id=\"caption-attachment-71695\" class=\"wp-caption-text\">Arco\u00edris y utop\u00edas esperanzadoras<\/figcaption><\/figure>\n<p>En la pr\u00f3xima semana se realizar\u00e1 en la ciudad de C\u00f3rdoba, con acompa\u00f1amiento en todo el pa\u00eds, la\u00a0<strong>10\u00b0 Marcha por el Derecho a la Salud Mental<\/strong>, este a\u00f1o bajo el lema\u00a0<strong>LA SALUD MENTAL\u00a0 NO SE NEGOCIA.<a href=\"#_ftn2\" name=\"_ftnref2\">[2]<\/a><\/strong><\/p>\n<p>Entonces, enlazamos en comunidad, para continuar caminando hacia el horizonte, aunque se corra o lo quieran correr, con la gu\u00eda de las utop\u00edas\u00a0esperanzadoras, en defensa de los derechos de todas las personas, siempre!!!<\/p>\n<p><strong>No hay Salud sin Salud Mental.\u00a0<\/strong><\/p>\n<p style=\"text-align: center;\"><strong>No hay Salud Mental sin Derechos.<br \/>\n<\/strong><strong>No hay Salud Mental sin Democracia.<br \/>\n<\/strong><strong>No hay Salud Mental sin Justicia Social.<br \/>\n<\/strong><strong>La SALIDA ES COLECTIVA, SIEMPRE!!!<\/strong><\/p>\n<p><strong>(*)<\/strong>\u00a0Trabajadora de la Salud Mental y activista de\u00a0<a href=\"https:\/\/diariofemenino.com.ar\/df\/category\/genero-y-derechos-humanos\/\">Derechos Humanos<\/a>.<\/p>\n<p><a href=\"#_ftnref1\" name=\"_ftn1\">[1]<\/a> <a href=\"https:\/\/www.instagram.com\/juventud.pico\/\">https:\/\/www.instagram.com\/juventud.pico\/<\/a><br \/>\n<a href=\"#_ftnref2\" name=\"_ftn2\">[2]<\/a> <a href=\"https:\/\/www.facebook.com\/MarchaSaludMental\/\">https:\/\/www.facebook.com\/MarchaSaludMental\/<\/a><\/p>\n<p>&nbsp;<\/p>\n<blockquote><p>Seguinos en Instagram\u00a0<a href=\"https:\/\/www.instagram.com\/diariodigitalfemenino_\/\">@diariodigitalfemenino_<\/a><\/p><\/blockquote>\n<p>&nbsp;<\/p>\n","protected":false},"excerpt":{"rendered":"<p>\u00a0\u00abLa utop\u00eda est\u00e1 en el horizonte. Camino dos pasos, ella se aleja dos pasos y el horizonte corre diez pasos m\u00e1s all\u00e1. \u00bfEntonces para qu\u00e9 sirve la utop\u00eda? Para eso, sirve para caminar.\u00bb Eduardo Galeano Entre carruseles de emociones, subjetividades impactadas por la realidad pa\u00eds, lleg\u00f3 la lluvia esperada y benefactora para acariciar los brotes [&hellip;]<\/p>\n","protected":false},"author":4,"featured_media":71694,"comment_status":"open","ping_status":"open","sticky":false,"template":"","format":"standard","meta":{"iawp_total_views":34,"footnotes":""},"categories":[1067,178,3,627,580,23],"tags":[5565,6229,3018,4372,6512,6511,4412,5772,1082,6510],"class_list":["post-71692","post","type-post","status-publish","format-standard","has-post-thumbnail","hentry","category-agenda-feminista","category-articulos-y-comunicados","category-de-la-revolucion-al-reaprendizaje","category-genero-y-derechos-humanos","category-resistencia-verdevioleta","category-salud","tag-arcoiris","tag-colores","tag-derecho","tag-destacada","tag-esperanza","tag-horizonte","tag-humanidad","tag-monica-vaccaro","tag-salud-mental","tag-utopia"],"nelio_content":{"autoShareEndMode":"never","automationSources":{"useCustomSentences":false,"customSentences":[]},"efiAlt":"","efiUrl":"","followers":[4],"highlights":[],"isAutoShareEnabled":true,"networkImageIds":[],"permalinkQueryArgs":[],"series":[],"suggestedReferences":[]},"yoast_head":"<!-- This site is optimized with the Yoast SEO plugin v27.5 - https:\/\/yoast.com\/product\/yoast-seo-wordpress\/ -->\n<title>Arco\u00edris y utop\u00edas esperanzadoras - Diario Digital Femenino<\/title>\n<meta name=\"description\" content=\"Arco\u00edris\" \/>\n<meta name=\"robots\" content=\"index, follow, max-snippet:-1, max-image-preview:large, max-video-preview:-1\" \/>\n<link rel=\"canonical\" href=\"https:\/\/diariofemenino.com.ar\/df\/arcoiris-y-utopias-esperanzadoras\/\" \/>\n<meta property=\"og:locale\" content=\"es_ES\" \/>\n<meta property=\"og:type\" content=\"article\" \/>\n<meta property=\"og:title\" content=\"Arco\u00edris y utop\u00edas esperanzadoras - Diario Digital Femenino\" \/>\n<meta property=\"og:description\" content=\"Arco\u00edris\" \/>\n<meta property=\"og:url\" content=\"https:\/\/diariofemenino.com.ar\/df\/arcoiris-y-utopias-esperanzadoras\/\" \/>\n<meta property=\"og:site_name\" content=\"Diario Digital Femenino\" \/>\n<meta property=\"article:publisher\" content=\"https:\/\/www.facebook.com\/DiarioDigitaFemenino\/\" \/>\n<meta property=\"article:published_time\" content=\"2023-10-27T13:28:57+00:00\" \/>\n<meta property=\"og:image\" content=\"https:\/\/diariofemenino.com.ar\/df\/wp-content\/uploads\/2023\/10\/Screenshot_20231025_081725_Instagram.jpg\" \/>\n\t<meta property=\"og:image:width\" content=\"1057\" \/>\n\t<meta property=\"og:image:height\" content=\"1173\" \/>\n\t<meta property=\"og:image:type\" content=\"image\/jpeg\" \/>\n<meta name=\"author\" content=\"Admin\" \/>\n<meta name=\"twitter:card\" content=\"summary_large_image\" \/>\n<meta name=\"twitter:creator\" content=\"@DiarioFemenino1\" \/>\n<meta name=\"twitter:site\" content=\"@DiarioFemenino1\" \/>\n<meta name=\"twitter:label1\" content=\"Escrito por\" \/>\n\t<meta name=\"twitter:data1\" content=\"Admin\" \/>\n\t<meta name=\"twitter:label2\" content=\"Tiempo de lectura\" \/>\n\t<meta name=\"twitter:data2\" content=\"5 minutos\" \/>\n<script type=\"application\/ld+json\" class=\"yoast-schema-graph\">{\"@context\":\"https:\\\/\\\/schema.org\",\"@graph\":[{\"@type\":\"Article\",\"@id\":\"https:\\\/\\\/diariofemenino.com.ar\\\/df\\\/arcoiris-y-utopias-esperanzadoras\\\/#article\",\"isPartOf\":{\"@id\":\"https:\\\/\\\/diariofemenino.com.ar\\\/df\\\/arcoiris-y-utopias-esperanzadoras\\\/\"},\"author\":{\"name\":\"Admin\",\"@id\":\"https:\\\/\\\/diariofemenino.com.ar\\\/df\\\/#\\\/schema\\\/person\\\/bf6199e8158c657ea6f789b11ec85509\"},\"headline\":\"Arco\u00edris y utop\u00edas esperanzadoras\",\"datePublished\":\"2023-10-27T13:28:57+00:00\",\"mainEntityOfPage\":{\"@id\":\"https:\\\/\\\/diariofemenino.com.ar\\\/df\\\/arcoiris-y-utopias-esperanzadoras\\\/\"},\"wordCount\":1028,\"commentCount\":0,\"publisher\":{\"@id\":\"https:\\\/\\\/diariofemenino.com.ar\\\/df\\\/#organization\"},\"image\":{\"@id\":\"https:\\\/\\\/diariofemenino.com.ar\\\/df\\\/arcoiris-y-utopias-esperanzadoras\\\/#primaryimage\"},\"thumbnailUrl\":\"https:\\\/\\\/diariofemenino.com.ar\\\/df\\\/wp-content\\\/uploads\\\/2023\\\/10\\\/Screenshot_20231025_081725_Instagram.jpg\",\"keywords\":[\"Arcoiris\",\"Colores\",\"Derecho\",\"Destacada\",\"esperanza\",\"horizonte\",\"Humanidad\",\"M\u00f3nica Vaccaro\",\"Salud Mental\",\"utop\u00eda\"],\"articleSection\":[\"Agenda Feminista\",\"Art\u00edculos y Comunicados\",\"De la Revoluci\u00f3n al Reaprendizaje\",\"G\u00e9nero y Derechos Humanos\",\"Resistencia VerdeVioleta\",\"Salud\"],\"inLanguage\":\"es\",\"potentialAction\":[{\"@type\":\"CommentAction\",\"name\":\"Comment\",\"target\":[\"https:\\\/\\\/diariofemenino.com.ar\\\/df\\\/arcoiris-y-utopias-esperanzadoras\\\/#respond\"]}]},{\"@type\":\"WebPage\",\"@id\":\"https:\\\/\\\/diariofemenino.com.ar\\\/df\\\/arcoiris-y-utopias-esperanzadoras\\\/\",\"url\":\"https:\\\/\\\/diariofemenino.com.ar\\\/df\\\/arcoiris-y-utopias-esperanzadoras\\\/\",\"name\":\"Arco\u00edris y utop\u00edas esperanzadoras - Diario Digital Femenino\",\"isPartOf\":{\"@id\":\"https:\\\/\\\/diariofemenino.com.ar\\\/df\\\/#website\"},\"primaryImageOfPage\":{\"@id\":\"https:\\\/\\\/diariofemenino.com.ar\\\/df\\\/arcoiris-y-utopias-esperanzadoras\\\/#primaryimage\"},\"image\":{\"@id\":\"https:\\\/\\\/diariofemenino.com.ar\\\/df\\\/arcoiris-y-utopias-esperanzadoras\\\/#primaryimage\"},\"thumbnailUrl\":\"https:\\\/\\\/diariofemenino.com.ar\\\/df\\\/wp-content\\\/uploads\\\/2023\\\/10\\\/Screenshot_20231025_081725_Instagram.jpg\",\"datePublished\":\"2023-10-27T13:28:57+00:00\",\"description\":\"Arco\u00edris\",\"breadcrumb\":{\"@id\":\"https:\\\/\\\/diariofemenino.com.ar\\\/df\\\/arcoiris-y-utopias-esperanzadoras\\\/#breadcrumb\"},\"inLanguage\":\"es\",\"potentialAction\":[{\"@type\":\"ReadAction\",\"target\":[\"https:\\\/\\\/diariofemenino.com.ar\\\/df\\\/arcoiris-y-utopias-esperanzadoras\\\/\"]}]},{\"@type\":\"ImageObject\",\"inLanguage\":\"es\",\"@id\":\"https:\\\/\\\/diariofemenino.com.ar\\\/df\\\/arcoiris-y-utopias-esperanzadoras\\\/#primaryimage\",\"url\":\"https:\\\/\\\/diariofemenino.com.ar\\\/df\\\/wp-content\\\/uploads\\\/2023\\\/10\\\/Screenshot_20231025_081725_Instagram.jpg\",\"contentUrl\":\"https:\\\/\\\/diariofemenino.com.ar\\\/df\\\/wp-content\\\/uploads\\\/2023\\\/10\\\/Screenshot_20231025_081725_Instagram.jpg\",\"width\":1057,\"height\":1173,\"caption\":\"Arco\u00edris y utop\u00edas esperanzadoras\"},{\"@type\":\"BreadcrumbList\",\"@id\":\"https:\\\/\\\/diariofemenino.com.ar\\\/df\\\/arcoiris-y-utopias-esperanzadoras\\\/#breadcrumb\",\"itemListElement\":[{\"@type\":\"ListItem\",\"position\":1,\"name\":\"Portada\",\"item\":\"https:\\\/\\\/diariofemenino.com.ar\\\/df\\\/\"},{\"@type\":\"ListItem\",\"position\":2,\"name\":\"Arco\u00edris y utop\u00edas esperanzadoras\"}]},{\"@type\":\"WebSite\",\"@id\":\"https:\\\/\\\/diariofemenino.com.ar\\\/df\\\/#website\",\"url\":\"https:\\\/\\\/diariofemenino.com.ar\\\/df\\\/\",\"name\":\"Diario Digital Femenino\",\"description\":\"Cuesti\u00f3n de G\u00e9nero\",\"publisher\":{\"@id\":\"https:\\\/\\\/diariofemenino.com.ar\\\/df\\\/#organization\"},\"potentialAction\":[{\"@type\":\"SearchAction\",\"target\":{\"@type\":\"EntryPoint\",\"urlTemplate\":\"https:\\\/\\\/diariofemenino.com.ar\\\/df\\\/?s={search_term_string}\"},\"query-input\":{\"@type\":\"PropertyValueSpecification\",\"valueRequired\":true,\"valueName\":\"search_term_string\"}}],\"inLanguage\":\"es\"},{\"@type\":\"Organization\",\"@id\":\"https:\\\/\\\/diariofemenino.com.ar\\\/df\\\/#organization\",\"name\":\"Diario Femenino\",\"url\":\"https:\\\/\\\/diariofemenino.com.ar\\\/df\\\/\",\"logo\":{\"@type\":\"ImageObject\",\"inLanguage\":\"es\",\"@id\":\"https:\\\/\\\/diariofemenino.com.ar\\\/df\\\/#\\\/schema\\\/logo\\\/image\\\/\",\"url\":\"https:\\\/\\\/diariofemenino.com.ar\\\/df\\\/wp-content\\\/uploads\\\/2018\\\/10\\\/logo.png\",\"contentUrl\":\"https:\\\/\\\/diariofemenino.com.ar\\\/df\\\/wp-content\\\/uploads\\\/2018\\\/10\\\/logo.png\",\"width\":500,\"height\":92,\"caption\":\"Diario Femenino\"},\"image\":{\"@id\":\"https:\\\/\\\/diariofemenino.com.ar\\\/df\\\/#\\\/schema\\\/logo\\\/image\\\/\"},\"sameAs\":[\"https:\\\/\\\/www.facebook.com\\\/DiarioDigitaFemenino\\\/\",\"https:\\\/\\\/x.com\\\/DiarioFemenino1\"]},{\"@type\":\"Person\",\"@id\":\"https:\\\/\\\/diariofemenino.com.ar\\\/df\\\/#\\\/schema\\\/person\\\/bf6199e8158c657ea6f789b11ec85509\",\"name\":\"Admin\",\"image\":{\"@type\":\"ImageObject\",\"inLanguage\":\"es\",\"@id\":\"https:\\\/\\\/diariofemenino.com.ar\\\/df\\\/wp-content\\\/uploads\\\/2018\\\/12\\\/favicon-150x150.jpg\",\"url\":\"https:\\\/\\\/diariofemenino.com.ar\\\/df\\\/wp-content\\\/uploads\\\/2018\\\/12\\\/favicon-150x150.jpg\",\"contentUrl\":\"https:\\\/\\\/diariofemenino.com.ar\\\/df\\\/wp-content\\\/uploads\\\/2018\\\/12\\\/favicon-150x150.jpg\",\"caption\":\"Admin\"},\"url\":\"https:\\\/\\\/diariofemenino.com.ar\\\/df\\\/author\\\/lenny\\\/\"}]}<\/script>\n<!-- \/ Yoast SEO plugin. -->","yoast_head_json":{"title":"Arco\u00edris y utop\u00edas esperanzadoras - Diario Digital Femenino","description":"Arco\u00edris","robots":{"index":"index","follow":"follow","max-snippet":"max-snippet:-1","max-image-preview":"max-image-preview:large","max-video-preview":"max-video-preview:-1"},"canonical":"https:\/\/diariofemenino.com.ar\/df\/arcoiris-y-utopias-esperanzadoras\/","og_locale":"es_ES","og_type":"article","og_title":"Arco\u00edris y utop\u00edas esperanzadoras - Diario Digital Femenino","og_description":"Arco\u00edris","og_url":"https:\/\/diariofemenino.com.ar\/df\/arcoiris-y-utopias-esperanzadoras\/","og_site_name":"Diario Digital Femenino","article_publisher":"https:\/\/www.facebook.com\/DiarioDigitaFemenino\/","article_published_time":"2023-10-27T13:28:57+00:00","og_image":[{"width":1057,"height":1173,"url":"https:\/\/diariofemenino.com.ar\/df\/wp-content\/uploads\/2023\/10\/Screenshot_20231025_081725_Instagram.jpg","type":"image\/jpeg"}],"author":"Admin","twitter_card":"summary_large_image","twitter_creator":"@DiarioFemenino1","twitter_site":"@DiarioFemenino1","twitter_misc":{"Escrito por":"Admin","Tiempo de lectura":"5 minutos"},"schema":{"@context":"https:\/\/schema.org","@graph":[{"@type":"Article","@id":"https:\/\/diariofemenino.com.ar\/df\/arcoiris-y-utopias-esperanzadoras\/#article","isPartOf":{"@id":"https:\/\/diariofemenino.com.ar\/df\/arcoiris-y-utopias-esperanzadoras\/"},"author":{"name":"Admin","@id":"https:\/\/diariofemenino.com.ar\/df\/#\/schema\/person\/bf6199e8158c657ea6f789b11ec85509"},"headline":"Arco\u00edris y utop\u00edas esperanzadoras","datePublished":"2023-10-27T13:28:57+00:00","mainEntityOfPage":{"@id":"https:\/\/diariofemenino.com.ar\/df\/arcoiris-y-utopias-esperanzadoras\/"},"wordCount":1028,"commentCount":0,"publisher":{"@id":"https:\/\/diariofemenino.com.ar\/df\/#organization"},"image":{"@id":"https:\/\/diariofemenino.com.ar\/df\/arcoiris-y-utopias-esperanzadoras\/#primaryimage"},"thumbnailUrl":"https:\/\/diariofemenino.com.ar\/df\/wp-content\/uploads\/2023\/10\/Screenshot_20231025_081725_Instagram.jpg","keywords":["Arcoiris","Colores","Derecho","Destacada","esperanza","horizonte","Humanidad","M\u00f3nica Vaccaro","Salud Mental","utop\u00eda"],"articleSection":["Agenda Feminista","Art\u00edculos y Comunicados","De la Revoluci\u00f3n al Reaprendizaje","G\u00e9nero y Derechos Humanos","Resistencia VerdeVioleta","Salud"],"inLanguage":"es","potentialAction":[{"@type":"CommentAction","name":"Comment","target":["https:\/\/diariofemenino.com.ar\/df\/arcoiris-y-utopias-esperanzadoras\/#respond"]}]},{"@type":"WebPage","@id":"https:\/\/diariofemenino.com.ar\/df\/arcoiris-y-utopias-esperanzadoras\/","url":"https:\/\/diariofemenino.com.ar\/df\/arcoiris-y-utopias-esperanzadoras\/","name":"Arco\u00edris y utop\u00edas esperanzadoras - Diario Digital Femenino","isPartOf":{"@id":"https:\/\/diariofemenino.com.ar\/df\/#website"},"primaryImageOfPage":{"@id":"https:\/\/diariofemenino.com.ar\/df\/arcoiris-y-utopias-esperanzadoras\/#primaryimage"},"image":{"@id":"https:\/\/diariofemenino.com.ar\/df\/arcoiris-y-utopias-esperanzadoras\/#primaryimage"},"thumbnailUrl":"https:\/\/diariofemenino.com.ar\/df\/wp-content\/uploads\/2023\/10\/Screenshot_20231025_081725_Instagram.jpg","datePublished":"2023-10-27T13:28:57+00:00","description":"Arco\u00edris","breadcrumb":{"@id":"https:\/\/diariofemenino.com.ar\/df\/arcoiris-y-utopias-esperanzadoras\/#breadcrumb"},"inLanguage":"es","potentialAction":[{"@type":"ReadAction","target":["https:\/\/diariofemenino.com.ar\/df\/arcoiris-y-utopias-esperanzadoras\/"]}]},{"@type":"ImageObject","inLanguage":"es","@id":"https:\/\/diariofemenino.com.ar\/df\/arcoiris-y-utopias-esperanzadoras\/#primaryimage","url":"https:\/\/diariofemenino.com.ar\/df\/wp-content\/uploads\/2023\/10\/Screenshot_20231025_081725_Instagram.jpg","contentUrl":"https:\/\/diariofemenino.com.ar\/df\/wp-content\/uploads\/2023\/10\/Screenshot_20231025_081725_Instagram.jpg","width":1057,"height":1173,"caption":"Arco\u00edris y utop\u00edas esperanzadoras"},{"@type":"BreadcrumbList","@id":"https:\/\/diariofemenino.com.ar\/df\/arcoiris-y-utopias-esperanzadoras\/#breadcrumb","itemListElement":[{"@type":"ListItem","position":1,"name":"Portada","item":"https:\/\/diariofemenino.com.ar\/df\/"},{"@type":"ListItem","position":2,"name":"Arco\u00edris y utop\u00edas esperanzadoras"}]},{"@type":"WebSite","@id":"https:\/\/diariofemenino.com.ar\/df\/#website","url":"https:\/\/diariofemenino.com.ar\/df\/","name":"Diario Digital Femenino","description":"Cuesti\u00f3n de G\u00e9nero","publisher":{"@id":"https:\/\/diariofemenino.com.ar\/df\/#organization"},"potentialAction":[{"@type":"SearchAction","target":{"@type":"EntryPoint","urlTemplate":"https:\/\/diariofemenino.com.ar\/df\/?s={search_term_string}"},"query-input":{"@type":"PropertyValueSpecification","valueRequired":true,"valueName":"search_term_string"}}],"inLanguage":"es"},{"@type":"Organization","@id":"https:\/\/diariofemenino.com.ar\/df\/#organization","name":"Diario Femenino","url":"https:\/\/diariofemenino.com.ar\/df\/","logo":{"@type":"ImageObject","inLanguage":"es","@id":"https:\/\/diariofemenino.com.ar\/df\/#\/schema\/logo\/image\/","url":"https:\/\/diariofemenino.com.ar\/df\/wp-content\/uploads\/2018\/10\/logo.png","contentUrl":"https:\/\/diariofemenino.com.ar\/df\/wp-content\/uploads\/2018\/10\/logo.png","width":500,"height":92,"caption":"Diario Femenino"},"image":{"@id":"https:\/\/diariofemenino.com.ar\/df\/#\/schema\/logo\/image\/"},"sameAs":["https:\/\/www.facebook.com\/DiarioDigitaFemenino\/","https:\/\/x.com\/DiarioFemenino1"]},{"@type":"Person","@id":"https:\/\/diariofemenino.com.ar\/df\/#\/schema\/person\/bf6199e8158c657ea6f789b11ec85509","name":"Admin","image":{"@type":"ImageObject","inLanguage":"es","@id":"https:\/\/diariofemenino.com.ar\/df\/wp-content\/uploads\/2018\/12\/favicon-150x150.jpg","url":"https:\/\/diariofemenino.com.ar\/df\/wp-content\/uploads\/2018\/12\/favicon-150x150.jpg","contentUrl":"https:\/\/diariofemenino.com.ar\/df\/wp-content\/uploads\/2018\/12\/favicon-150x150.jpg","caption":"Admin"},"url":"https:\/\/diariofemenino.com.ar\/df\/author\/lenny\/"}]}},"jetpack_featured_media_url":"https:\/\/diariofemenino.com.ar\/df\/wp-content\/uploads\/2023\/10\/Screenshot_20231025_081725_Instagram.jpg","jetpack_sharing_enabled":true,"rttpg_featured_image_url":{"full":["https:\/\/diariofemenino.com.ar\/df\/wp-content\/uploads\/2023\/10\/Screenshot_20231025_081725_Instagram.jpg",1057,1173,false],"landscape":["https:\/\/diariofemenino.com.ar\/df\/wp-content\/uploads\/2023\/10\/Screenshot_20231025_081725_Instagram.jpg",1057,1173,false],"portraits":["https:\/\/diariofemenino.com.ar\/df\/wp-content\/uploads\/2023\/10\/Screenshot_20231025_081725_Instagram.jpg",1057,1173,false],"thumbnail":["https:\/\/diariofemenino.com.ar\/df\/wp-content\/uploads\/2023\/10\/Screenshot_20231025_081725_Instagram-150x150.jpg",150,150,true],"medium":["https:\/\/diariofemenino.com.ar\/df\/wp-content\/uploads\/2023\/10\/Screenshot_20231025_081725_Instagram-270x300.jpg",270,300,true],"large":["https:\/\/diariofemenino.com.ar\/df\/wp-content\/uploads\/2023\/10\/Screenshot_20231025_081725_Instagram-923x1024.jpg",923,1024,true],"1536x1536":["https:\/\/diariofemenino.com.ar\/df\/wp-content\/uploads\/2023\/10\/Screenshot_20231025_081725_Instagram.jpg",1057,1173,false],"2048x2048":["https:\/\/diariofemenino.com.ar\/df\/wp-content\/uploads\/2023\/10\/Screenshot_20231025_081725_Instagram.jpg",1057,1173,false]},"rttpg_author":{"display_name":"Admin","author_link":"https:\/\/diariofemenino.com.ar\/df\/author\/lenny\/"},"rttpg_comment":0,"rttpg_category":"<a href=\"https:\/\/diariofemenino.com.ar\/df\/category\/agenda-feminista\/\" rel=\"category tag\">Agenda Feminista<\/a> <a href=\"https:\/\/diariofemenino.com.ar\/df\/category\/articulos-y-comunicados\/\" rel=\"category tag\">Art\u00edculos y Comunicados<\/a> <a href=\"https:\/\/diariofemenino.com.ar\/df\/category\/de-la-revolucion-al-reaprendizaje\/\" rel=\"category tag\">De la Revoluci\u00f3n al Reaprendizaje<\/a> <a href=\"https:\/\/diariofemenino.com.ar\/df\/category\/genero-y-derechos-humanos\/\" rel=\"category tag\">G\u00e9nero y Derechos Humanos<\/a> <a href=\"https:\/\/diariofemenino.com.ar\/df\/category\/resistencia-verdevioleta\/\" rel=\"category tag\">Resistencia VerdeVioleta<\/a> <a href=\"https:\/\/diariofemenino.com.ar\/df\/category\/salud\/\" rel=\"category tag\">Salud<\/a>","rttpg_excerpt":"\u00a0\u00abLa utop\u00eda est\u00e1 en el horizonte. Camino dos pasos, ella se aleja dos pasos y el horizonte corre diez pasos m\u00e1s all\u00e1. \u00bfEntonces para qu\u00e9 sirve la utop\u00eda? Para eso, sirve para caminar.\u00bb Eduardo Galeano Entre carruseles de emociones, subjetividades impactadas por la realidad pa\u00eds, lleg\u00f3 la lluvia esperada y benefactora para acariciar los brotes&hellip;","_links":{"self":[{"href":"https:\/\/diariofemenino.com.ar\/df\/wp-json\/wp\/v2\/posts\/71692","targetHints":{"allow":["GET"]}}],"collection":[{"href":"https:\/\/diariofemenino.com.ar\/df\/wp-json\/wp\/v2\/posts"}],"about":[{"href":"https:\/\/diariofemenino.com.ar\/df\/wp-json\/wp\/v2\/types\/post"}],"author":[{"embeddable":true,"href":"https:\/\/diariofemenino.com.ar\/df\/wp-json\/wp\/v2\/users\/4"}],"replies":[{"embeddable":true,"href":"https:\/\/diariofemenino.com.ar\/df\/wp-json\/wp\/v2\/comments?post=71692"}],"version-history":[{"count":0,"href":"https:\/\/diariofemenino.com.ar\/df\/wp-json\/wp\/v2\/posts\/71692\/revisions"}],"wp:featuredmedia":[{"embeddable":true,"href":"https:\/\/diariofemenino.com.ar\/df\/wp-json\/wp\/v2\/media\/71694"}],"wp:attachment":[{"href":"https:\/\/diariofemenino.com.ar\/df\/wp-json\/wp\/v2\/media?parent=71692"}],"wp:term":[{"taxonomy":"category","embeddable":true,"href":"https:\/\/diariofemenino.com.ar\/df\/wp-json\/wp\/v2\/categories?post=71692"},{"taxonomy":"post_tag","embeddable":true,"href":"https:\/\/diariofemenino.com.ar\/df\/wp-json\/wp\/v2\/tags?post=71692"}],"curies":[{"name":"wp","href":"https:\/\/api.w.org\/{rel}","templated":true}]}}