{"id":71633,"date":"2023-10-24T08:07:26","date_gmt":"2023-10-24T11:07:26","guid":{"rendered":"https:\/\/diariofemenino.com.ar\/df\/?p=71633"},"modified":"2023-10-24T08:07:26","modified_gmt":"2023-10-24T11:07:26","slug":"por-que-para-la-esi-es-importante-el-derecho-a-la-identidad","status":"publish","type":"post","link":"https:\/\/diariofemenino.com.ar\/df\/por-que-para-la-esi-es-importante-el-derecho-a-la-identidad\/","title":{"rendered":"\u00bfPor qu\u00e9 para la ESI es importante el Derecho a la Identidad?"},"content":{"rendered":"<p>En medio del contexto de las elecciones, con el avance de la ultra derecha a nivel mundial y, en miras a un futuro incierto en materia de protecci\u00f3n y cuidados por los derechos humanos, poder conmemorar el Derecho a la Identidad es primordial. Desde el a\u00f1o 2004, el Congreso de la Naci\u00f3n instituy\u00f3 el 22 de octubre como el \u00abD\u00eda Nacional del Derecho a la Identidad\u00bb, en recuerdo por la labor realizada por las Abuelas de Plaza de Mayo. La fecha, que est\u00e1 incluida en el calendario escolar, habilita una oportunidad para reflexionar sobre esta tem\u00e1tica con las familias y la comunidad, reforzando la idea de que la identidad es un fen\u00f3meno subjetivo y a la vez social, a trav\u00e9s del cual las personas expresan sus modos de ser, sentir, pensar y actuar.<\/p>\n<p>Por\u00a0<em><a href=\"https:\/\/diariofemenino.com.ar\/df\/?s=Mar%C3%ADa+In%C3%A9s+Alvarado\">Mar\u00eda In\u00e9s Alvarado<\/a>*<br \/>\npara\u00a0<a href=\"https:\/\/www.instagram.com\/diariodigitalfemenino_\/\">Diario Digital Femenino<\/a><\/em><\/p>\n<p><strong>El derecho a la identidad es uno de los derechos fundamentales de todo ser humano, incluyendo ni\u00f1eces y adolescencias, dado que <\/strong>est\u00e1 incluido en los art\u00edculos 7 y 8 de la\u00a0<a href=\"https:\/\/es.wikipedia.org\/wiki\/Convenci%C3%B3n_sobre_los_Derechos_del_Ni%C3%B1o\">Convenci\u00f3n sobre los Derechos del Ni\u00f1o<\/a>, que fuera\u00a0aprobada el\u00a020 de noviembre\u00a0de\u00a01989. En el portal <a href=\"https:\/\/www.educ.ar\/recursos\/154766\/derecho-identidad\">Educ.ar<\/a> se lo describe como el derecho a saber qui\u00e9n somos y qui\u00e9n queremos ser, y se lo considera uno de los Derechos Humanos fundamentales como la libertad, la alimentaci\u00f3n, la vivienda digna, el trabajo, la salud o la educaci\u00f3n. Por eso, es preciso que, desde el Nivel Inicial, se pueda trabajar el concepto de que, <em>\u201cdesde el nacimiento, todas las personas tenemos derecho a tener una identidad\u201d <\/em>esto incluye tener nombre y apellido, fecha de nacimiento, documento de identidad, sexo y nacionalidad, como tambi\u00e9n conocer la identidad de sus progenitores, todas caracter\u00edsticas que confirman la existencia de cada persona como parte de una sociedad, y la diferencia de las dem\u00e1s.<\/p>\n<figure id=\"attachment_71642\" aria-describedby=\"caption-attachment-71642\" style=\"width: 500px\" class=\"wp-caption aligncenter\"><img loading=\"lazy\" decoding=\"async\" class=\" wp-image-71642\" src=\"https:\/\/diariofemenino.com.ar\/df\/wp-content\/uploads\/2023\/10\/Abuelas-1024x576.jpeg\" alt=\"\u00bfPor qu\u00e9 para la ESI es importante el Derecho a la Identidad?\" width=\"500\" height=\"281\" srcset=\"https:\/\/diariofemenino.com.ar\/df\/wp-content\/uploads\/2023\/10\/Abuelas-1024x576.jpeg 1024w, https:\/\/diariofemenino.com.ar\/df\/wp-content\/uploads\/2023\/10\/Abuelas-300x169.jpeg 300w, https:\/\/diariofemenino.com.ar\/df\/wp-content\/uploads\/2023\/10\/Abuelas-768x432.jpeg 768w, https:\/\/diariofemenino.com.ar\/df\/wp-content\/uploads\/2023\/10\/Abuelas.jpeg 1200w\" sizes=\"auto, (max-width: 500px) 100vw, 500px\" \/><figcaption id=\"caption-attachment-71642\" class=\"wp-caption-text\">\u00bfPor qu\u00e9 para la ESI es importante el Derecho a la Identidad?<\/figcaption><\/figure>\n<p>Adem\u00e1s, es necesario entender que la identidad es un proceso din\u00e1mico y complejo, que a medida que pasan los a\u00f1os cada persona puede construir, reafirmar y reestructurar su identidad en el contacto relacional con otros y otras a lo largo de la vida. Pero no debe dejarse de lado la trascendencia hist\u00f3rica y social que el derecho a la identidad tiene en Argentina, consagrado internacionalmente gracias al trabajo y a la lucha de las Abuelas de Plaza de Mayo. En este marco, el Ministerio de Educaci\u00f3n y la organizaci\u00f3n <a href=\"https:\/\/www.abuelas.org.ar\/\">Abuelas<\/a> reeditaron el material <a href=\"https:\/\/diariofemenino.com.ar\/df\/las-abuelas-nos-cuentan\/\"><em>Las Abuelas nos cuentan<\/em><\/a>, para enriquecer oportunidades de abordaje sobre los temas de memoria y Derechos Humanos en las escuelas, de la mano de la literatura, la escucha y la narraci\u00f3n, acompa\u00f1ado de un <em><a href=\"https:\/\/www.educ.ar\/recursos\/158500\/las-abuelas-nos-cuentan-una-nueva-coleccion-por-el-derecho-a\">Cuaderno para docentes<\/a><\/em>.<\/p>\n<p>Junto con este material, se pueden tambi\u00e9n descargar la colecci\u00f3n <a href=\"https:\/\/www.educ.ar\/recursos\/fullscreen\/show\/47865\">10 Postales por El derecho a la identidad<\/a>, cuadernillo que reproduce diez testimonios de protagonistas de la lucha por la recuperaci\u00f3n de su identidad, acompa\u00f1adas por informaci\u00f3n y propuestas de actividades para trabajar en las escuelas secundarias y que invitan a reflexionar sobre distintos aspectos del derecho a la identidad. Detr\u00e1s de cada postal, aparece desarrollada una tem\u00e1tica vinculada a la historia de las Abuelas para trabajar en el aula, sobre todo para habilitar la importancia que la organizaci\u00f3n Abuelas tuvo y tiene en la construcci\u00f3n del camino hacia la conquista de este derecho y as\u00ed reafirmar que el proceso de memoria, verdad y justicia es colectivo.<\/p>\n<figure id=\"attachment_71641\" aria-describedby=\"caption-attachment-71641\" style=\"width: 607px\" class=\"wp-caption aligncenter\"><img loading=\"lazy\" decoding=\"async\" class=\" wp-image-71641\" src=\"https:\/\/diariofemenino.com.ar\/df\/wp-content\/uploads\/2023\/10\/10-postales-identidad_20201020011849.png\" alt=\"\u00bfPor qu\u00e9 para la ESI es importante el Derecho a la Identidad?\" width=\"607\" height=\"376\" srcset=\"https:\/\/diariofemenino.com.ar\/df\/wp-content\/uploads\/2023\/10\/10-postales-identidad_20201020011849.png 680w, https:\/\/diariofemenino.com.ar\/df\/wp-content\/uploads\/2023\/10\/10-postales-identidad_20201020011849-300x186.png 300w\" sizes=\"auto, (max-width: 607px) 100vw, 607px\" \/><figcaption id=\"caption-attachment-71641\" class=\"wp-caption-text\">\u00bfPor qu\u00e9 para la ESI es importante el Derecho a la Identidad?<\/figcaption><\/figure>\n<p>Y hablar del derecho a la identidad, tambi\u00e9n posibilita abordar en las aulas contenidos relacionados con la identidad y la diversidad sexual, para seguir trabajando en discursos que ayuden a evitar discriminaciones y violencias. Si la identidad es un fen\u00f3meno subjetivo y a la vez social, a trav\u00e9s del cual cada persona expresa sus modos de ser, sentir, pensar y actuar, y la identidad de g\u00e9nero es la manera en la que cada persona percibe y vivencia el g\u00e9nero con el que se identifica, o sea, la forma en que cada cual elige mostrarse al mundo, ambos conceptos tienen amplia relaci\u00f3n. Eso est\u00e1 explicitado en el art\u00edculo 1 de la Ley 26743 de Identidad de g\u00e9nero: <em>\u201cDerecho a la identidad de g\u00e9nero. Toda persona tiene derecho a) al reconocimiento de su identidad de g\u00e9nero; b) al libre desarrollo de su persona conforme a su identidad de g\u00e9nero; c) a ser tratada de acuerdo con su identidad de g\u00e9nero y, en particular, a ser identificada de ese modo en los instrumentos que acreditan su identidad respecto de el\/los\/ nombre\/s de pila, imagen y sexo con los que all\u00ed es registrada\u201d. <\/em>Si se entiende la sexualidad como un aspecto de la condici\u00f3n humana que est\u00e1 presente a lo largo de toda la vida y con el que cada cual se identifica, abordar este derecho desde la ESI es imprescindible.<\/p>\n<p><strong>(*)<\/strong>\u00a0Docente, comunicadora. Co-directora de\u00a0<strong><a href=\"https:\/\/laesienjuego.com.ar\/\">La ESI en juego<\/a>.<\/strong><br \/>\nColumnista\u00a0de\u00a0<strong><a href=\"https:\/\/diariofemenino.com.ar\/df\/category\/de-esi-si-se-habla\/\">Diario Digital Femenino<\/a><\/strong>\u2013\u00a0<a href=\"https:\/\/diariofemenino.com.ar\/df\/category\/de-esi-si-se-habla\/\">De ESI S\u00ed Se Habla<\/a><\/p>\n<p>&nbsp;<\/p>\n<blockquote><p>Seguinos en Instagram\u00a0<a href=\"https:\/\/www.instagram.com\/diariodigitalfemenino_\/\">@diariodigitalfemenino_<\/a><\/p><\/blockquote>\n<p>&nbsp;<\/p>\n","protected":false},"excerpt":{"rendered":"<p>En medio del contexto de las elecciones, con el avance de la ultra derecha a nivel mundial y, en miras a un futuro incierto en materia de protecci\u00f3n y cuidados por los derechos humanos, poder conmemorar el Derecho a la Identidad es primordial. Desde el a\u00f1o 2004, el Congreso de la Naci\u00f3n instituy\u00f3 el 22 [&hellip;]<\/p>\n","protected":false},"author":4,"featured_media":71643,"comment_status":"open","ping_status":"open","sticky":false,"template":"","format":"standard","meta":{"iawp_total_views":926,"footnotes":""},"categories":[7,178,581,9,3,627,78,182,21],"tags":[6497,3697,2189,567,3018,4372,11,97,189,568],"class_list":["post-71633","post","type-post","status-publish","format-standard","has-post-thumbnail","hentry","category-actividades","category-articulos-y-comunicados","category-azul-profundo","category-de-esi-si-se-habla","category-de-la-revolucion-al-reaprendizaje","category-genero-y-derechos-humanos","category-guias","category-informes","category-noticias","tag-44-anos","tag-abuelas","tag-aulas","tag-de-esi-si-se-habla","tag-derecho","tag-destacada","tag-educacion","tag-esi","tag-identidad","tag-maria-ines-alvarado"],"nelio_content":{"autoShareEndMode":"never","automationSources":{"useCustomSentences":false,"customSentences":[]},"efiAlt":"","efiUrl":"","followers":[4],"highlights":[],"isAutoShareEnabled":true,"networkImageIds":[],"permalinkQueryArgs":[],"series":[],"suggestedReferences":[]},"yoast_head":"<!-- This site is optimized with the Yoast SEO plugin v27.5 - https:\/\/yoast.com\/product\/yoast-seo-wordpress\/ -->\n<title>\u00bfPor qu\u00e9 para la ESI es importante el Derecho a la Identidad? - Diario Digital Femenino<\/title>\n<meta name=\"description\" content=\"Por qu\u00e9 para la ESI. El derecho a la identidad es uno de los derechos fundamentales de todo ser humano, incluyendo ni\u00f1eces y adolescencias.\" \/>\n<meta name=\"robots\" content=\"index, follow, max-snippet:-1, max-image-preview:large, max-video-preview:-1\" \/>\n<link rel=\"canonical\" href=\"https:\/\/diariofemenino.com.ar\/df\/por-que-para-la-esi-es-importante-el-derecho-a-la-identidad\/\" \/>\n<meta property=\"og:locale\" content=\"es_ES\" \/>\n<meta property=\"og:type\" content=\"article\" \/>\n<meta property=\"og:title\" content=\"\u00bfPor qu\u00e9 para la ESI es importante el Derecho a la Identidad? - Diario Digital Femenino\" \/>\n<meta property=\"og:description\" content=\"Por qu\u00e9 para la ESI. El derecho a la identidad es uno de los derechos fundamentales de todo ser humano, incluyendo ni\u00f1eces y adolescencias.\" \/>\n<meta property=\"og:url\" content=\"https:\/\/diariofemenino.com.ar\/df\/por-que-para-la-esi-es-importante-el-derecho-a-la-identidad\/\" \/>\n<meta property=\"og:site_name\" content=\"Diario Digital Femenino\" \/>\n<meta property=\"article:publisher\" content=\"https:\/\/www.facebook.com\/DiarioDigitaFemenino\/\" \/>\n<meta property=\"article:published_time\" content=\"2023-10-24T11:07:26+00:00\" \/>\n<meta property=\"og:image\" content=\"https:\/\/diariofemenino.com.ar\/df\/wp-content\/uploads\/2023\/10\/los-derechos-humanos-de-los-nios-derecho-de-identidad-1-638.jpg\" \/>\n\t<meta property=\"og:image:width\" content=\"797\" \/>\n\t<meta property=\"og:image:height\" content=\"777\" \/>\n\t<meta property=\"og:image:type\" content=\"image\/jpeg\" \/>\n<meta name=\"author\" content=\"Admin\" \/>\n<meta name=\"twitter:card\" content=\"summary_large_image\" \/>\n<meta name=\"twitter:creator\" content=\"@DiarioFemenino1\" \/>\n<meta name=\"twitter:site\" content=\"@DiarioFemenino1\" \/>\n<meta name=\"twitter:label1\" content=\"Escrito por\" \/>\n\t<meta name=\"twitter:data1\" content=\"Admin\" \/>\n\t<meta name=\"twitter:label2\" content=\"Tiempo de lectura\" \/>\n\t<meta name=\"twitter:data2\" content=\"5 minutos\" \/>\n<script type=\"application\/ld+json\" class=\"yoast-schema-graph\">{\"@context\":\"https:\\\/\\\/schema.org\",\"@graph\":[{\"@type\":\"Article\",\"@id\":\"https:\\\/\\\/diariofemenino.com.ar\\\/df\\\/por-que-para-la-esi-es-importante-el-derecho-a-la-identidad\\\/#article\",\"isPartOf\":{\"@id\":\"https:\\\/\\\/diariofemenino.com.ar\\\/df\\\/por-que-para-la-esi-es-importante-el-derecho-a-la-identidad\\\/\"},\"author\":{\"name\":\"Admin\",\"@id\":\"https:\\\/\\\/diariofemenino.com.ar\\\/df\\\/#\\\/schema\\\/person\\\/bf6199e8158c657ea6f789b11ec85509\"},\"headline\":\"\u00bfPor qu\u00e9 para la ESI es importante el Derecho a la Identidad?\",\"datePublished\":\"2023-10-24T11:07:26+00:00\",\"mainEntityOfPage\":{\"@id\":\"https:\\\/\\\/diariofemenino.com.ar\\\/df\\\/por-que-para-la-esi-es-importante-el-derecho-a-la-identidad\\\/\"},\"wordCount\":893,\"commentCount\":0,\"publisher\":{\"@id\":\"https:\\\/\\\/diariofemenino.com.ar\\\/df\\\/#organization\"},\"image\":{\"@id\":\"https:\\\/\\\/diariofemenino.com.ar\\\/df\\\/por-que-para-la-esi-es-importante-el-derecho-a-la-identidad\\\/#primaryimage\"},\"thumbnailUrl\":\"https:\\\/\\\/diariofemenino.com.ar\\\/df\\\/wp-content\\\/uploads\\\/2023\\\/10\\\/los-derechos-humanos-de-los-nios-derecho-de-identidad-1-638.jpg\",\"keywords\":[\"44 a\u00f1os\",\"Abuelas\",\"Aulas\",\"De ESI s\u00ed se habla\",\"Derecho\",\"Destacada\",\"Educaci\u00f3n\",\"ESI\",\"Identidad\",\"Mar\u00eda In\u00e9s Alvarado\"],\"articleSection\":[\"Actividades\",\"Art\u00edculos y Comunicados\",\"Azul Profundo\",\"De ESI S\u00ed Se Habla\",\"De la Revoluci\u00f3n al Reaprendizaje\",\"G\u00e9nero y Derechos Humanos\",\"Gu\u00edas\",\"Informes\",\"Noticias\"],\"inLanguage\":\"es\",\"potentialAction\":[{\"@type\":\"CommentAction\",\"name\":\"Comment\",\"target\":[\"https:\\\/\\\/diariofemenino.com.ar\\\/df\\\/por-que-para-la-esi-es-importante-el-derecho-a-la-identidad\\\/#respond\"]}]},{\"@type\":\"WebPage\",\"@id\":\"https:\\\/\\\/diariofemenino.com.ar\\\/df\\\/por-que-para-la-esi-es-importante-el-derecho-a-la-identidad\\\/\",\"url\":\"https:\\\/\\\/diariofemenino.com.ar\\\/df\\\/por-que-para-la-esi-es-importante-el-derecho-a-la-identidad\\\/\",\"name\":\"\u00bfPor qu\u00e9 para la ESI es importante el Derecho a la Identidad? - Diario Digital Femenino\",\"isPartOf\":{\"@id\":\"https:\\\/\\\/diariofemenino.com.ar\\\/df\\\/#website\"},\"primaryImageOfPage\":{\"@id\":\"https:\\\/\\\/diariofemenino.com.ar\\\/df\\\/por-que-para-la-esi-es-importante-el-derecho-a-la-identidad\\\/#primaryimage\"},\"image\":{\"@id\":\"https:\\\/\\\/diariofemenino.com.ar\\\/df\\\/por-que-para-la-esi-es-importante-el-derecho-a-la-identidad\\\/#primaryimage\"},\"thumbnailUrl\":\"https:\\\/\\\/diariofemenino.com.ar\\\/df\\\/wp-content\\\/uploads\\\/2023\\\/10\\\/los-derechos-humanos-de-los-nios-derecho-de-identidad-1-638.jpg\",\"datePublished\":\"2023-10-24T11:07:26+00:00\",\"description\":\"Por qu\u00e9 para la ESI. El derecho a la identidad es uno de los derechos fundamentales de todo ser humano, incluyendo ni\u00f1eces y adolescencias.\",\"breadcrumb\":{\"@id\":\"https:\\\/\\\/diariofemenino.com.ar\\\/df\\\/por-que-para-la-esi-es-importante-el-derecho-a-la-identidad\\\/#breadcrumb\"},\"inLanguage\":\"es\",\"potentialAction\":[{\"@type\":\"ReadAction\",\"target\":[\"https:\\\/\\\/diariofemenino.com.ar\\\/df\\\/por-que-para-la-esi-es-importante-el-derecho-a-la-identidad\\\/\"]}]},{\"@type\":\"ImageObject\",\"inLanguage\":\"es\",\"@id\":\"https:\\\/\\\/diariofemenino.com.ar\\\/df\\\/por-que-para-la-esi-es-importante-el-derecho-a-la-identidad\\\/#primaryimage\",\"url\":\"https:\\\/\\\/diariofemenino.com.ar\\\/df\\\/wp-content\\\/uploads\\\/2023\\\/10\\\/los-derechos-humanos-de-los-nios-derecho-de-identidad-1-638.jpg\",\"contentUrl\":\"https:\\\/\\\/diariofemenino.com.ar\\\/df\\\/wp-content\\\/uploads\\\/2023\\\/10\\\/los-derechos-humanos-de-los-nios-derecho-de-identidad-1-638.jpg\",\"width\":797,\"height\":777,\"caption\":\"\u00bfPor qu\u00e9 para la ESI es importante el Derecho a la Identidad?\"},{\"@type\":\"BreadcrumbList\",\"@id\":\"https:\\\/\\\/diariofemenino.com.ar\\\/df\\\/por-que-para-la-esi-es-importante-el-derecho-a-la-identidad\\\/#breadcrumb\",\"itemListElement\":[{\"@type\":\"ListItem\",\"position\":1,\"name\":\"Portada\",\"item\":\"https:\\\/\\\/diariofemenino.com.ar\\\/df\\\/\"},{\"@type\":\"ListItem\",\"position\":2,\"name\":\"\u00bfPor qu\u00e9 para la ESI es importante el Derecho a la Identidad?\"}]},{\"@type\":\"WebSite\",\"@id\":\"https:\\\/\\\/diariofemenino.com.ar\\\/df\\\/#website\",\"url\":\"https:\\\/\\\/diariofemenino.com.ar\\\/df\\\/\",\"name\":\"Diario Digital Femenino\",\"description\":\"Cuesti\u00f3n de G\u00e9nero\",\"publisher\":{\"@id\":\"https:\\\/\\\/diariofemenino.com.ar\\\/df\\\/#organization\"},\"potentialAction\":[{\"@type\":\"SearchAction\",\"target\":{\"@type\":\"EntryPoint\",\"urlTemplate\":\"https:\\\/\\\/diariofemenino.com.ar\\\/df\\\/?s={search_term_string}\"},\"query-input\":{\"@type\":\"PropertyValueSpecification\",\"valueRequired\":true,\"valueName\":\"search_term_string\"}}],\"inLanguage\":\"es\"},{\"@type\":\"Organization\",\"@id\":\"https:\\\/\\\/diariofemenino.com.ar\\\/df\\\/#organization\",\"name\":\"Diario Femenino\",\"url\":\"https:\\\/\\\/diariofemenino.com.ar\\\/df\\\/\",\"logo\":{\"@type\":\"ImageObject\",\"inLanguage\":\"es\",\"@id\":\"https:\\\/\\\/diariofemenino.com.ar\\\/df\\\/#\\\/schema\\\/logo\\\/image\\\/\",\"url\":\"https:\\\/\\\/diariofemenino.com.ar\\\/df\\\/wp-content\\\/uploads\\\/2018\\\/10\\\/logo.png\",\"contentUrl\":\"https:\\\/\\\/diariofemenino.com.ar\\\/df\\\/wp-content\\\/uploads\\\/2018\\\/10\\\/logo.png\",\"width\":500,\"height\":92,\"caption\":\"Diario Femenino\"},\"image\":{\"@id\":\"https:\\\/\\\/diariofemenino.com.ar\\\/df\\\/#\\\/schema\\\/logo\\\/image\\\/\"},\"sameAs\":[\"https:\\\/\\\/www.facebook.com\\\/DiarioDigitaFemenino\\\/\",\"https:\\\/\\\/x.com\\\/DiarioFemenino1\"]},{\"@type\":\"Person\",\"@id\":\"https:\\\/\\\/diariofemenino.com.ar\\\/df\\\/#\\\/schema\\\/person\\\/bf6199e8158c657ea6f789b11ec85509\",\"name\":\"Admin\",\"image\":{\"@type\":\"ImageObject\",\"inLanguage\":\"es\",\"@id\":\"https:\\\/\\\/diariofemenino.com.ar\\\/df\\\/wp-content\\\/uploads\\\/2018\\\/12\\\/favicon-150x150.jpg\",\"url\":\"https:\\\/\\\/diariofemenino.com.ar\\\/df\\\/wp-content\\\/uploads\\\/2018\\\/12\\\/favicon-150x150.jpg\",\"contentUrl\":\"https:\\\/\\\/diariofemenino.com.ar\\\/df\\\/wp-content\\\/uploads\\\/2018\\\/12\\\/favicon-150x150.jpg\",\"caption\":\"Admin\"},\"url\":\"https:\\\/\\\/diariofemenino.com.ar\\\/df\\\/author\\\/lenny\\\/\"}]}<\/script>\n<!-- \/ Yoast SEO plugin. -->","yoast_head_json":{"title":"\u00bfPor qu\u00e9 para la ESI es importante el Derecho a la Identidad? - Diario Digital Femenino","description":"Por qu\u00e9 para la ESI. El derecho a la identidad es uno de los derechos fundamentales de todo ser humano, incluyendo ni\u00f1eces y adolescencias.","robots":{"index":"index","follow":"follow","max-snippet":"max-snippet:-1","max-image-preview":"max-image-preview:large","max-video-preview":"max-video-preview:-1"},"canonical":"https:\/\/diariofemenino.com.ar\/df\/por-que-para-la-esi-es-importante-el-derecho-a-la-identidad\/","og_locale":"es_ES","og_type":"article","og_title":"\u00bfPor qu\u00e9 para la ESI es importante el Derecho a la Identidad? - Diario Digital Femenino","og_description":"Por qu\u00e9 para la ESI. El derecho a la identidad es uno de los derechos fundamentales de todo ser humano, incluyendo ni\u00f1eces y adolescencias.","og_url":"https:\/\/diariofemenino.com.ar\/df\/por-que-para-la-esi-es-importante-el-derecho-a-la-identidad\/","og_site_name":"Diario Digital Femenino","article_publisher":"https:\/\/www.facebook.com\/DiarioDigitaFemenino\/","article_published_time":"2023-10-24T11:07:26+00:00","og_image":[{"width":797,"height":777,"url":"https:\/\/diariofemenino.com.ar\/df\/wp-content\/uploads\/2023\/10\/los-derechos-humanos-de-los-nios-derecho-de-identidad-1-638.jpg","type":"image\/jpeg"}],"author":"Admin","twitter_card":"summary_large_image","twitter_creator":"@DiarioFemenino1","twitter_site":"@DiarioFemenino1","twitter_misc":{"Escrito por":"Admin","Tiempo de lectura":"5 minutos"},"schema":{"@context":"https:\/\/schema.org","@graph":[{"@type":"Article","@id":"https:\/\/diariofemenino.com.ar\/df\/por-que-para-la-esi-es-importante-el-derecho-a-la-identidad\/#article","isPartOf":{"@id":"https:\/\/diariofemenino.com.ar\/df\/por-que-para-la-esi-es-importante-el-derecho-a-la-identidad\/"},"author":{"name":"Admin","@id":"https:\/\/diariofemenino.com.ar\/df\/#\/schema\/person\/bf6199e8158c657ea6f789b11ec85509"},"headline":"\u00bfPor qu\u00e9 para la ESI es importante el Derecho a la Identidad?","datePublished":"2023-10-24T11:07:26+00:00","mainEntityOfPage":{"@id":"https:\/\/diariofemenino.com.ar\/df\/por-que-para-la-esi-es-importante-el-derecho-a-la-identidad\/"},"wordCount":893,"commentCount":0,"publisher":{"@id":"https:\/\/diariofemenino.com.ar\/df\/#organization"},"image":{"@id":"https:\/\/diariofemenino.com.ar\/df\/por-que-para-la-esi-es-importante-el-derecho-a-la-identidad\/#primaryimage"},"thumbnailUrl":"https:\/\/diariofemenino.com.ar\/df\/wp-content\/uploads\/2023\/10\/los-derechos-humanos-de-los-nios-derecho-de-identidad-1-638.jpg","keywords":["44 a\u00f1os","Abuelas","Aulas","De ESI s\u00ed se habla","Derecho","Destacada","Educaci\u00f3n","ESI","Identidad","Mar\u00eda In\u00e9s Alvarado"],"articleSection":["Actividades","Art\u00edculos y Comunicados","Azul Profundo","De ESI S\u00ed Se Habla","De la Revoluci\u00f3n al Reaprendizaje","G\u00e9nero y Derechos Humanos","Gu\u00edas","Informes","Noticias"],"inLanguage":"es","potentialAction":[{"@type":"CommentAction","name":"Comment","target":["https:\/\/diariofemenino.com.ar\/df\/por-que-para-la-esi-es-importante-el-derecho-a-la-identidad\/#respond"]}]},{"@type":"WebPage","@id":"https:\/\/diariofemenino.com.ar\/df\/por-que-para-la-esi-es-importante-el-derecho-a-la-identidad\/","url":"https:\/\/diariofemenino.com.ar\/df\/por-que-para-la-esi-es-importante-el-derecho-a-la-identidad\/","name":"\u00bfPor qu\u00e9 para la ESI es importante el Derecho a la Identidad? - Diario Digital Femenino","isPartOf":{"@id":"https:\/\/diariofemenino.com.ar\/df\/#website"},"primaryImageOfPage":{"@id":"https:\/\/diariofemenino.com.ar\/df\/por-que-para-la-esi-es-importante-el-derecho-a-la-identidad\/#primaryimage"},"image":{"@id":"https:\/\/diariofemenino.com.ar\/df\/por-que-para-la-esi-es-importante-el-derecho-a-la-identidad\/#primaryimage"},"thumbnailUrl":"https:\/\/diariofemenino.com.ar\/df\/wp-content\/uploads\/2023\/10\/los-derechos-humanos-de-los-nios-derecho-de-identidad-1-638.jpg","datePublished":"2023-10-24T11:07:26+00:00","description":"Por qu\u00e9 para la ESI. El derecho a la identidad es uno de los derechos fundamentales de todo ser humano, incluyendo ni\u00f1eces y adolescencias.","breadcrumb":{"@id":"https:\/\/diariofemenino.com.ar\/df\/por-que-para-la-esi-es-importante-el-derecho-a-la-identidad\/#breadcrumb"},"inLanguage":"es","potentialAction":[{"@type":"ReadAction","target":["https:\/\/diariofemenino.com.ar\/df\/por-que-para-la-esi-es-importante-el-derecho-a-la-identidad\/"]}]},{"@type":"ImageObject","inLanguage":"es","@id":"https:\/\/diariofemenino.com.ar\/df\/por-que-para-la-esi-es-importante-el-derecho-a-la-identidad\/#primaryimage","url":"https:\/\/diariofemenino.com.ar\/df\/wp-content\/uploads\/2023\/10\/los-derechos-humanos-de-los-nios-derecho-de-identidad-1-638.jpg","contentUrl":"https:\/\/diariofemenino.com.ar\/df\/wp-content\/uploads\/2023\/10\/los-derechos-humanos-de-los-nios-derecho-de-identidad-1-638.jpg","width":797,"height":777,"caption":"\u00bfPor qu\u00e9 para la ESI es importante el Derecho a la Identidad?"},{"@type":"BreadcrumbList","@id":"https:\/\/diariofemenino.com.ar\/df\/por-que-para-la-esi-es-importante-el-derecho-a-la-identidad\/#breadcrumb","itemListElement":[{"@type":"ListItem","position":1,"name":"Portada","item":"https:\/\/diariofemenino.com.ar\/df\/"},{"@type":"ListItem","position":2,"name":"\u00bfPor qu\u00e9 para la ESI es importante el Derecho a la Identidad?"}]},{"@type":"WebSite","@id":"https:\/\/diariofemenino.com.ar\/df\/#website","url":"https:\/\/diariofemenino.com.ar\/df\/","name":"Diario Digital Femenino","description":"Cuesti\u00f3n de G\u00e9nero","publisher":{"@id":"https:\/\/diariofemenino.com.ar\/df\/#organization"},"potentialAction":[{"@type":"SearchAction","target":{"@type":"EntryPoint","urlTemplate":"https:\/\/diariofemenino.com.ar\/df\/?s={search_term_string}"},"query-input":{"@type":"PropertyValueSpecification","valueRequired":true,"valueName":"search_term_string"}}],"inLanguage":"es"},{"@type":"Organization","@id":"https:\/\/diariofemenino.com.ar\/df\/#organization","name":"Diario Femenino","url":"https:\/\/diariofemenino.com.ar\/df\/","logo":{"@type":"ImageObject","inLanguage":"es","@id":"https:\/\/diariofemenino.com.ar\/df\/#\/schema\/logo\/image\/","url":"https:\/\/diariofemenino.com.ar\/df\/wp-content\/uploads\/2018\/10\/logo.png","contentUrl":"https:\/\/diariofemenino.com.ar\/df\/wp-content\/uploads\/2018\/10\/logo.png","width":500,"height":92,"caption":"Diario Femenino"},"image":{"@id":"https:\/\/diariofemenino.com.ar\/df\/#\/schema\/logo\/image\/"},"sameAs":["https:\/\/www.facebook.com\/DiarioDigitaFemenino\/","https:\/\/x.com\/DiarioFemenino1"]},{"@type":"Person","@id":"https:\/\/diariofemenino.com.ar\/df\/#\/schema\/person\/bf6199e8158c657ea6f789b11ec85509","name":"Admin","image":{"@type":"ImageObject","inLanguage":"es","@id":"https:\/\/diariofemenino.com.ar\/df\/wp-content\/uploads\/2018\/12\/favicon-150x150.jpg","url":"https:\/\/diariofemenino.com.ar\/df\/wp-content\/uploads\/2018\/12\/favicon-150x150.jpg","contentUrl":"https:\/\/diariofemenino.com.ar\/df\/wp-content\/uploads\/2018\/12\/favicon-150x150.jpg","caption":"Admin"},"url":"https:\/\/diariofemenino.com.ar\/df\/author\/lenny\/"}]}},"jetpack_featured_media_url":"https:\/\/diariofemenino.com.ar\/df\/wp-content\/uploads\/2023\/10\/los-derechos-humanos-de-los-nios-derecho-de-identidad-1-638.jpg","jetpack_sharing_enabled":true,"rttpg_featured_image_url":{"full":["https:\/\/diariofemenino.com.ar\/df\/wp-content\/uploads\/2023\/10\/los-derechos-humanos-de-los-nios-derecho-de-identidad-1-638.jpg",797,777,false],"landscape":["https:\/\/diariofemenino.com.ar\/df\/wp-content\/uploads\/2023\/10\/los-derechos-humanos-de-los-nios-derecho-de-identidad-1-638.jpg",797,777,false],"portraits":["https:\/\/diariofemenino.com.ar\/df\/wp-content\/uploads\/2023\/10\/los-derechos-humanos-de-los-nios-derecho-de-identidad-1-638.jpg",797,777,false],"thumbnail":["https:\/\/diariofemenino.com.ar\/df\/wp-content\/uploads\/2023\/10\/los-derechos-humanos-de-los-nios-derecho-de-identidad-1-638-150x150.jpg",150,150,true],"medium":["https:\/\/diariofemenino.com.ar\/df\/wp-content\/uploads\/2023\/10\/los-derechos-humanos-de-los-nios-derecho-de-identidad-1-638-300x292.jpg",300,292,true],"large":["https:\/\/diariofemenino.com.ar\/df\/wp-content\/uploads\/2023\/10\/los-derechos-humanos-de-los-nios-derecho-de-identidad-1-638.jpg",797,777,false],"1536x1536":["https:\/\/diariofemenino.com.ar\/df\/wp-content\/uploads\/2023\/10\/los-derechos-humanos-de-los-nios-derecho-de-identidad-1-638.jpg",797,777,false],"2048x2048":["https:\/\/diariofemenino.com.ar\/df\/wp-content\/uploads\/2023\/10\/los-derechos-humanos-de-los-nios-derecho-de-identidad-1-638.jpg",797,777,false]},"rttpg_author":{"display_name":"Admin","author_link":"https:\/\/diariofemenino.com.ar\/df\/author\/lenny\/"},"rttpg_comment":0,"rttpg_category":"<a href=\"https:\/\/diariofemenino.com.ar\/df\/category\/actividades\/\" rel=\"category tag\">Actividades<\/a> <a href=\"https:\/\/diariofemenino.com.ar\/df\/category\/articulos-y-comunicados\/\" rel=\"category tag\">Art\u00edculos y Comunicados<\/a> <a href=\"https:\/\/diariofemenino.com.ar\/df\/category\/azul-profundo\/\" rel=\"category tag\">Azul Profundo<\/a> <a href=\"https:\/\/diariofemenino.com.ar\/df\/category\/de-esi-si-se-habla\/\" rel=\"category tag\">De ESI S\u00ed Se Habla<\/a> <a href=\"https:\/\/diariofemenino.com.ar\/df\/category\/de-la-revolucion-al-reaprendizaje\/\" rel=\"category tag\">De la Revoluci\u00f3n al Reaprendizaje<\/a> <a href=\"https:\/\/diariofemenino.com.ar\/df\/category\/genero-y-derechos-humanos\/\" rel=\"category tag\">G\u00e9nero y Derechos Humanos<\/a> <a href=\"https:\/\/diariofemenino.com.ar\/df\/category\/guias\/\" rel=\"category tag\">Gu\u00edas<\/a> <a href=\"https:\/\/diariofemenino.com.ar\/df\/category\/informes\/\" rel=\"category tag\">Informes<\/a> <a href=\"https:\/\/diariofemenino.com.ar\/df\/category\/noticias\/\" rel=\"category tag\">Noticias<\/a>","rttpg_excerpt":"En medio del contexto de las elecciones, con el avance de la ultra derecha a nivel mundial y, en miras a un futuro incierto en materia de protecci\u00f3n y cuidados por los derechos humanos, poder conmemorar el Derecho a la Identidad es primordial. Desde el a\u00f1o 2004, el Congreso de la Naci\u00f3n instituy\u00f3 el 22&hellip;","_links":{"self":[{"href":"https:\/\/diariofemenino.com.ar\/df\/wp-json\/wp\/v2\/posts\/71633","targetHints":{"allow":["GET"]}}],"collection":[{"href":"https:\/\/diariofemenino.com.ar\/df\/wp-json\/wp\/v2\/posts"}],"about":[{"href":"https:\/\/diariofemenino.com.ar\/df\/wp-json\/wp\/v2\/types\/post"}],"author":[{"embeddable":true,"href":"https:\/\/diariofemenino.com.ar\/df\/wp-json\/wp\/v2\/users\/4"}],"replies":[{"embeddable":true,"href":"https:\/\/diariofemenino.com.ar\/df\/wp-json\/wp\/v2\/comments?post=71633"}],"version-history":[{"count":0,"href":"https:\/\/diariofemenino.com.ar\/df\/wp-json\/wp\/v2\/posts\/71633\/revisions"}],"wp:featuredmedia":[{"embeddable":true,"href":"https:\/\/diariofemenino.com.ar\/df\/wp-json\/wp\/v2\/media\/71643"}],"wp:attachment":[{"href":"https:\/\/diariofemenino.com.ar\/df\/wp-json\/wp\/v2\/media?parent=71633"}],"wp:term":[{"taxonomy":"category","embeddable":true,"href":"https:\/\/diariofemenino.com.ar\/df\/wp-json\/wp\/v2\/categories?post=71633"},{"taxonomy":"post_tag","embeddable":true,"href":"https:\/\/diariofemenino.com.ar\/df\/wp-json\/wp\/v2\/tags?post=71633"}],"curies":[{"name":"wp","href":"https:\/\/api.w.org\/{rel}","templated":true}]}}