{"id":71515,"date":"2023-10-10T17:44:59","date_gmt":"2023-10-10T20:44:59","guid":{"rendered":"https:\/\/diariofemenino.com.ar\/df\/?p=71515"},"modified":"2023-10-10T18:36:19","modified_gmt":"2023-10-10T21:36:19","slug":"mas-de-250-referentes-de-70-gobiernos-locales-pusieron-en-valor-la-institucionalidad-de-genero-y-diversidad","status":"publish","type":"post","link":"https:\/\/diariofemenino.com.ar\/df\/mas-de-250-referentes-de-70-gobiernos-locales-pusieron-en-valor-la-institucionalidad-de-genero-y-diversidad\/","title":{"rendered":"M\u00e1s de 250 referentes de 70 gobiernos locales pusieron en valor la institucionalidad de g\u00e9nero y diversidad"},"content":{"rendered":"<p><em>El Encuentro Federal de pol\u00edticas de g\u00e9nero y diversidad permiti\u00f3 intercambiar experiencias y potenciar la articulaci\u00f3n territorial para mejorar las pol\u00edticas p\u00fablicas, as\u00ed como avanzar en la implementaci\u00f3n del Mapa GenerAR. Desde la implementaci\u00f3n del <a href=\"https:\/\/www.argentina.gob.ar\/generos\/plan_nacional_de_accion_contra_las_violencias_por_motivos_de_genero\/programa_generar\">Programa GenerAR<\/a>, en el a\u00f1o 2020, m\u00e1s de 200 gobiernos locales recibieron asesoramiento t\u00e9cnico y financiamiento del MMGyD para la creaci\u00f3n o fortalecimiento de sus \u00e1reas de g\u00e9nero y diversidad.\u00a0<\/em><\/p>\n<figure id=\"attachment_71518\" aria-describedby=\"caption-attachment-71518\" style=\"width: 565px\" class=\"wp-caption aligncenter\"><img loading=\"lazy\" decoding=\"async\" class=\" wp-image-71518\" src=\"https:\/\/diariofemenino.com.ar\/df\/wp-content\/uploads\/2023\/10\/unnamed-54-1024x682.jpg\" alt=\"M\u00e1s de 250 referentes de 70 gobiernos locales pusieron en valor la institucionalidad de g\u00e9nero y diversidad\" width=\"565\" height=\"376\" srcset=\"https:\/\/diariofemenino.com.ar\/df\/wp-content\/uploads\/2023\/10\/unnamed-54-1024x682.jpg 1024w, https:\/\/diariofemenino.com.ar\/df\/wp-content\/uploads\/2023\/10\/unnamed-54-300x200.jpg 300w, https:\/\/diariofemenino.com.ar\/df\/wp-content\/uploads\/2023\/10\/unnamed-54-768x512.jpg 768w, https:\/\/diariofemenino.com.ar\/df\/wp-content\/uploads\/2023\/10\/unnamed-54.jpg 1280w\" sizes=\"auto, (max-width: 565px) 100vw, 565px\" \/><figcaption id=\"caption-attachment-71518\" class=\"wp-caption-text\">M\u00e1s de 250 referentes de 70 gobiernos locales pusieron en valor la institucionalidad de g\u00e9nero y diversidad<\/figcaption><\/figure>\n<p>La <a href=\"https:\/\/www.argentina.gob.ar\/generos\">ministra<\/a> de las Mujeres, G\u00e9neros y Diversidad de la Naci\u00f3n, Ayel\u00e9n Mazzina: y el ministro del Interior, Eduardo de Pedro; encabezaron el acto de cierre del\u00a0<strong>Encuentro Federal de Pol\u00edticas de G\u00e9nero y Diversidad<\/strong>. En el encuentro, que tuvo lugar en el Centro Cultural Kirchner (CCK), ubicado en la Ciudad Aut\u00f3noma de Buenos Aires, se congregaron m\u00e1s de 250 personas integrantes de las \u00e1reas de g\u00e9nero de 70 municipios de todo el pa\u00eds en el marco del\u00a0<strong>Programa GenerAR<\/strong>.<\/p>\n<figure id=\"attachment_71517\" aria-describedby=\"caption-attachment-71517\" style=\"width: 587px\" class=\"wp-caption aligncenter\"><img loading=\"lazy\" decoding=\"async\" class=\" wp-image-71517\" src=\"https:\/\/diariofemenino.com.ar\/df\/wp-content\/uploads\/2023\/10\/unnamed-53-1024x682.jpg\" alt=\"M\u00e1s de 250 referentes de 70 gobiernos locales pusieron en valor la institucionalidad de g\u00e9nero y diversidad\" width=\"587\" height=\"391\" srcset=\"https:\/\/diariofemenino.com.ar\/df\/wp-content\/uploads\/2023\/10\/unnamed-53-1024x682.jpg 1024w, https:\/\/diariofemenino.com.ar\/df\/wp-content\/uploads\/2023\/10\/unnamed-53-300x200.jpg 300w, https:\/\/diariofemenino.com.ar\/df\/wp-content\/uploads\/2023\/10\/unnamed-53-768x512.jpg 768w, https:\/\/diariofemenino.com.ar\/df\/wp-content\/uploads\/2023\/10\/unnamed-53.jpg 1280w\" sizes=\"auto, (max-width: 587px) 100vw, 587px\" \/><figcaption id=\"caption-attachment-71517\" class=\"wp-caption-text\">M\u00e1s de 250 referentes de 70 gobiernos locales pusieron en valor la institucionalidad de g\u00e9nero y diversidad<\/figcaption><\/figure>\n<p>En su discurso, la ministra valor\u00f3 la centralidad del Programa GenerAR dado que\u00a0<em>\u201cpermiti\u00f3 fortalecer la institucionalidad de g\u00e9nero en todo el pa\u00eds y brindar apoyo t\u00e9cnico y econ\u00f3mico a las 23 provincias, a la Ciudad Aut\u00f3noma de Buenos Aires y a m\u00e1s 200 municipios\u201d<\/em>.<\/p>\n<p>Asimismo, Mazzina asever\u00f3 que a partir de dicho programa\u00a0<em>\u201cse promueve la transformaci\u00f3n del Estado y la incorporaci\u00f3n de la perspectiva de g\u00e9nero en la gesti\u00f3n\u201d<\/em>, a la vez que\u00a0<em>\u201cfavorece el impulso de las pol\u00edticas locales\u201d. \u201cQue cada gobierno municipal o provincial tenga un \u00e1rea que impulse pol\u00edticas de g\u00e9nero y diversidad nos permiti\u00f3 llegar a m\u00e1s de 1 mill\u00f3n 800 mil mujeres y LGBTI+ en situaci\u00f3n de violencia o vulnerabilidad. Queremos que sean m\u00e1s las mujeres a las que podamos llegar, cuidar, para que sean cada vez menos las que nos necesiten\u201d,\u00a0<\/em>sostuvo.<\/p>\n<p><em>\u201cSi cierran el Ministerio \u00bfc\u00f3mo van a cuidar las mujeres y diversidades de nuestro pa\u00eds? Tenemos el desaf\u00edo de salir a la calle y mostrar todo lo que hicimos y seguimos haciendo. Debemos seguir trabajando y transpirando hasta la \u00faltima gota para cuidar los derechos de las mujeres y diversidades\u00bb<\/em>, apunt\u00f3 Mazzina.<\/p>\n<p>Por su parte, el ministro de Pedro plante\u00f3:\u00a0<em>\u201cLa Argentina federal que so\u00f1amos tiene que estar, s\u00ed o s\u00ed, atravesada por la lucha de las mujeres porque sabemos sobre todo que en el interior profundo de la Argentina falta deconstruir mucho, en ese interior profundo se siguen viviendo injusticias muy fuertes. Por eso, hay mucho por hacer, por trabajar y por defender\u201d.\u00a0<\/em><\/p>\n<p><em>\u201cEn esta elecci\u00f3n sabemos que hay algunos que quieren sacar un cartelito como si un cartelito fuese s\u00f3lo el nombre de un \u00e1rea del gobierno o un determinado espacio para funcionarios o funcionarias. En realidad, lo que quieren sacar son todas las pol\u00edticas de protecci\u00f3n de las mujeres, de incentivo a la lucha de las mujeres y las diversidades<\/em>\u201d, asegur\u00f3. Para finalizar, el ministro pidi\u00f3 cuidar todo lo construido y sostuvo que\u00a0<em>\u201cel Estado tiene que seguir invirtiendo y acompa\u00f1ando para defender y estar cerca de cada argentina<\/em>\u201d.<\/p>\n<p>El Programa Generar comenz\u00f3 en 2020 y su prop\u00f3sito es dar apoyo t\u00e9cnico y econ\u00f3mico a los gobiernos locales para la creaci\u00f3n de sus \u00e1reas de g\u00e9nero y diversidad o, en el caso de que ya las tengan, fortalecerlas. En este marco, el objetivo del encuentro fue mejorar la institucionalidad de g\u00e9nero y diversidad en las provincias y los municipios del pa\u00eds participantes de esta pol\u00edtica, propiciando un espacio para la generaci\u00f3n de redes e intercambios en la tem\u00e1tica. Desde implementaci\u00f3n del programa, m\u00e1s de 200 gobiernos locales recibieron financiamiento del MMGyD.<\/p>\n<p>Avances en la transversalizaci\u00f3n de la perspectiva de g\u00e9nero y diversidad en el Estado<\/p>\n<p>En la Sala Terraza del Auditorio General se desarroll\u00f3 el panel\u00a0<strong>\u201cHerramientas para el fortalecimiento de la Institucionalidad de G\u00e9nero y Diversidad a nivel federal\u201d<\/strong>, donde se presentaron los resultados de la implementaci\u00f3n del Programa Generar y se compartieron los avances en la construcci\u00f3n del\u00a0<strong>Mapa Federal de Institucionalidad de G\u00e9nero y Diversidad<\/strong>. El mismo est\u00e1 dirigido a sistematizar y difundir pol\u00edticas p\u00fablicas, agencias e iniciativas estatales relativas a la tem\u00e1tica de g\u00e9nero y diversidad a nivel nacional, provincial y municipal.<\/p>\n<p>En ese marco, la titular de la Unidad de Gabinete de Asesoras, \u00c9rica Laporte, asegur\u00f3 que el mapa constituye\u00a0<em>\u00abuna herramienta muy valiosa para visibilizar el trabajo de las \u00e1reas locales y provinciales, y cada avance en materia de g\u00e9nero y diversidad\u00bb<\/em>\u00a0y que el mismo representa\u00a0<em>\u00abuna herramienta de defensa cuando se ataca la agenda de g\u00e9nero\u201d<\/em>.<\/p>\n<p>Adem\u00e1s, se present\u00f3 la gu\u00eda\u00a0<strong>\u201cLineamientos y recursos para el fortalecimiento de la institucionalidad de g\u00e9nero y diversidad en la Rep\u00fablica Argentina\u201d<\/strong>. Se trata de una herramienta de gesti\u00f3n, que busca fortalecer los conocimientos relativos a la institucionalidad, recursos y pol\u00edticas de g\u00e9nero y diversidad.<\/p>\n<p>El panel cont\u00f3 tambi\u00e9n con la presencia del director general de Relaciones Institucionales, Sebasti\u00e1n Chiesa; el embajador de Francia, Romain Nadal; y la representante del Banco Interamericano de Desarrollo, Andrea Saldarriaga Jim\u00e9nez.<\/p>\n<p>Tambi\u00e9n, se realiz\u00f3 el panel\u00a0<strong>\u201cAvances y desaf\u00edos en la implementaci\u00f3n de las pol\u00edticas de g\u00e9nero y diversidad a nivel local\u201d<\/strong>. En el mismo se compartieron experiencias de jerarquizaci\u00f3n y creaci\u00f3n de \u00e1reas locales con el objetivo de fortalecer el intercambio en materia de institucionalidad de g\u00e9nero y diversidad a nivel federal. Estuvieron presentes la subsecretaria de Pol\u00edticas contra las Violencias por razones de g\u00e9nero de la provincia de Buenos Aires, Flavia Delmas; la consejera y secretaria de la Mujer, G\u00e9neros y Diversidad de La Pampa, Liliana Robledo; y la consejera y secretaria de las Mujeres, G\u00e9nero y Diversidad de Salta, Itat\u00ed Carrique.<\/p>\n<p>La mesa estuvo moderada por la directora de Articulaci\u00f3n Federal y Relaciones Intersectoriales del MMGyD, Carolina Minelli; y cont\u00f3 con la participaci\u00f3n de la directora de G\u00e9nero y Diversidades de San Vicente, Soledad M\u00e9ndez; el director de Diversidad de la Secretar\u00eda de Mujeres, G\u00e9neros y Diversidad de Avellaneda, Gian Franco Rosales; la secretaria de Desarrollo Humano y Articulaci\u00f3n Solidaria de Ramos Mex\u00eda, provincia de R\u00edo Negro, Sonia Calfueque; la jefa de la Casa de la Mujer Municipal de Fray Mamerto Esquiu, provincia de Catamarca, Patricia Centuri\u00f3n; y el coordinador del \u00e1rea de G\u00e9nero y Diversidad Sexual de Entre R\u00edos, Gonzalo Molina.<\/p>\n<figure style=\"width: 580px\" class=\"wp-caption aligncenter\"><img loading=\"lazy\" decoding=\"async\" class=\"CToWUd a6T\" tabindex=\"0\" src=\"https:\/\/ci4.googleusercontent.com\/proxy\/kAUnuXhEmS7Ik79S79pKsKBYDnHGwC4IXwBogZtR7GPb1QA3W_KNvVR2LEwsdy-nuLMH2OxCR_KhJoCfkxxE73Gf0oEeCyEmdAFU2zi7xGEeIgVFChX9YQ=s0-d-e1-ft#https:\/\/files.embluemail.com\/uo\/34713\/photo_4983414532114328429_y.jpg\" alt=\"M\u00e1s de 250 referentes de 70 gobiernos locales pusieron en valor la institucionalidad de g\u00e9nero y diversidad\" width=\"580\" height=\"853\" border=\"0\" data-bit=\"iit\" \/><figcaption class=\"wp-caption-text\">M\u00e1s de 250 referentes de 70 gobiernos locales pusieron en valor la institucionalidad de g\u00e9nero y diversidad<\/figcaption><\/figure>\n<p>Por \u00faltimo, se desarroll\u00f3 el conversatorio de cierre\u00a0\u201cEjes estrat\u00e9gicos en la consolidaci\u00f3n institucional de las pol\u00edticas p\u00fablicas de g\u00e9nero y diversidad en la Argentina\u201d. All\u00ed, la titular de la Unidad de Gabinete de Asesoras, Laporte, junto con la secretaria de Pol\u00edticas contra la Violencia por Razones de G\u00e9nero, Josefina Kelly Neila; la secretaria de Pol\u00edticas de Igualdad y Diversidad, Paulina Calder\u00f3n; y la subsecretaria de Formaci\u00f3n, Investigaci\u00f3n y Pol\u00edticas Culturales para la Igualdad, Julieta Gonz\u00e1lez Salinas, presentaron las principales acciones del Ministerio en cuatro a\u00f1os. En la exposici\u00f3n, las funcionarias destacaron que las pol\u00edticas, programas y herramientas impulsadas tuvieron el compromiso desafiante de trabajar para reducir las desigualdades y violencias de g\u00e9nero en todo el territorio nacional. En este sentido, coincidieron en que s\u00f3lo es posible llevar adelante este tipo de medidas si se realiza de manera coordinada y consensuada entre el Estado nacional, las provincias y los municipios, junto a una fuerte articulaci\u00f3n federal con las organizaciones sociales de todo el pa\u00eds.<\/p>\n<p>Por el MMGyD estuvieron tambi\u00e9n la subsecretaria de Pol\u00edticas de Igualdad, Luc\u00eda Cirmi Ob\u00f3n; la subsecretaria de Pol\u00edticas de Diversidad, Agustina Ponce; la subsecretaria de Abordaje Integral de las Violencias por Razones de G\u00e9nero, Laurana Malacalza; el subsecretario de Gesti\u00f3n Administrativa, Mauro Ceratto; el director nacional de Pol\u00edticas de Cuidado, Leandro Bleger; la directora nacional de Articulaci\u00f3n de Pol\u00edticas Integrales de Igualdad, Marcela Cortiellas; la directora nacional de Protecci\u00f3n de V\u00edctimas de Violencia por Razones de G\u00e9nero, Romina Chiesa; la directora de Programas Transversales de Igualdad, Roc\u00edo Lafuente; la directora de Articulaci\u00f3n Integral de Pol\u00edticas de Cuidado, Sof\u00eda V\u00e9liz; el director de Refugios y Hogares de Protecci\u00f3n Integral, Karin Vallve; la directora de Programas Integrales de Prevenci\u00f3n, Melina Merelo; el director de Pol\u00edticas Integrales de Diversidad Sexual y de G\u00e9neros, Ricardo Vallarino; el director de Programas Especiales, Bruno Cass\u00e1n; la coordinadora de Abordaje de la Violencia por Razones de G\u00e9nero contra Personas Migrantes, Jimena Lacorazza. Adem\u00e1s, participaron por Chaco, la consejera y secretaria de Derechos Humanos y G\u00e9neros, Silvana P\u00e9rez.<\/p>\n<p>&nbsp;<\/p>\n<p><a href=\"https:\/\/diariofemenino.com.ar\/df\/category\/agenda-feminista\/\">Agenda feminista<\/a> &#8211; <a href=\"https:\/\/diariofemenino.com.ar\/df\/category\/genero-y-derechos-humanos\/\">Diario Digital Femenino<\/a><\/p>\n<blockquote><p>Seguinos en Instagram\u00a0<a href=\"https:\/\/www.instagram.com\/diariodigitalfemenino_\/\">@diariodigitalfemenino_<\/a><\/p><\/blockquote>\n<p>&nbsp;<\/p>\n","protected":false},"excerpt":{"rendered":"<p>El Encuentro Federal de pol\u00edticas de g\u00e9nero y diversidad permiti\u00f3 intercambiar experiencias y potenciar la articulaci\u00f3n territorial para mejorar las pol\u00edticas p\u00fablicas, as\u00ed como avanzar en la implementaci\u00f3n del Mapa GenerAR. Desde la implementaci\u00f3n del Programa GenerAR, en el a\u00f1o 2020, m\u00e1s de 200 gobiernos locales recibieron asesoramiento t\u00e9cnico y financiamiento del MMGyD para la [&hellip;]<\/p>\n","protected":false},"author":4,"featured_media":71516,"comment_status":"open","ping_status":"open","sticky":false,"template":"","format":"standard","meta":{"iawp_total_views":6,"footnotes":""},"categories":[7,1067,178,3,182,32,23],"tags":[3876,6476,5319,130,6478,3424,6477,45],"class_list":["post-71515","post","type-post","status-publish","format-standard","has-post-thumbnail","hentry","category-actividades","category-agenda-feminista","category-articulos-y-comunicados","category-de-la-revolucion-al-reaprendizaje","category-informes","category-mujeres","category-salud","tag-diversidades","tag-encuentro-federal-de-politicas-de-genero-y-diversidad","tag-gobierno","tag-mujeres","tag-municipios","tag-politicas-de-genero","tag-programa-generar","tag-trabajo"],"nelio_content":{"autoShareEndMode":"never","automationSources":{"useCustomSentences":false,"customSentences":[]},"efiAlt":"","efiUrl":"","followers":[4],"highlights":[],"isAutoShareEnabled":true,"networkImageIds":[],"permalinkQueryArgs":[],"series":[],"suggestedReferences":[]},"yoast_head":"<!-- This site is optimized with the Yoast SEO plugin v27.5 - https:\/\/yoast.com\/product\/yoast-seo-wordpress\/ -->\n<title>M\u00e1s de 250 referentes de 70 gobiernos locales pusieron en valor la institucionalidad de g\u00e9nero y diversidad - Diario Digital Femenino<\/title>\n<meta name=\"description\" content=\"M\u00e1s de 250 referentes en el El Encuentro Federal de pol\u00edticas de g\u00e9nero y diversidad que permiti\u00f3 intercambiar experiencias.\" \/>\n<meta name=\"robots\" content=\"index, follow, max-snippet:-1, max-image-preview:large, max-video-preview:-1\" \/>\n<link rel=\"canonical\" href=\"https:\/\/diariofemenino.com.ar\/df\/mas-de-250-referentes-de-70-gobiernos-locales-pusieron-en-valor-la-institucionalidad-de-genero-y-diversidad\/\" \/>\n<meta property=\"og:locale\" content=\"es_ES\" \/>\n<meta property=\"og:type\" content=\"article\" \/>\n<meta property=\"og:title\" content=\"M\u00e1s de 250 referentes de 70 gobiernos locales pusieron en valor la institucionalidad de g\u00e9nero y diversidad - Diario Digital Femenino\" \/>\n<meta property=\"og:description\" content=\"M\u00e1s de 250 referentes en el El Encuentro Federal de pol\u00edticas de g\u00e9nero y diversidad que permiti\u00f3 intercambiar experiencias.\" \/>\n<meta property=\"og:url\" content=\"https:\/\/diariofemenino.com.ar\/df\/mas-de-250-referentes-de-70-gobiernos-locales-pusieron-en-valor-la-institucionalidad-de-genero-y-diversidad\/\" \/>\n<meta property=\"og:site_name\" content=\"Diario Digital Femenino\" \/>\n<meta property=\"article:publisher\" content=\"https:\/\/www.facebook.com\/DiarioDigitaFemenino\/\" \/>\n<meta property=\"article:published_time\" content=\"2023-10-10T20:44:59+00:00\" \/>\n<meta property=\"article:modified_time\" content=\"2023-10-10T21:36:19+00:00\" \/>\n<meta property=\"og:image\" content=\"https:\/\/diariofemenino.com.ar\/df\/wp-content\/uploads\/2023\/10\/unnamed-52.jpg\" \/>\n\t<meta property=\"og:image:width\" content=\"1280\" \/>\n\t<meta property=\"og:image:height\" content=\"853\" \/>\n\t<meta property=\"og:image:type\" content=\"image\/jpeg\" \/>\n<meta name=\"author\" content=\"Admin\" \/>\n<meta name=\"twitter:card\" content=\"summary_large_image\" \/>\n<meta name=\"twitter:creator\" content=\"@DiarioFemenino1\" \/>\n<meta name=\"twitter:site\" content=\"@DiarioFemenino1\" \/>\n<meta name=\"twitter:label1\" content=\"Escrito por\" \/>\n\t<meta name=\"twitter:data1\" content=\"Admin\" \/>\n\t<meta name=\"twitter:label2\" content=\"Tiempo de lectura\" \/>\n\t<meta name=\"twitter:data2\" content=\"8 minutos\" \/>\n<script type=\"application\/ld+json\" class=\"yoast-schema-graph\">{\"@context\":\"https:\\\/\\\/schema.org\",\"@graph\":[{\"@type\":\"Article\",\"@id\":\"https:\\\/\\\/diariofemenino.com.ar\\\/df\\\/mas-de-250-referentes-de-70-gobiernos-locales-pusieron-en-valor-la-institucionalidad-de-genero-y-diversidad\\\/#article\",\"isPartOf\":{\"@id\":\"https:\\\/\\\/diariofemenino.com.ar\\\/df\\\/mas-de-250-referentes-de-70-gobiernos-locales-pusieron-en-valor-la-institucionalidad-de-genero-y-diversidad\\\/\"},\"author\":{\"name\":\"Admin\",\"@id\":\"https:\\\/\\\/diariofemenino.com.ar\\\/df\\\/#\\\/schema\\\/person\\\/bf6199e8158c657ea6f789b11ec85509\"},\"headline\":\"M\u00e1s de 250 referentes de 70 gobiernos locales pusieron en valor la institucionalidad de g\u00e9nero y diversidad\",\"datePublished\":\"2023-10-10T20:44:59+00:00\",\"dateModified\":\"2023-10-10T21:36:19+00:00\",\"mainEntityOfPage\":{\"@id\":\"https:\\\/\\\/diariofemenino.com.ar\\\/df\\\/mas-de-250-referentes-de-70-gobiernos-locales-pusieron-en-valor-la-institucionalidad-de-genero-y-diversidad\\\/\"},\"wordCount\":1589,\"commentCount\":0,\"publisher\":{\"@id\":\"https:\\\/\\\/diariofemenino.com.ar\\\/df\\\/#organization\"},\"image\":{\"@id\":\"https:\\\/\\\/diariofemenino.com.ar\\\/df\\\/mas-de-250-referentes-de-70-gobiernos-locales-pusieron-en-valor-la-institucionalidad-de-genero-y-diversidad\\\/#primaryimage\"},\"thumbnailUrl\":\"https:\\\/\\\/diariofemenino.com.ar\\\/df\\\/wp-content\\\/uploads\\\/2023\\\/10\\\/unnamed-52.jpg\",\"keywords\":[\"Diversidades\",\"Encuentro Federal de Pol\u00edticas de G\u00e9nero y Diversidad\",\"Gobierno\",\"Mujeres\",\"municipios\",\"Pol\u00edticas de g\u00e9nero\",\"Programa GenerAr\",\"Trabajo\"],\"articleSection\":[\"Actividades\",\"Agenda Feminista\",\"Art\u00edculos y Comunicados\",\"De la Revoluci\u00f3n al Reaprendizaje\",\"Informes\",\"Mujeres\",\"Salud\"],\"inLanguage\":\"es\",\"potentialAction\":[{\"@type\":\"CommentAction\",\"name\":\"Comment\",\"target\":[\"https:\\\/\\\/diariofemenino.com.ar\\\/df\\\/mas-de-250-referentes-de-70-gobiernos-locales-pusieron-en-valor-la-institucionalidad-de-genero-y-diversidad\\\/#respond\"]}]},{\"@type\":\"WebPage\",\"@id\":\"https:\\\/\\\/diariofemenino.com.ar\\\/df\\\/mas-de-250-referentes-de-70-gobiernos-locales-pusieron-en-valor-la-institucionalidad-de-genero-y-diversidad\\\/\",\"url\":\"https:\\\/\\\/diariofemenino.com.ar\\\/df\\\/mas-de-250-referentes-de-70-gobiernos-locales-pusieron-en-valor-la-institucionalidad-de-genero-y-diversidad\\\/\",\"name\":\"M\u00e1s de 250 referentes de 70 gobiernos locales pusieron en valor la institucionalidad de g\u00e9nero y diversidad - Diario Digital Femenino\",\"isPartOf\":{\"@id\":\"https:\\\/\\\/diariofemenino.com.ar\\\/df\\\/#website\"},\"primaryImageOfPage\":{\"@id\":\"https:\\\/\\\/diariofemenino.com.ar\\\/df\\\/mas-de-250-referentes-de-70-gobiernos-locales-pusieron-en-valor-la-institucionalidad-de-genero-y-diversidad\\\/#primaryimage\"},\"image\":{\"@id\":\"https:\\\/\\\/diariofemenino.com.ar\\\/df\\\/mas-de-250-referentes-de-70-gobiernos-locales-pusieron-en-valor-la-institucionalidad-de-genero-y-diversidad\\\/#primaryimage\"},\"thumbnailUrl\":\"https:\\\/\\\/diariofemenino.com.ar\\\/df\\\/wp-content\\\/uploads\\\/2023\\\/10\\\/unnamed-52.jpg\",\"datePublished\":\"2023-10-10T20:44:59+00:00\",\"dateModified\":\"2023-10-10T21:36:19+00:00\",\"description\":\"M\u00e1s de 250 referentes en el El Encuentro Federal de pol\u00edticas de g\u00e9nero y diversidad que permiti\u00f3 intercambiar experiencias.\",\"breadcrumb\":{\"@id\":\"https:\\\/\\\/diariofemenino.com.ar\\\/df\\\/mas-de-250-referentes-de-70-gobiernos-locales-pusieron-en-valor-la-institucionalidad-de-genero-y-diversidad\\\/#breadcrumb\"},\"inLanguage\":\"es\",\"potentialAction\":[{\"@type\":\"ReadAction\",\"target\":[\"https:\\\/\\\/diariofemenino.com.ar\\\/df\\\/mas-de-250-referentes-de-70-gobiernos-locales-pusieron-en-valor-la-institucionalidad-de-genero-y-diversidad\\\/\"]}]},{\"@type\":\"ImageObject\",\"inLanguage\":\"es\",\"@id\":\"https:\\\/\\\/diariofemenino.com.ar\\\/df\\\/mas-de-250-referentes-de-70-gobiernos-locales-pusieron-en-valor-la-institucionalidad-de-genero-y-diversidad\\\/#primaryimage\",\"url\":\"https:\\\/\\\/diariofemenino.com.ar\\\/df\\\/wp-content\\\/uploads\\\/2023\\\/10\\\/unnamed-52.jpg\",\"contentUrl\":\"https:\\\/\\\/diariofemenino.com.ar\\\/df\\\/wp-content\\\/uploads\\\/2023\\\/10\\\/unnamed-52.jpg\",\"width\":1280,\"height\":853,\"caption\":\"M\u00e1s de 250 referentes de 70 gobiernos locales pusieron en valor la institucionalidad de g\u00e9nero y diversidad\"},{\"@type\":\"BreadcrumbList\",\"@id\":\"https:\\\/\\\/diariofemenino.com.ar\\\/df\\\/mas-de-250-referentes-de-70-gobiernos-locales-pusieron-en-valor-la-institucionalidad-de-genero-y-diversidad\\\/#breadcrumb\",\"itemListElement\":[{\"@type\":\"ListItem\",\"position\":1,\"name\":\"Portada\",\"item\":\"https:\\\/\\\/diariofemenino.com.ar\\\/df\\\/\"},{\"@type\":\"ListItem\",\"position\":2,\"name\":\"M\u00e1s de 250 referentes de 70 gobiernos locales pusieron en valor la institucionalidad de g\u00e9nero y diversidad\"}]},{\"@type\":\"WebSite\",\"@id\":\"https:\\\/\\\/diariofemenino.com.ar\\\/df\\\/#website\",\"url\":\"https:\\\/\\\/diariofemenino.com.ar\\\/df\\\/\",\"name\":\"Diario Digital Femenino\",\"description\":\"Cuesti\u00f3n de G\u00e9nero\",\"publisher\":{\"@id\":\"https:\\\/\\\/diariofemenino.com.ar\\\/df\\\/#organization\"},\"potentialAction\":[{\"@type\":\"SearchAction\",\"target\":{\"@type\":\"EntryPoint\",\"urlTemplate\":\"https:\\\/\\\/diariofemenino.com.ar\\\/df\\\/?s={search_term_string}\"},\"query-input\":{\"@type\":\"PropertyValueSpecification\",\"valueRequired\":true,\"valueName\":\"search_term_string\"}}],\"inLanguage\":\"es\"},{\"@type\":\"Organization\",\"@id\":\"https:\\\/\\\/diariofemenino.com.ar\\\/df\\\/#organization\",\"name\":\"Diario Femenino\",\"url\":\"https:\\\/\\\/diariofemenino.com.ar\\\/df\\\/\",\"logo\":{\"@type\":\"ImageObject\",\"inLanguage\":\"es\",\"@id\":\"https:\\\/\\\/diariofemenino.com.ar\\\/df\\\/#\\\/schema\\\/logo\\\/image\\\/\",\"url\":\"https:\\\/\\\/diariofemenino.com.ar\\\/df\\\/wp-content\\\/uploads\\\/2018\\\/10\\\/logo.png\",\"contentUrl\":\"https:\\\/\\\/diariofemenino.com.ar\\\/df\\\/wp-content\\\/uploads\\\/2018\\\/10\\\/logo.png\",\"width\":500,\"height\":92,\"caption\":\"Diario Femenino\"},\"image\":{\"@id\":\"https:\\\/\\\/diariofemenino.com.ar\\\/df\\\/#\\\/schema\\\/logo\\\/image\\\/\"},\"sameAs\":[\"https:\\\/\\\/www.facebook.com\\\/DiarioDigitaFemenino\\\/\",\"https:\\\/\\\/x.com\\\/DiarioFemenino1\"]},{\"@type\":\"Person\",\"@id\":\"https:\\\/\\\/diariofemenino.com.ar\\\/df\\\/#\\\/schema\\\/person\\\/bf6199e8158c657ea6f789b11ec85509\",\"name\":\"Admin\",\"image\":{\"@type\":\"ImageObject\",\"inLanguage\":\"es\",\"@id\":\"https:\\\/\\\/diariofemenino.com.ar\\\/df\\\/wp-content\\\/uploads\\\/2018\\\/12\\\/favicon-150x150.jpg\",\"url\":\"https:\\\/\\\/diariofemenino.com.ar\\\/df\\\/wp-content\\\/uploads\\\/2018\\\/12\\\/favicon-150x150.jpg\",\"contentUrl\":\"https:\\\/\\\/diariofemenino.com.ar\\\/df\\\/wp-content\\\/uploads\\\/2018\\\/12\\\/favicon-150x150.jpg\",\"caption\":\"Admin\"},\"url\":\"https:\\\/\\\/diariofemenino.com.ar\\\/df\\\/author\\\/lenny\\\/\"}]}<\/script>\n<!-- \/ Yoast SEO plugin. -->","yoast_head_json":{"title":"M\u00e1s de 250 referentes de 70 gobiernos locales pusieron en valor la institucionalidad de g\u00e9nero y diversidad - Diario Digital Femenino","description":"M\u00e1s de 250 referentes en el El Encuentro Federal de pol\u00edticas de g\u00e9nero y diversidad que permiti\u00f3 intercambiar experiencias.","robots":{"index":"index","follow":"follow","max-snippet":"max-snippet:-1","max-image-preview":"max-image-preview:large","max-video-preview":"max-video-preview:-1"},"canonical":"https:\/\/diariofemenino.com.ar\/df\/mas-de-250-referentes-de-70-gobiernos-locales-pusieron-en-valor-la-institucionalidad-de-genero-y-diversidad\/","og_locale":"es_ES","og_type":"article","og_title":"M\u00e1s de 250 referentes de 70 gobiernos locales pusieron en valor la institucionalidad de g\u00e9nero y diversidad - Diario Digital Femenino","og_description":"M\u00e1s de 250 referentes en el El Encuentro Federal de pol\u00edticas de g\u00e9nero y diversidad que permiti\u00f3 intercambiar experiencias.","og_url":"https:\/\/diariofemenino.com.ar\/df\/mas-de-250-referentes-de-70-gobiernos-locales-pusieron-en-valor-la-institucionalidad-de-genero-y-diversidad\/","og_site_name":"Diario Digital Femenino","article_publisher":"https:\/\/www.facebook.com\/DiarioDigitaFemenino\/","article_published_time":"2023-10-10T20:44:59+00:00","article_modified_time":"2023-10-10T21:36:19+00:00","og_image":[{"width":1280,"height":853,"url":"https:\/\/diariofemenino.com.ar\/df\/wp-content\/uploads\/2023\/10\/unnamed-52.jpg","type":"image\/jpeg"}],"author":"Admin","twitter_card":"summary_large_image","twitter_creator":"@DiarioFemenino1","twitter_site":"@DiarioFemenino1","twitter_misc":{"Escrito por":"Admin","Tiempo de lectura":"8 minutos"},"schema":{"@context":"https:\/\/schema.org","@graph":[{"@type":"Article","@id":"https:\/\/diariofemenino.com.ar\/df\/mas-de-250-referentes-de-70-gobiernos-locales-pusieron-en-valor-la-institucionalidad-de-genero-y-diversidad\/#article","isPartOf":{"@id":"https:\/\/diariofemenino.com.ar\/df\/mas-de-250-referentes-de-70-gobiernos-locales-pusieron-en-valor-la-institucionalidad-de-genero-y-diversidad\/"},"author":{"name":"Admin","@id":"https:\/\/diariofemenino.com.ar\/df\/#\/schema\/person\/bf6199e8158c657ea6f789b11ec85509"},"headline":"M\u00e1s de 250 referentes de 70 gobiernos locales pusieron en valor la institucionalidad de g\u00e9nero y diversidad","datePublished":"2023-10-10T20:44:59+00:00","dateModified":"2023-10-10T21:36:19+00:00","mainEntityOfPage":{"@id":"https:\/\/diariofemenino.com.ar\/df\/mas-de-250-referentes-de-70-gobiernos-locales-pusieron-en-valor-la-institucionalidad-de-genero-y-diversidad\/"},"wordCount":1589,"commentCount":0,"publisher":{"@id":"https:\/\/diariofemenino.com.ar\/df\/#organization"},"image":{"@id":"https:\/\/diariofemenino.com.ar\/df\/mas-de-250-referentes-de-70-gobiernos-locales-pusieron-en-valor-la-institucionalidad-de-genero-y-diversidad\/#primaryimage"},"thumbnailUrl":"https:\/\/diariofemenino.com.ar\/df\/wp-content\/uploads\/2023\/10\/unnamed-52.jpg","keywords":["Diversidades","Encuentro Federal de Pol\u00edticas de G\u00e9nero y Diversidad","Gobierno","Mujeres","municipios","Pol\u00edticas de g\u00e9nero","Programa GenerAr","Trabajo"],"articleSection":["Actividades","Agenda Feminista","Art\u00edculos y Comunicados","De la Revoluci\u00f3n al Reaprendizaje","Informes","Mujeres","Salud"],"inLanguage":"es","potentialAction":[{"@type":"CommentAction","name":"Comment","target":["https:\/\/diariofemenino.com.ar\/df\/mas-de-250-referentes-de-70-gobiernos-locales-pusieron-en-valor-la-institucionalidad-de-genero-y-diversidad\/#respond"]}]},{"@type":"WebPage","@id":"https:\/\/diariofemenino.com.ar\/df\/mas-de-250-referentes-de-70-gobiernos-locales-pusieron-en-valor-la-institucionalidad-de-genero-y-diversidad\/","url":"https:\/\/diariofemenino.com.ar\/df\/mas-de-250-referentes-de-70-gobiernos-locales-pusieron-en-valor-la-institucionalidad-de-genero-y-diversidad\/","name":"M\u00e1s de 250 referentes de 70 gobiernos locales pusieron en valor la institucionalidad de g\u00e9nero y diversidad - Diario Digital Femenino","isPartOf":{"@id":"https:\/\/diariofemenino.com.ar\/df\/#website"},"primaryImageOfPage":{"@id":"https:\/\/diariofemenino.com.ar\/df\/mas-de-250-referentes-de-70-gobiernos-locales-pusieron-en-valor-la-institucionalidad-de-genero-y-diversidad\/#primaryimage"},"image":{"@id":"https:\/\/diariofemenino.com.ar\/df\/mas-de-250-referentes-de-70-gobiernos-locales-pusieron-en-valor-la-institucionalidad-de-genero-y-diversidad\/#primaryimage"},"thumbnailUrl":"https:\/\/diariofemenino.com.ar\/df\/wp-content\/uploads\/2023\/10\/unnamed-52.jpg","datePublished":"2023-10-10T20:44:59+00:00","dateModified":"2023-10-10T21:36:19+00:00","description":"M\u00e1s de 250 referentes en el El Encuentro Federal de pol\u00edticas de g\u00e9nero y diversidad que permiti\u00f3 intercambiar experiencias.","breadcrumb":{"@id":"https:\/\/diariofemenino.com.ar\/df\/mas-de-250-referentes-de-70-gobiernos-locales-pusieron-en-valor-la-institucionalidad-de-genero-y-diversidad\/#breadcrumb"},"inLanguage":"es","potentialAction":[{"@type":"ReadAction","target":["https:\/\/diariofemenino.com.ar\/df\/mas-de-250-referentes-de-70-gobiernos-locales-pusieron-en-valor-la-institucionalidad-de-genero-y-diversidad\/"]}]},{"@type":"ImageObject","inLanguage":"es","@id":"https:\/\/diariofemenino.com.ar\/df\/mas-de-250-referentes-de-70-gobiernos-locales-pusieron-en-valor-la-institucionalidad-de-genero-y-diversidad\/#primaryimage","url":"https:\/\/diariofemenino.com.ar\/df\/wp-content\/uploads\/2023\/10\/unnamed-52.jpg","contentUrl":"https:\/\/diariofemenino.com.ar\/df\/wp-content\/uploads\/2023\/10\/unnamed-52.jpg","width":1280,"height":853,"caption":"M\u00e1s de 250 referentes de 70 gobiernos locales pusieron en valor la institucionalidad de g\u00e9nero y diversidad"},{"@type":"BreadcrumbList","@id":"https:\/\/diariofemenino.com.ar\/df\/mas-de-250-referentes-de-70-gobiernos-locales-pusieron-en-valor-la-institucionalidad-de-genero-y-diversidad\/#breadcrumb","itemListElement":[{"@type":"ListItem","position":1,"name":"Portada","item":"https:\/\/diariofemenino.com.ar\/df\/"},{"@type":"ListItem","position":2,"name":"M\u00e1s de 250 referentes de 70 gobiernos locales pusieron en valor la institucionalidad de g\u00e9nero y diversidad"}]},{"@type":"WebSite","@id":"https:\/\/diariofemenino.com.ar\/df\/#website","url":"https:\/\/diariofemenino.com.ar\/df\/","name":"Diario Digital Femenino","description":"Cuesti\u00f3n de G\u00e9nero","publisher":{"@id":"https:\/\/diariofemenino.com.ar\/df\/#organization"},"potentialAction":[{"@type":"SearchAction","target":{"@type":"EntryPoint","urlTemplate":"https:\/\/diariofemenino.com.ar\/df\/?s={search_term_string}"},"query-input":{"@type":"PropertyValueSpecification","valueRequired":true,"valueName":"search_term_string"}}],"inLanguage":"es"},{"@type":"Organization","@id":"https:\/\/diariofemenino.com.ar\/df\/#organization","name":"Diario Femenino","url":"https:\/\/diariofemenino.com.ar\/df\/","logo":{"@type":"ImageObject","inLanguage":"es","@id":"https:\/\/diariofemenino.com.ar\/df\/#\/schema\/logo\/image\/","url":"https:\/\/diariofemenino.com.ar\/df\/wp-content\/uploads\/2018\/10\/logo.png","contentUrl":"https:\/\/diariofemenino.com.ar\/df\/wp-content\/uploads\/2018\/10\/logo.png","width":500,"height":92,"caption":"Diario Femenino"},"image":{"@id":"https:\/\/diariofemenino.com.ar\/df\/#\/schema\/logo\/image\/"},"sameAs":["https:\/\/www.facebook.com\/DiarioDigitaFemenino\/","https:\/\/x.com\/DiarioFemenino1"]},{"@type":"Person","@id":"https:\/\/diariofemenino.com.ar\/df\/#\/schema\/person\/bf6199e8158c657ea6f789b11ec85509","name":"Admin","image":{"@type":"ImageObject","inLanguage":"es","@id":"https:\/\/diariofemenino.com.ar\/df\/wp-content\/uploads\/2018\/12\/favicon-150x150.jpg","url":"https:\/\/diariofemenino.com.ar\/df\/wp-content\/uploads\/2018\/12\/favicon-150x150.jpg","contentUrl":"https:\/\/diariofemenino.com.ar\/df\/wp-content\/uploads\/2018\/12\/favicon-150x150.jpg","caption":"Admin"},"url":"https:\/\/diariofemenino.com.ar\/df\/author\/lenny\/"}]}},"jetpack_featured_media_url":"https:\/\/diariofemenino.com.ar\/df\/wp-content\/uploads\/2023\/10\/unnamed-52.jpg","jetpack_sharing_enabled":true,"rttpg_featured_image_url":{"full":["https:\/\/diariofemenino.com.ar\/df\/wp-content\/uploads\/2023\/10\/unnamed-52.jpg",1280,853,false],"landscape":["https:\/\/diariofemenino.com.ar\/df\/wp-content\/uploads\/2023\/10\/unnamed-52.jpg",1280,853,false],"portraits":["https:\/\/diariofemenino.com.ar\/df\/wp-content\/uploads\/2023\/10\/unnamed-52.jpg",1280,853,false],"thumbnail":["https:\/\/diariofemenino.com.ar\/df\/wp-content\/uploads\/2023\/10\/unnamed-52-150x150.jpg",150,150,true],"medium":["https:\/\/diariofemenino.com.ar\/df\/wp-content\/uploads\/2023\/10\/unnamed-52-300x200.jpg",300,200,true],"large":["https:\/\/diariofemenino.com.ar\/df\/wp-content\/uploads\/2023\/10\/unnamed-52-1024x682.jpg",1024,682,true],"1536x1536":["https:\/\/diariofemenino.com.ar\/df\/wp-content\/uploads\/2023\/10\/unnamed-52.jpg",1280,853,false],"2048x2048":["https:\/\/diariofemenino.com.ar\/df\/wp-content\/uploads\/2023\/10\/unnamed-52.jpg",1280,853,false]},"rttpg_author":{"display_name":"Admin","author_link":"https:\/\/diariofemenino.com.ar\/df\/author\/lenny\/"},"rttpg_comment":0,"rttpg_category":"<a href=\"https:\/\/diariofemenino.com.ar\/df\/category\/actividades\/\" rel=\"category tag\">Actividades<\/a> <a href=\"https:\/\/diariofemenino.com.ar\/df\/category\/agenda-feminista\/\" rel=\"category tag\">Agenda Feminista<\/a> <a href=\"https:\/\/diariofemenino.com.ar\/df\/category\/articulos-y-comunicados\/\" rel=\"category tag\">Art\u00edculos y Comunicados<\/a> <a href=\"https:\/\/diariofemenino.com.ar\/df\/category\/de-la-revolucion-al-reaprendizaje\/\" rel=\"category tag\">De la Revoluci\u00f3n al Reaprendizaje<\/a> <a href=\"https:\/\/diariofemenino.com.ar\/df\/category\/informes\/\" rel=\"category tag\">Informes<\/a> <a href=\"https:\/\/diariofemenino.com.ar\/df\/category\/mujeres\/\" rel=\"category tag\">Mujeres<\/a> <a href=\"https:\/\/diariofemenino.com.ar\/df\/category\/salud\/\" rel=\"category tag\">Salud<\/a>","rttpg_excerpt":"El Encuentro Federal de pol\u00edticas de g\u00e9nero y diversidad permiti\u00f3 intercambiar experiencias y potenciar la articulaci\u00f3n territorial para mejorar las pol\u00edticas p\u00fablicas, as\u00ed como avanzar en la implementaci\u00f3n del Mapa GenerAR. Desde la implementaci\u00f3n del Programa GenerAR, en el a\u00f1o 2020, m\u00e1s de 200 gobiernos locales recibieron asesoramiento t\u00e9cnico y financiamiento del MMGyD para la&hellip;","_links":{"self":[{"href":"https:\/\/diariofemenino.com.ar\/df\/wp-json\/wp\/v2\/posts\/71515","targetHints":{"allow":["GET"]}}],"collection":[{"href":"https:\/\/diariofemenino.com.ar\/df\/wp-json\/wp\/v2\/posts"}],"about":[{"href":"https:\/\/diariofemenino.com.ar\/df\/wp-json\/wp\/v2\/types\/post"}],"author":[{"embeddable":true,"href":"https:\/\/diariofemenino.com.ar\/df\/wp-json\/wp\/v2\/users\/4"}],"replies":[{"embeddable":true,"href":"https:\/\/diariofemenino.com.ar\/df\/wp-json\/wp\/v2\/comments?post=71515"}],"version-history":[{"count":0,"href":"https:\/\/diariofemenino.com.ar\/df\/wp-json\/wp\/v2\/posts\/71515\/revisions"}],"wp:featuredmedia":[{"embeddable":true,"href":"https:\/\/diariofemenino.com.ar\/df\/wp-json\/wp\/v2\/media\/71516"}],"wp:attachment":[{"href":"https:\/\/diariofemenino.com.ar\/df\/wp-json\/wp\/v2\/media?parent=71515"}],"wp:term":[{"taxonomy":"category","embeddable":true,"href":"https:\/\/diariofemenino.com.ar\/df\/wp-json\/wp\/v2\/categories?post=71515"},{"taxonomy":"post_tag","embeddable":true,"href":"https:\/\/diariofemenino.com.ar\/df\/wp-json\/wp\/v2\/tags?post=71515"}],"curies":[{"name":"wp","href":"https:\/\/api.w.org\/{rel}","templated":true}]}}