{"id":71503,"date":"2023-10-10T09:12:06","date_gmt":"2023-10-10T12:12:06","guid":{"rendered":"https:\/\/diariofemenino.com.ar\/df\/?p=71503"},"modified":"2023-10-10T09:12:06","modified_gmt":"2023-10-10T12:12:06","slug":"espejos-empanados","status":"publish","type":"post","link":"https:\/\/diariofemenino.com.ar\/df\/espejos-empanados\/","title":{"rendered":"Espejos empa\u00f1ados"},"content":{"rendered":"<p>10 de octubre\u00a0D\u00eda Mundial de la Salud Mental<\/p>\n<figure id=\"attachment_71506\" aria-describedby=\"caption-attachment-71506\" style=\"width: 580px\" class=\"wp-caption aligncenter\"><img loading=\"lazy\" decoding=\"async\" class=\" wp-image-71506\" src=\"https:\/\/diariofemenino.com.ar\/df\/wp-content\/uploads\/2023\/10\/WhatsApp-Image-2023-10-09-at-16.45.14-1024x995.jpeg\" alt=\"Espejos empa\u00f1ados\" width=\"580\" height=\"564\" srcset=\"https:\/\/diariofemenino.com.ar\/df\/wp-content\/uploads\/2023\/10\/WhatsApp-Image-2023-10-09-at-16.45.14-1024x995.jpeg 1024w, https:\/\/diariofemenino.com.ar\/df\/wp-content\/uploads\/2023\/10\/WhatsApp-Image-2023-10-09-at-16.45.14-300x291.jpeg 300w, https:\/\/diariofemenino.com.ar\/df\/wp-content\/uploads\/2023\/10\/WhatsApp-Image-2023-10-09-at-16.45.14-768x746.jpeg 768w, https:\/\/diariofemenino.com.ar\/df\/wp-content\/uploads\/2023\/10\/WhatsApp-Image-2023-10-09-at-16.45.14.jpeg 1500w\" sizes=\"auto, (max-width: 580px) 100vw, 580px\" \/><figcaption id=\"caption-attachment-71506\" class=\"wp-caption-text\">Espejos empa\u00f1ados<\/figcaption><\/figure>\n<p><strong>Espejos empa\u00f1ados<br \/>\n<\/strong><br \/>\nPor<em><a href=\"https:\/\/diariofemenino.com.ar\/df\/?s=Adriana+Pedrolo\"><strong>\u00a0Adriana Pedrolo<\/strong><\/a><\/em>*<br \/>\npara<strong><a href=\"https:\/\/diariofemenino.com.ar\/df\/category\/articulos\/\"><em>\u00a0Diario Digital Femenino<\/em><\/a><\/strong><\/p>\n<div class=\"gmail_default\">Dicen que todo tiene un costo en esta vida, que vivir gasta y que, aqu\u00ed o all\u00e1, todos pagamos. \u00bfCu\u00e1nto habr\u00e1 pagado el loco de la esquina? \u00c9l, que camina chuequito por el medio del asfalto, pele\u00e1ndose con un enemigo m\u00e1s grande e invisible al que le grita incansablemente:<br \/>\n-\u00bfPero qui\u00e9n te crees que sos, eh?<br \/>\nLos autos lo esquivan toc\u00e1ndole\u00a0 bocina. Su cuerpo escu\u00e1lido peligra. Parece estar acostumbrado y no darle importancia, porque \u00e9l solo quiere pegarle a ese a quien increpa, pero alguien invisible lo retiene y todo vuelve a comenzar:<br \/>\n-\u00bfY qui\u00e9n te crees que sos, eh? \u00bfy qui\u00e9n te crees que sos?<br \/>\nEl loco camina apretando fuerte una bolsita de pl\u00e1stico con comida que alg\u00fan rayo de piedad en esta ciudad de m\u00e1rmol le dio, satisfecho con su alma caritable.<br \/>\nMe gustar\u00eda no tener este tono melanc\u00f3lico, pero el confinamiento preventivo<br \/>\nimpuesto por la pandemia del Covid 19 no ayuda. Pasa el loquito gritando por la vereda y todo mi s\u00e1bado de trabajo se cae del s\u00e9ptimo piso y se estrella en el asfalto. Hace mucho que vive por aqu\u00ed. Debajo de una frazada se ve que se rasca, seguramente la ladilla. Otras veces se masturba y otras ni frazada. A veces acepta el turr\u00f3n que mi mano le acerca; otras, mira con recelo y escapa.<br \/>\n\u00bfC\u00f3mo fue que lleg\u00f3 hasta aqu\u00ed? \u00bfQu\u00e9 le habr\u00e1n hecho y no hecho? \u00bfC\u00f3mo se pasa de la casa a la calle, de una familia al tr\u00e1nsito ruidoso por \u00fanica compa\u00f1\u00eda, de la mesa servida a la hora convenida al piso mugriento donde se apoya una bandeja con guiso de las que da el convento a lxs olvidadxs, de una cama abrigada al cart\u00f3n y al diario, del discernimiento al desvar\u00edo?<br \/>\nEl loquito va y viene por un pasillo invisible al que no queremos\u00a0 entrar. Guarda restos de comida en las cajas de electricidad de algunas fachadas y de vez en cuando aparece con una campera gigante y abrigada que al otro d\u00eda ya no tiene. \u00bfLa habr\u00e1 perdido? \u00bfSe la habr\u00e1n robado? O se la sacar\u00e1 y la olvidar\u00e1 en cualquier parte\u2026 \u00bfQu\u00e9 han hecho de su alma?<br \/>\nEl pasillo invisible por el que transita \u00bfno forma parte de este mundo? \u00bfY si su incongruencia fuera solo el espejo empa\u00f1ado de otra, una primera incongruencia que nadie le explic\u00f3? \u00bfPor qu\u00e9 tanto desorden? \u00bfY en qu\u00e9 consistir\u00eda el orden? Siempre me intrigaron los caminos insondables de los locos y su terrible ternura.<\/div>\n<div class=\"gmail_default\">Meses m\u00e1s tarde de escritas estas l\u00edneas salgo a la calle y encuentro a dos vecinas despu\u00e9s de un largo per\u00edodo de pandemia. La mayor de ellas escuch\u00f3 unos gritos y dijo:<\/div>\n<div class=\"gmail_default\">-Uh\u2026 Tenemos visitas.<br \/>\nEra el loco de vuelta, esta vez descalzo y sin bolsita de comida.<br \/>\n-Ya est\u00e1 pidiendo que le den lo que le gusta -dice la mujer.<br \/>\n-\u00bfY qu\u00e9 es lo que le gusta? -pregunto yo.<br \/>\n-Que se la den por atr\u00e1s. -dice la vecina muy segura-. Y agrega:<br \/>\n-El padre lo vend\u00eda en el terreno bald\u00edo de ac\u00e1 a la vuelta a \u00e9l y al\u00a0hermano. A veces hab\u00eda cola de tipos.<br \/>\nNo puedo creer lo que estoy escuchando. La otra vecina se sonroja, visiblemente inc\u00f3moda no dice nada.<br \/>\n-Pero eso es terrible -exclam\u00e9 yo-.<br \/>\n-No lo digo yo -sigui\u00f3 la primera-\u00a0 lo dijo una m\u00e9dica. Porque un d\u00eda llamaron a una ambulancia y la doctora que lo vio lo dijo: \u201cCuando grita as\u00ed es que est\u00e1 pidiendo m\u00e1s de eso que le gusta.\u201d<br \/>\nEl loco se va yendo y con \u00e9l caminan como ni\u00f1os alborotados todos sus secretos, secretos de este mundo que el cuerpo y la mente de gente como \u00e9l, como vos, como ustedes o como yo pagan irremediablemente.<br \/>\nCuando el cuerpo y la cabeza se llenan de intrusos y solamente queda el alma para intentar un dialogo, el arte quiz\u00e1s pueda hablar con ellos y contarnos algo de los comienzos cuerdos de los que alguna vez todes partimos.<\/div>\n<div>\n<figure id=\"attachment_71504\" aria-describedby=\"caption-attachment-71504\" style=\"width: 578px\" class=\"wp-caption aligncenter\"><img loading=\"lazy\" decoding=\"async\" class=\" wp-image-71504\" src=\"https:\/\/diariofemenino.com.ar\/df\/wp-content\/uploads\/2023\/10\/WhatsApp-Image-2023-10-09-at-16.45.15-768x1024.jpeg\" alt=\"Espejos empa\u00f1ados\" width=\"578\" height=\"771\" srcset=\"https:\/\/diariofemenino.com.ar\/df\/wp-content\/uploads\/2023\/10\/WhatsApp-Image-2023-10-09-at-16.45.15-768x1024.jpeg 768w, https:\/\/diariofemenino.com.ar\/df\/wp-content\/uploads\/2023\/10\/WhatsApp-Image-2023-10-09-at-16.45.15-225x300.jpeg 225w, https:\/\/diariofemenino.com.ar\/df\/wp-content\/uploads\/2023\/10\/WhatsApp-Image-2023-10-09-at-16.45.15-1152x1536.jpeg 1152w, https:\/\/diariofemenino.com.ar\/df\/wp-content\/uploads\/2023\/10\/WhatsApp-Image-2023-10-09-at-16.45.15.jpeg 1200w\" sizes=\"auto, (max-width: 578px) 100vw, 578px\" \/><figcaption id=\"caption-attachment-71504\" class=\"wp-caption-text\">Espejos empa\u00f1ados<\/figcaption><\/figure>\n<\/div>\n<p><strong>(*) E<\/strong><em>scritora, poetiza, comunicadora y cantautora.<\/em><\/p>\n<p>Ilustraci\u00f3n: Collage de <a href=\"https:\/\/registrodeescritores.com.ar\/project\/adriana-pedrolo\/\">Adriana Pedrolo<\/a><\/p>\n<p>&nbsp;<\/p>\n<blockquote><p>Seguinos en Instagram\u00a0<a href=\"https:\/\/www.instagram.com\/diariodigitalfemenino_\/\">@diariodigitalfemenino_<\/a><\/p><\/blockquote>\n<p>&nbsp;<\/p>\n","protected":false},"excerpt":{"rendered":"<p>10 de octubre\u00a0D\u00eda Mundial de la Salud Mental Espejos empa\u00f1ados Por\u00a0Adriana Pedrolo* para\u00a0Diario Digital Femenino Dicen que todo tiene un costo en esta vida, que vivir gasta y que, aqu\u00ed o all\u00e1, todos pagamos. \u00bfCu\u00e1nto habr\u00e1 pagado el loco de la esquina? \u00c9l, que camina chuequito por el medio del asfalto, pele\u00e1ndose con un enemigo [&hellip;]<\/p>\n","protected":false},"author":4,"featured_media":71505,"comment_status":"open","ping_status":"open","sticky":false,"template":"","format":"standard","meta":{"iawp_total_views":2,"footnotes":""},"categories":[178,3,627,21,23,592],"tags":[6004,2204,6453,6338,4372,4035,5294,6472,3262,1082,461],"class_list":["post-71503","post","type-post","status-publish","format-standard","has-post-thumbnail","hentry","category-articulos-y-comunicados","category-de-la-revolucion-al-reaprendizaje","category-genero-y-derechos-humanos","category-noticias","category-salud","category-violencias","tag-abandono","tag-adriana-pedrolo","tag-afectos","tag-burla","tag-destacada","tag-emociones","tag-personas","tag-realidad-social","tag-responsabilidad","tag-salud-mental","tag-sociedad"],"nelio_content":{"autoShareEndMode":"never","automationSources":{"useCustomSentences":false,"customSentences":[]},"efiAlt":"","efiUrl":"","followers":[4],"highlights":[],"isAutoShareEnabled":true,"networkImageIds":[],"permalinkQueryArgs":[],"series":[],"suggestedReferences":[]},"yoast_head":"<!-- This site is optimized with the Yoast SEO plugin v27.5 - https:\/\/yoast.com\/product\/yoast-seo-wordpress\/ -->\n<title>Espejos empa\u00f1ados - Diario Digital Femenino<\/title>\n<meta name=\"robots\" content=\"index, follow, max-snippet:-1, max-image-preview:large, max-video-preview:-1\" \/>\n<link rel=\"canonical\" href=\"https:\/\/diariofemenino.com.ar\/df\/espejos-empanados\/\" \/>\n<meta property=\"og:locale\" content=\"es_ES\" \/>\n<meta property=\"og:type\" content=\"article\" \/>\n<meta property=\"og:title\" content=\"Espejos empa\u00f1ados - Diario Digital Femenino\" \/>\n<meta property=\"og:description\" content=\"10 de octubre\u00a0D\u00eda Mundial de la Salud Mental Espejos empa\u00f1ados Por\u00a0Adriana Pedrolo* para\u00a0Diario Digital Femenino Dicen que todo tiene un costo en esta vida, que vivir gasta y que, aqu\u00ed o all\u00e1, todos pagamos. \u00bfCu\u00e1nto habr\u00e1 pagado el loco de la esquina? \u00c9l, que camina chuequito por el medio del asfalto, pele\u00e1ndose con un enemigo [&hellip;]\" \/>\n<meta property=\"og:url\" content=\"https:\/\/diariofemenino.com.ar\/df\/espejos-empanados\/\" \/>\n<meta property=\"og:site_name\" content=\"Diario Digital Femenino\" \/>\n<meta property=\"article:publisher\" content=\"https:\/\/www.facebook.com\/DiarioDigitaFemenino\/\" \/>\n<meta property=\"article:published_time\" content=\"2023-10-10T12:12:06+00:00\" \/>\n<meta property=\"og:image\" content=\"https:\/\/diariofemenino.com.ar\/df\/wp-content\/uploads\/2023\/10\/WhatsApp-Image-2023-10-09-at-16.45.14-1.jpeg\" \/>\n\t<meta property=\"og:image:width\" content=\"1500\" \/>\n\t<meta property=\"og:image:height\" content=\"1264\" \/>\n\t<meta property=\"og:image:type\" content=\"image\/jpeg\" \/>\n<meta name=\"author\" content=\"Admin\" \/>\n<meta name=\"twitter:card\" content=\"summary_large_image\" \/>\n<meta name=\"twitter:creator\" content=\"@DiarioFemenino1\" \/>\n<meta name=\"twitter:site\" content=\"@DiarioFemenino1\" \/>\n<meta name=\"twitter:label1\" content=\"Escrito por\" \/>\n\t<meta name=\"twitter:data1\" content=\"Admin\" \/>\n\t<meta name=\"twitter:label2\" content=\"Tiempo de lectura\" \/>\n\t<meta name=\"twitter:data2\" content=\"4 minutos\" \/>\n<script type=\"application\/ld+json\" class=\"yoast-schema-graph\">{\"@context\":\"https:\\\/\\\/schema.org\",\"@graph\":[{\"@type\":\"Article\",\"@id\":\"https:\\\/\\\/diariofemenino.com.ar\\\/df\\\/espejos-empanados\\\/#article\",\"isPartOf\":{\"@id\":\"https:\\\/\\\/diariofemenino.com.ar\\\/df\\\/espejos-empanados\\\/\"},\"author\":{\"name\":\"Admin\",\"@id\":\"https:\\\/\\\/diariofemenino.com.ar\\\/df\\\/#\\\/schema\\\/person\\\/bf6199e8158c657ea6f789b11ec85509\"},\"headline\":\"Espejos empa\u00f1ados\",\"datePublished\":\"2023-10-10T12:12:06+00:00\",\"mainEntityOfPage\":{\"@id\":\"https:\\\/\\\/diariofemenino.com.ar\\\/df\\\/espejos-empanados\\\/\"},\"wordCount\":763,\"commentCount\":0,\"publisher\":{\"@id\":\"https:\\\/\\\/diariofemenino.com.ar\\\/df\\\/#organization\"},\"image\":{\"@id\":\"https:\\\/\\\/diariofemenino.com.ar\\\/df\\\/espejos-empanados\\\/#primaryimage\"},\"thumbnailUrl\":\"https:\\\/\\\/diariofemenino.com.ar\\\/df\\\/wp-content\\\/uploads\\\/2023\\\/10\\\/WhatsApp-Image-2023-10-09-at-16.45.14-1.jpeg\",\"keywords\":[\"abandono\",\"Adriana Pedrolo\",\"afectos\",\"burla\",\"Destacada\",\"Emociones\",\"Personas\",\"realidad social\",\"responsabilidad\",\"Salud Mental\",\"Sociedad\"],\"articleSection\":[\"Art\u00edculos y Comunicados\",\"De la Revoluci\u00f3n al Reaprendizaje\",\"G\u00e9nero y Derechos Humanos\",\"Noticias\",\"Salud\",\"Violencias\"],\"inLanguage\":\"es\",\"potentialAction\":[{\"@type\":\"CommentAction\",\"name\":\"Comment\",\"target\":[\"https:\\\/\\\/diariofemenino.com.ar\\\/df\\\/espejos-empanados\\\/#respond\"]}]},{\"@type\":\"WebPage\",\"@id\":\"https:\\\/\\\/diariofemenino.com.ar\\\/df\\\/espejos-empanados\\\/\",\"url\":\"https:\\\/\\\/diariofemenino.com.ar\\\/df\\\/espejos-empanados\\\/\",\"name\":\"Espejos empa\u00f1ados - Diario Digital Femenino\",\"isPartOf\":{\"@id\":\"https:\\\/\\\/diariofemenino.com.ar\\\/df\\\/#website\"},\"primaryImageOfPage\":{\"@id\":\"https:\\\/\\\/diariofemenino.com.ar\\\/df\\\/espejos-empanados\\\/#primaryimage\"},\"image\":{\"@id\":\"https:\\\/\\\/diariofemenino.com.ar\\\/df\\\/espejos-empanados\\\/#primaryimage\"},\"thumbnailUrl\":\"https:\\\/\\\/diariofemenino.com.ar\\\/df\\\/wp-content\\\/uploads\\\/2023\\\/10\\\/WhatsApp-Image-2023-10-09-at-16.45.14-1.jpeg\",\"datePublished\":\"2023-10-10T12:12:06+00:00\",\"breadcrumb\":{\"@id\":\"https:\\\/\\\/diariofemenino.com.ar\\\/df\\\/espejos-empanados\\\/#breadcrumb\"},\"inLanguage\":\"es\",\"potentialAction\":[{\"@type\":\"ReadAction\",\"target\":[\"https:\\\/\\\/diariofemenino.com.ar\\\/df\\\/espejos-empanados\\\/\"]}]},{\"@type\":\"ImageObject\",\"inLanguage\":\"es\",\"@id\":\"https:\\\/\\\/diariofemenino.com.ar\\\/df\\\/espejos-empanados\\\/#primaryimage\",\"url\":\"https:\\\/\\\/diariofemenino.com.ar\\\/df\\\/wp-content\\\/uploads\\\/2023\\\/10\\\/WhatsApp-Image-2023-10-09-at-16.45.14-1.jpeg\",\"contentUrl\":\"https:\\\/\\\/diariofemenino.com.ar\\\/df\\\/wp-content\\\/uploads\\\/2023\\\/10\\\/WhatsApp-Image-2023-10-09-at-16.45.14-1.jpeg\",\"width\":1500,\"height\":1264,\"caption\":\"Espejos empa\u00f1ados\"},{\"@type\":\"BreadcrumbList\",\"@id\":\"https:\\\/\\\/diariofemenino.com.ar\\\/df\\\/espejos-empanados\\\/#breadcrumb\",\"itemListElement\":[{\"@type\":\"ListItem\",\"position\":1,\"name\":\"Portada\",\"item\":\"https:\\\/\\\/diariofemenino.com.ar\\\/df\\\/\"},{\"@type\":\"ListItem\",\"position\":2,\"name\":\"Espejos empa\u00f1ados\"}]},{\"@type\":\"WebSite\",\"@id\":\"https:\\\/\\\/diariofemenino.com.ar\\\/df\\\/#website\",\"url\":\"https:\\\/\\\/diariofemenino.com.ar\\\/df\\\/\",\"name\":\"Diario Digital Femenino\",\"description\":\"Cuesti\u00f3n de G\u00e9nero\",\"publisher\":{\"@id\":\"https:\\\/\\\/diariofemenino.com.ar\\\/df\\\/#organization\"},\"potentialAction\":[{\"@type\":\"SearchAction\",\"target\":{\"@type\":\"EntryPoint\",\"urlTemplate\":\"https:\\\/\\\/diariofemenino.com.ar\\\/df\\\/?s={search_term_string}\"},\"query-input\":{\"@type\":\"PropertyValueSpecification\",\"valueRequired\":true,\"valueName\":\"search_term_string\"}}],\"inLanguage\":\"es\"},{\"@type\":\"Organization\",\"@id\":\"https:\\\/\\\/diariofemenino.com.ar\\\/df\\\/#organization\",\"name\":\"Diario Femenino\",\"url\":\"https:\\\/\\\/diariofemenino.com.ar\\\/df\\\/\",\"logo\":{\"@type\":\"ImageObject\",\"inLanguage\":\"es\",\"@id\":\"https:\\\/\\\/diariofemenino.com.ar\\\/df\\\/#\\\/schema\\\/logo\\\/image\\\/\",\"url\":\"https:\\\/\\\/diariofemenino.com.ar\\\/df\\\/wp-content\\\/uploads\\\/2018\\\/10\\\/logo.png\",\"contentUrl\":\"https:\\\/\\\/diariofemenino.com.ar\\\/df\\\/wp-content\\\/uploads\\\/2018\\\/10\\\/logo.png\",\"width\":500,\"height\":92,\"caption\":\"Diario Femenino\"},\"image\":{\"@id\":\"https:\\\/\\\/diariofemenino.com.ar\\\/df\\\/#\\\/schema\\\/logo\\\/image\\\/\"},\"sameAs\":[\"https:\\\/\\\/www.facebook.com\\\/DiarioDigitaFemenino\\\/\",\"https:\\\/\\\/x.com\\\/DiarioFemenino1\"]},{\"@type\":\"Person\",\"@id\":\"https:\\\/\\\/diariofemenino.com.ar\\\/df\\\/#\\\/schema\\\/person\\\/bf6199e8158c657ea6f789b11ec85509\",\"name\":\"Admin\",\"image\":{\"@type\":\"ImageObject\",\"inLanguage\":\"es\",\"@id\":\"https:\\\/\\\/diariofemenino.com.ar\\\/df\\\/wp-content\\\/uploads\\\/2018\\\/12\\\/favicon-150x150.jpg\",\"url\":\"https:\\\/\\\/diariofemenino.com.ar\\\/df\\\/wp-content\\\/uploads\\\/2018\\\/12\\\/favicon-150x150.jpg\",\"contentUrl\":\"https:\\\/\\\/diariofemenino.com.ar\\\/df\\\/wp-content\\\/uploads\\\/2018\\\/12\\\/favicon-150x150.jpg\",\"caption\":\"Admin\"},\"url\":\"https:\\\/\\\/diariofemenino.com.ar\\\/df\\\/author\\\/lenny\\\/\"}]}<\/script>\n<!-- \/ Yoast SEO plugin. -->","yoast_head_json":{"title":"Espejos empa\u00f1ados - Diario Digital Femenino","robots":{"index":"index","follow":"follow","max-snippet":"max-snippet:-1","max-image-preview":"max-image-preview:large","max-video-preview":"max-video-preview:-1"},"canonical":"https:\/\/diariofemenino.com.ar\/df\/espejos-empanados\/","og_locale":"es_ES","og_type":"article","og_title":"Espejos empa\u00f1ados - Diario Digital Femenino","og_description":"10 de octubre\u00a0D\u00eda Mundial de la Salud Mental Espejos empa\u00f1ados Por\u00a0Adriana Pedrolo* para\u00a0Diario Digital Femenino Dicen que todo tiene un costo en esta vida, que vivir gasta y que, aqu\u00ed o all\u00e1, todos pagamos. \u00bfCu\u00e1nto habr\u00e1 pagado el loco de la esquina? \u00c9l, que camina chuequito por el medio del asfalto, pele\u00e1ndose con un enemigo [&hellip;]","og_url":"https:\/\/diariofemenino.com.ar\/df\/espejos-empanados\/","og_site_name":"Diario Digital Femenino","article_publisher":"https:\/\/www.facebook.com\/DiarioDigitaFemenino\/","article_published_time":"2023-10-10T12:12:06+00:00","og_image":[{"width":1500,"height":1264,"url":"https:\/\/diariofemenino.com.ar\/df\/wp-content\/uploads\/2023\/10\/WhatsApp-Image-2023-10-09-at-16.45.14-1.jpeg","type":"image\/jpeg"}],"author":"Admin","twitter_card":"summary_large_image","twitter_creator":"@DiarioFemenino1","twitter_site":"@DiarioFemenino1","twitter_misc":{"Escrito por":"Admin","Tiempo de lectura":"4 minutos"},"schema":{"@context":"https:\/\/schema.org","@graph":[{"@type":"Article","@id":"https:\/\/diariofemenino.com.ar\/df\/espejos-empanados\/#article","isPartOf":{"@id":"https:\/\/diariofemenino.com.ar\/df\/espejos-empanados\/"},"author":{"name":"Admin","@id":"https:\/\/diariofemenino.com.ar\/df\/#\/schema\/person\/bf6199e8158c657ea6f789b11ec85509"},"headline":"Espejos empa\u00f1ados","datePublished":"2023-10-10T12:12:06+00:00","mainEntityOfPage":{"@id":"https:\/\/diariofemenino.com.ar\/df\/espejos-empanados\/"},"wordCount":763,"commentCount":0,"publisher":{"@id":"https:\/\/diariofemenino.com.ar\/df\/#organization"},"image":{"@id":"https:\/\/diariofemenino.com.ar\/df\/espejos-empanados\/#primaryimage"},"thumbnailUrl":"https:\/\/diariofemenino.com.ar\/df\/wp-content\/uploads\/2023\/10\/WhatsApp-Image-2023-10-09-at-16.45.14-1.jpeg","keywords":["abandono","Adriana Pedrolo","afectos","burla","Destacada","Emociones","Personas","realidad social","responsabilidad","Salud Mental","Sociedad"],"articleSection":["Art\u00edculos y Comunicados","De la Revoluci\u00f3n al Reaprendizaje","G\u00e9nero y Derechos Humanos","Noticias","Salud","Violencias"],"inLanguage":"es","potentialAction":[{"@type":"CommentAction","name":"Comment","target":["https:\/\/diariofemenino.com.ar\/df\/espejos-empanados\/#respond"]}]},{"@type":"WebPage","@id":"https:\/\/diariofemenino.com.ar\/df\/espejos-empanados\/","url":"https:\/\/diariofemenino.com.ar\/df\/espejos-empanados\/","name":"Espejos empa\u00f1ados - Diario Digital Femenino","isPartOf":{"@id":"https:\/\/diariofemenino.com.ar\/df\/#website"},"primaryImageOfPage":{"@id":"https:\/\/diariofemenino.com.ar\/df\/espejos-empanados\/#primaryimage"},"image":{"@id":"https:\/\/diariofemenino.com.ar\/df\/espejos-empanados\/#primaryimage"},"thumbnailUrl":"https:\/\/diariofemenino.com.ar\/df\/wp-content\/uploads\/2023\/10\/WhatsApp-Image-2023-10-09-at-16.45.14-1.jpeg","datePublished":"2023-10-10T12:12:06+00:00","breadcrumb":{"@id":"https:\/\/diariofemenino.com.ar\/df\/espejos-empanados\/#breadcrumb"},"inLanguage":"es","potentialAction":[{"@type":"ReadAction","target":["https:\/\/diariofemenino.com.ar\/df\/espejos-empanados\/"]}]},{"@type":"ImageObject","inLanguage":"es","@id":"https:\/\/diariofemenino.com.ar\/df\/espejos-empanados\/#primaryimage","url":"https:\/\/diariofemenino.com.ar\/df\/wp-content\/uploads\/2023\/10\/WhatsApp-Image-2023-10-09-at-16.45.14-1.jpeg","contentUrl":"https:\/\/diariofemenino.com.ar\/df\/wp-content\/uploads\/2023\/10\/WhatsApp-Image-2023-10-09-at-16.45.14-1.jpeg","width":1500,"height":1264,"caption":"Espejos empa\u00f1ados"},{"@type":"BreadcrumbList","@id":"https:\/\/diariofemenino.com.ar\/df\/espejos-empanados\/#breadcrumb","itemListElement":[{"@type":"ListItem","position":1,"name":"Portada","item":"https:\/\/diariofemenino.com.ar\/df\/"},{"@type":"ListItem","position":2,"name":"Espejos empa\u00f1ados"}]},{"@type":"WebSite","@id":"https:\/\/diariofemenino.com.ar\/df\/#website","url":"https:\/\/diariofemenino.com.ar\/df\/","name":"Diario Digital Femenino","description":"Cuesti\u00f3n de G\u00e9nero","publisher":{"@id":"https:\/\/diariofemenino.com.ar\/df\/#organization"},"potentialAction":[{"@type":"SearchAction","target":{"@type":"EntryPoint","urlTemplate":"https:\/\/diariofemenino.com.ar\/df\/?s={search_term_string}"},"query-input":{"@type":"PropertyValueSpecification","valueRequired":true,"valueName":"search_term_string"}}],"inLanguage":"es"},{"@type":"Organization","@id":"https:\/\/diariofemenino.com.ar\/df\/#organization","name":"Diario Femenino","url":"https:\/\/diariofemenino.com.ar\/df\/","logo":{"@type":"ImageObject","inLanguage":"es","@id":"https:\/\/diariofemenino.com.ar\/df\/#\/schema\/logo\/image\/","url":"https:\/\/diariofemenino.com.ar\/df\/wp-content\/uploads\/2018\/10\/logo.png","contentUrl":"https:\/\/diariofemenino.com.ar\/df\/wp-content\/uploads\/2018\/10\/logo.png","width":500,"height":92,"caption":"Diario Femenino"},"image":{"@id":"https:\/\/diariofemenino.com.ar\/df\/#\/schema\/logo\/image\/"},"sameAs":["https:\/\/www.facebook.com\/DiarioDigitaFemenino\/","https:\/\/x.com\/DiarioFemenino1"]},{"@type":"Person","@id":"https:\/\/diariofemenino.com.ar\/df\/#\/schema\/person\/bf6199e8158c657ea6f789b11ec85509","name":"Admin","image":{"@type":"ImageObject","inLanguage":"es","@id":"https:\/\/diariofemenino.com.ar\/df\/wp-content\/uploads\/2018\/12\/favicon-150x150.jpg","url":"https:\/\/diariofemenino.com.ar\/df\/wp-content\/uploads\/2018\/12\/favicon-150x150.jpg","contentUrl":"https:\/\/diariofemenino.com.ar\/df\/wp-content\/uploads\/2018\/12\/favicon-150x150.jpg","caption":"Admin"},"url":"https:\/\/diariofemenino.com.ar\/df\/author\/lenny\/"}]}},"jetpack_featured_media_url":"https:\/\/diariofemenino.com.ar\/df\/wp-content\/uploads\/2023\/10\/WhatsApp-Image-2023-10-09-at-16.45.14-1.jpeg","jetpack_sharing_enabled":true,"rttpg_featured_image_url":{"full":["https:\/\/diariofemenino.com.ar\/df\/wp-content\/uploads\/2023\/10\/WhatsApp-Image-2023-10-09-at-16.45.14-1.jpeg",1500,1264,false],"landscape":["https:\/\/diariofemenino.com.ar\/df\/wp-content\/uploads\/2023\/10\/WhatsApp-Image-2023-10-09-at-16.45.14-1.jpeg",1500,1264,false],"portraits":["https:\/\/diariofemenino.com.ar\/df\/wp-content\/uploads\/2023\/10\/WhatsApp-Image-2023-10-09-at-16.45.14-1.jpeg",1500,1264,false],"thumbnail":["https:\/\/diariofemenino.com.ar\/df\/wp-content\/uploads\/2023\/10\/WhatsApp-Image-2023-10-09-at-16.45.14-1-150x150.jpeg",150,150,true],"medium":["https:\/\/diariofemenino.com.ar\/df\/wp-content\/uploads\/2023\/10\/WhatsApp-Image-2023-10-09-at-16.45.14-1-300x253.jpeg",300,253,true],"large":["https:\/\/diariofemenino.com.ar\/df\/wp-content\/uploads\/2023\/10\/WhatsApp-Image-2023-10-09-at-16.45.14-1-1024x863.jpeg",1024,863,true],"1536x1536":["https:\/\/diariofemenino.com.ar\/df\/wp-content\/uploads\/2023\/10\/WhatsApp-Image-2023-10-09-at-16.45.14-1.jpeg",1500,1264,false],"2048x2048":["https:\/\/diariofemenino.com.ar\/df\/wp-content\/uploads\/2023\/10\/WhatsApp-Image-2023-10-09-at-16.45.14-1.jpeg",1500,1264,false]},"rttpg_author":{"display_name":"Admin","author_link":"https:\/\/diariofemenino.com.ar\/df\/author\/lenny\/"},"rttpg_comment":0,"rttpg_category":"<a href=\"https:\/\/diariofemenino.com.ar\/df\/category\/articulos-y-comunicados\/\" rel=\"category tag\">Art\u00edculos y Comunicados<\/a> <a href=\"https:\/\/diariofemenino.com.ar\/df\/category\/de-la-revolucion-al-reaprendizaje\/\" rel=\"category tag\">De la Revoluci\u00f3n al Reaprendizaje<\/a> <a href=\"https:\/\/diariofemenino.com.ar\/df\/category\/genero-y-derechos-humanos\/\" rel=\"category tag\">G\u00e9nero y Derechos Humanos<\/a> <a href=\"https:\/\/diariofemenino.com.ar\/df\/category\/noticias\/\" rel=\"category tag\">Noticias<\/a> <a href=\"https:\/\/diariofemenino.com.ar\/df\/category\/salud\/\" rel=\"category tag\">Salud<\/a> <a href=\"https:\/\/diariofemenino.com.ar\/df\/category\/violencias\/\" rel=\"category tag\">Violencias<\/a>","rttpg_excerpt":"10 de octubre\u00a0D\u00eda Mundial de la Salud Mental Espejos empa\u00f1ados Por\u00a0Adriana Pedrolo* para\u00a0Diario Digital Femenino Dicen que todo tiene un costo en esta vida, que vivir gasta y que, aqu\u00ed o all\u00e1, todos pagamos. \u00bfCu\u00e1nto habr\u00e1 pagado el loco de la esquina? \u00c9l, que camina chuequito por el medio del asfalto, pele\u00e1ndose con un enemigo&hellip;","_links":{"self":[{"href":"https:\/\/diariofemenino.com.ar\/df\/wp-json\/wp\/v2\/posts\/71503","targetHints":{"allow":["GET"]}}],"collection":[{"href":"https:\/\/diariofemenino.com.ar\/df\/wp-json\/wp\/v2\/posts"}],"about":[{"href":"https:\/\/diariofemenino.com.ar\/df\/wp-json\/wp\/v2\/types\/post"}],"author":[{"embeddable":true,"href":"https:\/\/diariofemenino.com.ar\/df\/wp-json\/wp\/v2\/users\/4"}],"replies":[{"embeddable":true,"href":"https:\/\/diariofemenino.com.ar\/df\/wp-json\/wp\/v2\/comments?post=71503"}],"version-history":[{"count":0,"href":"https:\/\/diariofemenino.com.ar\/df\/wp-json\/wp\/v2\/posts\/71503\/revisions"}],"wp:featuredmedia":[{"embeddable":true,"href":"https:\/\/diariofemenino.com.ar\/df\/wp-json\/wp\/v2\/media\/71505"}],"wp:attachment":[{"href":"https:\/\/diariofemenino.com.ar\/df\/wp-json\/wp\/v2\/media?parent=71503"}],"wp:term":[{"taxonomy":"category","embeddable":true,"href":"https:\/\/diariofemenino.com.ar\/df\/wp-json\/wp\/v2\/categories?post=71503"},{"taxonomy":"post_tag","embeddable":true,"href":"https:\/\/diariofemenino.com.ar\/df\/wp-json\/wp\/v2\/tags?post=71503"}],"curies":[{"name":"wp","href":"https:\/\/api.w.org\/{rel}","templated":true}]}}