{"id":71384,"date":"2023-09-21T10:53:22","date_gmt":"2023-09-21T13:53:22","guid":{"rendered":"https:\/\/diariofemenino.com.ar\/df\/?p=71384"},"modified":"2023-09-21T11:14:14","modified_gmt":"2023-09-21T14:14:14","slug":"deudor-alimentario-al-veraz","status":"publish","type":"post","link":"https:\/\/diariofemenino.com.ar\/df\/deudor-alimentario-al-veraz\/","title":{"rendered":"Deudor alimentario al veraz"},"content":{"rendered":"<p>Se ordena inscripci\u00f3n en la central de deudores financieros, Registro de Deudores Alimentarios Morosos, el secuestro de la licencia y prohibici\u00f3n de conducir para el deudor alimentario.<br \/>\n<strong>A., L. B. C\/ C., L. N. S\/INCIDENTE DE ALIMENTOS. <\/strong>Juzgado de Paz de Daireaux, 19\/09\/2023. Juez interviniente Pablo Javier Heredia.<\/p>\n<p>Por\u00a0<strong><a href=\"https:\/\/diariofemenino.com.ar\/df\/?s=Fallo\">Erica P\u00e9rez<\/a>*<br \/>\n<\/strong>para<a href=\"https:\/\/www.instagram.com\/diariodigitalfemenino_\/\"><strong>\u00a0Diario Digital Femenino<\/strong><\/a><\/p>\n<blockquote><p>Descarga el fallo completo:\u00a0<a href=\"https:\/\/diariofemenino.com.ar\/df\/wp-content\/uploads\/2023\/09\/FALLO-JUZGADO-DE-PAZ-DAIREAUX.docx\">aqu\u00ed<\/a><\/p><\/blockquote>\n<p><strong>I.- Resumen de los hechos:<\/strong><\/p>\n<p>Atento lo peticionado, la falta de cumplimiento de la cuota de alimentos y lo dispuesto en los Art. 553, 706, 709 y concordantes del CCyC, <strong>corresponde adoptar las medidas tendientes a garantizar la percepci\u00f3n de la misma. <\/strong>Ello en el entendimiento que dichos incumplimientos derivan en la existencia de violencia econ\u00f3mica a la luz de lo dispuesto por Ley 26485.<\/p>\n<p>Frente a la existencia de situaciones de violencia &#8211; en este caso econ\u00f3mica &#8211; existe un mandato expreso de protecci\u00f3n impuesto al Estado por todos los instrumentos legales que establecen obligaciones frente a las v\u00edctimas de este tipo de violencia, que requieren de un especial cuidado y efectiva protecci\u00f3n<strong>.<\/strong><strong>[1]<\/strong><\/p>\n<p><strong>II.- La violencia econ\u00f3mica, patrimonial y la adopci\u00f3n de medidas adecuadas.<\/strong><\/p>\n<p>La ley 24.632, Convenci\u00f3n Bel\u00e9m do Par\u00e1, tiene como objetivos centrales: prevenir, sancionar, reparar y garantizar la no repetici\u00f3n. Sancionar, reparar y garantizar la no repetici\u00f3n son sin dudas obligaciones inherentes al poder judicial.<\/p>\n<p>Esto se enmarca dentro de las obligaciones internacionales asumidas por el estado en los distintos pactos de derechos humanos oportunamente aprobados, patentizando el deber del Estado de actuar con la debida diligencia reforzada, y aplicando perspectiva de g\u00e9nero.<\/p>\n<p>La conducta del accionado se encuadra en el estereotipo del Art. 5\u00b0,inc. c) de la Ley 26.485 (Violencia Econ\u00f3mica) esto es, la limitaci\u00f3n de los recursos econ\u00f3micos destinados a satisfacer sus necesidades o privaci\u00f3n de los medios indispensables para vivir una vida digna.<\/p>\n<p>Siguiendo los lineamientos expuestos por la <strong>Dra. Claudia Portillo <\/strong>\u201cEs esto de trascendental importancia, ya que la violencia econ\u00f3mica y patrimonial contra la mujer, ejercida por medio de la falta de pago de alimentos, resulta una pr\u00e1ctica com\u00fan que tiene por objeto controlar, aprovecharse de su rol de cuidadoras, obstruir su desarrollo social y laboral, castigarlas por haber efectuado la denuncia u <strong>obligarlas a desistir <\/strong>de ella, destacando que en muchas oportunidades la falta de recursos y de seguridad econ\u00f3mica es lo que determina el sostenimiento de una denuncia.<\/p>\n<p>En ese contexto, son pasibles las sanciones por incumplimiento, pero <strong>a su vez la necesaria conminaci\u00f3n a la reflexi\u00f3n de las conductas acaecidas.<\/strong> Dejar pasar estos incumplimientos ser\u00edan una clara invitaci\u00f3n a que esa conducta persista, contrariando lo dispuesto en las Leyes 26485, 27.499 (Ley Micaela), y la resoluci\u00f3n General 35 de Comit\u00e9 de la CEDAW, que en su p\u00e1rrafo 24.2 establece que el hecho de que un Estado parte no adopte todas las medidas adecuadas para prevenir los actos de violencia por raz\u00f3n de g\u00e9nero contra la mujer en los casos en que sus autoridades tengan conocimiento o deban ser conscientes del riesgo de dicha violencia, o el hecho de que no se investigue, enjuicie y castigue a los autores ni ofrezca reparaci\u00f3n a las v\u00edctimas y supervivientes de estos actos, constituye un permiso t\u00e1cito o una incitaci\u00f3n a cometer actos de violencia por raz\u00f3n de g\u00e9nero contra la mujer.<\/p>\n<p><strong>III.- Corresponde adoptar una medida que le impida operar dentro del sistema financiero nacional.<\/strong><\/p>\n<p>En relaci\u00f3n con el Art. 553, se ha dicho al efecto que la disposici\u00f3n opera a la manera de cierre del plexo normativo orientado a la eficacia de la sentencia de alimentos. Se trata de una norma abierta que faculta al juez para disponer <strong>\u201cmedidas razonables\u201d <\/strong>para asegurar el cumplimiento de lo fijado en la sentencia. Esta disposici\u00f3n tiene su fuente en el derecho comparado, y tambi\u00e9n en las experiencias de las legislaciones provinciales, los aportes de la doctrina y alguna jurisprudencia que la despoj\u00f3 de las r\u00edgidas estructuras procesales y se anim\u00f3 a implementar estrategias m\u00e1s creativas.<strong>[2]<\/strong><\/p>\n<p>Consecuentemente, adem\u00e1s de lo peticionado, como medida para compeler al deudor alimentario remiso al cumplimiento de sus obligaciones, <strong>corresponde adoptar la presente medida que le impida al mismo operar dentro del sistema financiero nacional,<\/strong> contratar servicios financieros, pr\u00e9stamos, cheques, cr\u00e9ditos, tarjetas de cr\u00e9ditos y a su vez exponerlo como deudor frente al sistema, para prevenir a las entidades financieras de su comportamiento, <strong>por lo que cabe ordenar su inscripci\u00f3n en la Central de deudores del Sistema Financiero<\/strong> la cual funciona bajo la orbital del <strong>Banco Central de la Rep\u00fablica Argentina<\/strong>, en la m\u00e1xima categor\u00eda de riesgo.<\/p>\n<p>Por tanto, frente al incumplimiento a la cuota alimentaria corresponde la adopci\u00f3n de las siguientes medidas tendientes no solo a garantizar el pago de lo adeudado, sino adem\u00e1s a <strong>generar los cambios necesarios en la conducta del deudor alimentario <\/strong>para evitar nuevos incumplimientos.<\/p>\n<figure id=\"attachment_71386\" aria-describedby=\"caption-attachment-71386\" style=\"width: 651px\" class=\"wp-caption aligncenter\"><img loading=\"lazy\" decoding=\"async\" class=\" wp-image-71386\" src=\"https:\/\/diariofemenino.com.ar\/df\/wp-content\/uploads\/2023\/09\/veraz-informejpg-1024x576.jpg\" alt=\"Deudor alimentario al veraz\" width=\"651\" height=\"366\" srcset=\"https:\/\/diariofemenino.com.ar\/df\/wp-content\/uploads\/2023\/09\/veraz-informejpg-1024x576.jpg 1024w, https:\/\/diariofemenino.com.ar\/df\/wp-content\/uploads\/2023\/09\/veraz-informejpg-300x169.jpg 300w, https:\/\/diariofemenino.com.ar\/df\/wp-content\/uploads\/2023\/09\/veraz-informejpg-768x432.jpg 768w, https:\/\/diariofemenino.com.ar\/df\/wp-content\/uploads\/2023\/09\/veraz-informejpg.jpg 1200w\" sizes=\"auto, (max-width: 651px) 100vw, 651px\" \/><figcaption id=\"caption-attachment-71386\" class=\"wp-caption-text\">Deudor alimentario al veraz<\/figcaption><\/figure>\n<p>Se ordena: <strong>1)<\/strong> L\u00edbrese oficio a los fines de inscribir al Sr.<strong> C. L. N.<\/strong> por ante el <strong>Registro de Deudores Alimentarios Morosos<\/strong>, conforme lo normado en el Art. 3\u00ba de la Ley 13.074 y arts. 550, 553 y 670 del C.C. y C. <strong>2)<\/strong> Ordenar el <strong>secuestro de la licencia de conducir<\/strong> del alimentante <strong>C. L. N.<\/strong> a cuyo fin l\u00edbrese oficio a la Estaci\u00f3n de Polic\u00eda Comunal, con car\u00e1cter de urgente tr\u00e1mite, autoriz\u00e1ndose el auxilio de la fuerza p\u00fablica y la facultad de allanar en caso de resistencia al ingreso al domicilio (Art. 153 del CPCC).\u00a0 Sin perjuicio del resultado de dicha medida, disp\u00f3nese la <strong>prohibici\u00f3n de conducir veh\u00edculos <\/strong>respecto del alimentante<strong> hasta tanto se regularice la deuda alimentaria <\/strong>y se garantice y\/o afiance el pago de los alimentos futuros, lo que deber\u00e1 ser comunicado a las autoridades Policiales y Municipales (Polic\u00eda Comunal, Oficina de Transito, guardia Urbana y gendarmer\u00eda), a fin de que tomen conocimiento. <strong>3)<\/strong> Ordenase la inscripci\u00f3n del Sr. <strong>C. L. N.<\/strong> en la <strong>Central de deudores del Sistema Financiero<\/strong> la cual funciona bajo la orbital del <strong>Banco Central de la Rep\u00fablica Argentina<\/strong>, en la <strong>m\u00e1xima categor\u00eda de riesgo<\/strong> crediticio hasta tanto exista resoluci\u00f3n judicial en contrario.<\/p>\n<p><strong>IV.- A modo de conclusi\u00f3n: <\/strong><\/p>\n<p>El presente fallo se analiza bajo la perspectiva de g\u00e9nero, pero adem\u00e1s de ni\u00f1ez, comprendiendo que toda negaci\u00f3n de alimentos, o de recursos corresponde a violencia econ\u00f3mica, la cual repercute de manera directa en el bienestar de ni\u00f1as, ni\u00f1os y adolescentes y act\u00faa como expresa el magistrado como una pr\u00e1ctica com\u00fan de control que se emplea para obligar a desistir de los procesos por ante la falta de recursos de quien debe sostener un procedimiento judicial.<\/p>\n<p>Que con respecto a la medida <strong>el juez Pablo Javier Heredia a expresado<\/strong>, \u201cbajo la premisa de hacer efectivo el principio de la tutela judicial efectiva y de la eficacia judicial, dispusimos una resoluci\u00f3n que ordena inscribir a un deudor alimentario ante el sistema de informaci\u00f3n de riesgo crediticio que funciona bajo la \u00f3rbita del Banco Central de la Rep\u00fablica Argentina. Ello conlleva que la persona <strong>adem\u00e1s de no poder operar<\/strong> dentro del sistema financiero formal <strong>quede a su vez expuesto como deudor ante el Veraz.<\/strong><\/p>\n<p>Desde hace varios a\u00f1os, junto a los equipos de trabajo de los juzgados de Paz de Daireaux y de General La Madrid (a mi cargo por subrogancia desde hace 5 a\u00f1os) venimos trabajando en la innovaci\u00f3n de medidas coercitivas tendientes al pago de la cuota alimentaria. Partiendo que el derecho a la alimentaci\u00f3n es un derecho humano fundamental, <strong>los operadores judiciales no podemos quedarnos inertes frente a su incumplimiento.<\/strong><\/p>\n<p>Al respecto desde ambos juzgados venimos resolviendo distintas medidas como por ejemplo el secuestro del carnet de conducir, la prohibici\u00f3n de conducir veh\u00edculos, la aplicaci\u00f3n de tareas comunitarias, prohibici\u00f3n de participar de un campeonato de f\u00fatbol, la inclusi\u00f3n del deudor alimentario dentro dispositivos que aborden las masculinidades en violencia; e incluso hemos avanzado con medidas similares hacia aquellos empleadores que act\u00faen en connivencia con el deudor alimentario para evadir sus obligaciones por considerarlos c\u00f3mplices del ejercicio de la violencia econ\u00f3mica.<\/p>\n<p>Nos ha tocado en esta oportunidad <strong>emitir el primer fallo relativo a la inscripci\u00f3n del deudor alimentario ante el BCRA<\/strong> y esperamos no sea el \u00faltimo que se emita en la materia. Ahora bien, la innovaci\u00f3n es una condici\u00f3n subjetiva del operador que bien puede ser estimulada por los dem\u00e1s actores que participan del proceso. De ah\u00ed <strong>la invitaci\u00f3n para que esta u otras ideas innovadoras sean impulsadas por todos los operadores <\/strong>\u2013 abogados, asesores de incapaces, partes, efectores estatales, etc \u2013 de manera tal de lograr la finalidad deseada y <strong>terminar entre todos con este flagelo social.<\/strong>\u201d<\/p>\n<p><strong>(*)\u00a0<\/strong>Abogada egresada de la UBA.\u00a0<a href=\"https:\/\/blog-ericaperez.blogspot.com\/\">https:\/\/blog-ericaperez.blogspot.com\/<\/a><\/p>\n<p><strong>Referencias bibliogr\u00e1ficas:<\/strong><\/p>\n<p>[1] (Ley 26.485, CADH; CEDAW; Convenci\u00f3n de Bel\u00e9m do Par\u00e1, Ley 12.569).<\/p>\n<p>[2] (C\u00f3digo Civil y Comercial de la Naci\u00f3n Comentado, directores Marisa Herrera, Gustavo Caramelo y Sebasti\u00e1n Picasso; Infojus, T\u00ba II p 271).<\/p>\n<p>&nbsp;<\/p>\n<blockquote><p>Seguinos en Instagram\u00a0<a href=\"https:\/\/www.instagram.com\/diariodigitalfemenino_\/\">@diariodigitalfemenino_<\/a><\/p><\/blockquote>\n","protected":false},"excerpt":{"rendered":"<p>Se ordena inscripci\u00f3n en la central de deudores financieros, Registro de Deudores Alimentarios Morosos, el secuestro de la licencia y prohibici\u00f3n de conducir para el deudor alimentario. A., L. B. C\/ C., L. N. S\/INCIDENTE DE ALIMENTOS. Juzgado de Paz de Daireaux, 19\/09\/2023. Juez interviniente Pablo Javier Heredia. Por\u00a0Erica P\u00e9rez* para\u00a0Diario Digital Femenino Descarga el [&hellip;]<\/p>\n","protected":false},"author":4,"featured_media":71385,"comment_status":"open","ping_status":"open","sticky":false,"template":"","format":"standard","meta":{"iawp_total_views":66,"footnotes":""},"categories":[1067,178,627,32,21,592],"tags":[397,124,891,4295,130,54,1525,188,173],"class_list":["post-71384","post","type-post","status-publish","format-standard","has-post-thumbnail","hentry","category-agenda-feminista","category-articulos-y-comunicados","category-genero-y-derechos-humanos","category-mujeres","category-noticias","category-violencias","tag-derechos","tag-adolescentes","tag-cuota-alimentaria","tag-deudor-alimentario","tag-mujeres","tag-ninas","tag-ninos","tag-perspectiva-de-genero","tag-violencia-economica"],"nelio_content":{"autoShareEndMode":"never","automationSources":{"useCustomSentences":false,"customSentences":[]},"efiAlt":"","efiUrl":"","followers":[4],"highlights":[],"isAutoShareEnabled":true,"networkImageIds":[],"permalinkQueryArgs":[],"series":[],"suggestedReferences":[]},"yoast_head":"<!-- This site is optimized with the Yoast SEO plugin v27.5 - https:\/\/yoast.com\/product\/yoast-seo-wordpress\/ -->\n<title>Deudor alimentario al veraz - Diario Digital Femenino<\/title>\n<meta name=\"description\" content=\"Deudor alimentario. Se ordena inscripci\u00f3n en la central de deudores financieros, Registro de Deudores Alimentarios Morosos.\" \/>\n<meta name=\"robots\" content=\"index, follow, max-snippet:-1, max-image-preview:large, max-video-preview:-1\" \/>\n<link rel=\"canonical\" href=\"https:\/\/diariofemenino.com.ar\/df\/deudor-alimentario-al-veraz\/\" \/>\n<meta property=\"og:locale\" content=\"es_ES\" \/>\n<meta property=\"og:type\" content=\"article\" \/>\n<meta property=\"og:title\" content=\"Deudor alimentario al veraz - Diario Digital Femenino\" \/>\n<meta property=\"og:description\" content=\"Deudor alimentario. Se ordena inscripci\u00f3n en la central de deudores financieros, Registro de Deudores Alimentarios Morosos.\" \/>\n<meta property=\"og:url\" content=\"https:\/\/diariofemenino.com.ar\/df\/deudor-alimentario-al-veraz\/\" \/>\n<meta property=\"og:site_name\" content=\"Diario Digital Femenino\" \/>\n<meta property=\"article:publisher\" content=\"https:\/\/www.facebook.com\/DiarioDigitaFemenino\/\" \/>\n<meta property=\"article:published_time\" content=\"2023-09-21T13:53:22+00:00\" \/>\n<meta property=\"article:modified_time\" content=\"2023-09-21T14:14:14+00:00\" \/>\n<meta property=\"og:image\" content=\"https:\/\/diariofemenino.com.ar\/df\/wp-content\/uploads\/2023\/09\/707.jpg\" \/>\n\t<meta property=\"og:image:width\" content=\"558\" \/>\n\t<meta property=\"og:image:height\" content=\"316\" \/>\n\t<meta property=\"og:image:type\" content=\"image\/jpeg\" \/>\n<meta name=\"author\" content=\"Admin\" \/>\n<meta name=\"twitter:card\" content=\"summary_large_image\" \/>\n<meta name=\"twitter:creator\" content=\"@DiarioFemenino1\" \/>\n<meta name=\"twitter:site\" content=\"@DiarioFemenino1\" \/>\n<meta name=\"twitter:label1\" content=\"Escrito por\" \/>\n\t<meta name=\"twitter:data1\" content=\"Admin\" \/>\n\t<meta name=\"twitter:label2\" content=\"Tiempo de lectura\" \/>\n\t<meta name=\"twitter:data2\" content=\"7 minutos\" \/>\n<script type=\"application\/ld+json\" class=\"yoast-schema-graph\">{\"@context\":\"https:\\\/\\\/schema.org\",\"@graph\":[{\"@type\":\"Article\",\"@id\":\"https:\\\/\\\/diariofemenino.com.ar\\\/df\\\/deudor-alimentario-al-veraz\\\/#article\",\"isPartOf\":{\"@id\":\"https:\\\/\\\/diariofemenino.com.ar\\\/df\\\/deudor-alimentario-al-veraz\\\/\"},\"author\":{\"name\":\"Admin\",\"@id\":\"https:\\\/\\\/diariofemenino.com.ar\\\/df\\\/#\\\/schema\\\/person\\\/bf6199e8158c657ea6f789b11ec85509\"},\"headline\":\"Deudor alimentario al veraz\",\"datePublished\":\"2023-09-21T13:53:22+00:00\",\"dateModified\":\"2023-09-21T14:14:14+00:00\",\"mainEntityOfPage\":{\"@id\":\"https:\\\/\\\/diariofemenino.com.ar\\\/df\\\/deudor-alimentario-al-veraz\\\/\"},\"wordCount\":1561,\"commentCount\":0,\"publisher\":{\"@id\":\"https:\\\/\\\/diariofemenino.com.ar\\\/df\\\/#organization\"},\"image\":{\"@id\":\"https:\\\/\\\/diariofemenino.com.ar\\\/df\\\/deudor-alimentario-al-veraz\\\/#primaryimage\"},\"thumbnailUrl\":\"https:\\\/\\\/diariofemenino.com.ar\\\/df\\\/wp-content\\\/uploads\\\/2023\\\/09\\\/707.jpg\",\"keywords\":[\"#derechos\",\"Adolescentes\",\"Cuota alimentaria\",\"Deudor alimentario\",\"Mujeres\",\"Ni\u00f1as\",\"Ni\u00f1os\",\"Perspectiva de g\u00e9nero\",\"Violencia econ\u00f3mica\"],\"articleSection\":[\"Agenda Feminista\",\"Art\u00edculos y Comunicados\",\"G\u00e9nero y Derechos Humanos\",\"Mujeres\",\"Noticias\",\"Violencias\"],\"inLanguage\":\"es\",\"potentialAction\":[{\"@type\":\"CommentAction\",\"name\":\"Comment\",\"target\":[\"https:\\\/\\\/diariofemenino.com.ar\\\/df\\\/deudor-alimentario-al-veraz\\\/#respond\"]}]},{\"@type\":\"WebPage\",\"@id\":\"https:\\\/\\\/diariofemenino.com.ar\\\/df\\\/deudor-alimentario-al-veraz\\\/\",\"url\":\"https:\\\/\\\/diariofemenino.com.ar\\\/df\\\/deudor-alimentario-al-veraz\\\/\",\"name\":\"Deudor alimentario al veraz - Diario Digital Femenino\",\"isPartOf\":{\"@id\":\"https:\\\/\\\/diariofemenino.com.ar\\\/df\\\/#website\"},\"primaryImageOfPage\":{\"@id\":\"https:\\\/\\\/diariofemenino.com.ar\\\/df\\\/deudor-alimentario-al-veraz\\\/#primaryimage\"},\"image\":{\"@id\":\"https:\\\/\\\/diariofemenino.com.ar\\\/df\\\/deudor-alimentario-al-veraz\\\/#primaryimage\"},\"thumbnailUrl\":\"https:\\\/\\\/diariofemenino.com.ar\\\/df\\\/wp-content\\\/uploads\\\/2023\\\/09\\\/707.jpg\",\"datePublished\":\"2023-09-21T13:53:22+00:00\",\"dateModified\":\"2023-09-21T14:14:14+00:00\",\"description\":\"Deudor alimentario. Se ordena inscripci\u00f3n en la central de deudores financieros, Registro de Deudores Alimentarios Morosos.\",\"breadcrumb\":{\"@id\":\"https:\\\/\\\/diariofemenino.com.ar\\\/df\\\/deudor-alimentario-al-veraz\\\/#breadcrumb\"},\"inLanguage\":\"es\",\"potentialAction\":[{\"@type\":\"ReadAction\",\"target\":[\"https:\\\/\\\/diariofemenino.com.ar\\\/df\\\/deudor-alimentario-al-veraz\\\/\"]}]},{\"@type\":\"ImageObject\",\"inLanguage\":\"es\",\"@id\":\"https:\\\/\\\/diariofemenino.com.ar\\\/df\\\/deudor-alimentario-al-veraz\\\/#primaryimage\",\"url\":\"https:\\\/\\\/diariofemenino.com.ar\\\/df\\\/wp-content\\\/uploads\\\/2023\\\/09\\\/707.jpg\",\"contentUrl\":\"https:\\\/\\\/diariofemenino.com.ar\\\/df\\\/wp-content\\\/uploads\\\/2023\\\/09\\\/707.jpg\",\"width\":558,\"height\":316,\"caption\":\"Prohibici\u00f3n de ingresar al pa\u00eds por ser deudor alimentario\"},{\"@type\":\"BreadcrumbList\",\"@id\":\"https:\\\/\\\/diariofemenino.com.ar\\\/df\\\/deudor-alimentario-al-veraz\\\/#breadcrumb\",\"itemListElement\":[{\"@type\":\"ListItem\",\"position\":1,\"name\":\"Portada\",\"item\":\"https:\\\/\\\/diariofemenino.com.ar\\\/df\\\/\"},{\"@type\":\"ListItem\",\"position\":2,\"name\":\"Deudor alimentario al veraz\"}]},{\"@type\":\"WebSite\",\"@id\":\"https:\\\/\\\/diariofemenino.com.ar\\\/df\\\/#website\",\"url\":\"https:\\\/\\\/diariofemenino.com.ar\\\/df\\\/\",\"name\":\"Diario Digital Femenino\",\"description\":\"Cuesti\u00f3n de G\u00e9nero\",\"publisher\":{\"@id\":\"https:\\\/\\\/diariofemenino.com.ar\\\/df\\\/#organization\"},\"potentialAction\":[{\"@type\":\"SearchAction\",\"target\":{\"@type\":\"EntryPoint\",\"urlTemplate\":\"https:\\\/\\\/diariofemenino.com.ar\\\/df\\\/?s={search_term_string}\"},\"query-input\":{\"@type\":\"PropertyValueSpecification\",\"valueRequired\":true,\"valueName\":\"search_term_string\"}}],\"inLanguage\":\"es\"},{\"@type\":\"Organization\",\"@id\":\"https:\\\/\\\/diariofemenino.com.ar\\\/df\\\/#organization\",\"name\":\"Diario Femenino\",\"url\":\"https:\\\/\\\/diariofemenino.com.ar\\\/df\\\/\",\"logo\":{\"@type\":\"ImageObject\",\"inLanguage\":\"es\",\"@id\":\"https:\\\/\\\/diariofemenino.com.ar\\\/df\\\/#\\\/schema\\\/logo\\\/image\\\/\",\"url\":\"https:\\\/\\\/diariofemenino.com.ar\\\/df\\\/wp-content\\\/uploads\\\/2018\\\/10\\\/logo.png\",\"contentUrl\":\"https:\\\/\\\/diariofemenino.com.ar\\\/df\\\/wp-content\\\/uploads\\\/2018\\\/10\\\/logo.png\",\"width\":500,\"height\":92,\"caption\":\"Diario Femenino\"},\"image\":{\"@id\":\"https:\\\/\\\/diariofemenino.com.ar\\\/df\\\/#\\\/schema\\\/logo\\\/image\\\/\"},\"sameAs\":[\"https:\\\/\\\/www.facebook.com\\\/DiarioDigitaFemenino\\\/\",\"https:\\\/\\\/x.com\\\/DiarioFemenino1\"]},{\"@type\":\"Person\",\"@id\":\"https:\\\/\\\/diariofemenino.com.ar\\\/df\\\/#\\\/schema\\\/person\\\/bf6199e8158c657ea6f789b11ec85509\",\"name\":\"Admin\",\"image\":{\"@type\":\"ImageObject\",\"inLanguage\":\"es\",\"@id\":\"https:\\\/\\\/diariofemenino.com.ar\\\/df\\\/wp-content\\\/uploads\\\/2018\\\/12\\\/favicon-150x150.jpg\",\"url\":\"https:\\\/\\\/diariofemenino.com.ar\\\/df\\\/wp-content\\\/uploads\\\/2018\\\/12\\\/favicon-150x150.jpg\",\"contentUrl\":\"https:\\\/\\\/diariofemenino.com.ar\\\/df\\\/wp-content\\\/uploads\\\/2018\\\/12\\\/favicon-150x150.jpg\",\"caption\":\"Admin\"},\"url\":\"https:\\\/\\\/diariofemenino.com.ar\\\/df\\\/author\\\/lenny\\\/\"}]}<\/script>\n<!-- \/ Yoast SEO plugin. -->","yoast_head_json":{"title":"Deudor alimentario al veraz - Diario Digital Femenino","description":"Deudor alimentario. Se ordena inscripci\u00f3n en la central de deudores financieros, Registro de Deudores Alimentarios Morosos.","robots":{"index":"index","follow":"follow","max-snippet":"max-snippet:-1","max-image-preview":"max-image-preview:large","max-video-preview":"max-video-preview:-1"},"canonical":"https:\/\/diariofemenino.com.ar\/df\/deudor-alimentario-al-veraz\/","og_locale":"es_ES","og_type":"article","og_title":"Deudor alimentario al veraz - Diario Digital Femenino","og_description":"Deudor alimentario. Se ordena inscripci\u00f3n en la central de deudores financieros, Registro de Deudores Alimentarios Morosos.","og_url":"https:\/\/diariofemenino.com.ar\/df\/deudor-alimentario-al-veraz\/","og_site_name":"Diario Digital Femenino","article_publisher":"https:\/\/www.facebook.com\/DiarioDigitaFemenino\/","article_published_time":"2023-09-21T13:53:22+00:00","article_modified_time":"2023-09-21T14:14:14+00:00","og_image":[{"width":558,"height":316,"url":"https:\/\/diariofemenino.com.ar\/df\/wp-content\/uploads\/2023\/09\/707.jpg","type":"image\/jpeg"}],"author":"Admin","twitter_card":"summary_large_image","twitter_creator":"@DiarioFemenino1","twitter_site":"@DiarioFemenino1","twitter_misc":{"Escrito por":"Admin","Tiempo de lectura":"7 minutos"},"schema":{"@context":"https:\/\/schema.org","@graph":[{"@type":"Article","@id":"https:\/\/diariofemenino.com.ar\/df\/deudor-alimentario-al-veraz\/#article","isPartOf":{"@id":"https:\/\/diariofemenino.com.ar\/df\/deudor-alimentario-al-veraz\/"},"author":{"name":"Admin","@id":"https:\/\/diariofemenino.com.ar\/df\/#\/schema\/person\/bf6199e8158c657ea6f789b11ec85509"},"headline":"Deudor alimentario al veraz","datePublished":"2023-09-21T13:53:22+00:00","dateModified":"2023-09-21T14:14:14+00:00","mainEntityOfPage":{"@id":"https:\/\/diariofemenino.com.ar\/df\/deudor-alimentario-al-veraz\/"},"wordCount":1561,"commentCount":0,"publisher":{"@id":"https:\/\/diariofemenino.com.ar\/df\/#organization"},"image":{"@id":"https:\/\/diariofemenino.com.ar\/df\/deudor-alimentario-al-veraz\/#primaryimage"},"thumbnailUrl":"https:\/\/diariofemenino.com.ar\/df\/wp-content\/uploads\/2023\/09\/707.jpg","keywords":["#derechos","Adolescentes","Cuota alimentaria","Deudor alimentario","Mujeres","Ni\u00f1as","Ni\u00f1os","Perspectiva de g\u00e9nero","Violencia econ\u00f3mica"],"articleSection":["Agenda Feminista","Art\u00edculos y Comunicados","G\u00e9nero y Derechos Humanos","Mujeres","Noticias","Violencias"],"inLanguage":"es","potentialAction":[{"@type":"CommentAction","name":"Comment","target":["https:\/\/diariofemenino.com.ar\/df\/deudor-alimentario-al-veraz\/#respond"]}]},{"@type":"WebPage","@id":"https:\/\/diariofemenino.com.ar\/df\/deudor-alimentario-al-veraz\/","url":"https:\/\/diariofemenino.com.ar\/df\/deudor-alimentario-al-veraz\/","name":"Deudor alimentario al veraz - Diario Digital Femenino","isPartOf":{"@id":"https:\/\/diariofemenino.com.ar\/df\/#website"},"primaryImageOfPage":{"@id":"https:\/\/diariofemenino.com.ar\/df\/deudor-alimentario-al-veraz\/#primaryimage"},"image":{"@id":"https:\/\/diariofemenino.com.ar\/df\/deudor-alimentario-al-veraz\/#primaryimage"},"thumbnailUrl":"https:\/\/diariofemenino.com.ar\/df\/wp-content\/uploads\/2023\/09\/707.jpg","datePublished":"2023-09-21T13:53:22+00:00","dateModified":"2023-09-21T14:14:14+00:00","description":"Deudor alimentario. Se ordena inscripci\u00f3n en la central de deudores financieros, Registro de Deudores Alimentarios Morosos.","breadcrumb":{"@id":"https:\/\/diariofemenino.com.ar\/df\/deudor-alimentario-al-veraz\/#breadcrumb"},"inLanguage":"es","potentialAction":[{"@type":"ReadAction","target":["https:\/\/diariofemenino.com.ar\/df\/deudor-alimentario-al-veraz\/"]}]},{"@type":"ImageObject","inLanguage":"es","@id":"https:\/\/diariofemenino.com.ar\/df\/deudor-alimentario-al-veraz\/#primaryimage","url":"https:\/\/diariofemenino.com.ar\/df\/wp-content\/uploads\/2023\/09\/707.jpg","contentUrl":"https:\/\/diariofemenino.com.ar\/df\/wp-content\/uploads\/2023\/09\/707.jpg","width":558,"height":316,"caption":"Prohibici\u00f3n de ingresar al pa\u00eds por ser deudor alimentario"},{"@type":"BreadcrumbList","@id":"https:\/\/diariofemenino.com.ar\/df\/deudor-alimentario-al-veraz\/#breadcrumb","itemListElement":[{"@type":"ListItem","position":1,"name":"Portada","item":"https:\/\/diariofemenino.com.ar\/df\/"},{"@type":"ListItem","position":2,"name":"Deudor alimentario al veraz"}]},{"@type":"WebSite","@id":"https:\/\/diariofemenino.com.ar\/df\/#website","url":"https:\/\/diariofemenino.com.ar\/df\/","name":"Diario Digital Femenino","description":"Cuesti\u00f3n de G\u00e9nero","publisher":{"@id":"https:\/\/diariofemenino.com.ar\/df\/#organization"},"potentialAction":[{"@type":"SearchAction","target":{"@type":"EntryPoint","urlTemplate":"https:\/\/diariofemenino.com.ar\/df\/?s={search_term_string}"},"query-input":{"@type":"PropertyValueSpecification","valueRequired":true,"valueName":"search_term_string"}}],"inLanguage":"es"},{"@type":"Organization","@id":"https:\/\/diariofemenino.com.ar\/df\/#organization","name":"Diario Femenino","url":"https:\/\/diariofemenino.com.ar\/df\/","logo":{"@type":"ImageObject","inLanguage":"es","@id":"https:\/\/diariofemenino.com.ar\/df\/#\/schema\/logo\/image\/","url":"https:\/\/diariofemenino.com.ar\/df\/wp-content\/uploads\/2018\/10\/logo.png","contentUrl":"https:\/\/diariofemenino.com.ar\/df\/wp-content\/uploads\/2018\/10\/logo.png","width":500,"height":92,"caption":"Diario Femenino"},"image":{"@id":"https:\/\/diariofemenino.com.ar\/df\/#\/schema\/logo\/image\/"},"sameAs":["https:\/\/www.facebook.com\/DiarioDigitaFemenino\/","https:\/\/x.com\/DiarioFemenino1"]},{"@type":"Person","@id":"https:\/\/diariofemenino.com.ar\/df\/#\/schema\/person\/bf6199e8158c657ea6f789b11ec85509","name":"Admin","image":{"@type":"ImageObject","inLanguage":"es","@id":"https:\/\/diariofemenino.com.ar\/df\/wp-content\/uploads\/2018\/12\/favicon-150x150.jpg","url":"https:\/\/diariofemenino.com.ar\/df\/wp-content\/uploads\/2018\/12\/favicon-150x150.jpg","contentUrl":"https:\/\/diariofemenino.com.ar\/df\/wp-content\/uploads\/2018\/12\/favicon-150x150.jpg","caption":"Admin"},"url":"https:\/\/diariofemenino.com.ar\/df\/author\/lenny\/"}]}},"jetpack_featured_media_url":"https:\/\/diariofemenino.com.ar\/df\/wp-content\/uploads\/2023\/09\/707.jpg","jetpack_sharing_enabled":true,"rttpg_featured_image_url":{"full":["https:\/\/diariofemenino.com.ar\/df\/wp-content\/uploads\/2023\/09\/707.jpg",558,316,false],"landscape":["https:\/\/diariofemenino.com.ar\/df\/wp-content\/uploads\/2023\/09\/707.jpg",558,316,false],"portraits":["https:\/\/diariofemenino.com.ar\/df\/wp-content\/uploads\/2023\/09\/707.jpg",558,316,false],"thumbnail":["https:\/\/diariofemenino.com.ar\/df\/wp-content\/uploads\/2023\/09\/707-150x150.jpg",150,150,true],"medium":["https:\/\/diariofemenino.com.ar\/df\/wp-content\/uploads\/2023\/09\/707-300x170.jpg",300,170,true],"large":["https:\/\/diariofemenino.com.ar\/df\/wp-content\/uploads\/2023\/09\/707.jpg",558,316,false],"1536x1536":["https:\/\/diariofemenino.com.ar\/df\/wp-content\/uploads\/2023\/09\/707.jpg",558,316,false],"2048x2048":["https:\/\/diariofemenino.com.ar\/df\/wp-content\/uploads\/2023\/09\/707.jpg",558,316,false]},"rttpg_author":{"display_name":"Admin","author_link":"https:\/\/diariofemenino.com.ar\/df\/author\/lenny\/"},"rttpg_comment":0,"rttpg_category":"<a href=\"https:\/\/diariofemenino.com.ar\/df\/category\/agenda-feminista\/\" rel=\"category tag\">Agenda Feminista<\/a> <a href=\"https:\/\/diariofemenino.com.ar\/df\/category\/articulos-y-comunicados\/\" rel=\"category tag\">Art\u00edculos y Comunicados<\/a> <a href=\"https:\/\/diariofemenino.com.ar\/df\/category\/genero-y-derechos-humanos\/\" rel=\"category tag\">G\u00e9nero y Derechos Humanos<\/a> <a href=\"https:\/\/diariofemenino.com.ar\/df\/category\/mujeres\/\" rel=\"category tag\">Mujeres<\/a> <a href=\"https:\/\/diariofemenino.com.ar\/df\/category\/noticias\/\" rel=\"category tag\">Noticias<\/a> <a href=\"https:\/\/diariofemenino.com.ar\/df\/category\/violencias\/\" rel=\"category tag\">Violencias<\/a>","rttpg_excerpt":"Se ordena inscripci\u00f3n en la central de deudores financieros, Registro de Deudores Alimentarios Morosos, el secuestro de la licencia y prohibici\u00f3n de conducir para el deudor alimentario. A., L. B. C\/ C., L. N. S\/INCIDENTE DE ALIMENTOS. Juzgado de Paz de Daireaux, 19\/09\/2023. Juez interviniente Pablo Javier Heredia. Por\u00a0Erica P\u00e9rez* para\u00a0Diario Digital Femenino Descarga el&hellip;","_links":{"self":[{"href":"https:\/\/diariofemenino.com.ar\/df\/wp-json\/wp\/v2\/posts\/71384","targetHints":{"allow":["GET"]}}],"collection":[{"href":"https:\/\/diariofemenino.com.ar\/df\/wp-json\/wp\/v2\/posts"}],"about":[{"href":"https:\/\/diariofemenino.com.ar\/df\/wp-json\/wp\/v2\/types\/post"}],"author":[{"embeddable":true,"href":"https:\/\/diariofemenino.com.ar\/df\/wp-json\/wp\/v2\/users\/4"}],"replies":[{"embeddable":true,"href":"https:\/\/diariofemenino.com.ar\/df\/wp-json\/wp\/v2\/comments?post=71384"}],"version-history":[{"count":0,"href":"https:\/\/diariofemenino.com.ar\/df\/wp-json\/wp\/v2\/posts\/71384\/revisions"}],"wp:featuredmedia":[{"embeddable":true,"href":"https:\/\/diariofemenino.com.ar\/df\/wp-json\/wp\/v2\/media\/71385"}],"wp:attachment":[{"href":"https:\/\/diariofemenino.com.ar\/df\/wp-json\/wp\/v2\/media?parent=71384"}],"wp:term":[{"taxonomy":"category","embeddable":true,"href":"https:\/\/diariofemenino.com.ar\/df\/wp-json\/wp\/v2\/categories?post=71384"},{"taxonomy":"post_tag","embeddable":true,"href":"https:\/\/diariofemenino.com.ar\/df\/wp-json\/wp\/v2\/tags?post=71384"}],"curies":[{"name":"wp","href":"https:\/\/api.w.org\/{rel}","templated":true}]}}