{"id":71344,"date":"2023-09-18T22:53:05","date_gmt":"2023-09-19T01:53:05","guid":{"rendered":"https:\/\/diariofemenino.com.ar\/df\/?p=71344"},"modified":"2023-09-18T23:06:32","modified_gmt":"2023-09-19T02:06:32","slug":"acerca-del-viejismo","status":"publish","type":"post","link":"https:\/\/diariofemenino.com.ar\/df\/acerca-del-viejismo\/","title":{"rendered":"Acerca del viejismo"},"content":{"rendered":"<p>Laura Ercej y B\u00e1rbara Bignone, dos especialistas en gerontolog\u00eda, repasan distintas teor\u00edas y perspectivas que desarman mitos y prejuicios en torno de las vejeces y de las personas mayores.<\/p>\n<p>Definido como el\u00a0<strong><a href=\"https:\/\/diariofemenino.com.ar\/df\/diez-recomendaciones-para-quienes-comunican-sobre-personas-mayores\/\">conjunto<\/a> de prejuicios, estereotipos y discriminaciones que se aplican a las personas mayores exclusivamente en funci\u00f3n de su edad, el <a href=\"https:\/\/diariofemenino.com.ar\/df\/el-edadismo-la-causa-de-la-tercera-forma-de-discriminacion\/\">viejismo<\/a> es un concepto desarrollado inicialmente por el psiquiatra Robert Butler en la d\u00e9cada de 1970,<\/strong>\u00a0y su estudio fue introducido en la Argentina por el psicoanalista Leopoldo Salvarezza.<\/p>\n<p>Este proceso de devaluaci\u00f3n\u00a0<strong>puede tomar la forma de una discriminaci\u00f3n interpersonal (micro) o de una institucional (macro).<\/strong>\u00a0Respecto de la discriminaci\u00f3n institucional, se encuentran ejemplos en la discriminaci\u00f3n laboral, en la estereotipada en los medios de comunicaci\u00f3n y en la segregaci\u00f3n intergeneracional. Para hacerle frente,\u00a0<strong>podemos echar mano de la perspectiva positiva. Dicha perspectiva no implica de ning\u00fan modo negar los d\u00e9ficits o deterioros sino identificar recursos y potencialidades.<\/strong><\/p>\n<blockquote><p>Desde la perspectiva positiva se sostiene que\u00a0<strong>todas las personas mayores poseen recursos, capacidades y fortalezas, y que es de vital importancia identificarlas y promoverlas.<\/strong><\/p><\/blockquote>\n<p>Tradicionalmente, se consider\u00f3 que la vejez estaba asociaba de manera casi exclusiva con p\u00e9rdidas y d\u00e9ficits. Sin embargo,\u00a0<strong>m\u00faltiples investigaciones han mostrado que en esta etapa vital tambi\u00e9n se presentan ganancias.<\/strong><\/p>\n<figure id=\"attachment_71360\" aria-describedby=\"caption-attachment-71360\" style=\"width: 609px\" class=\"wp-caption aligncenter\"><img loading=\"lazy\" decoding=\"async\" class=\" wp-image-71360\" src=\"https:\/\/diariofemenino.com.ar\/df\/wp-content\/uploads\/2023\/09\/bigstock-portrait-of-sad-elderly-woman-328316311_6_928x621.jpeg\" alt=\"Acerca del viejismo\" width=\"609\" height=\"408\" srcset=\"https:\/\/diariofemenino.com.ar\/df\/wp-content\/uploads\/2023\/09\/bigstock-portrait-of-sad-elderly-woman-328316311_6_928x621.jpeg 928w, https:\/\/diariofemenino.com.ar\/df\/wp-content\/uploads\/2023\/09\/bigstock-portrait-of-sad-elderly-woman-328316311_6_928x621-300x201.jpeg 300w, https:\/\/diariofemenino.com.ar\/df\/wp-content\/uploads\/2023\/09\/bigstock-portrait-of-sad-elderly-woman-328316311_6_928x621-768x514.jpeg 768w\" sizes=\"auto, (max-width: 609px) 100vw, 609px\" \/><figcaption id=\"caption-attachment-71360\" class=\"wp-caption-text\">Acerca del viejismo<\/figcaption><\/figure>\n<p>Por ejemplo,\u00a0<strong>los niveles de regulaci\u00f3n emocional, bienestar, satisfacci\u00f3n vital y felicidad, presentan valores m\u00e1s elevados en la vejez que en la mediana edad.<\/strong>\u00a0Estos y otros hallazgos sobre aspectos positivos en la vejez han dado lugar al desarrollo de pr\u00e1cticas positivas, entendi\u00e9ndose como tales las destinadas a promover el bienestar, en lugar de disminuir la patolog\u00eda o el sufrimiento.<\/p>\n<blockquote><p><em>Las personas mayores constituyen la poblaci\u00f3n m\u00e1s heterog\u00e9nea que existe.<\/em><\/p><\/blockquote>\n<p><strong>Este tipo de intervenciones positivas ha tenido un gran desarrollo en las \u00faltimas d\u00e9cadas y ha sido ampliamente evaluado, demostr\u00e1ndose sus resultados muy favorables<\/strong>\u00a0y su eficacia en el logro de los objetivos propuestos. Si bien las pr\u00e1cticas positivas orientadas a las personas mayores son muy variadas, por su alcance podemos mencionar cursos, talleres y programas con fines recreativos, formativos, psicoeducativos y de desarrollo personal y comunitario.<\/p>\n<p>La Convenci\u00f3n Interamericana de Protecci\u00f3n de los Derechos Humanos de las Personas Mayores\u00a0<strong>define al \u201cenvejecimiento\u201d como un proceso gradual que se desarrolla durante el curso de vida y que conlleva cambios biol\u00f3gicos, fisiol\u00f3gicos, psico-sociales y funcionales de variadas consecuencias,<\/strong>\u00a0las cuales se asocian con interacciones din\u00e1micas y permanentes entre el sujeto y su medio.<\/p>\n<p><strong>El envejecimiento se caracteriza por ser:<\/strong><\/p>\n<ul>\n<li><strong>Universal:<\/strong>\u00a0propio de todos los seres vivos.<\/li>\n<li><strong>Irreversible:<\/strong>\u00a0a diferencia de las enfermedades, no puede detenerse ni revertirse.<\/li>\n<li><strong>Heterog\u00e9neo e individual:<\/strong>\u00a0cada especie tiene una velocidad caracter\u00edstica de envejecimiento, pero la velocidad de declinaci\u00f3n funcional var\u00eda enormemente de sujeto a sujeto y de \u00f3rgano a \u00f3rgano dentro de la misma persona.<\/li>\n<\/ul>\n<p>La psic\u00f3loga Elisa Dulcey-Ruiz se\u00f1ala que, satisfactoriamente, la gerontolog\u00eda comenz\u00f3 a pensar en las \u201cvejeces\u201d para, as\u00ed, evitar la tendencia a uniformar lo que es enormemente diverso, y en la pr\u00e1ctica imposible de homogeneizar.\u00a0<strong>Las personas mayores, o quienes viven la vejez, constituyen la poblaci\u00f3n m\u00e1s dis\u00edmil o heterog\u00e9nea que existe:<\/strong>\u00a0a medida que vivimos m\u00e1s a\u00f1os tambi\u00e9n m\u00e1s nos diferenciamos unas personas de otras.<\/p>\n<p><strong>Es preciso tener en cuenta diferencias de g\u00e9nero, etnia, regi\u00f3n de residencia, nivel educativo, ocupaci\u00f3n, condiciones, costumbres y estilos de vida, percepciones y actitudes hacia la vida y sus circunstancias, formas habituales de interacci\u00f3n humana y de convivencia social y la posibilidad de contar o no con redes de apoyo social.<\/strong>\u00a0Es, por todo ello y mucho m\u00e1s, que particularmente en la vejez nos parecemos m\u00e1s a nosotros mismos en \u00e9pocas anteriores de nuestra vida que a otras personas de nuestra misma edad, aunque sean parte del mismo entorno familiar y social.<\/p>\n<p>Fuente: <a href=\"https:\/\/buenosaires.gob.ar\/cultura\/promocion-cultural\/nuevas-vejeces\/acerca-del-viejismo#:~:text=Definido%20como%20el%20conjunto%20de,en%20la%20Argentina%20por%20el\">Buenos Aires gob.<\/a><\/p>\n<blockquote><p>Seguinos en Instagram\u00a0<a href=\"https:\/\/www.instagram.com\/diariodigitalfemenino_\/\">@diariodigitalfemenino_<\/a><\/p><\/blockquote>\n<p>&nbsp;<\/p>\n","protected":false},"excerpt":{"rendered":"<p>Laura Ercej y B\u00e1rbara Bignone, dos especialistas en gerontolog\u00eda, repasan distintas teor\u00edas y perspectivas que desarman mitos y prejuicios en torno de las vejeces y de las personas mayores. Definido como el\u00a0conjunto de prejuicios, estereotipos y discriminaciones que se aplican a las personas mayores exclusivamente en funci\u00f3n de su edad, el viejismo es un concepto [&hellip;]<\/p>\n","protected":false},"author":4,"featured_media":71361,"comment_status":"open","ping_status":"open","sticky":false,"template":"","format":"standard","meta":{"iawp_total_views":27,"footnotes":""},"categories":[1067,178,3,627,182,32,21,23],"tags":[3431,5243,33,6409,4044,4687,1560,5216,6410,6411,5479,819],"class_list":["post-71344","post","type-post","status-publish","format-standard","has-post-thumbnail","hentry","category-agenda-feminista","category-articulos-y-comunicados","category-de-la-revolucion-al-reaprendizaje","category-genero-y-derechos-humanos","category-informes","category-mujeres","category-noticias","category-salud","tag-viejismo","tag-bienestar","tag-discriminacion","tag-edad","tag-felicidad","tag-mitos","tag-personas-mayores","tag-prejuicios","tag-regulacion-emocional","tag-satisfaccion-vital","tag-vejeces","tag-violencias"],"nelio_content":{"autoShareEndMode":"never","automationSources":{"useCustomSentences":false,"customSentences":[]},"efiAlt":"","efiUrl":"","followers":[4],"highlights":[],"isAutoShareEnabled":true,"networkImageIds":[],"permalinkQueryArgs":[],"series":[],"suggestedReferences":[]},"yoast_head":"<!-- This site is optimized with the Yoast SEO plugin v27.5 - https:\/\/yoast.com\/product\/yoast-seo-wordpress\/ -->\n<title>Acerca del viejismo - Diario Digital Femenino<\/title>\n<meta name=\"description\" content=\"Acerca del viejismo. Laura Ercej y B\u00e1rbara Bignone, repasan distintas teor\u00edas y perspectivas que desarman mitos y prejuicios.\" \/>\n<meta name=\"robots\" content=\"index, follow, max-snippet:-1, max-image-preview:large, max-video-preview:-1\" \/>\n<link rel=\"canonical\" href=\"https:\/\/diariofemenino.com.ar\/df\/acerca-del-viejismo\/\" \/>\n<meta property=\"og:locale\" content=\"es_ES\" \/>\n<meta property=\"og:type\" content=\"article\" \/>\n<meta property=\"og:title\" content=\"Acerca del viejismo - Diario Digital Femenino\" \/>\n<meta property=\"og:description\" content=\"Acerca del viejismo. Laura Ercej y B\u00e1rbara Bignone, repasan distintas teor\u00edas y perspectivas que desarman mitos y prejuicios.\" \/>\n<meta property=\"og:url\" content=\"https:\/\/diariofemenino.com.ar\/df\/acerca-del-viejismo\/\" \/>\n<meta property=\"og:site_name\" content=\"Diario Digital Femenino\" \/>\n<meta property=\"article:publisher\" content=\"https:\/\/www.facebook.com\/DiarioDigitaFemenino\/\" \/>\n<meta property=\"article:published_time\" content=\"2023-09-19T01:53:05+00:00\" \/>\n<meta property=\"article:modified_time\" content=\"2023-09-19T02:06:32+00:00\" \/>\n<meta property=\"og:image\" content=\"https:\/\/diariofemenino.com.ar\/df\/wp-content\/uploads\/2023\/09\/depresion-en-adultos-mayores-tras-la-cuarentena-en-epoca-covid-19.jpeg\" \/>\n\t<meta property=\"og:image:width\" content=\"750\" \/>\n\t<meta property=\"og:image:height\" content=\"422\" \/>\n\t<meta property=\"og:image:type\" content=\"image\/jpeg\" \/>\n<meta name=\"author\" content=\"Admin\" \/>\n<meta name=\"twitter:card\" content=\"summary_large_image\" \/>\n<meta name=\"twitter:creator\" content=\"@DiarioFemenino1\" \/>\n<meta name=\"twitter:site\" content=\"@DiarioFemenino1\" \/>\n<meta name=\"twitter:label1\" content=\"Escrito por\" \/>\n\t<meta name=\"twitter:data1\" content=\"Admin\" \/>\n\t<meta name=\"twitter:label2\" content=\"Tiempo de lectura\" \/>\n\t<meta name=\"twitter:data2\" content=\"3 minutos\" \/>\n<script type=\"application\/ld+json\" class=\"yoast-schema-graph\">{\"@context\":\"https:\\\/\\\/schema.org\",\"@graph\":[{\"@type\":\"Article\",\"@id\":\"https:\\\/\\\/diariofemenino.com.ar\\\/df\\\/acerca-del-viejismo\\\/#article\",\"isPartOf\":{\"@id\":\"https:\\\/\\\/diariofemenino.com.ar\\\/df\\\/acerca-del-viejismo\\\/\"},\"author\":{\"name\":\"Admin\",\"@id\":\"https:\\\/\\\/diariofemenino.com.ar\\\/df\\\/#\\\/schema\\\/person\\\/bf6199e8158c657ea6f789b11ec85509\"},\"headline\":\"Acerca del viejismo\",\"datePublished\":\"2023-09-19T01:53:05+00:00\",\"dateModified\":\"2023-09-19T02:06:32+00:00\",\"mainEntityOfPage\":{\"@id\":\"https:\\\/\\\/diariofemenino.com.ar\\\/df\\\/acerca-del-viejismo\\\/\"},\"wordCount\":690,\"commentCount\":0,\"publisher\":{\"@id\":\"https:\\\/\\\/diariofemenino.com.ar\\\/df\\\/#organization\"},\"image\":{\"@id\":\"https:\\\/\\\/diariofemenino.com.ar\\\/df\\\/acerca-del-viejismo\\\/#primaryimage\"},\"thumbnailUrl\":\"https:\\\/\\\/diariofemenino.com.ar\\\/df\\\/wp-content\\\/uploads\\\/2023\\\/09\\\/depresion-en-adultos-mayores-tras-la-cuarentena-en-epoca-covid-19.jpeg\",\"keywords\":[\"\\\"Viejismo\\\"\",\"Bienestar\",\"Discriminaci\u00f3n\",\"edad\",\"Felicidad\",\"Mitos\",\"Personas mayores\",\"Prejuicios\",\"regulaci\u00f3n emocional\",\"satisfacci\u00f3n vital\",\"Vejeces\",\"Violencias\"],\"articleSection\":[\"Agenda Feminista\",\"Art\u00edculos y Comunicados\",\"De la Revoluci\u00f3n al Reaprendizaje\",\"G\u00e9nero y Derechos Humanos\",\"Informes\",\"Mujeres\",\"Noticias\",\"Salud\"],\"inLanguage\":\"es\",\"potentialAction\":[{\"@type\":\"CommentAction\",\"name\":\"Comment\",\"target\":[\"https:\\\/\\\/diariofemenino.com.ar\\\/df\\\/acerca-del-viejismo\\\/#respond\"]}]},{\"@type\":\"WebPage\",\"@id\":\"https:\\\/\\\/diariofemenino.com.ar\\\/df\\\/acerca-del-viejismo\\\/\",\"url\":\"https:\\\/\\\/diariofemenino.com.ar\\\/df\\\/acerca-del-viejismo\\\/\",\"name\":\"Acerca del viejismo - Diario Digital Femenino\",\"isPartOf\":{\"@id\":\"https:\\\/\\\/diariofemenino.com.ar\\\/df\\\/#website\"},\"primaryImageOfPage\":{\"@id\":\"https:\\\/\\\/diariofemenino.com.ar\\\/df\\\/acerca-del-viejismo\\\/#primaryimage\"},\"image\":{\"@id\":\"https:\\\/\\\/diariofemenino.com.ar\\\/df\\\/acerca-del-viejismo\\\/#primaryimage\"},\"thumbnailUrl\":\"https:\\\/\\\/diariofemenino.com.ar\\\/df\\\/wp-content\\\/uploads\\\/2023\\\/09\\\/depresion-en-adultos-mayores-tras-la-cuarentena-en-epoca-covid-19.jpeg\",\"datePublished\":\"2023-09-19T01:53:05+00:00\",\"dateModified\":\"2023-09-19T02:06:32+00:00\",\"description\":\"Acerca del viejismo. Laura Ercej y B\u00e1rbara Bignone, repasan distintas teor\u00edas y perspectivas que desarman mitos y prejuicios.\",\"breadcrumb\":{\"@id\":\"https:\\\/\\\/diariofemenino.com.ar\\\/df\\\/acerca-del-viejismo\\\/#breadcrumb\"},\"inLanguage\":\"es\",\"potentialAction\":[{\"@type\":\"ReadAction\",\"target\":[\"https:\\\/\\\/diariofemenino.com.ar\\\/df\\\/acerca-del-viejismo\\\/\"]}]},{\"@type\":\"ImageObject\",\"inLanguage\":\"es\",\"@id\":\"https:\\\/\\\/diariofemenino.com.ar\\\/df\\\/acerca-del-viejismo\\\/#primaryimage\",\"url\":\"https:\\\/\\\/diariofemenino.com.ar\\\/df\\\/wp-content\\\/uploads\\\/2023\\\/09\\\/depresion-en-adultos-mayores-tras-la-cuarentena-en-epoca-covid-19.jpeg\",\"contentUrl\":\"https:\\\/\\\/diariofemenino.com.ar\\\/df\\\/wp-content\\\/uploads\\\/2023\\\/09\\\/depresion-en-adultos-mayores-tras-la-cuarentena-en-epoca-covid-19.jpeg\",\"width\":750,\"height\":422,\"caption\":\"Acerca del viejismo\"},{\"@type\":\"BreadcrumbList\",\"@id\":\"https:\\\/\\\/diariofemenino.com.ar\\\/df\\\/acerca-del-viejismo\\\/#breadcrumb\",\"itemListElement\":[{\"@type\":\"ListItem\",\"position\":1,\"name\":\"Portada\",\"item\":\"https:\\\/\\\/diariofemenino.com.ar\\\/df\\\/\"},{\"@type\":\"ListItem\",\"position\":2,\"name\":\"Acerca del viejismo\"}]},{\"@type\":\"WebSite\",\"@id\":\"https:\\\/\\\/diariofemenino.com.ar\\\/df\\\/#website\",\"url\":\"https:\\\/\\\/diariofemenino.com.ar\\\/df\\\/\",\"name\":\"Diario Digital Femenino\",\"description\":\"Cuesti\u00f3n de G\u00e9nero\",\"publisher\":{\"@id\":\"https:\\\/\\\/diariofemenino.com.ar\\\/df\\\/#organization\"},\"potentialAction\":[{\"@type\":\"SearchAction\",\"target\":{\"@type\":\"EntryPoint\",\"urlTemplate\":\"https:\\\/\\\/diariofemenino.com.ar\\\/df\\\/?s={search_term_string}\"},\"query-input\":{\"@type\":\"PropertyValueSpecification\",\"valueRequired\":true,\"valueName\":\"search_term_string\"}}],\"inLanguage\":\"es\"},{\"@type\":\"Organization\",\"@id\":\"https:\\\/\\\/diariofemenino.com.ar\\\/df\\\/#organization\",\"name\":\"Diario Femenino\",\"url\":\"https:\\\/\\\/diariofemenino.com.ar\\\/df\\\/\",\"logo\":{\"@type\":\"ImageObject\",\"inLanguage\":\"es\",\"@id\":\"https:\\\/\\\/diariofemenino.com.ar\\\/df\\\/#\\\/schema\\\/logo\\\/image\\\/\",\"url\":\"https:\\\/\\\/diariofemenino.com.ar\\\/df\\\/wp-content\\\/uploads\\\/2018\\\/10\\\/logo.png\",\"contentUrl\":\"https:\\\/\\\/diariofemenino.com.ar\\\/df\\\/wp-content\\\/uploads\\\/2018\\\/10\\\/logo.png\",\"width\":500,\"height\":92,\"caption\":\"Diario Femenino\"},\"image\":{\"@id\":\"https:\\\/\\\/diariofemenino.com.ar\\\/df\\\/#\\\/schema\\\/logo\\\/image\\\/\"},\"sameAs\":[\"https:\\\/\\\/www.facebook.com\\\/DiarioDigitaFemenino\\\/\",\"https:\\\/\\\/x.com\\\/DiarioFemenino1\"]},{\"@type\":\"Person\",\"@id\":\"https:\\\/\\\/diariofemenino.com.ar\\\/df\\\/#\\\/schema\\\/person\\\/bf6199e8158c657ea6f789b11ec85509\",\"name\":\"Admin\",\"image\":{\"@type\":\"ImageObject\",\"inLanguage\":\"es\",\"@id\":\"https:\\\/\\\/diariofemenino.com.ar\\\/df\\\/wp-content\\\/uploads\\\/2018\\\/12\\\/favicon-150x150.jpg\",\"url\":\"https:\\\/\\\/diariofemenino.com.ar\\\/df\\\/wp-content\\\/uploads\\\/2018\\\/12\\\/favicon-150x150.jpg\",\"contentUrl\":\"https:\\\/\\\/diariofemenino.com.ar\\\/df\\\/wp-content\\\/uploads\\\/2018\\\/12\\\/favicon-150x150.jpg\",\"caption\":\"Admin\"},\"url\":\"https:\\\/\\\/diariofemenino.com.ar\\\/df\\\/author\\\/lenny\\\/\"}]}<\/script>\n<!-- \/ Yoast SEO plugin. -->","yoast_head_json":{"title":"Acerca del viejismo - Diario Digital Femenino","description":"Acerca del viejismo. Laura Ercej y B\u00e1rbara Bignone, repasan distintas teor\u00edas y perspectivas que desarman mitos y prejuicios.","robots":{"index":"index","follow":"follow","max-snippet":"max-snippet:-1","max-image-preview":"max-image-preview:large","max-video-preview":"max-video-preview:-1"},"canonical":"https:\/\/diariofemenino.com.ar\/df\/acerca-del-viejismo\/","og_locale":"es_ES","og_type":"article","og_title":"Acerca del viejismo - Diario Digital Femenino","og_description":"Acerca del viejismo. Laura Ercej y B\u00e1rbara Bignone, repasan distintas teor\u00edas y perspectivas que desarman mitos y prejuicios.","og_url":"https:\/\/diariofemenino.com.ar\/df\/acerca-del-viejismo\/","og_site_name":"Diario Digital Femenino","article_publisher":"https:\/\/www.facebook.com\/DiarioDigitaFemenino\/","article_published_time":"2023-09-19T01:53:05+00:00","article_modified_time":"2023-09-19T02:06:32+00:00","og_image":[{"width":750,"height":422,"url":"https:\/\/diariofemenino.com.ar\/df\/wp-content\/uploads\/2023\/09\/depresion-en-adultos-mayores-tras-la-cuarentena-en-epoca-covid-19.jpeg","type":"image\/jpeg"}],"author":"Admin","twitter_card":"summary_large_image","twitter_creator":"@DiarioFemenino1","twitter_site":"@DiarioFemenino1","twitter_misc":{"Escrito por":"Admin","Tiempo de lectura":"3 minutos"},"schema":{"@context":"https:\/\/schema.org","@graph":[{"@type":"Article","@id":"https:\/\/diariofemenino.com.ar\/df\/acerca-del-viejismo\/#article","isPartOf":{"@id":"https:\/\/diariofemenino.com.ar\/df\/acerca-del-viejismo\/"},"author":{"name":"Admin","@id":"https:\/\/diariofemenino.com.ar\/df\/#\/schema\/person\/bf6199e8158c657ea6f789b11ec85509"},"headline":"Acerca del viejismo","datePublished":"2023-09-19T01:53:05+00:00","dateModified":"2023-09-19T02:06:32+00:00","mainEntityOfPage":{"@id":"https:\/\/diariofemenino.com.ar\/df\/acerca-del-viejismo\/"},"wordCount":690,"commentCount":0,"publisher":{"@id":"https:\/\/diariofemenino.com.ar\/df\/#organization"},"image":{"@id":"https:\/\/diariofemenino.com.ar\/df\/acerca-del-viejismo\/#primaryimage"},"thumbnailUrl":"https:\/\/diariofemenino.com.ar\/df\/wp-content\/uploads\/2023\/09\/depresion-en-adultos-mayores-tras-la-cuarentena-en-epoca-covid-19.jpeg","keywords":["\"Viejismo\"","Bienestar","Discriminaci\u00f3n","edad","Felicidad","Mitos","Personas mayores","Prejuicios","regulaci\u00f3n emocional","satisfacci\u00f3n vital","Vejeces","Violencias"],"articleSection":["Agenda Feminista","Art\u00edculos y Comunicados","De la Revoluci\u00f3n al Reaprendizaje","G\u00e9nero y Derechos Humanos","Informes","Mujeres","Noticias","Salud"],"inLanguage":"es","potentialAction":[{"@type":"CommentAction","name":"Comment","target":["https:\/\/diariofemenino.com.ar\/df\/acerca-del-viejismo\/#respond"]}]},{"@type":"WebPage","@id":"https:\/\/diariofemenino.com.ar\/df\/acerca-del-viejismo\/","url":"https:\/\/diariofemenino.com.ar\/df\/acerca-del-viejismo\/","name":"Acerca del viejismo - Diario Digital Femenino","isPartOf":{"@id":"https:\/\/diariofemenino.com.ar\/df\/#website"},"primaryImageOfPage":{"@id":"https:\/\/diariofemenino.com.ar\/df\/acerca-del-viejismo\/#primaryimage"},"image":{"@id":"https:\/\/diariofemenino.com.ar\/df\/acerca-del-viejismo\/#primaryimage"},"thumbnailUrl":"https:\/\/diariofemenino.com.ar\/df\/wp-content\/uploads\/2023\/09\/depresion-en-adultos-mayores-tras-la-cuarentena-en-epoca-covid-19.jpeg","datePublished":"2023-09-19T01:53:05+00:00","dateModified":"2023-09-19T02:06:32+00:00","description":"Acerca del viejismo. Laura Ercej y B\u00e1rbara Bignone, repasan distintas teor\u00edas y perspectivas que desarman mitos y prejuicios.","breadcrumb":{"@id":"https:\/\/diariofemenino.com.ar\/df\/acerca-del-viejismo\/#breadcrumb"},"inLanguage":"es","potentialAction":[{"@type":"ReadAction","target":["https:\/\/diariofemenino.com.ar\/df\/acerca-del-viejismo\/"]}]},{"@type":"ImageObject","inLanguage":"es","@id":"https:\/\/diariofemenino.com.ar\/df\/acerca-del-viejismo\/#primaryimage","url":"https:\/\/diariofemenino.com.ar\/df\/wp-content\/uploads\/2023\/09\/depresion-en-adultos-mayores-tras-la-cuarentena-en-epoca-covid-19.jpeg","contentUrl":"https:\/\/diariofemenino.com.ar\/df\/wp-content\/uploads\/2023\/09\/depresion-en-adultos-mayores-tras-la-cuarentena-en-epoca-covid-19.jpeg","width":750,"height":422,"caption":"Acerca del viejismo"},{"@type":"BreadcrumbList","@id":"https:\/\/diariofemenino.com.ar\/df\/acerca-del-viejismo\/#breadcrumb","itemListElement":[{"@type":"ListItem","position":1,"name":"Portada","item":"https:\/\/diariofemenino.com.ar\/df\/"},{"@type":"ListItem","position":2,"name":"Acerca del viejismo"}]},{"@type":"WebSite","@id":"https:\/\/diariofemenino.com.ar\/df\/#website","url":"https:\/\/diariofemenino.com.ar\/df\/","name":"Diario Digital Femenino","description":"Cuesti\u00f3n de G\u00e9nero","publisher":{"@id":"https:\/\/diariofemenino.com.ar\/df\/#organization"},"potentialAction":[{"@type":"SearchAction","target":{"@type":"EntryPoint","urlTemplate":"https:\/\/diariofemenino.com.ar\/df\/?s={search_term_string}"},"query-input":{"@type":"PropertyValueSpecification","valueRequired":true,"valueName":"search_term_string"}}],"inLanguage":"es"},{"@type":"Organization","@id":"https:\/\/diariofemenino.com.ar\/df\/#organization","name":"Diario Femenino","url":"https:\/\/diariofemenino.com.ar\/df\/","logo":{"@type":"ImageObject","inLanguage":"es","@id":"https:\/\/diariofemenino.com.ar\/df\/#\/schema\/logo\/image\/","url":"https:\/\/diariofemenino.com.ar\/df\/wp-content\/uploads\/2018\/10\/logo.png","contentUrl":"https:\/\/diariofemenino.com.ar\/df\/wp-content\/uploads\/2018\/10\/logo.png","width":500,"height":92,"caption":"Diario Femenino"},"image":{"@id":"https:\/\/diariofemenino.com.ar\/df\/#\/schema\/logo\/image\/"},"sameAs":["https:\/\/www.facebook.com\/DiarioDigitaFemenino\/","https:\/\/x.com\/DiarioFemenino1"]},{"@type":"Person","@id":"https:\/\/diariofemenino.com.ar\/df\/#\/schema\/person\/bf6199e8158c657ea6f789b11ec85509","name":"Admin","image":{"@type":"ImageObject","inLanguage":"es","@id":"https:\/\/diariofemenino.com.ar\/df\/wp-content\/uploads\/2018\/12\/favicon-150x150.jpg","url":"https:\/\/diariofemenino.com.ar\/df\/wp-content\/uploads\/2018\/12\/favicon-150x150.jpg","contentUrl":"https:\/\/diariofemenino.com.ar\/df\/wp-content\/uploads\/2018\/12\/favicon-150x150.jpg","caption":"Admin"},"url":"https:\/\/diariofemenino.com.ar\/df\/author\/lenny\/"}]}},"jetpack_featured_media_url":"https:\/\/diariofemenino.com.ar\/df\/wp-content\/uploads\/2023\/09\/depresion-en-adultos-mayores-tras-la-cuarentena-en-epoca-covid-19.jpeg","jetpack_sharing_enabled":true,"rttpg_featured_image_url":{"full":["https:\/\/diariofemenino.com.ar\/df\/wp-content\/uploads\/2023\/09\/depresion-en-adultos-mayores-tras-la-cuarentena-en-epoca-covid-19.jpeg",750,422,false],"landscape":["https:\/\/diariofemenino.com.ar\/df\/wp-content\/uploads\/2023\/09\/depresion-en-adultos-mayores-tras-la-cuarentena-en-epoca-covid-19.jpeg",750,422,false],"portraits":["https:\/\/diariofemenino.com.ar\/df\/wp-content\/uploads\/2023\/09\/depresion-en-adultos-mayores-tras-la-cuarentena-en-epoca-covid-19.jpeg",750,422,false],"thumbnail":["https:\/\/diariofemenino.com.ar\/df\/wp-content\/uploads\/2023\/09\/depresion-en-adultos-mayores-tras-la-cuarentena-en-epoca-covid-19-150x150.jpeg",150,150,true],"medium":["https:\/\/diariofemenino.com.ar\/df\/wp-content\/uploads\/2023\/09\/depresion-en-adultos-mayores-tras-la-cuarentena-en-epoca-covid-19-300x169.jpeg",300,169,true],"large":["https:\/\/diariofemenino.com.ar\/df\/wp-content\/uploads\/2023\/09\/depresion-en-adultos-mayores-tras-la-cuarentena-en-epoca-covid-19.jpeg",750,422,false],"1536x1536":["https:\/\/diariofemenino.com.ar\/df\/wp-content\/uploads\/2023\/09\/depresion-en-adultos-mayores-tras-la-cuarentena-en-epoca-covid-19.jpeg",750,422,false],"2048x2048":["https:\/\/diariofemenino.com.ar\/df\/wp-content\/uploads\/2023\/09\/depresion-en-adultos-mayores-tras-la-cuarentena-en-epoca-covid-19.jpeg",750,422,false]},"rttpg_author":{"display_name":"Admin","author_link":"https:\/\/diariofemenino.com.ar\/df\/author\/lenny\/"},"rttpg_comment":0,"rttpg_category":"<a href=\"https:\/\/diariofemenino.com.ar\/df\/category\/agenda-feminista\/\" rel=\"category tag\">Agenda Feminista<\/a> <a href=\"https:\/\/diariofemenino.com.ar\/df\/category\/articulos-y-comunicados\/\" rel=\"category tag\">Art\u00edculos y Comunicados<\/a> <a href=\"https:\/\/diariofemenino.com.ar\/df\/category\/de-la-revolucion-al-reaprendizaje\/\" rel=\"category tag\">De la Revoluci\u00f3n al Reaprendizaje<\/a> <a href=\"https:\/\/diariofemenino.com.ar\/df\/category\/genero-y-derechos-humanos\/\" rel=\"category tag\">G\u00e9nero y Derechos Humanos<\/a> <a href=\"https:\/\/diariofemenino.com.ar\/df\/category\/informes\/\" rel=\"category tag\">Informes<\/a> <a href=\"https:\/\/diariofemenino.com.ar\/df\/category\/mujeres\/\" rel=\"category tag\">Mujeres<\/a> <a href=\"https:\/\/diariofemenino.com.ar\/df\/category\/noticias\/\" rel=\"category tag\">Noticias<\/a> <a href=\"https:\/\/diariofemenino.com.ar\/df\/category\/salud\/\" rel=\"category tag\">Salud<\/a>","rttpg_excerpt":"Laura Ercej y B\u00e1rbara Bignone, dos especialistas en gerontolog\u00eda, repasan distintas teor\u00edas y perspectivas que desarman mitos y prejuicios en torno de las vejeces y de las personas mayores. Definido como el\u00a0conjunto de prejuicios, estereotipos y discriminaciones que se aplican a las personas mayores exclusivamente en funci\u00f3n de su edad, el viejismo es un concepto&hellip;","_links":{"self":[{"href":"https:\/\/diariofemenino.com.ar\/df\/wp-json\/wp\/v2\/posts\/71344","targetHints":{"allow":["GET"]}}],"collection":[{"href":"https:\/\/diariofemenino.com.ar\/df\/wp-json\/wp\/v2\/posts"}],"about":[{"href":"https:\/\/diariofemenino.com.ar\/df\/wp-json\/wp\/v2\/types\/post"}],"author":[{"embeddable":true,"href":"https:\/\/diariofemenino.com.ar\/df\/wp-json\/wp\/v2\/users\/4"}],"replies":[{"embeddable":true,"href":"https:\/\/diariofemenino.com.ar\/df\/wp-json\/wp\/v2\/comments?post=71344"}],"version-history":[{"count":0,"href":"https:\/\/diariofemenino.com.ar\/df\/wp-json\/wp\/v2\/posts\/71344\/revisions"}],"wp:featuredmedia":[{"embeddable":true,"href":"https:\/\/diariofemenino.com.ar\/df\/wp-json\/wp\/v2\/media\/71361"}],"wp:attachment":[{"href":"https:\/\/diariofemenino.com.ar\/df\/wp-json\/wp\/v2\/media?parent=71344"}],"wp:term":[{"taxonomy":"category","embeddable":true,"href":"https:\/\/diariofemenino.com.ar\/df\/wp-json\/wp\/v2\/categories?post=71344"},{"taxonomy":"post_tag","embeddable":true,"href":"https:\/\/diariofemenino.com.ar\/df\/wp-json\/wp\/v2\/tags?post=71344"}],"curies":[{"name":"wp","href":"https:\/\/api.w.org\/{rel}","templated":true}]}}