{"id":71207,"date":"2023-09-05T10:49:31","date_gmt":"2023-09-05T13:49:31","guid":{"rendered":"https:\/\/diariofemenino.com.ar\/df\/?p=71207"},"modified":"2023-09-05T10:49:31","modified_gmt":"2023-09-05T13:49:31","slug":"de-la-mano-de-la-esi-frenemos-el-odio","status":"publish","type":"post","link":"https:\/\/diariofemenino.com.ar\/df\/de-la-mano-de-la-esi-frenemos-el-odio\/","title":{"rendered":"De la mano de la ESI, frenemos el odio"},"content":{"rendered":"<p style=\"padding-left: 30px;\">\u00a0\u00a0\u00a0\u00a0\u00a0\u00a0\u00a0\u00a0\u00a0\u00a0\u00a0 La noticia acerca de las m\u00e1s de diez escuelas de La Plata que fueron vandalizadas con leyendas en contra de la ESI, lleva nuevamente a pensar de qu\u00e9 manera trabajar en las aulas los discursos de odio (DDO). Seg\u00fan el informe \u00ab<a href=\"https:\/\/www.conicet.gov.ar\/discursos-de-odio-en-la-sociedad-argentina\/\"><strong>Discursos de odio en Argentina<\/strong><\/a>\u00bb creado por el CONICET, el t\u00e9rmino se refiere a\u00a0<em>\u201c<\/em><strong><em>cualquier tipo de discurso pronunciado en la esfera p\u00fablica que procure promover, incitar o legitimar la discriminaci\u00f3n, la deshumanizaci\u00f3n y\/o la violencia hacia una persona o un grupo de personas en funci\u00f3n de la pertenencia de las mismas a un grupo religioso, \u00e9tnico, nacional, pol\u00edtico, racial, de g\u00e9nero o cualquier otra identidad social<\/em><\/strong><em>\u201d. \u201cESI es corrupci\u00f3n de menores\u201d o \u201cESI es pedofilia\u201d, como otros tantos discursos antiderechos, solo buscan poner a la sociedad en contra del derecho a recibir educaci\u00f3n sexual integral.<\/em><\/p>\n<p>Por\u00a0<em><a href=\"https:\/\/diariofemenino.com.ar\/df\/?s=Mar%C3%ADa+In%C3%A9s+Alvarado\">Mar\u00eda In\u00e9s Alvarado<\/a>*<br \/>\npara\u00a0<a href=\"https:\/\/www.instagram.com\/diariodigitalfemenino_\/\">Diario Digital Femenino<\/a><\/em><\/p>\n<p style=\"padding-left: 30px;\"><em>\u00a0\u00a0\u00a0\u00a0\u00a0\u00a0\u00a0\u00a0\u00a0\u00a0\u00a0 En el blog espa\u00f1ol <\/em><a href=\"https:\/\/www.educatolerancia.com\/materiales-contra-el-discurso-de-odio\/\"><strong>Educatolerancia. Materiales contra el discurso de odio<\/strong><\/a><em> se describe que <\/em>la trasformaci\u00f3n digital ha hecho <em>posible \u201cun gran hackeo mental y una de sus armas es la desinformaci\u00f3n\u201d <\/em>que fortalece y refuerza estereotipos, a la vez que polariza el debate porque incrementa la distancia pol\u00edtica, ideol\u00f3gica o afectiva que existe entre las personas que integran una sociedad, fomentada por la intolerancia. Seg\u00fan el texto <em><a href=\"https:\/\/www.argentina.gob.ar\/sites\/default\/files\/discurso_de_odio.pdf\"><strong>Una aproximaci\u00f3n a los discursos de odio: antecedentes de investigaci\u00f3n y debates te\u00f3ricos Coordinaci\u00f3n de Investigaciones y Observatorios sobre Discriminaci\u00f3n<\/strong><\/a><\/em><em>, <\/em>elaborado por el INADI, la masiva accesibilidad a Internet, su instantaneidad y facilidad de acceso para cualquier persona o grupo fortalecen <em>\u201cun entramado de fen\u00f3menos sociales (racismo estructural, fake news, trolling, haters) que adoptan m\u00faltiples formas y se enmarcan dentro de lo que hemos propuesto en definir como cultura del odio\u201d, <\/em>los cuales se basan en la violencia simb\u00f3lica y son <em>\u201cutilizados para acosar, perseguir, segregar, justificar la violencia o la privaci\u00f3n del ejercicio de derechos, generando un ambiente de prejuicios e intolerancia que incentiva la discriminaci\u00f3n, la hostilidad o los ataques violentos a ciertas personas o grupos de personas\u201d<\/em> por diferentes motivos.<\/p>\n<p style=\"padding-left: 30px;\">\u00a0\u00a0\u00a0\u00a0\u00a0\u00a0\u00a0\u00a0\u00a0\u00a0\u00a0 El discurso de odio no es efectivo en soledad, por eso se vale de los medios de comunicaci\u00f3n y las redes sociales, que son el espacio p\u00fablico donde se manifiestan para generar el impacto social que los legitimen. Fomentar estereotipos hegem\u00f3nicos de belleza, odiar la gordura y la ancianidad, manifestar la discriminaci\u00f3n xenof\u00f3bica, agredir o violentar a distintos grupos sociales, polarizar las opiniones, son las maneras que hoy se eligen para nutrir estas formas de la intolerancia y el odio, constituy\u00e9ndose como causa y efecto que se retroalimentan mutuamente. Si la escuela es el espacio de construcci\u00f3n para una ciudadan\u00eda democr\u00e1tica, debe asumir el objetivo de aportar herramientas para reflexionar sobre estos temas, brindando el conocimiento y el ejercicio de los derechos en las aulas.<\/p>\n<figure id=\"attachment_71216\" aria-describedby=\"caption-attachment-71216\" style=\"width: 508px\" class=\"wp-caption aligncenter\"><img loading=\"lazy\" decoding=\"async\" class=\" wp-image-71216\" src=\"https:\/\/diariofemenino.com.ar\/df\/wp-content\/uploads\/2023\/09\/UNESCO-hate-speech-cover.jpg\" alt=\"De la mano de la ESI, frenemos el odio\" width=\"508\" height=\"339\" srcset=\"https:\/\/diariofemenino.com.ar\/df\/wp-content\/uploads\/2023\/09\/UNESCO-hate-speech-cover.jpg 610w, https:\/\/diariofemenino.com.ar\/df\/wp-content\/uploads\/2023\/09\/UNESCO-hate-speech-cover-300x200.jpg 300w\" sizes=\"auto, (max-width: 508px) 100vw, 508px\" \/><figcaption id=\"caption-attachment-71216\" class=\"wp-caption-text\">De la mano de la ESI, frenemos el odio<\/figcaption><\/figure>\n<p style=\"padding-left: 30px;\">\u00a0\u00a0\u00a0\u00a0\u00a0\u00a0\u00a0\u00a0\u00a0\u00a0\u00a0 \u00bfC\u00f3mo abordar este tema en las aulas? Desde la ESI. En el texto <em><a href=\"https:\/\/campuseducativo.santafe.edu.ar\/wp-content\/uploads\/Ante-tanta-crueldad-mas-ESI-.pdf\"><strong>Ante tanta crueldad, m\u00e1s ESI<\/strong><\/a><\/em><em>, <\/em>elaborado por el Ministerio de Educaci\u00f3n de la Provincia de Santa Fe se plantea que, desde la sanci\u00f3n de la ley ESI en el a\u00f1o 2006, las instituciones educativas tienen la obligatoriedad de abordar el tema de los derechos humanos y el respeto por la diversidad, <em>\u201cconsiderando que compartir la vida con otras\/os nos enriquece en la medida en que nos pone en contacto con experiencias y trayectorias personales distintas a las propias\u201d.<\/em> Por lo tanto, deben ayudar a entender que, <em>\u201cla reproducci\u00f3n de estos discursos no constituye una reacci\u00f3n u opini\u00f3n individual, sino que responde a sistemas de pensamiento y poder desde donde se construyen decires, im\u00e1genes y pr\u00e1cticas\u201d<\/em> y as\u00ed ayudar a reflexionar sobre las formas en que se expresa el odio para encontrar otras formas de resoluci\u00f3n de conflictos y as\u00ed <em>\u201ccontrarrestar, deconstruir y resistir esos discursos\u201d<\/em>.<\/p>\n<p style=\"padding-left: 30px;\">\u00a0\u00a0\u00a0\u00a0\u00a0\u00a0\u00a0\u00a0\u00a0\u00a0\u00a0 En el cuadernillo <a href=\"https:\/\/www.argentina.gob.ar\/sites\/default\/files\/2022\/05\/guia_empatiz.ar_final_accesible.pdf\"><strong>empatiz.ar<\/strong><\/a>, tambi\u00e9n del INADI, se propone utilizar La pir\u00e1mide del odio, como herramienta educativa para sensibilizar al explicar que el odio est\u00e1 estrechamente relacionado con la discriminaci\u00f3n y los actos de violencia y como se realiza el pasaje del acto enunciativo a la acci\u00f3n directa. El odio, como lo define este material, es la m\u00e1s terrible de todas las pasiones humanas, <em>\u201cporque con y a partir de ella, pueden \u2013como pudieron\u2013 cometerse los cr\u00edmenes m\u00e1s atroces\u201d.<\/em> Pensando en este espacio transversal, como se expone en el art\u00edculo <a href=\"https:\/\/docentes.algareditorial.com\/blog\/109\/escuela-discursos-odio\"><strong>La escuela contra los discursos de odio<\/strong><\/a>, <em>\u201cimplementar intervenciones educativas espec\u00edficas destinadas a\u00a0abordar expl\u00edcitamente los discursos de odio en todos los niveles educativos\u201d<\/em> es un aprendizaje a lo largo de la vida que incluye proporcionar habilidades y competencias necesarias para pensar cr\u00edticamente.<\/p>\n<p><img loading=\"lazy\" decoding=\"async\" class=\"aligncenter  wp-image-71215\" src=\"https:\/\/diariofemenino.com.ar\/df\/wp-content\/uploads\/2023\/09\/Piramida-del-odio.jpg\" alt=\"\" width=\"483\" height=\"423\" srcset=\"https:\/\/diariofemenino.com.ar\/df\/wp-content\/uploads\/2023\/09\/Piramida-del-odio.jpg 619w, https:\/\/diariofemenino.com.ar\/df\/wp-content\/uploads\/2023\/09\/Piramida-del-odio-300x263.jpg 300w\" sizes=\"auto, (max-width: 483px) 100vw, 483px\" \/><\/p>\n<p><strong>(*)<\/strong>\u00a0Docente, comunicadora. Co-directora de\u00a0<strong><a href=\"https:\/\/laesienjuego.com.ar\/\">La ESI en juego<\/a>.<\/strong><br \/>\nColumnista\u00a0de\u00a0<strong><a href=\"https:\/\/diariofemenino.com.ar\/df\/category\/de-esi-si-se-habla\/\">Diario Digital Femenino<\/a><\/strong>\u2013\u00a0<a href=\"https:\/\/diariofemenino.com.ar\/df\/category\/de-esi-si-se-habla\/\">De ESI S\u00ed Se Habla<\/a><\/p>\n<p>&nbsp;<\/p>\n<blockquote><p>Seguinos en Instagram\u00a0<a href=\"https:\/\/www.instagram.com\/diariodigitalfemenino_\/\">@diariodigitalfemenino_<\/a><\/p><\/blockquote>\n","protected":false},"excerpt":{"rendered":"<p>\u00a0\u00a0\u00a0\u00a0\u00a0\u00a0\u00a0\u00a0\u00a0\u00a0\u00a0 La noticia acerca de las m\u00e1s de diez escuelas de La Plata que fueron vandalizadas con leyendas en contra de la ESI, lleva nuevamente a pensar de qu\u00e9 manera trabajar en las aulas los discursos de odio (DDO). Seg\u00fan el informe \u00abDiscursos de odio en Argentina\u00bb creado por el CONICET, el t\u00e9rmino se refiere [&hellip;]<\/p>\n","protected":false},"author":4,"featured_media":71214,"comment_status":"open","ping_status":"open","sticky":false,"template":"","format":"standard","meta":{"iawp_total_views":151,"footnotes":""},"categories":[7,178,581,9,627,592],"tags":[5439,5976,1053,4372,5705,97,1177,109,568,3380,332,819],"class_list":["post-71207","post","type-post","status-publish","format-standard","has-post-thumbnail","hentry","category-actividades","category-articulos-y-comunicados","category-azul-profundo","category-de-esi-si-se-habla","category-genero-y-derechos-humanos","category-violencias","tag-conceptos","tag-contexto","tag-debates","tag-destacada","tag-discursos","tag-esi","tag-herramientas","tag-investigacion","tag-maria-ines-alvarado","tag-odio","tag-prevencion","tag-violencias"],"nelio_content":{"autoShareEndMode":"never","automationSources":{"useCustomSentences":false,"customSentences":[]},"efiAlt":"","efiUrl":"","followers":[4],"highlights":[],"isAutoShareEnabled":true,"networkImageIds":[],"permalinkQueryArgs":[],"series":[],"suggestedReferences":[]},"yoast_head":"<!-- This site is optimized with the Yoast SEO plugin v27.5 - https:\/\/yoast.com\/product\/yoast-seo-wordpress\/ -->\n<title>De la mano de la ESI, frenemos el odio - Diario Digital Femenino<\/title>\n<meta name=\"description\" content=\"De la mano de la ESI. La noticia acerca de las m\u00e1s de diez escuelas de La Plata que fueron vandalizadas con leyendas en contra de la ESI.\" \/>\n<meta name=\"robots\" content=\"index, follow, max-snippet:-1, max-image-preview:large, max-video-preview:-1\" \/>\n<link rel=\"canonical\" href=\"https:\/\/diariofemenino.com.ar\/df\/de-la-mano-de-la-esi-frenemos-el-odio\/\" \/>\n<meta property=\"og:locale\" content=\"es_ES\" \/>\n<meta property=\"og:type\" content=\"article\" \/>\n<meta property=\"og:title\" content=\"De la mano de la ESI, frenemos el odio - Diario Digital Femenino\" \/>\n<meta property=\"og:description\" content=\"De la mano de la ESI. La noticia acerca de las m\u00e1s de diez escuelas de La Plata que fueron vandalizadas con leyendas en contra de la ESI.\" \/>\n<meta property=\"og:url\" content=\"https:\/\/diariofemenino.com.ar\/df\/de-la-mano-de-la-esi-frenemos-el-odio\/\" \/>\n<meta property=\"og:site_name\" content=\"Diario Digital Femenino\" \/>\n<meta property=\"article:publisher\" content=\"https:\/\/www.facebook.com\/DiarioDigitaFemenino\/\" \/>\n<meta property=\"article:published_time\" content=\"2023-09-05T13:49:31+00:00\" \/>\n<meta property=\"og:image\" content=\"https:\/\/diariofemenino.com.ar\/df\/wp-content\/uploads\/2023\/09\/Anfibia_portada_01.jpg\" \/>\n\t<meta property=\"og:image:width\" content=\"1920\" \/>\n\t<meta property=\"og:image:height\" content=\"1080\" \/>\n\t<meta property=\"og:image:type\" content=\"image\/jpeg\" \/>\n<meta name=\"author\" content=\"Admin\" \/>\n<meta name=\"twitter:card\" content=\"summary_large_image\" \/>\n<meta name=\"twitter:creator\" content=\"@DiarioFemenino1\" \/>\n<meta name=\"twitter:site\" content=\"@DiarioFemenino1\" \/>\n<meta name=\"twitter:label1\" content=\"Escrito por\" \/>\n\t<meta name=\"twitter:data1\" content=\"Admin\" \/>\n\t<meta name=\"twitter:label2\" content=\"Tiempo de lectura\" \/>\n\t<meta name=\"twitter:data2\" content=\"4 minutos\" \/>\n<script type=\"application\/ld+json\" class=\"yoast-schema-graph\">{\"@context\":\"https:\\\/\\\/schema.org\",\"@graph\":[{\"@type\":\"Article\",\"@id\":\"https:\\\/\\\/diariofemenino.com.ar\\\/df\\\/de-la-mano-de-la-esi-frenemos-el-odio\\\/#article\",\"isPartOf\":{\"@id\":\"https:\\\/\\\/diariofemenino.com.ar\\\/df\\\/de-la-mano-de-la-esi-frenemos-el-odio\\\/\"},\"author\":{\"name\":\"Admin\",\"@id\":\"https:\\\/\\\/diariofemenino.com.ar\\\/df\\\/#\\\/schema\\\/person\\\/bf6199e8158c657ea6f789b11ec85509\"},\"headline\":\"De la mano de la ESI, frenemos el odio\",\"datePublished\":\"2023-09-05T13:49:31+00:00\",\"mainEntityOfPage\":{\"@id\":\"https:\\\/\\\/diariofemenino.com.ar\\\/df\\\/de-la-mano-de-la-esi-frenemos-el-odio\\\/\"},\"wordCount\":862,\"commentCount\":0,\"publisher\":{\"@id\":\"https:\\\/\\\/diariofemenino.com.ar\\\/df\\\/#organization\"},\"image\":{\"@id\":\"https:\\\/\\\/diariofemenino.com.ar\\\/df\\\/de-la-mano-de-la-esi-frenemos-el-odio\\\/#primaryimage\"},\"thumbnailUrl\":\"https:\\\/\\\/diariofemenino.com.ar\\\/df\\\/wp-content\\\/uploads\\\/2023\\\/09\\\/Anfibia_portada_01.jpg\",\"keywords\":[\"Conceptos\",\"Contexto\",\"Debates\",\"Destacada\",\"Discursos\",\"ESI\",\"Herramientas\",\"Investigaci\u00f3n\",\"Mar\u00eda In\u00e9s Alvarado\",\"Odio\",\"Prevenci\u00f3n\",\"Violencias\"],\"articleSection\":[\"Actividades\",\"Art\u00edculos y Comunicados\",\"Azul Profundo\",\"De ESI S\u00ed Se Habla\",\"G\u00e9nero y Derechos Humanos\",\"Violencias\"],\"inLanguage\":\"es\",\"potentialAction\":[{\"@type\":\"CommentAction\",\"name\":\"Comment\",\"target\":[\"https:\\\/\\\/diariofemenino.com.ar\\\/df\\\/de-la-mano-de-la-esi-frenemos-el-odio\\\/#respond\"]}]},{\"@type\":\"WebPage\",\"@id\":\"https:\\\/\\\/diariofemenino.com.ar\\\/df\\\/de-la-mano-de-la-esi-frenemos-el-odio\\\/\",\"url\":\"https:\\\/\\\/diariofemenino.com.ar\\\/df\\\/de-la-mano-de-la-esi-frenemos-el-odio\\\/\",\"name\":\"De la mano de la ESI, frenemos el odio - Diario Digital Femenino\",\"isPartOf\":{\"@id\":\"https:\\\/\\\/diariofemenino.com.ar\\\/df\\\/#website\"},\"primaryImageOfPage\":{\"@id\":\"https:\\\/\\\/diariofemenino.com.ar\\\/df\\\/de-la-mano-de-la-esi-frenemos-el-odio\\\/#primaryimage\"},\"image\":{\"@id\":\"https:\\\/\\\/diariofemenino.com.ar\\\/df\\\/de-la-mano-de-la-esi-frenemos-el-odio\\\/#primaryimage\"},\"thumbnailUrl\":\"https:\\\/\\\/diariofemenino.com.ar\\\/df\\\/wp-content\\\/uploads\\\/2023\\\/09\\\/Anfibia_portada_01.jpg\",\"datePublished\":\"2023-09-05T13:49:31+00:00\",\"description\":\"De la mano de la ESI. La noticia acerca de las m\u00e1s de diez escuelas de La Plata que fueron vandalizadas con leyendas en contra de la ESI.\",\"breadcrumb\":{\"@id\":\"https:\\\/\\\/diariofemenino.com.ar\\\/df\\\/de-la-mano-de-la-esi-frenemos-el-odio\\\/#breadcrumb\"},\"inLanguage\":\"es\",\"potentialAction\":[{\"@type\":\"ReadAction\",\"target\":[\"https:\\\/\\\/diariofemenino.com.ar\\\/df\\\/de-la-mano-de-la-esi-frenemos-el-odio\\\/\"]}]},{\"@type\":\"ImageObject\",\"inLanguage\":\"es\",\"@id\":\"https:\\\/\\\/diariofemenino.com.ar\\\/df\\\/de-la-mano-de-la-esi-frenemos-el-odio\\\/#primaryimage\",\"url\":\"https:\\\/\\\/diariofemenino.com.ar\\\/df\\\/wp-content\\\/uploads\\\/2023\\\/09\\\/Anfibia_portada_01.jpg\",\"contentUrl\":\"https:\\\/\\\/diariofemenino.com.ar\\\/df\\\/wp-content\\\/uploads\\\/2023\\\/09\\\/Anfibia_portada_01.jpg\",\"width\":1920,\"height\":1080,\"caption\":\"De la mano de la ESI, frenemos el odio\"},{\"@type\":\"BreadcrumbList\",\"@id\":\"https:\\\/\\\/diariofemenino.com.ar\\\/df\\\/de-la-mano-de-la-esi-frenemos-el-odio\\\/#breadcrumb\",\"itemListElement\":[{\"@type\":\"ListItem\",\"position\":1,\"name\":\"Portada\",\"item\":\"https:\\\/\\\/diariofemenino.com.ar\\\/df\\\/\"},{\"@type\":\"ListItem\",\"position\":2,\"name\":\"De la mano de la ESI, frenemos el odio\"}]},{\"@type\":\"WebSite\",\"@id\":\"https:\\\/\\\/diariofemenino.com.ar\\\/df\\\/#website\",\"url\":\"https:\\\/\\\/diariofemenino.com.ar\\\/df\\\/\",\"name\":\"Diario Digital Femenino\",\"description\":\"Cuesti\u00f3n de G\u00e9nero\",\"publisher\":{\"@id\":\"https:\\\/\\\/diariofemenino.com.ar\\\/df\\\/#organization\"},\"potentialAction\":[{\"@type\":\"SearchAction\",\"target\":{\"@type\":\"EntryPoint\",\"urlTemplate\":\"https:\\\/\\\/diariofemenino.com.ar\\\/df\\\/?s={search_term_string}\"},\"query-input\":{\"@type\":\"PropertyValueSpecification\",\"valueRequired\":true,\"valueName\":\"search_term_string\"}}],\"inLanguage\":\"es\"},{\"@type\":\"Organization\",\"@id\":\"https:\\\/\\\/diariofemenino.com.ar\\\/df\\\/#organization\",\"name\":\"Diario Femenino\",\"url\":\"https:\\\/\\\/diariofemenino.com.ar\\\/df\\\/\",\"logo\":{\"@type\":\"ImageObject\",\"inLanguage\":\"es\",\"@id\":\"https:\\\/\\\/diariofemenino.com.ar\\\/df\\\/#\\\/schema\\\/logo\\\/image\\\/\",\"url\":\"https:\\\/\\\/diariofemenino.com.ar\\\/df\\\/wp-content\\\/uploads\\\/2018\\\/10\\\/logo.png\",\"contentUrl\":\"https:\\\/\\\/diariofemenino.com.ar\\\/df\\\/wp-content\\\/uploads\\\/2018\\\/10\\\/logo.png\",\"width\":500,\"height\":92,\"caption\":\"Diario Femenino\"},\"image\":{\"@id\":\"https:\\\/\\\/diariofemenino.com.ar\\\/df\\\/#\\\/schema\\\/logo\\\/image\\\/\"},\"sameAs\":[\"https:\\\/\\\/www.facebook.com\\\/DiarioDigitaFemenino\\\/\",\"https:\\\/\\\/x.com\\\/DiarioFemenino1\"]},{\"@type\":\"Person\",\"@id\":\"https:\\\/\\\/diariofemenino.com.ar\\\/df\\\/#\\\/schema\\\/person\\\/bf6199e8158c657ea6f789b11ec85509\",\"name\":\"Admin\",\"image\":{\"@type\":\"ImageObject\",\"inLanguage\":\"es\",\"@id\":\"https:\\\/\\\/diariofemenino.com.ar\\\/df\\\/wp-content\\\/uploads\\\/2018\\\/12\\\/favicon-150x150.jpg\",\"url\":\"https:\\\/\\\/diariofemenino.com.ar\\\/df\\\/wp-content\\\/uploads\\\/2018\\\/12\\\/favicon-150x150.jpg\",\"contentUrl\":\"https:\\\/\\\/diariofemenino.com.ar\\\/df\\\/wp-content\\\/uploads\\\/2018\\\/12\\\/favicon-150x150.jpg\",\"caption\":\"Admin\"},\"url\":\"https:\\\/\\\/diariofemenino.com.ar\\\/df\\\/author\\\/lenny\\\/\"}]}<\/script>\n<!-- \/ Yoast SEO plugin. -->","yoast_head_json":{"title":"De la mano de la ESI, frenemos el odio - Diario Digital Femenino","description":"De la mano de la ESI. La noticia acerca de las m\u00e1s de diez escuelas de La Plata que fueron vandalizadas con leyendas en contra de la ESI.","robots":{"index":"index","follow":"follow","max-snippet":"max-snippet:-1","max-image-preview":"max-image-preview:large","max-video-preview":"max-video-preview:-1"},"canonical":"https:\/\/diariofemenino.com.ar\/df\/de-la-mano-de-la-esi-frenemos-el-odio\/","og_locale":"es_ES","og_type":"article","og_title":"De la mano de la ESI, frenemos el odio - Diario Digital Femenino","og_description":"De la mano de la ESI. La noticia acerca de las m\u00e1s de diez escuelas de La Plata que fueron vandalizadas con leyendas en contra de la ESI.","og_url":"https:\/\/diariofemenino.com.ar\/df\/de-la-mano-de-la-esi-frenemos-el-odio\/","og_site_name":"Diario Digital Femenino","article_publisher":"https:\/\/www.facebook.com\/DiarioDigitaFemenino\/","article_published_time":"2023-09-05T13:49:31+00:00","og_image":[{"width":1920,"height":1080,"url":"https:\/\/diariofemenino.com.ar\/df\/wp-content\/uploads\/2023\/09\/Anfibia_portada_01.jpg","type":"image\/jpeg"}],"author":"Admin","twitter_card":"summary_large_image","twitter_creator":"@DiarioFemenino1","twitter_site":"@DiarioFemenino1","twitter_misc":{"Escrito por":"Admin","Tiempo de lectura":"4 minutos"},"schema":{"@context":"https:\/\/schema.org","@graph":[{"@type":"Article","@id":"https:\/\/diariofemenino.com.ar\/df\/de-la-mano-de-la-esi-frenemos-el-odio\/#article","isPartOf":{"@id":"https:\/\/diariofemenino.com.ar\/df\/de-la-mano-de-la-esi-frenemos-el-odio\/"},"author":{"name":"Admin","@id":"https:\/\/diariofemenino.com.ar\/df\/#\/schema\/person\/bf6199e8158c657ea6f789b11ec85509"},"headline":"De la mano de la ESI, frenemos el odio","datePublished":"2023-09-05T13:49:31+00:00","mainEntityOfPage":{"@id":"https:\/\/diariofemenino.com.ar\/df\/de-la-mano-de-la-esi-frenemos-el-odio\/"},"wordCount":862,"commentCount":0,"publisher":{"@id":"https:\/\/diariofemenino.com.ar\/df\/#organization"},"image":{"@id":"https:\/\/diariofemenino.com.ar\/df\/de-la-mano-de-la-esi-frenemos-el-odio\/#primaryimage"},"thumbnailUrl":"https:\/\/diariofemenino.com.ar\/df\/wp-content\/uploads\/2023\/09\/Anfibia_portada_01.jpg","keywords":["Conceptos","Contexto","Debates","Destacada","Discursos","ESI","Herramientas","Investigaci\u00f3n","Mar\u00eda In\u00e9s Alvarado","Odio","Prevenci\u00f3n","Violencias"],"articleSection":["Actividades","Art\u00edculos y Comunicados","Azul Profundo","De ESI S\u00ed Se Habla","G\u00e9nero y Derechos Humanos","Violencias"],"inLanguage":"es","potentialAction":[{"@type":"CommentAction","name":"Comment","target":["https:\/\/diariofemenino.com.ar\/df\/de-la-mano-de-la-esi-frenemos-el-odio\/#respond"]}]},{"@type":"WebPage","@id":"https:\/\/diariofemenino.com.ar\/df\/de-la-mano-de-la-esi-frenemos-el-odio\/","url":"https:\/\/diariofemenino.com.ar\/df\/de-la-mano-de-la-esi-frenemos-el-odio\/","name":"De la mano de la ESI, frenemos el odio - Diario Digital Femenino","isPartOf":{"@id":"https:\/\/diariofemenino.com.ar\/df\/#website"},"primaryImageOfPage":{"@id":"https:\/\/diariofemenino.com.ar\/df\/de-la-mano-de-la-esi-frenemos-el-odio\/#primaryimage"},"image":{"@id":"https:\/\/diariofemenino.com.ar\/df\/de-la-mano-de-la-esi-frenemos-el-odio\/#primaryimage"},"thumbnailUrl":"https:\/\/diariofemenino.com.ar\/df\/wp-content\/uploads\/2023\/09\/Anfibia_portada_01.jpg","datePublished":"2023-09-05T13:49:31+00:00","description":"De la mano de la ESI. La noticia acerca de las m\u00e1s de diez escuelas de La Plata que fueron vandalizadas con leyendas en contra de la ESI.","breadcrumb":{"@id":"https:\/\/diariofemenino.com.ar\/df\/de-la-mano-de-la-esi-frenemos-el-odio\/#breadcrumb"},"inLanguage":"es","potentialAction":[{"@type":"ReadAction","target":["https:\/\/diariofemenino.com.ar\/df\/de-la-mano-de-la-esi-frenemos-el-odio\/"]}]},{"@type":"ImageObject","inLanguage":"es","@id":"https:\/\/diariofemenino.com.ar\/df\/de-la-mano-de-la-esi-frenemos-el-odio\/#primaryimage","url":"https:\/\/diariofemenino.com.ar\/df\/wp-content\/uploads\/2023\/09\/Anfibia_portada_01.jpg","contentUrl":"https:\/\/diariofemenino.com.ar\/df\/wp-content\/uploads\/2023\/09\/Anfibia_portada_01.jpg","width":1920,"height":1080,"caption":"De la mano de la ESI, frenemos el odio"},{"@type":"BreadcrumbList","@id":"https:\/\/diariofemenino.com.ar\/df\/de-la-mano-de-la-esi-frenemos-el-odio\/#breadcrumb","itemListElement":[{"@type":"ListItem","position":1,"name":"Portada","item":"https:\/\/diariofemenino.com.ar\/df\/"},{"@type":"ListItem","position":2,"name":"De la mano de la ESI, frenemos el odio"}]},{"@type":"WebSite","@id":"https:\/\/diariofemenino.com.ar\/df\/#website","url":"https:\/\/diariofemenino.com.ar\/df\/","name":"Diario Digital Femenino","description":"Cuesti\u00f3n de G\u00e9nero","publisher":{"@id":"https:\/\/diariofemenino.com.ar\/df\/#organization"},"potentialAction":[{"@type":"SearchAction","target":{"@type":"EntryPoint","urlTemplate":"https:\/\/diariofemenino.com.ar\/df\/?s={search_term_string}"},"query-input":{"@type":"PropertyValueSpecification","valueRequired":true,"valueName":"search_term_string"}}],"inLanguage":"es"},{"@type":"Organization","@id":"https:\/\/diariofemenino.com.ar\/df\/#organization","name":"Diario Femenino","url":"https:\/\/diariofemenino.com.ar\/df\/","logo":{"@type":"ImageObject","inLanguage":"es","@id":"https:\/\/diariofemenino.com.ar\/df\/#\/schema\/logo\/image\/","url":"https:\/\/diariofemenino.com.ar\/df\/wp-content\/uploads\/2018\/10\/logo.png","contentUrl":"https:\/\/diariofemenino.com.ar\/df\/wp-content\/uploads\/2018\/10\/logo.png","width":500,"height":92,"caption":"Diario Femenino"},"image":{"@id":"https:\/\/diariofemenino.com.ar\/df\/#\/schema\/logo\/image\/"},"sameAs":["https:\/\/www.facebook.com\/DiarioDigitaFemenino\/","https:\/\/x.com\/DiarioFemenino1"]},{"@type":"Person","@id":"https:\/\/diariofemenino.com.ar\/df\/#\/schema\/person\/bf6199e8158c657ea6f789b11ec85509","name":"Admin","image":{"@type":"ImageObject","inLanguage":"es","@id":"https:\/\/diariofemenino.com.ar\/df\/wp-content\/uploads\/2018\/12\/favicon-150x150.jpg","url":"https:\/\/diariofemenino.com.ar\/df\/wp-content\/uploads\/2018\/12\/favicon-150x150.jpg","contentUrl":"https:\/\/diariofemenino.com.ar\/df\/wp-content\/uploads\/2018\/12\/favicon-150x150.jpg","caption":"Admin"},"url":"https:\/\/diariofemenino.com.ar\/df\/author\/lenny\/"}]}},"jetpack_featured_media_url":"https:\/\/diariofemenino.com.ar\/df\/wp-content\/uploads\/2023\/09\/Anfibia_portada_01.jpg","jetpack_sharing_enabled":true,"rttpg_featured_image_url":{"full":["https:\/\/diariofemenino.com.ar\/df\/wp-content\/uploads\/2023\/09\/Anfibia_portada_01.jpg",1920,1080,false],"landscape":["https:\/\/diariofemenino.com.ar\/df\/wp-content\/uploads\/2023\/09\/Anfibia_portada_01.jpg",1920,1080,false],"portraits":["https:\/\/diariofemenino.com.ar\/df\/wp-content\/uploads\/2023\/09\/Anfibia_portada_01.jpg",1920,1080,false],"thumbnail":["https:\/\/diariofemenino.com.ar\/df\/wp-content\/uploads\/2023\/09\/Anfibia_portada_01-150x150.jpg",150,150,true],"medium":["https:\/\/diariofemenino.com.ar\/df\/wp-content\/uploads\/2023\/09\/Anfibia_portada_01-300x169.jpg",300,169,true],"large":["https:\/\/diariofemenino.com.ar\/df\/wp-content\/uploads\/2023\/09\/Anfibia_portada_01-1024x576.jpg",1024,576,true],"1536x1536":["https:\/\/diariofemenino.com.ar\/df\/wp-content\/uploads\/2023\/09\/Anfibia_portada_01.jpg",1536,864,false],"2048x2048":["https:\/\/diariofemenino.com.ar\/df\/wp-content\/uploads\/2023\/09\/Anfibia_portada_01.jpg",1920,1080,false]},"rttpg_author":{"display_name":"Admin","author_link":"https:\/\/diariofemenino.com.ar\/df\/author\/lenny\/"},"rttpg_comment":0,"rttpg_category":"<a href=\"https:\/\/diariofemenino.com.ar\/df\/category\/actividades\/\" rel=\"category tag\">Actividades<\/a> <a href=\"https:\/\/diariofemenino.com.ar\/df\/category\/articulos-y-comunicados\/\" rel=\"category tag\">Art\u00edculos y Comunicados<\/a> <a href=\"https:\/\/diariofemenino.com.ar\/df\/category\/azul-profundo\/\" rel=\"category tag\">Azul Profundo<\/a> <a href=\"https:\/\/diariofemenino.com.ar\/df\/category\/de-esi-si-se-habla\/\" rel=\"category tag\">De ESI S\u00ed Se Habla<\/a> <a href=\"https:\/\/diariofemenino.com.ar\/df\/category\/genero-y-derechos-humanos\/\" rel=\"category tag\">G\u00e9nero y Derechos Humanos<\/a> <a href=\"https:\/\/diariofemenino.com.ar\/df\/category\/violencias\/\" rel=\"category tag\">Violencias<\/a>","rttpg_excerpt":"\u00a0\u00a0\u00a0\u00a0\u00a0\u00a0\u00a0\u00a0\u00a0\u00a0\u00a0 La noticia acerca de las m\u00e1s de diez escuelas de La Plata que fueron vandalizadas con leyendas en contra de la ESI, lleva nuevamente a pensar de qu\u00e9 manera trabajar en las aulas los discursos de odio (DDO). Seg\u00fan el informe \u00abDiscursos de odio en Argentina\u00bb creado por el CONICET, el t\u00e9rmino se refiere&hellip;","_links":{"self":[{"href":"https:\/\/diariofemenino.com.ar\/df\/wp-json\/wp\/v2\/posts\/71207","targetHints":{"allow":["GET"]}}],"collection":[{"href":"https:\/\/diariofemenino.com.ar\/df\/wp-json\/wp\/v2\/posts"}],"about":[{"href":"https:\/\/diariofemenino.com.ar\/df\/wp-json\/wp\/v2\/types\/post"}],"author":[{"embeddable":true,"href":"https:\/\/diariofemenino.com.ar\/df\/wp-json\/wp\/v2\/users\/4"}],"replies":[{"embeddable":true,"href":"https:\/\/diariofemenino.com.ar\/df\/wp-json\/wp\/v2\/comments?post=71207"}],"version-history":[{"count":0,"href":"https:\/\/diariofemenino.com.ar\/df\/wp-json\/wp\/v2\/posts\/71207\/revisions"}],"wp:featuredmedia":[{"embeddable":true,"href":"https:\/\/diariofemenino.com.ar\/df\/wp-json\/wp\/v2\/media\/71214"}],"wp:attachment":[{"href":"https:\/\/diariofemenino.com.ar\/df\/wp-json\/wp\/v2\/media?parent=71207"}],"wp:term":[{"taxonomy":"category","embeddable":true,"href":"https:\/\/diariofemenino.com.ar\/df\/wp-json\/wp\/v2\/categories?post=71207"},{"taxonomy":"post_tag","embeddable":true,"href":"https:\/\/diariofemenino.com.ar\/df\/wp-json\/wp\/v2\/tags?post=71207"}],"curies":[{"name":"wp","href":"https:\/\/api.w.org\/{rel}","templated":true}]}}