{"id":71201,"date":"2023-09-01T11:13:31","date_gmt":"2023-09-01T14:13:31","guid":{"rendered":"https:\/\/diariofemenino.com.ar\/df\/?p=71201"},"modified":"2023-09-01T11:18:14","modified_gmt":"2023-09-01T14:18:14","slug":"rehenes-de-la-injusticia-argentina","status":"publish","type":"post","link":"https:\/\/diariofemenino.com.ar\/df\/rehenes-de-la-injusticia-argentina\/","title":{"rendered":"Rehenes de la (in)justicia argentina"},"content":{"rendered":"<p>Rehenes&#8230;<\/p>\n<p style=\"padding-left: 60px;\">Si vos no colabor\u00e1s con el Se\u00f1or, las instituciones se van a tener que hacer cargo de tus hijes. Mueca grotesca que retumba en mis o\u00eddos. Palabras-martillos. Golpe seco.\u00a0 Fisuras que se propagan. Dibujo astillado que me agrieta el alma. No hay amparo, no hay apoyo, no hay justicia. No hay garant\u00eda que valga. Estamos solos. Solos en la orilla de un oc\u00e9ano de terror<a href=\"#_ftn1\" name=\"_ftnref1\">[1]<\/a>.<\/p>\n<p>Por Alejandro Duchini*<\/p>\n<p>Cuando Frida (que no se llama as\u00ed) se present\u00f3 a su primera audiencia ante el juzgado de familia confiaba en la justicia. Pens\u00f3 que las cosas eran m\u00e1s que obvias. Frida no es argentina. Sus hijes mellizes, en cambio, son argentines accidentales; decidieron adelantarse mientras su mam\u00e1 se encontraba trabajando en un breve proyecto de investigaci\u00f3n en Buenos Aires, proyecto que hab\u00eda aceptado m\u00e1s que nada para huir de las persecuciones y amenazas de su ex.<\/p>\n<p>El ex de Frida tampoco es argentino. Cuando se enter\u00f3 del nacimiento de les beb\u00e9s, la sigui\u00f3 a Buenos Aires. Se present\u00f3 en el Registro Civil y pudo anotarse como padre, sin el consentimiento de Frida, y sin presentar un s\u00f3lo documento. Adem\u00e1s, firm\u00f3 un reconocimiento paterno ante el consulado del pa\u00eds natal de Frida y una restricci\u00f3n de salida de Argentina para les beb\u00e9s. Acto seguido, comenz\u00f3 a mandar flores de cementerio a neonatolog\u00eda y le comunic\u00f3 a Frida que ten\u00eda dos opciones: casarse con \u00e9l y seguirle a su pa\u00eds o quedarse encerrada en Argentina, lejos de su pa\u00eds, su familia, su idioma, y de cualquier posibilidad laboral. O sea, que se iba a quedar en la calle, completamente sola con dos beb\u00e9s prematures para les que \u00e9l no pensaba pagar ni un s\u00f3lo centavo. Tampoco iba a poder pagar la cobertura m\u00e9dica y necesitaba operar al m\u00e1s chiquite de sus hijes que hab\u00eda nacido con una deformidad cong\u00e9nita.<\/p>\n<p>Frente a semejante panorama, Frida realiz\u00f3 una minuciosa investigaci\u00f3n. Descubri\u00f3 que su ex ten\u00eda antecedentes criminales por posesi\u00f3n ilegal de armas, venta de drogas, entraderas y robos a mano armada. Obtuvo la documentaci\u00f3n correspondiente y la present\u00f3 para respaldar sus denuncias por violencia.<\/p>\n<p>Si bien la ley argentina garantiza la protecci\u00f3n de las v\u00edctimas, les otorga el derecho a audiencias por separado y al tratamiento confidencial de sus direcciones, desgraciadamente, nada de esto se cumple.<\/p>\n<p style=\"padding-left: 30px;\">Espera en el hall subterr\u00e1neo. Antesala del infierno. Mi defensora est\u00e1 atrasada. \u00c9l ya lleg\u00f3. Erguido en la otra ribera de las tinieblas. Estoy de pie, entre las mamparas donde el guardia de seguridad me puede ver. Monitoreo sus movimientos. \u00bfY si tiene un arma? El de seguridad no llegar\u00eda a tiempo. Est\u00e1 tomando mate.<\/p>\n<p style=\"padding-left: 30px;\">Que lo \u00fanico que le importa es que estes ni\u00f1es son argentines. Incr\u00e9dula. Los abuelos, t\u00edos, primos, no importan. El techo garantizado, mi trabajo, los subsidios salvadores, detalle trivial. La extorsi\u00f3n, las palabras-rocas, el zumbido de los proyectiles en el aire helado, relato anecd\u00f3tico excluido de esta sala de audiencia. Mueca que se burla de la fragilidad de nuestra situaci\u00f3n. \u00c9l se pone a sollozar. Que posee una sola remera. Gesto demostrativo sacudiendo su chomba. La jueza gira hacia m\u00ed. Que debo entender. Habla lento, de articulaci\u00f3n exagerada. Hay padres ricos y padres pobres. Cuando los padres son ricos, los ni\u00f1itos van a tener mucho. Cuando los padres son pobres, los ni\u00f1itos van a tener poco. Puede pasar que un padre tenga un solo choclito para dar. Y entonces, los ni\u00f1itos van a tener que morder granitos de choclo. Un espectro. Paralizada, la veo sujetar un choclo imaginario. Amontonamiento de arrugas de cuero amarillo. Farsa grotesca. Mueca que revela su dentadura marr\u00f3n. Empieza a morder los granos. Goce de la degluci\u00f3n. Pilas de expedientes deste\u00f1idos y justicia denegada como tel\u00f3n de fondo.<\/p>\n<p>La situaci\u00f3n econ\u00f3mica de Frida se complic\u00f3 mucho. Debido al bajo peso con el que hab\u00edan nacido, les beb\u00e9s no dorm\u00edan m\u00e1s de dos horas de corrido. Pero hab\u00eda que ocuparse del proceso judicial, de los m\u00e9dicos y del tema de la vivienda; Frida estaba alojada en un lugar temporario cuando se adelantaron sus hijes. Est\u00e1 eternamente agradecida por la ayuda financiera de su pap\u00e1 porque sabe que con el poco trabajo virtual que lograba hacer en esa \u00e9poca tan agotadora y angustiante, habr\u00eda terminado en situaci\u00f3n de calle. Que no pod\u00eda presentar sus hijes a su familia, se convirti\u00f3 en el menor de sus problemas.<\/p>\n<figure id=\"attachment_71204\" aria-describedby=\"caption-attachment-71204\" style=\"width: 633px\" class=\"wp-caption aligncenter\"><img loading=\"lazy\" decoding=\"async\" class=\" wp-image-71204\" src=\"https:\/\/diariofemenino.com.ar\/df\/wp-content\/uploads\/2023\/09\/20230809_1646331-1024x1024.jpg\" alt=\"Rehenes de la (in)justicia argentina\" width=\"633\" height=\"633\" srcset=\"https:\/\/diariofemenino.com.ar\/df\/wp-content\/uploads\/2023\/09\/20230809_1646331-1024x1024.jpg 1024w, https:\/\/diariofemenino.com.ar\/df\/wp-content\/uploads\/2023\/09\/20230809_1646331-150x150.jpg 150w, https:\/\/diariofemenino.com.ar\/df\/wp-content\/uploads\/2023\/09\/20230809_1646331-300x300.jpg 300w, https:\/\/diariofemenino.com.ar\/df\/wp-content\/uploads\/2023\/09\/20230809_1646331-768x768.jpg 768w, https:\/\/diariofemenino.com.ar\/df\/wp-content\/uploads\/2023\/09\/20230809_1646331.jpg 1042w\" sizes=\"auto, (max-width: 633px) 100vw, 633px\" \/><figcaption id=\"caption-attachment-71204\" class=\"wp-caption-text\">Rehenes de la (in)justicia argentina<\/figcaption><\/figure>\n<p>Continuaban las audiencias, los escritos, las reuniones en distintos patrocinios jur\u00eddicos, continuaban tambi\u00e9n las expediciones a distintas fiscal\u00edas, ya que su ex segu\u00eda amenaz\u00e1ndola. Que les beb\u00e9s estar\u00edan mejor muertes que con ella, le dec\u00eda. Que sus padres adinerados le iban a ayudar a meterla presa, que se iba a llevar a sus hijes y que les iba a decir que ella estaba muerta.<\/p>\n<p style=\"padding-left: 30px;\">Striptease del alma en el Cuerpo Interdisciplinario de Comodoro Py. Desfile de m\u00e1s psic\u00f3logas y trabajadoras sociales en el edificio de la 9 de Julio.\u00a0 Desmenuzamiento de mi intimidad. Manoseo de cada pliegue de mi historia. Manos transpiradas, dedos sucios. Inserci\u00f3n de juicios de valor. Acaban por penetrar hasta en mi casa. A ver si soy una buena madre.<\/p>\n<p>Un buen d\u00eda, el juzgado revel\u00f3 el domicilio \u2014supuestamente reservado\u2014 de Frida a su ex porque \u201cel padre tiene derecho a saber d\u00f3nde viven sus hijes\u201d. Fue as\u00ed como este empez\u00f3 a merodear por su edificio. Frida tuvo mucha suerte. Logr\u00f3 encontrar otro lugar, agarr\u00f3 a sus hijes y todas sus pertenencias, algunos pocos bolsos de ropa y un colch\u00f3n, y se mud\u00f3. Nunca m\u00e1s volver\u00eda a revelar su domicilio real a la justicia, dice. Pensativa, agrega, <em>and\u00e1 a saber qu\u00e9 hubiera pasado si no lograba mudarme.<\/em><\/p>\n<p>Despu\u00e9s de casi dos a\u00f1os, el ex de Frida desapareci\u00f3. Con el pasar de los meses, se instal\u00f3 una cierta ilusi\u00f3n de paz y Frida comenz\u00f3 a dormir mejor. Hasta que un d\u00eda le lleg\u00f3 una nueva c\u00e9dula judicial. Una denuncia por incumplimiento de contacto.<\/p>\n<p><a href=\"https:\/\/www.pensamientopenal.com.ar\/system\/files\/2021\/04\/doctrina89057.pdf\">Ley 24.270<\/a>, Art.\u00a0 1\u00ba-Ser\u00e1 reprimido con prisi\u00f3n de un mes a un a\u00f1o el padre o tercero que, ilegalmente, impidiere u obstruyere el contacto de menores de edad con sus padres no convivientes. Si se tratare de un menor de diez a\u00f1os o de un discapacitado, la pena ser\u00e1 de seis meses a tres a\u00f1os de prisi\u00f3n.<\/p>\n<p>Un d\u00eda antes de la audiencia en el juzgado penal, la abogada del ex se comunic\u00f3 con el abogado penalista de Frida. Acababa de renunciar a la causa por motivos \u00e9ticos. Adem\u00e1s, lo estaba denunciando porque le hab\u00eda confesado sus intenciones de secuestrar a les hijes de Frida y porque la hab\u00eda amenazado. Ten\u00eda todo preparado para sacarles ilegalmente de Argentina y llevarles a su pa\u00eds ni bien obtuviera las visitas.<\/p>\n<p>Despu\u00e9s de escuchar las declaraciones de la ex abogada, la jueza decidi\u00f3 que la causa no ten\u00eda nada que ver en el fuero penal, que se trataba de un conflicto entre las partes y que ten\u00eda que volver al juzgado de familia. Al d\u00eda siguiente, el ex de Frida se present\u00f3 en el consulado de su pa\u00eds y firm\u00f3 un acta consular, rescindiendo su paternidad seg\u00fan la ley del pa\u00eds de Frida, un poco como si estuviera rescindiendo un contrato de Cablevisi\u00f3n. Quer\u00eda evitar que la justicia del pa\u00eds en cuesti\u00f3n lo obligase a pagar alimentos. Inmediatamente despu\u00e9s, volvi\u00f3 al Juzgado de familia para seguir reclamando sus derechos seg\u00fan la ley argentina ya que esta no lo obligaba a nada.<\/p>\n<p style=\"padding-left: 30px;\">Tiene todo listo para llevarse a tus hijes. Todo, hasta los documentos falsos. Palabras ajenas. Instancia de validaci\u00f3n. Frase-pala. Exhuma el cofre mal tapado en el fondo de mis miedos. Viejos fantasmas burl\u00e1ndose del umbral de las pesadillas. Noches de insomnio y sobresaltos. Me lo dijo pocas horas despu\u00e9s del test de embarazo. Si no me caso con \u00e9l, me va a perseguir hasta el fin del mundo. Voy a descubrir el infierno. Me les va a quitar. Pupilas negras de perversidad. Cree que me tiene atrapada. Renovada nitidez de las amenazas. Hu\u00e9rfana de justicia, s\u00e9 que entre \u00e9l y nosotres no hay m\u00e1s que unas puertas.<\/p>\n<p>Los abogados de Frida presentaron todas la pruebas ante el juzgado de familia: las declaraciones de la ex abogada, el acto consular con la rescisi\u00f3n de la paternidad y la \u00faltima denuncia que Frida hab\u00eda hecho despu\u00e9s de esperar 14 horas junto a sus hijes en la Comisar\u00eda de la Mujer. Que hay que tener paciencia, ac\u00e1 hay casos realmente graves, le hab\u00edan dicho. Que todav\u00eda no les hab\u00eda secuestrado. Cuando volvi\u00f3 al juzgado de familia para retirar un documento, la asistente social del juzgado se le acerc\u00f3 a los gritos, insult\u00e1ndola, dici\u00e9ndole que era\u00a0 <em>una cualquiera <\/em>y<em> una mentirosa<\/em>. \u201cPor tu culpa hace m\u00e1s de dos a\u00f1os que tus hijes no tienen padre\u201d. Que no se atreviera a volver a meter pie en ese juzgado.<\/p>\n<p style=\"padding-left: 30px;\">Vos lo elegiste. Te lo buscaste. Hacete cargo, vos lo elegiste como pap\u00e1 de tus hijes. En los conflictos siempre participan dos. Nosotros milagros no podemos hacer. Sonrisa \u00e1cida. Mi abogada me toca el brazo. Debe tener miedo de que diga lo que pienso. Tu elecci\u00f3n. Cacofon\u00eda que me crispa las manos y nos condena a la soledad. Cansancio. Tantas defensor\u00edas, estudios de abogados, asesor\u00edas, equipos interdisciplinarios, ONGs, tantos escalones, primero con el cochecito doble a cuestas, con el tama\u00f1o de mi soledad despu\u00e9s. Tantos pisos, tantos pasillos oscuros cargando el miedo de perderles. Tantas veces las mismas frases-hachazos.<\/p>\n<p>Han pasado varios a\u00f1os. El expediente se ha vuelto macroencef\u00e1lico y todo lo dem\u00e1s sigue m\u00e1s o menos igual. Contin\u00faan las audiencias y la vejaciones. Les hijes de Frida crecen y conocen a la mayor parte de su familia s\u00f3lo por videollamada; sue\u00f1an con poder tener primos, t\u00edos y abuelos de carne y hueso,\u00a0 igual que los compa\u00f1eros del colegio. En el pa\u00eds de Frida se prosiguen nacimientos, bodas y entierros sin despedidas y, de a poco, su lugar natal deja de existir. Mientras Frida sigue encerrada junto a sus hijes, su ex viaja por el mundo. Cada dos semanas cambia de Airbnb de lujo y, a veces, hasta de pa\u00eds. Por supuesto no paga ni un centavo de alimentos. Eso s\u00ed, continua atormentando a Frida y reitera sus pedidos de visitas en el juzgado.<\/p>\n<p>Hace poco citaron a les hijes de Frida. Que les deb\u00eda entregar a la misma asistente social del juzgado para que la misma jueza les pueda escuchar a fines de una revinculaci\u00f3n, dec\u00eda la C\u00e9dula Judicial. Que el v\u00ednculo en cuesti\u00f3n jam\u00e1s existi\u00f3 no importa. El hecho que su ex lleva a\u00f1os sin pisar suelo argentino tampoco. Frida se neg\u00f3. Va a defender a sus hijes con u\u00f1as y dientes. Esa es la \u00fanica certeza que tiene. <em>Las instituciones se van a tener que hacer cargo de tus hijes<\/em>, amenaza el estribillo.<\/p>\n<p>Como nota final, es importante mencionar que el caso de Frida no es el \u00fanico ni tampoco el m\u00e1s terrible (por ahora) pero seguramente uno de los m\u00e1s absurdos.\u00a0 Cada embajada tiene su propia antolog\u00eda de relatos de familias desgarradas, de ni\u00f1es privades de sus or\u00edgenes y, en algunos casos, separades de sus mam\u00e1s y entregades a progenitores violentos.<\/p>\n<p>&nbsp;<\/p>\n<p><strong>(*)<\/strong> Profesor de ingl\u00e9s y periodista freelance adem\u00e1s de defensor de los derechos\u00a0<span id=\"m_3028650721505816621:z4.1\" role=\"menuitem\" aria-haspopup=\"true\">LBTQIA<\/span>+ y de una mayor justicia de g\u00e9nero.<\/p>\n<p><a href=\"#_ftnref1\" name=\"_ftn1\">[1]\u00a0<\/a>Todas las citas son gentileza de Frida que nos dio acceso al manuscrito del libro que escribi\u00f3 para alg\u00fan d\u00eda explicar a sus hijes por qu\u00e9 s\u00f3lo tuvieron primos virtuales.<\/p>\n<p>&nbsp;<\/p>\n<blockquote><p>Seguinos en Instagram\u00a0<a href=\"https:\/\/www.instagram.com\/diariodigitalfemenino_\/\">@diariodigitalfemenino_<\/a><\/p><\/blockquote>\n<div><\/div>\n","protected":false},"excerpt":{"rendered":"<p>Rehenes&#8230; Si vos no colabor\u00e1s con el Se\u00f1or, las instituciones se van a tener que hacer cargo de tus hijes. Mueca grotesca que retumba en mis o\u00eddos. Palabras-martillos. Golpe seco.\u00a0 Fisuras que se propagan. Dibujo astillado que me agrieta el alma. No hay amparo, no hay apoyo, no hay justicia. No hay garant\u00eda que valga. [&hellip;]<\/p>\n","protected":false},"author":4,"featured_media":71203,"comment_status":"open","ping_status":"open","sticky":false,"template":"","format":"standard","meta":{"iawp_total_views":6,"footnotes":""},"categories":[1067,178,581,627,5,32,23,592],"tags":[397,119,39,54,1525,2191,6371,1598,1956],"class_list":["post-71201","post","type-post","status-publish","format-standard","has-post-thumbnail","hentry","category-agenda-feminista","category-articulos-y-comunicados","category-azul-profundo","category-genero-y-derechos-humanos","category-historias-de-vida","category-mujeres","category-salud","category-violencias","tag-derechos","tag-injusticia","tag-justicia","tag-ninas","tag-ninos","tag-proteccion","tag-rehenes","tag-seguridad","tag-victimas"],"nelio_content":{"autoShareEndMode":"never","automationSources":{"useCustomSentences":false,"customSentences":[]},"efiAlt":"","efiUrl":"","followers":[4],"highlights":[],"isAutoShareEnabled":true,"networkImageIds":[],"permalinkQueryArgs":[],"series":[],"suggestedReferences":[]},"yoast_head":"<!-- This site is optimized with the Yoast SEO plugin v27.5 - https:\/\/yoast.com\/product\/yoast-seo-wordpress\/ -->\n<title>Rehenes de la (in)justicia argentina - Diario Digital Femenino<\/title>\n<meta name=\"description\" content=\"Rehenes\" \/>\n<meta name=\"robots\" content=\"index, follow, max-snippet:-1, max-image-preview:large, max-video-preview:-1\" \/>\n<link rel=\"canonical\" href=\"https:\/\/diariofemenino.com.ar\/df\/rehenes-de-la-injusticia-argentina\/\" \/>\n<meta property=\"og:locale\" content=\"es_ES\" \/>\n<meta property=\"og:type\" content=\"article\" \/>\n<meta property=\"og:title\" content=\"Rehenes de la (in)justicia argentina - Diario Digital Femenino\" \/>\n<meta property=\"og:description\" content=\"Rehenes\" \/>\n<meta property=\"og:url\" content=\"https:\/\/diariofemenino.com.ar\/df\/rehenes-de-la-injusticia-argentina\/\" \/>\n<meta property=\"og:site_name\" content=\"Diario Digital Femenino\" \/>\n<meta property=\"article:publisher\" content=\"https:\/\/www.facebook.com\/DiarioDigitaFemenino\/\" \/>\n<meta property=\"article:published_time\" content=\"2023-09-01T14:13:31+00:00\" \/>\n<meta property=\"article:modified_time\" content=\"2023-09-01T14:18:14+00:00\" \/>\n<meta property=\"og:image\" content=\"https:\/\/diariofemenino.com.ar\/df\/wp-content\/uploads\/2023\/09\/Portada-1.jpg\" \/>\n\t<meta property=\"og:image:width\" content=\"1042\" \/>\n\t<meta property=\"og:image:height\" content=\"1042\" \/>\n\t<meta property=\"og:image:type\" content=\"image\/jpeg\" \/>\n<meta name=\"author\" content=\"Admin\" \/>\n<meta name=\"twitter:card\" content=\"summary_large_image\" \/>\n<meta name=\"twitter:creator\" content=\"@DiarioFemenino1\" \/>\n<meta name=\"twitter:site\" content=\"@DiarioFemenino1\" \/>\n<meta name=\"twitter:label1\" content=\"Escrito por\" \/>\n\t<meta name=\"twitter:data1\" content=\"Admin\" \/>\n\t<meta name=\"twitter:label2\" content=\"Tiempo de lectura\" \/>\n\t<meta name=\"twitter:data2\" content=\"10 minutos\" \/>\n<script type=\"application\/ld+json\" class=\"yoast-schema-graph\">{\"@context\":\"https:\\\/\\\/schema.org\",\"@graph\":[{\"@type\":\"Article\",\"@id\":\"https:\\\/\\\/diariofemenino.com.ar\\\/df\\\/rehenes-de-la-injusticia-argentina\\\/#article\",\"isPartOf\":{\"@id\":\"https:\\\/\\\/diariofemenino.com.ar\\\/df\\\/rehenes-de-la-injusticia-argentina\\\/\"},\"author\":{\"name\":\"Admin\",\"@id\":\"https:\\\/\\\/diariofemenino.com.ar\\\/df\\\/#\\\/schema\\\/person\\\/bf6199e8158c657ea6f789b11ec85509\"},\"headline\":\"Rehenes de la (in)justicia argentina\",\"datePublished\":\"2023-09-01T14:13:31+00:00\",\"dateModified\":\"2023-09-01T14:18:14+00:00\",\"mainEntityOfPage\":{\"@id\":\"https:\\\/\\\/diariofemenino.com.ar\\\/df\\\/rehenes-de-la-injusticia-argentina\\\/\"},\"wordCount\":2074,\"commentCount\":0,\"publisher\":{\"@id\":\"https:\\\/\\\/diariofemenino.com.ar\\\/df\\\/#organization\"},\"image\":{\"@id\":\"https:\\\/\\\/diariofemenino.com.ar\\\/df\\\/rehenes-de-la-injusticia-argentina\\\/#primaryimage\"},\"thumbnailUrl\":\"https:\\\/\\\/diariofemenino.com.ar\\\/df\\\/wp-content\\\/uploads\\\/2023\\\/09\\\/Portada-1.jpg\",\"keywords\":[\"#derechos\",\"injusticia\",\"Justicia\",\"Ni\u00f1as\",\"Ni\u00f1os\",\"Protecci\u00f3n\",\"rehenes\",\"seguridad\",\"victimas\"],\"articleSection\":[\"Agenda Feminista\",\"Art\u00edculos y Comunicados\",\"Azul Profundo\",\"G\u00e9nero y Derechos Humanos\",\"Historias de vida\",\"Mujeres\",\"Salud\",\"Violencias\"],\"inLanguage\":\"es\",\"potentialAction\":[{\"@type\":\"CommentAction\",\"name\":\"Comment\",\"target\":[\"https:\\\/\\\/diariofemenino.com.ar\\\/df\\\/rehenes-de-la-injusticia-argentina\\\/#respond\"]}]},{\"@type\":\"WebPage\",\"@id\":\"https:\\\/\\\/diariofemenino.com.ar\\\/df\\\/rehenes-de-la-injusticia-argentina\\\/\",\"url\":\"https:\\\/\\\/diariofemenino.com.ar\\\/df\\\/rehenes-de-la-injusticia-argentina\\\/\",\"name\":\"Rehenes de la (in)justicia argentina - Diario Digital Femenino\",\"isPartOf\":{\"@id\":\"https:\\\/\\\/diariofemenino.com.ar\\\/df\\\/#website\"},\"primaryImageOfPage\":{\"@id\":\"https:\\\/\\\/diariofemenino.com.ar\\\/df\\\/rehenes-de-la-injusticia-argentina\\\/#primaryimage\"},\"image\":{\"@id\":\"https:\\\/\\\/diariofemenino.com.ar\\\/df\\\/rehenes-de-la-injusticia-argentina\\\/#primaryimage\"},\"thumbnailUrl\":\"https:\\\/\\\/diariofemenino.com.ar\\\/df\\\/wp-content\\\/uploads\\\/2023\\\/09\\\/Portada-1.jpg\",\"datePublished\":\"2023-09-01T14:13:31+00:00\",\"dateModified\":\"2023-09-01T14:18:14+00:00\",\"description\":\"Rehenes\",\"breadcrumb\":{\"@id\":\"https:\\\/\\\/diariofemenino.com.ar\\\/df\\\/rehenes-de-la-injusticia-argentina\\\/#breadcrumb\"},\"inLanguage\":\"es\",\"potentialAction\":[{\"@type\":\"ReadAction\",\"target\":[\"https:\\\/\\\/diariofemenino.com.ar\\\/df\\\/rehenes-de-la-injusticia-argentina\\\/\"]}]},{\"@type\":\"ImageObject\",\"inLanguage\":\"es\",\"@id\":\"https:\\\/\\\/diariofemenino.com.ar\\\/df\\\/rehenes-de-la-injusticia-argentina\\\/#primaryimage\",\"url\":\"https:\\\/\\\/diariofemenino.com.ar\\\/df\\\/wp-content\\\/uploads\\\/2023\\\/09\\\/Portada-1.jpg\",\"contentUrl\":\"https:\\\/\\\/diariofemenino.com.ar\\\/df\\\/wp-content\\\/uploads\\\/2023\\\/09\\\/Portada-1.jpg\",\"width\":1042,\"height\":1042,\"caption\":\"Rehenes de la (in)justicia argentina\"},{\"@type\":\"BreadcrumbList\",\"@id\":\"https:\\\/\\\/diariofemenino.com.ar\\\/df\\\/rehenes-de-la-injusticia-argentina\\\/#breadcrumb\",\"itemListElement\":[{\"@type\":\"ListItem\",\"position\":1,\"name\":\"Portada\",\"item\":\"https:\\\/\\\/diariofemenino.com.ar\\\/df\\\/\"},{\"@type\":\"ListItem\",\"position\":2,\"name\":\"Rehenes de la (in)justicia argentina\"}]},{\"@type\":\"WebSite\",\"@id\":\"https:\\\/\\\/diariofemenino.com.ar\\\/df\\\/#website\",\"url\":\"https:\\\/\\\/diariofemenino.com.ar\\\/df\\\/\",\"name\":\"Diario Digital Femenino\",\"description\":\"Cuesti\u00f3n de G\u00e9nero\",\"publisher\":{\"@id\":\"https:\\\/\\\/diariofemenino.com.ar\\\/df\\\/#organization\"},\"potentialAction\":[{\"@type\":\"SearchAction\",\"target\":{\"@type\":\"EntryPoint\",\"urlTemplate\":\"https:\\\/\\\/diariofemenino.com.ar\\\/df\\\/?s={search_term_string}\"},\"query-input\":{\"@type\":\"PropertyValueSpecification\",\"valueRequired\":true,\"valueName\":\"search_term_string\"}}],\"inLanguage\":\"es\"},{\"@type\":\"Organization\",\"@id\":\"https:\\\/\\\/diariofemenino.com.ar\\\/df\\\/#organization\",\"name\":\"Diario Femenino\",\"url\":\"https:\\\/\\\/diariofemenino.com.ar\\\/df\\\/\",\"logo\":{\"@type\":\"ImageObject\",\"inLanguage\":\"es\",\"@id\":\"https:\\\/\\\/diariofemenino.com.ar\\\/df\\\/#\\\/schema\\\/logo\\\/image\\\/\",\"url\":\"https:\\\/\\\/diariofemenino.com.ar\\\/df\\\/wp-content\\\/uploads\\\/2018\\\/10\\\/logo.png\",\"contentUrl\":\"https:\\\/\\\/diariofemenino.com.ar\\\/df\\\/wp-content\\\/uploads\\\/2018\\\/10\\\/logo.png\",\"width\":500,\"height\":92,\"caption\":\"Diario Femenino\"},\"image\":{\"@id\":\"https:\\\/\\\/diariofemenino.com.ar\\\/df\\\/#\\\/schema\\\/logo\\\/image\\\/\"},\"sameAs\":[\"https:\\\/\\\/www.facebook.com\\\/DiarioDigitaFemenino\\\/\",\"https:\\\/\\\/x.com\\\/DiarioFemenino1\"]},{\"@type\":\"Person\",\"@id\":\"https:\\\/\\\/diariofemenino.com.ar\\\/df\\\/#\\\/schema\\\/person\\\/bf6199e8158c657ea6f789b11ec85509\",\"name\":\"Admin\",\"image\":{\"@type\":\"ImageObject\",\"inLanguage\":\"es\",\"@id\":\"https:\\\/\\\/diariofemenino.com.ar\\\/df\\\/wp-content\\\/uploads\\\/2018\\\/12\\\/favicon-150x150.jpg\",\"url\":\"https:\\\/\\\/diariofemenino.com.ar\\\/df\\\/wp-content\\\/uploads\\\/2018\\\/12\\\/favicon-150x150.jpg\",\"contentUrl\":\"https:\\\/\\\/diariofemenino.com.ar\\\/df\\\/wp-content\\\/uploads\\\/2018\\\/12\\\/favicon-150x150.jpg\",\"caption\":\"Admin\"},\"url\":\"https:\\\/\\\/diariofemenino.com.ar\\\/df\\\/author\\\/lenny\\\/\"}]}<\/script>\n<!-- \/ Yoast SEO plugin. -->","yoast_head_json":{"title":"Rehenes de la (in)justicia argentina - Diario Digital Femenino","description":"Rehenes","robots":{"index":"index","follow":"follow","max-snippet":"max-snippet:-1","max-image-preview":"max-image-preview:large","max-video-preview":"max-video-preview:-1"},"canonical":"https:\/\/diariofemenino.com.ar\/df\/rehenes-de-la-injusticia-argentina\/","og_locale":"es_ES","og_type":"article","og_title":"Rehenes de la (in)justicia argentina - Diario Digital Femenino","og_description":"Rehenes","og_url":"https:\/\/diariofemenino.com.ar\/df\/rehenes-de-la-injusticia-argentina\/","og_site_name":"Diario Digital Femenino","article_publisher":"https:\/\/www.facebook.com\/DiarioDigitaFemenino\/","article_published_time":"2023-09-01T14:13:31+00:00","article_modified_time":"2023-09-01T14:18:14+00:00","og_image":[{"width":1042,"height":1042,"url":"https:\/\/diariofemenino.com.ar\/df\/wp-content\/uploads\/2023\/09\/Portada-1.jpg","type":"image\/jpeg"}],"author":"Admin","twitter_card":"summary_large_image","twitter_creator":"@DiarioFemenino1","twitter_site":"@DiarioFemenino1","twitter_misc":{"Escrito por":"Admin","Tiempo de lectura":"10 minutos"},"schema":{"@context":"https:\/\/schema.org","@graph":[{"@type":"Article","@id":"https:\/\/diariofemenino.com.ar\/df\/rehenes-de-la-injusticia-argentina\/#article","isPartOf":{"@id":"https:\/\/diariofemenino.com.ar\/df\/rehenes-de-la-injusticia-argentina\/"},"author":{"name":"Admin","@id":"https:\/\/diariofemenino.com.ar\/df\/#\/schema\/person\/bf6199e8158c657ea6f789b11ec85509"},"headline":"Rehenes de la (in)justicia argentina","datePublished":"2023-09-01T14:13:31+00:00","dateModified":"2023-09-01T14:18:14+00:00","mainEntityOfPage":{"@id":"https:\/\/diariofemenino.com.ar\/df\/rehenes-de-la-injusticia-argentina\/"},"wordCount":2074,"commentCount":0,"publisher":{"@id":"https:\/\/diariofemenino.com.ar\/df\/#organization"},"image":{"@id":"https:\/\/diariofemenino.com.ar\/df\/rehenes-de-la-injusticia-argentina\/#primaryimage"},"thumbnailUrl":"https:\/\/diariofemenino.com.ar\/df\/wp-content\/uploads\/2023\/09\/Portada-1.jpg","keywords":["#derechos","injusticia","Justicia","Ni\u00f1as","Ni\u00f1os","Protecci\u00f3n","rehenes","seguridad","victimas"],"articleSection":["Agenda Feminista","Art\u00edculos y Comunicados","Azul Profundo","G\u00e9nero y Derechos Humanos","Historias de vida","Mujeres","Salud","Violencias"],"inLanguage":"es","potentialAction":[{"@type":"CommentAction","name":"Comment","target":["https:\/\/diariofemenino.com.ar\/df\/rehenes-de-la-injusticia-argentina\/#respond"]}]},{"@type":"WebPage","@id":"https:\/\/diariofemenino.com.ar\/df\/rehenes-de-la-injusticia-argentina\/","url":"https:\/\/diariofemenino.com.ar\/df\/rehenes-de-la-injusticia-argentina\/","name":"Rehenes de la (in)justicia argentina - Diario Digital Femenino","isPartOf":{"@id":"https:\/\/diariofemenino.com.ar\/df\/#website"},"primaryImageOfPage":{"@id":"https:\/\/diariofemenino.com.ar\/df\/rehenes-de-la-injusticia-argentina\/#primaryimage"},"image":{"@id":"https:\/\/diariofemenino.com.ar\/df\/rehenes-de-la-injusticia-argentina\/#primaryimage"},"thumbnailUrl":"https:\/\/diariofemenino.com.ar\/df\/wp-content\/uploads\/2023\/09\/Portada-1.jpg","datePublished":"2023-09-01T14:13:31+00:00","dateModified":"2023-09-01T14:18:14+00:00","description":"Rehenes","breadcrumb":{"@id":"https:\/\/diariofemenino.com.ar\/df\/rehenes-de-la-injusticia-argentina\/#breadcrumb"},"inLanguage":"es","potentialAction":[{"@type":"ReadAction","target":["https:\/\/diariofemenino.com.ar\/df\/rehenes-de-la-injusticia-argentina\/"]}]},{"@type":"ImageObject","inLanguage":"es","@id":"https:\/\/diariofemenino.com.ar\/df\/rehenes-de-la-injusticia-argentina\/#primaryimage","url":"https:\/\/diariofemenino.com.ar\/df\/wp-content\/uploads\/2023\/09\/Portada-1.jpg","contentUrl":"https:\/\/diariofemenino.com.ar\/df\/wp-content\/uploads\/2023\/09\/Portada-1.jpg","width":1042,"height":1042,"caption":"Rehenes de la (in)justicia argentina"},{"@type":"BreadcrumbList","@id":"https:\/\/diariofemenino.com.ar\/df\/rehenes-de-la-injusticia-argentina\/#breadcrumb","itemListElement":[{"@type":"ListItem","position":1,"name":"Portada","item":"https:\/\/diariofemenino.com.ar\/df\/"},{"@type":"ListItem","position":2,"name":"Rehenes de la (in)justicia argentina"}]},{"@type":"WebSite","@id":"https:\/\/diariofemenino.com.ar\/df\/#website","url":"https:\/\/diariofemenino.com.ar\/df\/","name":"Diario Digital Femenino","description":"Cuesti\u00f3n de G\u00e9nero","publisher":{"@id":"https:\/\/diariofemenino.com.ar\/df\/#organization"},"potentialAction":[{"@type":"SearchAction","target":{"@type":"EntryPoint","urlTemplate":"https:\/\/diariofemenino.com.ar\/df\/?s={search_term_string}"},"query-input":{"@type":"PropertyValueSpecification","valueRequired":true,"valueName":"search_term_string"}}],"inLanguage":"es"},{"@type":"Organization","@id":"https:\/\/diariofemenino.com.ar\/df\/#organization","name":"Diario Femenino","url":"https:\/\/diariofemenino.com.ar\/df\/","logo":{"@type":"ImageObject","inLanguage":"es","@id":"https:\/\/diariofemenino.com.ar\/df\/#\/schema\/logo\/image\/","url":"https:\/\/diariofemenino.com.ar\/df\/wp-content\/uploads\/2018\/10\/logo.png","contentUrl":"https:\/\/diariofemenino.com.ar\/df\/wp-content\/uploads\/2018\/10\/logo.png","width":500,"height":92,"caption":"Diario Femenino"},"image":{"@id":"https:\/\/diariofemenino.com.ar\/df\/#\/schema\/logo\/image\/"},"sameAs":["https:\/\/www.facebook.com\/DiarioDigitaFemenino\/","https:\/\/x.com\/DiarioFemenino1"]},{"@type":"Person","@id":"https:\/\/diariofemenino.com.ar\/df\/#\/schema\/person\/bf6199e8158c657ea6f789b11ec85509","name":"Admin","image":{"@type":"ImageObject","inLanguage":"es","@id":"https:\/\/diariofemenino.com.ar\/df\/wp-content\/uploads\/2018\/12\/favicon-150x150.jpg","url":"https:\/\/diariofemenino.com.ar\/df\/wp-content\/uploads\/2018\/12\/favicon-150x150.jpg","contentUrl":"https:\/\/diariofemenino.com.ar\/df\/wp-content\/uploads\/2018\/12\/favicon-150x150.jpg","caption":"Admin"},"url":"https:\/\/diariofemenino.com.ar\/df\/author\/lenny\/"}]}},"jetpack_featured_media_url":"https:\/\/diariofemenino.com.ar\/df\/wp-content\/uploads\/2023\/09\/Portada-1.jpg","jetpack_sharing_enabled":true,"rttpg_featured_image_url":{"full":["https:\/\/diariofemenino.com.ar\/df\/wp-content\/uploads\/2023\/09\/Portada-1.jpg",1042,1042,false],"landscape":["https:\/\/diariofemenino.com.ar\/df\/wp-content\/uploads\/2023\/09\/Portada-1.jpg",1042,1042,false],"portraits":["https:\/\/diariofemenino.com.ar\/df\/wp-content\/uploads\/2023\/09\/Portada-1.jpg",1042,1042,false],"thumbnail":["https:\/\/diariofemenino.com.ar\/df\/wp-content\/uploads\/2023\/09\/Portada-1-150x150.jpg",150,150,true],"medium":["https:\/\/diariofemenino.com.ar\/df\/wp-content\/uploads\/2023\/09\/Portada-1-300x300.jpg",300,300,true],"large":["https:\/\/diariofemenino.com.ar\/df\/wp-content\/uploads\/2023\/09\/Portada-1-1024x1024.jpg",1024,1024,true],"1536x1536":["https:\/\/diariofemenino.com.ar\/df\/wp-content\/uploads\/2023\/09\/Portada-1.jpg",1042,1042,false],"2048x2048":["https:\/\/diariofemenino.com.ar\/df\/wp-content\/uploads\/2023\/09\/Portada-1.jpg",1042,1042,false]},"rttpg_author":{"display_name":"Admin","author_link":"https:\/\/diariofemenino.com.ar\/df\/author\/lenny\/"},"rttpg_comment":0,"rttpg_category":"<a href=\"https:\/\/diariofemenino.com.ar\/df\/category\/agenda-feminista\/\" rel=\"category tag\">Agenda Feminista<\/a> <a href=\"https:\/\/diariofemenino.com.ar\/df\/category\/articulos-y-comunicados\/\" rel=\"category tag\">Art\u00edculos y Comunicados<\/a> <a href=\"https:\/\/diariofemenino.com.ar\/df\/category\/azul-profundo\/\" rel=\"category tag\">Azul Profundo<\/a> <a href=\"https:\/\/diariofemenino.com.ar\/df\/category\/genero-y-derechos-humanos\/\" rel=\"category tag\">G\u00e9nero y Derechos Humanos<\/a> <a href=\"https:\/\/diariofemenino.com.ar\/df\/category\/historias-de-vida\/\" rel=\"category tag\">Historias de vida<\/a> <a href=\"https:\/\/diariofemenino.com.ar\/df\/category\/mujeres\/\" rel=\"category tag\">Mujeres<\/a> <a href=\"https:\/\/diariofemenino.com.ar\/df\/category\/salud\/\" rel=\"category tag\">Salud<\/a> <a href=\"https:\/\/diariofemenino.com.ar\/df\/category\/violencias\/\" rel=\"category tag\">Violencias<\/a>","rttpg_excerpt":"Rehenes&#8230; Si vos no colabor\u00e1s con el Se\u00f1or, las instituciones se van a tener que hacer cargo de tus hijes. Mueca grotesca que retumba en mis o\u00eddos. Palabras-martillos. Golpe seco.\u00a0 Fisuras que se propagan. Dibujo astillado que me agrieta el alma. No hay amparo, no hay apoyo, no hay justicia. No hay garant\u00eda que valga.&hellip;","_links":{"self":[{"href":"https:\/\/diariofemenino.com.ar\/df\/wp-json\/wp\/v2\/posts\/71201","targetHints":{"allow":["GET"]}}],"collection":[{"href":"https:\/\/diariofemenino.com.ar\/df\/wp-json\/wp\/v2\/posts"}],"about":[{"href":"https:\/\/diariofemenino.com.ar\/df\/wp-json\/wp\/v2\/types\/post"}],"author":[{"embeddable":true,"href":"https:\/\/diariofemenino.com.ar\/df\/wp-json\/wp\/v2\/users\/4"}],"replies":[{"embeddable":true,"href":"https:\/\/diariofemenino.com.ar\/df\/wp-json\/wp\/v2\/comments?post=71201"}],"version-history":[{"count":0,"href":"https:\/\/diariofemenino.com.ar\/df\/wp-json\/wp\/v2\/posts\/71201\/revisions"}],"wp:featuredmedia":[{"embeddable":true,"href":"https:\/\/diariofemenino.com.ar\/df\/wp-json\/wp\/v2\/media\/71203"}],"wp:attachment":[{"href":"https:\/\/diariofemenino.com.ar\/df\/wp-json\/wp\/v2\/media?parent=71201"}],"wp:term":[{"taxonomy":"category","embeddable":true,"href":"https:\/\/diariofemenino.com.ar\/df\/wp-json\/wp\/v2\/categories?post=71201"},{"taxonomy":"post_tag","embeddable":true,"href":"https:\/\/diariofemenino.com.ar\/df\/wp-json\/wp\/v2\/tags?post=71201"}],"curies":[{"name":"wp","href":"https:\/\/api.w.org\/{rel}","templated":true}]}}