{"id":71150,"date":"2023-08-25T07:59:25","date_gmt":"2023-08-25T10:59:25","guid":{"rendered":"https:\/\/diariofemenino.com.ar\/df\/?p=71150"},"modified":"2023-08-25T08:01:13","modified_gmt":"2023-08-25T11:01:13","slug":"quien-fue-vanessa-bell-la-hermana-desconocida-de-virginia-woolf","status":"publish","type":"post","link":"https:\/\/diariofemenino.com.ar\/df\/quien-fue-vanessa-bell-la-hermana-desconocida-de-virginia-woolf\/","title":{"rendered":"\u00bfQui\u00e9n fue Vanessa Bell, la hermana desconocida de Virginia Woolf?"},"content":{"rendered":"<h2 class=\"h4\">Un legado fascinante<\/h2>\n<h2 class=\"h3\">Una novela inspirada en Vanessa Bell vuelve a poner en el candelero a esta importante pintora y decoradora que, incluso a la fecha, no es suficientemente valorada. Eclipsada por el genio de su hermana, la descollante Virginia Woolf, ella tambi\u00e9n desafi\u00f3 las reglas sociales y est\u00e9ticas de la \u00e9poca victoriana.<\/h2>\n<div class=\"author\">\n<div class=\"author-inner\">\n<div class=\"author-thumbnail\">\n<figure><img decoding=\"async\" class=\" \" src=\"https:\/\/images.pagina12.com.ar\/styles\/thumbnail\/public\/2016-11\/guadalupe-treibel.png?itok=uyNeB5od\" alt=\"Guadalupe Treibel\" \/><\/figure>\n<\/div>\n<div class=\"author-name\">Por <a href=\"https:\/\/www.pagina12.com.ar\/581503-quien-fue-vanessa-bell-la-hermana-desconocida-de-virginia-wo?utm_source=FB&amp;fbclid=IwAR0BAzJoDy-ZrjDeStAiB44miXo7-yK7ve3n-DcuaZEu3ZboOe1W8_9JYvM\">Guadalupe Treibel<\/a><br \/>\nImagen de portada:\u00a0Retrato de George C Beresford<\/div>\n<div><\/div>\n<div>\n<p>Con intermitencia, aparece, desaparece y vuelve a aparecer el nombre de\u00a0<b>Vanessa Bell<\/b>; a veces, con motivo de nuevas exhibiciones o libros que ponen en valor su legado pict\u00f3rico; otras, la mayor\u00eda, como nota al pie de la biograf\u00eda de su hermana, Virginia Woolf, una de las escritoras m\u00e1s brillantes y necesarias del siglo pasado. De Francia, un ejemplo reciente:\u00a0<b>hace poco se public\u00f3\u00a0<i>Double V<\/i>, ponderada novela de la escritora Laura Ulonati que se pone en los zapatos de Bell tras preguntarse c\u00f3mo habr\u00e1 sido tener a la autora de\u00a0<i>Orlando<\/i>\u00a0y\u00a0<i>Un cuarto propio<\/i>\u00a0como hermana menor<\/b>, ser eclipsada por su genio, relegada -ya desde la tierna juventud- a un segundo plano.<\/p>\n<p>En un volumen que no se pretende estrictamente biogr\u00e1fico, se recrea la francesa en los posibles pensamientos\u00a0<i>non sanctos<\/i>\u00a0de la pintora,\u00a0<b>imaginando probables tiranteces con Virginia<\/b>; sin desatender, claro, el costado tierno del v\u00ednculo, la franca estima y el mutuo apoyo. \u201cSent\u00edan una sincera admiraci\u00f3n la una por la otra\u201d, destaca Ulonati, que asimismo recuerda que, por su practicidad y sentido del deber, Woolf apod\u00f3 a Vanessa \u201cla Santa\u201d, y anot\u00f3 sobre ella: \u201cHasta que cumpli\u00f3 los quince a\u00f1os, era sobria y austera, la m\u00e1s confiable y siempre la mayor\u201d.<\/p>\n<div align=\"center\">\n<figure class=\"caption caption-div embedded-entity\" role=\"group\">\n<div data-embed-button=\"media_image_button\" data-entity-embed-display=\"view_mode:media.single_media_image_460\" data-entity-type=\"media\" data-entity-uuid=\"442b3eb3-e81e-403e-ba95-f6b9ee0aa812\" data-langcode=\"es\">\n<article class=\"media media--type-image media--view-mode-single-media-image-460\">\n<div class=\"field field--name-field-media-image field--type-image field--label-hidden field__item\">\n<figure style=\"width: 704px\" class=\"wp-caption alignnone\"><img loading=\"lazy\" decoding=\"async\" class=\"image-style-width960\" src=\"https:\/\/images.pagina12.com.ar\/styles\/width960\/public\/2023-08\/761004-virginia-woolf-and-vanessa-bell-children-20-281-29.jpg?itok=PtetfLfV\" alt=\"Qui\u00e9n fue Vanessa Bell? J\u00f3venes Virginia y Vanessa\" width=\"704\" height=\"945\" \/><figcaption class=\"wp-caption-text\">\u00bfQui\u00e9n fue Vanessa Bell? J\u00f3venes Virginia y Vanessa<\/figcaption><\/figure>\n<\/div>\n<\/article>\n<\/div><figcaption><\/figcaption><\/figure>\n<\/div>\n<p><strong>C\u00edrculos que cierran\u00a0<\/strong><\/p>\n<p>Muerta su madre y sumido su padre en el culto a la difunta, recae en Vanessa la obligaci\u00f3n de ser cabeza de familia. Muerto el padre en 1904, las hermanas -Stephen, tal su apellido de solteras- finalmente\u00a0<b>se mudan al bohemio barrio de Bloomsbury<\/b>, en Londres, donde va tomando forma su nueva, disruptiva familia. O sea, el C\u00edrculo de Bloomsbury, famoso grupo de artistas, fil\u00f3sofos e intelectuales de decisiva influencia en la vida cultural inglesa de principios del siglo XX, compuesto por luminarias que, como es harto sabido, cargaron contra las limitaciones victorianas, tanto morales como est\u00e9ticas, plasmando su libertad de esp\u00edritu y pensamiento en variedad de campos: pintura y literatura, s\u00ed, pero tambi\u00e9n m\u00fasica, econom\u00eda, artes aplicadas, sin olvidar la misma vida \u00edntima\u2026\u00a0<b>\u201cViv\u00edan en cuadrados, pintaban en c\u00edrculos y amaban en tri\u00e1ngulos<\/b>\u201d: as\u00ed caracterizar\u00eda c\u00e9lebremente la siempre aguda Dorothy Parker a este grupo de amigos poco convencionales, que cont\u00f3 en sus filas con el economista John Maynard Keynes, los pintores Duncan Grant y Roger Fry, los cr\u00edticos Clive Bell (esposo de Vanessa) y Leonard Woolf (marido de Virginia).<\/p>\n<div align=\"center\">\n<figure class=\"caption caption-div embedded-entity\" role=\"group\">\n<div data-embed-button=\"media_image_button\" data-entity-embed-display=\"view_mode:media.single_media_image_460\" data-entity-type=\"media\" data-entity-uuid=\"3228c251-db0e-4717-80f8-519076edd40b\" data-langcode=\"es\">\n<article class=\"media media--type-image media--view-mode-single-media-image-460\">\n<div class=\"field field--name-field-media-image field--type-image field--label-hidden field__item\"><img loading=\"lazy\" decoding=\"async\" class=\"image-style-width960\" src=\"https:\/\/images.pagina12.com.ar\/styles\/width960\/public\/2023-08\/761004-a-20la-20izquierda-2c-20the-20other-20room-2c-20pintura-20de-20fines-20de-20los-2030s-20a-20la-20derecha-2c-20portada-20de-20mrs-20dalloway-20dise-c3-b1ada-20por-20bell-2c-20de-201925-.jpg?itok=EtTrnfe0\" width=\"541\" height=\"318\" \/><\/div>\n<\/article>\n<\/div><figcaption>A la izquierda, The Other Room, pintura de fines de los 30s. A la derecha, portada de Mrs Dalloway dise\u00f1ada por Bell, de 1925.<\/figcaption><\/figure>\n<\/div>\n<p>La historia sentimental de Vanessa, tantas veces relatada, es m\u00e1s colorida que muchos culebrones: en 1907 contrae nupcias con el mentado Bell, con quien mantiene una relaci\u00f3n abierta. Tienen dos hijos y nunca se divorcian; y a pesar de dejar de vivir juntos hacia mediados de la d\u00e9cada del 10, siguen siendo amigos cercanos. Ella toma varios amantes; Fry, entre ellos. Y ya luego al joven apuesto Grant, con quien se muda a la famosa casita de Charleston en 1918, donde colaboran art\u00edsticamente durante a\u00f1ares. No est\u00e1n solos en esta ya legendaria propiedad de Sussex, que decoran e intervienen de cabo a rabo: conviven con David Garnett, amante de Duncan. A pesar de sentir predilecci\u00f3n por los varones, por cierto, Duncan Grant deja embarazada a Vanessa, y el ep\u00edlogo de este berenjenal lo protagoniza la ni\u00f1a, Ang\u00e9lica, hija de ambos que, ya mayor, se enamora y se casa con Garnett; es decir, con el otrora filito de su padre biol\u00f3gico, \u201crival\u201d sentimental de su madre.<\/p>\n<div align=\"center\">\n<figure class=\"caption caption-div embedded-entity\" role=\"group\">\n<div data-embed-button=\"media_image_button\" data-entity-embed-display=\"view_mode:media.single_media_image_460\" data-entity-type=\"media\" data-entity-uuid=\"088f8c89-ee1d-4202-98f6-8575770874fb\" data-langcode=\"es\">\n<article class=\"media media--type-image media--view-mode-single-media-image-460\">\n<div class=\"field field--name-field-media-image field--type-image field--label-hidden field__item\"><img loading=\"lazy\" decoding=\"async\" class=\"image-style-width960\" src=\"https:\/\/images.pagina12.com.ar\/styles\/width960\/public\/2023-08\/761004-retrato-20de-20virginia-2c-201012.jpg?itok=nfU-r7W1\" width=\"380\" height=\"447\" \/><\/div>\n<\/article>\n<\/div><figcaption>Retrato de Virginia, por Vanessa, 1912<\/figcaption><\/figure>\n<\/div>\n<p><strong>Referentes e influencias<\/strong><\/p>\n<p>Un detalle florido, en fin, en la biograf\u00eda de una \u201cmujer compleja\u201d, \u201cdespiadadamente sincera\u201d y \u201cferozmente independiente\u201d, adem\u00e1s de\u00a0<b>artista s\u00faper talentosa<\/b>, como fuera <a href=\"https:\/\/diariofemenino.com.ar\/df\/category\/articulos\/\">descripta<\/a> por la historiadora de arte brit\u00e1nica Frances Spalding en su elogiado libro\u00a0<i>Vanessa Bell<\/i>, de 1983, uno de los primeros y m\u00e1s completos trabajos centrados en la vida y obra de VB. En sus p\u00e1ginas, Spalding habla de la gran inteligencia y madurez de Bell, de su envidiable sentido del humor y manejo de la iron\u00eda, subrayando, por otra parte, c\u00f3mo \u201cen las pinturas naturalistas de sus a\u00f1os maduros, el mundo de las apariencias se reproduce con simpat\u00eda y sentimiento, nunca exagerado en pos de efectismo. El estado siempre es contemplativo, resultado de una tranquila concentraci\u00f3n\u201d.<\/p>\n<div align=\"center\">\n<figure class=\"caption caption-div embedded-entity\" role=\"group\">\n<div data-embed-button=\"media_image_button\" data-entity-embed-display=\"view_mode:media.single_media_image_460\" data-entity-type=\"media\" data-entity-uuid=\"abba2949-3623-4389-b856-549f5bd75dde\" data-langcode=\"es\">\n<article class=\"media media--type-image media--view-mode-single-media-image-460\">\n<div class=\"field field--name-field-media-image field--type-image field--label-hidden field__item\"><img loading=\"lazy\" decoding=\"async\" class=\"image-style-width960\" src=\"https:\/\/images.pagina12.com.ar\/styles\/width960\/public\/2023-08\/761004-studland-20beach-2c-201912-2c-20vanessa-20bell.jpg?itok=qKHY94ec\" width=\"531\" height=\"396\" \/><\/div>\n<\/article>\n<\/div><figcaption>Studland Beach, 1912, Vanessa Bell<\/figcaption><\/figure>\n<\/div>\n<p>Porque m\u00e1s all\u00e1 de los romances, est\u00e1<b>\u00a0la valiosa obra de quien estudiase en la Royal Academy of Arts en 1899<\/b>, que tuvo un segundo despertar art\u00edstico en 1910 tras presenciar una exposici\u00f3n de arte postimpresionista. Cuadros de C\u00e9zanne, de Matisse, de Picasso tienen fuerte impacto en ella, que ve en ellos \u201cla indicaci\u00f3n de un camino posible, una liberaci\u00f3n repentina, un est\u00edmulo para sentir por m\u00ed misma\u201d, en sus palabras. Es esta exhibici\u00f3n la que, seg\u00fan dicen, le otorga a Vanessa Bell una especie de permiso para perseguir la l\u00ednea y el color casi hasta el punto de la abstracci\u00f3n, en una etapa de experimentaci\u00f3n que se adelanta a sus contempor\u00e1neos en Gran Breta\u00f1a.\u00a0<b>Incorpora, acorde a especialistas, las lecciones del fauvismo y el cubismo<\/b>\u00a0a sus bodegones y paisajes, o bien, superpone puras formas geom\u00e9tricas. Y aunque regresa a la figuraci\u00f3n en 1915, el impacto de este per\u00edodo persiste, presente en la composici\u00f3n y el uso innovador del color de sus piezas posteriores.<\/p>\n<div align=\"center\">\n<figure class=\"caption caption-div embedded-entity\" role=\"group\">\n<div data-embed-button=\"media_image_button\" data-entity-embed-display=\"view_mode:media.single_media_image_460\" data-entity-type=\"media\" data-entity-uuid=\"081d46f1-c14f-4b99-8939-df7399908836\" data-langcode=\"es\">\n<article class=\"media media--type-image media--view-mode-single-media-image-460\">\n<div class=\"field field--name-field-media-image field--type-image field--label-hidden field__item\"><img loading=\"lazy\" decoding=\"async\" class=\"image-style-width960\" src=\"https:\/\/images.pagina12.com.ar\/styles\/width960\/public\/2023-08\/761004-mrs-20st-20john-20hutchinson-2c-201915-20vanessa-20bell.jpg?itok=U3ysMTDT\" width=\"581\" height=\"737\" \/><\/div>\n<\/article>\n<\/div><figcaption>Mrs St John Hutchinson, 1915. Vanessa Bell<\/figcaption><\/figure>\n<\/div>\n<p>Bell tambi\u00e9n fue innovadora en su intento por borrar las fronteras entre las bellas artes y las artes aplicadas, al codirigir junto a Fry y Grant \u201cOmega Workshops\u201d, cuyos productos modernistas iban desde muebles hasta vidrieras y mosaicos, as\u00ed como textiles de tonos vibrantes que revelaban\u00a0<b>el disgusto de Vanessa por los sobrios dise\u00f1os victorianos<\/b>. Cre\u00f3 adem\u00e1s las portadas originales de la mayor\u00eda de las novelas y ensayos de su hermana, capturando -en su estilo suelto, el\u00edptico, sugerente- algo del ritmo de la prosa de Virginia\u2026<\/p>\n<p>Dicho lo dicho, acaso la \u00faltima gran muestra en solitario dedicada a su obra haya sido\u00a0<i>Vanessa Bell (1879-1961)<\/i>, montada en 2017 por la Dulwich Picture Gallery, en Londres, cuyo equipo de curadur\u00eda aseveraba entonces que se trataba de \u201cla primera retrospectiva de importancia\u201d sobre la artista. Para la ocasi\u00f3n,\u00a0<b>presentaron m\u00e1s de cien piezas de su autor\u00eda, entre cuadros, papeles decorativos, cer\u00e1micas, textiles, las tapas de los libros de Woolf<\/b>, entre otros trabajos que permitieron conocer las tantas facetas de Vanessa, que explor\u00f3 el retrato, la naturaleza muerta, el paisaje; se movi\u00f3 con fluidez \u2013como se ha dicho- entre las artes finas y aplicadas; estuvo a la vanguardia de sus contempor\u00e1neos al arrimarse a la abstracci\u00f3n\u2026<\/p>\n<div align=\"center\">\n<figure class=\"caption caption-div embedded-entity\" role=\"group\">\n<div data-embed-button=\"media_image_button\" data-entity-embed-display=\"view_mode:media.single_media_image_460\" data-entity-type=\"media\" data-entity-uuid=\"9a0d36f0-a01c-4680-9be1-5ae84aa2f846\" data-langcode=\"es\">\n<article class=\"media media--type-image media--view-mode-single-media-image-460\">\n<div class=\"field field--name-field-media-image field--type-image field--label-hidden field__item\"><img loading=\"lazy\" decoding=\"async\" class=\"image-style-width960\" src=\"https:\/\/images.pagina12.com.ar\/styles\/width960\/public\/2023-08\/761004-abstract-20painting-2c-201914-2c-20vanessa-20bell.jpg?itok=oMeB8ATz\" width=\"573\" height=\"644\" \/><\/div>\n<\/article>\n<\/div><figcaption>Abstract Painting, 1914, Vanessa Bell<\/figcaption><\/figure>\n<\/div>\n<p><strong>Un legado fascinante<\/strong><\/p>\n<p>La exhibici\u00f3n, en resumidas cuentas, recorri\u00f3 su extensa trayectoria, desde sus tempranas pinturas como estudiante de la Royal Academy a comienzos de siglo XX hasta sus autorretratos finales, a poco de morir en el 1961, confirmando lo que, por esas fechas, dec\u00eda la escritora e historiadora Virginia Nicholson, su nieta:\u00a0<b>\u201cAl ser tan prol\u00edfica, su obra es dispar pero, en sus mejores momentos, mi abuela era capaz de conjugar grandeza y simplicidad en obras fascinantes\u201d.<\/b><\/p>\n<p>Por supuesto, desde entonces, ha habido otras -contadas- exposiciones que han recuperado parte de su obra, ya con cartel compartido. Tal el caso de la ambiciosa muestra en homenaje a Virginia Woolf que, hace un tiempo, se present\u00f3 en el Tate St. Ives, sucursal costera del museo londinense en Cornwall, con presencia de m\u00e1s de 80 artistas. O bien, una exhibici\u00f3n que amerita menci\u00f3n especial,\u00a0<i>From Omega to Charleston: The Art of Vanessa Bell and Duncan Grant<\/i>, de 2018, donde el p\u00fablico ingl\u00e9s pudo ver por primera vez una serie deslumbrante y pionero, que se adelant\u00f3 por d\u00e9cadas a la emblem\u00e1tica obra feminista\u00a0<i>Dinner Party<\/i>, de Judy Chicago:\u00a0<b>un juego de platos pintados a mano por Bell y Grant con retratos de 50 imponentes mujeres de la Historia<\/b>, como la poeta griega Safo, la reina egipcia Cleopatra, la bailarina rusa Anna Pavlova, la escritora Charlotte Bront\u00eb, la actriz Greta Garbo\u2026<\/p>\n<div align=\"center\">\n<div class=\"embedded-entity\" data-embed-button=\"media_image_button\" data-entity-embed-display=\"view_mode:media.single_media_image_460\" data-entity-type=\"media\" data-entity-uuid=\"977d0c23-a1b3-4474-8fac-465e1307e12e\" data-langcode=\"es\">\n<article class=\"media media--type-image media--view-mode-single-media-image-460\">\n<div class=\"field field--name-field-media-image field--type-image field--label-hidden field__item\"><img loading=\"lazy\" decoding=\"async\" class=\"image-style-width960\" src=\"https:\/\/images.pagina12.com.ar\/styles\/width960\/public\/2023-08\/761004-set-20de-20platos.jpg?itok=yJalZFTc\" width=\"529\" height=\"260\" \/><\/div>\n<\/article>\n<\/div>\n<\/div>\n<p><b>\u00bfPor qu\u00e9 tanto Vanessa como su rica y variopinta obra siguen siendo relegadas al segundo plano?<\/b>, le preguntaron hace un tiempo a su nieta. Y la teor\u00eda de Nicholson es simple: cree que persisten ciertos prejuicios que la ubican como \u201cuna mujer snob, elitista, que beb\u00eda champa\u00f1a en su torre, algo que no podr\u00eda ser m\u00e1s errado. Al final del d\u00eda, todo se resume en qu\u00e9 espera la gente del arte: \u00bfbusca enojo y protesta?, \u00bfo deleite por las virtudes cotidianas y los placeres de la sensualidad?\u201d.<\/p>\n<div style=\"text-align: center;\" align=\"center\">\n<figure class=\"caption caption-div embedded-entity\" role=\"group\">\n<div data-embed-button=\"media_image_button\" data-entity-embed-display=\"view_mode:media.single_media_image_460\" data-entity-type=\"media\" data-entity-uuid=\"fa2ef300-2c8a-4c42-bc26-fd88625d42a8\" data-langcode=\"es\">\n<article class=\"media media--type-image media--view-mode-single-media-image-460\">\n<div class=\"field field--name-field-media-image field--type-image field--label-hidden field__item\">\n<figure style=\"width: 555px\" class=\"wp-caption aligncenter\"><img loading=\"lazy\" decoding=\"async\" class=\"image-style-width960\" src=\"https:\/\/images.pagina12.com.ar\/styles\/width960\/public\/2023-08\/761004-vanessa-20-28stephen-29-20bell-20pintando-20a-20lady-20robert-20cecil-2c-201905.jpg?itok=rz5PSflX\" alt=\"Vanessa (Stephen) Bell pintando a Lady Robert Cecil, 1905\" width=\"555\" height=\"705\" \/><figcaption class=\"wp-caption-text\">Vanessa (Stephen) Bell pintando a Lady Robert Cecil, 1905<\/figcaption><\/figure>\n<\/div>\n<p style=\"text-align: left;\">Fuente para Diario Digital Femenino: <a href=\"https:\/\/diariofemenino.com.ar\/df\/?s=Enrique+Stola\">Enrique Stola<\/a><br \/>\nPublicada en <a href=\"https:\/\/www.pagina12.com.ar\/\">Las12<\/a><\/p>\n<\/article>\n<p>&nbsp;<\/p>\n<blockquote>\n<p style=\"text-align: left;\">Seguinos en Instagram\u00a0<a href=\"https:\/\/www.instagram.com\/diariodigitalfemenino_\/\">@diariodigitalfemenino_<\/a><\/p>\n<\/blockquote>\n<\/div><figcaption><\/figcaption><\/figure>\n<\/div>\n<\/div>\n<\/div>\n<\/div>\n","protected":false},"excerpt":{"rendered":"<p>Un legado fascinante Una novela inspirada en Vanessa Bell vuelve a poner en el candelero a esta importante pintora y decoradora que, incluso a la fecha, no es suficientemente valorada. Eclipsada por el genio de su hermana, la descollante Virginia Woolf, ella tambi\u00e9n desafi\u00f3 las reglas sociales y est\u00e9ticas de la \u00e9poca victoriana. Por Guadalupe [&hellip;]<\/p>\n","protected":false},"author":4,"featured_media":71152,"comment_status":"open","ping_status":"open","sticky":false,"template":"","format":"standard","meta":{"iawp_total_views":35,"footnotes":""},"categories":[1067,178,5,32,6,21],"tags":[64,341,40,130,6357,4049],"class_list":["post-71150","post","type-post","status-publish","format-standard","has-post-thumbnail","hentry","category-agenda-feminista","category-articulos-y-comunicados","category-historias-de-vida","category-mujeres","category-articulos","category-noticias","tag-arte","tag-historia","tag-literatura","tag-mujeres","tag-vanessa-bell","tag-virginia-woolf"],"nelio_content":{"autoShareEndMode":"never","automationSources":{"useCustomSentences":false,"customSentences":[]},"efiAlt":"","efiUrl":"","followers":[4],"highlights":[],"isAutoShareEnabled":true,"networkImageIds":[],"permalinkQueryArgs":[],"series":[],"suggestedReferences":[]},"yoast_head":"<!-- This site is optimized with the Yoast SEO plugin v27.5 - https:\/\/yoast.com\/product\/yoast-seo-wordpress\/ -->\n<title>\u00bfQui\u00e9n fue Vanessa Bell, la hermana desconocida de Virginia Woolf? - Diario Digital Femenino<\/title>\n<meta name=\"description\" content=\"Qui\u00e9n fue Vanessa Bell. Una novela inspirada en Vanessa Bell vuelve a poner en el candelero a esta importante pintora y decoradora.\" \/>\n<meta name=\"robots\" content=\"index, follow, max-snippet:-1, max-image-preview:large, max-video-preview:-1\" \/>\n<link rel=\"canonical\" href=\"https:\/\/diariofemenino.com.ar\/df\/quien-fue-vanessa-bell-la-hermana-desconocida-de-virginia-woolf\/\" \/>\n<meta property=\"og:locale\" content=\"es_ES\" \/>\n<meta property=\"og:type\" content=\"article\" \/>\n<meta property=\"og:title\" content=\"\u00bfQui\u00e9n fue Vanessa Bell, la hermana desconocida de Virginia Woolf? - Diario Digital Femenino\" \/>\n<meta property=\"og:description\" content=\"Qui\u00e9n fue Vanessa Bell. Una novela inspirada en Vanessa Bell vuelve a poner en el candelero a esta importante pintora y decoradora.\" \/>\n<meta property=\"og:url\" content=\"https:\/\/diariofemenino.com.ar\/df\/quien-fue-vanessa-bell-la-hermana-desconocida-de-virginia-woolf\/\" \/>\n<meta property=\"og:site_name\" content=\"Diario Digital Femenino\" \/>\n<meta property=\"article:publisher\" content=\"https:\/\/www.facebook.com\/DiarioDigitaFemenino\/\" \/>\n<meta property=\"article:published_time\" content=\"2023-08-25T10:59:25+00:00\" \/>\n<meta property=\"article:modified_time\" content=\"2023-08-25T11:01:13+00:00\" \/>\n<meta property=\"og:image\" content=\"https:\/\/diariofemenino.com.ar\/df\/wp-content\/uploads\/2023\/08\/761004-vanessa-20bell-20retrato-20de-20george-20c-20beresford-0.jpg\" \/>\n\t<meta property=\"og:image:width\" content=\"960\" \/>\n\t<meta property=\"og:image:height\" content=\"640\" \/>\n\t<meta property=\"og:image:type\" content=\"image\/jpeg\" \/>\n<meta name=\"author\" content=\"Admin\" \/>\n<meta name=\"twitter:card\" content=\"summary_large_image\" \/>\n<meta name=\"twitter:creator\" content=\"@DiarioFemenino1\" \/>\n<meta name=\"twitter:site\" content=\"@DiarioFemenino1\" \/>\n<meta name=\"twitter:label1\" content=\"Escrito por\" \/>\n\t<meta name=\"twitter:data1\" content=\"Admin\" \/>\n\t<meta name=\"twitter:label2\" content=\"Tiempo de lectura\" \/>\n\t<meta name=\"twitter:data2\" content=\"8 minutos\" \/>\n<script type=\"application\/ld+json\" class=\"yoast-schema-graph\">{\"@context\":\"https:\\\/\\\/schema.org\",\"@graph\":[{\"@type\":\"Article\",\"@id\":\"https:\\\/\\\/diariofemenino.com.ar\\\/df\\\/quien-fue-vanessa-bell-la-hermana-desconocida-de-virginia-woolf\\\/#article\",\"isPartOf\":{\"@id\":\"https:\\\/\\\/diariofemenino.com.ar\\\/df\\\/quien-fue-vanessa-bell-la-hermana-desconocida-de-virginia-woolf\\\/\"},\"author\":{\"name\":\"Admin\",\"@id\":\"https:\\\/\\\/diariofemenino.com.ar\\\/df\\\/#\\\/schema\\\/person\\\/bf6199e8158c657ea6f789b11ec85509\"},\"headline\":\"\u00bfQui\u00e9n fue Vanessa Bell, la hermana desconocida de Virginia Woolf?\",\"datePublished\":\"2023-08-25T10:59:25+00:00\",\"dateModified\":\"2023-08-25T11:01:13+00:00\",\"mainEntityOfPage\":{\"@id\":\"https:\\\/\\\/diariofemenino.com.ar\\\/df\\\/quien-fue-vanessa-bell-la-hermana-desconocida-de-virginia-woolf\\\/\"},\"wordCount\":1606,\"commentCount\":0,\"publisher\":{\"@id\":\"https:\\\/\\\/diariofemenino.com.ar\\\/df\\\/#organization\"},\"image\":{\"@id\":\"https:\\\/\\\/diariofemenino.com.ar\\\/df\\\/quien-fue-vanessa-bell-la-hermana-desconocida-de-virginia-woolf\\\/#primaryimage\"},\"thumbnailUrl\":\"https:\\\/\\\/diariofemenino.com.ar\\\/df\\\/wp-content\\\/uploads\\\/2023\\\/08\\\/761004-vanessa-20bell-20retrato-20de-20george-20c-20beresford-0.jpg\",\"keywords\":[\"Arte\",\"Historia\",\"Literatura\",\"Mujeres\",\"Vanessa Bell\",\"Virginia Woolf\"],\"articleSection\":[\"Agenda Feminista\",\"Art\u00edculos y Comunicados\",\"Historias de vida\",\"Mujeres\",\"Mujeres en Palabras\",\"Noticias\"],\"inLanguage\":\"es\",\"potentialAction\":[{\"@type\":\"CommentAction\",\"name\":\"Comment\",\"target\":[\"https:\\\/\\\/diariofemenino.com.ar\\\/df\\\/quien-fue-vanessa-bell-la-hermana-desconocida-de-virginia-woolf\\\/#respond\"]}]},{\"@type\":\"WebPage\",\"@id\":\"https:\\\/\\\/diariofemenino.com.ar\\\/df\\\/quien-fue-vanessa-bell-la-hermana-desconocida-de-virginia-woolf\\\/\",\"url\":\"https:\\\/\\\/diariofemenino.com.ar\\\/df\\\/quien-fue-vanessa-bell-la-hermana-desconocida-de-virginia-woolf\\\/\",\"name\":\"\u00bfQui\u00e9n fue Vanessa Bell, la hermana desconocida de Virginia Woolf? - Diario Digital Femenino\",\"isPartOf\":{\"@id\":\"https:\\\/\\\/diariofemenino.com.ar\\\/df\\\/#website\"},\"primaryImageOfPage\":{\"@id\":\"https:\\\/\\\/diariofemenino.com.ar\\\/df\\\/quien-fue-vanessa-bell-la-hermana-desconocida-de-virginia-woolf\\\/#primaryimage\"},\"image\":{\"@id\":\"https:\\\/\\\/diariofemenino.com.ar\\\/df\\\/quien-fue-vanessa-bell-la-hermana-desconocida-de-virginia-woolf\\\/#primaryimage\"},\"thumbnailUrl\":\"https:\\\/\\\/diariofemenino.com.ar\\\/df\\\/wp-content\\\/uploads\\\/2023\\\/08\\\/761004-vanessa-20bell-20retrato-20de-20george-20c-20beresford-0.jpg\",\"datePublished\":\"2023-08-25T10:59:25+00:00\",\"dateModified\":\"2023-08-25T11:01:13+00:00\",\"description\":\"Qui\u00e9n fue Vanessa Bell. Una novela inspirada en Vanessa Bell vuelve a poner en el candelero a esta importante pintora y decoradora.\",\"breadcrumb\":{\"@id\":\"https:\\\/\\\/diariofemenino.com.ar\\\/df\\\/quien-fue-vanessa-bell-la-hermana-desconocida-de-virginia-woolf\\\/#breadcrumb\"},\"inLanguage\":\"es\",\"potentialAction\":[{\"@type\":\"ReadAction\",\"target\":[\"https:\\\/\\\/diariofemenino.com.ar\\\/df\\\/quien-fue-vanessa-bell-la-hermana-desconocida-de-virginia-woolf\\\/\"]}]},{\"@type\":\"ImageObject\",\"inLanguage\":\"es\",\"@id\":\"https:\\\/\\\/diariofemenino.com.ar\\\/df\\\/quien-fue-vanessa-bell-la-hermana-desconocida-de-virginia-woolf\\\/#primaryimage\",\"url\":\"https:\\\/\\\/diariofemenino.com.ar\\\/df\\\/wp-content\\\/uploads\\\/2023\\\/08\\\/761004-vanessa-20bell-20retrato-20de-20george-20c-20beresford-0.jpg\",\"contentUrl\":\"https:\\\/\\\/diariofemenino.com.ar\\\/df\\\/wp-content\\\/uploads\\\/2023\\\/08\\\/761004-vanessa-20bell-20retrato-20de-20george-20c-20beresford-0.jpg\",\"width\":960,\"height\":640,\"caption\":\"\u00bfQui\u00e9n fue Vanessa Bell, la hermana desconocida de Virginia Woolf?\"},{\"@type\":\"BreadcrumbList\",\"@id\":\"https:\\\/\\\/diariofemenino.com.ar\\\/df\\\/quien-fue-vanessa-bell-la-hermana-desconocida-de-virginia-woolf\\\/#breadcrumb\",\"itemListElement\":[{\"@type\":\"ListItem\",\"position\":1,\"name\":\"Portada\",\"item\":\"https:\\\/\\\/diariofemenino.com.ar\\\/df\\\/\"},{\"@type\":\"ListItem\",\"position\":2,\"name\":\"\u00bfQui\u00e9n fue Vanessa Bell, la hermana desconocida de Virginia Woolf?\"}]},{\"@type\":\"WebSite\",\"@id\":\"https:\\\/\\\/diariofemenino.com.ar\\\/df\\\/#website\",\"url\":\"https:\\\/\\\/diariofemenino.com.ar\\\/df\\\/\",\"name\":\"Diario Digital Femenino\",\"description\":\"Cuesti\u00f3n de G\u00e9nero\",\"publisher\":{\"@id\":\"https:\\\/\\\/diariofemenino.com.ar\\\/df\\\/#organization\"},\"potentialAction\":[{\"@type\":\"SearchAction\",\"target\":{\"@type\":\"EntryPoint\",\"urlTemplate\":\"https:\\\/\\\/diariofemenino.com.ar\\\/df\\\/?s={search_term_string}\"},\"query-input\":{\"@type\":\"PropertyValueSpecification\",\"valueRequired\":true,\"valueName\":\"search_term_string\"}}],\"inLanguage\":\"es\"},{\"@type\":\"Organization\",\"@id\":\"https:\\\/\\\/diariofemenino.com.ar\\\/df\\\/#organization\",\"name\":\"Diario Femenino\",\"url\":\"https:\\\/\\\/diariofemenino.com.ar\\\/df\\\/\",\"logo\":{\"@type\":\"ImageObject\",\"inLanguage\":\"es\",\"@id\":\"https:\\\/\\\/diariofemenino.com.ar\\\/df\\\/#\\\/schema\\\/logo\\\/image\\\/\",\"url\":\"https:\\\/\\\/diariofemenino.com.ar\\\/df\\\/wp-content\\\/uploads\\\/2018\\\/10\\\/logo.png\",\"contentUrl\":\"https:\\\/\\\/diariofemenino.com.ar\\\/df\\\/wp-content\\\/uploads\\\/2018\\\/10\\\/logo.png\",\"width\":500,\"height\":92,\"caption\":\"Diario Femenino\"},\"image\":{\"@id\":\"https:\\\/\\\/diariofemenino.com.ar\\\/df\\\/#\\\/schema\\\/logo\\\/image\\\/\"},\"sameAs\":[\"https:\\\/\\\/www.facebook.com\\\/DiarioDigitaFemenino\\\/\",\"https:\\\/\\\/x.com\\\/DiarioFemenino1\"]},{\"@type\":\"Person\",\"@id\":\"https:\\\/\\\/diariofemenino.com.ar\\\/df\\\/#\\\/schema\\\/person\\\/bf6199e8158c657ea6f789b11ec85509\",\"name\":\"Admin\",\"image\":{\"@type\":\"ImageObject\",\"inLanguage\":\"es\",\"@id\":\"https:\\\/\\\/diariofemenino.com.ar\\\/df\\\/wp-content\\\/uploads\\\/2018\\\/12\\\/favicon-150x150.jpg\",\"url\":\"https:\\\/\\\/diariofemenino.com.ar\\\/df\\\/wp-content\\\/uploads\\\/2018\\\/12\\\/favicon-150x150.jpg\",\"contentUrl\":\"https:\\\/\\\/diariofemenino.com.ar\\\/df\\\/wp-content\\\/uploads\\\/2018\\\/12\\\/favicon-150x150.jpg\",\"caption\":\"Admin\"},\"url\":\"https:\\\/\\\/diariofemenino.com.ar\\\/df\\\/author\\\/lenny\\\/\"}]}<\/script>\n<!-- \/ Yoast SEO plugin. -->","yoast_head_json":{"title":"\u00bfQui\u00e9n fue Vanessa Bell, la hermana desconocida de Virginia Woolf? - Diario Digital Femenino","description":"Qui\u00e9n fue Vanessa Bell. Una novela inspirada en Vanessa Bell vuelve a poner en el candelero a esta importante pintora y decoradora.","robots":{"index":"index","follow":"follow","max-snippet":"max-snippet:-1","max-image-preview":"max-image-preview:large","max-video-preview":"max-video-preview:-1"},"canonical":"https:\/\/diariofemenino.com.ar\/df\/quien-fue-vanessa-bell-la-hermana-desconocida-de-virginia-woolf\/","og_locale":"es_ES","og_type":"article","og_title":"\u00bfQui\u00e9n fue Vanessa Bell, la hermana desconocida de Virginia Woolf? - Diario Digital Femenino","og_description":"Qui\u00e9n fue Vanessa Bell. Una novela inspirada en Vanessa Bell vuelve a poner en el candelero a esta importante pintora y decoradora.","og_url":"https:\/\/diariofemenino.com.ar\/df\/quien-fue-vanessa-bell-la-hermana-desconocida-de-virginia-woolf\/","og_site_name":"Diario Digital Femenino","article_publisher":"https:\/\/www.facebook.com\/DiarioDigitaFemenino\/","article_published_time":"2023-08-25T10:59:25+00:00","article_modified_time":"2023-08-25T11:01:13+00:00","og_image":[{"width":960,"height":640,"url":"https:\/\/diariofemenino.com.ar\/df\/wp-content\/uploads\/2023\/08\/761004-vanessa-20bell-20retrato-20de-20george-20c-20beresford-0.jpg","type":"image\/jpeg"}],"author":"Admin","twitter_card":"summary_large_image","twitter_creator":"@DiarioFemenino1","twitter_site":"@DiarioFemenino1","twitter_misc":{"Escrito por":"Admin","Tiempo de lectura":"8 minutos"},"schema":{"@context":"https:\/\/schema.org","@graph":[{"@type":"Article","@id":"https:\/\/diariofemenino.com.ar\/df\/quien-fue-vanessa-bell-la-hermana-desconocida-de-virginia-woolf\/#article","isPartOf":{"@id":"https:\/\/diariofemenino.com.ar\/df\/quien-fue-vanessa-bell-la-hermana-desconocida-de-virginia-woolf\/"},"author":{"name":"Admin","@id":"https:\/\/diariofemenino.com.ar\/df\/#\/schema\/person\/bf6199e8158c657ea6f789b11ec85509"},"headline":"\u00bfQui\u00e9n fue Vanessa Bell, la hermana desconocida de Virginia Woolf?","datePublished":"2023-08-25T10:59:25+00:00","dateModified":"2023-08-25T11:01:13+00:00","mainEntityOfPage":{"@id":"https:\/\/diariofemenino.com.ar\/df\/quien-fue-vanessa-bell-la-hermana-desconocida-de-virginia-woolf\/"},"wordCount":1606,"commentCount":0,"publisher":{"@id":"https:\/\/diariofemenino.com.ar\/df\/#organization"},"image":{"@id":"https:\/\/diariofemenino.com.ar\/df\/quien-fue-vanessa-bell-la-hermana-desconocida-de-virginia-woolf\/#primaryimage"},"thumbnailUrl":"https:\/\/diariofemenino.com.ar\/df\/wp-content\/uploads\/2023\/08\/761004-vanessa-20bell-20retrato-20de-20george-20c-20beresford-0.jpg","keywords":["Arte","Historia","Literatura","Mujeres","Vanessa Bell","Virginia Woolf"],"articleSection":["Agenda Feminista","Art\u00edculos y Comunicados","Historias de vida","Mujeres","Mujeres en Palabras","Noticias"],"inLanguage":"es","potentialAction":[{"@type":"CommentAction","name":"Comment","target":["https:\/\/diariofemenino.com.ar\/df\/quien-fue-vanessa-bell-la-hermana-desconocida-de-virginia-woolf\/#respond"]}]},{"@type":"WebPage","@id":"https:\/\/diariofemenino.com.ar\/df\/quien-fue-vanessa-bell-la-hermana-desconocida-de-virginia-woolf\/","url":"https:\/\/diariofemenino.com.ar\/df\/quien-fue-vanessa-bell-la-hermana-desconocida-de-virginia-woolf\/","name":"\u00bfQui\u00e9n fue Vanessa Bell, la hermana desconocida de Virginia Woolf? - Diario Digital Femenino","isPartOf":{"@id":"https:\/\/diariofemenino.com.ar\/df\/#website"},"primaryImageOfPage":{"@id":"https:\/\/diariofemenino.com.ar\/df\/quien-fue-vanessa-bell-la-hermana-desconocida-de-virginia-woolf\/#primaryimage"},"image":{"@id":"https:\/\/diariofemenino.com.ar\/df\/quien-fue-vanessa-bell-la-hermana-desconocida-de-virginia-woolf\/#primaryimage"},"thumbnailUrl":"https:\/\/diariofemenino.com.ar\/df\/wp-content\/uploads\/2023\/08\/761004-vanessa-20bell-20retrato-20de-20george-20c-20beresford-0.jpg","datePublished":"2023-08-25T10:59:25+00:00","dateModified":"2023-08-25T11:01:13+00:00","description":"Qui\u00e9n fue Vanessa Bell. Una novela inspirada en Vanessa Bell vuelve a poner en el candelero a esta importante pintora y decoradora.","breadcrumb":{"@id":"https:\/\/diariofemenino.com.ar\/df\/quien-fue-vanessa-bell-la-hermana-desconocida-de-virginia-woolf\/#breadcrumb"},"inLanguage":"es","potentialAction":[{"@type":"ReadAction","target":["https:\/\/diariofemenino.com.ar\/df\/quien-fue-vanessa-bell-la-hermana-desconocida-de-virginia-woolf\/"]}]},{"@type":"ImageObject","inLanguage":"es","@id":"https:\/\/diariofemenino.com.ar\/df\/quien-fue-vanessa-bell-la-hermana-desconocida-de-virginia-woolf\/#primaryimage","url":"https:\/\/diariofemenino.com.ar\/df\/wp-content\/uploads\/2023\/08\/761004-vanessa-20bell-20retrato-20de-20george-20c-20beresford-0.jpg","contentUrl":"https:\/\/diariofemenino.com.ar\/df\/wp-content\/uploads\/2023\/08\/761004-vanessa-20bell-20retrato-20de-20george-20c-20beresford-0.jpg","width":960,"height":640,"caption":"\u00bfQui\u00e9n fue Vanessa Bell, la hermana desconocida de Virginia Woolf?"},{"@type":"BreadcrumbList","@id":"https:\/\/diariofemenino.com.ar\/df\/quien-fue-vanessa-bell-la-hermana-desconocida-de-virginia-woolf\/#breadcrumb","itemListElement":[{"@type":"ListItem","position":1,"name":"Portada","item":"https:\/\/diariofemenino.com.ar\/df\/"},{"@type":"ListItem","position":2,"name":"\u00bfQui\u00e9n fue Vanessa Bell, la hermana desconocida de Virginia Woolf?"}]},{"@type":"WebSite","@id":"https:\/\/diariofemenino.com.ar\/df\/#website","url":"https:\/\/diariofemenino.com.ar\/df\/","name":"Diario Digital Femenino","description":"Cuesti\u00f3n de G\u00e9nero","publisher":{"@id":"https:\/\/diariofemenino.com.ar\/df\/#organization"},"potentialAction":[{"@type":"SearchAction","target":{"@type":"EntryPoint","urlTemplate":"https:\/\/diariofemenino.com.ar\/df\/?s={search_term_string}"},"query-input":{"@type":"PropertyValueSpecification","valueRequired":true,"valueName":"search_term_string"}}],"inLanguage":"es"},{"@type":"Organization","@id":"https:\/\/diariofemenino.com.ar\/df\/#organization","name":"Diario Femenino","url":"https:\/\/diariofemenino.com.ar\/df\/","logo":{"@type":"ImageObject","inLanguage":"es","@id":"https:\/\/diariofemenino.com.ar\/df\/#\/schema\/logo\/image\/","url":"https:\/\/diariofemenino.com.ar\/df\/wp-content\/uploads\/2018\/10\/logo.png","contentUrl":"https:\/\/diariofemenino.com.ar\/df\/wp-content\/uploads\/2018\/10\/logo.png","width":500,"height":92,"caption":"Diario Femenino"},"image":{"@id":"https:\/\/diariofemenino.com.ar\/df\/#\/schema\/logo\/image\/"},"sameAs":["https:\/\/www.facebook.com\/DiarioDigitaFemenino\/","https:\/\/x.com\/DiarioFemenino1"]},{"@type":"Person","@id":"https:\/\/diariofemenino.com.ar\/df\/#\/schema\/person\/bf6199e8158c657ea6f789b11ec85509","name":"Admin","image":{"@type":"ImageObject","inLanguage":"es","@id":"https:\/\/diariofemenino.com.ar\/df\/wp-content\/uploads\/2018\/12\/favicon-150x150.jpg","url":"https:\/\/diariofemenino.com.ar\/df\/wp-content\/uploads\/2018\/12\/favicon-150x150.jpg","contentUrl":"https:\/\/diariofemenino.com.ar\/df\/wp-content\/uploads\/2018\/12\/favicon-150x150.jpg","caption":"Admin"},"url":"https:\/\/diariofemenino.com.ar\/df\/author\/lenny\/"}]}},"jetpack_featured_media_url":"https:\/\/diariofemenino.com.ar\/df\/wp-content\/uploads\/2023\/08\/761004-vanessa-20bell-20retrato-20de-20george-20c-20beresford-0.jpg","jetpack_sharing_enabled":true,"rttpg_featured_image_url":{"full":["https:\/\/diariofemenino.com.ar\/df\/wp-content\/uploads\/2023\/08\/761004-vanessa-20bell-20retrato-20de-20george-20c-20beresford-0.jpg",960,640,false],"landscape":["https:\/\/diariofemenino.com.ar\/df\/wp-content\/uploads\/2023\/08\/761004-vanessa-20bell-20retrato-20de-20george-20c-20beresford-0.jpg",960,640,false],"portraits":["https:\/\/diariofemenino.com.ar\/df\/wp-content\/uploads\/2023\/08\/761004-vanessa-20bell-20retrato-20de-20george-20c-20beresford-0.jpg",960,640,false],"thumbnail":["https:\/\/diariofemenino.com.ar\/df\/wp-content\/uploads\/2023\/08\/761004-vanessa-20bell-20retrato-20de-20george-20c-20beresford-0-150x150.jpg",150,150,true],"medium":["https:\/\/diariofemenino.com.ar\/df\/wp-content\/uploads\/2023\/08\/761004-vanessa-20bell-20retrato-20de-20george-20c-20beresford-0-300x200.jpg",300,200,true],"large":["https:\/\/diariofemenino.com.ar\/df\/wp-content\/uploads\/2023\/08\/761004-vanessa-20bell-20retrato-20de-20george-20c-20beresford-0.jpg",960,640,false],"1536x1536":["https:\/\/diariofemenino.com.ar\/df\/wp-content\/uploads\/2023\/08\/761004-vanessa-20bell-20retrato-20de-20george-20c-20beresford-0.jpg",960,640,false],"2048x2048":["https:\/\/diariofemenino.com.ar\/df\/wp-content\/uploads\/2023\/08\/761004-vanessa-20bell-20retrato-20de-20george-20c-20beresford-0.jpg",960,640,false]},"rttpg_author":{"display_name":"Admin","author_link":"https:\/\/diariofemenino.com.ar\/df\/author\/lenny\/"},"rttpg_comment":0,"rttpg_category":"<a href=\"https:\/\/diariofemenino.com.ar\/df\/category\/agenda-feminista\/\" rel=\"category tag\">Agenda Feminista<\/a> <a href=\"https:\/\/diariofemenino.com.ar\/df\/category\/articulos-y-comunicados\/\" rel=\"category tag\">Art\u00edculos y Comunicados<\/a> <a href=\"https:\/\/diariofemenino.com.ar\/df\/category\/historias-de-vida\/\" rel=\"category tag\">Historias de vida<\/a> <a href=\"https:\/\/diariofemenino.com.ar\/df\/category\/mujeres\/\" rel=\"category tag\">Mujeres<\/a> <a href=\"https:\/\/diariofemenino.com.ar\/df\/category\/articulos\/\" rel=\"category tag\">Mujeres en Palabras<\/a> <a href=\"https:\/\/diariofemenino.com.ar\/df\/category\/noticias\/\" rel=\"category tag\">Noticias<\/a>","rttpg_excerpt":"Un legado fascinante Una novela inspirada en Vanessa Bell vuelve a poner en el candelero a esta importante pintora y decoradora que, incluso a la fecha, no es suficientemente valorada. Eclipsada por el genio de su hermana, la descollante Virginia Woolf, ella tambi\u00e9n desafi\u00f3 las reglas sociales y est\u00e9ticas de la \u00e9poca victoriana. Por Guadalupe&hellip;","_links":{"self":[{"href":"https:\/\/diariofemenino.com.ar\/df\/wp-json\/wp\/v2\/posts\/71150","targetHints":{"allow":["GET"]}}],"collection":[{"href":"https:\/\/diariofemenino.com.ar\/df\/wp-json\/wp\/v2\/posts"}],"about":[{"href":"https:\/\/diariofemenino.com.ar\/df\/wp-json\/wp\/v2\/types\/post"}],"author":[{"embeddable":true,"href":"https:\/\/diariofemenino.com.ar\/df\/wp-json\/wp\/v2\/users\/4"}],"replies":[{"embeddable":true,"href":"https:\/\/diariofemenino.com.ar\/df\/wp-json\/wp\/v2\/comments?post=71150"}],"version-history":[{"count":0,"href":"https:\/\/diariofemenino.com.ar\/df\/wp-json\/wp\/v2\/posts\/71150\/revisions"}],"wp:featuredmedia":[{"embeddable":true,"href":"https:\/\/diariofemenino.com.ar\/df\/wp-json\/wp\/v2\/media\/71152"}],"wp:attachment":[{"href":"https:\/\/diariofemenino.com.ar\/df\/wp-json\/wp\/v2\/media?parent=71150"}],"wp:term":[{"taxonomy":"category","embeddable":true,"href":"https:\/\/diariofemenino.com.ar\/df\/wp-json\/wp\/v2\/categories?post=71150"},{"taxonomy":"post_tag","embeddable":true,"href":"https:\/\/diariofemenino.com.ar\/df\/wp-json\/wp\/v2\/tags?post=71150"}],"curies":[{"name":"wp","href":"https:\/\/api.w.org\/{rel}","templated":true}]}}