{"id":70753,"date":"2023-08-20T08:50:51","date_gmt":"2023-08-20T11:50:51","guid":{"rendered":"https:\/\/diariofemenino.com.ar\/df\/?p=70753"},"modified":"2023-08-20T09:52:03","modified_gmt":"2023-08-20T12:52:03","slug":"fallo-inedito-se-utilizo-el-nuevo-indice-de-crianza-para-determinar-la-cuota-alimentaria-en-san-juan","status":"publish","type":"post","link":"https:\/\/diariofemenino.com.ar\/df\/fallo-inedito-se-utilizo-el-nuevo-indice-de-crianza-para-determinar-la-cuota-alimentaria-en-san-juan\/","title":{"rendered":"Fallo in\u00e9dito: Se utilizo el nuevo \u00edndice de crianza para determinar la cuota alimentaria en San Juan"},"content":{"rendered":"<p><strong>Fallo in\u00e9dito: Se utilizo el nuevo \u00edndice de crianza para determinar la cuota alimentaria en San Juan. <\/strong>\u00abC.V. A Y M.C.R.A S\/ HOMOLOGACION DE CONVENIO EN FAMILIA\u201d. En la ciudad de San Juan, 25 de julio de 2023, Primer Juzgado de Familia. Jueza interviniente Dra. Marianela L\u00f3pez.<\/p>\n<p>Por\u00a0<strong><a href=\"https:\/\/diariofemenino.com.ar\/df\/?s=Fallo\">Erica P\u00e9rez<\/a>*<br \/>\n<\/strong>para<a href=\"https:\/\/www.instagram.com\/diariodigitalfemenino_\/\"><strong>\u00a0Diario Digital Femenino<\/strong><\/a><\/p>\n<blockquote><p>Descarga el fallo completo:\u00a0<a href=\"https:\/\/diariofemenino.com.ar\/df\/wp-content\/uploads\/2023\/08\/Fallo-san-juan-indice-de-crianza-1.pdf\">aqu\u00ed<\/a><\/p><\/blockquote>\n<p><strong>I.- Resumen de los hechos. Alimentos provisorios.<\/strong><\/p>\n<p>El d\u00eda 19 de junio de 2020 se present\u00f3 el Sr. R.A.M.C, la Sra. Y.V.C., con patrocinio letrado de la Dra. G, solicitando la homologaci\u00f3n de convenio (Plan de parentalidad). En el cual se homolog\u00f3 lo relativo al plan de parentalidad de su hija en com\u00fan: GMC, a saber: Cuidados personales, r\u00e9gimen de comunicaci\u00f3n, alimentos, consecuencias ante el incumplimiento del convenio y costas.<\/p>\n<p>En fecha 23 de octubre de 2020 se presenta el Sr. M con nuevo patrocinio letrado de la Dra. T, solicitando que se deje sin efecto las cl\u00e1usulas terceras (alimentos) y quinta (costas) del convenio acompa\u00f1ado por las partes. Expresando \u00ablas mismas no representan mi real voluntad, ni son de posible cumplimiento para m\u00ed\u00bb. Ofrece como cuota alimentaria a favor de la ni\u00f1a la suma de <strong>pesos cinco mil<\/strong>, m\u00e1s el pago de una obra social a su cargo y de la inscripci\u00f3n anual y mensual del colegio al que asiste la ni\u00f1a. Tambi\u00e9n ofrece, en la \u00e9poca de inicio escolar afrontar el 50% de los gastos, correspondientes a uniformes y \u00fatiles escolares. En caso de que su hija inicie una actividad recreativa se compromete a pagar el 50% del monto de la cuota. Asimismo, solicita que los honorarios de la profesional actuante en el convenio sean soportados en el orden causado. Ratifica las restantes cl\u00e1usulas del convenio.<\/p>\n<p>Sostiene que al momento de la celebraci\u00f3n del convenio \u00e9l no expres\u00f3 cabalmente su voluntad, que no contaba con una abogada que lo patrocine individualmente y que pens\u00f3 que el mismo le era de cumplimiento posible, que no comprendi\u00f3 algunas cl\u00e1usulas que luego le fueron exigidas (aguinaldo, por ejemplo) poni\u00e9ndose \u00e9l en una situaci\u00f3n de extrema necesidad econ\u00f3mica para lograr cumplirlas, teniendo que pedir a sus padres para cubrir los montos exigidos.<\/p>\n<p>Finalmente expone que tiene otro hijo, nacido en fecha 20 de abril de 2020, que conform\u00f3 una familia con su madre, que pag\u00f3 todo el a\u00f1o del colegio de G y que le ha comprado ropa y zapatillas, que trabaja todo el d\u00eda cobrando solo pesos catorce mil por mes. El 5 de febrero de 2021 se lleva a cabo la audiencia, en el que las partes acuerdan lo relativo a los cuidados personales, r\u00e9gimen de comunicaci\u00f3n y gastos extraordinarios, adem\u00e1s acuerdan que las costas se distribuir\u00e1n por su orden en lo actuado. Se fijan <a href=\"https:\/\/diariofemenino.com.ar\/df\/alimentos-provisorios\/\">alimentos provisorios<\/a>, hasta tanto se resuelva la cuesti\u00f3n en definitiva en la suma de <strong>pesos cinco mil quinientos.<\/strong><\/p>\n<p><strong>II.- Son ley para las partes los convenios firmados.<\/strong><\/p>\n<p>La presente causa inici\u00f3, por un pedido de homologaci\u00f3n judicial del convenio firmado por las partes. En el cual se acord\u00f3 un plan de parentalidad respecto a G, la hija en com\u00fan, conforme lo establece el art- 655 del CCyCN, incluy\u00e9ndose en el mismo cuestiones atinentes a los alimentos y a la imposici\u00f3n de costas. Que, a mi entender y tal como lo explicit\u00f3 la Dra. SM, Asesora Oficial interviniente dicho convenio se encuentra ajustado a derecho.<\/p>\n<p>Ahora bien, el progenitor aleg\u00f3 posteriormente que las cl\u00e1usulas terceras (alimentos) y quinta (imposici\u00f3n de costas &#8211; honorarios) \u00abno representan mi real voluntad, ni son de posible cumplimiento para m\u00ed\u00bb. A los efectos de su derecho de defensa su petici\u00f3n de dejarlas sin efecto se sustanci\u00f3, lo que di\u00f3 lugar a una posterior audiencia donde lograron acuerdos, los que fueron homologados en lo atinente al cuidado de la ni\u00f1a y r\u00e9gimen comunicacional paterno filial.<\/p>\n<p>La actitud procesal del Sr. M ha generado que, con el devenir del proceso, se produzcan ciertos impedimentos del pleno goce del derecho alimentario de su hija: 1) En primer lugar ha incumplido con una obligaci\u00f3n plenamente vigente entre ambos, dado que el convenio celebrado entre los progenitores <strong>es ley para las partes, aun cuando no haya existido homologaci\u00f3n judicial<\/strong>. Lo que obsta esto \u00faltimo es la posibilidad de ejecuci\u00f3n judicial. Recordemos que el convenio entre las partes, aun cuando su objeto sea espec\u00edficamente regular relaciones de familia, <strong>tiene car\u00e1cter contractual. <\/strong><\/p>\n<p>El convenio ha sido celebrado por dos personas <strong>plenamente capaces<\/strong>, y el Sr. M no ha logrado de forma alguna acreditar el porqu\u00e9 de su incumplimiento contractual. Es m\u00e1s, \u00e9l ha expresado que no contaba con un abogado que lo patrocinara individualmente, aun cuando estuvo asesorado por la Dra. G, quien comenz\u00f3 el presente proceso patrocinando a ambas partes. Tampoco ha solicitado que se declare la nulidad del convenio, ni ha probado los vicios de su voluntad por \u00e9l alegados.<\/p>\n<p>Tambi\u00e9n ha manifestado que \u00abpens\u00e9 que el mismo era de posible cumplimiento para m\u00ed. No entend\u00ed algunas cl\u00e1usulas que luego me fueron exigidas -aguinaldo, por ejemplo- poni\u00e9ndome en una situaci\u00f3n de extrema necesidad econ\u00f3mica para lograr cumplirlas\u00bb. Recordemos que el art. 961 del CCyCN establece que \u00abLos contratos deben celebrarse, interpretarse y ejecutarse de buena fe. Obligan no s\u00f3lo a lo que est\u00e1 formalmente expresado, sino a todas las consecuencias que puedan considerarse comprendidas en ellos, con los alcances en que razonablemente se habr\u00eda obligado un contratante cuidadoso y previsor.\u00bb<\/p>\n<p>Corresponde en este punto advertir que una persona <strong>no puede alegar su propia torpeza<\/strong>, am\u00e9n de ello no ha demostrado vicio alguno de la voluntad al suscribir el acto jur\u00eddico contractual. Nadie m\u00e1s que el propio alimentante conoce su situaci\u00f3n econ\u00f3mica y \u00e9l mismo se ha obligado en esos t\u00e9rminos, contando con el patrocinio letrado de una abogada en com\u00fan, cuyo ejercicio profesional no corresponde ser merituado en la presente, m\u00e1s a\u00fan sin prueba alguna de lo alegado por el Sr. M. Adem\u00e1s, no correspond\u00eda a la letrada cambiar \u00abalgunas cl\u00e1usulas\u201d cuando el Sr. M lo solicit\u00f3 ya que el contrato ha sido celebrado por la voluntad de ambos progenitores, sin interferir la voluntad de la letrada en la letra de este. A mayor abundamiento, fue formulado con la progenitora de la ni\u00f1a y no con la letrada, quien simplemente se limita a ser una asesora de las partes.<\/p>\n<p>El convenio <strong>no requiere una ratificaci\u00f3n de las partes ante el organismo judicial<\/strong> para que sea oponible entre ellos. Este punto ha sido tambi\u00e9n indicado por el Sr. M. Pero el requisito alegado (ratificaci\u00f3n por las partes) no ha sido requerido por el juez subrogante.<\/p>\n<p>Finalmente, considero necesario advertir que el progenitor ha expresado que tiene otro hijo de \u00abcuatro meses\u00bb (al 23 de octubre de 2020), hoy 3 a\u00f1os, corresponde tener en cuenta que la fecha de presentaci\u00f3n judicial de convenio entre las partes es 19 de junio de 2020, por lo que a la fecha de la presentaci\u00f3n conjunta del mismo el Sr. M ten\u00eda conocimiento del estado de embarazo de su pareja, y de la proximidad de nacimiento de su hijo, por lo que no podemos decir que estemos frente a un hecho nuevo, sino que debe entenderse que <strong>dicha circunstancia era conocida por el mismo al momento de la presentaci\u00f3n del convenio<\/strong> en sede judicial. Cabe aclarar que la actitud de las partes ser\u00e1 especialmente considerada al momento de fijar una cuota alimentaria definitiva.<\/p>\n<p><strong>III.- Quien debe probar en un proceso de alimentos. Carga de la prueba.<\/strong><\/p>\n<p>En este sentido es que, teniendo en consideraci\u00f3n las pruebas incorporadas a la causa, debo referir que a los fines de cuantificar la cuota alimentaria <strong>no se requiere de prueba directa de los efectivos ingresos del alimentante<\/strong>, siendo suficiente la demostraci\u00f3n del nivel de vida que mantiene el obligado, sin importar la forma en que se procura esos ingresos, pudiendo valerse la suscripta de todo medio de prueba al respecto, incluyendo indicios.<\/p>\n<p>Y un indicio suficientemente tasado en el proceso de alimentos, es la propia conducta de la parte requerida de alimentos, quien de forma alguna ha probado cu\u00e1les son sus efectivos ingresos, dado que: 1) trabaja en relaci\u00f3n de dependencia dos horas al d\u00eda para el Sr. F, quien dispone de su tiempo, como lo manifiesta, de forma rotativa de 7 a 18 h, 2) alega ser monotributista, sin especificar nada en relaci\u00f3n con sus ingresos en tal concepto, 3) no prueba su nivel de vida, de forma alguna.<\/p>\n<p>Este criterio es el seguido por el CPF, que en el art. 67 reza: \u00abEl juez tendr\u00e1 en cuenta las siguientes reglas: 1) La carga de la prueba recae en quien est\u00e1 en mejores condiciones de probar\u2026\u00bb. En consonancia con ello, recientemente la jurisprudencia ha sostenido que: \u00abentablada la discusi\u00f3n sobre la cuant\u00eda de la obligaci\u00f3n alimentaria, es carga del alimentante brindar una explicaci\u00f3n acabada acerca de su capacidad econ\u00f3mica y la forma en que sustenta su ritmo de vida.\u201d<a href=\"#_ftn1\" name=\"_ftnref1\">[1]<\/a>, lo que claramente no ha acontecido en autos.<\/p>\n<p>Es el incumplimiento injustificado de este deber lo que genera una presunci\u00f3n en su contra, como acontece en el presente caso, donde el Sr. M no prueba, como ya advert\u00ed precedentemente, sus efectivos ingresos, simplemente limit\u00e1ndose a aportar recibos de sueldo dos a\u00f1os anteriores a la fecha de presentaci\u00f3n de estos, de los que no surge la carga horaria de trabajo y disminuy\u00e9ndose su ingreso abruptamente, en los dos a\u00f1os posteriores. Ello no hace m\u00e1s que demostrar la falta de inter\u00e9s en acreditar su insuficiencia econ\u00f3mica para afrontar el pago de los alimentos de su hija menor de edad.<\/p>\n<p>Actualmente, conforme lo informado por AFIP a instancia de la prueba oficiosamente ordenada por la suscripta, se advierte que la remuneraci\u00f3n bruta actual por ese trabajo en relaci\u00f3n de dependencia de \u00abdos horas\u00bb conforme certificaci\u00f3n de la empleadora, pero que de forma rotativa puede ser requerido por la empleadora de 7 a 18 h, es de pesos veinticinco mil. Los ingresos obtenidos con su trabajo como monotributista, hecho por \u00e9l reconocido, no han sido probados de forma alguna.<\/p>\n<p><strong>IV.- Valoraci\u00f3n de las tareas de cuidado<\/strong><\/p>\n<p>Es dable advertir que la Sra. C es quien ejerce durante mayor parte del tiempo los cuidados personales de su hija G. La referida circunstancia resulta determinante a los fines de la graduaci\u00f3n del aporte econ\u00f3mico del progenitor. Asumidos dichos cuidados en exclusividad por la Sra. C, y advertida de las dificultades que evidentemente han generado \u00ablas responsabilidades laborales\u00bb del Sr. M, quien alega no poder cumplir por estar a disposici\u00f3n de su empleadora en el horario de retiro y reintegro de la ni\u00f1a, no puede m\u00e1s que imponerse al progenitor un mayor esfuerzo econ\u00f3mico.<\/p>\n<p>La circunstancia mencionada fue advertida por la Asesor\u00eda Oficial al emitir dictamen en fecha 31 de mayo de 2023: \u00ab&#8230;cabe recordar que al momento de la cuantificaci\u00f3n dineraria de la cuota y determinaci\u00f3n del deudor de la misma, debe tenerse presente que quien detenta la guarda se hace cargo de la atenci\u00f3n y cuidado de sus hijos en sus m\u00faltiples requerimientos cotidianos, lo que le demanda una inversi\u00f3n de tiempo considerable, en raz\u00f3n de lo cual su contribuci\u00f3n en especie tiene significaci\u00f3n econ\u00f3mica y debe ser tenida en cuenta como importante aporte individual, tal como lo establece el art. 660 del C\u00f3digo Civil y Comercial de la Naci\u00f3n, sin que ello importe liberar a dicho progenitor de su obligaci\u00f3n alimentaria.\u00bb<\/p>\n<p>Al sustanciarse la propuesta el progenitor la acept\u00f3, por lo que en fecha 18 de abril de 2022 se homolog\u00f3 judicialmente la misma. En fecha 13 de mayo de 2022 (casi un mes despu\u00e9s de la homologaci\u00f3n), la progenitora denuncia el incumplimiento del progenitor a lo acordado respecto al retiro de la ni\u00f1a del colegio.<\/p>\n<p>Todo lo expuesto respecto a los incumplimientos de las obligaciones del Sr. M en relaci\u00f3n con su hija G genera un perjuicio no solo a ella, como beneficiaria primaria de la cuota alimentaria, siendo este un derecho humano de raigambre constitucional, sino que tambi\u00e9n genera que la progenitora se constituya en v\u00edctima de violencia econ\u00f3mica.<\/p>\n<p>De las constancias surge que existe, incluso, un embargo ordenado por incumplimiento de pago \u00edntegro de la cuota alimentaria provisoriamente fijada en autos. Adem\u00e1s de todas las cuestiones de incumplimiento del deber asumido VOLUNTARIAMENTE por el progenitor en retirar a su hija del colegio para distribuir de una forma m\u00e1s equitativa la carga de cuidado de la ni\u00f1a y los gastos generados por el traslado a un colegio ubicado alejado del domicilio materno. Ello genera claras dificultades a la progenitora para desarrollarse laboralmente.<\/p>\n<p>Coincido con la opini\u00f3n de Victoria Fam\u00e1 cuando argumenta que \u00abEl incumplimiento del pago de los alimentos del progenitor con relaci\u00f3n a sus hijas e hijos configura un supuesto de violencia econ\u00f3mica contra las madres, quienes no s\u00f3lo deben asumir el cuidado personal de las ni\u00f1as, ni\u00f1os y adolescentes, sino tambi\u00e9n soportar en forma exclusiva el costo econ\u00f3mico de su crianza. Este \u201csacrificio\u201d es lo que se espera de una \u201cbuena madre\u201d, quien debe mostrarse desinteresada, abnegada y entregada incondicionalmente a su descendencia, exhibiendo cualidades propias de la feminidad. El sistema patriarcal naturaliza la visi\u00f3n de las mujeres como proveedoras de cuidado, por considerarlo una asignaci\u00f3n biol\u00f3gica. Pareciera que como las mujeres amamantan deben alimentar, y como tienen la posibilidad de gestar deben cuidar eternamente, no solo a sus hijas e hijos, sino tambi\u00e9n a los hombres, a las personas adultas mayores o a las personas con capacidad restringida.<a href=\"#_ftn2\" name=\"_ftnref2\">[2]<\/a><\/p>\n<p>El abono irregular de una cuota pactada extrajudicialmente o el sometimiento de las madres a reclamos constantes para solventar gastos necesarios para la vida generan, en consideraci\u00f3n de lo expuesto, una forma de violencia econ\u00f3mica, que debe cesar para el ejercicio pleno de los derechos de cada uno de los integrantes de la familia, siendo adem\u00e1s afectado por tal circunstancia el ni\u00f1o o ni\u00f1a privado del goce de esta.<\/p>\n<p><strong>V.- <a href=\"https:\/\/www.argentina.gob.ar\/economia\/igualdadygenero\/indice-crianza\">\u00edndice de crianza<\/a> o canasta b\u00e1sica.<\/strong><\/p>\n<p>Es importante tener en cuenta para cuantificar la cuota alimentaria el \u00edndice de crianza o canasta de crianza, publicada recientemente y por primera vez por el INDEC. Debemos tener en cuenta que \u00abLa canasta est\u00e1 compuesta, por un lado, por el costo de provisi\u00f3n de bienes y servicios esenciales para la primera infancia, la ni\u00f1ez y la adolescencia y, por otro lado, por el costo de cuidados para la primera infancia y la ni\u00f1ez. Esta estimaci\u00f3n permitir\u00e1 contribuir a la organizaci\u00f3n y planificaci\u00f3n familiar y a la gesti\u00f3n de los cuidados.<\/p>\n<p>En este caso, G tiene la edad de 10 a\u00f1os a la fecha, por lo que los gastos estimados de crianza de una persona de su edad, conforme datos oficiales del Indec, es de pesos <strong>ochenta y ocho mil seiscientos cincuenta y nueve<\/strong>, tomando en cuenta los par\u00e1metros se\u00f1alados precedentemente.<\/p>\n<p>La Asesor\u00eda Oficial entiende procedente fijar una cuota alimentaria a favor de la ni\u00f1a del VEINTICINCO POR CIENTO (25%) del total de sus remuneraciones mensuales por todo concepto, incluido el SAC, efectuados \u00fanica y exclusivamente los descuentos obligatorios de ley, con m\u00e1s el Salario Familiar en todos los rubros que corresponden a la hija, y ordene oficiar al empleador en la forma de estilo. Lo dictaminado por la Asesor\u00eda no es compartido por la suscripta en este punto, es decir, en cuanto al monto y modalidad de pago por todo lo que se evidenci\u00f3 anteriormente. Es decir, no existe prueba suficiente que permita conocer los efectivos ingresos del alimentante, quien adem\u00e1s de trabajar dos horas diarias en relaci\u00f3n de dependencia, cobrando una remuneraci\u00f3n bruta mensual de pesos veinticinco mil por dicha labor, tambi\u00e9n es monotributista, sin acreditar sus ingresos en ese sentido, ni tampoco la forma de obtenerlos y el valor al que asciende.<\/p>\n<p>Es mi deber propender <strong>al valor justicia y al principio de la realidad<\/strong>, advirtiendo as\u00ed que la suma inicial acordada por las partes, la que fue nuevamente solicitada por la progenitora en la audiencia y la ofrecida a posteriori por el progenitor, a la fecha de la presente resoluci\u00f3n, han variado de hecho, por circunstancias ajenas a las partes, evidenciadas por el devenir de la situaci\u00f3n macroecon\u00f3mica del pa\u00eds.<\/p>\n<p>En este sentido, la cuota acordada inicialmente, actualizada a la fecha de la presente resoluci\u00f3n <strong>ser\u00eda de aproximadamente $35.000<\/strong> (pesos treinta y cinco mil). Esto representa un incremento aproximado del 400% desde el inicio de la demanda hasta el presente.<\/p>\n<p>A mi entender a fin de lograr una actualizaci\u00f3n m\u00e1s justa y real, que pueda paliar, de alguna manera la inflaci\u00f3n mencionada, y ser previsible, considero necesario establecer como cuota alimentaria <strong>un porcentaje del Salario M\u00ednimo Vital y M\u00f3vil que refleje las necesidades de la persona alimentada, G,<\/strong> y las posibilidades econ\u00f3micas de la persona alimentante al momento del dictado de la presente.<\/p>\n<figure id=\"attachment_70755\" aria-describedby=\"caption-attachment-70755\" style=\"width: 390px\" class=\"wp-caption aligncenter\"><img loading=\"lazy\" decoding=\"async\" class=\" wp-image-70755\" src=\"https:\/\/diariofemenino.com.ar\/df\/wp-content\/uploads\/2023\/08\/Fqt4e8LWYAYtgN2-1024x811.jpg\" alt=\"Fallo in\u00e9dito: Se utilizo el nuevo \u00edndice de crianza para determinar la cuota alimentaria en San Juan\" width=\"390\" height=\"309\" srcset=\"https:\/\/diariofemenino.com.ar\/df\/wp-content\/uploads\/2023\/08\/Fqt4e8LWYAYtgN2-1024x811.jpg 1024w, https:\/\/diariofemenino.com.ar\/df\/wp-content\/uploads\/2023\/08\/Fqt4e8LWYAYtgN2-300x238.jpg 300w, https:\/\/diariofemenino.com.ar\/df\/wp-content\/uploads\/2023\/08\/Fqt4e8LWYAYtgN2-768x608.jpg 768w, https:\/\/diariofemenino.com.ar\/df\/wp-content\/uploads\/2023\/08\/Fqt4e8LWYAYtgN2.jpg 1077w\" sizes=\"auto, (max-width: 390px) 100vw, 390px\" \/><figcaption id=\"caption-attachment-70755\" class=\"wp-caption-text\">Fallo in\u00e9dito: Se utilizo el nuevo \u00edndice de crianza para determinar la cuota alimentaria en San Juan<\/figcaption><\/figure>\n<p>Para mayor abundamiento y a fin de aclarar lo expuesto en el p\u00e1rrafo precedente, debo decir que al d\u00eda de la fecha considero que el monto de la cuota alimentaria a abonar por la persona alimentante a favor de su hija es de pesos treinta y cinco mil, lo que se traduce en el cuarenta por ciento (40%) del salario m\u00ednimo vital y m\u00f3vil.<\/p>\n<p>Tal como se comprometi\u00f3 el Sr. M al momento de iniciar la presente causa (convenio) como en la audiencia, deber\u00e1 abonar, con car\u00e1cter alimentario la obra social a favor de G, la cuota mensual del colegio al que asista la ni\u00f1a y la inscripci\u00f3n de este.<\/p>\n<p>Los gastos extraordinarios que se generen con motivo de la compra de \u00fatiles, uniformes y materiales de estudio, entre otras cuestiones no contempladas en la cuota alimentaria (art. 541 del CCyCN) ser\u00e1n asumidos por partes iguales, en el mismo sentido aquellos gastos de salud no contemplados por la obra social.<\/p>\n<p>Finalmente, respecto a los beneficios sociales correspondientes a G, dada la problem\u00e1tica ilustrada en el proceso para la percepci\u00f3n de los mismos, <strong>atento el car\u00e1cter asistencial para las personas menores de edad de la asignaci\u00f3n universal y\/o salario familiar por hijo\/a<\/strong>, deber\u00e1 hacerse saber a ANSES que la residencia principal de GMC es en el domicilio de la Sra. YVC, correspondiendo a esa persona percibir los montos que por asignaci\u00f3n y\/o salario familiar se devengaren a favor de la misma debiendo proceder a depositar los mismos en la cuenta de usura pupilar correspondiente a estos autos.<\/p>\n<p>Resuelvo: 1) Fijar como CUOTA ALIMENTARIA DEFINITIVA a cargo de RAMC, en favor de GMC, correspondiente al cuarenta por ciento (40%) del Salario M\u00ednimo Vital y M\u00f3vil, lo que se depositar\u00e1 del 1 al 10 de cada mes, en la cuenta de Usura Pupilar abierta en autos. Deber\u00e1 abonar, con car\u00e1cter alimentario la obra social a favor de G, la cuota mensual del colegio al que asista la ni\u00f1a y de inscripci\u00f3n de este. 2) Los gastos extraordinarios que se generen con motivo de la compra de \u00fatiles, uniformes y materiales de estudio, gastos de salud no cubiertos por la obra social, y otras cuestiones no contempladas en la cuota alimentaria ser\u00e1n asumidos por partes iguales, siendo necesario que se acredite la realizaci\u00f3n de estos con el comprobante pertinente. 4) Atento el car\u00e1cter asistencial para las personas menores de edad de la asignaci\u00f3n universal y\/o salario familiar por hijo, h\u00e1gase saber a ANSES que la residencia principal de GMC, es en el domicilio de la Sra. YVC, correspondiendo a esa persona percibir los montos que por asignaci\u00f3n y\/o salario familiar se devengaren a favor de los hijos debiendo depositar los mismos en la cuenta de usura pupilar correspondiente a estos autos. (Firmada digitalmente).<\/p>\n<p><strong>VI.- Conclusi\u00f3n. <\/strong><\/p>\n<p>En el caso analizado, se determin\u00f3 cuota alimentaria mediante el nuevo \u00edndice de crianza valor\u00e1ndose las tareas de cuidado, afirmando que quien debe probar es el alimentante y que los acuerdos son ley para las partes, aun cuando no haya existido homologaci\u00f3n judicial.<\/p>\n<p>Es de gran importancia dar a conocer que los convenios realizados de forma extrajudicial son considerados contratos que, aunque decidan cuestiones de familia, tiene la obligaci\u00f3n de ser cumplidos como cualquier otro tipo de acuerdo.<\/p>\n<p>El tiempo dedicado a las tareas de cuidado, se valor\u00f3 como aporte econ\u00f3mico y se tuvo en cuenta el ingreso del alimentante en su calidad de monotributista, aunque no se haya probado en el expediente cual ser\u00eda el monto que percibe por dicha actividad. Por \u00faltimo, es importante destacar que quien est\u00e1 en condiciones de percibir la asignaci\u00f3n por hijo\/a es a quien se le otorga el cuidado personal de ni\u00f1os, ni\u00f1as u adolescentes.<\/p>\n<p><strong>(*)\u00a0<\/strong>Abogada egresada de la UBA.\u00a0<a href=\"https:\/\/blog-ericaperez.blogspot.com\/\">https:\/\/blog-ericaperez.blogspot.com\/<\/a><\/p>\n<p><strong>Referencias.<\/strong><\/p>\n<p><a href=\"#_ftnref1\" name=\"_ftn1\">[1]<\/a> (Cam. Apel, Sala | CC, Gualeguaych\u00fa, Entre R\u00edos, 24\/04\/2018, Rubinzal Online; RC J 4504\/18. Conf.: CNCiv., Sala G. 20\/4\/98, LL 1998-B-839 (caso 13.599); CCiv., Com., Trab. y Familia Villa Dolores, 22\/3\/96, JA 2000-IIl s\u00edntesis, sum. 57 y ED 172-502)<\/p>\n<p><a href=\"#_ftnref2\" name=\"_ftn2\">[2]<\/a> Fam\u00e1, Mar\u00eda Victoria. LAS CONSECUENCIAS DEL INCUMPLIMIENTO DE LA CUOTA ALIMENTARIA DE LOS PROGENITORES HACIA SUS HIJAS E HIJOS.\u00a0<a href=\"https:\/\/diariofemenino.com.ar\/df\/violencias-economicas-contra-las-mujeres\/\">https:\/\/diariofemenino.com.ar\/df\/violencias-economicas-contra-las-mujeres\/<\/a><\/p>\n<p>&nbsp;<\/p>\n<p>Diario Digital Femenino en Instagram: <a href=\"https:\/\/www.instagram.com\/diariodigitalfemenino_\/\">@diariodigitalfemenino_<\/a><\/p>\n","protected":false},"excerpt":{"rendered":"<p>Fallo in\u00e9dito: Se utilizo el nuevo \u00edndice de crianza para determinar la cuota alimentaria en San Juan. \u00abC.V. A Y M.C.R.A S\/ HOMOLOGACION DE CONVENIO EN FAMILIA\u201d. En la ciudad de San Juan, 25 de julio de 2023, Primer Juzgado de Familia. Jueza interviniente Dra. Marianela L\u00f3pez. Por\u00a0Erica P\u00e9rez* para\u00a0Diario Digital Femenino Descarga el fallo [&hellip;]<\/p>\n","protected":false},"author":4,"featured_media":70756,"comment_status":"open","ping_status":"open","sticky":false,"template":"","format":"standard","meta":{"iawp_total_views":68,"footnotes":""},"categories":[178,581,627,21,23],"tags":[397,124,3561,4905,5243,5144,366,891,4372,4649,1187,6269,39,54,1525],"class_list":["post-70753","post","type-post","status-publish","format-standard","has-post-thumbnail","hentry","category-articulos-y-comunicados","category-azul-profundo","category-genero-y-derechos-humanos","category-noticias","category-salud","tag-derechos","tag-adolescentes","tag-alimentos","tag-alimentos-provisorios","tag-bienestar","tag-comentario-juridico","tag-cuidados","tag-cuota-alimentaria","tag-destacada","tag-erica-perez","tag-fallo-inedito","tag-indice-de-crianza","tag-justicia","tag-ninas","tag-ninos"],"nelio_content":{"autoShareEndMode":"never","automationSources":{"useCustomSentences":false,"customSentences":[]},"efiAlt":"","efiUrl":"","followers":[4],"highlights":[],"isAutoShareEnabled":true,"networkImageIds":[],"permalinkQueryArgs":[],"series":[],"suggestedReferences":[]},"yoast_head":"<!-- This site is optimized with the Yoast SEO plugin v27.5 - https:\/\/yoast.com\/product\/yoast-seo-wordpress\/ -->\n<title>Fallo in\u00e9dito: Se utilizo el nuevo \u00edndice de crianza para determinar la cuota alimentaria en San Juan - Diario Digital Femenino<\/title>\n<meta name=\"description\" content=\"Fallo in\u00e9dito. Cuidados personales, r\u00e9gimen de comunicaci\u00f3n, alimentos, consecuencias ante el incumplimiento del convenio y costas.\" \/>\n<meta name=\"robots\" content=\"index, follow, max-snippet:-1, max-image-preview:large, max-video-preview:-1\" \/>\n<link rel=\"canonical\" href=\"https:\/\/diariofemenino.com.ar\/df\/fallo-inedito-se-utilizo-el-nuevo-indice-de-crianza-para-determinar-la-cuota-alimentaria-en-san-juan\/\" \/>\n<meta property=\"og:locale\" content=\"es_ES\" \/>\n<meta property=\"og:type\" content=\"article\" \/>\n<meta property=\"og:title\" content=\"Fallo in\u00e9dito: Se utilizo el nuevo \u00edndice de crianza para determinar la cuota alimentaria en San Juan - Diario Digital Femenino\" \/>\n<meta property=\"og:description\" content=\"Fallo in\u00e9dito. Cuidados personales, r\u00e9gimen de comunicaci\u00f3n, alimentos, consecuencias ante el incumplimiento del convenio y costas.\" \/>\n<meta property=\"og:url\" content=\"https:\/\/diariofemenino.com.ar\/df\/fallo-inedito-se-utilizo-el-nuevo-indice-de-crianza-para-determinar-la-cuota-alimentaria-en-san-juan\/\" \/>\n<meta property=\"og:site_name\" content=\"Diario Digital Femenino\" \/>\n<meta property=\"article:publisher\" content=\"https:\/\/www.facebook.com\/DiarioDigitaFemenino\/\" \/>\n<meta property=\"article:published_time\" content=\"2023-08-20T11:50:51+00:00\" \/>\n<meta property=\"article:modified_time\" content=\"2023-08-20T12:52:03+00:00\" \/>\n<meta property=\"og:image\" content=\"https:\/\/diariofemenino.com.ar\/df\/wp-content\/uploads\/2023\/08\/sentencia-judicial.jpg\" \/>\n\t<meta property=\"og:image:width\" content=\"1024\" \/>\n\t<meta property=\"og:image:height\" content=\"666\" \/>\n\t<meta property=\"og:image:type\" content=\"image\/jpeg\" \/>\n<meta name=\"author\" content=\"Admin\" \/>\n<meta name=\"twitter:card\" content=\"summary_large_image\" \/>\n<meta name=\"twitter:creator\" content=\"@DiarioFemenino1\" \/>\n<meta name=\"twitter:site\" content=\"@DiarioFemenino1\" \/>\n<meta name=\"twitter:label1\" content=\"Escrito por\" \/>\n\t<meta name=\"twitter:data1\" content=\"Admin\" \/>\n\t<meta name=\"twitter:label2\" content=\"Tiempo de lectura\" \/>\n\t<meta name=\"twitter:data2\" content=\"18 minutos\" \/>\n<script type=\"application\/ld+json\" class=\"yoast-schema-graph\">{\"@context\":\"https:\\\/\\\/schema.org\",\"@graph\":[{\"@type\":\"Article\",\"@id\":\"https:\\\/\\\/diariofemenino.com.ar\\\/df\\\/fallo-inedito-se-utilizo-el-nuevo-indice-de-crianza-para-determinar-la-cuota-alimentaria-en-san-juan\\\/#article\",\"isPartOf\":{\"@id\":\"https:\\\/\\\/diariofemenino.com.ar\\\/df\\\/fallo-inedito-se-utilizo-el-nuevo-indice-de-crianza-para-determinar-la-cuota-alimentaria-en-san-juan\\\/\"},\"author\":{\"name\":\"Admin\",\"@id\":\"https:\\\/\\\/diariofemenino.com.ar\\\/df\\\/#\\\/schema\\\/person\\\/bf6199e8158c657ea6f789b11ec85509\"},\"headline\":\"Fallo in\u00e9dito: Se utilizo el nuevo \u00edndice de crianza para determinar la cuota alimentaria en San Juan\",\"datePublished\":\"2023-08-20T11:50:51+00:00\",\"dateModified\":\"2023-08-20T12:52:03+00:00\",\"mainEntityOfPage\":{\"@id\":\"https:\\\/\\\/diariofemenino.com.ar\\\/df\\\/fallo-inedito-se-utilizo-el-nuevo-indice-de-crianza-para-determinar-la-cuota-alimentaria-en-san-juan\\\/\"},\"wordCount\":3676,\"commentCount\":1,\"publisher\":{\"@id\":\"https:\\\/\\\/diariofemenino.com.ar\\\/df\\\/#organization\"},\"image\":{\"@id\":\"https:\\\/\\\/diariofemenino.com.ar\\\/df\\\/fallo-inedito-se-utilizo-el-nuevo-indice-de-crianza-para-determinar-la-cuota-alimentaria-en-san-juan\\\/#primaryimage\"},\"thumbnailUrl\":\"https:\\\/\\\/diariofemenino.com.ar\\\/df\\\/wp-content\\\/uploads\\\/2023\\\/08\\\/sentencia-judicial.jpg\",\"keywords\":[\"#derechos\",\"Adolescentes\",\"Alimentos\",\"Alimentos provisorios\",\"Bienestar\",\"Comentario jur\u00eddico\",\"Cuidados\",\"Cuota alimentaria\",\"Destacada\",\"Erica P\u00e9rez\",\"Fallo in\u00e9dito\",\"\u00cdndice de Crianza\",\"Justicia\",\"Ni\u00f1as\",\"Ni\u00f1os\"],\"articleSection\":[\"Art\u00edculos y Comunicados\",\"Azul Profundo\",\"G\u00e9nero y Derechos Humanos\",\"Noticias\",\"Salud\"],\"inLanguage\":\"es\",\"potentialAction\":[{\"@type\":\"CommentAction\",\"name\":\"Comment\",\"target\":[\"https:\\\/\\\/diariofemenino.com.ar\\\/df\\\/fallo-inedito-se-utilizo-el-nuevo-indice-de-crianza-para-determinar-la-cuota-alimentaria-en-san-juan\\\/#respond\"]}]},{\"@type\":\"WebPage\",\"@id\":\"https:\\\/\\\/diariofemenino.com.ar\\\/df\\\/fallo-inedito-se-utilizo-el-nuevo-indice-de-crianza-para-determinar-la-cuota-alimentaria-en-san-juan\\\/\",\"url\":\"https:\\\/\\\/diariofemenino.com.ar\\\/df\\\/fallo-inedito-se-utilizo-el-nuevo-indice-de-crianza-para-determinar-la-cuota-alimentaria-en-san-juan\\\/\",\"name\":\"Fallo in\u00e9dito: Se utilizo el nuevo \u00edndice de crianza para determinar la cuota alimentaria en San Juan - Diario Digital Femenino\",\"isPartOf\":{\"@id\":\"https:\\\/\\\/diariofemenino.com.ar\\\/df\\\/#website\"},\"primaryImageOfPage\":{\"@id\":\"https:\\\/\\\/diariofemenino.com.ar\\\/df\\\/fallo-inedito-se-utilizo-el-nuevo-indice-de-crianza-para-determinar-la-cuota-alimentaria-en-san-juan\\\/#primaryimage\"},\"image\":{\"@id\":\"https:\\\/\\\/diariofemenino.com.ar\\\/df\\\/fallo-inedito-se-utilizo-el-nuevo-indice-de-crianza-para-determinar-la-cuota-alimentaria-en-san-juan\\\/#primaryimage\"},\"thumbnailUrl\":\"https:\\\/\\\/diariofemenino.com.ar\\\/df\\\/wp-content\\\/uploads\\\/2023\\\/08\\\/sentencia-judicial.jpg\",\"datePublished\":\"2023-08-20T11:50:51+00:00\",\"dateModified\":\"2023-08-20T12:52:03+00:00\",\"description\":\"Fallo in\u00e9dito. Cuidados personales, r\u00e9gimen de comunicaci\u00f3n, alimentos, consecuencias ante el incumplimiento del convenio y costas.\",\"breadcrumb\":{\"@id\":\"https:\\\/\\\/diariofemenino.com.ar\\\/df\\\/fallo-inedito-se-utilizo-el-nuevo-indice-de-crianza-para-determinar-la-cuota-alimentaria-en-san-juan\\\/#breadcrumb\"},\"inLanguage\":\"es\",\"potentialAction\":[{\"@type\":\"ReadAction\",\"target\":[\"https:\\\/\\\/diariofemenino.com.ar\\\/df\\\/fallo-inedito-se-utilizo-el-nuevo-indice-de-crianza-para-determinar-la-cuota-alimentaria-en-san-juan\\\/\"]}]},{\"@type\":\"ImageObject\",\"inLanguage\":\"es\",\"@id\":\"https:\\\/\\\/diariofemenino.com.ar\\\/df\\\/fallo-inedito-se-utilizo-el-nuevo-indice-de-crianza-para-determinar-la-cuota-alimentaria-en-san-juan\\\/#primaryimage\",\"url\":\"https:\\\/\\\/diariofemenino.com.ar\\\/df\\\/wp-content\\\/uploads\\\/2023\\\/08\\\/sentencia-judicial.jpg\",\"contentUrl\":\"https:\\\/\\\/diariofemenino.com.ar\\\/df\\\/wp-content\\\/uploads\\\/2023\\\/08\\\/sentencia-judicial.jpg\",\"width\":1024,\"height\":666,\"caption\":\"Fallo in\u00e9dito: Se utilizo el nuevo \u00edndice de crianza para determinar la cuota alimentaria en San Juan\"},{\"@type\":\"BreadcrumbList\",\"@id\":\"https:\\\/\\\/diariofemenino.com.ar\\\/df\\\/fallo-inedito-se-utilizo-el-nuevo-indice-de-crianza-para-determinar-la-cuota-alimentaria-en-san-juan\\\/#breadcrumb\",\"itemListElement\":[{\"@type\":\"ListItem\",\"position\":1,\"name\":\"Portada\",\"item\":\"https:\\\/\\\/diariofemenino.com.ar\\\/df\\\/\"},{\"@type\":\"ListItem\",\"position\":2,\"name\":\"Fallo in\u00e9dito: Se utilizo el nuevo \u00edndice de crianza para determinar la cuota alimentaria en San Juan\"}]},{\"@type\":\"WebSite\",\"@id\":\"https:\\\/\\\/diariofemenino.com.ar\\\/df\\\/#website\",\"url\":\"https:\\\/\\\/diariofemenino.com.ar\\\/df\\\/\",\"name\":\"Diario Digital Femenino\",\"description\":\"Cuesti\u00f3n de G\u00e9nero\",\"publisher\":{\"@id\":\"https:\\\/\\\/diariofemenino.com.ar\\\/df\\\/#organization\"},\"potentialAction\":[{\"@type\":\"SearchAction\",\"target\":{\"@type\":\"EntryPoint\",\"urlTemplate\":\"https:\\\/\\\/diariofemenino.com.ar\\\/df\\\/?s={search_term_string}\"},\"query-input\":{\"@type\":\"PropertyValueSpecification\",\"valueRequired\":true,\"valueName\":\"search_term_string\"}}],\"inLanguage\":\"es\"},{\"@type\":\"Organization\",\"@id\":\"https:\\\/\\\/diariofemenino.com.ar\\\/df\\\/#organization\",\"name\":\"Diario Femenino\",\"url\":\"https:\\\/\\\/diariofemenino.com.ar\\\/df\\\/\",\"logo\":{\"@type\":\"ImageObject\",\"inLanguage\":\"es\",\"@id\":\"https:\\\/\\\/diariofemenino.com.ar\\\/df\\\/#\\\/schema\\\/logo\\\/image\\\/\",\"url\":\"https:\\\/\\\/diariofemenino.com.ar\\\/df\\\/wp-content\\\/uploads\\\/2018\\\/10\\\/logo.png\",\"contentUrl\":\"https:\\\/\\\/diariofemenino.com.ar\\\/df\\\/wp-content\\\/uploads\\\/2018\\\/10\\\/logo.png\",\"width\":500,\"height\":92,\"caption\":\"Diario Femenino\"},\"image\":{\"@id\":\"https:\\\/\\\/diariofemenino.com.ar\\\/df\\\/#\\\/schema\\\/logo\\\/image\\\/\"},\"sameAs\":[\"https:\\\/\\\/www.facebook.com\\\/DiarioDigitaFemenino\\\/\",\"https:\\\/\\\/x.com\\\/DiarioFemenino1\"]},{\"@type\":\"Person\",\"@id\":\"https:\\\/\\\/diariofemenino.com.ar\\\/df\\\/#\\\/schema\\\/person\\\/bf6199e8158c657ea6f789b11ec85509\",\"name\":\"Admin\",\"image\":{\"@type\":\"ImageObject\",\"inLanguage\":\"es\",\"@id\":\"https:\\\/\\\/diariofemenino.com.ar\\\/df\\\/wp-content\\\/uploads\\\/2018\\\/12\\\/favicon-150x150.jpg\",\"url\":\"https:\\\/\\\/diariofemenino.com.ar\\\/df\\\/wp-content\\\/uploads\\\/2018\\\/12\\\/favicon-150x150.jpg\",\"contentUrl\":\"https:\\\/\\\/diariofemenino.com.ar\\\/df\\\/wp-content\\\/uploads\\\/2018\\\/12\\\/favicon-150x150.jpg\",\"caption\":\"Admin\"},\"url\":\"https:\\\/\\\/diariofemenino.com.ar\\\/df\\\/author\\\/lenny\\\/\"}]}<\/script>\n<!-- \/ Yoast SEO plugin. -->","yoast_head_json":{"title":"Fallo in\u00e9dito: Se utilizo el nuevo \u00edndice de crianza para determinar la cuota alimentaria en San Juan - Diario Digital Femenino","description":"Fallo in\u00e9dito. Cuidados personales, r\u00e9gimen de comunicaci\u00f3n, alimentos, consecuencias ante el incumplimiento del convenio y costas.","robots":{"index":"index","follow":"follow","max-snippet":"max-snippet:-1","max-image-preview":"max-image-preview:large","max-video-preview":"max-video-preview:-1"},"canonical":"https:\/\/diariofemenino.com.ar\/df\/fallo-inedito-se-utilizo-el-nuevo-indice-de-crianza-para-determinar-la-cuota-alimentaria-en-san-juan\/","og_locale":"es_ES","og_type":"article","og_title":"Fallo in\u00e9dito: Se utilizo el nuevo \u00edndice de crianza para determinar la cuota alimentaria en San Juan - Diario Digital Femenino","og_description":"Fallo in\u00e9dito. Cuidados personales, r\u00e9gimen de comunicaci\u00f3n, alimentos, consecuencias ante el incumplimiento del convenio y costas.","og_url":"https:\/\/diariofemenino.com.ar\/df\/fallo-inedito-se-utilizo-el-nuevo-indice-de-crianza-para-determinar-la-cuota-alimentaria-en-san-juan\/","og_site_name":"Diario Digital Femenino","article_publisher":"https:\/\/www.facebook.com\/DiarioDigitaFemenino\/","article_published_time":"2023-08-20T11:50:51+00:00","article_modified_time":"2023-08-20T12:52:03+00:00","og_image":[{"width":1024,"height":666,"url":"https:\/\/diariofemenino.com.ar\/df\/wp-content\/uploads\/2023\/08\/sentencia-judicial.jpg","type":"image\/jpeg"}],"author":"Admin","twitter_card":"summary_large_image","twitter_creator":"@DiarioFemenino1","twitter_site":"@DiarioFemenino1","twitter_misc":{"Escrito por":"Admin","Tiempo de lectura":"18 minutos"},"schema":{"@context":"https:\/\/schema.org","@graph":[{"@type":"Article","@id":"https:\/\/diariofemenino.com.ar\/df\/fallo-inedito-se-utilizo-el-nuevo-indice-de-crianza-para-determinar-la-cuota-alimentaria-en-san-juan\/#article","isPartOf":{"@id":"https:\/\/diariofemenino.com.ar\/df\/fallo-inedito-se-utilizo-el-nuevo-indice-de-crianza-para-determinar-la-cuota-alimentaria-en-san-juan\/"},"author":{"name":"Admin","@id":"https:\/\/diariofemenino.com.ar\/df\/#\/schema\/person\/bf6199e8158c657ea6f789b11ec85509"},"headline":"Fallo in\u00e9dito: Se utilizo el nuevo \u00edndice de crianza para determinar la cuota alimentaria en San Juan","datePublished":"2023-08-20T11:50:51+00:00","dateModified":"2023-08-20T12:52:03+00:00","mainEntityOfPage":{"@id":"https:\/\/diariofemenino.com.ar\/df\/fallo-inedito-se-utilizo-el-nuevo-indice-de-crianza-para-determinar-la-cuota-alimentaria-en-san-juan\/"},"wordCount":3676,"commentCount":1,"publisher":{"@id":"https:\/\/diariofemenino.com.ar\/df\/#organization"},"image":{"@id":"https:\/\/diariofemenino.com.ar\/df\/fallo-inedito-se-utilizo-el-nuevo-indice-de-crianza-para-determinar-la-cuota-alimentaria-en-san-juan\/#primaryimage"},"thumbnailUrl":"https:\/\/diariofemenino.com.ar\/df\/wp-content\/uploads\/2023\/08\/sentencia-judicial.jpg","keywords":["#derechos","Adolescentes","Alimentos","Alimentos provisorios","Bienestar","Comentario jur\u00eddico","Cuidados","Cuota alimentaria","Destacada","Erica P\u00e9rez","Fallo in\u00e9dito","\u00cdndice de Crianza","Justicia","Ni\u00f1as","Ni\u00f1os"],"articleSection":["Art\u00edculos y Comunicados","Azul Profundo","G\u00e9nero y Derechos Humanos","Noticias","Salud"],"inLanguage":"es","potentialAction":[{"@type":"CommentAction","name":"Comment","target":["https:\/\/diariofemenino.com.ar\/df\/fallo-inedito-se-utilizo-el-nuevo-indice-de-crianza-para-determinar-la-cuota-alimentaria-en-san-juan\/#respond"]}]},{"@type":"WebPage","@id":"https:\/\/diariofemenino.com.ar\/df\/fallo-inedito-se-utilizo-el-nuevo-indice-de-crianza-para-determinar-la-cuota-alimentaria-en-san-juan\/","url":"https:\/\/diariofemenino.com.ar\/df\/fallo-inedito-se-utilizo-el-nuevo-indice-de-crianza-para-determinar-la-cuota-alimentaria-en-san-juan\/","name":"Fallo in\u00e9dito: Se utilizo el nuevo \u00edndice de crianza para determinar la cuota alimentaria en San Juan - Diario Digital Femenino","isPartOf":{"@id":"https:\/\/diariofemenino.com.ar\/df\/#website"},"primaryImageOfPage":{"@id":"https:\/\/diariofemenino.com.ar\/df\/fallo-inedito-se-utilizo-el-nuevo-indice-de-crianza-para-determinar-la-cuota-alimentaria-en-san-juan\/#primaryimage"},"image":{"@id":"https:\/\/diariofemenino.com.ar\/df\/fallo-inedito-se-utilizo-el-nuevo-indice-de-crianza-para-determinar-la-cuota-alimentaria-en-san-juan\/#primaryimage"},"thumbnailUrl":"https:\/\/diariofemenino.com.ar\/df\/wp-content\/uploads\/2023\/08\/sentencia-judicial.jpg","datePublished":"2023-08-20T11:50:51+00:00","dateModified":"2023-08-20T12:52:03+00:00","description":"Fallo in\u00e9dito. Cuidados personales, r\u00e9gimen de comunicaci\u00f3n, alimentos, consecuencias ante el incumplimiento del convenio y costas.","breadcrumb":{"@id":"https:\/\/diariofemenino.com.ar\/df\/fallo-inedito-se-utilizo-el-nuevo-indice-de-crianza-para-determinar-la-cuota-alimentaria-en-san-juan\/#breadcrumb"},"inLanguage":"es","potentialAction":[{"@type":"ReadAction","target":["https:\/\/diariofemenino.com.ar\/df\/fallo-inedito-se-utilizo-el-nuevo-indice-de-crianza-para-determinar-la-cuota-alimentaria-en-san-juan\/"]}]},{"@type":"ImageObject","inLanguage":"es","@id":"https:\/\/diariofemenino.com.ar\/df\/fallo-inedito-se-utilizo-el-nuevo-indice-de-crianza-para-determinar-la-cuota-alimentaria-en-san-juan\/#primaryimage","url":"https:\/\/diariofemenino.com.ar\/df\/wp-content\/uploads\/2023\/08\/sentencia-judicial.jpg","contentUrl":"https:\/\/diariofemenino.com.ar\/df\/wp-content\/uploads\/2023\/08\/sentencia-judicial.jpg","width":1024,"height":666,"caption":"Fallo in\u00e9dito: Se utilizo el nuevo \u00edndice de crianza para determinar la cuota alimentaria en San Juan"},{"@type":"BreadcrumbList","@id":"https:\/\/diariofemenino.com.ar\/df\/fallo-inedito-se-utilizo-el-nuevo-indice-de-crianza-para-determinar-la-cuota-alimentaria-en-san-juan\/#breadcrumb","itemListElement":[{"@type":"ListItem","position":1,"name":"Portada","item":"https:\/\/diariofemenino.com.ar\/df\/"},{"@type":"ListItem","position":2,"name":"Fallo in\u00e9dito: Se utilizo el nuevo \u00edndice de crianza para determinar la cuota alimentaria en San Juan"}]},{"@type":"WebSite","@id":"https:\/\/diariofemenino.com.ar\/df\/#website","url":"https:\/\/diariofemenino.com.ar\/df\/","name":"Diario Digital Femenino","description":"Cuesti\u00f3n de G\u00e9nero","publisher":{"@id":"https:\/\/diariofemenino.com.ar\/df\/#organization"},"potentialAction":[{"@type":"SearchAction","target":{"@type":"EntryPoint","urlTemplate":"https:\/\/diariofemenino.com.ar\/df\/?s={search_term_string}"},"query-input":{"@type":"PropertyValueSpecification","valueRequired":true,"valueName":"search_term_string"}}],"inLanguage":"es"},{"@type":"Organization","@id":"https:\/\/diariofemenino.com.ar\/df\/#organization","name":"Diario Femenino","url":"https:\/\/diariofemenino.com.ar\/df\/","logo":{"@type":"ImageObject","inLanguage":"es","@id":"https:\/\/diariofemenino.com.ar\/df\/#\/schema\/logo\/image\/","url":"https:\/\/diariofemenino.com.ar\/df\/wp-content\/uploads\/2018\/10\/logo.png","contentUrl":"https:\/\/diariofemenino.com.ar\/df\/wp-content\/uploads\/2018\/10\/logo.png","width":500,"height":92,"caption":"Diario Femenino"},"image":{"@id":"https:\/\/diariofemenino.com.ar\/df\/#\/schema\/logo\/image\/"},"sameAs":["https:\/\/www.facebook.com\/DiarioDigitaFemenino\/","https:\/\/x.com\/DiarioFemenino1"]},{"@type":"Person","@id":"https:\/\/diariofemenino.com.ar\/df\/#\/schema\/person\/bf6199e8158c657ea6f789b11ec85509","name":"Admin","image":{"@type":"ImageObject","inLanguage":"es","@id":"https:\/\/diariofemenino.com.ar\/df\/wp-content\/uploads\/2018\/12\/favicon-150x150.jpg","url":"https:\/\/diariofemenino.com.ar\/df\/wp-content\/uploads\/2018\/12\/favicon-150x150.jpg","contentUrl":"https:\/\/diariofemenino.com.ar\/df\/wp-content\/uploads\/2018\/12\/favicon-150x150.jpg","caption":"Admin"},"url":"https:\/\/diariofemenino.com.ar\/df\/author\/lenny\/"}]}},"jetpack_featured_media_url":"https:\/\/diariofemenino.com.ar\/df\/wp-content\/uploads\/2023\/08\/sentencia-judicial.jpg","jetpack_sharing_enabled":true,"rttpg_featured_image_url":{"full":["https:\/\/diariofemenino.com.ar\/df\/wp-content\/uploads\/2023\/08\/sentencia-judicial.jpg",1024,666,false],"landscape":["https:\/\/diariofemenino.com.ar\/df\/wp-content\/uploads\/2023\/08\/sentencia-judicial.jpg",1024,666,false],"portraits":["https:\/\/diariofemenino.com.ar\/df\/wp-content\/uploads\/2023\/08\/sentencia-judicial.jpg",1024,666,false],"thumbnail":["https:\/\/diariofemenino.com.ar\/df\/wp-content\/uploads\/2023\/08\/sentencia-judicial-150x150.jpg",150,150,true],"medium":["https:\/\/diariofemenino.com.ar\/df\/wp-content\/uploads\/2023\/08\/sentencia-judicial-300x195.jpg",300,195,true],"large":["https:\/\/diariofemenino.com.ar\/df\/wp-content\/uploads\/2023\/08\/sentencia-judicial-1024x666.jpg",1024,666,true],"1536x1536":["https:\/\/diariofemenino.com.ar\/df\/wp-content\/uploads\/2023\/08\/sentencia-judicial.jpg",1024,666,false],"2048x2048":["https:\/\/diariofemenino.com.ar\/df\/wp-content\/uploads\/2023\/08\/sentencia-judicial.jpg",1024,666,false]},"rttpg_author":{"display_name":"Admin","author_link":"https:\/\/diariofemenino.com.ar\/df\/author\/lenny\/"},"rttpg_comment":1,"rttpg_category":"<a href=\"https:\/\/diariofemenino.com.ar\/df\/category\/articulos-y-comunicados\/\" rel=\"category tag\">Art\u00edculos y Comunicados<\/a> <a href=\"https:\/\/diariofemenino.com.ar\/df\/category\/azul-profundo\/\" rel=\"category tag\">Azul Profundo<\/a> <a href=\"https:\/\/diariofemenino.com.ar\/df\/category\/genero-y-derechos-humanos\/\" rel=\"category tag\">G\u00e9nero y Derechos Humanos<\/a> <a href=\"https:\/\/diariofemenino.com.ar\/df\/category\/noticias\/\" rel=\"category tag\">Noticias<\/a> <a href=\"https:\/\/diariofemenino.com.ar\/df\/category\/salud\/\" rel=\"category tag\">Salud<\/a>","rttpg_excerpt":"Fallo in\u00e9dito: Se utilizo el nuevo \u00edndice de crianza para determinar la cuota alimentaria en San Juan. \u00abC.V. A Y M.C.R.A S\/ HOMOLOGACION DE CONVENIO EN FAMILIA\u201d. En la ciudad de San Juan, 25 de julio de 2023, Primer Juzgado de Familia. Jueza interviniente Dra. Marianela L\u00f3pez. Por\u00a0Erica P\u00e9rez* para\u00a0Diario Digital Femenino Descarga el fallo&hellip;","_links":{"self":[{"href":"https:\/\/diariofemenino.com.ar\/df\/wp-json\/wp\/v2\/posts\/70753","targetHints":{"allow":["GET"]}}],"collection":[{"href":"https:\/\/diariofemenino.com.ar\/df\/wp-json\/wp\/v2\/posts"}],"about":[{"href":"https:\/\/diariofemenino.com.ar\/df\/wp-json\/wp\/v2\/types\/post"}],"author":[{"embeddable":true,"href":"https:\/\/diariofemenino.com.ar\/df\/wp-json\/wp\/v2\/users\/4"}],"replies":[{"embeddable":true,"href":"https:\/\/diariofemenino.com.ar\/df\/wp-json\/wp\/v2\/comments?post=70753"}],"version-history":[{"count":0,"href":"https:\/\/diariofemenino.com.ar\/df\/wp-json\/wp\/v2\/posts\/70753\/revisions"}],"wp:featuredmedia":[{"embeddable":true,"href":"https:\/\/diariofemenino.com.ar\/df\/wp-json\/wp\/v2\/media\/70756"}],"wp:attachment":[{"href":"https:\/\/diariofemenino.com.ar\/df\/wp-json\/wp\/v2\/media?parent=70753"}],"wp:term":[{"taxonomy":"category","embeddable":true,"href":"https:\/\/diariofemenino.com.ar\/df\/wp-json\/wp\/v2\/categories?post=70753"},{"taxonomy":"post_tag","embeddable":true,"href":"https:\/\/diariofemenino.com.ar\/df\/wp-json\/wp\/v2\/tags?post=70753"}],"curies":[{"name":"wp","href":"https:\/\/api.w.org\/{rel}","templated":true}]}}