{"id":70532,"date":"2023-08-07T09:19:46","date_gmt":"2023-08-07T12:19:46","guid":{"rendered":"https:\/\/diariofemenino.com.ar\/df\/?p=70532"},"modified":"2023-08-12T10:42:07","modified_gmt":"2023-08-12T13:42:07","slug":"alimentos-provisorios","status":"publish","type":"post","link":"https:\/\/diariofemenino.com.ar\/df\/alimentos-provisorios\/","title":{"rendered":"Alimentos provisorios fijados de acuerdo al nuevo \u00cdndice de Crianza, comentario jur\u00eddico sobre el fallo"},"content":{"rendered":"<p><strong>Fallo: Alimentos provisorios fijados de acuerdo al nuevo \u00cdndice de Crianza<\/strong> .F. V. N. A C\/ P. L .J S\/ ALIMENTOS. Juzgado N\u00b02 Lomas de Zamora. Jueza interviniente, Belen Loguercio. Fecha 1\/08\/2023.<\/p>\n<p>Por\u00a0<strong><a href=\"https:\/\/diariofemenino.com.ar\/df\/?s=Fallo\">Erica P\u00e9rez<\/a>*<br \/>\n<\/strong>para<a href=\"https:\/\/www.instagram.com\/diariodigitalfemenino_\/\"><strong>\u00a0Diario Digital Femenino<\/strong><\/a><\/p>\n<blockquote><p>Descarga el fallo completo:\u00a0<a href=\"https:\/\/diariofemenino.com.ar\/df\/wp-content\/uploads\/2023\/08\/Aplica-indice-crianza-INDEC.-2023.pdf\">aqu\u00ed<\/a><\/p><\/blockquote>\n<p><strong>I.- Solicita alimentos provisorios<\/strong><\/p>\n<p>Respecto de los alimentos provisorios pedidos, los mismos ser\u00e1n fijados en esta etapa del proceso en la que a\u00fan no se ha producido prueba alguna que demuestre los extremos invocados por la actora, posibilidades de la actora &#8211;<strong>Conf. Bossert, Gustavo; \u201cR\u00e9gimen jur\u00eddico de los alimentos\u201d, pag.331<\/strong><\/p>\n<p>Ello se debe a que si bien el proceso de alimentos se caracteriza por su celeridad en virtud del derecho que busca satisfacer, <strong>ello no implica que la espera hasta el dictado de la sentencia definitiva no insuma cierto tiempo, resultando en una clara desprotecci\u00f3n de la parte m\u00e1s vulnerable <\/strong><strong>(DE LA TORRE, Natalia, alimentos en HERRERA, Marisa y DE LA TORRE Natalia (dirs), CCYCN y leyes especiales. Comentado y anotado con perspectiva de g\u00e9nero, Tomo 4, Editores del Sur, Ciudad Aut\u00f3noma de Buenos Aires, 2022)<\/strong><\/p>\n<p>Atento al contenido del escrito de inicio y de la prueba acompa\u00f1ada, se advierte que la parte actora solicita alimentos provisorios para sus dos hijo e hija menores de edad, respecto de los cuales surge, en principio, acreditado el v\u00ednculo con el requerido mediante los certificados de nacimiento.<\/p>\n<p>Por ello, siendo los alimentos un derecho humano fundamental <strong>(art. 24 de la Convenci\u00f3n de los derechos del ni\u00f1o)<\/strong>, en raz\u00f3n de la verosimilitud en el derecho y en el peligro en la demora y en virtud de lo dispuesto por el art. 544, del C\u00f3digo Civil y Comercial, <strong>f\u00edjese cuota alimentaria provisoria, en el equivalente al 50% de la CANASTA DE CRIANZA fijada por el Instituto Nacional de Estad\u00edsticas y Censo (INDEC) para la franja etaria de 6 a 12 a\u00f1os la que actualmente tiene un valor de $93.932), <\/strong>la que deber\u00e1 hacerse efectiva dentro de los cinco d\u00edas de notificada la presente y en lo sucesivo del 1 al 10 de cada mes <strong>(Arts. 544CCC- 204 Y 506 del CPCC)NOTIFIQUESE.<\/strong><\/p>\n<p>Por ello sin perjuicios de los alimentos provisorios fijados en este prove\u00eddo, los mismos podr\u00e1n ser modificados una vez que se acompa\u00f1en mayores elementos probatorios en relaci\u00f3n a los ingresos del demandado y los gastos de las ni\u00f1as\/os.<\/p>\n<p><strong>II.- El costo de crianza y la valorizaci\u00f3n<\/strong><\/p>\n<p>El Instituto Nacional de Estad\u00edstica y Censos (INDEC) presenta la valorizaci\u00f3n de la canasta de crianza de la ni\u00f1ez y la adolescencia (0 a 12 a\u00f1os). La canasta incluye dos componentes: el costo mensual para adquirir los bienes y servicios para el desarrollo de ni\u00f1as, ni\u00f1os y adolescentes, y el costo del cuidado que surge a partir de la valorizaci\u00f3n del tiempo\u00a0requerido para dicha actividad. Adem\u00e1s, se presenta por tramos de edad, los cuales se calculan de acuerdo a\u00a0los niveles de escolarizaci\u00f3n y las horas de cuidado te\u00f3ricas que de ellos se derivan. El informe t\u00e9cnico mensual comenz\u00f3 a difundirse en julio de 2023, con datos disponibles a partir de 2020.<\/p>\n<figure id=\"attachment_70535\" aria-describedby=\"caption-attachment-70535\" style=\"width: 398px\" class=\"wp-caption aligncenter\"><img loading=\"lazy\" decoding=\"async\" class=\" wp-image-70535\" src=\"https:\/\/diariofemenino.com.ar\/df\/wp-content\/uploads\/2023\/08\/Alimentos-.jpg\" alt=\"Alimentos provisorios fijados de acuerdo al nuevo \u00cdndice de Crianza\" width=\"398\" height=\"401\" srcset=\"https:\/\/diariofemenino.com.ar\/df\/wp-content\/uploads\/2023\/08\/Alimentos-.jpg 530w, https:\/\/diariofemenino.com.ar\/df\/wp-content\/uploads\/2023\/08\/Alimentos--150x150.jpg 150w, https:\/\/diariofemenino.com.ar\/df\/wp-content\/uploads\/2023\/08\/Alimentos--298x300.jpg 298w\" sizes=\"auto, (max-width: 398px) 100vw, 398px\" \/><figcaption id=\"caption-attachment-70535\" class=\"wp-caption-text\">Alimentos provisorios fijados de acuerdo al nuevo \u00cdndice de Crianza<\/figcaption><\/figure>\n<p>La valorizaci\u00f3n de la canasta de crianza se realiza para cuatro tramos de edad, agrupados seg\u00fan los niveles de escolarizaci\u00f3n de ni\u00f1as, ni\u00f1os y adolescentes. El valor mensual de la canasta de crianza, para cada uno de los tramos de edad, correspondiente a junio de 2023 es de $103.635 para los <strong>menores de un a\u00f1o<\/strong>, de $122.346 para los <strong>ni\u00f1os y ni\u00f1as de 1 a 3 a\u00f1os<\/strong>, de $98.516 para los de <strong>4 a 5 a\u00f1os<\/strong> y de $93.932 para <strong>los de 6 a 12 a\u00f1os.<\/strong> Tanto en el informe t\u00e9cnico como en la serie estad\u00edstica se presenta la apertura de la canasta de crianza en sus dos componentes: el de los bienes y servicios y el de los cuidados. [1]<\/p>\n<p><strong>III.- Conclusi\u00f3n. <\/strong>El caso es el primero en utilizar el \u00edndice de crianza para determinar el monto de la cuota alimentaria provisoria, el mismo se compone del costo de los bienes y servicios y de la valoraci\u00f3n de las tareas de cuidado, siendo un gran avance para visualizar y poder establecer cifras reales acordes a las necesidades de ni\u00f1os, ni\u00f1as y adolescentes.<\/p>\n<p><strong>(*)\u00a0<\/strong>Abogada egresada de la UBA.\u00a0<a href=\"https:\/\/blog-ericaperez.blogspot.com\/\">https:\/\/blog-ericaperez.blogspot.com\/<\/a><\/p>\n<p><strong>Referencias.<\/strong><\/p>\n<p><strong>[1]<a href=\"https:\/\/www.indec.gob.ar\/indec\/web\/Nivel4-Tema-4-43-173\">https:\/\/www.indec.gob.ar\/indec\/web\/Nivel4-Tema-4-43-173<\/a><\/strong><\/p>\n<p><strong>Fuente del fallo:<\/strong> <strong><a href=\"https:\/\/palabrasdelderecho.com.ar\/index.html\">https:\/\/palabrasdelderecho.com.ar\/index.html<\/a><\/strong><strong>\u00a0 <\/strong><\/p>\n","protected":false},"excerpt":{"rendered":"<p>Fallo: Alimentos provisorios fijados de acuerdo al nuevo \u00cdndice de Crianza .F. V. N. A C\/ P. L .J S\/ ALIMENTOS. Juzgado N\u00b02 Lomas de Zamora. Jueza interviniente, Belen Loguercio. Fecha 1\/08\/2023. Por\u00a0Erica P\u00e9rez* para\u00a0Diario Digital Femenino Descarga el fallo completo:\u00a0aqu\u00ed I.- Solicita alimentos provisorios Respecto de los alimentos provisorios pedidos, los mismos ser\u00e1n fijados [&hellip;]<\/p>\n","protected":false},"author":4,"featured_media":70536,"comment_status":"open","ping_status":"open","sticky":false,"template":"","format":"standard","meta":{"iawp_total_views":54,"footnotes":""},"categories":[1067,178,581,627,21,23],"tags":[4905,5144,4372,4649,1885,6269],"class_list":["post-70532","post","type-post","status-publish","format-standard","has-post-thumbnail","hentry","category-agenda-feminista","category-articulos-y-comunicados","category-azul-profundo","category-genero-y-derechos-humanos","category-noticias","category-salud","tag-alimentos-provisorios","tag-comentario-juridico","tag-destacada","tag-erica-perez","tag-fallo","tag-indice-de-crianza"],"nelio_content":{"autoShareEndMode":"never","automationSources":{"useCustomSentences":false,"customSentences":[]},"efiAlt":"","efiUrl":"","followers":[4],"highlights":[],"isAutoShareEnabled":true,"networkImageIds":[],"permalinkQueryArgs":[],"series":[],"suggestedReferences":[]},"yoast_head":"<!-- This site is optimized with the Yoast SEO plugin v27.5 - https:\/\/yoast.com\/product\/yoast-seo-wordpress\/ -->\n<title>Alimentos provisorios fijados de acuerdo al nuevo \u00cdndice de Crianza, comentario jur\u00eddico sobre el fallo - Diario Digital Femenino<\/title>\n<meta name=\"description\" content=\"Alimentos provisorios sobre alimentos, los mismos ser\u00e1n fijados en esta etapa del proceso en la que a\u00fan no se ha producido prueba.\" \/>\n<meta name=\"robots\" content=\"index, follow, max-snippet:-1, max-image-preview:large, max-video-preview:-1\" \/>\n<link rel=\"canonical\" href=\"https:\/\/diariofemenino.com.ar\/df\/alimentos-provisorios\/\" \/>\n<meta property=\"og:locale\" content=\"es_ES\" \/>\n<meta property=\"og:type\" content=\"article\" \/>\n<meta property=\"og:title\" content=\"Alimentos provisorios fijados de acuerdo al nuevo \u00cdndice de Crianza, comentario jur\u00eddico sobre el fallo - Diario Digital Femenino\" \/>\n<meta property=\"og:description\" content=\"Alimentos provisorios sobre alimentos, los mismos ser\u00e1n fijados en esta etapa del proceso en la que a\u00fan no se ha producido prueba.\" \/>\n<meta property=\"og:url\" content=\"https:\/\/diariofemenino.com.ar\/df\/alimentos-provisorios\/\" \/>\n<meta property=\"og:site_name\" content=\"Diario Digital Femenino\" \/>\n<meta property=\"article:publisher\" content=\"https:\/\/www.facebook.com\/DiarioDigitaFemenino\/\" \/>\n<meta property=\"article:published_time\" content=\"2023-08-07T12:19:46+00:00\" \/>\n<meta property=\"article:modified_time\" content=\"2023-08-12T13:42:07+00:00\" \/>\n<meta property=\"og:image\" content=\"https:\/\/diariofemenino.com.ar\/df\/wp-content\/uploads\/2023\/08\/1688653331.jpg\" \/>\n\t<meta property=\"og:image:width\" content=\"1900\" \/>\n\t<meta property=\"og:image:height\" content=\"1200\" \/>\n\t<meta property=\"og:image:type\" content=\"image\/jpeg\" \/>\n<meta name=\"author\" content=\"Admin\" \/>\n<meta name=\"twitter:card\" content=\"summary_large_image\" \/>\n<meta name=\"twitter:creator\" content=\"@DiarioFemenino1\" \/>\n<meta name=\"twitter:site\" content=\"@DiarioFemenino1\" \/>\n<meta name=\"twitter:label1\" content=\"Escrito por\" \/>\n\t<meta name=\"twitter:data1\" content=\"Admin\" \/>\n\t<meta name=\"twitter:label2\" content=\"Tiempo de lectura\" \/>\n\t<meta name=\"twitter:data2\" content=\"4 minutos\" \/>\n<script type=\"application\/ld+json\" class=\"yoast-schema-graph\">{\"@context\":\"https:\\\/\\\/schema.org\",\"@graph\":[{\"@type\":\"Article\",\"@id\":\"https:\\\/\\\/diariofemenino.com.ar\\\/df\\\/alimentos-provisorios\\\/#article\",\"isPartOf\":{\"@id\":\"https:\\\/\\\/diariofemenino.com.ar\\\/df\\\/alimentos-provisorios\\\/\"},\"author\":{\"name\":\"Admin\",\"@id\":\"https:\\\/\\\/diariofemenino.com.ar\\\/df\\\/#\\\/schema\\\/person\\\/bf6199e8158c657ea6f789b11ec85509\"},\"headline\":\"Alimentos provisorios fijados de acuerdo al nuevo \u00cdndice de Crianza, comentario jur\u00eddico sobre el fallo\",\"datePublished\":\"2023-08-07T12:19:46+00:00\",\"dateModified\":\"2023-08-12T13:42:07+00:00\",\"mainEntityOfPage\":{\"@id\":\"https:\\\/\\\/diariofemenino.com.ar\\\/df\\\/alimentos-provisorios\\\/\"},\"wordCount\":784,\"commentCount\":0,\"publisher\":{\"@id\":\"https:\\\/\\\/diariofemenino.com.ar\\\/df\\\/#organization\"},\"image\":{\"@id\":\"https:\\\/\\\/diariofemenino.com.ar\\\/df\\\/alimentos-provisorios\\\/#primaryimage\"},\"thumbnailUrl\":\"https:\\\/\\\/diariofemenino.com.ar\\\/df\\\/wp-content\\\/uploads\\\/2023\\\/08\\\/1688653331.jpg\",\"keywords\":[\"Alimentos provisorios\",\"Comentario jur\u00eddico\",\"Destacada\",\"Erica P\u00e9rez\",\"Fallo\",\"\u00cdndice de Crianza\"],\"articleSection\":[\"Agenda Feminista\",\"Art\u00edculos y Comunicados\",\"Azul Profundo\",\"G\u00e9nero y Derechos Humanos\",\"Noticias\",\"Salud\"],\"inLanguage\":\"es\",\"potentialAction\":[{\"@type\":\"CommentAction\",\"name\":\"Comment\",\"target\":[\"https:\\\/\\\/diariofemenino.com.ar\\\/df\\\/alimentos-provisorios\\\/#respond\"]}]},{\"@type\":\"WebPage\",\"@id\":\"https:\\\/\\\/diariofemenino.com.ar\\\/df\\\/alimentos-provisorios\\\/\",\"url\":\"https:\\\/\\\/diariofemenino.com.ar\\\/df\\\/alimentos-provisorios\\\/\",\"name\":\"Alimentos provisorios fijados de acuerdo al nuevo \u00cdndice de Crianza, comentario jur\u00eddico sobre el fallo - Diario Digital Femenino\",\"isPartOf\":{\"@id\":\"https:\\\/\\\/diariofemenino.com.ar\\\/df\\\/#website\"},\"primaryImageOfPage\":{\"@id\":\"https:\\\/\\\/diariofemenino.com.ar\\\/df\\\/alimentos-provisorios\\\/#primaryimage\"},\"image\":{\"@id\":\"https:\\\/\\\/diariofemenino.com.ar\\\/df\\\/alimentos-provisorios\\\/#primaryimage\"},\"thumbnailUrl\":\"https:\\\/\\\/diariofemenino.com.ar\\\/df\\\/wp-content\\\/uploads\\\/2023\\\/08\\\/1688653331.jpg\",\"datePublished\":\"2023-08-07T12:19:46+00:00\",\"dateModified\":\"2023-08-12T13:42:07+00:00\",\"description\":\"Alimentos provisorios sobre alimentos, los mismos ser\u00e1n fijados en esta etapa del proceso en la que a\u00fan no se ha producido prueba.\",\"breadcrumb\":{\"@id\":\"https:\\\/\\\/diariofemenino.com.ar\\\/df\\\/alimentos-provisorios\\\/#breadcrumb\"},\"inLanguage\":\"es\",\"potentialAction\":[{\"@type\":\"ReadAction\",\"target\":[\"https:\\\/\\\/diariofemenino.com.ar\\\/df\\\/alimentos-provisorios\\\/\"]}]},{\"@type\":\"ImageObject\",\"inLanguage\":\"es\",\"@id\":\"https:\\\/\\\/diariofemenino.com.ar\\\/df\\\/alimentos-provisorios\\\/#primaryimage\",\"url\":\"https:\\\/\\\/diariofemenino.com.ar\\\/df\\\/wp-content\\\/uploads\\\/2023\\\/08\\\/1688653331.jpg\",\"contentUrl\":\"https:\\\/\\\/diariofemenino.com.ar\\\/df\\\/wp-content\\\/uploads\\\/2023\\\/08\\\/1688653331.jpg\",\"width\":1900,\"height\":1200,\"caption\":\"Alimentos provisorios fijados de acuerdo al nuevo \u00cdndice de Crianza\"},{\"@type\":\"BreadcrumbList\",\"@id\":\"https:\\\/\\\/diariofemenino.com.ar\\\/df\\\/alimentos-provisorios\\\/#breadcrumb\",\"itemListElement\":[{\"@type\":\"ListItem\",\"position\":1,\"name\":\"Portada\",\"item\":\"https:\\\/\\\/diariofemenino.com.ar\\\/df\\\/\"},{\"@type\":\"ListItem\",\"position\":2,\"name\":\"Alimentos provisorios fijados de acuerdo al nuevo \u00cdndice de Crianza, comentario jur\u00eddico sobre el fallo\"}]},{\"@type\":\"WebSite\",\"@id\":\"https:\\\/\\\/diariofemenino.com.ar\\\/df\\\/#website\",\"url\":\"https:\\\/\\\/diariofemenino.com.ar\\\/df\\\/\",\"name\":\"Diario Digital Femenino\",\"description\":\"Cuesti\u00f3n de G\u00e9nero\",\"publisher\":{\"@id\":\"https:\\\/\\\/diariofemenino.com.ar\\\/df\\\/#organization\"},\"potentialAction\":[{\"@type\":\"SearchAction\",\"target\":{\"@type\":\"EntryPoint\",\"urlTemplate\":\"https:\\\/\\\/diariofemenino.com.ar\\\/df\\\/?s={search_term_string}\"},\"query-input\":{\"@type\":\"PropertyValueSpecification\",\"valueRequired\":true,\"valueName\":\"search_term_string\"}}],\"inLanguage\":\"es\"},{\"@type\":\"Organization\",\"@id\":\"https:\\\/\\\/diariofemenino.com.ar\\\/df\\\/#organization\",\"name\":\"Diario Femenino\",\"url\":\"https:\\\/\\\/diariofemenino.com.ar\\\/df\\\/\",\"logo\":{\"@type\":\"ImageObject\",\"inLanguage\":\"es\",\"@id\":\"https:\\\/\\\/diariofemenino.com.ar\\\/df\\\/#\\\/schema\\\/logo\\\/image\\\/\",\"url\":\"https:\\\/\\\/diariofemenino.com.ar\\\/df\\\/wp-content\\\/uploads\\\/2018\\\/10\\\/logo.png\",\"contentUrl\":\"https:\\\/\\\/diariofemenino.com.ar\\\/df\\\/wp-content\\\/uploads\\\/2018\\\/10\\\/logo.png\",\"width\":500,\"height\":92,\"caption\":\"Diario Femenino\"},\"image\":{\"@id\":\"https:\\\/\\\/diariofemenino.com.ar\\\/df\\\/#\\\/schema\\\/logo\\\/image\\\/\"},\"sameAs\":[\"https:\\\/\\\/www.facebook.com\\\/DiarioDigitaFemenino\\\/\",\"https:\\\/\\\/x.com\\\/DiarioFemenino1\"]},{\"@type\":\"Person\",\"@id\":\"https:\\\/\\\/diariofemenino.com.ar\\\/df\\\/#\\\/schema\\\/person\\\/bf6199e8158c657ea6f789b11ec85509\",\"name\":\"Admin\",\"image\":{\"@type\":\"ImageObject\",\"inLanguage\":\"es\",\"@id\":\"https:\\\/\\\/diariofemenino.com.ar\\\/df\\\/wp-content\\\/uploads\\\/2018\\\/12\\\/favicon-150x150.jpg\",\"url\":\"https:\\\/\\\/diariofemenino.com.ar\\\/df\\\/wp-content\\\/uploads\\\/2018\\\/12\\\/favicon-150x150.jpg\",\"contentUrl\":\"https:\\\/\\\/diariofemenino.com.ar\\\/df\\\/wp-content\\\/uploads\\\/2018\\\/12\\\/favicon-150x150.jpg\",\"caption\":\"Admin\"},\"url\":\"https:\\\/\\\/diariofemenino.com.ar\\\/df\\\/author\\\/lenny\\\/\"}]}<\/script>\n<!-- \/ Yoast SEO plugin. -->","yoast_head_json":{"title":"Alimentos provisorios fijados de acuerdo al nuevo \u00cdndice de Crianza, comentario jur\u00eddico sobre el fallo - Diario Digital Femenino","description":"Alimentos provisorios sobre alimentos, los mismos ser\u00e1n fijados en esta etapa del proceso en la que a\u00fan no se ha producido prueba.","robots":{"index":"index","follow":"follow","max-snippet":"max-snippet:-1","max-image-preview":"max-image-preview:large","max-video-preview":"max-video-preview:-1"},"canonical":"https:\/\/diariofemenino.com.ar\/df\/alimentos-provisorios\/","og_locale":"es_ES","og_type":"article","og_title":"Alimentos provisorios fijados de acuerdo al nuevo \u00cdndice de Crianza, comentario jur\u00eddico sobre el fallo - Diario Digital Femenino","og_description":"Alimentos provisorios sobre alimentos, los mismos ser\u00e1n fijados en esta etapa del proceso en la que a\u00fan no se ha producido prueba.","og_url":"https:\/\/diariofemenino.com.ar\/df\/alimentos-provisorios\/","og_site_name":"Diario Digital Femenino","article_publisher":"https:\/\/www.facebook.com\/DiarioDigitaFemenino\/","article_published_time":"2023-08-07T12:19:46+00:00","article_modified_time":"2023-08-12T13:42:07+00:00","og_image":[{"width":1900,"height":1200,"url":"https:\/\/diariofemenino.com.ar\/df\/wp-content\/uploads\/2023\/08\/1688653331.jpg","type":"image\/jpeg"}],"author":"Admin","twitter_card":"summary_large_image","twitter_creator":"@DiarioFemenino1","twitter_site":"@DiarioFemenino1","twitter_misc":{"Escrito por":"Admin","Tiempo de lectura":"4 minutos"},"schema":{"@context":"https:\/\/schema.org","@graph":[{"@type":"Article","@id":"https:\/\/diariofemenino.com.ar\/df\/alimentos-provisorios\/#article","isPartOf":{"@id":"https:\/\/diariofemenino.com.ar\/df\/alimentos-provisorios\/"},"author":{"name":"Admin","@id":"https:\/\/diariofemenino.com.ar\/df\/#\/schema\/person\/bf6199e8158c657ea6f789b11ec85509"},"headline":"Alimentos provisorios fijados de acuerdo al nuevo \u00cdndice de Crianza, comentario jur\u00eddico sobre el fallo","datePublished":"2023-08-07T12:19:46+00:00","dateModified":"2023-08-12T13:42:07+00:00","mainEntityOfPage":{"@id":"https:\/\/diariofemenino.com.ar\/df\/alimentos-provisorios\/"},"wordCount":784,"commentCount":0,"publisher":{"@id":"https:\/\/diariofemenino.com.ar\/df\/#organization"},"image":{"@id":"https:\/\/diariofemenino.com.ar\/df\/alimentos-provisorios\/#primaryimage"},"thumbnailUrl":"https:\/\/diariofemenino.com.ar\/df\/wp-content\/uploads\/2023\/08\/1688653331.jpg","keywords":["Alimentos provisorios","Comentario jur\u00eddico","Destacada","Erica P\u00e9rez","Fallo","\u00cdndice de Crianza"],"articleSection":["Agenda Feminista","Art\u00edculos y Comunicados","Azul Profundo","G\u00e9nero y Derechos Humanos","Noticias","Salud"],"inLanguage":"es","potentialAction":[{"@type":"CommentAction","name":"Comment","target":["https:\/\/diariofemenino.com.ar\/df\/alimentos-provisorios\/#respond"]}]},{"@type":"WebPage","@id":"https:\/\/diariofemenino.com.ar\/df\/alimentos-provisorios\/","url":"https:\/\/diariofemenino.com.ar\/df\/alimentos-provisorios\/","name":"Alimentos provisorios fijados de acuerdo al nuevo \u00cdndice de Crianza, comentario jur\u00eddico sobre el fallo - Diario Digital Femenino","isPartOf":{"@id":"https:\/\/diariofemenino.com.ar\/df\/#website"},"primaryImageOfPage":{"@id":"https:\/\/diariofemenino.com.ar\/df\/alimentos-provisorios\/#primaryimage"},"image":{"@id":"https:\/\/diariofemenino.com.ar\/df\/alimentos-provisorios\/#primaryimage"},"thumbnailUrl":"https:\/\/diariofemenino.com.ar\/df\/wp-content\/uploads\/2023\/08\/1688653331.jpg","datePublished":"2023-08-07T12:19:46+00:00","dateModified":"2023-08-12T13:42:07+00:00","description":"Alimentos provisorios sobre alimentos, los mismos ser\u00e1n fijados en esta etapa del proceso en la que a\u00fan no se ha producido prueba.","breadcrumb":{"@id":"https:\/\/diariofemenino.com.ar\/df\/alimentos-provisorios\/#breadcrumb"},"inLanguage":"es","potentialAction":[{"@type":"ReadAction","target":["https:\/\/diariofemenino.com.ar\/df\/alimentos-provisorios\/"]}]},{"@type":"ImageObject","inLanguage":"es","@id":"https:\/\/diariofemenino.com.ar\/df\/alimentos-provisorios\/#primaryimage","url":"https:\/\/diariofemenino.com.ar\/df\/wp-content\/uploads\/2023\/08\/1688653331.jpg","contentUrl":"https:\/\/diariofemenino.com.ar\/df\/wp-content\/uploads\/2023\/08\/1688653331.jpg","width":1900,"height":1200,"caption":"Alimentos provisorios fijados de acuerdo al nuevo \u00cdndice de Crianza"},{"@type":"BreadcrumbList","@id":"https:\/\/diariofemenino.com.ar\/df\/alimentos-provisorios\/#breadcrumb","itemListElement":[{"@type":"ListItem","position":1,"name":"Portada","item":"https:\/\/diariofemenino.com.ar\/df\/"},{"@type":"ListItem","position":2,"name":"Alimentos provisorios fijados de acuerdo al nuevo \u00cdndice de Crianza, comentario jur\u00eddico sobre el fallo"}]},{"@type":"WebSite","@id":"https:\/\/diariofemenino.com.ar\/df\/#website","url":"https:\/\/diariofemenino.com.ar\/df\/","name":"Diario Digital Femenino","description":"Cuesti\u00f3n de G\u00e9nero","publisher":{"@id":"https:\/\/diariofemenino.com.ar\/df\/#organization"},"potentialAction":[{"@type":"SearchAction","target":{"@type":"EntryPoint","urlTemplate":"https:\/\/diariofemenino.com.ar\/df\/?s={search_term_string}"},"query-input":{"@type":"PropertyValueSpecification","valueRequired":true,"valueName":"search_term_string"}}],"inLanguage":"es"},{"@type":"Organization","@id":"https:\/\/diariofemenino.com.ar\/df\/#organization","name":"Diario Femenino","url":"https:\/\/diariofemenino.com.ar\/df\/","logo":{"@type":"ImageObject","inLanguage":"es","@id":"https:\/\/diariofemenino.com.ar\/df\/#\/schema\/logo\/image\/","url":"https:\/\/diariofemenino.com.ar\/df\/wp-content\/uploads\/2018\/10\/logo.png","contentUrl":"https:\/\/diariofemenino.com.ar\/df\/wp-content\/uploads\/2018\/10\/logo.png","width":500,"height":92,"caption":"Diario Femenino"},"image":{"@id":"https:\/\/diariofemenino.com.ar\/df\/#\/schema\/logo\/image\/"},"sameAs":["https:\/\/www.facebook.com\/DiarioDigitaFemenino\/","https:\/\/x.com\/DiarioFemenino1"]},{"@type":"Person","@id":"https:\/\/diariofemenino.com.ar\/df\/#\/schema\/person\/bf6199e8158c657ea6f789b11ec85509","name":"Admin","image":{"@type":"ImageObject","inLanguage":"es","@id":"https:\/\/diariofemenino.com.ar\/df\/wp-content\/uploads\/2018\/12\/favicon-150x150.jpg","url":"https:\/\/diariofemenino.com.ar\/df\/wp-content\/uploads\/2018\/12\/favicon-150x150.jpg","contentUrl":"https:\/\/diariofemenino.com.ar\/df\/wp-content\/uploads\/2018\/12\/favicon-150x150.jpg","caption":"Admin"},"url":"https:\/\/diariofemenino.com.ar\/df\/author\/lenny\/"}]}},"jetpack_featured_media_url":"https:\/\/diariofemenino.com.ar\/df\/wp-content\/uploads\/2023\/08\/1688653331.jpg","jetpack_sharing_enabled":true,"rttpg_featured_image_url":{"full":["https:\/\/diariofemenino.com.ar\/df\/wp-content\/uploads\/2023\/08\/1688653331.jpg",1900,1200,false],"landscape":["https:\/\/diariofemenino.com.ar\/df\/wp-content\/uploads\/2023\/08\/1688653331.jpg",1900,1200,false],"portraits":["https:\/\/diariofemenino.com.ar\/df\/wp-content\/uploads\/2023\/08\/1688653331.jpg",1900,1200,false],"thumbnail":["https:\/\/diariofemenino.com.ar\/df\/wp-content\/uploads\/2023\/08\/1688653331-150x150.jpg",150,150,true],"medium":["https:\/\/diariofemenino.com.ar\/df\/wp-content\/uploads\/2023\/08\/1688653331-300x189.jpg",300,189,true],"large":["https:\/\/diariofemenino.com.ar\/df\/wp-content\/uploads\/2023\/08\/1688653331-1024x647.jpg",1024,647,true],"1536x1536":["https:\/\/diariofemenino.com.ar\/df\/wp-content\/uploads\/2023\/08\/1688653331.jpg",1536,970,false],"2048x2048":["https:\/\/diariofemenino.com.ar\/df\/wp-content\/uploads\/2023\/08\/1688653331.jpg",1900,1200,false]},"rttpg_author":{"display_name":"Admin","author_link":"https:\/\/diariofemenino.com.ar\/df\/author\/lenny\/"},"rttpg_comment":0,"rttpg_category":"<a href=\"https:\/\/diariofemenino.com.ar\/df\/category\/agenda-feminista\/\" rel=\"category tag\">Agenda Feminista<\/a> <a href=\"https:\/\/diariofemenino.com.ar\/df\/category\/articulos-y-comunicados\/\" rel=\"category tag\">Art\u00edculos y Comunicados<\/a> <a href=\"https:\/\/diariofemenino.com.ar\/df\/category\/azul-profundo\/\" rel=\"category tag\">Azul Profundo<\/a> <a href=\"https:\/\/diariofemenino.com.ar\/df\/category\/genero-y-derechos-humanos\/\" rel=\"category tag\">G\u00e9nero y Derechos Humanos<\/a> <a href=\"https:\/\/diariofemenino.com.ar\/df\/category\/noticias\/\" rel=\"category tag\">Noticias<\/a> <a href=\"https:\/\/diariofemenino.com.ar\/df\/category\/salud\/\" rel=\"category tag\">Salud<\/a>","rttpg_excerpt":"Fallo: Alimentos provisorios fijados de acuerdo al nuevo \u00cdndice de Crianza .F. V. N. A C\/ P. L .J S\/ ALIMENTOS. Juzgado N\u00b02 Lomas de Zamora. Jueza interviniente, Belen Loguercio. Fecha 1\/08\/2023. Por\u00a0Erica P\u00e9rez* para\u00a0Diario Digital Femenino Descarga el fallo completo:\u00a0aqu\u00ed I.- Solicita alimentos provisorios Respecto de los alimentos provisorios pedidos, los mismos ser\u00e1n fijados&hellip;","_links":{"self":[{"href":"https:\/\/diariofemenino.com.ar\/df\/wp-json\/wp\/v2\/posts\/70532","targetHints":{"allow":["GET"]}}],"collection":[{"href":"https:\/\/diariofemenino.com.ar\/df\/wp-json\/wp\/v2\/posts"}],"about":[{"href":"https:\/\/diariofemenino.com.ar\/df\/wp-json\/wp\/v2\/types\/post"}],"author":[{"embeddable":true,"href":"https:\/\/diariofemenino.com.ar\/df\/wp-json\/wp\/v2\/users\/4"}],"replies":[{"embeddable":true,"href":"https:\/\/diariofemenino.com.ar\/df\/wp-json\/wp\/v2\/comments?post=70532"}],"version-history":[{"count":0,"href":"https:\/\/diariofemenino.com.ar\/df\/wp-json\/wp\/v2\/posts\/70532\/revisions"}],"wp:featuredmedia":[{"embeddable":true,"href":"https:\/\/diariofemenino.com.ar\/df\/wp-json\/wp\/v2\/media\/70536"}],"wp:attachment":[{"href":"https:\/\/diariofemenino.com.ar\/df\/wp-json\/wp\/v2\/media?parent=70532"}],"wp:term":[{"taxonomy":"category","embeddable":true,"href":"https:\/\/diariofemenino.com.ar\/df\/wp-json\/wp\/v2\/categories?post=70532"},{"taxonomy":"post_tag","embeddable":true,"href":"https:\/\/diariofemenino.com.ar\/df\/wp-json\/wp\/v2\/tags?post=70532"}],"curies":[{"name":"wp","href":"https:\/\/api.w.org\/{rel}","templated":true}]}}