{"id":70450,"date":"2023-08-03T11:34:03","date_gmt":"2023-08-03T14:34:03","guid":{"rendered":"https:\/\/diariofemenino.com.ar\/df\/?p=70450"},"modified":"2025-12-08T09:55:10","modified_gmt":"2025-12-08T12:55:10","slug":"violencia-simbolica-que-es-ejemplos-y-consecuencias","status":"publish","type":"post","link":"https:\/\/diariofemenino.com.ar\/df\/violencia-simbolica-que-es-ejemplos-y-consecuencias\/","title":{"rendered":"Violencia simb\u00f3lica: qu\u00e9 es, ejemplos y consecuencias"},"content":{"rendered":"<p>La violencia simb\u00f3lica es un concepto introducido por el soci\u00f3logo Pierre Bourdieu que hace hincapi\u00e9 en el modo de relaci\u00f3n dominante de una persona con otra para establecer una asimetr\u00eda social que genere desigualdades considerables. Esta idea ha sido puesto en pr\u00e1ctica por diversas poblaciones que vieron la oportunidad de imponer leyes, normativas y representaciones culturales para responder a intereses particulares. Sin embargo, la paradoja de este concepto es que genera un beneficio a costa de un perjuicio ajeno. Actualmente, muchas personas imparten sus ideas sin tener en cuenta los da\u00f1os que pueden ocasionar a entornos que frecuentan.<\/p>\n<p>A los fines de detectar a tiempo este tipo de rasgos, es importante contar con informaci\u00f3n concreta y precisa para contar con herramientas que permitan disminuir o evitar efectos desagradables.<\/p>\n<p>Por\u00a0<a class=\"ga\" href=\"https:\/\/www.psicologia-online.com\/autor\/alejandro-garcia-mingrone-472.html\" rel=\"nofollow\" data-category=\"Post\" data-event=\"go to autor\" data-label=\"https:\/\/www.psicologia-online.com\/autor\/alejandro-garcia-mingrone-472.html\">Alejandro Garcia Mingrone<\/a><\/p>\n<p id=\"anchor_0\" class=\"titulo titulo--h2 titulo--apartado\"><strong>Qu\u00e9 es la violencia simb\u00f3lica<\/strong><\/p>\n<div class=\"apartado\">\n<p>La <a href=\"https:\/\/diariofemenino.com.ar\/df\/violencia-simbolica-una-realidad-invisibilizada\/\">violencia simb\u00f3lica<\/a> consiste en\u00a0<strong>una forma de ejercer una relaci\u00f3n de poder entre personas<\/strong>\u00a0a trav\u00e9s de la imposici\u00f3n de s\u00edmbolos, normas y significados. Tal como indica su nombre, este tipo de violencia no se ejerce a trav\u00e9s de la fuerza f\u00edsica, sino\u00a0<strong>mediante el uso de palabras e inscripciones<\/strong>\u00a0que generan un beneficio para quien la ejerce. En contraposici\u00f3n, existe un sector de la sociedad que es perjudicado notablemente por dichas imposiciones.<\/p>\n<p>Uno de los aspectos a destacar es que la violencia simb\u00f3lica puede ser implementada por grupos, instituciones o personas espec\u00edficas que poseen un objetivo concreto de dominaci\u00f3n. En este sentido, el uso del lenguaje es la herramienta principal que vehiculiza las relaciones de poder que se establecen en la sociedad.<\/p>\n<blockquote><p><span style=\"color: #ff0000;\"><strong>Colabora con Diario Digital Femenino<\/strong><\/span><br \/>\n$3.000 por mes (sosten\u00e9s a largo plazo) <strong><a href=\"https:\/\/www.mercadopago.com.ar\/subscriptions\/checkout\/v2?preapproval_plan_id=2c93808496ae4a940196b01559a4004f\">AQU\u00cd<\/a><\/strong><br \/>\nUna vez al a\u00f1o, vos decid\u00eds el monto (un gesto, una ayuda concreta) <strong><a href=\"https:\/\/www.mercadopago.com.ar\/subscriptions\/checkout?preapproval_plan_id=2c938084981e9ee501982d4490280459\">AQU\u00cd<\/a><\/strong><br \/>\nPor \u00fanica vez, el monto que decidas. <strong>Alias: Lenny.Caceres<\/strong><\/p><\/blockquote>\n<p id=\"anchor_1\" class=\"titulo titulo--h2 titulo--apartado\"><strong>C\u00f3mo detectar la violencia simb\u00f3lica<\/strong><\/p>\n<div class=\"apartado\">\n<p>La violencia simb\u00f3lica puede ser detectada a partir de indicadores espec\u00edficos que permiten su comprensi\u00f3n. A continuaci\u00f3n, precisaremos esta informaci\u00f3n:<\/p>\n<ul>\n<li><strong>An\u00e1lisis de estereotipos discriminatorios<\/strong>: se instalan discursos que llevan a la discriminaci\u00f3n de grupos sociales por diversas circunstancias y se despliegan como mensajes naturalizados que no son cuestionados por la sociedad.<\/li>\n<li><strong>Observaci\u00f3n de contextos sociales y culturales<\/strong>: los espacios en los que se imparten representaciones visuales y significados concretos puede indicar la presencia de violencia simb\u00f3lica.<\/li>\n<li><strong>Escucha de discursos marginados<\/strong>: el aislamiento de sectores sociales producto de la diversificaci\u00f3n de las relaciones de poder hace que ciertas personas no tengan la posibilidad de emitir opini\u00f3n alguna sobre lo que les ha ocurrido. Por esta raz\u00f3n, es importante realizar una escucha activa de aquellos discursos que han sido marginados.<\/li>\n<\/ul>\n<figure id=\"attachment_70461\" aria-describedby=\"caption-attachment-70461\" style=\"width: 519px\" class=\"wp-caption aligncenter\"><img loading=\"lazy\" decoding=\"async\" class=\" wp-image-70461\" src=\"https:\/\/diariofemenino.com.ar\/df\/wp-content\/uploads\/2023\/08\/genero_digitales_VI84711_MG8888948.jpg\" alt=\"Violencia simb\u00f3lica: qu\u00e9 es, ejemplos y consecuencias\" width=\"519\" height=\"292\" srcset=\"https:\/\/diariofemenino.com.ar\/df\/wp-content\/uploads\/2023\/08\/genero_digitales_VI84711_MG8888948.jpg 768w, https:\/\/diariofemenino.com.ar\/df\/wp-content\/uploads\/2023\/08\/genero_digitales_VI84711_MG8888948-300x169.jpg 300w\" sizes=\"auto, (max-width: 519px) 100vw, 519px\" \/><figcaption id=\"caption-attachment-70461\" class=\"wp-caption-text\">Violencia simb\u00f3lica: qu\u00e9 es, ejemplos y consecuencias<\/figcaption><\/figure>\n<\/div>\n<p id=\"anchor_2\" class=\"titulo titulo--h2 titulo--apartado\"><strong>Ejemplos de violencia simb\u00f3lica<\/strong><\/p>\n<p>En la sociedad, existen una amplia variedad de ejemplos de violencia simb\u00f3lica. En este apartado, hablaremos de los modelos m\u00e1s conocidos:<\/p>\n<p><strong>Cosificaci\u00f3n de las mujeres<\/strong><\/p>\n<p>En muchos\u00a0<strong>medios de comunicaci\u00f3n social y \u00e1mbitos publicitario<\/strong>s, las mujeres son tratadas como objetos que pueden ser dominados seg\u00fan los intereses de grupos espec\u00edficos. Si bien esta idea se presentaba con mayor frecuencia en d\u00e9cadas anteriores, en algunas ocasiones todav\u00eda persiste en la actualidad.<\/p>\n<p>Por ejemplo, este es el caso de los anuncios publicitarios en los que se muestra una mujer con poca ropa y un hombre le ordenaba acciones para complacerlo. Aqu\u00ed te explicamos <a href=\"https:\/\/diariofemenino.com.ar\/df\/como-salir-de-una-relacion-violenta\/\">C\u00f3mo salir de una relaci\u00f3n violenta.<\/a><\/p>\n<p><strong>Homofobia<\/strong><\/p>\n<p>Aunque la homosexualidad ha sido integrada a la sociedad gracias a la realizaci\u00f3n de leyes que permiten el matrimonio entre dos personas de un mismo sexo, todav\u00eda existen sectores sociales que ejercen una discriminaci\u00f3n marcada contra esta sexualidad, as\u00ed como el resto de siglas del colectivo LGBTI+<\/p>\n<p><strong>Roles delimitados<\/strong><\/p>\n<p>Este tipo de violencia patriarcal tambi\u00e9n podr\u00eda asociarse con la idea del hombre como proveedor de dinero y alimentos para su familia y la mujer como la persona que cocina, lava y limpia la casa. De este modo, las mujeres se ven<strong>\u00a0imposibilitadas para trabajar fuera de casa<\/strong>\u00a0y<strong>\u00a0los hombres carecen de habilidades hogare\u00f1as<\/strong>.<\/p>\n<p>Otro ejemplo de esta tem\u00e1tica puede encontrarse en la idea err\u00f3nea y generalizada de que un hombre no debe mostrar sus emociones porque eso lo har\u00eda m\u00e1s d\u00e9bil y vulnerable.<\/p>\n<div>\n<div class=\"apartado\">\n<p><strong>Consecuencias de la violencia simb\u00f3lica<\/strong><\/p>\n<p>&nbsp;<\/p>\n<\/div>\n<div class=\"apartado\">\n<p>La violencia simb\u00f3lica tiene consecuencias sumamente desfavorables para el desarrollo de las actividades cotidianas que se realizan en sociedad dado que afectan el modo de interpretar la realidad. A continuaci\u00f3n te mostramos las consecuencias m\u00e1s importantes:<\/p>\n<ul>\n<li><strong>Mantenimiento de baja autoestima<\/strong>: a ra\u00edz de la discriminaci\u00f3n que imparte la violencia simb\u00f3lica, es frecuente que muchas personas vean afectada su personalidad y tengan sentimientos de inferioridad. En relaci\u00f3n a esto, es posible que se produzcan grandes desvalorizaciones.<\/li>\n<li><strong>Aparici\u00f3n de trastornos psicol\u00f3gicos<\/strong>: la perpetuaci\u00f3n en el tiempo de la violencia simb\u00f3lica puede conllevar a problem\u00e1ticas de salud mental tales como estr\u00e9s, ansiedad, depresi\u00f3n, entre otros. En este sentido, cada diagn\u00f3stico posee un nivel de complejidad espec\u00edfico y existe un riesgo para persona propia como para terceros.<\/li>\n<li><strong>Exclusi\u00f3n social<\/strong>: hay grupos sociales que quedan exclu\u00eddos de varias actividades sociales a ra\u00edz del alto contenido discriminatorio que posee la <a href=\"https:\/\/diariofemenino.com.ar\/df\/visibilizando-la-violencia-simbolica-en-ambitos-laborales\/\">violencia simb\u00f3lica<\/a>. Las personas que padecen relaciones asim\u00e9tricas de poder quedan por fuera de muchos \u00e1mbitos de integraci\u00f3n social.<\/li>\n<\/ul>\n<div class=\"titulo titulo--h2\"><strong>Bibliograf\u00eda<\/strong><\/div>\n<div class=\"apartado apartado--refs\">\n<ul>\n<li>Calderone, M. (2004).<em>\u00a0Sobre la Violencia Simb\u00f3lica en Pierre Bourdieu.\u00a0<\/em>Art\u00edculo publicado en \u201cLa Trama de la Comunicaci\u00f3n\u201d Vol. 9, Anuario del Departamento de Ciencias de la Comunicaci\u00f3n. Facultad de Ciencias Pol\u00edticas y Relaciones Internacionales, Universidad Nacional de Rosario.<\/li>\n<li>Pe\u00f1a Collazos, W. (2009). La violencia simb\u00f3lica como reproducci\u00f3n Biopol\u00edtica del poder.\u00a0<em>Revista Latinoamericana de Bio\u00e9tica,\u00a0<\/em>9 (2), 62-75.<\/li>\n<\/ul>\n<p>Fuente: <a href=\"https:\/\/www.psicologia-online.com\/violencia-simbolica-que-es-ejemplos-y-consecuencias-6858.html\">Psicolog\u00eda online<\/a><\/p>\n<blockquote><p><strong>Seguinos en Instagram. Diario Digital Femenino: <a href=\"https:\/\/www.instagram.com\/diariodigitalfemenino_\/\">@diariodigitalfemenino_<\/a><\/strong><br \/>\n<strong>Lenny C\u00e1ceres: <a href=\"https:\/\/www.instagram.com\/lennycaceres69\/\">@lennycaceres69<\/a><\/strong><br \/>\n<strong>Facebook: <a href=\"https:\/\/www.facebook.com\/DiarioDigitalFemenino\/\">Diario Digital Femenino<\/a><\/strong><br \/>\n<strong>TikTok; <a href=\"https:\/\/www.tiktok.com\/@diariodigitalfemenino\">diariodigitalfemenino<\/a><\/strong><\/p><\/blockquote>\n<\/div>\n<\/div>\n<\/div>\n<p>&nbsp;<\/p>\n<\/div>\n","protected":false},"excerpt":{"rendered":"<p>La violencia simb\u00f3lica es un concepto introducido por el soci\u00f3logo Pierre Bourdieu que hace hincapi\u00e9 en el modo de relaci\u00f3n dominante de una persona con otra para establecer una asimetr\u00eda social que genere desigualdades considerables. Esta idea ha sido puesto en pr\u00e1ctica por diversas poblaciones que vieron la oportunidad de imponer leyes, normativas y representaciones [&hellip;]<\/p>\n","protected":false},"author":4,"featured_media":70460,"comment_status":"open","ping_status":"open","sticky":false,"template":"","format":"standard","meta":{"iawp_total_views":10691,"footnotes":""},"categories":[1067,178,3,627,580,592],"tags":[6251,6253,4372,33,6250,372,616,6254,6252,6249,88],"class_list":["post-70450","post","type-post","status-publish","format-standard","has-post-thumbnail","hentry","category-agenda-feminista","category-articulos-y-comunicados","category-de-la-revolucion-al-reaprendizaje","category-genero-y-derechos-humanos","category-resistencia-verdevioleta","category-violencias","tag-contextos","tag-culturales","tag-destacada","tag-discriminacion","tag-dominacion","tag-estereotipos","tag-genero","tag-laborales","tag-sociales","tag-sometimiento","tag-violencia-simbolica"],"nelio_content":{"autoShareEndMode":"never","automationSources":{"useCustomSentences":false,"customSentences":[]},"efiAlt":"","efiUrl":"","followers":[4],"highlights":[],"isAutoShareEnabled":true,"networkImageIds":[],"permalinkQueryArgs":[],"series":[],"suggestedReferences":[]},"yoast_head":"<!-- This site is optimized with the Yoast SEO plugin v27.5 - https:\/\/yoast.com\/product\/yoast-seo-wordpress\/ -->\n<title>Violencia simb\u00f3lica: qu\u00e9 es, ejemplos y consecuencias - Diario Digital Femenino<\/title>\n<meta name=\"description\" content=\"Violencia simb\u00f3lica, un concepto introducido por el soci\u00f3logo Pierre Bourdieu que hace hincapi\u00e9 en el modo de relaci\u00f3n dominante de una persona con otra.\" \/>\n<meta name=\"robots\" content=\"index, follow, max-snippet:-1, max-image-preview:large, max-video-preview:-1\" \/>\n<link rel=\"canonical\" href=\"https:\/\/diariofemenino.com.ar\/df\/violencia-simbolica-que-es-ejemplos-y-consecuencias\/\" \/>\n<meta property=\"og:locale\" content=\"es_ES\" \/>\n<meta property=\"og:type\" content=\"article\" \/>\n<meta property=\"og:title\" content=\"Violencia simb\u00f3lica: qu\u00e9 es, ejemplos y consecuencias - Diario Digital Femenino\" \/>\n<meta property=\"og:description\" content=\"Violencia simb\u00f3lica, un concepto introducido por el soci\u00f3logo Pierre Bourdieu que hace hincapi\u00e9 en el modo de relaci\u00f3n dominante de una persona con otra.\" \/>\n<meta property=\"og:url\" content=\"https:\/\/diariofemenino.com.ar\/df\/violencia-simbolica-que-es-ejemplos-y-consecuencias\/\" \/>\n<meta property=\"og:site_name\" content=\"Diario Digital Femenino\" \/>\n<meta property=\"article:publisher\" content=\"https:\/\/www.facebook.com\/DiarioDigitaFemenino\/\" \/>\n<meta property=\"article:published_time\" content=\"2023-08-03T14:34:03+00:00\" \/>\n<meta property=\"article:modified_time\" content=\"2025-12-08T12:55:10+00:00\" \/>\n<meta property=\"og:image\" content=\"https:\/\/diariofemenino.com.ar\/df\/wp-content\/uploads\/2023\/08\/violencia-simbolica-770x515.png\" \/>\n\t<meta property=\"og:image:width\" content=\"770\" \/>\n\t<meta property=\"og:image:height\" content=\"515\" \/>\n\t<meta property=\"og:image:type\" content=\"image\/png\" \/>\n<meta name=\"author\" content=\"Admin\" \/>\n<meta name=\"twitter:card\" content=\"summary_large_image\" \/>\n<meta name=\"twitter:creator\" content=\"@DiarioFemenino1\" \/>\n<meta name=\"twitter:site\" content=\"@DiarioFemenino1\" \/>\n<meta name=\"twitter:label1\" content=\"Escrito por\" \/>\n\t<meta name=\"twitter:data1\" content=\"Admin\" \/>\n\t<meta name=\"twitter:label2\" content=\"Tiempo de lectura\" \/>\n\t<meta name=\"twitter:data2\" content=\"5 minutos\" \/>\n<script type=\"application\/ld+json\" class=\"yoast-schema-graph\">{\"@context\":\"https:\\\/\\\/schema.org\",\"@graph\":[{\"@type\":\"Article\",\"@id\":\"https:\\\/\\\/diariofemenino.com.ar\\\/df\\\/violencia-simbolica-que-es-ejemplos-y-consecuencias\\\/#article\",\"isPartOf\":{\"@id\":\"https:\\\/\\\/diariofemenino.com.ar\\\/df\\\/violencia-simbolica-que-es-ejemplos-y-consecuencias\\\/\"},\"author\":{\"name\":\"Admin\",\"@id\":\"https:\\\/\\\/diariofemenino.com.ar\\\/df\\\/#\\\/schema\\\/person\\\/bf6199e8158c657ea6f789b11ec85509\"},\"headline\":\"Violencia simb\u00f3lica: qu\u00e9 es, ejemplos y consecuencias\",\"datePublished\":\"2023-08-03T14:34:03+00:00\",\"dateModified\":\"2025-12-08T12:55:10+00:00\",\"mainEntityOfPage\":{\"@id\":\"https:\\\/\\\/diariofemenino.com.ar\\\/df\\\/violencia-simbolica-que-es-ejemplos-y-consecuencias\\\/\"},\"wordCount\":1036,\"commentCount\":0,\"publisher\":{\"@id\":\"https:\\\/\\\/diariofemenino.com.ar\\\/df\\\/#organization\"},\"image\":{\"@id\":\"https:\\\/\\\/diariofemenino.com.ar\\\/df\\\/violencia-simbolica-que-es-ejemplos-y-consecuencias\\\/#primaryimage\"},\"thumbnailUrl\":\"https:\\\/\\\/diariofemenino.com.ar\\\/df\\\/wp-content\\\/uploads\\\/2023\\\/08\\\/violencia-simbolica-770x515.png\",\"keywords\":[\"contextos\",\"culturales\",\"Destacada\",\"Discriminaci\u00f3n\",\"dominaci\u00f3n\",\"Estereotipos\",\"G\u00e9nero\",\"laborales\",\"sociales\",\"sometimiento\",\"Violencia Simb\u00f3lica\"],\"articleSection\":[\"Agenda Feminista\",\"Art\u00edculos y Comunicados\",\"De la Revoluci\u00f3n al Reaprendizaje\",\"G\u00e9nero y Derechos Humanos\",\"Resistencia VerdeVioleta\",\"Violencias\"],\"inLanguage\":\"es\",\"potentialAction\":[{\"@type\":\"CommentAction\",\"name\":\"Comment\",\"target\":[\"https:\\\/\\\/diariofemenino.com.ar\\\/df\\\/violencia-simbolica-que-es-ejemplos-y-consecuencias\\\/#respond\"]}]},{\"@type\":\"WebPage\",\"@id\":\"https:\\\/\\\/diariofemenino.com.ar\\\/df\\\/violencia-simbolica-que-es-ejemplos-y-consecuencias\\\/\",\"url\":\"https:\\\/\\\/diariofemenino.com.ar\\\/df\\\/violencia-simbolica-que-es-ejemplos-y-consecuencias\\\/\",\"name\":\"Violencia simb\u00f3lica: qu\u00e9 es, ejemplos y consecuencias - Diario Digital Femenino\",\"isPartOf\":{\"@id\":\"https:\\\/\\\/diariofemenino.com.ar\\\/df\\\/#website\"},\"primaryImageOfPage\":{\"@id\":\"https:\\\/\\\/diariofemenino.com.ar\\\/df\\\/violencia-simbolica-que-es-ejemplos-y-consecuencias\\\/#primaryimage\"},\"image\":{\"@id\":\"https:\\\/\\\/diariofemenino.com.ar\\\/df\\\/violencia-simbolica-que-es-ejemplos-y-consecuencias\\\/#primaryimage\"},\"thumbnailUrl\":\"https:\\\/\\\/diariofemenino.com.ar\\\/df\\\/wp-content\\\/uploads\\\/2023\\\/08\\\/violencia-simbolica-770x515.png\",\"datePublished\":\"2023-08-03T14:34:03+00:00\",\"dateModified\":\"2025-12-08T12:55:10+00:00\",\"description\":\"Violencia simb\u00f3lica, un concepto introducido por el soci\u00f3logo Pierre Bourdieu que hace hincapi\u00e9 en el modo de relaci\u00f3n dominante de una persona con otra.\",\"breadcrumb\":{\"@id\":\"https:\\\/\\\/diariofemenino.com.ar\\\/df\\\/violencia-simbolica-que-es-ejemplos-y-consecuencias\\\/#breadcrumb\"},\"inLanguage\":\"es\",\"potentialAction\":[{\"@type\":\"ReadAction\",\"target\":[\"https:\\\/\\\/diariofemenino.com.ar\\\/df\\\/violencia-simbolica-que-es-ejemplos-y-consecuencias\\\/\"]}]},{\"@type\":\"ImageObject\",\"inLanguage\":\"es\",\"@id\":\"https:\\\/\\\/diariofemenino.com.ar\\\/df\\\/violencia-simbolica-que-es-ejemplos-y-consecuencias\\\/#primaryimage\",\"url\":\"https:\\\/\\\/diariofemenino.com.ar\\\/df\\\/wp-content\\\/uploads\\\/2023\\\/08\\\/violencia-simbolica-770x515.png\",\"contentUrl\":\"https:\\\/\\\/diariofemenino.com.ar\\\/df\\\/wp-content\\\/uploads\\\/2023\\\/08\\\/violencia-simbolica-770x515.png\",\"width\":770,\"height\":515,\"caption\":\"Violencia simb\u00f3lica: qu\u00e9 es, ejemplos y consecuencias\"},{\"@type\":\"BreadcrumbList\",\"@id\":\"https:\\\/\\\/diariofemenino.com.ar\\\/df\\\/violencia-simbolica-que-es-ejemplos-y-consecuencias\\\/#breadcrumb\",\"itemListElement\":[{\"@type\":\"ListItem\",\"position\":1,\"name\":\"Portada\",\"item\":\"https:\\\/\\\/diariofemenino.com.ar\\\/df\\\/\"},{\"@type\":\"ListItem\",\"position\":2,\"name\":\"Violencia simb\u00f3lica: qu\u00e9 es, ejemplos y consecuencias\"}]},{\"@type\":\"WebSite\",\"@id\":\"https:\\\/\\\/diariofemenino.com.ar\\\/df\\\/#website\",\"url\":\"https:\\\/\\\/diariofemenino.com.ar\\\/df\\\/\",\"name\":\"Diario Digital Femenino\",\"description\":\"Cuesti\u00f3n de G\u00e9nero\",\"publisher\":{\"@id\":\"https:\\\/\\\/diariofemenino.com.ar\\\/df\\\/#organization\"},\"potentialAction\":[{\"@type\":\"SearchAction\",\"target\":{\"@type\":\"EntryPoint\",\"urlTemplate\":\"https:\\\/\\\/diariofemenino.com.ar\\\/df\\\/?s={search_term_string}\"},\"query-input\":{\"@type\":\"PropertyValueSpecification\",\"valueRequired\":true,\"valueName\":\"search_term_string\"}}],\"inLanguage\":\"es\"},{\"@type\":\"Organization\",\"@id\":\"https:\\\/\\\/diariofemenino.com.ar\\\/df\\\/#organization\",\"name\":\"Diario Femenino\",\"url\":\"https:\\\/\\\/diariofemenino.com.ar\\\/df\\\/\",\"logo\":{\"@type\":\"ImageObject\",\"inLanguage\":\"es\",\"@id\":\"https:\\\/\\\/diariofemenino.com.ar\\\/df\\\/#\\\/schema\\\/logo\\\/image\\\/\",\"url\":\"https:\\\/\\\/diariofemenino.com.ar\\\/df\\\/wp-content\\\/uploads\\\/2018\\\/10\\\/logo.png\",\"contentUrl\":\"https:\\\/\\\/diariofemenino.com.ar\\\/df\\\/wp-content\\\/uploads\\\/2018\\\/10\\\/logo.png\",\"width\":500,\"height\":92,\"caption\":\"Diario Femenino\"},\"image\":{\"@id\":\"https:\\\/\\\/diariofemenino.com.ar\\\/df\\\/#\\\/schema\\\/logo\\\/image\\\/\"},\"sameAs\":[\"https:\\\/\\\/www.facebook.com\\\/DiarioDigitaFemenino\\\/\",\"https:\\\/\\\/x.com\\\/DiarioFemenino1\"]},{\"@type\":\"Person\",\"@id\":\"https:\\\/\\\/diariofemenino.com.ar\\\/df\\\/#\\\/schema\\\/person\\\/bf6199e8158c657ea6f789b11ec85509\",\"name\":\"Admin\",\"image\":{\"@type\":\"ImageObject\",\"inLanguage\":\"es\",\"@id\":\"https:\\\/\\\/diariofemenino.com.ar\\\/df\\\/wp-content\\\/uploads\\\/2018\\\/12\\\/favicon-150x150.jpg\",\"url\":\"https:\\\/\\\/diariofemenino.com.ar\\\/df\\\/wp-content\\\/uploads\\\/2018\\\/12\\\/favicon-150x150.jpg\",\"contentUrl\":\"https:\\\/\\\/diariofemenino.com.ar\\\/df\\\/wp-content\\\/uploads\\\/2018\\\/12\\\/favicon-150x150.jpg\",\"caption\":\"Admin\"},\"url\":\"https:\\\/\\\/diariofemenino.com.ar\\\/df\\\/author\\\/lenny\\\/\"}]}<\/script>\n<!-- \/ Yoast SEO plugin. -->","yoast_head_json":{"title":"Violencia simb\u00f3lica: qu\u00e9 es, ejemplos y consecuencias - Diario Digital Femenino","description":"Violencia simb\u00f3lica, un concepto introducido por el soci\u00f3logo Pierre Bourdieu que hace hincapi\u00e9 en el modo de relaci\u00f3n dominante de una persona con otra.","robots":{"index":"index","follow":"follow","max-snippet":"max-snippet:-1","max-image-preview":"max-image-preview:large","max-video-preview":"max-video-preview:-1"},"canonical":"https:\/\/diariofemenino.com.ar\/df\/violencia-simbolica-que-es-ejemplos-y-consecuencias\/","og_locale":"es_ES","og_type":"article","og_title":"Violencia simb\u00f3lica: qu\u00e9 es, ejemplos y consecuencias - Diario Digital Femenino","og_description":"Violencia simb\u00f3lica, un concepto introducido por el soci\u00f3logo Pierre Bourdieu que hace hincapi\u00e9 en el modo de relaci\u00f3n dominante de una persona con otra.","og_url":"https:\/\/diariofemenino.com.ar\/df\/violencia-simbolica-que-es-ejemplos-y-consecuencias\/","og_site_name":"Diario Digital Femenino","article_publisher":"https:\/\/www.facebook.com\/DiarioDigitaFemenino\/","article_published_time":"2023-08-03T14:34:03+00:00","article_modified_time":"2025-12-08T12:55:10+00:00","og_image":[{"width":770,"height":515,"url":"https:\/\/diariofemenino.com.ar\/df\/wp-content\/uploads\/2023\/08\/violencia-simbolica-770x515.png","type":"image\/png"}],"author":"Admin","twitter_card":"summary_large_image","twitter_creator":"@DiarioFemenino1","twitter_site":"@DiarioFemenino1","twitter_misc":{"Escrito por":"Admin","Tiempo de lectura":"5 minutos"},"schema":{"@context":"https:\/\/schema.org","@graph":[{"@type":"Article","@id":"https:\/\/diariofemenino.com.ar\/df\/violencia-simbolica-que-es-ejemplos-y-consecuencias\/#article","isPartOf":{"@id":"https:\/\/diariofemenino.com.ar\/df\/violencia-simbolica-que-es-ejemplos-y-consecuencias\/"},"author":{"name":"Admin","@id":"https:\/\/diariofemenino.com.ar\/df\/#\/schema\/person\/bf6199e8158c657ea6f789b11ec85509"},"headline":"Violencia simb\u00f3lica: qu\u00e9 es, ejemplos y consecuencias","datePublished":"2023-08-03T14:34:03+00:00","dateModified":"2025-12-08T12:55:10+00:00","mainEntityOfPage":{"@id":"https:\/\/diariofemenino.com.ar\/df\/violencia-simbolica-que-es-ejemplos-y-consecuencias\/"},"wordCount":1036,"commentCount":0,"publisher":{"@id":"https:\/\/diariofemenino.com.ar\/df\/#organization"},"image":{"@id":"https:\/\/diariofemenino.com.ar\/df\/violencia-simbolica-que-es-ejemplos-y-consecuencias\/#primaryimage"},"thumbnailUrl":"https:\/\/diariofemenino.com.ar\/df\/wp-content\/uploads\/2023\/08\/violencia-simbolica-770x515.png","keywords":["contextos","culturales","Destacada","Discriminaci\u00f3n","dominaci\u00f3n","Estereotipos","G\u00e9nero","laborales","sociales","sometimiento","Violencia Simb\u00f3lica"],"articleSection":["Agenda Feminista","Art\u00edculos y Comunicados","De la Revoluci\u00f3n al Reaprendizaje","G\u00e9nero y Derechos Humanos","Resistencia VerdeVioleta","Violencias"],"inLanguage":"es","potentialAction":[{"@type":"CommentAction","name":"Comment","target":["https:\/\/diariofemenino.com.ar\/df\/violencia-simbolica-que-es-ejemplos-y-consecuencias\/#respond"]}]},{"@type":"WebPage","@id":"https:\/\/diariofemenino.com.ar\/df\/violencia-simbolica-que-es-ejemplos-y-consecuencias\/","url":"https:\/\/diariofemenino.com.ar\/df\/violencia-simbolica-que-es-ejemplos-y-consecuencias\/","name":"Violencia simb\u00f3lica: qu\u00e9 es, ejemplos y consecuencias - Diario Digital Femenino","isPartOf":{"@id":"https:\/\/diariofemenino.com.ar\/df\/#website"},"primaryImageOfPage":{"@id":"https:\/\/diariofemenino.com.ar\/df\/violencia-simbolica-que-es-ejemplos-y-consecuencias\/#primaryimage"},"image":{"@id":"https:\/\/diariofemenino.com.ar\/df\/violencia-simbolica-que-es-ejemplos-y-consecuencias\/#primaryimage"},"thumbnailUrl":"https:\/\/diariofemenino.com.ar\/df\/wp-content\/uploads\/2023\/08\/violencia-simbolica-770x515.png","datePublished":"2023-08-03T14:34:03+00:00","dateModified":"2025-12-08T12:55:10+00:00","description":"Violencia simb\u00f3lica, un concepto introducido por el soci\u00f3logo Pierre Bourdieu que hace hincapi\u00e9 en el modo de relaci\u00f3n dominante de una persona con otra.","breadcrumb":{"@id":"https:\/\/diariofemenino.com.ar\/df\/violencia-simbolica-que-es-ejemplos-y-consecuencias\/#breadcrumb"},"inLanguage":"es","potentialAction":[{"@type":"ReadAction","target":["https:\/\/diariofemenino.com.ar\/df\/violencia-simbolica-que-es-ejemplos-y-consecuencias\/"]}]},{"@type":"ImageObject","inLanguage":"es","@id":"https:\/\/diariofemenino.com.ar\/df\/violencia-simbolica-que-es-ejemplos-y-consecuencias\/#primaryimage","url":"https:\/\/diariofemenino.com.ar\/df\/wp-content\/uploads\/2023\/08\/violencia-simbolica-770x515.png","contentUrl":"https:\/\/diariofemenino.com.ar\/df\/wp-content\/uploads\/2023\/08\/violencia-simbolica-770x515.png","width":770,"height":515,"caption":"Violencia simb\u00f3lica: qu\u00e9 es, ejemplos y consecuencias"},{"@type":"BreadcrumbList","@id":"https:\/\/diariofemenino.com.ar\/df\/violencia-simbolica-que-es-ejemplos-y-consecuencias\/#breadcrumb","itemListElement":[{"@type":"ListItem","position":1,"name":"Portada","item":"https:\/\/diariofemenino.com.ar\/df\/"},{"@type":"ListItem","position":2,"name":"Violencia simb\u00f3lica: qu\u00e9 es, ejemplos y consecuencias"}]},{"@type":"WebSite","@id":"https:\/\/diariofemenino.com.ar\/df\/#website","url":"https:\/\/diariofemenino.com.ar\/df\/","name":"Diario Digital Femenino","description":"Cuesti\u00f3n de G\u00e9nero","publisher":{"@id":"https:\/\/diariofemenino.com.ar\/df\/#organization"},"potentialAction":[{"@type":"SearchAction","target":{"@type":"EntryPoint","urlTemplate":"https:\/\/diariofemenino.com.ar\/df\/?s={search_term_string}"},"query-input":{"@type":"PropertyValueSpecification","valueRequired":true,"valueName":"search_term_string"}}],"inLanguage":"es"},{"@type":"Organization","@id":"https:\/\/diariofemenino.com.ar\/df\/#organization","name":"Diario Femenino","url":"https:\/\/diariofemenino.com.ar\/df\/","logo":{"@type":"ImageObject","inLanguage":"es","@id":"https:\/\/diariofemenino.com.ar\/df\/#\/schema\/logo\/image\/","url":"https:\/\/diariofemenino.com.ar\/df\/wp-content\/uploads\/2018\/10\/logo.png","contentUrl":"https:\/\/diariofemenino.com.ar\/df\/wp-content\/uploads\/2018\/10\/logo.png","width":500,"height":92,"caption":"Diario Femenino"},"image":{"@id":"https:\/\/diariofemenino.com.ar\/df\/#\/schema\/logo\/image\/"},"sameAs":["https:\/\/www.facebook.com\/DiarioDigitaFemenino\/","https:\/\/x.com\/DiarioFemenino1"]},{"@type":"Person","@id":"https:\/\/diariofemenino.com.ar\/df\/#\/schema\/person\/bf6199e8158c657ea6f789b11ec85509","name":"Admin","image":{"@type":"ImageObject","inLanguage":"es","@id":"https:\/\/diariofemenino.com.ar\/df\/wp-content\/uploads\/2018\/12\/favicon-150x150.jpg","url":"https:\/\/diariofemenino.com.ar\/df\/wp-content\/uploads\/2018\/12\/favicon-150x150.jpg","contentUrl":"https:\/\/diariofemenino.com.ar\/df\/wp-content\/uploads\/2018\/12\/favicon-150x150.jpg","caption":"Admin"},"url":"https:\/\/diariofemenino.com.ar\/df\/author\/lenny\/"}]}},"jetpack_featured_media_url":"https:\/\/diariofemenino.com.ar\/df\/wp-content\/uploads\/2023\/08\/violencia-simbolica-770x515.png","jetpack_sharing_enabled":true,"rttpg_featured_image_url":{"full":["https:\/\/diariofemenino.com.ar\/df\/wp-content\/uploads\/2023\/08\/violencia-simbolica-770x515.png",770,515,false],"landscape":["https:\/\/diariofemenino.com.ar\/df\/wp-content\/uploads\/2023\/08\/violencia-simbolica-770x515.png",770,515,false],"portraits":["https:\/\/diariofemenino.com.ar\/df\/wp-content\/uploads\/2023\/08\/violencia-simbolica-770x515.png",770,515,false],"thumbnail":["https:\/\/diariofemenino.com.ar\/df\/wp-content\/uploads\/2023\/08\/violencia-simbolica-770x515-150x150.png",150,150,true],"medium":["https:\/\/diariofemenino.com.ar\/df\/wp-content\/uploads\/2023\/08\/violencia-simbolica-770x515-300x201.png",300,201,true],"large":["https:\/\/diariofemenino.com.ar\/df\/wp-content\/uploads\/2023\/08\/violencia-simbolica-770x515.png",770,515,false],"1536x1536":["https:\/\/diariofemenino.com.ar\/df\/wp-content\/uploads\/2023\/08\/violencia-simbolica-770x515.png",770,515,false],"2048x2048":["https:\/\/diariofemenino.com.ar\/df\/wp-content\/uploads\/2023\/08\/violencia-simbolica-770x515.png",770,515,false]},"rttpg_author":{"display_name":"Admin","author_link":"https:\/\/diariofemenino.com.ar\/df\/author\/lenny\/"},"rttpg_comment":0,"rttpg_category":"<a href=\"https:\/\/diariofemenino.com.ar\/df\/category\/agenda-feminista\/\" rel=\"category tag\">Agenda Feminista<\/a> <a href=\"https:\/\/diariofemenino.com.ar\/df\/category\/articulos-y-comunicados\/\" rel=\"category tag\">Art\u00edculos y Comunicados<\/a> <a href=\"https:\/\/diariofemenino.com.ar\/df\/category\/de-la-revolucion-al-reaprendizaje\/\" rel=\"category tag\">De la Revoluci\u00f3n al Reaprendizaje<\/a> <a href=\"https:\/\/diariofemenino.com.ar\/df\/category\/genero-y-derechos-humanos\/\" rel=\"category tag\">G\u00e9nero y Derechos Humanos<\/a> <a href=\"https:\/\/diariofemenino.com.ar\/df\/category\/resistencia-verdevioleta\/\" rel=\"category tag\">Resistencia VerdeVioleta<\/a> <a href=\"https:\/\/diariofemenino.com.ar\/df\/category\/violencias\/\" rel=\"category tag\">Violencias<\/a>","rttpg_excerpt":"La violencia simb\u00f3lica es un concepto introducido por el soci\u00f3logo Pierre Bourdieu que hace hincapi\u00e9 en el modo de relaci\u00f3n dominante de una persona con otra para establecer una asimetr\u00eda social que genere desigualdades considerables. Esta idea ha sido puesto en pr\u00e1ctica por diversas poblaciones que vieron la oportunidad de imponer leyes, normativas y representaciones&hellip;","_links":{"self":[{"href":"https:\/\/diariofemenino.com.ar\/df\/wp-json\/wp\/v2\/posts\/70450","targetHints":{"allow":["GET"]}}],"collection":[{"href":"https:\/\/diariofemenino.com.ar\/df\/wp-json\/wp\/v2\/posts"}],"about":[{"href":"https:\/\/diariofemenino.com.ar\/df\/wp-json\/wp\/v2\/types\/post"}],"author":[{"embeddable":true,"href":"https:\/\/diariofemenino.com.ar\/df\/wp-json\/wp\/v2\/users\/4"}],"replies":[{"embeddable":true,"href":"https:\/\/diariofemenino.com.ar\/df\/wp-json\/wp\/v2\/comments?post=70450"}],"version-history":[{"count":2,"href":"https:\/\/diariofemenino.com.ar\/df\/wp-json\/wp\/v2\/posts\/70450\/revisions"}],"predecessor-version":[{"id":75509,"href":"https:\/\/diariofemenino.com.ar\/df\/wp-json\/wp\/v2\/posts\/70450\/revisions\/75509"}],"wp:featuredmedia":[{"embeddable":true,"href":"https:\/\/diariofemenino.com.ar\/df\/wp-json\/wp\/v2\/media\/70460"}],"wp:attachment":[{"href":"https:\/\/diariofemenino.com.ar\/df\/wp-json\/wp\/v2\/media?parent=70450"}],"wp:term":[{"taxonomy":"category","embeddable":true,"href":"https:\/\/diariofemenino.com.ar\/df\/wp-json\/wp\/v2\/categories?post=70450"},{"taxonomy":"post_tag","embeddable":true,"href":"https:\/\/diariofemenino.com.ar\/df\/wp-json\/wp\/v2\/tags?post=70450"}],"curies":[{"name":"wp","href":"https:\/\/api.w.org\/{rel}","templated":true}]}}