{"id":70378,"date":"2023-07-31T10:47:03","date_gmt":"2023-07-31T13:47:03","guid":{"rendered":"https:\/\/diariofemenino.com.ar\/df\/?p=70378"},"modified":"2023-08-01T06:52:01","modified_gmt":"2023-08-01T09:52:01","slug":"que-es-la-interseccionalidad-y-por-que-te-importa-saberlo","status":"publish","type":"post","link":"https:\/\/diariofemenino.com.ar\/df\/que-es-la-interseccionalidad-y-por-que-te-importa-saberlo\/","title":{"rendered":"Qu\u00e9 es la interseccionalidad y por qu\u00e9 te importa saberlo"},"content":{"rendered":"<p>\u00bfEst\u00e1 la interseccionalidad de moda? En octubre de 2021, el t\u00e9rmino \u201cinterseccionalidad\u201d alcanz\u00f3 su punto m\u00e1ximo de b\u00fasquedas en Google desde el 2004. Sin embargo, est\u00e1 lejos de ser una palabra nueva. Se trata de un t\u00e9rmino con m\u00e1s de 30 a\u00f1os de uso. Se volvi\u00f3 de uso com\u00fan a partir de 1989, cuando fue utilizado por la jurista y profesora afroamericana\u00a0<a href=\"https:\/\/www-vox-com.translate.goog\/the-highlight\/2019\/5\/20\/18542843\/intersectionality-conservatism-law-race-gender-discrimination?_x_tr_sl=en&amp;_x_tr_tl=es&amp;_x_tr_hl=es&amp;_x_tr_pto=sc\">Kimberl\u00e9 Crenshaw<\/a>. Luego, el aumento de inter\u00e9s por comprender mejor las desigualdades y discriminaci\u00f3n que sufren las mujeres y poblaciones diversas ha popularizado la expresi\u00f3n en los \u00faltimos a\u00f1os.<\/p>\n<p>Por\u00a0<span class=\"entry-author\"><a class=\"entry-author-link\" href=\"https:\/\/blogs.iadb.org\/igualdad\/es\/author\/luciari\/\" rel=\"author\"><span class=\"entry-author-name\">Luc\u00eda Rios Bellagamba<\/span><\/a><\/span><\/p>\n<p class=\"wp-block-heading\"><strong>\u00bfC\u00f3mo se define interseccionalidad?<\/strong><\/p>\n<p>En t\u00e9rminos simples, la interseccionalidad es la interacci\u00f3n entre dos o m\u00e1s factores sociales que definen a una persona. Cuestiones de la identidad como el g\u00e9nero, la etnia, la raza, la ubicaci\u00f3n geogr\u00e1fica, o incluso la edad no afectan a una persona de forma separada. Al contrario: estos se combinan de distintas formas, generando desigualdades (o ventajas) diversas.<\/p>\n<p class=\"wp-block-heading\"><strong>\u00bfPor qu\u00e9 me importa saberlo?<\/strong><\/p>\n<p>Si te interesan temas como la equidad de g\u00e9nero y la inclusi\u00f3n de diversidad de etnias, discapacidades y orientaciones sexuales, as\u00ed como la inclusi\u00f3n de grupos vulnerables (como los adultos mayores y migrantes), la interseccionalidad es un concepto inevitable para tener en cuenta. Cuando hablamos de brechas de g\u00e9nero, la interseccionalidad es clave para entender las distintas inequidades que afectan a las mujeres de nuestra regi\u00f3n.<\/p>\n<p>Las mujeres pertenecientes a grupos diversos, es decir\u00a0<a href=\"https:\/\/blogs.iadb.org\/igualdad\/es\/dia-mujer-afrolatina-afrocaribena-diaspora-2021\/\">afrodescendientes<\/a>,\u00a0<a href=\"https:\/\/blogs.iadb.org\/igualdad\/es\/mujer-indigena-y-la-igualdad-perspectiva-a-dos-voces\/\" target=\"_blank\" rel=\"noreferrer noopener\">ind\u00edgenas<\/a>,\u00a0<a href=\"https:\/\/blogs.iadb.org\/igualdad\/es\/las-distintas-caras-de-la-violencia-contra-personas-lgbtq\/\" target=\"_blank\" rel=\"noreferrer noopener\">LGBTQ+<\/a>\u00a0y personas con discapacidad, tienen experiencias espec\u00edficas y se enfrentan a desaf\u00edos particulares. Lo mismo ocurre con aquellas pertenecientes a otros grupos vulnerables, como las<a href=\"https:\/\/blogs.iadb.org\/migracion\/es\/vision-de-genero-en-la-migracion-un-objetivo-en-construccion\/\" target=\"_blank\" rel=\"noreferrer noopener\">\u00a0migrantes<\/a>.<\/p>\n<p>La interacci\u00f3n entre g\u00e9nero y otros factores es evidente cuando vemos algunos casos de la vida real. \u00bfC\u00f3mo pueden combinarse distintos factores identitarios y producir desigualdades m\u00e1s grandes?<\/p>\n<p class=\"wp-block-heading\"><strong>Combinemos: Mujer + rural<\/strong><\/p>\n<p>La brecha salarial promedio que afecta a las mujeres de la regi\u00f3n es del 18%. Sin embargo, para las mujeres rurales, de acuerdo con\u00a0<a href=\"https:\/\/www.fao.org\/reduce-rural-poverty\/our-work\/las-mujeres-en-la-agricultura\/es\/\" target=\"_blank\" rel=\"noreferrer noopener\">la OIT<\/a>, este n\u00famero llega a ser del 40%.<\/p>\n<p>Tambi\u00e9n vemos como las brechas de acceso a conectividad y recursos digitales se agrava. Datos de\u00a0<a href=\"https:\/\/blogs.iadb.org\/igualdad\/es\/mujer-rural-americalatina\/\" target=\"_blank\" rel=\"noreferrer noopener\">una encuesta<\/a>\u00a0indican que en 17 de 23 pa\u00edses de la regi\u00f3n las mujeres tienen menos acceso a celulares. Sin embargo, para las mujeres rurales, este n\u00famero es a\u00fan m\u00e1s bajo. Es decir, ser mujer implica enfrentar ciertas desigualdades. Pero ser mujer y vivir en \u00e1mbitos rurales puede hacer que estas sean a\u00fan mayores.<\/p>\n<p class=\"wp-block-heading\"><strong>\u00bfY mujer + ind\u00edgena?<\/strong><\/p>\n<p>Lo mismo pasa cuando cruzamos factores como el g\u00e9nero y la raza o etnia. Las mujeres ind\u00edgenas se encuentran entre los grupos m\u00e1s pobres en t\u00e9rminos monetarios de nuestra regi\u00f3n. Datos del Banco Mundial revelaron que, en Bolivia, a las mujeres ind\u00edgenas se les paga 60% menos que a las mujeres no ind\u00edgenas por el mismo tipo de <a href=\"https:\/\/diariofemenino.com.ar\/df\/genero-e-interseccionalidad-en-las-politicas-de-empleo\/\">trabajo<\/a>. En Ecuador, los hogares ind\u00edgenas con jefatura femenina tienen 5,81% m\u00e1s de probabilidades de ser pobres.<\/p>\n<p>Ni\u00f1os y ni\u00f1as ind\u00edgenas ya se enfrentan a brechas de educaci\u00f3n frente a sus pares no ind\u00edgenas. Estos tienen 2,6 a\u00f1os de escolaridad menos en promedio. Pero cuando adem\u00e1s se tratan de ni\u00f1as, su tasa de analfabetismo es mayor, con un promedio de 6 puntos porcentuales m\u00e1s que la de los ni\u00f1os (CELADE,2020).<\/p>\n<p><strong>Lee m\u00e1s en este estudio<\/strong><\/p>\n<figure id=\"attachment_70393\" aria-describedby=\"caption-attachment-70393\" style=\"width: 332px\" class=\"wp-caption aligncenter\"><a href=\"https:\/\/diariofemenino.com.ar\/df\/wp-content\/uploads\/2023\/07\/Brechas-y-desafios-socioeconomicos-de-los-pueblos-indigenas-de-America-Latina-retos-para-el-desarrollo-con-identidad.pdf\"><img loading=\"lazy\" decoding=\"async\" class=\"size-full wp-image-70393\" src=\"https:\/\/diariofemenino.com.ar\/df\/wp-content\/uploads\/2023\/07\/image-332x350.jpg\" alt=\"\" width=\"332\" height=\"350\" srcset=\"https:\/\/diariofemenino.com.ar\/df\/wp-content\/uploads\/2023\/07\/image-332x350.jpg 332w, https:\/\/diariofemenino.com.ar\/df\/wp-content\/uploads\/2023\/07\/image-332x350-285x300.jpg 285w\" sizes=\"auto, (max-width: 332px) 100vw, 332px\" \/><\/a><figcaption id=\"caption-attachment-70393\" class=\"wp-caption-text\">Qu\u00e9 es la interseccionalidad y por qu\u00e9 te importa saberlo<\/figcaption><\/figure>\n<p class=\"wp-block-heading\"><strong>Sumemos tres factores: Mujer + ind\u00edgena + rural<\/strong><\/p>\n<p>\u00bfQu\u00e9 pasa si juntamos estos tres factores? Los datos indican que las <a href=\"https:\/\/diariofemenino.com.ar\/df\/feminismo-interseccionalidad-y-transformacion-social\/\">mujeres<\/a> ind\u00edgenas en \u00e1mbitos rurales tienen a\u00fan m\u00e1s altos niveles de analfabetismo que las no rurales. Adem\u00e1s, debido a leyes consuetudinarias y creencias tradicionales que favorecen a los hombres, sumado a brechas a las que se enfrentan las mujeres rurales, aquellas que adem\u00e1s son ind\u00edgenas tienen problemas en el acceso y distribuci\u00f3n de tierras (Deere et. al, 2011). Las brechas de g\u00e9nero, desigualdades por raza y etnia y por ubicaci\u00f3n geogr\u00e1fica se unen y potencian.<\/p>\n<figure id=\"attachment_70391\" aria-describedby=\"caption-attachment-70391\" style=\"width: 427px\" class=\"wp-caption aligncenter\"><img loading=\"lazy\" decoding=\"async\" class=\"size-full wp-image-70391\" src=\"https:\/\/diariofemenino.com.ar\/df\/wp-content\/uploads\/2023\/07\/blog-muejrl-rural-1-427x350.jpg\" alt=\"Qu\u00e9 es la interseccionalidad y por qu\u00e9 te importa saberlo\" width=\"427\" height=\"350\" srcset=\"https:\/\/diariofemenino.com.ar\/df\/wp-content\/uploads\/2023\/07\/blog-muejrl-rural-1-427x350.jpg 427w, https:\/\/diariofemenino.com.ar\/df\/wp-content\/uploads\/2023\/07\/blog-muejrl-rural-1-427x350-300x246.jpg 300w\" sizes=\"auto, (max-width: 427px) 100vw, 427px\" \/><figcaption id=\"caption-attachment-70391\" class=\"wp-caption-text\">Qu\u00e9 es la interseccionalidad y por qu\u00e9 te importa saberlo<\/figcaption><\/figure>\n<p class=\"wp-block-heading\"><strong>Interseccionalidad en el trabajo del BID<\/strong><\/p>\n<p>Datos como estos revelan un contexto complejo en una regi\u00f3n diversa como la nuestra. Por eso, el BID busca garantizar un enfoque interseccional en nuestros proyectos. Algunos ejemplos de esto son:<\/p>\n<ul>\n<li>En Honduras y El Salvador: El proyecto<a href=\"https:\/\/wiconnect.iadb.org\/osc\/sin-fronteras-iap\/\" target=\"_blank\" rel=\"noreferrer noopener\">\u00a0Sin Fronteras\u00a0<\/a>apoya a los gobiernos nacionales para construir plataformas digitales que provean de servicios online para garantizar el bienestar de mujeres migrantes.<\/li>\n<li>En Brasil: Una iniciativa llamada Reprogramando el Sector Tecnol\u00f3gico (Reprogramming the Tech Sector) es un piloto que busca promover la inclusi\u00f3n laboral de mujeres afrodescendientes y transg\u00e9nero mediante programas de entrenamiento en programaci\u00f3n digital.<\/li>\n<li>En Uruguay: El\u00a0<a href=\"https:\/\/www.iadb.org\/es\/noticias\/uruguay-promovera-una-vida-libre-de-violencia-basada-en-genero-con-apoyo-del-bid\" target=\"_blank\" rel=\"noreferrer noopener\">pr\u00e9stamo ProMujeres\u00a0<\/a>toma en cuenta la mayor vulnerabilidad frente a la violencia sexual y basada en g\u00e9nero de mujeres migrantes, afrodescendientes, y LBT, y considera su acceso e inclusi\u00f3n a servicios de atenci\u00f3n como prioritario.<\/li>\n<\/ul>\n<p><img loading=\"lazy\" decoding=\"async\" class=\"aligncenter wp-image-70394\" src=\"https:\/\/diariofemenino.com.ar\/df\/wp-content\/uploads\/2023\/07\/Interseccionalidad-1-1.jpg\" alt=\"\" width=\"436\" height=\"425\" srcset=\"https:\/\/diariofemenino.com.ar\/df\/wp-content\/uploads\/2023\/07\/Interseccionalidad-1-1.jpg 327w, https:\/\/diariofemenino.com.ar\/df\/wp-content\/uploads\/2023\/07\/Interseccionalidad-1-1-300x293.jpg 300w\" sizes=\"auto, (max-width: 436px) 100vw, 436px\" \/><\/p>\n<p class=\"wp-block-heading\"><strong>Hablemos de interseccionalidad<\/strong><\/p>\n<p>En un evento conjunto, el BID uni\u00f3 esfuerzos con el Banco Mundial para traer la atenci\u00f3n a este tema. Contamos con tres invitadas involucradas directamente en proyectos que integran la equidad de g\u00e9nero y la inclusi\u00f3n de diversidad y grupos vulnerables. Fue una oportunidad para hablar de desaf\u00edos, pero, sobre todo, de soluciones.<\/p>\n<p><iframe loading=\"lazy\" title=\"vimeo-player\" src=\"https:\/\/player.vimeo.com\/video\/722658452?h=6d0fe04589\" width=\"640\" height=\"360\" frameborder=\"0\" allowfullscreen=\"allowfullscreen\"><\/iframe><\/p>\n<p>Fuente: <a href=\"https:\/\/blogs.iadb.org\/igualdad\/es\/que-es-interseccionalidad\/\">\u00bfY si hablamos de igualdad?<\/a><\/p>\n","protected":false},"excerpt":{"rendered":"<p>\u00bfEst\u00e1 la interseccionalidad de moda? En octubre de 2021, el t\u00e9rmino \u201cinterseccionalidad\u201d alcanz\u00f3 su punto m\u00e1ximo de b\u00fasquedas en Google desde el 2004. Sin embargo, est\u00e1 lejos de ser una palabra nueva. Se trata de un t\u00e9rmino con m\u00e1s de 30 a\u00f1os de uso. Se volvi\u00f3 de uso com\u00fan a partir de 1989, cuando fue [&hellip;]<\/p>\n","protected":false},"author":4,"featured_media":70390,"comment_status":"open","ping_status":"open","sticky":false,"template":"","format":"standard","meta":{"iawp_total_views":3953,"footnotes":""},"categories":[7,1067,178,19,9,3,627,182,32,21,23,180,592],"tags":[4253,118,6238,5166,616,6239,20,3582,39,4444,382,45],"class_list":["post-70378","post","type-post","status-publish","format-standard","has-post-thumbnail","hentry","category-actividades","category-agenda-feminista","category-articulos-y-comunicados","category-biblioteca","category-de-esi-si-se-habla","category-de-la-revolucion-al-reaprendizaje","category-genero-y-derechos-humanos","category-informes","category-mujeres","category-noticias","category-salud","category-videos","category-violencias","tag-accesos","tag-discapacidad","tag-enfoque","tag-etnia","tag-genero","tag-geografia","tag-identidad-de-genero","tag-interseccionalidad","tag-justicia","tag-raza","tag-salud","tag-trabajo"],"nelio_content":{"autoShareEndMode":"never","automationSources":{"useCustomSentences":false,"customSentences":[]},"efiAlt":"","efiUrl":"","followers":[4],"highlights":[],"isAutoShareEnabled":true,"networkImageIds":[],"permalinkQueryArgs":[],"series":[],"suggestedReferences":[]},"yoast_head":"<!-- This site is optimized with the Yoast SEO plugin v27.5 - https:\/\/yoast.com\/product\/yoast-seo-wordpress\/ -->\n<title>Qu\u00e9 es la interseccionalidad y por qu\u00e9 te importa saberlo - Diario Digital Femenino<\/title>\n<meta name=\"description\" content=\"Qu\u00e9 es la interseccionalidad\" \/>\n<meta name=\"robots\" content=\"index, follow, max-snippet:-1, max-image-preview:large, max-video-preview:-1\" \/>\n<link rel=\"canonical\" href=\"https:\/\/diariofemenino.com.ar\/df\/que-es-la-interseccionalidad-y-por-que-te-importa-saberlo\/\" \/>\n<meta property=\"og:locale\" content=\"es_ES\" \/>\n<meta property=\"og:type\" content=\"article\" \/>\n<meta property=\"og:title\" content=\"Qu\u00e9 es la interseccionalidad y por qu\u00e9 te importa saberlo - Diario Digital Femenino\" \/>\n<meta property=\"og:description\" content=\"Qu\u00e9 es la interseccionalidad\" \/>\n<meta property=\"og:url\" content=\"https:\/\/diariofemenino.com.ar\/df\/que-es-la-interseccionalidad-y-por-que-te-importa-saberlo\/\" \/>\n<meta property=\"og:site_name\" content=\"Diario Digital Femenino\" \/>\n<meta property=\"article:publisher\" content=\"https:\/\/www.facebook.com\/DiarioDigitaFemenino\/\" \/>\n<meta property=\"article:published_time\" content=\"2023-07-31T13:47:03+00:00\" \/>\n<meta property=\"article:modified_time\" content=\"2023-08-01T09:52:01+00:00\" \/>\n<meta property=\"og:image\" content=\"https:\/\/diariofemenino.com.ar\/df\/wp-content\/uploads\/2023\/07\/interseccionalidad-blog-e1656691971838-1536x806.jpg\" \/>\n\t<meta property=\"og:image:width\" content=\"1536\" \/>\n\t<meta property=\"og:image:height\" content=\"806\" \/>\n\t<meta property=\"og:image:type\" content=\"image\/jpeg\" \/>\n<meta name=\"author\" content=\"Admin\" \/>\n<meta name=\"twitter:card\" content=\"summary_large_image\" \/>\n<meta name=\"twitter:creator\" content=\"@DiarioFemenino1\" \/>\n<meta name=\"twitter:site\" content=\"@DiarioFemenino1\" \/>\n<meta name=\"twitter:label1\" content=\"Escrito por\" \/>\n\t<meta name=\"twitter:data1\" content=\"Admin\" \/>\n\t<meta name=\"twitter:label2\" content=\"Tiempo de lectura\" \/>\n\t<meta name=\"twitter:data2\" content=\"5 minutos\" \/>\n<script type=\"application\/ld+json\" class=\"yoast-schema-graph\">{\"@context\":\"https:\\\/\\\/schema.org\",\"@graph\":[{\"@type\":\"Article\",\"@id\":\"https:\\\/\\\/diariofemenino.com.ar\\\/df\\\/que-es-la-interseccionalidad-y-por-que-te-importa-saberlo\\\/#article\",\"isPartOf\":{\"@id\":\"https:\\\/\\\/diariofemenino.com.ar\\\/df\\\/que-es-la-interseccionalidad-y-por-que-te-importa-saberlo\\\/\"},\"author\":{\"name\":\"Admin\",\"@id\":\"https:\\\/\\\/diariofemenino.com.ar\\\/df\\\/#\\\/schema\\\/person\\\/bf6199e8158c657ea6f789b11ec85509\"},\"headline\":\"Qu\u00e9 es la interseccionalidad y por qu\u00e9 te importa saberlo\",\"datePublished\":\"2023-07-31T13:47:03+00:00\",\"dateModified\":\"2023-08-01T09:52:01+00:00\",\"mainEntityOfPage\":{\"@id\":\"https:\\\/\\\/diariofemenino.com.ar\\\/df\\\/que-es-la-interseccionalidad-y-por-que-te-importa-saberlo\\\/\"},\"wordCount\":945,\"commentCount\":1,\"publisher\":{\"@id\":\"https:\\\/\\\/diariofemenino.com.ar\\\/df\\\/#organization\"},\"image\":{\"@id\":\"https:\\\/\\\/diariofemenino.com.ar\\\/df\\\/que-es-la-interseccionalidad-y-por-que-te-importa-saberlo\\\/#primaryimage\"},\"thumbnailUrl\":\"https:\\\/\\\/diariofemenino.com.ar\\\/df\\\/wp-content\\\/uploads\\\/2023\\\/07\\\/interseccionalidad-blog-e1656691971838-1536x806.jpg\",\"keywords\":[\"Accesos\",\"Discapacidad\",\"enfoque\",\"Etnia\",\"G\u00e9nero\",\"geograf\u00eda\",\"Identidad de G\u00e9nero\",\"Interseccionalidad\",\"Justicia\",\"Raza\",\"Salud\",\"Trabajo\"],\"articleSection\":[\"Actividades\",\"Agenda Feminista\",\"Art\u00edculos y Comunicados\",\"Biblioteca Virtual\",\"De ESI S\u00ed Se Habla\",\"De la Revoluci\u00f3n al Reaprendizaje\",\"G\u00e9nero y Derechos Humanos\",\"Informes\",\"Mujeres\",\"Noticias\",\"Salud\",\"Videos\",\"Violencias\"],\"inLanguage\":\"es\",\"potentialAction\":[{\"@type\":\"CommentAction\",\"name\":\"Comment\",\"target\":[\"https:\\\/\\\/diariofemenino.com.ar\\\/df\\\/que-es-la-interseccionalidad-y-por-que-te-importa-saberlo\\\/#respond\"]}]},{\"@type\":\"WebPage\",\"@id\":\"https:\\\/\\\/diariofemenino.com.ar\\\/df\\\/que-es-la-interseccionalidad-y-por-que-te-importa-saberlo\\\/\",\"url\":\"https:\\\/\\\/diariofemenino.com.ar\\\/df\\\/que-es-la-interseccionalidad-y-por-que-te-importa-saberlo\\\/\",\"name\":\"Qu\u00e9 es la interseccionalidad y por qu\u00e9 te importa saberlo - Diario Digital Femenino\",\"isPartOf\":{\"@id\":\"https:\\\/\\\/diariofemenino.com.ar\\\/df\\\/#website\"},\"primaryImageOfPage\":{\"@id\":\"https:\\\/\\\/diariofemenino.com.ar\\\/df\\\/que-es-la-interseccionalidad-y-por-que-te-importa-saberlo\\\/#primaryimage\"},\"image\":{\"@id\":\"https:\\\/\\\/diariofemenino.com.ar\\\/df\\\/que-es-la-interseccionalidad-y-por-que-te-importa-saberlo\\\/#primaryimage\"},\"thumbnailUrl\":\"https:\\\/\\\/diariofemenino.com.ar\\\/df\\\/wp-content\\\/uploads\\\/2023\\\/07\\\/interseccionalidad-blog-e1656691971838-1536x806.jpg\",\"datePublished\":\"2023-07-31T13:47:03+00:00\",\"dateModified\":\"2023-08-01T09:52:01+00:00\",\"description\":\"Qu\u00e9 es la interseccionalidad\",\"breadcrumb\":{\"@id\":\"https:\\\/\\\/diariofemenino.com.ar\\\/df\\\/que-es-la-interseccionalidad-y-por-que-te-importa-saberlo\\\/#breadcrumb\"},\"inLanguage\":\"es\",\"potentialAction\":[{\"@type\":\"ReadAction\",\"target\":[\"https:\\\/\\\/diariofemenino.com.ar\\\/df\\\/que-es-la-interseccionalidad-y-por-que-te-importa-saberlo\\\/\"]}]},{\"@type\":\"ImageObject\",\"inLanguage\":\"es\",\"@id\":\"https:\\\/\\\/diariofemenino.com.ar\\\/df\\\/que-es-la-interseccionalidad-y-por-que-te-importa-saberlo\\\/#primaryimage\",\"url\":\"https:\\\/\\\/diariofemenino.com.ar\\\/df\\\/wp-content\\\/uploads\\\/2023\\\/07\\\/interseccionalidad-blog-e1656691971838-1536x806.jpg\",\"contentUrl\":\"https:\\\/\\\/diariofemenino.com.ar\\\/df\\\/wp-content\\\/uploads\\\/2023\\\/07\\\/interseccionalidad-blog-e1656691971838-1536x806.jpg\",\"width\":1536,\"height\":806,\"caption\":\"Qu\u00e9 es la interseccionalidad y por qu\u00e9 te importa saberlo\"},{\"@type\":\"BreadcrumbList\",\"@id\":\"https:\\\/\\\/diariofemenino.com.ar\\\/df\\\/que-es-la-interseccionalidad-y-por-que-te-importa-saberlo\\\/#breadcrumb\",\"itemListElement\":[{\"@type\":\"ListItem\",\"position\":1,\"name\":\"Portada\",\"item\":\"https:\\\/\\\/diariofemenino.com.ar\\\/df\\\/\"},{\"@type\":\"ListItem\",\"position\":2,\"name\":\"Qu\u00e9 es la interseccionalidad y por qu\u00e9 te importa saberlo\"}]},{\"@type\":\"WebSite\",\"@id\":\"https:\\\/\\\/diariofemenino.com.ar\\\/df\\\/#website\",\"url\":\"https:\\\/\\\/diariofemenino.com.ar\\\/df\\\/\",\"name\":\"Diario Digital Femenino\",\"description\":\"Cuesti\u00f3n de G\u00e9nero\",\"publisher\":{\"@id\":\"https:\\\/\\\/diariofemenino.com.ar\\\/df\\\/#organization\"},\"potentialAction\":[{\"@type\":\"SearchAction\",\"target\":{\"@type\":\"EntryPoint\",\"urlTemplate\":\"https:\\\/\\\/diariofemenino.com.ar\\\/df\\\/?s={search_term_string}\"},\"query-input\":{\"@type\":\"PropertyValueSpecification\",\"valueRequired\":true,\"valueName\":\"search_term_string\"}}],\"inLanguage\":\"es\"},{\"@type\":\"Organization\",\"@id\":\"https:\\\/\\\/diariofemenino.com.ar\\\/df\\\/#organization\",\"name\":\"Diario Femenino\",\"url\":\"https:\\\/\\\/diariofemenino.com.ar\\\/df\\\/\",\"logo\":{\"@type\":\"ImageObject\",\"inLanguage\":\"es\",\"@id\":\"https:\\\/\\\/diariofemenino.com.ar\\\/df\\\/#\\\/schema\\\/logo\\\/image\\\/\",\"url\":\"https:\\\/\\\/diariofemenino.com.ar\\\/df\\\/wp-content\\\/uploads\\\/2018\\\/10\\\/logo.png\",\"contentUrl\":\"https:\\\/\\\/diariofemenino.com.ar\\\/df\\\/wp-content\\\/uploads\\\/2018\\\/10\\\/logo.png\",\"width\":500,\"height\":92,\"caption\":\"Diario Femenino\"},\"image\":{\"@id\":\"https:\\\/\\\/diariofemenino.com.ar\\\/df\\\/#\\\/schema\\\/logo\\\/image\\\/\"},\"sameAs\":[\"https:\\\/\\\/www.facebook.com\\\/DiarioDigitaFemenino\\\/\",\"https:\\\/\\\/x.com\\\/DiarioFemenino1\"]},{\"@type\":\"Person\",\"@id\":\"https:\\\/\\\/diariofemenino.com.ar\\\/df\\\/#\\\/schema\\\/person\\\/bf6199e8158c657ea6f789b11ec85509\",\"name\":\"Admin\",\"image\":{\"@type\":\"ImageObject\",\"inLanguage\":\"es\",\"@id\":\"https:\\\/\\\/diariofemenino.com.ar\\\/df\\\/wp-content\\\/uploads\\\/2018\\\/12\\\/favicon-150x150.jpg\",\"url\":\"https:\\\/\\\/diariofemenino.com.ar\\\/df\\\/wp-content\\\/uploads\\\/2018\\\/12\\\/favicon-150x150.jpg\",\"contentUrl\":\"https:\\\/\\\/diariofemenino.com.ar\\\/df\\\/wp-content\\\/uploads\\\/2018\\\/12\\\/favicon-150x150.jpg\",\"caption\":\"Admin\"},\"url\":\"https:\\\/\\\/diariofemenino.com.ar\\\/df\\\/author\\\/lenny\\\/\"}]}<\/script>\n<!-- \/ Yoast SEO plugin. -->","yoast_head_json":{"title":"Qu\u00e9 es la interseccionalidad y por qu\u00e9 te importa saberlo - Diario Digital Femenino","description":"Qu\u00e9 es la interseccionalidad","robots":{"index":"index","follow":"follow","max-snippet":"max-snippet:-1","max-image-preview":"max-image-preview:large","max-video-preview":"max-video-preview:-1"},"canonical":"https:\/\/diariofemenino.com.ar\/df\/que-es-la-interseccionalidad-y-por-que-te-importa-saberlo\/","og_locale":"es_ES","og_type":"article","og_title":"Qu\u00e9 es la interseccionalidad y por qu\u00e9 te importa saberlo - Diario Digital Femenino","og_description":"Qu\u00e9 es la interseccionalidad","og_url":"https:\/\/diariofemenino.com.ar\/df\/que-es-la-interseccionalidad-y-por-que-te-importa-saberlo\/","og_site_name":"Diario Digital Femenino","article_publisher":"https:\/\/www.facebook.com\/DiarioDigitaFemenino\/","article_published_time":"2023-07-31T13:47:03+00:00","article_modified_time":"2023-08-01T09:52:01+00:00","og_image":[{"width":1536,"height":806,"url":"https:\/\/diariofemenino.com.ar\/df\/wp-content\/uploads\/2023\/07\/interseccionalidad-blog-e1656691971838-1536x806.jpg","type":"image\/jpeg"}],"author":"Admin","twitter_card":"summary_large_image","twitter_creator":"@DiarioFemenino1","twitter_site":"@DiarioFemenino1","twitter_misc":{"Escrito por":"Admin","Tiempo de lectura":"5 minutos"},"schema":{"@context":"https:\/\/schema.org","@graph":[{"@type":"Article","@id":"https:\/\/diariofemenino.com.ar\/df\/que-es-la-interseccionalidad-y-por-que-te-importa-saberlo\/#article","isPartOf":{"@id":"https:\/\/diariofemenino.com.ar\/df\/que-es-la-interseccionalidad-y-por-que-te-importa-saberlo\/"},"author":{"name":"Admin","@id":"https:\/\/diariofemenino.com.ar\/df\/#\/schema\/person\/bf6199e8158c657ea6f789b11ec85509"},"headline":"Qu\u00e9 es la interseccionalidad y por qu\u00e9 te importa saberlo","datePublished":"2023-07-31T13:47:03+00:00","dateModified":"2023-08-01T09:52:01+00:00","mainEntityOfPage":{"@id":"https:\/\/diariofemenino.com.ar\/df\/que-es-la-interseccionalidad-y-por-que-te-importa-saberlo\/"},"wordCount":945,"commentCount":1,"publisher":{"@id":"https:\/\/diariofemenino.com.ar\/df\/#organization"},"image":{"@id":"https:\/\/diariofemenino.com.ar\/df\/que-es-la-interseccionalidad-y-por-que-te-importa-saberlo\/#primaryimage"},"thumbnailUrl":"https:\/\/diariofemenino.com.ar\/df\/wp-content\/uploads\/2023\/07\/interseccionalidad-blog-e1656691971838-1536x806.jpg","keywords":["Accesos","Discapacidad","enfoque","Etnia","G\u00e9nero","geograf\u00eda","Identidad de G\u00e9nero","Interseccionalidad","Justicia","Raza","Salud","Trabajo"],"articleSection":["Actividades","Agenda Feminista","Art\u00edculos y Comunicados","Biblioteca Virtual","De ESI S\u00ed Se Habla","De la Revoluci\u00f3n al Reaprendizaje","G\u00e9nero y Derechos Humanos","Informes","Mujeres","Noticias","Salud","Videos","Violencias"],"inLanguage":"es","potentialAction":[{"@type":"CommentAction","name":"Comment","target":["https:\/\/diariofemenino.com.ar\/df\/que-es-la-interseccionalidad-y-por-que-te-importa-saberlo\/#respond"]}]},{"@type":"WebPage","@id":"https:\/\/diariofemenino.com.ar\/df\/que-es-la-interseccionalidad-y-por-que-te-importa-saberlo\/","url":"https:\/\/diariofemenino.com.ar\/df\/que-es-la-interseccionalidad-y-por-que-te-importa-saberlo\/","name":"Qu\u00e9 es la interseccionalidad y por qu\u00e9 te importa saberlo - Diario Digital Femenino","isPartOf":{"@id":"https:\/\/diariofemenino.com.ar\/df\/#website"},"primaryImageOfPage":{"@id":"https:\/\/diariofemenino.com.ar\/df\/que-es-la-interseccionalidad-y-por-que-te-importa-saberlo\/#primaryimage"},"image":{"@id":"https:\/\/diariofemenino.com.ar\/df\/que-es-la-interseccionalidad-y-por-que-te-importa-saberlo\/#primaryimage"},"thumbnailUrl":"https:\/\/diariofemenino.com.ar\/df\/wp-content\/uploads\/2023\/07\/interseccionalidad-blog-e1656691971838-1536x806.jpg","datePublished":"2023-07-31T13:47:03+00:00","dateModified":"2023-08-01T09:52:01+00:00","description":"Qu\u00e9 es la interseccionalidad","breadcrumb":{"@id":"https:\/\/diariofemenino.com.ar\/df\/que-es-la-interseccionalidad-y-por-que-te-importa-saberlo\/#breadcrumb"},"inLanguage":"es","potentialAction":[{"@type":"ReadAction","target":["https:\/\/diariofemenino.com.ar\/df\/que-es-la-interseccionalidad-y-por-que-te-importa-saberlo\/"]}]},{"@type":"ImageObject","inLanguage":"es","@id":"https:\/\/diariofemenino.com.ar\/df\/que-es-la-interseccionalidad-y-por-que-te-importa-saberlo\/#primaryimage","url":"https:\/\/diariofemenino.com.ar\/df\/wp-content\/uploads\/2023\/07\/interseccionalidad-blog-e1656691971838-1536x806.jpg","contentUrl":"https:\/\/diariofemenino.com.ar\/df\/wp-content\/uploads\/2023\/07\/interseccionalidad-blog-e1656691971838-1536x806.jpg","width":1536,"height":806,"caption":"Qu\u00e9 es la interseccionalidad y por qu\u00e9 te importa saberlo"},{"@type":"BreadcrumbList","@id":"https:\/\/diariofemenino.com.ar\/df\/que-es-la-interseccionalidad-y-por-que-te-importa-saberlo\/#breadcrumb","itemListElement":[{"@type":"ListItem","position":1,"name":"Portada","item":"https:\/\/diariofemenino.com.ar\/df\/"},{"@type":"ListItem","position":2,"name":"Qu\u00e9 es la interseccionalidad y por qu\u00e9 te importa saberlo"}]},{"@type":"WebSite","@id":"https:\/\/diariofemenino.com.ar\/df\/#website","url":"https:\/\/diariofemenino.com.ar\/df\/","name":"Diario Digital Femenino","description":"Cuesti\u00f3n de G\u00e9nero","publisher":{"@id":"https:\/\/diariofemenino.com.ar\/df\/#organization"},"potentialAction":[{"@type":"SearchAction","target":{"@type":"EntryPoint","urlTemplate":"https:\/\/diariofemenino.com.ar\/df\/?s={search_term_string}"},"query-input":{"@type":"PropertyValueSpecification","valueRequired":true,"valueName":"search_term_string"}}],"inLanguage":"es"},{"@type":"Organization","@id":"https:\/\/diariofemenino.com.ar\/df\/#organization","name":"Diario Femenino","url":"https:\/\/diariofemenino.com.ar\/df\/","logo":{"@type":"ImageObject","inLanguage":"es","@id":"https:\/\/diariofemenino.com.ar\/df\/#\/schema\/logo\/image\/","url":"https:\/\/diariofemenino.com.ar\/df\/wp-content\/uploads\/2018\/10\/logo.png","contentUrl":"https:\/\/diariofemenino.com.ar\/df\/wp-content\/uploads\/2018\/10\/logo.png","width":500,"height":92,"caption":"Diario Femenino"},"image":{"@id":"https:\/\/diariofemenino.com.ar\/df\/#\/schema\/logo\/image\/"},"sameAs":["https:\/\/www.facebook.com\/DiarioDigitaFemenino\/","https:\/\/x.com\/DiarioFemenino1"]},{"@type":"Person","@id":"https:\/\/diariofemenino.com.ar\/df\/#\/schema\/person\/bf6199e8158c657ea6f789b11ec85509","name":"Admin","image":{"@type":"ImageObject","inLanguage":"es","@id":"https:\/\/diariofemenino.com.ar\/df\/wp-content\/uploads\/2018\/12\/favicon-150x150.jpg","url":"https:\/\/diariofemenino.com.ar\/df\/wp-content\/uploads\/2018\/12\/favicon-150x150.jpg","contentUrl":"https:\/\/diariofemenino.com.ar\/df\/wp-content\/uploads\/2018\/12\/favicon-150x150.jpg","caption":"Admin"},"url":"https:\/\/diariofemenino.com.ar\/df\/author\/lenny\/"}]}},"jetpack_featured_media_url":"https:\/\/diariofemenino.com.ar\/df\/wp-content\/uploads\/2023\/07\/interseccionalidad-blog-e1656691971838-1536x806.jpg","jetpack_sharing_enabled":true,"rttpg_featured_image_url":{"full":["https:\/\/diariofemenino.com.ar\/df\/wp-content\/uploads\/2023\/07\/interseccionalidad-blog-e1656691971838-1536x806.jpg",1536,806,false],"landscape":["https:\/\/diariofemenino.com.ar\/df\/wp-content\/uploads\/2023\/07\/interseccionalidad-blog-e1656691971838-1536x806.jpg",1536,806,false],"portraits":["https:\/\/diariofemenino.com.ar\/df\/wp-content\/uploads\/2023\/07\/interseccionalidad-blog-e1656691971838-1536x806.jpg",1536,806,false],"thumbnail":["https:\/\/diariofemenino.com.ar\/df\/wp-content\/uploads\/2023\/07\/interseccionalidad-blog-e1656691971838-1536x806-150x150.jpg",150,150,true],"medium":["https:\/\/diariofemenino.com.ar\/df\/wp-content\/uploads\/2023\/07\/interseccionalidad-blog-e1656691971838-1536x806-300x157.jpg",300,157,true],"large":["https:\/\/diariofemenino.com.ar\/df\/wp-content\/uploads\/2023\/07\/interseccionalidad-blog-e1656691971838-1536x806-1024x537.jpg",1024,537,true],"1536x1536":["https:\/\/diariofemenino.com.ar\/df\/wp-content\/uploads\/2023\/07\/interseccionalidad-blog-e1656691971838-1536x806.jpg",1536,806,false],"2048x2048":["https:\/\/diariofemenino.com.ar\/df\/wp-content\/uploads\/2023\/07\/interseccionalidad-blog-e1656691971838-1536x806.jpg",1536,806,false]},"rttpg_author":{"display_name":"Admin","author_link":"https:\/\/diariofemenino.com.ar\/df\/author\/lenny\/"},"rttpg_comment":1,"rttpg_category":"<a href=\"https:\/\/diariofemenino.com.ar\/df\/category\/actividades\/\" rel=\"category tag\">Actividades<\/a> <a href=\"https:\/\/diariofemenino.com.ar\/df\/category\/agenda-feminista\/\" rel=\"category tag\">Agenda Feminista<\/a> <a href=\"https:\/\/diariofemenino.com.ar\/df\/category\/articulos-y-comunicados\/\" rel=\"category tag\">Art\u00edculos y Comunicados<\/a> <a href=\"https:\/\/diariofemenino.com.ar\/df\/category\/biblioteca\/\" rel=\"category tag\">Biblioteca Virtual<\/a> <a href=\"https:\/\/diariofemenino.com.ar\/df\/category\/de-esi-si-se-habla\/\" rel=\"category tag\">De ESI S\u00ed Se Habla<\/a> <a href=\"https:\/\/diariofemenino.com.ar\/df\/category\/de-la-revolucion-al-reaprendizaje\/\" rel=\"category tag\">De la Revoluci\u00f3n al Reaprendizaje<\/a> <a href=\"https:\/\/diariofemenino.com.ar\/df\/category\/genero-y-derechos-humanos\/\" rel=\"category tag\">G\u00e9nero y Derechos Humanos<\/a> <a href=\"https:\/\/diariofemenino.com.ar\/df\/category\/informes\/\" rel=\"category tag\">Informes<\/a> <a href=\"https:\/\/diariofemenino.com.ar\/df\/category\/mujeres\/\" rel=\"category tag\">Mujeres<\/a> <a href=\"https:\/\/diariofemenino.com.ar\/df\/category\/noticias\/\" rel=\"category tag\">Noticias<\/a> <a href=\"https:\/\/diariofemenino.com.ar\/df\/category\/salud\/\" rel=\"category tag\">Salud<\/a> <a href=\"https:\/\/diariofemenino.com.ar\/df\/category\/videos\/\" rel=\"category tag\">Videos<\/a> <a href=\"https:\/\/diariofemenino.com.ar\/df\/category\/violencias\/\" rel=\"category tag\">Violencias<\/a>","rttpg_excerpt":"\u00bfEst\u00e1 la interseccionalidad de moda? En octubre de 2021, el t\u00e9rmino \u201cinterseccionalidad\u201d alcanz\u00f3 su punto m\u00e1ximo de b\u00fasquedas en Google desde el 2004. Sin embargo, est\u00e1 lejos de ser una palabra nueva. Se trata de un t\u00e9rmino con m\u00e1s de 30 a\u00f1os de uso. Se volvi\u00f3 de uso com\u00fan a partir de 1989, cuando fue&hellip;","_links":{"self":[{"href":"https:\/\/diariofemenino.com.ar\/df\/wp-json\/wp\/v2\/posts\/70378","targetHints":{"allow":["GET"]}}],"collection":[{"href":"https:\/\/diariofemenino.com.ar\/df\/wp-json\/wp\/v2\/posts"}],"about":[{"href":"https:\/\/diariofemenino.com.ar\/df\/wp-json\/wp\/v2\/types\/post"}],"author":[{"embeddable":true,"href":"https:\/\/diariofemenino.com.ar\/df\/wp-json\/wp\/v2\/users\/4"}],"replies":[{"embeddable":true,"href":"https:\/\/diariofemenino.com.ar\/df\/wp-json\/wp\/v2\/comments?post=70378"}],"version-history":[{"count":0,"href":"https:\/\/diariofemenino.com.ar\/df\/wp-json\/wp\/v2\/posts\/70378\/revisions"}],"wp:featuredmedia":[{"embeddable":true,"href":"https:\/\/diariofemenino.com.ar\/df\/wp-json\/wp\/v2\/media\/70390"}],"wp:attachment":[{"href":"https:\/\/diariofemenino.com.ar\/df\/wp-json\/wp\/v2\/media?parent=70378"}],"wp:term":[{"taxonomy":"category","embeddable":true,"href":"https:\/\/diariofemenino.com.ar\/df\/wp-json\/wp\/v2\/categories?post=70378"},{"taxonomy":"post_tag","embeddable":true,"href":"https:\/\/diariofemenino.com.ar\/df\/wp-json\/wp\/v2\/tags?post=70378"}],"curies":[{"name":"wp","href":"https:\/\/api.w.org\/{rel}","templated":true}]}}