{"id":69663,"date":"2023-06-20T07:45:09","date_gmt":"2023-06-20T10:45:09","guid":{"rendered":"https:\/\/diariofemenino.com.ar\/df\/?p=69663"},"modified":"2023-06-24T13:30:35","modified_gmt":"2023-06-24T16:30:35","slug":"10-anos-de-acompane-no-castigue","status":"publish","type":"post","link":"https:\/\/diariofemenino.com.ar\/df\/10-anos-de-acompane-no-castigue\/","title":{"rendered":"10 a\u00f1os de Acompa\u00f1e. No castigue"},"content":{"rendered":"<p>El 26 de junio es el \u201cD\u00eda Internacional de las Naciones Unidas Contra el Abuso y el Tr\u00e1fico Il\u00edcito de Drogas\u201d, en el cual muchos gobiernos celebran sus contribuciones a la \u201cguerra contra las drogas\u201d. En esta fecha, y desde hace una d\u00e9cada, se celebra el D\u00eda de acci\u00f3n global \u201cAcompa\u00f1e. No castigue\u201d (<a href=\"https:\/\/supportdontpunish.org\/join\/\">Support. Don\u2019t Punish<\/a>, su nombre en ingl\u00e9s), con el objetivo de recuperar el poder de las personas para alternativas sostenibles al consumo indebido de drogas. La campa\u00f1a, ha proporcionado recursos a una red global y descentralizada de creadores de cambios en la reforma de las pol\u00edticas de drogas y la reducci\u00f3n de da\u00f1os y simboliza una lucha que crece a\u00f1o a a\u00f1o en el reclamo por m\u00e1s derechos y por menos pol\u00edticas punitivas a las personas usuarias de drogas.<\/p>\n<p>Por\u00a0<em><a href=\"https:\/\/diariofemenino.com.ar\/df\/?s=Mar%C3%ADa+In%C3%A9s+Alvarado\">Mar\u00eda In\u00e9s Alvarado<\/a>*<br \/>\npara\u00a0<a href=\"https:\/\/www.instagram.com\/diariodigitalfemenino_\/\">Diario Digital Femenino<\/a><\/em><\/p>\n<p>Para la <a href=\"http:\/\/psicologos.org.ar\/mas-de-100-organizaciones-en-argentina-adhieren-a-la-declaracion-acompane-no-castigue-2020\/\">Asociaci\u00f3n de Psic\u00f3logas y Psic\u00f3logos de Buenos Aires<\/a> (APBA)\u00a0la frase: \u201cAcompa\u00f1e. No castigue\u201d significa que <em>\u201cEs hora de acompa\u00f1ar, en lugar de castigar, a las personas que usan sustancias psicoactivas o aquellas que han cometido delitos no violentos relacionados con las drogas\u201d. <\/em>Las instituciones educativas, por tanto, deben estar presentes en este acompa\u00f1amiento, dado que, en Argentina, por Resoluci\u00f3n <a href=\"https:\/\/www.argentina.gob.ar\/sites\/default\/files\/resolucion-cfe-256-15.pdf\">CFE N\u00b0 256\/15<\/a> se establece por Ley N\u00ba 26.586 la creaci\u00f3n del Programa Nacional de Educaci\u00f3n y Prevenci\u00f3n sobre las Adicciones y el Consumo Indebido de Drogas, para generar acciones que ayuden a las escuelas para hacer frente a esta problem\u00e1tica.<\/p>\n<figure id=\"attachment_69671\" aria-describedby=\"caption-attachment-69671\" style=\"width: 497px\" class=\"wp-caption aligncenter\"><img loading=\"lazy\" decoding=\"async\" class=\" wp-image-69671\" src=\"https:\/\/diariofemenino.com.ar\/df\/wp-content\/uploads\/2023\/06\/acompa\u00f1e-810x810.png\" alt=\"10 a\u00f1os de Acompa\u00f1e. No castigue\" width=\"497\" height=\"497\" srcset=\"https:\/\/diariofemenino.com.ar\/df\/wp-content\/uploads\/2023\/06\/acompa\u00f1e-810x810.png 810w, https:\/\/diariofemenino.com.ar\/df\/wp-content\/uploads\/2023\/06\/acompa\u00f1e-810x810-150x150.png 150w, https:\/\/diariofemenino.com.ar\/df\/wp-content\/uploads\/2023\/06\/acompa\u00f1e-810x810-300x300.png 300w, https:\/\/diariofemenino.com.ar\/df\/wp-content\/uploads\/2023\/06\/acompa\u00f1e-810x810-768x768.png 768w\" sizes=\"auto, (max-width: 497px) 100vw, 497px\" \/><figcaption id=\"caption-attachment-69671\" class=\"wp-caption-text\">10 a\u00f1os de Acompa\u00f1e. No castigue<\/figcaption><\/figure>\n<p>El material <a href=\"https:\/\/diariofemenino.com.ar\/df\/consumo-de-drogas-que-hacer-desde-la-escuela\/\">Consumo de drogas: \u00bfqu\u00e9 hacer desde la escuela?<\/a>, elaborado por el Ministerio de Educaci\u00f3n de la Naci\u00f3n y el Programa Nacional de Educaci\u00f3n y Prevenci\u00f3n de las Adicciones y el Consumo Indebido de Drogas, ofrece una serie de reflexiones para el abordaje de situaciones conflictivas que se presentan en la escuela vinculadas con el consumo de drogas, a la vez que aporta posibles l\u00edneas de acci\u00f3n en torno a ellas. Establece criterios de intervenci\u00f3n en estas problem\u00e1ticas, y transmite una aproximaci\u00f3n al tema que permite abordarlo en forma integral, considerando la multiplicidad de factores que inciden en \u00e9l.<\/p>\n<p>En principio, planta, es necesario conceptualizar algunos t\u00e9rminos para poder empezar a hablar del tema con adolescentes:<\/p>\n<ul>\n<li>Seg\u00fan la Organizaci\u00f3n Mundial de la Salud (OMS)<em> \u201cDroga es toda sustancia que, introducida en el organismo por cualquier v\u00eda de administraci\u00f3n, produce una alteraci\u00f3n del natural funcionamiento del sistema nervioso central del individuo y es, adem\u00e1s, susceptible de crear dependencia, ya sea f\u00edsica, psicol\u00f3gica o ambas\u201d.<\/em><\/li>\n<li>Es preciso diferenciar el tipo de drogas que circulan en nuestra sociedad. Algunas est\u00e1n socialmente aceptadas, como el tabaco, el alcohol, el t\u00e9, el caf\u00e9 y el chocolate, que son de producci\u00f3n y distribuci\u00f3n dentro del circuito legal; al igual que los psicof\u00e1rmacos y medicamentos recetados ya sea para dolores de cualquier tipo, o para dormir y\/o adelgazar que requieren de la intermediaci\u00f3n de una receta debidamente extendida por un profesional habilitado o el cannabis medicinal, que puede ser utilizado solo con autorizaci\u00f3n regulado por la Ley 27350.<\/li>\n<li>Otras son ilegales o est\u00e1n socialmente prohibidas, como la marihuana, el paco, el \u00e9xtasis, la coca\u00edna, el LSD, entre otras porque la producci\u00f3n y distribuci\u00f3n de estas sustancias se realizan a trav\u00e9s de un circuito ilegal clandestino.<\/li>\n<li>Las drogas, en s\u00ed mismas, no son peligrosas. Es m\u00e1s, cada cultura permite y\/o proh\u00edbe distintas drogas. La sustancia droga no es ni buena ni mala, es un objeto y como tal ella no dota de sentido a la persona. Por el contrario, la persona es la que otorga sentido, significado al objeto, y en cuanto tal es la persona la que padece el problema. Por lo tanto, <em>lo importante es la persona<\/em> y no la sustancia. A veces se tiene la creencia de que, si una droga es legal, no es da\u00f1ina. Sin embargo, las drogas socialmente aceptadas no siempre son inofensivas y pueden causar da\u00f1o dependiendo de qui\u00e9n, cu\u00e1nto, c\u00f3mo y d\u00f3nde se las consuma. El hecho de que una droga sea legal o ilegal es independiente de los niveles de consumo.<\/li>\n<li>Es preciso comenzar cuestionando los apelativos que se usan para identificar a quienes consumen drogas: no hablar de \u201cadicto\u201d o<br \/>\n\u201cdrogadicto\u201d, sino de \u201cusuario\u201d. La posibilidad de que el consumo de una determinada sustancia genere m\u00e1s o menos problemas a una persona o comunidad est\u00e1 dada por el tipo de v\u00ednculo que se establezca con la sustancia en un determinado entorno. Es una tr\u00edada: persona, contexto y sustancia lo que hay que entender para saber si se est\u00e1 ante un caso problem\u00e1tico<\/li>\n<li>Existen diferentes niveles de consumo, de acuerdo al v\u00ednculo que la persona tiene con la sustancia. Estos pueden ser:<\/li>\n<\/ul>\n<p><strong>&#8211; de uso:<\/strong> est\u00e1 caracterizado por ser espor\u00e1dico y ocasional: consumir determinadas infusiones (t\u00e9, caf\u00e9, mate), o medicamentos frente a una enfermedad, o tomar una bebida alcoh\u00f3lica durante la comida, como tambi\u00e9n se puede ser \u201cusuario\u201d de drogas ilegales. El uso (espor\u00e1dico u ocasional) tambi\u00e9n puede, en ocasiones, ser problem\u00e1tico.<\/p>\n<p><strong>&#8211; de abuso:<\/strong> es consumir sin haber tomado conciencia de que lo hace. Abusar de drogas puede ser tomar un medicamento no recetado o en dosis mayores de la indicada; o beber alcohol en exceso. Se da tanto con sustancias tanto ilegales como legales. Implica consumirlas en demas\u00eda y con cierta periodicidad. La caracter\u00edstica de este tipo de v\u00ednculo es la intencionalidad del consumo.<\/p>\n<p><strong>&#8211; de adicci\u00f3n: <\/strong>es cuando alguien siente o cree que no puede vivir sin una sustancia y la utiliza en forma permanente y de manera compulsiva. Las personas adictas no pueden dejar de consumir, viven por y para las drogas; hay una necesidad inevitable y de dependencia f\u00edsica y\/o ps\u00edquica. Se puede tener adicci\u00f3n tanto a drogas ilegales como a las legales.<\/p>\n<p>\u00bfQu\u00e9 deben hacer las escuelas, entonces, frente a este panorama? En primer lugar, prevenir. Dice el cuadernillo <a href=\"https:\/\/diariofemenino.com.ar\/df\/prevencion-del-consumo-problematico-de-drogas\/\">Prevenci\u00f3n del consumo problem\u00e1tico de drogas desde el lugar del adulto desde el lugar del adulto en la comunidad educativa<\/a><em>, <\/em>del Ministerio de Educaci\u00f3n, que, <em>\u201cpara poder pensar el tema del consumo de drogas en toda la complejidad que posee y aportar luego, desde el lugar que nos toca ocupar en la comunidad educativa, ideas y comportamientos que colaboren a reducir la problem\u00e1tica, debemos primero despojarnos de ciertos prejuicios y preconceptos muy arraigados en la sociedad. \u00c9stos surgen de un gran desconocimiento, agravado por conocimientos falsos presentados como validados, y por una aproximaci\u00f3n superficial y prejuiciosa a la tem\u00e1tica. Lo grave de ello es que estas representaciones sociales terminan marginando y responsabilizando a los individuos o a las familias de comportamientos de los que, como sociedad, tambi\u00e9n somos responsables\u201d. <\/em>En relaci\u00f3n a la descripci\u00f3n anterior, se pueden nombrar tres:<\/p>\n<ol>\n<li>Que no se hable de \u201cla droga\u201d sino, en todo caso, de diversas sustancias con efectos distintos sobre la salud y con formas de consumo perfectamente diferenciadas.<\/li>\n<li>Que no se identifique de la persona adicta a las drogas como enfermo, \u201cdrogadicto\u201d, o incurable, que lo deja en un papel pasivo e irresponsable por lo cual se lo juzga, se lo aislar, margina y excluye, agravando su problema.<\/li>\n<li>Que no se considere que el consumo de drogas es un problema de j\u00f3venes. Asocia las drogas con la cultura juvenil y con la desviaci\u00f3n social identifica al consumo como la expresi\u00f3n de una actitud individual o colectiva de oposici\u00f3n a la sociedad y de afirmaci\u00f3n de una cultura propia contestataria y al margen de las normas sociales, actitud t\u00edpica de la juventud.<\/li>\n<\/ol>\n<p>En s\u00edntesis, las escuelas deben acompa\u00f1ar e intervenir, sin castigar ni juzgar. Esto significa estar presente, hacerle compa\u00f1\u00eda a la persona que se encuentra en situaci\u00f3n de abuso o adicci\u00f3n, desde la formaci\u00f3n y la prevenci\u00f3n. Escuchar las problem\u00e1ticas sin valorizar ni moralizar, desde la empat\u00eda y la contenci\u00f3n, promoviendo la <strong>participaci\u00f3n activa<\/strong> de cada miembro de la comunidad educativa: estudiantes, docentes, autoridades y familias. Trabajar este tema, y vincularlo con la Educaci\u00f3n Sexual Integral (ESI), es urgente con las adolescencias actuales.<\/p>\n<p><strong>(*)<\/strong>\u00a0Docente, comunicadora. Co-directora de\u00a0<strong><a href=\"https:\/\/laesienjuego.com.ar\/\">La ESI en juego<\/a>.<\/strong><br \/>\nColumnista\u00a0de\u00a0<strong><a href=\"https:\/\/diariofemenino.com.ar\/df\/category\/de-esi-si-se-habla\/\">Diario Digital Femenino<\/a><\/strong>\u2013\u00a0<a href=\"https:\/\/diariofemenino.com.ar\/df\/category\/de-esi-si-se-habla\/\">De ESI S\u00ed Se Habla<\/a><\/p>\n","protected":false},"excerpt":{"rendered":"<p>El 26 de junio es el \u201cD\u00eda Internacional de las Naciones Unidas Contra el Abuso y el Tr\u00e1fico Il\u00edcito de Drogas\u201d, en el cual muchos gobiernos celebran sus contribuciones a la \u201cguerra contra las drogas\u201d. En esta fecha, y desde hace una d\u00e9cada, se celebra el D\u00eda de acci\u00f3n global \u201cAcompa\u00f1e. No castigue\u201d (Support. Don\u2019t [&hellip;]<\/p>\n","protected":false},"author":4,"featured_media":69672,"comment_status":"open","ping_status":"open","sticky":false,"template":"","format":"standard","meta":{"iawp_total_views":43,"footnotes":""},"categories":[1067,178,581,9,78,23,592],"tags":[1734,27,6092,5174,2189,6001,567,4372,4962,6091,568,332],"class_list":["post-69663","post","type-post","status-publish","format-standard","has-post-thumbnail","hentry","category-agenda-feminista","category-articulos-y-comunicados","category-azul-profundo","category-de-esi-si-se-habla","category-guias","category-salud","category-violencias","tag-abordaje","tag-abuso","tag-acompane-no-castigue","tag-adicciones","tag-aulas","tag-consumo-problematico","tag-de-esi-si-se-habla","tag-destacada","tag-drogas","tag-exceso","tag-maria-ines-alvarado","tag-prevencion"],"nelio_content":{"autoShareEndMode":"never","automationSources":{"useCustomSentences":false,"customSentences":[]},"efiAlt":"","efiUrl":"","followers":[4],"highlights":[],"isAutoShareEnabled":true,"networkImageIds":[],"permalinkQueryArgs":[],"series":[],"suggestedReferences":[]},"yoast_head":"<!-- This site is optimized with the Yoast SEO plugin v27.5 - https:\/\/yoast.com\/product\/yoast-seo-wordpress\/ -->\n<title>10 a\u00f1os de Acompa\u00f1e. No castigue - Diario Digital Femenino<\/title>\n<meta name=\"description\" content=\"10 a\u00f1os de Acompa\u00f1e\" \/>\n<meta name=\"robots\" content=\"index, follow, max-snippet:-1, max-image-preview:large, max-video-preview:-1\" \/>\n<link rel=\"canonical\" href=\"https:\/\/diariofemenino.com.ar\/df\/10-anos-de-acompane-no-castigue\/\" \/>\n<meta property=\"og:locale\" content=\"es_ES\" \/>\n<meta property=\"og:type\" content=\"article\" \/>\n<meta property=\"og:title\" content=\"10 a\u00f1os de Acompa\u00f1e. No castigue - Diario Digital Femenino\" \/>\n<meta property=\"og:description\" content=\"10 a\u00f1os de Acompa\u00f1e\" \/>\n<meta property=\"og:url\" content=\"https:\/\/diariofemenino.com.ar\/df\/10-anos-de-acompane-no-castigue\/\" \/>\n<meta property=\"og:site_name\" content=\"Diario Digital Femenino\" \/>\n<meta property=\"article:publisher\" content=\"https:\/\/www.facebook.com\/DiarioDigitaFemenino\/\" \/>\n<meta property=\"article:published_time\" content=\"2023-06-20T10:45:09+00:00\" \/>\n<meta property=\"article:modified_time\" content=\"2023-06-24T16:30:35+00:00\" \/>\n<meta property=\"og:image\" content=\"https:\/\/diariofemenino.com.ar\/df\/wp-content\/uploads\/2023\/06\/consumos-problemticos-grafitti-mural_20210622191258.jpg\" \/>\n\t<meta property=\"og:image:width\" content=\"873\" \/>\n\t<meta property=\"og:image:height\" content=\"534\" \/>\n\t<meta property=\"og:image:type\" content=\"image\/jpeg\" \/>\n<meta name=\"author\" content=\"Admin\" \/>\n<meta name=\"twitter:card\" content=\"summary_large_image\" \/>\n<meta name=\"twitter:creator\" content=\"@DiarioFemenino1\" \/>\n<meta name=\"twitter:site\" content=\"@DiarioFemenino1\" \/>\n<meta name=\"twitter:label1\" content=\"Escrito por\" \/>\n\t<meta name=\"twitter:data1\" content=\"Admin\" \/>\n\t<meta name=\"twitter:label2\" content=\"Tiempo de lectura\" \/>\n\t<meta name=\"twitter:data2\" content=\"7 minutos\" \/>\n<script type=\"application\/ld+json\" class=\"yoast-schema-graph\">{\"@context\":\"https:\\\/\\\/schema.org\",\"@graph\":[{\"@type\":\"Article\",\"@id\":\"https:\\\/\\\/diariofemenino.com.ar\\\/df\\\/10-anos-de-acompane-no-castigue\\\/#article\",\"isPartOf\":{\"@id\":\"https:\\\/\\\/diariofemenino.com.ar\\\/df\\\/10-anos-de-acompane-no-castigue\\\/\"},\"author\":{\"name\":\"Admin\",\"@id\":\"https:\\\/\\\/diariofemenino.com.ar\\\/df\\\/#\\\/schema\\\/person\\\/bf6199e8158c657ea6f789b11ec85509\"},\"headline\":\"10 a\u00f1os de Acompa\u00f1e. No castigue\",\"datePublished\":\"2023-06-20T10:45:09+00:00\",\"dateModified\":\"2023-06-24T16:30:35+00:00\",\"mainEntityOfPage\":{\"@id\":\"https:\\\/\\\/diariofemenino.com.ar\\\/df\\\/10-anos-de-acompane-no-castigue\\\/\"},\"wordCount\":1461,\"commentCount\":0,\"publisher\":{\"@id\":\"https:\\\/\\\/diariofemenino.com.ar\\\/df\\\/#organization\"},\"image\":{\"@id\":\"https:\\\/\\\/diariofemenino.com.ar\\\/df\\\/10-anos-de-acompane-no-castigue\\\/#primaryimage\"},\"thumbnailUrl\":\"https:\\\/\\\/diariofemenino.com.ar\\\/df\\\/wp-content\\\/uploads\\\/2023\\\/06\\\/consumos-problemticos-grafitti-mural_20210622191258.jpg\",\"keywords\":[\"Abordaje\",\"Abuso\",\"Acompa\u00f1e. No castigue\",\"Adicciones\",\"Aulas\",\"consumo problem\u00e1tico\",\"De ESI s\u00ed se habla\",\"Destacada\",\"Drogas\",\"exceso\",\"Mar\u00eda In\u00e9s Alvarado\",\"Prevenci\u00f3n\"],\"articleSection\":[\"Agenda Feminista\",\"Art\u00edculos y Comunicados\",\"Azul Profundo\",\"De ESI S\u00ed Se Habla\",\"Gu\u00edas\",\"Salud\",\"Violencias\"],\"inLanguage\":\"es\",\"potentialAction\":[{\"@type\":\"CommentAction\",\"name\":\"Comment\",\"target\":[\"https:\\\/\\\/diariofemenino.com.ar\\\/df\\\/10-anos-de-acompane-no-castigue\\\/#respond\"]}]},{\"@type\":\"WebPage\",\"@id\":\"https:\\\/\\\/diariofemenino.com.ar\\\/df\\\/10-anos-de-acompane-no-castigue\\\/\",\"url\":\"https:\\\/\\\/diariofemenino.com.ar\\\/df\\\/10-anos-de-acompane-no-castigue\\\/\",\"name\":\"10 a\u00f1os de Acompa\u00f1e. No castigue - Diario Digital Femenino\",\"isPartOf\":{\"@id\":\"https:\\\/\\\/diariofemenino.com.ar\\\/df\\\/#website\"},\"primaryImageOfPage\":{\"@id\":\"https:\\\/\\\/diariofemenino.com.ar\\\/df\\\/10-anos-de-acompane-no-castigue\\\/#primaryimage\"},\"image\":{\"@id\":\"https:\\\/\\\/diariofemenino.com.ar\\\/df\\\/10-anos-de-acompane-no-castigue\\\/#primaryimage\"},\"thumbnailUrl\":\"https:\\\/\\\/diariofemenino.com.ar\\\/df\\\/wp-content\\\/uploads\\\/2023\\\/06\\\/consumos-problemticos-grafitti-mural_20210622191258.jpg\",\"datePublished\":\"2023-06-20T10:45:09+00:00\",\"dateModified\":\"2023-06-24T16:30:35+00:00\",\"description\":\"10 a\u00f1os de Acompa\u00f1e\",\"breadcrumb\":{\"@id\":\"https:\\\/\\\/diariofemenino.com.ar\\\/df\\\/10-anos-de-acompane-no-castigue\\\/#breadcrumb\"},\"inLanguage\":\"es\",\"potentialAction\":[{\"@type\":\"ReadAction\",\"target\":[\"https:\\\/\\\/diariofemenino.com.ar\\\/df\\\/10-anos-de-acompane-no-castigue\\\/\"]}]},{\"@type\":\"ImageObject\",\"inLanguage\":\"es\",\"@id\":\"https:\\\/\\\/diariofemenino.com.ar\\\/df\\\/10-anos-de-acompane-no-castigue\\\/#primaryimage\",\"url\":\"https:\\\/\\\/diariofemenino.com.ar\\\/df\\\/wp-content\\\/uploads\\\/2023\\\/06\\\/consumos-problemticos-grafitti-mural_20210622191258.jpg\",\"contentUrl\":\"https:\\\/\\\/diariofemenino.com.ar\\\/df\\\/wp-content\\\/uploads\\\/2023\\\/06\\\/consumos-problemticos-grafitti-mural_20210622191258.jpg\",\"width\":873,\"height\":534,\"caption\":\"10 a\u00f1os de Acompa\u00f1e. No castigue\"},{\"@type\":\"BreadcrumbList\",\"@id\":\"https:\\\/\\\/diariofemenino.com.ar\\\/df\\\/10-anos-de-acompane-no-castigue\\\/#breadcrumb\",\"itemListElement\":[{\"@type\":\"ListItem\",\"position\":1,\"name\":\"Portada\",\"item\":\"https:\\\/\\\/diariofemenino.com.ar\\\/df\\\/\"},{\"@type\":\"ListItem\",\"position\":2,\"name\":\"10 a\u00f1os de Acompa\u00f1e. No castigue\"}]},{\"@type\":\"WebSite\",\"@id\":\"https:\\\/\\\/diariofemenino.com.ar\\\/df\\\/#website\",\"url\":\"https:\\\/\\\/diariofemenino.com.ar\\\/df\\\/\",\"name\":\"Diario Digital Femenino\",\"description\":\"Cuesti\u00f3n de G\u00e9nero\",\"publisher\":{\"@id\":\"https:\\\/\\\/diariofemenino.com.ar\\\/df\\\/#organization\"},\"potentialAction\":[{\"@type\":\"SearchAction\",\"target\":{\"@type\":\"EntryPoint\",\"urlTemplate\":\"https:\\\/\\\/diariofemenino.com.ar\\\/df\\\/?s={search_term_string}\"},\"query-input\":{\"@type\":\"PropertyValueSpecification\",\"valueRequired\":true,\"valueName\":\"search_term_string\"}}],\"inLanguage\":\"es\"},{\"@type\":\"Organization\",\"@id\":\"https:\\\/\\\/diariofemenino.com.ar\\\/df\\\/#organization\",\"name\":\"Diario Femenino\",\"url\":\"https:\\\/\\\/diariofemenino.com.ar\\\/df\\\/\",\"logo\":{\"@type\":\"ImageObject\",\"inLanguage\":\"es\",\"@id\":\"https:\\\/\\\/diariofemenino.com.ar\\\/df\\\/#\\\/schema\\\/logo\\\/image\\\/\",\"url\":\"https:\\\/\\\/diariofemenino.com.ar\\\/df\\\/wp-content\\\/uploads\\\/2018\\\/10\\\/logo.png\",\"contentUrl\":\"https:\\\/\\\/diariofemenino.com.ar\\\/df\\\/wp-content\\\/uploads\\\/2018\\\/10\\\/logo.png\",\"width\":500,\"height\":92,\"caption\":\"Diario Femenino\"},\"image\":{\"@id\":\"https:\\\/\\\/diariofemenino.com.ar\\\/df\\\/#\\\/schema\\\/logo\\\/image\\\/\"},\"sameAs\":[\"https:\\\/\\\/www.facebook.com\\\/DiarioDigitaFemenino\\\/\",\"https:\\\/\\\/x.com\\\/DiarioFemenino1\"]},{\"@type\":\"Person\",\"@id\":\"https:\\\/\\\/diariofemenino.com.ar\\\/df\\\/#\\\/schema\\\/person\\\/bf6199e8158c657ea6f789b11ec85509\",\"name\":\"Admin\",\"image\":{\"@type\":\"ImageObject\",\"inLanguage\":\"es\",\"@id\":\"https:\\\/\\\/diariofemenino.com.ar\\\/df\\\/wp-content\\\/uploads\\\/2018\\\/12\\\/favicon-150x150.jpg\",\"url\":\"https:\\\/\\\/diariofemenino.com.ar\\\/df\\\/wp-content\\\/uploads\\\/2018\\\/12\\\/favicon-150x150.jpg\",\"contentUrl\":\"https:\\\/\\\/diariofemenino.com.ar\\\/df\\\/wp-content\\\/uploads\\\/2018\\\/12\\\/favicon-150x150.jpg\",\"caption\":\"Admin\"},\"url\":\"https:\\\/\\\/diariofemenino.com.ar\\\/df\\\/author\\\/lenny\\\/\"}]}<\/script>\n<!-- \/ Yoast SEO plugin. -->","yoast_head_json":{"title":"10 a\u00f1os de Acompa\u00f1e. No castigue - Diario Digital Femenino","description":"10 a\u00f1os de Acompa\u00f1e","robots":{"index":"index","follow":"follow","max-snippet":"max-snippet:-1","max-image-preview":"max-image-preview:large","max-video-preview":"max-video-preview:-1"},"canonical":"https:\/\/diariofemenino.com.ar\/df\/10-anos-de-acompane-no-castigue\/","og_locale":"es_ES","og_type":"article","og_title":"10 a\u00f1os de Acompa\u00f1e. No castigue - Diario Digital Femenino","og_description":"10 a\u00f1os de Acompa\u00f1e","og_url":"https:\/\/diariofemenino.com.ar\/df\/10-anos-de-acompane-no-castigue\/","og_site_name":"Diario Digital Femenino","article_publisher":"https:\/\/www.facebook.com\/DiarioDigitaFemenino\/","article_published_time":"2023-06-20T10:45:09+00:00","article_modified_time":"2023-06-24T16:30:35+00:00","og_image":[{"width":873,"height":534,"url":"https:\/\/diariofemenino.com.ar\/df\/wp-content\/uploads\/2023\/06\/consumos-problemticos-grafitti-mural_20210622191258.jpg","type":"image\/jpeg"}],"author":"Admin","twitter_card":"summary_large_image","twitter_creator":"@DiarioFemenino1","twitter_site":"@DiarioFemenino1","twitter_misc":{"Escrito por":"Admin","Tiempo de lectura":"7 minutos"},"schema":{"@context":"https:\/\/schema.org","@graph":[{"@type":"Article","@id":"https:\/\/diariofemenino.com.ar\/df\/10-anos-de-acompane-no-castigue\/#article","isPartOf":{"@id":"https:\/\/diariofemenino.com.ar\/df\/10-anos-de-acompane-no-castigue\/"},"author":{"name":"Admin","@id":"https:\/\/diariofemenino.com.ar\/df\/#\/schema\/person\/bf6199e8158c657ea6f789b11ec85509"},"headline":"10 a\u00f1os de Acompa\u00f1e. No castigue","datePublished":"2023-06-20T10:45:09+00:00","dateModified":"2023-06-24T16:30:35+00:00","mainEntityOfPage":{"@id":"https:\/\/diariofemenino.com.ar\/df\/10-anos-de-acompane-no-castigue\/"},"wordCount":1461,"commentCount":0,"publisher":{"@id":"https:\/\/diariofemenino.com.ar\/df\/#organization"},"image":{"@id":"https:\/\/diariofemenino.com.ar\/df\/10-anos-de-acompane-no-castigue\/#primaryimage"},"thumbnailUrl":"https:\/\/diariofemenino.com.ar\/df\/wp-content\/uploads\/2023\/06\/consumos-problemticos-grafitti-mural_20210622191258.jpg","keywords":["Abordaje","Abuso","Acompa\u00f1e. No castigue","Adicciones","Aulas","consumo problem\u00e1tico","De ESI s\u00ed se habla","Destacada","Drogas","exceso","Mar\u00eda In\u00e9s Alvarado","Prevenci\u00f3n"],"articleSection":["Agenda Feminista","Art\u00edculos y Comunicados","Azul Profundo","De ESI S\u00ed Se Habla","Gu\u00edas","Salud","Violencias"],"inLanguage":"es","potentialAction":[{"@type":"CommentAction","name":"Comment","target":["https:\/\/diariofemenino.com.ar\/df\/10-anos-de-acompane-no-castigue\/#respond"]}]},{"@type":"WebPage","@id":"https:\/\/diariofemenino.com.ar\/df\/10-anos-de-acompane-no-castigue\/","url":"https:\/\/diariofemenino.com.ar\/df\/10-anos-de-acompane-no-castigue\/","name":"10 a\u00f1os de Acompa\u00f1e. No castigue - Diario Digital Femenino","isPartOf":{"@id":"https:\/\/diariofemenino.com.ar\/df\/#website"},"primaryImageOfPage":{"@id":"https:\/\/diariofemenino.com.ar\/df\/10-anos-de-acompane-no-castigue\/#primaryimage"},"image":{"@id":"https:\/\/diariofemenino.com.ar\/df\/10-anos-de-acompane-no-castigue\/#primaryimage"},"thumbnailUrl":"https:\/\/diariofemenino.com.ar\/df\/wp-content\/uploads\/2023\/06\/consumos-problemticos-grafitti-mural_20210622191258.jpg","datePublished":"2023-06-20T10:45:09+00:00","dateModified":"2023-06-24T16:30:35+00:00","description":"10 a\u00f1os de Acompa\u00f1e","breadcrumb":{"@id":"https:\/\/diariofemenino.com.ar\/df\/10-anos-de-acompane-no-castigue\/#breadcrumb"},"inLanguage":"es","potentialAction":[{"@type":"ReadAction","target":["https:\/\/diariofemenino.com.ar\/df\/10-anos-de-acompane-no-castigue\/"]}]},{"@type":"ImageObject","inLanguage":"es","@id":"https:\/\/diariofemenino.com.ar\/df\/10-anos-de-acompane-no-castigue\/#primaryimage","url":"https:\/\/diariofemenino.com.ar\/df\/wp-content\/uploads\/2023\/06\/consumos-problemticos-grafitti-mural_20210622191258.jpg","contentUrl":"https:\/\/diariofemenino.com.ar\/df\/wp-content\/uploads\/2023\/06\/consumos-problemticos-grafitti-mural_20210622191258.jpg","width":873,"height":534,"caption":"10 a\u00f1os de Acompa\u00f1e. No castigue"},{"@type":"BreadcrumbList","@id":"https:\/\/diariofemenino.com.ar\/df\/10-anos-de-acompane-no-castigue\/#breadcrumb","itemListElement":[{"@type":"ListItem","position":1,"name":"Portada","item":"https:\/\/diariofemenino.com.ar\/df\/"},{"@type":"ListItem","position":2,"name":"10 a\u00f1os de Acompa\u00f1e. No castigue"}]},{"@type":"WebSite","@id":"https:\/\/diariofemenino.com.ar\/df\/#website","url":"https:\/\/diariofemenino.com.ar\/df\/","name":"Diario Digital Femenino","description":"Cuesti\u00f3n de G\u00e9nero","publisher":{"@id":"https:\/\/diariofemenino.com.ar\/df\/#organization"},"potentialAction":[{"@type":"SearchAction","target":{"@type":"EntryPoint","urlTemplate":"https:\/\/diariofemenino.com.ar\/df\/?s={search_term_string}"},"query-input":{"@type":"PropertyValueSpecification","valueRequired":true,"valueName":"search_term_string"}}],"inLanguage":"es"},{"@type":"Organization","@id":"https:\/\/diariofemenino.com.ar\/df\/#organization","name":"Diario Femenino","url":"https:\/\/diariofemenino.com.ar\/df\/","logo":{"@type":"ImageObject","inLanguage":"es","@id":"https:\/\/diariofemenino.com.ar\/df\/#\/schema\/logo\/image\/","url":"https:\/\/diariofemenino.com.ar\/df\/wp-content\/uploads\/2018\/10\/logo.png","contentUrl":"https:\/\/diariofemenino.com.ar\/df\/wp-content\/uploads\/2018\/10\/logo.png","width":500,"height":92,"caption":"Diario Femenino"},"image":{"@id":"https:\/\/diariofemenino.com.ar\/df\/#\/schema\/logo\/image\/"},"sameAs":["https:\/\/www.facebook.com\/DiarioDigitaFemenino\/","https:\/\/x.com\/DiarioFemenino1"]},{"@type":"Person","@id":"https:\/\/diariofemenino.com.ar\/df\/#\/schema\/person\/bf6199e8158c657ea6f789b11ec85509","name":"Admin","image":{"@type":"ImageObject","inLanguage":"es","@id":"https:\/\/diariofemenino.com.ar\/df\/wp-content\/uploads\/2018\/12\/favicon-150x150.jpg","url":"https:\/\/diariofemenino.com.ar\/df\/wp-content\/uploads\/2018\/12\/favicon-150x150.jpg","contentUrl":"https:\/\/diariofemenino.com.ar\/df\/wp-content\/uploads\/2018\/12\/favicon-150x150.jpg","caption":"Admin"},"url":"https:\/\/diariofemenino.com.ar\/df\/author\/lenny\/"}]}},"jetpack_featured_media_url":"https:\/\/diariofemenino.com.ar\/df\/wp-content\/uploads\/2023\/06\/consumos-problemticos-grafitti-mural_20210622191258.jpg","jetpack_sharing_enabled":true,"rttpg_featured_image_url":{"full":["https:\/\/diariofemenino.com.ar\/df\/wp-content\/uploads\/2023\/06\/consumos-problemticos-grafitti-mural_20210622191258.jpg",873,534,false],"landscape":["https:\/\/diariofemenino.com.ar\/df\/wp-content\/uploads\/2023\/06\/consumos-problemticos-grafitti-mural_20210622191258.jpg",873,534,false],"portraits":["https:\/\/diariofemenino.com.ar\/df\/wp-content\/uploads\/2023\/06\/consumos-problemticos-grafitti-mural_20210622191258.jpg",873,534,false],"thumbnail":["https:\/\/diariofemenino.com.ar\/df\/wp-content\/uploads\/2023\/06\/consumos-problemticos-grafitti-mural_20210622191258-150x150.jpg",150,150,true],"medium":["https:\/\/diariofemenino.com.ar\/df\/wp-content\/uploads\/2023\/06\/consumos-problemticos-grafitti-mural_20210622191258-300x184.jpg",300,184,true],"large":["https:\/\/diariofemenino.com.ar\/df\/wp-content\/uploads\/2023\/06\/consumos-problemticos-grafitti-mural_20210622191258.jpg",873,534,false],"1536x1536":["https:\/\/diariofemenino.com.ar\/df\/wp-content\/uploads\/2023\/06\/consumos-problemticos-grafitti-mural_20210622191258.jpg",873,534,false],"2048x2048":["https:\/\/diariofemenino.com.ar\/df\/wp-content\/uploads\/2023\/06\/consumos-problemticos-grafitti-mural_20210622191258.jpg",873,534,false]},"rttpg_author":{"display_name":"Admin","author_link":"https:\/\/diariofemenino.com.ar\/df\/author\/lenny\/"},"rttpg_comment":0,"rttpg_category":"<a href=\"https:\/\/diariofemenino.com.ar\/df\/category\/agenda-feminista\/\" rel=\"category tag\">Agenda Feminista<\/a> <a href=\"https:\/\/diariofemenino.com.ar\/df\/category\/articulos-y-comunicados\/\" rel=\"category tag\">Art\u00edculos y Comunicados<\/a> <a href=\"https:\/\/diariofemenino.com.ar\/df\/category\/azul-profundo\/\" rel=\"category tag\">Azul Profundo<\/a> <a href=\"https:\/\/diariofemenino.com.ar\/df\/category\/de-esi-si-se-habla\/\" rel=\"category tag\">De ESI S\u00ed Se Habla<\/a> <a href=\"https:\/\/diariofemenino.com.ar\/df\/category\/guias\/\" rel=\"category tag\">Gu\u00edas<\/a> <a href=\"https:\/\/diariofemenino.com.ar\/df\/category\/salud\/\" rel=\"category tag\">Salud<\/a> <a href=\"https:\/\/diariofemenino.com.ar\/df\/category\/violencias\/\" rel=\"category tag\">Violencias<\/a>","rttpg_excerpt":"El 26 de junio es el \u201cD\u00eda Internacional de las Naciones Unidas Contra el Abuso y el Tr\u00e1fico Il\u00edcito de Drogas\u201d, en el cual muchos gobiernos celebran sus contribuciones a la \u201cguerra contra las drogas\u201d. En esta fecha, y desde hace una d\u00e9cada, se celebra el D\u00eda de acci\u00f3n global \u201cAcompa\u00f1e. No castigue\u201d (Support. Don\u2019t&hellip;","_links":{"self":[{"href":"https:\/\/diariofemenino.com.ar\/df\/wp-json\/wp\/v2\/posts\/69663","targetHints":{"allow":["GET"]}}],"collection":[{"href":"https:\/\/diariofemenino.com.ar\/df\/wp-json\/wp\/v2\/posts"}],"about":[{"href":"https:\/\/diariofemenino.com.ar\/df\/wp-json\/wp\/v2\/types\/post"}],"author":[{"embeddable":true,"href":"https:\/\/diariofemenino.com.ar\/df\/wp-json\/wp\/v2\/users\/4"}],"replies":[{"embeddable":true,"href":"https:\/\/diariofemenino.com.ar\/df\/wp-json\/wp\/v2\/comments?post=69663"}],"version-history":[{"count":0,"href":"https:\/\/diariofemenino.com.ar\/df\/wp-json\/wp\/v2\/posts\/69663\/revisions"}],"wp:featuredmedia":[{"embeddable":true,"href":"https:\/\/diariofemenino.com.ar\/df\/wp-json\/wp\/v2\/media\/69672"}],"wp:attachment":[{"href":"https:\/\/diariofemenino.com.ar\/df\/wp-json\/wp\/v2\/media?parent=69663"}],"wp:term":[{"taxonomy":"category","embeddable":true,"href":"https:\/\/diariofemenino.com.ar\/df\/wp-json\/wp\/v2\/categories?post=69663"},{"taxonomy":"post_tag","embeddable":true,"href":"https:\/\/diariofemenino.com.ar\/df\/wp-json\/wp\/v2\/tags?post=69663"}],"curies":[{"name":"wp","href":"https:\/\/api.w.org\/{rel}","templated":true}]}}