{"id":69628,"date":"2023-06-16T10:51:47","date_gmt":"2023-06-16T13:51:47","guid":{"rendered":"https:\/\/diariofemenino.com.ar\/df\/?p=69628"},"modified":"2023-06-16T11:01:18","modified_gmt":"2023-06-16T14:01:18","slug":"la-agrupacion-feminista-peronista-puso-primera-en-chubut","status":"publish","type":"post","link":"https:\/\/diariofemenino.com.ar\/df\/la-agrupacion-feminista-peronista-puso-primera-en-chubut\/","title":{"rendered":"La Agrupaci\u00f3n Feminista Peronista puso primera en Chubut"},"content":{"rendered":"<p>Con el objetivo de \u201cmilitar el peronismo con perspectiva de g\u00e9nero\u201d qued\u00f3 conformado este nuevo espacio que tiene como fundadoras a varias militantes hist\u00f3ricas del partido.<\/p>\n<p>Se lanz\u00f3 la Agrupaci\u00f3n Feminista Peronista conformada por militantes hist\u00f3ricas del partido de diversas localidades de la provincia de Chubut. Tiene como objetivo principal \u201cmilitar el peronismo con perspectiva de g\u00e9nero\u201d y establece que es necesario seguir trabajando por la igualdad y combatir \u201cla misoginia en las estructuras institucionales y partidarias\u201d.<\/p>\n<p>En el documento fundacional qued\u00f3 establecido que \u201cpara seguir ampliando derechos debemos profundizar en el ejercicio democr\u00e1tico de un intercambio que reconozca, desde la sinceridad, nuestras diferencias para celebrar y fortalecer nuestros acuerdos\u201d.<\/p>\n<blockquote><p>\u00abmilitar el peronismo con <a href=\"https:\/\/diariofemenino.com.ar\/df\/category\/agenda-feminista\/\">perspectiva de g\u00e9nero<\/a>\u00ab<\/p><\/blockquote>\n<p>En este sentido agregan: \u201cLa militancia peronista feminista va m\u00e1s all\u00e1 de un reclamo concreto, es un modo de transitar la pol\u00edtica, la vida que cuestiona las violencias naturalizadas, la misoginia en las estructuras institucionales y partidarias.<\/p>\n<p>Comprendemos como nuestro deber militante el trabajar para <a href=\"https:\/\/diariofemenino.com.ar\/df\/category\/actividades\/\">democratizar<\/a> el ejercicio partidario a trav\u00e9s del debate de las ideas y en la construcci\u00f3n de v\u00ednculos representativos de las demandas y deseos de nuestro pueblo\u201d.<\/p>\n<blockquote><p>\u00abMientras m\u00e1s mujeres est\u00e9n militando, m\u00e1s fuerte ser\u00e1 el campo popular\u00bb<br \/>\nDiana Coblier<\/p><\/blockquote>\n<p>Por \u00faltimo, indicaron: \u201cQueremos mujeres id\u00f3neas, con perspectiva de g\u00e9nero, representativas de las luchas cotidianas y que no dependan de la decisi\u00f3n de ning\u00fan supuesto \u00abl\u00edder\u00bb y\/o \u201cdirigente\u201d machista que obliga a cambiar las banderas del peronismo o dejar de lado nuestras luchas feministas\u201d.<\/p>\n<p>Firman como referentes Andrea Buzzo, Diana Coblier, Gabriela Dufour, Estela Hern\u00e1ndez, Renata Hiller, Jacqueline Nasif, Rosario Nervi, Debora Noseda.<\/p>\n<figure id=\"attachment_69630\" aria-describedby=\"caption-attachment-69630\" style=\"width: 567px\" class=\"wp-caption aligncenter\"><img loading=\"lazy\" decoding=\"async\" class=\" wp-image-69630\" src=\"https:\/\/diariofemenino.com.ar\/df\/wp-content\/uploads\/2023\/06\/Partido-feminista.jpg\" alt=\"La Agrupaci\u00f3n Feminista Peronista puso primera en Chubut\" width=\"567\" height=\"359\" srcset=\"https:\/\/diariofemenino.com.ar\/df\/wp-content\/uploads\/2023\/06\/Partido-feminista.jpg 937w, https:\/\/diariofemenino.com.ar\/df\/wp-content\/uploads\/2023\/06\/Partido-feminista-300x190.jpg 300w, https:\/\/diariofemenino.com.ar\/df\/wp-content\/uploads\/2023\/06\/Partido-feminista-768x486.jpg 768w\" sizes=\"auto, (max-width: 567px) 100vw, 567px\" \/><figcaption id=\"caption-attachment-69630\" class=\"wp-caption-text\">La Agrupaci\u00f3n Feminista Peronista puso primera en Chubut<\/figcaption><\/figure>\n<p>Fuente para Diario Digital Femenino: <strong><a href=\"https:\/\/instagram.com\/coblier\">Diana Coblier<\/a><br \/>\n<\/strong>Original: <a href=\"https:\/\/www.lateclapatagonia.com.ar\/76473-la-agrupacin-feminista-peronista-puso-primera-en-chubut\">La tecla patagonia<\/a><\/p>\n","protected":false},"excerpt":{"rendered":"<p>Con el objetivo de \u201cmilitar el peronismo con perspectiva de g\u00e9nero\u201d qued\u00f3 conformado este nuevo espacio que tiene como fundadoras a varias militantes hist\u00f3ricas del partido. Se lanz\u00f3 la Agrupaci\u00f3n Feminista Peronista conformada por militantes hist\u00f3ricas del partido de diversas localidades de la provincia de Chubut. Tiene como objetivo principal \u201cmilitar el peronismo con perspectiva [&hellip;]<\/p>\n","protected":false},"author":4,"featured_media":69630,"comment_status":"open","ping_status":"open","sticky":false,"template":"","format":"standard","meta":{"iawp_total_views":19,"footnotes":""},"categories":[7,1067,3,627,32,6,21],"tags":[6069,3619,5320,1471,130,2807,188,2653],"class_list":["post-69628","post","type-post","status-publish","format-standard","has-post-thumbnail","hentry","category-actividades","category-agenda-feminista","category-de-la-revolucion-al-reaprendizaje","category-genero-y-derechos-humanos","category-mujeres","category-articulos","category-noticias","tag-agrupacion-feminista-peronista","tag-chubut","tag-justicia-social","tag-militancia","tag-mujeres","tag-peronismo","tag-perspectiva-de-genero","tag-territorio"],"nelio_content":{"autoShareEndMode":"never","automationSources":{"useCustomSentences":false,"customSentences":[]},"efiAlt":"","efiUrl":"","followers":[4],"highlights":[],"isAutoShareEnabled":true,"networkImageIds":[],"permalinkQueryArgs":[],"series":[],"suggestedReferences":[]},"yoast_head":"<!-- This site is optimized with the Yoast SEO plugin v27.5 - https:\/\/yoast.com\/product\/yoast-seo-wordpress\/ -->\n<title>La Agrupaci\u00f3n Feminista Peronista puso primera en Chubut - Diario Digital Femenino<\/title>\n<meta name=\"description\" content=\"La Agrupaci\u00f3n Feminista Peronista. Lanzaron este nuevo espacio tiene como fundadoras a varias militantes hist\u00f3ricas del partido.\" \/>\n<meta name=\"robots\" content=\"index, follow, max-snippet:-1, max-image-preview:large, max-video-preview:-1\" \/>\n<link rel=\"canonical\" href=\"https:\/\/diariofemenino.com.ar\/df\/la-agrupacion-feminista-peronista-puso-primera-en-chubut\/\" \/>\n<meta property=\"og:locale\" content=\"es_ES\" \/>\n<meta property=\"og:type\" content=\"article\" \/>\n<meta property=\"og:title\" content=\"La Agrupaci\u00f3n Feminista Peronista puso primera en Chubut - Diario Digital Femenino\" \/>\n<meta property=\"og:description\" content=\"La Agrupaci\u00f3n Feminista Peronista. Lanzaron este nuevo espacio tiene como fundadoras a varias militantes hist\u00f3ricas del partido.\" \/>\n<meta property=\"og:url\" content=\"https:\/\/diariofemenino.com.ar\/df\/la-agrupacion-feminista-peronista-puso-primera-en-chubut\/\" \/>\n<meta property=\"og:site_name\" content=\"Diario Digital Femenino\" \/>\n<meta property=\"article:publisher\" content=\"https:\/\/www.facebook.com\/DiarioDigitaFemenino\/\" \/>\n<meta property=\"article:published_time\" content=\"2023-06-16T13:51:47+00:00\" \/>\n<meta property=\"article:modified_time\" content=\"2023-06-16T14:01:18+00:00\" \/>\n<meta property=\"og:image\" content=\"https:\/\/diariofemenino.com.ar\/df\/wp-content\/uploads\/2023\/06\/Partido-feminista.jpg\" \/>\n\t<meta property=\"og:image:width\" content=\"937\" \/>\n\t<meta property=\"og:image:height\" content=\"593\" \/>\n\t<meta property=\"og:image:type\" content=\"image\/jpeg\" \/>\n<meta name=\"author\" content=\"Admin\" \/>\n<meta name=\"twitter:card\" content=\"summary_large_image\" \/>\n<meta name=\"twitter:creator\" content=\"@DiarioFemenino1\" \/>\n<meta name=\"twitter:site\" content=\"@DiarioFemenino1\" \/>\n<meta name=\"twitter:label1\" content=\"Escrito por\" \/>\n\t<meta name=\"twitter:data1\" content=\"Admin\" \/>\n\t<meta name=\"twitter:label2\" content=\"Tiempo de lectura\" \/>\n\t<meta name=\"twitter:data2\" content=\"2 minutos\" \/>\n<script type=\"application\/ld+json\" class=\"yoast-schema-graph\">{\"@context\":\"https:\\\/\\\/schema.org\",\"@graph\":[{\"@type\":\"Article\",\"@id\":\"https:\\\/\\\/diariofemenino.com.ar\\\/df\\\/la-agrupacion-feminista-peronista-puso-primera-en-chubut\\\/#article\",\"isPartOf\":{\"@id\":\"https:\\\/\\\/diariofemenino.com.ar\\\/df\\\/la-agrupacion-feminista-peronista-puso-primera-en-chubut\\\/\"},\"author\":{\"name\":\"Admin\",\"@id\":\"https:\\\/\\\/diariofemenino.com.ar\\\/df\\\/#\\\/schema\\\/person\\\/bf6199e8158c657ea6f789b11ec85509\"},\"headline\":\"La Agrupaci\u00f3n Feminista Peronista puso primera en Chubut\",\"datePublished\":\"2023-06-16T13:51:47+00:00\",\"dateModified\":\"2023-06-16T14:01:18+00:00\",\"mainEntityOfPage\":{\"@id\":\"https:\\\/\\\/diariofemenino.com.ar\\\/df\\\/la-agrupacion-feminista-peronista-puso-primera-en-chubut\\\/\"},\"wordCount\":322,\"commentCount\":0,\"publisher\":{\"@id\":\"https:\\\/\\\/diariofemenino.com.ar\\\/df\\\/#organization\"},\"image\":{\"@id\":\"https:\\\/\\\/diariofemenino.com.ar\\\/df\\\/la-agrupacion-feminista-peronista-puso-primera-en-chubut\\\/#primaryimage\"},\"thumbnailUrl\":\"https:\\\/\\\/diariofemenino.com.ar\\\/df\\\/wp-content\\\/uploads\\\/2023\\\/06\\\/Partido-feminista.jpg\",\"keywords\":[\"Agrupaci\u00f3n feminista peronista\",\"Chubut\",\"Justicia social\",\"militancia\",\"Mujeres\",\"peronismo\",\"Perspectiva de g\u00e9nero\",\"Territorio\"],\"articleSection\":[\"Actividades\",\"Agenda Feminista\",\"De la Revoluci\u00f3n al Reaprendizaje\",\"G\u00e9nero y Derechos Humanos\",\"Mujeres\",\"Mujeres en Palabras\",\"Noticias\"],\"inLanguage\":\"es\",\"potentialAction\":[{\"@type\":\"CommentAction\",\"name\":\"Comment\",\"target\":[\"https:\\\/\\\/diariofemenino.com.ar\\\/df\\\/la-agrupacion-feminista-peronista-puso-primera-en-chubut\\\/#respond\"]}]},{\"@type\":\"WebPage\",\"@id\":\"https:\\\/\\\/diariofemenino.com.ar\\\/df\\\/la-agrupacion-feminista-peronista-puso-primera-en-chubut\\\/\",\"url\":\"https:\\\/\\\/diariofemenino.com.ar\\\/df\\\/la-agrupacion-feminista-peronista-puso-primera-en-chubut\\\/\",\"name\":\"La Agrupaci\u00f3n Feminista Peronista puso primera en Chubut - Diario Digital Femenino\",\"isPartOf\":{\"@id\":\"https:\\\/\\\/diariofemenino.com.ar\\\/df\\\/#website\"},\"primaryImageOfPage\":{\"@id\":\"https:\\\/\\\/diariofemenino.com.ar\\\/df\\\/la-agrupacion-feminista-peronista-puso-primera-en-chubut\\\/#primaryimage\"},\"image\":{\"@id\":\"https:\\\/\\\/diariofemenino.com.ar\\\/df\\\/la-agrupacion-feminista-peronista-puso-primera-en-chubut\\\/#primaryimage\"},\"thumbnailUrl\":\"https:\\\/\\\/diariofemenino.com.ar\\\/df\\\/wp-content\\\/uploads\\\/2023\\\/06\\\/Partido-feminista.jpg\",\"datePublished\":\"2023-06-16T13:51:47+00:00\",\"dateModified\":\"2023-06-16T14:01:18+00:00\",\"description\":\"La Agrupaci\u00f3n Feminista Peronista. Lanzaron este nuevo espacio tiene como fundadoras a varias militantes hist\u00f3ricas del partido.\",\"breadcrumb\":{\"@id\":\"https:\\\/\\\/diariofemenino.com.ar\\\/df\\\/la-agrupacion-feminista-peronista-puso-primera-en-chubut\\\/#breadcrumb\"},\"inLanguage\":\"es\",\"potentialAction\":[{\"@type\":\"ReadAction\",\"target\":[\"https:\\\/\\\/diariofemenino.com.ar\\\/df\\\/la-agrupacion-feminista-peronista-puso-primera-en-chubut\\\/\"]}]},{\"@type\":\"ImageObject\",\"inLanguage\":\"es\",\"@id\":\"https:\\\/\\\/diariofemenino.com.ar\\\/df\\\/la-agrupacion-feminista-peronista-puso-primera-en-chubut\\\/#primaryimage\",\"url\":\"https:\\\/\\\/diariofemenino.com.ar\\\/df\\\/wp-content\\\/uploads\\\/2023\\\/06\\\/Partido-feminista.jpg\",\"contentUrl\":\"https:\\\/\\\/diariofemenino.com.ar\\\/df\\\/wp-content\\\/uploads\\\/2023\\\/06\\\/Partido-feminista.jpg\",\"width\":937,\"height\":593,\"caption\":\"La Agrupaci\u00f3n Feminista Peronista puso primera en Chubut\"},{\"@type\":\"BreadcrumbList\",\"@id\":\"https:\\\/\\\/diariofemenino.com.ar\\\/df\\\/la-agrupacion-feminista-peronista-puso-primera-en-chubut\\\/#breadcrumb\",\"itemListElement\":[{\"@type\":\"ListItem\",\"position\":1,\"name\":\"Portada\",\"item\":\"https:\\\/\\\/diariofemenino.com.ar\\\/df\\\/\"},{\"@type\":\"ListItem\",\"position\":2,\"name\":\"La Agrupaci\u00f3n Feminista Peronista puso primera en Chubut\"}]},{\"@type\":\"WebSite\",\"@id\":\"https:\\\/\\\/diariofemenino.com.ar\\\/df\\\/#website\",\"url\":\"https:\\\/\\\/diariofemenino.com.ar\\\/df\\\/\",\"name\":\"Diario Digital Femenino\",\"description\":\"Cuesti\u00f3n de G\u00e9nero\",\"publisher\":{\"@id\":\"https:\\\/\\\/diariofemenino.com.ar\\\/df\\\/#organization\"},\"potentialAction\":[{\"@type\":\"SearchAction\",\"target\":{\"@type\":\"EntryPoint\",\"urlTemplate\":\"https:\\\/\\\/diariofemenino.com.ar\\\/df\\\/?s={search_term_string}\"},\"query-input\":{\"@type\":\"PropertyValueSpecification\",\"valueRequired\":true,\"valueName\":\"search_term_string\"}}],\"inLanguage\":\"es\"},{\"@type\":\"Organization\",\"@id\":\"https:\\\/\\\/diariofemenino.com.ar\\\/df\\\/#organization\",\"name\":\"Diario Femenino\",\"url\":\"https:\\\/\\\/diariofemenino.com.ar\\\/df\\\/\",\"logo\":{\"@type\":\"ImageObject\",\"inLanguage\":\"es\",\"@id\":\"https:\\\/\\\/diariofemenino.com.ar\\\/df\\\/#\\\/schema\\\/logo\\\/image\\\/\",\"url\":\"https:\\\/\\\/diariofemenino.com.ar\\\/df\\\/wp-content\\\/uploads\\\/2018\\\/10\\\/logo.png\",\"contentUrl\":\"https:\\\/\\\/diariofemenino.com.ar\\\/df\\\/wp-content\\\/uploads\\\/2018\\\/10\\\/logo.png\",\"width\":500,\"height\":92,\"caption\":\"Diario Femenino\"},\"image\":{\"@id\":\"https:\\\/\\\/diariofemenino.com.ar\\\/df\\\/#\\\/schema\\\/logo\\\/image\\\/\"},\"sameAs\":[\"https:\\\/\\\/www.facebook.com\\\/DiarioDigitaFemenino\\\/\",\"https:\\\/\\\/x.com\\\/DiarioFemenino1\"]},{\"@type\":\"Person\",\"@id\":\"https:\\\/\\\/diariofemenino.com.ar\\\/df\\\/#\\\/schema\\\/person\\\/bf6199e8158c657ea6f789b11ec85509\",\"name\":\"Admin\",\"image\":{\"@type\":\"ImageObject\",\"inLanguage\":\"es\",\"@id\":\"https:\\\/\\\/diariofemenino.com.ar\\\/df\\\/wp-content\\\/uploads\\\/2018\\\/12\\\/favicon-150x150.jpg\",\"url\":\"https:\\\/\\\/diariofemenino.com.ar\\\/df\\\/wp-content\\\/uploads\\\/2018\\\/12\\\/favicon-150x150.jpg\",\"contentUrl\":\"https:\\\/\\\/diariofemenino.com.ar\\\/df\\\/wp-content\\\/uploads\\\/2018\\\/12\\\/favicon-150x150.jpg\",\"caption\":\"Admin\"},\"url\":\"https:\\\/\\\/diariofemenino.com.ar\\\/df\\\/author\\\/lenny\\\/\"}]}<\/script>\n<!-- \/ Yoast SEO plugin. -->","yoast_head_json":{"title":"La Agrupaci\u00f3n Feminista Peronista puso primera en Chubut - Diario Digital Femenino","description":"La Agrupaci\u00f3n Feminista Peronista. Lanzaron este nuevo espacio tiene como fundadoras a varias militantes hist\u00f3ricas del partido.","robots":{"index":"index","follow":"follow","max-snippet":"max-snippet:-1","max-image-preview":"max-image-preview:large","max-video-preview":"max-video-preview:-1"},"canonical":"https:\/\/diariofemenino.com.ar\/df\/la-agrupacion-feminista-peronista-puso-primera-en-chubut\/","og_locale":"es_ES","og_type":"article","og_title":"La Agrupaci\u00f3n Feminista Peronista puso primera en Chubut - Diario Digital Femenino","og_description":"La Agrupaci\u00f3n Feminista Peronista. Lanzaron este nuevo espacio tiene como fundadoras a varias militantes hist\u00f3ricas del partido.","og_url":"https:\/\/diariofemenino.com.ar\/df\/la-agrupacion-feminista-peronista-puso-primera-en-chubut\/","og_site_name":"Diario Digital Femenino","article_publisher":"https:\/\/www.facebook.com\/DiarioDigitaFemenino\/","article_published_time":"2023-06-16T13:51:47+00:00","article_modified_time":"2023-06-16T14:01:18+00:00","og_image":[{"width":937,"height":593,"url":"https:\/\/diariofemenino.com.ar\/df\/wp-content\/uploads\/2023\/06\/Partido-feminista.jpg","type":"image\/jpeg"}],"author":"Admin","twitter_card":"summary_large_image","twitter_creator":"@DiarioFemenino1","twitter_site":"@DiarioFemenino1","twitter_misc":{"Escrito por":"Admin","Tiempo de lectura":"2 minutos"},"schema":{"@context":"https:\/\/schema.org","@graph":[{"@type":"Article","@id":"https:\/\/diariofemenino.com.ar\/df\/la-agrupacion-feminista-peronista-puso-primera-en-chubut\/#article","isPartOf":{"@id":"https:\/\/diariofemenino.com.ar\/df\/la-agrupacion-feminista-peronista-puso-primera-en-chubut\/"},"author":{"name":"Admin","@id":"https:\/\/diariofemenino.com.ar\/df\/#\/schema\/person\/bf6199e8158c657ea6f789b11ec85509"},"headline":"La Agrupaci\u00f3n Feminista Peronista puso primera en Chubut","datePublished":"2023-06-16T13:51:47+00:00","dateModified":"2023-06-16T14:01:18+00:00","mainEntityOfPage":{"@id":"https:\/\/diariofemenino.com.ar\/df\/la-agrupacion-feminista-peronista-puso-primera-en-chubut\/"},"wordCount":322,"commentCount":0,"publisher":{"@id":"https:\/\/diariofemenino.com.ar\/df\/#organization"},"image":{"@id":"https:\/\/diariofemenino.com.ar\/df\/la-agrupacion-feminista-peronista-puso-primera-en-chubut\/#primaryimage"},"thumbnailUrl":"https:\/\/diariofemenino.com.ar\/df\/wp-content\/uploads\/2023\/06\/Partido-feminista.jpg","keywords":["Agrupaci\u00f3n feminista peronista","Chubut","Justicia social","militancia","Mujeres","peronismo","Perspectiva de g\u00e9nero","Territorio"],"articleSection":["Actividades","Agenda Feminista","De la Revoluci\u00f3n al Reaprendizaje","G\u00e9nero y Derechos Humanos","Mujeres","Mujeres en Palabras","Noticias"],"inLanguage":"es","potentialAction":[{"@type":"CommentAction","name":"Comment","target":["https:\/\/diariofemenino.com.ar\/df\/la-agrupacion-feminista-peronista-puso-primera-en-chubut\/#respond"]}]},{"@type":"WebPage","@id":"https:\/\/diariofemenino.com.ar\/df\/la-agrupacion-feminista-peronista-puso-primera-en-chubut\/","url":"https:\/\/diariofemenino.com.ar\/df\/la-agrupacion-feminista-peronista-puso-primera-en-chubut\/","name":"La Agrupaci\u00f3n Feminista Peronista puso primera en Chubut - Diario Digital Femenino","isPartOf":{"@id":"https:\/\/diariofemenino.com.ar\/df\/#website"},"primaryImageOfPage":{"@id":"https:\/\/diariofemenino.com.ar\/df\/la-agrupacion-feminista-peronista-puso-primera-en-chubut\/#primaryimage"},"image":{"@id":"https:\/\/diariofemenino.com.ar\/df\/la-agrupacion-feminista-peronista-puso-primera-en-chubut\/#primaryimage"},"thumbnailUrl":"https:\/\/diariofemenino.com.ar\/df\/wp-content\/uploads\/2023\/06\/Partido-feminista.jpg","datePublished":"2023-06-16T13:51:47+00:00","dateModified":"2023-06-16T14:01:18+00:00","description":"La Agrupaci\u00f3n Feminista Peronista. Lanzaron este nuevo espacio tiene como fundadoras a varias militantes hist\u00f3ricas del partido.","breadcrumb":{"@id":"https:\/\/diariofemenino.com.ar\/df\/la-agrupacion-feminista-peronista-puso-primera-en-chubut\/#breadcrumb"},"inLanguage":"es","potentialAction":[{"@type":"ReadAction","target":["https:\/\/diariofemenino.com.ar\/df\/la-agrupacion-feminista-peronista-puso-primera-en-chubut\/"]}]},{"@type":"ImageObject","inLanguage":"es","@id":"https:\/\/diariofemenino.com.ar\/df\/la-agrupacion-feminista-peronista-puso-primera-en-chubut\/#primaryimage","url":"https:\/\/diariofemenino.com.ar\/df\/wp-content\/uploads\/2023\/06\/Partido-feminista.jpg","contentUrl":"https:\/\/diariofemenino.com.ar\/df\/wp-content\/uploads\/2023\/06\/Partido-feminista.jpg","width":937,"height":593,"caption":"La Agrupaci\u00f3n Feminista Peronista puso primera en Chubut"},{"@type":"BreadcrumbList","@id":"https:\/\/diariofemenino.com.ar\/df\/la-agrupacion-feminista-peronista-puso-primera-en-chubut\/#breadcrumb","itemListElement":[{"@type":"ListItem","position":1,"name":"Portada","item":"https:\/\/diariofemenino.com.ar\/df\/"},{"@type":"ListItem","position":2,"name":"La Agrupaci\u00f3n Feminista Peronista puso primera en Chubut"}]},{"@type":"WebSite","@id":"https:\/\/diariofemenino.com.ar\/df\/#website","url":"https:\/\/diariofemenino.com.ar\/df\/","name":"Diario Digital Femenino","description":"Cuesti\u00f3n de G\u00e9nero","publisher":{"@id":"https:\/\/diariofemenino.com.ar\/df\/#organization"},"potentialAction":[{"@type":"SearchAction","target":{"@type":"EntryPoint","urlTemplate":"https:\/\/diariofemenino.com.ar\/df\/?s={search_term_string}"},"query-input":{"@type":"PropertyValueSpecification","valueRequired":true,"valueName":"search_term_string"}}],"inLanguage":"es"},{"@type":"Organization","@id":"https:\/\/diariofemenino.com.ar\/df\/#organization","name":"Diario Femenino","url":"https:\/\/diariofemenino.com.ar\/df\/","logo":{"@type":"ImageObject","inLanguage":"es","@id":"https:\/\/diariofemenino.com.ar\/df\/#\/schema\/logo\/image\/","url":"https:\/\/diariofemenino.com.ar\/df\/wp-content\/uploads\/2018\/10\/logo.png","contentUrl":"https:\/\/diariofemenino.com.ar\/df\/wp-content\/uploads\/2018\/10\/logo.png","width":500,"height":92,"caption":"Diario Femenino"},"image":{"@id":"https:\/\/diariofemenino.com.ar\/df\/#\/schema\/logo\/image\/"},"sameAs":["https:\/\/www.facebook.com\/DiarioDigitaFemenino\/","https:\/\/x.com\/DiarioFemenino1"]},{"@type":"Person","@id":"https:\/\/diariofemenino.com.ar\/df\/#\/schema\/person\/bf6199e8158c657ea6f789b11ec85509","name":"Admin","image":{"@type":"ImageObject","inLanguage":"es","@id":"https:\/\/diariofemenino.com.ar\/df\/wp-content\/uploads\/2018\/12\/favicon-150x150.jpg","url":"https:\/\/diariofemenino.com.ar\/df\/wp-content\/uploads\/2018\/12\/favicon-150x150.jpg","contentUrl":"https:\/\/diariofemenino.com.ar\/df\/wp-content\/uploads\/2018\/12\/favicon-150x150.jpg","caption":"Admin"},"url":"https:\/\/diariofemenino.com.ar\/df\/author\/lenny\/"}]}},"jetpack_featured_media_url":"https:\/\/diariofemenino.com.ar\/df\/wp-content\/uploads\/2023\/06\/Partido-feminista.jpg","jetpack_sharing_enabled":true,"rttpg_featured_image_url":{"full":["https:\/\/diariofemenino.com.ar\/df\/wp-content\/uploads\/2023\/06\/Partido-feminista.jpg",937,593,false],"landscape":["https:\/\/diariofemenino.com.ar\/df\/wp-content\/uploads\/2023\/06\/Partido-feminista.jpg",937,593,false],"portraits":["https:\/\/diariofemenino.com.ar\/df\/wp-content\/uploads\/2023\/06\/Partido-feminista.jpg",937,593,false],"thumbnail":["https:\/\/diariofemenino.com.ar\/df\/wp-content\/uploads\/2023\/06\/Partido-feminista-150x150.jpg",150,150,true],"medium":["https:\/\/diariofemenino.com.ar\/df\/wp-content\/uploads\/2023\/06\/Partido-feminista-300x190.jpg",300,190,true],"large":["https:\/\/diariofemenino.com.ar\/df\/wp-content\/uploads\/2023\/06\/Partido-feminista.jpg",937,593,false],"1536x1536":["https:\/\/diariofemenino.com.ar\/df\/wp-content\/uploads\/2023\/06\/Partido-feminista.jpg",937,593,false],"2048x2048":["https:\/\/diariofemenino.com.ar\/df\/wp-content\/uploads\/2023\/06\/Partido-feminista.jpg",937,593,false]},"rttpg_author":{"display_name":"Admin","author_link":"https:\/\/diariofemenino.com.ar\/df\/author\/lenny\/"},"rttpg_comment":0,"rttpg_category":"<a href=\"https:\/\/diariofemenino.com.ar\/df\/category\/actividades\/\" rel=\"category tag\">Actividades<\/a> <a href=\"https:\/\/diariofemenino.com.ar\/df\/category\/agenda-feminista\/\" rel=\"category tag\">Agenda Feminista<\/a> <a href=\"https:\/\/diariofemenino.com.ar\/df\/category\/de-la-revolucion-al-reaprendizaje\/\" rel=\"category tag\">De la Revoluci\u00f3n al Reaprendizaje<\/a> <a href=\"https:\/\/diariofemenino.com.ar\/df\/category\/genero-y-derechos-humanos\/\" rel=\"category tag\">G\u00e9nero y Derechos Humanos<\/a> <a href=\"https:\/\/diariofemenino.com.ar\/df\/category\/mujeres\/\" rel=\"category tag\">Mujeres<\/a> <a href=\"https:\/\/diariofemenino.com.ar\/df\/category\/articulos\/\" rel=\"category tag\">Mujeres en Palabras<\/a> <a href=\"https:\/\/diariofemenino.com.ar\/df\/category\/noticias\/\" rel=\"category tag\">Noticias<\/a>","rttpg_excerpt":"Con el objetivo de \u201cmilitar el peronismo con perspectiva de g\u00e9nero\u201d qued\u00f3 conformado este nuevo espacio que tiene como fundadoras a varias militantes hist\u00f3ricas del partido. Se lanz\u00f3 la Agrupaci\u00f3n Feminista Peronista conformada por militantes hist\u00f3ricas del partido de diversas localidades de la provincia de Chubut. Tiene como objetivo principal \u201cmilitar el peronismo con perspectiva&hellip;","_links":{"self":[{"href":"https:\/\/diariofemenino.com.ar\/df\/wp-json\/wp\/v2\/posts\/69628","targetHints":{"allow":["GET"]}}],"collection":[{"href":"https:\/\/diariofemenino.com.ar\/df\/wp-json\/wp\/v2\/posts"}],"about":[{"href":"https:\/\/diariofemenino.com.ar\/df\/wp-json\/wp\/v2\/types\/post"}],"author":[{"embeddable":true,"href":"https:\/\/diariofemenino.com.ar\/df\/wp-json\/wp\/v2\/users\/4"}],"replies":[{"embeddable":true,"href":"https:\/\/diariofemenino.com.ar\/df\/wp-json\/wp\/v2\/comments?post=69628"}],"version-history":[{"count":0,"href":"https:\/\/diariofemenino.com.ar\/df\/wp-json\/wp\/v2\/posts\/69628\/revisions"}],"wp:featuredmedia":[{"embeddable":true,"href":"https:\/\/diariofemenino.com.ar\/df\/wp-json\/wp\/v2\/media\/69630"}],"wp:attachment":[{"href":"https:\/\/diariofemenino.com.ar\/df\/wp-json\/wp\/v2\/media?parent=69628"}],"wp:term":[{"taxonomy":"category","embeddable":true,"href":"https:\/\/diariofemenino.com.ar\/df\/wp-json\/wp\/v2\/categories?post=69628"},{"taxonomy":"post_tag","embeddable":true,"href":"https:\/\/diariofemenino.com.ar\/df\/wp-json\/wp\/v2\/tags?post=69628"}],"curies":[{"name":"wp","href":"https:\/\/api.w.org\/{rel}","templated":true}]}}