{"id":69608,"date":"2023-06-16T08:47:50","date_gmt":"2023-06-16T11:47:50","guid":{"rendered":"https:\/\/diariofemenino.com.ar\/df\/?p=69608"},"modified":"2023-06-16T09:01:07","modified_gmt":"2023-06-16T12:01:07","slug":"la-que-limpia-2da-temporada","status":"publish","type":"post","link":"https:\/\/diariofemenino.com.ar\/df\/la-que-limpia-2da-temporada\/","title":{"rendered":"La que limpia, 2da temporada"},"content":{"rendered":"<p><strong>Un recorrido por el conurbano bonaerense sobre los secretos del oficio de la <\/strong><strong>limpieza y el amor.<\/strong><\/p>\n<figure id=\"attachment_69622\" aria-describedby=\"caption-attachment-69622\" style=\"width: 332px\" class=\"wp-caption aligncenter\"><img loading=\"lazy\" decoding=\"async\" class=\"size-full wp-image-69622\" src=\"https:\/\/diariofemenino.com.ar\/df\/wp-content\/uploads\/2023\/06\/La-que-limpia.jpg\" alt=\"La que limpia, 2da temporada\" width=\"332\" height=\"330\" srcset=\"https:\/\/diariofemenino.com.ar\/df\/wp-content\/uploads\/2023\/06\/La-que-limpia.jpg 332w, https:\/\/diariofemenino.com.ar\/df\/wp-content\/uploads\/2023\/06\/La-que-limpia-150x150.jpg 150w, https:\/\/diariofemenino.com.ar\/df\/wp-content\/uploads\/2023\/06\/La-que-limpia-300x298.jpg 300w\" sizes=\"auto, (max-width: 332px) 100vw, 332px\" \/><figcaption id=\"caption-attachment-69622\" class=\"wp-caption-text\">La que limpia, 2da temporada<\/figcaption><\/figure>\n<p style=\"text-align: center;\"><a href=\"https:\/\/diariofemenino.com.ar\/df\/la-que-limpia\/\">La que limpia<\/a> es un personaje m\u00e1s del paisaje urbano, de la vida cotidiana.<br \/>\n<strong>\u00bfQu\u00e9 piensa? \u00bfQu\u00e9 mira?<\/strong><\/p>\n<p>Laura limpia casas para sobrevivir, aunque est\u00e1 cansada. Entre casa y casa recorre el paisaje del conurbano bonaerense. Para matar las esperas nos cuenta de sus trabajos, de las se\u00f1oras, en sus pensamientos se cuela el dolor de su perdida mientras alarga el momento de tomar una decisi\u00f3n.<\/p>\n<p><strong><em>\u201cLa que limpia\u201d es una obra inspirada en el universo de Luc\u00eda Berl\u00edn<\/em><\/strong><\/p>\n<p><strong><em>La que limpia<\/em><\/strong> fue parte de las producciones de Mosc\u00fa Teatro 2022, espacio reconocido con el premio Trinidad Guevara en la categor\u00eda Producci\u00f3n Teatral Privada 2022<\/p>\n<p><em>LA QUE LIMPIA particip\u00f3 de la tercera edici\u00f3n del Festival Latinonamericano de actividades esc\u00e9nicas con tem\u00e1ticas de g\u00e9nero (TEGE 2023).<\/em><\/p>\n<p><strong>Mosc\u00fa teatro<\/strong><\/p>\n<p>Juan Ram\u00edrez de Velasco 535, CABA<\/p>\n<p><strong>Funciones Domingos 18.00hs<\/strong><br \/>\n<u><a href=\"https:\/\/www.moscuteatro.com.ar\/cartelera\/144-la-que-limpia.html\">LINK ENTRADAS<\/a> Por Alternativa o en <\/u><strong><a href=\"http:\/\/WWW.MOSCUTEATRO.COM.AR\">www.moscuteatro.com.ar<\/a><\/strong><\/p>\n<blockquote><p>\u00abUna historia por casa, un mismo cuerpo, el de Laura, la que limpia, que atraviesa los relatos como si cruzara tormentas ajenas que ella hace, de alg\u00fan modo, propia(&#8230;) la recomiendo especialmente\u00bb.<br \/>\n\u00c1ngela Pradelli<\/p><\/blockquote>\n<blockquote><p>\u00abBasada en el universo de Luc\u00eda Berl\u00edn y en su textualidad manual para mujeres de la limpiea, la puesta guarda la sordidez de los cuentos de la narradora norteamericana, pero trasladada a nuestro territorio\u00bb.<br \/>\nMari\u00e1ngeles Sanz, Luna Teatral 12.<\/p><\/blockquote>\n<blockquote><p>\u00abUn protag\u00f3nico de Mariana el Pozo muy interesante por el trabajo corporal, por encarnar el personaje desde las v\u00edsceras\u00bb.<br \/>\nGuillermo Saccomanno<\/p><\/blockquote>\n<blockquote><p>\u00ab&#8216;Laque limpia&#8217; capta la atenci\u00f3n desde el mismo inicio de la acci\u00f3n. Cada palabra en su justo lugar, logrando un impacto m\u00e1s que poderoso. Por eso, no ser\u00e1 extra\u00f1o que uno quiera volverr a pasar por Mosc\u00fa para disfrutar y aprehender una puesta tan simple como vigorosa\u00bb.<br \/>\nDaniel Gaguine, El Caleidoscopio de Lucy<span style=\"font-size: 18px;\">\u00a0 \u00a0<\/span><\/p><\/blockquote>\n<blockquote><p>\u00abUna pieza teatral donde lo urbano se entremezcla con la filosof\u00eda de las calles, con el peso de las ausencias y el lenguaje intimista. Los textos de Berl\u00edn son recreados l\u00facidamente por Del Pozo y Fischer desde nuestra impronta local, con la cadencia conurbanense y el clima de ansiedades que reflota en cada viaje de la protagonista\u00bb<br \/>\nMarvel Aguilera, Revista Ruda<\/p><\/blockquote>\n<div style=\"width: 540px;\" class=\"wp-video\"><video class=\"wp-video-shortcode\" id=\"video-69608-1\" width=\"540\" height=\"960\" preload=\"metadata\" controls=\"controls\"><source type=\"video\/mp4\" src=\"https:\/\/diariofemenino.com.ar\/df\/wp-content\/uploads\/2023\/06\/WhatsApp-Video-2023-05-24-at-19.07.58.mp4?_=1\" \/><a href=\"https:\/\/diariofemenino.com.ar\/df\/wp-content\/uploads\/2023\/06\/WhatsApp-Video-2023-05-24-at-19.07.58.mp4\">https:\/\/diariofemenino.com.ar\/df\/wp-content\/uploads\/2023\/06\/WhatsApp-Video-2023-05-24-at-19.07.58.mp4<\/a><\/video><\/div>\n<p><strong>FICHA T\u00c9CNICO ART\u00cdSTICA<\/strong><\/p>\n<p><a href=\"http:\/\/panel.alternativateatral.com\/rubro.asp?c=20\">Dramaturgia<\/a>: <a href=\"http:\/\/panel.alternativateatral.com\/persona723-mariana-del-pozo\">Mariana Del Pozo<\/a>, <a href=\"http:\/\/panel.alternativateatral.com\/persona126819-lali-fischer\">Lali Fischer<\/a><br \/>\n<a href=\"http:\/\/panel.alternativateatral.com\/rubro.asp?c=2\">Act\u00faan<\/a>: <a href=\"http:\/\/panel.alternativateatral.com\/persona723-mariana-del-pozo\">Mariana Del Pozo<\/a><br \/>\n<a href=\"http:\/\/panel.alternativateatral.com\/rubro.asp?c=88\">Dise\u00f1o de vestuario<\/a>: <a href=\"http:\/\/panel.alternativateatral.com\/persona58320-florencia-m-tutusaus\">Florencia M. Tutusaus<\/a> <a href=\"http:\/\/panel.alternativateatral.com\/rubro.asp?c=68\">Dise\u00f1o de escenograf\u00eda<\/a>: <a href=\"http:\/\/panel.alternativateatral.com\/persona58320-florencia-m-tutusaus\">Florencia M. Tutusaus<\/a><br \/>\n<a href=\"http:\/\/panel.alternativateatral.com\/rubro.asp?c=87\">M\u00fasica original<\/a>: <a href=\"http:\/\/panel.alternativateatral.com\/persona342183-santiago-ascaso\">Santiago Ascaso<\/a><br \/>\n<a href=\"http:\/\/panel.alternativateatral.com\/rubro.asp?c=895\">Dise\u00f1o De Iluminaci\u00f3n<\/a>: <a href=\"http:\/\/panel.alternativateatral.com\/persona5471-soledad-ianni\">Soledad Ianni<\/a><br \/>\n<a href=\"http:\/\/panel.alternativateatral.com\/rubro.asp?c=6\">Fotograf\u00eda<\/a>: <a href=\"http:\/\/panel.alternativateatral.com\/persona5830-constanza-niscovolos\">Constanza Niscovolos<\/a><br \/>\n<a href=\"http:\/\/panel.alternativateatral.com\/rubro.asp?c=55\">Dise\u00f1o gr\u00e1fico<\/a>: <a href=\"http:\/\/panel.alternativateatral.com\/persona434038-laura-tavacca\">Laura Tavacca<\/a><br \/>\n<a href=\"http:\/\/panel.alternativateatral.com\/rubro.asp?c=7\">Asistencia de direcci\u00f3n<\/a>: <a href=\"http:\/\/panel.alternativateatral.com\/persona24184-luciana-taverna\">Luciana Taverna<\/a> y Martina Damiano<br \/>\n<a href=\"http:\/\/panel.alternativateatral.com\/rubro.asp?c=18\">Prensa<\/a>: <a href=\"http:\/\/panel.alternativateatral.com\/persona456144-carla-saccomanno\">Carla Saccomanno<\/a><br \/>\nProducci\u00f3n: Dos Lunas Producciones<br \/>\n<a href=\"http:\/\/panel.alternativateatral.com\/rubro.asp?c=1\">Direcci\u00f3n<\/a>: <a href=\"http:\/\/panel.alternativateatral.com\/persona126819-lali-fischer\">Lali Fischer<\/a><\/p>\n<p>Lali Fischer es actriz, productora y docente de teatro. La que limpia es su primer material<\/p>\n<figure id=\"attachment_69625\" aria-describedby=\"caption-attachment-69625\" style=\"width: 277px\" class=\"wp-caption alignleft\"><img loading=\"lazy\" decoding=\"async\" class=\"size-full wp-image-69625\" src=\"https:\/\/diariofemenino.com.ar\/df\/wp-content\/uploads\/2023\/06\/La-que-limpia1.jpg\" alt=\"La que limpia, 2da temporada\" width=\"277\" height=\"185\" \/><figcaption id=\"caption-attachment-69625\" class=\"wp-caption-text\">La que limpia, 2da temporada<\/figcaption><\/figure>\n<p>como directora. En 2019 funda junto a Luc\u00eda M\u00e1rquez Dos Lunas Productora, proyecto con el cual llevan adelante ciclos teatrales con perspectiva de g\u00e9nero. Adem\u00e1s, produce Laberinto de Julieta Timossi y se desempe\u00f1\u00f3 como productora ejecutiva en RCBC, proyecto que particip\u00f3 del FIBA21. Junto a Lisandro Penelas y Francisco Lumerman gestiona Mosc\u00fa teatro. Es docente de talleres de ni\u00f1xs y adolescentes desde hace m\u00e1s de 5 a\u00f1os.<\/p>\n<p><a href=\"https:\/\/www.instagram.com\/laquelimpia.obra\/\">@laquelimpia.obra<\/a><\/p>\n<p><strong>Contacto de prensa<\/strong>: Carla Saccomanno<br \/>\n<a href=\"mailto:carlasaccomanno@gmail.com\">carlasaccomanno@gmail.com<\/a><\/p>\n<p>&nbsp;<\/p>\n","protected":false},"excerpt":{"rendered":"<p>Un recorrido por el conurbano bonaerense sobre los secretos del oficio de la limpieza y el amor. La que limpia es un personaje m\u00e1s del paisaje urbano, de la vida cotidiana. \u00bfQu\u00e9 piensa? \u00bfQu\u00e9 mira? Laura limpia casas para sobrevivir, aunque est\u00e1 cansada. Entre casa y casa recorre el paisaje del conurbano bonaerense. Para matar [&hellip;]<\/p>\n","protected":false},"author":4,"featured_media":69624,"comment_status":"open","ping_status":"open","sticky":false,"template":"","format":"standard","meta":{"iawp_total_views":8,"footnotes":""},"categories":[7,1067,5,4,32],"tags":[6068,2593,5265,6067,6066,130,76,45],"class_list":["post-69608","post","type-post","status-publish","format-standard","has-post-thumbnail","hentry","category-actividades","category-agenda-feminista","category-historias-de-vida","category-medios","category-mujeres","tag-actividades-artisticas","tag-historias","tag-la-que-limpia","tag-lali-fischer","tag-mariana-del-pozo","tag-mujeres","tag-teatro","tag-trabajo"],"nelio_content":{"autoShareEndMode":"never","automationSources":{"useCustomSentences":false,"customSentences":[]},"efiAlt":"","efiUrl":"","followers":[4],"highlights":[],"isAutoShareEnabled":true,"networkImageIds":[],"permalinkQueryArgs":[],"series":[],"suggestedReferences":[]},"yoast_head":"<!-- This site is optimized with the Yoast SEO plugin v27.5 - https:\/\/yoast.com\/product\/yoast-seo-wordpress\/ -->\n<title>La que limpia, 2da temporada - Diario Digital Femenino<\/title>\n<meta name=\"description\" content=\"La que limpia 2da temporada. Un recorrido por el conurbano bonaerense sobre los secretos del oficio de la limpieza y el amor.\" \/>\n<meta name=\"robots\" content=\"index, follow, max-snippet:-1, max-image-preview:large, max-video-preview:-1\" \/>\n<link rel=\"canonical\" href=\"https:\/\/diariofemenino.com.ar\/df\/la-que-limpia-2da-temporada\/\" \/>\n<meta property=\"og:locale\" content=\"es_ES\" \/>\n<meta property=\"og:type\" content=\"article\" \/>\n<meta property=\"og:title\" content=\"La que limpia, 2da temporada - Diario Digital Femenino\" \/>\n<meta property=\"og:description\" content=\"La que limpia 2da temporada. Un recorrido por el conurbano bonaerense sobre los secretos del oficio de la limpieza y el amor.\" \/>\n<meta property=\"og:url\" content=\"https:\/\/diariofemenino.com.ar\/df\/la-que-limpia-2da-temporada\/\" \/>\n<meta property=\"og:site_name\" content=\"Diario Digital Femenino\" \/>\n<meta property=\"article:publisher\" content=\"https:\/\/www.facebook.com\/DiarioDigitaFemenino\/\" \/>\n<meta property=\"article:published_time\" content=\"2023-06-16T11:47:50+00:00\" \/>\n<meta property=\"article:modified_time\" content=\"2023-06-16T12:01:07+00:00\" \/>\n<meta property=\"og:image\" content=\"https:\/\/diariofemenino.com.ar\/df\/wp-content\/uploads\/2023\/06\/DSC_7409.jpg\" \/>\n\t<meta property=\"og:image:width\" content=\"4000\" \/>\n\t<meta property=\"og:image:height\" content=\"2670\" \/>\n\t<meta property=\"og:image:type\" content=\"image\/jpeg\" \/>\n<meta name=\"author\" content=\"Admin\" \/>\n<meta name=\"twitter:card\" content=\"summary_large_image\" \/>\n<meta name=\"twitter:creator\" content=\"@DiarioFemenino1\" \/>\n<meta name=\"twitter:site\" content=\"@DiarioFemenino1\" \/>\n<meta name=\"twitter:label1\" content=\"Escrito por\" \/>\n\t<meta name=\"twitter:data1\" content=\"Admin\" \/>\n\t<meta name=\"twitter:label2\" content=\"Tiempo de lectura\" \/>\n\t<meta name=\"twitter:data2\" content=\"3 minutos\" \/>\n<script type=\"application\/ld+json\" class=\"yoast-schema-graph\">{\"@context\":\"https:\\\/\\\/schema.org\",\"@graph\":[{\"@type\":\"Article\",\"@id\":\"https:\\\/\\\/diariofemenino.com.ar\\\/df\\\/la-que-limpia-2da-temporada\\\/#article\",\"isPartOf\":{\"@id\":\"https:\\\/\\\/diariofemenino.com.ar\\\/df\\\/la-que-limpia-2da-temporada\\\/\"},\"author\":{\"name\":\"Admin\",\"@id\":\"https:\\\/\\\/diariofemenino.com.ar\\\/df\\\/#\\\/schema\\\/person\\\/bf6199e8158c657ea6f789b11ec85509\"},\"headline\":\"La que limpia, 2da temporada\",\"datePublished\":\"2023-06-16T11:47:50+00:00\",\"dateModified\":\"2023-06-16T12:01:07+00:00\",\"mainEntityOfPage\":{\"@id\":\"https:\\\/\\\/diariofemenino.com.ar\\\/df\\\/la-que-limpia-2da-temporada\\\/\"},\"wordCount\":610,\"commentCount\":0,\"publisher\":{\"@id\":\"https:\\\/\\\/diariofemenino.com.ar\\\/df\\\/#organization\"},\"image\":{\"@id\":\"https:\\\/\\\/diariofemenino.com.ar\\\/df\\\/la-que-limpia-2da-temporada\\\/#primaryimage\"},\"thumbnailUrl\":\"https:\\\/\\\/diariofemenino.com.ar\\\/df\\\/wp-content\\\/uploads\\\/2023\\\/06\\\/DSC_7409.jpg\",\"keywords\":[\"Actividades art\u00edsticas\",\"Historias\",\"La que limpia\",\"Lali Fischer\",\"Mariana Del Pozo\",\"Mujeres\",\"Teatro\",\"Trabajo\"],\"articleSection\":[\"Actividades\",\"Agenda Feminista\",\"Historias de vida\",\"Medios\",\"Mujeres\"],\"inLanguage\":\"es\",\"potentialAction\":[{\"@type\":\"CommentAction\",\"name\":\"Comment\",\"target\":[\"https:\\\/\\\/diariofemenino.com.ar\\\/df\\\/la-que-limpia-2da-temporada\\\/#respond\"]}]},{\"@type\":\"WebPage\",\"@id\":\"https:\\\/\\\/diariofemenino.com.ar\\\/df\\\/la-que-limpia-2da-temporada\\\/\",\"url\":\"https:\\\/\\\/diariofemenino.com.ar\\\/df\\\/la-que-limpia-2da-temporada\\\/\",\"name\":\"La que limpia, 2da temporada - Diario Digital Femenino\",\"isPartOf\":{\"@id\":\"https:\\\/\\\/diariofemenino.com.ar\\\/df\\\/#website\"},\"primaryImageOfPage\":{\"@id\":\"https:\\\/\\\/diariofemenino.com.ar\\\/df\\\/la-que-limpia-2da-temporada\\\/#primaryimage\"},\"image\":{\"@id\":\"https:\\\/\\\/diariofemenino.com.ar\\\/df\\\/la-que-limpia-2da-temporada\\\/#primaryimage\"},\"thumbnailUrl\":\"https:\\\/\\\/diariofemenino.com.ar\\\/df\\\/wp-content\\\/uploads\\\/2023\\\/06\\\/DSC_7409.jpg\",\"datePublished\":\"2023-06-16T11:47:50+00:00\",\"dateModified\":\"2023-06-16T12:01:07+00:00\",\"description\":\"La que limpia 2da temporada. Un recorrido por el conurbano bonaerense sobre los secretos del oficio de la limpieza y el amor.\",\"breadcrumb\":{\"@id\":\"https:\\\/\\\/diariofemenino.com.ar\\\/df\\\/la-que-limpia-2da-temporada\\\/#breadcrumb\"},\"inLanguage\":\"es\",\"potentialAction\":[{\"@type\":\"ReadAction\",\"target\":[\"https:\\\/\\\/diariofemenino.com.ar\\\/df\\\/la-que-limpia-2da-temporada\\\/\"]}]},{\"@type\":\"ImageObject\",\"inLanguage\":\"es\",\"@id\":\"https:\\\/\\\/diariofemenino.com.ar\\\/df\\\/la-que-limpia-2da-temporada\\\/#primaryimage\",\"url\":\"https:\\\/\\\/diariofemenino.com.ar\\\/df\\\/wp-content\\\/uploads\\\/2023\\\/06\\\/DSC_7409.jpg\",\"contentUrl\":\"https:\\\/\\\/diariofemenino.com.ar\\\/df\\\/wp-content\\\/uploads\\\/2023\\\/06\\\/DSC_7409.jpg\",\"width\":4000,\"height\":2670,\"caption\":\"La que limpia, 2da temporada\"},{\"@type\":\"BreadcrumbList\",\"@id\":\"https:\\\/\\\/diariofemenino.com.ar\\\/df\\\/la-que-limpia-2da-temporada\\\/#breadcrumb\",\"itemListElement\":[{\"@type\":\"ListItem\",\"position\":1,\"name\":\"Portada\",\"item\":\"https:\\\/\\\/diariofemenino.com.ar\\\/df\\\/\"},{\"@type\":\"ListItem\",\"position\":2,\"name\":\"La que limpia, 2da temporada\"}]},{\"@type\":\"WebSite\",\"@id\":\"https:\\\/\\\/diariofemenino.com.ar\\\/df\\\/#website\",\"url\":\"https:\\\/\\\/diariofemenino.com.ar\\\/df\\\/\",\"name\":\"Diario Digital Femenino\",\"description\":\"Cuesti\u00f3n de G\u00e9nero\",\"publisher\":{\"@id\":\"https:\\\/\\\/diariofemenino.com.ar\\\/df\\\/#organization\"},\"potentialAction\":[{\"@type\":\"SearchAction\",\"target\":{\"@type\":\"EntryPoint\",\"urlTemplate\":\"https:\\\/\\\/diariofemenino.com.ar\\\/df\\\/?s={search_term_string}\"},\"query-input\":{\"@type\":\"PropertyValueSpecification\",\"valueRequired\":true,\"valueName\":\"search_term_string\"}}],\"inLanguage\":\"es\"},{\"@type\":\"Organization\",\"@id\":\"https:\\\/\\\/diariofemenino.com.ar\\\/df\\\/#organization\",\"name\":\"Diario Femenino\",\"url\":\"https:\\\/\\\/diariofemenino.com.ar\\\/df\\\/\",\"logo\":{\"@type\":\"ImageObject\",\"inLanguage\":\"es\",\"@id\":\"https:\\\/\\\/diariofemenino.com.ar\\\/df\\\/#\\\/schema\\\/logo\\\/image\\\/\",\"url\":\"https:\\\/\\\/diariofemenino.com.ar\\\/df\\\/wp-content\\\/uploads\\\/2018\\\/10\\\/logo.png\",\"contentUrl\":\"https:\\\/\\\/diariofemenino.com.ar\\\/df\\\/wp-content\\\/uploads\\\/2018\\\/10\\\/logo.png\",\"width\":500,\"height\":92,\"caption\":\"Diario Femenino\"},\"image\":{\"@id\":\"https:\\\/\\\/diariofemenino.com.ar\\\/df\\\/#\\\/schema\\\/logo\\\/image\\\/\"},\"sameAs\":[\"https:\\\/\\\/www.facebook.com\\\/DiarioDigitaFemenino\\\/\",\"https:\\\/\\\/x.com\\\/DiarioFemenino1\"]},{\"@type\":\"Person\",\"@id\":\"https:\\\/\\\/diariofemenino.com.ar\\\/df\\\/#\\\/schema\\\/person\\\/bf6199e8158c657ea6f789b11ec85509\",\"name\":\"Admin\",\"image\":{\"@type\":\"ImageObject\",\"inLanguage\":\"es\",\"@id\":\"https:\\\/\\\/diariofemenino.com.ar\\\/df\\\/wp-content\\\/uploads\\\/2018\\\/12\\\/favicon-150x150.jpg\",\"url\":\"https:\\\/\\\/diariofemenino.com.ar\\\/df\\\/wp-content\\\/uploads\\\/2018\\\/12\\\/favicon-150x150.jpg\",\"contentUrl\":\"https:\\\/\\\/diariofemenino.com.ar\\\/df\\\/wp-content\\\/uploads\\\/2018\\\/12\\\/favicon-150x150.jpg\",\"caption\":\"Admin\"},\"url\":\"https:\\\/\\\/diariofemenino.com.ar\\\/df\\\/author\\\/lenny\\\/\"}]}<\/script>\n<!-- \/ Yoast SEO plugin. -->","yoast_head_json":{"title":"La que limpia, 2da temporada - Diario Digital Femenino","description":"La que limpia 2da temporada. Un recorrido por el conurbano bonaerense sobre los secretos del oficio de la limpieza y el amor.","robots":{"index":"index","follow":"follow","max-snippet":"max-snippet:-1","max-image-preview":"max-image-preview:large","max-video-preview":"max-video-preview:-1"},"canonical":"https:\/\/diariofemenino.com.ar\/df\/la-que-limpia-2da-temporada\/","og_locale":"es_ES","og_type":"article","og_title":"La que limpia, 2da temporada - Diario Digital Femenino","og_description":"La que limpia 2da temporada. Un recorrido por el conurbano bonaerense sobre los secretos del oficio de la limpieza y el amor.","og_url":"https:\/\/diariofemenino.com.ar\/df\/la-que-limpia-2da-temporada\/","og_site_name":"Diario Digital Femenino","article_publisher":"https:\/\/www.facebook.com\/DiarioDigitaFemenino\/","article_published_time":"2023-06-16T11:47:50+00:00","article_modified_time":"2023-06-16T12:01:07+00:00","og_image":[{"width":4000,"height":2670,"url":"https:\/\/diariofemenino.com.ar\/df\/wp-content\/uploads\/2023\/06\/DSC_7409.jpg","type":"image\/jpeg"}],"author":"Admin","twitter_card":"summary_large_image","twitter_creator":"@DiarioFemenino1","twitter_site":"@DiarioFemenino1","twitter_misc":{"Escrito por":"Admin","Tiempo de lectura":"3 minutos"},"schema":{"@context":"https:\/\/schema.org","@graph":[{"@type":"Article","@id":"https:\/\/diariofemenino.com.ar\/df\/la-que-limpia-2da-temporada\/#article","isPartOf":{"@id":"https:\/\/diariofemenino.com.ar\/df\/la-que-limpia-2da-temporada\/"},"author":{"name":"Admin","@id":"https:\/\/diariofemenino.com.ar\/df\/#\/schema\/person\/bf6199e8158c657ea6f789b11ec85509"},"headline":"La que limpia, 2da temporada","datePublished":"2023-06-16T11:47:50+00:00","dateModified":"2023-06-16T12:01:07+00:00","mainEntityOfPage":{"@id":"https:\/\/diariofemenino.com.ar\/df\/la-que-limpia-2da-temporada\/"},"wordCount":610,"commentCount":0,"publisher":{"@id":"https:\/\/diariofemenino.com.ar\/df\/#organization"},"image":{"@id":"https:\/\/diariofemenino.com.ar\/df\/la-que-limpia-2da-temporada\/#primaryimage"},"thumbnailUrl":"https:\/\/diariofemenino.com.ar\/df\/wp-content\/uploads\/2023\/06\/DSC_7409.jpg","keywords":["Actividades art\u00edsticas","Historias","La que limpia","Lali Fischer","Mariana Del Pozo","Mujeres","Teatro","Trabajo"],"articleSection":["Actividades","Agenda Feminista","Historias de vida","Medios","Mujeres"],"inLanguage":"es","potentialAction":[{"@type":"CommentAction","name":"Comment","target":["https:\/\/diariofemenino.com.ar\/df\/la-que-limpia-2da-temporada\/#respond"]}]},{"@type":"WebPage","@id":"https:\/\/diariofemenino.com.ar\/df\/la-que-limpia-2da-temporada\/","url":"https:\/\/diariofemenino.com.ar\/df\/la-que-limpia-2da-temporada\/","name":"La que limpia, 2da temporada - Diario Digital Femenino","isPartOf":{"@id":"https:\/\/diariofemenino.com.ar\/df\/#website"},"primaryImageOfPage":{"@id":"https:\/\/diariofemenino.com.ar\/df\/la-que-limpia-2da-temporada\/#primaryimage"},"image":{"@id":"https:\/\/diariofemenino.com.ar\/df\/la-que-limpia-2da-temporada\/#primaryimage"},"thumbnailUrl":"https:\/\/diariofemenino.com.ar\/df\/wp-content\/uploads\/2023\/06\/DSC_7409.jpg","datePublished":"2023-06-16T11:47:50+00:00","dateModified":"2023-06-16T12:01:07+00:00","description":"La que limpia 2da temporada. Un recorrido por el conurbano bonaerense sobre los secretos del oficio de la limpieza y el amor.","breadcrumb":{"@id":"https:\/\/diariofemenino.com.ar\/df\/la-que-limpia-2da-temporada\/#breadcrumb"},"inLanguage":"es","potentialAction":[{"@type":"ReadAction","target":["https:\/\/diariofemenino.com.ar\/df\/la-que-limpia-2da-temporada\/"]}]},{"@type":"ImageObject","inLanguage":"es","@id":"https:\/\/diariofemenino.com.ar\/df\/la-que-limpia-2da-temporada\/#primaryimage","url":"https:\/\/diariofemenino.com.ar\/df\/wp-content\/uploads\/2023\/06\/DSC_7409.jpg","contentUrl":"https:\/\/diariofemenino.com.ar\/df\/wp-content\/uploads\/2023\/06\/DSC_7409.jpg","width":4000,"height":2670,"caption":"La que limpia, 2da temporada"},{"@type":"BreadcrumbList","@id":"https:\/\/diariofemenino.com.ar\/df\/la-que-limpia-2da-temporada\/#breadcrumb","itemListElement":[{"@type":"ListItem","position":1,"name":"Portada","item":"https:\/\/diariofemenino.com.ar\/df\/"},{"@type":"ListItem","position":2,"name":"La que limpia, 2da temporada"}]},{"@type":"WebSite","@id":"https:\/\/diariofemenino.com.ar\/df\/#website","url":"https:\/\/diariofemenino.com.ar\/df\/","name":"Diario Digital Femenino","description":"Cuesti\u00f3n de G\u00e9nero","publisher":{"@id":"https:\/\/diariofemenino.com.ar\/df\/#organization"},"potentialAction":[{"@type":"SearchAction","target":{"@type":"EntryPoint","urlTemplate":"https:\/\/diariofemenino.com.ar\/df\/?s={search_term_string}"},"query-input":{"@type":"PropertyValueSpecification","valueRequired":true,"valueName":"search_term_string"}}],"inLanguage":"es"},{"@type":"Organization","@id":"https:\/\/diariofemenino.com.ar\/df\/#organization","name":"Diario Femenino","url":"https:\/\/diariofemenino.com.ar\/df\/","logo":{"@type":"ImageObject","inLanguage":"es","@id":"https:\/\/diariofemenino.com.ar\/df\/#\/schema\/logo\/image\/","url":"https:\/\/diariofemenino.com.ar\/df\/wp-content\/uploads\/2018\/10\/logo.png","contentUrl":"https:\/\/diariofemenino.com.ar\/df\/wp-content\/uploads\/2018\/10\/logo.png","width":500,"height":92,"caption":"Diario Femenino"},"image":{"@id":"https:\/\/diariofemenino.com.ar\/df\/#\/schema\/logo\/image\/"},"sameAs":["https:\/\/www.facebook.com\/DiarioDigitaFemenino\/","https:\/\/x.com\/DiarioFemenino1"]},{"@type":"Person","@id":"https:\/\/diariofemenino.com.ar\/df\/#\/schema\/person\/bf6199e8158c657ea6f789b11ec85509","name":"Admin","image":{"@type":"ImageObject","inLanguage":"es","@id":"https:\/\/diariofemenino.com.ar\/df\/wp-content\/uploads\/2018\/12\/favicon-150x150.jpg","url":"https:\/\/diariofemenino.com.ar\/df\/wp-content\/uploads\/2018\/12\/favicon-150x150.jpg","contentUrl":"https:\/\/diariofemenino.com.ar\/df\/wp-content\/uploads\/2018\/12\/favicon-150x150.jpg","caption":"Admin"},"url":"https:\/\/diariofemenino.com.ar\/df\/author\/lenny\/"}]}},"jetpack_featured_media_url":"https:\/\/diariofemenino.com.ar\/df\/wp-content\/uploads\/2023\/06\/DSC_7409.jpg","jetpack_sharing_enabled":true,"rttpg_featured_image_url":{"full":["https:\/\/diariofemenino.com.ar\/df\/wp-content\/uploads\/2023\/06\/DSC_7409.jpg",4000,2670,false],"landscape":["https:\/\/diariofemenino.com.ar\/df\/wp-content\/uploads\/2023\/06\/DSC_7409.jpg",4000,2670,false],"portraits":["https:\/\/diariofemenino.com.ar\/df\/wp-content\/uploads\/2023\/06\/DSC_7409.jpg",4000,2670,false],"thumbnail":["https:\/\/diariofemenino.com.ar\/df\/wp-content\/uploads\/2023\/06\/DSC_7409-150x150.jpg",150,150,true],"medium":["https:\/\/diariofemenino.com.ar\/df\/wp-content\/uploads\/2023\/06\/DSC_7409-300x200.jpg",300,200,true],"large":["https:\/\/diariofemenino.com.ar\/df\/wp-content\/uploads\/2023\/06\/DSC_7409-1024x684.jpg",1024,684,true],"1536x1536":["https:\/\/diariofemenino.com.ar\/df\/wp-content\/uploads\/2023\/06\/DSC_7409.jpg",1536,1025,false],"2048x2048":["https:\/\/diariofemenino.com.ar\/df\/wp-content\/uploads\/2023\/06\/DSC_7409.jpg",2048,1367,false]},"rttpg_author":{"display_name":"Admin","author_link":"https:\/\/diariofemenino.com.ar\/df\/author\/lenny\/"},"rttpg_comment":0,"rttpg_category":"<a href=\"https:\/\/diariofemenino.com.ar\/df\/category\/actividades\/\" rel=\"category tag\">Actividades<\/a> <a href=\"https:\/\/diariofemenino.com.ar\/df\/category\/agenda-feminista\/\" rel=\"category tag\">Agenda Feminista<\/a> <a href=\"https:\/\/diariofemenino.com.ar\/df\/category\/historias-de-vida\/\" rel=\"category tag\">Historias de vida<\/a> <a href=\"https:\/\/diariofemenino.com.ar\/df\/category\/medios\/\" rel=\"category tag\">Medios<\/a> <a href=\"https:\/\/diariofemenino.com.ar\/df\/category\/mujeres\/\" rel=\"category tag\">Mujeres<\/a>","rttpg_excerpt":"Un recorrido por el conurbano bonaerense sobre los secretos del oficio de la limpieza y el amor. La que limpia es un personaje m\u00e1s del paisaje urbano, de la vida cotidiana. \u00bfQu\u00e9 piensa? \u00bfQu\u00e9 mira? Laura limpia casas para sobrevivir, aunque est\u00e1 cansada. Entre casa y casa recorre el paisaje del conurbano bonaerense. Para matar&hellip;","_links":{"self":[{"href":"https:\/\/diariofemenino.com.ar\/df\/wp-json\/wp\/v2\/posts\/69608","targetHints":{"allow":["GET"]}}],"collection":[{"href":"https:\/\/diariofemenino.com.ar\/df\/wp-json\/wp\/v2\/posts"}],"about":[{"href":"https:\/\/diariofemenino.com.ar\/df\/wp-json\/wp\/v2\/types\/post"}],"author":[{"embeddable":true,"href":"https:\/\/diariofemenino.com.ar\/df\/wp-json\/wp\/v2\/users\/4"}],"replies":[{"embeddable":true,"href":"https:\/\/diariofemenino.com.ar\/df\/wp-json\/wp\/v2\/comments?post=69608"}],"version-history":[{"count":0,"href":"https:\/\/diariofemenino.com.ar\/df\/wp-json\/wp\/v2\/posts\/69608\/revisions"}],"wp:featuredmedia":[{"embeddable":true,"href":"https:\/\/diariofemenino.com.ar\/df\/wp-json\/wp\/v2\/media\/69624"}],"wp:attachment":[{"href":"https:\/\/diariofemenino.com.ar\/df\/wp-json\/wp\/v2\/media?parent=69608"}],"wp:term":[{"taxonomy":"category","embeddable":true,"href":"https:\/\/diariofemenino.com.ar\/df\/wp-json\/wp\/v2\/categories?post=69608"},{"taxonomy":"post_tag","embeddable":true,"href":"https:\/\/diariofemenino.com.ar\/df\/wp-json\/wp\/v2\/tags?post=69608"}],"curies":[{"name":"wp","href":"https:\/\/api.w.org\/{rel}","templated":true}]}}