{"id":69599,"date":"2023-06-15T08:47:53","date_gmt":"2023-06-15T11:47:53","guid":{"rendered":"https:\/\/diariofemenino.com.ar\/df\/?p=69599"},"modified":"2023-06-15T09:21:38","modified_gmt":"2023-06-15T12:21:38","slug":"primer-congreso-pedagogico-2023","status":"publish","type":"post","link":"https:\/\/diariofemenino.com.ar\/df\/primer-congreso-pedagogico-2023\/","title":{"rendered":"Primer Congreso Pedag\u00f3gico 2023 \u201cEntretejidos desde la ESI para la garant\u00eda de derechos\u201d"},"content":{"rendered":"<p>El s\u00e1bado 10 de junio se llev\u00f3 a cabo el Primer Congreso Pedag\u00f3gico 2023 <em>\u201cEntretejidos desde la ESI para la garant\u00eda de derechos\u201d<\/em> en el Campus Migueletes, de la Universidad Nacional de San Mart\u00edn (UNSAM), Provincia de Buenos Aires, organizado por La Red de Docentes por el Derecho al Aborto Legal, Seguro y Gratuito. Entre los objetivos perseguidos por las organizadoras, estaban: Reconocer el derecho al aborto como Derecho Humano desde una perspectiva de abordaje integral y como contenido espec\u00edfico de la Educaci\u00f3n Sexual Integral; Analizar los dilemas, conflictos y desaf\u00edos de la implementaci\u00f3n de la ESI en diferentes niveles educativos y distintas instituciones; y Comprender la ESI como un elemento de la garant\u00eda de derechos de NNyA.<\/p>\n<p>Por\u00a0<em><a href=\"https:\/\/diariofemenino.com.ar\/df\/?s=Mar%C3%ADa+In%C3%A9s+Alvarado\">Mar\u00eda In\u00e9s Alvarado<\/a>*<br \/>\npara\u00a0<a href=\"https:\/\/www.instagram.com\/diariodigitalfemenino_\/\">Diario Digital Femenino<\/a><\/em><\/p>\n<p>Con m\u00e1s de 200 docentes presentes, la mesa de apertura cuyo lema era <em>\u201cDe las calles a las aulas\u201d<\/em>, estuvo conformada por Julia Martino, Nelly Minyersky, Nina Brugo y Eleonor Faur. El discurso principal recorri\u00f3 la importancia del compromiso y la militancia que el cuerpo docente tuvo y tiene en realizar acciones para hacer efectiva implementaci\u00f3n de la ESI a nivel federal. Algunas de las reflexiones m\u00e1s importantes para destacar, fueron <em>\u201cla necesidad sostener, construir y generar espacios para seguir enfrent\u00e1ndonos al avance de las derechas y defender lo que tanto nos cost\u00f3 conseguir\u201d<\/em>, en palabras de Julia Martino, integrante de la Campa\u00f1a Nacional por el Derecho al\u00a0<em>Aborto Legal<\/em>, y el reconocimiento por parte de la abogada feminista Nelly Miyersky de que la ESI es <em>\u201cun derecho personal\u00edsimo y (junto con) la perspectiva de g\u00e9nero representa mandatos constitucionales\u201d.<\/em><\/p>\n<p>Este es uno de los conceptos m\u00e1s importantes de esta jornada. Entender que la Educaci\u00f3n Sexual Integral es equiparaci\u00f3n de roles, porque <em>\u201cel C\u00f3digo Civil tiene un paso enorme al conceptualizar que NNyA son sujetos de derechos que tienen desde el nacimiento, porque son seres humanos\u201d<\/em> que requieren atenci\u00f3n, que se les escuche y sostenga, porque a partir de 13 a\u00f1os de edad puede requerir servicios m\u00e9dicos en relaci\u00f3n a los m\u00e9todos anticonceptivos (MAC) y a la interrupci\u00f3n voluntaria del embarazo (IVE), dado que <em>\u201cla familia ya no es una instituci\u00f3n superior\u201d<\/em> y que es la educaci\u00f3n y cada docente quienes deben defender estos derechos frente a discursos que son enga\u00f1osos para garantizar el pleno ejercicio de los derechos en la democracia. <em>\u201cLos discursos libertarios est\u00e1n en contra de la libertad y la autonom\u00eda\u201d,<\/em> enfatiz\u00f3 la letrada.<\/p>\n<p>Para la abogada feminista Nina Brugo, la <em>\u201cLey 26150 fue un avance a las grandes luchas de los DDHH de las mujeres\u201d<\/em>, dado que, <em>\u201cteniendo en cuenta que vivimos en un mundo hegem\u00f3nico y patriarcal, si pudi\u00e9ramos llegar a cada individuo con la ESI no habr\u00eda violencias ni mujeres cosificadas\u201d<\/em>. Agreg\u00f3 que \u201c<em>la ley IVE ayuda a decidir y proponer con car\u00e1cter obligatorio, -en el art\u00edculo 13 que habla de la responsabilidad de implementar la ley 26150- y que debe servir para el fortalecimiento de la poblaci\u00f3n y la capacitaci\u00f3n a docentes\u201d.<\/em> A esto se suma el aporte de la soci\u00f3loga y doctora en ciencias sociales, Eleonor Faur, quien ponder\u00f3 la importancia de los \u00faltimos a\u00f1os en <em>\u201chaber logrado el protagonismo del rol docente\u201d<\/em> dado que, <em>\u201cdesde 2008 a 2015 hubo un mont\u00f3n de trabajo que se hizo a contracorriente apoyado por las redes feministas, aunque la sociedad no reconoc\u00eda a\u00fan la importancia de la ESI\u201d.<\/em><\/p>\n<p>Las cuatro expositoras remarcaron la obligatoriedad de la ley, que no debe estar sujeta a decisiones de los gobiernos locales, ni sometida al ideario de cada comunidad educativa, y que debe atravesar todas las asignaturas. Tambi\u00e9n hicieron hincapi\u00e9 en la importancia de la militancia docente para lograr la sanci\u00f3n de la ley IVE: <em>\u201cNada es casual\u201d,<\/em> enfatiz\u00f3 Martino sobre el compromiso y la militancia de docentes que dan ESI para garantizar los derechos y sostener en la calle los martes verdes, acompa\u00f1ando a las adolescencias. <em>\u201cEra una campa\u00f1a que le pon\u00eda el cuerpo y alimentaba la campa\u00f1a con el slogan educaci\u00f3n sexual para decidir, anticonceptivos para no abortar y aborto legal para no morir, lo que represent\u00f3 el motivo que permiti\u00f3 llegar junto a la construcci\u00f3n colectiva\u201d<\/em>. En sinton\u00eda con este pensamiento, Faur agreg\u00f3 que <em>\u201cdespu\u00e9s de 2015, con la reducci\u00f3n de presupuesto, aument\u00f3 la demanda popular, la revoluci\u00f3n de las hijas, los escraches, los movimientos sociales que son realmente los que cambian las sociedades y fueron los que impulsaron los cambios de los \u00faltimos a\u00f1os\u201d.<\/em><\/p>\n<figure id=\"attachment_69602\" aria-describedby=\"caption-attachment-69602\" style=\"width: 575px\" class=\"wp-caption aligncenter\"><img loading=\"lazy\" decoding=\"async\" class=\" wp-image-69602\" src=\"https:\/\/diariofemenino.com.ar\/df\/wp-content\/uploads\/2023\/06\/Congreso-Pedagogico-6.jpg\" alt=\"Primer Congreso Pedag\u00f3gico 2023 \u201cEntretejidos desde la ESI para la garant\u00eda de derechos\u201d\" width=\"575\" height=\"313\" srcset=\"https:\/\/diariofemenino.com.ar\/df\/wp-content\/uploads\/2023\/06\/Congreso-Pedagogico-6.jpg 1006w, https:\/\/diariofemenino.com.ar\/df\/wp-content\/uploads\/2023\/06\/Congreso-Pedagogico-6-300x163.jpg 300w, https:\/\/diariofemenino.com.ar\/df\/wp-content\/uploads\/2023\/06\/Congreso-Pedagogico-6-768x418.jpg 768w\" sizes=\"auto, (max-width: 575px) 100vw, 575px\" \/><figcaption id=\"caption-attachment-69602\" class=\"wp-caption-text\">Primer Congreso Pedag\u00f3gico 2023 \u201cEntretejidos desde la ESI para la garant\u00eda de derechos\u201d<\/figcaption><\/figure>\n<p>Luego de la mesa de apertura, y a lo largo de cuatro horas ininterrumpidas, hubo mesas de trabajo con docentes de todo el pa\u00eds, quienes expusieron propuestas did\u00e1cticas y experiencias realizadas en todos los niveles educativos. En la presentaci\u00f3n de la ronda <em>\u201cLas pr\u00e1cticas y la E.S.I.\u201d,<\/em> la m\u00e9dica generalista Viviana Mazur, encargada de la Coordinaci\u00f3n Salud Sexual, VIH e Infecciones de Transmisi\u00f3n Sexual (ITS) de la Ciudad de Buenos Aires y referente del Post\u00edtulo de Especializaci\u00f3n en ESI Instituto Joaqu\u00edn V. Gonz\u00e1lez, coment\u00f3 que <em>\u201c<\/em><em>La ESI no es una ley, es un sentimiento de ser y estar en el aula\u201d <\/em>y que quienes vienen transitando estos diecis\u00e9is a\u00f1os de desarrollo de la ley en las aulas <em>\u201choy hacemos de la ESI una forma de militancia y de vida\u201d.<\/em> Tambi\u00e9n hubo tiempo para la recreaci\u00f3n, con talleres de expresi\u00f3n corporal y una performance a cargo de la \u201cDra Concha Caribe Amor\u201d, personaje recreado por la actriz y educadora Mariana Pizarro; adem\u00e1s de presentaci\u00f3n de libros y stands de venta de productos relacionados con la tem\u00e1tica.<\/p>\n<p>Alrededor de las 17 h se dio inicio a la mesa de cierre, con el lema <em>\u201cDe las aulas a las calles\u201d<\/em> y con la disertaci\u00f3n de Claudia Balagu\u00e9, Liliana Maltz y Graciela Morgade. Renata Vismara, una de las organizadoras del evento e integrante de la Red, inici\u00f3 el panel diciendo: <em>\u201cLes docentes construimos conocimientos y trabajamos para y por la garant\u00eda de los derechos. La propuesta es de las aulas a las calles porque seguimos en las calles\u201d.<\/em> Claudia Balague, Diputada socialista de la provincia de Santa Fe y ex ministra de Educaci\u00f3n de la provincia entre 2012 y 2019, rescat\u00f3 la importancia que tuvo trabajar con centros de estudiantes, que fueron protagonistas para poder ir amplificado la ESI en la provincia, logrando bajar a la mitad de la tasa de embarazos adolescentes y detectando casos de abusos tanto en ni\u00f1eces como en escuelas de j\u00f3venes y adultos.<\/p>\n<p>La educadora y psic\u00f3loga social Liliana Maltz abri\u00f3 su exposici\u00f3n diciendo <em>\u201cEmociona lo que est\u00e1 pasando en las aulas\u201d.<\/em> Hizo una descripci\u00f3n detallada de las\u00a0denuncias inveros\u00edmiles que hay en estos momentos en el Nivel Inicial. Se refiri\u00f3 a esto como <em>\u201cun tema doloroso e inc\u00f3modo\u201d<\/em> porque son las docentes las que est\u00e1n poniendo el pecho frente a estas acusaciones. <em>\u201cCuidemos a los docentes, cuidemos a quienes cuidan\u201d <\/em>pidi\u00f3, para luego preguntar a la audiencia <em>\u201c\u00bfQu\u00e9 cuerpos estamos construyendo en este contexto? \u00bfQu\u00e9 marcas estamos promoviendo en las infancias? \u00bfQu\u00e9 ESI estamos construyendo si todo es prohibido, si todo es malo? El marco legal de cuidar a quienes cuidan no est\u00e1 asegurado\u201d<\/em>, concluy\u00f3. A su turno, la docente e investigadora, actual Subsecretaria de Participaci\u00f3n y Democratizaci\u00f3n Educativa del Ministerio de Educaci\u00f3n de la Naci\u00f3n, Graciela Morgade, remarc\u00f3 que <em>\u201c<\/em><em>Enmarcar esta lucha en los 40 a\u00f1os de democracia ayuda a pensar en el contenido militante y la emocionalidad que tiene que ver con nuestras vidas\u201d.<\/em> Hizo un repaso de las leyes que fueron dando participaci\u00f3n c\u00edvica y pol\u00edticas a las mujeres, que construyeron una lucha contra la violencia cis heteropatriarcal, contra la matriz de la mano de los movimientos lgbtq+ pero que aun falta el debate para armar una alianza para pensar con las discapacidades. Luego agreg\u00f3 que <em>\u201cLa ESI es una enorme posibilidad\u201d<\/em> y que es necesario afinar la oreja a las resistencias y para <em>\u201cque nuestro proyecto sume, es por ah\u00ed\u201d.<\/em><\/p>\n<p><em>\u201cSomos militante de la ESI y es importante resistir y luchar por una escuela mejor\u201d<\/em>, plante\u00f3 Vismara al finalizar las disertaciones. <em>\u201cLa lucha en las calles consigui\u00f3 la ESI y el aborto legal. Sostenemos los feminismos en las escuelas y en las aulas, pero tambi\u00e9n en las calles para ganarle a los antiderechos. Por eso es importante que no se siga dividiendo el feminismo<\/em>\u201d. Y as\u00ed, con esas palabras, todas las personas reunidas en el auditorio del Edificio Tornav\u00edas, de la Escuela de Humanidades de la UNSAM, aplaudieron de pie y enarbolaron sus pa\u00f1uelos verdes, s\u00edmbolo de la lucha por el derecho al aborto, que desde 2003 representa el grito y la voz de quienes propugnamos la importancia de exigir pol\u00edticas p\u00fablicas que garanticen <em>\u201cEducaci\u00f3n Sexual para decidir, anticonceptivos para no abortar, aborto legal para no morir\u201d.<\/em><\/p>\n<p><img loading=\"lazy\" decoding=\"async\" class=\"aligncenter wp-image-69600\" src=\"https:\/\/diariofemenino.com.ar\/df\/wp-content\/uploads\/2023\/06\/esi-2-1024x894.jpg\" alt=\"\" width=\"559\" height=\"488\" srcset=\"https:\/\/diariofemenino.com.ar\/df\/wp-content\/uploads\/2023\/06\/esi-2-1024x894.jpg 1024w, https:\/\/diariofemenino.com.ar\/df\/wp-content\/uploads\/2023\/06\/esi-2-300x262.jpg 300w, https:\/\/diariofemenino.com.ar\/df\/wp-content\/uploads\/2023\/06\/esi-2-768x671.jpg 768w\" sizes=\"auto, (max-width: 559px) 100vw, 559px\" \/><\/p>\n<p><strong>(*)<\/strong>\u00a0Docente, comunicadora. Co-directora de\u00a0<strong><a href=\"https:\/\/laesienjuego.com.ar\/\">La ESI en juego<\/a>.<\/strong><br \/>\nColumnista\u00a0de\u00a0<strong><a href=\"https:\/\/diariofemenino.com.ar\/df\/category\/de-esi-si-se-habla\/\">Diario Digital Femenino<\/a><\/strong>\u2013\u00a0<a href=\"https:\/\/diariofemenino.com.ar\/df\/category\/de-esi-si-se-habla\/\">De ESI S\u00ed Se Habla<\/a><\/p>\n<p>&nbsp;<\/p>\n","protected":false},"excerpt":{"rendered":"<p>El s\u00e1bado 10 de junio se llev\u00f3 a cabo el Primer Congreso Pedag\u00f3gico 2023 \u201cEntretejidos desde la ESI para la garant\u00eda de derechos\u201d en el Campus Migueletes, de la Universidad Nacional de San Mart\u00edn (UNSAM), Provincia de Buenos Aires, organizado por La Red de Docentes por el Derecho al Aborto Legal, Seguro y Gratuito. Entre [&hellip;]<\/p>\n","protected":false},"author":4,"featured_media":69601,"comment_status":"open","ping_status":"open","sticky":false,"template":"","format":"standard","meta":{"iawp_total_views":22,"footnotes":""},"categories":[22,7,1067,178,9,21,592],"tags":[6063,4372,172,6064,97,1483,6065,568],"class_list":["post-69599","post","type-post","status-publish","format-standard","has-post-thumbnail","hentry","category-aborto","category-actividades","category-agenda-feminista","category-articulos-y-comunicados","category-de-esi-si-se-habla","category-noticias","category-violencias","tag-congreso-pedagogico","tag-destacada","tag-educacion-sexual-integral","tag-entretejidos","tag-esi","tag-ive","tag-mac","tag-maria-ines-alvarado"],"nelio_content":{"autoShareEndMode":"never","automationSources":{"useCustomSentences":false,"customSentences":[]},"efiAlt":"","efiUrl":"","followers":[4],"highlights":[],"isAutoShareEnabled":true,"networkImageIds":[],"permalinkQueryArgs":[],"series":[],"suggestedReferences":[]},"yoast_head":"<!-- This site is optimized with the Yoast SEO plugin v27.5 - https:\/\/yoast.com\/product\/yoast-seo-wordpress\/ -->\n<title>Primer Congreso Pedag\u00f3gico 2023 \u201cEntretejidos desde la ESI para la garant\u00eda de derechos\u201d - Diario Digital Femenino<\/title>\n<meta name=\"description\" content=\"Primer Congreso Pedag\u00f3gico.\" \/>\n<meta name=\"robots\" content=\"index, follow, max-snippet:-1, max-image-preview:large, max-video-preview:-1\" \/>\n<link rel=\"canonical\" href=\"https:\/\/diariofemenino.com.ar\/df\/primer-congreso-pedagogico-2023\/\" \/>\n<meta property=\"og:locale\" content=\"es_ES\" \/>\n<meta property=\"og:type\" content=\"article\" \/>\n<meta property=\"og:title\" content=\"Primer Congreso Pedag\u00f3gico 2023 \u201cEntretejidos desde la ESI para la garant\u00eda de derechos\u201d - Diario Digital Femenino\" \/>\n<meta property=\"og:description\" content=\"Primer Congreso Pedag\u00f3gico.\" \/>\n<meta property=\"og:url\" content=\"https:\/\/diariofemenino.com.ar\/df\/primer-congreso-pedagogico-2023\/\" \/>\n<meta property=\"og:site_name\" content=\"Diario Digital Femenino\" \/>\n<meta property=\"article:publisher\" content=\"https:\/\/www.facebook.com\/DiarioDigitaFemenino\/\" \/>\n<meta property=\"article:published_time\" content=\"2023-06-15T11:47:53+00:00\" \/>\n<meta property=\"article:modified_time\" content=\"2023-06-15T12:21:38+00:00\" \/>\n<meta property=\"og:image\" content=\"https:\/\/diariofemenino.com.ar\/df\/wp-content\/uploads\/2023\/06\/20230610_173706.jpg\" \/>\n\t<meta property=\"og:image:width\" content=\"4080\" \/>\n\t<meta property=\"og:image:height\" content=\"2296\" \/>\n\t<meta property=\"og:image:type\" content=\"image\/jpeg\" \/>\n<meta name=\"author\" content=\"Admin\" \/>\n<meta name=\"twitter:card\" content=\"summary_large_image\" \/>\n<meta name=\"twitter:creator\" content=\"@DiarioFemenino1\" \/>\n<meta name=\"twitter:site\" content=\"@DiarioFemenino1\" \/>\n<meta name=\"twitter:label1\" content=\"Escrito por\" \/>\n\t<meta name=\"twitter:data1\" content=\"Admin\" \/>\n\t<meta name=\"twitter:label2\" content=\"Tiempo de lectura\" \/>\n\t<meta name=\"twitter:data2\" content=\"8 minutos\" \/>\n<script type=\"application\/ld+json\" class=\"yoast-schema-graph\">{\"@context\":\"https:\\\/\\\/schema.org\",\"@graph\":[{\"@type\":\"Article\",\"@id\":\"https:\\\/\\\/diariofemenino.com.ar\\\/df\\\/primer-congreso-pedagogico-2023\\\/#article\",\"isPartOf\":{\"@id\":\"https:\\\/\\\/diariofemenino.com.ar\\\/df\\\/primer-congreso-pedagogico-2023\\\/\"},\"author\":{\"name\":\"Admin\",\"@id\":\"https:\\\/\\\/diariofemenino.com.ar\\\/df\\\/#\\\/schema\\\/person\\\/bf6199e8158c657ea6f789b11ec85509\"},\"headline\":\"Primer Congreso Pedag\u00f3gico 2023 \u201cEntretejidos desde la ESI para la garant\u00eda de derechos\u201d\",\"datePublished\":\"2023-06-15T11:47:53+00:00\",\"dateModified\":\"2023-06-15T12:21:38+00:00\",\"mainEntityOfPage\":{\"@id\":\"https:\\\/\\\/diariofemenino.com.ar\\\/df\\\/primer-congreso-pedagogico-2023\\\/\"},\"wordCount\":1582,\"commentCount\":0,\"publisher\":{\"@id\":\"https:\\\/\\\/diariofemenino.com.ar\\\/df\\\/#organization\"},\"image\":{\"@id\":\"https:\\\/\\\/diariofemenino.com.ar\\\/df\\\/primer-congreso-pedagogico-2023\\\/#primaryimage\"},\"thumbnailUrl\":\"https:\\\/\\\/diariofemenino.com.ar\\\/df\\\/wp-content\\\/uploads\\\/2023\\\/06\\\/20230610_173706.jpg\",\"keywords\":[\"Congreso Pedag\u00f3gico\",\"Destacada\",\"Educaci\u00f3n Sexual Integral\",\"entretejidos\",\"ESI\",\"IVE\",\"MAC\",\"Mar\u00eda In\u00e9s Alvarado\"],\"articleSection\":[\"Aborto\",\"Actividades\",\"Agenda Feminista\",\"Art\u00edculos y Comunicados\",\"De ESI S\u00ed Se Habla\",\"Noticias\",\"Violencias\"],\"inLanguage\":\"es\",\"potentialAction\":[{\"@type\":\"CommentAction\",\"name\":\"Comment\",\"target\":[\"https:\\\/\\\/diariofemenino.com.ar\\\/df\\\/primer-congreso-pedagogico-2023\\\/#respond\"]}]},{\"@type\":\"WebPage\",\"@id\":\"https:\\\/\\\/diariofemenino.com.ar\\\/df\\\/primer-congreso-pedagogico-2023\\\/\",\"url\":\"https:\\\/\\\/diariofemenino.com.ar\\\/df\\\/primer-congreso-pedagogico-2023\\\/\",\"name\":\"Primer Congreso Pedag\u00f3gico 2023 \u201cEntretejidos desde la ESI para la garant\u00eda de derechos\u201d - Diario Digital Femenino\",\"isPartOf\":{\"@id\":\"https:\\\/\\\/diariofemenino.com.ar\\\/df\\\/#website\"},\"primaryImageOfPage\":{\"@id\":\"https:\\\/\\\/diariofemenino.com.ar\\\/df\\\/primer-congreso-pedagogico-2023\\\/#primaryimage\"},\"image\":{\"@id\":\"https:\\\/\\\/diariofemenino.com.ar\\\/df\\\/primer-congreso-pedagogico-2023\\\/#primaryimage\"},\"thumbnailUrl\":\"https:\\\/\\\/diariofemenino.com.ar\\\/df\\\/wp-content\\\/uploads\\\/2023\\\/06\\\/20230610_173706.jpg\",\"datePublished\":\"2023-06-15T11:47:53+00:00\",\"dateModified\":\"2023-06-15T12:21:38+00:00\",\"description\":\"Primer Congreso Pedag\u00f3gico.\",\"breadcrumb\":{\"@id\":\"https:\\\/\\\/diariofemenino.com.ar\\\/df\\\/primer-congreso-pedagogico-2023\\\/#breadcrumb\"},\"inLanguage\":\"es\",\"potentialAction\":[{\"@type\":\"ReadAction\",\"target\":[\"https:\\\/\\\/diariofemenino.com.ar\\\/df\\\/primer-congreso-pedagogico-2023\\\/\"]}]},{\"@type\":\"ImageObject\",\"inLanguage\":\"es\",\"@id\":\"https:\\\/\\\/diariofemenino.com.ar\\\/df\\\/primer-congreso-pedagogico-2023\\\/#primaryimage\",\"url\":\"https:\\\/\\\/diariofemenino.com.ar\\\/df\\\/wp-content\\\/uploads\\\/2023\\\/06\\\/20230610_173706.jpg\",\"contentUrl\":\"https:\\\/\\\/diariofemenino.com.ar\\\/df\\\/wp-content\\\/uploads\\\/2023\\\/06\\\/20230610_173706.jpg\",\"width\":4080,\"height\":2296,\"caption\":\"Primer Congreso Pedag\u00f3gico 2023 \u201cEntretejidos desde la ESI para la garant\u00eda de derechos\u201d\"},{\"@type\":\"BreadcrumbList\",\"@id\":\"https:\\\/\\\/diariofemenino.com.ar\\\/df\\\/primer-congreso-pedagogico-2023\\\/#breadcrumb\",\"itemListElement\":[{\"@type\":\"ListItem\",\"position\":1,\"name\":\"Portada\",\"item\":\"https:\\\/\\\/diariofemenino.com.ar\\\/df\\\/\"},{\"@type\":\"ListItem\",\"position\":2,\"name\":\"Primer Congreso Pedag\u00f3gico 2023 \u201cEntretejidos desde la ESI para la garant\u00eda de derechos\u201d\"}]},{\"@type\":\"WebSite\",\"@id\":\"https:\\\/\\\/diariofemenino.com.ar\\\/df\\\/#website\",\"url\":\"https:\\\/\\\/diariofemenino.com.ar\\\/df\\\/\",\"name\":\"Diario Digital Femenino\",\"description\":\"Cuesti\u00f3n de G\u00e9nero\",\"publisher\":{\"@id\":\"https:\\\/\\\/diariofemenino.com.ar\\\/df\\\/#organization\"},\"potentialAction\":[{\"@type\":\"SearchAction\",\"target\":{\"@type\":\"EntryPoint\",\"urlTemplate\":\"https:\\\/\\\/diariofemenino.com.ar\\\/df\\\/?s={search_term_string}\"},\"query-input\":{\"@type\":\"PropertyValueSpecification\",\"valueRequired\":true,\"valueName\":\"search_term_string\"}}],\"inLanguage\":\"es\"},{\"@type\":\"Organization\",\"@id\":\"https:\\\/\\\/diariofemenino.com.ar\\\/df\\\/#organization\",\"name\":\"Diario Femenino\",\"url\":\"https:\\\/\\\/diariofemenino.com.ar\\\/df\\\/\",\"logo\":{\"@type\":\"ImageObject\",\"inLanguage\":\"es\",\"@id\":\"https:\\\/\\\/diariofemenino.com.ar\\\/df\\\/#\\\/schema\\\/logo\\\/image\\\/\",\"url\":\"https:\\\/\\\/diariofemenino.com.ar\\\/df\\\/wp-content\\\/uploads\\\/2018\\\/10\\\/logo.png\",\"contentUrl\":\"https:\\\/\\\/diariofemenino.com.ar\\\/df\\\/wp-content\\\/uploads\\\/2018\\\/10\\\/logo.png\",\"width\":500,\"height\":92,\"caption\":\"Diario Femenino\"},\"image\":{\"@id\":\"https:\\\/\\\/diariofemenino.com.ar\\\/df\\\/#\\\/schema\\\/logo\\\/image\\\/\"},\"sameAs\":[\"https:\\\/\\\/www.facebook.com\\\/DiarioDigitaFemenino\\\/\",\"https:\\\/\\\/x.com\\\/DiarioFemenino1\"]},{\"@type\":\"Person\",\"@id\":\"https:\\\/\\\/diariofemenino.com.ar\\\/df\\\/#\\\/schema\\\/person\\\/bf6199e8158c657ea6f789b11ec85509\",\"name\":\"Admin\",\"image\":{\"@type\":\"ImageObject\",\"inLanguage\":\"es\",\"@id\":\"https:\\\/\\\/diariofemenino.com.ar\\\/df\\\/wp-content\\\/uploads\\\/2018\\\/12\\\/favicon-150x150.jpg\",\"url\":\"https:\\\/\\\/diariofemenino.com.ar\\\/df\\\/wp-content\\\/uploads\\\/2018\\\/12\\\/favicon-150x150.jpg\",\"contentUrl\":\"https:\\\/\\\/diariofemenino.com.ar\\\/df\\\/wp-content\\\/uploads\\\/2018\\\/12\\\/favicon-150x150.jpg\",\"caption\":\"Admin\"},\"url\":\"https:\\\/\\\/diariofemenino.com.ar\\\/df\\\/author\\\/lenny\\\/\"}]}<\/script>\n<!-- \/ Yoast SEO plugin. -->","yoast_head_json":{"title":"Primer Congreso Pedag\u00f3gico 2023 \u201cEntretejidos desde la ESI para la garant\u00eda de derechos\u201d - Diario Digital Femenino","description":"Primer Congreso Pedag\u00f3gico.","robots":{"index":"index","follow":"follow","max-snippet":"max-snippet:-1","max-image-preview":"max-image-preview:large","max-video-preview":"max-video-preview:-1"},"canonical":"https:\/\/diariofemenino.com.ar\/df\/primer-congreso-pedagogico-2023\/","og_locale":"es_ES","og_type":"article","og_title":"Primer Congreso Pedag\u00f3gico 2023 \u201cEntretejidos desde la ESI para la garant\u00eda de derechos\u201d - Diario Digital Femenino","og_description":"Primer Congreso Pedag\u00f3gico.","og_url":"https:\/\/diariofemenino.com.ar\/df\/primer-congreso-pedagogico-2023\/","og_site_name":"Diario Digital Femenino","article_publisher":"https:\/\/www.facebook.com\/DiarioDigitaFemenino\/","article_published_time":"2023-06-15T11:47:53+00:00","article_modified_time":"2023-06-15T12:21:38+00:00","og_image":[{"width":4080,"height":2296,"url":"https:\/\/diariofemenino.com.ar\/df\/wp-content\/uploads\/2023\/06\/20230610_173706.jpg","type":"image\/jpeg"}],"author":"Admin","twitter_card":"summary_large_image","twitter_creator":"@DiarioFemenino1","twitter_site":"@DiarioFemenino1","twitter_misc":{"Escrito por":"Admin","Tiempo de lectura":"8 minutos"},"schema":{"@context":"https:\/\/schema.org","@graph":[{"@type":"Article","@id":"https:\/\/diariofemenino.com.ar\/df\/primer-congreso-pedagogico-2023\/#article","isPartOf":{"@id":"https:\/\/diariofemenino.com.ar\/df\/primer-congreso-pedagogico-2023\/"},"author":{"name":"Admin","@id":"https:\/\/diariofemenino.com.ar\/df\/#\/schema\/person\/bf6199e8158c657ea6f789b11ec85509"},"headline":"Primer Congreso Pedag\u00f3gico 2023 \u201cEntretejidos desde la ESI para la garant\u00eda de derechos\u201d","datePublished":"2023-06-15T11:47:53+00:00","dateModified":"2023-06-15T12:21:38+00:00","mainEntityOfPage":{"@id":"https:\/\/diariofemenino.com.ar\/df\/primer-congreso-pedagogico-2023\/"},"wordCount":1582,"commentCount":0,"publisher":{"@id":"https:\/\/diariofemenino.com.ar\/df\/#organization"},"image":{"@id":"https:\/\/diariofemenino.com.ar\/df\/primer-congreso-pedagogico-2023\/#primaryimage"},"thumbnailUrl":"https:\/\/diariofemenino.com.ar\/df\/wp-content\/uploads\/2023\/06\/20230610_173706.jpg","keywords":["Congreso Pedag\u00f3gico","Destacada","Educaci\u00f3n Sexual Integral","entretejidos","ESI","IVE","MAC","Mar\u00eda In\u00e9s Alvarado"],"articleSection":["Aborto","Actividades","Agenda Feminista","Art\u00edculos y Comunicados","De ESI S\u00ed Se Habla","Noticias","Violencias"],"inLanguage":"es","potentialAction":[{"@type":"CommentAction","name":"Comment","target":["https:\/\/diariofemenino.com.ar\/df\/primer-congreso-pedagogico-2023\/#respond"]}]},{"@type":"WebPage","@id":"https:\/\/diariofemenino.com.ar\/df\/primer-congreso-pedagogico-2023\/","url":"https:\/\/diariofemenino.com.ar\/df\/primer-congreso-pedagogico-2023\/","name":"Primer Congreso Pedag\u00f3gico 2023 \u201cEntretejidos desde la ESI para la garant\u00eda de derechos\u201d - Diario Digital Femenino","isPartOf":{"@id":"https:\/\/diariofemenino.com.ar\/df\/#website"},"primaryImageOfPage":{"@id":"https:\/\/diariofemenino.com.ar\/df\/primer-congreso-pedagogico-2023\/#primaryimage"},"image":{"@id":"https:\/\/diariofemenino.com.ar\/df\/primer-congreso-pedagogico-2023\/#primaryimage"},"thumbnailUrl":"https:\/\/diariofemenino.com.ar\/df\/wp-content\/uploads\/2023\/06\/20230610_173706.jpg","datePublished":"2023-06-15T11:47:53+00:00","dateModified":"2023-06-15T12:21:38+00:00","description":"Primer Congreso Pedag\u00f3gico.","breadcrumb":{"@id":"https:\/\/diariofemenino.com.ar\/df\/primer-congreso-pedagogico-2023\/#breadcrumb"},"inLanguage":"es","potentialAction":[{"@type":"ReadAction","target":["https:\/\/diariofemenino.com.ar\/df\/primer-congreso-pedagogico-2023\/"]}]},{"@type":"ImageObject","inLanguage":"es","@id":"https:\/\/diariofemenino.com.ar\/df\/primer-congreso-pedagogico-2023\/#primaryimage","url":"https:\/\/diariofemenino.com.ar\/df\/wp-content\/uploads\/2023\/06\/20230610_173706.jpg","contentUrl":"https:\/\/diariofemenino.com.ar\/df\/wp-content\/uploads\/2023\/06\/20230610_173706.jpg","width":4080,"height":2296,"caption":"Primer Congreso Pedag\u00f3gico 2023 \u201cEntretejidos desde la ESI para la garant\u00eda de derechos\u201d"},{"@type":"BreadcrumbList","@id":"https:\/\/diariofemenino.com.ar\/df\/primer-congreso-pedagogico-2023\/#breadcrumb","itemListElement":[{"@type":"ListItem","position":1,"name":"Portada","item":"https:\/\/diariofemenino.com.ar\/df\/"},{"@type":"ListItem","position":2,"name":"Primer Congreso Pedag\u00f3gico 2023 \u201cEntretejidos desde la ESI para la garant\u00eda de derechos\u201d"}]},{"@type":"WebSite","@id":"https:\/\/diariofemenino.com.ar\/df\/#website","url":"https:\/\/diariofemenino.com.ar\/df\/","name":"Diario Digital Femenino","description":"Cuesti\u00f3n de G\u00e9nero","publisher":{"@id":"https:\/\/diariofemenino.com.ar\/df\/#organization"},"potentialAction":[{"@type":"SearchAction","target":{"@type":"EntryPoint","urlTemplate":"https:\/\/diariofemenino.com.ar\/df\/?s={search_term_string}"},"query-input":{"@type":"PropertyValueSpecification","valueRequired":true,"valueName":"search_term_string"}}],"inLanguage":"es"},{"@type":"Organization","@id":"https:\/\/diariofemenino.com.ar\/df\/#organization","name":"Diario Femenino","url":"https:\/\/diariofemenino.com.ar\/df\/","logo":{"@type":"ImageObject","inLanguage":"es","@id":"https:\/\/diariofemenino.com.ar\/df\/#\/schema\/logo\/image\/","url":"https:\/\/diariofemenino.com.ar\/df\/wp-content\/uploads\/2018\/10\/logo.png","contentUrl":"https:\/\/diariofemenino.com.ar\/df\/wp-content\/uploads\/2018\/10\/logo.png","width":500,"height":92,"caption":"Diario Femenino"},"image":{"@id":"https:\/\/diariofemenino.com.ar\/df\/#\/schema\/logo\/image\/"},"sameAs":["https:\/\/www.facebook.com\/DiarioDigitaFemenino\/","https:\/\/x.com\/DiarioFemenino1"]},{"@type":"Person","@id":"https:\/\/diariofemenino.com.ar\/df\/#\/schema\/person\/bf6199e8158c657ea6f789b11ec85509","name":"Admin","image":{"@type":"ImageObject","inLanguage":"es","@id":"https:\/\/diariofemenino.com.ar\/df\/wp-content\/uploads\/2018\/12\/favicon-150x150.jpg","url":"https:\/\/diariofemenino.com.ar\/df\/wp-content\/uploads\/2018\/12\/favicon-150x150.jpg","contentUrl":"https:\/\/diariofemenino.com.ar\/df\/wp-content\/uploads\/2018\/12\/favicon-150x150.jpg","caption":"Admin"},"url":"https:\/\/diariofemenino.com.ar\/df\/author\/lenny\/"}]}},"jetpack_featured_media_url":"https:\/\/diariofemenino.com.ar\/df\/wp-content\/uploads\/2023\/06\/20230610_173706.jpg","jetpack_sharing_enabled":true,"rttpg_featured_image_url":{"full":["https:\/\/diariofemenino.com.ar\/df\/wp-content\/uploads\/2023\/06\/20230610_173706.jpg",4080,2296,false],"landscape":["https:\/\/diariofemenino.com.ar\/df\/wp-content\/uploads\/2023\/06\/20230610_173706.jpg",4080,2296,false],"portraits":["https:\/\/diariofemenino.com.ar\/df\/wp-content\/uploads\/2023\/06\/20230610_173706.jpg",4080,2296,false],"thumbnail":["https:\/\/diariofemenino.com.ar\/df\/wp-content\/uploads\/2023\/06\/20230610_173706-150x150.jpg",150,150,true],"medium":["https:\/\/diariofemenino.com.ar\/df\/wp-content\/uploads\/2023\/06\/20230610_173706-300x169.jpg",300,169,true],"large":["https:\/\/diariofemenino.com.ar\/df\/wp-content\/uploads\/2023\/06\/20230610_173706-1024x576.jpg",1024,576,true],"1536x1536":["https:\/\/diariofemenino.com.ar\/df\/wp-content\/uploads\/2023\/06\/20230610_173706.jpg",1536,864,false],"2048x2048":["https:\/\/diariofemenino.com.ar\/df\/wp-content\/uploads\/2023\/06\/20230610_173706.jpg",2048,1153,false]},"rttpg_author":{"display_name":"Admin","author_link":"https:\/\/diariofemenino.com.ar\/df\/author\/lenny\/"},"rttpg_comment":0,"rttpg_category":"<a href=\"https:\/\/diariofemenino.com.ar\/df\/category\/aborto\/\" rel=\"category tag\">Aborto<\/a> <a href=\"https:\/\/diariofemenino.com.ar\/df\/category\/actividades\/\" rel=\"category tag\">Actividades<\/a> <a href=\"https:\/\/diariofemenino.com.ar\/df\/category\/agenda-feminista\/\" rel=\"category tag\">Agenda Feminista<\/a> <a href=\"https:\/\/diariofemenino.com.ar\/df\/category\/articulos-y-comunicados\/\" rel=\"category tag\">Art\u00edculos y Comunicados<\/a> <a href=\"https:\/\/diariofemenino.com.ar\/df\/category\/de-esi-si-se-habla\/\" rel=\"category tag\">De ESI S\u00ed Se Habla<\/a> <a href=\"https:\/\/diariofemenino.com.ar\/df\/category\/noticias\/\" rel=\"category tag\">Noticias<\/a> <a href=\"https:\/\/diariofemenino.com.ar\/df\/category\/violencias\/\" rel=\"category tag\">Violencias<\/a>","rttpg_excerpt":"El s\u00e1bado 10 de junio se llev\u00f3 a cabo el Primer Congreso Pedag\u00f3gico 2023 \u201cEntretejidos desde la ESI para la garant\u00eda de derechos\u201d en el Campus Migueletes, de la Universidad Nacional de San Mart\u00edn (UNSAM), Provincia de Buenos Aires, organizado por La Red de Docentes por el Derecho al Aborto Legal, Seguro y Gratuito. Entre&hellip;","_links":{"self":[{"href":"https:\/\/diariofemenino.com.ar\/df\/wp-json\/wp\/v2\/posts\/69599","targetHints":{"allow":["GET"]}}],"collection":[{"href":"https:\/\/diariofemenino.com.ar\/df\/wp-json\/wp\/v2\/posts"}],"about":[{"href":"https:\/\/diariofemenino.com.ar\/df\/wp-json\/wp\/v2\/types\/post"}],"author":[{"embeddable":true,"href":"https:\/\/diariofemenino.com.ar\/df\/wp-json\/wp\/v2\/users\/4"}],"replies":[{"embeddable":true,"href":"https:\/\/diariofemenino.com.ar\/df\/wp-json\/wp\/v2\/comments?post=69599"}],"version-history":[{"count":0,"href":"https:\/\/diariofemenino.com.ar\/df\/wp-json\/wp\/v2\/posts\/69599\/revisions"}],"wp:featuredmedia":[{"embeddable":true,"href":"https:\/\/diariofemenino.com.ar\/df\/wp-json\/wp\/v2\/media\/69601"}],"wp:attachment":[{"href":"https:\/\/diariofemenino.com.ar\/df\/wp-json\/wp\/v2\/media?parent=69599"}],"wp:term":[{"taxonomy":"category","embeddable":true,"href":"https:\/\/diariofemenino.com.ar\/df\/wp-json\/wp\/v2\/categories?post=69599"},{"taxonomy":"post_tag","embeddable":true,"href":"https:\/\/diariofemenino.com.ar\/df\/wp-json\/wp\/v2\/tags?post=69599"}],"curies":[{"name":"wp","href":"https:\/\/api.w.org\/{rel}","templated":true}]}}