{"id":69592,"date":"2023-06-14T11:45:21","date_gmt":"2023-06-14T14:45:21","guid":{"rendered":"https:\/\/diariofemenino.com.ar\/df\/?p=69592"},"modified":"2023-06-14T11:45:21","modified_gmt":"2023-06-14T14:45:21","slug":"primer-relevamiento-nacional-de-condiciones-de-vida-de-la-diversidad-sexual-y-generica-en-argentina","status":"publish","type":"post","link":"https:\/\/diariofemenino.com.ar\/df\/primer-relevamiento-nacional-de-condiciones-de-vida-de-la-diversidad-sexual-y-generica-en-argentina\/","title":{"rendered":"Primer relevamiento nacional de condiciones de vida de la diversidad sexual y gen\u00e9rica en Argentina"},"content":{"rendered":"<p>Primer relevamiento nacional. M\u00e1s de 40 profesionales de diferentes disciplinas de las ciencias sociales y humanidades, con diferentes grados de formaci\u00f3n, conforman el grupo de trabajo que realiza el relevamiento de la <a href=\"https:\/\/diariofemenino.com.ar\/df\/diversidad-sexual-y-derechos-humanos-guias\/\">diversidad<\/a>\u00a0sexual que busca conocer las inserciones laborales de esta poblaci\u00f3n a escala nacional.<\/p>\n<p>El proyecto cuenta con el financiamiento de la Agencia I+D+i, en un convenio con el Ministerio de las Mujeres, G\u00e9neros y Diversidad, bajo la convocatoria PICTO-G\u00e9nero.\u00a0El 1er Relevamiento Nacional de Condiciones de Vida de la Diversidad Sexual y Gen\u00e9rica en la Argentina busca conocer las condiciones de vida de la poblaci\u00f3n de la diversidad sexual y de g\u00e9nero de nuestro pa\u00eds.<\/p>\n<p><strong>\u00bfPara qu\u00e9 se realiza el relevamiento?<\/strong><\/p>\n<p>Es necesario para obtener datos estad\u00edsticos de calidad sobre las condiciones de vida de la poblaci\u00f3n de la diversidad sexual y de g\u00e9nero de nuestro pa\u00eds, en especial en lo referido al \u00e1mbito econ\u00f3mico y el mercado del trabajo. Contar con esta informaci\u00f3n es crucial para el desarrollo de pol\u00edticas p\u00fablicas espec\u00edficas para la poblaci\u00f3n. Al mismo tiempo, estos datos permiten estudiar el impacto de las diferentes iniciativas que se llevaron a cabo en materia de reconocimiento de derechos a la poblaci\u00f3n LGBTIQ+ en el pa\u00eds.<\/p>\n<p><strong>Encuesta<\/strong><\/p>\n<p>Una de las acciones del proyecto consiste en la realizaci\u00f3n de una encuesta, a nivel nacional, sobre condiciones de vida de la poblaci\u00f3n de la diversidad sexual y de g\u00e9nero. Por condiciones de vida entendemos principalmente, pero no de forma exclusiva,\u00a0 aquellas formas de relaci\u00f3n con el \u00e1mbito laboral\/productivo y econ\u00f3mico que les permite garantizar su subsistencia. La encuesta es an\u00f3nima, virtual y autoadministrada. Se podr\u00e1 completar hasta el 30 de julio de 2023.<\/p>\n<p><em>Para ingresar a la encuesta. Hacer click <a href=\"https:\/\/encuestas3.unc.edu.ar\/index.php?r=survey\/index&amp;sid=828253\">AC\u00c1<\/a>\u00a0<\/em><\/p>\n<p><strong>Entrevista<\/strong><\/p>\n<p>En tanto el proyecto busca generar informaci\u00f3n que contribuya con el dise\u00f1o de pol\u00edticas p\u00fablicas, la segunda de las acciones consiste en la realizaci\u00f3n de entrevistas cualitativas a referentes de diferentes espacios (de la funci\u00f3n p\u00fablica, activista, empresarial, sindical, cooperativo). Estas entrevistas tienen como fin reconstruir, desde la mirada experta, las problem\u00e1ticas en torno a la diversidad sexual y de g\u00e9nero en su vinculaci\u00f3n con los \u00e1mbitos econ\u00f3micos.<\/p>\n<p><strong>Mapeo de organizaciones<\/strong><\/p>\n<p>La tercera acci\u00f3n identifica las diferentes organizaciones, agrupaciones y espacios culturales referidas a la diversidad sexual y de g\u00e9nero en los diferentes lugares del pa\u00eds. El objetivo de esta acci\u00f3n radica en explorar y situar las acciones que se est\u00e1n llevando a cabo con el fin de mejorar las condiciones de vida de la poblaci\u00f3n de la diversidad sexual y de g\u00e9nero en diferentes localidades del pa\u00eds.<\/p>\n<p><strong>Relevamiento bibliogr\u00e1fico<\/strong><\/p>\n<p>Con el fin de contribuir con la federalizaci\u00f3n del conocimiento, esta acci\u00f3n busca identificar y sistematizar las contribuciones que se hayan hecho hasta el momento desde diferentes espacios \u2014acad\u00e9micos, activistas, de la administraci\u00f3n p\u00fablica, etc.\u2014.<\/p>\n<p>Este relevamiento bibliogr\u00e1fico exhaustivo propone una contribuci\u00f3n a la clasificaci\u00f3n y eventual circulaci\u00f3n de los trabajos ya realizados en tem\u00e1ticas afines a nuestro proyecto.<\/p>\n<p><strong>\u00bfQui\u00e9nes lo organizan?<\/strong><\/p>\n<p>El proyecto est\u00e1 conformado por m\u00e1s de 40 profesionales de diferentes disciplinas de las ciencias sociales y humanidades, con grados de formaci\u00f3n diferentes.<\/p>\n<p>Las instituciones que forman parte de este proyecto son:<\/p>\n<ul>\n<li>Centro de Estudios de Poblaci\u00f3n (CENEP)<\/li>\n<li>Universidad Nacional de Comahue (UNComa)<\/li>\n<li>Universidad Nacional de C\u00f3rdoba (UNC)<\/li>\n<li>Instituto de Investigaciones Geohist\u00f3ricas (IIGHI &#8211; CONICET\/UNNE)<\/li>\n<li>Universidad Nacional de Salta (UNSa)<\/li>\n<li>Universidad Nacional de San Mart\u00edn (UNSAM)<\/li>\n<li>Consejo Nacional de Investigaciones Cient\u00edficas y T\u00e9cnicas (CONICET).<\/li>\n<\/ul>\n<figure id=\"attachment_69597\" aria-describedby=\"caption-attachment-69597\" style=\"width: 600px\" class=\"wp-caption aligncenter\"><img loading=\"lazy\" decoding=\"async\" class=\"size-full wp-image-69597\" src=\"https:\/\/diariofemenino.com.ar\/df\/wp-content\/uploads\/2023\/06\/LGTBI-OK.jpg\" alt=\"Primer relevamiento nacional de condiciones de vida de la diversidad sexual y gen\u00e9rica en Argentina\" width=\"600\" height=\"338\" srcset=\"https:\/\/diariofemenino.com.ar\/df\/wp-content\/uploads\/2023\/06\/LGTBI-OK.jpg 600w, https:\/\/diariofemenino.com.ar\/df\/wp-content\/uploads\/2023\/06\/LGTBI-OK-300x169.jpg 300w\" sizes=\"auto, (max-width: 600px) 100vw, 600px\" \/><figcaption id=\"caption-attachment-69597\" class=\"wp-caption-text\">Primer relevamiento nacional de condiciones de vida de la diversidad sexual y gen\u00e9rica en Argentina<\/figcaption><\/figure>\n<p>El proyecto cuenta con el financiamiento de la Agencia I+D+i, en un convenio con el Ministerio de las Mujeres, G\u00e9neros y Diversidad, bajo la convocatoria PICTO-G\u00e9nero.<\/p>\n<p>El grupo de trabajo se encuentra conformado por seis nodos que corresponden cada uno a una regi\u00f3n: CABA, Patagonia, Centro, Noreste\/Litoral, NOA y Regi\u00f3n Metropolitana de Buenos Aires. Adem\u00e1s, colaboran en el equipo profesionales de otras regiones del pa\u00eds.<\/p>\n<p><strong>\u00bfC\u00f3mo se responde la encuesta?<\/strong><\/p>\n<p>Se trata de una encuesta an\u00f3nima, virtual y autoadministrada. Para responder a la encuesta, se accede al formulario desde censodiversidad.ar. Se puede responder desde una computadora, notebook, celular o tablet. Que la encuesta sea autoadministrada significa que la completa la misma persona encuestada en cualquier momento y las respuestas quedan guardadas. Si hay dudas sobre c\u00f3mo responder alguna pregunta en particular, se pueden enviar consultas por correo electr\u00f3nico, Instagram, Twitter o Facebook. Para garantizar el\u00a0 anonimato, ninguna consulta se vincular\u00e1 con las respuestas dadas.<\/p>\n<p><strong>\u00bfHasta cu\u00e1ndo hay tiempo de responder?<\/strong><\/p>\n<p>La encuesta virtual est\u00e1 disponible para ser respondida desde principios de mayo hasta fines de julio de 2023.<\/p>\n<p><strong>\u00bfQu\u00e9 requisitos debo cumplir para responder la encuesta?<\/strong><\/p>\n<p>La encuesta est\u00e1 destinada a\u00a0 personas\u00a0 residentes\u00a0 en\u00a0 Argentina\u00a0 mayores\u00a0 de\u00a0 16\u00a0 a\u00f1os\u00a0 que\u00a0 se\u00a0 autoperciban\u00a0 e\u00a0 identifiquen\u00a0 como LGTBIQ+. Cualquier persona que cumpla con estos criterios puede responder el cuestionario<\/p>\n<p>Para m\u00e1s informaci\u00f3n:<a href=\"http:\/\/www.censodiversidad.ar\">\u00a0www.censodiversidad.ar<\/a><\/p>\n<p>Solicitar contacto de prensa en <a href=\"mailto:redaccion@diariofemenino.com.ar\">redaccion@diariofemenino.com.ar<\/a><\/p>\n<p>&nbsp;<\/p>\n","protected":false},"excerpt":{"rendered":"<p>Primer relevamiento nacional. M\u00e1s de 40 profesionales de diferentes disciplinas de las ciencias sociales y humanidades, con diferentes grados de formaci\u00f3n, conforman el grupo de trabajo que realiza el relevamiento de la diversidad\u00a0sexual que busca conocer las inserciones laborales de esta poblaci\u00f3n a escala nacional. El proyecto cuenta con el financiamiento de la Agencia I+D+i, [&hellip;]<\/p>\n","protected":false},"author":4,"featured_media":69596,"comment_status":"open","ping_status":"open","sticky":false,"template":"","format":"standard","meta":{"iawp_total_views":4,"footnotes":""},"categories":[7,1067,178,3,627,182,4,23],"tags":[251,3946,4372,67,150,3209,6062,382,45],"class_list":["post-69592","post","type-post","status-publish","format-standard","has-post-thumbnail","hentry","category-actividades","category-agenda-feminista","category-articulos-y-comunicados","category-de-la-revolucion-al-reaprendizaje","category-genero-y-derechos-humanos","category-informes","category-medios","category-salud","tag-argentina","tag-autonomia","tag-destacada","tag-diversidad-sexual","tag-economia","tag-encuesta","tag-relevamiento-nacional","tag-salud","tag-trabajo"],"nelio_content":{"autoShareEndMode":"never","automationSources":{"useCustomSentences":false,"customSentences":[]},"efiAlt":"","efiUrl":"","followers":[4],"highlights":[],"isAutoShareEnabled":true,"networkImageIds":[],"permalinkQueryArgs":[],"series":[],"suggestedReferences":[]},"yoast_head":"<!-- This site is optimized with the Yoast SEO plugin v27.5 - https:\/\/yoast.com\/product\/yoast-seo-wordpress\/ -->\n<title>Primer relevamiento nacional de condiciones de vida de la diversidad sexual y gen\u00e9rica en Argentina - Diario Digital Femenino<\/title>\n<meta name=\"description\" content=\"Primer relevamiento nacional. Lo realizar\u00e1n m\u00e1s de 40 profesionales de diferentes disciplinas de las ciencias sociales y humanidades.\" \/>\n<meta name=\"robots\" content=\"index, follow, max-snippet:-1, max-image-preview:large, max-video-preview:-1\" \/>\n<link rel=\"canonical\" href=\"https:\/\/diariofemenino.com.ar\/df\/primer-relevamiento-nacional-de-condiciones-de-vida-de-la-diversidad-sexual-y-generica-en-argentina\/\" \/>\n<meta property=\"og:locale\" content=\"es_ES\" \/>\n<meta property=\"og:type\" content=\"article\" \/>\n<meta property=\"og:title\" content=\"Primer relevamiento nacional de condiciones de vida de la diversidad sexual y gen\u00e9rica en Argentina - Diario Digital Femenino\" \/>\n<meta property=\"og:description\" content=\"Primer relevamiento nacional. Lo realizar\u00e1n m\u00e1s de 40 profesionales de diferentes disciplinas de las ciencias sociales y humanidades.\" \/>\n<meta property=\"og:url\" content=\"https:\/\/diariofemenino.com.ar\/df\/primer-relevamiento-nacional-de-condiciones-de-vida-de-la-diversidad-sexual-y-generica-en-argentina\/\" \/>\n<meta property=\"og:site_name\" content=\"Diario Digital Femenino\" \/>\n<meta property=\"article:publisher\" content=\"https:\/\/www.facebook.com\/DiarioDigitaFemenino\/\" \/>\n<meta property=\"article:published_time\" content=\"2023-06-14T14:45:21+00:00\" \/>\n<meta property=\"og:image\" content=\"https:\/\/diariofemenino.com.ar\/df\/wp-content\/uploads\/2023\/06\/Web-Primer-Relevamiento-LGTBIQ_web.jpg\" \/>\n\t<meta property=\"og:image:width\" content=\"995\" \/>\n\t<meta property=\"og:image:height\" content=\"560\" \/>\n\t<meta property=\"og:image:type\" content=\"image\/jpeg\" \/>\n<meta name=\"author\" content=\"Admin\" \/>\n<meta name=\"twitter:card\" content=\"summary_large_image\" \/>\n<meta name=\"twitter:creator\" content=\"@DiarioFemenino1\" \/>\n<meta name=\"twitter:site\" content=\"@DiarioFemenino1\" \/>\n<meta name=\"twitter:label1\" content=\"Escrito por\" \/>\n\t<meta name=\"twitter:data1\" content=\"Admin\" \/>\n\t<meta name=\"twitter:label2\" content=\"Tiempo de lectura\" \/>\n\t<meta name=\"twitter:data2\" content=\"4 minutos\" \/>\n<script type=\"application\/ld+json\" class=\"yoast-schema-graph\">{\"@context\":\"https:\\\/\\\/schema.org\",\"@graph\":[{\"@type\":\"Article\",\"@id\":\"https:\\\/\\\/diariofemenino.com.ar\\\/df\\\/primer-relevamiento-nacional-de-condiciones-de-vida-de-la-diversidad-sexual-y-generica-en-argentina\\\/#article\",\"isPartOf\":{\"@id\":\"https:\\\/\\\/diariofemenino.com.ar\\\/df\\\/primer-relevamiento-nacional-de-condiciones-de-vida-de-la-diversidad-sexual-y-generica-en-argentina\\\/\"},\"author\":{\"name\":\"Admin\",\"@id\":\"https:\\\/\\\/diariofemenino.com.ar\\\/df\\\/#\\\/schema\\\/person\\\/bf6199e8158c657ea6f789b11ec85509\"},\"headline\":\"Primer relevamiento nacional de condiciones de vida de la diversidad sexual y gen\u00e9rica en Argentina\",\"datePublished\":\"2023-06-14T14:45:21+00:00\",\"mainEntityOfPage\":{\"@id\":\"https:\\\/\\\/diariofemenino.com.ar\\\/df\\\/primer-relevamiento-nacional-de-condiciones-de-vida-de-la-diversidad-sexual-y-generica-en-argentina\\\/\"},\"wordCount\":914,\"commentCount\":0,\"publisher\":{\"@id\":\"https:\\\/\\\/diariofemenino.com.ar\\\/df\\\/#organization\"},\"image\":{\"@id\":\"https:\\\/\\\/diariofemenino.com.ar\\\/df\\\/primer-relevamiento-nacional-de-condiciones-de-vida-de-la-diversidad-sexual-y-generica-en-argentina\\\/#primaryimage\"},\"thumbnailUrl\":\"https:\\\/\\\/diariofemenino.com.ar\\\/df\\\/wp-content\\\/uploads\\\/2023\\\/06\\\/Web-Primer-Relevamiento-LGTBIQ_web.jpg\",\"keywords\":[\"#argentina\",\"Autonom\u00eda\",\"Destacada\",\"Diversidad sexual\",\"Econom\u00eda\",\"Encuesta\",\"relevamiento nacional\",\"Salud\",\"Trabajo\"],\"articleSection\":[\"Actividades\",\"Agenda Feminista\",\"Art\u00edculos y Comunicados\",\"De la Revoluci\u00f3n al Reaprendizaje\",\"G\u00e9nero y Derechos Humanos\",\"Informes\",\"Medios\",\"Salud\"],\"inLanguage\":\"es\",\"potentialAction\":[{\"@type\":\"CommentAction\",\"name\":\"Comment\",\"target\":[\"https:\\\/\\\/diariofemenino.com.ar\\\/df\\\/primer-relevamiento-nacional-de-condiciones-de-vida-de-la-diversidad-sexual-y-generica-en-argentina\\\/#respond\"]}]},{\"@type\":\"WebPage\",\"@id\":\"https:\\\/\\\/diariofemenino.com.ar\\\/df\\\/primer-relevamiento-nacional-de-condiciones-de-vida-de-la-diversidad-sexual-y-generica-en-argentina\\\/\",\"url\":\"https:\\\/\\\/diariofemenino.com.ar\\\/df\\\/primer-relevamiento-nacional-de-condiciones-de-vida-de-la-diversidad-sexual-y-generica-en-argentina\\\/\",\"name\":\"Primer relevamiento nacional de condiciones de vida de la diversidad sexual y gen\u00e9rica en Argentina - Diario Digital Femenino\",\"isPartOf\":{\"@id\":\"https:\\\/\\\/diariofemenino.com.ar\\\/df\\\/#website\"},\"primaryImageOfPage\":{\"@id\":\"https:\\\/\\\/diariofemenino.com.ar\\\/df\\\/primer-relevamiento-nacional-de-condiciones-de-vida-de-la-diversidad-sexual-y-generica-en-argentina\\\/#primaryimage\"},\"image\":{\"@id\":\"https:\\\/\\\/diariofemenino.com.ar\\\/df\\\/primer-relevamiento-nacional-de-condiciones-de-vida-de-la-diversidad-sexual-y-generica-en-argentina\\\/#primaryimage\"},\"thumbnailUrl\":\"https:\\\/\\\/diariofemenino.com.ar\\\/df\\\/wp-content\\\/uploads\\\/2023\\\/06\\\/Web-Primer-Relevamiento-LGTBIQ_web.jpg\",\"datePublished\":\"2023-06-14T14:45:21+00:00\",\"description\":\"Primer relevamiento nacional. Lo realizar\u00e1n m\u00e1s de 40 profesionales de diferentes disciplinas de las ciencias sociales y humanidades.\",\"breadcrumb\":{\"@id\":\"https:\\\/\\\/diariofemenino.com.ar\\\/df\\\/primer-relevamiento-nacional-de-condiciones-de-vida-de-la-diversidad-sexual-y-generica-en-argentina\\\/#breadcrumb\"},\"inLanguage\":\"es\",\"potentialAction\":[{\"@type\":\"ReadAction\",\"target\":[\"https:\\\/\\\/diariofemenino.com.ar\\\/df\\\/primer-relevamiento-nacional-de-condiciones-de-vida-de-la-diversidad-sexual-y-generica-en-argentina\\\/\"]}]},{\"@type\":\"ImageObject\",\"inLanguage\":\"es\",\"@id\":\"https:\\\/\\\/diariofemenino.com.ar\\\/df\\\/primer-relevamiento-nacional-de-condiciones-de-vida-de-la-diversidad-sexual-y-generica-en-argentina\\\/#primaryimage\",\"url\":\"https:\\\/\\\/diariofemenino.com.ar\\\/df\\\/wp-content\\\/uploads\\\/2023\\\/06\\\/Web-Primer-Relevamiento-LGTBIQ_web.jpg\",\"contentUrl\":\"https:\\\/\\\/diariofemenino.com.ar\\\/df\\\/wp-content\\\/uploads\\\/2023\\\/06\\\/Web-Primer-Relevamiento-LGTBIQ_web.jpg\",\"width\":995,\"height\":560,\"caption\":\"Mayor nivel educativo pero peores condiciones de vida\"},{\"@type\":\"BreadcrumbList\",\"@id\":\"https:\\\/\\\/diariofemenino.com.ar\\\/df\\\/primer-relevamiento-nacional-de-condiciones-de-vida-de-la-diversidad-sexual-y-generica-en-argentina\\\/#breadcrumb\",\"itemListElement\":[{\"@type\":\"ListItem\",\"position\":1,\"name\":\"Portada\",\"item\":\"https:\\\/\\\/diariofemenino.com.ar\\\/df\\\/\"},{\"@type\":\"ListItem\",\"position\":2,\"name\":\"Primer relevamiento nacional de condiciones de vida de la diversidad sexual y gen\u00e9rica en Argentina\"}]},{\"@type\":\"WebSite\",\"@id\":\"https:\\\/\\\/diariofemenino.com.ar\\\/df\\\/#website\",\"url\":\"https:\\\/\\\/diariofemenino.com.ar\\\/df\\\/\",\"name\":\"Diario Digital Femenino\",\"description\":\"Cuesti\u00f3n de G\u00e9nero\",\"publisher\":{\"@id\":\"https:\\\/\\\/diariofemenino.com.ar\\\/df\\\/#organization\"},\"potentialAction\":[{\"@type\":\"SearchAction\",\"target\":{\"@type\":\"EntryPoint\",\"urlTemplate\":\"https:\\\/\\\/diariofemenino.com.ar\\\/df\\\/?s={search_term_string}\"},\"query-input\":{\"@type\":\"PropertyValueSpecification\",\"valueRequired\":true,\"valueName\":\"search_term_string\"}}],\"inLanguage\":\"es\"},{\"@type\":\"Organization\",\"@id\":\"https:\\\/\\\/diariofemenino.com.ar\\\/df\\\/#organization\",\"name\":\"Diario Femenino\",\"url\":\"https:\\\/\\\/diariofemenino.com.ar\\\/df\\\/\",\"logo\":{\"@type\":\"ImageObject\",\"inLanguage\":\"es\",\"@id\":\"https:\\\/\\\/diariofemenino.com.ar\\\/df\\\/#\\\/schema\\\/logo\\\/image\\\/\",\"url\":\"https:\\\/\\\/diariofemenino.com.ar\\\/df\\\/wp-content\\\/uploads\\\/2018\\\/10\\\/logo.png\",\"contentUrl\":\"https:\\\/\\\/diariofemenino.com.ar\\\/df\\\/wp-content\\\/uploads\\\/2018\\\/10\\\/logo.png\",\"width\":500,\"height\":92,\"caption\":\"Diario Femenino\"},\"image\":{\"@id\":\"https:\\\/\\\/diariofemenino.com.ar\\\/df\\\/#\\\/schema\\\/logo\\\/image\\\/\"},\"sameAs\":[\"https:\\\/\\\/www.facebook.com\\\/DiarioDigitaFemenino\\\/\",\"https:\\\/\\\/x.com\\\/DiarioFemenino1\"]},{\"@type\":\"Person\",\"@id\":\"https:\\\/\\\/diariofemenino.com.ar\\\/df\\\/#\\\/schema\\\/person\\\/bf6199e8158c657ea6f789b11ec85509\",\"name\":\"Admin\",\"image\":{\"@type\":\"ImageObject\",\"inLanguage\":\"es\",\"@id\":\"https:\\\/\\\/diariofemenino.com.ar\\\/df\\\/wp-content\\\/uploads\\\/2018\\\/12\\\/favicon-150x150.jpg\",\"url\":\"https:\\\/\\\/diariofemenino.com.ar\\\/df\\\/wp-content\\\/uploads\\\/2018\\\/12\\\/favicon-150x150.jpg\",\"contentUrl\":\"https:\\\/\\\/diariofemenino.com.ar\\\/df\\\/wp-content\\\/uploads\\\/2018\\\/12\\\/favicon-150x150.jpg\",\"caption\":\"Admin\"},\"url\":\"https:\\\/\\\/diariofemenino.com.ar\\\/df\\\/author\\\/lenny\\\/\"}]}<\/script>\n<!-- \/ Yoast SEO plugin. -->","yoast_head_json":{"title":"Primer relevamiento nacional de condiciones de vida de la diversidad sexual y gen\u00e9rica en Argentina - Diario Digital Femenino","description":"Primer relevamiento nacional. Lo realizar\u00e1n m\u00e1s de 40 profesionales de diferentes disciplinas de las ciencias sociales y humanidades.","robots":{"index":"index","follow":"follow","max-snippet":"max-snippet:-1","max-image-preview":"max-image-preview:large","max-video-preview":"max-video-preview:-1"},"canonical":"https:\/\/diariofemenino.com.ar\/df\/primer-relevamiento-nacional-de-condiciones-de-vida-de-la-diversidad-sexual-y-generica-en-argentina\/","og_locale":"es_ES","og_type":"article","og_title":"Primer relevamiento nacional de condiciones de vida de la diversidad sexual y gen\u00e9rica en Argentina - Diario Digital Femenino","og_description":"Primer relevamiento nacional. Lo realizar\u00e1n m\u00e1s de 40 profesionales de diferentes disciplinas de las ciencias sociales y humanidades.","og_url":"https:\/\/diariofemenino.com.ar\/df\/primer-relevamiento-nacional-de-condiciones-de-vida-de-la-diversidad-sexual-y-generica-en-argentina\/","og_site_name":"Diario Digital Femenino","article_publisher":"https:\/\/www.facebook.com\/DiarioDigitaFemenino\/","article_published_time":"2023-06-14T14:45:21+00:00","og_image":[{"width":995,"height":560,"url":"https:\/\/diariofemenino.com.ar\/df\/wp-content\/uploads\/2023\/06\/Web-Primer-Relevamiento-LGTBIQ_web.jpg","type":"image\/jpeg"}],"author":"Admin","twitter_card":"summary_large_image","twitter_creator":"@DiarioFemenino1","twitter_site":"@DiarioFemenino1","twitter_misc":{"Escrito por":"Admin","Tiempo de lectura":"4 minutos"},"schema":{"@context":"https:\/\/schema.org","@graph":[{"@type":"Article","@id":"https:\/\/diariofemenino.com.ar\/df\/primer-relevamiento-nacional-de-condiciones-de-vida-de-la-diversidad-sexual-y-generica-en-argentina\/#article","isPartOf":{"@id":"https:\/\/diariofemenino.com.ar\/df\/primer-relevamiento-nacional-de-condiciones-de-vida-de-la-diversidad-sexual-y-generica-en-argentina\/"},"author":{"name":"Admin","@id":"https:\/\/diariofemenino.com.ar\/df\/#\/schema\/person\/bf6199e8158c657ea6f789b11ec85509"},"headline":"Primer relevamiento nacional de condiciones de vida de la diversidad sexual y gen\u00e9rica en Argentina","datePublished":"2023-06-14T14:45:21+00:00","mainEntityOfPage":{"@id":"https:\/\/diariofemenino.com.ar\/df\/primer-relevamiento-nacional-de-condiciones-de-vida-de-la-diversidad-sexual-y-generica-en-argentina\/"},"wordCount":914,"commentCount":0,"publisher":{"@id":"https:\/\/diariofemenino.com.ar\/df\/#organization"},"image":{"@id":"https:\/\/diariofemenino.com.ar\/df\/primer-relevamiento-nacional-de-condiciones-de-vida-de-la-diversidad-sexual-y-generica-en-argentina\/#primaryimage"},"thumbnailUrl":"https:\/\/diariofemenino.com.ar\/df\/wp-content\/uploads\/2023\/06\/Web-Primer-Relevamiento-LGTBIQ_web.jpg","keywords":["#argentina","Autonom\u00eda","Destacada","Diversidad sexual","Econom\u00eda","Encuesta","relevamiento nacional","Salud","Trabajo"],"articleSection":["Actividades","Agenda Feminista","Art\u00edculos y Comunicados","De la Revoluci\u00f3n al Reaprendizaje","G\u00e9nero y Derechos Humanos","Informes","Medios","Salud"],"inLanguage":"es","potentialAction":[{"@type":"CommentAction","name":"Comment","target":["https:\/\/diariofemenino.com.ar\/df\/primer-relevamiento-nacional-de-condiciones-de-vida-de-la-diversidad-sexual-y-generica-en-argentina\/#respond"]}]},{"@type":"WebPage","@id":"https:\/\/diariofemenino.com.ar\/df\/primer-relevamiento-nacional-de-condiciones-de-vida-de-la-diversidad-sexual-y-generica-en-argentina\/","url":"https:\/\/diariofemenino.com.ar\/df\/primer-relevamiento-nacional-de-condiciones-de-vida-de-la-diversidad-sexual-y-generica-en-argentina\/","name":"Primer relevamiento nacional de condiciones de vida de la diversidad sexual y gen\u00e9rica en Argentina - Diario Digital Femenino","isPartOf":{"@id":"https:\/\/diariofemenino.com.ar\/df\/#website"},"primaryImageOfPage":{"@id":"https:\/\/diariofemenino.com.ar\/df\/primer-relevamiento-nacional-de-condiciones-de-vida-de-la-diversidad-sexual-y-generica-en-argentina\/#primaryimage"},"image":{"@id":"https:\/\/diariofemenino.com.ar\/df\/primer-relevamiento-nacional-de-condiciones-de-vida-de-la-diversidad-sexual-y-generica-en-argentina\/#primaryimage"},"thumbnailUrl":"https:\/\/diariofemenino.com.ar\/df\/wp-content\/uploads\/2023\/06\/Web-Primer-Relevamiento-LGTBIQ_web.jpg","datePublished":"2023-06-14T14:45:21+00:00","description":"Primer relevamiento nacional. Lo realizar\u00e1n m\u00e1s de 40 profesionales de diferentes disciplinas de las ciencias sociales y humanidades.","breadcrumb":{"@id":"https:\/\/diariofemenino.com.ar\/df\/primer-relevamiento-nacional-de-condiciones-de-vida-de-la-diversidad-sexual-y-generica-en-argentina\/#breadcrumb"},"inLanguage":"es","potentialAction":[{"@type":"ReadAction","target":["https:\/\/diariofemenino.com.ar\/df\/primer-relevamiento-nacional-de-condiciones-de-vida-de-la-diversidad-sexual-y-generica-en-argentina\/"]}]},{"@type":"ImageObject","inLanguage":"es","@id":"https:\/\/diariofemenino.com.ar\/df\/primer-relevamiento-nacional-de-condiciones-de-vida-de-la-diversidad-sexual-y-generica-en-argentina\/#primaryimage","url":"https:\/\/diariofemenino.com.ar\/df\/wp-content\/uploads\/2023\/06\/Web-Primer-Relevamiento-LGTBIQ_web.jpg","contentUrl":"https:\/\/diariofemenino.com.ar\/df\/wp-content\/uploads\/2023\/06\/Web-Primer-Relevamiento-LGTBIQ_web.jpg","width":995,"height":560,"caption":"Mayor nivel educativo pero peores condiciones de vida"},{"@type":"BreadcrumbList","@id":"https:\/\/diariofemenino.com.ar\/df\/primer-relevamiento-nacional-de-condiciones-de-vida-de-la-diversidad-sexual-y-generica-en-argentina\/#breadcrumb","itemListElement":[{"@type":"ListItem","position":1,"name":"Portada","item":"https:\/\/diariofemenino.com.ar\/df\/"},{"@type":"ListItem","position":2,"name":"Primer relevamiento nacional de condiciones de vida de la diversidad sexual y gen\u00e9rica en Argentina"}]},{"@type":"WebSite","@id":"https:\/\/diariofemenino.com.ar\/df\/#website","url":"https:\/\/diariofemenino.com.ar\/df\/","name":"Diario Digital Femenino","description":"Cuesti\u00f3n de G\u00e9nero","publisher":{"@id":"https:\/\/diariofemenino.com.ar\/df\/#organization"},"potentialAction":[{"@type":"SearchAction","target":{"@type":"EntryPoint","urlTemplate":"https:\/\/diariofemenino.com.ar\/df\/?s={search_term_string}"},"query-input":{"@type":"PropertyValueSpecification","valueRequired":true,"valueName":"search_term_string"}}],"inLanguage":"es"},{"@type":"Organization","@id":"https:\/\/diariofemenino.com.ar\/df\/#organization","name":"Diario Femenino","url":"https:\/\/diariofemenino.com.ar\/df\/","logo":{"@type":"ImageObject","inLanguage":"es","@id":"https:\/\/diariofemenino.com.ar\/df\/#\/schema\/logo\/image\/","url":"https:\/\/diariofemenino.com.ar\/df\/wp-content\/uploads\/2018\/10\/logo.png","contentUrl":"https:\/\/diariofemenino.com.ar\/df\/wp-content\/uploads\/2018\/10\/logo.png","width":500,"height":92,"caption":"Diario Femenino"},"image":{"@id":"https:\/\/diariofemenino.com.ar\/df\/#\/schema\/logo\/image\/"},"sameAs":["https:\/\/www.facebook.com\/DiarioDigitaFemenino\/","https:\/\/x.com\/DiarioFemenino1"]},{"@type":"Person","@id":"https:\/\/diariofemenino.com.ar\/df\/#\/schema\/person\/bf6199e8158c657ea6f789b11ec85509","name":"Admin","image":{"@type":"ImageObject","inLanguage":"es","@id":"https:\/\/diariofemenino.com.ar\/df\/wp-content\/uploads\/2018\/12\/favicon-150x150.jpg","url":"https:\/\/diariofemenino.com.ar\/df\/wp-content\/uploads\/2018\/12\/favicon-150x150.jpg","contentUrl":"https:\/\/diariofemenino.com.ar\/df\/wp-content\/uploads\/2018\/12\/favicon-150x150.jpg","caption":"Admin"},"url":"https:\/\/diariofemenino.com.ar\/df\/author\/lenny\/"}]}},"jetpack_featured_media_url":"https:\/\/diariofemenino.com.ar\/df\/wp-content\/uploads\/2023\/06\/Web-Primer-Relevamiento-LGTBIQ_web.jpg","jetpack_sharing_enabled":true,"rttpg_featured_image_url":{"full":["https:\/\/diariofemenino.com.ar\/df\/wp-content\/uploads\/2023\/06\/Web-Primer-Relevamiento-LGTBIQ_web.jpg",995,560,false],"landscape":["https:\/\/diariofemenino.com.ar\/df\/wp-content\/uploads\/2023\/06\/Web-Primer-Relevamiento-LGTBIQ_web.jpg",995,560,false],"portraits":["https:\/\/diariofemenino.com.ar\/df\/wp-content\/uploads\/2023\/06\/Web-Primer-Relevamiento-LGTBIQ_web.jpg",995,560,false],"thumbnail":["https:\/\/diariofemenino.com.ar\/df\/wp-content\/uploads\/2023\/06\/Web-Primer-Relevamiento-LGTBIQ_web-150x150.jpg",150,150,true],"medium":["https:\/\/diariofemenino.com.ar\/df\/wp-content\/uploads\/2023\/06\/Web-Primer-Relevamiento-LGTBIQ_web-300x169.jpg",300,169,true],"large":["https:\/\/diariofemenino.com.ar\/df\/wp-content\/uploads\/2023\/06\/Web-Primer-Relevamiento-LGTBIQ_web.jpg",995,560,false],"1536x1536":["https:\/\/diariofemenino.com.ar\/df\/wp-content\/uploads\/2023\/06\/Web-Primer-Relevamiento-LGTBIQ_web.jpg",995,560,false],"2048x2048":["https:\/\/diariofemenino.com.ar\/df\/wp-content\/uploads\/2023\/06\/Web-Primer-Relevamiento-LGTBIQ_web.jpg",995,560,false]},"rttpg_author":{"display_name":"Admin","author_link":"https:\/\/diariofemenino.com.ar\/df\/author\/lenny\/"},"rttpg_comment":0,"rttpg_category":"<a href=\"https:\/\/diariofemenino.com.ar\/df\/category\/actividades\/\" rel=\"category tag\">Actividades<\/a> <a href=\"https:\/\/diariofemenino.com.ar\/df\/category\/agenda-feminista\/\" rel=\"category tag\">Agenda Feminista<\/a> <a href=\"https:\/\/diariofemenino.com.ar\/df\/category\/articulos-y-comunicados\/\" rel=\"category tag\">Art\u00edculos y Comunicados<\/a> <a href=\"https:\/\/diariofemenino.com.ar\/df\/category\/de-la-revolucion-al-reaprendizaje\/\" rel=\"category tag\">De la Revoluci\u00f3n al Reaprendizaje<\/a> <a href=\"https:\/\/diariofemenino.com.ar\/df\/category\/genero-y-derechos-humanos\/\" rel=\"category tag\">G\u00e9nero y Derechos Humanos<\/a> <a href=\"https:\/\/diariofemenino.com.ar\/df\/category\/informes\/\" rel=\"category tag\">Informes<\/a> <a href=\"https:\/\/diariofemenino.com.ar\/df\/category\/medios\/\" rel=\"category tag\">Medios<\/a> <a href=\"https:\/\/diariofemenino.com.ar\/df\/category\/salud\/\" rel=\"category tag\">Salud<\/a>","rttpg_excerpt":"Primer relevamiento nacional. M\u00e1s de 40 profesionales de diferentes disciplinas de las ciencias sociales y humanidades, con diferentes grados de formaci\u00f3n, conforman el grupo de trabajo que realiza el relevamiento de la diversidad\u00a0sexual que busca conocer las inserciones laborales de esta poblaci\u00f3n a escala nacional. El proyecto cuenta con el financiamiento de la Agencia I+D+i,&hellip;","_links":{"self":[{"href":"https:\/\/diariofemenino.com.ar\/df\/wp-json\/wp\/v2\/posts\/69592","targetHints":{"allow":["GET"]}}],"collection":[{"href":"https:\/\/diariofemenino.com.ar\/df\/wp-json\/wp\/v2\/posts"}],"about":[{"href":"https:\/\/diariofemenino.com.ar\/df\/wp-json\/wp\/v2\/types\/post"}],"author":[{"embeddable":true,"href":"https:\/\/diariofemenino.com.ar\/df\/wp-json\/wp\/v2\/users\/4"}],"replies":[{"embeddable":true,"href":"https:\/\/diariofemenino.com.ar\/df\/wp-json\/wp\/v2\/comments?post=69592"}],"version-history":[{"count":0,"href":"https:\/\/diariofemenino.com.ar\/df\/wp-json\/wp\/v2\/posts\/69592\/revisions"}],"wp:featuredmedia":[{"embeddable":true,"href":"https:\/\/diariofemenino.com.ar\/df\/wp-json\/wp\/v2\/media\/69596"}],"wp:attachment":[{"href":"https:\/\/diariofemenino.com.ar\/df\/wp-json\/wp\/v2\/media?parent=69592"}],"wp:term":[{"taxonomy":"category","embeddable":true,"href":"https:\/\/diariofemenino.com.ar\/df\/wp-json\/wp\/v2\/categories?post=69592"},{"taxonomy":"post_tag","embeddable":true,"href":"https:\/\/diariofemenino.com.ar\/df\/wp-json\/wp\/v2\/tags?post=69592"}],"curies":[{"name":"wp","href":"https:\/\/api.w.org\/{rel}","templated":true}]}}