{"id":69402,"date":"2023-05-31T10:12:41","date_gmt":"2023-05-31T13:12:41","guid":{"rendered":"https:\/\/diariofemenino.com.ar\/df\/?p=69402"},"modified":"2023-05-31T10:18:04","modified_gmt":"2023-05-31T13:18:04","slug":"el-gobierno-habilito-la-venta-libre-de-la-pastilla-del-dia-despues","status":"publish","type":"post","link":"https:\/\/diariofemenino.com.ar\/df\/el-gobierno-habilito-la-venta-libre-de-la-pastilla-del-dia-despues\/","title":{"rendered":"El Gobierno habilit\u00f3 la venta libre de la \u00abpastilla del d\u00eda despu\u00e9s\u00bb"},"content":{"rendered":"<p>El Gobierno oficializ\u00f3 la medida que fue publicada en el <a href=\"https:\/\/www.boletinoficial.gob.ar\/detalleAviso\/primera\/287480\/20230531\">Bolet\u00edn Oficial<\/a> y bajo la firma de la ministra de Salud, Carla Vizzotti<\/p>\n<p>La ministra de Salud, Carla Vizzotti, anunci\u00f3 nuevas actualizaciones en la Ley 27.610 que regula el acceso a la interrupci\u00f3n voluntaria y legal del embarazo (IVE\/ILE). Adem\u00e1s, aprob\u00f3 la creaci\u00f3n del \u201cManual Cl\u00ednico\u201d para asistir a pacientes que hayan sido v\u00edctimas de alg\u00fan tipo de violencia de g\u00e9nero.<\/p>\n<figure id=\"attachment_69403\" aria-describedby=\"caption-attachment-69403\" style=\"width: 577px\" class=\"wp-caption aligncenter\"><img loading=\"lazy\" decoding=\"async\" class=\" wp-image-69403\" src=\"https:\/\/diariofemenino.com.ar\/df\/wp-content\/uploads\/2023\/05\/Carla-V.jpg\" alt=\"El Gobierno habilit\u00f3 la venta libre de la &quot;pastilla del d\u00eda despu\u00e9s&quot;\" width=\"577\" height=\"322\" srcset=\"https:\/\/diariofemenino.com.ar\/df\/wp-content\/uploads\/2023\/05\/Carla-V.jpg 767w, https:\/\/diariofemenino.com.ar\/df\/wp-content\/uploads\/2023\/05\/Carla-V-300x167.jpg 300w\" sizes=\"auto, (max-width: 577px) 100vw, 577px\" \/><figcaption id=\"caption-attachment-69403\" class=\"wp-caption-text\">El Gobierno habilit\u00f3 la venta libre de la \u00abpastilla del d\u00eda despu\u00e9s\u00bb<\/figcaption><\/figure>\n<p class=\"paragraph\" data-mrf-recirculation=\"Links inline\">A dos a\u00f1os de que se sancionara la Ley 27.610 que despenaliz\u00f3 la\u00a0<b>interrupci\u00f3n voluntaria del embarazo (IVE)<\/b>, la ministra de Salud,\u00a0<b>Carla Vizzotti<\/b>, firm\u00f3 la resoluci\u00f3n que habilita a que la <a href=\"https:\/\/diariofemenino.com.ar\/df\/sacar-a-la-ahe-de-la-clandestinidad\/\">Anticoncepci\u00f3n Hormonal de Emergencia<\/a> (AHE), conocida popularmente como\u00a0<b>\u201cla pastilla del d\u00eda despu\u00e9s\u201d<\/b>, sea considerada como un medicamento de venta libre sin receta en las farmacias. La nueva obligaci\u00f3n fue publicada en la Resoluci\u00f3n N\u00b0 1062\/2023 del Bolet\u00edn Oficial.<\/p>\n<p class=\"paragraph\" data-mrf-recirculation=\"Links inline\">De esta manera, todas las marcas que distribuyen el\u00a0<b><a href=\"https:\/\/cima.aemps.es\/cima\/dochtml\/p\/78911\/P_78911.html\">Levonorgestrel de 1,5 miligramos<\/a>\u00a0<\/b>en el pa\u00eds podr\u00e1n ser adquiridas sin contar con la autorizaci\u00f3n de un m\u00e9dico especialista. El uso de la pastilla del d\u00eda despu\u00e9s es recomendado como la \u00faltima instancia para evitar la concepci\u00f3n de una nueva vida, cuando los dem\u00e1s m\u00e9todos anticonceptivos (preservativos o pastillas anticonceptivas) fallan, se produce una relaci\u00f3n sexual sin protecci\u00f3n o se trata de un caso de violencia sexual. De acuerdo con la informaci\u00f3n brindada con la cartera, es posible recurrir a su uso hasta 120 horas m\u00e1s tarde de haberse concretado el acto. Estos comprimidos de progest\u00e1genos son los \u00fanicos autorizados en el territorio nacional, debido a que se demostr\u00f3 que son simple, seguros y eficaces de utilizar, por lo que evitar\u00edan poner en riesgo la <a href=\"https:\/\/diariofemenino.com.ar\/df\/category\/salud\/\">vida<\/a> de la mujer que los ingiera.<\/p>\n<p class=\"paragraph\" data-mrf-recirculation=\"Links inline\">Por otro lado, la ministra resalt\u00f3 el papel que la\u00a0<b>Administraci\u00f3n Nacional de Medicamentos, Alimentos y Tecnolog\u00eda M\u00e9dica (ANMAT)\u00a0<\/b>tendr\u00e1 en este proceso al mencionar que \u201ces actor fundamental para derribar barreras y garantizar derechos\u201d, seg\u00fan la informaci\u00f3n de\u00a0<i>T\u00e9lam<\/i>. Asimismo, Vizzotti resalt\u00f3 \u201cla sinergia tan potente y la mirada optimista de todas y todos los que trabajan para conquistar estos derechos\u201d y sostuvo: \u201cTenemos un protocolo actualizado y el equipo comprometido, por lo que espero que el a\u00f1o que viene nos encuentre celebrando m\u00e1s derechos\u201d.<\/p>\n<div class=\"visual__image\">\n<figure style=\"width: 549px\" class=\"wp-caption aligncenter\"><img loading=\"lazy\" decoding=\"async\" src=\"https:\/\/cloudfront-us-east-1.images.arcpublishing.com\/infobae\/T4HUBAKXQJCF5BEEUO5MHQUNMA.jpg\" alt=\"El Gobierno habilit\u00f3 la venta libre de la &quot;pastilla del d\u00eda despu\u00e9s&quot;\" width=\"549\" height=\"366\" \/><figcaption class=\"wp-caption-text\">El Gobierno habilit\u00f3 la venta libre de la \u00abpastilla del d\u00eda despu\u00e9s\u00bb<\/figcaption><\/figure>\n<p>&nbsp;<\/p>\n<p>De acuerdo con la regulaci\u00f3n, la ANMAT ser\u00e1 part\u00edcipe de la publicidad de la nueva medida, para que la informaci\u00f3n llegue a todos los ciudadanos. Por el plazo de un a\u00f1o, desde que fue publicada la resoluci\u00f3n en el Bolet\u00edn Oficial, el organismo estar\u00e1 encargado de difundir el producto.<\/p>\n<\/div>\n<p class=\"paragraph\" data-mrf-recirculation=\"Links inline\">En medio del marco de la celebraci\u00f3n por el\u00a0<b>D\u00eda Internacional de Acci\u00f3n por la Salud de las Mujeres<\/b>, que se conmemora cada 28 de mayo, la titular del organismo sanitario ratific\u00f3 la importancia de la ley de IVE\/ILE y\u00a0<b>la Ley 25.673 de Salud Sexual y Reproductiva<\/b>. \u201cNo solo son un avance en el plano simb\u00f3lico sino que, adem\u00e1s, son herramientas concretas para implementar las leyes en espacios donde surgen dificultades\u201d, resalt\u00f3 la ministra. (<a href=\"https:\/\/www.infobae.com\/politica\/2023\/05\/31\/el-gobierno-habilito-la-venta-libre-de-la-pastilla-del-dia-despues\/\">Infobae<\/a>)<\/p>\n","protected":false},"excerpt":{"rendered":"<p>El Gobierno oficializ\u00f3 la medida que fue publicada en el Bolet\u00edn Oficial y bajo la firma de la ministra de Salud, Carla Vizzotti La ministra de Salud, Carla Vizzotti, anunci\u00f3 nuevas actualizaciones en la Ley 27.610 que regula el acceso a la interrupci\u00f3n voluntaria y legal del embarazo (IVE\/ILE). Adem\u00e1s, aprob\u00f3 la creaci\u00f3n del \u201cManual [&hellip;]<\/p>\n","protected":false},"author":4,"featured_media":69407,"comment_status":"open","ping_status":"open","sticky":false,"template":"","format":"standard","meta":{"iawp_total_views":34,"footnotes":""},"categories":[22,1067,178,9,627,21,580,23],"tags":[231,5842,5841,4372,382,6017],"class_list":["post-69402","post","type-post","status-publish","format-standard","has-post-thumbnail","hentry","category-aborto","category-agenda-feminista","category-articulos-y-comunicados","category-de-esi-si-se-habla","category-genero-y-derechos-humanos","category-noticias","category-resistencia-verdevioleta","category-salud","tag-politicasdegenero","tag-ahe","tag-anticoncepcion-hormonal-de-emergencia","tag-destacada","tag-salud","tag-salud-sexual-y-noreproductiva"],"nelio_content":{"autoShareEndMode":"never","automationSources":{"useCustomSentences":false,"customSentences":[]},"efiAlt":"","efiUrl":"","followers":[4],"highlights":[],"isAutoShareEnabled":true,"networkImageIds":[],"permalinkQueryArgs":[],"series":[],"suggestedReferences":[]},"yoast_head":"<!-- This site is optimized with the Yoast SEO plugin v27.5 - https:\/\/yoast.com\/product\/yoast-seo-wordpress\/ -->\n<title>El Gobierno habilit\u00f3 la venta libre de la &quot;pastilla del d\u00eda despu\u00e9s&quot; - Diario Digital Femenino<\/title>\n<meta name=\"description\" content=\"El Gobierno habilit\u00f3 la venta libre AHE. La medida se oficializ\u00f3 en el Bolet\u00edn Oficial y bajo la firma de la ministra de Salud, Carla Vizzotti.\" \/>\n<meta name=\"robots\" content=\"index, follow, max-snippet:-1, max-image-preview:large, max-video-preview:-1\" \/>\n<link rel=\"canonical\" href=\"https:\/\/diariofemenino.com.ar\/df\/el-gobierno-habilito-la-venta-libre-de-la-pastilla-del-dia-despues\/\" \/>\n<meta property=\"og:locale\" content=\"es_ES\" \/>\n<meta property=\"og:type\" content=\"article\" \/>\n<meta property=\"og:title\" content=\"El Gobierno habilit\u00f3 la venta libre de la &quot;pastilla del d\u00eda despu\u00e9s&quot; - Diario Digital Femenino\" \/>\n<meta property=\"og:description\" content=\"El Gobierno habilit\u00f3 la venta libre AHE. La medida se oficializ\u00f3 en el Bolet\u00edn Oficial y bajo la firma de la ministra de Salud, Carla Vizzotti.\" \/>\n<meta property=\"og:url\" content=\"https:\/\/diariofemenino.com.ar\/df\/el-gobierno-habilito-la-venta-libre-de-la-pastilla-del-dia-despues\/\" \/>\n<meta property=\"og:site_name\" content=\"Diario Digital Femenino\" \/>\n<meta property=\"article:publisher\" content=\"https:\/\/www.facebook.com\/DiarioDigitaFemenino\/\" \/>\n<meta property=\"article:published_time\" content=\"2023-05-31T13:12:41+00:00\" \/>\n<meta property=\"article:modified_time\" content=\"2023-05-31T13:18:04+00:00\" \/>\n<meta property=\"og:image\" content=\"https:\/\/diariofemenino.com.ar\/df\/wp-content\/uploads\/2023\/05\/anticonceptivo.jpg\" \/>\n\t<meta property=\"og:image:width\" content=\"1191\" \/>\n\t<meta property=\"og:image:height\" content=\"1080\" \/>\n\t<meta property=\"og:image:type\" content=\"image\/jpeg\" \/>\n<meta name=\"author\" content=\"Admin\" \/>\n<meta name=\"twitter:card\" content=\"summary_large_image\" \/>\n<meta name=\"twitter:creator\" content=\"@DiarioFemenino1\" \/>\n<meta name=\"twitter:site\" content=\"@DiarioFemenino1\" \/>\n<meta name=\"twitter:label1\" content=\"Escrito por\" \/>\n\t<meta name=\"twitter:data1\" content=\"Admin\" \/>\n\t<meta name=\"twitter:label2\" content=\"Tiempo de lectura\" \/>\n\t<meta name=\"twitter:data2\" content=\"3 minutos\" \/>\n<script type=\"application\/ld+json\" class=\"yoast-schema-graph\">{\"@context\":\"https:\\\/\\\/schema.org\",\"@graph\":[{\"@type\":\"Article\",\"@id\":\"https:\\\/\\\/diariofemenino.com.ar\\\/df\\\/el-gobierno-habilito-la-venta-libre-de-la-pastilla-del-dia-despues\\\/#article\",\"isPartOf\":{\"@id\":\"https:\\\/\\\/diariofemenino.com.ar\\\/df\\\/el-gobierno-habilito-la-venta-libre-de-la-pastilla-del-dia-despues\\\/\"},\"author\":{\"name\":\"Admin\",\"@id\":\"https:\\\/\\\/diariofemenino.com.ar\\\/df\\\/#\\\/schema\\\/person\\\/bf6199e8158c657ea6f789b11ec85509\"},\"headline\":\"El Gobierno habilit\u00f3 la venta libre de la \u00abpastilla del d\u00eda despu\u00e9s\u00bb\",\"datePublished\":\"2023-05-31T13:12:41+00:00\",\"dateModified\":\"2023-05-31T13:18:04+00:00\",\"mainEntityOfPage\":{\"@id\":\"https:\\\/\\\/diariofemenino.com.ar\\\/df\\\/el-gobierno-habilito-la-venta-libre-de-la-pastilla-del-dia-despues\\\/\"},\"wordCount\":596,\"commentCount\":0,\"publisher\":{\"@id\":\"https:\\\/\\\/diariofemenino.com.ar\\\/df\\\/#organization\"},\"image\":{\"@id\":\"https:\\\/\\\/diariofemenino.com.ar\\\/df\\\/el-gobierno-habilito-la-venta-libre-de-la-pastilla-del-dia-despues\\\/#primaryimage\"},\"thumbnailUrl\":\"https:\\\/\\\/diariofemenino.com.ar\\\/df\\\/wp-content\\\/uploads\\\/2023\\\/05\\\/anticonceptivo.jpg\",\"keywords\":[\"#politicasdegenero\",\"AHE\",\"Anticoncepci\u00f3n Hormonal de Emergencia\",\"Destacada\",\"Salud\",\"Salud sexual y (no)reproductiva\"],\"articleSection\":[\"Aborto\",\"Agenda Feminista\",\"Art\u00edculos y Comunicados\",\"De ESI S\u00ed Se Habla\",\"G\u00e9nero y Derechos Humanos\",\"Noticias\",\"Resistencia VerdeVioleta\",\"Salud\"],\"inLanguage\":\"es\",\"potentialAction\":[{\"@type\":\"CommentAction\",\"name\":\"Comment\",\"target\":[\"https:\\\/\\\/diariofemenino.com.ar\\\/df\\\/el-gobierno-habilito-la-venta-libre-de-la-pastilla-del-dia-despues\\\/#respond\"]}]},{\"@type\":\"WebPage\",\"@id\":\"https:\\\/\\\/diariofemenino.com.ar\\\/df\\\/el-gobierno-habilito-la-venta-libre-de-la-pastilla-del-dia-despues\\\/\",\"url\":\"https:\\\/\\\/diariofemenino.com.ar\\\/df\\\/el-gobierno-habilito-la-venta-libre-de-la-pastilla-del-dia-despues\\\/\",\"name\":\"El Gobierno habilit\u00f3 la venta libre de la \\\"pastilla del d\u00eda despu\u00e9s\\\" - Diario Digital Femenino\",\"isPartOf\":{\"@id\":\"https:\\\/\\\/diariofemenino.com.ar\\\/df\\\/#website\"},\"primaryImageOfPage\":{\"@id\":\"https:\\\/\\\/diariofemenino.com.ar\\\/df\\\/el-gobierno-habilito-la-venta-libre-de-la-pastilla-del-dia-despues\\\/#primaryimage\"},\"image\":{\"@id\":\"https:\\\/\\\/diariofemenino.com.ar\\\/df\\\/el-gobierno-habilito-la-venta-libre-de-la-pastilla-del-dia-despues\\\/#primaryimage\"},\"thumbnailUrl\":\"https:\\\/\\\/diariofemenino.com.ar\\\/df\\\/wp-content\\\/uploads\\\/2023\\\/05\\\/anticonceptivo.jpg\",\"datePublished\":\"2023-05-31T13:12:41+00:00\",\"dateModified\":\"2023-05-31T13:18:04+00:00\",\"description\":\"El Gobierno habilit\u00f3 la venta libre AHE. La medida se oficializ\u00f3 en el Bolet\u00edn Oficial y bajo la firma de la ministra de Salud, Carla Vizzotti.\",\"breadcrumb\":{\"@id\":\"https:\\\/\\\/diariofemenino.com.ar\\\/df\\\/el-gobierno-habilito-la-venta-libre-de-la-pastilla-del-dia-despues\\\/#breadcrumb\"},\"inLanguage\":\"es\",\"potentialAction\":[{\"@type\":\"ReadAction\",\"target\":[\"https:\\\/\\\/diariofemenino.com.ar\\\/df\\\/el-gobierno-habilito-la-venta-libre-de-la-pastilla-del-dia-despues\\\/\"]}]},{\"@type\":\"ImageObject\",\"inLanguage\":\"es\",\"@id\":\"https:\\\/\\\/diariofemenino.com.ar\\\/df\\\/el-gobierno-habilito-la-venta-libre-de-la-pastilla-del-dia-despues\\\/#primaryimage\",\"url\":\"https:\\\/\\\/diariofemenino.com.ar\\\/df\\\/wp-content\\\/uploads\\\/2023\\\/05\\\/anticonceptivo.jpg\",\"contentUrl\":\"https:\\\/\\\/diariofemenino.com.ar\\\/df\\\/wp-content\\\/uploads\\\/2023\\\/05\\\/anticonceptivo.jpg\",\"width\":1191,\"height\":1080,\"caption\":\"El Gobierno habilit\u00f3 la venta libre de la \\\"pastilla del d\u00eda despu\u00e9s\\\"\"},{\"@type\":\"BreadcrumbList\",\"@id\":\"https:\\\/\\\/diariofemenino.com.ar\\\/df\\\/el-gobierno-habilito-la-venta-libre-de-la-pastilla-del-dia-despues\\\/#breadcrumb\",\"itemListElement\":[{\"@type\":\"ListItem\",\"position\":1,\"name\":\"Portada\",\"item\":\"https:\\\/\\\/diariofemenino.com.ar\\\/df\\\/\"},{\"@type\":\"ListItem\",\"position\":2,\"name\":\"El Gobierno habilit\u00f3 la venta libre de la \u00abpastilla del d\u00eda despu\u00e9s\u00bb\"}]},{\"@type\":\"WebSite\",\"@id\":\"https:\\\/\\\/diariofemenino.com.ar\\\/df\\\/#website\",\"url\":\"https:\\\/\\\/diariofemenino.com.ar\\\/df\\\/\",\"name\":\"Diario Digital Femenino\",\"description\":\"Cuesti\u00f3n de G\u00e9nero\",\"publisher\":{\"@id\":\"https:\\\/\\\/diariofemenino.com.ar\\\/df\\\/#organization\"},\"potentialAction\":[{\"@type\":\"SearchAction\",\"target\":{\"@type\":\"EntryPoint\",\"urlTemplate\":\"https:\\\/\\\/diariofemenino.com.ar\\\/df\\\/?s={search_term_string}\"},\"query-input\":{\"@type\":\"PropertyValueSpecification\",\"valueRequired\":true,\"valueName\":\"search_term_string\"}}],\"inLanguage\":\"es\"},{\"@type\":\"Organization\",\"@id\":\"https:\\\/\\\/diariofemenino.com.ar\\\/df\\\/#organization\",\"name\":\"Diario Femenino\",\"url\":\"https:\\\/\\\/diariofemenino.com.ar\\\/df\\\/\",\"logo\":{\"@type\":\"ImageObject\",\"inLanguage\":\"es\",\"@id\":\"https:\\\/\\\/diariofemenino.com.ar\\\/df\\\/#\\\/schema\\\/logo\\\/image\\\/\",\"url\":\"https:\\\/\\\/diariofemenino.com.ar\\\/df\\\/wp-content\\\/uploads\\\/2018\\\/10\\\/logo.png\",\"contentUrl\":\"https:\\\/\\\/diariofemenino.com.ar\\\/df\\\/wp-content\\\/uploads\\\/2018\\\/10\\\/logo.png\",\"width\":500,\"height\":92,\"caption\":\"Diario Femenino\"},\"image\":{\"@id\":\"https:\\\/\\\/diariofemenino.com.ar\\\/df\\\/#\\\/schema\\\/logo\\\/image\\\/\"},\"sameAs\":[\"https:\\\/\\\/www.facebook.com\\\/DiarioDigitaFemenino\\\/\",\"https:\\\/\\\/x.com\\\/DiarioFemenino1\"]},{\"@type\":\"Person\",\"@id\":\"https:\\\/\\\/diariofemenino.com.ar\\\/df\\\/#\\\/schema\\\/person\\\/bf6199e8158c657ea6f789b11ec85509\",\"name\":\"Admin\",\"image\":{\"@type\":\"ImageObject\",\"inLanguage\":\"es\",\"@id\":\"https:\\\/\\\/diariofemenino.com.ar\\\/df\\\/wp-content\\\/uploads\\\/2018\\\/12\\\/favicon-150x150.jpg\",\"url\":\"https:\\\/\\\/diariofemenino.com.ar\\\/df\\\/wp-content\\\/uploads\\\/2018\\\/12\\\/favicon-150x150.jpg\",\"contentUrl\":\"https:\\\/\\\/diariofemenino.com.ar\\\/df\\\/wp-content\\\/uploads\\\/2018\\\/12\\\/favicon-150x150.jpg\",\"caption\":\"Admin\"},\"url\":\"https:\\\/\\\/diariofemenino.com.ar\\\/df\\\/author\\\/lenny\\\/\"}]}<\/script>\n<!-- \/ Yoast SEO plugin. -->","yoast_head_json":{"title":"El Gobierno habilit\u00f3 la venta libre de la \"pastilla del d\u00eda despu\u00e9s\" - Diario Digital Femenino","description":"El Gobierno habilit\u00f3 la venta libre AHE. La medida se oficializ\u00f3 en el Bolet\u00edn Oficial y bajo la firma de la ministra de Salud, Carla Vizzotti.","robots":{"index":"index","follow":"follow","max-snippet":"max-snippet:-1","max-image-preview":"max-image-preview:large","max-video-preview":"max-video-preview:-1"},"canonical":"https:\/\/diariofemenino.com.ar\/df\/el-gobierno-habilito-la-venta-libre-de-la-pastilla-del-dia-despues\/","og_locale":"es_ES","og_type":"article","og_title":"El Gobierno habilit\u00f3 la venta libre de la \"pastilla del d\u00eda despu\u00e9s\" - Diario Digital Femenino","og_description":"El Gobierno habilit\u00f3 la venta libre AHE. La medida se oficializ\u00f3 en el Bolet\u00edn Oficial y bajo la firma de la ministra de Salud, Carla Vizzotti.","og_url":"https:\/\/diariofemenino.com.ar\/df\/el-gobierno-habilito-la-venta-libre-de-la-pastilla-del-dia-despues\/","og_site_name":"Diario Digital Femenino","article_publisher":"https:\/\/www.facebook.com\/DiarioDigitaFemenino\/","article_published_time":"2023-05-31T13:12:41+00:00","article_modified_time":"2023-05-31T13:18:04+00:00","og_image":[{"width":1191,"height":1080,"url":"https:\/\/diariofemenino.com.ar\/df\/wp-content\/uploads\/2023\/05\/anticonceptivo.jpg","type":"image\/jpeg"}],"author":"Admin","twitter_card":"summary_large_image","twitter_creator":"@DiarioFemenino1","twitter_site":"@DiarioFemenino1","twitter_misc":{"Escrito por":"Admin","Tiempo de lectura":"3 minutos"},"schema":{"@context":"https:\/\/schema.org","@graph":[{"@type":"Article","@id":"https:\/\/diariofemenino.com.ar\/df\/el-gobierno-habilito-la-venta-libre-de-la-pastilla-del-dia-despues\/#article","isPartOf":{"@id":"https:\/\/diariofemenino.com.ar\/df\/el-gobierno-habilito-la-venta-libre-de-la-pastilla-del-dia-despues\/"},"author":{"name":"Admin","@id":"https:\/\/diariofemenino.com.ar\/df\/#\/schema\/person\/bf6199e8158c657ea6f789b11ec85509"},"headline":"El Gobierno habilit\u00f3 la venta libre de la \u00abpastilla del d\u00eda despu\u00e9s\u00bb","datePublished":"2023-05-31T13:12:41+00:00","dateModified":"2023-05-31T13:18:04+00:00","mainEntityOfPage":{"@id":"https:\/\/diariofemenino.com.ar\/df\/el-gobierno-habilito-la-venta-libre-de-la-pastilla-del-dia-despues\/"},"wordCount":596,"commentCount":0,"publisher":{"@id":"https:\/\/diariofemenino.com.ar\/df\/#organization"},"image":{"@id":"https:\/\/diariofemenino.com.ar\/df\/el-gobierno-habilito-la-venta-libre-de-la-pastilla-del-dia-despues\/#primaryimage"},"thumbnailUrl":"https:\/\/diariofemenino.com.ar\/df\/wp-content\/uploads\/2023\/05\/anticonceptivo.jpg","keywords":["#politicasdegenero","AHE","Anticoncepci\u00f3n Hormonal de Emergencia","Destacada","Salud","Salud sexual y (no)reproductiva"],"articleSection":["Aborto","Agenda Feminista","Art\u00edculos y Comunicados","De ESI S\u00ed Se Habla","G\u00e9nero y Derechos Humanos","Noticias","Resistencia VerdeVioleta","Salud"],"inLanguage":"es","potentialAction":[{"@type":"CommentAction","name":"Comment","target":["https:\/\/diariofemenino.com.ar\/df\/el-gobierno-habilito-la-venta-libre-de-la-pastilla-del-dia-despues\/#respond"]}]},{"@type":"WebPage","@id":"https:\/\/diariofemenino.com.ar\/df\/el-gobierno-habilito-la-venta-libre-de-la-pastilla-del-dia-despues\/","url":"https:\/\/diariofemenino.com.ar\/df\/el-gobierno-habilito-la-venta-libre-de-la-pastilla-del-dia-despues\/","name":"El Gobierno habilit\u00f3 la venta libre de la \"pastilla del d\u00eda despu\u00e9s\" - Diario Digital Femenino","isPartOf":{"@id":"https:\/\/diariofemenino.com.ar\/df\/#website"},"primaryImageOfPage":{"@id":"https:\/\/diariofemenino.com.ar\/df\/el-gobierno-habilito-la-venta-libre-de-la-pastilla-del-dia-despues\/#primaryimage"},"image":{"@id":"https:\/\/diariofemenino.com.ar\/df\/el-gobierno-habilito-la-venta-libre-de-la-pastilla-del-dia-despues\/#primaryimage"},"thumbnailUrl":"https:\/\/diariofemenino.com.ar\/df\/wp-content\/uploads\/2023\/05\/anticonceptivo.jpg","datePublished":"2023-05-31T13:12:41+00:00","dateModified":"2023-05-31T13:18:04+00:00","description":"El Gobierno habilit\u00f3 la venta libre AHE. La medida se oficializ\u00f3 en el Bolet\u00edn Oficial y bajo la firma de la ministra de Salud, Carla Vizzotti.","breadcrumb":{"@id":"https:\/\/diariofemenino.com.ar\/df\/el-gobierno-habilito-la-venta-libre-de-la-pastilla-del-dia-despues\/#breadcrumb"},"inLanguage":"es","potentialAction":[{"@type":"ReadAction","target":["https:\/\/diariofemenino.com.ar\/df\/el-gobierno-habilito-la-venta-libre-de-la-pastilla-del-dia-despues\/"]}]},{"@type":"ImageObject","inLanguage":"es","@id":"https:\/\/diariofemenino.com.ar\/df\/el-gobierno-habilito-la-venta-libre-de-la-pastilla-del-dia-despues\/#primaryimage","url":"https:\/\/diariofemenino.com.ar\/df\/wp-content\/uploads\/2023\/05\/anticonceptivo.jpg","contentUrl":"https:\/\/diariofemenino.com.ar\/df\/wp-content\/uploads\/2023\/05\/anticonceptivo.jpg","width":1191,"height":1080,"caption":"El Gobierno habilit\u00f3 la venta libre de la \"pastilla del d\u00eda despu\u00e9s\""},{"@type":"BreadcrumbList","@id":"https:\/\/diariofemenino.com.ar\/df\/el-gobierno-habilito-la-venta-libre-de-la-pastilla-del-dia-despues\/#breadcrumb","itemListElement":[{"@type":"ListItem","position":1,"name":"Portada","item":"https:\/\/diariofemenino.com.ar\/df\/"},{"@type":"ListItem","position":2,"name":"El Gobierno habilit\u00f3 la venta libre de la \u00abpastilla del d\u00eda despu\u00e9s\u00bb"}]},{"@type":"WebSite","@id":"https:\/\/diariofemenino.com.ar\/df\/#website","url":"https:\/\/diariofemenino.com.ar\/df\/","name":"Diario Digital Femenino","description":"Cuesti\u00f3n de G\u00e9nero","publisher":{"@id":"https:\/\/diariofemenino.com.ar\/df\/#organization"},"potentialAction":[{"@type":"SearchAction","target":{"@type":"EntryPoint","urlTemplate":"https:\/\/diariofemenino.com.ar\/df\/?s={search_term_string}"},"query-input":{"@type":"PropertyValueSpecification","valueRequired":true,"valueName":"search_term_string"}}],"inLanguage":"es"},{"@type":"Organization","@id":"https:\/\/diariofemenino.com.ar\/df\/#organization","name":"Diario Femenino","url":"https:\/\/diariofemenino.com.ar\/df\/","logo":{"@type":"ImageObject","inLanguage":"es","@id":"https:\/\/diariofemenino.com.ar\/df\/#\/schema\/logo\/image\/","url":"https:\/\/diariofemenino.com.ar\/df\/wp-content\/uploads\/2018\/10\/logo.png","contentUrl":"https:\/\/diariofemenino.com.ar\/df\/wp-content\/uploads\/2018\/10\/logo.png","width":500,"height":92,"caption":"Diario Femenino"},"image":{"@id":"https:\/\/diariofemenino.com.ar\/df\/#\/schema\/logo\/image\/"},"sameAs":["https:\/\/www.facebook.com\/DiarioDigitaFemenino\/","https:\/\/x.com\/DiarioFemenino1"]},{"@type":"Person","@id":"https:\/\/diariofemenino.com.ar\/df\/#\/schema\/person\/bf6199e8158c657ea6f789b11ec85509","name":"Admin","image":{"@type":"ImageObject","inLanguage":"es","@id":"https:\/\/diariofemenino.com.ar\/df\/wp-content\/uploads\/2018\/12\/favicon-150x150.jpg","url":"https:\/\/diariofemenino.com.ar\/df\/wp-content\/uploads\/2018\/12\/favicon-150x150.jpg","contentUrl":"https:\/\/diariofemenino.com.ar\/df\/wp-content\/uploads\/2018\/12\/favicon-150x150.jpg","caption":"Admin"},"url":"https:\/\/diariofemenino.com.ar\/df\/author\/lenny\/"}]}},"jetpack_featured_media_url":"https:\/\/diariofemenino.com.ar\/df\/wp-content\/uploads\/2023\/05\/anticonceptivo.jpg","jetpack_sharing_enabled":true,"rttpg_featured_image_url":{"full":["https:\/\/diariofemenino.com.ar\/df\/wp-content\/uploads\/2023\/05\/anticonceptivo.jpg",1191,1080,false],"landscape":["https:\/\/diariofemenino.com.ar\/df\/wp-content\/uploads\/2023\/05\/anticonceptivo.jpg",1191,1080,false],"portraits":["https:\/\/diariofemenino.com.ar\/df\/wp-content\/uploads\/2023\/05\/anticonceptivo.jpg",1191,1080,false],"thumbnail":["https:\/\/diariofemenino.com.ar\/df\/wp-content\/uploads\/2023\/05\/anticonceptivo-150x150.jpg",150,150,true],"medium":["https:\/\/diariofemenino.com.ar\/df\/wp-content\/uploads\/2023\/05\/anticonceptivo-300x272.jpg",300,272,true],"large":["https:\/\/diariofemenino.com.ar\/df\/wp-content\/uploads\/2023\/05\/anticonceptivo-1024x929.jpg",1024,929,true],"1536x1536":["https:\/\/diariofemenino.com.ar\/df\/wp-content\/uploads\/2023\/05\/anticonceptivo.jpg",1191,1080,false],"2048x2048":["https:\/\/diariofemenino.com.ar\/df\/wp-content\/uploads\/2023\/05\/anticonceptivo.jpg",1191,1080,false]},"rttpg_author":{"display_name":"Admin","author_link":"https:\/\/diariofemenino.com.ar\/df\/author\/lenny\/"},"rttpg_comment":0,"rttpg_category":"<a href=\"https:\/\/diariofemenino.com.ar\/df\/category\/aborto\/\" rel=\"category tag\">Aborto<\/a> <a href=\"https:\/\/diariofemenino.com.ar\/df\/category\/agenda-feminista\/\" rel=\"category tag\">Agenda Feminista<\/a> <a href=\"https:\/\/diariofemenino.com.ar\/df\/category\/articulos-y-comunicados\/\" rel=\"category tag\">Art\u00edculos y Comunicados<\/a> <a href=\"https:\/\/diariofemenino.com.ar\/df\/category\/de-esi-si-se-habla\/\" rel=\"category tag\">De ESI S\u00ed Se Habla<\/a> <a href=\"https:\/\/diariofemenino.com.ar\/df\/category\/genero-y-derechos-humanos\/\" rel=\"category tag\">G\u00e9nero y Derechos Humanos<\/a> <a href=\"https:\/\/diariofemenino.com.ar\/df\/category\/noticias\/\" rel=\"category tag\">Noticias<\/a> <a href=\"https:\/\/diariofemenino.com.ar\/df\/category\/resistencia-verdevioleta\/\" rel=\"category tag\">Resistencia VerdeVioleta<\/a> <a href=\"https:\/\/diariofemenino.com.ar\/df\/category\/salud\/\" rel=\"category tag\">Salud<\/a>","rttpg_excerpt":"El Gobierno oficializ\u00f3 la medida que fue publicada en el Bolet\u00edn Oficial y bajo la firma de la ministra de Salud, Carla Vizzotti La ministra de Salud, Carla Vizzotti, anunci\u00f3 nuevas actualizaciones en la Ley 27.610 que regula el acceso a la interrupci\u00f3n voluntaria y legal del embarazo (IVE\/ILE). Adem\u00e1s, aprob\u00f3 la creaci\u00f3n del \u201cManual&hellip;","_links":{"self":[{"href":"https:\/\/diariofemenino.com.ar\/df\/wp-json\/wp\/v2\/posts\/69402","targetHints":{"allow":["GET"]}}],"collection":[{"href":"https:\/\/diariofemenino.com.ar\/df\/wp-json\/wp\/v2\/posts"}],"about":[{"href":"https:\/\/diariofemenino.com.ar\/df\/wp-json\/wp\/v2\/types\/post"}],"author":[{"embeddable":true,"href":"https:\/\/diariofemenino.com.ar\/df\/wp-json\/wp\/v2\/users\/4"}],"replies":[{"embeddable":true,"href":"https:\/\/diariofemenino.com.ar\/df\/wp-json\/wp\/v2\/comments?post=69402"}],"version-history":[{"count":0,"href":"https:\/\/diariofemenino.com.ar\/df\/wp-json\/wp\/v2\/posts\/69402\/revisions"}],"wp:featuredmedia":[{"embeddable":true,"href":"https:\/\/diariofemenino.com.ar\/df\/wp-json\/wp\/v2\/media\/69407"}],"wp:attachment":[{"href":"https:\/\/diariofemenino.com.ar\/df\/wp-json\/wp\/v2\/media?parent=69402"}],"wp:term":[{"taxonomy":"category","embeddable":true,"href":"https:\/\/diariofemenino.com.ar\/df\/wp-json\/wp\/v2\/categories?post=69402"},{"taxonomy":"post_tag","embeddable":true,"href":"https:\/\/diariofemenino.com.ar\/df\/wp-json\/wp\/v2\/tags?post=69402"}],"curies":[{"name":"wp","href":"https:\/\/api.w.org\/{rel}","templated":true}]}}