{"id":69362,"date":"2023-05-26T07:41:24","date_gmt":"2023-05-26T10:41:24","guid":{"rendered":"https:\/\/diariofemenino.com.ar\/df\/?p=69362"},"modified":"2023-05-26T07:41:24","modified_gmt":"2023-05-26T10:41:24","slug":"escucha-despatologizadora","status":"publish","type":"post","link":"https:\/\/diariofemenino.com.ar\/df\/escucha-despatologizadora\/","title":{"rendered":"Escucha despatologizadora"},"content":{"rendered":"<p>Avanza el oto\u00f1o mientras seguimos tejiendo tramas hacia la salida colectiva&#8230;<\/p>\n<p>El clima se presenta extra\u00f1o, la melod\u00eda de las hojas secas que acompa\u00f1an y saludan al pasar se va apagando,\u00a0e l terreno h\u00famedo enciende las alarmas dando se\u00f1ales, hay que pisar firme para no resbalar ni perder el \u00abeje\u00bb,\u00a0como en la vida misma identificar la coordenada en medio de la bruma orienta y ayuda al recupero de la esperanza.<\/p>\n<p>La escucha despatologizadora se asume alojadora en estos recorridos. Alojar en la cl\u00ednica cotidiana los sufrimientos con enfoque de\u00a0g\u00e9neros en clave de derechos es condici\u00f3n \u00e9tica insoslayable.<strong>\u00a0Asumir la escucha como acontecimiento pol\u00edtico abre la puerta a otras miradas y oportunidades<\/strong>.\u00a0<strong>Lo Personal es Pol\u00edtico<a href=\"#_ftn1\" name=\"_ftnref1\">[1]<\/a><\/strong><\/p>\n<p>Por\u00a0<a href=\"https:\/\/diariofemenino.com.ar\/df\/generos-y-salud-mental\/\"><strong>M\u00f3nica Vaccaro<\/strong><\/a>*<\/p>\n<p>Acompa\u00f1ar en el proceso de identificar, nombrando desigualdades, destratos\u00a0y otras formas de violencias, haciendo trama para atenuar angustias sin patologizar ni medicalizar la vida cotidiana es parte del compromiso social que debe atravesar las intervenciones.<\/p>\n<p>El impacto en las subjetividades ante\u00a0la ruptura del lazo social, las decepciones y falta de respuestas frente a las\u00a0 INjusticias\u00a0 que se reproducen sostenidas en la cultura patriarcal, redoblando la apuesta en un mundo a\u00fan m\u00e1s desconfigurado despu\u00e9s de la pandemia, toma dimensiones que requieren de escucha alojadora\u00a0atravesada por las demandas epocales en el marco de la especificidad de las pr\u00e1cticas.<\/p>\n<p>En el camino hacia la deconstrucci\u00f3n, estas mismas pr\u00e1cticas y teor\u00edas deben ser descolonizadas y parte de la trama de sost\u00e9n, el grito URGENTE de mujeres, ni\u00f1eces, adolescencias, diversidades vulneradas y vulnerables, interpela a que los hilos de tiempo sean HOY.<\/p>\n<p>Otra alerta se enciende cuando los discursos violentos y negacionistas captan atenci\u00f3n e\u00a0 impactan en las subjetividades, raz\u00f3n por la que urge retomar el \u00abeje\u00bb de las construcciones consensuadas y colectivas hacia una salida con Salud Mental para todas las personas.<\/p>\n<figure id=\"attachment_69364\" aria-describedby=\"caption-attachment-69364\" style=\"width: 549px\" class=\"wp-caption aligncenter\"><img loading=\"lazy\" decoding=\"async\" class=\" wp-image-69364\" src=\"https:\/\/diariofemenino.com.ar\/df\/wp-content\/uploads\/2023\/05\/24048f6c72b4168a550cd332554f7f95ed399f7f-1024x683.jpg\" alt=\"Escucha despatologizadora  \" width=\"549\" height=\"366\" srcset=\"https:\/\/diariofemenino.com.ar\/df\/wp-content\/uploads\/2023\/05\/24048f6c72b4168a550cd332554f7f95ed399f7f-1024x683.jpg 1024w, https:\/\/diariofemenino.com.ar\/df\/wp-content\/uploads\/2023\/05\/24048f6c72b4168a550cd332554f7f95ed399f7f-300x200.jpg 300w, https:\/\/diariofemenino.com.ar\/df\/wp-content\/uploads\/2023\/05\/24048f6c72b4168a550cd332554f7f95ed399f7f-768x512.jpg 768w, https:\/\/diariofemenino.com.ar\/df\/wp-content\/uploads\/2023\/05\/24048f6c72b4168a550cd332554f7f95ed399f7f.jpg 1275w\" sizes=\"auto, (max-width: 549px) 100vw, 549px\" \/><figcaption id=\"caption-attachment-69364\" class=\"wp-caption-text\">Escucha despatologizadora<\/figcaption><\/figure>\n<p>Se nos interpela, sin dilaciones, el transformar esta propuesta en acci\u00f3n colectiva. Visibilizar los pendientes de las academias en todas las disciplinas, instar a recuperar la\u00a0 informaci\u00f3n con protocolos de respeto y cuidado, capacitaci\u00f3n y formaci\u00f3n en Leyes de vanguardia como las vigentes en el pa\u00eds, muchas a\u00fan sin plena aplicaci\u00f3n, que deben ser destacadas en las agendas de las pol\u00edticas p\u00fablicas y conocidas ampliamente por trabajadoras y trabajadores de todos los \u00e1mbitos como Salud, Educaci\u00f3n, Justicia, Comunicaci\u00f3n, etc, para lo cual deber\u00edan implementarse programas espec\u00edficos con las pertinentes evaluaciones.<\/p>\n<p>Retomemos los marcos legales de algunas leyes (sin dejar de tener en cuenta al resto) como: la Ley de Educaci\u00f3n Sexual Integral<a href=\"#_ftn2\" name=\"_ftnref2\">[2]<\/a>, de la Ley Nacional de Salud Mental<a href=\"#_ftn3\" name=\"_ftnref3\">[3]<\/a>, de la Ley de Identidad de G\u00e9nero<a href=\"#_ftn4\" name=\"_ftnref4\">[4]<\/a>, Ley de Protecci\u00f3n Integral de los Derechos de Ni\u00f1as, Ni\u00f1os y Adolescentes<a href=\"#_ftn5\" name=\"_ftnref5\">[5]<\/a>,Ley de protecci\u00f3n integral para prevenir, sancionar y erradicar la violencia contra las mujeres en los \u00e1mbitos en que desarrollen sus relaciones interpersonales<a href=\"#_ftn6\" name=\"_ftnref6\">[6]<\/a>.<\/p>\n<p>Se hace indispensable humanizarlas, militar sus letras en violeta-multicolor y recuperar el esp\u00edritu de las mismas en clave de derechos humanos y g\u00e9neros.<\/p>\n<p>Como\u00a0fuera se\u00f1alado, alojar la escucha en clave de derechos convoca a revisiones te\u00f3ricas y construcci\u00f3n de sentido, lo que requiere y propicia nuevos encuentros, otros encuentros y desde otras dimensiones, habilitando voces en primera persona de quienes son protagonistas de malestares y sufrimientos, convocando a toda la comunidad, a los poderes del estado, a las pol\u00edticas partidarias, y a cada ser que quiera sumarse siendo parte del entramado hacia esa nueva humanidad tan necesaria.<\/p>\n<p>Si de algo tenemos certeza en tiempos de incertezas es que la construcci\u00f3n es colectiva siempre!!!<\/p>\n<p>Volvemos al clima y al contexto, a ese \u00abrespirar\u00bb que a veces se torna hostil y raro, mientras escribo tengo presente un texto de Lenny C\u00e1ceres<a href=\"#_ftn7\" name=\"_ftnref7\">[7]<\/a>, el cual me parece pertinente traer y compartir, ya que con su decir exquisito enuncia\u00a0<strong>\u00ab<a href=\"https:\/\/diariofemenino.com.ar\/df\/inhalo-patriarcado-exhalo-feminismo\/\">Inhalo Patriarcado, Exhalo Feminismo<\/a><\/strong>\u00bb refuerza esta idea de por donde es la salida desde el encuentro con otre.<\/p>\n<p><em>\u00ab&#8230;Si bien la acci\u00f3n de inhalar y exhalar es imprescindible para la vida, inhalar consiste en incorporar ox\u00edgeno para vivir, y al exhalar,\u00a0<\/em><\/p>\n<p><em>expulsamos di\u00f3xido de carbono. Este es un proceso autom\u00e1tico; las personas no piensan para llevarlo a cabo, sino que lo hacen involuntariamente.\u00a0<\/em><\/p>\n<p><em>Sin embargo, es posible realizar una respiraci\u00f3n consciente con determinados fines: para relajarse, en el marco de una meditaci\u00f3n, para superar un momento\u00a0<\/em><\/p>\n<p><em>determinado o soportar una situaci\u00f3n.\u00a0<\/em><\/p>\n<p><em>En ese sentido al tratarse de un proceso autom\u00e1tico, involuntario no siempre podemos decidir que respiramos, qu\u00e9 ingresa a nuestro organismo, como afecta y en que se transforma.\u00a0<\/em><\/p>\n<p><strong>Muchas veces, casi siempre (siempre), las personas y muy especialmente las mujeres, no decidimos respirar patriarcado, y la posibilidad de exhalar feminismo depende de cu\u00e1n incorporada tengamos la perspectiva de g\u00e9nero para transformar ese aire en feminismo y generar el cambio, la oxigenaci\u00f3n. El punto es que como nos pasa a nosotras, le sucede a todas las personas y es necesaria una transformaci\u00f3n colectiva&#8230;\u00bb\u00a0<\/strong><\/p>\n<p><em>Nos convoco\u00a0e interpelo nuevamente a ser parte de esa transformaci\u00f3n colectiva, a cada quien desde el lugar y la especificidad de su tarea, alojar escucha, alojar oportunidades, alojar subjetividades con su singularidad\u00a0 desde el respeto, con compromiso \u00e9tico y social. Alojar amorosamente teniendo en cuenta el contexto epocal y sus derivas. Continuaremos hablando de escucha despatologizadora que es tambi\u00e9n garantizar derechos y acceso a la Salud Mental.<\/em><\/p>\n<p><strong>(*)<\/strong>\u00a0Trabajadora de la Salud Mental y activista de\u00a0<a href=\"https:\/\/diariofemenino.com.ar\/df\/category\/genero-y-derechos-humanos\/\">Derechos Humanos<\/a>.<\/p>\n<p>&nbsp;<\/p>\n<p><a href=\"#_ftnref1\" name=\"_ftn1\">[1]<\/a> Pol\u00edtica Sexual, Kate Millet (1970)<br \/>\n<a href=\"#_ftnref2\" name=\"_ftn2\">[2]<\/a> Ley de Educaci\u00f3n Sexual Integral <a href=\"https:\/\/www.argentina.gob.ar\/normativa\/nacional\/ley-26150-121222#:~:text=ESTABLECESE%20QUE%20TODOS%20LOS%20EDUCANDOS,DE%20BUENOS%20AIRES%20Y%20MUNICIPAL.\">26150<\/a><br \/>\n<a href=\"#_ftnref3\" name=\"_ftn3\">[3]<\/a> Ley Nacional de Salud Mental <a href=\"http:\/\/servicios.infoleg.gob.ar\/infolegInternet\/anexos\/175000-179999\/175977\/norma.htm\">26657<\/a><br \/>\n<a href=\"#_ftnref4\" name=\"_ftn4\">[4]<\/a> Ley de Identidad de G\u00e9nero 26743<br \/>\n<a href=\"#_ftnref5\" name=\"_ftn5\">[5]<\/a> Ley de Protecci\u00f3n integral de los derechos de ni\u00f1as, ni\u00f1os y adolescentes 26061<br \/>\n<a href=\"#_ftnref6\" name=\"_ftn6\">[6]<\/a> Ley de Protecci\u00f3n Integral para prevenir, sancionar y erradicar la violencia contra las mujeres en los \u00e1mbitos en que desarrollen sus relaciones interpersonales 26485<br \/>\n<a href=\"#_ftnref7\" name=\"_ftn7\">[7]<\/a> C\u00e1ceres, Lenny . \u201cLa Transversalidad del g\u00e9nero: espacios y disputas\u201d (2022)<\/p>\n","protected":false},"excerpt":{"rendered":"<p>Avanza el oto\u00f1o mientras seguimos tejiendo tramas hacia la salida colectiva&#8230; El clima se presenta extra\u00f1o, la melod\u00eda de las hojas secas que acompa\u00f1an y saludan al pasar se va apagando,\u00a0e l terreno h\u00famedo enciende las alarmas dando se\u00f1ales, hay que pisar firme para no resbalar ni perder el \u00abeje\u00bb,\u00a0como en la vida misma identificar [&hellip;]<\/p>\n","protected":false},"author":4,"featured_media":69363,"comment_status":"open","ping_status":"open","sticky":false,"template":"","format":"standard","meta":{"iawp_total_views":14,"footnotes":""},"categories":[1067,178,581,3,627,23],"tags":[1972,983,6008,4372,5705,6011,6010,6007,6009,2491,1082,2675],"class_list":["post-69362","post","type-post","status-publish","format-standard","has-post-thumbnail","hentry","category-agenda-feminista","category-articulos-y-comunicados","category-azul-profundo","category-de-la-revolucion-al-reaprendizaje","category-genero-y-derechos-humanos","category-salud","tag-dano","tag-deconstruccion","tag-despatologizar","tag-destacada","tag-discursos","tag-enfoque-de-derechos","tag-enfoque-de-generos","tag-escucha","tag-negacion","tag-practica","tag-salud-mental","tag-teoria"],"nelio_content":{"autoShareEndMode":"never","automationSources":{"useCustomSentences":false,"customSentences":[]},"efiAlt":"","efiUrl":"","followers":[4],"highlights":[],"isAutoShareEnabled":true,"networkImageIds":[],"permalinkQueryArgs":[],"series":[],"suggestedReferences":[]},"yoast_head":"<!-- This site is optimized with the Yoast SEO plugin v27.5 - https:\/\/yoast.com\/product\/yoast-seo-wordpress\/ -->\n<title>Escucha despatologizadora - Diario Digital Femenino<\/title>\n<meta name=\"description\" content=\"Escucha despatologizadora se asume alojadora en estos recorridos. Alojar en la cl\u00ednica cotidiana los sufrimientos con enfoque de\u00a0g\u00e9neros.\" \/>\n<meta name=\"robots\" content=\"index, follow, max-snippet:-1, max-image-preview:large, max-video-preview:-1\" \/>\n<link rel=\"canonical\" href=\"https:\/\/diariofemenino.com.ar\/df\/escucha-despatologizadora\/\" \/>\n<meta property=\"og:locale\" content=\"es_ES\" \/>\n<meta property=\"og:type\" content=\"article\" \/>\n<meta property=\"og:title\" content=\"Escucha despatologizadora - Diario Digital Femenino\" \/>\n<meta property=\"og:description\" content=\"Escucha despatologizadora se asume alojadora en estos recorridos. Alojar en la cl\u00ednica cotidiana los sufrimientos con enfoque de\u00a0g\u00e9neros.\" \/>\n<meta property=\"og:url\" content=\"https:\/\/diariofemenino.com.ar\/df\/escucha-despatologizadora\/\" \/>\n<meta property=\"og:site_name\" content=\"Diario Digital Femenino\" \/>\n<meta property=\"article:publisher\" content=\"https:\/\/www.facebook.com\/DiarioDigitaFemenino\/\" \/>\n<meta property=\"article:published_time\" content=\"2023-05-26T10:41:24+00:00\" \/>\n<meta property=\"og:image\" content=\"https:\/\/diariofemenino.com.ar\/df\/wp-content\/uploads\/2023\/05\/body-bubbles-3.png\" \/>\n\t<meta property=\"og:image:width\" content=\"800\" \/>\n\t<meta property=\"og:image:height\" content=\"490\" \/>\n\t<meta property=\"og:image:type\" content=\"image\/png\" \/>\n<meta name=\"author\" content=\"Admin\" \/>\n<meta name=\"twitter:card\" content=\"summary_large_image\" \/>\n<meta name=\"twitter:creator\" content=\"@DiarioFemenino1\" \/>\n<meta name=\"twitter:site\" content=\"@DiarioFemenino1\" \/>\n<meta name=\"twitter:label1\" content=\"Escrito por\" \/>\n\t<meta name=\"twitter:data1\" content=\"Admin\" \/>\n\t<meta name=\"twitter:label2\" content=\"Tiempo de lectura\" \/>\n\t<meta name=\"twitter:data2\" content=\"5 minutos\" \/>\n<script type=\"application\/ld+json\" class=\"yoast-schema-graph\">{\"@context\":\"https:\\\/\\\/schema.org\",\"@graph\":[{\"@type\":\"Article\",\"@id\":\"https:\\\/\\\/diariofemenino.com.ar\\\/df\\\/escucha-despatologizadora\\\/#article\",\"isPartOf\":{\"@id\":\"https:\\\/\\\/diariofemenino.com.ar\\\/df\\\/escucha-despatologizadora\\\/\"},\"author\":{\"name\":\"Admin\",\"@id\":\"https:\\\/\\\/diariofemenino.com.ar\\\/df\\\/#\\\/schema\\\/person\\\/bf6199e8158c657ea6f789b11ec85509\"},\"headline\":\"Escucha despatologizadora\",\"datePublished\":\"2023-05-26T10:41:24+00:00\",\"mainEntityOfPage\":{\"@id\":\"https:\\\/\\\/diariofemenino.com.ar\\\/df\\\/escucha-despatologizadora\\\/\"},\"wordCount\":1028,\"commentCount\":0,\"publisher\":{\"@id\":\"https:\\\/\\\/diariofemenino.com.ar\\\/df\\\/#organization\"},\"image\":{\"@id\":\"https:\\\/\\\/diariofemenino.com.ar\\\/df\\\/escucha-despatologizadora\\\/#primaryimage\"},\"thumbnailUrl\":\"https:\\\/\\\/diariofemenino.com.ar\\\/df\\\/wp-content\\\/uploads\\\/2023\\\/05\\\/body-bubbles-3.png\",\"keywords\":[\"da\u00f1o\",\"Deconstrucci\u00f3n\",\"Despatologizar\",\"Destacada\",\"Discursos\",\"enfoque de derechos\",\"enfoque de g\u00e9neros\",\"Escucha\",\"negaci\u00f3n\",\"Pr\u00e1ctica\",\"Salud Mental\",\"Teor\u00eda\"],\"articleSection\":[\"Agenda Feminista\",\"Art\u00edculos y Comunicados\",\"Azul Profundo\",\"De la Revoluci\u00f3n al Reaprendizaje\",\"G\u00e9nero y Derechos Humanos\",\"Salud\"],\"inLanguage\":\"es\",\"potentialAction\":[{\"@type\":\"CommentAction\",\"name\":\"Comment\",\"target\":[\"https:\\\/\\\/diariofemenino.com.ar\\\/df\\\/escucha-despatologizadora\\\/#respond\"]}]},{\"@type\":\"WebPage\",\"@id\":\"https:\\\/\\\/diariofemenino.com.ar\\\/df\\\/escucha-despatologizadora\\\/\",\"url\":\"https:\\\/\\\/diariofemenino.com.ar\\\/df\\\/escucha-despatologizadora\\\/\",\"name\":\"Escucha despatologizadora - Diario Digital Femenino\",\"isPartOf\":{\"@id\":\"https:\\\/\\\/diariofemenino.com.ar\\\/df\\\/#website\"},\"primaryImageOfPage\":{\"@id\":\"https:\\\/\\\/diariofemenino.com.ar\\\/df\\\/escucha-despatologizadora\\\/#primaryimage\"},\"image\":{\"@id\":\"https:\\\/\\\/diariofemenino.com.ar\\\/df\\\/escucha-despatologizadora\\\/#primaryimage\"},\"thumbnailUrl\":\"https:\\\/\\\/diariofemenino.com.ar\\\/df\\\/wp-content\\\/uploads\\\/2023\\\/05\\\/body-bubbles-3.png\",\"datePublished\":\"2023-05-26T10:41:24+00:00\",\"description\":\"Escucha despatologizadora se asume alojadora en estos recorridos. Alojar en la cl\u00ednica cotidiana los sufrimientos con enfoque de\u00a0g\u00e9neros.\",\"breadcrumb\":{\"@id\":\"https:\\\/\\\/diariofemenino.com.ar\\\/df\\\/escucha-despatologizadora\\\/#breadcrumb\"},\"inLanguage\":\"es\",\"potentialAction\":[{\"@type\":\"ReadAction\",\"target\":[\"https:\\\/\\\/diariofemenino.com.ar\\\/df\\\/escucha-despatologizadora\\\/\"]}]},{\"@type\":\"ImageObject\",\"inLanguage\":\"es\",\"@id\":\"https:\\\/\\\/diariofemenino.com.ar\\\/df\\\/escucha-despatologizadora\\\/#primaryimage\",\"url\":\"https:\\\/\\\/diariofemenino.com.ar\\\/df\\\/wp-content\\\/uploads\\\/2023\\\/05\\\/body-bubbles-3.png\",\"contentUrl\":\"https:\\\/\\\/diariofemenino.com.ar\\\/df\\\/wp-content\\\/uploads\\\/2023\\\/05\\\/body-bubbles-3.png\",\"width\":800,\"height\":490,\"caption\":\"Ante la aparici\u00f3n de los primeros \\\"brotes\\\" epocales, hablemos de Salud Mental\"},{\"@type\":\"BreadcrumbList\",\"@id\":\"https:\\\/\\\/diariofemenino.com.ar\\\/df\\\/escucha-despatologizadora\\\/#breadcrumb\",\"itemListElement\":[{\"@type\":\"ListItem\",\"position\":1,\"name\":\"Portada\",\"item\":\"https:\\\/\\\/diariofemenino.com.ar\\\/df\\\/\"},{\"@type\":\"ListItem\",\"position\":2,\"name\":\"Escucha despatologizadora\"}]},{\"@type\":\"WebSite\",\"@id\":\"https:\\\/\\\/diariofemenino.com.ar\\\/df\\\/#website\",\"url\":\"https:\\\/\\\/diariofemenino.com.ar\\\/df\\\/\",\"name\":\"Diario Digital Femenino\",\"description\":\"Cuesti\u00f3n de G\u00e9nero\",\"publisher\":{\"@id\":\"https:\\\/\\\/diariofemenino.com.ar\\\/df\\\/#organization\"},\"potentialAction\":[{\"@type\":\"SearchAction\",\"target\":{\"@type\":\"EntryPoint\",\"urlTemplate\":\"https:\\\/\\\/diariofemenino.com.ar\\\/df\\\/?s={search_term_string}\"},\"query-input\":{\"@type\":\"PropertyValueSpecification\",\"valueRequired\":true,\"valueName\":\"search_term_string\"}}],\"inLanguage\":\"es\"},{\"@type\":\"Organization\",\"@id\":\"https:\\\/\\\/diariofemenino.com.ar\\\/df\\\/#organization\",\"name\":\"Diario Femenino\",\"url\":\"https:\\\/\\\/diariofemenino.com.ar\\\/df\\\/\",\"logo\":{\"@type\":\"ImageObject\",\"inLanguage\":\"es\",\"@id\":\"https:\\\/\\\/diariofemenino.com.ar\\\/df\\\/#\\\/schema\\\/logo\\\/image\\\/\",\"url\":\"https:\\\/\\\/diariofemenino.com.ar\\\/df\\\/wp-content\\\/uploads\\\/2018\\\/10\\\/logo.png\",\"contentUrl\":\"https:\\\/\\\/diariofemenino.com.ar\\\/df\\\/wp-content\\\/uploads\\\/2018\\\/10\\\/logo.png\",\"width\":500,\"height\":92,\"caption\":\"Diario Femenino\"},\"image\":{\"@id\":\"https:\\\/\\\/diariofemenino.com.ar\\\/df\\\/#\\\/schema\\\/logo\\\/image\\\/\"},\"sameAs\":[\"https:\\\/\\\/www.facebook.com\\\/DiarioDigitaFemenino\\\/\",\"https:\\\/\\\/x.com\\\/DiarioFemenino1\"]},{\"@type\":\"Person\",\"@id\":\"https:\\\/\\\/diariofemenino.com.ar\\\/df\\\/#\\\/schema\\\/person\\\/bf6199e8158c657ea6f789b11ec85509\",\"name\":\"Admin\",\"image\":{\"@type\":\"ImageObject\",\"inLanguage\":\"es\",\"@id\":\"https:\\\/\\\/diariofemenino.com.ar\\\/df\\\/wp-content\\\/uploads\\\/2018\\\/12\\\/favicon-150x150.jpg\",\"url\":\"https:\\\/\\\/diariofemenino.com.ar\\\/df\\\/wp-content\\\/uploads\\\/2018\\\/12\\\/favicon-150x150.jpg\",\"contentUrl\":\"https:\\\/\\\/diariofemenino.com.ar\\\/df\\\/wp-content\\\/uploads\\\/2018\\\/12\\\/favicon-150x150.jpg\",\"caption\":\"Admin\"},\"url\":\"https:\\\/\\\/diariofemenino.com.ar\\\/df\\\/author\\\/lenny\\\/\"}]}<\/script>\n<!-- \/ Yoast SEO plugin. -->","yoast_head_json":{"title":"Escucha despatologizadora - Diario Digital Femenino","description":"Escucha despatologizadora se asume alojadora en estos recorridos. Alojar en la cl\u00ednica cotidiana los sufrimientos con enfoque de\u00a0g\u00e9neros.","robots":{"index":"index","follow":"follow","max-snippet":"max-snippet:-1","max-image-preview":"max-image-preview:large","max-video-preview":"max-video-preview:-1"},"canonical":"https:\/\/diariofemenino.com.ar\/df\/escucha-despatologizadora\/","og_locale":"es_ES","og_type":"article","og_title":"Escucha despatologizadora - Diario Digital Femenino","og_description":"Escucha despatologizadora se asume alojadora en estos recorridos. Alojar en la cl\u00ednica cotidiana los sufrimientos con enfoque de\u00a0g\u00e9neros.","og_url":"https:\/\/diariofemenino.com.ar\/df\/escucha-despatologizadora\/","og_site_name":"Diario Digital Femenino","article_publisher":"https:\/\/www.facebook.com\/DiarioDigitaFemenino\/","article_published_time":"2023-05-26T10:41:24+00:00","og_image":[{"width":800,"height":490,"url":"https:\/\/diariofemenino.com.ar\/df\/wp-content\/uploads\/2023\/05\/body-bubbles-3.png","type":"image\/png"}],"author":"Admin","twitter_card":"summary_large_image","twitter_creator":"@DiarioFemenino1","twitter_site":"@DiarioFemenino1","twitter_misc":{"Escrito por":"Admin","Tiempo de lectura":"5 minutos"},"schema":{"@context":"https:\/\/schema.org","@graph":[{"@type":"Article","@id":"https:\/\/diariofemenino.com.ar\/df\/escucha-despatologizadora\/#article","isPartOf":{"@id":"https:\/\/diariofemenino.com.ar\/df\/escucha-despatologizadora\/"},"author":{"name":"Admin","@id":"https:\/\/diariofemenino.com.ar\/df\/#\/schema\/person\/bf6199e8158c657ea6f789b11ec85509"},"headline":"Escucha despatologizadora","datePublished":"2023-05-26T10:41:24+00:00","mainEntityOfPage":{"@id":"https:\/\/diariofemenino.com.ar\/df\/escucha-despatologizadora\/"},"wordCount":1028,"commentCount":0,"publisher":{"@id":"https:\/\/diariofemenino.com.ar\/df\/#organization"},"image":{"@id":"https:\/\/diariofemenino.com.ar\/df\/escucha-despatologizadora\/#primaryimage"},"thumbnailUrl":"https:\/\/diariofemenino.com.ar\/df\/wp-content\/uploads\/2023\/05\/body-bubbles-3.png","keywords":["da\u00f1o","Deconstrucci\u00f3n","Despatologizar","Destacada","Discursos","enfoque de derechos","enfoque de g\u00e9neros","Escucha","negaci\u00f3n","Pr\u00e1ctica","Salud Mental","Teor\u00eda"],"articleSection":["Agenda Feminista","Art\u00edculos y Comunicados","Azul Profundo","De la Revoluci\u00f3n al Reaprendizaje","G\u00e9nero y Derechos Humanos","Salud"],"inLanguage":"es","potentialAction":[{"@type":"CommentAction","name":"Comment","target":["https:\/\/diariofemenino.com.ar\/df\/escucha-despatologizadora\/#respond"]}]},{"@type":"WebPage","@id":"https:\/\/diariofemenino.com.ar\/df\/escucha-despatologizadora\/","url":"https:\/\/diariofemenino.com.ar\/df\/escucha-despatologizadora\/","name":"Escucha despatologizadora - Diario Digital Femenino","isPartOf":{"@id":"https:\/\/diariofemenino.com.ar\/df\/#website"},"primaryImageOfPage":{"@id":"https:\/\/diariofemenino.com.ar\/df\/escucha-despatologizadora\/#primaryimage"},"image":{"@id":"https:\/\/diariofemenino.com.ar\/df\/escucha-despatologizadora\/#primaryimage"},"thumbnailUrl":"https:\/\/diariofemenino.com.ar\/df\/wp-content\/uploads\/2023\/05\/body-bubbles-3.png","datePublished":"2023-05-26T10:41:24+00:00","description":"Escucha despatologizadora se asume alojadora en estos recorridos. Alojar en la cl\u00ednica cotidiana los sufrimientos con enfoque de\u00a0g\u00e9neros.","breadcrumb":{"@id":"https:\/\/diariofemenino.com.ar\/df\/escucha-despatologizadora\/#breadcrumb"},"inLanguage":"es","potentialAction":[{"@type":"ReadAction","target":["https:\/\/diariofemenino.com.ar\/df\/escucha-despatologizadora\/"]}]},{"@type":"ImageObject","inLanguage":"es","@id":"https:\/\/diariofemenino.com.ar\/df\/escucha-despatologizadora\/#primaryimage","url":"https:\/\/diariofemenino.com.ar\/df\/wp-content\/uploads\/2023\/05\/body-bubbles-3.png","contentUrl":"https:\/\/diariofemenino.com.ar\/df\/wp-content\/uploads\/2023\/05\/body-bubbles-3.png","width":800,"height":490,"caption":"Ante la aparici\u00f3n de los primeros \"brotes\" epocales, hablemos de Salud Mental"},{"@type":"BreadcrumbList","@id":"https:\/\/diariofemenino.com.ar\/df\/escucha-despatologizadora\/#breadcrumb","itemListElement":[{"@type":"ListItem","position":1,"name":"Portada","item":"https:\/\/diariofemenino.com.ar\/df\/"},{"@type":"ListItem","position":2,"name":"Escucha despatologizadora"}]},{"@type":"WebSite","@id":"https:\/\/diariofemenino.com.ar\/df\/#website","url":"https:\/\/diariofemenino.com.ar\/df\/","name":"Diario Digital Femenino","description":"Cuesti\u00f3n de G\u00e9nero","publisher":{"@id":"https:\/\/diariofemenino.com.ar\/df\/#organization"},"potentialAction":[{"@type":"SearchAction","target":{"@type":"EntryPoint","urlTemplate":"https:\/\/diariofemenino.com.ar\/df\/?s={search_term_string}"},"query-input":{"@type":"PropertyValueSpecification","valueRequired":true,"valueName":"search_term_string"}}],"inLanguage":"es"},{"@type":"Organization","@id":"https:\/\/diariofemenino.com.ar\/df\/#organization","name":"Diario Femenino","url":"https:\/\/diariofemenino.com.ar\/df\/","logo":{"@type":"ImageObject","inLanguage":"es","@id":"https:\/\/diariofemenino.com.ar\/df\/#\/schema\/logo\/image\/","url":"https:\/\/diariofemenino.com.ar\/df\/wp-content\/uploads\/2018\/10\/logo.png","contentUrl":"https:\/\/diariofemenino.com.ar\/df\/wp-content\/uploads\/2018\/10\/logo.png","width":500,"height":92,"caption":"Diario Femenino"},"image":{"@id":"https:\/\/diariofemenino.com.ar\/df\/#\/schema\/logo\/image\/"},"sameAs":["https:\/\/www.facebook.com\/DiarioDigitaFemenino\/","https:\/\/x.com\/DiarioFemenino1"]},{"@type":"Person","@id":"https:\/\/diariofemenino.com.ar\/df\/#\/schema\/person\/bf6199e8158c657ea6f789b11ec85509","name":"Admin","image":{"@type":"ImageObject","inLanguage":"es","@id":"https:\/\/diariofemenino.com.ar\/df\/wp-content\/uploads\/2018\/12\/favicon-150x150.jpg","url":"https:\/\/diariofemenino.com.ar\/df\/wp-content\/uploads\/2018\/12\/favicon-150x150.jpg","contentUrl":"https:\/\/diariofemenino.com.ar\/df\/wp-content\/uploads\/2018\/12\/favicon-150x150.jpg","caption":"Admin"},"url":"https:\/\/diariofemenino.com.ar\/df\/author\/lenny\/"}]}},"jetpack_featured_media_url":"https:\/\/diariofemenino.com.ar\/df\/wp-content\/uploads\/2023\/05\/body-bubbles-3.png","jetpack_sharing_enabled":true,"rttpg_featured_image_url":{"full":["https:\/\/diariofemenino.com.ar\/df\/wp-content\/uploads\/2023\/05\/body-bubbles-3.png",800,490,false],"landscape":["https:\/\/diariofemenino.com.ar\/df\/wp-content\/uploads\/2023\/05\/body-bubbles-3.png",800,490,false],"portraits":["https:\/\/diariofemenino.com.ar\/df\/wp-content\/uploads\/2023\/05\/body-bubbles-3.png",800,490,false],"thumbnail":["https:\/\/diariofemenino.com.ar\/df\/wp-content\/uploads\/2023\/05\/body-bubbles-3-150x150.png",150,150,true],"medium":["https:\/\/diariofemenino.com.ar\/df\/wp-content\/uploads\/2023\/05\/body-bubbles-3-300x184.png",300,184,true],"large":["https:\/\/diariofemenino.com.ar\/df\/wp-content\/uploads\/2023\/05\/body-bubbles-3.png",800,490,false],"1536x1536":["https:\/\/diariofemenino.com.ar\/df\/wp-content\/uploads\/2023\/05\/body-bubbles-3.png",800,490,false],"2048x2048":["https:\/\/diariofemenino.com.ar\/df\/wp-content\/uploads\/2023\/05\/body-bubbles-3.png",800,490,false]},"rttpg_author":{"display_name":"Admin","author_link":"https:\/\/diariofemenino.com.ar\/df\/author\/lenny\/"},"rttpg_comment":0,"rttpg_category":"<a href=\"https:\/\/diariofemenino.com.ar\/df\/category\/agenda-feminista\/\" rel=\"category tag\">Agenda Feminista<\/a> <a href=\"https:\/\/diariofemenino.com.ar\/df\/category\/articulos-y-comunicados\/\" rel=\"category tag\">Art\u00edculos y Comunicados<\/a> <a href=\"https:\/\/diariofemenino.com.ar\/df\/category\/azul-profundo\/\" rel=\"category tag\">Azul Profundo<\/a> <a href=\"https:\/\/diariofemenino.com.ar\/df\/category\/de-la-revolucion-al-reaprendizaje\/\" rel=\"category tag\">De la Revoluci\u00f3n al Reaprendizaje<\/a> <a href=\"https:\/\/diariofemenino.com.ar\/df\/category\/genero-y-derechos-humanos\/\" rel=\"category tag\">G\u00e9nero y Derechos Humanos<\/a> <a href=\"https:\/\/diariofemenino.com.ar\/df\/category\/salud\/\" rel=\"category tag\">Salud<\/a>","rttpg_excerpt":"Avanza el oto\u00f1o mientras seguimos tejiendo tramas hacia la salida colectiva&#8230; El clima se presenta extra\u00f1o, la melod\u00eda de las hojas secas que acompa\u00f1an y saludan al pasar se va apagando,\u00a0e l terreno h\u00famedo enciende las alarmas dando se\u00f1ales, hay que pisar firme para no resbalar ni perder el \u00abeje\u00bb,\u00a0como en la vida misma identificar&hellip;","_links":{"self":[{"href":"https:\/\/diariofemenino.com.ar\/df\/wp-json\/wp\/v2\/posts\/69362","targetHints":{"allow":["GET"]}}],"collection":[{"href":"https:\/\/diariofemenino.com.ar\/df\/wp-json\/wp\/v2\/posts"}],"about":[{"href":"https:\/\/diariofemenino.com.ar\/df\/wp-json\/wp\/v2\/types\/post"}],"author":[{"embeddable":true,"href":"https:\/\/diariofemenino.com.ar\/df\/wp-json\/wp\/v2\/users\/4"}],"replies":[{"embeddable":true,"href":"https:\/\/diariofemenino.com.ar\/df\/wp-json\/wp\/v2\/comments?post=69362"}],"version-history":[{"count":0,"href":"https:\/\/diariofemenino.com.ar\/df\/wp-json\/wp\/v2\/posts\/69362\/revisions"}],"wp:featuredmedia":[{"embeddable":true,"href":"https:\/\/diariofemenino.com.ar\/df\/wp-json\/wp\/v2\/media\/69363"}],"wp:attachment":[{"href":"https:\/\/diariofemenino.com.ar\/df\/wp-json\/wp\/v2\/media?parent=69362"}],"wp:term":[{"taxonomy":"category","embeddable":true,"href":"https:\/\/diariofemenino.com.ar\/df\/wp-json\/wp\/v2\/categories?post=69362"},{"taxonomy":"post_tag","embeddable":true,"href":"https:\/\/diariofemenino.com.ar\/df\/wp-json\/wp\/v2\/tags?post=69362"}],"curies":[{"name":"wp","href":"https:\/\/api.w.org\/{rel}","templated":true}]}}