{"id":69321,"date":"2023-05-23T22:22:11","date_gmt":"2023-05-24T01:22:11","guid":{"rendered":"https:\/\/diariofemenino.com.ar\/df\/?p=69321"},"modified":"2023-05-23T22:22:11","modified_gmt":"2023-05-24T01:22:11","slug":"sobre-los-empenos-de-una-casa","status":"publish","type":"post","link":"https:\/\/diariofemenino.com.ar\/df\/sobre-los-empenos-de-una-casa\/","title":{"rendered":"Sobre \u00abLos empe\u00f1os de una casa\u00bb"},"content":{"rendered":"<p>Nacer mujer en cualquier fecha de este patriarcal calendario sigue siendo un desaf\u00edo. Hacerlo por el 1650 una invitaci\u00f3n a sostener mandatos m\u00e1s all\u00e1 de cualquier otro deseo. Juana In\u00e9s supo atreverse a su \u00e9poca, logr\u00f3 encontrar intersticios para formarse y para lanzarse a la lectura. Ella, a la que le han dicho \u00abque ninguna mujer deber\u00eda afanarse por aprender de ciertos temas filos\u00f3ficos\u00bb, supo alzar su pluma con hidalgu\u00eda frente al obispal anillo. Ni los p\u00farpuras designios abatieron la altura de su verso. Su h\u00e1bito novicia fue su puente y no su celda. De cofia rebelde su verso urgente. De velo deseante sus dedos y tintas.<\/p>\n<p>Por\u00a0<a href=\"https:\/\/diariofemenino.com.ar\/df\/?s=Emiliano+Samar\">Emiliano Samar<\/a>*<br \/>\npara\u00a0<a href=\"https:\/\/diariofemenino.com.ar\/\">Diario Digital Femenino<\/a><\/p>\n<p>Nacer mujer para escribirse a s\u00ed mismas en letras de otras, de damas, de aquellas, de enredadas en amores, de s\u00edlabas partidas y rimas desarmadas.<\/p>\n<figure id=\"attachment_69325\" aria-describedby=\"caption-attachment-69325\" style=\"width: 580px\" class=\"wp-caption aligncenter\"><img loading=\"lazy\" decoding=\"async\" class=\" wp-image-69325\" src=\"https:\/\/diariofemenino.com.ar\/df\/wp-content\/uploads\/2023\/05\/Sor-Juana-1024x576.jpg\" alt=\"Sobre &quot;Los empe\u00f1os de una casa&quot;\" width=\"580\" height=\"326\" srcset=\"https:\/\/diariofemenino.com.ar\/df\/wp-content\/uploads\/2023\/05\/Sor-Juana-1024x576.jpg 1024w, https:\/\/diariofemenino.com.ar\/df\/wp-content\/uploads\/2023\/05\/Sor-Juana-300x169.jpg 300w, https:\/\/diariofemenino.com.ar\/df\/wp-content\/uploads\/2023\/05\/Sor-Juana-768x432.jpg 768w, https:\/\/diariofemenino.com.ar\/df\/wp-content\/uploads\/2023\/05\/Sor-Juana.jpg 1200w\" sizes=\"auto, (max-width: 580px) 100vw, 580px\" \/><figcaption id=\"caption-attachment-69325\" class=\"wp-caption-text\">Sobre \u00abLos empe\u00f1os de una casa\u00bb<\/figcaption><\/figure>\n<p>Juana In\u00e9s supo ser de la Cruz y de ese modo ser solo de ella y su escritura.<\/p>\n<p>Entre sus obras se destaca Los empe\u00f1os de una casa, considerada una de las mayores obras de\u00a0 toda la literatura novohispana. Se represent\u00f3 por primera vez el 4 de octubre de 1683. Aqu\u00ed en Argentina, reci\u00e9n en 2023. Quiz\u00e1 trescientos cuarenta a\u00f1os fueron necesarios para poder adentrarnos en la profundidad de la pieza.<\/p>\n<p>Que nuestro pa\u00eds cuente con una compa\u00f1\u00eda nacional de teatro cl\u00e1sico es un acto contracultural en un presente donde las cosas ya no pinchan y las im\u00e1genes se mueven con el desliz de un dedo en la pantalla. Lo ef\u00edmero del instante, la supremac\u00eda de la im\u00e1gen y la cruel incertidumbre de la post verdad se contraponen con el tiempo ritual que el verso ofrece cada semana en el Centro Cultural de la Cooperaci\u00f3n. Poder espiar por un rato la casa creada por la autora y la complejidad de la trama es respirar otro tipo de velocidad, es toparse con la necesaria urdimbre del teatro en el momento exacto en que se tejer\u00e1 la acci\u00f3n y se saltar\u00e1 de la literatura al cuerpo. La puesta en escena de Santiago Doria da cuenta de su preciso conocimiento del verso, de su artesanal sabidur\u00eda para ajustar las piezas del reloj. Actrices y actores se calzan el traje de manera solvente y audaz, saltando a la red que propuso Sor Juana, la que se teje en enredos y se duele en amores desencontrados. Esos que se intuyen a tientas, en la penumbra de un guante equivocado y una tela que oculta desafiante el g\u00e9nero trastocado del deseo.<\/p>\n<p>Elegir esta autora maravillosa y \u00fanica en este presente obstinado por entenderse l\u00edquido es un gesto que traza una l\u00ednea en el tiempo, es darle voz a aquella mujer valiente para que se vuelva hoy un grito de inteligencia y libertad. Conmueve su genio\u00a0 entre tanto necio de este siglo. Y ellos, los artistas que cada semana lo encarnan, nos abren el templo m\u00e1s humano de la no santa, el de ella, la peor de todas.<\/p>\n<p><em>Pod\u00e9s verla en Buenos Aires, en el <a href=\"https:\/\/www.centrocultural.coop\/\">Centro Cultural de la Cooperaci\u00f3n<\/a>, todos los jueves a las 20 h.<\/em><\/p>\n<figure id=\"attachment_69323\" aria-describedby=\"caption-attachment-69323\" style=\"width: 331px\" class=\"wp-caption aligncenter\"><img loading=\"lazy\" decoding=\"async\" class=\" wp-image-69323\" src=\"https:\/\/diariofemenino.com.ar\/df\/wp-content\/uploads\/2023\/05\/Segundo_volumen_de_las_obras_de_Sor_Juana_In\u00e9s_de_la_Cruz.jpg\" alt=\"Sobre &quot;Los empe\u00f1os de una casa&quot;\" width=\"331\" height=\"548\" srcset=\"https:\/\/diariofemenino.com.ar\/df\/wp-content\/uploads\/2023\/05\/Segundo_volumen_de_las_obras_de_Sor_Juana_In\u00e9s_de_la_Cruz.jpg 450w, https:\/\/diariofemenino.com.ar\/df\/wp-content\/uploads\/2023\/05\/Segundo_volumen_de_las_obras_de_Sor_Juana_In\u00e9s_de_la_Cruz-181x300.jpg 181w\" sizes=\"auto, (max-width: 331px) 100vw, 331px\" \/><figcaption id=\"caption-attachment-69323\" class=\"wp-caption-text\">Sobre \u00abLos empe\u00f1os de una casa\u00bb<\/figcaption><\/figure>\n<p><strong>FICHA T\u00c9CNICO ART\u00cdSTICA<\/strong><\/p>\n<p>Autor\u00eda:<br \/>\nSor Juana In\u00e9s De La Cruz<\/p>\n<p>Versi\u00f3n:<br \/>\nSantiago Doria<\/p>\n<p>Act\u00faan:<br \/>\nIrene Almus , Mateo Chiarino,\u00a0 Andres DAdamo , M\u00f3nica D&#8217;Agostino , Maia Francia , Jorge Garc\u00eda Marino, Fabi\u00e1n Pandolfi, Francisco Pesqueira ,\u00a0 Jazm\u00edn Rios.<\/p>\n<p>(*)\u00a0Columnista de\u00a0<a href=\"https:\/\/diariofemenino.com.ar\/df\/?s=Emiliano+Samar\">Diario Digital Femenino<\/a><br \/>\n<a href=\"https:\/\/www.instagram.com\/emilianosamar\/\">@emilianosamar<\/a><br \/>\n<a href=\"mailto:emilianosamar@gmail.com\">emilianosamar@gmail.com<\/a><\/p>\n","protected":false},"excerpt":{"rendered":"<p>Nacer mujer en cualquier fecha de este patriarcal calendario sigue siendo un desaf\u00edo. Hacerlo por el 1650 una invitaci\u00f3n a sostener mandatos m\u00e1s all\u00e1 de cualquier otro deseo. Juana In\u00e9s supo atreverse a su \u00e9poca, logr\u00f3 encontrar intersticios para formarse y para lanzarse a la lectura. Ella, a la que le han dicho \u00abque ninguna [&hellip;]<\/p>\n","protected":false},"author":4,"featured_media":69324,"comment_status":"open","ping_status":"open","sticky":false,"template":"","format":"standard","meta":{"iawp_total_views":34,"footnotes":""},"categories":[1067,178,627,21],"tags":[5997,64,5995,4372,4207,416,5993,5996,4924,212,5998,5994,76],"class_list":["post-69321","post","type-post","status-publish","format-standard","has-post-thumbnail","hentry","category-agenda-feminista","category-articulos-y-comunicados","category-genero-y-derechos-humanos","category-noticias","tag-5997","tag-arte","tag-de-la-cruz","tag-destacada","tag-emiliano-samar","tag-filosofia","tag-juana-ines","tag-los-empenos-de-la-casa","tag-mandatos","tag-mujer","tag-obra-literaria","tag-sor","tag-teatro"],"nelio_content":{"autoShareEndMode":"never","automationSources":{"useCustomSentences":false,"customSentences":[]},"efiAlt":"","efiUrl":"","followers":[4],"highlights":[],"isAutoShareEnabled":true,"networkImageIds":[],"permalinkQueryArgs":[],"series":[],"suggestedReferences":[]},"yoast_head":"<!-- This site is optimized with the Yoast SEO plugin v27.5 - https:\/\/yoast.com\/product\/yoast-seo-wordpress\/ -->\n<title>Sobre &quot;Los empe\u00f1os de una casa&quot; - Diario Digital Femenino<\/title>\n<meta name=\"description\" content=\"Sobre\" \/>\n<meta name=\"robots\" content=\"index, follow, max-snippet:-1, max-image-preview:large, max-video-preview:-1\" \/>\n<link rel=\"canonical\" href=\"https:\/\/diariofemenino.com.ar\/df\/sobre-los-empenos-de-una-casa\/\" \/>\n<meta property=\"og:locale\" content=\"es_ES\" \/>\n<meta property=\"og:type\" content=\"article\" \/>\n<meta property=\"og:title\" content=\"Sobre &quot;Los empe\u00f1os de una casa&quot; - Diario Digital Femenino\" \/>\n<meta property=\"og:description\" content=\"Sobre\" \/>\n<meta property=\"og:url\" content=\"https:\/\/diariofemenino.com.ar\/df\/sobre-los-empenos-de-una-casa\/\" \/>\n<meta property=\"og:site_name\" content=\"Diario Digital Femenino\" \/>\n<meta property=\"article:publisher\" content=\"https:\/\/www.facebook.com\/DiarioDigitaFemenino\/\" \/>\n<meta property=\"article:published_time\" content=\"2023-05-24T01:22:11+00:00\" \/>\n<meta property=\"og:image\" content=\"https:\/\/diariofemenino.com.ar\/df\/wp-content\/uploads\/2023\/05\/IMG-20230522-WA0095.jpg\" \/>\n\t<meta property=\"og:image:width\" content=\"1600\" \/>\n\t<meta property=\"og:image:height\" content=\"1200\" \/>\n\t<meta property=\"og:image:type\" content=\"image\/jpeg\" \/>\n<meta name=\"author\" content=\"Admin\" \/>\n<meta name=\"twitter:card\" content=\"summary_large_image\" \/>\n<meta name=\"twitter:creator\" content=\"@DiarioFemenino1\" \/>\n<meta name=\"twitter:site\" content=\"@DiarioFemenino1\" \/>\n<meta name=\"twitter:label1\" content=\"Escrito por\" \/>\n\t<meta name=\"twitter:data1\" content=\"Admin\" \/>\n\t<meta name=\"twitter:label2\" content=\"Tiempo de lectura\" \/>\n\t<meta name=\"twitter:data2\" content=\"3 minutos\" \/>\n<script type=\"application\/ld+json\" class=\"yoast-schema-graph\">{\"@context\":\"https:\\\/\\\/schema.org\",\"@graph\":[{\"@type\":\"Article\",\"@id\":\"https:\\\/\\\/diariofemenino.com.ar\\\/df\\\/sobre-los-empenos-de-una-casa\\\/#article\",\"isPartOf\":{\"@id\":\"https:\\\/\\\/diariofemenino.com.ar\\\/df\\\/sobre-los-empenos-de-una-casa\\\/\"},\"author\":{\"name\":\"Admin\",\"@id\":\"https:\\\/\\\/diariofemenino.com.ar\\\/df\\\/#\\\/schema\\\/person\\\/bf6199e8158c657ea6f789b11ec85509\"},\"headline\":\"Sobre \u00abLos empe\u00f1os de una casa\u00bb\",\"datePublished\":\"2023-05-24T01:22:11+00:00\",\"mainEntityOfPage\":{\"@id\":\"https:\\\/\\\/diariofemenino.com.ar\\\/df\\\/sobre-los-empenos-de-una-casa\\\/\"},\"wordCount\":622,\"commentCount\":0,\"publisher\":{\"@id\":\"https:\\\/\\\/diariofemenino.com.ar\\\/df\\\/#organization\"},\"image\":{\"@id\":\"https:\\\/\\\/diariofemenino.com.ar\\\/df\\\/sobre-los-empenos-de-una-casa\\\/#primaryimage\"},\"thumbnailUrl\":\"https:\\\/\\\/diariofemenino.com.ar\\\/df\\\/wp-content\\\/uploads\\\/2023\\\/05\\\/IMG-20230522-WA0095.jpg\",\"keywords\":[\"1650\",\"Arte\",\"de la Cruz\",\"Destacada\",\"Emiliano Samar\",\"filosof\u00eda\",\"Juana In\u00e9s\",\"Los empe\u00f1os de la casa\",\"Mandatos\",\"Mujer\",\"Obra literaria\",\"Sor\",\"Teatro\"],\"articleSection\":[\"Agenda Feminista\",\"Art\u00edculos y Comunicados\",\"G\u00e9nero y Derechos Humanos\",\"Noticias\"],\"inLanguage\":\"es\",\"potentialAction\":[{\"@type\":\"CommentAction\",\"name\":\"Comment\",\"target\":[\"https:\\\/\\\/diariofemenino.com.ar\\\/df\\\/sobre-los-empenos-de-una-casa\\\/#respond\"]}]},{\"@type\":\"WebPage\",\"@id\":\"https:\\\/\\\/diariofemenino.com.ar\\\/df\\\/sobre-los-empenos-de-una-casa\\\/\",\"url\":\"https:\\\/\\\/diariofemenino.com.ar\\\/df\\\/sobre-los-empenos-de-una-casa\\\/\",\"name\":\"Sobre \\\"Los empe\u00f1os de una casa\\\" - Diario Digital Femenino\",\"isPartOf\":{\"@id\":\"https:\\\/\\\/diariofemenino.com.ar\\\/df\\\/#website\"},\"primaryImageOfPage\":{\"@id\":\"https:\\\/\\\/diariofemenino.com.ar\\\/df\\\/sobre-los-empenos-de-una-casa\\\/#primaryimage\"},\"image\":{\"@id\":\"https:\\\/\\\/diariofemenino.com.ar\\\/df\\\/sobre-los-empenos-de-una-casa\\\/#primaryimage\"},\"thumbnailUrl\":\"https:\\\/\\\/diariofemenino.com.ar\\\/df\\\/wp-content\\\/uploads\\\/2023\\\/05\\\/IMG-20230522-WA0095.jpg\",\"datePublished\":\"2023-05-24T01:22:11+00:00\",\"description\":\"Sobre\",\"breadcrumb\":{\"@id\":\"https:\\\/\\\/diariofemenino.com.ar\\\/df\\\/sobre-los-empenos-de-una-casa\\\/#breadcrumb\"},\"inLanguage\":\"es\",\"potentialAction\":[{\"@type\":\"ReadAction\",\"target\":[\"https:\\\/\\\/diariofemenino.com.ar\\\/df\\\/sobre-los-empenos-de-una-casa\\\/\"]}]},{\"@type\":\"ImageObject\",\"inLanguage\":\"es\",\"@id\":\"https:\\\/\\\/diariofemenino.com.ar\\\/df\\\/sobre-los-empenos-de-una-casa\\\/#primaryimage\",\"url\":\"https:\\\/\\\/diariofemenino.com.ar\\\/df\\\/wp-content\\\/uploads\\\/2023\\\/05\\\/IMG-20230522-WA0095.jpg\",\"contentUrl\":\"https:\\\/\\\/diariofemenino.com.ar\\\/df\\\/wp-content\\\/uploads\\\/2023\\\/05\\\/IMG-20230522-WA0095.jpg\",\"width\":1600,\"height\":1200,\"caption\":\"Sobre \\\"Los empe\u00f1os de una casa\\\"\"},{\"@type\":\"BreadcrumbList\",\"@id\":\"https:\\\/\\\/diariofemenino.com.ar\\\/df\\\/sobre-los-empenos-de-una-casa\\\/#breadcrumb\",\"itemListElement\":[{\"@type\":\"ListItem\",\"position\":1,\"name\":\"Portada\",\"item\":\"https:\\\/\\\/diariofemenino.com.ar\\\/df\\\/\"},{\"@type\":\"ListItem\",\"position\":2,\"name\":\"Sobre \u00abLos empe\u00f1os de una casa\u00bb\"}]},{\"@type\":\"WebSite\",\"@id\":\"https:\\\/\\\/diariofemenino.com.ar\\\/df\\\/#website\",\"url\":\"https:\\\/\\\/diariofemenino.com.ar\\\/df\\\/\",\"name\":\"Diario Digital Femenino\",\"description\":\"Cuesti\u00f3n de G\u00e9nero\",\"publisher\":{\"@id\":\"https:\\\/\\\/diariofemenino.com.ar\\\/df\\\/#organization\"},\"potentialAction\":[{\"@type\":\"SearchAction\",\"target\":{\"@type\":\"EntryPoint\",\"urlTemplate\":\"https:\\\/\\\/diariofemenino.com.ar\\\/df\\\/?s={search_term_string}\"},\"query-input\":{\"@type\":\"PropertyValueSpecification\",\"valueRequired\":true,\"valueName\":\"search_term_string\"}}],\"inLanguage\":\"es\"},{\"@type\":\"Organization\",\"@id\":\"https:\\\/\\\/diariofemenino.com.ar\\\/df\\\/#organization\",\"name\":\"Diario Femenino\",\"url\":\"https:\\\/\\\/diariofemenino.com.ar\\\/df\\\/\",\"logo\":{\"@type\":\"ImageObject\",\"inLanguage\":\"es\",\"@id\":\"https:\\\/\\\/diariofemenino.com.ar\\\/df\\\/#\\\/schema\\\/logo\\\/image\\\/\",\"url\":\"https:\\\/\\\/diariofemenino.com.ar\\\/df\\\/wp-content\\\/uploads\\\/2018\\\/10\\\/logo.png\",\"contentUrl\":\"https:\\\/\\\/diariofemenino.com.ar\\\/df\\\/wp-content\\\/uploads\\\/2018\\\/10\\\/logo.png\",\"width\":500,\"height\":92,\"caption\":\"Diario Femenino\"},\"image\":{\"@id\":\"https:\\\/\\\/diariofemenino.com.ar\\\/df\\\/#\\\/schema\\\/logo\\\/image\\\/\"},\"sameAs\":[\"https:\\\/\\\/www.facebook.com\\\/DiarioDigitaFemenino\\\/\",\"https:\\\/\\\/x.com\\\/DiarioFemenino1\"]},{\"@type\":\"Person\",\"@id\":\"https:\\\/\\\/diariofemenino.com.ar\\\/df\\\/#\\\/schema\\\/person\\\/bf6199e8158c657ea6f789b11ec85509\",\"name\":\"Admin\",\"image\":{\"@type\":\"ImageObject\",\"inLanguage\":\"es\",\"@id\":\"https:\\\/\\\/diariofemenino.com.ar\\\/df\\\/wp-content\\\/uploads\\\/2018\\\/12\\\/favicon-150x150.jpg\",\"url\":\"https:\\\/\\\/diariofemenino.com.ar\\\/df\\\/wp-content\\\/uploads\\\/2018\\\/12\\\/favicon-150x150.jpg\",\"contentUrl\":\"https:\\\/\\\/diariofemenino.com.ar\\\/df\\\/wp-content\\\/uploads\\\/2018\\\/12\\\/favicon-150x150.jpg\",\"caption\":\"Admin\"},\"url\":\"https:\\\/\\\/diariofemenino.com.ar\\\/df\\\/author\\\/lenny\\\/\"}]}<\/script>\n<!-- \/ Yoast SEO plugin. -->","yoast_head_json":{"title":"Sobre \"Los empe\u00f1os de una casa\" - Diario Digital Femenino","description":"Sobre","robots":{"index":"index","follow":"follow","max-snippet":"max-snippet:-1","max-image-preview":"max-image-preview:large","max-video-preview":"max-video-preview:-1"},"canonical":"https:\/\/diariofemenino.com.ar\/df\/sobre-los-empenos-de-una-casa\/","og_locale":"es_ES","og_type":"article","og_title":"Sobre \"Los empe\u00f1os de una casa\" - Diario Digital Femenino","og_description":"Sobre","og_url":"https:\/\/diariofemenino.com.ar\/df\/sobre-los-empenos-de-una-casa\/","og_site_name":"Diario Digital Femenino","article_publisher":"https:\/\/www.facebook.com\/DiarioDigitaFemenino\/","article_published_time":"2023-05-24T01:22:11+00:00","og_image":[{"width":1600,"height":1200,"url":"https:\/\/diariofemenino.com.ar\/df\/wp-content\/uploads\/2023\/05\/IMG-20230522-WA0095.jpg","type":"image\/jpeg"}],"author":"Admin","twitter_card":"summary_large_image","twitter_creator":"@DiarioFemenino1","twitter_site":"@DiarioFemenino1","twitter_misc":{"Escrito por":"Admin","Tiempo de lectura":"3 minutos"},"schema":{"@context":"https:\/\/schema.org","@graph":[{"@type":"Article","@id":"https:\/\/diariofemenino.com.ar\/df\/sobre-los-empenos-de-una-casa\/#article","isPartOf":{"@id":"https:\/\/diariofemenino.com.ar\/df\/sobre-los-empenos-de-una-casa\/"},"author":{"name":"Admin","@id":"https:\/\/diariofemenino.com.ar\/df\/#\/schema\/person\/bf6199e8158c657ea6f789b11ec85509"},"headline":"Sobre \u00abLos empe\u00f1os de una casa\u00bb","datePublished":"2023-05-24T01:22:11+00:00","mainEntityOfPage":{"@id":"https:\/\/diariofemenino.com.ar\/df\/sobre-los-empenos-de-una-casa\/"},"wordCount":622,"commentCount":0,"publisher":{"@id":"https:\/\/diariofemenino.com.ar\/df\/#organization"},"image":{"@id":"https:\/\/diariofemenino.com.ar\/df\/sobre-los-empenos-de-una-casa\/#primaryimage"},"thumbnailUrl":"https:\/\/diariofemenino.com.ar\/df\/wp-content\/uploads\/2023\/05\/IMG-20230522-WA0095.jpg","keywords":["1650","Arte","de la Cruz","Destacada","Emiliano Samar","filosof\u00eda","Juana In\u00e9s","Los empe\u00f1os de la casa","Mandatos","Mujer","Obra literaria","Sor","Teatro"],"articleSection":["Agenda Feminista","Art\u00edculos y Comunicados","G\u00e9nero y Derechos Humanos","Noticias"],"inLanguage":"es","potentialAction":[{"@type":"CommentAction","name":"Comment","target":["https:\/\/diariofemenino.com.ar\/df\/sobre-los-empenos-de-una-casa\/#respond"]}]},{"@type":"WebPage","@id":"https:\/\/diariofemenino.com.ar\/df\/sobre-los-empenos-de-una-casa\/","url":"https:\/\/diariofemenino.com.ar\/df\/sobre-los-empenos-de-una-casa\/","name":"Sobre \"Los empe\u00f1os de una casa\" - Diario Digital Femenino","isPartOf":{"@id":"https:\/\/diariofemenino.com.ar\/df\/#website"},"primaryImageOfPage":{"@id":"https:\/\/diariofemenino.com.ar\/df\/sobre-los-empenos-de-una-casa\/#primaryimage"},"image":{"@id":"https:\/\/diariofemenino.com.ar\/df\/sobre-los-empenos-de-una-casa\/#primaryimage"},"thumbnailUrl":"https:\/\/diariofemenino.com.ar\/df\/wp-content\/uploads\/2023\/05\/IMG-20230522-WA0095.jpg","datePublished":"2023-05-24T01:22:11+00:00","description":"Sobre","breadcrumb":{"@id":"https:\/\/diariofemenino.com.ar\/df\/sobre-los-empenos-de-una-casa\/#breadcrumb"},"inLanguage":"es","potentialAction":[{"@type":"ReadAction","target":["https:\/\/diariofemenino.com.ar\/df\/sobre-los-empenos-de-una-casa\/"]}]},{"@type":"ImageObject","inLanguage":"es","@id":"https:\/\/diariofemenino.com.ar\/df\/sobre-los-empenos-de-una-casa\/#primaryimage","url":"https:\/\/diariofemenino.com.ar\/df\/wp-content\/uploads\/2023\/05\/IMG-20230522-WA0095.jpg","contentUrl":"https:\/\/diariofemenino.com.ar\/df\/wp-content\/uploads\/2023\/05\/IMG-20230522-WA0095.jpg","width":1600,"height":1200,"caption":"Sobre \"Los empe\u00f1os de una casa\""},{"@type":"BreadcrumbList","@id":"https:\/\/diariofemenino.com.ar\/df\/sobre-los-empenos-de-una-casa\/#breadcrumb","itemListElement":[{"@type":"ListItem","position":1,"name":"Portada","item":"https:\/\/diariofemenino.com.ar\/df\/"},{"@type":"ListItem","position":2,"name":"Sobre \u00abLos empe\u00f1os de una casa\u00bb"}]},{"@type":"WebSite","@id":"https:\/\/diariofemenino.com.ar\/df\/#website","url":"https:\/\/diariofemenino.com.ar\/df\/","name":"Diario Digital Femenino","description":"Cuesti\u00f3n de G\u00e9nero","publisher":{"@id":"https:\/\/diariofemenino.com.ar\/df\/#organization"},"potentialAction":[{"@type":"SearchAction","target":{"@type":"EntryPoint","urlTemplate":"https:\/\/diariofemenino.com.ar\/df\/?s={search_term_string}"},"query-input":{"@type":"PropertyValueSpecification","valueRequired":true,"valueName":"search_term_string"}}],"inLanguage":"es"},{"@type":"Organization","@id":"https:\/\/diariofemenino.com.ar\/df\/#organization","name":"Diario Femenino","url":"https:\/\/diariofemenino.com.ar\/df\/","logo":{"@type":"ImageObject","inLanguage":"es","@id":"https:\/\/diariofemenino.com.ar\/df\/#\/schema\/logo\/image\/","url":"https:\/\/diariofemenino.com.ar\/df\/wp-content\/uploads\/2018\/10\/logo.png","contentUrl":"https:\/\/diariofemenino.com.ar\/df\/wp-content\/uploads\/2018\/10\/logo.png","width":500,"height":92,"caption":"Diario Femenino"},"image":{"@id":"https:\/\/diariofemenino.com.ar\/df\/#\/schema\/logo\/image\/"},"sameAs":["https:\/\/www.facebook.com\/DiarioDigitaFemenino\/","https:\/\/x.com\/DiarioFemenino1"]},{"@type":"Person","@id":"https:\/\/diariofemenino.com.ar\/df\/#\/schema\/person\/bf6199e8158c657ea6f789b11ec85509","name":"Admin","image":{"@type":"ImageObject","inLanguage":"es","@id":"https:\/\/diariofemenino.com.ar\/df\/wp-content\/uploads\/2018\/12\/favicon-150x150.jpg","url":"https:\/\/diariofemenino.com.ar\/df\/wp-content\/uploads\/2018\/12\/favicon-150x150.jpg","contentUrl":"https:\/\/diariofemenino.com.ar\/df\/wp-content\/uploads\/2018\/12\/favicon-150x150.jpg","caption":"Admin"},"url":"https:\/\/diariofemenino.com.ar\/df\/author\/lenny\/"}]}},"jetpack_featured_media_url":"https:\/\/diariofemenino.com.ar\/df\/wp-content\/uploads\/2023\/05\/IMG-20230522-WA0095.jpg","jetpack_sharing_enabled":true,"rttpg_featured_image_url":{"full":["https:\/\/diariofemenino.com.ar\/df\/wp-content\/uploads\/2023\/05\/IMG-20230522-WA0095.jpg",1600,1200,false],"landscape":["https:\/\/diariofemenino.com.ar\/df\/wp-content\/uploads\/2023\/05\/IMG-20230522-WA0095.jpg",1600,1200,false],"portraits":["https:\/\/diariofemenino.com.ar\/df\/wp-content\/uploads\/2023\/05\/IMG-20230522-WA0095.jpg",1600,1200,false],"thumbnail":["https:\/\/diariofemenino.com.ar\/df\/wp-content\/uploads\/2023\/05\/IMG-20230522-WA0095-150x150.jpg",150,150,true],"medium":["https:\/\/diariofemenino.com.ar\/df\/wp-content\/uploads\/2023\/05\/IMG-20230522-WA0095-300x225.jpg",300,225,true],"large":["https:\/\/diariofemenino.com.ar\/df\/wp-content\/uploads\/2023\/05\/IMG-20230522-WA0095-1024x768.jpg",1024,768,true],"1536x1536":["https:\/\/diariofemenino.com.ar\/df\/wp-content\/uploads\/2023\/05\/IMG-20230522-WA0095.jpg",1536,1152,false],"2048x2048":["https:\/\/diariofemenino.com.ar\/df\/wp-content\/uploads\/2023\/05\/IMG-20230522-WA0095.jpg",1600,1200,false]},"rttpg_author":{"display_name":"Admin","author_link":"https:\/\/diariofemenino.com.ar\/df\/author\/lenny\/"},"rttpg_comment":0,"rttpg_category":"<a href=\"https:\/\/diariofemenino.com.ar\/df\/category\/agenda-feminista\/\" rel=\"category tag\">Agenda Feminista<\/a> <a href=\"https:\/\/diariofemenino.com.ar\/df\/category\/articulos-y-comunicados\/\" rel=\"category tag\">Art\u00edculos y Comunicados<\/a> <a href=\"https:\/\/diariofemenino.com.ar\/df\/category\/genero-y-derechos-humanos\/\" rel=\"category tag\">G\u00e9nero y Derechos Humanos<\/a> <a href=\"https:\/\/diariofemenino.com.ar\/df\/category\/noticias\/\" rel=\"category tag\">Noticias<\/a>","rttpg_excerpt":"Nacer mujer en cualquier fecha de este patriarcal calendario sigue siendo un desaf\u00edo. Hacerlo por el 1650 una invitaci\u00f3n a sostener mandatos m\u00e1s all\u00e1 de cualquier otro deseo. Juana In\u00e9s supo atreverse a su \u00e9poca, logr\u00f3 encontrar intersticios para formarse y para lanzarse a la lectura. Ella, a la que le han dicho \u00abque ninguna&hellip;","_links":{"self":[{"href":"https:\/\/diariofemenino.com.ar\/df\/wp-json\/wp\/v2\/posts\/69321","targetHints":{"allow":["GET"]}}],"collection":[{"href":"https:\/\/diariofemenino.com.ar\/df\/wp-json\/wp\/v2\/posts"}],"about":[{"href":"https:\/\/diariofemenino.com.ar\/df\/wp-json\/wp\/v2\/types\/post"}],"author":[{"embeddable":true,"href":"https:\/\/diariofemenino.com.ar\/df\/wp-json\/wp\/v2\/users\/4"}],"replies":[{"embeddable":true,"href":"https:\/\/diariofemenino.com.ar\/df\/wp-json\/wp\/v2\/comments?post=69321"}],"version-history":[{"count":0,"href":"https:\/\/diariofemenino.com.ar\/df\/wp-json\/wp\/v2\/posts\/69321\/revisions"}],"wp:featuredmedia":[{"embeddable":true,"href":"https:\/\/diariofemenino.com.ar\/df\/wp-json\/wp\/v2\/media\/69324"}],"wp:attachment":[{"href":"https:\/\/diariofemenino.com.ar\/df\/wp-json\/wp\/v2\/media?parent=69321"}],"wp:term":[{"taxonomy":"category","embeddable":true,"href":"https:\/\/diariofemenino.com.ar\/df\/wp-json\/wp\/v2\/categories?post=69321"},{"taxonomy":"post_tag","embeddable":true,"href":"https:\/\/diariofemenino.com.ar\/df\/wp-json\/wp\/v2\/tags?post=69321"}],"curies":[{"name":"wp","href":"https:\/\/api.w.org\/{rel}","templated":true}]}}