{"id":68586,"date":"2023-04-11T20:16:27","date_gmt":"2023-04-11T23:16:27","guid":{"rendered":"https:\/\/diariofemenino.com.ar\/df\/?p=68586"},"modified":"2023-04-11T20:16:27","modified_gmt":"2023-04-11T23:16:27","slug":"chile-aprueba-la-jornada-laboral-de-40-horas-semanales-cuanto-se-trabaja-en-el-resto-de-america-latina","status":"publish","type":"post","link":"https:\/\/diariofemenino.com.ar\/df\/chile-aprueba-la-jornada-laboral-de-40-horas-semanales-cuanto-se-trabaja-en-el-resto-de-america-latina\/","title":{"rendered":"Chile aprueba la jornada laboral de 40 horas semanales: \u00bfcu\u00e1nto se trabaja en el resto de Am\u00e9rica Latina?"},"content":{"rendered":"<div class=\"bbc-19j92fr ebmt73l0\" dir=\"ltr\">\n<p dir=\"ltr\">Chile aprueba la jornada laboral de 40 horas semanales.<\/p>\n<p class=\"bbc-hhl7in e17g058b0\" dir=\"ltr\"><b>El Congreso de Chile aprob\u00f3 este martes reducir la jornada laboral semanal de 45 a 40 horas, convirtiendo a ese pa\u00eds en la naci\u00f3n de Am\u00e9rica Latina con la semana de trabajo m\u00e1s corta junto con Ecuador.<\/p>\n<p><\/b><\/p>\n<\/div>\n<div class=\"bbc-19j92fr ebmt73l0\" dir=\"ltr\">\n<p class=\"bbc-hhl7in e17g058b0\" dir=\"ltr\">La propuesta, que fue sancionada por la C\u00e1mara de Diputados luego de su aprobaci\u00f3n un\u00e1nime en el Senado,\u00a0<b>reduce gradualmente las horas<\/b>\u00a0de trabajo en un plazo de cinco a\u00f1os.<\/p>\n<div class=\"bbc-19j92fr ebmt73l0\" dir=\"ltr\">\n<p class=\"bbc-hhl7in e17g058b0\" dir=\"ltr\">Al a\u00f1o de su aplicaci\u00f3n se reducir\u00e1 la jornada a 44 horas semanales. A los tres a\u00f1os el l\u00edmite ser\u00e1 de 42 horas y al cabo de un lustro se llegar\u00e1 a las 40 horas, que es el tiempo de trabajo recomendado por la Organizaci\u00f3n Internacional del Trabajo (OIT).<\/p>\n<\/div>\n<div class=\"bbc-19j92fr ebmt73l0\" dir=\"ltr\">\n<p class=\"bbc-hhl7in e17g058b0\" dir=\"ltr\">La ley prev\u00e9 la posibilidad de\u00a0<b>trabajar cuatro d\u00edas y descansar tres<\/b>\u00a0(a diferencia de la legislaci\u00f3n actual, que obliga a un m\u00ednimo de cinco d\u00edas laborales).<\/p>\n<figure id=\"attachment_68587\" aria-describedby=\"caption-attachment-68587\" style=\"width: 652px\" class=\"wp-caption aligncenter\"><img loading=\"lazy\" decoding=\"async\" class=\" wp-image-68587\" src=\"https:\/\/diariofemenino.com.ar\/df\/wp-content\/uploads\/2023\/04\/129324190_1.jpg\" alt=\"Chile aprueba la jornada laboral de 40 horas semanales: \u00bfcu\u00e1nto se trabaja en el resto de Am\u00e9rica Latina\" width=\"652\" height=\"367\" srcset=\"https:\/\/diariofemenino.com.ar\/df\/wp-content\/uploads\/2023\/04\/129324190_1.jpg 800w, https:\/\/diariofemenino.com.ar\/df\/wp-content\/uploads\/2023\/04\/129324190_1-300x169.jpg 300w, https:\/\/diariofemenino.com.ar\/df\/wp-content\/uploads\/2023\/04\/129324190_1-768x432.jpg 768w\" sizes=\"auto, (max-width: 652px) 100vw, 652px\" \/><figcaption id=\"caption-attachment-68587\" class=\"wp-caption-text\">Chile aprueba la jornada laboral de 40 horas semanales: \u00bfcu\u00e1nto se trabaja en el resto de Am\u00e9rica Latina?<\/figcaption><\/figure>\n<div class=\"bbc-19j92fr ebmt73l0\" dir=\"ltr\">\n<p class=\"bbc-hhl7in e17g058b0\" dir=\"ltr\">Fabio Bertranou, director de la oficina regional de la OIT en Santiago, le dijo a BBC Mundo que la ley contempla un r\u00e9gimen especial para los sectores que requieren jornadas laborales extraordinarias, como el minero o el de transporte.<\/p>\n<\/div>\n<div class=\"bbc-19j92fr ebmt73l0\" dir=\"ltr\">\n<p class=\"bbc-hhl7in e17g058b0\" dir=\"ltr\">En esos casos se permitir\u00e1 que los empleados hagan jornadas de hasta 52 horas por semana, siempre y cuando luego tengan una mayor cantidad de d\u00edas libres para compensar.<\/p>\n<\/div>\n<div class=\"bbc-19j92fr ebmt73l0\" dir=\"ltr\">\n<p class=\"bbc-hhl7in e17g058b0\" dir=\"ltr\">\u00abLa ley contempla la posibilidad de que las 40 horas semanales se alcancen\u00a0<b>haciendo un promedio<\/b>\u00a0de cuatro semanas. As\u00ed que, si alguna semana se trabaja m\u00e1s, lo importante es que el promedio d\u00e9 40&#8243;, explic\u00f3.<\/p>\n<\/div>\n<div class=\"bbc-19j92fr ebmt73l0\" dir=\"ltr\">\n<p class=\"bbc-hhl7in e17g058b0\" dir=\"ltr\">Con esta ley Chile se convierte en el segundo pa\u00eds de Am\u00e9rica Latina, despu\u00e9s de Ecuador, en aprobar la semana laboral recomendada por la OIT.<\/p>\n<\/div>\n<div class=\"bbc-19j92fr ebmt73l0\" dir=\"ltr\">\n<p class=\"bbc-hhl7in e17g058b0\" dir=\"ltr\">En este mapa puedes ver qu\u00e9 establece la legislaci\u00f3n laboral en el <a href=\"https:\/\/diariofemenino.com.ar\/df\/category\/actividades\/\">resto<\/a> de la regi\u00f3n.<\/p>\n<figure id=\"attachment_68589\" aria-describedby=\"caption-attachment-68589\" style=\"width: 661px\" class=\"wp-caption aligncenter\"><img loading=\"lazy\" decoding=\"async\" class=\" wp-image-68589\" src=\"https:\/\/diariofemenino.com.ar\/df\/wp-content\/uploads\/2023\/04\/129324191_map_640-nc-2x.jpg\" alt=\"Chile aprueba la jornada laboral de 40 horas semanales: \u00bfcu\u00e1nto se trabaja en el resto de Am\u00e9rica Latina\" width=\"661\" height=\"786\" srcset=\"https:\/\/diariofemenino.com.ar\/df\/wp-content\/uploads\/2023\/04\/129324191_map_640-nc-2x.jpg 800w, https:\/\/diariofemenino.com.ar\/df\/wp-content\/uploads\/2023\/04\/129324191_map_640-nc-2x-252x300.jpg 252w, https:\/\/diariofemenino.com.ar\/df\/wp-content\/uploads\/2023\/04\/129324191_map_640-nc-2x-768x913.jpg 768w\" sizes=\"auto, (max-width: 661px) 100vw, 661px\" \/><figcaption id=\"caption-attachment-68589\" class=\"wp-caption-text\">Chile aprueba la jornada laboral de 40 horas semanales: \u00bfcu\u00e1nto se trabaja en el resto de Am\u00e9rica Latina<\/figcaption><\/figure>\n<div class=\"bbc-19j92fr ebmt73l0\" dir=\"ltr\">\n<p class=\"bbc-hhl7in e17g058b0\" dir=\"ltr\">ras esta aprobaci\u00f3n, Chile queda en l\u00ednea con la mayor\u00eda de los otros 38 pa\u00edses de la Organizaci\u00f3n para la Cooperaci\u00f3n y Desarrollo Econ\u00f3mico (<b>OCDE<\/b>) donde tambi\u00e9n est\u00e1 vigente la semana laboral de 40 horas.<\/p>\n<\/div>\n<div class=\"bbc-19j92fr ebmt73l0\" dir=\"ltr\">\n<p class=\"bbc-hhl7in e17g058b0\" dir=\"ltr\">Las \u00fanicas excepciones son Australia, B\u00e9lgica, Dinamarca, Francia y Pa\u00edses Bajos, donde se trabaja menos de 40 horas, y Alemania, Colombia, Costa Rica, Irlanda, Israel, M\u00e9xico, Reino Unido, Suiza y Turqu\u00eda, donde se trabaja m\u00e1s.<\/p>\n<\/div>\n<div class=\"bbc-19j92fr ebmt73l0\" dir=\"ltr\">\n<p id=\"Cu\u00e1nto-se-trabaja-hoy-en-Chile\" class=\"bbc-1f03ibc eglt09e0\" tabindex=\"-1\"><strong>\u00bfCu\u00e1nto se trabaja hoy en Chile?<\/strong><\/p>\n<\/div>\n<div class=\"bbc-19j92fr ebmt73l0\" dir=\"ltr\">\n<p class=\"bbc-hhl7in e17g058b0\" dir=\"ltr\">Aunque en la actualidad las normas en Chile permiten trabajar hasta 45 horas por semana -una jornada que se redujo desde las 48 horas en 2005- las estad\u00edsticas de la OIT muestran que el promedio de horas trabajadas es bastante menor.<\/p>\n<\/div>\n<div class=\"bbc-19j92fr ebmt73l0\" dir=\"ltr\">\n<p class=\"bbc-hhl7in e17g058b0\" dir=\"ltr\">Seg\u00fan los datos de enero de 2023, en Chile las personas empleadas trabajaron\u00a0<b>un promedio de 36,8 horas<\/b>\u00a0semanales.<\/p>\n<\/div>\n<div class=\"bbc-19j92fr ebmt73l0\" dir=\"ltr\">\n<p class=\"bbc-hhl7in e17g058b0\" dir=\"ltr\">Como puedes ver a continuaci\u00f3n, se trata de uno de los promedios m\u00e1s bajos de la regi\u00f3n.<\/p>\n<\/div>\n<div class=\"e18mih2h1 bbc-9m7iam ebmt73l0\" dir=\"ltr\">\n<figure class=\"bbc-1qdcvv9 e1aczekt0\">\n<div class=\"bbc-vx18wi ebmt73l0\" dir=\"ltr\">\n<div class=\"bbc-rprdln ebmt73l0\" dir=\"ltr\">\n<div class=\"bbc-997y1y eihqrxw0\" data-e2e=\"image-placeholder\">\n<div class=\"lazyload-wrapper \"><img loading=\"lazy\" decoding=\"async\" class=\"e3vrtyk0 bbc-rb7xa0 e1mo64ex0 aligncenter\" src=\"https:\/\/ichef.bbci.co.uk\/news\/640\/cpsprodpb\/98E6\/production\/_129324193_bar-chart_640-nc-2x.png\" sizes=\"auto, (min-width: 1008px) 645px, 100vw\" srcset=\"https:\/\/ichef.bbci.co.uk\/news\/240\/cpsprodpb\/98E6\/production\/_129324193_bar-chart_640-nc-2x.png 240w, https:\/\/ichef.bbci.co.uk\/news\/320\/cpsprodpb\/98E6\/production\/_129324193_bar-chart_640-nc-2x.png 320w, https:\/\/ichef.bbci.co.uk\/news\/480\/cpsprodpb\/98E6\/production\/_129324193_bar-chart_640-nc-2x.png 480w, https:\/\/ichef.bbci.co.uk\/news\/624\/cpsprodpb\/98E6\/production\/_129324193_bar-chart_640-nc-2x.png 624w, https:\/\/ichef.bbci.co.uk\/news\/800\/cpsprodpb\/98E6\/production\/_129324193_bar-chart_640-nc-2x.png 800w\" alt=\"Horas promedio semanales trabajadas\" width=\"620\" height=\"792\" \/><\/div>\n<\/div>\n<\/div>\n<\/div>\n<\/figure>\n<\/div>\n<div class=\"bbc-19j92fr ebmt73l0\" dir=\"ltr\">\n<p class=\"bbc-hhl7in e17g058b0\" dir=\"ltr\">De hecho -como habr\u00e1s observado- el promedio de horas trabajadas en toda Am\u00e9rica Latina es muy inferior al l\u00edmite que establecen las leyes.<\/p>\n<\/div>\n<div class=\"bbc-19j92fr ebmt73l0\" dir=\"ltr\">\n<p class=\"bbc-hhl7in e17g058b0\" dir=\"ltr\">Si hacemos una comparaci\u00f3n mundial, el promedio de horas semanales trabajadas en\u00a0<b>Am\u00e9rica Latina y el Caribe (39,9 horas)<\/b>\u00a0es bastante menor que en los pa\u00edses \u00e1rabes (44,6 horas), los de Asia-Pac\u00edfico (47,4 horas), Asia del este (48,8 horas) y Asia del sur (49 horas).<\/p>\n<\/div>\n<div class=\"bbc-19j92fr ebmt73l0\" dir=\"ltr\">\n<p class=\"bbc-hhl7in e17g058b0\" dir=\"ltr\">En cambio, es mayor al de Europa occidental (37,2 horas), Am\u00e9rica del Norte (37,9) y \u00c1frica (38,8 horas) seg\u00fan datos de 2019 recopilados por la <a href=\"https:\/\/diariofemenino.com.ar\/df\/recomendacion-para-la-eliminacion-de-la-violencia-y-el-acoso-en-el-mundo-del-trabajo\/\">OIT<\/a>.<\/p>\n<\/div>\n<div class=\"bbc-19j92fr ebmt73l0\" dir=\"ltr\">\n<p class=\"bbc-hhl7in e17g058b0\" dir=\"ltr\">\u00bfSignifica esto que en Am\u00e9rica Latina, y en Chile en particular, se trabaja poco?<\/p>\n<\/div>\n<div class=\"bbc-19j92fr ebmt73l0\" dir=\"ltr\">\n<p class=\"bbc-hhl7in e17g058b0\" dir=\"ltr\"><b>\u00abNo\u00bb<\/b>, responde el especialista Najati Ghosheh, quien trabaja en la sede central de la OIT en Ginebra, Suiza.<\/p>\n<\/div>\n<div class=\"bbc-19j92fr ebmt73l0\" dir=\"ltr\">\n<p class=\"bbc-hhl7in e17g058b0\" dir=\"ltr\">\u00abLo que ocurre es que en algunos pa\u00edses solo se mide el tiempo trabajado\u00a0<b>en el sector formal y no el marginal<\/b>, donde hay m\u00e1s trabajadores que solo consiguen empleo por hora, lo que baja el promedio\u00bb, explic\u00f3 a <a href=\"https:\/\/www.bbc.com\/mundo\/noticias-america-latina-65235477?xtor=AL-73-%5Bpartner%5D-%5Bbbc.news.twitter%5D-%5Bheadline%5D-%5Bmundo%5D-%5Bbizdev%5D-%5Bisapi%5D&amp;at_medium=social&amp;at_bbc_team=editorial&amp;at_format=link&amp;at_link_id=651AF8A2-D890-11ED-BD3C-21A84744363C&amp;at_campaign=Social_Flow&amp;at_campaign_type=owned&amp;at_link_origin=bbcmundo&amp;at_ptr_name=twitter&amp;at_link_type=web_link\">BBC Mundo<\/a>.<\/p>\n<\/div>\n<div class=\"bbc-19j92fr ebmt73l0\" dir=\"ltr\">\n<p class=\"bbc-hhl7in e17g058b0\" dir=\"ltr\">Seg\u00fan Bertranou, los datos que aport\u00f3 Chile incluyen al sector informal, que representa el<b>\u00a027%<\/b>\u00a0de los trabajadores.<\/p>\n<\/div>\n<div class=\"bbc-19j92fr ebmt73l0\" dir=\"ltr\">\n<p class=\"bbc-hhl7in e17g058b0\" dir=\"ltr\">De la fuerza laboral total, cerca del<b>\u00a045% trabaja 45 horas semanales<\/b>, pero m\u00e1s del 40% trabaja menos de 35 horas.<\/p>\n<\/div>\n<div class=\"bbc-19j92fr ebmt73l0\" dir=\"ltr\">\n<p class=\"bbc-hhl7in e17g058b0\" dir=\"ltr\">En tanto,\u00a0<b>un 11% trabaja por encima del m\u00e1ximo<\/b>\u00a0permitido por la ley hoy, con jornadas que superan las 49 horas semanales.<\/p>\n<\/div>\n<div class=\"bbc-19j92fr ebmt73l0\" dir=\"ltr\">\n<p class=\"bbc-hhl7in e17g058b0\" dir=\"ltr\">Bertranou resalt\u00f3 que la reforma laboral chilena se logr\u00f3 gracias a que \u00abse abri\u00f3 un espacio de di\u00e1logo con el sector empresario\u00bb y hubo un consenso entre la sociedad chilena sobre la importancia de \u00abliberar tiempo para tener m\u00e1s vida familiar y poder disfrutar del espacio p\u00fablico\u00bb.<\/p>\n<\/div>\n<div class=\"bbc-19j92fr ebmt73l0\" dir=\"ltr\">\n<p class=\"bbc-hhl7in e17g058b0\" dir=\"ltr\">Seg\u00fan la OIT, que aprob\u00f3 su convenio sobre la semana laboral de 40 horas en 1935, trabajar m\u00e1s aumenta la cantidad de\u00a0<b>accidentes laborales<\/b>\u00a0y los\u00a0<b>problemas de salud<\/b>, pero no garantiza m\u00e1s productividad, dado que hay m\u00e1s fatiga.<\/p>\n<\/div>\n<div class=\"bbc-19j92fr ebmt73l0\" dir=\"ltr\">\n<p class=\"bbc-hhl7in e17g058b0\" dir=\"ltr\">\u00abAm\u00e9rica Latina tiene una legislaci\u00f3n rezagada en cuanto a jornada de trabajo y es imperativo que se haga una revisi\u00f3n\u00bb, recomend\u00f3 Bertranou.<\/p>\n<p dir=\"ltr\"><a href=\"https:\/\/www.bbc.com\/mundo\/\">BBC Mundo<\/a><\/p>\n<\/div>\n<\/div>\n<\/div>\n<\/div>\n","protected":false},"excerpt":{"rendered":"<p>Chile aprueba la jornada laboral de 40 horas semanales. El Congreso de Chile aprob\u00f3 este martes reducir la jornada laboral semanal de 45 a 40 horas, convirtiendo a ese pa\u00eds en la naci\u00f3n de Am\u00e9rica Latina con la semana de trabajo m\u00e1s corta junto con Ecuador. La propuesta, que fue sancionada por la C\u00e1mara de [&hellip;]<\/p>\n","protected":false},"author":4,"featured_media":68588,"comment_status":"open","ping_status":"open","sticky":false,"template":"","format":"standard","meta":{"iawp_total_views":8,"footnotes":""},"categories":[7,178,182,21],"tags":[5845,502,4699,44,5844,45],"class_list":["post-68586","post","type-post","status-publish","format-standard","has-post-thumbnail","hentry","category-actividades","category-articulos-y-comunicados","category-informes","category-noticias","tag-40-horas-semanales","tag-chile","tag-jornada-laboral","tag-politica","tag-reduccion","tag-trabajo"],"nelio_content":{"autoShareEndMode":"never","automationSources":{"useCustomSentences":false,"customSentences":[]},"efiAlt":"","efiUrl":"","followers":[4],"highlights":[],"isAutoShareEnabled":true,"networkImageIds":[],"permalinkQueryArgs":[],"series":[],"suggestedReferences":[]},"yoast_head":"<!-- This site is optimized with the Yoast SEO plugin v27.5 - https:\/\/yoast.com\/product\/yoast-seo-wordpress\/ -->\n<title>Chile aprueba la jornada laboral de 40 horas semanales: \u00bfcu\u00e1nto se trabaja en el resto de Am\u00e9rica Latina? - Diario Digital Femenino<\/title>\n<meta name=\"description\" content=\"Chile aprueba. El Congreso de Chile aprob\u00f3 este martes reducir la jornada laboral semanal de 45 a 40 horas, la semana de trabajo m\u00e1s corta junto a Ecuador.\" \/>\n<meta name=\"robots\" content=\"index, follow, max-snippet:-1, max-image-preview:large, max-video-preview:-1\" \/>\n<link rel=\"canonical\" href=\"https:\/\/diariofemenino.com.ar\/df\/chile-aprueba-la-jornada-laboral-de-40-horas-semanales-cuanto-se-trabaja-en-el-resto-de-america-latina\/\" \/>\n<meta property=\"og:locale\" content=\"es_ES\" \/>\n<meta property=\"og:type\" content=\"article\" \/>\n<meta property=\"og:title\" content=\"Chile aprueba la jornada laboral de 40 horas semanales: \u00bfcu\u00e1nto se trabaja en el resto de Am\u00e9rica Latina? - Diario Digital Femenino\" \/>\n<meta property=\"og:description\" content=\"Chile aprueba. El Congreso de Chile aprob\u00f3 este martes reducir la jornada laboral semanal de 45 a 40 horas, la semana de trabajo m\u00e1s corta junto a Ecuador.\" \/>\n<meta property=\"og:url\" content=\"https:\/\/diariofemenino.com.ar\/df\/chile-aprueba-la-jornada-laboral-de-40-horas-semanales-cuanto-se-trabaja-en-el-resto-de-america-latina\/\" \/>\n<meta property=\"og:site_name\" content=\"Diario Digital Femenino\" \/>\n<meta property=\"article:publisher\" content=\"https:\/\/www.facebook.com\/DiarioDigitaFemenino\/\" \/>\n<meta property=\"article:published_time\" content=\"2023-04-11T23:16:27+00:00\" \/>\n<meta property=\"og:image\" content=\"https:\/\/diariofemenino.com.ar\/df\/wp-content\/uploads\/2023\/04\/129334810_ftdehfmxgaa89pp.jpg\" \/>\n\t<meta property=\"og:image:width\" content=\"800\" \/>\n\t<meta property=\"og:image:height\" content=\"450\" \/>\n\t<meta property=\"og:image:type\" content=\"image\/jpeg\" \/>\n<meta name=\"author\" content=\"Admin\" \/>\n<meta name=\"twitter:card\" content=\"summary_large_image\" \/>\n<meta name=\"twitter:creator\" content=\"@DiarioFemenino1\" \/>\n<meta name=\"twitter:site\" content=\"@DiarioFemenino1\" \/>\n<meta name=\"twitter:label1\" content=\"Escrito por\" \/>\n\t<meta name=\"twitter:data1\" content=\"Admin\" \/>\n\t<meta name=\"twitter:label2\" content=\"Tiempo de lectura\" \/>\n\t<meta name=\"twitter:data2\" content=\"4 minutos\" \/>\n<script type=\"application\/ld+json\" class=\"yoast-schema-graph\">{\"@context\":\"https:\\\/\\\/schema.org\",\"@graph\":[{\"@type\":\"Article\",\"@id\":\"https:\\\/\\\/diariofemenino.com.ar\\\/df\\\/chile-aprueba-la-jornada-laboral-de-40-horas-semanales-cuanto-se-trabaja-en-el-resto-de-america-latina\\\/#article\",\"isPartOf\":{\"@id\":\"https:\\\/\\\/diariofemenino.com.ar\\\/df\\\/chile-aprueba-la-jornada-laboral-de-40-horas-semanales-cuanto-se-trabaja-en-el-resto-de-america-latina\\\/\"},\"author\":{\"name\":\"Admin\",\"@id\":\"https:\\\/\\\/diariofemenino.com.ar\\\/df\\\/#\\\/schema\\\/person\\\/bf6199e8158c657ea6f789b11ec85509\"},\"headline\":\"Chile aprueba la jornada laboral de 40 horas semanales: \u00bfcu\u00e1nto se trabaja en el resto de Am\u00e9rica Latina?\",\"datePublished\":\"2023-04-11T23:16:27+00:00\",\"mainEntityOfPage\":{\"@id\":\"https:\\\/\\\/diariofemenino.com.ar\\\/df\\\/chile-aprueba-la-jornada-laboral-de-40-horas-semanales-cuanto-se-trabaja-en-el-resto-de-america-latina\\\/\"},\"wordCount\":894,\"commentCount\":0,\"publisher\":{\"@id\":\"https:\\\/\\\/diariofemenino.com.ar\\\/df\\\/#organization\"},\"image\":{\"@id\":\"https:\\\/\\\/diariofemenino.com.ar\\\/df\\\/chile-aprueba-la-jornada-laboral-de-40-horas-semanales-cuanto-se-trabaja-en-el-resto-de-america-latina\\\/#primaryimage\"},\"thumbnailUrl\":\"https:\\\/\\\/diariofemenino.com.ar\\\/df\\\/wp-content\\\/uploads\\\/2023\\\/04\\\/129334810_ftdehfmxgaa89pp.jpg\",\"keywords\":[\"40 horas semanales\",\"Chile\",\"Jornada laboral\",\"Pol\u00edtica\",\"Reducci\u00f3n\",\"Trabajo\"],\"articleSection\":[\"Actividades\",\"Art\u00edculos y Comunicados\",\"Informes\",\"Noticias\"],\"inLanguage\":\"es\",\"potentialAction\":[{\"@type\":\"CommentAction\",\"name\":\"Comment\",\"target\":[\"https:\\\/\\\/diariofemenino.com.ar\\\/df\\\/chile-aprueba-la-jornada-laboral-de-40-horas-semanales-cuanto-se-trabaja-en-el-resto-de-america-latina\\\/#respond\"]}]},{\"@type\":\"WebPage\",\"@id\":\"https:\\\/\\\/diariofemenino.com.ar\\\/df\\\/chile-aprueba-la-jornada-laboral-de-40-horas-semanales-cuanto-se-trabaja-en-el-resto-de-america-latina\\\/\",\"url\":\"https:\\\/\\\/diariofemenino.com.ar\\\/df\\\/chile-aprueba-la-jornada-laboral-de-40-horas-semanales-cuanto-se-trabaja-en-el-resto-de-america-latina\\\/\",\"name\":\"Chile aprueba la jornada laboral de 40 horas semanales: \u00bfcu\u00e1nto se trabaja en el resto de Am\u00e9rica Latina? - Diario Digital Femenino\",\"isPartOf\":{\"@id\":\"https:\\\/\\\/diariofemenino.com.ar\\\/df\\\/#website\"},\"primaryImageOfPage\":{\"@id\":\"https:\\\/\\\/diariofemenino.com.ar\\\/df\\\/chile-aprueba-la-jornada-laboral-de-40-horas-semanales-cuanto-se-trabaja-en-el-resto-de-america-latina\\\/#primaryimage\"},\"image\":{\"@id\":\"https:\\\/\\\/diariofemenino.com.ar\\\/df\\\/chile-aprueba-la-jornada-laboral-de-40-horas-semanales-cuanto-se-trabaja-en-el-resto-de-america-latina\\\/#primaryimage\"},\"thumbnailUrl\":\"https:\\\/\\\/diariofemenino.com.ar\\\/df\\\/wp-content\\\/uploads\\\/2023\\\/04\\\/129334810_ftdehfmxgaa89pp.jpg\",\"datePublished\":\"2023-04-11T23:16:27+00:00\",\"description\":\"Chile aprueba. El Congreso de Chile aprob\u00f3 este martes reducir la jornada laboral semanal de 45 a 40 horas, la semana de trabajo m\u00e1s corta junto a Ecuador.\",\"breadcrumb\":{\"@id\":\"https:\\\/\\\/diariofemenino.com.ar\\\/df\\\/chile-aprueba-la-jornada-laboral-de-40-horas-semanales-cuanto-se-trabaja-en-el-resto-de-america-latina\\\/#breadcrumb\"},\"inLanguage\":\"es\",\"potentialAction\":[{\"@type\":\"ReadAction\",\"target\":[\"https:\\\/\\\/diariofemenino.com.ar\\\/df\\\/chile-aprueba-la-jornada-laboral-de-40-horas-semanales-cuanto-se-trabaja-en-el-resto-de-america-latina\\\/\"]}]},{\"@type\":\"ImageObject\",\"inLanguage\":\"es\",\"@id\":\"https:\\\/\\\/diariofemenino.com.ar\\\/df\\\/chile-aprueba-la-jornada-laboral-de-40-horas-semanales-cuanto-se-trabaja-en-el-resto-de-america-latina\\\/#primaryimage\",\"url\":\"https:\\\/\\\/diariofemenino.com.ar\\\/df\\\/wp-content\\\/uploads\\\/2023\\\/04\\\/129334810_ftdehfmxgaa89pp.jpg\",\"contentUrl\":\"https:\\\/\\\/diariofemenino.com.ar\\\/df\\\/wp-content\\\/uploads\\\/2023\\\/04\\\/129334810_ftdehfmxgaa89pp.jpg\",\"width\":800,\"height\":450,\"caption\":\"Chile aprueba la jornada laboral de 40 horas semanales: \u00bfcu\u00e1nto se trabaja en el resto de Am\u00e9rica Latina\"},{\"@type\":\"BreadcrumbList\",\"@id\":\"https:\\\/\\\/diariofemenino.com.ar\\\/df\\\/chile-aprueba-la-jornada-laboral-de-40-horas-semanales-cuanto-se-trabaja-en-el-resto-de-america-latina\\\/#breadcrumb\",\"itemListElement\":[{\"@type\":\"ListItem\",\"position\":1,\"name\":\"Portada\",\"item\":\"https:\\\/\\\/diariofemenino.com.ar\\\/df\\\/\"},{\"@type\":\"ListItem\",\"position\":2,\"name\":\"Chile aprueba la jornada laboral de 40 horas semanales: \u00bfcu\u00e1nto se trabaja en el resto de Am\u00e9rica Latina?\"}]},{\"@type\":\"WebSite\",\"@id\":\"https:\\\/\\\/diariofemenino.com.ar\\\/df\\\/#website\",\"url\":\"https:\\\/\\\/diariofemenino.com.ar\\\/df\\\/\",\"name\":\"Diario Digital Femenino\",\"description\":\"Cuesti\u00f3n de G\u00e9nero\",\"publisher\":{\"@id\":\"https:\\\/\\\/diariofemenino.com.ar\\\/df\\\/#organization\"},\"potentialAction\":[{\"@type\":\"SearchAction\",\"target\":{\"@type\":\"EntryPoint\",\"urlTemplate\":\"https:\\\/\\\/diariofemenino.com.ar\\\/df\\\/?s={search_term_string}\"},\"query-input\":{\"@type\":\"PropertyValueSpecification\",\"valueRequired\":true,\"valueName\":\"search_term_string\"}}],\"inLanguage\":\"es\"},{\"@type\":\"Organization\",\"@id\":\"https:\\\/\\\/diariofemenino.com.ar\\\/df\\\/#organization\",\"name\":\"Diario Femenino\",\"url\":\"https:\\\/\\\/diariofemenino.com.ar\\\/df\\\/\",\"logo\":{\"@type\":\"ImageObject\",\"inLanguage\":\"es\",\"@id\":\"https:\\\/\\\/diariofemenino.com.ar\\\/df\\\/#\\\/schema\\\/logo\\\/image\\\/\",\"url\":\"https:\\\/\\\/diariofemenino.com.ar\\\/df\\\/wp-content\\\/uploads\\\/2018\\\/10\\\/logo.png\",\"contentUrl\":\"https:\\\/\\\/diariofemenino.com.ar\\\/df\\\/wp-content\\\/uploads\\\/2018\\\/10\\\/logo.png\",\"width\":500,\"height\":92,\"caption\":\"Diario Femenino\"},\"image\":{\"@id\":\"https:\\\/\\\/diariofemenino.com.ar\\\/df\\\/#\\\/schema\\\/logo\\\/image\\\/\"},\"sameAs\":[\"https:\\\/\\\/www.facebook.com\\\/DiarioDigitaFemenino\\\/\",\"https:\\\/\\\/x.com\\\/DiarioFemenino1\"]},{\"@type\":\"Person\",\"@id\":\"https:\\\/\\\/diariofemenino.com.ar\\\/df\\\/#\\\/schema\\\/person\\\/bf6199e8158c657ea6f789b11ec85509\",\"name\":\"Admin\",\"image\":{\"@type\":\"ImageObject\",\"inLanguage\":\"es\",\"@id\":\"https:\\\/\\\/diariofemenino.com.ar\\\/df\\\/wp-content\\\/uploads\\\/2018\\\/12\\\/favicon-150x150.jpg\",\"url\":\"https:\\\/\\\/diariofemenino.com.ar\\\/df\\\/wp-content\\\/uploads\\\/2018\\\/12\\\/favicon-150x150.jpg\",\"contentUrl\":\"https:\\\/\\\/diariofemenino.com.ar\\\/df\\\/wp-content\\\/uploads\\\/2018\\\/12\\\/favicon-150x150.jpg\",\"caption\":\"Admin\"},\"url\":\"https:\\\/\\\/diariofemenino.com.ar\\\/df\\\/author\\\/lenny\\\/\"}]}<\/script>\n<!-- \/ Yoast SEO plugin. -->","yoast_head_json":{"title":"Chile aprueba la jornada laboral de 40 horas semanales: \u00bfcu\u00e1nto se trabaja en el resto de Am\u00e9rica Latina? - Diario Digital Femenino","description":"Chile aprueba. El Congreso de Chile aprob\u00f3 este martes reducir la jornada laboral semanal de 45 a 40 horas, la semana de trabajo m\u00e1s corta junto a Ecuador.","robots":{"index":"index","follow":"follow","max-snippet":"max-snippet:-1","max-image-preview":"max-image-preview:large","max-video-preview":"max-video-preview:-1"},"canonical":"https:\/\/diariofemenino.com.ar\/df\/chile-aprueba-la-jornada-laboral-de-40-horas-semanales-cuanto-se-trabaja-en-el-resto-de-america-latina\/","og_locale":"es_ES","og_type":"article","og_title":"Chile aprueba la jornada laboral de 40 horas semanales: \u00bfcu\u00e1nto se trabaja en el resto de Am\u00e9rica Latina? - Diario Digital Femenino","og_description":"Chile aprueba. El Congreso de Chile aprob\u00f3 este martes reducir la jornada laboral semanal de 45 a 40 horas, la semana de trabajo m\u00e1s corta junto a Ecuador.","og_url":"https:\/\/diariofemenino.com.ar\/df\/chile-aprueba-la-jornada-laboral-de-40-horas-semanales-cuanto-se-trabaja-en-el-resto-de-america-latina\/","og_site_name":"Diario Digital Femenino","article_publisher":"https:\/\/www.facebook.com\/DiarioDigitaFemenino\/","article_published_time":"2023-04-11T23:16:27+00:00","og_image":[{"width":800,"height":450,"url":"https:\/\/diariofemenino.com.ar\/df\/wp-content\/uploads\/2023\/04\/129334810_ftdehfmxgaa89pp.jpg","type":"image\/jpeg"}],"author":"Admin","twitter_card":"summary_large_image","twitter_creator":"@DiarioFemenino1","twitter_site":"@DiarioFemenino1","twitter_misc":{"Escrito por":"Admin","Tiempo de lectura":"4 minutos"},"schema":{"@context":"https:\/\/schema.org","@graph":[{"@type":"Article","@id":"https:\/\/diariofemenino.com.ar\/df\/chile-aprueba-la-jornada-laboral-de-40-horas-semanales-cuanto-se-trabaja-en-el-resto-de-america-latina\/#article","isPartOf":{"@id":"https:\/\/diariofemenino.com.ar\/df\/chile-aprueba-la-jornada-laboral-de-40-horas-semanales-cuanto-se-trabaja-en-el-resto-de-america-latina\/"},"author":{"name":"Admin","@id":"https:\/\/diariofemenino.com.ar\/df\/#\/schema\/person\/bf6199e8158c657ea6f789b11ec85509"},"headline":"Chile aprueba la jornada laboral de 40 horas semanales: \u00bfcu\u00e1nto se trabaja en el resto de Am\u00e9rica Latina?","datePublished":"2023-04-11T23:16:27+00:00","mainEntityOfPage":{"@id":"https:\/\/diariofemenino.com.ar\/df\/chile-aprueba-la-jornada-laboral-de-40-horas-semanales-cuanto-se-trabaja-en-el-resto-de-america-latina\/"},"wordCount":894,"commentCount":0,"publisher":{"@id":"https:\/\/diariofemenino.com.ar\/df\/#organization"},"image":{"@id":"https:\/\/diariofemenino.com.ar\/df\/chile-aprueba-la-jornada-laboral-de-40-horas-semanales-cuanto-se-trabaja-en-el-resto-de-america-latina\/#primaryimage"},"thumbnailUrl":"https:\/\/diariofemenino.com.ar\/df\/wp-content\/uploads\/2023\/04\/129334810_ftdehfmxgaa89pp.jpg","keywords":["40 horas semanales","Chile","Jornada laboral","Pol\u00edtica","Reducci\u00f3n","Trabajo"],"articleSection":["Actividades","Art\u00edculos y Comunicados","Informes","Noticias"],"inLanguage":"es","potentialAction":[{"@type":"CommentAction","name":"Comment","target":["https:\/\/diariofemenino.com.ar\/df\/chile-aprueba-la-jornada-laboral-de-40-horas-semanales-cuanto-se-trabaja-en-el-resto-de-america-latina\/#respond"]}]},{"@type":"WebPage","@id":"https:\/\/diariofemenino.com.ar\/df\/chile-aprueba-la-jornada-laboral-de-40-horas-semanales-cuanto-se-trabaja-en-el-resto-de-america-latina\/","url":"https:\/\/diariofemenino.com.ar\/df\/chile-aprueba-la-jornada-laboral-de-40-horas-semanales-cuanto-se-trabaja-en-el-resto-de-america-latina\/","name":"Chile aprueba la jornada laboral de 40 horas semanales: \u00bfcu\u00e1nto se trabaja en el resto de Am\u00e9rica Latina? - Diario Digital Femenino","isPartOf":{"@id":"https:\/\/diariofemenino.com.ar\/df\/#website"},"primaryImageOfPage":{"@id":"https:\/\/diariofemenino.com.ar\/df\/chile-aprueba-la-jornada-laboral-de-40-horas-semanales-cuanto-se-trabaja-en-el-resto-de-america-latina\/#primaryimage"},"image":{"@id":"https:\/\/diariofemenino.com.ar\/df\/chile-aprueba-la-jornada-laboral-de-40-horas-semanales-cuanto-se-trabaja-en-el-resto-de-america-latina\/#primaryimage"},"thumbnailUrl":"https:\/\/diariofemenino.com.ar\/df\/wp-content\/uploads\/2023\/04\/129334810_ftdehfmxgaa89pp.jpg","datePublished":"2023-04-11T23:16:27+00:00","description":"Chile aprueba. El Congreso de Chile aprob\u00f3 este martes reducir la jornada laboral semanal de 45 a 40 horas, la semana de trabajo m\u00e1s corta junto a Ecuador.","breadcrumb":{"@id":"https:\/\/diariofemenino.com.ar\/df\/chile-aprueba-la-jornada-laboral-de-40-horas-semanales-cuanto-se-trabaja-en-el-resto-de-america-latina\/#breadcrumb"},"inLanguage":"es","potentialAction":[{"@type":"ReadAction","target":["https:\/\/diariofemenino.com.ar\/df\/chile-aprueba-la-jornada-laboral-de-40-horas-semanales-cuanto-se-trabaja-en-el-resto-de-america-latina\/"]}]},{"@type":"ImageObject","inLanguage":"es","@id":"https:\/\/diariofemenino.com.ar\/df\/chile-aprueba-la-jornada-laboral-de-40-horas-semanales-cuanto-se-trabaja-en-el-resto-de-america-latina\/#primaryimage","url":"https:\/\/diariofemenino.com.ar\/df\/wp-content\/uploads\/2023\/04\/129334810_ftdehfmxgaa89pp.jpg","contentUrl":"https:\/\/diariofemenino.com.ar\/df\/wp-content\/uploads\/2023\/04\/129334810_ftdehfmxgaa89pp.jpg","width":800,"height":450,"caption":"Chile aprueba la jornada laboral de 40 horas semanales: \u00bfcu\u00e1nto se trabaja en el resto de Am\u00e9rica Latina"},{"@type":"BreadcrumbList","@id":"https:\/\/diariofemenino.com.ar\/df\/chile-aprueba-la-jornada-laboral-de-40-horas-semanales-cuanto-se-trabaja-en-el-resto-de-america-latina\/#breadcrumb","itemListElement":[{"@type":"ListItem","position":1,"name":"Portada","item":"https:\/\/diariofemenino.com.ar\/df\/"},{"@type":"ListItem","position":2,"name":"Chile aprueba la jornada laboral de 40 horas semanales: \u00bfcu\u00e1nto se trabaja en el resto de Am\u00e9rica Latina?"}]},{"@type":"WebSite","@id":"https:\/\/diariofemenino.com.ar\/df\/#website","url":"https:\/\/diariofemenino.com.ar\/df\/","name":"Diario Digital Femenino","description":"Cuesti\u00f3n de G\u00e9nero","publisher":{"@id":"https:\/\/diariofemenino.com.ar\/df\/#organization"},"potentialAction":[{"@type":"SearchAction","target":{"@type":"EntryPoint","urlTemplate":"https:\/\/diariofemenino.com.ar\/df\/?s={search_term_string}"},"query-input":{"@type":"PropertyValueSpecification","valueRequired":true,"valueName":"search_term_string"}}],"inLanguage":"es"},{"@type":"Organization","@id":"https:\/\/diariofemenino.com.ar\/df\/#organization","name":"Diario Femenino","url":"https:\/\/diariofemenino.com.ar\/df\/","logo":{"@type":"ImageObject","inLanguage":"es","@id":"https:\/\/diariofemenino.com.ar\/df\/#\/schema\/logo\/image\/","url":"https:\/\/diariofemenino.com.ar\/df\/wp-content\/uploads\/2018\/10\/logo.png","contentUrl":"https:\/\/diariofemenino.com.ar\/df\/wp-content\/uploads\/2018\/10\/logo.png","width":500,"height":92,"caption":"Diario Femenino"},"image":{"@id":"https:\/\/diariofemenino.com.ar\/df\/#\/schema\/logo\/image\/"},"sameAs":["https:\/\/www.facebook.com\/DiarioDigitaFemenino\/","https:\/\/x.com\/DiarioFemenino1"]},{"@type":"Person","@id":"https:\/\/diariofemenino.com.ar\/df\/#\/schema\/person\/bf6199e8158c657ea6f789b11ec85509","name":"Admin","image":{"@type":"ImageObject","inLanguage":"es","@id":"https:\/\/diariofemenino.com.ar\/df\/wp-content\/uploads\/2018\/12\/favicon-150x150.jpg","url":"https:\/\/diariofemenino.com.ar\/df\/wp-content\/uploads\/2018\/12\/favicon-150x150.jpg","contentUrl":"https:\/\/diariofemenino.com.ar\/df\/wp-content\/uploads\/2018\/12\/favicon-150x150.jpg","caption":"Admin"},"url":"https:\/\/diariofemenino.com.ar\/df\/author\/lenny\/"}]}},"jetpack_featured_media_url":"https:\/\/diariofemenino.com.ar\/df\/wp-content\/uploads\/2023\/04\/129334810_ftdehfmxgaa89pp.jpg","jetpack_sharing_enabled":true,"rttpg_featured_image_url":{"full":["https:\/\/diariofemenino.com.ar\/df\/wp-content\/uploads\/2023\/04\/129334810_ftdehfmxgaa89pp.jpg",800,450,false],"landscape":["https:\/\/diariofemenino.com.ar\/df\/wp-content\/uploads\/2023\/04\/129334810_ftdehfmxgaa89pp.jpg",800,450,false],"portraits":["https:\/\/diariofemenino.com.ar\/df\/wp-content\/uploads\/2023\/04\/129334810_ftdehfmxgaa89pp.jpg",800,450,false],"thumbnail":["https:\/\/diariofemenino.com.ar\/df\/wp-content\/uploads\/2023\/04\/129334810_ftdehfmxgaa89pp-150x150.jpg",150,150,true],"medium":["https:\/\/diariofemenino.com.ar\/df\/wp-content\/uploads\/2023\/04\/129334810_ftdehfmxgaa89pp-300x169.jpg",300,169,true],"large":["https:\/\/diariofemenino.com.ar\/df\/wp-content\/uploads\/2023\/04\/129334810_ftdehfmxgaa89pp.jpg",800,450,false],"1536x1536":["https:\/\/diariofemenino.com.ar\/df\/wp-content\/uploads\/2023\/04\/129334810_ftdehfmxgaa89pp.jpg",800,450,false],"2048x2048":["https:\/\/diariofemenino.com.ar\/df\/wp-content\/uploads\/2023\/04\/129334810_ftdehfmxgaa89pp.jpg",800,450,false]},"rttpg_author":{"display_name":"Admin","author_link":"https:\/\/diariofemenino.com.ar\/df\/author\/lenny\/"},"rttpg_comment":0,"rttpg_category":"<a href=\"https:\/\/diariofemenino.com.ar\/df\/category\/actividades\/\" rel=\"category tag\">Actividades<\/a> <a href=\"https:\/\/diariofemenino.com.ar\/df\/category\/articulos-y-comunicados\/\" rel=\"category tag\">Art\u00edculos y Comunicados<\/a> <a href=\"https:\/\/diariofemenino.com.ar\/df\/category\/informes\/\" rel=\"category tag\">Informes<\/a> <a href=\"https:\/\/diariofemenino.com.ar\/df\/category\/noticias\/\" rel=\"category tag\">Noticias<\/a>","rttpg_excerpt":"Chile aprueba la jornada laboral de 40 horas semanales. El Congreso de Chile aprob\u00f3 este martes reducir la jornada laboral semanal de 45 a 40 horas, convirtiendo a ese pa\u00eds en la naci\u00f3n de Am\u00e9rica Latina con la semana de trabajo m\u00e1s corta junto con Ecuador. La propuesta, que fue sancionada por la C\u00e1mara de&hellip;","_links":{"self":[{"href":"https:\/\/diariofemenino.com.ar\/df\/wp-json\/wp\/v2\/posts\/68586","targetHints":{"allow":["GET"]}}],"collection":[{"href":"https:\/\/diariofemenino.com.ar\/df\/wp-json\/wp\/v2\/posts"}],"about":[{"href":"https:\/\/diariofemenino.com.ar\/df\/wp-json\/wp\/v2\/types\/post"}],"author":[{"embeddable":true,"href":"https:\/\/diariofemenino.com.ar\/df\/wp-json\/wp\/v2\/users\/4"}],"replies":[{"embeddable":true,"href":"https:\/\/diariofemenino.com.ar\/df\/wp-json\/wp\/v2\/comments?post=68586"}],"version-history":[{"count":0,"href":"https:\/\/diariofemenino.com.ar\/df\/wp-json\/wp\/v2\/posts\/68586\/revisions"}],"wp:featuredmedia":[{"embeddable":true,"href":"https:\/\/diariofemenino.com.ar\/df\/wp-json\/wp\/v2\/media\/68588"}],"wp:attachment":[{"href":"https:\/\/diariofemenino.com.ar\/df\/wp-json\/wp\/v2\/media?parent=68586"}],"wp:term":[{"taxonomy":"category","embeddable":true,"href":"https:\/\/diariofemenino.com.ar\/df\/wp-json\/wp\/v2\/categories?post=68586"},{"taxonomy":"post_tag","embeddable":true,"href":"https:\/\/diariofemenino.com.ar\/df\/wp-json\/wp\/v2\/tags?post=68586"}],"curies":[{"name":"wp","href":"https:\/\/api.w.org\/{rel}","templated":true}]}}