{"id":68391,"date":"2023-03-28T11:14:21","date_gmt":"2023-03-28T14:14:21","guid":{"rendered":"https:\/\/diariofemenino.com.ar\/df\/?p=68391"},"modified":"2023-03-28T11:14:21","modified_gmt":"2023-03-28T14:14:21","slug":"paises-latinoamericanos-clasificados-sobre-prevencion-y-respuesta-a-la-violencia-sexual-contra-ninas-ninos-y-adolescentes","status":"publish","type":"post","link":"https:\/\/diariofemenino.com.ar\/df\/paises-latinoamericanos-clasificados-sobre-prevencion-y-respuesta-a-la-violencia-sexual-contra-ninas-ninos-y-adolescentes\/","title":{"rendered":"Pa\u00edses latinoamericanos clasificados sobre prevenci\u00f3n y respuesta a la violencia sexual contra ni\u00f1as, ni\u00f1os y adolescentes"},"content":{"rendered":"<p>Pa\u00edses latinoamericanos clasificados. Brasil es el pa\u00eds mejor clasificado en Am\u00e9rica Latina con respecto a su desempe\u00f1o a la hora de prevenir y responder a la violencia sexual contra ni\u00f1as, ni\u00f1os y adolescentes (NNA), mientras que Argentina es el peor clasificado, seg\u00fan un nuevo informe publicado hoy (7 de marzo de 2023) por Economist Impact que compara la legislaci\u00f3n y las pol\u00edticas de nueve pa\u00edses de la regi\u00f3n, el lanzamiento de que ha sido coordinado por CRIN.<\/p>\n<div class=\"row sqs-row\">\n<div class=\"col sqs-col-6 span-6\">\n<div id=\"block-715623f1fc61d6bac3ca\" class=\"sqs-block html-block sqs-block-html\" data-block-type=\"2\">\n<div class=\"sqs-block-content\">\n<p><strong>Un vistazo sobre c\u00f3mo los pa\u00edses de todo el mundo abordan la violencia sexual contra NNyA\u00a0<\/strong><\/p>\n<p class=\"\">El <a href=\"https:\/\/outoftheshadows.global\/download-reports\">informe regional de Am\u00e9rica Latina y el Caribe <\/a>analiza Argentina, Brasil, Colombia, El Salvador, Guatemala, Jamaica, M\u00e9xico, Per\u00fa y Venezuela. La investigaci\u00f3n es parte del \u00cdndice <a href=\"https:\/\/outoftheshadows.global\/\"><em>Fuera de las Sombras<\/em><\/a>, que constituye la primera evaluaci\u00f3n global de c\u00f3mo los pa\u00edses de todo el mundo abordan la violencia sexual contra NNA. Cubre 60 pa\u00edses en los que reside en torno al 85% de NNA del mundo.<\/p>\n<blockquote>\n<p class=\"\">\u00abLlaman, sin duda, la atenci\u00f3n algunos datos y con ello los pa\u00edses seleccionados, pero esta es la realidad de Am\u00e9rica Latina de grandes contrastes en el mismo pa\u00eds y entre pa\u00edses, donde se encuentran los dos extremos en la protecci\u00f3n a ni\u00f1as, ni\u00f1os y adolescentes. Mientras tanto, la violencia sexual en todas sus formas: acoso (propuestas de tipo sexual no deseadas), abuso sexual (tocamientos sexuales no deseados) y la violaci\u00f3n (penetraci\u00f3n sexual sin consentimiento) siguen en aumento sin que merezca una clara y definitiva decisi\u00f3n de los Estados para financiar las pol\u00edticas p\u00fablicas que prevengan y combatan la violencia sexual\u00bb.<\/p>\n<p class=\"\">~ Sara Oviedo, ex vicepresidenta del Comit\u00e9 de los Derechos del Ni\u00f1o de las Naciones Unidas<\/p>\n<\/blockquote>\n<p class=\"\">CRIN ha coordinado el lanzamiento del informe regional, incluido en los pa\u00edses donde colaboramos con otras organizaciones y grupos, para complementar <a href=\"https:\/\/home.crin.org\/abuso-sexual-infantil-en-instituciones-religiosas-en-america-latina\">nuestro trabajo de campa\u00f1a actual<\/a> que busca combatir la impunidad de la violencia sexual contra NNA en entornos institucionales de Am\u00e9rica Latina.<\/p>\n<p class=\"\">Leer el informe regional en <a href=\"https:\/\/outoftheshadows.global\/download-reports\">espa\u00f1ol, portugu\u00e9s o ingl\u00e9s <\/a><\/p>\n<p class=\"\">La clasificaci\u00f3n del los pa\u00edses de Am\u00e9rica Latina y el Caribe incluidos en el \u00edndice es la siguiente:<\/p>\n<ul data-rte-list=\"default\">\n<li>\n<p class=\"\"><strong>Brasil<\/strong> (1\u00ba a nivel regional; 11\u00ba a nivel mundial). <a href=\"https:\/\/home.crin.org\/s\/OOSI_-Brazil-Briefing_PTBdocx.pdf\">Leer m\u00e1s sobre Brasil<\/a><\/p>\n<\/li>\n<li>\n<p class=\"\"><strong>M\u00e9xico<\/strong> (2\u00ba a nivel regional; 12\u00ba a nivel mundial).<a href=\"https:\/\/home.crin.org\/s\/OOSI_-Mexico-Briefing_ESdocx.pdf\"> Leer m\u00e1s sobre M\u00e9xico <\/a><\/p>\n<\/li>\n<li>\n<p class=\"\"><strong>Guatemala<\/strong> (3\u00ba a nivel regional; 17\u00ba a nivel mundial).<\/p>\n<\/li>\n<li>\n<p class=\"\"><strong>Colombia<\/strong> (4\u00ba a nivel regional; 19\u00ba a nivel mundial). <a href=\"https:\/\/home.crin.org\/s\/OOSI_-Colombia-Briefing_ESdocx.pdf\">Leer m\u00e1s sobre Colombia<\/a><\/p>\n<\/li>\n<li>\n<p class=\"\"><strong>Jamaica<\/strong> (5\u00ba a nivel regional; 20\u00ba a nivel mundial).<\/p>\n<\/li>\n<li>\n<p class=\"\"><strong>El Salvador<\/strong> (6\u00ba a nivel regional; 21\u00ba a nivel mundial). <a href=\"https:\/\/home.crin.org\/s\/OOSI_-El-Salvador-briefing_ESdocx.pdf\">Leer m\u00e1s sobre El Salvador<\/a><\/p>\n<\/li>\n<li>\n<p class=\"\"><strong>Per\u00fa <\/strong>(7\u00ba a nivel regional; 46\u00ba a nivel mundial). <a href=\"https:\/\/home.crin.org\/s\/OOSI_-Peru-briefing_ESdocx.pdf\">Leer m\u00e1s sobre Per\u00fa<\/a><\/p>\n<\/li>\n<li>\n<p class=\"\"><strong>Venezuela<\/strong> (8\u00ba a nivel regional; 47\u00ba a nivel mundial). <a href=\"https:\/\/home.crin.org\/s\/OOSI_-Venezuela-Briefing_ESdocx.pdf\">Leer m\u00e1s sobre Venezuela <\/a><\/p>\n<\/li>\n<li>\n<p class=\"\"><strong>Argentina<\/strong> (9\u00ba a nivel regional; 50\u00ba a nivel mundial). <a href=\"https:\/\/home.crin.org\/s\/OOSI_-Argentina-Briefing_ESdocx.pdf\">Leer m\u00e1s sobre Argentina<\/a><\/p>\n<\/li>\n<\/ul>\n<\/div>\n<\/div>\n<\/div>\n<div class=\"col sqs-col-3 span-3\"><\/div>\n<\/div>\n<div class=\"row sqs-row\">\n<div class=\"col sqs-col-3 span-3\">\n<div id=\"block-e20840c1e87ab14d1c26\" class=\"sqs-block spacer-block sqs-block-spacer sized vsize-1\" data-block-type=\"21\">\n<div class=\"sqs-block-content\">\n<figure id=\"attachment_68412\" aria-describedby=\"caption-attachment-68412\" style=\"width: 382px\" class=\"wp-caption aligncenter\"><img loading=\"lazy\" decoding=\"async\" class=\" wp-image-68412\" src=\"https:\/\/diariofemenino.com.ar\/df\/wp-content\/uploads\/2023\/03\/20201125_newsletter_reaprender.jpg\" alt=\"Pa\u00edses latinoamericanos clasificados sobre prevenci\u00f3n y respuesta a la violencia sexual contra ni\u00f1as, ni\u00f1os y adolescentes\" width=\"382\" height=\"280\" srcset=\"https:\/\/diariofemenino.com.ar\/df\/wp-content\/uploads\/2023\/03\/20201125_newsletter_reaprender.jpg 569w, https:\/\/diariofemenino.com.ar\/df\/wp-content\/uploads\/2023\/03\/20201125_newsletter_reaprender-300x220.jpg 300w\" sizes=\"auto, (max-width: 382px) 100vw, 382px\" \/><figcaption id=\"caption-attachment-68412\" class=\"wp-caption-text\">Pa\u00edses latinoamericanos\u00a0<\/figcaption><\/figure>\n<\/div>\n<\/div>\n<\/div>\n<div class=\"col sqs-col-9 span-9\">\n<div class=\"row sqs-row\">\n<div class=\"col sqs-col-6 span-6\">\n<div id=\"block-f882f27fca435763c685\" class=\"sqs-block html-block sqs-block-html\" data-block-type=\"2\">\n<div class=\"sqs-block-content\">\n<p>Trabajar con los medios de comunicaci\u00f3n para generar presi\u00f3n para crear reformas<\/p>\n<p class=\"\">Los datos en el \u00edndice son una herramienta \u00fatil para activistas y organizaciones de derechos de la ni\u00f1ez, pero siempre existe el riesgo con nuevos informes de investigaci\u00f3n de que no lleguen a los lectores necesarios: los tomadores de decisiones que pueden realizar las reformas necesarias. En consecuencia, dise\u00f1amos un lanzamiento a trav\u00e9s de los medios de comunicaci\u00f3n para mejorar las posibilidades de que los datos logren llegar a los despachos de los gobiernos nacionales y legisladores, ya que sabemos que la estrategia de destacar p\u00fablicamente las buenas pr\u00e1cticas y exponer las malas consigue que se aborden las brechas en la legislaci\u00f3n y pol\u00edticas p\u00fablicas.<\/p>\n<blockquote>\n<p class=\"\">\u201cEl \u00cdndice <em>Fuera de las Sombras<\/em> muestra la necesidad de continuar con urgencia la reforma que ya est\u00e1 en marcha en toda la regi\u00f3n para prevenir la violencia sexual contra NNA. Esto significar\u00e1 actualizar la legislaci\u00f3n sobre el abuso contro NNA y desarrollar servicios de apoyo y respuesta que realmente satisfagan las necesidades y demandas de los sobrevivientes de abuso sexual padecido durante la infancia y adolescencia\u201d.<\/p>\n<p class=\"\">~ Leo Ratledge, codirector de la Red Internacional por los Derechos de los Ni\u00f1os (CRIN, por sus siglas en ingl\u00e9s), que coordin\u00f3 el lanzamiento del informe regional.<\/p>\n<\/blockquote>\n<p class=\"\">Compartimos notas de prensa con una lista extensa de periodistas de toda la regi\u00f3n, incluidos algunos con los que ya hemos trabajado anteriormente, y otros que esperamos cubran el informe. Accede a las notas de prensa aqu\u00ed:<\/p>\n<ul data-rte-list=\"default\">\n<li>\n<p class=\"\"><a href=\"https:\/\/home.crin.org\/s\/OOSI_Regional-press-release_FINAL_SP-1.pdf\">Regional<\/a><\/p>\n<\/li>\n<li>\n<p class=\"\"><a href=\"https:\/\/home.crin.org\/s\/OOSI_Argentina-press-release_FINAL_ESdocx-2.pdf\">Argentina<\/a><\/p>\n<\/li>\n<li>\n<p class=\"\"><a href=\"https:\/\/home.crin.org\/s\/OOSI_Brazil-press-release_FINAL_PTBdocx.pdf\">Brazil<\/a><\/p>\n<\/li>\n<li>\n<p class=\"\"><a href=\"https:\/\/home.crin.org\/s\/OOSI-_Colombia-press-release_FINAL_ESdocx.pdf\">Colombia<\/a><\/p>\n<\/li>\n<li>\n<p class=\"\"><a href=\"https:\/\/home.crin.org\/s\/OOSI_El-Salvador-press-release_FINAL_ESdocx.pdf\">El Salvador<\/a><\/p>\n<\/li>\n<li>\n<p class=\"\"><a href=\"https:\/\/home.crin.org\/s\/OOSI_Mexico-press-release_FINAL_ESdocx.pdf\">M\u00e9xico<\/a><\/p>\n<\/li>\n<li>\n<p class=\"\"><a href=\"https:\/\/home.crin.org\/s\/OOSI_Peru-press-release_FINAL_ESdocx.pdf\">Per\u00fa<\/a><\/p>\n<\/li>\n<li>\n<p class=\"\"><a href=\"https:\/\/home.crin.org\/s\/OOSI_Venezuela-press-release_FINAL_ESdocx.pdf\">Venezuela<\/a><\/p>\n<\/li>\n<\/ul>\n<p>Fuente: <a href=\"https:\/\/home.crin.org\/readlistenwatch\/stories\/oosi-latin-america-es\">CRIN<\/a><\/p>\n<\/div>\n<\/div>\n<\/div>\n<div class=\"col sqs-col-3 span-3\">\n<div id=\"block-4fbfa736a4d3f21d3511\" class=\"sqs-block spacer-block sqs-block-spacer sized vsize-1\" data-block-type=\"21\">\n<div class=\"sqs-block-content\"><\/div>\n<\/div>\n<\/div>\n<\/div>\n<\/div>\n<\/div>\n<div class=\"row sqs-row\">\n<div class=\"col sqs-col-3 span-3\">\n<div id=\"block-80910314802a954a2b85\" class=\"sqs-block spacer-block sqs-block-spacer sized vsize-1\" data-block-type=\"21\">\n<div class=\"sqs-block-content\"><a href=\"https:\/\/diariofemenino.com.ar\/df\/category\/biblioteca\/\">Biblioteca virtual<\/a> &#8211; <a href=\"https:\/\/diariofemenino.com.ar\/df\/category\/azul-profundo\/\">Azul profundo<\/a><\/div>\n<\/div>\n<\/div>\n<div class=\"col sqs-col-6 span-6\">\n<div id=\"block-061ef058ea58b2979840\" class=\"sqs-block horizontalrule-block sqs-block-horizontalrule\" data-block-type=\"47\"><\/div>\n<\/div>\n<\/div>\n","protected":false},"excerpt":{"rendered":"<p>Pa\u00edses latinoamericanos clasificados. Brasil es el pa\u00eds mejor clasificado en Am\u00e9rica Latina con respecto a su desempe\u00f1o a la hora de prevenir y responder a la violencia sexual contra ni\u00f1as, ni\u00f1os y adolescentes (NNA), mientras que Argentina es el peor clasificado, seg\u00fan un nuevo informe publicado hoy (7 de marzo de 2023) por Economist Impact [&hellip;]<\/p>\n","protected":false},"author":4,"featured_media":68392,"comment_status":"open","ping_status":"open","sticky":false,"template":"","format":"standard","meta":{"iawp_total_views":22,"footnotes":""},"categories":[1067,178,581,182,4,21,23,592],"tags":[5813,3012,5812,332,5014,36],"class_list":["post-68391","post","type-post","status-publish","format-standard","has-post-thumbnail","hentry","category-agenda-feminista","category-articulos-y-comunicados","category-azul-profundo","category-informes","category-medios","category-noticias","category-salud","category-violencias","tag-clasificacion","tag-ninas-ninos-y-adolescentes","tag-paises-latinoamericanos","tag-prevencion","tag-respuestas","tag-violencia-sexual"],"nelio_content":{"autoShareEndMode":"never","automationSources":{"useCustomSentences":false,"customSentences":[]},"efiAlt":"","efiUrl":"","followers":[4],"highlights":[],"isAutoShareEnabled":true,"networkImageIds":[],"permalinkQueryArgs":[],"series":[],"suggestedReferences":[]},"yoast_head":"<!-- This site is optimized with the Yoast SEO plugin v27.5 - https:\/\/yoast.com\/product\/yoast-seo-wordpress\/ -->\n<title>Pa\u00edses latinoamericanos clasificados sobre prevenci\u00f3n y respuesta a la violencia sexual contra ni\u00f1as, ni\u00f1os y adolescentes - Diario Digital Femenino<\/title>\n<meta name=\"description\" content=\"Pa\u00edses latinoamericanos. Brasil es el pa\u00eds mejor clasificado a la hora de prevenir y responder a la violencia sexual contra NNyA, Argentina es el peor.\" \/>\n<meta name=\"robots\" content=\"index, follow, max-snippet:-1, max-image-preview:large, max-video-preview:-1\" \/>\n<link rel=\"canonical\" href=\"https:\/\/diariofemenino.com.ar\/df\/paises-latinoamericanos-clasificados-sobre-prevencion-y-respuesta-a-la-violencia-sexual-contra-ninas-ninos-y-adolescentes\/\" \/>\n<meta property=\"og:locale\" content=\"es_ES\" \/>\n<meta property=\"og:type\" content=\"article\" \/>\n<meta property=\"og:title\" content=\"Pa\u00edses latinoamericanos clasificados sobre prevenci\u00f3n y respuesta a la violencia sexual contra ni\u00f1as, ni\u00f1os y adolescentes - Diario Digital Femenino\" \/>\n<meta property=\"og:description\" content=\"Pa\u00edses latinoamericanos. Brasil es el pa\u00eds mejor clasificado a la hora de prevenir y responder a la violencia sexual contra NNyA, Argentina es el peor.\" \/>\n<meta property=\"og:url\" content=\"https:\/\/diariofemenino.com.ar\/df\/paises-latinoamericanos-clasificados-sobre-prevencion-y-respuesta-a-la-violencia-sexual-contra-ninas-ninos-y-adolescentes\/\" \/>\n<meta property=\"og:site_name\" content=\"Diario Digital Femenino\" \/>\n<meta property=\"article:publisher\" content=\"https:\/\/www.facebook.com\/DiarioDigitaFemenino\/\" \/>\n<meta property=\"article:published_time\" content=\"2023-03-28T14:14:21+00:00\" \/>\n<meta property=\"og:image\" content=\"https:\/\/diariofemenino.com.ar\/df\/wp-content\/uploads\/2023\/03\/OOSI-Initiative-Illustration-Half-202209181.jpg\" \/>\n\t<meta property=\"og:image:width\" content=\"1500\" \/>\n\t<meta property=\"og:image:height\" content=\"675\" \/>\n\t<meta property=\"og:image:type\" content=\"image\/jpeg\" \/>\n<meta name=\"author\" content=\"Admin\" \/>\n<meta name=\"twitter:card\" content=\"summary_large_image\" \/>\n<meta name=\"twitter:creator\" content=\"@DiarioFemenino1\" \/>\n<meta name=\"twitter:site\" content=\"@DiarioFemenino1\" \/>\n<meta name=\"twitter:label1\" content=\"Escrito por\" \/>\n\t<meta name=\"twitter:data1\" content=\"Admin\" \/>\n\t<meta name=\"twitter:label2\" content=\"Tiempo de lectura\" \/>\n\t<meta name=\"twitter:data2\" content=\"4 minutos\" \/>\n<script type=\"application\/ld+json\" class=\"yoast-schema-graph\">{\"@context\":\"https:\\\/\\\/schema.org\",\"@graph\":[{\"@type\":\"Article\",\"@id\":\"https:\\\/\\\/diariofemenino.com.ar\\\/df\\\/paises-latinoamericanos-clasificados-sobre-prevencion-y-respuesta-a-la-violencia-sexual-contra-ninas-ninos-y-adolescentes\\\/#article\",\"isPartOf\":{\"@id\":\"https:\\\/\\\/diariofemenino.com.ar\\\/df\\\/paises-latinoamericanos-clasificados-sobre-prevencion-y-respuesta-a-la-violencia-sexual-contra-ninas-ninos-y-adolescentes\\\/\"},\"author\":{\"name\":\"Admin\",\"@id\":\"https:\\\/\\\/diariofemenino.com.ar\\\/df\\\/#\\\/schema\\\/person\\\/bf6199e8158c657ea6f789b11ec85509\"},\"headline\":\"Pa\u00edses latinoamericanos clasificados sobre prevenci\u00f3n y respuesta a la violencia sexual contra ni\u00f1as, ni\u00f1os y adolescentes\",\"datePublished\":\"2023-03-28T14:14:21+00:00\",\"mainEntityOfPage\":{\"@id\":\"https:\\\/\\\/diariofemenino.com.ar\\\/df\\\/paises-latinoamericanos-clasificados-sobre-prevencion-y-respuesta-a-la-violencia-sexual-contra-ninas-ninos-y-adolescentes\\\/\"},\"wordCount\":796,\"commentCount\":0,\"publisher\":{\"@id\":\"https:\\\/\\\/diariofemenino.com.ar\\\/df\\\/#organization\"},\"image\":{\"@id\":\"https:\\\/\\\/diariofemenino.com.ar\\\/df\\\/paises-latinoamericanos-clasificados-sobre-prevencion-y-respuesta-a-la-violencia-sexual-contra-ninas-ninos-y-adolescentes\\\/#primaryimage\"},\"thumbnailUrl\":\"https:\\\/\\\/diariofemenino.com.ar\\\/df\\\/wp-content\\\/uploads\\\/2023\\\/03\\\/OOSI-Initiative-Illustration-Half-202209181.jpg\",\"keywords\":[\"Clasificaci\u00f3n\",\"Ni\u00f1as Ni\u00f1os y Adolescentes\",\"Pa\u00edses latinoamericanos\",\"Prevenci\u00f3n\",\"Respuestas\",\"Violencia Sexual\"],\"articleSection\":[\"Agenda Feminista\",\"Art\u00edculos y Comunicados\",\"Azul Profundo\",\"Informes\",\"Medios\",\"Noticias\",\"Salud\",\"Violencias\"],\"inLanguage\":\"es\",\"potentialAction\":[{\"@type\":\"CommentAction\",\"name\":\"Comment\",\"target\":[\"https:\\\/\\\/diariofemenino.com.ar\\\/df\\\/paises-latinoamericanos-clasificados-sobre-prevencion-y-respuesta-a-la-violencia-sexual-contra-ninas-ninos-y-adolescentes\\\/#respond\"]}]},{\"@type\":\"WebPage\",\"@id\":\"https:\\\/\\\/diariofemenino.com.ar\\\/df\\\/paises-latinoamericanos-clasificados-sobre-prevencion-y-respuesta-a-la-violencia-sexual-contra-ninas-ninos-y-adolescentes\\\/\",\"url\":\"https:\\\/\\\/diariofemenino.com.ar\\\/df\\\/paises-latinoamericanos-clasificados-sobre-prevencion-y-respuesta-a-la-violencia-sexual-contra-ninas-ninos-y-adolescentes\\\/\",\"name\":\"Pa\u00edses latinoamericanos clasificados sobre prevenci\u00f3n y respuesta a la violencia sexual contra ni\u00f1as, ni\u00f1os y adolescentes - Diario Digital Femenino\",\"isPartOf\":{\"@id\":\"https:\\\/\\\/diariofemenino.com.ar\\\/df\\\/#website\"},\"primaryImageOfPage\":{\"@id\":\"https:\\\/\\\/diariofemenino.com.ar\\\/df\\\/paises-latinoamericanos-clasificados-sobre-prevencion-y-respuesta-a-la-violencia-sexual-contra-ninas-ninos-y-adolescentes\\\/#primaryimage\"},\"image\":{\"@id\":\"https:\\\/\\\/diariofemenino.com.ar\\\/df\\\/paises-latinoamericanos-clasificados-sobre-prevencion-y-respuesta-a-la-violencia-sexual-contra-ninas-ninos-y-adolescentes\\\/#primaryimage\"},\"thumbnailUrl\":\"https:\\\/\\\/diariofemenino.com.ar\\\/df\\\/wp-content\\\/uploads\\\/2023\\\/03\\\/OOSI-Initiative-Illustration-Half-202209181.jpg\",\"datePublished\":\"2023-03-28T14:14:21+00:00\",\"description\":\"Pa\u00edses latinoamericanos. Brasil es el pa\u00eds mejor clasificado a la hora de prevenir y responder a la violencia sexual contra NNyA, Argentina es el peor.\",\"breadcrumb\":{\"@id\":\"https:\\\/\\\/diariofemenino.com.ar\\\/df\\\/paises-latinoamericanos-clasificados-sobre-prevencion-y-respuesta-a-la-violencia-sexual-contra-ninas-ninos-y-adolescentes\\\/#breadcrumb\"},\"inLanguage\":\"es\",\"potentialAction\":[{\"@type\":\"ReadAction\",\"target\":[\"https:\\\/\\\/diariofemenino.com.ar\\\/df\\\/paises-latinoamericanos-clasificados-sobre-prevencion-y-respuesta-a-la-violencia-sexual-contra-ninas-ninos-y-adolescentes\\\/\"]}]},{\"@type\":\"ImageObject\",\"inLanguage\":\"es\",\"@id\":\"https:\\\/\\\/diariofemenino.com.ar\\\/df\\\/paises-latinoamericanos-clasificados-sobre-prevencion-y-respuesta-a-la-violencia-sexual-contra-ninas-ninos-y-adolescentes\\\/#primaryimage\",\"url\":\"https:\\\/\\\/diariofemenino.com.ar\\\/df\\\/wp-content\\\/uploads\\\/2023\\\/03\\\/OOSI-Initiative-Illustration-Half-202209181.jpg\",\"contentUrl\":\"https:\\\/\\\/diariofemenino.com.ar\\\/df\\\/wp-content\\\/uploads\\\/2023\\\/03\\\/OOSI-Initiative-Illustration-Half-202209181.jpg\",\"width\":1500,\"height\":675,\"caption\":\"Pa\u00edses latinoamericanos clasificados sobre prevenci\u00f3n y respuesta a la violencia sexual contra ni\u00f1as, ni\u00f1os y adolescentes\"},{\"@type\":\"BreadcrumbList\",\"@id\":\"https:\\\/\\\/diariofemenino.com.ar\\\/df\\\/paises-latinoamericanos-clasificados-sobre-prevencion-y-respuesta-a-la-violencia-sexual-contra-ninas-ninos-y-adolescentes\\\/#breadcrumb\",\"itemListElement\":[{\"@type\":\"ListItem\",\"position\":1,\"name\":\"Portada\",\"item\":\"https:\\\/\\\/diariofemenino.com.ar\\\/df\\\/\"},{\"@type\":\"ListItem\",\"position\":2,\"name\":\"Pa\u00edses latinoamericanos clasificados sobre prevenci\u00f3n y respuesta a la violencia sexual contra ni\u00f1as, ni\u00f1os y adolescentes\"}]},{\"@type\":\"WebSite\",\"@id\":\"https:\\\/\\\/diariofemenino.com.ar\\\/df\\\/#website\",\"url\":\"https:\\\/\\\/diariofemenino.com.ar\\\/df\\\/\",\"name\":\"Diario Digital Femenino\",\"description\":\"Cuesti\u00f3n de G\u00e9nero\",\"publisher\":{\"@id\":\"https:\\\/\\\/diariofemenino.com.ar\\\/df\\\/#organization\"},\"potentialAction\":[{\"@type\":\"SearchAction\",\"target\":{\"@type\":\"EntryPoint\",\"urlTemplate\":\"https:\\\/\\\/diariofemenino.com.ar\\\/df\\\/?s={search_term_string}\"},\"query-input\":{\"@type\":\"PropertyValueSpecification\",\"valueRequired\":true,\"valueName\":\"search_term_string\"}}],\"inLanguage\":\"es\"},{\"@type\":\"Organization\",\"@id\":\"https:\\\/\\\/diariofemenino.com.ar\\\/df\\\/#organization\",\"name\":\"Diario Femenino\",\"url\":\"https:\\\/\\\/diariofemenino.com.ar\\\/df\\\/\",\"logo\":{\"@type\":\"ImageObject\",\"inLanguage\":\"es\",\"@id\":\"https:\\\/\\\/diariofemenino.com.ar\\\/df\\\/#\\\/schema\\\/logo\\\/image\\\/\",\"url\":\"https:\\\/\\\/diariofemenino.com.ar\\\/df\\\/wp-content\\\/uploads\\\/2018\\\/10\\\/logo.png\",\"contentUrl\":\"https:\\\/\\\/diariofemenino.com.ar\\\/df\\\/wp-content\\\/uploads\\\/2018\\\/10\\\/logo.png\",\"width\":500,\"height\":92,\"caption\":\"Diario Femenino\"},\"image\":{\"@id\":\"https:\\\/\\\/diariofemenino.com.ar\\\/df\\\/#\\\/schema\\\/logo\\\/image\\\/\"},\"sameAs\":[\"https:\\\/\\\/www.facebook.com\\\/DiarioDigitaFemenino\\\/\",\"https:\\\/\\\/x.com\\\/DiarioFemenino1\"]},{\"@type\":\"Person\",\"@id\":\"https:\\\/\\\/diariofemenino.com.ar\\\/df\\\/#\\\/schema\\\/person\\\/bf6199e8158c657ea6f789b11ec85509\",\"name\":\"Admin\",\"image\":{\"@type\":\"ImageObject\",\"inLanguage\":\"es\",\"@id\":\"https:\\\/\\\/diariofemenino.com.ar\\\/df\\\/wp-content\\\/uploads\\\/2018\\\/12\\\/favicon-150x150.jpg\",\"url\":\"https:\\\/\\\/diariofemenino.com.ar\\\/df\\\/wp-content\\\/uploads\\\/2018\\\/12\\\/favicon-150x150.jpg\",\"contentUrl\":\"https:\\\/\\\/diariofemenino.com.ar\\\/df\\\/wp-content\\\/uploads\\\/2018\\\/12\\\/favicon-150x150.jpg\",\"caption\":\"Admin\"},\"url\":\"https:\\\/\\\/diariofemenino.com.ar\\\/df\\\/author\\\/lenny\\\/\"}]}<\/script>\n<!-- \/ Yoast SEO plugin. -->","yoast_head_json":{"title":"Pa\u00edses latinoamericanos clasificados sobre prevenci\u00f3n y respuesta a la violencia sexual contra ni\u00f1as, ni\u00f1os y adolescentes - Diario Digital Femenino","description":"Pa\u00edses latinoamericanos. Brasil es el pa\u00eds mejor clasificado a la hora de prevenir y responder a la violencia sexual contra NNyA, Argentina es el peor.","robots":{"index":"index","follow":"follow","max-snippet":"max-snippet:-1","max-image-preview":"max-image-preview:large","max-video-preview":"max-video-preview:-1"},"canonical":"https:\/\/diariofemenino.com.ar\/df\/paises-latinoamericanos-clasificados-sobre-prevencion-y-respuesta-a-la-violencia-sexual-contra-ninas-ninos-y-adolescentes\/","og_locale":"es_ES","og_type":"article","og_title":"Pa\u00edses latinoamericanos clasificados sobre prevenci\u00f3n y respuesta a la violencia sexual contra ni\u00f1as, ni\u00f1os y adolescentes - Diario Digital Femenino","og_description":"Pa\u00edses latinoamericanos. Brasil es el pa\u00eds mejor clasificado a la hora de prevenir y responder a la violencia sexual contra NNyA, Argentina es el peor.","og_url":"https:\/\/diariofemenino.com.ar\/df\/paises-latinoamericanos-clasificados-sobre-prevencion-y-respuesta-a-la-violencia-sexual-contra-ninas-ninos-y-adolescentes\/","og_site_name":"Diario Digital Femenino","article_publisher":"https:\/\/www.facebook.com\/DiarioDigitaFemenino\/","article_published_time":"2023-03-28T14:14:21+00:00","og_image":[{"width":1500,"height":675,"url":"https:\/\/diariofemenino.com.ar\/df\/wp-content\/uploads\/2023\/03\/OOSI-Initiative-Illustration-Half-202209181.jpg","type":"image\/jpeg"}],"author":"Admin","twitter_card":"summary_large_image","twitter_creator":"@DiarioFemenino1","twitter_site":"@DiarioFemenino1","twitter_misc":{"Escrito por":"Admin","Tiempo de lectura":"4 minutos"},"schema":{"@context":"https:\/\/schema.org","@graph":[{"@type":"Article","@id":"https:\/\/diariofemenino.com.ar\/df\/paises-latinoamericanos-clasificados-sobre-prevencion-y-respuesta-a-la-violencia-sexual-contra-ninas-ninos-y-adolescentes\/#article","isPartOf":{"@id":"https:\/\/diariofemenino.com.ar\/df\/paises-latinoamericanos-clasificados-sobre-prevencion-y-respuesta-a-la-violencia-sexual-contra-ninas-ninos-y-adolescentes\/"},"author":{"name":"Admin","@id":"https:\/\/diariofemenino.com.ar\/df\/#\/schema\/person\/bf6199e8158c657ea6f789b11ec85509"},"headline":"Pa\u00edses latinoamericanos clasificados sobre prevenci\u00f3n y respuesta a la violencia sexual contra ni\u00f1as, ni\u00f1os y adolescentes","datePublished":"2023-03-28T14:14:21+00:00","mainEntityOfPage":{"@id":"https:\/\/diariofemenino.com.ar\/df\/paises-latinoamericanos-clasificados-sobre-prevencion-y-respuesta-a-la-violencia-sexual-contra-ninas-ninos-y-adolescentes\/"},"wordCount":796,"commentCount":0,"publisher":{"@id":"https:\/\/diariofemenino.com.ar\/df\/#organization"},"image":{"@id":"https:\/\/diariofemenino.com.ar\/df\/paises-latinoamericanos-clasificados-sobre-prevencion-y-respuesta-a-la-violencia-sexual-contra-ninas-ninos-y-adolescentes\/#primaryimage"},"thumbnailUrl":"https:\/\/diariofemenino.com.ar\/df\/wp-content\/uploads\/2023\/03\/OOSI-Initiative-Illustration-Half-202209181.jpg","keywords":["Clasificaci\u00f3n","Ni\u00f1as Ni\u00f1os y Adolescentes","Pa\u00edses latinoamericanos","Prevenci\u00f3n","Respuestas","Violencia Sexual"],"articleSection":["Agenda Feminista","Art\u00edculos y Comunicados","Azul Profundo","Informes","Medios","Noticias","Salud","Violencias"],"inLanguage":"es","potentialAction":[{"@type":"CommentAction","name":"Comment","target":["https:\/\/diariofemenino.com.ar\/df\/paises-latinoamericanos-clasificados-sobre-prevencion-y-respuesta-a-la-violencia-sexual-contra-ninas-ninos-y-adolescentes\/#respond"]}]},{"@type":"WebPage","@id":"https:\/\/diariofemenino.com.ar\/df\/paises-latinoamericanos-clasificados-sobre-prevencion-y-respuesta-a-la-violencia-sexual-contra-ninas-ninos-y-adolescentes\/","url":"https:\/\/diariofemenino.com.ar\/df\/paises-latinoamericanos-clasificados-sobre-prevencion-y-respuesta-a-la-violencia-sexual-contra-ninas-ninos-y-adolescentes\/","name":"Pa\u00edses latinoamericanos clasificados sobre prevenci\u00f3n y respuesta a la violencia sexual contra ni\u00f1as, ni\u00f1os y adolescentes - Diario Digital Femenino","isPartOf":{"@id":"https:\/\/diariofemenino.com.ar\/df\/#website"},"primaryImageOfPage":{"@id":"https:\/\/diariofemenino.com.ar\/df\/paises-latinoamericanos-clasificados-sobre-prevencion-y-respuesta-a-la-violencia-sexual-contra-ninas-ninos-y-adolescentes\/#primaryimage"},"image":{"@id":"https:\/\/diariofemenino.com.ar\/df\/paises-latinoamericanos-clasificados-sobre-prevencion-y-respuesta-a-la-violencia-sexual-contra-ninas-ninos-y-adolescentes\/#primaryimage"},"thumbnailUrl":"https:\/\/diariofemenino.com.ar\/df\/wp-content\/uploads\/2023\/03\/OOSI-Initiative-Illustration-Half-202209181.jpg","datePublished":"2023-03-28T14:14:21+00:00","description":"Pa\u00edses latinoamericanos. Brasil es el pa\u00eds mejor clasificado a la hora de prevenir y responder a la violencia sexual contra NNyA, Argentina es el peor.","breadcrumb":{"@id":"https:\/\/diariofemenino.com.ar\/df\/paises-latinoamericanos-clasificados-sobre-prevencion-y-respuesta-a-la-violencia-sexual-contra-ninas-ninos-y-adolescentes\/#breadcrumb"},"inLanguage":"es","potentialAction":[{"@type":"ReadAction","target":["https:\/\/diariofemenino.com.ar\/df\/paises-latinoamericanos-clasificados-sobre-prevencion-y-respuesta-a-la-violencia-sexual-contra-ninas-ninos-y-adolescentes\/"]}]},{"@type":"ImageObject","inLanguage":"es","@id":"https:\/\/diariofemenino.com.ar\/df\/paises-latinoamericanos-clasificados-sobre-prevencion-y-respuesta-a-la-violencia-sexual-contra-ninas-ninos-y-adolescentes\/#primaryimage","url":"https:\/\/diariofemenino.com.ar\/df\/wp-content\/uploads\/2023\/03\/OOSI-Initiative-Illustration-Half-202209181.jpg","contentUrl":"https:\/\/diariofemenino.com.ar\/df\/wp-content\/uploads\/2023\/03\/OOSI-Initiative-Illustration-Half-202209181.jpg","width":1500,"height":675,"caption":"Pa\u00edses latinoamericanos clasificados sobre prevenci\u00f3n y respuesta a la violencia sexual contra ni\u00f1as, ni\u00f1os y adolescentes"},{"@type":"BreadcrumbList","@id":"https:\/\/diariofemenino.com.ar\/df\/paises-latinoamericanos-clasificados-sobre-prevencion-y-respuesta-a-la-violencia-sexual-contra-ninas-ninos-y-adolescentes\/#breadcrumb","itemListElement":[{"@type":"ListItem","position":1,"name":"Portada","item":"https:\/\/diariofemenino.com.ar\/df\/"},{"@type":"ListItem","position":2,"name":"Pa\u00edses latinoamericanos clasificados sobre prevenci\u00f3n y respuesta a la violencia sexual contra ni\u00f1as, ni\u00f1os y adolescentes"}]},{"@type":"WebSite","@id":"https:\/\/diariofemenino.com.ar\/df\/#website","url":"https:\/\/diariofemenino.com.ar\/df\/","name":"Diario Digital Femenino","description":"Cuesti\u00f3n de G\u00e9nero","publisher":{"@id":"https:\/\/diariofemenino.com.ar\/df\/#organization"},"potentialAction":[{"@type":"SearchAction","target":{"@type":"EntryPoint","urlTemplate":"https:\/\/diariofemenino.com.ar\/df\/?s={search_term_string}"},"query-input":{"@type":"PropertyValueSpecification","valueRequired":true,"valueName":"search_term_string"}}],"inLanguage":"es"},{"@type":"Organization","@id":"https:\/\/diariofemenino.com.ar\/df\/#organization","name":"Diario Femenino","url":"https:\/\/diariofemenino.com.ar\/df\/","logo":{"@type":"ImageObject","inLanguage":"es","@id":"https:\/\/diariofemenino.com.ar\/df\/#\/schema\/logo\/image\/","url":"https:\/\/diariofemenino.com.ar\/df\/wp-content\/uploads\/2018\/10\/logo.png","contentUrl":"https:\/\/diariofemenino.com.ar\/df\/wp-content\/uploads\/2018\/10\/logo.png","width":500,"height":92,"caption":"Diario Femenino"},"image":{"@id":"https:\/\/diariofemenino.com.ar\/df\/#\/schema\/logo\/image\/"},"sameAs":["https:\/\/www.facebook.com\/DiarioDigitaFemenino\/","https:\/\/x.com\/DiarioFemenino1"]},{"@type":"Person","@id":"https:\/\/diariofemenino.com.ar\/df\/#\/schema\/person\/bf6199e8158c657ea6f789b11ec85509","name":"Admin","image":{"@type":"ImageObject","inLanguage":"es","@id":"https:\/\/diariofemenino.com.ar\/df\/wp-content\/uploads\/2018\/12\/favicon-150x150.jpg","url":"https:\/\/diariofemenino.com.ar\/df\/wp-content\/uploads\/2018\/12\/favicon-150x150.jpg","contentUrl":"https:\/\/diariofemenino.com.ar\/df\/wp-content\/uploads\/2018\/12\/favicon-150x150.jpg","caption":"Admin"},"url":"https:\/\/diariofemenino.com.ar\/df\/author\/lenny\/"}]}},"jetpack_featured_media_url":"https:\/\/diariofemenino.com.ar\/df\/wp-content\/uploads\/2023\/03\/OOSI-Initiative-Illustration-Half-202209181.jpg","jetpack_sharing_enabled":true,"rttpg_featured_image_url":{"full":["https:\/\/diariofemenino.com.ar\/df\/wp-content\/uploads\/2023\/03\/OOSI-Initiative-Illustration-Half-202209181.jpg",1500,675,false],"landscape":["https:\/\/diariofemenino.com.ar\/df\/wp-content\/uploads\/2023\/03\/OOSI-Initiative-Illustration-Half-202209181.jpg",1500,675,false],"portraits":["https:\/\/diariofemenino.com.ar\/df\/wp-content\/uploads\/2023\/03\/OOSI-Initiative-Illustration-Half-202209181.jpg",1500,675,false],"thumbnail":["https:\/\/diariofemenino.com.ar\/df\/wp-content\/uploads\/2023\/03\/OOSI-Initiative-Illustration-Half-202209181-150x150.jpg",150,150,true],"medium":["https:\/\/diariofemenino.com.ar\/df\/wp-content\/uploads\/2023\/03\/OOSI-Initiative-Illustration-Half-202209181-300x135.jpg",300,135,true],"large":["https:\/\/diariofemenino.com.ar\/df\/wp-content\/uploads\/2023\/03\/OOSI-Initiative-Illustration-Half-202209181-1024x461.jpg",1024,461,true],"1536x1536":["https:\/\/diariofemenino.com.ar\/df\/wp-content\/uploads\/2023\/03\/OOSI-Initiative-Illustration-Half-202209181.jpg",1500,675,false],"2048x2048":["https:\/\/diariofemenino.com.ar\/df\/wp-content\/uploads\/2023\/03\/OOSI-Initiative-Illustration-Half-202209181.jpg",1500,675,false]},"rttpg_author":{"display_name":"Admin","author_link":"https:\/\/diariofemenino.com.ar\/df\/author\/lenny\/"},"rttpg_comment":0,"rttpg_category":"<a href=\"https:\/\/diariofemenino.com.ar\/df\/category\/agenda-feminista\/\" rel=\"category tag\">Agenda Feminista<\/a> <a href=\"https:\/\/diariofemenino.com.ar\/df\/category\/articulos-y-comunicados\/\" rel=\"category tag\">Art\u00edculos y Comunicados<\/a> <a href=\"https:\/\/diariofemenino.com.ar\/df\/category\/azul-profundo\/\" rel=\"category tag\">Azul Profundo<\/a> <a href=\"https:\/\/diariofemenino.com.ar\/df\/category\/informes\/\" rel=\"category tag\">Informes<\/a> <a href=\"https:\/\/diariofemenino.com.ar\/df\/category\/medios\/\" rel=\"category tag\">Medios<\/a> <a href=\"https:\/\/diariofemenino.com.ar\/df\/category\/noticias\/\" rel=\"category tag\">Noticias<\/a> <a href=\"https:\/\/diariofemenino.com.ar\/df\/category\/salud\/\" rel=\"category tag\">Salud<\/a> <a href=\"https:\/\/diariofemenino.com.ar\/df\/category\/violencias\/\" rel=\"category tag\">Violencias<\/a>","rttpg_excerpt":"Pa\u00edses latinoamericanos clasificados. Brasil es el pa\u00eds mejor clasificado en Am\u00e9rica Latina con respecto a su desempe\u00f1o a la hora de prevenir y responder a la violencia sexual contra ni\u00f1as, ni\u00f1os y adolescentes (NNA), mientras que Argentina es el peor clasificado, seg\u00fan un nuevo informe publicado hoy (7 de marzo de 2023) por Economist Impact&hellip;","_links":{"self":[{"href":"https:\/\/diariofemenino.com.ar\/df\/wp-json\/wp\/v2\/posts\/68391","targetHints":{"allow":["GET"]}}],"collection":[{"href":"https:\/\/diariofemenino.com.ar\/df\/wp-json\/wp\/v2\/posts"}],"about":[{"href":"https:\/\/diariofemenino.com.ar\/df\/wp-json\/wp\/v2\/types\/post"}],"author":[{"embeddable":true,"href":"https:\/\/diariofemenino.com.ar\/df\/wp-json\/wp\/v2\/users\/4"}],"replies":[{"embeddable":true,"href":"https:\/\/diariofemenino.com.ar\/df\/wp-json\/wp\/v2\/comments?post=68391"}],"version-history":[{"count":0,"href":"https:\/\/diariofemenino.com.ar\/df\/wp-json\/wp\/v2\/posts\/68391\/revisions"}],"wp:featuredmedia":[{"embeddable":true,"href":"https:\/\/diariofemenino.com.ar\/df\/wp-json\/wp\/v2\/media\/68392"}],"wp:attachment":[{"href":"https:\/\/diariofemenino.com.ar\/df\/wp-json\/wp\/v2\/media?parent=68391"}],"wp:term":[{"taxonomy":"category","embeddable":true,"href":"https:\/\/diariofemenino.com.ar\/df\/wp-json\/wp\/v2\/categories?post=68391"},{"taxonomy":"post_tag","embeddable":true,"href":"https:\/\/diariofemenino.com.ar\/df\/wp-json\/wp\/v2\/tags?post=68391"}],"curies":[{"name":"wp","href":"https:\/\/api.w.org\/{rel}","templated":true}]}}