{"id":68168,"date":"2023-03-14T19:55:49","date_gmt":"2023-03-14T22:55:49","guid":{"rendered":"https:\/\/diariofemenino.com.ar\/df\/?p=68168"},"modified":"2023-03-14T19:55:49","modified_gmt":"2023-03-14T22:55:49","slug":"banos-mixtos-si-o-no","status":"publish","type":"post","link":"https:\/\/diariofemenino.com.ar\/df\/banos-mixtos-si-o-no\/","title":{"rendered":"Ba\u00f1os mixtos \u00bfs\u00ed o no?"},"content":{"rendered":"<p>Durante la \u00faltima semana, en algunos medios se abri\u00f3 la pol\u00e9mica por la iniciativa de implementar ba\u00f1os mixtos para uso de estudiantes. Una de las instituciones que impulsa esta medida es un Colegio tradicional de la localidad de Ituzaing\u00f3 en la provincia de Buenos Aires y, otra es una propuesta del <strong>Gobierno de Tierra del Fuego<\/strong>\u00a0que apunta a construir ba\u00f1os no binarios, dejando de lado los que diferenciaban por g\u00e9nero, a varones y mujeres.<\/p>\n<p>Por\u00a0<em><a href=\"https:\/\/diariofemenino.com.ar\/df\/?s=Mar%C3%ADa+In%C3%A9s+Alvarado\">Mar\u00eda In\u00e9s Alvarado<\/a>*<br \/>\npara\u00a0<a href=\"https:\/\/www.instagram.com\/diariodigitalfemenino_\/\">Diario Digital Femenino<\/a><\/em><\/p>\n<p>Como ocurre cada vez que se viraliza una noticia relacionada con alg\u00fan tema de Educaci\u00f3n Sexual, el tema fue llevado al an\u00e1lisis en programas <em>prime time<\/em> y las declaraciones de personajes medi\u00e1ticos y de madres y padres en contra de la ESI no faltaron y se replicaron en segundos. \u00bfPor qu\u00e9 es importante que las escuelas habiliten esto espacios? \u00bfQu\u00e9 lugar ocupa la Educaci\u00f3n Sexual Integral (ESI) en este debate? \u00bfPor qu\u00e9 son siempre las familias las que se oponen a estos cambios? Acerca de las respuestas a esas preguntas trata esta columna de hoy.<\/p>\n<figure id=\"attachment_68172\" aria-describedby=\"caption-attachment-68172\" style=\"width: 600px\" class=\"wp-caption aligncenter\"><img loading=\"lazy\" decoding=\"async\" class=\"size-full wp-image-68172\" src=\"https:\/\/diariofemenino.com.ar\/df\/wp-content\/uploads\/2023\/03\/ba\u00f1os-unisex.jpg\" alt=\"Ba\u00f1os mixtos \u00bfs\u00ed o no?\" width=\"600\" height=\"400\" srcset=\"https:\/\/diariofemenino.com.ar\/df\/wp-content\/uploads\/2023\/03\/ba\u00f1os-unisex.jpg 600w, https:\/\/diariofemenino.com.ar\/df\/wp-content\/uploads\/2023\/03\/ba\u00f1os-unisex-300x200.jpg 300w\" sizes=\"auto, (max-width: 600px) 100vw, 600px\" \/><figcaption id=\"caption-attachment-68172\" class=\"wp-caption-text\">Ba\u00f1os mixtos \u00bfs\u00ed o no?<\/figcaption><\/figure>\n<p>La incorporaci\u00f3n de ba\u00f1os mixtos en Argentina no es nueva. En 2016, un proyecto de Ley propon\u00eda <em>\u201c<\/em><em>la obligatoriedad de incorporar un ba\u00f1o de familia y de personas con discapacidad y un ba\u00f1o unisex, en todo establecimiento p\u00fablico que dependa de la jurisdicci\u00f3n nacional y est\u00e9 destinado a la concurrencia de p\u00fablico para acceder a la prestaci\u00f3n de los distintos servicios a cargo del Estado Nacional\u201d<\/em>. Y, desde el a\u00f1o 2017, algunas instituciones educativas han realizado pruebas piloto sobre el tema, con la mirada puesta en el avance cultural en pol\u00edticas de g\u00e9nero e inclusi\u00f3n. Algunas de ellas fueron la Facultad de Psicolog\u00eda de la Universidad Nacional de C\u00f3rdoba (UNC) o la Escuela de Ense\u00f1anza Media 432 \u201cBernardino Rivadavia\u201d de la ciudad de Rosario en Santa Fe. Le siguieron la<strong>\u00a0Facultad de Arquitectura, Dise\u00f1o y Urbanismo (FADU) de la Universidad de Buenos Aires (UBA),\u00a0<\/strong>y la<strong>\u00a0Escuela T\u00e9cnica N\u00b0 6 \u201cFernando Fader\u201d de<\/strong> la<strong>\u00a0Ciudad de Buenos Aires<\/strong>.<\/p>\n<p>Se puede relacionar este tema con el cambio que introduce el nuevo <strong>C\u00f3digo de Edificaci\u00f3n de la Ciudad de <\/strong><strong>Buenos Aires<\/strong> para sanitarios p\u00fablicos en<strong>\u00a0restaurantes, boliches, bares, universidades y hospitales, del a\u00f1o 2018 que intenta facilitar el uso de l<\/strong>os ba\u00f1os mixtos a personas trans, a padres y madres con sus hijos\/as, y a personas con discapacidad. En los colegios, la posibilidad de habilitar las construcciones de ba\u00f1os sin g\u00e9nero es una medida que busca romper el binarismo para que todas aquellas personas que no se identifiquen como \u201cvar\u00f3n\u201d o \u201cmujer\u201d puedan no sentir la discriminaci\u00f3n que sufren en los ba\u00f1os p\u00fablicos.<\/p>\n<p>Sin embargo, y pese a todas las reglamentaciones y propuestas ya mencionadas, hay quienes sostienen un discurso de odio que muestra la transfobia que aun se vive socialmente. En el art\u00edculo <em><a href=\"https:\/\/www.homosensual.com\/lgbt\/banos-inclusivos-importante-medida-contra-la-discriminacion\/\">Ba\u00f1os inclusivos, importante medida contra la discriminaci\u00f3n<\/a><\/em><em>, <\/em>la periodista <a href=\"https:\/\/www.homosensual.com\/author\/anaflores\/\">Ana Flores<\/a> explica que, <em>\u201centre los argumentos en contra (de la implementaci\u00f3n de los ba\u00f1os unisex) se us\u00f3 el temor por la integridad de las y los usuarios.\u00a0<strong>Tambi\u00e9n se expres\u00f3 que era una p\u00e9rdida de la privacidad\u201d<\/strong><strong>. <\/strong><\/em>Argumentaciones que no llevan a otra explicaci\u00f3n m\u00e1s que la relacionada con la <em>violencia sexual<\/em> que producen varones sobre mujeres. A la vez que se apoyen en el argumento de los\u00a0<strong>grupos conservadores<\/strong><strong>\u00a0<\/strong>que se apoyan en la necesidad de \u2018velar\u2019 por el \u2018bienestar\u2019 de las infancias para justificar el rechazo a las corporeidades y existencias diversas.<\/p>\n<p>En las escuelas, sobre todo en el Nivel Medio, es cada vez m\u00e1s amplia la existencia de adolescentes trans y no binaries que forman parte de la poblaci\u00f3n que concurre de manera cotidiana. Esto implica la necesidad de tomar medidas para modificar conductas que patologicen y criminalicen la existencia de personas que no se ajusten al binarismo.\u00a0Desde la mirada de la ESI, los ba\u00f1os inclusivos son una medida contra la discriminaci\u00f3n y a favor de la equidad, seg\u00fan el texto citado, por<strong>que<\/strong>:<\/p>\n<ul>\n<li>Ayudan a\u00a0<strong>desgastar miradas heteronormativas y patriarcales<\/strong>\u00a0sobre experiencias cotidianas.<\/li>\n<li><strong>Responden a los contextos de transformaci\u00f3n social y cultural<\/strong>\u00a0en pro de los derechos humanos. Por eso se habla de que los ba\u00f1os sin g\u00e9nero tambi\u00e9n tienen un\u00a0<strong>gran peso en el terreno simb\u00f3lico y el imaginario colectivo<\/strong>.<\/li>\n<li>Respetan la identidad con la que una persona se siente c\u00f3moda.<\/li>\n<li>Desgastan la idea de que la existencia de las personas debe limitarse al pensamiento y orden binario.<\/li>\n<\/ul>\n<figure id=\"attachment_68171\" aria-describedby=\"caption-attachment-68171\" style=\"width: 560px\" class=\"wp-caption aligncenter\"><img loading=\"lazy\" decoding=\"async\" class=\"size-full wp-image-68171\" src=\"https:\/\/diariofemenino.com.ar\/df\/wp-content\/uploads\/2023\/03\/b\u00f1os-todo-g\u00e9nero.jpg\" alt=\"Ba\u00f1os mixtos \u00bfs\u00ed o no?\" width=\"560\" height=\"374\" srcset=\"https:\/\/diariofemenino.com.ar\/df\/wp-content\/uploads\/2023\/03\/b\u00f1os-todo-g\u00e9nero.jpg 560w, https:\/\/diariofemenino.com.ar\/df\/wp-content\/uploads\/2023\/03\/b\u00f1os-todo-g\u00e9nero-300x200.jpg 300w\" sizes=\"auto, (max-width: 560px) 100vw, 560px\" \/><figcaption id=\"caption-attachment-68171\" class=\"wp-caption-text\">Ba\u00f1os mixtos \u00bfs\u00ed o no?<\/figcaption><\/figure>\n<p>Si se tiene en cuenta que la Educaci\u00f3n Sexual Integral (ESI), promueve h\u00e1bitos de cuidado del cuerpo, reconocimiento de la intimidad propia y ajena, respeto por los sentimientos y necesidades de individual y de sus pares, desarrollo de competencias y habilidades psicosociales es importante entender que hay una nueva manera de pensar el espacio escolar.\u00a0 Esta nueva mirada sobre el tema propone que, desde el Nivel Inicial, se construya una manera de pensar que ayude a la organizaci\u00f3n de espacios no sexistas, donde las relaciones entre ni\u00f1os y ni\u00f1as no dependa de la mirada sexista y de g\u00e9nero, sino en la distribuci\u00f3n igualitaria de espacios, en un uso compartido de juguetes y recursos, donde se ponga como prioridad la intimidad propia y ajena, el debate quedar\u00eda fuera de lugar.<\/p>\n<p>Son las familias, en su lugar de primer agente socializador, quienes deben ayudar a correr el eje del miedo a la violencia sexual, hablando en las casas y escuchando a las infancias, quienes deben apoyar estas instancias, consensuando con los equipos directivos para que los ba\u00f1os mistos y\/o unisex, sean una realidad que ayude a reducir la brecha de g\u00e9nero. Los ba\u00f1os unisex no vulneran los derechos de infancias cis, sino que ayudan a construir igualdad, a entender que las personas tienen los mismos derechos m\u00e1s all\u00e1 del g\u00e9nero elegido, y que, como en otras medidas, esta apunta al empoderamiento y no a la limitaci\u00f3n de las garant\u00edas individuales. Las instituciones educativas, como garantes de derecho, deben velar por la integridad f\u00edsica y emocional de cada individuo, y eso se logra con la inclusi\u00f3n y el respeto de los derechos de ni\u00f1eces y adolescencias.<\/p>\n<p><strong>(*)<\/strong>\u00a0Docente, comunicadora. Co-directora de\u00a0<strong><a href=\"https:\/\/laesienjuego.com.ar\/\">La ESI en juego<\/a>.<\/strong><br \/>\nColumnista\u00a0de\u00a0<strong><a href=\"https:\/\/diariofemenino.com.ar\/df\/category\/de-esi-si-se-habla\/\">Diario Digital Femenino<\/a><\/strong>\u2013\u00a0<a href=\"https:\/\/diariofemenino.com.ar\/df\/category\/de-esi-si-se-habla\/\">De ESI S\u00ed Se Habla<\/a><\/p>\n","protected":false},"excerpt":{"rendered":"<p>Durante la \u00faltima semana, en algunos medios se abri\u00f3 la pol\u00e9mica por la iniciativa de implementar ba\u00f1os mixtos para uso de estudiantes. Una de las instituciones que impulsa esta medida es un Colegio tradicional de la localidad de Ituzaing\u00f3 en la provincia de Buenos Aires y, otra es una propuesta del Gobierno de Tierra del [&hellip;]<\/p>\n","protected":false},"author":4,"featured_media":68173,"comment_status":"open","ping_status":"open","sticky":false,"template":"","format":"standard","meta":{"iawp_total_views":3163,"footnotes":""},"categories":[7,178,9,3],"tags":[5774,567,4372,172,97,5775,5776,568],"class_list":["post-68168","post","type-post","status-publish","format-standard","has-post-thumbnail","hentry","category-actividades","category-articulos-y-comunicados","category-de-esi-si-se-habla","category-de-la-revolucion-al-reaprendizaje","tag-banos-mixtos","tag-de-esi-si-se-habla","tag-destacada","tag-educacion-sexual-integral","tag-esi","tag-incluir","tag-inclusive","tag-maria-ines-alvarado"],"nelio_content":{"autoShareEndMode":"never","automationSources":{"useCustomSentences":false,"customSentences":[]},"efiAlt":"","efiUrl":"","followers":[4],"highlights":[],"isAutoShareEnabled":true,"networkImageIds":[],"permalinkQueryArgs":[],"series":[],"suggestedReferences":[]},"yoast_head":"<!-- This site is optimized with the Yoast SEO plugin v27.5 - https:\/\/yoast.com\/product\/yoast-seo-wordpress\/ -->\n<title>Ba\u00f1os mixtos \u00bfs\u00ed o no? - Diario Digital Femenino<\/title>\n<meta name=\"description\" content=\"Ba\u00f1os mixtos. Cada vez que se viraliza una noticia relacionada con alg\u00fan tema de Educaci\u00f3n Sexual, el tema es llevado al an\u00e1lisis en programas prime time.\" \/>\n<meta name=\"robots\" content=\"index, follow, max-snippet:-1, max-image-preview:large, max-video-preview:-1\" \/>\n<link rel=\"canonical\" href=\"https:\/\/diariofemenino.com.ar\/df\/banos-mixtos-si-o-no\/\" \/>\n<meta property=\"og:locale\" content=\"es_ES\" \/>\n<meta property=\"og:type\" content=\"article\" \/>\n<meta property=\"og:title\" content=\"Ba\u00f1os mixtos \u00bfs\u00ed o no? - Diario Digital Femenino\" \/>\n<meta property=\"og:description\" content=\"Ba\u00f1os mixtos. Cada vez que se viraliza una noticia relacionada con alg\u00fan tema de Educaci\u00f3n Sexual, el tema es llevado al an\u00e1lisis en programas prime time.\" \/>\n<meta property=\"og:url\" content=\"https:\/\/diariofemenino.com.ar\/df\/banos-mixtos-si-o-no\/\" \/>\n<meta property=\"og:site_name\" content=\"Diario Digital Femenino\" \/>\n<meta property=\"article:publisher\" content=\"https:\/\/www.facebook.com\/DiarioDigitaFemenino\/\" \/>\n<meta property=\"article:published_time\" content=\"2023-03-14T22:55:49+00:00\" \/>\n<meta property=\"og:image\" content=\"https:\/\/diariofemenino.com.ar\/df\/wp-content\/uploads\/2023\/03\/ban\u0303os-inclusivos-sin-ge\u0301nero-discriminacio\u0301n1.jpg\" \/>\n\t<meta property=\"og:image:width\" content=\"1280\" \/>\n\t<meta property=\"og:image:height\" content=\"720\" \/>\n\t<meta property=\"og:image:type\" content=\"image\/jpeg\" \/>\n<meta name=\"author\" content=\"Admin\" \/>\n<meta name=\"twitter:card\" content=\"summary_large_image\" \/>\n<meta name=\"twitter:creator\" content=\"@DiarioFemenino1\" \/>\n<meta name=\"twitter:site\" content=\"@DiarioFemenino1\" \/>\n<meta name=\"twitter:label1\" content=\"Escrito por\" \/>\n\t<meta name=\"twitter:data1\" content=\"Admin\" \/>\n\t<meta name=\"twitter:label2\" content=\"Tiempo de lectura\" \/>\n\t<meta name=\"twitter:data2\" content=\"6 minutos\" \/>\n<script type=\"application\/ld+json\" class=\"yoast-schema-graph\">{\"@context\":\"https:\\\/\\\/schema.org\",\"@graph\":[{\"@type\":\"Article\",\"@id\":\"https:\\\/\\\/diariofemenino.com.ar\\\/df\\\/banos-mixtos-si-o-no\\\/#article\",\"isPartOf\":{\"@id\":\"https:\\\/\\\/diariofemenino.com.ar\\\/df\\\/banos-mixtos-si-o-no\\\/\"},\"author\":{\"name\":\"Admin\",\"@id\":\"https:\\\/\\\/diariofemenino.com.ar\\\/df\\\/#\\\/schema\\\/person\\\/bf6199e8158c657ea6f789b11ec85509\"},\"headline\":\"Ba\u00f1os mixtos \u00bfs\u00ed o no?\",\"datePublished\":\"2023-03-14T22:55:49+00:00\",\"mainEntityOfPage\":{\"@id\":\"https:\\\/\\\/diariofemenino.com.ar\\\/df\\\/banos-mixtos-si-o-no\\\/\"},\"wordCount\":1131,\"commentCount\":0,\"publisher\":{\"@id\":\"https:\\\/\\\/diariofemenino.com.ar\\\/df\\\/#organization\"},\"image\":{\"@id\":\"https:\\\/\\\/diariofemenino.com.ar\\\/df\\\/banos-mixtos-si-o-no\\\/#primaryimage\"},\"thumbnailUrl\":\"https:\\\/\\\/diariofemenino.com.ar\\\/df\\\/wp-content\\\/uploads\\\/2023\\\/03\\\/ban\u0303os-inclusivos-sin-ge\u0301nero-discriminacio\u0301n1.jpg\",\"keywords\":[\"Ba\u00f1os mixtos\",\"De ESI s\u00ed se habla\",\"Destacada\",\"Educaci\u00f3n Sexual Integral\",\"ESI\",\"Incluir\",\"Inclusive\",\"Mar\u00eda In\u00e9s Alvarado\"],\"articleSection\":[\"Actividades\",\"Art\u00edculos y Comunicados\",\"De ESI S\u00ed Se Habla\",\"De la Revoluci\u00f3n al Reaprendizaje\"],\"inLanguage\":\"es\",\"potentialAction\":[{\"@type\":\"CommentAction\",\"name\":\"Comment\",\"target\":[\"https:\\\/\\\/diariofemenino.com.ar\\\/df\\\/banos-mixtos-si-o-no\\\/#respond\"]}]},{\"@type\":\"WebPage\",\"@id\":\"https:\\\/\\\/diariofemenino.com.ar\\\/df\\\/banos-mixtos-si-o-no\\\/\",\"url\":\"https:\\\/\\\/diariofemenino.com.ar\\\/df\\\/banos-mixtos-si-o-no\\\/\",\"name\":\"Ba\u00f1os mixtos \u00bfs\u00ed o no? - Diario Digital Femenino\",\"isPartOf\":{\"@id\":\"https:\\\/\\\/diariofemenino.com.ar\\\/df\\\/#website\"},\"primaryImageOfPage\":{\"@id\":\"https:\\\/\\\/diariofemenino.com.ar\\\/df\\\/banos-mixtos-si-o-no\\\/#primaryimage\"},\"image\":{\"@id\":\"https:\\\/\\\/diariofemenino.com.ar\\\/df\\\/banos-mixtos-si-o-no\\\/#primaryimage\"},\"thumbnailUrl\":\"https:\\\/\\\/diariofemenino.com.ar\\\/df\\\/wp-content\\\/uploads\\\/2023\\\/03\\\/ban\u0303os-inclusivos-sin-ge\u0301nero-discriminacio\u0301n1.jpg\",\"datePublished\":\"2023-03-14T22:55:49+00:00\",\"description\":\"Ba\u00f1os mixtos. Cada vez que se viraliza una noticia relacionada con alg\u00fan tema de Educaci\u00f3n Sexual, el tema es llevado al an\u00e1lisis en programas prime time.\",\"breadcrumb\":{\"@id\":\"https:\\\/\\\/diariofemenino.com.ar\\\/df\\\/banos-mixtos-si-o-no\\\/#breadcrumb\"},\"inLanguage\":\"es\",\"potentialAction\":[{\"@type\":\"ReadAction\",\"target\":[\"https:\\\/\\\/diariofemenino.com.ar\\\/df\\\/banos-mixtos-si-o-no\\\/\"]}]},{\"@type\":\"ImageObject\",\"inLanguage\":\"es\",\"@id\":\"https:\\\/\\\/diariofemenino.com.ar\\\/df\\\/banos-mixtos-si-o-no\\\/#primaryimage\",\"url\":\"https:\\\/\\\/diariofemenino.com.ar\\\/df\\\/wp-content\\\/uploads\\\/2023\\\/03\\\/ban\u0303os-inclusivos-sin-ge\u0301nero-discriminacio\u0301n1.jpg\",\"contentUrl\":\"https:\\\/\\\/diariofemenino.com.ar\\\/df\\\/wp-content\\\/uploads\\\/2023\\\/03\\\/ban\u0303os-inclusivos-sin-ge\u0301nero-discriminacio\u0301n1.jpg\",\"width\":1280,\"height\":720,\"caption\":\"Ba\u00f1os mixtos \u00bfs\u00ed o no?\"},{\"@type\":\"BreadcrumbList\",\"@id\":\"https:\\\/\\\/diariofemenino.com.ar\\\/df\\\/banos-mixtos-si-o-no\\\/#breadcrumb\",\"itemListElement\":[{\"@type\":\"ListItem\",\"position\":1,\"name\":\"Portada\",\"item\":\"https:\\\/\\\/diariofemenino.com.ar\\\/df\\\/\"},{\"@type\":\"ListItem\",\"position\":2,\"name\":\"Ba\u00f1os mixtos \u00bfs\u00ed o no?\"}]},{\"@type\":\"WebSite\",\"@id\":\"https:\\\/\\\/diariofemenino.com.ar\\\/df\\\/#website\",\"url\":\"https:\\\/\\\/diariofemenino.com.ar\\\/df\\\/\",\"name\":\"Diario Digital Femenino\",\"description\":\"Cuesti\u00f3n de G\u00e9nero\",\"publisher\":{\"@id\":\"https:\\\/\\\/diariofemenino.com.ar\\\/df\\\/#organization\"},\"potentialAction\":[{\"@type\":\"SearchAction\",\"target\":{\"@type\":\"EntryPoint\",\"urlTemplate\":\"https:\\\/\\\/diariofemenino.com.ar\\\/df\\\/?s={search_term_string}\"},\"query-input\":{\"@type\":\"PropertyValueSpecification\",\"valueRequired\":true,\"valueName\":\"search_term_string\"}}],\"inLanguage\":\"es\"},{\"@type\":\"Organization\",\"@id\":\"https:\\\/\\\/diariofemenino.com.ar\\\/df\\\/#organization\",\"name\":\"Diario Femenino\",\"url\":\"https:\\\/\\\/diariofemenino.com.ar\\\/df\\\/\",\"logo\":{\"@type\":\"ImageObject\",\"inLanguage\":\"es\",\"@id\":\"https:\\\/\\\/diariofemenino.com.ar\\\/df\\\/#\\\/schema\\\/logo\\\/image\\\/\",\"url\":\"https:\\\/\\\/diariofemenino.com.ar\\\/df\\\/wp-content\\\/uploads\\\/2018\\\/10\\\/logo.png\",\"contentUrl\":\"https:\\\/\\\/diariofemenino.com.ar\\\/df\\\/wp-content\\\/uploads\\\/2018\\\/10\\\/logo.png\",\"width\":500,\"height\":92,\"caption\":\"Diario Femenino\"},\"image\":{\"@id\":\"https:\\\/\\\/diariofemenino.com.ar\\\/df\\\/#\\\/schema\\\/logo\\\/image\\\/\"},\"sameAs\":[\"https:\\\/\\\/www.facebook.com\\\/DiarioDigitaFemenino\\\/\",\"https:\\\/\\\/x.com\\\/DiarioFemenino1\"]},{\"@type\":\"Person\",\"@id\":\"https:\\\/\\\/diariofemenino.com.ar\\\/df\\\/#\\\/schema\\\/person\\\/bf6199e8158c657ea6f789b11ec85509\",\"name\":\"Admin\",\"image\":{\"@type\":\"ImageObject\",\"inLanguage\":\"es\",\"@id\":\"https:\\\/\\\/diariofemenino.com.ar\\\/df\\\/wp-content\\\/uploads\\\/2018\\\/12\\\/favicon-150x150.jpg\",\"url\":\"https:\\\/\\\/diariofemenino.com.ar\\\/df\\\/wp-content\\\/uploads\\\/2018\\\/12\\\/favicon-150x150.jpg\",\"contentUrl\":\"https:\\\/\\\/diariofemenino.com.ar\\\/df\\\/wp-content\\\/uploads\\\/2018\\\/12\\\/favicon-150x150.jpg\",\"caption\":\"Admin\"},\"url\":\"https:\\\/\\\/diariofemenino.com.ar\\\/df\\\/author\\\/lenny\\\/\"}]}<\/script>\n<!-- \/ Yoast SEO plugin. -->","yoast_head_json":{"title":"Ba\u00f1os mixtos \u00bfs\u00ed o no? - Diario Digital Femenino","description":"Ba\u00f1os mixtos. Cada vez que se viraliza una noticia relacionada con alg\u00fan tema de Educaci\u00f3n Sexual, el tema es llevado al an\u00e1lisis en programas prime time.","robots":{"index":"index","follow":"follow","max-snippet":"max-snippet:-1","max-image-preview":"max-image-preview:large","max-video-preview":"max-video-preview:-1"},"canonical":"https:\/\/diariofemenino.com.ar\/df\/banos-mixtos-si-o-no\/","og_locale":"es_ES","og_type":"article","og_title":"Ba\u00f1os mixtos \u00bfs\u00ed o no? - Diario Digital Femenino","og_description":"Ba\u00f1os mixtos. Cada vez que se viraliza una noticia relacionada con alg\u00fan tema de Educaci\u00f3n Sexual, el tema es llevado al an\u00e1lisis en programas prime time.","og_url":"https:\/\/diariofemenino.com.ar\/df\/banos-mixtos-si-o-no\/","og_site_name":"Diario Digital Femenino","article_publisher":"https:\/\/www.facebook.com\/DiarioDigitaFemenino\/","article_published_time":"2023-03-14T22:55:49+00:00","og_image":[{"width":1280,"height":720,"url":"https:\/\/diariofemenino.com.ar\/df\/wp-content\/uploads\/2023\/03\/ban\u0303os-inclusivos-sin-ge\u0301nero-discriminacio\u0301n1.jpg","type":"image\/jpeg"}],"author":"Admin","twitter_card":"summary_large_image","twitter_creator":"@DiarioFemenino1","twitter_site":"@DiarioFemenino1","twitter_misc":{"Escrito por":"Admin","Tiempo de lectura":"6 minutos"},"schema":{"@context":"https:\/\/schema.org","@graph":[{"@type":"Article","@id":"https:\/\/diariofemenino.com.ar\/df\/banos-mixtos-si-o-no\/#article","isPartOf":{"@id":"https:\/\/diariofemenino.com.ar\/df\/banos-mixtos-si-o-no\/"},"author":{"name":"Admin","@id":"https:\/\/diariofemenino.com.ar\/df\/#\/schema\/person\/bf6199e8158c657ea6f789b11ec85509"},"headline":"Ba\u00f1os mixtos \u00bfs\u00ed o no?","datePublished":"2023-03-14T22:55:49+00:00","mainEntityOfPage":{"@id":"https:\/\/diariofemenino.com.ar\/df\/banos-mixtos-si-o-no\/"},"wordCount":1131,"commentCount":0,"publisher":{"@id":"https:\/\/diariofemenino.com.ar\/df\/#organization"},"image":{"@id":"https:\/\/diariofemenino.com.ar\/df\/banos-mixtos-si-o-no\/#primaryimage"},"thumbnailUrl":"https:\/\/diariofemenino.com.ar\/df\/wp-content\/uploads\/2023\/03\/ban\u0303os-inclusivos-sin-ge\u0301nero-discriminacio\u0301n1.jpg","keywords":["Ba\u00f1os mixtos","De ESI s\u00ed se habla","Destacada","Educaci\u00f3n Sexual Integral","ESI","Incluir","Inclusive","Mar\u00eda In\u00e9s Alvarado"],"articleSection":["Actividades","Art\u00edculos y Comunicados","De ESI S\u00ed Se Habla","De la Revoluci\u00f3n al Reaprendizaje"],"inLanguage":"es","potentialAction":[{"@type":"CommentAction","name":"Comment","target":["https:\/\/diariofemenino.com.ar\/df\/banos-mixtos-si-o-no\/#respond"]}]},{"@type":"WebPage","@id":"https:\/\/diariofemenino.com.ar\/df\/banos-mixtos-si-o-no\/","url":"https:\/\/diariofemenino.com.ar\/df\/banos-mixtos-si-o-no\/","name":"Ba\u00f1os mixtos \u00bfs\u00ed o no? - Diario Digital Femenino","isPartOf":{"@id":"https:\/\/diariofemenino.com.ar\/df\/#website"},"primaryImageOfPage":{"@id":"https:\/\/diariofemenino.com.ar\/df\/banos-mixtos-si-o-no\/#primaryimage"},"image":{"@id":"https:\/\/diariofemenino.com.ar\/df\/banos-mixtos-si-o-no\/#primaryimage"},"thumbnailUrl":"https:\/\/diariofemenino.com.ar\/df\/wp-content\/uploads\/2023\/03\/ban\u0303os-inclusivos-sin-ge\u0301nero-discriminacio\u0301n1.jpg","datePublished":"2023-03-14T22:55:49+00:00","description":"Ba\u00f1os mixtos. Cada vez que se viraliza una noticia relacionada con alg\u00fan tema de Educaci\u00f3n Sexual, el tema es llevado al an\u00e1lisis en programas prime time.","breadcrumb":{"@id":"https:\/\/diariofemenino.com.ar\/df\/banos-mixtos-si-o-no\/#breadcrumb"},"inLanguage":"es","potentialAction":[{"@type":"ReadAction","target":["https:\/\/diariofemenino.com.ar\/df\/banos-mixtos-si-o-no\/"]}]},{"@type":"ImageObject","inLanguage":"es","@id":"https:\/\/diariofemenino.com.ar\/df\/banos-mixtos-si-o-no\/#primaryimage","url":"https:\/\/diariofemenino.com.ar\/df\/wp-content\/uploads\/2023\/03\/ban\u0303os-inclusivos-sin-ge\u0301nero-discriminacio\u0301n1.jpg","contentUrl":"https:\/\/diariofemenino.com.ar\/df\/wp-content\/uploads\/2023\/03\/ban\u0303os-inclusivos-sin-ge\u0301nero-discriminacio\u0301n1.jpg","width":1280,"height":720,"caption":"Ba\u00f1os mixtos \u00bfs\u00ed o no?"},{"@type":"BreadcrumbList","@id":"https:\/\/diariofemenino.com.ar\/df\/banos-mixtos-si-o-no\/#breadcrumb","itemListElement":[{"@type":"ListItem","position":1,"name":"Portada","item":"https:\/\/diariofemenino.com.ar\/df\/"},{"@type":"ListItem","position":2,"name":"Ba\u00f1os mixtos \u00bfs\u00ed o no?"}]},{"@type":"WebSite","@id":"https:\/\/diariofemenino.com.ar\/df\/#website","url":"https:\/\/diariofemenino.com.ar\/df\/","name":"Diario Digital Femenino","description":"Cuesti\u00f3n de G\u00e9nero","publisher":{"@id":"https:\/\/diariofemenino.com.ar\/df\/#organization"},"potentialAction":[{"@type":"SearchAction","target":{"@type":"EntryPoint","urlTemplate":"https:\/\/diariofemenino.com.ar\/df\/?s={search_term_string}"},"query-input":{"@type":"PropertyValueSpecification","valueRequired":true,"valueName":"search_term_string"}}],"inLanguage":"es"},{"@type":"Organization","@id":"https:\/\/diariofemenino.com.ar\/df\/#organization","name":"Diario Femenino","url":"https:\/\/diariofemenino.com.ar\/df\/","logo":{"@type":"ImageObject","inLanguage":"es","@id":"https:\/\/diariofemenino.com.ar\/df\/#\/schema\/logo\/image\/","url":"https:\/\/diariofemenino.com.ar\/df\/wp-content\/uploads\/2018\/10\/logo.png","contentUrl":"https:\/\/diariofemenino.com.ar\/df\/wp-content\/uploads\/2018\/10\/logo.png","width":500,"height":92,"caption":"Diario Femenino"},"image":{"@id":"https:\/\/diariofemenino.com.ar\/df\/#\/schema\/logo\/image\/"},"sameAs":["https:\/\/www.facebook.com\/DiarioDigitaFemenino\/","https:\/\/x.com\/DiarioFemenino1"]},{"@type":"Person","@id":"https:\/\/diariofemenino.com.ar\/df\/#\/schema\/person\/bf6199e8158c657ea6f789b11ec85509","name":"Admin","image":{"@type":"ImageObject","inLanguage":"es","@id":"https:\/\/diariofemenino.com.ar\/df\/wp-content\/uploads\/2018\/12\/favicon-150x150.jpg","url":"https:\/\/diariofemenino.com.ar\/df\/wp-content\/uploads\/2018\/12\/favicon-150x150.jpg","contentUrl":"https:\/\/diariofemenino.com.ar\/df\/wp-content\/uploads\/2018\/12\/favicon-150x150.jpg","caption":"Admin"},"url":"https:\/\/diariofemenino.com.ar\/df\/author\/lenny\/"}]}},"jetpack_featured_media_url":"https:\/\/diariofemenino.com.ar\/df\/wp-content\/uploads\/2023\/03\/ban\u0303os-inclusivos-sin-ge\u0301nero-discriminacio\u0301n1.jpg","jetpack_sharing_enabled":true,"rttpg_featured_image_url":{"full":["https:\/\/diariofemenino.com.ar\/df\/wp-content\/uploads\/2023\/03\/ban\u0303os-inclusivos-sin-ge\u0301nero-discriminacio\u0301n1.jpg",1280,720,false],"landscape":["https:\/\/diariofemenino.com.ar\/df\/wp-content\/uploads\/2023\/03\/ban\u0303os-inclusivos-sin-ge\u0301nero-discriminacio\u0301n1.jpg",1280,720,false],"portraits":["https:\/\/diariofemenino.com.ar\/df\/wp-content\/uploads\/2023\/03\/ban\u0303os-inclusivos-sin-ge\u0301nero-discriminacio\u0301n1.jpg",1280,720,false],"thumbnail":["https:\/\/diariofemenino.com.ar\/df\/wp-content\/uploads\/2023\/03\/ban\u0303os-inclusivos-sin-ge\u0301nero-discriminacio\u0301n1-150x150.jpg",150,150,true],"medium":["https:\/\/diariofemenino.com.ar\/df\/wp-content\/uploads\/2023\/03\/ban\u0303os-inclusivos-sin-ge\u0301nero-discriminacio\u0301n1-300x169.jpg",300,169,true],"large":["https:\/\/diariofemenino.com.ar\/df\/wp-content\/uploads\/2023\/03\/ban\u0303os-inclusivos-sin-ge\u0301nero-discriminacio\u0301n1-1024x576.jpg",1024,576,true],"1536x1536":["https:\/\/diariofemenino.com.ar\/df\/wp-content\/uploads\/2023\/03\/ban\u0303os-inclusivos-sin-ge\u0301nero-discriminacio\u0301n1.jpg",1280,720,false],"2048x2048":["https:\/\/diariofemenino.com.ar\/df\/wp-content\/uploads\/2023\/03\/ban\u0303os-inclusivos-sin-ge\u0301nero-discriminacio\u0301n1.jpg",1280,720,false]},"rttpg_author":{"display_name":"Admin","author_link":"https:\/\/diariofemenino.com.ar\/df\/author\/lenny\/"},"rttpg_comment":0,"rttpg_category":"<a href=\"https:\/\/diariofemenino.com.ar\/df\/category\/actividades\/\" rel=\"category tag\">Actividades<\/a> <a href=\"https:\/\/diariofemenino.com.ar\/df\/category\/articulos-y-comunicados\/\" rel=\"category tag\">Art\u00edculos y Comunicados<\/a> <a href=\"https:\/\/diariofemenino.com.ar\/df\/category\/de-esi-si-se-habla\/\" rel=\"category tag\">De ESI S\u00ed Se Habla<\/a> <a href=\"https:\/\/diariofemenino.com.ar\/df\/category\/de-la-revolucion-al-reaprendizaje\/\" rel=\"category tag\">De la Revoluci\u00f3n al Reaprendizaje<\/a>","rttpg_excerpt":"Durante la \u00faltima semana, en algunos medios se abri\u00f3 la pol\u00e9mica por la iniciativa de implementar ba\u00f1os mixtos para uso de estudiantes. Una de las instituciones que impulsa esta medida es un Colegio tradicional de la localidad de Ituzaing\u00f3 en la provincia de Buenos Aires y, otra es una propuesta del Gobierno de Tierra del&hellip;","_links":{"self":[{"href":"https:\/\/diariofemenino.com.ar\/df\/wp-json\/wp\/v2\/posts\/68168","targetHints":{"allow":["GET"]}}],"collection":[{"href":"https:\/\/diariofemenino.com.ar\/df\/wp-json\/wp\/v2\/posts"}],"about":[{"href":"https:\/\/diariofemenino.com.ar\/df\/wp-json\/wp\/v2\/types\/post"}],"author":[{"embeddable":true,"href":"https:\/\/diariofemenino.com.ar\/df\/wp-json\/wp\/v2\/users\/4"}],"replies":[{"embeddable":true,"href":"https:\/\/diariofemenino.com.ar\/df\/wp-json\/wp\/v2\/comments?post=68168"}],"version-history":[{"count":0,"href":"https:\/\/diariofemenino.com.ar\/df\/wp-json\/wp\/v2\/posts\/68168\/revisions"}],"wp:featuredmedia":[{"embeddable":true,"href":"https:\/\/diariofemenino.com.ar\/df\/wp-json\/wp\/v2\/media\/68173"}],"wp:attachment":[{"href":"https:\/\/diariofemenino.com.ar\/df\/wp-json\/wp\/v2\/media?parent=68168"}],"wp:term":[{"taxonomy":"category","embeddable":true,"href":"https:\/\/diariofemenino.com.ar\/df\/wp-json\/wp\/v2\/categories?post=68168"},{"taxonomy":"post_tag","embeddable":true,"href":"https:\/\/diariofemenino.com.ar\/df\/wp-json\/wp\/v2\/tags?post=68168"}],"curies":[{"name":"wp","href":"https:\/\/api.w.org\/{rel}","templated":true}]}}