{"id":67978,"date":"2023-02-24T09:15:59","date_gmt":"2023-02-24T12:15:59","guid":{"rendered":"https:\/\/diariofemenino.com.ar\/df\/?p=67978"},"modified":"2023-02-24T09:21:34","modified_gmt":"2023-02-24T12:21:34","slug":"embargo-sobre-la-cuenta-dni-para-el-cobro-de-la-cuota-alimentaria","status":"publish","type":"post","link":"https:\/\/diariofemenino.com.ar\/df\/embargo-sobre-la-cuenta-dni-para-el-cobro-de-la-cuota-alimentaria\/","title":{"rendered":"Embargo sobre la cuenta DNI para el cobro de la cuota alimentaria"},"content":{"rendered":"<p>Se establecen medidas Conminatorias sobre el deudor alimentario, embargo sobre cuenta DNI, Inscripci\u00f3n en el Registro de Deudores Alimentarios, tareas comunitarias por parte del demandado, retenci\u00f3n de licencia de conducir, inhabilitaci\u00f3n especial para conducir todo tipo de veh\u00edculos por parte del mencionado y Citaci\u00f3n de los abuelos paternos.<\/p>\n<p>Medidas para compeler al deudor alimentario.<strong> \u00abV. C. V C\/ R. C. M. O. S\/ ALIMENTOS\u00bb EXPTE: JU-4377-2020.\u201d <\/strong>Jun\u00edn, 14 de Febrero de 2023.-<\/p>\n<p>Por\u00a0<a href=\"https:\/\/diariofemenino.com.ar\/df\/?s=Fallo\">Erica P\u00e9rez<\/a>*<br \/>\nFallo completo para descargar: <a href=\"https:\/\/diariofemenino.com.ar\/df\/wp-content\/uploads\/2023\/02\/Bateria-de-sanciones-incump-alimentario-Flia-2-Junin..pdf\">aqu\u00ed<\/a><\/p>\n<p><strong>I- Resumen de los hechos: <\/strong><\/p>\n<p>En fecha 12 de agosto de 2022 se dicta sentencia haciendo lugar a la demanda incoada por la Sra. V.C.V., condenando al progenitor de sus hijos menores de edad, C.R.V y S.R.V., Sr. R.C.LM, a abonar <strong>cuota alimentaria definitiva<\/strong>. Se practica liquidaci\u00f3n de los alimentos devengados y adeudados por el alimentante. Se solicita\u00a0 intime al demandado al inmediato pago de las cuotas adeudadas, bajo apercibimiento de solicitar las sanciones que puedan corresponder<strong> en el marco de los arts. 551, 552, 553 y ccdtes. del CCCN<\/strong>, y a abonar la cuotas alimentarias mensuales, del 01 al 10 de cada mes, seg\u00fan indica la sentencia reca\u00edda en autos.<\/p>\n<p><strong>II.- La actitud procesal del demandado. Sanciones Conminatorias ejemplares.<\/strong><\/p>\n<p>Mediante presentaci\u00f3n de fecha 20\/12\/2022, expresa la accionante que ante la ausencia total de respuesta por parte del demandado, no habiendo comparecido jam\u00e1s a estar a derecho, pese a encontrarse debidamente notificado de todos los requerimientos procesales, no habiendo dado cumplimiento a la sentencia reca\u00edda en su contra, considerando asimismo la omisi\u00f3n de pago de la deuda reclamada y notificada, <strong>todo lo cual configura violencia,<\/strong> seg\u00fan lo expone, es que solicita<strong> se impongan sanciones ejemplares, <\/strong>a los fines de compelerlo a prestar, en tiempo y forma, la asistencia alimentaria establecida. (Art. 553 del CCCN).<\/p>\n<p>Contin\u00faa su relato sosteniendo que atento a que el demandado no tiene bienes a su nombre, ni trabajo registrado, <strong>las sanciones conminatorias deben ir enfocadas a lograr un cambio en su actitud.;<\/strong> solicita, que en el marco de las prerrogativas que dispone el art. 553 del CCCN (Medidas razonables para compeler al cumplimiento alimentario), y con el respaldo convencional y constitucional existente (art. 75 inc. 22 de nuestra Constituci\u00f3n Nacional Convenci\u00f3n de los Derechos del Ni\u00f1o, Cedaw, Belen do Par\u00e1, ley 26.061), las siguientes medidas:<\/p>\n<p><strong>1)<\/strong> la realizaci\u00f3n de tareas por parte del demandado, las cuales deber\u00e1n llevarse a cabo por intermedio de la MUNICIPALIDAD DE JUN\u00cdN, debiendo dicho organismo informar al Juzgado su eventual cumplimiento, y el desarrollo de las mismas, de forma ininterrumpida hasta que se registre el pago de la cuota alimentaria establecida. <strong>2)<\/strong> La inscripci\u00f3n en el Registro Local de deudores alimentarios morosos. <strong>3)<\/strong> La retenci\u00f3n de la licencia de conducir, y la inhabilitaci\u00f3n especial para conducir todo tipo de veh\u00edculos.<\/p>\n<p>Asimismo manifiesta que para efectivizar el pago de la cuota alimentaria, se libre oficio al Banco de la Provincia de BS. AS. disponi\u00e9ndose el embargo de los fondos existentes en la cuenta DNI del demandado.<\/p>\n<p><strong>III.- Dictamen del Asesor de menores. Las cuotas atrasadas son el reembolso de aquello que la progenitora afront\u00f3. El progenitor conviviente posee legitimaci\u00f3n activa para el reclamo de los alimentos atrasados. Denuncie los datos que permitan identificar a los abuelos paternos.<\/strong><\/p>\n<p>Habiendo corrido vista al Sr Asesor de Incapaces interviniente, el mismo lo evacua en los siguientes t\u00e9rminos: <em>\u00ab. Que tomo conocimiento de las medidas solicitadas por la progenitora de mis representados, debiendo al respecto se\u00f1alarse que en el caso de que un progenitor se desentienda de su obligaci\u00f3n alimentaria respecto de un hijo, va de suyo que ser\u00e1 el otro progenitor que est\u00e1 a cargo de su cuidado quien terminar\u00e1 soportando exclusivamente los gastos de manutenci\u00f3n del ni\u00f1o. De esta manera, <strong>se habilita aquel progenitor que se hizo cargo de todas las erogaciones en forma principal, de pedir al otro el reembolso de lo gastado <\/strong>como consecuencia de su falta de contribuci\u00f3n, estando legitimado para pertinente reclamo. \u00bb <\/em><\/p>\n<p><em>Si bien la cuota alimentaria para los hijos es fijada a favor de los menores, <strong>las cuotas atrasadas son el reembolso de aquello que la progenitora que ejerce la tenencia, afront\u00f3 de su propio peculio ante el incumplimiento del alimentante.<\/strong> Es que, aunque la cuota alimentaria pertenece a los menores, su administraci\u00f3n incumbe a quien convive con ellos. En consecuencia, <strong>el progenitor conviviente posee legitimaci\u00f3n activa para el reclamo de los alimentos atrasadas<\/strong>\u00ab.<\/em> (Sumario N\u00b021167 de la Base de Datos de la Secretar\u00eda de Jurisprudencia de la C\u00e1mara Civil).<\/p>\n<p>Ante ello, nada deber\u00eda dictaminar esta Dependencia, pero se entiende que a efectos de garantizar la percepci\u00f3n de los alimentos futuros, deber\u00e1 V.S. hacer lugar al embargo requerido. De las sumas all\u00ed depositadas, deber\u00e1 destinarse un porcentaje a cubrir las sumas adeudadas (para lo cual deber\u00e1 obrar liquidaci\u00f3n en autos) por un lado y por otro a los alimentos futuros. Asimismo, deber\u00eda ordenarse la inscripci\u00f3n del Sr. R.C. en el Registro de Deudores Alimentarios. En otro orden de autos, atento el estado de autos, conforme la funci\u00f3n de esta Dependencia, solicito a la Sra. V. <strong>denuncie en autos los datos que permitan identificar a los abuelos paternos <\/strong>de mis representados, ello a efectos de citar a los mismos\u00bb.<\/p>\n<p><strong>IV.- Base doctrinaria sobre la que habr\u00e1 de fundarse la decisi\u00f3n.<\/strong><\/p>\n<p>Abocada a tal tarea, debo, en principio, decir que la decisi\u00f3n a tomar tendr\u00e1 como norte<strong> la satisfacci\u00f3n del derecho alimentario del ni\u00f1o<\/strong>, <strong>cual es un derecho humano fundamental,<\/strong> emergente, en autos, de la responsabilidad parental y del cual el demandado no podr\u00e1 sustraerse, so pena de aplicarse medidas ante el incumplimiento, como es la situaci\u00f3n f\u00e1ctica tra\u00edda en el presente. Conforme lo precept\u00faan los arts. 638, 658, 670 y 553 del CCCN.<\/p>\n<p>De lo expuesto precedentemente surge claramente que resultan ser los padres y\/o sus representantes legales los obligados a garantizar el derecho esencial del ni\u00f1o a recibir todo lo necesario para criarse y desarrollarse integralmente, en atenci\u00f3n a su inter\u00e9s superior (art. 658, 659 ccs del C.C.C.N, art. 18.1, 27.2 y 27.4 Convenci\u00f3n sobre los Derechos del ni\u00f1o). Y, en el caso de que as\u00ed no se hiciera, se adoptar\u00e1n medidas que conminen a los obligados a cumplir con su deber alimentario, de acuerdo con las circunstancias particulares de cada caso.<\/p>\n<p><strong>V.- Sanciones peticionadas y que tienen como objetivo compeler al accionado a cumplir la cuota de alimentos.<\/strong><\/p>\n<p>No habiendo el demandado dado cumplimiento al pago de la cuota de alimentos dispuesta por sentencia, ni de la deuda por alimentos cuya liquidaci\u00f3n se le notificara y que se aprueba por este resolutorio, entiendo oportuno hacer lugar al pedido de embargo esgrimido por la Sra. V. a fin de hacer efectivo el pago de la cuota alimentaria y a cuenta de la deuda existente.<\/p>\n<p>Ni ha depositado suma alguna en concepto de alimentos, pese a la intimaci\u00f3n cursada, corresponde hacer lugar a la petici\u00f3n efectuada por la accionante de autos, en consecuencia, sin m\u00e1s tr\u00e1mite, <strong>ordenar la inscripci\u00f3n del demandado de autos en la Oficina del Registro de Deudores Alimentarios Morosos del Ministerio de Justicia de la Provincia de Buenos Aires<\/strong>, sito en calle 53 y 12 Torre II piso 8\u00b0, tel (0221) 4295524, fax (0221) 4295532, e-mail: dmorosos@mjus.gba.gov.ar, como asimismo en el Registro de Morosos por <strong>Incumplimiento de los Deberes de Asistencia de Familia, <\/strong>creado en el \u00e1mbito de la <a href=\"https:\/\/www.junin.gob.ar\/\">Municipalidad<\/a> de esta ciudad de Jun\u00edn, por Ordenanza N\u00b0 4123 sancionada por el Honorable Consejo Deliberante en sesi\u00f3n de fecha 09 de octubre de 2000, debiendo librarse al efecto los oficios de estilo.<\/p>\n<p>En lo atinente a <strong>la realizaci\u00f3n de tareas comunitarias<\/strong>, como asimismo la retenci\u00f3n de licencia de conducir, y la inhabilitaci\u00f3n especial para conducir todo tipo de veh\u00edculos, adelanto desde ya que <strong>las mismas no tienen en mira sancionar al renuente, Sr R.C, sino que el fin es coadyuvar a que en el futuro se decida a cumplir con lo debido y en tiempo oportuno.<\/strong><\/p>\n<p>Por ello y en concordancia con lo dispuesto por el <strong>art 553 del CCCN<\/strong> del cual se desprende que: \u00bb El juez puede imponer al responsable del incumplimiento reiterado de la obligaci\u00f3n alimentaria medidas razonables para asegurar la eficacia de la sentencia&#8230;\u201d, entiendo, en esta instancia, <strong>corresponde hacer lugar a las medidas peticionadas.<\/strong><\/p>\n<p>En consecuencia <strong>se ordena la realizaci\u00f3n de tareas comunitarias<\/strong>, por parte del demandado, Sr R.C.M., las cuales deber\u00e1n llevarse a cabo por intermedio de la MUNICIPALIDAD DE JUN\u00cdN, debiendo dicho organismo informar al Juzgado su eventual cumplimiento y el desarrollo de las mismas, ello hasta tanto se verifique en los presentes obrados haber dado cumplimiento el Sr R.C.M. a lo adeudado en concepto de alimentos. A tal fin l\u00edbrese oficio a la Municipalidad de Jun\u00edn.<\/p>\n<p>Asimismo, y con id\u00e9ntica finalidad a la expuesta con antelaci\u00f3n, entiendo pertinente <strong>hacer lugar a la retenci\u00f3n de licencia de conducir, y la inhabilitaci\u00f3n especial para conducir todo tipo de veh\u00edculos<\/strong>, por parte del Sr R.C.M., DNI N\u00b0XXXX. A fin de cumplir lo ordenado l\u00edbrese oficio al Dpto. Licencias de conducir, dependiente de la Municipalidad de Jun\u00edn, y al Ministerio de Transporte de la Rca. Argentina.<\/p>\n<p>En otro orden de ideas se insta a la Sra. V., <strong>denuncie en autos los datos que permitan identificar a los abuelos paternos de sus hijos<\/strong>, ello a efectos de citar a los mismos, conforme as\u00ed lo solicitara la Asesor\u00eda de Incapaces Interviniente, conforme presentaci\u00f3n de fojas digital. Respecto de las costas, y en atenci\u00f3n al principio general en materia de alimentos, se imponen al alimentante. (art. 68 CPC).<\/p>\n<p>En consecuencia, de conformidad a las constancias de autos, los fundamentos expuestos, dictamen del Sr Asesor de Incapaces interviniente; y lo dispuesto por el Art. 550, 551 ,553, 638, 656, 658, 670 del CCyCN y los Arts. 645 ccs del CPCC.<\/p>\n<figure id=\"attachment_67980\" aria-describedby=\"caption-attachment-67980\" style=\"width: 465px\" class=\"wp-caption aligncenter\"><img loading=\"lazy\" decoding=\"async\" class=\" wp-image-67980\" src=\"https:\/\/diariofemenino.com.ar\/df\/wp-content\/uploads\/2023\/02\/entity226001_square.jpg\" alt=\"Embargo sobre la cuenta DNI para el cobro de la cuota alimentaria\" width=\"465\" height=\"365\" srcset=\"https:\/\/diariofemenino.com.ar\/df\/wp-content\/uploads\/2023\/02\/entity226001_square.jpg 659w, https:\/\/diariofemenino.com.ar\/df\/wp-content\/uploads\/2023\/02\/entity226001_square-300x235.jpg 300w\" sizes=\"auto, (max-width: 465px) 100vw, 465px\" \/><figcaption id=\"caption-attachment-67980\" class=\"wp-caption-text\">Embargo sobre la cuenta DNI para el cobro de la cuota alimentaria<\/figcaption><\/figure>\n<p><strong>RESUELVE:1)<\/strong> Aprobar la liquidaci\u00f3n practicada por alimentos adeudados, devengados durante la tramitaci\u00f3n del proceso, debidos por el Sr. R.C.M. <strong>2) <\/strong>Librar oficio al Banco de la Provincia de Buenos Aires, a fin de que informe si el Sr. R.C.M., DNI N\u00b0XX, posee cuenta DNI. En caso afirmativo proceda mensualmente a trabar embargo sobre la totalidad de los fondos existentes en la misma, destin\u00e1ndose a cubrir el monto adeudado en concepto de alimentos, cuya liquidaci\u00f3n se aprueba. La suma embargada, deber\u00e1 ser depositada en cuenta abierta en autos en el Banco de la Provincia de Buenos Aires XXX <strong>3)<\/strong> A efectos de determinar el monto adeudado por alimentos desde la fecha de la sentencia y hasta la actualidad, practique la actora la liquidaci\u00f3n correspondiente de capital e intereses. <strong>4)<\/strong> Hacer lugar a la inscripci\u00f3n del Sr. R.C.M. DNI N\u00b0XXX,en el Registro de Deudores Alimentarios, libr\u00e1ndose los oficios conforme lo expuesto en el considerando respectivo. <strong>5)<\/strong> Ordenar la realizaci\u00f3n de tareas comunitarias por parte del demandado, Sr R.C.M., las cuales deber\u00e1n llevarse a cabo por intermedio de la MUNICIPALIDAD DE JUN\u00cdN, debiendo dicho organismo informar al Juzgado su eventual cumplimiento y desarrollo de las actividades. La medida se extiende hasta tanto se verifique en los presentes obrados, el cumplimiento de lo adeudado, en concepto de alimentos, por parte del Sr R.C. A tal fin l\u00edbrese oficio a la Municipalidad de Jun\u00edn. <strong>6)<\/strong> Ordenar la retenci\u00f3n de licencia de conducir del Sr R.C.M. Asimismo ordenar la inhabilitaci\u00f3n especial para conducir todo tipo de veh\u00edculos por parte del mencionado. La medida se extiende hasta tanto se verifique en los presentes obrados, el cumplimiento de lo adeudado en concepto de alimentos por parte del Sr R.C. A tal fin l\u00edbrese oficio al Dpto. Licencias de conducir, dependiente de la Municipalidad de Jun\u00edn, y al Ministerio de Transporte de la Rca. Argentina.<strong>7)<\/strong> Instar a la Sra. V. a cumplir con lo dispuesto en el punto III del presente, en relaci\u00f3n a lo solicitado por la Asesor\u00eda de Incapaces interviniente (identificar a los abuelos paternos de sus hijos).<strong>8)<\/strong> Costas al accionado Sr R.C. (Art 68 del CPCC).<\/p>\n<p><strong>VI.- Consideraciones finales:<\/strong><\/p>\n<p>La conducta es reprochable vista desde el ejercicio de la responsabilidad parental como desde la perspectiva de g\u00e9nero. La actitud de incumplimiento denota el menosprecio hacia las tareas de cuidado realizadas por parte de la progenitora, que se traduce en un conjunto de tareas cotidianas que consumen tiempo, energ\u00eda y recursos por lo que es valorable econ\u00f3micamente.<\/p>\n<p>No es la primera vez que Valeria logra un fallo destacado en materia de deudores alimentarios. En otra ocasi\u00f3n, se resolvi\u00f3 que la \u201cEmpresa distribuidora EDEN actu\u00e9 como agente de retenci\u00f3n directa de la cuota alimentaria\u00a0<em>sic \u201cof\u00edciese a la empresa distribuidora de energ\u00eda local \u00abEDEN S.A.\u00bb a efecto de que agregue en la liquidaci\u00f3n mensual del medidor que corresponda al demandado el monto de cuota alimentaria provisoria fijado en la resoluci\u00f3n de fecha 2\/05\/2019 y una vez percibido el mismo, deposite las sumas respectivas en la cuenta de autos. Fdo. Eduardo J.M. Banchero- Juez\u201d [1].<\/em><\/p>\n<p>En consecuencia el incumplimiento del progenitor al pago de la cuota alimentaria compromete: 1) el derecho de los hijos a un nivel de vida adecuado (art. 27, Convenci\u00f3n sobre los Derechos del Ni\u00f1o); 2) el inter\u00e9s superior del ni\u00f1o, ni\u00f1a o adolescente (art. 3 de la CDN): \u201cSer superior es precisamente eso: en el conflicto, priorizar el inter\u00e9s del ni\u00f1o por encima de otros titularizados por personas que destrozan los derechos de la persona vulnerable mediante el incumplimiento de concretas prestaciones a su cargo\u201d.[2]<\/p>\n<p>Conforme manda el art. 553 CCCN, el juez puede imponer al responsable del incumplimiento reiterado de la obligaci\u00f3n alimentaria medidas razonables para asegurar la eficacia de la sentencia.<\/p>\n<p>La aplicaci\u00f3n de sanciones conminatorias queda abierta entonces a la creatividad de los operadores jur\u00eddicos en proponerlas y a la razonabilidad del juez en aplicarlas.<\/p>\n<p>(*) Abogada egresada de la UBA.\u00a0<a href=\"https:\/\/blog-ericaperez.blogspot.com\/\">https:\/\/blog-ericaperez.blogspot.com\/<\/a><\/p>\n<p><strong>Referencias bibliogr\u00e1ficas:<\/strong><\/p>\n<p><strong>\u00a0[1]<\/strong>\u00a0<a href=\"https:\/\/diariofemenino.com.ar\/df\/fallo-se-cobrara-la-cuota-alimentaria-en-la-factura-de-la-luz\/\">https:\/\/diariofemenino.com.ar\/df\/fallo-se-cobrara-la-cuota-alimentaria-en-la-factura-de-la-luz\/<\/a><\/p>\n<p><strong>\u00a0[2]<\/strong> (Kemelmajer de Carlucci, A\u00edda, \u201cComisi\u00f3n N\u00b0 3. Derecho Procesal de Familia. Principios procesales. Informe de la parte especial\u201d, Asociaci\u00f3n Argentina de Derecho Procesal, www.aadproc.org.ar, p. 3, con cita de Peyrano).\u201cR., A. V. c\/ A., A. L. R\u00e9gimen de visita\/alimentos -contencioso.\u201d A\u00f1o 2016.<\/p>\n<p>&nbsp;<\/p>\n","protected":false},"excerpt":{"rendered":"<p>Se establecen medidas Conminatorias sobre el deudor alimentario, embargo sobre cuenta DNI, Inscripci\u00f3n en el Registro de Deudores Alimentarios, tareas comunitarias por parte del demandado, retenci\u00f3n de licencia de conducir, inhabilitaci\u00f3n especial para conducir todo tipo de veh\u00edculos por parte del mencionado y Citaci\u00f3n de los abuelos paternos. Medidas para compeler al deudor alimentario. \u00abV. [&hellip;]<\/p>\n","protected":false},"author":4,"featured_media":67979,"comment_status":"open","ping_status":"open","sticky":false,"template":"","format":"standard","meta":{"iawp_total_views":224,"footnotes":""},"categories":[1067,581,21,23,592],"tags":[397,3561,5144,5416,891,4372,5759,4649,1885,4967,5758],"class_list":["post-67978","post","type-post","status-publish","format-standard","has-post-thumbnail","hentry","category-agenda-feminista","category-azul-profundo","category-noticias","category-salud","category-violencias","tag-derechos","tag-alimentos","tag-comentario-juridico","tag-cuenta-dni","tag-cuota-alimentaria","tag-destacada","tag-embargo","tag-erica-perez","tag-fallo","tag-nnya","tag-valeria-alcain"],"nelio_content":{"autoShareEndMode":"never","automationSources":{"useCustomSentences":false,"customSentences":[]},"efiAlt":"","efiUrl":"","followers":[4],"highlights":[],"isAutoShareEnabled":true,"networkImageIds":[],"permalinkQueryArgs":[],"series":[],"suggestedReferences":[]},"yoast_head":"<!-- This site is optimized with the Yoast SEO plugin v27.5 - https:\/\/yoast.com\/product\/yoast-seo-wordpress\/ -->\n<title>Embargo sobre la cuenta DNI para el cobro de la cuota alimentaria - Diario Digital Femenino<\/title>\n<meta name=\"description\" content=\"Embargo sobre la cuenta DNI. Fallo: se establecen medidas Conminatorias sobre el deudor alimentario, embargo sobre cuenta DNI.\" \/>\n<meta name=\"robots\" content=\"index, follow, max-snippet:-1, max-image-preview:large, max-video-preview:-1\" \/>\n<link rel=\"canonical\" href=\"https:\/\/diariofemenino.com.ar\/df\/embargo-sobre-la-cuenta-dni-para-el-cobro-de-la-cuota-alimentaria\/\" \/>\n<meta property=\"og:locale\" content=\"es_ES\" \/>\n<meta property=\"og:type\" content=\"article\" \/>\n<meta property=\"og:title\" content=\"Embargo sobre la cuenta DNI para el cobro de la cuota alimentaria - Diario Digital Femenino\" \/>\n<meta property=\"og:description\" content=\"Embargo sobre la cuenta DNI. Fallo: se establecen medidas Conminatorias sobre el deudor alimentario, embargo sobre cuenta DNI.\" \/>\n<meta property=\"og:url\" content=\"https:\/\/diariofemenino.com.ar\/df\/embargo-sobre-la-cuenta-dni-para-el-cobro-de-la-cuota-alimentaria\/\" \/>\n<meta property=\"og:site_name\" content=\"Diario Digital Femenino\" \/>\n<meta property=\"article:publisher\" content=\"https:\/\/www.facebook.com\/DiarioDigitaFemenino\/\" \/>\n<meta property=\"article:published_time\" content=\"2023-02-24T12:15:59+00:00\" \/>\n<meta property=\"article:modified_time\" content=\"2023-02-24T12:21:34+00:00\" \/>\n<meta property=\"og:image\" content=\"https:\/\/diariofemenino.com.ar\/df\/wp-content\/uploads\/2023\/02\/358917_grande.jpg\" \/>\n\t<meta property=\"og:image:width\" content=\"967\" \/>\n\t<meta property=\"og:image:height\" content=\"529\" \/>\n\t<meta property=\"og:image:type\" content=\"image\/jpeg\" \/>\n<meta name=\"author\" content=\"Admin\" \/>\n<meta name=\"twitter:card\" content=\"summary_large_image\" \/>\n<meta name=\"twitter:creator\" content=\"@DiarioFemenino1\" \/>\n<meta name=\"twitter:site\" content=\"@DiarioFemenino1\" \/>\n<meta name=\"twitter:label1\" content=\"Escrito por\" \/>\n\t<meta name=\"twitter:data1\" content=\"Admin\" \/>\n\t<meta name=\"twitter:label2\" content=\"Tiempo de lectura\" \/>\n\t<meta name=\"twitter:data2\" content=\"12 minutos\" \/>\n<script type=\"application\/ld+json\" class=\"yoast-schema-graph\">{\"@context\":\"https:\\\/\\\/schema.org\",\"@graph\":[{\"@type\":\"Article\",\"@id\":\"https:\\\/\\\/diariofemenino.com.ar\\\/df\\\/embargo-sobre-la-cuenta-dni-para-el-cobro-de-la-cuota-alimentaria\\\/#article\",\"isPartOf\":{\"@id\":\"https:\\\/\\\/diariofemenino.com.ar\\\/df\\\/embargo-sobre-la-cuenta-dni-para-el-cobro-de-la-cuota-alimentaria\\\/\"},\"author\":{\"name\":\"Admin\",\"@id\":\"https:\\\/\\\/diariofemenino.com.ar\\\/df\\\/#\\\/schema\\\/person\\\/bf6199e8158c657ea6f789b11ec85509\"},\"headline\":\"Embargo sobre la cuenta DNI para el cobro de la cuota alimentaria\",\"datePublished\":\"2023-02-24T12:15:59+00:00\",\"dateModified\":\"2023-02-24T12:21:34+00:00\",\"mainEntityOfPage\":{\"@id\":\"https:\\\/\\\/diariofemenino.com.ar\\\/df\\\/embargo-sobre-la-cuenta-dni-para-el-cobro-de-la-cuota-alimentaria\\\/\"},\"wordCount\":2468,\"commentCount\":0,\"publisher\":{\"@id\":\"https:\\\/\\\/diariofemenino.com.ar\\\/df\\\/#organization\"},\"image\":{\"@id\":\"https:\\\/\\\/diariofemenino.com.ar\\\/df\\\/embargo-sobre-la-cuenta-dni-para-el-cobro-de-la-cuota-alimentaria\\\/#primaryimage\"},\"thumbnailUrl\":\"https:\\\/\\\/diariofemenino.com.ar\\\/df\\\/wp-content\\\/uploads\\\/2023\\\/02\\\/358917_grande.jpg\",\"keywords\":[\"#derechos\",\"Alimentos\",\"Comentario jur\u00eddico\",\"Cuenta DNI\",\"Cuota alimentaria\",\"Destacada\",\"Embargo\",\"Erica P\u00e9rez\",\"Fallo\",\"NNyA\",\"Valeria Alca\u00edn\"],\"articleSection\":[\"Agenda Feminista\",\"Azul Profundo\",\"Noticias\",\"Salud\",\"Violencias\"],\"inLanguage\":\"es\",\"potentialAction\":[{\"@type\":\"CommentAction\",\"name\":\"Comment\",\"target\":[\"https:\\\/\\\/diariofemenino.com.ar\\\/df\\\/embargo-sobre-la-cuenta-dni-para-el-cobro-de-la-cuota-alimentaria\\\/#respond\"]}]},{\"@type\":\"WebPage\",\"@id\":\"https:\\\/\\\/diariofemenino.com.ar\\\/df\\\/embargo-sobre-la-cuenta-dni-para-el-cobro-de-la-cuota-alimentaria\\\/\",\"url\":\"https:\\\/\\\/diariofemenino.com.ar\\\/df\\\/embargo-sobre-la-cuenta-dni-para-el-cobro-de-la-cuota-alimentaria\\\/\",\"name\":\"Embargo sobre la cuenta DNI para el cobro de la cuota alimentaria - Diario Digital Femenino\",\"isPartOf\":{\"@id\":\"https:\\\/\\\/diariofemenino.com.ar\\\/df\\\/#website\"},\"primaryImageOfPage\":{\"@id\":\"https:\\\/\\\/diariofemenino.com.ar\\\/df\\\/embargo-sobre-la-cuenta-dni-para-el-cobro-de-la-cuota-alimentaria\\\/#primaryimage\"},\"image\":{\"@id\":\"https:\\\/\\\/diariofemenino.com.ar\\\/df\\\/embargo-sobre-la-cuenta-dni-para-el-cobro-de-la-cuota-alimentaria\\\/#primaryimage\"},\"thumbnailUrl\":\"https:\\\/\\\/diariofemenino.com.ar\\\/df\\\/wp-content\\\/uploads\\\/2023\\\/02\\\/358917_grande.jpg\",\"datePublished\":\"2023-02-24T12:15:59+00:00\",\"dateModified\":\"2023-02-24T12:21:34+00:00\",\"description\":\"Embargo sobre la cuenta DNI. Fallo: se establecen medidas Conminatorias sobre el deudor alimentario, embargo sobre cuenta DNI.\",\"breadcrumb\":{\"@id\":\"https:\\\/\\\/diariofemenino.com.ar\\\/df\\\/embargo-sobre-la-cuenta-dni-para-el-cobro-de-la-cuota-alimentaria\\\/#breadcrumb\"},\"inLanguage\":\"es\",\"potentialAction\":[{\"@type\":\"ReadAction\",\"target\":[\"https:\\\/\\\/diariofemenino.com.ar\\\/df\\\/embargo-sobre-la-cuenta-dni-para-el-cobro-de-la-cuota-alimentaria\\\/\"]}]},{\"@type\":\"ImageObject\",\"inLanguage\":\"es\",\"@id\":\"https:\\\/\\\/diariofemenino.com.ar\\\/df\\\/embargo-sobre-la-cuenta-dni-para-el-cobro-de-la-cuota-alimentaria\\\/#primaryimage\",\"url\":\"https:\\\/\\\/diariofemenino.com.ar\\\/df\\\/wp-content\\\/uploads\\\/2023\\\/02\\\/358917_grande.jpg\",\"contentUrl\":\"https:\\\/\\\/diariofemenino.com.ar\\\/df\\\/wp-content\\\/uploads\\\/2023\\\/02\\\/358917_grande.jpg\",\"width\":967,\"height\":529,\"caption\":\"Embargo sobre la cuenta DNI para el cobro de la cuota alimentaria\"},{\"@type\":\"BreadcrumbList\",\"@id\":\"https:\\\/\\\/diariofemenino.com.ar\\\/df\\\/embargo-sobre-la-cuenta-dni-para-el-cobro-de-la-cuota-alimentaria\\\/#breadcrumb\",\"itemListElement\":[{\"@type\":\"ListItem\",\"position\":1,\"name\":\"Portada\",\"item\":\"https:\\\/\\\/diariofemenino.com.ar\\\/df\\\/\"},{\"@type\":\"ListItem\",\"position\":2,\"name\":\"Embargo sobre la cuenta DNI para el cobro de la cuota alimentaria\"}]},{\"@type\":\"WebSite\",\"@id\":\"https:\\\/\\\/diariofemenino.com.ar\\\/df\\\/#website\",\"url\":\"https:\\\/\\\/diariofemenino.com.ar\\\/df\\\/\",\"name\":\"Diario Digital Femenino\",\"description\":\"Cuesti\u00f3n de G\u00e9nero\",\"publisher\":{\"@id\":\"https:\\\/\\\/diariofemenino.com.ar\\\/df\\\/#organization\"},\"potentialAction\":[{\"@type\":\"SearchAction\",\"target\":{\"@type\":\"EntryPoint\",\"urlTemplate\":\"https:\\\/\\\/diariofemenino.com.ar\\\/df\\\/?s={search_term_string}\"},\"query-input\":{\"@type\":\"PropertyValueSpecification\",\"valueRequired\":true,\"valueName\":\"search_term_string\"}}],\"inLanguage\":\"es\"},{\"@type\":\"Organization\",\"@id\":\"https:\\\/\\\/diariofemenino.com.ar\\\/df\\\/#organization\",\"name\":\"Diario Femenino\",\"url\":\"https:\\\/\\\/diariofemenino.com.ar\\\/df\\\/\",\"logo\":{\"@type\":\"ImageObject\",\"inLanguage\":\"es\",\"@id\":\"https:\\\/\\\/diariofemenino.com.ar\\\/df\\\/#\\\/schema\\\/logo\\\/image\\\/\",\"url\":\"https:\\\/\\\/diariofemenino.com.ar\\\/df\\\/wp-content\\\/uploads\\\/2018\\\/10\\\/logo.png\",\"contentUrl\":\"https:\\\/\\\/diariofemenino.com.ar\\\/df\\\/wp-content\\\/uploads\\\/2018\\\/10\\\/logo.png\",\"width\":500,\"height\":92,\"caption\":\"Diario Femenino\"},\"image\":{\"@id\":\"https:\\\/\\\/diariofemenino.com.ar\\\/df\\\/#\\\/schema\\\/logo\\\/image\\\/\"},\"sameAs\":[\"https:\\\/\\\/www.facebook.com\\\/DiarioDigitaFemenino\\\/\",\"https:\\\/\\\/x.com\\\/DiarioFemenino1\"]},{\"@type\":\"Person\",\"@id\":\"https:\\\/\\\/diariofemenino.com.ar\\\/df\\\/#\\\/schema\\\/person\\\/bf6199e8158c657ea6f789b11ec85509\",\"name\":\"Admin\",\"image\":{\"@type\":\"ImageObject\",\"inLanguage\":\"es\",\"@id\":\"https:\\\/\\\/diariofemenino.com.ar\\\/df\\\/wp-content\\\/uploads\\\/2018\\\/12\\\/favicon-150x150.jpg\",\"url\":\"https:\\\/\\\/diariofemenino.com.ar\\\/df\\\/wp-content\\\/uploads\\\/2018\\\/12\\\/favicon-150x150.jpg\",\"contentUrl\":\"https:\\\/\\\/diariofemenino.com.ar\\\/df\\\/wp-content\\\/uploads\\\/2018\\\/12\\\/favicon-150x150.jpg\",\"caption\":\"Admin\"},\"url\":\"https:\\\/\\\/diariofemenino.com.ar\\\/df\\\/author\\\/lenny\\\/\"}]}<\/script>\n<!-- \/ Yoast SEO plugin. -->","yoast_head_json":{"title":"Embargo sobre la cuenta DNI para el cobro de la cuota alimentaria - Diario Digital Femenino","description":"Embargo sobre la cuenta DNI. Fallo: se establecen medidas Conminatorias sobre el deudor alimentario, embargo sobre cuenta DNI.","robots":{"index":"index","follow":"follow","max-snippet":"max-snippet:-1","max-image-preview":"max-image-preview:large","max-video-preview":"max-video-preview:-1"},"canonical":"https:\/\/diariofemenino.com.ar\/df\/embargo-sobre-la-cuenta-dni-para-el-cobro-de-la-cuota-alimentaria\/","og_locale":"es_ES","og_type":"article","og_title":"Embargo sobre la cuenta DNI para el cobro de la cuota alimentaria - Diario Digital Femenino","og_description":"Embargo sobre la cuenta DNI. Fallo: se establecen medidas Conminatorias sobre el deudor alimentario, embargo sobre cuenta DNI.","og_url":"https:\/\/diariofemenino.com.ar\/df\/embargo-sobre-la-cuenta-dni-para-el-cobro-de-la-cuota-alimentaria\/","og_site_name":"Diario Digital Femenino","article_publisher":"https:\/\/www.facebook.com\/DiarioDigitaFemenino\/","article_published_time":"2023-02-24T12:15:59+00:00","article_modified_time":"2023-02-24T12:21:34+00:00","og_image":[{"width":967,"height":529,"url":"https:\/\/diariofemenino.com.ar\/df\/wp-content\/uploads\/2023\/02\/358917_grande.jpg","type":"image\/jpeg"}],"author":"Admin","twitter_card":"summary_large_image","twitter_creator":"@DiarioFemenino1","twitter_site":"@DiarioFemenino1","twitter_misc":{"Escrito por":"Admin","Tiempo de lectura":"12 minutos"},"schema":{"@context":"https:\/\/schema.org","@graph":[{"@type":"Article","@id":"https:\/\/diariofemenino.com.ar\/df\/embargo-sobre-la-cuenta-dni-para-el-cobro-de-la-cuota-alimentaria\/#article","isPartOf":{"@id":"https:\/\/diariofemenino.com.ar\/df\/embargo-sobre-la-cuenta-dni-para-el-cobro-de-la-cuota-alimentaria\/"},"author":{"name":"Admin","@id":"https:\/\/diariofemenino.com.ar\/df\/#\/schema\/person\/bf6199e8158c657ea6f789b11ec85509"},"headline":"Embargo sobre la cuenta DNI para el cobro de la cuota alimentaria","datePublished":"2023-02-24T12:15:59+00:00","dateModified":"2023-02-24T12:21:34+00:00","mainEntityOfPage":{"@id":"https:\/\/diariofemenino.com.ar\/df\/embargo-sobre-la-cuenta-dni-para-el-cobro-de-la-cuota-alimentaria\/"},"wordCount":2468,"commentCount":0,"publisher":{"@id":"https:\/\/diariofemenino.com.ar\/df\/#organization"},"image":{"@id":"https:\/\/diariofemenino.com.ar\/df\/embargo-sobre-la-cuenta-dni-para-el-cobro-de-la-cuota-alimentaria\/#primaryimage"},"thumbnailUrl":"https:\/\/diariofemenino.com.ar\/df\/wp-content\/uploads\/2023\/02\/358917_grande.jpg","keywords":["#derechos","Alimentos","Comentario jur\u00eddico","Cuenta DNI","Cuota alimentaria","Destacada","Embargo","Erica P\u00e9rez","Fallo","NNyA","Valeria Alca\u00edn"],"articleSection":["Agenda Feminista","Azul Profundo","Noticias","Salud","Violencias"],"inLanguage":"es","potentialAction":[{"@type":"CommentAction","name":"Comment","target":["https:\/\/diariofemenino.com.ar\/df\/embargo-sobre-la-cuenta-dni-para-el-cobro-de-la-cuota-alimentaria\/#respond"]}]},{"@type":"WebPage","@id":"https:\/\/diariofemenino.com.ar\/df\/embargo-sobre-la-cuenta-dni-para-el-cobro-de-la-cuota-alimentaria\/","url":"https:\/\/diariofemenino.com.ar\/df\/embargo-sobre-la-cuenta-dni-para-el-cobro-de-la-cuota-alimentaria\/","name":"Embargo sobre la cuenta DNI para el cobro de la cuota alimentaria - Diario Digital Femenino","isPartOf":{"@id":"https:\/\/diariofemenino.com.ar\/df\/#website"},"primaryImageOfPage":{"@id":"https:\/\/diariofemenino.com.ar\/df\/embargo-sobre-la-cuenta-dni-para-el-cobro-de-la-cuota-alimentaria\/#primaryimage"},"image":{"@id":"https:\/\/diariofemenino.com.ar\/df\/embargo-sobre-la-cuenta-dni-para-el-cobro-de-la-cuota-alimentaria\/#primaryimage"},"thumbnailUrl":"https:\/\/diariofemenino.com.ar\/df\/wp-content\/uploads\/2023\/02\/358917_grande.jpg","datePublished":"2023-02-24T12:15:59+00:00","dateModified":"2023-02-24T12:21:34+00:00","description":"Embargo sobre la cuenta DNI. Fallo: se establecen medidas Conminatorias sobre el deudor alimentario, embargo sobre cuenta DNI.","breadcrumb":{"@id":"https:\/\/diariofemenino.com.ar\/df\/embargo-sobre-la-cuenta-dni-para-el-cobro-de-la-cuota-alimentaria\/#breadcrumb"},"inLanguage":"es","potentialAction":[{"@type":"ReadAction","target":["https:\/\/diariofemenino.com.ar\/df\/embargo-sobre-la-cuenta-dni-para-el-cobro-de-la-cuota-alimentaria\/"]}]},{"@type":"ImageObject","inLanguage":"es","@id":"https:\/\/diariofemenino.com.ar\/df\/embargo-sobre-la-cuenta-dni-para-el-cobro-de-la-cuota-alimentaria\/#primaryimage","url":"https:\/\/diariofemenino.com.ar\/df\/wp-content\/uploads\/2023\/02\/358917_grande.jpg","contentUrl":"https:\/\/diariofemenino.com.ar\/df\/wp-content\/uploads\/2023\/02\/358917_grande.jpg","width":967,"height":529,"caption":"Embargo sobre la cuenta DNI para el cobro de la cuota alimentaria"},{"@type":"BreadcrumbList","@id":"https:\/\/diariofemenino.com.ar\/df\/embargo-sobre-la-cuenta-dni-para-el-cobro-de-la-cuota-alimentaria\/#breadcrumb","itemListElement":[{"@type":"ListItem","position":1,"name":"Portada","item":"https:\/\/diariofemenino.com.ar\/df\/"},{"@type":"ListItem","position":2,"name":"Embargo sobre la cuenta DNI para el cobro de la cuota alimentaria"}]},{"@type":"WebSite","@id":"https:\/\/diariofemenino.com.ar\/df\/#website","url":"https:\/\/diariofemenino.com.ar\/df\/","name":"Diario Digital Femenino","description":"Cuesti\u00f3n de G\u00e9nero","publisher":{"@id":"https:\/\/diariofemenino.com.ar\/df\/#organization"},"potentialAction":[{"@type":"SearchAction","target":{"@type":"EntryPoint","urlTemplate":"https:\/\/diariofemenino.com.ar\/df\/?s={search_term_string}"},"query-input":{"@type":"PropertyValueSpecification","valueRequired":true,"valueName":"search_term_string"}}],"inLanguage":"es"},{"@type":"Organization","@id":"https:\/\/diariofemenino.com.ar\/df\/#organization","name":"Diario Femenino","url":"https:\/\/diariofemenino.com.ar\/df\/","logo":{"@type":"ImageObject","inLanguage":"es","@id":"https:\/\/diariofemenino.com.ar\/df\/#\/schema\/logo\/image\/","url":"https:\/\/diariofemenino.com.ar\/df\/wp-content\/uploads\/2018\/10\/logo.png","contentUrl":"https:\/\/diariofemenino.com.ar\/df\/wp-content\/uploads\/2018\/10\/logo.png","width":500,"height":92,"caption":"Diario Femenino"},"image":{"@id":"https:\/\/diariofemenino.com.ar\/df\/#\/schema\/logo\/image\/"},"sameAs":["https:\/\/www.facebook.com\/DiarioDigitaFemenino\/","https:\/\/x.com\/DiarioFemenino1"]},{"@type":"Person","@id":"https:\/\/diariofemenino.com.ar\/df\/#\/schema\/person\/bf6199e8158c657ea6f789b11ec85509","name":"Admin","image":{"@type":"ImageObject","inLanguage":"es","@id":"https:\/\/diariofemenino.com.ar\/df\/wp-content\/uploads\/2018\/12\/favicon-150x150.jpg","url":"https:\/\/diariofemenino.com.ar\/df\/wp-content\/uploads\/2018\/12\/favicon-150x150.jpg","contentUrl":"https:\/\/diariofemenino.com.ar\/df\/wp-content\/uploads\/2018\/12\/favicon-150x150.jpg","caption":"Admin"},"url":"https:\/\/diariofemenino.com.ar\/df\/author\/lenny\/"}]}},"jetpack_featured_media_url":"https:\/\/diariofemenino.com.ar\/df\/wp-content\/uploads\/2023\/02\/358917_grande.jpg","jetpack_sharing_enabled":true,"rttpg_featured_image_url":{"full":["https:\/\/diariofemenino.com.ar\/df\/wp-content\/uploads\/2023\/02\/358917_grande.jpg",967,529,false],"landscape":["https:\/\/diariofemenino.com.ar\/df\/wp-content\/uploads\/2023\/02\/358917_grande.jpg",967,529,false],"portraits":["https:\/\/diariofemenino.com.ar\/df\/wp-content\/uploads\/2023\/02\/358917_grande.jpg",967,529,false],"thumbnail":["https:\/\/diariofemenino.com.ar\/df\/wp-content\/uploads\/2023\/02\/358917_grande-150x150.jpg",150,150,true],"medium":["https:\/\/diariofemenino.com.ar\/df\/wp-content\/uploads\/2023\/02\/358917_grande-300x164.jpg",300,164,true],"large":["https:\/\/diariofemenino.com.ar\/df\/wp-content\/uploads\/2023\/02\/358917_grande.jpg",967,529,false],"1536x1536":["https:\/\/diariofemenino.com.ar\/df\/wp-content\/uploads\/2023\/02\/358917_grande.jpg",967,529,false],"2048x2048":["https:\/\/diariofemenino.com.ar\/df\/wp-content\/uploads\/2023\/02\/358917_grande.jpg",967,529,false]},"rttpg_author":{"display_name":"Admin","author_link":"https:\/\/diariofemenino.com.ar\/df\/author\/lenny\/"},"rttpg_comment":0,"rttpg_category":"<a href=\"https:\/\/diariofemenino.com.ar\/df\/category\/agenda-feminista\/\" rel=\"category tag\">Agenda Feminista<\/a> <a href=\"https:\/\/diariofemenino.com.ar\/df\/category\/azul-profundo\/\" rel=\"category tag\">Azul Profundo<\/a> <a href=\"https:\/\/diariofemenino.com.ar\/df\/category\/noticias\/\" rel=\"category tag\">Noticias<\/a> <a href=\"https:\/\/diariofemenino.com.ar\/df\/category\/salud\/\" rel=\"category tag\">Salud<\/a> <a href=\"https:\/\/diariofemenino.com.ar\/df\/category\/violencias\/\" rel=\"category tag\">Violencias<\/a>","rttpg_excerpt":"Se establecen medidas Conminatorias sobre el deudor alimentario, embargo sobre cuenta DNI, Inscripci\u00f3n en el Registro de Deudores Alimentarios, tareas comunitarias por parte del demandado, retenci\u00f3n de licencia de conducir, inhabilitaci\u00f3n especial para conducir todo tipo de veh\u00edculos por parte del mencionado y Citaci\u00f3n de los abuelos paternos. Medidas para compeler al deudor alimentario. \u00abV.&hellip;","_links":{"self":[{"href":"https:\/\/diariofemenino.com.ar\/df\/wp-json\/wp\/v2\/posts\/67978","targetHints":{"allow":["GET"]}}],"collection":[{"href":"https:\/\/diariofemenino.com.ar\/df\/wp-json\/wp\/v2\/posts"}],"about":[{"href":"https:\/\/diariofemenino.com.ar\/df\/wp-json\/wp\/v2\/types\/post"}],"author":[{"embeddable":true,"href":"https:\/\/diariofemenino.com.ar\/df\/wp-json\/wp\/v2\/users\/4"}],"replies":[{"embeddable":true,"href":"https:\/\/diariofemenino.com.ar\/df\/wp-json\/wp\/v2\/comments?post=67978"}],"version-history":[{"count":0,"href":"https:\/\/diariofemenino.com.ar\/df\/wp-json\/wp\/v2\/posts\/67978\/revisions"}],"wp:featuredmedia":[{"embeddable":true,"href":"https:\/\/diariofemenino.com.ar\/df\/wp-json\/wp\/v2\/media\/67979"}],"wp:attachment":[{"href":"https:\/\/diariofemenino.com.ar\/df\/wp-json\/wp\/v2\/media?parent=67978"}],"wp:term":[{"taxonomy":"category","embeddable":true,"href":"https:\/\/diariofemenino.com.ar\/df\/wp-json\/wp\/v2\/categories?post=67978"},{"taxonomy":"post_tag","embeddable":true,"href":"https:\/\/diariofemenino.com.ar\/df\/wp-json\/wp\/v2\/tags?post=67978"}],"curies":[{"name":"wp","href":"https:\/\/api.w.org\/{rel}","templated":true}]}}