{"id":67975,"date":"2023-02-24T08:00:48","date_gmt":"2023-02-24T11:00:48","guid":{"rendered":"https:\/\/diariofemenino.com.ar\/df\/?p=67975"},"modified":"2023-02-24T08:00:48","modified_gmt":"2023-02-24T11:00:48","slug":"primer-encuentro-de-cooperativas-de-trabajo","status":"publish","type":"post","link":"https:\/\/diariofemenino.com.ar\/df\/primer-encuentro-de-cooperativas-de-trabajo\/","title":{"rendered":"Primer Encuentro de Cooperativas de Trabajo"},"content":{"rendered":"<p>El s\u00e1bado 4 de marzo, desde las 9:00 horas en el Sipren\u00a0(Yrigoyen 469 &#8211; Santa Rosa) se realizar\u00e1 el Primer Encuentro Provincial de Cooperativas de Trabajo en La Pampa. El espacio contar\u00e1 con la presencia del presidente del Instituto Nacional de Asociativismo y Econom\u00eda Social, Alexandre Roig, quien ser\u00e1 el encargado de abrir el Encuentro.<\/p>\n<p>El objetivo principal es generar los debates necesarios entre las entidades solidarias a fin de idear diversas pol\u00edticas p\u00fablicas que desarrollen, fomenten y sostengan al sector del cooperativismo de trabajo en la provincia. Este tipo de cooperativas ha crecido fuertemente en los \u00faltimos a\u00f1os creando puestos de trabajo genuinos y aportando al desarrollo social, cultural y econ\u00f3mico de la provincia.<\/p>\n<p>Las y los cooperativistas de trabajo que deseen participar del Primer Encuentro deber\u00e1n inscribirse en el siguiente link <a href=\"https:\/\/docs.google.com\/forms\/d\/e\/1FAIpQLSfhJ_YLCVChtUGd06ayvcmwnjH_Lidd5FBzG0L5_m75YKNisg\/viewform?vc=0&amp;c=0&amp;w=1&amp;flr=0\">https:\/\/docs.google.com\/forms\/d\/e\/1FAIpQLSfhJ_YLCVChtUGd06ayvcmwnjH_Lidd5FBzG0L5_m75YKNisg\/viewform?vc=0&amp;c=0&amp;w=1&amp;flr=0<\/a><\/p>\n<p>Hay tiempo hasta el 3 de marzo y se entregar\u00e1n certificados de participaci\u00f3n. El espacio de debate y dise\u00f1o de pol\u00edticas p\u00fablicas ser\u00e1 cerrado por el subsecretario de Cooperativas y Mutuales de La Pampa, Fabi\u00e1n Bruna, el director de Econom\u00eda Popular de la Municipalidad de Santa Rosa, Federico Ignaszewski y la delegada local de INAES, Elena Gonz\u00e1lez.<\/p>\n<p>Al cierre se compartir\u00e1 un almuerzo de camarader\u00eda entre quienes asistan.<\/p>\n<figure id=\"attachment_67976\" aria-describedby=\"caption-attachment-67976\" style=\"width: 1024px\" class=\"wp-caption aligncenter\"><img loading=\"lazy\" decoding=\"async\" class=\"size-large wp-image-67976\" src=\"https:\/\/diariofemenino.com.ar\/df\/wp-content\/uploads\/2023\/02\/PRIMER-ENCUENTRO-DE-COOPES-DE-TRABAJO-1024x588.jpeg\" alt=\"Primer Encuentro de Cooperativas de Trabajo\" width=\"1024\" height=\"588\" srcset=\"https:\/\/diariofemenino.com.ar\/df\/wp-content\/uploads\/2023\/02\/PRIMER-ENCUENTRO-DE-COOPES-DE-TRABAJO-1024x588.jpeg 1024w, https:\/\/diariofemenino.com.ar\/df\/wp-content\/uploads\/2023\/02\/PRIMER-ENCUENTRO-DE-COOPES-DE-TRABAJO-300x172.jpeg 300w, https:\/\/diariofemenino.com.ar\/df\/wp-content\/uploads\/2023\/02\/PRIMER-ENCUENTRO-DE-COOPES-DE-TRABAJO-768x441.jpeg 768w, https:\/\/diariofemenino.com.ar\/df\/wp-content\/uploads\/2023\/02\/PRIMER-ENCUENTRO-DE-COOPES-DE-TRABAJO.jpeg 1080w\" sizes=\"auto, (max-width: 1024px) 100vw, 1024px\" \/><figcaption id=\"caption-attachment-67976\" class=\"wp-caption-text\">Primer Encuentro de Cooperativas de Trabajo<\/figcaption><\/figure>\n","protected":false},"excerpt":{"rendered":"<p>El s\u00e1bado 4 de marzo, desde las 9:00 horas en el Sipren\u00a0(Yrigoyen 469 &#8211; Santa Rosa) se realizar\u00e1 el Primer Encuentro Provincial de Cooperativas de Trabajo en La Pampa. El espacio contar\u00e1 con la presencia del presidente del Instituto Nacional de Asociativismo y Econom\u00eda Social, Alexandre Roig, quien ser\u00e1 el encargado de abrir el Encuentro. [&hellip;]<\/p>\n","protected":false},"author":4,"featured_media":67976,"comment_status":"open","ping_status":"open","sticky":false,"template":"","format":"standard","meta":{"iawp_total_views":4,"footnotes":""},"categories":[7,4,21],"tags":[],"class_list":["post-67975","post","type-post","status-publish","format-standard","has-post-thumbnail","hentry","category-actividades","category-medios","category-noticias"],"nelio_content":{"autoShareEndMode":"never","automationSources":{"useCustomSentences":false,"customSentences":[]},"efiAlt":"","efiUrl":"","followers":[4],"highlights":[],"isAutoShareEnabled":true,"networkImageIds":[],"permalinkQueryArgs":[],"series":[],"suggestedReferences":[]},"yoast_head":"<!-- This site is optimized with the Yoast SEO plugin v27.5 - https:\/\/yoast.com\/product\/yoast-seo-wordpress\/ -->\n<title>Primer Encuentro de Cooperativas de Trabajo - Diario Digital Femenino<\/title>\n<meta name=\"description\" content=\"Primer Encuentro. El s\u00e1bado 4 de marzo, desde las 9:00 horas se realizar\u00e1 el Primer Encuentro Provincial de Cooperativas de Trabajo en La Pampa.\" \/>\n<meta name=\"robots\" content=\"index, follow, max-snippet:-1, max-image-preview:large, max-video-preview:-1\" \/>\n<link rel=\"canonical\" href=\"https:\/\/diariofemenino.com.ar\/df\/primer-encuentro-de-cooperativas-de-trabajo\/\" \/>\n<meta property=\"og:locale\" content=\"es_ES\" \/>\n<meta property=\"og:type\" content=\"article\" \/>\n<meta property=\"og:title\" content=\"Primer Encuentro de Cooperativas de Trabajo - Diario Digital Femenino\" \/>\n<meta property=\"og:description\" content=\"Primer Encuentro. El s\u00e1bado 4 de marzo, desde las 9:00 horas se realizar\u00e1 el Primer Encuentro Provincial de Cooperativas de Trabajo en La Pampa.\" \/>\n<meta property=\"og:url\" content=\"https:\/\/diariofemenino.com.ar\/df\/primer-encuentro-de-cooperativas-de-trabajo\/\" \/>\n<meta property=\"og:site_name\" content=\"Diario Digital Femenino\" \/>\n<meta property=\"article:publisher\" content=\"https:\/\/www.facebook.com\/DiarioDigitaFemenino\/\" \/>\n<meta property=\"article:published_time\" content=\"2023-02-24T11:00:48+00:00\" \/>\n<meta property=\"og:image\" content=\"https:\/\/diariofemenino.com.ar\/df\/wp-content\/uploads\/2023\/02\/PRIMER-ENCUENTRO-DE-COOPES-DE-TRABAJO.jpeg\" \/>\n\t<meta property=\"og:image:width\" content=\"1080\" \/>\n\t<meta property=\"og:image:height\" content=\"620\" \/>\n\t<meta property=\"og:image:type\" content=\"image\/jpeg\" \/>\n<meta name=\"author\" content=\"Admin\" \/>\n<meta name=\"twitter:card\" content=\"summary_large_image\" \/>\n<meta name=\"twitter:creator\" content=\"@DiarioFemenino1\" \/>\n<meta name=\"twitter:site\" content=\"@DiarioFemenino1\" \/>\n<meta name=\"twitter:label1\" content=\"Escrito por\" \/>\n\t<meta name=\"twitter:data1\" content=\"Admin\" \/>\n\t<meta name=\"twitter:label2\" content=\"Tiempo de lectura\" \/>\n\t<meta name=\"twitter:data2\" content=\"1 minuto\" \/>\n<script type=\"application\/ld+json\" class=\"yoast-schema-graph\">{\"@context\":\"https:\\\/\\\/schema.org\",\"@graph\":[{\"@type\":\"Article\",\"@id\":\"https:\\\/\\\/diariofemenino.com.ar\\\/df\\\/primer-encuentro-de-cooperativas-de-trabajo\\\/#article\",\"isPartOf\":{\"@id\":\"https:\\\/\\\/diariofemenino.com.ar\\\/df\\\/primer-encuentro-de-cooperativas-de-trabajo\\\/\"},\"author\":{\"name\":\"Admin\",\"@id\":\"https:\\\/\\\/diariofemenino.com.ar\\\/df\\\/#\\\/schema\\\/person\\\/bf6199e8158c657ea6f789b11ec85509\"},\"headline\":\"Primer Encuentro de Cooperativas de Trabajo\",\"datePublished\":\"2023-02-24T11:00:48+00:00\",\"mainEntityOfPage\":{\"@id\":\"https:\\\/\\\/diariofemenino.com.ar\\\/df\\\/primer-encuentro-de-cooperativas-de-trabajo\\\/\"},\"wordCount\":256,\"commentCount\":0,\"publisher\":{\"@id\":\"https:\\\/\\\/diariofemenino.com.ar\\\/df\\\/#organization\"},\"image\":{\"@id\":\"https:\\\/\\\/diariofemenino.com.ar\\\/df\\\/primer-encuentro-de-cooperativas-de-trabajo\\\/#primaryimage\"},\"thumbnailUrl\":\"https:\\\/\\\/diariofemenino.com.ar\\\/df\\\/wp-content\\\/uploads\\\/2023\\\/02\\\/PRIMER-ENCUENTRO-DE-COOPES-DE-TRABAJO.jpeg\",\"articleSection\":[\"Actividades\",\"Medios\",\"Noticias\"],\"inLanguage\":\"es\",\"potentialAction\":[{\"@type\":\"CommentAction\",\"name\":\"Comment\",\"target\":[\"https:\\\/\\\/diariofemenino.com.ar\\\/df\\\/primer-encuentro-de-cooperativas-de-trabajo\\\/#respond\"]}]},{\"@type\":\"WebPage\",\"@id\":\"https:\\\/\\\/diariofemenino.com.ar\\\/df\\\/primer-encuentro-de-cooperativas-de-trabajo\\\/\",\"url\":\"https:\\\/\\\/diariofemenino.com.ar\\\/df\\\/primer-encuentro-de-cooperativas-de-trabajo\\\/\",\"name\":\"Primer Encuentro de Cooperativas de Trabajo - Diario Digital Femenino\",\"isPartOf\":{\"@id\":\"https:\\\/\\\/diariofemenino.com.ar\\\/df\\\/#website\"},\"primaryImageOfPage\":{\"@id\":\"https:\\\/\\\/diariofemenino.com.ar\\\/df\\\/primer-encuentro-de-cooperativas-de-trabajo\\\/#primaryimage\"},\"image\":{\"@id\":\"https:\\\/\\\/diariofemenino.com.ar\\\/df\\\/primer-encuentro-de-cooperativas-de-trabajo\\\/#primaryimage\"},\"thumbnailUrl\":\"https:\\\/\\\/diariofemenino.com.ar\\\/df\\\/wp-content\\\/uploads\\\/2023\\\/02\\\/PRIMER-ENCUENTRO-DE-COOPES-DE-TRABAJO.jpeg\",\"datePublished\":\"2023-02-24T11:00:48+00:00\",\"description\":\"Primer Encuentro. El s\u00e1bado 4 de marzo, desde las 9:00 horas se realizar\u00e1 el Primer Encuentro Provincial de Cooperativas de Trabajo en La Pampa.\",\"breadcrumb\":{\"@id\":\"https:\\\/\\\/diariofemenino.com.ar\\\/df\\\/primer-encuentro-de-cooperativas-de-trabajo\\\/#breadcrumb\"},\"inLanguage\":\"es\",\"potentialAction\":[{\"@type\":\"ReadAction\",\"target\":[\"https:\\\/\\\/diariofemenino.com.ar\\\/df\\\/primer-encuentro-de-cooperativas-de-trabajo\\\/\"]}]},{\"@type\":\"ImageObject\",\"inLanguage\":\"es\",\"@id\":\"https:\\\/\\\/diariofemenino.com.ar\\\/df\\\/primer-encuentro-de-cooperativas-de-trabajo\\\/#primaryimage\",\"url\":\"https:\\\/\\\/diariofemenino.com.ar\\\/df\\\/wp-content\\\/uploads\\\/2023\\\/02\\\/PRIMER-ENCUENTRO-DE-COOPES-DE-TRABAJO.jpeg\",\"contentUrl\":\"https:\\\/\\\/diariofemenino.com.ar\\\/df\\\/wp-content\\\/uploads\\\/2023\\\/02\\\/PRIMER-ENCUENTRO-DE-COOPES-DE-TRABAJO.jpeg\",\"width\":1080,\"height\":620,\"caption\":\"Primer Encuentro de Cooperativas de Trabajo\"},{\"@type\":\"BreadcrumbList\",\"@id\":\"https:\\\/\\\/diariofemenino.com.ar\\\/df\\\/primer-encuentro-de-cooperativas-de-trabajo\\\/#breadcrumb\",\"itemListElement\":[{\"@type\":\"ListItem\",\"position\":1,\"name\":\"Portada\",\"item\":\"https:\\\/\\\/diariofemenino.com.ar\\\/df\\\/\"},{\"@type\":\"ListItem\",\"position\":2,\"name\":\"Primer Encuentro de Cooperativas de Trabajo\"}]},{\"@type\":\"WebSite\",\"@id\":\"https:\\\/\\\/diariofemenino.com.ar\\\/df\\\/#website\",\"url\":\"https:\\\/\\\/diariofemenino.com.ar\\\/df\\\/\",\"name\":\"Diario Digital Femenino\",\"description\":\"Cuesti\u00f3n de G\u00e9nero\",\"publisher\":{\"@id\":\"https:\\\/\\\/diariofemenino.com.ar\\\/df\\\/#organization\"},\"potentialAction\":[{\"@type\":\"SearchAction\",\"target\":{\"@type\":\"EntryPoint\",\"urlTemplate\":\"https:\\\/\\\/diariofemenino.com.ar\\\/df\\\/?s={search_term_string}\"},\"query-input\":{\"@type\":\"PropertyValueSpecification\",\"valueRequired\":true,\"valueName\":\"search_term_string\"}}],\"inLanguage\":\"es\"},{\"@type\":\"Organization\",\"@id\":\"https:\\\/\\\/diariofemenino.com.ar\\\/df\\\/#organization\",\"name\":\"Diario Femenino\",\"url\":\"https:\\\/\\\/diariofemenino.com.ar\\\/df\\\/\",\"logo\":{\"@type\":\"ImageObject\",\"inLanguage\":\"es\",\"@id\":\"https:\\\/\\\/diariofemenino.com.ar\\\/df\\\/#\\\/schema\\\/logo\\\/image\\\/\",\"url\":\"https:\\\/\\\/diariofemenino.com.ar\\\/df\\\/wp-content\\\/uploads\\\/2018\\\/10\\\/logo.png\",\"contentUrl\":\"https:\\\/\\\/diariofemenino.com.ar\\\/df\\\/wp-content\\\/uploads\\\/2018\\\/10\\\/logo.png\",\"width\":500,\"height\":92,\"caption\":\"Diario Femenino\"},\"image\":{\"@id\":\"https:\\\/\\\/diariofemenino.com.ar\\\/df\\\/#\\\/schema\\\/logo\\\/image\\\/\"},\"sameAs\":[\"https:\\\/\\\/www.facebook.com\\\/DiarioDigitaFemenino\\\/\",\"https:\\\/\\\/x.com\\\/DiarioFemenino1\"]},{\"@type\":\"Person\",\"@id\":\"https:\\\/\\\/diariofemenino.com.ar\\\/df\\\/#\\\/schema\\\/person\\\/bf6199e8158c657ea6f789b11ec85509\",\"name\":\"Admin\",\"image\":{\"@type\":\"ImageObject\",\"inLanguage\":\"es\",\"@id\":\"https:\\\/\\\/diariofemenino.com.ar\\\/df\\\/wp-content\\\/uploads\\\/2018\\\/12\\\/favicon-150x150.jpg\",\"url\":\"https:\\\/\\\/diariofemenino.com.ar\\\/df\\\/wp-content\\\/uploads\\\/2018\\\/12\\\/favicon-150x150.jpg\",\"contentUrl\":\"https:\\\/\\\/diariofemenino.com.ar\\\/df\\\/wp-content\\\/uploads\\\/2018\\\/12\\\/favicon-150x150.jpg\",\"caption\":\"Admin\"},\"url\":\"https:\\\/\\\/diariofemenino.com.ar\\\/df\\\/author\\\/lenny\\\/\"}]}<\/script>\n<!-- \/ Yoast SEO plugin. -->","yoast_head_json":{"title":"Primer Encuentro de Cooperativas de Trabajo - Diario Digital Femenino","description":"Primer Encuentro. El s\u00e1bado 4 de marzo, desde las 9:00 horas se realizar\u00e1 el Primer Encuentro Provincial de Cooperativas de Trabajo en La Pampa.","robots":{"index":"index","follow":"follow","max-snippet":"max-snippet:-1","max-image-preview":"max-image-preview:large","max-video-preview":"max-video-preview:-1"},"canonical":"https:\/\/diariofemenino.com.ar\/df\/primer-encuentro-de-cooperativas-de-trabajo\/","og_locale":"es_ES","og_type":"article","og_title":"Primer Encuentro de Cooperativas de Trabajo - Diario Digital Femenino","og_description":"Primer Encuentro. El s\u00e1bado 4 de marzo, desde las 9:00 horas se realizar\u00e1 el Primer Encuentro Provincial de Cooperativas de Trabajo en La Pampa.","og_url":"https:\/\/diariofemenino.com.ar\/df\/primer-encuentro-de-cooperativas-de-trabajo\/","og_site_name":"Diario Digital Femenino","article_publisher":"https:\/\/www.facebook.com\/DiarioDigitaFemenino\/","article_published_time":"2023-02-24T11:00:48+00:00","og_image":[{"width":1080,"height":620,"url":"https:\/\/diariofemenino.com.ar\/df\/wp-content\/uploads\/2023\/02\/PRIMER-ENCUENTRO-DE-COOPES-DE-TRABAJO.jpeg","type":"image\/jpeg"}],"author":"Admin","twitter_card":"summary_large_image","twitter_creator":"@DiarioFemenino1","twitter_site":"@DiarioFemenino1","twitter_misc":{"Escrito por":"Admin","Tiempo de lectura":"1 minuto"},"schema":{"@context":"https:\/\/schema.org","@graph":[{"@type":"Article","@id":"https:\/\/diariofemenino.com.ar\/df\/primer-encuentro-de-cooperativas-de-trabajo\/#article","isPartOf":{"@id":"https:\/\/diariofemenino.com.ar\/df\/primer-encuentro-de-cooperativas-de-trabajo\/"},"author":{"name":"Admin","@id":"https:\/\/diariofemenino.com.ar\/df\/#\/schema\/person\/bf6199e8158c657ea6f789b11ec85509"},"headline":"Primer Encuentro de Cooperativas de Trabajo","datePublished":"2023-02-24T11:00:48+00:00","mainEntityOfPage":{"@id":"https:\/\/diariofemenino.com.ar\/df\/primer-encuentro-de-cooperativas-de-trabajo\/"},"wordCount":256,"commentCount":0,"publisher":{"@id":"https:\/\/diariofemenino.com.ar\/df\/#organization"},"image":{"@id":"https:\/\/diariofemenino.com.ar\/df\/primer-encuentro-de-cooperativas-de-trabajo\/#primaryimage"},"thumbnailUrl":"https:\/\/diariofemenino.com.ar\/df\/wp-content\/uploads\/2023\/02\/PRIMER-ENCUENTRO-DE-COOPES-DE-TRABAJO.jpeg","articleSection":["Actividades","Medios","Noticias"],"inLanguage":"es","potentialAction":[{"@type":"CommentAction","name":"Comment","target":["https:\/\/diariofemenino.com.ar\/df\/primer-encuentro-de-cooperativas-de-trabajo\/#respond"]}]},{"@type":"WebPage","@id":"https:\/\/diariofemenino.com.ar\/df\/primer-encuentro-de-cooperativas-de-trabajo\/","url":"https:\/\/diariofemenino.com.ar\/df\/primer-encuentro-de-cooperativas-de-trabajo\/","name":"Primer Encuentro de Cooperativas de Trabajo - Diario Digital Femenino","isPartOf":{"@id":"https:\/\/diariofemenino.com.ar\/df\/#website"},"primaryImageOfPage":{"@id":"https:\/\/diariofemenino.com.ar\/df\/primer-encuentro-de-cooperativas-de-trabajo\/#primaryimage"},"image":{"@id":"https:\/\/diariofemenino.com.ar\/df\/primer-encuentro-de-cooperativas-de-trabajo\/#primaryimage"},"thumbnailUrl":"https:\/\/diariofemenino.com.ar\/df\/wp-content\/uploads\/2023\/02\/PRIMER-ENCUENTRO-DE-COOPES-DE-TRABAJO.jpeg","datePublished":"2023-02-24T11:00:48+00:00","description":"Primer Encuentro. El s\u00e1bado 4 de marzo, desde las 9:00 horas se realizar\u00e1 el Primer Encuentro Provincial de Cooperativas de Trabajo en La Pampa.","breadcrumb":{"@id":"https:\/\/diariofemenino.com.ar\/df\/primer-encuentro-de-cooperativas-de-trabajo\/#breadcrumb"},"inLanguage":"es","potentialAction":[{"@type":"ReadAction","target":["https:\/\/diariofemenino.com.ar\/df\/primer-encuentro-de-cooperativas-de-trabajo\/"]}]},{"@type":"ImageObject","inLanguage":"es","@id":"https:\/\/diariofemenino.com.ar\/df\/primer-encuentro-de-cooperativas-de-trabajo\/#primaryimage","url":"https:\/\/diariofemenino.com.ar\/df\/wp-content\/uploads\/2023\/02\/PRIMER-ENCUENTRO-DE-COOPES-DE-TRABAJO.jpeg","contentUrl":"https:\/\/diariofemenino.com.ar\/df\/wp-content\/uploads\/2023\/02\/PRIMER-ENCUENTRO-DE-COOPES-DE-TRABAJO.jpeg","width":1080,"height":620,"caption":"Primer Encuentro de Cooperativas de Trabajo"},{"@type":"BreadcrumbList","@id":"https:\/\/diariofemenino.com.ar\/df\/primer-encuentro-de-cooperativas-de-trabajo\/#breadcrumb","itemListElement":[{"@type":"ListItem","position":1,"name":"Portada","item":"https:\/\/diariofemenino.com.ar\/df\/"},{"@type":"ListItem","position":2,"name":"Primer Encuentro de Cooperativas de Trabajo"}]},{"@type":"WebSite","@id":"https:\/\/diariofemenino.com.ar\/df\/#website","url":"https:\/\/diariofemenino.com.ar\/df\/","name":"Diario Digital Femenino","description":"Cuesti\u00f3n de G\u00e9nero","publisher":{"@id":"https:\/\/diariofemenino.com.ar\/df\/#organization"},"potentialAction":[{"@type":"SearchAction","target":{"@type":"EntryPoint","urlTemplate":"https:\/\/diariofemenino.com.ar\/df\/?s={search_term_string}"},"query-input":{"@type":"PropertyValueSpecification","valueRequired":true,"valueName":"search_term_string"}}],"inLanguage":"es"},{"@type":"Organization","@id":"https:\/\/diariofemenino.com.ar\/df\/#organization","name":"Diario Femenino","url":"https:\/\/diariofemenino.com.ar\/df\/","logo":{"@type":"ImageObject","inLanguage":"es","@id":"https:\/\/diariofemenino.com.ar\/df\/#\/schema\/logo\/image\/","url":"https:\/\/diariofemenino.com.ar\/df\/wp-content\/uploads\/2018\/10\/logo.png","contentUrl":"https:\/\/diariofemenino.com.ar\/df\/wp-content\/uploads\/2018\/10\/logo.png","width":500,"height":92,"caption":"Diario Femenino"},"image":{"@id":"https:\/\/diariofemenino.com.ar\/df\/#\/schema\/logo\/image\/"},"sameAs":["https:\/\/www.facebook.com\/DiarioDigitaFemenino\/","https:\/\/x.com\/DiarioFemenino1"]},{"@type":"Person","@id":"https:\/\/diariofemenino.com.ar\/df\/#\/schema\/person\/bf6199e8158c657ea6f789b11ec85509","name":"Admin","image":{"@type":"ImageObject","inLanguage":"es","@id":"https:\/\/diariofemenino.com.ar\/df\/wp-content\/uploads\/2018\/12\/favicon-150x150.jpg","url":"https:\/\/diariofemenino.com.ar\/df\/wp-content\/uploads\/2018\/12\/favicon-150x150.jpg","contentUrl":"https:\/\/diariofemenino.com.ar\/df\/wp-content\/uploads\/2018\/12\/favicon-150x150.jpg","caption":"Admin"},"url":"https:\/\/diariofemenino.com.ar\/df\/author\/lenny\/"}]}},"jetpack_featured_media_url":"https:\/\/diariofemenino.com.ar\/df\/wp-content\/uploads\/2023\/02\/PRIMER-ENCUENTRO-DE-COOPES-DE-TRABAJO.jpeg","jetpack_sharing_enabled":true,"rttpg_featured_image_url":{"full":["https:\/\/diariofemenino.com.ar\/df\/wp-content\/uploads\/2023\/02\/PRIMER-ENCUENTRO-DE-COOPES-DE-TRABAJO.jpeg",1080,620,false],"landscape":["https:\/\/diariofemenino.com.ar\/df\/wp-content\/uploads\/2023\/02\/PRIMER-ENCUENTRO-DE-COOPES-DE-TRABAJO.jpeg",1080,620,false],"portraits":["https:\/\/diariofemenino.com.ar\/df\/wp-content\/uploads\/2023\/02\/PRIMER-ENCUENTRO-DE-COOPES-DE-TRABAJO.jpeg",1080,620,false],"thumbnail":["https:\/\/diariofemenino.com.ar\/df\/wp-content\/uploads\/2023\/02\/PRIMER-ENCUENTRO-DE-COOPES-DE-TRABAJO-150x150.jpeg",150,150,true],"medium":["https:\/\/diariofemenino.com.ar\/df\/wp-content\/uploads\/2023\/02\/PRIMER-ENCUENTRO-DE-COOPES-DE-TRABAJO-300x172.jpeg",300,172,true],"large":["https:\/\/diariofemenino.com.ar\/df\/wp-content\/uploads\/2023\/02\/PRIMER-ENCUENTRO-DE-COOPES-DE-TRABAJO-1024x588.jpeg",1024,588,true],"1536x1536":["https:\/\/diariofemenino.com.ar\/df\/wp-content\/uploads\/2023\/02\/PRIMER-ENCUENTRO-DE-COOPES-DE-TRABAJO.jpeg",1080,620,false],"2048x2048":["https:\/\/diariofemenino.com.ar\/df\/wp-content\/uploads\/2023\/02\/PRIMER-ENCUENTRO-DE-COOPES-DE-TRABAJO.jpeg",1080,620,false]},"rttpg_author":{"display_name":"Admin","author_link":"https:\/\/diariofemenino.com.ar\/df\/author\/lenny\/"},"rttpg_comment":0,"rttpg_category":"<a href=\"https:\/\/diariofemenino.com.ar\/df\/category\/actividades\/\" rel=\"category tag\">Actividades<\/a> <a href=\"https:\/\/diariofemenino.com.ar\/df\/category\/medios\/\" rel=\"category tag\">Medios<\/a> <a href=\"https:\/\/diariofemenino.com.ar\/df\/category\/noticias\/\" rel=\"category tag\">Noticias<\/a>","rttpg_excerpt":"El s\u00e1bado 4 de marzo, desde las 9:00 horas en el Sipren\u00a0(Yrigoyen 469 &#8211; Santa Rosa) se realizar\u00e1 el Primer Encuentro Provincial de Cooperativas de Trabajo en La Pampa. El espacio contar\u00e1 con la presencia del presidente del Instituto Nacional de Asociativismo y Econom\u00eda Social, Alexandre Roig, quien ser\u00e1 el encargado de abrir el Encuentro.&hellip;","_links":{"self":[{"href":"https:\/\/diariofemenino.com.ar\/df\/wp-json\/wp\/v2\/posts\/67975","targetHints":{"allow":["GET"]}}],"collection":[{"href":"https:\/\/diariofemenino.com.ar\/df\/wp-json\/wp\/v2\/posts"}],"about":[{"href":"https:\/\/diariofemenino.com.ar\/df\/wp-json\/wp\/v2\/types\/post"}],"author":[{"embeddable":true,"href":"https:\/\/diariofemenino.com.ar\/df\/wp-json\/wp\/v2\/users\/4"}],"replies":[{"embeddable":true,"href":"https:\/\/diariofemenino.com.ar\/df\/wp-json\/wp\/v2\/comments?post=67975"}],"version-history":[{"count":0,"href":"https:\/\/diariofemenino.com.ar\/df\/wp-json\/wp\/v2\/posts\/67975\/revisions"}],"wp:featuredmedia":[{"embeddable":true,"href":"https:\/\/diariofemenino.com.ar\/df\/wp-json\/wp\/v2\/media\/67976"}],"wp:attachment":[{"href":"https:\/\/diariofemenino.com.ar\/df\/wp-json\/wp\/v2\/media?parent=67975"}],"wp:term":[{"taxonomy":"category","embeddable":true,"href":"https:\/\/diariofemenino.com.ar\/df\/wp-json\/wp\/v2\/categories?post=67975"},{"taxonomy":"post_tag","embeddable":true,"href":"https:\/\/diariofemenino.com.ar\/df\/wp-json\/wp\/v2\/tags?post=67975"}],"curies":[{"name":"wp","href":"https:\/\/api.w.org\/{rel}","templated":true}]}}