{"id":67846,"date":"2023-02-10T17:46:46","date_gmt":"2023-02-10T20:46:46","guid":{"rendered":"https:\/\/diariofemenino.com.ar\/df\/?p=67846"},"modified":"2023-02-10T17:46:46","modified_gmt":"2023-02-10T20:46:46","slug":"la-fantasia-de-la-individualidad","status":"publish","type":"post","link":"https:\/\/diariofemenino.com.ar\/df\/la-fantasia-de-la-individualidad\/","title":{"rendered":"La fantas\u00eda de la individualidad"},"content":{"rendered":"<p style=\"text-align: center;\"><strong>La fantas\u00eda de la individualidad<\/strong><br \/>\nSobre la construcci\u00f3n sociohist\u00f3rica del sujeto moderno<br \/>\n<a href=\"https:\/\/diariofemenino.com.ar\/df\/?s=Almudena+Hernando\"><em>\u00a0Almudena Hernando<\/em><\/a><\/p>\n<p><strong>Planteamientos generales<br \/>\n<\/strong><span style=\"color: #808080;\">(Descargar en portada)<\/span><\/p>\n<figure id=\"attachment_67847\" aria-describedby=\"caption-attachment-67847\" style=\"width: 415px\" class=\"wp-caption alignleft\"><a href=\"https:\/\/diariofemenino.com.ar\/df\/wp-content\/uploads\/2023\/02\/map50_la-fantasia_web.pdf\"><img loading=\"lazy\" decoding=\"async\" class=\"size-full wp-image-67847\" src=\"https:\/\/diariofemenino.com.ar\/df\/wp-content\/uploads\/2023\/02\/Fantas\u00eda1.jpg\" alt=\"La fantas\u00eda de la individualidad\" width=\"415\" height=\"585\" srcset=\"https:\/\/diariofemenino.com.ar\/df\/wp-content\/uploads\/2023\/02\/Fantas\u00eda1.jpg 415w, https:\/\/diariofemenino.com.ar\/df\/wp-content\/uploads\/2023\/02\/Fantas\u00eda1-213x300.jpg 213w\" sizes=\"auto, (max-width: 415px) 100vw, 415px\" \/><\/a><figcaption id=\"caption-attachment-67847\" class=\"wp-caption-text\">La fantas\u00eda de la individualidad &#8211; <a href=\"https:\/\/traficantes.net\/\">Traficante de sue\u00f1os<\/a><\/figcaption><\/figure>\n<p>Tal vez fue porque a mi madre le gustaba vestirnos igual a mi hermana melliza y a m\u00ed, aunque no nos parec\u00edamos nada, e incluso a nuestra tercera hermana, y a la cuarta\u2026 Tal vez fue por eso, pienso, que nunca acab\u00e9 de confiar en las apariencias. Porque aun cuando de adultas siempre hemos tenido una excelente relaci\u00f3n, el hecho es que bajo aquella encantadora estampa de armoniosa sincronizaci\u00f3n infantil subyac\u00edan tantos conflictos como los que cabe esperar de la relaci\u00f3n normal entre los seis hermanos que llegamos a ser.<\/p>\n<p>Tal vez tambi\u00e9n pudo ser esto lo que me llev\u00f3, sin saberlo, a estudiar arqueolog\u00eda, porque despu\u00e9s de haber dedicado una tesis doctoral al Calcol\u00edtico del sureste espa\u00f1ol me di cuenta de que apenas me interesaba lo que hab\u00eda ocurrido en el 2.500 a.C., y se convirti\u00f3 en un misterio profundo la causa que pod\u00eda haberme conducido hasta all\u00ed. Sin embargo, ahora me parece meridianamente claro que sin la prehistoria y la arqueolog\u00eda no podr\u00eda pensar las cosas que me interesan del modo en que me interesa pensarlas. Tard\u00e9 un tiempo en entender lo que ya hab\u00edan comprendido Freud y Foucault mucho antes que yo: que lo que me atra\u00eda de la arqueolog\u00eda era que, utilizada en sentido metaf\u00f3rico, me ofrec\u00eda un procedimiento de an\u00e1lisis geneal\u00f3gico, de largo plazo, que ense\u00f1a a bucear en las ra\u00edces y los fundamentos de los procesos visibles, fijando la atenci\u00f3n en la l\u00f3gica profunda que les da sentido y no en la apariencia que su expresi\u00f3n puede revestir en un momento dado. Entend\u00ed tambi\u00e9n que la prehistoria ense\u00f1a a considerar los or\u00edgenes como una de las claves esenciales de esos procesos, que no se entienden de la misma manera sin esa variable fundamental. Pero, sobre todo, comprend\u00ed que el estudio de la cultura material, en la que se especializa la arqueolog\u00eda en tanto que disciplina, proporciona un instrumento particularmente interesante para abordar el estudio de una sociedad cuando se desea huir de las apariencias, porque dirige la mirada a lo que la gente hace y no, como en el caso de la historia, a lo que ha decidido contar de s\u00ed misma.<\/p>\n<p>Cuando se observa con mirada de arque\u00f3loga a las sociedades actuales, sean ind\u00edgenas o industriales, saltan a la luz datos muy interesantes, porque se comprueba que, en general, lo que la gente dice de s\u00ed misma no coincide con lo que se observa que hace. William Rathje (1992), que recibi\u00f3 el premio de la Asociaci\u00f3n Americana para el Avance de la Ciencia por su proyecto de a<em>rqueolog\u00eda sobre la basura<\/em>, demostr\u00f3, por ejemplo, que cuando hoy se les pregunta a los estadounidenses sobre sus h\u00e1bitos de consumo dicen cosas que no se corresponden con lo que se encuentra en los cubos de basura que hay en la puerta misma de sus casas, y que esto no sucede necesariamente porque mientan, sino porque no reconocen determinadas cosas que hacen. De ah\u00ed que mi formaci\u00f3n como arque\u00f3loga me lleve a estar convencida de que si se quiere averiguar c\u00f3mo es la gente en realidad, no hay que analizar lo que dice, sino lo que hace.<\/p>\n<p>Hay toda una parte de nuestro comportamiento que no es reconocida en nuestro discurso consciente y expl\u00edcito, porque no es valorada socialmente, o porque representa partes de nosotros mismos que preferimos no tener presentes. La consecuencia es que esa parte puede ser negada, en el sentido de que puede no ser vista, ser ignorada por la propia persona que, sin embargo, est\u00e1 poni\u00e9ndola en pr\u00e1ctica delante de nuestros ojos. Debe entenderse que estas personas no est\u00e1n mintiendo, sino que ellas mismas no reconocen ante s\u00ed mismas lo que hacen. Cuando en este texto se haga alusi\u00f3n a una negaci\u00f3n no se estar\u00e1 haciendo referencia, por tanto, al hecho de negar que se sabe algo cuando s\u00ed se sabe, sino al hecho de no saber, de no tener conciencia de estar haciendo lo que sin embargo se est\u00e1 haciendo&#8230; Descargar y seguir leyendo <a href=\"https:\/\/diariofemenino.com.ar\/df\/wp-content\/uploads\/2023\/02\/map50_la-fantasia_web.pdf\">AQU\u00cd<\/a>.<\/p>\n<p><a href=\"https:\/\/diariofemenino.com.ar\/df\/category\/biblioteca\/\">Biblioteca Virtual<\/a> &#8211; DDF<br \/>\nDiario Digital Femenino en Instagram: <a href=\"https:\/\/www.instagram.com\/diariodigitalfemenino_\/\">@diariodigitalfemenino_<\/a><\/p>\n","protected":false},"excerpt":{"rendered":"<p>La fantas\u00eda de la individualidad Sobre la construcci\u00f3n sociohist\u00f3rica del sujeto moderno \u00a0Almudena Hernando Planteamientos generales (Descargar en portada) Tal vez fue porque a mi madre le gustaba vestirnos igual a mi hermana melliza y a m\u00ed, aunque no nos parec\u00edamos nada, e incluso a nuestra tercera hermana, y a la cuarta\u2026 Tal vez fue [&hellip;]<\/p>\n","protected":false},"author":4,"featured_media":67848,"comment_status":"open","ping_status":"open","sticky":false,"template":"","format":"standard","meta":{"iawp_total_views":41,"footnotes":""},"categories":[1],"tags":[5741,965,3274,414,5739,341,5740,5294,5390],"class_list":["post-67846","post","type-post","status-publish","format-standard","has-post-thumbnail","hentry","category-uncategorized","tag-almudena-hernando","tag-biblioteca-virtual","tag-construccion","tag-diario-digital-femenino","tag-fantasia","tag-historia","tag-individualidad","tag-personas","tag-subjetividades"],"nelio_content":{"autoShareEndMode":"never","automationSources":{"useCustomSentences":false,"customSentences":[]},"efiAlt":"","efiUrl":"","followers":[4],"highlights":[],"isAutoShareEnabled":true,"networkImageIds":[],"permalinkQueryArgs":[],"series":[],"suggestedReferences":[]},"yoast_head":"<!-- This site is optimized with the Yoast SEO plugin v27.5 - https:\/\/yoast.com\/product\/yoast-seo-wordpress\/ -->\n<title>La fantas\u00eda de la individualidad - Diario Digital Femenino<\/title>\n<meta name=\"description\" content=\"La fantas\u00eda de la individualidad.\" \/>\n<meta name=\"robots\" content=\"index, follow, max-snippet:-1, max-image-preview:large, max-video-preview:-1\" \/>\n<link rel=\"canonical\" href=\"https:\/\/diariofemenino.com.ar\/df\/la-fantasia-de-la-individualidad\/\" \/>\n<meta property=\"og:locale\" content=\"es_ES\" \/>\n<meta property=\"og:type\" content=\"article\" \/>\n<meta property=\"og:title\" content=\"La fantas\u00eda de la individualidad - Diario Digital Femenino\" \/>\n<meta property=\"og:description\" content=\"La fantas\u00eda de la individualidad.\" \/>\n<meta property=\"og:url\" content=\"https:\/\/diariofemenino.com.ar\/df\/la-fantasia-de-la-individualidad\/\" \/>\n<meta property=\"og:site_name\" content=\"Diario Digital Femenino\" \/>\n<meta property=\"article:publisher\" content=\"https:\/\/www.facebook.com\/DiarioDigitaFemenino\/\" \/>\n<meta property=\"article:published_time\" content=\"2023-02-10T20:46:46+00:00\" \/>\n<meta property=\"og:image\" content=\"https:\/\/diariofemenino.com.ar\/df\/wp-content\/uploads\/2023\/02\/Fantas\u00eda.jpg\" \/>\n\t<meta property=\"og:image:width\" content=\"557\" \/>\n\t<meta property=\"og:image:height\" content=\"385\" \/>\n\t<meta property=\"og:image:type\" content=\"image\/jpeg\" \/>\n<meta name=\"author\" content=\"Admin\" \/>\n<meta name=\"twitter:card\" content=\"summary_large_image\" \/>\n<meta name=\"twitter:creator\" content=\"@DiarioFemenino1\" \/>\n<meta name=\"twitter:site\" content=\"@DiarioFemenino1\" \/>\n<meta name=\"twitter:label1\" content=\"Escrito por\" \/>\n\t<meta name=\"twitter:data1\" content=\"Admin\" \/>\n\t<meta name=\"twitter:label2\" content=\"Tiempo de lectura\" \/>\n\t<meta name=\"twitter:data2\" content=\"4 minutos\" \/>\n<script type=\"application\/ld+json\" class=\"yoast-schema-graph\">{\"@context\":\"https:\\\/\\\/schema.org\",\"@graph\":[{\"@type\":\"Article\",\"@id\":\"https:\\\/\\\/diariofemenino.com.ar\\\/df\\\/la-fantasia-de-la-individualidad\\\/#article\",\"isPartOf\":{\"@id\":\"https:\\\/\\\/diariofemenino.com.ar\\\/df\\\/la-fantasia-de-la-individualidad\\\/\"},\"author\":{\"name\":\"Admin\",\"@id\":\"https:\\\/\\\/diariofemenino.com.ar\\\/df\\\/#\\\/schema\\\/person\\\/bf6199e8158c657ea6f789b11ec85509\"},\"headline\":\"La fantas\u00eda de la individualidad\",\"datePublished\":\"2023-02-10T20:46:46+00:00\",\"mainEntityOfPage\":{\"@id\":\"https:\\\/\\\/diariofemenino.com.ar\\\/df\\\/la-fantasia-de-la-individualidad\\\/\"},\"wordCount\":763,\"commentCount\":0,\"publisher\":{\"@id\":\"https:\\\/\\\/diariofemenino.com.ar\\\/df\\\/#organization\"},\"image\":{\"@id\":\"https:\\\/\\\/diariofemenino.com.ar\\\/df\\\/la-fantasia-de-la-individualidad\\\/#primaryimage\"},\"thumbnailUrl\":\"https:\\\/\\\/diariofemenino.com.ar\\\/df\\\/wp-content\\\/uploads\\\/2023\\\/02\\\/Fantas\u00eda.jpg\",\"keywords\":[\"Almudena Hernando\",\"Biblioteca Virtual\",\"Construcci\u00f3n\",\"Diario Digital Femenino\",\"Fantas\u00eda\",\"Historia\",\"Individualidad\",\"Personas\",\"Subjetividades\"],\"articleSection\":[\"Uncategorized\"],\"inLanguage\":\"es\",\"potentialAction\":[{\"@type\":\"CommentAction\",\"name\":\"Comment\",\"target\":[\"https:\\\/\\\/diariofemenino.com.ar\\\/df\\\/la-fantasia-de-la-individualidad\\\/#respond\"]}]},{\"@type\":\"WebPage\",\"@id\":\"https:\\\/\\\/diariofemenino.com.ar\\\/df\\\/la-fantasia-de-la-individualidad\\\/\",\"url\":\"https:\\\/\\\/diariofemenino.com.ar\\\/df\\\/la-fantasia-de-la-individualidad\\\/\",\"name\":\"La fantas\u00eda de la individualidad - Diario Digital Femenino\",\"isPartOf\":{\"@id\":\"https:\\\/\\\/diariofemenino.com.ar\\\/df\\\/#website\"},\"primaryImageOfPage\":{\"@id\":\"https:\\\/\\\/diariofemenino.com.ar\\\/df\\\/la-fantasia-de-la-individualidad\\\/#primaryimage\"},\"image\":{\"@id\":\"https:\\\/\\\/diariofemenino.com.ar\\\/df\\\/la-fantasia-de-la-individualidad\\\/#primaryimage\"},\"thumbnailUrl\":\"https:\\\/\\\/diariofemenino.com.ar\\\/df\\\/wp-content\\\/uploads\\\/2023\\\/02\\\/Fantas\u00eda.jpg\",\"datePublished\":\"2023-02-10T20:46:46+00:00\",\"description\":\"La fantas\u00eda de la individualidad.\",\"breadcrumb\":{\"@id\":\"https:\\\/\\\/diariofemenino.com.ar\\\/df\\\/la-fantasia-de-la-individualidad\\\/#breadcrumb\"},\"inLanguage\":\"es\",\"potentialAction\":[{\"@type\":\"ReadAction\",\"target\":[\"https:\\\/\\\/diariofemenino.com.ar\\\/df\\\/la-fantasia-de-la-individualidad\\\/\"]}]},{\"@type\":\"ImageObject\",\"inLanguage\":\"es\",\"@id\":\"https:\\\/\\\/diariofemenino.com.ar\\\/df\\\/la-fantasia-de-la-individualidad\\\/#primaryimage\",\"url\":\"https:\\\/\\\/diariofemenino.com.ar\\\/df\\\/wp-content\\\/uploads\\\/2023\\\/02\\\/Fantas\u00eda.jpg\",\"contentUrl\":\"https:\\\/\\\/diariofemenino.com.ar\\\/df\\\/wp-content\\\/uploads\\\/2023\\\/02\\\/Fantas\u00eda.jpg\",\"width\":557,\"height\":385,\"caption\":\"La fantas\u00eda de la individualidad\"},{\"@type\":\"BreadcrumbList\",\"@id\":\"https:\\\/\\\/diariofemenino.com.ar\\\/df\\\/la-fantasia-de-la-individualidad\\\/#breadcrumb\",\"itemListElement\":[{\"@type\":\"ListItem\",\"position\":1,\"name\":\"Portada\",\"item\":\"https:\\\/\\\/diariofemenino.com.ar\\\/df\\\/\"},{\"@type\":\"ListItem\",\"position\":2,\"name\":\"La fantas\u00eda de la individualidad\"}]},{\"@type\":\"WebSite\",\"@id\":\"https:\\\/\\\/diariofemenino.com.ar\\\/df\\\/#website\",\"url\":\"https:\\\/\\\/diariofemenino.com.ar\\\/df\\\/\",\"name\":\"Diario Digital Femenino\",\"description\":\"Cuesti\u00f3n de G\u00e9nero\",\"publisher\":{\"@id\":\"https:\\\/\\\/diariofemenino.com.ar\\\/df\\\/#organization\"},\"potentialAction\":[{\"@type\":\"SearchAction\",\"target\":{\"@type\":\"EntryPoint\",\"urlTemplate\":\"https:\\\/\\\/diariofemenino.com.ar\\\/df\\\/?s={search_term_string}\"},\"query-input\":{\"@type\":\"PropertyValueSpecification\",\"valueRequired\":true,\"valueName\":\"search_term_string\"}}],\"inLanguage\":\"es\"},{\"@type\":\"Organization\",\"@id\":\"https:\\\/\\\/diariofemenino.com.ar\\\/df\\\/#organization\",\"name\":\"Diario Femenino\",\"url\":\"https:\\\/\\\/diariofemenino.com.ar\\\/df\\\/\",\"logo\":{\"@type\":\"ImageObject\",\"inLanguage\":\"es\",\"@id\":\"https:\\\/\\\/diariofemenino.com.ar\\\/df\\\/#\\\/schema\\\/logo\\\/image\\\/\",\"url\":\"https:\\\/\\\/diariofemenino.com.ar\\\/df\\\/wp-content\\\/uploads\\\/2018\\\/10\\\/logo.png\",\"contentUrl\":\"https:\\\/\\\/diariofemenino.com.ar\\\/df\\\/wp-content\\\/uploads\\\/2018\\\/10\\\/logo.png\",\"width\":500,\"height\":92,\"caption\":\"Diario Femenino\"},\"image\":{\"@id\":\"https:\\\/\\\/diariofemenino.com.ar\\\/df\\\/#\\\/schema\\\/logo\\\/image\\\/\"},\"sameAs\":[\"https:\\\/\\\/www.facebook.com\\\/DiarioDigitaFemenino\\\/\",\"https:\\\/\\\/x.com\\\/DiarioFemenino1\"]},{\"@type\":\"Person\",\"@id\":\"https:\\\/\\\/diariofemenino.com.ar\\\/df\\\/#\\\/schema\\\/person\\\/bf6199e8158c657ea6f789b11ec85509\",\"name\":\"Admin\",\"image\":{\"@type\":\"ImageObject\",\"inLanguage\":\"es\",\"@id\":\"https:\\\/\\\/diariofemenino.com.ar\\\/df\\\/wp-content\\\/uploads\\\/2018\\\/12\\\/favicon-150x150.jpg\",\"url\":\"https:\\\/\\\/diariofemenino.com.ar\\\/df\\\/wp-content\\\/uploads\\\/2018\\\/12\\\/favicon-150x150.jpg\",\"contentUrl\":\"https:\\\/\\\/diariofemenino.com.ar\\\/df\\\/wp-content\\\/uploads\\\/2018\\\/12\\\/favicon-150x150.jpg\",\"caption\":\"Admin\"},\"url\":\"https:\\\/\\\/diariofemenino.com.ar\\\/df\\\/author\\\/lenny\\\/\"}]}<\/script>\n<!-- \/ Yoast SEO plugin. -->","yoast_head_json":{"title":"La fantas\u00eda de la individualidad - Diario Digital Femenino","description":"La fantas\u00eda de la individualidad.","robots":{"index":"index","follow":"follow","max-snippet":"max-snippet:-1","max-image-preview":"max-image-preview:large","max-video-preview":"max-video-preview:-1"},"canonical":"https:\/\/diariofemenino.com.ar\/df\/la-fantasia-de-la-individualidad\/","og_locale":"es_ES","og_type":"article","og_title":"La fantas\u00eda de la individualidad - Diario Digital Femenino","og_description":"La fantas\u00eda de la individualidad.","og_url":"https:\/\/diariofemenino.com.ar\/df\/la-fantasia-de-la-individualidad\/","og_site_name":"Diario Digital Femenino","article_publisher":"https:\/\/www.facebook.com\/DiarioDigitaFemenino\/","article_published_time":"2023-02-10T20:46:46+00:00","og_image":[{"width":557,"height":385,"url":"https:\/\/diariofemenino.com.ar\/df\/wp-content\/uploads\/2023\/02\/Fantas\u00eda.jpg","type":"image\/jpeg"}],"author":"Admin","twitter_card":"summary_large_image","twitter_creator":"@DiarioFemenino1","twitter_site":"@DiarioFemenino1","twitter_misc":{"Escrito por":"Admin","Tiempo de lectura":"4 minutos"},"schema":{"@context":"https:\/\/schema.org","@graph":[{"@type":"Article","@id":"https:\/\/diariofemenino.com.ar\/df\/la-fantasia-de-la-individualidad\/#article","isPartOf":{"@id":"https:\/\/diariofemenino.com.ar\/df\/la-fantasia-de-la-individualidad\/"},"author":{"name":"Admin","@id":"https:\/\/diariofemenino.com.ar\/df\/#\/schema\/person\/bf6199e8158c657ea6f789b11ec85509"},"headline":"La fantas\u00eda de la individualidad","datePublished":"2023-02-10T20:46:46+00:00","mainEntityOfPage":{"@id":"https:\/\/diariofemenino.com.ar\/df\/la-fantasia-de-la-individualidad\/"},"wordCount":763,"commentCount":0,"publisher":{"@id":"https:\/\/diariofemenino.com.ar\/df\/#organization"},"image":{"@id":"https:\/\/diariofemenino.com.ar\/df\/la-fantasia-de-la-individualidad\/#primaryimage"},"thumbnailUrl":"https:\/\/diariofemenino.com.ar\/df\/wp-content\/uploads\/2023\/02\/Fantas\u00eda.jpg","keywords":["Almudena Hernando","Biblioteca Virtual","Construcci\u00f3n","Diario Digital Femenino","Fantas\u00eda","Historia","Individualidad","Personas","Subjetividades"],"articleSection":["Uncategorized"],"inLanguage":"es","potentialAction":[{"@type":"CommentAction","name":"Comment","target":["https:\/\/diariofemenino.com.ar\/df\/la-fantasia-de-la-individualidad\/#respond"]}]},{"@type":"WebPage","@id":"https:\/\/diariofemenino.com.ar\/df\/la-fantasia-de-la-individualidad\/","url":"https:\/\/diariofemenino.com.ar\/df\/la-fantasia-de-la-individualidad\/","name":"La fantas\u00eda de la individualidad - Diario Digital Femenino","isPartOf":{"@id":"https:\/\/diariofemenino.com.ar\/df\/#website"},"primaryImageOfPage":{"@id":"https:\/\/diariofemenino.com.ar\/df\/la-fantasia-de-la-individualidad\/#primaryimage"},"image":{"@id":"https:\/\/diariofemenino.com.ar\/df\/la-fantasia-de-la-individualidad\/#primaryimage"},"thumbnailUrl":"https:\/\/diariofemenino.com.ar\/df\/wp-content\/uploads\/2023\/02\/Fantas\u00eda.jpg","datePublished":"2023-02-10T20:46:46+00:00","description":"La fantas\u00eda de la individualidad.","breadcrumb":{"@id":"https:\/\/diariofemenino.com.ar\/df\/la-fantasia-de-la-individualidad\/#breadcrumb"},"inLanguage":"es","potentialAction":[{"@type":"ReadAction","target":["https:\/\/diariofemenino.com.ar\/df\/la-fantasia-de-la-individualidad\/"]}]},{"@type":"ImageObject","inLanguage":"es","@id":"https:\/\/diariofemenino.com.ar\/df\/la-fantasia-de-la-individualidad\/#primaryimage","url":"https:\/\/diariofemenino.com.ar\/df\/wp-content\/uploads\/2023\/02\/Fantas\u00eda.jpg","contentUrl":"https:\/\/diariofemenino.com.ar\/df\/wp-content\/uploads\/2023\/02\/Fantas\u00eda.jpg","width":557,"height":385,"caption":"La fantas\u00eda de la individualidad"},{"@type":"BreadcrumbList","@id":"https:\/\/diariofemenino.com.ar\/df\/la-fantasia-de-la-individualidad\/#breadcrumb","itemListElement":[{"@type":"ListItem","position":1,"name":"Portada","item":"https:\/\/diariofemenino.com.ar\/df\/"},{"@type":"ListItem","position":2,"name":"La fantas\u00eda de la individualidad"}]},{"@type":"WebSite","@id":"https:\/\/diariofemenino.com.ar\/df\/#website","url":"https:\/\/diariofemenino.com.ar\/df\/","name":"Diario Digital Femenino","description":"Cuesti\u00f3n de G\u00e9nero","publisher":{"@id":"https:\/\/diariofemenino.com.ar\/df\/#organization"},"potentialAction":[{"@type":"SearchAction","target":{"@type":"EntryPoint","urlTemplate":"https:\/\/diariofemenino.com.ar\/df\/?s={search_term_string}"},"query-input":{"@type":"PropertyValueSpecification","valueRequired":true,"valueName":"search_term_string"}}],"inLanguage":"es"},{"@type":"Organization","@id":"https:\/\/diariofemenino.com.ar\/df\/#organization","name":"Diario Femenino","url":"https:\/\/diariofemenino.com.ar\/df\/","logo":{"@type":"ImageObject","inLanguage":"es","@id":"https:\/\/diariofemenino.com.ar\/df\/#\/schema\/logo\/image\/","url":"https:\/\/diariofemenino.com.ar\/df\/wp-content\/uploads\/2018\/10\/logo.png","contentUrl":"https:\/\/diariofemenino.com.ar\/df\/wp-content\/uploads\/2018\/10\/logo.png","width":500,"height":92,"caption":"Diario Femenino"},"image":{"@id":"https:\/\/diariofemenino.com.ar\/df\/#\/schema\/logo\/image\/"},"sameAs":["https:\/\/www.facebook.com\/DiarioDigitaFemenino\/","https:\/\/x.com\/DiarioFemenino1"]},{"@type":"Person","@id":"https:\/\/diariofemenino.com.ar\/df\/#\/schema\/person\/bf6199e8158c657ea6f789b11ec85509","name":"Admin","image":{"@type":"ImageObject","inLanguage":"es","@id":"https:\/\/diariofemenino.com.ar\/df\/wp-content\/uploads\/2018\/12\/favicon-150x150.jpg","url":"https:\/\/diariofemenino.com.ar\/df\/wp-content\/uploads\/2018\/12\/favicon-150x150.jpg","contentUrl":"https:\/\/diariofemenino.com.ar\/df\/wp-content\/uploads\/2018\/12\/favicon-150x150.jpg","caption":"Admin"},"url":"https:\/\/diariofemenino.com.ar\/df\/author\/lenny\/"}]}},"jetpack_featured_media_url":"https:\/\/diariofemenino.com.ar\/df\/wp-content\/uploads\/2023\/02\/Fantas\u00eda.jpg","jetpack_sharing_enabled":true,"rttpg_featured_image_url":{"full":["https:\/\/diariofemenino.com.ar\/df\/wp-content\/uploads\/2023\/02\/Fantas\u00eda.jpg",557,385,false],"landscape":["https:\/\/diariofemenino.com.ar\/df\/wp-content\/uploads\/2023\/02\/Fantas\u00eda.jpg",557,385,false],"portraits":["https:\/\/diariofemenino.com.ar\/df\/wp-content\/uploads\/2023\/02\/Fantas\u00eda.jpg",557,385,false],"thumbnail":["https:\/\/diariofemenino.com.ar\/df\/wp-content\/uploads\/2023\/02\/Fantas\u00eda-150x150.jpg",150,150,true],"medium":["https:\/\/diariofemenino.com.ar\/df\/wp-content\/uploads\/2023\/02\/Fantas\u00eda-300x207.jpg",300,207,true],"large":["https:\/\/diariofemenino.com.ar\/df\/wp-content\/uploads\/2023\/02\/Fantas\u00eda.jpg",557,385,false],"1536x1536":["https:\/\/diariofemenino.com.ar\/df\/wp-content\/uploads\/2023\/02\/Fantas\u00eda.jpg",557,385,false],"2048x2048":["https:\/\/diariofemenino.com.ar\/df\/wp-content\/uploads\/2023\/02\/Fantas\u00eda.jpg",557,385,false]},"rttpg_author":{"display_name":"Admin","author_link":"https:\/\/diariofemenino.com.ar\/df\/author\/lenny\/"},"rttpg_comment":0,"rttpg_category":"<a href=\"https:\/\/diariofemenino.com.ar\/df\/category\/uncategorized\/\" rel=\"category tag\">Uncategorized<\/a>","rttpg_excerpt":"La fantas\u00eda de la individualidad Sobre la construcci\u00f3n sociohist\u00f3rica del sujeto moderno \u00a0Almudena Hernando Planteamientos generales (Descargar en portada) Tal vez fue porque a mi madre le gustaba vestirnos igual a mi hermana melliza y a m\u00ed, aunque no nos parec\u00edamos nada, e incluso a nuestra tercera hermana, y a la cuarta\u2026 Tal vez fue&hellip;","_links":{"self":[{"href":"https:\/\/diariofemenino.com.ar\/df\/wp-json\/wp\/v2\/posts\/67846","targetHints":{"allow":["GET"]}}],"collection":[{"href":"https:\/\/diariofemenino.com.ar\/df\/wp-json\/wp\/v2\/posts"}],"about":[{"href":"https:\/\/diariofemenino.com.ar\/df\/wp-json\/wp\/v2\/types\/post"}],"author":[{"embeddable":true,"href":"https:\/\/diariofemenino.com.ar\/df\/wp-json\/wp\/v2\/users\/4"}],"replies":[{"embeddable":true,"href":"https:\/\/diariofemenino.com.ar\/df\/wp-json\/wp\/v2\/comments?post=67846"}],"version-history":[{"count":0,"href":"https:\/\/diariofemenino.com.ar\/df\/wp-json\/wp\/v2\/posts\/67846\/revisions"}],"wp:featuredmedia":[{"embeddable":true,"href":"https:\/\/diariofemenino.com.ar\/df\/wp-json\/wp\/v2\/media\/67848"}],"wp:attachment":[{"href":"https:\/\/diariofemenino.com.ar\/df\/wp-json\/wp\/v2\/media?parent=67846"}],"wp:term":[{"taxonomy":"category","embeddable":true,"href":"https:\/\/diariofemenino.com.ar\/df\/wp-json\/wp\/v2\/categories?post=67846"},{"taxonomy":"post_tag","embeddable":true,"href":"https:\/\/diariofemenino.com.ar\/df\/wp-json\/wp\/v2\/tags?post=67846"}],"curies":[{"name":"wp","href":"https:\/\/api.w.org\/{rel}","templated":true}]}}