{"id":67756,"date":"2023-02-06T12:57:59","date_gmt":"2023-02-06T15:57:59","guid":{"rendered":"https:\/\/diariofemenino.com.ar\/df\/?p=67756"},"modified":"2023-02-06T12:57:59","modified_gmt":"2023-02-06T15:57:59","slug":"nana-asmau-el-feminismo-nacido-en-africa","status":"publish","type":"post","link":"https:\/\/diariofemenino.com.ar\/df\/nana-asmau-el-feminismo-nacido-en-africa\/","title":{"rendered":"Nana Asma\u2019u. El feminismo nacido en \u00c1frica"},"content":{"rendered":"<p class=\"wp-block-heading\"><strong>Es un hecho que el feminismo no es una construcci\u00f3n prestada en \u00c1frica, ya que las mujeres africanas siempre han creado v\u00edas pol\u00edticas, respuestas sociales e ideolog\u00edas para restaurar los derechos en relaci\u00f3n con la reproducci\u00f3n, la violencia dom\u00e9stica, el permiso de maternidad, el acoso sexual, la igualdad salarial, el sufragio femenino y abuso sexual. El feminismo africano es para la mujer africana y les permite abordar los problemas a los que se enfrentan que limitan su funci\u00f3n plena o su libertad de voluntad y expresi\u00f3n, y la pr\u00e1ctica en \u00c1frica no se basa necesariamente en t\u00e9rminos occidentalizados.<\/strong><\/p>\n<figure id=\"attachment_67806\" aria-describedby=\"caption-attachment-67806\" style=\"width: 309px\" class=\"wp-caption alignleft\"><img loading=\"lazy\" decoding=\"async\" class=\" wp-image-67806\" src=\"https:\/\/diariofemenino.com.ar\/df\/wp-content\/uploads\/2023\/02\/EUDxkncXQAIeZkJ.jpg\" alt=\"Nana Asma\u2019u. El feminismo nacido en \u00c1frica\" width=\"309\" height=\"386\" srcset=\"https:\/\/diariofemenino.com.ar\/df\/wp-content\/uploads\/2023\/02\/EUDxkncXQAIeZkJ.jpg 750w, https:\/\/diariofemenino.com.ar\/df\/wp-content\/uploads\/2023\/02\/EUDxkncXQAIeZkJ-240x300.jpg 240w\" sizes=\"auto, (max-width: 309px) 100vw, 309px\" \/><figcaption id=\"caption-attachment-67806\" class=\"wp-caption-text\">Nana Asma\u2019u. El feminismo nacido en \u00c1frica<\/figcaption><\/figure>\n<p>Mientras que las escritoras inglesas en la d\u00e9cada de 1800 tomaban un seud\u00f3nimo masculino para ser publicadas, las ancianas musulmanas en Sokoto establecieron el t\u00edtulo de\u00a0<strong>Senior Faqhi<\/strong>. Eso permiti\u00f3 a esas mujeres manejarse a trav\u00e9s de medios independientes en la direcci\u00f3n de la autorrealizaci\u00f3n y en crear comunidades m\u00e1s conectadas y sostenibles.<\/p>\n<p>No obstante,\u00a0<strong>Nana Asma\u2019u<\/strong>\u00a0fue un destacado \u00edcono feminista que supo y entendi\u00f3 lo que significaba para las mujeres tomar decisiones activas en la configuraci\u00f3n de sus comunidades, as\u00ed como las ventajas de reforzar los roles de g\u00e9nero duales. En un corto per\u00edodo de tiempo, su influencia se hab\u00eda expandido a varias partes de \u00c1frica Occidental, e incluso a las orillas del Nilo y las afueras de Oriente Medio.<\/p>\n<p class=\"wp-block-heading\"><strong>Los primeros comienzos de Nana Asma\u2019u<\/strong><\/p>\n<p>\u00bfEs posible la educaci\u00f3n y la independencia de las mujeres bajo el Islam? La respuesta en realidad se encuentra en las experiencias y actividades visionarias de personas como\u00a0<strong>Nana Asma\u2019u<\/strong>, en relaci\u00f3n con una comunidad que maneja un equilibrio de control.<\/p>\n<p>Nana Asma\u2019u lleva el nombre de\u00a0<strong>Asma bint Abi Bakr<\/strong>, una compa\u00f1era del profeta. Vivi\u00f3 la\u00a0<a href=\"https:\/\/www.trenfo.com\/es\/historia\/guerra-fulani\" target=\"_blank\" rel=\"noreferrer noopener\" data-type=\"URL\" data-id=\"https:\/\/www.trenfo.com\/es\/historia\/guerra-fulani\">Guerra Fulani\u00a0<\/a>cuando ten\u00eda solo 11 a\u00f1os. Sigui\u00f3 los pasos de su padre,\u00a0<strong>Usman dan Fodio<\/strong>\u00a0que predicaba que la marginaci\u00f3n de las mujeres en la educaci\u00f3n y la comunidad generaba corrupci\u00f3n en la sociedad. Nana sigui\u00f3 estudios cor\u00e1nicos y se convirti\u00f3 en una prol\u00edfica autora versada en el arte de aprender a ense\u00f1ar en la escuela\u00a0<strong>Qadiriyyah Sufi<\/strong>, donde el intercambio de conocimientos era eminente. La comunicaci\u00f3n en su l\u00ednea de trabajo se vio facilitada por su habilidad para hablar cuatro idiomas; \u00e1rabe, fula, hausa y tamacheq tuareg.<\/p>\n<figure class=\"wp-block-embed alignright is-type-wp-embed is-provider-afrofeminas wp-block-embed-afrofeminas\">\n<div class=\"wp-block-embed__wrapper\"><\/div>\n<\/figure>\n<p>Los hombres han tenido la ventaja de construir redes con menos esfuerzo que las mujeres. En Hausaland, incluso en la mezquita y en los hogares privados hay un aura general de congregaci\u00f3n, a menudo denominada hermandad. Las ense\u00f1anzas de Nana Asma\u2019u hicieron que las mujeres musulmanas se sintieran m\u00e1s seguras de s\u00ed mismas para derivar en una hermandad s\u00f3lida, lo que impuso una comunidad de apoyo. Las esposas fugitivas de relaciones abusivas, por ejemplo, ejercieron su derecho a alzar la voz.<\/p>\n<p class=\"wp-block-heading\"><strong>Nana Asma\u2019u como figura ic\u00f3nica<\/strong><\/p>\n<p>Como poeta, maestra, erudita e intelectual por derecho propio, las contribuciones de Asma\u2019u eliminaron los estereotipos m\u00edticos de las mujeres musulmanas. Hist\u00f3ricamente, la <a href=\"https:\/\/diariofemenino.com.ar\/df\/feminismo-interseccionalidad-y-transformacion-social\/\">opresi\u00f3n<\/a> que cercena las voces de las mujeres musulmanas a cambio del silencio y la relegaci\u00f3n a las actividades dom\u00e9sticas siempre han resultado en un cuerpo social menos concreto. A los colonizadores brit\u00e1nicos les result\u00f3 dif\u00edcil enfrentarse cuando entraron en contacto con el medio intelectual de la sociedad Sokoto.<\/p>\n<p>Asma\u2019u integr\u00f3 un movimiento educativo llamado\u00a0<strong>Yan Taru<\/strong>\u00a0que conect\u00f3 a educadoras o\u00a0<strong>Jaji<\/strong>. Las Jaji llevaron el mensaje a las aldeas rurales marginadas. Con el tiempo, Nana Asma\u2019u se convirti\u00f3 en una importante fuente de orientaci\u00f3n para los gobernantes de Sokoto en ese momento. No solo hab\u00eda memorizado el Cor\u00e1n, sino que tambi\u00e9n aprendi\u00f3\u00a0<strong>fiqh\u00a0<\/strong>(jurisprudencia) desde muy joven y escribi\u00f3 m\u00e1s de 60 trabajos publicados que a\u00fan est\u00e1n disponibles para investigaci\u00f3n y estudios.<\/p>\n<p>Asma\u2019u inspir\u00f3 a sus Jajis a compartir sabidur\u00eda a trav\u00e9s de la poes\u00eda, incluso en tiempos de viaje, y contribuy\u00f3 al crecimiento de todo un movimiento de mujeres poetas de Sokoto que exploran el uso de la literatura \u00e1rabe cl\u00e1sica en sus textos. Como dice el refr\u00e1n:\u00a0<strong>\u201cSi educas a un hombre, educas a un individuo, pero si educas a una mujer, educas a una familia (naci\u00f3n)\u201d<\/strong>. Asma\u2019u aplic\u00f3 este concepto para iluminar a las mujeres y, por lo tanto, edific\u00f3 las familias, y lo que era una comunidad que sufr\u00eda las secuelas de la guerra<\/p>\n<p>Vale la pena se\u00f1alar que el mundo del <a href=\"https:\/\/diariofemenino.com.ar\/df\/el-feminismo-negro-y-el-afrofemicidio\/\">feminismo africano<\/a> ha visto un aporte inmenso debido a los logros de Nana Asma\u2019u, cuyo enfoque no estaba en los ricos, famosos y poderosos, sino en los d\u00e9biles y vulnerables. Su mensaje constante fue sobre la virtud de la paciencia, la necesidad de amor y respeto en las relaciones y la igualdad sostenida en la comunidad.<\/p>\n<p><a href=\"https:\/\/afrofeminas.com\/2023\/02\/05\/nana-asmau-el-feminismo-nacido-en-africa\/?fbclid=IwAR2L_LEu5UiAFsz6y10d9UL0dZbybl_4QNsZ3Cp7azzy1t5_oCxxFqqpzi0\">Afrof\u00e9minas<\/a><\/p>\n<p>Fuente para DDF: <a href=\"https:\/\/diariofemenino.com.ar\/df\/?s=Enrique+Stola\">Enrique Stola<\/a><\/p>\n<p>&nbsp;<\/p>\n<div id=\"primary\" class=\"content-area\">\n<article id=\"post-62425\" class=\"post-62425 post type-post status-publish format-standard has-post-thumbnail hentry category-feminismo-negro category-feminismos category-historia-afro category-referentes-negros tag-afrofeminas-2 tag-afrofeminas tag-afrofeminismo tag-africa tag-feminismo-africano tag-feminismo-negro tag-fulani tag-historia-negra tag-islam tag-mujer-negra tag-nana-asmau tag-nigeria\">\n<div class=\"entry-content\">\n<div class=\"wp-block-image\">\n<figure class=\"aligncenter size-large\"><a href=\"https:\/\/ko-fi.com\/afrofeminas\"><img loading=\"lazy\" decoding=\"async\" class=\"wp-image-61488\" src=\"https:\/\/i0.wp.com\/afrofeminas.com\/wp-content\/uploads\/2022\/12\/SOMOS-SU-VOZ-SU-PODER-Y-SU-MOVIMIENTO-POR-LA-LIBERACION-NEGRA.-1024x323.png?resize=790%2C249&amp;ssl=1\" sizes=\"auto, (max-width: 790px) 100vw, 790px\" srcset=\"https:\/\/i0.wp.com\/afrofeminas.com\/wp-content\/uploads\/2022\/12\/SOMOS-SU-VOZ-SU-PODER-Y-SU-MOVIMIENTO-POR-LA-LIBERACION-NEGRA..png?resize=1024%2C323&amp;ssl=1 1024w, https:\/\/i0.wp.com\/afrofeminas.com\/wp-content\/uploads\/2022\/12\/SOMOS-SU-VOZ-SU-PODER-Y-SU-MOVIMIENTO-POR-LA-LIBERACION-NEGRA..png?resize=300%2C95&amp;ssl=1 300w, https:\/\/i0.wp.com\/afrofeminas.com\/wp-content\/uploads\/2022\/12\/SOMOS-SU-VOZ-SU-PODER-Y-SU-MOVIMIENTO-POR-LA-LIBERACION-NEGRA..png?resize=768%2C242&amp;ssl=1 768w, https:\/\/i0.wp.com\/afrofeminas.com\/wp-content\/uploads\/2022\/12\/SOMOS-SU-VOZ-SU-PODER-Y-SU-MOVIMIENTO-POR-LA-LIBERACION-NEGRA..png?resize=1536%2C484&amp;ssl=1 1536w, https:\/\/i0.wp.com\/afrofeminas.com\/wp-content\/uploads\/2022\/12\/SOMOS-SU-VOZ-SU-PODER-Y-SU-MOVIMIENTO-POR-LA-LIBERACION-NEGRA..png?resize=1200%2C378&amp;ssl=1 1200w, https:\/\/i0.wp.com\/afrofeminas.com\/wp-content\/uploads\/2022\/12\/SOMOS-SU-VOZ-SU-PODER-Y-SU-MOVIMIENTO-POR-LA-LIBERACION-NEGRA..png?resize=600%2C189&amp;ssl=1 600w, https:\/\/i0.wp.com\/afrofeminas.com\/wp-content\/uploads\/2022\/12\/SOMOS-SU-VOZ-SU-PODER-Y-SU-MOVIMIENTO-POR-LA-LIBERACION-NEGRA..png?resize=190%2C60&amp;ssl=1 190w, https:\/\/i0.wp.com\/afrofeminas.com\/wp-content\/uploads\/2022\/12\/SOMOS-SU-VOZ-SU-PODER-Y-SU-MOVIMIENTO-POR-LA-LIBERACION-NEGRA..png?resize=286%2C90&amp;ssl=1 286w, https:\/\/i0.wp.com\/afrofeminas.com\/wp-content\/uploads\/2022\/12\/SOMOS-SU-VOZ-SU-PODER-Y-SU-MOVIMIENTO-POR-LA-LIBERACION-NEGRA..png?w=1729&amp;ssl=1 1729w\" alt=\"\" width=\"790\" height=\"249\" data-attachment-id=\"61488\" data-permalink=\"https:\/\/afrofeminas.com\/2023\/01\/01\/la-perversidad-la-fabulacion-y-las-posibilidades-de-pele\/somos-su-voz-su-poder-y-su-movimiento-por-la-liberacion-negra-2\/\" data-orig-file=\"https:\/\/i0.wp.com\/afrofeminas.com\/wp-content\/uploads\/2022\/12\/SOMOS-SU-VOZ-SU-PODER-Y-SU-MOVIMIENTO-POR-LA-LIBERACION-NEGRA..png?fit=1729%2C545&amp;ssl=1\" data-orig-size=\"1729,545\" data-comments-opened=\"1\" data-image-meta=\"{&quot;aperture&quot;:&quot;0&quot;,&quot;credit&quot;:&quot;&quot;,&quot;camera&quot;:&quot;&quot;,&quot;caption&quot;:&quot;&quot;,&quot;created_timestamp&quot;:&quot;0&quot;,&quot;copyright&quot;:&quot;&quot;,&quot;focal_length&quot;:&quot;0&quot;,&quot;iso&quot;:&quot;0&quot;,&quot;shutter_speed&quot;:&quot;0&quot;,&quot;title&quot;:&quot;&quot;,&quot;orientation&quot;:&quot;0&quot;}\" data-image-title=\"SOMOS-SU-VOZ-SU-PODER-Y-SU-MOVIMIENTO-POR-LA-LIBERACION-NEGRA.\" data-image-description=\"\" data-image-caption=\"\" data-medium-file=\"https:\/\/i0.wp.com\/afrofeminas.com\/wp-content\/uploads\/2022\/12\/SOMOS-SU-VOZ-SU-PODER-Y-SU-MOVIMIENTO-POR-LA-LIBERACION-NEGRA..png?fit=300%2C95&amp;ssl=1\" data-large-file=\"https:\/\/i0.wp.com\/afrofeminas.com\/wp-content\/uploads\/2022\/12\/SOMOS-SU-VOZ-SU-PODER-Y-SU-MOVIMIENTO-POR-LA-LIBERACION-NEGRA..png?fit=790%2C249&amp;ssl=1\" \/><\/a><\/figure>\n<\/div>\n<div class=\"sharedaddy sd-sharing-enabled\">\n<div class=\"robots-nocontent sd-block sd-social sd-social-icon-text sd-sharing\"><\/div>\n<\/div>\n<\/div>\n<\/article>\n<\/div>\n<aside id=\"secondary\" class=\"widget-area\" role=\"complementary\" aria-label=\"Barra lateral\">\n<aside id=\"block-9\" class=\"widget widget_block\">\n<figure class=\"wp-block-embed is-type-rich is-provider-twitter wp-block-embed-twitter coblocks-animate zoomIn\" data-coblocks-animation=\"zoomIn\">\n<div class=\"wp-block-embed__wrapper\"><\/div>\n<\/figure>\n<\/aside>\n<\/aside>\n","protected":false},"excerpt":{"rendered":"<p>Es un hecho que el feminismo no es una construcci\u00f3n prestada en \u00c1frica, ya que las mujeres africanas siempre han creado v\u00edas pol\u00edticas, respuestas sociales e ideolog\u00edas para restaurar los derechos en relaci\u00f3n con la reproducci\u00f3n, la violencia dom\u00e9stica, el permiso de maternidad, el acoso sexual, la igualdad salarial, el sufragio femenino y abuso sexual. [&hellip;]<\/p>\n","protected":false},"author":4,"featured_media":67807,"comment_status":"open","ping_status":"open","sticky":false,"template":"","format":"standard","meta":{"iawp_total_views":3,"footnotes":""},"categories":[1067,178,32,6,592],"tags":[5730,3001,26,5732,130,5731],"class_list":["post-67756","post","type-post","status-publish","format-standard","has-post-thumbnail","hentry","category-agenda-feminista","category-articulos-y-comunicados","category-mujeres","category-articulos","category-violencias","tag-africa","tag-afrofeminas","tag-feminismo","tag-feminismo-africano","tag-mujeres","tag-nana-asmau"],"nelio_content":{"autoShareEndMode":"never","automationSources":{"useCustomSentences":false,"customSentences":[]},"efiAlt":"","efiUrl":"","followers":[4],"highlights":[],"isAutoShareEnabled":true,"networkImageIds":[],"permalinkQueryArgs":[],"series":[],"suggestedReferences":[]},"yoast_head":"<!-- This site is optimized with the Yoast SEO plugin v27.5 - https:\/\/yoast.com\/product\/yoast-seo-wordpress\/ -->\n<title>Nana Asma\u2019u. El feminismo nacido en \u00c1frica - Diario Digital Femenino<\/title>\n<meta name=\"description\" content=\"Nana Asma\u2019u. poeta, maestra, erudita e intelectual por derecho propio, sus contribuciones eliminaron los estereotipos m\u00edticos de las mujeres musulmanas.\" \/>\n<meta name=\"robots\" content=\"index, follow, max-snippet:-1, max-image-preview:large, max-video-preview:-1\" \/>\n<link rel=\"canonical\" href=\"https:\/\/diariofemenino.com.ar\/df\/nana-asmau-el-feminismo-nacido-en-africa\/\" \/>\n<meta property=\"og:locale\" content=\"es_ES\" \/>\n<meta property=\"og:type\" content=\"article\" \/>\n<meta property=\"og:title\" content=\"Nana Asma\u2019u. El feminismo nacido en \u00c1frica - Diario Digital Femenino\" \/>\n<meta property=\"og:description\" content=\"Nana Asma\u2019u. poeta, maestra, erudita e intelectual por derecho propio, sus contribuciones eliminaron los estereotipos m\u00edticos de las mujeres musulmanas.\" \/>\n<meta property=\"og:url\" content=\"https:\/\/diariofemenino.com.ar\/df\/nana-asmau-el-feminismo-nacido-en-africa\/\" \/>\n<meta property=\"og:site_name\" content=\"Diario Digital Femenino\" \/>\n<meta property=\"article:publisher\" content=\"https:\/\/www.facebook.com\/DiarioDigitaFemenino\/\" \/>\n<meta property=\"article:published_time\" content=\"2023-02-06T15:57:59+00:00\" \/>\n<meta property=\"og:image\" content=\"https:\/\/diariofemenino.com.ar\/df\/wp-content\/uploads\/2023\/02\/Nana.jpg\" \/>\n\t<meta property=\"og:image:width\" content=\"1340\" \/>\n\t<meta property=\"og:image:height\" content=\"506\" \/>\n\t<meta property=\"og:image:type\" content=\"image\/jpeg\" \/>\n<meta name=\"author\" content=\"Admin\" \/>\n<meta name=\"twitter:card\" content=\"summary_large_image\" \/>\n<meta name=\"twitter:creator\" content=\"@DiarioFemenino1\" \/>\n<meta name=\"twitter:site\" content=\"@DiarioFemenino1\" \/>\n<meta name=\"twitter:label1\" content=\"Escrito por\" \/>\n\t<meta name=\"twitter:data1\" content=\"Admin\" \/>\n\t<meta name=\"twitter:label2\" content=\"Tiempo de lectura\" \/>\n\t<meta name=\"twitter:data2\" content=\"4 minutos\" \/>\n<script type=\"application\/ld+json\" class=\"yoast-schema-graph\">{\"@context\":\"https:\\\/\\\/schema.org\",\"@graph\":[{\"@type\":\"Article\",\"@id\":\"https:\\\/\\\/diariofemenino.com.ar\\\/df\\\/nana-asmau-el-feminismo-nacido-en-africa\\\/#article\",\"isPartOf\":{\"@id\":\"https:\\\/\\\/diariofemenino.com.ar\\\/df\\\/nana-asmau-el-feminismo-nacido-en-africa\\\/\"},\"author\":{\"name\":\"Admin\",\"@id\":\"https:\\\/\\\/diariofemenino.com.ar\\\/df\\\/#\\\/schema\\\/person\\\/bf6199e8158c657ea6f789b11ec85509\"},\"headline\":\"Nana Asma\u2019u. El feminismo nacido en \u00c1frica\",\"datePublished\":\"2023-02-06T15:57:59+00:00\",\"mainEntityOfPage\":{\"@id\":\"https:\\\/\\\/diariofemenino.com.ar\\\/df\\\/nana-asmau-el-feminismo-nacido-en-africa\\\/\"},\"wordCount\":869,\"commentCount\":0,\"publisher\":{\"@id\":\"https:\\\/\\\/diariofemenino.com.ar\\\/df\\\/#organization\"},\"image\":{\"@id\":\"https:\\\/\\\/diariofemenino.com.ar\\\/df\\\/nana-asmau-el-feminismo-nacido-en-africa\\\/#primaryimage\"},\"thumbnailUrl\":\"https:\\\/\\\/diariofemenino.com.ar\\\/df\\\/wp-content\\\/uploads\\\/2023\\\/02\\\/Nana.jpg\",\"keywords\":[\"\u00c1frica\",\"afrofeminas\",\"Feminismo\",\"Feminismo africano\",\"Mujeres\",\"Nana Asma\u2019u\"],\"articleSection\":[\"Agenda Feminista\",\"Art\u00edculos y Comunicados\",\"Mujeres\",\"Mujeres en Palabras\",\"Violencias\"],\"inLanguage\":\"es\",\"potentialAction\":[{\"@type\":\"CommentAction\",\"name\":\"Comment\",\"target\":[\"https:\\\/\\\/diariofemenino.com.ar\\\/df\\\/nana-asmau-el-feminismo-nacido-en-africa\\\/#respond\"]}]},{\"@type\":\"WebPage\",\"@id\":\"https:\\\/\\\/diariofemenino.com.ar\\\/df\\\/nana-asmau-el-feminismo-nacido-en-africa\\\/\",\"url\":\"https:\\\/\\\/diariofemenino.com.ar\\\/df\\\/nana-asmau-el-feminismo-nacido-en-africa\\\/\",\"name\":\"Nana Asma\u2019u. El feminismo nacido en \u00c1frica - Diario Digital Femenino\",\"isPartOf\":{\"@id\":\"https:\\\/\\\/diariofemenino.com.ar\\\/df\\\/#website\"},\"primaryImageOfPage\":{\"@id\":\"https:\\\/\\\/diariofemenino.com.ar\\\/df\\\/nana-asmau-el-feminismo-nacido-en-africa\\\/#primaryimage\"},\"image\":{\"@id\":\"https:\\\/\\\/diariofemenino.com.ar\\\/df\\\/nana-asmau-el-feminismo-nacido-en-africa\\\/#primaryimage\"},\"thumbnailUrl\":\"https:\\\/\\\/diariofemenino.com.ar\\\/df\\\/wp-content\\\/uploads\\\/2023\\\/02\\\/Nana.jpg\",\"datePublished\":\"2023-02-06T15:57:59+00:00\",\"description\":\"Nana Asma\u2019u. poeta, maestra, erudita e intelectual por derecho propio, sus contribuciones eliminaron los estereotipos m\u00edticos de las mujeres musulmanas.\",\"breadcrumb\":{\"@id\":\"https:\\\/\\\/diariofemenino.com.ar\\\/df\\\/nana-asmau-el-feminismo-nacido-en-africa\\\/#breadcrumb\"},\"inLanguage\":\"es\",\"potentialAction\":[{\"@type\":\"ReadAction\",\"target\":[\"https:\\\/\\\/diariofemenino.com.ar\\\/df\\\/nana-asmau-el-feminismo-nacido-en-africa\\\/\"]}]},{\"@type\":\"ImageObject\",\"inLanguage\":\"es\",\"@id\":\"https:\\\/\\\/diariofemenino.com.ar\\\/df\\\/nana-asmau-el-feminismo-nacido-en-africa\\\/#primaryimage\",\"url\":\"https:\\\/\\\/diariofemenino.com.ar\\\/df\\\/wp-content\\\/uploads\\\/2023\\\/02\\\/Nana.jpg\",\"contentUrl\":\"https:\\\/\\\/diariofemenino.com.ar\\\/df\\\/wp-content\\\/uploads\\\/2023\\\/02\\\/Nana.jpg\",\"width\":1340,\"height\":506,\"caption\":\"Nana Asma\u2019u. El feminismo nacido en \u00c1frica\"},{\"@type\":\"BreadcrumbList\",\"@id\":\"https:\\\/\\\/diariofemenino.com.ar\\\/df\\\/nana-asmau-el-feminismo-nacido-en-africa\\\/#breadcrumb\",\"itemListElement\":[{\"@type\":\"ListItem\",\"position\":1,\"name\":\"Portada\",\"item\":\"https:\\\/\\\/diariofemenino.com.ar\\\/df\\\/\"},{\"@type\":\"ListItem\",\"position\":2,\"name\":\"Nana Asma\u2019u. El feminismo nacido en \u00c1frica\"}]},{\"@type\":\"WebSite\",\"@id\":\"https:\\\/\\\/diariofemenino.com.ar\\\/df\\\/#website\",\"url\":\"https:\\\/\\\/diariofemenino.com.ar\\\/df\\\/\",\"name\":\"Diario Digital Femenino\",\"description\":\"Cuesti\u00f3n de G\u00e9nero\",\"publisher\":{\"@id\":\"https:\\\/\\\/diariofemenino.com.ar\\\/df\\\/#organization\"},\"potentialAction\":[{\"@type\":\"SearchAction\",\"target\":{\"@type\":\"EntryPoint\",\"urlTemplate\":\"https:\\\/\\\/diariofemenino.com.ar\\\/df\\\/?s={search_term_string}\"},\"query-input\":{\"@type\":\"PropertyValueSpecification\",\"valueRequired\":true,\"valueName\":\"search_term_string\"}}],\"inLanguage\":\"es\"},{\"@type\":\"Organization\",\"@id\":\"https:\\\/\\\/diariofemenino.com.ar\\\/df\\\/#organization\",\"name\":\"Diario Femenino\",\"url\":\"https:\\\/\\\/diariofemenino.com.ar\\\/df\\\/\",\"logo\":{\"@type\":\"ImageObject\",\"inLanguage\":\"es\",\"@id\":\"https:\\\/\\\/diariofemenino.com.ar\\\/df\\\/#\\\/schema\\\/logo\\\/image\\\/\",\"url\":\"https:\\\/\\\/diariofemenino.com.ar\\\/df\\\/wp-content\\\/uploads\\\/2018\\\/10\\\/logo.png\",\"contentUrl\":\"https:\\\/\\\/diariofemenino.com.ar\\\/df\\\/wp-content\\\/uploads\\\/2018\\\/10\\\/logo.png\",\"width\":500,\"height\":92,\"caption\":\"Diario Femenino\"},\"image\":{\"@id\":\"https:\\\/\\\/diariofemenino.com.ar\\\/df\\\/#\\\/schema\\\/logo\\\/image\\\/\"},\"sameAs\":[\"https:\\\/\\\/www.facebook.com\\\/DiarioDigitaFemenino\\\/\",\"https:\\\/\\\/x.com\\\/DiarioFemenino1\"]},{\"@type\":\"Person\",\"@id\":\"https:\\\/\\\/diariofemenino.com.ar\\\/df\\\/#\\\/schema\\\/person\\\/bf6199e8158c657ea6f789b11ec85509\",\"name\":\"Admin\",\"image\":{\"@type\":\"ImageObject\",\"inLanguage\":\"es\",\"@id\":\"https:\\\/\\\/diariofemenino.com.ar\\\/df\\\/wp-content\\\/uploads\\\/2018\\\/12\\\/favicon-150x150.jpg\",\"url\":\"https:\\\/\\\/diariofemenino.com.ar\\\/df\\\/wp-content\\\/uploads\\\/2018\\\/12\\\/favicon-150x150.jpg\",\"contentUrl\":\"https:\\\/\\\/diariofemenino.com.ar\\\/df\\\/wp-content\\\/uploads\\\/2018\\\/12\\\/favicon-150x150.jpg\",\"caption\":\"Admin\"},\"url\":\"https:\\\/\\\/diariofemenino.com.ar\\\/df\\\/author\\\/lenny\\\/\"}]}<\/script>\n<!-- \/ Yoast SEO plugin. -->","yoast_head_json":{"title":"Nana Asma\u2019u. El feminismo nacido en \u00c1frica - Diario Digital Femenino","description":"Nana Asma\u2019u. poeta, maestra, erudita e intelectual por derecho propio, sus contribuciones eliminaron los estereotipos m\u00edticos de las mujeres musulmanas.","robots":{"index":"index","follow":"follow","max-snippet":"max-snippet:-1","max-image-preview":"max-image-preview:large","max-video-preview":"max-video-preview:-1"},"canonical":"https:\/\/diariofemenino.com.ar\/df\/nana-asmau-el-feminismo-nacido-en-africa\/","og_locale":"es_ES","og_type":"article","og_title":"Nana Asma\u2019u. El feminismo nacido en \u00c1frica - Diario Digital Femenino","og_description":"Nana Asma\u2019u. poeta, maestra, erudita e intelectual por derecho propio, sus contribuciones eliminaron los estereotipos m\u00edticos de las mujeres musulmanas.","og_url":"https:\/\/diariofemenino.com.ar\/df\/nana-asmau-el-feminismo-nacido-en-africa\/","og_site_name":"Diario Digital Femenino","article_publisher":"https:\/\/www.facebook.com\/DiarioDigitaFemenino\/","article_published_time":"2023-02-06T15:57:59+00:00","og_image":[{"width":1340,"height":506,"url":"https:\/\/diariofemenino.com.ar\/df\/wp-content\/uploads\/2023\/02\/Nana.jpg","type":"image\/jpeg"}],"author":"Admin","twitter_card":"summary_large_image","twitter_creator":"@DiarioFemenino1","twitter_site":"@DiarioFemenino1","twitter_misc":{"Escrito por":"Admin","Tiempo de lectura":"4 minutos"},"schema":{"@context":"https:\/\/schema.org","@graph":[{"@type":"Article","@id":"https:\/\/diariofemenino.com.ar\/df\/nana-asmau-el-feminismo-nacido-en-africa\/#article","isPartOf":{"@id":"https:\/\/diariofemenino.com.ar\/df\/nana-asmau-el-feminismo-nacido-en-africa\/"},"author":{"name":"Admin","@id":"https:\/\/diariofemenino.com.ar\/df\/#\/schema\/person\/bf6199e8158c657ea6f789b11ec85509"},"headline":"Nana Asma\u2019u. El feminismo nacido en \u00c1frica","datePublished":"2023-02-06T15:57:59+00:00","mainEntityOfPage":{"@id":"https:\/\/diariofemenino.com.ar\/df\/nana-asmau-el-feminismo-nacido-en-africa\/"},"wordCount":869,"commentCount":0,"publisher":{"@id":"https:\/\/diariofemenino.com.ar\/df\/#organization"},"image":{"@id":"https:\/\/diariofemenino.com.ar\/df\/nana-asmau-el-feminismo-nacido-en-africa\/#primaryimage"},"thumbnailUrl":"https:\/\/diariofemenino.com.ar\/df\/wp-content\/uploads\/2023\/02\/Nana.jpg","keywords":["\u00c1frica","afrofeminas","Feminismo","Feminismo africano","Mujeres","Nana Asma\u2019u"],"articleSection":["Agenda Feminista","Art\u00edculos y Comunicados","Mujeres","Mujeres en Palabras","Violencias"],"inLanguage":"es","potentialAction":[{"@type":"CommentAction","name":"Comment","target":["https:\/\/diariofemenino.com.ar\/df\/nana-asmau-el-feminismo-nacido-en-africa\/#respond"]}]},{"@type":"WebPage","@id":"https:\/\/diariofemenino.com.ar\/df\/nana-asmau-el-feminismo-nacido-en-africa\/","url":"https:\/\/diariofemenino.com.ar\/df\/nana-asmau-el-feminismo-nacido-en-africa\/","name":"Nana Asma\u2019u. El feminismo nacido en \u00c1frica - Diario Digital Femenino","isPartOf":{"@id":"https:\/\/diariofemenino.com.ar\/df\/#website"},"primaryImageOfPage":{"@id":"https:\/\/diariofemenino.com.ar\/df\/nana-asmau-el-feminismo-nacido-en-africa\/#primaryimage"},"image":{"@id":"https:\/\/diariofemenino.com.ar\/df\/nana-asmau-el-feminismo-nacido-en-africa\/#primaryimage"},"thumbnailUrl":"https:\/\/diariofemenino.com.ar\/df\/wp-content\/uploads\/2023\/02\/Nana.jpg","datePublished":"2023-02-06T15:57:59+00:00","description":"Nana Asma\u2019u. poeta, maestra, erudita e intelectual por derecho propio, sus contribuciones eliminaron los estereotipos m\u00edticos de las mujeres musulmanas.","breadcrumb":{"@id":"https:\/\/diariofemenino.com.ar\/df\/nana-asmau-el-feminismo-nacido-en-africa\/#breadcrumb"},"inLanguage":"es","potentialAction":[{"@type":"ReadAction","target":["https:\/\/diariofemenino.com.ar\/df\/nana-asmau-el-feminismo-nacido-en-africa\/"]}]},{"@type":"ImageObject","inLanguage":"es","@id":"https:\/\/diariofemenino.com.ar\/df\/nana-asmau-el-feminismo-nacido-en-africa\/#primaryimage","url":"https:\/\/diariofemenino.com.ar\/df\/wp-content\/uploads\/2023\/02\/Nana.jpg","contentUrl":"https:\/\/diariofemenino.com.ar\/df\/wp-content\/uploads\/2023\/02\/Nana.jpg","width":1340,"height":506,"caption":"Nana Asma\u2019u. El feminismo nacido en \u00c1frica"},{"@type":"BreadcrumbList","@id":"https:\/\/diariofemenino.com.ar\/df\/nana-asmau-el-feminismo-nacido-en-africa\/#breadcrumb","itemListElement":[{"@type":"ListItem","position":1,"name":"Portada","item":"https:\/\/diariofemenino.com.ar\/df\/"},{"@type":"ListItem","position":2,"name":"Nana Asma\u2019u. El feminismo nacido en \u00c1frica"}]},{"@type":"WebSite","@id":"https:\/\/diariofemenino.com.ar\/df\/#website","url":"https:\/\/diariofemenino.com.ar\/df\/","name":"Diario Digital Femenino","description":"Cuesti\u00f3n de G\u00e9nero","publisher":{"@id":"https:\/\/diariofemenino.com.ar\/df\/#organization"},"potentialAction":[{"@type":"SearchAction","target":{"@type":"EntryPoint","urlTemplate":"https:\/\/diariofemenino.com.ar\/df\/?s={search_term_string}"},"query-input":{"@type":"PropertyValueSpecification","valueRequired":true,"valueName":"search_term_string"}}],"inLanguage":"es"},{"@type":"Organization","@id":"https:\/\/diariofemenino.com.ar\/df\/#organization","name":"Diario Femenino","url":"https:\/\/diariofemenino.com.ar\/df\/","logo":{"@type":"ImageObject","inLanguage":"es","@id":"https:\/\/diariofemenino.com.ar\/df\/#\/schema\/logo\/image\/","url":"https:\/\/diariofemenino.com.ar\/df\/wp-content\/uploads\/2018\/10\/logo.png","contentUrl":"https:\/\/diariofemenino.com.ar\/df\/wp-content\/uploads\/2018\/10\/logo.png","width":500,"height":92,"caption":"Diario Femenino"},"image":{"@id":"https:\/\/diariofemenino.com.ar\/df\/#\/schema\/logo\/image\/"},"sameAs":["https:\/\/www.facebook.com\/DiarioDigitaFemenino\/","https:\/\/x.com\/DiarioFemenino1"]},{"@type":"Person","@id":"https:\/\/diariofemenino.com.ar\/df\/#\/schema\/person\/bf6199e8158c657ea6f789b11ec85509","name":"Admin","image":{"@type":"ImageObject","inLanguage":"es","@id":"https:\/\/diariofemenino.com.ar\/df\/wp-content\/uploads\/2018\/12\/favicon-150x150.jpg","url":"https:\/\/diariofemenino.com.ar\/df\/wp-content\/uploads\/2018\/12\/favicon-150x150.jpg","contentUrl":"https:\/\/diariofemenino.com.ar\/df\/wp-content\/uploads\/2018\/12\/favicon-150x150.jpg","caption":"Admin"},"url":"https:\/\/diariofemenino.com.ar\/df\/author\/lenny\/"}]}},"jetpack_featured_media_url":"https:\/\/diariofemenino.com.ar\/df\/wp-content\/uploads\/2023\/02\/Nana.jpg","jetpack_sharing_enabled":true,"rttpg_featured_image_url":{"full":["https:\/\/diariofemenino.com.ar\/df\/wp-content\/uploads\/2023\/02\/Nana.jpg",1340,506,false],"landscape":["https:\/\/diariofemenino.com.ar\/df\/wp-content\/uploads\/2023\/02\/Nana.jpg",1340,506,false],"portraits":["https:\/\/diariofemenino.com.ar\/df\/wp-content\/uploads\/2023\/02\/Nana.jpg",1340,506,false],"thumbnail":["https:\/\/diariofemenino.com.ar\/df\/wp-content\/uploads\/2023\/02\/Nana-150x150.jpg",150,150,true],"medium":["https:\/\/diariofemenino.com.ar\/df\/wp-content\/uploads\/2023\/02\/Nana-300x113.jpg",300,113,true],"large":["https:\/\/diariofemenino.com.ar\/df\/wp-content\/uploads\/2023\/02\/Nana-1024x387.jpg",1024,387,true],"1536x1536":["https:\/\/diariofemenino.com.ar\/df\/wp-content\/uploads\/2023\/02\/Nana.jpg",1340,506,false],"2048x2048":["https:\/\/diariofemenino.com.ar\/df\/wp-content\/uploads\/2023\/02\/Nana.jpg",1340,506,false]},"rttpg_author":{"display_name":"Admin","author_link":"https:\/\/diariofemenino.com.ar\/df\/author\/lenny\/"},"rttpg_comment":0,"rttpg_category":"<a href=\"https:\/\/diariofemenino.com.ar\/df\/category\/agenda-feminista\/\" rel=\"category tag\">Agenda Feminista<\/a> <a href=\"https:\/\/diariofemenino.com.ar\/df\/category\/articulos-y-comunicados\/\" rel=\"category tag\">Art\u00edculos y Comunicados<\/a> <a href=\"https:\/\/diariofemenino.com.ar\/df\/category\/mujeres\/\" rel=\"category tag\">Mujeres<\/a> <a href=\"https:\/\/diariofemenino.com.ar\/df\/category\/articulos\/\" rel=\"category tag\">Mujeres en Palabras<\/a> <a href=\"https:\/\/diariofemenino.com.ar\/df\/category\/violencias\/\" rel=\"category tag\">Violencias<\/a>","rttpg_excerpt":"Es un hecho que el feminismo no es una construcci\u00f3n prestada en \u00c1frica, ya que las mujeres africanas siempre han creado v\u00edas pol\u00edticas, respuestas sociales e ideolog\u00edas para restaurar los derechos en relaci\u00f3n con la reproducci\u00f3n, la violencia dom\u00e9stica, el permiso de maternidad, el acoso sexual, la igualdad salarial, el sufragio femenino y abuso sexual.&hellip;","_links":{"self":[{"href":"https:\/\/diariofemenino.com.ar\/df\/wp-json\/wp\/v2\/posts\/67756","targetHints":{"allow":["GET"]}}],"collection":[{"href":"https:\/\/diariofemenino.com.ar\/df\/wp-json\/wp\/v2\/posts"}],"about":[{"href":"https:\/\/diariofemenino.com.ar\/df\/wp-json\/wp\/v2\/types\/post"}],"author":[{"embeddable":true,"href":"https:\/\/diariofemenino.com.ar\/df\/wp-json\/wp\/v2\/users\/4"}],"replies":[{"embeddable":true,"href":"https:\/\/diariofemenino.com.ar\/df\/wp-json\/wp\/v2\/comments?post=67756"}],"version-history":[{"count":0,"href":"https:\/\/diariofemenino.com.ar\/df\/wp-json\/wp\/v2\/posts\/67756\/revisions"}],"wp:featuredmedia":[{"embeddable":true,"href":"https:\/\/diariofemenino.com.ar\/df\/wp-json\/wp\/v2\/media\/67807"}],"wp:attachment":[{"href":"https:\/\/diariofemenino.com.ar\/df\/wp-json\/wp\/v2\/media?parent=67756"}],"wp:term":[{"taxonomy":"category","embeddable":true,"href":"https:\/\/diariofemenino.com.ar\/df\/wp-json\/wp\/v2\/categories?post=67756"},{"taxonomy":"post_tag","embeddable":true,"href":"https:\/\/diariofemenino.com.ar\/df\/wp-json\/wp\/v2\/tags?post=67756"}],"curies":[{"name":"wp","href":"https:\/\/api.w.org\/{rel}","templated":true}]}}