{"id":67660,"date":"2023-01-27T11:54:06","date_gmt":"2023-01-27T14:54:06","guid":{"rendered":"https:\/\/diariofemenino.com.ar\/df\/?p=67660"},"modified":"2023-01-27T12:23:09","modified_gmt":"2023-01-27T15:23:09","slug":"violencia-simbolica-una-realidad-invisibilizada","status":"publish","type":"post","link":"https:\/\/diariofemenino.com.ar\/df\/violencia-simbolica-una-realidad-invisibilizada\/","title":{"rendered":"Violencia simb\u00f3lica, una realidad invisibilizada"},"content":{"rendered":"<p><span style=\"color: #808080;\">(descargar en portada)<\/span><\/p>\n<figure id=\"attachment_67670\" aria-describedby=\"caption-attachment-67670\" style=\"width: 412px\" class=\"wp-caption alignleft\"><a href=\"https:\/\/diariofemenino.com.ar\/df\/wp-content\/uploads\/2023\/01\/Informe-violencia-simbolica-1.pdf\"><img loading=\"lazy\" decoding=\"async\" class=\"size-full wp-image-67670\" src=\"https:\/\/diariofemenino.com.ar\/df\/wp-content\/uploads\/2023\/01\/Violencia-simb\u00f3lica1.jpg\" alt=\"Violencia simb\u00f3lica, una realidad invisibilizada\" width=\"412\" height=\"584\" srcset=\"https:\/\/diariofemenino.com.ar\/df\/wp-content\/uploads\/2023\/01\/Violencia-simb\u00f3lica1.jpg 412w, https:\/\/diariofemenino.com.ar\/df\/wp-content\/uploads\/2023\/01\/Violencia-simb\u00f3lica1-212x300.jpg 212w\" sizes=\"auto, (max-width: 412px) 100vw, 412px\" \/><\/a><figcaption id=\"caption-attachment-67670\" class=\"wp-caption-text\">Violencia simb\u00f3lica, una realidad invisibilizada<\/figcaption><\/figure>\n<p>\u00abDesde <a href=\"http:\/\/generoytrabajo.com\/\">Grow &#8211; G\u00e9nero y Trabajo<\/a> durante el 2022 elegimos poner en un primer plano todas las situaciones de violencia simb\u00f3lica que las personas \u2013especialmente las mujeres y personas de otras identidades de g\u00e9nero\u2013 viven en distintas etapas y \u00e1mbitos de sus vidas. Este tipo de violencia opera de manera \u201cinvisible\u201d, bajo la forma de estereotipos, expectativas y roles que sostienen la desigualdad por razones de g\u00e9nero. Los mensajes que recibimos a lo largo de nuestras vidas condicionan profesiones, exigen determinados cuerpos, marcan qu\u00e9 pueden y deben hacer las personas.<\/p>\n<p>En este sentido, llevamos adelante una encuesta online para conocer cu\u00e1l ha sido la experiencia de las personas respecto a este tipo de violencia en \u00e1mbitos educativos y en procesos de selecci\u00f3n. En particular, buscamos conocer qu\u00e9 situaciones vivieron en las distintas instancias de formaci\u00f3n (por ejemplo, escolar, universitaria, terciaria, en oficios) as\u00ed como tambi\u00e9n en las b\u00fasquedas <a href=\"https:\/\/diariofemenino.com.ar\/df\/visibilizando-la-violencia-simbolica-en-ambitos-laborales\/\">laborales<\/a> (env\u00edo de cv, entrevistas laborales, entre otros). Hasta mayo, la encuesta fue respondida por 680 mujeres, 162 varones y 34 personas de otras identidades de g\u00e9nero.<\/p>\n<p>Nuestra campa\u00f1a tiene como objetivo visibilizar la violencia simb\u00f3lica para dejar de naturalizarla y promover una sociedad libre de violencias. Para eso desarrollamos un sitio web con informaci\u00f3n sobre este tipo de violencia en los distintos \u00e1mbitos. Compartimos los hallazgos principales de la encuesta y nuestras reflexiones sobre cada punto.<\/p>\n<p>Conocimiento de t\u00e9rminos y vivencias<\/p>\n<p>El 60% de las mujeres cis y el 62% de las personas de identidades de g\u00e9nero no cisnormativas aseguraron conocer la definici\u00f3n de violencia simb\u00f3lica, mientras que el 47% de los varones cis respondieron lo mismo. Por otra parte, 9 de cada 10 mujeres cis respondieron haber experimentado este tipo de violencia alguna vez (90%), y en un porcentaje similar, el 86% de las personas de identidades de g\u00e9nero no cisnormativas. Con respecto a los varones cis, aseguraron haberla vivido el 44% de los encuestados.<\/p>\n<p>(&#8230;)<\/p>\n<p>Violencia simb\u00f3lica en \u00e1mbitos educativos<\/p>\n<p>Como se mencion\u00f3 anteriormente, la violencia simb\u00f3lica suele aparecer invisibilizada en los discursos, influenciando las elecciones y posibilidades de las personas, y reproduciendo estereotipos y sesgos de g\u00e9nero. La educaci\u00f3n superior es una instancia en la que estos mensajes aparecen con especial \u00e9nfasis, donde una de sus manifestaciones m\u00e1s frecuentes es asignar a cada g\u00e9nero determinadas habilidades y profesiones. Esta violencia se percibe en las expectativas que familiares y conocidos\/as tienen sobre las elecciones de carrera seg\u00fan el g\u00e9nero de la persona. As\u00ed mismo, profesores\/as y compa\u00f1eros\/as tambi\u00e9n trasladan sus estereotipos y sesgos de g\u00e9nero al momento de transitar los estudios.<\/p>\n<p>Estas situaciones las vemos traducidas en que el 76% de las mujeres cis y el 87% de las identidades de g\u00e9nero no cisnormativas escucharon alguna vez una frase que pusiera en duda su estudio debido a una raz\u00f3n de g\u00e9nero. Sin embargo, lo mismo le pas\u00f3 tan solo al 32% de los varones. A partir de estos resultados, podemos deducir que hay una noci\u00f3n m\u00e1s generalizada de que los varones pueden elegir una mayor variedad de estudios o carreras, mientras que pareciera que para las mujeres y personas de otras identidades de g\u00e9nero solo se habilitan algunas carreras como posibilidades, lo que limita las oportunidades de desarrollo profesional.\u00bb<\/p>\n<p>Seguir leyendo&#8230;. <a href=\"https:\/\/diariofemenino.com.ar\/df\/wp-content\/uploads\/2023\/01\/Informe-violencia-simbolica-1.pdf\">Aqu\u00ed.\u00a0<\/a><\/p>\n<p><iframe loading=\"lazy\" title=\"YouTube video player\" src=\"https:\/\/www.youtube.com\/embed\/drCRnAvfwME\" width=\"560\" height=\"315\" frameborder=\"0\" allowfullscreen=\"allowfullscreen\"><\/iframe><\/p>\n<p><a href=\"http:\/\/generoytrabajo.com\/violenciasimbolica\/\">Grow &#8211; G\u00e9nero y trabajo<\/a><\/p>\n<p>Instagram <a href=\"https:\/\/www.instagram.com\/diariodigitalfemenino_\/\">Diario Digital Femenino<\/a><\/p>\n","protected":false},"excerpt":{"rendered":"<p>(descargar en portada) \u00abDesde Grow &#8211; G\u00e9nero y Trabajo durante el 2022 elegimos poner en un primer plano todas las situaciones de violencia simb\u00f3lica que las personas \u2013especialmente las mujeres y personas de otras identidades de g\u00e9nero\u2013 viven en distintas etapas y \u00e1mbitos de sus vidas. Este tipo de violencia opera de manera \u201cinvisible\u201d, bajo [&hellip;]<\/p>\n","protected":false},"author":4,"featured_media":67669,"comment_status":"open","ping_status":"open","sticky":false,"template":"","format":"standard","meta":{"iawp_total_views":153,"footnotes":""},"categories":[7,1067,19,182,21,23,180,592],"tags":[5712,3209,5615,1633,46,88],"class_list":["post-67660","post","type-post","status-publish","format-standard","has-post-thumbnail","hentry","category-actividades","category-agenda-feminista","category-biblioteca","category-informes","category-noticias","category-salud","category-videos","category-violencias","tag-ambito-educativo","tag-encuesta","tag-grow-genero-y-trabajo","tag-informe","tag-violencia-laboral","tag-violencia-simbolica"],"nelio_content":{"autoShareEndMode":"never","automationSources":{"useCustomSentences":false,"customSentences":[]},"efiAlt":"","efiUrl":"","followers":[4],"highlights":[],"isAutoShareEnabled":true,"networkImageIds":[],"permalinkQueryArgs":[],"series":[],"suggestedReferences":[]},"yoast_head":"<!-- This site is optimized with the Yoast SEO plugin v27.5 - https:\/\/yoast.com\/product\/yoast-seo-wordpress\/ -->\n<title>Violencia simb\u00f3lica, una realidad invisibilizada - Diario Digital Femenino<\/title>\n<meta name=\"description\" content=\"Violencia simb\u00f3lica. Desde Grow - G\u00e9nero y Trabajo durante el 2022 elegimos poner en un primer plano todas las situaciones de violencia simb\u00f3lica\" \/>\n<meta name=\"robots\" content=\"index, follow, max-snippet:-1, max-image-preview:large, max-video-preview:-1\" \/>\n<link rel=\"canonical\" href=\"https:\/\/diariofemenino.com.ar\/df\/violencia-simbolica-una-realidad-invisibilizada\/\" \/>\n<meta property=\"og:locale\" content=\"es_ES\" \/>\n<meta property=\"og:type\" content=\"article\" \/>\n<meta property=\"og:title\" content=\"Violencia simb\u00f3lica, una realidad invisibilizada - Diario Digital Femenino\" \/>\n<meta property=\"og:description\" content=\"Violencia simb\u00f3lica. Desde Grow - G\u00e9nero y Trabajo durante el 2022 elegimos poner en un primer plano todas las situaciones de violencia simb\u00f3lica\" \/>\n<meta property=\"og:url\" content=\"https:\/\/diariofemenino.com.ar\/df\/violencia-simbolica-una-realidad-invisibilizada\/\" \/>\n<meta property=\"og:site_name\" content=\"Diario Digital Femenino\" \/>\n<meta property=\"article:publisher\" content=\"https:\/\/www.facebook.com\/DiarioDigitaFemenino\/\" \/>\n<meta property=\"article:published_time\" content=\"2023-01-27T14:54:06+00:00\" \/>\n<meta property=\"article:modified_time\" content=\"2023-01-27T15:23:09+00:00\" \/>\n<meta property=\"og:image\" content=\"https:\/\/diariofemenino.com.ar\/df\/wp-content\/uploads\/2023\/01\/Violencia-simb\u00f3lica2.jpg\" \/>\n\t<meta property=\"og:image:width\" content=\"783\" \/>\n\t<meta property=\"og:image:height\" content=\"589\" \/>\n\t<meta property=\"og:image:type\" content=\"image\/jpeg\" \/>\n<meta name=\"author\" content=\"Admin\" \/>\n<meta name=\"twitter:card\" content=\"summary_large_image\" \/>\n<meta name=\"twitter:creator\" content=\"@DiarioFemenino1\" \/>\n<meta name=\"twitter:site\" content=\"@DiarioFemenino1\" \/>\n<meta name=\"twitter:label1\" content=\"Escrito por\" \/>\n\t<meta name=\"twitter:data1\" content=\"Admin\" \/>\n\t<meta name=\"twitter:label2\" content=\"Tiempo de lectura\" \/>\n\t<meta name=\"twitter:data2\" content=\"3 minutos\" \/>\n<script type=\"application\/ld+json\" class=\"yoast-schema-graph\">{\"@context\":\"https:\\\/\\\/schema.org\",\"@graph\":[{\"@type\":\"Article\",\"@id\":\"https:\\\/\\\/diariofemenino.com.ar\\\/df\\\/violencia-simbolica-una-realidad-invisibilizada\\\/#article\",\"isPartOf\":{\"@id\":\"https:\\\/\\\/diariofemenino.com.ar\\\/df\\\/violencia-simbolica-una-realidad-invisibilizada\\\/\"},\"author\":{\"name\":\"Admin\",\"@id\":\"https:\\\/\\\/diariofemenino.com.ar\\\/df\\\/#\\\/schema\\\/person\\\/bf6199e8158c657ea6f789b11ec85509\"},\"headline\":\"Violencia simb\u00f3lica, una realidad invisibilizada\",\"datePublished\":\"2023-01-27T14:54:06+00:00\",\"dateModified\":\"2023-01-27T15:23:09+00:00\",\"mainEntityOfPage\":{\"@id\":\"https:\\\/\\\/diariofemenino.com.ar\\\/df\\\/violencia-simbolica-una-realidad-invisibilizada\\\/\"},\"wordCount\":588,\"commentCount\":0,\"publisher\":{\"@id\":\"https:\\\/\\\/diariofemenino.com.ar\\\/df\\\/#organization\"},\"image\":{\"@id\":\"https:\\\/\\\/diariofemenino.com.ar\\\/df\\\/violencia-simbolica-una-realidad-invisibilizada\\\/#primaryimage\"},\"thumbnailUrl\":\"https:\\\/\\\/diariofemenino.com.ar\\\/df\\\/wp-content\\\/uploads\\\/2023\\\/01\\\/Violencia-simb\u00f3lica2.jpg\",\"keywords\":[\"\u00c1mbito educativo\",\"Encuesta\",\"Grow - G\u00e9nero y trabajo\",\"Informe\",\"Violencia laboral\",\"Violencia Simb\u00f3lica\"],\"articleSection\":[\"Actividades\",\"Agenda Feminista\",\"Biblioteca Virtual\",\"Informes\",\"Noticias\",\"Salud\",\"Videos\",\"Violencias\"],\"inLanguage\":\"es\",\"potentialAction\":[{\"@type\":\"CommentAction\",\"name\":\"Comment\",\"target\":[\"https:\\\/\\\/diariofemenino.com.ar\\\/df\\\/violencia-simbolica-una-realidad-invisibilizada\\\/#respond\"]}]},{\"@type\":\"WebPage\",\"@id\":\"https:\\\/\\\/diariofemenino.com.ar\\\/df\\\/violencia-simbolica-una-realidad-invisibilizada\\\/\",\"url\":\"https:\\\/\\\/diariofemenino.com.ar\\\/df\\\/violencia-simbolica-una-realidad-invisibilizada\\\/\",\"name\":\"Violencia simb\u00f3lica, una realidad invisibilizada - Diario Digital Femenino\",\"isPartOf\":{\"@id\":\"https:\\\/\\\/diariofemenino.com.ar\\\/df\\\/#website\"},\"primaryImageOfPage\":{\"@id\":\"https:\\\/\\\/diariofemenino.com.ar\\\/df\\\/violencia-simbolica-una-realidad-invisibilizada\\\/#primaryimage\"},\"image\":{\"@id\":\"https:\\\/\\\/diariofemenino.com.ar\\\/df\\\/violencia-simbolica-una-realidad-invisibilizada\\\/#primaryimage\"},\"thumbnailUrl\":\"https:\\\/\\\/diariofemenino.com.ar\\\/df\\\/wp-content\\\/uploads\\\/2023\\\/01\\\/Violencia-simb\u00f3lica2.jpg\",\"datePublished\":\"2023-01-27T14:54:06+00:00\",\"dateModified\":\"2023-01-27T15:23:09+00:00\",\"description\":\"Violencia simb\u00f3lica. Desde Grow - G\u00e9nero y Trabajo durante el 2022 elegimos poner en un primer plano todas las situaciones de violencia simb\u00f3lica\",\"breadcrumb\":{\"@id\":\"https:\\\/\\\/diariofemenino.com.ar\\\/df\\\/violencia-simbolica-una-realidad-invisibilizada\\\/#breadcrumb\"},\"inLanguage\":\"es\",\"potentialAction\":[{\"@type\":\"ReadAction\",\"target\":[\"https:\\\/\\\/diariofemenino.com.ar\\\/df\\\/violencia-simbolica-una-realidad-invisibilizada\\\/\"]}]},{\"@type\":\"ImageObject\",\"inLanguage\":\"es\",\"@id\":\"https:\\\/\\\/diariofemenino.com.ar\\\/df\\\/violencia-simbolica-una-realidad-invisibilizada\\\/#primaryimage\",\"url\":\"https:\\\/\\\/diariofemenino.com.ar\\\/df\\\/wp-content\\\/uploads\\\/2023\\\/01\\\/Violencia-simb\u00f3lica2.jpg\",\"contentUrl\":\"https:\\\/\\\/diariofemenino.com.ar\\\/df\\\/wp-content\\\/uploads\\\/2023\\\/01\\\/Violencia-simb\u00f3lica2.jpg\",\"width\":783,\"height\":589,\"caption\":\"Violencia simb\u00f3lica, una realidad invisibilizada\"},{\"@type\":\"BreadcrumbList\",\"@id\":\"https:\\\/\\\/diariofemenino.com.ar\\\/df\\\/violencia-simbolica-una-realidad-invisibilizada\\\/#breadcrumb\",\"itemListElement\":[{\"@type\":\"ListItem\",\"position\":1,\"name\":\"Portada\",\"item\":\"https:\\\/\\\/diariofemenino.com.ar\\\/df\\\/\"},{\"@type\":\"ListItem\",\"position\":2,\"name\":\"Violencia simb\u00f3lica, una realidad invisibilizada\"}]},{\"@type\":\"WebSite\",\"@id\":\"https:\\\/\\\/diariofemenino.com.ar\\\/df\\\/#website\",\"url\":\"https:\\\/\\\/diariofemenino.com.ar\\\/df\\\/\",\"name\":\"Diario Digital Femenino\",\"description\":\"Cuesti\u00f3n de G\u00e9nero\",\"publisher\":{\"@id\":\"https:\\\/\\\/diariofemenino.com.ar\\\/df\\\/#organization\"},\"potentialAction\":[{\"@type\":\"SearchAction\",\"target\":{\"@type\":\"EntryPoint\",\"urlTemplate\":\"https:\\\/\\\/diariofemenino.com.ar\\\/df\\\/?s={search_term_string}\"},\"query-input\":{\"@type\":\"PropertyValueSpecification\",\"valueRequired\":true,\"valueName\":\"search_term_string\"}}],\"inLanguage\":\"es\"},{\"@type\":\"Organization\",\"@id\":\"https:\\\/\\\/diariofemenino.com.ar\\\/df\\\/#organization\",\"name\":\"Diario Femenino\",\"url\":\"https:\\\/\\\/diariofemenino.com.ar\\\/df\\\/\",\"logo\":{\"@type\":\"ImageObject\",\"inLanguage\":\"es\",\"@id\":\"https:\\\/\\\/diariofemenino.com.ar\\\/df\\\/#\\\/schema\\\/logo\\\/image\\\/\",\"url\":\"https:\\\/\\\/diariofemenino.com.ar\\\/df\\\/wp-content\\\/uploads\\\/2018\\\/10\\\/logo.png\",\"contentUrl\":\"https:\\\/\\\/diariofemenino.com.ar\\\/df\\\/wp-content\\\/uploads\\\/2018\\\/10\\\/logo.png\",\"width\":500,\"height\":92,\"caption\":\"Diario Femenino\"},\"image\":{\"@id\":\"https:\\\/\\\/diariofemenino.com.ar\\\/df\\\/#\\\/schema\\\/logo\\\/image\\\/\"},\"sameAs\":[\"https:\\\/\\\/www.facebook.com\\\/DiarioDigitaFemenino\\\/\",\"https:\\\/\\\/x.com\\\/DiarioFemenino1\"]},{\"@type\":\"Person\",\"@id\":\"https:\\\/\\\/diariofemenino.com.ar\\\/df\\\/#\\\/schema\\\/person\\\/bf6199e8158c657ea6f789b11ec85509\",\"name\":\"Admin\",\"image\":{\"@type\":\"ImageObject\",\"inLanguage\":\"es\",\"@id\":\"https:\\\/\\\/diariofemenino.com.ar\\\/df\\\/wp-content\\\/uploads\\\/2018\\\/12\\\/favicon-150x150.jpg\",\"url\":\"https:\\\/\\\/diariofemenino.com.ar\\\/df\\\/wp-content\\\/uploads\\\/2018\\\/12\\\/favicon-150x150.jpg\",\"contentUrl\":\"https:\\\/\\\/diariofemenino.com.ar\\\/df\\\/wp-content\\\/uploads\\\/2018\\\/12\\\/favicon-150x150.jpg\",\"caption\":\"Admin\"},\"url\":\"https:\\\/\\\/diariofemenino.com.ar\\\/df\\\/author\\\/lenny\\\/\"}]}<\/script>\n<!-- \/ Yoast SEO plugin. -->","yoast_head_json":{"title":"Violencia simb\u00f3lica, una realidad invisibilizada - Diario Digital Femenino","description":"Violencia simb\u00f3lica. Desde Grow - G\u00e9nero y Trabajo durante el 2022 elegimos poner en un primer plano todas las situaciones de violencia simb\u00f3lica","robots":{"index":"index","follow":"follow","max-snippet":"max-snippet:-1","max-image-preview":"max-image-preview:large","max-video-preview":"max-video-preview:-1"},"canonical":"https:\/\/diariofemenino.com.ar\/df\/violencia-simbolica-una-realidad-invisibilizada\/","og_locale":"es_ES","og_type":"article","og_title":"Violencia simb\u00f3lica, una realidad invisibilizada - Diario Digital Femenino","og_description":"Violencia simb\u00f3lica. Desde Grow - G\u00e9nero y Trabajo durante el 2022 elegimos poner en un primer plano todas las situaciones de violencia simb\u00f3lica","og_url":"https:\/\/diariofemenino.com.ar\/df\/violencia-simbolica-una-realidad-invisibilizada\/","og_site_name":"Diario Digital Femenino","article_publisher":"https:\/\/www.facebook.com\/DiarioDigitaFemenino\/","article_published_time":"2023-01-27T14:54:06+00:00","article_modified_time":"2023-01-27T15:23:09+00:00","og_image":[{"width":783,"height":589,"url":"https:\/\/diariofemenino.com.ar\/df\/wp-content\/uploads\/2023\/01\/Violencia-simb\u00f3lica2.jpg","type":"image\/jpeg"}],"author":"Admin","twitter_card":"summary_large_image","twitter_creator":"@DiarioFemenino1","twitter_site":"@DiarioFemenino1","twitter_misc":{"Escrito por":"Admin","Tiempo de lectura":"3 minutos"},"schema":{"@context":"https:\/\/schema.org","@graph":[{"@type":"Article","@id":"https:\/\/diariofemenino.com.ar\/df\/violencia-simbolica-una-realidad-invisibilizada\/#article","isPartOf":{"@id":"https:\/\/diariofemenino.com.ar\/df\/violencia-simbolica-una-realidad-invisibilizada\/"},"author":{"name":"Admin","@id":"https:\/\/diariofemenino.com.ar\/df\/#\/schema\/person\/bf6199e8158c657ea6f789b11ec85509"},"headline":"Violencia simb\u00f3lica, una realidad invisibilizada","datePublished":"2023-01-27T14:54:06+00:00","dateModified":"2023-01-27T15:23:09+00:00","mainEntityOfPage":{"@id":"https:\/\/diariofemenino.com.ar\/df\/violencia-simbolica-una-realidad-invisibilizada\/"},"wordCount":588,"commentCount":0,"publisher":{"@id":"https:\/\/diariofemenino.com.ar\/df\/#organization"},"image":{"@id":"https:\/\/diariofemenino.com.ar\/df\/violencia-simbolica-una-realidad-invisibilizada\/#primaryimage"},"thumbnailUrl":"https:\/\/diariofemenino.com.ar\/df\/wp-content\/uploads\/2023\/01\/Violencia-simb\u00f3lica2.jpg","keywords":["\u00c1mbito educativo","Encuesta","Grow - G\u00e9nero y trabajo","Informe","Violencia laboral","Violencia Simb\u00f3lica"],"articleSection":["Actividades","Agenda Feminista","Biblioteca Virtual","Informes","Noticias","Salud","Videos","Violencias"],"inLanguage":"es","potentialAction":[{"@type":"CommentAction","name":"Comment","target":["https:\/\/diariofemenino.com.ar\/df\/violencia-simbolica-una-realidad-invisibilizada\/#respond"]}]},{"@type":"WebPage","@id":"https:\/\/diariofemenino.com.ar\/df\/violencia-simbolica-una-realidad-invisibilizada\/","url":"https:\/\/diariofemenino.com.ar\/df\/violencia-simbolica-una-realidad-invisibilizada\/","name":"Violencia simb\u00f3lica, una realidad invisibilizada - Diario Digital Femenino","isPartOf":{"@id":"https:\/\/diariofemenino.com.ar\/df\/#website"},"primaryImageOfPage":{"@id":"https:\/\/diariofemenino.com.ar\/df\/violencia-simbolica-una-realidad-invisibilizada\/#primaryimage"},"image":{"@id":"https:\/\/diariofemenino.com.ar\/df\/violencia-simbolica-una-realidad-invisibilizada\/#primaryimage"},"thumbnailUrl":"https:\/\/diariofemenino.com.ar\/df\/wp-content\/uploads\/2023\/01\/Violencia-simb\u00f3lica2.jpg","datePublished":"2023-01-27T14:54:06+00:00","dateModified":"2023-01-27T15:23:09+00:00","description":"Violencia simb\u00f3lica. Desde Grow - G\u00e9nero y Trabajo durante el 2022 elegimos poner en un primer plano todas las situaciones de violencia simb\u00f3lica","breadcrumb":{"@id":"https:\/\/diariofemenino.com.ar\/df\/violencia-simbolica-una-realidad-invisibilizada\/#breadcrumb"},"inLanguage":"es","potentialAction":[{"@type":"ReadAction","target":["https:\/\/diariofemenino.com.ar\/df\/violencia-simbolica-una-realidad-invisibilizada\/"]}]},{"@type":"ImageObject","inLanguage":"es","@id":"https:\/\/diariofemenino.com.ar\/df\/violencia-simbolica-una-realidad-invisibilizada\/#primaryimage","url":"https:\/\/diariofemenino.com.ar\/df\/wp-content\/uploads\/2023\/01\/Violencia-simb\u00f3lica2.jpg","contentUrl":"https:\/\/diariofemenino.com.ar\/df\/wp-content\/uploads\/2023\/01\/Violencia-simb\u00f3lica2.jpg","width":783,"height":589,"caption":"Violencia simb\u00f3lica, una realidad invisibilizada"},{"@type":"BreadcrumbList","@id":"https:\/\/diariofemenino.com.ar\/df\/violencia-simbolica-una-realidad-invisibilizada\/#breadcrumb","itemListElement":[{"@type":"ListItem","position":1,"name":"Portada","item":"https:\/\/diariofemenino.com.ar\/df\/"},{"@type":"ListItem","position":2,"name":"Violencia simb\u00f3lica, una realidad invisibilizada"}]},{"@type":"WebSite","@id":"https:\/\/diariofemenino.com.ar\/df\/#website","url":"https:\/\/diariofemenino.com.ar\/df\/","name":"Diario Digital Femenino","description":"Cuesti\u00f3n de G\u00e9nero","publisher":{"@id":"https:\/\/diariofemenino.com.ar\/df\/#organization"},"potentialAction":[{"@type":"SearchAction","target":{"@type":"EntryPoint","urlTemplate":"https:\/\/diariofemenino.com.ar\/df\/?s={search_term_string}"},"query-input":{"@type":"PropertyValueSpecification","valueRequired":true,"valueName":"search_term_string"}}],"inLanguage":"es"},{"@type":"Organization","@id":"https:\/\/diariofemenino.com.ar\/df\/#organization","name":"Diario Femenino","url":"https:\/\/diariofemenino.com.ar\/df\/","logo":{"@type":"ImageObject","inLanguage":"es","@id":"https:\/\/diariofemenino.com.ar\/df\/#\/schema\/logo\/image\/","url":"https:\/\/diariofemenino.com.ar\/df\/wp-content\/uploads\/2018\/10\/logo.png","contentUrl":"https:\/\/diariofemenino.com.ar\/df\/wp-content\/uploads\/2018\/10\/logo.png","width":500,"height":92,"caption":"Diario Femenino"},"image":{"@id":"https:\/\/diariofemenino.com.ar\/df\/#\/schema\/logo\/image\/"},"sameAs":["https:\/\/www.facebook.com\/DiarioDigitaFemenino\/","https:\/\/x.com\/DiarioFemenino1"]},{"@type":"Person","@id":"https:\/\/diariofemenino.com.ar\/df\/#\/schema\/person\/bf6199e8158c657ea6f789b11ec85509","name":"Admin","image":{"@type":"ImageObject","inLanguage":"es","@id":"https:\/\/diariofemenino.com.ar\/df\/wp-content\/uploads\/2018\/12\/favicon-150x150.jpg","url":"https:\/\/diariofemenino.com.ar\/df\/wp-content\/uploads\/2018\/12\/favicon-150x150.jpg","contentUrl":"https:\/\/diariofemenino.com.ar\/df\/wp-content\/uploads\/2018\/12\/favicon-150x150.jpg","caption":"Admin"},"url":"https:\/\/diariofemenino.com.ar\/df\/author\/lenny\/"}]}},"jetpack_featured_media_url":"https:\/\/diariofemenino.com.ar\/df\/wp-content\/uploads\/2023\/01\/Violencia-simb\u00f3lica2.jpg","jetpack_sharing_enabled":true,"rttpg_featured_image_url":{"full":["https:\/\/diariofemenino.com.ar\/df\/wp-content\/uploads\/2023\/01\/Violencia-simb\u00f3lica2.jpg",783,589,false],"landscape":["https:\/\/diariofemenino.com.ar\/df\/wp-content\/uploads\/2023\/01\/Violencia-simb\u00f3lica2.jpg",783,589,false],"portraits":["https:\/\/diariofemenino.com.ar\/df\/wp-content\/uploads\/2023\/01\/Violencia-simb\u00f3lica2.jpg",783,589,false],"thumbnail":["https:\/\/diariofemenino.com.ar\/df\/wp-content\/uploads\/2023\/01\/Violencia-simb\u00f3lica2-150x150.jpg",150,150,true],"medium":["https:\/\/diariofemenino.com.ar\/df\/wp-content\/uploads\/2023\/01\/Violencia-simb\u00f3lica2-300x226.jpg",300,226,true],"large":["https:\/\/diariofemenino.com.ar\/df\/wp-content\/uploads\/2023\/01\/Violencia-simb\u00f3lica2.jpg",783,589,false],"1536x1536":["https:\/\/diariofemenino.com.ar\/df\/wp-content\/uploads\/2023\/01\/Violencia-simb\u00f3lica2.jpg",783,589,false],"2048x2048":["https:\/\/diariofemenino.com.ar\/df\/wp-content\/uploads\/2023\/01\/Violencia-simb\u00f3lica2.jpg",783,589,false]},"rttpg_author":{"display_name":"Admin","author_link":"https:\/\/diariofemenino.com.ar\/df\/author\/lenny\/"},"rttpg_comment":0,"rttpg_category":"<a href=\"https:\/\/diariofemenino.com.ar\/df\/category\/actividades\/\" rel=\"category tag\">Actividades<\/a> <a href=\"https:\/\/diariofemenino.com.ar\/df\/category\/agenda-feminista\/\" rel=\"category tag\">Agenda Feminista<\/a> <a href=\"https:\/\/diariofemenino.com.ar\/df\/category\/biblioteca\/\" rel=\"category tag\">Biblioteca Virtual<\/a> <a href=\"https:\/\/diariofemenino.com.ar\/df\/category\/informes\/\" rel=\"category tag\">Informes<\/a> <a href=\"https:\/\/diariofemenino.com.ar\/df\/category\/noticias\/\" rel=\"category tag\">Noticias<\/a> <a href=\"https:\/\/diariofemenino.com.ar\/df\/category\/salud\/\" rel=\"category tag\">Salud<\/a> <a href=\"https:\/\/diariofemenino.com.ar\/df\/category\/videos\/\" rel=\"category tag\">Videos<\/a> <a href=\"https:\/\/diariofemenino.com.ar\/df\/category\/violencias\/\" rel=\"category tag\">Violencias<\/a>","rttpg_excerpt":"(descargar en portada) \u00abDesde Grow &#8211; G\u00e9nero y Trabajo durante el 2022 elegimos poner en un primer plano todas las situaciones de violencia simb\u00f3lica que las personas \u2013especialmente las mujeres y personas de otras identidades de g\u00e9nero\u2013 viven en distintas etapas y \u00e1mbitos de sus vidas. Este tipo de violencia opera de manera \u201cinvisible\u201d, bajo&hellip;","_links":{"self":[{"href":"https:\/\/diariofemenino.com.ar\/df\/wp-json\/wp\/v2\/posts\/67660","targetHints":{"allow":["GET"]}}],"collection":[{"href":"https:\/\/diariofemenino.com.ar\/df\/wp-json\/wp\/v2\/posts"}],"about":[{"href":"https:\/\/diariofemenino.com.ar\/df\/wp-json\/wp\/v2\/types\/post"}],"author":[{"embeddable":true,"href":"https:\/\/diariofemenino.com.ar\/df\/wp-json\/wp\/v2\/users\/4"}],"replies":[{"embeddable":true,"href":"https:\/\/diariofemenino.com.ar\/df\/wp-json\/wp\/v2\/comments?post=67660"}],"version-history":[{"count":0,"href":"https:\/\/diariofemenino.com.ar\/df\/wp-json\/wp\/v2\/posts\/67660\/revisions"}],"wp:featuredmedia":[{"embeddable":true,"href":"https:\/\/diariofemenino.com.ar\/df\/wp-json\/wp\/v2\/media\/67669"}],"wp:attachment":[{"href":"https:\/\/diariofemenino.com.ar\/df\/wp-json\/wp\/v2\/media?parent=67660"}],"wp:term":[{"taxonomy":"category","embeddable":true,"href":"https:\/\/diariofemenino.com.ar\/df\/wp-json\/wp\/v2\/categories?post=67660"},{"taxonomy":"post_tag","embeddable":true,"href":"https:\/\/diariofemenino.com.ar\/df\/wp-json\/wp\/v2\/tags?post=67660"}],"curies":[{"name":"wp","href":"https:\/\/api.w.org\/{rel}","templated":true}]}}