{"id":67648,"date":"2023-01-26T10:39:20","date_gmt":"2023-01-26T13:39:20","guid":{"rendered":"https:\/\/diariofemenino.com.ar\/df\/?p=67648"},"modified":"2023-01-26T10:39:20","modified_gmt":"2023-01-26T13:39:20","slug":"que-es-y-que-no-es-la-violencia-vicaria","status":"publish","type":"post","link":"https:\/\/diariofemenino.com.ar\/df\/que-es-y-que-no-es-la-violencia-vicaria\/","title":{"rendered":"\u00bfQu\u00e9 es y qu\u00e9 no es la violencia vicaria?"},"content":{"rendered":"<p id=\"m69-68-70\">Se trata de una forma de violencia de g\u00e9nero que tiene por v\u00edctimas a los hijos o hijas, que se ejerce\u00a0por el padre o de la pareja de la madre, y que en casos extremos puede acabar con el asesinato de los menores.<\/p>\n<p>Por\u00a0<a href=\"https:\/\/www.publico.es\/author\/marisa-kohan#analytics-noticia:autor\">Marisa Kohan <\/a><br \/>\n<a class=\"twitter\" href=\"https:\/\/twitter.com\/kohanm\" target=\"_blank\" rel=\"noopener\">@KOHANM<\/a><br \/>\nIlustraci\u00f3n de portada:\u00a0p.nitas<\/p>\n<p><b>La violencia vicaria es una forma en la que se manifiesta o se ejerce la violencia de g\u00e9nero<\/b>. Supone\u00a0<a title=\"\u00bfQu\u00e9 es la violencia vicaria y por qu\u00e9 es el maltrato m\u00e1s cruel hacia las mujeres?\" href=\"https:\/\/www.publico.es\/sociedad\/violencia-machista-violencia-vicaria-maltrato-cruel-mujeres.html#analytics-buscador:listado\">la utilizaci\u00f3n de los hijos o hijas por parte del padre o la pareja de la madre para producirles da\u00f1o a las madres<\/a>. Es tambi\u00e9n un maltrato a los menores, pero con un objetivo claro contra la mujer a la que se quiere da\u00f1ar.<\/p>\n<p id=\"m307-1-308\" class=\"pb-article-item-iteration\">Tal como explican diversas expertas sobre esta violencia en particular, se entiende como una \u00abviolencia instrumental\u00bb para hacer da\u00f1o a la mujer.\u00a0A lo largo de los \u00faltimos meses, diversas fuentes y medios de comunicaci\u00f3n han hablado de que se ha ejercido violencia vicaria cuando una mujer ha sido asesinada junto a su hijo o su hija. Sin embargo,\u00a0<b>la mayor\u00eda de estos caso no entran dentro de la categor\u00eda de violencia vicaria<\/b>.<\/p>\n<div id=\"sc_intxt_container\">\n<div id=\"sc-intext-passback\" data-google-query-id=\"CJPR7piq5fwCFUmzlQIdHy0KZg\">Este mi\u00e9rcoles, la\u00a0<b>delegada del Gobierno contra la violencia de g\u00e9nero<\/b>,\u00a0<b>Victoria Rosell<\/b>, ha querido aclarar este concepto que \u00abes relativamente nuevo y crea a veces confusi\u00f3n\u00bb, aprovechando la rueda de prensa en la que repas\u00f3 los datos de la violencia de g\u00e9nero a lo largo de 2022.<\/div>\n<div data-google-query-id=\"CJPR7piq5fwCFUmzlQIdHy0KZg\">\n<p id=\"m317-3-318\" class=\"pb-article-item-iteration\">\u00abConforme a nuestra clasificaci\u00f3n, es violencia vicaria toda aquella en la que se utiliza a menores, sean hijos o allegados,<b>\u00a0como instrumentos para causar el mayor da\u00f1o a la madre<\/b>. Se trata de una cosificaci\u00f3n, de una instrumentalizaci\u00f3n de los ni\u00f1os para causar un da\u00f1o inmediato a los ni\u00f1os, pero no como un maltrato infantil, sino a la madre o a la mujer con la que tiene una relaci\u00f3n y que sufre esta violencia de g\u00e9nero\u00bb, explic\u00f3 Rosell.<\/p>\n<p id=\"m322-4-323\" class=\"pb-article-item-iteration\">Expertas como la psic\u00f3loga\u00a0<b>Marisol Rojas Fern\u00e1ndez<\/b>, explican que esta violencia que ejercen las parejas o exparejas de las madres sobre los menores<b>\u00a0supone una \u00abdeshumanizaci\u00f3n de los hijos. Es decir, quitarles la categor\u00eda de personas y ponerles la categor\u00eda de objeto<\/b>, de instrumento con el que da\u00f1ar a la madre en una violencia que causa un dolor extremo. El padre, que usa a esos hijos como instrumento para hacer da\u00f1o, sabe que el dolor que va a causar a la madre es mucho mayor que si la da\u00f1ara a ella directamente. Es un dolor que a ella le va a hacer sentir culpa por no haber protegido a sus hijos, sobre todo en el caso de los asesinatos, que es el m\u00e1s extremo de la violencia vicaria.\u00a0<b>El dolor que inflige es extremo porque durar\u00e1 toda la vida<\/b>\u00ab.<\/p>\n<p id=\"m327-5-328\" class=\"pb-article-item-iteration\">Por este motivo se habla de cosificaci\u00f3n o de instrumentalizaci\u00f3n de los menores, porque supone tratarlos como objetos para ese fin.<\/p>\n<p id=\"m332-6-333\" class=\"pb-article-item-iteration\">Para la psic\u00f3loga forense\u00a0<a href=\"https:\/\/diariofemenino.com.ar\/df\/?s=Sonia+Vaccaro\"><b>Sonia Vaccaro<\/b><\/a>, qui\u00e9n acu\u00f1\u00f3 el t\u00e9rmino violencia vicaria en 2012, se trata de\u00a0\u00ab<b>una de las manifestaciones que adopta la violencia hacia las mujeres que se ejerce a trav\u00e9s de los hijos<\/b>\u00ab. Por este motivo, explica, una mujer no puede ejercer violencia vicaria. Se trata de una violencia que forma parte del \u00e1mbito de las violencias machistas.<\/p>\n<p id=\"m337-7-338\" class=\"pb-article-item-iteration\">Para esta experta, otra de las caracter\u00edsticas que tiene este tipo de violencia, es que\u00a0<b>suele ser anunciada<\/b>, puesto que como parte de la violencia de g\u00e9nero amenazan a las mujeres con frases: \u00ab<b>Te quitar\u00e9 lo que m\u00e1s quieres<\/b>\u00ab, \u00ab<b>no los vas a volver a ver m\u00e1s<\/b>\u00bb o \u00ab<b>te dar\u00e9 donde m\u00e1s te duele<\/b>\u00ab. Un estudio realizado por Vaccaro y titulado\u00a0<i><a title=\"Violencia vicaria: un golpe irreparable contra las mujeres\" href=\"https:\/\/psicologiafeminista.com\/wp-content\/uploads\/AMPF-Informe_V_Vicaria-DIGITAL.pdf\">Violencia vicaria: un golpe irreparable contra las mujeres<\/a><\/i>, desvel\u00f3 que de las 400 sentencias revisadas, en 51 existen menciones expresas de los hombres hacia las mujeres sobre el maltrato a los hijos con amenazas expl\u00edcitas.<\/p>\n<p id=\"m342-8-343\" class=\"pb-article-item-iteration\">La violencia vicaria no supone necesariamente el asesinato de los menores. \u00c9sta es la manifestaci\u00f3n extrema de esta violencia y en muchos casos los asesinos acaban suicid\u00e1ndose despu\u00e9s de cometer el crimen. Es una violencia que muchas veces\u00a0<b>se destapa o se incrementa tras la separaci\u00f3n de la pareja<\/b>, tal como afirma Vaccaro. \u00abCuando el hombre maltratador ve que por la separaci\u00f3n pierde el control de su pareja y la posibilidad de seguir control\u00e1ndola o haci\u00e9ndole da\u00f1o de forma directa, bien porque tiene una orden de alejamiento sobre ella o por que ya no conviven juntos, es cuando m\u00e1s se acent\u00faa este tipo de violencia a trav\u00e9s de los hijos. Por eso, la separaci\u00f3n es un momento muy delicado\u00bb, explica.<\/p>\n<figure id=\"attachment_67658\" aria-describedby=\"caption-attachment-67658\" style=\"width: 597px\" class=\"wp-caption aligncenter\"><img loading=\"lazy\" decoding=\"async\" class=\" wp-image-67658\" src=\"https:\/\/diariofemenino.com.ar\/df\/wp-content\/uploads\/2023\/01\/210612171019_2016042112533911927.jpg\" alt=\"\u00bfQu\u00e9 es y qu\u00e9 no es la violencia vicaria?\" width=\"597\" height=\"398\" srcset=\"https:\/\/diariofemenino.com.ar\/df\/wp-content\/uploads\/2023\/01\/210612171019_2016042112533911927.jpg 990w, https:\/\/diariofemenino.com.ar\/df\/wp-content\/uploads\/2023\/01\/210612171019_2016042112533911927-300x200.jpg 300w, https:\/\/diariofemenino.com.ar\/df\/wp-content\/uploads\/2023\/01\/210612171019_2016042112533911927-768x512.jpg 768w\" sizes=\"auto, (max-width: 597px) 100vw, 597px\" \/><figcaption id=\"caption-attachment-67658\" class=\"wp-caption-text\">\u00bfQu\u00e9 es y qu\u00e9 no es la violencia vicaria?<\/figcaption><\/figure>\n<div class=\"relacionadas\">\n<div class=\"related-module related-news-between-text\">\n<div class=\"related\">\n<div id=\"m278-2-279\" class=\"item-related-news-between-text add-author no-icon\" data-collection=\"m230-229-231\">\n<p id=\"m347-9-348\" class=\"highlighted\"><strong><br \/>\nQu\u00e9 no es la violencia vicaria<br \/>\n<\/strong><\/p>\n<p id=\"m352-10-353\" class=\"pb-article-item-iteration\">En muchos casos de asesinatos machistas, cuando la pareja o expareja asesina a la madre y simult\u00e1neamente a alguno de sus hijos, no se considera que ha existido violencia vicaria.<\/p>\n<p id=\"m357-11-358\" class=\"pb-article-item-iteration\">Victoria Rosell afirma que en el caso del\u00a0<a title=\"Detienen a un hombre por el asesinato de su pareja y su hija de ocho a\u00f1os en Valladolid\" href=\"https:\/\/www.publico.es\/mujer\/detienen-hombre-asesinato-pareja-y-hija-ocho-anos-valladolid.html#analytics-buscador:listado\">doble asesinato por violencia de g\u00e9nero ocurrido en Valladolid el pasado 23 de enero<\/a>, en el que un hombre asesin\u00f3 a su pareja junto a la hija de ocho a\u00f1os de ambos, no se trata de un acto de violencia vicaria \u00ab<b>En los casos en que la mujer muere simult\u00e1neamente o antes que el menor y no ha sufrido este da\u00f1o<\/b>\u00a0por el asesinato previo de la menor o el menor, no se clasifica como violencia vicaria, sino como violencia de g\u00e9nero\u00bb, aclara.<\/p>\n<p id=\"m362-12-363\" class=\"pb-article-item-iteration\">Desde que se recogen estad\u00edsticas sobre el asesinato de los hijos de las mujeres v\u00edctimas de violencia de g\u00e9nero (2013),\u00a0<b>un total de 49 menores han sido asesinados por sus padres o por las parejas de sus madres<\/b>. Sin embargo,\u00a0<b>no se conoce cu\u00e1ntos de ellos han sido asesinados por violencia vicaria<\/b>. Los datos que hasta ahora recog\u00eda la delegaci\u00f3n del Gobierno contra la violencia de g\u00e9nero, dependiente del Ministerio de Igualdad, s\u00f3lo refleja el dato de la provincia, el grupo de edad del menor y el asesino, si hab\u00eda o no denuncia previa u orden de alejamiento o si qui\u00e9n realiz\u00f3 el crimen el padre o la expareja de la mujer.<\/p>\n<p id=\"m367-13-368\" class=\"pb-article-item-iteration\">Desde el pasado enero, este organismo\u00a0<a title=\"Igualdad contabiliza 19 feminicidios fuera de la pareja en los primeros seis meses del a\u00f1o\" href=\"https:\/\/www.publico.es\/mujer\/igualdad-contabiliza-19-feminicidios-fuera-pareja-primeros-seis-meses-ano.html#analytics-noticia:contenido-enlace\">ha comenzado a recopilar de forma separada otros asesinatos de violencia machista<\/a>. Una de las categor\u00edas es la de violencia vicaria. Los \u00fanicos datos disponibles hasta la fecha son el de los primeros seis meses del a\u00f1o pasado, en los que\u00a0<b>no hubo ning\u00fan caso de asesinato de menores por esta violencia<\/b>. Igualdad har\u00e1 p\u00fablicos los datos del segundo semestre en las pr\u00f3ximas semanas.<\/p>\n<p id=\"m372-14-373\" class=\"pb-article-item-iteration\">A lo largo de las \u00faltimas d\u00e9cadas, han habido casos muy conocidos de violencia vicaria. Entre ellos cabe destacar\u00a0<a title=\"La madre de Ruth y Jos\u00e9, asesinados hace diez a\u00f1os por su padre, lamenta la falta de apoyo ante la violencia vicaria\" href=\"https:\/\/www.publico.es\/sociedad\/jose-breton-madre-ruth-jose-asesinados-diez-anos-padre-lamenta-falta-apoyo-violencia-vicaria.html#analytics-noticia:contenido-enlace\" target=\"_blank\" rel=\"noopener\">el de\u00a0<b>Jos\u00e9 Bret\u00f3n<\/b><\/a>, que asesin\u00f3 a sus dos hijos e intent\u00f3 deshacerse de los cuerpos quem\u00e1ndolos. Tambi\u00e9n el de las ni\u00f1as\u00a0<b><a title=\"Tom\u00e1s Gimeno ten\u00eda como objetivo provocar a su expareja el mayor dolor que pudiera imaginar, seg\u00fan la jueza\" href=\"https:\/\/www.publico.es\/politica\/tomas-gimeno-tenia-objetivo-provocar.html#analytics-noticia:contenido-enlace\">Olivia y Anna<\/a>\u00a0en Tenerife<\/b>, cuando su padre se las llev\u00f3 y supuestamente las tir\u00f3 al mar (s\u00f3lo se ha conseguido rescatar uno de los cuerpos de las menores), o el caso de<b>\u00a0<a title=\"El Estado reconoce que la protecci\u00f3n a las hijas de Itziar Prats, asesinadas por su padre, fue 'insuficiente e inadecuada'\" href=\"https:\/\/www.publico.es\/politica\/reconoce-proteccion-hijas-itziar-prats-asesinadas-padre-insuficiente-e-inadecuada.html#analytics-noticia:contenido-enlace\" target=\"_blank\" rel=\"noopener\">Itziar Prats<\/a><\/b>, cuyas hijas fueron asesinadas por su expareja durante una visita y posteriormente se suicid\u00f3.<\/p>\n<p>Fuente para DDF: <a href=\"https:\/\/diariofemenino.com.ar\/df\/?s=Enrique+Stola\">Enrique Stola<\/a><br \/>\nPublicada en:\u00a0<a style=\"background-color: #ffffff;\" href=\"https:\/\/www.publico.es\/mujer\/no-violencia-vicaria.html?utm_source=twitter&amp;utm_medium=social&amp;utm_campaign=web\">P\u00fablico<\/a><\/p>\n<p>Instagram <a href=\"https:\/\/www.instagram.com\/diariodigitalfemenino_\/\">Diario Digital Femenino<\/a><\/p>\n<\/div>\n<\/div>\n<\/div>\n<\/div>\n<\/div>\n<\/div>\n","protected":false},"excerpt":{"rendered":"<p>Se trata de una forma de violencia de g\u00e9nero que tiene por v\u00edctimas a los hijos o hijas, que se ejerce\u00a0por el padre o de la pareja de la madre, y que en casos extremos puede acabar con el asesinato de los menores. Por\u00a0Marisa Kohan @KOHANM Ilustraci\u00f3n de portada:\u00a0p.nitas La violencia vicaria es una forma [&hellip;]<\/p>\n","protected":false},"author":4,"featured_media":67657,"comment_status":"open","ping_status":"open","sticky":false,"template":"","format":"standard","meta":{"iawp_total_views":905,"footnotes":""},"categories":[581,9,4,6,23,592],"tags":[4372,5709,5707,5708,3024],"class_list":["post-67648","post","type-post","status-publish","format-standard","has-post-thumbnail","hentry","category-azul-profundo","category-de-esi-si-se-habla","category-medios","category-articulos","category-salud","category-violencias","tag-destacada","tag-marisa-kohan","tag-que-es","tag-que-no-es","tag-violencia-vicaria"],"nelio_content":{"autoShareEndMode":"never","automationSources":{"useCustomSentences":false,"customSentences":[]},"efiAlt":"","efiUrl":"","followers":[4],"highlights":[],"isAutoShareEnabled":true,"networkImageIds":[],"permalinkQueryArgs":[],"series":[],"suggestedReferences":[]},"yoast_head":"<!-- This site is optimized with the Yoast SEO plugin v27.4 - https:\/\/yoast.com\/product\/yoast-seo-wordpress\/ -->\n<title>\u00bfQu\u00e9 es y qu\u00e9 no es la violencia vicaria? - Diario Digital Femenino<\/title>\n<meta name=\"description\" content=\"Qu\u00e9 es y qu\u00e9 no es.Se trata de una forma de violencia de g\u00e9nero que tiene por v\u00edctimas a los hijos o hijas, que se ejerce\u00a0por el padre o pareja de la madre\" \/>\n<meta name=\"robots\" content=\"index, follow, max-snippet:-1, max-image-preview:large, max-video-preview:-1\" \/>\n<link rel=\"canonical\" href=\"https:\/\/diariofemenino.com.ar\/df\/que-es-y-que-no-es-la-violencia-vicaria\/\" \/>\n<meta property=\"og:locale\" content=\"es_ES\" \/>\n<meta property=\"og:type\" content=\"article\" \/>\n<meta property=\"og:title\" content=\"\u00bfQu\u00e9 es y qu\u00e9 no es la violencia vicaria? - Diario Digital Femenino\" \/>\n<meta property=\"og:description\" content=\"Qu\u00e9 es y qu\u00e9 no es.Se trata de una forma de violencia de g\u00e9nero que tiene por v\u00edctimas a los hijos o hijas, que se ejerce\u00a0por el padre o pareja de la madre\" \/>\n<meta property=\"og:url\" content=\"https:\/\/diariofemenino.com.ar\/df\/que-es-y-que-no-es-la-violencia-vicaria\/\" \/>\n<meta property=\"og:site_name\" content=\"Diario Digital Femenino\" \/>\n<meta property=\"article:publisher\" content=\"https:\/\/www.facebook.com\/DiarioDigitaFemenino\/\" \/>\n<meta property=\"article:published_time\" content=\"2023-01-26T13:39:20+00:00\" \/>\n<meta property=\"og:image\" content=\"https:\/\/diariofemenino.com.ar\/df\/wp-content\/uploads\/2023\/01\/Extracto-imagen-encuentro-violencia-vicaria.jpg\" \/>\n\t<meta property=\"og:image:width\" content=\"1080\" \/>\n\t<meta property=\"og:image:height\" content=\"549\" \/>\n\t<meta property=\"og:image:type\" content=\"image\/jpeg\" \/>\n<meta name=\"author\" content=\"Admin\" \/>\n<meta name=\"twitter:card\" content=\"summary_large_image\" \/>\n<meta name=\"twitter:creator\" content=\"@DiarioFemenino1\" \/>\n<meta name=\"twitter:site\" content=\"@DiarioFemenino1\" \/>\n<meta name=\"twitter:label1\" content=\"Escrito por\" \/>\n\t<meta name=\"twitter:data1\" content=\"Admin\" \/>\n\t<meta name=\"twitter:label2\" content=\"Tiempo de lectura\" \/>\n\t<meta name=\"twitter:data2\" content=\"6 minutos\" \/>\n<script type=\"application\/ld+json\" class=\"yoast-schema-graph\">{\"@context\":\"https:\\\/\\\/schema.org\",\"@graph\":[{\"@type\":\"Article\",\"@id\":\"https:\\\/\\\/diariofemenino.com.ar\\\/df\\\/que-es-y-que-no-es-la-violencia-vicaria\\\/#article\",\"isPartOf\":{\"@id\":\"https:\\\/\\\/diariofemenino.com.ar\\\/df\\\/que-es-y-que-no-es-la-violencia-vicaria\\\/\"},\"author\":{\"name\":\"Admin\",\"@id\":\"https:\\\/\\\/diariofemenino.com.ar\\\/df\\\/#\\\/schema\\\/person\\\/bf6199e8158c657ea6f789b11ec85509\"},\"headline\":\"\u00bfQu\u00e9 es y qu\u00e9 no es la violencia vicaria?\",\"datePublished\":\"2023-01-26T13:39:20+00:00\",\"mainEntityOfPage\":{\"@id\":\"https:\\\/\\\/diariofemenino.com.ar\\\/df\\\/que-es-y-que-no-es-la-violencia-vicaria\\\/\"},\"wordCount\":1267,\"commentCount\":0,\"publisher\":{\"@id\":\"https:\\\/\\\/diariofemenino.com.ar\\\/df\\\/#organization\"},\"image\":{\"@id\":\"https:\\\/\\\/diariofemenino.com.ar\\\/df\\\/que-es-y-que-no-es-la-violencia-vicaria\\\/#primaryimage\"},\"thumbnailUrl\":\"https:\\\/\\\/diariofemenino.com.ar\\\/df\\\/wp-content\\\/uploads\\\/2023\\\/01\\\/Extracto-imagen-encuentro-violencia-vicaria.jpg\",\"keywords\":[\"Destacada\",\"Marisa Kohan\",\"Qu\u00e9 es\",\"Qu\u00e9 no es\",\"Violencia vicaria\"],\"articleSection\":[\"Azul Profundo\",\"De ESI S\u00ed Se Habla\",\"Medios\",\"Mujeres en Palabras\",\"Salud\",\"Violencias\"],\"inLanguage\":\"es\",\"potentialAction\":[{\"@type\":\"CommentAction\",\"name\":\"Comment\",\"target\":[\"https:\\\/\\\/diariofemenino.com.ar\\\/df\\\/que-es-y-que-no-es-la-violencia-vicaria\\\/#respond\"]}]},{\"@type\":\"WebPage\",\"@id\":\"https:\\\/\\\/diariofemenino.com.ar\\\/df\\\/que-es-y-que-no-es-la-violencia-vicaria\\\/\",\"url\":\"https:\\\/\\\/diariofemenino.com.ar\\\/df\\\/que-es-y-que-no-es-la-violencia-vicaria\\\/\",\"name\":\"\u00bfQu\u00e9 es y qu\u00e9 no es la violencia vicaria? - Diario Digital Femenino\",\"isPartOf\":{\"@id\":\"https:\\\/\\\/diariofemenino.com.ar\\\/df\\\/#website\"},\"primaryImageOfPage\":{\"@id\":\"https:\\\/\\\/diariofemenino.com.ar\\\/df\\\/que-es-y-que-no-es-la-violencia-vicaria\\\/#primaryimage\"},\"image\":{\"@id\":\"https:\\\/\\\/diariofemenino.com.ar\\\/df\\\/que-es-y-que-no-es-la-violencia-vicaria\\\/#primaryimage\"},\"thumbnailUrl\":\"https:\\\/\\\/diariofemenino.com.ar\\\/df\\\/wp-content\\\/uploads\\\/2023\\\/01\\\/Extracto-imagen-encuentro-violencia-vicaria.jpg\",\"datePublished\":\"2023-01-26T13:39:20+00:00\",\"description\":\"Qu\u00e9 es y qu\u00e9 no es.Se trata de una forma de violencia de g\u00e9nero que tiene por v\u00edctimas a los hijos o hijas, que se ejerce\u00a0por el padre o pareja de la madre\",\"breadcrumb\":{\"@id\":\"https:\\\/\\\/diariofemenino.com.ar\\\/df\\\/que-es-y-que-no-es-la-violencia-vicaria\\\/#breadcrumb\"},\"inLanguage\":\"es\",\"potentialAction\":[{\"@type\":\"ReadAction\",\"target\":[\"https:\\\/\\\/diariofemenino.com.ar\\\/df\\\/que-es-y-que-no-es-la-violencia-vicaria\\\/\"]}]},{\"@type\":\"ImageObject\",\"inLanguage\":\"es\",\"@id\":\"https:\\\/\\\/diariofemenino.com.ar\\\/df\\\/que-es-y-que-no-es-la-violencia-vicaria\\\/#primaryimage\",\"url\":\"https:\\\/\\\/diariofemenino.com.ar\\\/df\\\/wp-content\\\/uploads\\\/2023\\\/01\\\/Extracto-imagen-encuentro-violencia-vicaria.jpg\",\"contentUrl\":\"https:\\\/\\\/diariofemenino.com.ar\\\/df\\\/wp-content\\\/uploads\\\/2023\\\/01\\\/Extracto-imagen-encuentro-violencia-vicaria.jpg\",\"width\":1080,\"height\":549,\"caption\":\"\u00bfQu\u00e9 es y qu\u00e9 no es la violencia vicaria?\"},{\"@type\":\"BreadcrumbList\",\"@id\":\"https:\\\/\\\/diariofemenino.com.ar\\\/df\\\/que-es-y-que-no-es-la-violencia-vicaria\\\/#breadcrumb\",\"itemListElement\":[{\"@type\":\"ListItem\",\"position\":1,\"name\":\"Portada\",\"item\":\"https:\\\/\\\/diariofemenino.com.ar\\\/df\\\/\"},{\"@type\":\"ListItem\",\"position\":2,\"name\":\"\u00bfQu\u00e9 es y qu\u00e9 no es la violencia vicaria?\"}]},{\"@type\":\"WebSite\",\"@id\":\"https:\\\/\\\/diariofemenino.com.ar\\\/df\\\/#website\",\"url\":\"https:\\\/\\\/diariofemenino.com.ar\\\/df\\\/\",\"name\":\"Diario Digital Femenino\",\"description\":\"Cuesti\u00f3n de G\u00e9nero\",\"publisher\":{\"@id\":\"https:\\\/\\\/diariofemenino.com.ar\\\/df\\\/#organization\"},\"potentialAction\":[{\"@type\":\"SearchAction\",\"target\":{\"@type\":\"EntryPoint\",\"urlTemplate\":\"https:\\\/\\\/diariofemenino.com.ar\\\/df\\\/?s={search_term_string}\"},\"query-input\":{\"@type\":\"PropertyValueSpecification\",\"valueRequired\":true,\"valueName\":\"search_term_string\"}}],\"inLanguage\":\"es\"},{\"@type\":\"Organization\",\"@id\":\"https:\\\/\\\/diariofemenino.com.ar\\\/df\\\/#organization\",\"name\":\"Diario Femenino\",\"url\":\"https:\\\/\\\/diariofemenino.com.ar\\\/df\\\/\",\"logo\":{\"@type\":\"ImageObject\",\"inLanguage\":\"es\",\"@id\":\"https:\\\/\\\/diariofemenino.com.ar\\\/df\\\/#\\\/schema\\\/logo\\\/image\\\/\",\"url\":\"https:\\\/\\\/diariofemenino.com.ar\\\/df\\\/wp-content\\\/uploads\\\/2018\\\/10\\\/logo.png\",\"contentUrl\":\"https:\\\/\\\/diariofemenino.com.ar\\\/df\\\/wp-content\\\/uploads\\\/2018\\\/10\\\/logo.png\",\"width\":500,\"height\":92,\"caption\":\"Diario Femenino\"},\"image\":{\"@id\":\"https:\\\/\\\/diariofemenino.com.ar\\\/df\\\/#\\\/schema\\\/logo\\\/image\\\/\"},\"sameAs\":[\"https:\\\/\\\/www.facebook.com\\\/DiarioDigitaFemenino\\\/\",\"https:\\\/\\\/x.com\\\/DiarioFemenino1\"]},{\"@type\":\"Person\",\"@id\":\"https:\\\/\\\/diariofemenino.com.ar\\\/df\\\/#\\\/schema\\\/person\\\/bf6199e8158c657ea6f789b11ec85509\",\"name\":\"Admin\",\"image\":{\"@type\":\"ImageObject\",\"inLanguage\":\"es\",\"@id\":\"https:\\\/\\\/diariofemenino.com.ar\\\/df\\\/wp-content\\\/uploads\\\/2018\\\/12\\\/favicon-150x150.jpg\",\"url\":\"https:\\\/\\\/diariofemenino.com.ar\\\/df\\\/wp-content\\\/uploads\\\/2018\\\/12\\\/favicon-150x150.jpg\",\"contentUrl\":\"https:\\\/\\\/diariofemenino.com.ar\\\/df\\\/wp-content\\\/uploads\\\/2018\\\/12\\\/favicon-150x150.jpg\",\"caption\":\"Admin\"},\"url\":\"https:\\\/\\\/diariofemenino.com.ar\\\/df\\\/author\\\/lenny\\\/\"}]}<\/script>\n<!-- \/ Yoast SEO plugin. -->","yoast_head_json":{"title":"\u00bfQu\u00e9 es y qu\u00e9 no es la violencia vicaria? - Diario Digital Femenino","description":"Qu\u00e9 es y qu\u00e9 no es.Se trata de una forma de violencia de g\u00e9nero que tiene por v\u00edctimas a los hijos o hijas, que se ejerce\u00a0por el padre o pareja de la madre","robots":{"index":"index","follow":"follow","max-snippet":"max-snippet:-1","max-image-preview":"max-image-preview:large","max-video-preview":"max-video-preview:-1"},"canonical":"https:\/\/diariofemenino.com.ar\/df\/que-es-y-que-no-es-la-violencia-vicaria\/","og_locale":"es_ES","og_type":"article","og_title":"\u00bfQu\u00e9 es y qu\u00e9 no es la violencia vicaria? - Diario Digital Femenino","og_description":"Qu\u00e9 es y qu\u00e9 no es.Se trata de una forma de violencia de g\u00e9nero que tiene por v\u00edctimas a los hijos o hijas, que se ejerce\u00a0por el padre o pareja de la madre","og_url":"https:\/\/diariofemenino.com.ar\/df\/que-es-y-que-no-es-la-violencia-vicaria\/","og_site_name":"Diario Digital Femenino","article_publisher":"https:\/\/www.facebook.com\/DiarioDigitaFemenino\/","article_published_time":"2023-01-26T13:39:20+00:00","og_image":[{"width":1080,"height":549,"url":"https:\/\/diariofemenino.com.ar\/df\/wp-content\/uploads\/2023\/01\/Extracto-imagen-encuentro-violencia-vicaria.jpg","type":"image\/jpeg"}],"author":"Admin","twitter_card":"summary_large_image","twitter_creator":"@DiarioFemenino1","twitter_site":"@DiarioFemenino1","twitter_misc":{"Escrito por":"Admin","Tiempo de lectura":"6 minutos"},"schema":{"@context":"https:\/\/schema.org","@graph":[{"@type":"Article","@id":"https:\/\/diariofemenino.com.ar\/df\/que-es-y-que-no-es-la-violencia-vicaria\/#article","isPartOf":{"@id":"https:\/\/diariofemenino.com.ar\/df\/que-es-y-que-no-es-la-violencia-vicaria\/"},"author":{"name":"Admin","@id":"https:\/\/diariofemenino.com.ar\/df\/#\/schema\/person\/bf6199e8158c657ea6f789b11ec85509"},"headline":"\u00bfQu\u00e9 es y qu\u00e9 no es la violencia vicaria?","datePublished":"2023-01-26T13:39:20+00:00","mainEntityOfPage":{"@id":"https:\/\/diariofemenino.com.ar\/df\/que-es-y-que-no-es-la-violencia-vicaria\/"},"wordCount":1267,"commentCount":0,"publisher":{"@id":"https:\/\/diariofemenino.com.ar\/df\/#organization"},"image":{"@id":"https:\/\/diariofemenino.com.ar\/df\/que-es-y-que-no-es-la-violencia-vicaria\/#primaryimage"},"thumbnailUrl":"https:\/\/diariofemenino.com.ar\/df\/wp-content\/uploads\/2023\/01\/Extracto-imagen-encuentro-violencia-vicaria.jpg","keywords":["Destacada","Marisa Kohan","Qu\u00e9 es","Qu\u00e9 no es","Violencia vicaria"],"articleSection":["Azul Profundo","De ESI S\u00ed Se Habla","Medios","Mujeres en Palabras","Salud","Violencias"],"inLanguage":"es","potentialAction":[{"@type":"CommentAction","name":"Comment","target":["https:\/\/diariofemenino.com.ar\/df\/que-es-y-que-no-es-la-violencia-vicaria\/#respond"]}]},{"@type":"WebPage","@id":"https:\/\/diariofemenino.com.ar\/df\/que-es-y-que-no-es-la-violencia-vicaria\/","url":"https:\/\/diariofemenino.com.ar\/df\/que-es-y-que-no-es-la-violencia-vicaria\/","name":"\u00bfQu\u00e9 es y qu\u00e9 no es la violencia vicaria? - Diario Digital Femenino","isPartOf":{"@id":"https:\/\/diariofemenino.com.ar\/df\/#website"},"primaryImageOfPage":{"@id":"https:\/\/diariofemenino.com.ar\/df\/que-es-y-que-no-es-la-violencia-vicaria\/#primaryimage"},"image":{"@id":"https:\/\/diariofemenino.com.ar\/df\/que-es-y-que-no-es-la-violencia-vicaria\/#primaryimage"},"thumbnailUrl":"https:\/\/diariofemenino.com.ar\/df\/wp-content\/uploads\/2023\/01\/Extracto-imagen-encuentro-violencia-vicaria.jpg","datePublished":"2023-01-26T13:39:20+00:00","description":"Qu\u00e9 es y qu\u00e9 no es.Se trata de una forma de violencia de g\u00e9nero que tiene por v\u00edctimas a los hijos o hijas, que se ejerce\u00a0por el padre o pareja de la madre","breadcrumb":{"@id":"https:\/\/diariofemenino.com.ar\/df\/que-es-y-que-no-es-la-violencia-vicaria\/#breadcrumb"},"inLanguage":"es","potentialAction":[{"@type":"ReadAction","target":["https:\/\/diariofemenino.com.ar\/df\/que-es-y-que-no-es-la-violencia-vicaria\/"]}]},{"@type":"ImageObject","inLanguage":"es","@id":"https:\/\/diariofemenino.com.ar\/df\/que-es-y-que-no-es-la-violencia-vicaria\/#primaryimage","url":"https:\/\/diariofemenino.com.ar\/df\/wp-content\/uploads\/2023\/01\/Extracto-imagen-encuentro-violencia-vicaria.jpg","contentUrl":"https:\/\/diariofemenino.com.ar\/df\/wp-content\/uploads\/2023\/01\/Extracto-imagen-encuentro-violencia-vicaria.jpg","width":1080,"height":549,"caption":"\u00bfQu\u00e9 es y qu\u00e9 no es la violencia vicaria?"},{"@type":"BreadcrumbList","@id":"https:\/\/diariofemenino.com.ar\/df\/que-es-y-que-no-es-la-violencia-vicaria\/#breadcrumb","itemListElement":[{"@type":"ListItem","position":1,"name":"Portada","item":"https:\/\/diariofemenino.com.ar\/df\/"},{"@type":"ListItem","position":2,"name":"\u00bfQu\u00e9 es y qu\u00e9 no es la violencia vicaria?"}]},{"@type":"WebSite","@id":"https:\/\/diariofemenino.com.ar\/df\/#website","url":"https:\/\/diariofemenino.com.ar\/df\/","name":"Diario Digital Femenino","description":"Cuesti\u00f3n de G\u00e9nero","publisher":{"@id":"https:\/\/diariofemenino.com.ar\/df\/#organization"},"potentialAction":[{"@type":"SearchAction","target":{"@type":"EntryPoint","urlTemplate":"https:\/\/diariofemenino.com.ar\/df\/?s={search_term_string}"},"query-input":{"@type":"PropertyValueSpecification","valueRequired":true,"valueName":"search_term_string"}}],"inLanguage":"es"},{"@type":"Organization","@id":"https:\/\/diariofemenino.com.ar\/df\/#organization","name":"Diario Femenino","url":"https:\/\/diariofemenino.com.ar\/df\/","logo":{"@type":"ImageObject","inLanguage":"es","@id":"https:\/\/diariofemenino.com.ar\/df\/#\/schema\/logo\/image\/","url":"https:\/\/diariofemenino.com.ar\/df\/wp-content\/uploads\/2018\/10\/logo.png","contentUrl":"https:\/\/diariofemenino.com.ar\/df\/wp-content\/uploads\/2018\/10\/logo.png","width":500,"height":92,"caption":"Diario Femenino"},"image":{"@id":"https:\/\/diariofemenino.com.ar\/df\/#\/schema\/logo\/image\/"},"sameAs":["https:\/\/www.facebook.com\/DiarioDigitaFemenino\/","https:\/\/x.com\/DiarioFemenino1"]},{"@type":"Person","@id":"https:\/\/diariofemenino.com.ar\/df\/#\/schema\/person\/bf6199e8158c657ea6f789b11ec85509","name":"Admin","image":{"@type":"ImageObject","inLanguage":"es","@id":"https:\/\/diariofemenino.com.ar\/df\/wp-content\/uploads\/2018\/12\/favicon-150x150.jpg","url":"https:\/\/diariofemenino.com.ar\/df\/wp-content\/uploads\/2018\/12\/favicon-150x150.jpg","contentUrl":"https:\/\/diariofemenino.com.ar\/df\/wp-content\/uploads\/2018\/12\/favicon-150x150.jpg","caption":"Admin"},"url":"https:\/\/diariofemenino.com.ar\/df\/author\/lenny\/"}]}},"jetpack_featured_media_url":"https:\/\/diariofemenino.com.ar\/df\/wp-content\/uploads\/2023\/01\/Extracto-imagen-encuentro-violencia-vicaria.jpg","jetpack_sharing_enabled":true,"rttpg_featured_image_url":{"full":["https:\/\/diariofemenino.com.ar\/df\/wp-content\/uploads\/2023\/01\/Extracto-imagen-encuentro-violencia-vicaria.jpg",1080,549,false],"landscape":["https:\/\/diariofemenino.com.ar\/df\/wp-content\/uploads\/2023\/01\/Extracto-imagen-encuentro-violencia-vicaria.jpg",1080,549,false],"portraits":["https:\/\/diariofemenino.com.ar\/df\/wp-content\/uploads\/2023\/01\/Extracto-imagen-encuentro-violencia-vicaria.jpg",1080,549,false],"thumbnail":["https:\/\/diariofemenino.com.ar\/df\/wp-content\/uploads\/2023\/01\/Extracto-imagen-encuentro-violencia-vicaria-150x150.jpg",150,150,true],"medium":["https:\/\/diariofemenino.com.ar\/df\/wp-content\/uploads\/2023\/01\/Extracto-imagen-encuentro-violencia-vicaria-300x153.jpg",300,153,true],"large":["https:\/\/diariofemenino.com.ar\/df\/wp-content\/uploads\/2023\/01\/Extracto-imagen-encuentro-violencia-vicaria-1024x521.jpg",1024,521,true],"1536x1536":["https:\/\/diariofemenino.com.ar\/df\/wp-content\/uploads\/2023\/01\/Extracto-imagen-encuentro-violencia-vicaria.jpg",1080,549,false],"2048x2048":["https:\/\/diariofemenino.com.ar\/df\/wp-content\/uploads\/2023\/01\/Extracto-imagen-encuentro-violencia-vicaria.jpg",1080,549,false]},"rttpg_author":{"display_name":"Admin","author_link":"https:\/\/diariofemenino.com.ar\/df\/author\/lenny\/"},"rttpg_comment":0,"rttpg_category":"<a href=\"https:\/\/diariofemenino.com.ar\/df\/category\/azul-profundo\/\" rel=\"category tag\">Azul Profundo<\/a> <a href=\"https:\/\/diariofemenino.com.ar\/df\/category\/de-esi-si-se-habla\/\" rel=\"category tag\">De ESI S\u00ed Se Habla<\/a> <a href=\"https:\/\/diariofemenino.com.ar\/df\/category\/medios\/\" rel=\"category tag\">Medios<\/a> <a href=\"https:\/\/diariofemenino.com.ar\/df\/category\/articulos\/\" rel=\"category tag\">Mujeres en Palabras<\/a> <a href=\"https:\/\/diariofemenino.com.ar\/df\/category\/salud\/\" rel=\"category tag\">Salud<\/a> <a href=\"https:\/\/diariofemenino.com.ar\/df\/category\/violencias\/\" rel=\"category tag\">Violencias<\/a>","rttpg_excerpt":"Se trata de una forma de violencia de g\u00e9nero que tiene por v\u00edctimas a los hijos o hijas, que se ejerce\u00a0por el padre o de la pareja de la madre, y que en casos extremos puede acabar con el asesinato de los menores. Por\u00a0Marisa Kohan @KOHANM Ilustraci\u00f3n de portada:\u00a0p.nitas La violencia vicaria es una forma&hellip;","_links":{"self":[{"href":"https:\/\/diariofemenino.com.ar\/df\/wp-json\/wp\/v2\/posts\/67648","targetHints":{"allow":["GET"]}}],"collection":[{"href":"https:\/\/diariofemenino.com.ar\/df\/wp-json\/wp\/v2\/posts"}],"about":[{"href":"https:\/\/diariofemenino.com.ar\/df\/wp-json\/wp\/v2\/types\/post"}],"author":[{"embeddable":true,"href":"https:\/\/diariofemenino.com.ar\/df\/wp-json\/wp\/v2\/users\/4"}],"replies":[{"embeddable":true,"href":"https:\/\/diariofemenino.com.ar\/df\/wp-json\/wp\/v2\/comments?post=67648"}],"version-history":[{"count":0,"href":"https:\/\/diariofemenino.com.ar\/df\/wp-json\/wp\/v2\/posts\/67648\/revisions"}],"wp:featuredmedia":[{"embeddable":true,"href":"https:\/\/diariofemenino.com.ar\/df\/wp-json\/wp\/v2\/media\/67657"}],"wp:attachment":[{"href":"https:\/\/diariofemenino.com.ar\/df\/wp-json\/wp\/v2\/media?parent=67648"}],"wp:term":[{"taxonomy":"category","embeddable":true,"href":"https:\/\/diariofemenino.com.ar\/df\/wp-json\/wp\/v2\/categories?post=67648"},{"taxonomy":"post_tag","embeddable":true,"href":"https:\/\/diariofemenino.com.ar\/df\/wp-json\/wp\/v2\/tags?post=67648"}],"curies":[{"name":"wp","href":"https:\/\/api.w.org\/{rel}","templated":true}]}}