{"id":67600,"date":"2023-01-19T08:33:17","date_gmt":"2023-01-19T11:33:17","guid":{"rendered":"https:\/\/diariofemenino.com.ar\/df\/?p=67600"},"modified":"2023-01-19T08:33:17","modified_gmt":"2023-01-19T11:33:17","slug":"cristina-lobaiza-las-mejores-cosas-suceden-con-otros-por-otros-ante-otros-debido-a-otros","status":"publish","type":"post","link":"https:\/\/diariofemenino.com.ar\/df\/cristina-lobaiza-las-mejores-cosas-suceden-con-otros-por-otros-ante-otros-debido-a-otros\/","title":{"rendered":"Cristina Lobaiza: \u201clas mejores cosas suceden con otros, por otros, ante otros, debido a otros\u201d"},"content":{"rendered":"<p>Cristina Lobaiza es escritora, artista pl\u00e1stica, psic\u00f3loga, feminista y activista por los derechos humanos; desde hace un tiempo realiza diversas intervenciones y capacitaciones en las redes digitales, especialmente en Instagram.<\/p>\n<p>Cada publicaci\u00f3n es recepcionada y comentada por un n\u00famero importante de personas. Amorosamente accedi\u00f3 a una charla con Diario Digital Femenino, permiti\u00e9ndonos realizarle todas las preguntas relacionadas con su activismo, los porqu\u00e9s y la dimensi\u00f3n de esas intervenciones.<\/p>\n<p><strong>Hablemos de \u00bfActivismo digital?<\/strong><\/p>\n<p>-S\u00ed.<br \/>\nMuchas gracias por esta oportunidad de compartir con ustedes, admiro mucho el trabajo que realizan y si me permiten, solo un comentario respecto de mi activaci\u00f3n en Instagram, que es una cuenta de activaci\u00f3n de consciencia feminista. Sin descalificar el territorio de \u201clo opinable\u201d, a m\u00ed me sucede que no expreso mis opiniones p\u00fablicamente, pues no estoy interesada en lo que opino acerca de ninguna cosa.<\/p>\n<p>Lo que hago en Instagram es poner a circular un campo de articulaci\u00f3n de conocimientos propios, capacidades de simbolizar el mundo, recorridos, preguntas, dificultades y saberes; poni\u00e9ndolas a hablar de una manera nueva que permita dar cuenta y estar a la altura de los desaf\u00edos que plantea nuestro tiempo, en los t\u00e9rminos que le interesan al feminismo, es decir, en los t\u00e9rminos del poder. Esto es: de qu\u00e9 la va el mundo, y c\u00f3mo lo logran.<\/p>\n<p><strong>\u00bfPor qu\u00e9 eligi\u00f3 las redes digitales como medio de divulgaci\u00f3n de conocimientos?<br \/>\n<\/strong>-Tuvo que ver con circunstancias inesperadas, con la pandemia y con las interminables cuarentenas en Argentina como tel\u00f3n de fondo. Con el desastre \u2014que observaba desde mi formaci\u00f3n como agente de salud mental de una comunidad\u2014 de la comunicaci\u00f3n del aparato de Estado, inflamando l\u00f3gicas de control sobre l\u00f3gicas de cuidado, usando palabras como \u201caislamiento\u201d o \u201cconfinamiento\u201d, que vienen de la epidemiolog\u00eda pero no aplican al campo de las relaciones interpersonales, salvo para\u00a0 movilizar fuerzas, memorias y ruteos que refuerzan representaciones como la soledad y el abandono. Se sum\u00f3 como factor de mucha preocupaci\u00f3n el agite, realizado desde el poder en todas sus dimensiones\u2014 de la f\u00f3rmula \u201cla violencia contra las mujeres es una pandemia mundial\u201d. Un acercamiento a la violencia contra las mujeres en tiempos de \u201cqu\u00e9date en casa\u201d (el 54% de los feminicidios ocurren en la casa, el 63% son cometidos por parejas y ex parejas) tremendamente regresivo y peligroso; pues ubica al feminicida como enfermo y a la violencia contra las mujeres como una enfermedad infecto contagiosa que como vino ya se nos va a pasar. Y lo que me result\u00f3 m\u00e1s preocupante, esta ocurrencia nos ligaba a los siguientes <em>tags<\/em>: al\u00e9jate, tapate la boca y l\u00e1vate las manos. A partir de all\u00ed me pareci\u00f3 que deb\u00eda empezar a decir p\u00fablicamente lo que pensaba, lo que sab\u00eda, lo que pod\u00eda, y como pod\u00eda.<\/p>\n<figure id=\"attachment_67601\" aria-describedby=\"caption-attachment-67601\" style=\"width: 303px\" class=\"wp-caption aligncenter\"><img loading=\"lazy\" decoding=\"async\" class=\" wp-image-67601\" src=\"https:\/\/diariofemenino.com.ar\/df\/wp-content\/uploads\/2023\/01\/WhatsApp-Image-2023-01-18-at-11.05.27-595x1024.jpeg\" alt=\"Cristina Lobaiza: \u201clas mejores cosas suceden con otros, por otros, ante otros, debido a otros\u201d\" width=\"303\" height=\"521\" srcset=\"https:\/\/diariofemenino.com.ar\/df\/wp-content\/uploads\/2023\/01\/WhatsApp-Image-2023-01-18-at-11.05.27-595x1024.jpeg 595w, https:\/\/diariofemenino.com.ar\/df\/wp-content\/uploads\/2023\/01\/WhatsApp-Image-2023-01-18-at-11.05.27-174x300.jpeg 174w, https:\/\/diariofemenino.com.ar\/df\/wp-content\/uploads\/2023\/01\/WhatsApp-Image-2023-01-18-at-11.05.27-768x1323.jpeg 768w, https:\/\/diariofemenino.com.ar\/df\/wp-content\/uploads\/2023\/01\/WhatsApp-Image-2023-01-18-at-11.05.27.jpeg 929w\" sizes=\"auto, (max-width: 303px) 100vw, 303px\" \/><figcaption id=\"caption-attachment-67601\" class=\"wp-caption-text\">Cristina Lobaiza: \u201clas mejores cosas suceden con otros, por otros, ante otros, debido a otros\u201d<\/figcaption><\/figure>\n<p><strong>C\u00f3mo nace concretamente \u00bfRecord\u00e1s tu primera publicaci\u00f3n?<br \/>\n<\/strong>-M\u00e1s all\u00e1 de publicaciones sueltas, m\u00e1s o menos err\u00e1ticas, m\u00e1s o menos desafortunadas; comenc\u00e9 con una Campa\u00f1a en Redes \u201cLa violencia contra las mujeres NO es una pandemia mundial\u201d, con la que tristemente no pas\u00f3 nada en t\u00e9rminos de ser escuchada o registrada. Pero lo que fue marcando el ritmo de la activaci\u00f3n en ese tiempo fueron los vivos a los que me iban invitando algunas personas j\u00f3venes con cuentas muy bien llevadas y muchos seguidores. Podr\u00eda decir que fueron ellas y ellos los que fueron habilitando el campo de la activaci\u00f3n. En esos intercambios, muy fin del mundo, muy pandemia, iba pasando algo que fue sorprendente en relaci\u00f3n con los efectos que produc\u00eda; posiblemente debido a las extraordinarias posibilidades que ofrec\u00eda la dificultad para desplazarse por el territorio y de encontrarnos, digamos, m\u00e1s anal\u00f3gicamente, cuerpos con cuerpos.<\/p>\n<p><strong>\u00bfA qui\u00e9nes est\u00e1n dirigidas tus publicaciones?<br \/>\n<\/strong>-A nadie en particular desde mi intenci\u00f3n de comunicar, pues lo que hago es lo que puedo hacer y lo que puedo hacer podr\u00eda no interesarle a nadie; y dar\u00eda igual. Quiero decir, esta activaci\u00f3n no surge como proyecto de comunicaci\u00f3n que define a qui\u00e9n se dirige. Surge de otro costal: estoy segura que tengo algo para decir, porque entiendo que es valioso, que es imprescindible y que es urgente. Ahora bien, las estad\u00edsticas existen y nos cuentan cosas. Como es de esperar, el 94% de las seguidoras de la cuenta son mujeres. Pero sorprendentemente, el 80% de las personas que siguen la activaci\u00f3n tienen entre 25 y 45 a\u00f1os; y esto me resulta asombroso porque yo tengo 64 a\u00f1os y podr\u00eda esperarse que lo que tengo para decir fuese poco interesante para ese rango etario. Solo el 1% de las personas que me siguen tienen mi edad, o m\u00e1s.<\/p>\n<p><strong>\u00bfQu\u00e9 an\u00e1lisis hac\u00e9s de las expresiones negativas o directamente agresivas?<br \/>\n<\/strong>-Hay muy, muy pocas expresiones negativas en mi red, tanto en el <em>feed<\/em> como en mensajes privados. Dir\u00eda que en el presente, ninguna. Por suerte me quieren mucho y yo lo agradezco porque cada expresi\u00f3n de cari\u00f1o es de un apuntalamiento enorme, no se imaginan cu\u00e1nto. Cuando aparecen expresiones o comentarios que implican descalificaciones y violencias trato de mostrar por qu\u00e9 no es mi cuenta el lugar para hacerlo; y de estimular a sus autoras o autores para que se animen, conf\u00eden en sus potencias y se vayan a hacer caca a sus patios. Esto los desanima. Y por fuera de las pi\u00f1as, que no son tolerables; siempre agradezco mucho las resonancias en disidencia porque entiendo que son oportunidades \u00fanicas para saber d\u00f3nde estamos paradas, para entender c\u00f3mo lo est\u00e1 pensando ese lugar \u201cotro\u201d con el cual tendremos que acordar l\u00edneas de consensos m\u00ednimos si queremos transformar este mundo que nos hacemos.<\/p>\n<p><strong>\u00bfEl balance es positivo?<br \/>\n<\/strong>-S\u00ed. Much\u00edsimas personas me escriben en todos los circuitos habilitados por la cuenta, <em>mails<\/em>, mensajes privados, <em>feed<\/em>; cont\u00e1ndome c\u00f3mo y cu\u00e1nto siguen las publicaciones, me escuchan con los auriculares mientras hacen cosas, se encontrarnos acompa\u00f1adas, se sintieron escuchadas y amadas, pudieron resolver situaciones, entendieron algo de otro modo. Me pasa seguido que me cruzo con mujeres por la calle que me hacen un gui\u00f1o y me gritan algunos de los hitazos de la activaci\u00f3n \u201cMucho menos\u201d, \u201cLo hacen porque pueden\u201d, \u201cSe acab\u00f3 lo que se daba\u201d, \u201cEs la hora de las Nadies\u201d\u2026 O me cuentan c\u00f3mo me conocieron, que estaban haciendo, c\u00f3mo cambi\u00f3 la vida. As\u00ed. Pero sin duda la m\u00e1s transformada fui yo, y estoy tan agradecida. Las mejores cosas suceden con otros, por otros, ante otros, debido a otros. Esta no es la excepci\u00f3n, aunque el trabajo sea duro, no facture y llore bastante, porque quienes no perdonan y atacan bastante no son, justamente, las seguidoras.<\/p>\n<p><strong>\u00bfHay un punto de encuentro entre las redes digitales y las redes personales de interacci\u00f3n directa?<br \/>\n<\/strong>-S\u00ed. Yo organizo todo el tiempo situaciones de encuentro con personas con quienes el encuentro digital fue quedando corto. De hecho, muchos viajes de activaci\u00f3n, formaci\u00f3n de equipos de trabajo sobre temas espec\u00edficos (en este momento Encuentro Nacional de Mujeres, Falso SAP), un grupo de activaci\u00f3n (Las Nadies); Encuentros con ex integrantes de las 7 Ediciones de los Talleres Para Enojarte Mejor, que este a\u00f1o mut\u00f3 y se llama El enojo de las mujeres. Nos materializamos con frecuencia y cada vez m\u00e1s y nos gusta mucho esa vieja costumbre de estar siendo un cuerpo y que se note.<\/p>\n<p>Hablar con Cristina siempre es un placer y desde Diario Digital Femenino estamos atentas a sus publicaciones, intervenciones y vivos. Nos propone otra mirada, nos interpela e incentiva a la reflexi\u00f3n. Les invitamos a seguirla en Instagram: <a href=\"https:\/\/www.instagram.com\/lobaizaestrada\/\">Cristina Lobaiza<\/a><\/p>\n<p><a href=\"https:\/\/diariofemenino.com.ar\/df\/category\/articulos\/\">Mujeres en Palabras<\/a> &#8211; <a href=\"https:\/\/diariofemenino.com.ar\/df\/category\/agenda-feminista\/\">DDF<\/a><\/p>\n<p>Instagram <a href=\"https:\/\/www.instagram.com\/diariodigitalfemenino_\/\">Diario Digital Femenino\u00a0<\/a><\/p>\n","protected":false},"excerpt":{"rendered":"<p>Cristina Lobaiza es escritora, artista pl\u00e1stica, psic\u00f3loga, feminista y activista por los derechos humanos; desde hace un tiempo realiza diversas intervenciones y capacitaciones en las redes digitales, especialmente en Instagram. Cada publicaci\u00f3n es recepcionada y comentada por un n\u00famero importante de personas. Amorosamente accedi\u00f3 a una charla con Diario Digital Femenino, permiti\u00e9ndonos realizarle todas las [&hellip;]<\/p>\n","protected":false},"author":4,"featured_media":67602,"comment_status":"open","ping_status":"open","sticky":false,"template":"","format":"standard","meta":{"iawp_total_views":14,"footnotes":""},"categories":[7,1067,3,8,627,6],"tags":[1533,5699,30,4372,1920,1534,1348,5700],"class_list":["post-67600","post","type-post","status-publish","format-standard","has-post-thumbnail","hentry","category-actividades","category-agenda-feminista","category-de-la-revolucion-al-reaprendizaje","category-entrevistas","category-genero-y-derechos-humanos","category-articulos","tag-activista","tag-cristina-lobaiza","tag-derechos-humanos","tag-destacada","tag-escritora","tag-feminista","tag-instagram","tag-psicologa"],"nelio_content":{"autoShareEndMode":"never","automationSources":{"useCustomSentences":false,"customSentences":[]},"efiAlt":"","efiUrl":"","followers":[4],"highlights":[],"isAutoShareEnabled":true,"networkImageIds":[],"permalinkQueryArgs":[],"series":[],"suggestedReferences":[]},"yoast_head":"<!-- This site is optimized with the Yoast SEO plugin v27.5 - https:\/\/yoast.com\/product\/yoast-seo-wordpress\/ -->\n<title>Cristina Lobaiza: \u201clas mejores cosas suceden con otros, por otros, ante otros, debido a otros\u201d - Diario Digital Femenino<\/title>\n<meta name=\"description\" content=\"Cristina Lobaiza es escritora, artista pl\u00e1stica, psic\u00f3loga, feminista y activista por los derechos humanos.En charla con Diario Digital Femenino.\" \/>\n<meta name=\"robots\" content=\"index, follow, max-snippet:-1, max-image-preview:large, max-video-preview:-1\" \/>\n<link rel=\"canonical\" href=\"https:\/\/diariofemenino.com.ar\/df\/cristina-lobaiza-las-mejores-cosas-suceden-con-otros-por-otros-ante-otros-debido-a-otros\/\" \/>\n<meta property=\"og:locale\" content=\"es_ES\" \/>\n<meta property=\"og:type\" content=\"article\" \/>\n<meta property=\"og:title\" content=\"Cristina Lobaiza: \u201clas mejores cosas suceden con otros, por otros, ante otros, debido a otros\u201d - Diario Digital Femenino\" \/>\n<meta property=\"og:description\" content=\"Cristina Lobaiza es escritora, artista pl\u00e1stica, psic\u00f3loga, feminista y activista por los derechos humanos.En charla con Diario Digital Femenino.\" \/>\n<meta property=\"og:url\" content=\"https:\/\/diariofemenino.com.ar\/df\/cristina-lobaiza-las-mejores-cosas-suceden-con-otros-por-otros-ante-otros-debido-a-otros\/\" \/>\n<meta property=\"og:site_name\" content=\"Diario Digital Femenino\" \/>\n<meta property=\"article:publisher\" content=\"https:\/\/www.facebook.com\/DiarioDigitaFemenino\/\" \/>\n<meta property=\"article:published_time\" content=\"2023-01-19T11:33:17+00:00\" \/>\n<meta property=\"og:image\" content=\"https:\/\/diariofemenino.com.ar\/df\/wp-content\/uploads\/2023\/01\/WhatsApp-Image-2023-01-18-at-11.05.24.jpeg\" \/>\n\t<meta property=\"og:image:width\" content=\"963\" \/>\n\t<meta property=\"og:image:height\" content=\"1600\" \/>\n\t<meta property=\"og:image:type\" content=\"image\/jpeg\" \/>\n<meta name=\"author\" content=\"Admin\" \/>\n<meta name=\"twitter:card\" content=\"summary_large_image\" \/>\n<meta name=\"twitter:creator\" content=\"@DiarioFemenino1\" \/>\n<meta name=\"twitter:site\" content=\"@DiarioFemenino1\" \/>\n<meta name=\"twitter:label1\" content=\"Escrito por\" \/>\n\t<meta name=\"twitter:data1\" content=\"Admin\" \/>\n\t<meta name=\"twitter:label2\" content=\"Tiempo de lectura\" \/>\n\t<meta name=\"twitter:data2\" content=\"7 minutos\" \/>\n<script type=\"application\/ld+json\" class=\"yoast-schema-graph\">{\"@context\":\"https:\\\/\\\/schema.org\",\"@graph\":[{\"@type\":\"Article\",\"@id\":\"https:\\\/\\\/diariofemenino.com.ar\\\/df\\\/cristina-lobaiza-las-mejores-cosas-suceden-con-otros-por-otros-ante-otros-debido-a-otros\\\/#article\",\"isPartOf\":{\"@id\":\"https:\\\/\\\/diariofemenino.com.ar\\\/df\\\/cristina-lobaiza-las-mejores-cosas-suceden-con-otros-por-otros-ante-otros-debido-a-otros\\\/\"},\"author\":{\"name\":\"Admin\",\"@id\":\"https:\\\/\\\/diariofemenino.com.ar\\\/df\\\/#\\\/schema\\\/person\\\/bf6199e8158c657ea6f789b11ec85509\"},\"headline\":\"Cristina Lobaiza: \u201clas mejores cosas suceden con otros, por otros, ante otros, debido a otros\u201d\",\"datePublished\":\"2023-01-19T11:33:17+00:00\",\"mainEntityOfPage\":{\"@id\":\"https:\\\/\\\/diariofemenino.com.ar\\\/df\\\/cristina-lobaiza-las-mejores-cosas-suceden-con-otros-por-otros-ante-otros-debido-a-otros\\\/\"},\"wordCount\":1365,\"commentCount\":0,\"publisher\":{\"@id\":\"https:\\\/\\\/diariofemenino.com.ar\\\/df\\\/#organization\"},\"image\":{\"@id\":\"https:\\\/\\\/diariofemenino.com.ar\\\/df\\\/cristina-lobaiza-las-mejores-cosas-suceden-con-otros-por-otros-ante-otros-debido-a-otros\\\/#primaryimage\"},\"thumbnailUrl\":\"https:\\\/\\\/diariofemenino.com.ar\\\/df\\\/wp-content\\\/uploads\\\/2023\\\/01\\\/WhatsApp-Image-2023-01-18-at-11.05.24.jpeg\",\"keywords\":[\"Activista\",\"Cristina Lobaiza\",\"Derechos Humanos\",\"Destacada\",\"Escritora\",\"Feminista\",\"Instagram\",\"Psic\u00f3loga\"],\"articleSection\":[\"Actividades\",\"Agenda Feminista\",\"De la Revoluci\u00f3n al Reaprendizaje\",\"Entrevistas\",\"G\u00e9nero y Derechos Humanos\",\"Mujeres en Palabras\"],\"inLanguage\":\"es\",\"potentialAction\":[{\"@type\":\"CommentAction\",\"name\":\"Comment\",\"target\":[\"https:\\\/\\\/diariofemenino.com.ar\\\/df\\\/cristina-lobaiza-las-mejores-cosas-suceden-con-otros-por-otros-ante-otros-debido-a-otros\\\/#respond\"]}]},{\"@type\":\"WebPage\",\"@id\":\"https:\\\/\\\/diariofemenino.com.ar\\\/df\\\/cristina-lobaiza-las-mejores-cosas-suceden-con-otros-por-otros-ante-otros-debido-a-otros\\\/\",\"url\":\"https:\\\/\\\/diariofemenino.com.ar\\\/df\\\/cristina-lobaiza-las-mejores-cosas-suceden-con-otros-por-otros-ante-otros-debido-a-otros\\\/\",\"name\":\"Cristina Lobaiza: \u201clas mejores cosas suceden con otros, por otros, ante otros, debido a otros\u201d - Diario Digital Femenino\",\"isPartOf\":{\"@id\":\"https:\\\/\\\/diariofemenino.com.ar\\\/df\\\/#website\"},\"primaryImageOfPage\":{\"@id\":\"https:\\\/\\\/diariofemenino.com.ar\\\/df\\\/cristina-lobaiza-las-mejores-cosas-suceden-con-otros-por-otros-ante-otros-debido-a-otros\\\/#primaryimage\"},\"image\":{\"@id\":\"https:\\\/\\\/diariofemenino.com.ar\\\/df\\\/cristina-lobaiza-las-mejores-cosas-suceden-con-otros-por-otros-ante-otros-debido-a-otros\\\/#primaryimage\"},\"thumbnailUrl\":\"https:\\\/\\\/diariofemenino.com.ar\\\/df\\\/wp-content\\\/uploads\\\/2023\\\/01\\\/WhatsApp-Image-2023-01-18-at-11.05.24.jpeg\",\"datePublished\":\"2023-01-19T11:33:17+00:00\",\"description\":\"Cristina Lobaiza es escritora, artista pl\u00e1stica, psic\u00f3loga, feminista y activista por los derechos humanos.En charla con Diario Digital Femenino.\",\"breadcrumb\":{\"@id\":\"https:\\\/\\\/diariofemenino.com.ar\\\/df\\\/cristina-lobaiza-las-mejores-cosas-suceden-con-otros-por-otros-ante-otros-debido-a-otros\\\/#breadcrumb\"},\"inLanguage\":\"es\",\"potentialAction\":[{\"@type\":\"ReadAction\",\"target\":[\"https:\\\/\\\/diariofemenino.com.ar\\\/df\\\/cristina-lobaiza-las-mejores-cosas-suceden-con-otros-por-otros-ante-otros-debido-a-otros\\\/\"]}]},{\"@type\":\"ImageObject\",\"inLanguage\":\"es\",\"@id\":\"https:\\\/\\\/diariofemenino.com.ar\\\/df\\\/cristina-lobaiza-las-mejores-cosas-suceden-con-otros-por-otros-ante-otros-debido-a-otros\\\/#primaryimage\",\"url\":\"https:\\\/\\\/diariofemenino.com.ar\\\/df\\\/wp-content\\\/uploads\\\/2023\\\/01\\\/WhatsApp-Image-2023-01-18-at-11.05.24.jpeg\",\"contentUrl\":\"https:\\\/\\\/diariofemenino.com.ar\\\/df\\\/wp-content\\\/uploads\\\/2023\\\/01\\\/WhatsApp-Image-2023-01-18-at-11.05.24.jpeg\",\"width\":963,\"height\":1600,\"caption\":\"Cristina Lobaiza: \u201clas mejores cosas suceden con otros, por otros, ante otros, debido a otros\u201d\"},{\"@type\":\"BreadcrumbList\",\"@id\":\"https:\\\/\\\/diariofemenino.com.ar\\\/df\\\/cristina-lobaiza-las-mejores-cosas-suceden-con-otros-por-otros-ante-otros-debido-a-otros\\\/#breadcrumb\",\"itemListElement\":[{\"@type\":\"ListItem\",\"position\":1,\"name\":\"Portada\",\"item\":\"https:\\\/\\\/diariofemenino.com.ar\\\/df\\\/\"},{\"@type\":\"ListItem\",\"position\":2,\"name\":\"Cristina Lobaiza: \u201clas mejores cosas suceden con otros, por otros, ante otros, debido a otros\u201d\"}]},{\"@type\":\"WebSite\",\"@id\":\"https:\\\/\\\/diariofemenino.com.ar\\\/df\\\/#website\",\"url\":\"https:\\\/\\\/diariofemenino.com.ar\\\/df\\\/\",\"name\":\"Diario Digital Femenino\",\"description\":\"Cuesti\u00f3n de G\u00e9nero\",\"publisher\":{\"@id\":\"https:\\\/\\\/diariofemenino.com.ar\\\/df\\\/#organization\"},\"potentialAction\":[{\"@type\":\"SearchAction\",\"target\":{\"@type\":\"EntryPoint\",\"urlTemplate\":\"https:\\\/\\\/diariofemenino.com.ar\\\/df\\\/?s={search_term_string}\"},\"query-input\":{\"@type\":\"PropertyValueSpecification\",\"valueRequired\":true,\"valueName\":\"search_term_string\"}}],\"inLanguage\":\"es\"},{\"@type\":\"Organization\",\"@id\":\"https:\\\/\\\/diariofemenino.com.ar\\\/df\\\/#organization\",\"name\":\"Diario Femenino\",\"url\":\"https:\\\/\\\/diariofemenino.com.ar\\\/df\\\/\",\"logo\":{\"@type\":\"ImageObject\",\"inLanguage\":\"es\",\"@id\":\"https:\\\/\\\/diariofemenino.com.ar\\\/df\\\/#\\\/schema\\\/logo\\\/image\\\/\",\"url\":\"https:\\\/\\\/diariofemenino.com.ar\\\/df\\\/wp-content\\\/uploads\\\/2018\\\/10\\\/logo.png\",\"contentUrl\":\"https:\\\/\\\/diariofemenino.com.ar\\\/df\\\/wp-content\\\/uploads\\\/2018\\\/10\\\/logo.png\",\"width\":500,\"height\":92,\"caption\":\"Diario Femenino\"},\"image\":{\"@id\":\"https:\\\/\\\/diariofemenino.com.ar\\\/df\\\/#\\\/schema\\\/logo\\\/image\\\/\"},\"sameAs\":[\"https:\\\/\\\/www.facebook.com\\\/DiarioDigitaFemenino\\\/\",\"https:\\\/\\\/x.com\\\/DiarioFemenino1\"]},{\"@type\":\"Person\",\"@id\":\"https:\\\/\\\/diariofemenino.com.ar\\\/df\\\/#\\\/schema\\\/person\\\/bf6199e8158c657ea6f789b11ec85509\",\"name\":\"Admin\",\"image\":{\"@type\":\"ImageObject\",\"inLanguage\":\"es\",\"@id\":\"https:\\\/\\\/diariofemenino.com.ar\\\/df\\\/wp-content\\\/uploads\\\/2018\\\/12\\\/favicon-150x150.jpg\",\"url\":\"https:\\\/\\\/diariofemenino.com.ar\\\/df\\\/wp-content\\\/uploads\\\/2018\\\/12\\\/favicon-150x150.jpg\",\"contentUrl\":\"https:\\\/\\\/diariofemenino.com.ar\\\/df\\\/wp-content\\\/uploads\\\/2018\\\/12\\\/favicon-150x150.jpg\",\"caption\":\"Admin\"},\"url\":\"https:\\\/\\\/diariofemenino.com.ar\\\/df\\\/author\\\/lenny\\\/\"}]}<\/script>\n<!-- \/ Yoast SEO plugin. -->","yoast_head_json":{"title":"Cristina Lobaiza: \u201clas mejores cosas suceden con otros, por otros, ante otros, debido a otros\u201d - Diario Digital Femenino","description":"Cristina Lobaiza es escritora, artista pl\u00e1stica, psic\u00f3loga, feminista y activista por los derechos humanos.En charla con Diario Digital Femenino.","robots":{"index":"index","follow":"follow","max-snippet":"max-snippet:-1","max-image-preview":"max-image-preview:large","max-video-preview":"max-video-preview:-1"},"canonical":"https:\/\/diariofemenino.com.ar\/df\/cristina-lobaiza-las-mejores-cosas-suceden-con-otros-por-otros-ante-otros-debido-a-otros\/","og_locale":"es_ES","og_type":"article","og_title":"Cristina Lobaiza: \u201clas mejores cosas suceden con otros, por otros, ante otros, debido a otros\u201d - Diario Digital Femenino","og_description":"Cristina Lobaiza es escritora, artista pl\u00e1stica, psic\u00f3loga, feminista y activista por los derechos humanos.En charla con Diario Digital Femenino.","og_url":"https:\/\/diariofemenino.com.ar\/df\/cristina-lobaiza-las-mejores-cosas-suceden-con-otros-por-otros-ante-otros-debido-a-otros\/","og_site_name":"Diario Digital Femenino","article_publisher":"https:\/\/www.facebook.com\/DiarioDigitaFemenino\/","article_published_time":"2023-01-19T11:33:17+00:00","og_image":[{"width":963,"height":1600,"url":"https:\/\/diariofemenino.com.ar\/df\/wp-content\/uploads\/2023\/01\/WhatsApp-Image-2023-01-18-at-11.05.24.jpeg","type":"image\/jpeg"}],"author":"Admin","twitter_card":"summary_large_image","twitter_creator":"@DiarioFemenino1","twitter_site":"@DiarioFemenino1","twitter_misc":{"Escrito por":"Admin","Tiempo de lectura":"7 minutos"},"schema":{"@context":"https:\/\/schema.org","@graph":[{"@type":"Article","@id":"https:\/\/diariofemenino.com.ar\/df\/cristina-lobaiza-las-mejores-cosas-suceden-con-otros-por-otros-ante-otros-debido-a-otros\/#article","isPartOf":{"@id":"https:\/\/diariofemenino.com.ar\/df\/cristina-lobaiza-las-mejores-cosas-suceden-con-otros-por-otros-ante-otros-debido-a-otros\/"},"author":{"name":"Admin","@id":"https:\/\/diariofemenino.com.ar\/df\/#\/schema\/person\/bf6199e8158c657ea6f789b11ec85509"},"headline":"Cristina Lobaiza: \u201clas mejores cosas suceden con otros, por otros, ante otros, debido a otros\u201d","datePublished":"2023-01-19T11:33:17+00:00","mainEntityOfPage":{"@id":"https:\/\/diariofemenino.com.ar\/df\/cristina-lobaiza-las-mejores-cosas-suceden-con-otros-por-otros-ante-otros-debido-a-otros\/"},"wordCount":1365,"commentCount":0,"publisher":{"@id":"https:\/\/diariofemenino.com.ar\/df\/#organization"},"image":{"@id":"https:\/\/diariofemenino.com.ar\/df\/cristina-lobaiza-las-mejores-cosas-suceden-con-otros-por-otros-ante-otros-debido-a-otros\/#primaryimage"},"thumbnailUrl":"https:\/\/diariofemenino.com.ar\/df\/wp-content\/uploads\/2023\/01\/WhatsApp-Image-2023-01-18-at-11.05.24.jpeg","keywords":["Activista","Cristina Lobaiza","Derechos Humanos","Destacada","Escritora","Feminista","Instagram","Psic\u00f3loga"],"articleSection":["Actividades","Agenda Feminista","De la Revoluci\u00f3n al Reaprendizaje","Entrevistas","G\u00e9nero y Derechos Humanos","Mujeres en Palabras"],"inLanguage":"es","potentialAction":[{"@type":"CommentAction","name":"Comment","target":["https:\/\/diariofemenino.com.ar\/df\/cristina-lobaiza-las-mejores-cosas-suceden-con-otros-por-otros-ante-otros-debido-a-otros\/#respond"]}]},{"@type":"WebPage","@id":"https:\/\/diariofemenino.com.ar\/df\/cristina-lobaiza-las-mejores-cosas-suceden-con-otros-por-otros-ante-otros-debido-a-otros\/","url":"https:\/\/diariofemenino.com.ar\/df\/cristina-lobaiza-las-mejores-cosas-suceden-con-otros-por-otros-ante-otros-debido-a-otros\/","name":"Cristina Lobaiza: \u201clas mejores cosas suceden con otros, por otros, ante otros, debido a otros\u201d - Diario Digital Femenino","isPartOf":{"@id":"https:\/\/diariofemenino.com.ar\/df\/#website"},"primaryImageOfPage":{"@id":"https:\/\/diariofemenino.com.ar\/df\/cristina-lobaiza-las-mejores-cosas-suceden-con-otros-por-otros-ante-otros-debido-a-otros\/#primaryimage"},"image":{"@id":"https:\/\/diariofemenino.com.ar\/df\/cristina-lobaiza-las-mejores-cosas-suceden-con-otros-por-otros-ante-otros-debido-a-otros\/#primaryimage"},"thumbnailUrl":"https:\/\/diariofemenino.com.ar\/df\/wp-content\/uploads\/2023\/01\/WhatsApp-Image-2023-01-18-at-11.05.24.jpeg","datePublished":"2023-01-19T11:33:17+00:00","description":"Cristina Lobaiza es escritora, artista pl\u00e1stica, psic\u00f3loga, feminista y activista por los derechos humanos.En charla con Diario Digital Femenino.","breadcrumb":{"@id":"https:\/\/diariofemenino.com.ar\/df\/cristina-lobaiza-las-mejores-cosas-suceden-con-otros-por-otros-ante-otros-debido-a-otros\/#breadcrumb"},"inLanguage":"es","potentialAction":[{"@type":"ReadAction","target":["https:\/\/diariofemenino.com.ar\/df\/cristina-lobaiza-las-mejores-cosas-suceden-con-otros-por-otros-ante-otros-debido-a-otros\/"]}]},{"@type":"ImageObject","inLanguage":"es","@id":"https:\/\/diariofemenino.com.ar\/df\/cristina-lobaiza-las-mejores-cosas-suceden-con-otros-por-otros-ante-otros-debido-a-otros\/#primaryimage","url":"https:\/\/diariofemenino.com.ar\/df\/wp-content\/uploads\/2023\/01\/WhatsApp-Image-2023-01-18-at-11.05.24.jpeg","contentUrl":"https:\/\/diariofemenino.com.ar\/df\/wp-content\/uploads\/2023\/01\/WhatsApp-Image-2023-01-18-at-11.05.24.jpeg","width":963,"height":1600,"caption":"Cristina Lobaiza: \u201clas mejores cosas suceden con otros, por otros, ante otros, debido a otros\u201d"},{"@type":"BreadcrumbList","@id":"https:\/\/diariofemenino.com.ar\/df\/cristina-lobaiza-las-mejores-cosas-suceden-con-otros-por-otros-ante-otros-debido-a-otros\/#breadcrumb","itemListElement":[{"@type":"ListItem","position":1,"name":"Portada","item":"https:\/\/diariofemenino.com.ar\/df\/"},{"@type":"ListItem","position":2,"name":"Cristina Lobaiza: \u201clas mejores cosas suceden con otros, por otros, ante otros, debido a otros\u201d"}]},{"@type":"WebSite","@id":"https:\/\/diariofemenino.com.ar\/df\/#website","url":"https:\/\/diariofemenino.com.ar\/df\/","name":"Diario Digital Femenino","description":"Cuesti\u00f3n de G\u00e9nero","publisher":{"@id":"https:\/\/diariofemenino.com.ar\/df\/#organization"},"potentialAction":[{"@type":"SearchAction","target":{"@type":"EntryPoint","urlTemplate":"https:\/\/diariofemenino.com.ar\/df\/?s={search_term_string}"},"query-input":{"@type":"PropertyValueSpecification","valueRequired":true,"valueName":"search_term_string"}}],"inLanguage":"es"},{"@type":"Organization","@id":"https:\/\/diariofemenino.com.ar\/df\/#organization","name":"Diario Femenino","url":"https:\/\/diariofemenino.com.ar\/df\/","logo":{"@type":"ImageObject","inLanguage":"es","@id":"https:\/\/diariofemenino.com.ar\/df\/#\/schema\/logo\/image\/","url":"https:\/\/diariofemenino.com.ar\/df\/wp-content\/uploads\/2018\/10\/logo.png","contentUrl":"https:\/\/diariofemenino.com.ar\/df\/wp-content\/uploads\/2018\/10\/logo.png","width":500,"height":92,"caption":"Diario Femenino"},"image":{"@id":"https:\/\/diariofemenino.com.ar\/df\/#\/schema\/logo\/image\/"},"sameAs":["https:\/\/www.facebook.com\/DiarioDigitaFemenino\/","https:\/\/x.com\/DiarioFemenino1"]},{"@type":"Person","@id":"https:\/\/diariofemenino.com.ar\/df\/#\/schema\/person\/bf6199e8158c657ea6f789b11ec85509","name":"Admin","image":{"@type":"ImageObject","inLanguage":"es","@id":"https:\/\/diariofemenino.com.ar\/df\/wp-content\/uploads\/2018\/12\/favicon-150x150.jpg","url":"https:\/\/diariofemenino.com.ar\/df\/wp-content\/uploads\/2018\/12\/favicon-150x150.jpg","contentUrl":"https:\/\/diariofemenino.com.ar\/df\/wp-content\/uploads\/2018\/12\/favicon-150x150.jpg","caption":"Admin"},"url":"https:\/\/diariofemenino.com.ar\/df\/author\/lenny\/"}]}},"jetpack_featured_media_url":"https:\/\/diariofemenino.com.ar\/df\/wp-content\/uploads\/2023\/01\/WhatsApp-Image-2023-01-18-at-11.05.24.jpeg","jetpack_sharing_enabled":true,"rttpg_featured_image_url":{"full":["https:\/\/diariofemenino.com.ar\/df\/wp-content\/uploads\/2023\/01\/WhatsApp-Image-2023-01-18-at-11.05.24.jpeg",963,1600,false],"landscape":["https:\/\/diariofemenino.com.ar\/df\/wp-content\/uploads\/2023\/01\/WhatsApp-Image-2023-01-18-at-11.05.24.jpeg",963,1600,false],"portraits":["https:\/\/diariofemenino.com.ar\/df\/wp-content\/uploads\/2023\/01\/WhatsApp-Image-2023-01-18-at-11.05.24.jpeg",963,1600,false],"thumbnail":["https:\/\/diariofemenino.com.ar\/df\/wp-content\/uploads\/2023\/01\/WhatsApp-Image-2023-01-18-at-11.05.24-150x150.jpeg",150,150,true],"medium":["https:\/\/diariofemenino.com.ar\/df\/wp-content\/uploads\/2023\/01\/WhatsApp-Image-2023-01-18-at-11.05.24-181x300.jpeg",181,300,true],"large":["https:\/\/diariofemenino.com.ar\/df\/wp-content\/uploads\/2023\/01\/WhatsApp-Image-2023-01-18-at-11.05.24-616x1024.jpeg",616,1024,true],"1536x1536":["https:\/\/diariofemenino.com.ar\/df\/wp-content\/uploads\/2023\/01\/WhatsApp-Image-2023-01-18-at-11.05.24.jpeg",924,1536,false],"2048x2048":["https:\/\/diariofemenino.com.ar\/df\/wp-content\/uploads\/2023\/01\/WhatsApp-Image-2023-01-18-at-11.05.24.jpeg",963,1600,false]},"rttpg_author":{"display_name":"Admin","author_link":"https:\/\/diariofemenino.com.ar\/df\/author\/lenny\/"},"rttpg_comment":0,"rttpg_category":"<a href=\"https:\/\/diariofemenino.com.ar\/df\/category\/actividades\/\" rel=\"category tag\">Actividades<\/a> <a href=\"https:\/\/diariofemenino.com.ar\/df\/category\/agenda-feminista\/\" rel=\"category tag\">Agenda Feminista<\/a> <a href=\"https:\/\/diariofemenino.com.ar\/df\/category\/de-la-revolucion-al-reaprendizaje\/\" rel=\"category tag\">De la Revoluci\u00f3n al Reaprendizaje<\/a> <a href=\"https:\/\/diariofemenino.com.ar\/df\/category\/entrevistas\/\" rel=\"category tag\">Entrevistas<\/a> <a href=\"https:\/\/diariofemenino.com.ar\/df\/category\/genero-y-derechos-humanos\/\" rel=\"category tag\">G\u00e9nero y Derechos Humanos<\/a> <a href=\"https:\/\/diariofemenino.com.ar\/df\/category\/articulos\/\" rel=\"category tag\">Mujeres en Palabras<\/a>","rttpg_excerpt":"Cristina Lobaiza es escritora, artista pl\u00e1stica, psic\u00f3loga, feminista y activista por los derechos humanos; desde hace un tiempo realiza diversas intervenciones y capacitaciones en las redes digitales, especialmente en Instagram. Cada publicaci\u00f3n es recepcionada y comentada por un n\u00famero importante de personas. Amorosamente accedi\u00f3 a una charla con Diario Digital Femenino, permiti\u00e9ndonos realizarle todas las&hellip;","_links":{"self":[{"href":"https:\/\/diariofemenino.com.ar\/df\/wp-json\/wp\/v2\/posts\/67600","targetHints":{"allow":["GET"]}}],"collection":[{"href":"https:\/\/diariofemenino.com.ar\/df\/wp-json\/wp\/v2\/posts"}],"about":[{"href":"https:\/\/diariofemenino.com.ar\/df\/wp-json\/wp\/v2\/types\/post"}],"author":[{"embeddable":true,"href":"https:\/\/diariofemenino.com.ar\/df\/wp-json\/wp\/v2\/users\/4"}],"replies":[{"embeddable":true,"href":"https:\/\/diariofemenino.com.ar\/df\/wp-json\/wp\/v2\/comments?post=67600"}],"version-history":[{"count":0,"href":"https:\/\/diariofemenino.com.ar\/df\/wp-json\/wp\/v2\/posts\/67600\/revisions"}],"wp:featuredmedia":[{"embeddable":true,"href":"https:\/\/diariofemenino.com.ar\/df\/wp-json\/wp\/v2\/media\/67602"}],"wp:attachment":[{"href":"https:\/\/diariofemenino.com.ar\/df\/wp-json\/wp\/v2\/media?parent=67600"}],"wp:term":[{"taxonomy":"category","embeddable":true,"href":"https:\/\/diariofemenino.com.ar\/df\/wp-json\/wp\/v2\/categories?post=67600"},{"taxonomy":"post_tag","embeddable":true,"href":"https:\/\/diariofemenino.com.ar\/df\/wp-json\/wp\/v2\/tags?post=67600"}],"curies":[{"name":"wp","href":"https:\/\/api.w.org\/{rel}","templated":true}]}}