{"id":67572,"date":"2023-01-18T13:32:14","date_gmt":"2023-01-18T16:32:14","guid":{"rendered":"https:\/\/diariofemenino.com.ar\/df\/?p=67572"},"modified":"2023-01-18T13:55:24","modified_gmt":"2023-01-18T16:55:24","slug":"bautismos-un-ritual-tan-naturalizado-como-polemico","status":"publish","type":"post","link":"https:\/\/diariofemenino.com.ar\/df\/bautismos-un-ritual-tan-naturalizado-como-polemico\/","title":{"rendered":"&#8216;Bautismos&#8217;: un ritual tan naturalizado como pol\u00e9mico"},"content":{"rendered":"<p>Bautismos. \u00abNo queremos hacer sentir mal a un chico que est\u00e1 haciendo su primera pretemporada y le gusta tener el pelo largo. Hace poquito charlamos con Mariano (And\u00fajar), no tiene sentido ridiculizarlos. Mientras estemos nosotros, no se va a dar\u00bb. La frase corresponde a Mauro Boselli, el experimentado delantero de Estudiantes de La Plata, que tom\u00f3 una clara postura sobre una de las tantas \u00abcostumbres\u00bb que tiene el mundo del f\u00fatbol: el \u00abbautismo\u00bb de los juveniles.<\/p>\n<p>La \u00abpr\u00e1ctica\u00bb consiste en que los jugadores mayores de un plantel les corten el pelo a los juveniles que son promovidos a Primera Divisi\u00f3n. En la concentraci\u00f3n o en los vestuarios, frente a los compa\u00f1eros y en la previa del debut (o de su primera pretemporada), el <a href=\"https:\/\/diariofemenino.com.ar\/df\/category\/actividades\/\">corte<\/a> se realiza generalmente de manera rid\u00edcula, obligando a los chicos a un posterior rapado. Y todo como parte de un \u00abritual\u00bb que se fue naturalizando con el paso del tiempo.<\/p>\n<p>Sucede all\u00e1 y ac\u00e1; en el f\u00fatbol profesional y en el local. Y los juveniles, que en muchos casos se muestran orgullosos por haber dado ese paso de \u00abpertenencia\u00bb, en otros tantos se sienten \u00abrehenes\u00bb o \u00ab<a href=\"https:\/\/diariofemenino.com.ar\/df\/category\/genero-y-derechos-humanos\/\">v\u00edctimas<\/a>\u00bb de un \u00abrito de iniciaci\u00f3n\u00bb del que preferir\u00edan no formar parte.<\/p>\n<p>Boselli, uno de los referentes del f\u00fatbol argentino, volvi\u00f3 a poner en estos d\u00edas el tema sobre la mesa. Y LA CHUECA contact\u00f3 a tres especialistas que brindaron sus miradas: el ex futbolista y actual comunicador Rafael Crocinelli, quien dej\u00f3 de jugar al verse \u00abdesbordado\u00bb por el \u00absistema del f\u00fatbol\u00bb, y las psic\u00f3logas deportivas pampeanas Gabriela Pasquett\u00edn y Mar\u00eda de los Angeles Corr\u00f3 Molas.<\/p>\n<p>V\u00edctima y victimario.<\/p>\n<p>\u00abEl bautismo o ritual, como vulgarmente se lo llama en la cultura del deporte, es una instancia de &#8216;liminalidad&#8217;, en la cual un jugador pasa de un estado a otro. Se produce un pasaje que en mi libro lo analizo con lo que es la firma del primer contrato: dejan de ser juveniles y pasan a ser adultos y profesionales\u00bb, se presenta Crocinelli, autor del libro \u00abCuerpos que (no) importan\u00bb, en el que relata sus experiencias como futbolista y las pr\u00e1cticas \u00abnaturalizadas\u00bb de un sistema que termin\u00f3 expuls\u00e1ndolo.<\/p>\n<p>\u00abEl tema del corte de pelo es como un c\u00f3digo interno que tienen los jugadores. En mi caso yo he sido v\u00edctima y victimario de eso, porque me han cortado el pelo y tambi\u00e9n he cortado. Despu\u00e9s, el libro me permiti\u00f3 desnaturalizarlo, desentra\u00f1arme, cuestionarlo&#8230; Porque son pr\u00e1cticas que est\u00e1n naturalizadas y legitimadas. Es as\u00ed, vos sab\u00e9s que lleg\u00e1s a Primera y te espera eso. Y te vas preparando, mentalizando y lo tom\u00e1s como natural, cuando no tiene nada de natural\u00bb, cuestiona el ex futbolista de Sarmiento de Jun\u00edn y Everton de La Plata.<\/p>\n<p>\u00abLo que hizo Boselli es un poco parar la pelota y decir &#8216;che, esto no est\u00e1 bueno&#8217;, porque la otra persona puede no estar de acuerdo. Y esos sentidos son los que tenemos que empezar a trabajar y pregonar en el f\u00fatbol argentino. El tema de la empat\u00eda, del respeto a la integridad, de la diferencia&#8230;\u00bb, ampl\u00eda.<\/p>\n<p>En ese contexto, Crocinelli, que para escribir su libro entrevist\u00f3 a una veintena de compa\u00f1eros y entrenadores, fue m\u00e1s profundo: \u00abMuchos chicos lo sufren, pero no dicen nada para poder pertenecer\u00bb.<\/p>\n<p>\u00abEs necesario que los mismos jugadores se planten y empiecen a hacerse cargo de su relevancia e incidencia pol\u00edtica. Porque esa manifestaci\u00f3n de Boselli fue algo pol\u00edtico, fue un acto pol\u00edtico al decir &#8216;che, no est\u00e1 bueno esto, mientras estemos nosotros no lo vamos a hacer&#8217;. Y es clave que se reproduzca, se lo visibilice y a partir de la visibilizaci\u00f3n se van a tomar muchas acciones al respecto\u00bb, concluye.<\/p>\n<p>Ni bueno ni malo.<\/p>\n<p>\u00abEn esto, como en cualquier otra cuesti\u00f3n de la vida en general, nada es ni bueno ni malo en s\u00ed mismo, sino que depende de las personas, del contexto, de la situaci\u00f3n. Porque en realidad, dentro del f\u00fatbol como en cualquier otro deporte, ten\u00e9s c\u00f3digos y tradiciones a las que el futbolista est\u00e1 habituado\u00bb, reflexiona a su turno la psic\u00f3loga Gabriela Pasquett\u00edn, que conoce desde adentro al f\u00fatbol y a los futbolistas pampeanos.<\/p>\n<p>\u00abEntonces -contin\u00faa-, puede que haya personas que no est\u00e9n de acuerdo, que no se sientan bien, que sientan que los van a ridiculizar si le cortan el pelo en el bautismo&#8230; Pero tambi\u00e9n hay otros que se sienten orgullosos, que el d\u00eda que en el vestuario le cortaron el pelo de forma rid\u00edcula, porque debutaron en Primera, est\u00e1n orgullosos de eso y se sacan fotos y las suben a todos lados, justamente porque forma parte de un folclore propio del deporte\u00bb.<\/p>\n<p>Y en el mismo sentido agrega: \u00abVisto desde ese lugar es que uno tendr\u00eda que tomarlo en cuenta para ver &#8216;cada caso como \u00fanico&#8217;. Respetar es la base de cualquier relaci\u00f3n y cualquier v\u00ednculo. Si a la persona esto no la va a hacer sentir bien, no es necesario para debutar en Primera que te corten el pelo de una forma rid\u00edcula. Ahora, si el pibe que est\u00e1 por debutar en Primera siente que esto forma parte porque tiene que ver con lo que todos han ido viviendo y con el momento esperado -porque el momento esperado no es solo el de entrar a la cancha a jugar su primer partido, sino tambi\u00e9n el del primer vestuario-, entonces s\u00ed\u00bb.<\/p>\n<p>\u00abPor eso dec\u00eda que nada es bueno ni malo en s\u00ed mismo, sino que depende de cada uno, de cada situaci\u00f3n, de cada persona. Creo que no es algo que haya que prohibir, pero s\u00ed tomar en cuenta y respetar\u00bb, cierra la profesional.<\/p>\n<p>Naturalizaci\u00f3n y conciencia.<\/p>\n<p>Mar\u00eda de los Angeles Corr\u00f3 Molas es psic\u00f3loga deportiva y trabaja en el Club La Barranca de Santa Rosa, donde le toc\u00f3 actuar, entre otras cuestiones, para frenar otra de esas \u00abcostumbres\u00bb del f\u00fatbol.<\/p>\n<p>\u00abNos pas\u00f3 con el cl\u00e1sico &#8216;puente&#8217; en los cumplea\u00f1os, en los que la persona que cumple a\u00f1os pasa por el medio y le pegan. Al d\u00eda siguiente nos llam\u00f3 la madre contando que el chico (de inferiores) hab\u00eda aparecido con un dolor por los golpes que le hab\u00edan dado y que \u00e9l no se hab\u00eda animado a parar la situaci\u00f3n en ese momento\u00bb, cuenta Corr\u00f3 Molas. \u00abEntonces tuvimos que intervenir para decirles que no, que busquen otras formas de festejar\u00bb, completa.<\/p>\n<p>\u00abLo que uno observa, desde la mirada psicol\u00f3gica, es que son conductas que est\u00e1n naturalizadas y estereotipadas, que tienen que ver con la cultura del deporte y que es muy dif\u00edcil desarraigar porque no hay conciencia de las implicancias de esas conductas\u00bb, explica.<\/p>\n<p>\u00abHay que hacer un trabajo minucioso de por qu\u00e9 se hacen, se sostienen y se refuerzan esas pr\u00e1cticas, y si el objetivo es un objetivo saludable. Si va en pos de los valores que uno trabaja ligados al deporte, o es una acci\u00f3n que simplemente se repite con el paso de los a\u00f1os y que es nociva\u00bb, a\u00f1ade Corr\u00f3 Molas.<\/p>\n<p>En ese contexto, y sobre el caso de los \u00abbautismos\u00bb en particular, reflexiona: \u00abEn el caso puntual del debut en Primera Divisi\u00f3n, aquel que no se quiere pelar o no quiere acceder a esto, queda como &#8216;marcado&#8217; dentro del grupo&#8230; Entonces hay que empezar a poner una luz de conciencia sobre estas cuestiones y ver por qu\u00e9 las repetimos\u00bb.<\/p>\n<figure id=\"attachment_67575\" aria-describedby=\"caption-attachment-67575\" style=\"width: 556px\" class=\"wp-caption aligncenter\"><img loading=\"lazy\" decoding=\"async\" class=\" wp-image-67575\" src=\"https:\/\/diariofemenino.com.ar\/df\/wp-content\/uploads\/2023\/01\/bautismo-juveniles-river-pretemporada-1024x576.jpg\" alt=\"'Bautismos': un ritual tan naturalizado como pol\u00e9mico\" width=\"556\" height=\"313\" srcset=\"https:\/\/diariofemenino.com.ar\/df\/wp-content\/uploads\/2023\/01\/bautismo-juveniles-river-pretemporada-1024x576.jpg 1024w, https:\/\/diariofemenino.com.ar\/df\/wp-content\/uploads\/2023\/01\/bautismo-juveniles-river-pretemporada-300x169.jpg 300w, https:\/\/diariofemenino.com.ar\/df\/wp-content\/uploads\/2023\/01\/bautismo-juveniles-river-pretemporada-768x432.jpg 768w, https:\/\/diariofemenino.com.ar\/df\/wp-content\/uploads\/2023\/01\/bautismo-juveniles-river-pretemporada.jpg 1200w\" sizes=\"auto, (max-width: 556px) 100vw, 556px\" \/><figcaption id=\"caption-attachment-67575\" class=\"wp-caption-text\">&#8216;Bautismos&#8217;: un ritual tan naturalizado como pol\u00e9mico<\/figcaption><\/figure>\n<p>\u00abLo que pasa es que si a un chico que est\u00e1 en un proceso de formaci\u00f3n le present\u00e1s algo como que es v\u00e1lido y est\u00e1 bien, ese chico se va a desarrollar entendiendo que hacer eso es pertenecer a un equipo\u00bb, explica. Y a\u00f1ade: \u00abLa responsabilidad est\u00e1 en el entorno deportivo que configuramos los adultos, porque si le mostr\u00e1s que eso est\u00e1 bien, crece entendiendo que eso est\u00e1 bien, naturalizando que se tiene que aguantar una patada o que si no quiere que lo pelen lo tienen que pelar igual, porque si no, no pertenece al equipo\u00bb.<\/p>\n<p>\u00abNo nos tenemos que olvidar que son personas que se van formando a trav\u00e9s del deporte, que van formando su personalidad. Entonces si les presentamos una realidad en la que todo el que debuta en Primera se tiene que pelar porque es la ley impl\u00edcita que existe en este equipo, el chico no lo va a cuestionar\u00bb, ampl\u00eda el concepto.<\/p>\n<p>\u00abAl var\u00f3n lo tildan de &#8216;maric\u00f3n&#8217; si no pasa por el puente. &#8216;No te la aguant\u00e1s&#8217;, le dicen, y ese tipo de comentarios son sumamente nocivos, y refuerzan esa idea de que para pertenecer ten\u00e9s que hacer cosas como pelarte. Otra cosa es hacerlo por una promesa o una cuesti\u00f3n personal, porque ah\u00ed hay una elecci\u00f3n consciente. El tema es cuando nosotros generamos comportamientos estereotipados a partir de los cuales los chicos se ven obligados a hacerlo, porque si no lo hacen quedan fuera del equipo\u00bb, analiza la psic\u00f3loga.<\/p>\n<p>Finalmente, pide visibilizar estos temas y tomar conciencia de lo que representan. \u00abTodos los adultos que configuramos el entorno deportivo tenemos que empezar a reflexionar sobre estas cuestiones, que est\u00e1n invisibilizadas e impl\u00edcitas en los entrenamientos y en los partidos. Y el camino es justamente este, empezar a hablar de por qu\u00e9 tenemos estas pr\u00e1cticas. Lo importante siempre es sentar la base de la libre elecci\u00f3n, y que nadie se sienta obligado a tener determinada conducta para poder pertenecer\u00bb, cierra.<\/p>\n<p><a href=\"https:\/\/www.laarena.com.ar\/deportes\/bautismos-un-ritual-tan-naturalizado-como-polemico-20231180310\">Deportes<\/a> &#8211; <a href=\"https:\/\/www.laarena.com.ar\/\">La Arena<\/a><\/p>\n","protected":false},"excerpt":{"rendered":"<p>Bautismos. \u00abNo queremos hacer sentir mal a un chico que est\u00e1 haciendo su primera pretemporada y le gusta tener el pelo largo. Hace poquito charlamos con Mariano (And\u00fajar), no tiene sentido ridiculizarlos. Mientras estemos nosotros, no se va a dar\u00bb. La frase corresponde a Mauro Boselli, el experimentado delantero de Estudiantes de La Plata, que [&hellip;]<\/p>\n","protected":false},"author":4,"featured_media":67574,"comment_status":"open","ping_status":"open","sticky":false,"template":"","format":"standard","meta":{"iawp_total_views":364,"footnotes":""},"categories":[7,178,581,627,21,592],"tags":[5686,5210,3274,160,4372,654,73,5690,5688,5431,5689,5687],"class_list":["post-67572","post","type-post","status-publish","format-standard","has-post-thumbnail","hentry","category-actividades","category-articulos-y-comunicados","category-azul-profundo","category-genero-y-derechos-humanos","category-noticias","category-violencias","tag-bautismos","tag-clubes","tag-construccion","tag-deportes","tag-destacada","tag-futbol","tag-masculinidades","tag-naturalizacion","tag-pertenencia","tag-practicas","tag-ridiculizacion","tag-rituales"],"nelio_content":{"autoShareEndMode":"never","automationSources":{"useCustomSentences":false,"customSentences":[]},"efiAlt":"","efiUrl":"","followers":[4],"highlights":[],"isAutoShareEnabled":true,"networkImageIds":[],"permalinkQueryArgs":[],"series":[],"suggestedReferences":[]},"yoast_head":"<!-- This site is optimized with the Yoast SEO plugin v27.5 - https:\/\/yoast.com\/product\/yoast-seo-wordpress\/ -->\n<title>&#039;Bautismos&#039;: un ritual tan naturalizado como pol\u00e9mico - Diario Digital Femenino<\/title>\n<meta name=\"description\" content=\"&#039;Bautismos&#039;. La &quot;pr\u00e1ctica&quot; consiste en que los jugadores mayores de un plantel le corten el pelo a los juveniles que son promovidos a Primera Divisi\u00f3n.\" \/>\n<meta name=\"robots\" content=\"index, follow, max-snippet:-1, max-image-preview:large, max-video-preview:-1\" \/>\n<link rel=\"canonical\" href=\"https:\/\/diariofemenino.com.ar\/df\/bautismos-un-ritual-tan-naturalizado-como-polemico\/\" \/>\n<meta property=\"og:locale\" content=\"es_ES\" \/>\n<meta property=\"og:type\" content=\"article\" \/>\n<meta property=\"og:title\" content=\"&#039;Bautismos&#039;: un ritual tan naturalizado como pol\u00e9mico - Diario Digital Femenino\" \/>\n<meta property=\"og:description\" content=\"&#039;Bautismos&#039;. La &quot;pr\u00e1ctica&quot; consiste en que los jugadores mayores de un plantel le corten el pelo a los juveniles que son promovidos a Primera Divisi\u00f3n.\" \/>\n<meta property=\"og:url\" content=\"https:\/\/diariofemenino.com.ar\/df\/bautismos-un-ritual-tan-naturalizado-como-polemico\/\" \/>\n<meta property=\"og:site_name\" content=\"Diario Digital Femenino\" \/>\n<meta property=\"article:publisher\" content=\"https:\/\/www.facebook.com\/DiarioDigitaFemenino\/\" \/>\n<meta property=\"article:published_time\" content=\"2023-01-18T16:32:14+00:00\" \/>\n<meta property=\"article:modified_time\" content=\"2023-01-18T16:55:24+00:00\" \/>\n<meta property=\"og:image\" content=\"https:\/\/diariofemenino.com.ar\/df\/wp-content\/uploads\/2023\/01\/1674012635924.jpg\" \/>\n\t<meta property=\"og:image:width\" content=\"1121\" \/>\n\t<meta property=\"og:image:height\" content=\"633\" \/>\n\t<meta property=\"og:image:type\" content=\"image\/jpeg\" \/>\n<meta name=\"author\" content=\"Admin\" \/>\n<meta name=\"twitter:card\" content=\"summary_large_image\" \/>\n<meta name=\"twitter:creator\" content=\"@DiarioFemenino1\" \/>\n<meta name=\"twitter:site\" content=\"@DiarioFemenino1\" \/>\n<meta name=\"twitter:label1\" content=\"Escrito por\" \/>\n\t<meta name=\"twitter:data1\" content=\"Admin\" \/>\n\t<meta name=\"twitter:label2\" content=\"Tiempo de lectura\" \/>\n\t<meta name=\"twitter:data2\" content=\"8 minutos\" \/>\n<script type=\"application\/ld+json\" class=\"yoast-schema-graph\">{\"@context\":\"https:\\\/\\\/schema.org\",\"@graph\":[{\"@type\":\"Article\",\"@id\":\"https:\\\/\\\/diariofemenino.com.ar\\\/df\\\/bautismos-un-ritual-tan-naturalizado-como-polemico\\\/#article\",\"isPartOf\":{\"@id\":\"https:\\\/\\\/diariofemenino.com.ar\\\/df\\\/bautismos-un-ritual-tan-naturalizado-como-polemico\\\/\"},\"author\":{\"name\":\"Admin\",\"@id\":\"https:\\\/\\\/diariofemenino.com.ar\\\/df\\\/#\\\/schema\\\/person\\\/bf6199e8158c657ea6f789b11ec85509\"},\"headline\":\"&#8216;Bautismos&#8217;: un ritual tan naturalizado como pol\u00e9mico\",\"datePublished\":\"2023-01-18T16:32:14+00:00\",\"dateModified\":\"2023-01-18T16:55:24+00:00\",\"mainEntityOfPage\":{\"@id\":\"https:\\\/\\\/diariofemenino.com.ar\\\/df\\\/bautismos-un-ritual-tan-naturalizado-como-polemico\\\/\"},\"wordCount\":1662,\"commentCount\":2,\"publisher\":{\"@id\":\"https:\\\/\\\/diariofemenino.com.ar\\\/df\\\/#organization\"},\"image\":{\"@id\":\"https:\\\/\\\/diariofemenino.com.ar\\\/df\\\/bautismos-un-ritual-tan-naturalizado-como-polemico\\\/#primaryimage\"},\"thumbnailUrl\":\"https:\\\/\\\/diariofemenino.com.ar\\\/df\\\/wp-content\\\/uploads\\\/2023\\\/01\\\/1674012635924.jpg\",\"keywords\":[\"Bautismos\",\"Clubes\",\"Construcci\u00f3n\",\"Deportes\",\"Destacada\",\"F\u00fatbol\",\"Masculinidades\",\"Naturalizaci\u00f3n\",\"Pertenencia\",\"Pr\u00e1cticas\",\"Ridiculizaci\u00f3n\",\"Rituales\"],\"articleSection\":[\"Actividades\",\"Art\u00edculos y Comunicados\",\"Azul Profundo\",\"G\u00e9nero y Derechos Humanos\",\"Noticias\",\"Violencias\"],\"inLanguage\":\"es\",\"potentialAction\":[{\"@type\":\"CommentAction\",\"name\":\"Comment\",\"target\":[\"https:\\\/\\\/diariofemenino.com.ar\\\/df\\\/bautismos-un-ritual-tan-naturalizado-como-polemico\\\/#respond\"]}]},{\"@type\":\"WebPage\",\"@id\":\"https:\\\/\\\/diariofemenino.com.ar\\\/df\\\/bautismos-un-ritual-tan-naturalizado-como-polemico\\\/\",\"url\":\"https:\\\/\\\/diariofemenino.com.ar\\\/df\\\/bautismos-un-ritual-tan-naturalizado-como-polemico\\\/\",\"name\":\"'Bautismos': un ritual tan naturalizado como pol\u00e9mico - Diario Digital Femenino\",\"isPartOf\":{\"@id\":\"https:\\\/\\\/diariofemenino.com.ar\\\/df\\\/#website\"},\"primaryImageOfPage\":{\"@id\":\"https:\\\/\\\/diariofemenino.com.ar\\\/df\\\/bautismos-un-ritual-tan-naturalizado-como-polemico\\\/#primaryimage\"},\"image\":{\"@id\":\"https:\\\/\\\/diariofemenino.com.ar\\\/df\\\/bautismos-un-ritual-tan-naturalizado-como-polemico\\\/#primaryimage\"},\"thumbnailUrl\":\"https:\\\/\\\/diariofemenino.com.ar\\\/df\\\/wp-content\\\/uploads\\\/2023\\\/01\\\/1674012635924.jpg\",\"datePublished\":\"2023-01-18T16:32:14+00:00\",\"dateModified\":\"2023-01-18T16:55:24+00:00\",\"description\":\"'Bautismos'. La \\\"pr\u00e1ctica\\\" consiste en que los jugadores mayores de un plantel le corten el pelo a los juveniles que son promovidos a Primera Divisi\u00f3n.\",\"breadcrumb\":{\"@id\":\"https:\\\/\\\/diariofemenino.com.ar\\\/df\\\/bautismos-un-ritual-tan-naturalizado-como-polemico\\\/#breadcrumb\"},\"inLanguage\":\"es\",\"potentialAction\":[{\"@type\":\"ReadAction\",\"target\":[\"https:\\\/\\\/diariofemenino.com.ar\\\/df\\\/bautismos-un-ritual-tan-naturalizado-como-polemico\\\/\"]}]},{\"@type\":\"ImageObject\",\"inLanguage\":\"es\",\"@id\":\"https:\\\/\\\/diariofemenino.com.ar\\\/df\\\/bautismos-un-ritual-tan-naturalizado-como-polemico\\\/#primaryimage\",\"url\":\"https:\\\/\\\/diariofemenino.com.ar\\\/df\\\/wp-content\\\/uploads\\\/2023\\\/01\\\/1674012635924.jpg\",\"contentUrl\":\"https:\\\/\\\/diariofemenino.com.ar\\\/df\\\/wp-content\\\/uploads\\\/2023\\\/01\\\/1674012635924.jpg\",\"width\":1121,\"height\":633,\"caption\":\"'Bautismos': un ritual tan naturalizado como pol\u00e9mico\"},{\"@type\":\"BreadcrumbList\",\"@id\":\"https:\\\/\\\/diariofemenino.com.ar\\\/df\\\/bautismos-un-ritual-tan-naturalizado-como-polemico\\\/#breadcrumb\",\"itemListElement\":[{\"@type\":\"ListItem\",\"position\":1,\"name\":\"Portada\",\"item\":\"https:\\\/\\\/diariofemenino.com.ar\\\/df\\\/\"},{\"@type\":\"ListItem\",\"position\":2,\"name\":\"&#8216;Bautismos&#8217;: un ritual tan naturalizado como pol\u00e9mico\"}]},{\"@type\":\"WebSite\",\"@id\":\"https:\\\/\\\/diariofemenino.com.ar\\\/df\\\/#website\",\"url\":\"https:\\\/\\\/diariofemenino.com.ar\\\/df\\\/\",\"name\":\"Diario Digital Femenino\",\"description\":\"Cuesti\u00f3n de G\u00e9nero\",\"publisher\":{\"@id\":\"https:\\\/\\\/diariofemenino.com.ar\\\/df\\\/#organization\"},\"potentialAction\":[{\"@type\":\"SearchAction\",\"target\":{\"@type\":\"EntryPoint\",\"urlTemplate\":\"https:\\\/\\\/diariofemenino.com.ar\\\/df\\\/?s={search_term_string}\"},\"query-input\":{\"@type\":\"PropertyValueSpecification\",\"valueRequired\":true,\"valueName\":\"search_term_string\"}}],\"inLanguage\":\"es\"},{\"@type\":\"Organization\",\"@id\":\"https:\\\/\\\/diariofemenino.com.ar\\\/df\\\/#organization\",\"name\":\"Diario Femenino\",\"url\":\"https:\\\/\\\/diariofemenino.com.ar\\\/df\\\/\",\"logo\":{\"@type\":\"ImageObject\",\"inLanguage\":\"es\",\"@id\":\"https:\\\/\\\/diariofemenino.com.ar\\\/df\\\/#\\\/schema\\\/logo\\\/image\\\/\",\"url\":\"https:\\\/\\\/diariofemenino.com.ar\\\/df\\\/wp-content\\\/uploads\\\/2018\\\/10\\\/logo.png\",\"contentUrl\":\"https:\\\/\\\/diariofemenino.com.ar\\\/df\\\/wp-content\\\/uploads\\\/2018\\\/10\\\/logo.png\",\"width\":500,\"height\":92,\"caption\":\"Diario Femenino\"},\"image\":{\"@id\":\"https:\\\/\\\/diariofemenino.com.ar\\\/df\\\/#\\\/schema\\\/logo\\\/image\\\/\"},\"sameAs\":[\"https:\\\/\\\/www.facebook.com\\\/DiarioDigitaFemenino\\\/\",\"https:\\\/\\\/x.com\\\/DiarioFemenino1\"]},{\"@type\":\"Person\",\"@id\":\"https:\\\/\\\/diariofemenino.com.ar\\\/df\\\/#\\\/schema\\\/person\\\/bf6199e8158c657ea6f789b11ec85509\",\"name\":\"Admin\",\"image\":{\"@type\":\"ImageObject\",\"inLanguage\":\"es\",\"@id\":\"https:\\\/\\\/diariofemenino.com.ar\\\/df\\\/wp-content\\\/uploads\\\/2018\\\/12\\\/favicon-150x150.jpg\",\"url\":\"https:\\\/\\\/diariofemenino.com.ar\\\/df\\\/wp-content\\\/uploads\\\/2018\\\/12\\\/favicon-150x150.jpg\",\"contentUrl\":\"https:\\\/\\\/diariofemenino.com.ar\\\/df\\\/wp-content\\\/uploads\\\/2018\\\/12\\\/favicon-150x150.jpg\",\"caption\":\"Admin\"},\"url\":\"https:\\\/\\\/diariofemenino.com.ar\\\/df\\\/author\\\/lenny\\\/\"}]}<\/script>\n<!-- \/ Yoast SEO plugin. -->","yoast_head_json":{"title":"'Bautismos': un ritual tan naturalizado como pol\u00e9mico - Diario Digital Femenino","description":"'Bautismos'. La \"pr\u00e1ctica\" consiste en que los jugadores mayores de un plantel le corten el pelo a los juveniles que son promovidos a Primera Divisi\u00f3n.","robots":{"index":"index","follow":"follow","max-snippet":"max-snippet:-1","max-image-preview":"max-image-preview:large","max-video-preview":"max-video-preview:-1"},"canonical":"https:\/\/diariofemenino.com.ar\/df\/bautismos-un-ritual-tan-naturalizado-como-polemico\/","og_locale":"es_ES","og_type":"article","og_title":"'Bautismos': un ritual tan naturalizado como pol\u00e9mico - Diario Digital Femenino","og_description":"'Bautismos'. La \"pr\u00e1ctica\" consiste en que los jugadores mayores de un plantel le corten el pelo a los juveniles que son promovidos a Primera Divisi\u00f3n.","og_url":"https:\/\/diariofemenino.com.ar\/df\/bautismos-un-ritual-tan-naturalizado-como-polemico\/","og_site_name":"Diario Digital Femenino","article_publisher":"https:\/\/www.facebook.com\/DiarioDigitaFemenino\/","article_published_time":"2023-01-18T16:32:14+00:00","article_modified_time":"2023-01-18T16:55:24+00:00","og_image":[{"width":1121,"height":633,"url":"https:\/\/diariofemenino.com.ar\/df\/wp-content\/uploads\/2023\/01\/1674012635924.jpg","type":"image\/jpeg"}],"author":"Admin","twitter_card":"summary_large_image","twitter_creator":"@DiarioFemenino1","twitter_site":"@DiarioFemenino1","twitter_misc":{"Escrito por":"Admin","Tiempo de lectura":"8 minutos"},"schema":{"@context":"https:\/\/schema.org","@graph":[{"@type":"Article","@id":"https:\/\/diariofemenino.com.ar\/df\/bautismos-un-ritual-tan-naturalizado-como-polemico\/#article","isPartOf":{"@id":"https:\/\/diariofemenino.com.ar\/df\/bautismos-un-ritual-tan-naturalizado-como-polemico\/"},"author":{"name":"Admin","@id":"https:\/\/diariofemenino.com.ar\/df\/#\/schema\/person\/bf6199e8158c657ea6f789b11ec85509"},"headline":"&#8216;Bautismos&#8217;: un ritual tan naturalizado como pol\u00e9mico","datePublished":"2023-01-18T16:32:14+00:00","dateModified":"2023-01-18T16:55:24+00:00","mainEntityOfPage":{"@id":"https:\/\/diariofemenino.com.ar\/df\/bautismos-un-ritual-tan-naturalizado-como-polemico\/"},"wordCount":1662,"commentCount":2,"publisher":{"@id":"https:\/\/diariofemenino.com.ar\/df\/#organization"},"image":{"@id":"https:\/\/diariofemenino.com.ar\/df\/bautismos-un-ritual-tan-naturalizado-como-polemico\/#primaryimage"},"thumbnailUrl":"https:\/\/diariofemenino.com.ar\/df\/wp-content\/uploads\/2023\/01\/1674012635924.jpg","keywords":["Bautismos","Clubes","Construcci\u00f3n","Deportes","Destacada","F\u00fatbol","Masculinidades","Naturalizaci\u00f3n","Pertenencia","Pr\u00e1cticas","Ridiculizaci\u00f3n","Rituales"],"articleSection":["Actividades","Art\u00edculos y Comunicados","Azul Profundo","G\u00e9nero y Derechos Humanos","Noticias","Violencias"],"inLanguage":"es","potentialAction":[{"@type":"CommentAction","name":"Comment","target":["https:\/\/diariofemenino.com.ar\/df\/bautismos-un-ritual-tan-naturalizado-como-polemico\/#respond"]}]},{"@type":"WebPage","@id":"https:\/\/diariofemenino.com.ar\/df\/bautismos-un-ritual-tan-naturalizado-como-polemico\/","url":"https:\/\/diariofemenino.com.ar\/df\/bautismos-un-ritual-tan-naturalizado-como-polemico\/","name":"'Bautismos': un ritual tan naturalizado como pol\u00e9mico - Diario Digital Femenino","isPartOf":{"@id":"https:\/\/diariofemenino.com.ar\/df\/#website"},"primaryImageOfPage":{"@id":"https:\/\/diariofemenino.com.ar\/df\/bautismos-un-ritual-tan-naturalizado-como-polemico\/#primaryimage"},"image":{"@id":"https:\/\/diariofemenino.com.ar\/df\/bautismos-un-ritual-tan-naturalizado-como-polemico\/#primaryimage"},"thumbnailUrl":"https:\/\/diariofemenino.com.ar\/df\/wp-content\/uploads\/2023\/01\/1674012635924.jpg","datePublished":"2023-01-18T16:32:14+00:00","dateModified":"2023-01-18T16:55:24+00:00","description":"'Bautismos'. La \"pr\u00e1ctica\" consiste en que los jugadores mayores de un plantel le corten el pelo a los juveniles que son promovidos a Primera Divisi\u00f3n.","breadcrumb":{"@id":"https:\/\/diariofemenino.com.ar\/df\/bautismos-un-ritual-tan-naturalizado-como-polemico\/#breadcrumb"},"inLanguage":"es","potentialAction":[{"@type":"ReadAction","target":["https:\/\/diariofemenino.com.ar\/df\/bautismos-un-ritual-tan-naturalizado-como-polemico\/"]}]},{"@type":"ImageObject","inLanguage":"es","@id":"https:\/\/diariofemenino.com.ar\/df\/bautismos-un-ritual-tan-naturalizado-como-polemico\/#primaryimage","url":"https:\/\/diariofemenino.com.ar\/df\/wp-content\/uploads\/2023\/01\/1674012635924.jpg","contentUrl":"https:\/\/diariofemenino.com.ar\/df\/wp-content\/uploads\/2023\/01\/1674012635924.jpg","width":1121,"height":633,"caption":"'Bautismos': un ritual tan naturalizado como pol\u00e9mico"},{"@type":"BreadcrumbList","@id":"https:\/\/diariofemenino.com.ar\/df\/bautismos-un-ritual-tan-naturalizado-como-polemico\/#breadcrumb","itemListElement":[{"@type":"ListItem","position":1,"name":"Portada","item":"https:\/\/diariofemenino.com.ar\/df\/"},{"@type":"ListItem","position":2,"name":"&#8216;Bautismos&#8217;: un ritual tan naturalizado como pol\u00e9mico"}]},{"@type":"WebSite","@id":"https:\/\/diariofemenino.com.ar\/df\/#website","url":"https:\/\/diariofemenino.com.ar\/df\/","name":"Diario Digital Femenino","description":"Cuesti\u00f3n de G\u00e9nero","publisher":{"@id":"https:\/\/diariofemenino.com.ar\/df\/#organization"},"potentialAction":[{"@type":"SearchAction","target":{"@type":"EntryPoint","urlTemplate":"https:\/\/diariofemenino.com.ar\/df\/?s={search_term_string}"},"query-input":{"@type":"PropertyValueSpecification","valueRequired":true,"valueName":"search_term_string"}}],"inLanguage":"es"},{"@type":"Organization","@id":"https:\/\/diariofemenino.com.ar\/df\/#organization","name":"Diario Femenino","url":"https:\/\/diariofemenino.com.ar\/df\/","logo":{"@type":"ImageObject","inLanguage":"es","@id":"https:\/\/diariofemenino.com.ar\/df\/#\/schema\/logo\/image\/","url":"https:\/\/diariofemenino.com.ar\/df\/wp-content\/uploads\/2018\/10\/logo.png","contentUrl":"https:\/\/diariofemenino.com.ar\/df\/wp-content\/uploads\/2018\/10\/logo.png","width":500,"height":92,"caption":"Diario Femenino"},"image":{"@id":"https:\/\/diariofemenino.com.ar\/df\/#\/schema\/logo\/image\/"},"sameAs":["https:\/\/www.facebook.com\/DiarioDigitaFemenino\/","https:\/\/x.com\/DiarioFemenino1"]},{"@type":"Person","@id":"https:\/\/diariofemenino.com.ar\/df\/#\/schema\/person\/bf6199e8158c657ea6f789b11ec85509","name":"Admin","image":{"@type":"ImageObject","inLanguage":"es","@id":"https:\/\/diariofemenino.com.ar\/df\/wp-content\/uploads\/2018\/12\/favicon-150x150.jpg","url":"https:\/\/diariofemenino.com.ar\/df\/wp-content\/uploads\/2018\/12\/favicon-150x150.jpg","contentUrl":"https:\/\/diariofemenino.com.ar\/df\/wp-content\/uploads\/2018\/12\/favicon-150x150.jpg","caption":"Admin"},"url":"https:\/\/diariofemenino.com.ar\/df\/author\/lenny\/"}]}},"jetpack_featured_media_url":"https:\/\/diariofemenino.com.ar\/df\/wp-content\/uploads\/2023\/01\/1674012635924.jpg","jetpack_sharing_enabled":true,"rttpg_featured_image_url":{"full":["https:\/\/diariofemenino.com.ar\/df\/wp-content\/uploads\/2023\/01\/1674012635924.jpg",1121,633,false],"landscape":["https:\/\/diariofemenino.com.ar\/df\/wp-content\/uploads\/2023\/01\/1674012635924.jpg",1121,633,false],"portraits":["https:\/\/diariofemenino.com.ar\/df\/wp-content\/uploads\/2023\/01\/1674012635924.jpg",1121,633,false],"thumbnail":["https:\/\/diariofemenino.com.ar\/df\/wp-content\/uploads\/2023\/01\/1674012635924-150x150.jpg",150,150,true],"medium":["https:\/\/diariofemenino.com.ar\/df\/wp-content\/uploads\/2023\/01\/1674012635924-300x169.jpg",300,169,true],"large":["https:\/\/diariofemenino.com.ar\/df\/wp-content\/uploads\/2023\/01\/1674012635924-1024x578.jpg",1024,578,true],"1536x1536":["https:\/\/diariofemenino.com.ar\/df\/wp-content\/uploads\/2023\/01\/1674012635924.jpg",1121,633,false],"2048x2048":["https:\/\/diariofemenino.com.ar\/df\/wp-content\/uploads\/2023\/01\/1674012635924.jpg",1121,633,false]},"rttpg_author":{"display_name":"Admin","author_link":"https:\/\/diariofemenino.com.ar\/df\/author\/lenny\/"},"rttpg_comment":2,"rttpg_category":"<a href=\"https:\/\/diariofemenino.com.ar\/df\/category\/actividades\/\" rel=\"category tag\">Actividades<\/a> <a href=\"https:\/\/diariofemenino.com.ar\/df\/category\/articulos-y-comunicados\/\" rel=\"category tag\">Art\u00edculos y Comunicados<\/a> <a href=\"https:\/\/diariofemenino.com.ar\/df\/category\/azul-profundo\/\" rel=\"category tag\">Azul Profundo<\/a> <a href=\"https:\/\/diariofemenino.com.ar\/df\/category\/genero-y-derechos-humanos\/\" rel=\"category tag\">G\u00e9nero y Derechos Humanos<\/a> <a href=\"https:\/\/diariofemenino.com.ar\/df\/category\/noticias\/\" rel=\"category tag\">Noticias<\/a> <a href=\"https:\/\/diariofemenino.com.ar\/df\/category\/violencias\/\" rel=\"category tag\">Violencias<\/a>","rttpg_excerpt":"Bautismos. \u00abNo queremos hacer sentir mal a un chico que est\u00e1 haciendo su primera pretemporada y le gusta tener el pelo largo. Hace poquito charlamos con Mariano (And\u00fajar), no tiene sentido ridiculizarlos. Mientras estemos nosotros, no se va a dar\u00bb. La frase corresponde a Mauro Boselli, el experimentado delantero de Estudiantes de La Plata, que&hellip;","_links":{"self":[{"href":"https:\/\/diariofemenino.com.ar\/df\/wp-json\/wp\/v2\/posts\/67572","targetHints":{"allow":["GET"]}}],"collection":[{"href":"https:\/\/diariofemenino.com.ar\/df\/wp-json\/wp\/v2\/posts"}],"about":[{"href":"https:\/\/diariofemenino.com.ar\/df\/wp-json\/wp\/v2\/types\/post"}],"author":[{"embeddable":true,"href":"https:\/\/diariofemenino.com.ar\/df\/wp-json\/wp\/v2\/users\/4"}],"replies":[{"embeddable":true,"href":"https:\/\/diariofemenino.com.ar\/df\/wp-json\/wp\/v2\/comments?post=67572"}],"version-history":[{"count":0,"href":"https:\/\/diariofemenino.com.ar\/df\/wp-json\/wp\/v2\/posts\/67572\/revisions"}],"wp:featuredmedia":[{"embeddable":true,"href":"https:\/\/diariofemenino.com.ar\/df\/wp-json\/wp\/v2\/media\/67574"}],"wp:attachment":[{"href":"https:\/\/diariofemenino.com.ar\/df\/wp-json\/wp\/v2\/media?parent=67572"}],"wp:term":[{"taxonomy":"category","embeddable":true,"href":"https:\/\/diariofemenino.com.ar\/df\/wp-json\/wp\/v2\/categories?post=67572"},{"taxonomy":"post_tag","embeddable":true,"href":"https:\/\/diariofemenino.com.ar\/df\/wp-json\/wp\/v2\/tags?post=67572"}],"curies":[{"name":"wp","href":"https:\/\/api.w.org\/{rel}","templated":true}]}}