{"id":67564,"date":"2023-01-18T12:57:12","date_gmt":"2023-01-18T15:57:12","guid":{"rendered":"https:\/\/diariofemenino.com.ar\/df\/?p=67564"},"modified":"2023-01-18T12:57:12","modified_gmt":"2023-01-18T15:57:12","slug":"depresion-una-enfermedad-dos-veces-mas-frecuente-en-mujeres-que-en-hombres","status":"publish","type":"post","link":"https:\/\/diariofemenino.com.ar\/df\/depresion-una-enfermedad-dos-veces-mas-frecuente-en-mujeres-que-en-hombres\/","title":{"rendered":"Depresi\u00f3n: una enfermedad \u201cdos veces m\u00e1s frecuente en mujeres que en hombres\u201d"},"content":{"rendered":"<p class=\"article-deck article__deck\">Seg\u00fan especialista, es importante diferenciar este estado de otros, entre ellos, la ansiedad y la tristeza, que \u201cson pasajeros\u201d y suelen \u201ctener una causa\u201d.<\/p>\n<p>Por\u00a0<a href=\"https:\/\/ladiaria.com.uy\/periodista\/federica-perez\/\">Federica P\u00e9rez<\/a>\u00a0en\u00a0<a href=\"https:\/\/ladiaria.com.uy\/seccion\/afecciones-y-tratamientos\/\">Afecciones y tratamientos<\/a><br \/>\nFoto de portada: Santiago Mazzarovich, adhocFOTOS<\/p>\n<div class=\"article-body paywalled-content\">\n<p>El viernes 13 de enero se conmemor\u00f3 el D\u00eda Internacional Contra la Depresi\u00f3n, una enfermedad que afecta a 300 millones de personas en el mundo, seg\u00fan los datos de la Organizaci\u00f3n Mundial de la Salud (OMS). Algunos de los s\u00edntomas m\u00e1s frecuentes pueden ser ansiedad, necesidad de dormir m\u00e1s de lo habitual, inquietud, cambios en el apetito y p\u00e9rdida de energ\u00eda, aunque depende de cada caso y, en ocasiones, puede que la persona que la sufre no la identifique como tal.<\/p>\n<p>\u201cLa depresi\u00f3n comprende una categor\u00eda cl\u00ednica\u201d que se utiliza en psicolog\u00eda y psiquiatr\u00eda para diagnosticar algunos estados y s\u00edntomas que se relacionan con \u201cla falta de querer seguir adelante o sentir que se produce un baj\u00f3n\u201d, explic\u00f3 a _la diaria _ la psic\u00f3loga y docente Cecilia Baroni. Aunque la enfermedad \u201ctiene diferentes formas de expresarse\u201d, por ejemplo, a trav\u00e9s de la irritabilidad, el enojo y la desesperanza, a veces las personas denominan depresi\u00f3n a \u201cper\u00edodos desanimados que no siempre significan lo mismo\u201d.<\/p>\n<p>Remarc\u00f3 que el estado depresivo es \u201cmulticausal\u201d y se relaciona con factores externos e internos de cada uno. \u201cSe instala una forma de sufrimiento con el cual la persona no puede sola\u201d. Ante el diagn\u00f3stico, se pueden aplicar tratamientos farmacol\u00f3gicos con distintas combinaciones de f\u00e1rmacos, sobre todo, \u201cen los casos m\u00e1s agudos\u201d. A su vez, el tratamiento puede complementarse con terapias y \u201cun estilo de vida que pueda ayudar a entender o incorporar la idea de que vale la pena vivir\u201d.<\/p>\n<p>Seg\u00fan Baroni, en algunas oportunidades, ante la depresi\u00f3n, \u201calguien se presenta con el discurso de que hay que salir y distraerse\u201d, pero eso, a veces, no alcanza. Si es patol\u00f3gico, el estado depresivo se instala y necesita abordajes m\u00e1s complejos e integrales. De este punto surge la importancia de diferenciar entre depresi\u00f3n, ansiedad y tristeza.<\/p>\n<p>\u201cLa ansiedad y la tristeza son mecanismos naturales\u201d que tenemos las personas para reaccionar ante \u201calgunos temas\u201d de la vida. Frente a ambos, es importante identificar la causa y el por qu\u00e9 nos sentimos as\u00ed, y \u201ccuanto m\u00e1s claro es el hecho, es m\u00e1s seguro que pase\u201d. Pero cuando la tristeza o la ansiedad no son pasajeras, es decir, cuando \u201cinterfieren en nuestros h\u00e1bitos e interrumpen rutinas\u201d, hay que estar atentos, porque seguramente se trate de una depresi\u00f3n. \u201cMuchas veces la propia persona no lo puede identificar\u201d y es el afuera el que lo hace.<\/p>\n<p>Por \u00faltimo, consider\u00f3 que si bien \u201cno hay que patologizar todo lo que nos pasa\u201d, es necesario \u201ctomar conciencia de la importancia de conocernos y saber cu\u00e1les son nuestras formas\u201d para pedir ayuda, siempre y cuando sea necesario y se logre identificarlo como tal. Adem\u00e1s, remarc\u00f3 que cuidar de la salud mental \u201ctambi\u00e9n es un deber de los Estados\u201d.<\/p>\n<p id=\"plan-nacional-de-salud-mental\"><strong>Plan Nacional de Salud Mental<\/strong><\/p>\n<p>En cuanto al rol del Estado en las patolog\u00edas mentales, el Plan de Salud Mental 2020-2027 del Ministerio de Salud P\u00fablica (MSP) es una \u201cherramienta\u201d para poner en pr\u00e1ctica las pol\u00edticas de salud vinculadas que \u201cgaranticen el derecho a la salud\u201d. Seg\u00fan la cartera, el documento surge como una necesidad, para dar cumplimiento a lo establecido en la Ley de Salud Mental 19.529, aprobada en 2017.<\/p>\n<p>El plan incluye algunos datos sobre la depresi\u00f3n. Entre otras cosas, afirma que contin\u00faa ocupando \u201cla principal posici\u00f3n entre los problemas de salud mental prevalentes\u201d y que es \u201cdos veces m\u00e1s frecuente en <a href=\"https:\/\/diariofemenino.com.ar\/df\/category\/agenda-feminista\/\">mujeres<\/a> que en hombres\u201d. En 2015, la prevalencia de trastornos depresivos en las Am\u00e9ricas fue \u201centre 4% en hombres y casi 6% en mujeres\u201d, seg\u00fan la gu\u00eda.<\/p>\n<p>Por otra parte, la \u201ctransici\u00f3n demogr\u00e1fica\u201d que est\u00e1 ocurriendo en la regi\u00f3n es un reto para los sistemas de salud. Por ejemplo, los problemas de salud mental \u201cprevalentes y neurol\u00f3gicos en las personas mayores\u201d, entre ellos, la enfermedad de Alzheimer y la depresi\u00f3n, que cada vez contribuyen m\u00e1s significativamente \u201ca la carga\u201d de enfermedades no transmisibles.<\/p>\n<p>Si bien en nuestro pa\u00eds \u201cno existen registros\u201d sobre la cantidad de personas afectadas, lo que puede concluirse a trav\u00e9s de los registros de la Historia Cl\u00ednica Electr\u00f3nica Nacional y de estudios internacionales es que son alrededor de 54.000 personas las que padecen \u201calg\u00fan tipo de demencia\u201d. La depresi\u00f3n y la ansiedad \u201cson frecuentes en las personas mayores\u201d, aunque poco tratadas por ser \u201cerr\u00f3neamente consideradas parte del envejecimiento\u201d o por \u201cdesconocimiento de los profesionales\u201d.<\/p>\n<p>Con relaci\u00f3n a otros trastornos mentales que aumentan su prevalencia con la edad, se deben destacar tres: la depresi\u00f3n, la ansiedad y los suicidios. Seg\u00fan datos de 2018 de la Organizaci\u00f3n Panamericana de la Salud (OPS), en las Am\u00e9ricas la prevalencia de demencia en las personas mayores est\u00e1 entre 6,46% y 8,48% con relaci\u00f3n a otros trastornos mentales como la depresi\u00f3n, la ansiedad y los suicidios, \u201cque aumentan su prevalencia con la edad\u201d.<\/p>\n<figure id=\"attachment_67570\" aria-describedby=\"caption-attachment-67570\" style=\"width: 564px\" class=\"wp-caption aligncenter\"><img loading=\"lazy\" decoding=\"async\" class=\"size-full wp-image-67570\" src=\"https:\/\/diariofemenino.com.ar\/df\/wp-content\/uploads\/2023\/01\/trastorno-depresivo-1.jpg\" alt=\"Depresi\u00f3n: una enfermedad \u201cdos veces m\u00e1s frecuente en mujeres que en hombres\u201d \" width=\"564\" height=\"373\" srcset=\"https:\/\/diariofemenino.com.ar\/df\/wp-content\/uploads\/2023\/01\/trastorno-depresivo-1.jpg 564w, https:\/\/diariofemenino.com.ar\/df\/wp-content\/uploads\/2023\/01\/trastorno-depresivo-1-300x198.jpg 300w\" sizes=\"auto, (max-width: 564px) 100vw, 564px\" \/><figcaption id=\"caption-attachment-67570\" class=\"wp-caption-text\">Depresi\u00f3n: una enfermedad \u201cdos veces m\u00e1s frecuente en mujeres que en hombres\u201d<\/figcaption><\/figure>\n<p>En Uruguay la discapacidad por enfermedades no transmisibles ocupa \u201ccasi el 90% del total de los a\u00f1os perdidos por discapacidad\u201d y los trastornos mentales, 33%. En cuanto a la discapacidad, seg\u00fan cada trastorno espec\u00edfico, la depresi\u00f3n y la ansiedad son los que ocupan los mayores porcentajes, con \u201c7,6% y 5,2% respectivamente\u201d.<\/p>\n<p>El plan plantea algunas <a href=\"https:\/\/diariofemenino.com.ar\/df\/category\/salud\/\">estrategias<\/a> que deben ser implementadas a trav\u00e9s del trabajo interinstitucional y multidisciplinario. Propone \u201campliar la cobertura a prestaciones psicoterap\u00e9uticas y psicosociales\u201d, definir e implementar pautas para el abordaje farmacol\u00f3gico y no farmacol\u00f3gico de la depresi\u00f3n en personas mayores y capacitar en la detecci\u00f3n y el abordaje de las problem\u00e1ticas de la salud mental de las personas mayores con una perspectiva de derechos humanos.<\/p>\n<p><a href=\"https:\/\/ladiaria.com.uy\/salud\/articulo\/2023\/1\/depresion-una-enfermedad-dos-veces-mas-frecuente-en-mujeres-que-en-hombres\/?utm_source=newsletter&amp;utm_medium=email&amp;utm_campaign=feminismos\">La Diaria Salud<\/a><br \/>\nInstagram <a href=\"https:\/\/www.instagram.com\/diariodigitalfemenino_\/\">Diario Digital Femenino<\/a><\/p>\n<\/div>\n","protected":false},"excerpt":{"rendered":"<p>Seg\u00fan especialista, es importante diferenciar este estado de otros, entre ellos, la ansiedad y la tristeza, que \u201cson pasajeros\u201d y suelen \u201ctener una causa\u201d. Por\u00a0Federica P\u00e9rez\u00a0en\u00a0Afecciones y tratamientos Foto de portada: Santiago Mazzarovich, adhocFOTOS El viernes 13 de enero se conmemor\u00f3 el D\u00eda Internacional Contra la Depresi\u00f3n, una enfermedad que afecta a 300 millones de [&hellip;]<\/p>\n","protected":false},"author":4,"featured_media":67569,"comment_status":"open","ping_status":"open","sticky":false,"template":"","format":"standard","meta":{"iawp_total_views":12,"footnotes":""},"categories":[7,1067,178,182,4,32,23],"tags":[5682,3777,5681,5684,3381,130,5685,1082,5683],"class_list":["post-67564","post","type-post","status-publish","format-standard","has-post-thumbnail","hentry","category-actividades","category-agenda-feminista","category-articulos-y-comunicados","category-informes","category-medios","category-mujeres","category-salud","tag-ansiedad","tag-depresion","tag-enfermedad","tag-interinstitucional","tag-intervencion","tag-mujeres","tag-multidisciplinaria","tag-salud-mental","tag-tristeza"],"nelio_content":{"autoShareEndMode":"never","automationSources":{"useCustomSentences":false,"customSentences":[]},"efiAlt":"","efiUrl":"","followers":[4],"highlights":[],"isAutoShareEnabled":true,"networkImageIds":[],"permalinkQueryArgs":[],"series":[],"suggestedReferences":[]},"yoast_head":"<!-- This site is optimized with the Yoast SEO plugin v27.5 - https:\/\/yoast.com\/product\/yoast-seo-wordpress\/ -->\n<title>Depresi\u00f3n: una enfermedad \u201cdos veces m\u00e1s frecuente en mujeres que en hombres\u201d - Diario Digital Femenino<\/title>\n<meta name=\"description\" content=\"Depresi\u00f3n.es importante diferenciar este estado de otros, entre ellos, la ansiedad y la tristeza, que \u201cson pasajeros\u201d y suelen \u201ctener una causa\u201d.\" \/>\n<meta name=\"robots\" content=\"index, follow, max-snippet:-1, max-image-preview:large, max-video-preview:-1\" \/>\n<link rel=\"canonical\" href=\"https:\/\/diariofemenino.com.ar\/df\/depresion-una-enfermedad-dos-veces-mas-frecuente-en-mujeres-que-en-hombres\/\" \/>\n<meta property=\"og:locale\" content=\"es_ES\" \/>\n<meta property=\"og:type\" content=\"article\" \/>\n<meta property=\"og:title\" content=\"Depresi\u00f3n: una enfermedad \u201cdos veces m\u00e1s frecuente en mujeres que en hombres\u201d - Diario Digital Femenino\" \/>\n<meta property=\"og:description\" content=\"Depresi\u00f3n.es importante diferenciar este estado de otros, entre ellos, la ansiedad y la tristeza, que \u201cson pasajeros\u201d y suelen \u201ctener una causa\u201d.\" \/>\n<meta property=\"og:url\" content=\"https:\/\/diariofemenino.com.ar\/df\/depresion-una-enfermedad-dos-veces-mas-frecuente-en-mujeres-que-en-hombres\/\" \/>\n<meta property=\"og:site_name\" content=\"Diario Digital Femenino\" \/>\n<meta property=\"article:publisher\" content=\"https:\/\/www.facebook.com\/DiarioDigitaFemenino\/\" \/>\n<meta property=\"article:published_time\" content=\"2023-01-18T15:57:12+00:00\" \/>\n<meta property=\"og:image\" content=\"https:\/\/diariofemenino.com.ar\/df\/wp-content\/uploads\/2023\/01\/20110504_MZZ8618_1200w.jpg\" \/>\n\t<meta property=\"og:image:width\" content=\"1200\" \/>\n\t<meta property=\"og:image:height\" content=\"797\" \/>\n\t<meta property=\"og:image:type\" content=\"image\/jpeg\" \/>\n<meta name=\"author\" content=\"Admin\" \/>\n<meta name=\"twitter:card\" content=\"summary_large_image\" \/>\n<meta name=\"twitter:creator\" content=\"@DiarioFemenino1\" \/>\n<meta name=\"twitter:site\" content=\"@DiarioFemenino1\" \/>\n<meta name=\"twitter:label1\" content=\"Escrito por\" \/>\n\t<meta name=\"twitter:data1\" content=\"Admin\" \/>\n\t<meta name=\"twitter:label2\" content=\"Tiempo de lectura\" \/>\n\t<meta name=\"twitter:data2\" content=\"5 minutos\" \/>\n<script type=\"application\/ld+json\" class=\"yoast-schema-graph\">{\"@context\":\"https:\\\/\\\/schema.org\",\"@graph\":[{\"@type\":\"Article\",\"@id\":\"https:\\\/\\\/diariofemenino.com.ar\\\/df\\\/depresion-una-enfermedad-dos-veces-mas-frecuente-en-mujeres-que-en-hombres\\\/#article\",\"isPartOf\":{\"@id\":\"https:\\\/\\\/diariofemenino.com.ar\\\/df\\\/depresion-una-enfermedad-dos-veces-mas-frecuente-en-mujeres-que-en-hombres\\\/\"},\"author\":{\"name\":\"Admin\",\"@id\":\"https:\\\/\\\/diariofemenino.com.ar\\\/df\\\/#\\\/schema\\\/person\\\/bf6199e8158c657ea6f789b11ec85509\"},\"headline\":\"Depresi\u00f3n: una enfermedad \u201cdos veces m\u00e1s frecuente en mujeres que en hombres\u201d\",\"datePublished\":\"2023-01-18T15:57:12+00:00\",\"mainEntityOfPage\":{\"@id\":\"https:\\\/\\\/diariofemenino.com.ar\\\/df\\\/depresion-una-enfermedad-dos-veces-mas-frecuente-en-mujeres-que-en-hombres\\\/\"},\"wordCount\":1049,\"commentCount\":0,\"publisher\":{\"@id\":\"https:\\\/\\\/diariofemenino.com.ar\\\/df\\\/#organization\"},\"image\":{\"@id\":\"https:\\\/\\\/diariofemenino.com.ar\\\/df\\\/depresion-una-enfermedad-dos-veces-mas-frecuente-en-mujeres-que-en-hombres\\\/#primaryimage\"},\"thumbnailUrl\":\"https:\\\/\\\/diariofemenino.com.ar\\\/df\\\/wp-content\\\/uploads\\\/2023\\\/01\\\/20110504_MZZ8618_1200w.jpg\",\"keywords\":[\"Ansiedad\",\"Depresi\u00f3n\",\"Enfermedad\",\"interinstitucional\",\"Intervenci\u00f3n\",\"Mujeres\",\"multidisciplinaria\",\"Salud Mental\",\"Tristeza\"],\"articleSection\":[\"Actividades\",\"Agenda Feminista\",\"Art\u00edculos y Comunicados\",\"Informes\",\"Medios\",\"Mujeres\",\"Salud\"],\"inLanguage\":\"es\",\"potentialAction\":[{\"@type\":\"CommentAction\",\"name\":\"Comment\",\"target\":[\"https:\\\/\\\/diariofemenino.com.ar\\\/df\\\/depresion-una-enfermedad-dos-veces-mas-frecuente-en-mujeres-que-en-hombres\\\/#respond\"]}]},{\"@type\":\"WebPage\",\"@id\":\"https:\\\/\\\/diariofemenino.com.ar\\\/df\\\/depresion-una-enfermedad-dos-veces-mas-frecuente-en-mujeres-que-en-hombres\\\/\",\"url\":\"https:\\\/\\\/diariofemenino.com.ar\\\/df\\\/depresion-una-enfermedad-dos-veces-mas-frecuente-en-mujeres-que-en-hombres\\\/\",\"name\":\"Depresi\u00f3n: una enfermedad \u201cdos veces m\u00e1s frecuente en mujeres que en hombres\u201d - Diario Digital Femenino\",\"isPartOf\":{\"@id\":\"https:\\\/\\\/diariofemenino.com.ar\\\/df\\\/#website\"},\"primaryImageOfPage\":{\"@id\":\"https:\\\/\\\/diariofemenino.com.ar\\\/df\\\/depresion-una-enfermedad-dos-veces-mas-frecuente-en-mujeres-que-en-hombres\\\/#primaryimage\"},\"image\":{\"@id\":\"https:\\\/\\\/diariofemenino.com.ar\\\/df\\\/depresion-una-enfermedad-dos-veces-mas-frecuente-en-mujeres-que-en-hombres\\\/#primaryimage\"},\"thumbnailUrl\":\"https:\\\/\\\/diariofemenino.com.ar\\\/df\\\/wp-content\\\/uploads\\\/2023\\\/01\\\/20110504_MZZ8618_1200w.jpg\",\"datePublished\":\"2023-01-18T15:57:12+00:00\",\"description\":\"Depresi\u00f3n.es importante diferenciar este estado de otros, entre ellos, la ansiedad y la tristeza, que \u201cson pasajeros\u201d y suelen \u201ctener una causa\u201d.\",\"breadcrumb\":{\"@id\":\"https:\\\/\\\/diariofemenino.com.ar\\\/df\\\/depresion-una-enfermedad-dos-veces-mas-frecuente-en-mujeres-que-en-hombres\\\/#breadcrumb\"},\"inLanguage\":\"es\",\"potentialAction\":[{\"@type\":\"ReadAction\",\"target\":[\"https:\\\/\\\/diariofemenino.com.ar\\\/df\\\/depresion-una-enfermedad-dos-veces-mas-frecuente-en-mujeres-que-en-hombres\\\/\"]}]},{\"@type\":\"ImageObject\",\"inLanguage\":\"es\",\"@id\":\"https:\\\/\\\/diariofemenino.com.ar\\\/df\\\/depresion-una-enfermedad-dos-veces-mas-frecuente-en-mujeres-que-en-hombres\\\/#primaryimage\",\"url\":\"https:\\\/\\\/diariofemenino.com.ar\\\/df\\\/wp-content\\\/uploads\\\/2023\\\/01\\\/20110504_MZZ8618_1200w.jpg\",\"contentUrl\":\"https:\\\/\\\/diariofemenino.com.ar\\\/df\\\/wp-content\\\/uploads\\\/2023\\\/01\\\/20110504_MZZ8618_1200w.jpg\",\"width\":1200,\"height\":797,\"caption\":\"Depresi\u00f3n: una enfermedad \u201cdos veces m\u00e1s frecuente en mujeres que en hombres\u201d\"},{\"@type\":\"BreadcrumbList\",\"@id\":\"https:\\\/\\\/diariofemenino.com.ar\\\/df\\\/depresion-una-enfermedad-dos-veces-mas-frecuente-en-mujeres-que-en-hombres\\\/#breadcrumb\",\"itemListElement\":[{\"@type\":\"ListItem\",\"position\":1,\"name\":\"Portada\",\"item\":\"https:\\\/\\\/diariofemenino.com.ar\\\/df\\\/\"},{\"@type\":\"ListItem\",\"position\":2,\"name\":\"Depresi\u00f3n: una enfermedad \u201cdos veces m\u00e1s frecuente en mujeres que en hombres\u201d\"}]},{\"@type\":\"WebSite\",\"@id\":\"https:\\\/\\\/diariofemenino.com.ar\\\/df\\\/#website\",\"url\":\"https:\\\/\\\/diariofemenino.com.ar\\\/df\\\/\",\"name\":\"Diario Digital Femenino\",\"description\":\"Cuesti\u00f3n de G\u00e9nero\",\"publisher\":{\"@id\":\"https:\\\/\\\/diariofemenino.com.ar\\\/df\\\/#organization\"},\"potentialAction\":[{\"@type\":\"SearchAction\",\"target\":{\"@type\":\"EntryPoint\",\"urlTemplate\":\"https:\\\/\\\/diariofemenino.com.ar\\\/df\\\/?s={search_term_string}\"},\"query-input\":{\"@type\":\"PropertyValueSpecification\",\"valueRequired\":true,\"valueName\":\"search_term_string\"}}],\"inLanguage\":\"es\"},{\"@type\":\"Organization\",\"@id\":\"https:\\\/\\\/diariofemenino.com.ar\\\/df\\\/#organization\",\"name\":\"Diario Femenino\",\"url\":\"https:\\\/\\\/diariofemenino.com.ar\\\/df\\\/\",\"logo\":{\"@type\":\"ImageObject\",\"inLanguage\":\"es\",\"@id\":\"https:\\\/\\\/diariofemenino.com.ar\\\/df\\\/#\\\/schema\\\/logo\\\/image\\\/\",\"url\":\"https:\\\/\\\/diariofemenino.com.ar\\\/df\\\/wp-content\\\/uploads\\\/2018\\\/10\\\/logo.png\",\"contentUrl\":\"https:\\\/\\\/diariofemenino.com.ar\\\/df\\\/wp-content\\\/uploads\\\/2018\\\/10\\\/logo.png\",\"width\":500,\"height\":92,\"caption\":\"Diario Femenino\"},\"image\":{\"@id\":\"https:\\\/\\\/diariofemenino.com.ar\\\/df\\\/#\\\/schema\\\/logo\\\/image\\\/\"},\"sameAs\":[\"https:\\\/\\\/www.facebook.com\\\/DiarioDigitaFemenino\\\/\",\"https:\\\/\\\/x.com\\\/DiarioFemenino1\"]},{\"@type\":\"Person\",\"@id\":\"https:\\\/\\\/diariofemenino.com.ar\\\/df\\\/#\\\/schema\\\/person\\\/bf6199e8158c657ea6f789b11ec85509\",\"name\":\"Admin\",\"image\":{\"@type\":\"ImageObject\",\"inLanguage\":\"es\",\"@id\":\"https:\\\/\\\/diariofemenino.com.ar\\\/df\\\/wp-content\\\/uploads\\\/2018\\\/12\\\/favicon-150x150.jpg\",\"url\":\"https:\\\/\\\/diariofemenino.com.ar\\\/df\\\/wp-content\\\/uploads\\\/2018\\\/12\\\/favicon-150x150.jpg\",\"contentUrl\":\"https:\\\/\\\/diariofemenino.com.ar\\\/df\\\/wp-content\\\/uploads\\\/2018\\\/12\\\/favicon-150x150.jpg\",\"caption\":\"Admin\"},\"url\":\"https:\\\/\\\/diariofemenino.com.ar\\\/df\\\/author\\\/lenny\\\/\"}]}<\/script>\n<!-- \/ Yoast SEO plugin. -->","yoast_head_json":{"title":"Depresi\u00f3n: una enfermedad \u201cdos veces m\u00e1s frecuente en mujeres que en hombres\u201d - Diario Digital Femenino","description":"Depresi\u00f3n.es importante diferenciar este estado de otros, entre ellos, la ansiedad y la tristeza, que \u201cson pasajeros\u201d y suelen \u201ctener una causa\u201d.","robots":{"index":"index","follow":"follow","max-snippet":"max-snippet:-1","max-image-preview":"max-image-preview:large","max-video-preview":"max-video-preview:-1"},"canonical":"https:\/\/diariofemenino.com.ar\/df\/depresion-una-enfermedad-dos-veces-mas-frecuente-en-mujeres-que-en-hombres\/","og_locale":"es_ES","og_type":"article","og_title":"Depresi\u00f3n: una enfermedad \u201cdos veces m\u00e1s frecuente en mujeres que en hombres\u201d - Diario Digital Femenino","og_description":"Depresi\u00f3n.es importante diferenciar este estado de otros, entre ellos, la ansiedad y la tristeza, que \u201cson pasajeros\u201d y suelen \u201ctener una causa\u201d.","og_url":"https:\/\/diariofemenino.com.ar\/df\/depresion-una-enfermedad-dos-veces-mas-frecuente-en-mujeres-que-en-hombres\/","og_site_name":"Diario Digital Femenino","article_publisher":"https:\/\/www.facebook.com\/DiarioDigitaFemenino\/","article_published_time":"2023-01-18T15:57:12+00:00","og_image":[{"width":1200,"height":797,"url":"https:\/\/diariofemenino.com.ar\/df\/wp-content\/uploads\/2023\/01\/20110504_MZZ8618_1200w.jpg","type":"image\/jpeg"}],"author":"Admin","twitter_card":"summary_large_image","twitter_creator":"@DiarioFemenino1","twitter_site":"@DiarioFemenino1","twitter_misc":{"Escrito por":"Admin","Tiempo de lectura":"5 minutos"},"schema":{"@context":"https:\/\/schema.org","@graph":[{"@type":"Article","@id":"https:\/\/diariofemenino.com.ar\/df\/depresion-una-enfermedad-dos-veces-mas-frecuente-en-mujeres-que-en-hombres\/#article","isPartOf":{"@id":"https:\/\/diariofemenino.com.ar\/df\/depresion-una-enfermedad-dos-veces-mas-frecuente-en-mujeres-que-en-hombres\/"},"author":{"name":"Admin","@id":"https:\/\/diariofemenino.com.ar\/df\/#\/schema\/person\/bf6199e8158c657ea6f789b11ec85509"},"headline":"Depresi\u00f3n: una enfermedad \u201cdos veces m\u00e1s frecuente en mujeres que en hombres\u201d","datePublished":"2023-01-18T15:57:12+00:00","mainEntityOfPage":{"@id":"https:\/\/diariofemenino.com.ar\/df\/depresion-una-enfermedad-dos-veces-mas-frecuente-en-mujeres-que-en-hombres\/"},"wordCount":1049,"commentCount":0,"publisher":{"@id":"https:\/\/diariofemenino.com.ar\/df\/#organization"},"image":{"@id":"https:\/\/diariofemenino.com.ar\/df\/depresion-una-enfermedad-dos-veces-mas-frecuente-en-mujeres-que-en-hombres\/#primaryimage"},"thumbnailUrl":"https:\/\/diariofemenino.com.ar\/df\/wp-content\/uploads\/2023\/01\/20110504_MZZ8618_1200w.jpg","keywords":["Ansiedad","Depresi\u00f3n","Enfermedad","interinstitucional","Intervenci\u00f3n","Mujeres","multidisciplinaria","Salud Mental","Tristeza"],"articleSection":["Actividades","Agenda Feminista","Art\u00edculos y Comunicados","Informes","Medios","Mujeres","Salud"],"inLanguage":"es","potentialAction":[{"@type":"CommentAction","name":"Comment","target":["https:\/\/diariofemenino.com.ar\/df\/depresion-una-enfermedad-dos-veces-mas-frecuente-en-mujeres-que-en-hombres\/#respond"]}]},{"@type":"WebPage","@id":"https:\/\/diariofemenino.com.ar\/df\/depresion-una-enfermedad-dos-veces-mas-frecuente-en-mujeres-que-en-hombres\/","url":"https:\/\/diariofemenino.com.ar\/df\/depresion-una-enfermedad-dos-veces-mas-frecuente-en-mujeres-que-en-hombres\/","name":"Depresi\u00f3n: una enfermedad \u201cdos veces m\u00e1s frecuente en mujeres que en hombres\u201d - Diario Digital Femenino","isPartOf":{"@id":"https:\/\/diariofemenino.com.ar\/df\/#website"},"primaryImageOfPage":{"@id":"https:\/\/diariofemenino.com.ar\/df\/depresion-una-enfermedad-dos-veces-mas-frecuente-en-mujeres-que-en-hombres\/#primaryimage"},"image":{"@id":"https:\/\/diariofemenino.com.ar\/df\/depresion-una-enfermedad-dos-veces-mas-frecuente-en-mujeres-que-en-hombres\/#primaryimage"},"thumbnailUrl":"https:\/\/diariofemenino.com.ar\/df\/wp-content\/uploads\/2023\/01\/20110504_MZZ8618_1200w.jpg","datePublished":"2023-01-18T15:57:12+00:00","description":"Depresi\u00f3n.es importante diferenciar este estado de otros, entre ellos, la ansiedad y la tristeza, que \u201cson pasajeros\u201d y suelen \u201ctener una causa\u201d.","breadcrumb":{"@id":"https:\/\/diariofemenino.com.ar\/df\/depresion-una-enfermedad-dos-veces-mas-frecuente-en-mujeres-que-en-hombres\/#breadcrumb"},"inLanguage":"es","potentialAction":[{"@type":"ReadAction","target":["https:\/\/diariofemenino.com.ar\/df\/depresion-una-enfermedad-dos-veces-mas-frecuente-en-mujeres-que-en-hombres\/"]}]},{"@type":"ImageObject","inLanguage":"es","@id":"https:\/\/diariofemenino.com.ar\/df\/depresion-una-enfermedad-dos-veces-mas-frecuente-en-mujeres-que-en-hombres\/#primaryimage","url":"https:\/\/diariofemenino.com.ar\/df\/wp-content\/uploads\/2023\/01\/20110504_MZZ8618_1200w.jpg","contentUrl":"https:\/\/diariofemenino.com.ar\/df\/wp-content\/uploads\/2023\/01\/20110504_MZZ8618_1200w.jpg","width":1200,"height":797,"caption":"Depresi\u00f3n: una enfermedad \u201cdos veces m\u00e1s frecuente en mujeres que en hombres\u201d"},{"@type":"BreadcrumbList","@id":"https:\/\/diariofemenino.com.ar\/df\/depresion-una-enfermedad-dos-veces-mas-frecuente-en-mujeres-que-en-hombres\/#breadcrumb","itemListElement":[{"@type":"ListItem","position":1,"name":"Portada","item":"https:\/\/diariofemenino.com.ar\/df\/"},{"@type":"ListItem","position":2,"name":"Depresi\u00f3n: una enfermedad \u201cdos veces m\u00e1s frecuente en mujeres que en hombres\u201d"}]},{"@type":"WebSite","@id":"https:\/\/diariofemenino.com.ar\/df\/#website","url":"https:\/\/diariofemenino.com.ar\/df\/","name":"Diario Digital Femenino","description":"Cuesti\u00f3n de G\u00e9nero","publisher":{"@id":"https:\/\/diariofemenino.com.ar\/df\/#organization"},"potentialAction":[{"@type":"SearchAction","target":{"@type":"EntryPoint","urlTemplate":"https:\/\/diariofemenino.com.ar\/df\/?s={search_term_string}"},"query-input":{"@type":"PropertyValueSpecification","valueRequired":true,"valueName":"search_term_string"}}],"inLanguage":"es"},{"@type":"Organization","@id":"https:\/\/diariofemenino.com.ar\/df\/#organization","name":"Diario Femenino","url":"https:\/\/diariofemenino.com.ar\/df\/","logo":{"@type":"ImageObject","inLanguage":"es","@id":"https:\/\/diariofemenino.com.ar\/df\/#\/schema\/logo\/image\/","url":"https:\/\/diariofemenino.com.ar\/df\/wp-content\/uploads\/2018\/10\/logo.png","contentUrl":"https:\/\/diariofemenino.com.ar\/df\/wp-content\/uploads\/2018\/10\/logo.png","width":500,"height":92,"caption":"Diario Femenino"},"image":{"@id":"https:\/\/diariofemenino.com.ar\/df\/#\/schema\/logo\/image\/"},"sameAs":["https:\/\/www.facebook.com\/DiarioDigitaFemenino\/","https:\/\/x.com\/DiarioFemenino1"]},{"@type":"Person","@id":"https:\/\/diariofemenino.com.ar\/df\/#\/schema\/person\/bf6199e8158c657ea6f789b11ec85509","name":"Admin","image":{"@type":"ImageObject","inLanguage":"es","@id":"https:\/\/diariofemenino.com.ar\/df\/wp-content\/uploads\/2018\/12\/favicon-150x150.jpg","url":"https:\/\/diariofemenino.com.ar\/df\/wp-content\/uploads\/2018\/12\/favicon-150x150.jpg","contentUrl":"https:\/\/diariofemenino.com.ar\/df\/wp-content\/uploads\/2018\/12\/favicon-150x150.jpg","caption":"Admin"},"url":"https:\/\/diariofemenino.com.ar\/df\/author\/lenny\/"}]}},"jetpack_featured_media_url":"https:\/\/diariofemenino.com.ar\/df\/wp-content\/uploads\/2023\/01\/20110504_MZZ8618_1200w.jpg","jetpack_sharing_enabled":true,"rttpg_featured_image_url":{"full":["https:\/\/diariofemenino.com.ar\/df\/wp-content\/uploads\/2023\/01\/20110504_MZZ8618_1200w.jpg",1200,797,false],"landscape":["https:\/\/diariofemenino.com.ar\/df\/wp-content\/uploads\/2023\/01\/20110504_MZZ8618_1200w.jpg",1200,797,false],"portraits":["https:\/\/diariofemenino.com.ar\/df\/wp-content\/uploads\/2023\/01\/20110504_MZZ8618_1200w.jpg",1200,797,false],"thumbnail":["https:\/\/diariofemenino.com.ar\/df\/wp-content\/uploads\/2023\/01\/20110504_MZZ8618_1200w-150x150.jpg",150,150,true],"medium":["https:\/\/diariofemenino.com.ar\/df\/wp-content\/uploads\/2023\/01\/20110504_MZZ8618_1200w-300x199.jpg",300,199,true],"large":["https:\/\/diariofemenino.com.ar\/df\/wp-content\/uploads\/2023\/01\/20110504_MZZ8618_1200w-1024x680.jpg",1024,680,true],"1536x1536":["https:\/\/diariofemenino.com.ar\/df\/wp-content\/uploads\/2023\/01\/20110504_MZZ8618_1200w.jpg",1200,797,false],"2048x2048":["https:\/\/diariofemenino.com.ar\/df\/wp-content\/uploads\/2023\/01\/20110504_MZZ8618_1200w.jpg",1200,797,false]},"rttpg_author":{"display_name":"Admin","author_link":"https:\/\/diariofemenino.com.ar\/df\/author\/lenny\/"},"rttpg_comment":0,"rttpg_category":"<a href=\"https:\/\/diariofemenino.com.ar\/df\/category\/actividades\/\" rel=\"category tag\">Actividades<\/a> <a href=\"https:\/\/diariofemenino.com.ar\/df\/category\/agenda-feminista\/\" rel=\"category tag\">Agenda Feminista<\/a> <a href=\"https:\/\/diariofemenino.com.ar\/df\/category\/articulos-y-comunicados\/\" rel=\"category tag\">Art\u00edculos y Comunicados<\/a> <a href=\"https:\/\/diariofemenino.com.ar\/df\/category\/informes\/\" rel=\"category tag\">Informes<\/a> <a href=\"https:\/\/diariofemenino.com.ar\/df\/category\/medios\/\" rel=\"category tag\">Medios<\/a> <a href=\"https:\/\/diariofemenino.com.ar\/df\/category\/mujeres\/\" rel=\"category tag\">Mujeres<\/a> <a href=\"https:\/\/diariofemenino.com.ar\/df\/category\/salud\/\" rel=\"category tag\">Salud<\/a>","rttpg_excerpt":"Seg\u00fan especialista, es importante diferenciar este estado de otros, entre ellos, la ansiedad y la tristeza, que \u201cson pasajeros\u201d y suelen \u201ctener una causa\u201d. Por\u00a0Federica P\u00e9rez\u00a0en\u00a0Afecciones y tratamientos Foto de portada: Santiago Mazzarovich, adhocFOTOS El viernes 13 de enero se conmemor\u00f3 el D\u00eda Internacional Contra la Depresi\u00f3n, una enfermedad que afecta a 300 millones de&hellip;","_links":{"self":[{"href":"https:\/\/diariofemenino.com.ar\/df\/wp-json\/wp\/v2\/posts\/67564","targetHints":{"allow":["GET"]}}],"collection":[{"href":"https:\/\/diariofemenino.com.ar\/df\/wp-json\/wp\/v2\/posts"}],"about":[{"href":"https:\/\/diariofemenino.com.ar\/df\/wp-json\/wp\/v2\/types\/post"}],"author":[{"embeddable":true,"href":"https:\/\/diariofemenino.com.ar\/df\/wp-json\/wp\/v2\/users\/4"}],"replies":[{"embeddable":true,"href":"https:\/\/diariofemenino.com.ar\/df\/wp-json\/wp\/v2\/comments?post=67564"}],"version-history":[{"count":0,"href":"https:\/\/diariofemenino.com.ar\/df\/wp-json\/wp\/v2\/posts\/67564\/revisions"}],"wp:featuredmedia":[{"embeddable":true,"href":"https:\/\/diariofemenino.com.ar\/df\/wp-json\/wp\/v2\/media\/67569"}],"wp:attachment":[{"href":"https:\/\/diariofemenino.com.ar\/df\/wp-json\/wp\/v2\/media?parent=67564"}],"wp:term":[{"taxonomy":"category","embeddable":true,"href":"https:\/\/diariofemenino.com.ar\/df\/wp-json\/wp\/v2\/categories?post=67564"},{"taxonomy":"post_tag","embeddable":true,"href":"https:\/\/diariofemenino.com.ar\/df\/wp-json\/wp\/v2\/tags?post=67564"}],"curies":[{"name":"wp","href":"https:\/\/api.w.org\/{rel}","templated":true}]}}