{"id":67533,"date":"2023-01-13T08:34:45","date_gmt":"2023-01-13T11:34:45","guid":{"rendered":"https:\/\/diariofemenino.com.ar\/df\/?p=67533"},"modified":"2023-01-13T08:34:45","modified_gmt":"2023-01-13T11:34:45","slug":"rene-dosio-la-historia-de-la-impunidad","status":"publish","type":"post","link":"https:\/\/diariofemenino.com.ar\/df\/rene-dosio-la-historia-de-la-impunidad\/","title":{"rendered":"Ren\u00e9 Dosio: la historia de la impunidad"},"content":{"rendered":"<p>Desde que la historia es tal, se ha reclamado el accionar patriarcal sistem\u00e1tico inherente a nuestra justicia. A nuestras instituciones no les importan nuestros tiempos, nuestros procesos. Ante una situaci\u00f3n de violencia no siempre pod\u00e9s denunciar de manera inmediata.<a href=\"#_ftn1\" name=\"_ftnref1\"><sup>[1]<\/sup><\/a> Por eso, suceden hechos como absolver a un abusador por prescripci\u00f3n de la causa. No es de nuestro inter\u00e9s discutir las leyes argentinas,<a href=\"#_ftn2\" name=\"_ftnref2\"><sup>[2]<\/sup><\/a> pues no es ese nuestro campo, sino visibilizar la situaci\u00f3n de extrema vulnerabilidad en la que la misma justicia te deja.<\/p>\n<p>Por <a href=\"https:\/\/diariofemenino.com.ar\/df\/?s=Nadia+Mu%C3%B1oz\">Nadia Mu\u00f1oz<\/a> y <a href=\"https:\/\/diariofemenino.com.ar\/df\/?s=Lenny+C%C3%A1ceres\">Lenny C\u00e1ceres<\/a><\/p>\n<p>Si bien esta situaci\u00f3n se refiere a un caso y a un acusado en particular, encontramos una sistematicidad que, una y mil veces, se repite en todas las formas de violencia ejercidas contra las mujeres. Se vuelve necesario, entonces, contarlo, ponerlo en cuesti\u00f3n una y otra vez, para intentar lograr, finalmente, sensibilizar y reflexionar, reconocer los errores del poder judicial y lograr el acompa\u00f1amiento de una sociedad que, a\u00fan con el tiempo que lleva esta lucha, una gran parte se niega a ver.<\/p>\n<p>El caso al que nos referiremos es de p\u00fablico conocimiento: Ren\u00e9 Dosio, ex piloto de automovilismo, abus\u00f3 de su hijastra. En una primera instancia, aunque se hab\u00eda probado el abuso sexual, la jueza Alejandra Ongaro lo absolvi\u00f3 por prescripci\u00f3n de la causa el pasado 22 de mayo. B\u00e1sicamente, se transmiti\u00f3 el mensaje de siempre: \u201ctendr\u00edas que haber denunciado antes\u201d. Aunque est\u00e9s transitando un duelo familiar enorme, aunque est\u00e9s peleando todos los d\u00edas con la depresi\u00f3n, aunque luches por dejar de negar lo que sucedi\u00f3. Ten\u00edas que denunciar antes.<\/p>\n<p>Alguna luz se prendi\u00f3: el mes pasado, conocimos que el Tribunal de Impugnaci\u00f3n Penal (TIP) revoc\u00f3 la absoluci\u00f3n por prescripci\u00f3n que lo hab\u00eda beneficiado durante el juicio oral. Sin embargo, la pretendida justicia tiene sus l\u00edmites: por abuso sexual simple agravado, se lo conden\u00f3 a tres a\u00f1os de prisi\u00f3n en suspenso. \u00bfQu\u00e9 significa esto? Que no ir\u00e1 a la c\u00e1rcel. En cambio, se le fijaron determinadas pautas de conducta, a riesgo de efectivizar la pena en caso de incumplir con ellas: fijar domicilio, someterse al control del Ente de Pol\u00edticas Socializadoras, abstenerse de todo tipo de contacto con la denunciante y realizar un tratamiento psicol\u00f3gico. \u00bfQu\u00e9 cambi\u00f3 en el medio? La consideraci\u00f3n del agravante del da\u00f1o en la salud; as\u00ed, el plazo de prescripci\u00f3n del caso pas\u00f3 de cuatro a diez a\u00f1os. Ren\u00e9 Dosio, en su rol de cuidador, abus\u00f3. Sin embargo, dos fallos fueron necesarios para contemplar la situaci\u00f3n, el contexto en el que se realiz\u00f3 la denuncia, el bienestar de la denunciante. \u00bfImporta nuestra palabra? Si se escucha, \u00bfc\u00f3mo?, \u00bfqu\u00e9 se deja atr\u00e1s?, \u00bfbajo qu\u00e9 condiciones cuenta nuestra palabra? Tres testigos tuvo la denunciante: otra v\u00edctima de abuso de Dosio, su psic\u00f3loga personal y la psic\u00f3loga que propuso la fiscal\u00eda. En el primer fallo, \u00bfhacia d\u00f3nde estaban mirando?, \u00bfhacia d\u00f3nde miran ahora, creyendo que tres a\u00f1os de prisi\u00f3n en suspenso se asemeja siquiera a la idea de \u201cjusticia\u201d?<\/p>\n<p><strong>\u00bfQu\u00e9 dicen los medios?<a href=\"#_ftn3\" name=\"_ftnref3\"><sup>[3]<\/sup><\/a><\/strong><\/p>\n<p><strong>\u00a0\u00a0\u00a0\u00a0\u00a0\u00a0\u00a0 \u00a0\u00a0\u00a0 <\/strong>Replican una y otra vez la revictimizaci\u00f3n que abogados como Aldo Walter D\u00edaz ejercen a como d\u00e9 lugar para desacreditar a la denunciante. Se refiri\u00f3 a ella como \u201cuna denunciante que consum\u00eda gran cantidad de drogas\u201d (La Arena, 2022). \u00bfDe qu\u00e9 drogas habla? De antidepresivos. \u00bfPor qu\u00e9 se encontraba en tratamiento contra la depresi\u00f3n? Porque, en 2015, en un accidente automovil\u00edstico, perdi\u00f3 pr\u00e1cticamente a toda su familia. Y, luego de ese tremendo golpe emocional, comenzaron los abusos de Ren\u00e9 Dosio. Es decir, no solo abus\u00f3 de una adolescente con quien ten\u00eda un v\u00ednculo familiar (era su hijastra), sino a una adolescente en medio del desamparo, a quien deb\u00eda cuidar, de la que deb\u00eda hacerse cargo. \u00bfLos medios? Lo replican, lo repiten. Titulan que el acusado \u201cpor presunto abuso\u201d fue absuelto (las comillas no son nuestras). Incluso, citan al abogado defensor de Dosio, Aldo Walter D\u00edaz: \u201cfinalmente se hizo justicia y el fallo salvaguarda el buen nombre y honor de mi defendido\u201d (La Arena, 2022). De nuevo, el mismo mensaje. \u00bfLa justicia es lo importante? No. Lo importante es salvaguardar el \u201cbuen nombre y honor\u201d de los denunciados. A\u00fan con el abuso comprobado. No es relevante eso. Relevante es la imagen de un abusador.<\/p>\n<p><strong>La casa<\/strong><\/p>\n<p>En medio de la denuncia, debemos considerar que Ren\u00e9 Dosio se encontraba viviendo en el hogar que la denunciante compart\u00eda con su familia, hogar que le pertenec\u00eda a ella por derecho. Luego de luchar por su techo, Dosio le entreg\u00f3 las llaves de la vivienda: no dej\u00f3 siquiera los focos, ni hablar de las pertenencias de su familia, a quienes perdi\u00f3 en el mencionado accidente, pero, casualmente, Dosio olvid\u00f3 llevarse un objeto: el sill\u00f3n donde abusaba de ella. \u00bfQu\u00e9 es la violencia simb\u00f3lica? Esto.<a href=\"#_ftn4\" name=\"_ftnref4\"><sup>[4]<\/sup><\/a> Detalle no menor: el \u00fanico recuerdo que le permiti\u00f3 conservar a la denunciante es el objeto donde ejerci\u00f3 su violencia sexual. No le permiti\u00f3 conservar siquiera sus recuerdos, su ropa, sus fotos. No. Lo \u00fanico permitido: el recordatorio de la violencia. Interesante forma de aleccionar: en torno al abuso debe permanecer su identidad, mensaje claro que ha dejado Dosio.<\/p>\n<figure id=\"attachment_67536\" aria-describedby=\"caption-attachment-67536\" style=\"width: 637px\" class=\"wp-caption aligncenter\"><img loading=\"lazy\" decoding=\"async\" class=\" wp-image-67536\" src=\"https:\/\/diariofemenino.com.ar\/df\/wp-content\/uploads\/2023\/01\/matrimonioIlustraci\u00f3n4-1.jpg\" alt=\"Ren\u00e9 Dosio: la historia de la impunidad\" width=\"637\" height=\"424\" srcset=\"https:\/\/diariofemenino.com.ar\/df\/wp-content\/uploads\/2023\/01\/matrimonioIlustraci\u00f3n4-1.jpg 883w, https:\/\/diariofemenino.com.ar\/df\/wp-content\/uploads\/2023\/01\/matrimonioIlustraci\u00f3n4-1-300x200.jpg 300w, https:\/\/diariofemenino.com.ar\/df\/wp-content\/uploads\/2023\/01\/matrimonioIlustraci\u00f3n4-1-768x511.jpg 768w\" sizes=\"auto, (max-width: 637px) 100vw, 637px\" \/><figcaption id=\"caption-attachment-67536\" class=\"wp-caption-text\">Ren\u00e9 Dosio: la historia de la impunidad<\/figcaption><\/figure>\n<p><strong>Las palabras de la denunciante<\/strong><\/p>\n<p><strong>\u00a0\u00a0\u00a0\u00a0\u00a0\u00a0\u00a0\u00a0\u00a0\u00a0\u00a0 <\/strong>A continuaci\u00f3n, replicamos el testimonio realizado por la denunciante en sus redes sociales, publicadas el 8 de marzo y el 8 de abril de 2021, respectivamente, puesto que reivindicar la palabra de las mujeres resulta urgente.<\/p>\n<p style=\"text-align: center;\"><strong>***<\/strong><\/p>\n<p>Este a\u00f1o ser\u00edan 6 a\u00f1os del fallecimiento de mi t\u00edo, mi abuelo, mi madre y mi hermana, en un siniestro vial en la entrada de C\u00f3rdoba. Para ese momento viv\u00edamos en la misma casa con mi hermana, mi mam\u00e1 y su pareja D0\u210310.<\/p>\n<p>Luego del accidente, nos quedamos, junto a este \u00faltimo, los dos solos, viviendo en mi casa (que en el 2020 fue escriturada con sucesi\u00f3n, a mi nombre).<\/p>\n<p>En el 2017 este mal nacido abus\u00f3 de m\u00ed. Sin comprender absolutamente nada y congelada por la situaci\u00f3n, decido guardarlo, con toneladas de verg\u00fcenza, y con miles de preguntas como \u00bfEstar\u00e9 loca? Yo me habr\u00e9 equivocado? Ser\u00e1 mi culpa? Mi madre podr\u00eda haber elegido tan mal? Me creer\u00e1n? Lastimar\u00e9 a su familia? Me har\u00e1 da\u00f1o? Tomar\u00e1 represalias? Y cuaaaantas m\u00e1s..<\/p>\n<p>Pero tambi\u00e9n pens\u00e9 en otras mujeres o ni\u00f1as, ni\u00f1os que podr\u00edan estar sufriendo como yo.<\/p>\n<p>Para ese momento padec\u00eda depresi\u00f3n, abuso de mi vulnerabilidad, situaci\u00f3n que me hizo vivir los siguientes 3 a\u00f1os de miedo, de tristeza, de pesadillas, de intentos de suicidio, de ataques de p\u00e1nico, de odio, de inseguridad, de culpa, de asco a m\u00ed misma, de enojo y no se qu\u00e9 m\u00e1s.<\/p>\n<p>El 24 de febrero de 2021, luego de muchos d\u00edas de golpearme la cabeza para asimilar la situaci\u00f3n y entender la gravedad de las cosas, me animo a denunciar, esa vez fui yo, pero conozco un n\u00famero importante de abusos y violencia ejercida por \u00e9l que se animaron a contarme y que est\u00e1n siendo a\u00f1adidas a la causa. NO ERA LA \u00daNICA Y ME DIO FUERZAS.<\/p>\n<p>Denuncio el abuso sexual, en la cual pido la perimetral y la exclusi\u00f3n del hogar (o sea, que lo saquen de mi casa, sentido com\u00fan, para no vivir ni un segundo m\u00e1s junto a la persona que abuso de mi) Repito, mi hogar, heredado de mi madre, escritura a mi nombre.<\/p>\n<p>Ese mismo d\u00eda me otorgan la perimetral y al siguiente d\u00eda me RECHAZAN la exclusi\u00f3n del hogar!!!! C\u00d3MO? Que no saquen a la persona que abuso de mi, de mi propia casa? SI, AS\u00cd TAL CUAL.<\/p>\n<p>MI CASA SE LA DEJARON A ESTE MAL NACIDO Y YO A LA DERIVA NO HAY DRAMA.<\/p>\n<p>No termina ah\u00ed, me acerco a buscar mis pertenencias y me desayuno con que cambio los d\u00edgitos de mi alarma y las cerraduras de mi casa, MI CASA\u2026 UNA LOCURA.<\/p>\n<p>No tengo ropa y mis pertenec\u00edas siguen ah\u00ed, necesito de su ayuda.<\/p>\n<p style=\"text-align: center;\">***<\/p>\n<p>Luego de mes y medio \u00abme dejaron\u00bb ingresar a mi propia casa j\u00e1!<\/p>\n<p>Abus\u00f3 de m\u00ed y lo dejaron a \u00e9l c\u00f3modamente viviendo en mi casa, con escritura a mi nombre, PATRIARCADO.<\/p>\n<p>Al ingresar me encuentro con que much\u00edsimos vecinos se acercan a decirme que este mal nacido pas\u00f3 semanas sacando bolsas de consorcio, que dec\u00eda \u00abtener pasto\u00bb (en mi casa el patio es de cemento).<\/p>\n<p>Como ning\u00fan vecino lo quer\u00eda por la fama de estafador y violento que siempre tuvo, y ahora sumado lo de abusador, quisieron buscar las bolsas para recuperar lo que hab\u00eda adentro, ya que se imaginaron que tirar\u00eda mis cosas, a lo que \u00e9l respondi\u00f3 que nadie pod\u00eda levantar nada hasta que pasara el cami\u00f3n de la basura, hasta se qued\u00f3 \u00abhaciendo guardia\u00bb<\/p>\n<p>TIRO Y ROB\u00d3 TODAS MIS COSAS Y LOS POCOS RECUERDOS QUE TEN\u00cdA DE MI FAMILIA QUE FALLECI\u00d3.<\/p>\n<p>Equipos de m\u00fasica, regalos de mi madre para cumplea\u00f1os m\u00edos y de mi hermana fallecida, cartas de ellas, cajoneras, muebles, utensilios de cocina, ollas, electrodom\u00e9sticos, ropa, elementos personales, dejando cajones vac\u00edos, sin luz, sin siquiera focos, cuadros y portarretratos de mi familia todos rotos, mis libros de la Universidad, cajas con las fotos de mi familia, s\u00e1banas, toallas, lo que se te ocurra y ni siquiera nombrar los art\u00edculos de valor. Todo se rob\u00f3 o tir\u00f3.<\/p>\n<p>Ah pero se le pasaron dos cositas chiquitas: el sill\u00f3n donde abus\u00f3 de mi, el muy repugnante y macabro.<\/p>\n<p>Y el cuadro gigante que mi madre pint\u00f3, despegado, rallado, roto, con grasa y barro.<\/p>\n<p>Imagen de portada <a href=\"https:\/\/www.eldiariodelapampa.com.ar\/la-pampa\/9191\/el-tip-revoco-la-absolucion-y-condeno-a-rene-dosio-por-abuso\">El Diario<\/a><\/p>\n<p><a href=\"#_ftnref1\" name=\"_ftn1\"><sup>[1]<\/sup><\/a> El ciclo de la violencia y el sentido unidireccional de esta hace que no siempre las primeras agresiones recibidas sean captadas por la persona en situaci\u00f3n de violencia puesto que hay un trabajo previo del violento que es someter, descalificar, socavar\u00a0 la autoestima, entre otros mecanismos. En consecuencia, una persona, en ocasiones, no puede denunciar de inmediato cuando ocurren los hechos. Todo esto pone en desventaja a las mujeres sobre el poder patriarcal de la sociedad y la justicia.<\/p>\n<p><a href=\"#_ftnref2\" name=\"_ftn2\"><sup>[2]<\/sup><\/a> En este caso, la Ley N\u00b0 26.485 de protecci\u00f3n integral para prevenir, sancionar y erradicar la violencia contra las mujeres en los \u00e1mbitos en que desarrollen sus relaciones interpersonales y la Ley Piazza (2011), que refiere a los plazos de prescripci\u00f3n del abuso sexual en la infancia.<\/p>\n<p><a href=\"#_ftnref3\" name=\"_ftn3\"><sup>[3]<\/sup><\/a> Seguimos insistiendo con la falta de capacitaci\u00f3n y formaci\u00f3n de profesionales de la comunicaci\u00f3n que reproducen los dichos, ya sea de profesionales del derecho, jueces, etc., sin medir c\u00f3mo se perpet\u00faa la mirada sobre la v\u00edctima y el da\u00f1o que esto provoca en la sociedad. Proponemos informar en el marco de los derechos humanos de las personas, evitando detalles que sostienen las estructuras patriarcales vigentes.<\/p>\n<p><a href=\"#_ftnref4\" name=\"_ftn4\"><sup>[4]<\/sup><\/a> Definida como aquella que: \u00aba trav\u00e9s de patrones estereotipados, mensajes, valores, \u00edconos o signos, transmita y reproduzca dominaci\u00f3n, desigualdad y discriminaci\u00f3n en las relaciones sociales, naturalizando la subordinaci\u00f3n de la mujer en la sociedad\u201d.<\/p>\n<p>Instagram: <a href=\"https:\/\/www.instagram.com\/diariodigitalfemenino_\/\">Diario Digital Femenino<\/a><\/p>\n","protected":false},"excerpt":{"rendered":"<p>Desde que la historia es tal, se ha reclamado el accionar patriarcal sistem\u00e1tico inherente a nuestra justicia. A nuestras instituciones no les importan nuestros tiempos, nuestros procesos. Ante una situaci\u00f3n de violencia no siempre pod\u00e9s denunciar de manera inmediata.[1] Por eso, suceden hechos como absolver a un abusador por prescripci\u00f3n de la causa. No es [&hellip;]<\/p>\n","protected":false},"author":4,"featured_media":67534,"comment_status":"open","ping_status":"open","sticky":false,"template":"","format":"standard","meta":{"iawp_total_views":107,"footnotes":""},"categories":[1067,178,627,5,1251,6,592],"tags":[4372,467,39,439,5674,36],"class_list":["post-67533","post","type-post","status-publish","format-standard","has-post-thumbnail","hentry","category-agenda-feminista","category-articulos-y-comunicados","category-genero-y-derechos-humanos","category-historias-de-vida","category-mujeres-de-la-pampa","category-articulos","category-violencias","tag-destacada","tag-impunidad","tag-justicia","tag-la-pampa","tag-rene-dosio","tag-violencia-sexual"],"nelio_content":{"autoShareEndMode":"never","automationSources":{"useCustomSentences":false,"customSentences":[]},"efiAlt":"","efiUrl":"","followers":[4],"highlights":[],"isAutoShareEnabled":true,"networkImageIds":[],"permalinkQueryArgs":[],"series":[],"suggestedReferences":[]},"yoast_head":"<!-- This site is optimized with the Yoast SEO plugin v27.5 - https:\/\/yoast.com\/product\/yoast-seo-wordpress\/ -->\n<title>Ren\u00e9 Dosio: la historia de la impunidad - Diario Digital Femenino<\/title>\n<meta name=\"description\" content=\"Ren\u00e9 Dosio. Ante una situaci\u00f3n de violencia no siempre pod\u00e9s denunciar de manera inmediata. As\u00ed,suceden hechos como absolver a un abusador.\" \/>\n<meta name=\"robots\" content=\"index, follow, max-snippet:-1, max-image-preview:large, max-video-preview:-1\" \/>\n<link rel=\"canonical\" href=\"https:\/\/diariofemenino.com.ar\/df\/rene-dosio-la-historia-de-la-impunidad\/\" \/>\n<meta property=\"og:locale\" content=\"es_ES\" \/>\n<meta property=\"og:type\" content=\"article\" \/>\n<meta property=\"og:title\" content=\"Ren\u00e9 Dosio: la historia de la impunidad - Diario Digital Femenino\" \/>\n<meta property=\"og:description\" content=\"Ren\u00e9 Dosio. Ante una situaci\u00f3n de violencia no siempre pod\u00e9s denunciar de manera inmediata. As\u00ed,suceden hechos como absolver a un abusador.\" \/>\n<meta property=\"og:url\" content=\"https:\/\/diariofemenino.com.ar\/df\/rene-dosio-la-historia-de-la-impunidad\/\" \/>\n<meta property=\"og:site_name\" content=\"Diario Digital Femenino\" \/>\n<meta property=\"article:publisher\" content=\"https:\/\/www.facebook.com\/DiarioDigitaFemenino\/\" \/>\n<meta property=\"article:published_time\" content=\"2023-01-13T11:34:45+00:00\" \/>\n<meta property=\"og:image\" content=\"https:\/\/diariofemenino.com.ar\/df\/wp-content\/uploads\/2023\/01\/225478.jpg\" \/>\n\t<meta property=\"og:image:width\" content=\"860\" \/>\n\t<meta property=\"og:image:height\" content=\"452\" \/>\n\t<meta property=\"og:image:type\" content=\"image\/jpeg\" \/>\n<meta name=\"author\" content=\"Admin\" \/>\n<meta name=\"twitter:card\" content=\"summary_large_image\" \/>\n<meta name=\"twitter:creator\" content=\"@DiarioFemenino1\" \/>\n<meta name=\"twitter:site\" content=\"@DiarioFemenino1\" \/>\n<meta name=\"twitter:label1\" content=\"Escrito por\" \/>\n\t<meta name=\"twitter:data1\" content=\"Admin\" \/>\n\t<meta name=\"twitter:label2\" content=\"Tiempo de lectura\" \/>\n\t<meta name=\"twitter:data2\" content=\"10 minutos\" \/>\n<script type=\"application\/ld+json\" class=\"yoast-schema-graph\">{\"@context\":\"https:\\\/\\\/schema.org\",\"@graph\":[{\"@type\":\"Article\",\"@id\":\"https:\\\/\\\/diariofemenino.com.ar\\\/df\\\/rene-dosio-la-historia-de-la-impunidad\\\/#article\",\"isPartOf\":{\"@id\":\"https:\\\/\\\/diariofemenino.com.ar\\\/df\\\/rene-dosio-la-historia-de-la-impunidad\\\/\"},\"author\":{\"name\":\"Admin\",\"@id\":\"https:\\\/\\\/diariofemenino.com.ar\\\/df\\\/#\\\/schema\\\/person\\\/bf6199e8158c657ea6f789b11ec85509\"},\"headline\":\"Ren\u00e9 Dosio: la historia de la impunidad\",\"datePublished\":\"2023-01-13T11:34:45+00:00\",\"mainEntityOfPage\":{\"@id\":\"https:\\\/\\\/diariofemenino.com.ar\\\/df\\\/rene-dosio-la-historia-de-la-impunidad\\\/\"},\"wordCount\":1918,\"commentCount\":0,\"publisher\":{\"@id\":\"https:\\\/\\\/diariofemenino.com.ar\\\/df\\\/#organization\"},\"image\":{\"@id\":\"https:\\\/\\\/diariofemenino.com.ar\\\/df\\\/rene-dosio-la-historia-de-la-impunidad\\\/#primaryimage\"},\"thumbnailUrl\":\"https:\\\/\\\/diariofemenino.com.ar\\\/df\\\/wp-content\\\/uploads\\\/2023\\\/01\\\/225478.jpg\",\"keywords\":[\"Destacada\",\"Impunidad\",\"Justicia\",\"La Pampa\",\"Ren\u00e9 Dosio\",\"Violencia Sexual\"],\"articleSection\":[\"Agenda Feminista\",\"Art\u00edculos y Comunicados\",\"G\u00e9nero y Derechos Humanos\",\"Historias de vida\",\"Mujeres de La Pampa\",\"Mujeres en Palabras\",\"Violencias\"],\"inLanguage\":\"es\",\"potentialAction\":[{\"@type\":\"CommentAction\",\"name\":\"Comment\",\"target\":[\"https:\\\/\\\/diariofemenino.com.ar\\\/df\\\/rene-dosio-la-historia-de-la-impunidad\\\/#respond\"]}]},{\"@type\":\"WebPage\",\"@id\":\"https:\\\/\\\/diariofemenino.com.ar\\\/df\\\/rene-dosio-la-historia-de-la-impunidad\\\/\",\"url\":\"https:\\\/\\\/diariofemenino.com.ar\\\/df\\\/rene-dosio-la-historia-de-la-impunidad\\\/\",\"name\":\"Ren\u00e9 Dosio: la historia de la impunidad - Diario Digital Femenino\",\"isPartOf\":{\"@id\":\"https:\\\/\\\/diariofemenino.com.ar\\\/df\\\/#website\"},\"primaryImageOfPage\":{\"@id\":\"https:\\\/\\\/diariofemenino.com.ar\\\/df\\\/rene-dosio-la-historia-de-la-impunidad\\\/#primaryimage\"},\"image\":{\"@id\":\"https:\\\/\\\/diariofemenino.com.ar\\\/df\\\/rene-dosio-la-historia-de-la-impunidad\\\/#primaryimage\"},\"thumbnailUrl\":\"https:\\\/\\\/diariofemenino.com.ar\\\/df\\\/wp-content\\\/uploads\\\/2023\\\/01\\\/225478.jpg\",\"datePublished\":\"2023-01-13T11:34:45+00:00\",\"description\":\"Ren\u00e9 Dosio. Ante una situaci\u00f3n de violencia no siempre pod\u00e9s denunciar de manera inmediata. As\u00ed,suceden hechos como absolver a un abusador.\",\"breadcrumb\":{\"@id\":\"https:\\\/\\\/diariofemenino.com.ar\\\/df\\\/rene-dosio-la-historia-de-la-impunidad\\\/#breadcrumb\"},\"inLanguage\":\"es\",\"potentialAction\":[{\"@type\":\"ReadAction\",\"target\":[\"https:\\\/\\\/diariofemenino.com.ar\\\/df\\\/rene-dosio-la-historia-de-la-impunidad\\\/\"]}]},{\"@type\":\"ImageObject\",\"inLanguage\":\"es\",\"@id\":\"https:\\\/\\\/diariofemenino.com.ar\\\/df\\\/rene-dosio-la-historia-de-la-impunidad\\\/#primaryimage\",\"url\":\"https:\\\/\\\/diariofemenino.com.ar\\\/df\\\/wp-content\\\/uploads\\\/2023\\\/01\\\/225478.jpg\",\"contentUrl\":\"https:\\\/\\\/diariofemenino.com.ar\\\/df\\\/wp-content\\\/uploads\\\/2023\\\/01\\\/225478.jpg\",\"width\":860,\"height\":452,\"caption\":\"Ren\u00e9 Dosio: la historia de la impunidad\"},{\"@type\":\"BreadcrumbList\",\"@id\":\"https:\\\/\\\/diariofemenino.com.ar\\\/df\\\/rene-dosio-la-historia-de-la-impunidad\\\/#breadcrumb\",\"itemListElement\":[{\"@type\":\"ListItem\",\"position\":1,\"name\":\"Portada\",\"item\":\"https:\\\/\\\/diariofemenino.com.ar\\\/df\\\/\"},{\"@type\":\"ListItem\",\"position\":2,\"name\":\"Ren\u00e9 Dosio: la historia de la impunidad\"}]},{\"@type\":\"WebSite\",\"@id\":\"https:\\\/\\\/diariofemenino.com.ar\\\/df\\\/#website\",\"url\":\"https:\\\/\\\/diariofemenino.com.ar\\\/df\\\/\",\"name\":\"Diario Digital Femenino\",\"description\":\"Cuesti\u00f3n de G\u00e9nero\",\"publisher\":{\"@id\":\"https:\\\/\\\/diariofemenino.com.ar\\\/df\\\/#organization\"},\"potentialAction\":[{\"@type\":\"SearchAction\",\"target\":{\"@type\":\"EntryPoint\",\"urlTemplate\":\"https:\\\/\\\/diariofemenino.com.ar\\\/df\\\/?s={search_term_string}\"},\"query-input\":{\"@type\":\"PropertyValueSpecification\",\"valueRequired\":true,\"valueName\":\"search_term_string\"}}],\"inLanguage\":\"es\"},{\"@type\":\"Organization\",\"@id\":\"https:\\\/\\\/diariofemenino.com.ar\\\/df\\\/#organization\",\"name\":\"Diario Femenino\",\"url\":\"https:\\\/\\\/diariofemenino.com.ar\\\/df\\\/\",\"logo\":{\"@type\":\"ImageObject\",\"inLanguage\":\"es\",\"@id\":\"https:\\\/\\\/diariofemenino.com.ar\\\/df\\\/#\\\/schema\\\/logo\\\/image\\\/\",\"url\":\"https:\\\/\\\/diariofemenino.com.ar\\\/df\\\/wp-content\\\/uploads\\\/2018\\\/10\\\/logo.png\",\"contentUrl\":\"https:\\\/\\\/diariofemenino.com.ar\\\/df\\\/wp-content\\\/uploads\\\/2018\\\/10\\\/logo.png\",\"width\":500,\"height\":92,\"caption\":\"Diario Femenino\"},\"image\":{\"@id\":\"https:\\\/\\\/diariofemenino.com.ar\\\/df\\\/#\\\/schema\\\/logo\\\/image\\\/\"},\"sameAs\":[\"https:\\\/\\\/www.facebook.com\\\/DiarioDigitaFemenino\\\/\",\"https:\\\/\\\/x.com\\\/DiarioFemenino1\"]},{\"@type\":\"Person\",\"@id\":\"https:\\\/\\\/diariofemenino.com.ar\\\/df\\\/#\\\/schema\\\/person\\\/bf6199e8158c657ea6f789b11ec85509\",\"name\":\"Admin\",\"image\":{\"@type\":\"ImageObject\",\"inLanguage\":\"es\",\"@id\":\"https:\\\/\\\/diariofemenino.com.ar\\\/df\\\/wp-content\\\/uploads\\\/2018\\\/12\\\/favicon-150x150.jpg\",\"url\":\"https:\\\/\\\/diariofemenino.com.ar\\\/df\\\/wp-content\\\/uploads\\\/2018\\\/12\\\/favicon-150x150.jpg\",\"contentUrl\":\"https:\\\/\\\/diariofemenino.com.ar\\\/df\\\/wp-content\\\/uploads\\\/2018\\\/12\\\/favicon-150x150.jpg\",\"caption\":\"Admin\"},\"url\":\"https:\\\/\\\/diariofemenino.com.ar\\\/df\\\/author\\\/lenny\\\/\"}]}<\/script>\n<!-- \/ Yoast SEO plugin. -->","yoast_head_json":{"title":"Ren\u00e9 Dosio: la historia de la impunidad - Diario Digital Femenino","description":"Ren\u00e9 Dosio. Ante una situaci\u00f3n de violencia no siempre pod\u00e9s denunciar de manera inmediata. As\u00ed,suceden hechos como absolver a un abusador.","robots":{"index":"index","follow":"follow","max-snippet":"max-snippet:-1","max-image-preview":"max-image-preview:large","max-video-preview":"max-video-preview:-1"},"canonical":"https:\/\/diariofemenino.com.ar\/df\/rene-dosio-la-historia-de-la-impunidad\/","og_locale":"es_ES","og_type":"article","og_title":"Ren\u00e9 Dosio: la historia de la impunidad - Diario Digital Femenino","og_description":"Ren\u00e9 Dosio. Ante una situaci\u00f3n de violencia no siempre pod\u00e9s denunciar de manera inmediata. As\u00ed,suceden hechos como absolver a un abusador.","og_url":"https:\/\/diariofemenino.com.ar\/df\/rene-dosio-la-historia-de-la-impunidad\/","og_site_name":"Diario Digital Femenino","article_publisher":"https:\/\/www.facebook.com\/DiarioDigitaFemenino\/","article_published_time":"2023-01-13T11:34:45+00:00","og_image":[{"width":860,"height":452,"url":"https:\/\/diariofemenino.com.ar\/df\/wp-content\/uploads\/2023\/01\/225478.jpg","type":"image\/jpeg"}],"author":"Admin","twitter_card":"summary_large_image","twitter_creator":"@DiarioFemenino1","twitter_site":"@DiarioFemenino1","twitter_misc":{"Escrito por":"Admin","Tiempo de lectura":"10 minutos"},"schema":{"@context":"https:\/\/schema.org","@graph":[{"@type":"Article","@id":"https:\/\/diariofemenino.com.ar\/df\/rene-dosio-la-historia-de-la-impunidad\/#article","isPartOf":{"@id":"https:\/\/diariofemenino.com.ar\/df\/rene-dosio-la-historia-de-la-impunidad\/"},"author":{"name":"Admin","@id":"https:\/\/diariofemenino.com.ar\/df\/#\/schema\/person\/bf6199e8158c657ea6f789b11ec85509"},"headline":"Ren\u00e9 Dosio: la historia de la impunidad","datePublished":"2023-01-13T11:34:45+00:00","mainEntityOfPage":{"@id":"https:\/\/diariofemenino.com.ar\/df\/rene-dosio-la-historia-de-la-impunidad\/"},"wordCount":1918,"commentCount":0,"publisher":{"@id":"https:\/\/diariofemenino.com.ar\/df\/#organization"},"image":{"@id":"https:\/\/diariofemenino.com.ar\/df\/rene-dosio-la-historia-de-la-impunidad\/#primaryimage"},"thumbnailUrl":"https:\/\/diariofemenino.com.ar\/df\/wp-content\/uploads\/2023\/01\/225478.jpg","keywords":["Destacada","Impunidad","Justicia","La Pampa","Ren\u00e9 Dosio","Violencia Sexual"],"articleSection":["Agenda Feminista","Art\u00edculos y Comunicados","G\u00e9nero y Derechos Humanos","Historias de vida","Mujeres de La Pampa","Mujeres en Palabras","Violencias"],"inLanguage":"es","potentialAction":[{"@type":"CommentAction","name":"Comment","target":["https:\/\/diariofemenino.com.ar\/df\/rene-dosio-la-historia-de-la-impunidad\/#respond"]}]},{"@type":"WebPage","@id":"https:\/\/diariofemenino.com.ar\/df\/rene-dosio-la-historia-de-la-impunidad\/","url":"https:\/\/diariofemenino.com.ar\/df\/rene-dosio-la-historia-de-la-impunidad\/","name":"Ren\u00e9 Dosio: la historia de la impunidad - Diario Digital Femenino","isPartOf":{"@id":"https:\/\/diariofemenino.com.ar\/df\/#website"},"primaryImageOfPage":{"@id":"https:\/\/diariofemenino.com.ar\/df\/rene-dosio-la-historia-de-la-impunidad\/#primaryimage"},"image":{"@id":"https:\/\/diariofemenino.com.ar\/df\/rene-dosio-la-historia-de-la-impunidad\/#primaryimage"},"thumbnailUrl":"https:\/\/diariofemenino.com.ar\/df\/wp-content\/uploads\/2023\/01\/225478.jpg","datePublished":"2023-01-13T11:34:45+00:00","description":"Ren\u00e9 Dosio. Ante una situaci\u00f3n de violencia no siempre pod\u00e9s denunciar de manera inmediata. As\u00ed,suceden hechos como absolver a un abusador.","breadcrumb":{"@id":"https:\/\/diariofemenino.com.ar\/df\/rene-dosio-la-historia-de-la-impunidad\/#breadcrumb"},"inLanguage":"es","potentialAction":[{"@type":"ReadAction","target":["https:\/\/diariofemenino.com.ar\/df\/rene-dosio-la-historia-de-la-impunidad\/"]}]},{"@type":"ImageObject","inLanguage":"es","@id":"https:\/\/diariofemenino.com.ar\/df\/rene-dosio-la-historia-de-la-impunidad\/#primaryimage","url":"https:\/\/diariofemenino.com.ar\/df\/wp-content\/uploads\/2023\/01\/225478.jpg","contentUrl":"https:\/\/diariofemenino.com.ar\/df\/wp-content\/uploads\/2023\/01\/225478.jpg","width":860,"height":452,"caption":"Ren\u00e9 Dosio: la historia de la impunidad"},{"@type":"BreadcrumbList","@id":"https:\/\/diariofemenino.com.ar\/df\/rene-dosio-la-historia-de-la-impunidad\/#breadcrumb","itemListElement":[{"@type":"ListItem","position":1,"name":"Portada","item":"https:\/\/diariofemenino.com.ar\/df\/"},{"@type":"ListItem","position":2,"name":"Ren\u00e9 Dosio: la historia de la impunidad"}]},{"@type":"WebSite","@id":"https:\/\/diariofemenino.com.ar\/df\/#website","url":"https:\/\/diariofemenino.com.ar\/df\/","name":"Diario Digital Femenino","description":"Cuesti\u00f3n de G\u00e9nero","publisher":{"@id":"https:\/\/diariofemenino.com.ar\/df\/#organization"},"potentialAction":[{"@type":"SearchAction","target":{"@type":"EntryPoint","urlTemplate":"https:\/\/diariofemenino.com.ar\/df\/?s={search_term_string}"},"query-input":{"@type":"PropertyValueSpecification","valueRequired":true,"valueName":"search_term_string"}}],"inLanguage":"es"},{"@type":"Organization","@id":"https:\/\/diariofemenino.com.ar\/df\/#organization","name":"Diario Femenino","url":"https:\/\/diariofemenino.com.ar\/df\/","logo":{"@type":"ImageObject","inLanguage":"es","@id":"https:\/\/diariofemenino.com.ar\/df\/#\/schema\/logo\/image\/","url":"https:\/\/diariofemenino.com.ar\/df\/wp-content\/uploads\/2018\/10\/logo.png","contentUrl":"https:\/\/diariofemenino.com.ar\/df\/wp-content\/uploads\/2018\/10\/logo.png","width":500,"height":92,"caption":"Diario Femenino"},"image":{"@id":"https:\/\/diariofemenino.com.ar\/df\/#\/schema\/logo\/image\/"},"sameAs":["https:\/\/www.facebook.com\/DiarioDigitaFemenino\/","https:\/\/x.com\/DiarioFemenino1"]},{"@type":"Person","@id":"https:\/\/diariofemenino.com.ar\/df\/#\/schema\/person\/bf6199e8158c657ea6f789b11ec85509","name":"Admin","image":{"@type":"ImageObject","inLanguage":"es","@id":"https:\/\/diariofemenino.com.ar\/df\/wp-content\/uploads\/2018\/12\/favicon-150x150.jpg","url":"https:\/\/diariofemenino.com.ar\/df\/wp-content\/uploads\/2018\/12\/favicon-150x150.jpg","contentUrl":"https:\/\/diariofemenino.com.ar\/df\/wp-content\/uploads\/2018\/12\/favicon-150x150.jpg","caption":"Admin"},"url":"https:\/\/diariofemenino.com.ar\/df\/author\/lenny\/"}]}},"jetpack_featured_media_url":"https:\/\/diariofemenino.com.ar\/df\/wp-content\/uploads\/2023\/01\/225478.jpg","jetpack_sharing_enabled":true,"rttpg_featured_image_url":{"full":["https:\/\/diariofemenino.com.ar\/df\/wp-content\/uploads\/2023\/01\/225478.jpg",860,452,false],"landscape":["https:\/\/diariofemenino.com.ar\/df\/wp-content\/uploads\/2023\/01\/225478.jpg",860,452,false],"portraits":["https:\/\/diariofemenino.com.ar\/df\/wp-content\/uploads\/2023\/01\/225478.jpg",860,452,false],"thumbnail":["https:\/\/diariofemenino.com.ar\/df\/wp-content\/uploads\/2023\/01\/225478-150x150.jpg",150,150,true],"medium":["https:\/\/diariofemenino.com.ar\/df\/wp-content\/uploads\/2023\/01\/225478-300x158.jpg",300,158,true],"large":["https:\/\/diariofemenino.com.ar\/df\/wp-content\/uploads\/2023\/01\/225478.jpg",860,452,false],"1536x1536":["https:\/\/diariofemenino.com.ar\/df\/wp-content\/uploads\/2023\/01\/225478.jpg",860,452,false],"2048x2048":["https:\/\/diariofemenino.com.ar\/df\/wp-content\/uploads\/2023\/01\/225478.jpg",860,452,false]},"rttpg_author":{"display_name":"Admin","author_link":"https:\/\/diariofemenino.com.ar\/df\/author\/lenny\/"},"rttpg_comment":0,"rttpg_category":"<a href=\"https:\/\/diariofemenino.com.ar\/df\/category\/agenda-feminista\/\" rel=\"category tag\">Agenda Feminista<\/a> <a href=\"https:\/\/diariofemenino.com.ar\/df\/category\/articulos-y-comunicados\/\" rel=\"category tag\">Art\u00edculos y Comunicados<\/a> <a href=\"https:\/\/diariofemenino.com.ar\/df\/category\/genero-y-derechos-humanos\/\" rel=\"category tag\">G\u00e9nero y Derechos Humanos<\/a> <a href=\"https:\/\/diariofemenino.com.ar\/df\/category\/historias-de-vida\/\" rel=\"category tag\">Historias de vida<\/a> <a href=\"https:\/\/diariofemenino.com.ar\/df\/category\/mujeres-de-la-pampa\/\" rel=\"category tag\">Mujeres de La Pampa<\/a> <a href=\"https:\/\/diariofemenino.com.ar\/df\/category\/articulos\/\" rel=\"category tag\">Mujeres en Palabras<\/a> <a href=\"https:\/\/diariofemenino.com.ar\/df\/category\/violencias\/\" rel=\"category tag\">Violencias<\/a>","rttpg_excerpt":"Desde que la historia es tal, se ha reclamado el accionar patriarcal sistem\u00e1tico inherente a nuestra justicia. A nuestras instituciones no les importan nuestros tiempos, nuestros procesos. Ante una situaci\u00f3n de violencia no siempre pod\u00e9s denunciar de manera inmediata.[1] Por eso, suceden hechos como absolver a un abusador por prescripci\u00f3n de la causa. No es&hellip;","_links":{"self":[{"href":"https:\/\/diariofemenino.com.ar\/df\/wp-json\/wp\/v2\/posts\/67533","targetHints":{"allow":["GET"]}}],"collection":[{"href":"https:\/\/diariofemenino.com.ar\/df\/wp-json\/wp\/v2\/posts"}],"about":[{"href":"https:\/\/diariofemenino.com.ar\/df\/wp-json\/wp\/v2\/types\/post"}],"author":[{"embeddable":true,"href":"https:\/\/diariofemenino.com.ar\/df\/wp-json\/wp\/v2\/users\/4"}],"replies":[{"embeddable":true,"href":"https:\/\/diariofemenino.com.ar\/df\/wp-json\/wp\/v2\/comments?post=67533"}],"version-history":[{"count":0,"href":"https:\/\/diariofemenino.com.ar\/df\/wp-json\/wp\/v2\/posts\/67533\/revisions"}],"wp:featuredmedia":[{"embeddable":true,"href":"https:\/\/diariofemenino.com.ar\/df\/wp-json\/wp\/v2\/media\/67534"}],"wp:attachment":[{"href":"https:\/\/diariofemenino.com.ar\/df\/wp-json\/wp\/v2\/media?parent=67533"}],"wp:term":[{"taxonomy":"category","embeddable":true,"href":"https:\/\/diariofemenino.com.ar\/df\/wp-json\/wp\/v2\/categories?post=67533"},{"taxonomy":"post_tag","embeddable":true,"href":"https:\/\/diariofemenino.com.ar\/df\/wp-json\/wp\/v2\/tags?post=67533"}],"curies":[{"name":"wp","href":"https:\/\/api.w.org\/{rel}","templated":true}]}}