{"id":67484,"date":"2023-01-10T11:29:30","date_gmt":"2023-01-10T14:29:30","guid":{"rendered":"https:\/\/diariofemenino.com.ar\/df\/?p=67484"},"modified":"2023-01-10T11:44:58","modified_gmt":"2023-01-10T14:44:58","slug":"10-libros-feministas-para-leer-en-verano","status":"publish","type":"post","link":"https:\/\/diariofemenino.com.ar\/df\/10-libros-feministas-para-leer-en-verano\/","title":{"rendered":"10 libros feministas para leer en verano"},"content":{"rendered":"<p><span style=\"font-weight: 400;\">La librer\u00eda <a href=\"https:\/\/www.instagram.com\/marinelli_s.a\/\">Marinelli<\/a> de Santa Rosa nos ofrece, en esta oportunidad, el listado de los diez libros m\u00e1s vendidos en las \u00faltimas semanas.<\/span><\/p>\n<p><span style=\"font-weight: 400;\">En La Pampa, los tres primeros puestos son para Mar\u00eda Florencia Freijo con: <\/span><i><span style=\"font-weight: 400;\">Decididas. Amor sexo y dinero<\/span><\/i><span style=\"font-weight: 400;\">, <\/span><i><span style=\"font-weight: 400;\">(Mal)Educadas<\/span><\/i><span style=\"font-weight: 400;\"> y <\/span><i><span style=\"font-weight: 400;\">Solas (aun acompa\u00f1adas).<\/span><\/i><\/p>\n<p><span style=\"font-weight: 400;\">Siguen en el listado: <\/span><i><span style=\"font-weight: 400;\">Brota<\/span><\/i><span style=\"font-weight: 400;\">, de Guillermina Lopata; <\/span><i><span style=\"font-weight: 400;\">Un viaje al placer<\/span><\/i><span style=\"font-weight: 400;\">, de Mariana Kersz; <\/span><i><span style=\"font-weight: 400;\">Historia del feminismo. De la Antig\u00fcedad a nuestros d\u00edas<\/span><\/i><span style=\"font-weight: 400;\">; <\/span><i><span style=\"font-weight: 400;\">Alzamos la voz<\/span><\/i><span style=\"font-weight: 400;\">, de Fabiana Scherer; <\/span><i><span style=\"font-weight: 400;\">Complacer. Pasiones sin edad<\/span><\/i><span style=\"font-weight: 400;\">, de Silvia Plager; <\/span><i><span style=\"font-weight: 400;\">Sexo sentido<\/span><\/i><span style=\"font-weight: 400;\">, de Florencia Salort y <\/span><i><span style=\"font-weight: 400;\">La l\u00ednea rosa<\/span><\/i><span style=\"font-weight: 400;\">, de Mark Gevisser.<\/span><\/p>\n<p><i>1. Decididas. Amor, sexo y dinero<\/i><\/p>\n<figure id=\"attachment_67488\" aria-describedby=\"caption-attachment-67488\" style=\"width: 224px\" class=\"wp-caption alignleft\"><img loading=\"lazy\" decoding=\"async\" class=\" wp-image-67488\" src=\"https:\/\/diariofemenino.com.ar\/df\/wp-content\/uploads\/2023\/01\/WhatsApp-Image-2023-01-10-at-10.15.58-1-768x1024.jpeg\" alt=\"10 libros feministas para leer en verano\" width=\"224\" height=\"298\" srcset=\"https:\/\/diariofemenino.com.ar\/df\/wp-content\/uploads\/2023\/01\/WhatsApp-Image-2023-01-10-at-10.15.58-1-768x1024.jpeg 768w, https:\/\/diariofemenino.com.ar\/df\/wp-content\/uploads\/2023\/01\/WhatsApp-Image-2023-01-10-at-10.15.58-1-225x300.jpeg 225w, https:\/\/diariofemenino.com.ar\/df\/wp-content\/uploads\/2023\/01\/WhatsApp-Image-2023-01-10-at-10.15.58-1.jpeg 1200w\" sizes=\"auto, (max-width: 224px) 100vw, 224px\" \/><figcaption id=\"caption-attachment-67488\" class=\"wp-caption-text\">10 libros feministas para leer en verano<\/figcaption><\/figure>\n<p><span style=\"font-weight: 400;\">En este libro, Mar\u00eda Florencia Freijo trabaja tres grandes ejes sobre los que resta reflexionar: el amor, el sexo y el dinero. Desde disciplinas como la neurociencia, la sociolog\u00eda y la psicolog\u00eda, Freijo trabaja en <\/span><i><span style=\"font-weight: 400;\">Decididas<\/span><\/i><span style=\"font-weight: 400;\"> un ensayo esclarecedor sobre las trabas que siguen interponi\u00e9ndose en el camino de cualquier mujer hacia una libertad plena. <\/span><span style=\"font-weight: 400;\">\u00abDecididas es sin duda mi sello sobre un compromiso irrenunciable a seguir difundiendo a autoras potentes, avances cient\u00edficos, y datos, muchos datos\u00bb, dice la escritora y polit\u00f3loga. \u00abInsisto con esto para erradicar a partir de pruebas contundentes un sentido com\u00fan que a\u00fan nos lleva a lugares en donde no estamos consideradas\u00bb.<\/span><\/p>\n<p>&nbsp;<\/p>\n<p><i><span style=\"font-weight: 400;\"><br \/>\n2. (Mal)Educadas<\/span><\/i><\/p>\n<figure id=\"attachment_67486\" aria-describedby=\"caption-attachment-67486\" style=\"width: 224px\" class=\"wp-caption alignleft\"><img loading=\"lazy\" decoding=\"async\" class=\" wp-image-67486\" src=\"https:\/\/diariofemenino.com.ar\/df\/wp-content\/uploads\/2023\/01\/WhatsApp-Image-2023-01-10-at-10.15.58-752x1024.jpg\" alt=\"10 libros feministas para leer en verano\" width=\"224\" height=\"305\" srcset=\"https:\/\/diariofemenino.com.ar\/df\/wp-content\/uploads\/2023\/01\/WhatsApp-Image-2023-01-10-at-10.15.58-752x1024.jpg 752w, https:\/\/diariofemenino.com.ar\/df\/wp-content\/uploads\/2023\/01\/WhatsApp-Image-2023-01-10-at-10.15.58-220x300.jpg 220w, https:\/\/diariofemenino.com.ar\/df\/wp-content\/uploads\/2023\/01\/WhatsApp-Image-2023-01-10-at-10.15.58-768x1046.jpg 768w, https:\/\/diariofemenino.com.ar\/df\/wp-content\/uploads\/2023\/01\/WhatsApp-Image-2023-01-10-at-10.15.58.jpg 1129w\" sizes=\"auto, (max-width: 224px) 100vw, 224px\" \/><figcaption id=\"caption-attachment-67486\" class=\"wp-caption-text\">10 libros feministas para leer en verano<\/figcaption><\/figure>\n<p><span style=\"font-weight: 400;\">\u00bfC\u00f3mo se ha educado a las mujeres por siglos? \u00bfPara qu\u00e9 se las ha educado? Hasta fines del siglo XIX, las mujeres no asist\u00edan a la escuela, su \u00fanica formaci\u00f3n tend\u00eda a que fueran \u201cbuenas\u201d: buenas esposas, concubinas, amantes, madres, hijas, abuelas. Esta educaci\u00f3n inorg\u00e1nica, esta \u201cmala\u201d educaci\u00f3n, se vuelve un sustrato permanente que sigue formando a las mujeres a\u00fan hoy para cumplir miles de mandatos. Esto es lo que sostiene Mar\u00eda Florencia Freijo en <\/span><i><span style=\"font-weight: 400;\">(Mal)Educadas<\/span><\/i><span style=\"font-weight: 400;\">: que las mujeres han sido y a\u00fan son preparadas, tanto desde la educaci\u00f3n formal como la informal, para amar sin condiciones a riesgo de quedarse \u201csolas\u201d, y para limitar su propio poder y sus posibilidades expansivas. Con una aguda mirada hist\u00f3rica y una escritura l\u00facida y personal, la autora encuentra en el concepto de \u201cmala educaci\u00f3n\u201d un punto de partida que consolida una serie de prejuicios sobre las mujeres. As\u00ed se construyeron y se sostienen los arquetipos de la mala mujer: puta, bruja, vividora, loca. Mar\u00eda Florencia Freijo muestra y explica en este libro imprescindible la l\u00ednea que une la historia silenciada de las mujeres, en busca de descubrir el porqu\u00e9 de esto que aparece como un destino, pero que es, en realidad, un mandato que solo con conocimiento se podr\u00e1 cambiar, para que cada mujer pueda trazar una historia propia m\u00e1s libre y m\u00e1s consciente.<\/span><\/p>\n<p><i><span style=\"font-weight: 400;\">3. Solas (aun acompa\u00f1adas)<\/span><\/i><\/p>\n<figure id=\"attachment_67496\" aria-describedby=\"caption-attachment-67496\" style=\"width: 224px\" class=\"wp-caption alignleft\"><img loading=\"lazy\" decoding=\"async\" class=\" wp-image-67496\" src=\"https:\/\/diariofemenino.com.ar\/df\/wp-content\/uploads\/2023\/01\/WhatsApp-Image-2023-01-10-at-10.34.26-768x1024.jpeg\" alt=\"10 libros feministas para leer en verano\" width=\"224\" height=\"299\" srcset=\"https:\/\/diariofemenino.com.ar\/df\/wp-content\/uploads\/2023\/01\/WhatsApp-Image-2023-01-10-at-10.34.26-768x1024.jpeg 768w, https:\/\/diariofemenino.com.ar\/df\/wp-content\/uploads\/2023\/01\/WhatsApp-Image-2023-01-10-at-10.34.26-225x300.jpeg 225w, https:\/\/diariofemenino.com.ar\/df\/wp-content\/uploads\/2023\/01\/WhatsApp-Image-2023-01-10-at-10.34.26.jpeg 1200w\" sizes=\"auto, (max-width: 224px) 100vw, 224px\" \/><figcaption id=\"caption-attachment-67496\" class=\"wp-caption-text\">10 libros feministas para leer en verano<\/figcaption><\/figure>\n<p><span style=\"font-weight: 400;\">Incluso estando en pareja, aunque tengamos un trabajo, una familia, nos sentimos solas.<\/span> <span style=\"font-weight: 400;\">Las mujeres transitamos este mundo cargando mandatos patriarcales: ser buena esposa; buena madre; buena hija. Desde siempre, cargamos con una enorme cantidad de exigencias sobre nuestro cuerpo, nuestro comportamiento, lo que se espera de nosotras. Estamos solas porque crecemos alejadas de nuestro propio deseo; separadas unas de otras; exigidas al m\u00e1ximo para encajar en los moldes que la sociedad nos impone. Flor Freijo hace un repaso interesant\u00edsimo por la cultura, la pol\u00edtica y la industria del entretenimiento para averiguar cu\u00e1ndo fue que naci\u00f3 esta diferencia social que nos ha convertido en ciudadanas de segunda: con menos derechos, menos ingresos, menos justicia. Con casos concretos de la historia y el presente, deconstruye los mandatos que se presentan como naturales y juegan en contra de las mujeres.<\/span> <span style=\"font-weight: 400;\">Tomar conciencia es el primer paso hacia la libertad.<\/span><\/p>\n<p><i><span style=\"font-weight: 400;\">4. Brota<\/span><\/i><\/p>\n<figure id=\"attachment_67489\" aria-describedby=\"caption-attachment-67489\" style=\"width: 224px\" class=\"wp-caption alignleft\"><img loading=\"lazy\" decoding=\"async\" class=\" wp-image-67489\" src=\"https:\/\/diariofemenino.com.ar\/df\/wp-content\/uploads\/2023\/01\/WhatsApp-Image-2023-01-10-at-10.15.57-2-768x1024.jpeg\" alt=\"\" width=\"224\" height=\"299\" srcset=\"https:\/\/diariofemenino.com.ar\/df\/wp-content\/uploads\/2023\/01\/WhatsApp-Image-2023-01-10-at-10.15.57-2-768x1024.jpeg 768w, https:\/\/diariofemenino.com.ar\/df\/wp-content\/uploads\/2023\/01\/WhatsApp-Image-2023-01-10-at-10.15.57-2-225x300.jpeg 225w, https:\/\/diariofemenino.com.ar\/df\/wp-content\/uploads\/2023\/01\/WhatsApp-Image-2023-01-10-at-10.15.57-2.jpeg 1200w\" sizes=\"auto, (max-width: 224px) 100vw, 224px\" \/><figcaption id=\"caption-attachment-67489\" class=\"wp-caption-text\">10 libros feministas para leer en verano<\/figcaption><\/figure>\n<p>&nbsp;<\/p>\n<p><span style=\"font-weight: 400;\">A veces, el dolor, el hartazgo, el aburrimiento, la tristeza o el enojo abren un ciclo de cambio para que comiences a brotar&#8230; <\/span><i><span style=\"font-weight: 400;\">Brota<\/span><\/i><span style=\"font-weight: 400;\"> es magia poderosa, con rituales para fortalecer tu trabajo interior. <\/span><i><span style=\"font-weight: 400;\">Brota<\/span><\/i><span style=\"font-weight: 400;\"> es un viaje de valenta hacia tu esencia y tu poder. <\/span><i><span style=\"font-weight: 400;\">Brota<\/span><\/i><span style=\"font-weight: 400;\"> es una aventura transformadora para crear la vida que deseas. Guillermina Lopata, psic\u00f3loga y especialista en saberes integrados (magia, chamanismo, cosmovisiones no tradicionales y espiritualidad), te propone una reconexi\u00f3n profunda con tu ni\u00f1a interior. As\u00ed, lograr\u00e1s sanar el pasado y dejar de existir para comenzar a vivir. Encuentra las herramientas para ser tu propia maga y atr\u00e9vete a brotar. Incluye 39 ejercicios para que lleves tu magia a la acci\u00f3n.<\/p>\n<p><\/span><\/p>\n<p><i><span style=\"font-weight: 400;\">5. Un viaje al placer<\/span><\/i><\/p>\n<figure id=\"attachment_67493\" aria-describedby=\"caption-attachment-67493\" style=\"width: 224px\" class=\"wp-caption alignleft\"><img loading=\"lazy\" decoding=\"async\" class=\" wp-image-67493\" src=\"https:\/\/diariofemenino.com.ar\/df\/wp-content\/uploads\/2023\/01\/WhatsApp-Image-2023-01-10-at-10.15.55-768x1024.jpeg\" alt=\"\" width=\"224\" height=\"299\" srcset=\"https:\/\/diariofemenino.com.ar\/df\/wp-content\/uploads\/2023\/01\/WhatsApp-Image-2023-01-10-at-10.15.55-768x1024.jpeg 768w, https:\/\/diariofemenino.com.ar\/df\/wp-content\/uploads\/2023\/01\/WhatsApp-Image-2023-01-10-at-10.15.55-225x300.jpeg 225w, https:\/\/diariofemenino.com.ar\/df\/wp-content\/uploads\/2023\/01\/WhatsApp-Image-2023-01-10-at-10.15.55.jpeg 1200w\" sizes=\"auto, (max-width: 224px) 100vw, 224px\" \/><figcaption id=\"caption-attachment-67493\" class=\"wp-caption-text\">10 libros feministas para leer en verano<\/figcaption><\/figure>\n<p><span style=\"font-weight: 400;\">Con un aire fresco y una escritura din\u00e1mica llena de tips, consejos y relatos divertidos, la Lic. Mariana Kersz nos invita a conocernos y reconocernos: nuestro cuerpo, nuestra pareja, nuestros deseos y miedos m\u00e1s profundos. Estamos viviendo un momento de revoluci\u00f3n sexual y resignificaciones del concepto del amor y de las relaciones, que repercute directamente en nuestra percepci\u00f3n de la sexualidad.<\/span><\/p>\n<p><span style=\"font-weight: 400;\">\u00bfTener fantas\u00edas con otras personas est\u00e1 mal? \u00bfLa menopausia es el fin de la vida sexual? \u00bfLas mujeres se masturban? \u00bfSe puede mantener el deseo en la pareja despu\u00e9s de muchos a\u00f1os? En <\/span><i><span style=\"font-weight: 400;\">Un viaje al placer<\/span><\/i><span style=\"font-weight: 400;\"> encontrar\u00e1s las respuestas a las preguntas que no te animas a hacerle ni siquiera a tus amigas m\u00e1s \u00edntimas \u00a1y muchas m\u00e1s!<\/p>\n<p><\/span><\/p>\n<p><i><span style=\"font-weight: 400;\">6. Historia del feminismo<\/span><\/i><\/p>\n<figure id=\"attachment_67498\" aria-describedby=\"caption-attachment-67498\" style=\"width: 224px\" class=\"wp-caption alignleft\"><img loading=\"lazy\" decoding=\"async\" class=\" wp-image-67498\" src=\"https:\/\/diariofemenino.com.ar\/df\/wp-content\/uploads\/2023\/01\/WhatsApp-Image-2023-01-10-at-10.15.57-1-805x1024.jpg\" alt=\"10 libros feministas para leer en verano\" width=\"224\" height=\"285\" srcset=\"https:\/\/diariofemenino.com.ar\/df\/wp-content\/uploads\/2023\/01\/WhatsApp-Image-2023-01-10-at-10.15.57-1-805x1024.jpg 805w, https:\/\/diariofemenino.com.ar\/df\/wp-content\/uploads\/2023\/01\/WhatsApp-Image-2023-01-10-at-10.15.57-1-236x300.jpg 236w, https:\/\/diariofemenino.com.ar\/df\/wp-content\/uploads\/2023\/01\/WhatsApp-Image-2023-01-10-at-10.15.57-1-768x976.jpg 768w, https:\/\/diariofemenino.com.ar\/df\/wp-content\/uploads\/2023\/01\/WhatsApp-Image-2023-01-10-at-10.15.57-1.jpg 1080w\" sizes=\"auto, (max-width: 224px) 100vw, 224px\" \/><figcaption id=\"caption-attachment-67498\" class=\"wp-caption-text\">10 libros feministas para leer en verano<\/figcaption><\/figure>\n<p><span style=\"font-weight: 400;\">En <\/span><i><span style=\"font-weight: 400;\">Historia del feminismo<\/span><\/i><span style=\"font-weight: 400;\">, S\u00e9verine Auffret realiza un rastreo de las ideas feministas desde la Antig\u00fcedad a nuestros d\u00edas, pasando por la Am\u00e9rica precolombina hasta las formulaciones m\u00e1s actuales, incorporando las figuras de las amazonas, Safo, Virginia Woolf, Simone de Beauvoir y las disidencias sexuales.<\/span><\/p>\n<p>&nbsp;<\/p>\n<p>&nbsp;<\/p>\n<p>&nbsp;<\/p>\n<p>&nbsp;<\/p>\n<p><i><span style=\"font-weight: 400;\">7. Alzamos la voz<\/span><\/i><\/p>\n<p><span style=\"font-weight: 400;\"><img loading=\"lazy\" decoding=\"async\" class=\"alignleft wp-image-67490\" src=\"https:\/\/diariofemenino.com.ar\/df\/wp-content\/uploads\/2023\/01\/WhatsApp-Image-2023-01-10-at-10.15.57-768x1024.jpeg\" alt=\"\" width=\"224\" height=\"299\" srcset=\"https:\/\/diariofemenino.com.ar\/df\/wp-content\/uploads\/2023\/01\/WhatsApp-Image-2023-01-10-at-10.15.57-768x1024.jpeg 768w, https:\/\/diariofemenino.com.ar\/df\/wp-content\/uploads\/2023\/01\/WhatsApp-Image-2023-01-10-at-10.15.57-225x300.jpeg 225w, https:\/\/diariofemenino.com.ar\/df\/wp-content\/uploads\/2023\/01\/WhatsApp-Image-2023-01-10-at-10.15.57.jpeg 1200w\" sizes=\"auto, (max-width: 224px) 100vw, 224px\" \/>Fabiana Scherer nos propone hacer un viaje empoderador a trav\u00e9s de diferentes problem\u00e1ticas de la actualidad y grandes referentes del feminismo y activismo social, que nos invita a reflexionar, transformar y deconstruir lo establecido. Y vos, \u00bfte anim\u00e1s?<\/span><\/p>\n<p><span style=\"font-weight: 400;\">El mundo est\u00e1 cambiando y tambi\u00e9n la forma de relacionarnos. Alzamos la voz traza un recorrido sobre los puntos clave del feminismo y las nuevas masculinidades en la Argentina y en el mundo entero. Con un ritmo din\u00e1mico y relatos llenos de emoci\u00f3n, la autora nos habla de la importancia de la concientizaci\u00f3n acerca de diversos temas de inter\u00e9s tanto para hombres como para mujeres, j\u00f3venes o adultos, como el acoso callejero, el abuso sexual, la desigualdad laboral, la discriminaci\u00f3n y estereotipaci\u00f3n, la educaci\u00f3n sexual, entre otros<\/span><i><span style=\"font-weight: 400;\">.<\/span><\/i><\/p>\n<p><i><span style=\"font-weight: 400;\">8. Complacer. Pasiones sin edad<\/span><\/i><\/p>\n<p><span style=\"font-weight: 400;\"><img loading=\"lazy\" decoding=\"async\" class=\"alignleft wp-image-67491\" src=\"https:\/\/diariofemenino.com.ar\/df\/wp-content\/uploads\/2023\/01\/WhatsApp-Image-2023-01-10-at-10.15.56-2-768x1024.jpeg\" alt=\"\" width=\"224\" height=\"299\" srcset=\"https:\/\/diariofemenino.com.ar\/df\/wp-content\/uploads\/2023\/01\/WhatsApp-Image-2023-01-10-at-10.15.56-2-768x1024.jpeg 768w, https:\/\/diariofemenino.com.ar\/df\/wp-content\/uploads\/2023\/01\/WhatsApp-Image-2023-01-10-at-10.15.56-2-225x300.jpeg 225w, https:\/\/diariofemenino.com.ar\/df\/wp-content\/uploads\/2023\/01\/WhatsApp-Image-2023-01-10-at-10.15.56-2.jpeg 1200w\" sizes=\"auto, (max-width: 224px) 100vw, 224px\" \/>Cuatro mujeres: abuela, madre, hija y nieta. Cuatro historias que entrelazan el amor, los v\u00ednculos, la identidad y desenmascaran los secretos m\u00e1s \u00edntimos en sus caminos personales. Rebeca, Mar\u00eda Jos\u00e9 y Delfina buscan complacer a los dem\u00e1s, pero tambi\u00e9n luchan por aprender a complacerse a s\u00ed mismas, por encontrar su rumbo, condicionado por las imposiciones sociales y los miedos. Detr\u00e1s de los misterios y los desaf\u00edos propios de las edades de las protagonistas, afloran las pasiones. Aquellas que acercan a cada mujer a su destino.<\/span><\/p>\n<p><span style=\"font-weight: 400;\">Silvia Plager enhebra con maestr\u00eda cuatro momentos clave de las vidas de estas mujeres y nos entrega una novela atrapante.<\/span><\/p>\n<p><i><span style=\"font-weight: 400;\">9. Sexo sentido<\/span><\/i><\/p>\n<p><span style=\"font-weight: 400;\"><img loading=\"lazy\" decoding=\"async\" class=\"alignleft wp-image-67494\" src=\"https:\/\/diariofemenino.com.ar\/df\/wp-content\/uploads\/2023\/01\/WhatsApp-Image-2023-01-10-at-10.15.56-1-768x1024.jpeg\" alt=\"\" width=\"224\" height=\"298\" srcset=\"https:\/\/diariofemenino.com.ar\/df\/wp-content\/uploads\/2023\/01\/WhatsApp-Image-2023-01-10-at-10.15.56-1-768x1024.jpeg 768w, https:\/\/diariofemenino.com.ar\/df\/wp-content\/uploads\/2023\/01\/WhatsApp-Image-2023-01-10-at-10.15.56-1-225x300.jpeg 225w, https:\/\/diariofemenino.com.ar\/df\/wp-content\/uploads\/2023\/01\/WhatsApp-Image-2023-01-10-at-10.15.56-1.jpeg 1200w\" sizes=\"auto, (max-width: 224px) 100vw, 224px\" \/>Las miradas, los abrazos, el deseo. Las risas, el juego, el erotismo. La piel, las palabras, los besos. El roce, la entrega, el estallido. Esto es <\/span><i><span style=\"font-weight: 400;\">Sexo sentido<\/span><\/i><span style=\"font-weight: 400;\">.<\/span><\/p>\n<p><span style=\"font-weight: 400;\">Este libro es para nosotras, que: <\/span><span style=\"font-weight: 400;\"><br \/>\n<\/span><span style=\"font-weight: 400;\">\u2022 A pesar de los tab\u00faes y prejuicios, queremos vivir una sexualidad plena. <\/span><span style=\"font-weight: 400;\"><br \/>\n<\/span><span style=\"font-weight: 400;\">\u2022 Aun sobrepasadas por la vida cotidiana, intentamos conectarnos con el goce. <\/span><span style=\"font-weight: 400;\"><br \/>\n<\/span><span style=\"font-weight: 400;\">\u2022 En medio de la ausencia de deseo, necesitamos volver al disfrute.<\/span><\/p>\n<p><span style=\"font-weight: 400;\">Florencia Salort, ginec\u00f3loga y sex\u00f3loga, nos conduce por el camino del autodescubrimiento para que podamos derribar mitos, liberarnos de las etiquetas, reconectarnos con nuestro placer y elegir qu\u00e9 nos enciende (y qu\u00e9 no). Sexo sentido es la llave para adue\u00f1arnos de nuestro cuerpo, explorar nuestras fantas\u00edas y aprender que nuestra sexualidad tambi\u00e9n puede reinventarse.<\/span><\/p>\n<p><i><span style=\"font-weight: 400;\">10. La l\u00ednea rosa<\/span><\/i><\/p>\n<p><span style=\"font-weight: 400;\"><img loading=\"lazy\" decoding=\"async\" class=\"alignleft wp-image-67492\" src=\"https:\/\/diariofemenino.com.ar\/df\/wp-content\/uploads\/2023\/01\/WhatsApp-Image-2023-01-10-at-10.15.56-768x1024.jpeg\" alt=\"\" width=\"224\" height=\"299\" srcset=\"https:\/\/diariofemenino.com.ar\/df\/wp-content\/uploads\/2023\/01\/WhatsApp-Image-2023-01-10-at-10.15.56-768x1024.jpeg 768w, https:\/\/diariofemenino.com.ar\/df\/wp-content\/uploads\/2023\/01\/WhatsApp-Image-2023-01-10-at-10.15.56-225x300.jpeg 225w, https:\/\/diariofemenino.com.ar\/df\/wp-content\/uploads\/2023\/01\/WhatsApp-Image-2023-01-10-at-10.15.56.jpeg 1200w\" sizes=\"auto, (max-width: 224px) 100vw, 224px\" \/>Una mirada innovadora sobre c\u00f3mo las cuestiones relacionadas con la sexualidad y la identidad de g\u00e9nero dividen y unen al mundo actual. Con m\u00e1s de siete a\u00f1os de preparaci\u00f3n, <\/span><i><span style=\"font-weight: 400;\">La l\u00ednea rosa: Un viaje por las fronteras queer del mundo<\/span><\/i><span style=\"font-weight: 400;\"> es una exploraci\u00f3n de c\u00f3mo la conversaci\u00f3n en torno a la orientaci\u00f3n sexual y a la identidad de g\u00e9nero ha llegado a dividir -y a describir- el orientaci\u00f3n sexual y a la identidad de g\u00e9nero ha llegado a dividir -y a describir- el mundo de una manera totalmente nueva a lo largo de las primeras dos d\u00e9cadas del siglo XXI. No existe ning\u00fan movimiento social que haya logrado cambios tan r\u00e1pidos y con resultados tan variados. Si bien el matrimonio entre personas del mismo sexo y la transici\u00f3n de g\u00e9nero se celebran en algunas partes del mundo, en otras se estan reforzando las leyes para penalizar la homosexualidad y la inconformidad de g\u00e9nero. Entre los perfiles sensibles y a veces sorprendentes de la gente queer que ha encontrado a lo largo de <\/span><i><span style=\"font-weight: 400;\">La linea rosa<\/span><\/i><span style=\"font-weight: 400;\">, Gevisser ofrece cap\u00edtulos anal\u00edticos y bien definidos que exploran la politica de identidad, la religi\u00f3n, la ideolog\u00eda de genero, el capitalismo, los derechos humanos, el p\u00e1nico moral, la geopol\u00edtica y lo que el denomina \u201clas nuevas guerras culturales de las personas transg\u00e9nero\u201d. Una mirada innovadora sobre c\u00f3mo las cuestiones relacionadas con la sexualidad y la identidad de g\u00e9nero dividen y unen al mundo actual.<\/span><\/p>\n<p><a href=\"https:\/\/diariofemenino.com.ar\/df\/category\/biblioteca\/\">Biblioteca virtual<\/a> &#8211; <a href=\"https:\/\/diariofemenino.com.ar\/df\/category\/agenda-feminista\/\">DDF<\/a><\/p>\n<p>Instagram <a href=\"https:\/\/www.instagram.com\/diariodigitalfemenino_\/\">Diario Digital Femenino\u00a0<\/a><\/p>\n","protected":false},"excerpt":{"rendered":"<p>La librer\u00eda Marinelli de Santa Rosa nos ofrece, en esta oportunidad, el listado de los diez libros m\u00e1s vendidos en las \u00faltimas semanas. En La Pampa, los tres primeros puestos son para Mar\u00eda Florencia Freijo con: Decididas. Amor sexo y dinero, (Mal)Educadas y Solas (aun acompa\u00f1adas). Siguen en el listado: Brota, de Guillermina Lopata; Un [&hellip;]<\/p>\n","protected":false},"author":4,"featured_media":67485,"comment_status":"open","ping_status":"open","sticky":false,"template":"","format":"standard","meta":{"iawp_total_views":167,"footnotes":""},"categories":[7,1067,178,19],"tags":[4372,190,26,5669,624,5670,470,1547,3947],"class_list":["post-67484","post","type-post","status-publish","format-standard","has-post-thumbnail","hentry","category-actividades","category-agenda-feminista","category-articulos-y-comunicados","category-biblioteca","tag-destacada","tag-empoderamiento","tag-feminismo","tag-lectura","tag-libros","tag-marinelli","tag-placer","tag-sexo","tag-verano"],"nelio_content":{"autoShareEndMode":"never","automationSources":{"useCustomSentences":false,"customSentences":[]},"efiAlt":"","efiUrl":"","followers":[4],"highlights":[],"isAutoShareEnabled":true,"networkImageIds":[],"permalinkQueryArgs":[],"series":[],"suggestedReferences":[]},"yoast_head":"<!-- This site is optimized with the Yoast SEO plugin v27.5 - https:\/\/yoast.com\/product\/yoast-seo-wordpress\/ -->\n<title>10 libros feministas para leer en verano - Diario Digital Femenino<\/title>\n<meta name=\"description\" content=\"10 libros feministas. La librer\u00eda Marinelli nos ofrece, en esta oportunidad, el listado de los diez libros m\u00e1s vendidos en las \u00faltimas semanas.\" \/>\n<meta name=\"robots\" content=\"index, follow, max-snippet:-1, max-image-preview:large, max-video-preview:-1\" \/>\n<link rel=\"canonical\" href=\"https:\/\/diariofemenino.com.ar\/df\/10-libros-feministas-para-leer-en-verano\/\" \/>\n<meta property=\"og:locale\" content=\"es_ES\" \/>\n<meta property=\"og:type\" content=\"article\" \/>\n<meta property=\"og:title\" content=\"10 libros feministas para leer en verano - Diario Digital Femenino\" \/>\n<meta property=\"og:description\" content=\"10 libros feministas. La librer\u00eda Marinelli nos ofrece, en esta oportunidad, el listado de los diez libros m\u00e1s vendidos en las \u00faltimas semanas.\" \/>\n<meta property=\"og:url\" content=\"https:\/\/diariofemenino.com.ar\/df\/10-libros-feministas-para-leer-en-verano\/\" \/>\n<meta property=\"og:site_name\" content=\"Diario Digital Femenino\" \/>\n<meta property=\"article:publisher\" content=\"https:\/\/www.facebook.com\/DiarioDigitaFemenino\/\" \/>\n<meta property=\"article:published_time\" content=\"2023-01-10T14:29:30+00:00\" \/>\n<meta property=\"article:modified_time\" content=\"2023-01-10T14:44:58+00:00\" \/>\n<meta property=\"og:image\" content=\"https:\/\/diariofemenino.com.ar\/df\/wp-content\/uploads\/2023\/01\/WhatsApp-Image-2023-01-10-at-10.45.26.jpeg\" \/>\n\t<meta property=\"og:image:width\" content=\"1280\" \/>\n\t<meta property=\"og:image:height\" content=\"640\" \/>\n\t<meta property=\"og:image:type\" content=\"image\/jpeg\" \/>\n<meta name=\"author\" content=\"Admin\" \/>\n<meta name=\"twitter:card\" content=\"summary_large_image\" \/>\n<meta name=\"twitter:creator\" content=\"@DiarioFemenino1\" \/>\n<meta name=\"twitter:site\" content=\"@DiarioFemenino1\" \/>\n<meta name=\"twitter:label1\" content=\"Escrito por\" \/>\n\t<meta name=\"twitter:data1\" content=\"Admin\" \/>\n\t<meta name=\"twitter:label2\" content=\"Tiempo de lectura\" \/>\n\t<meta name=\"twitter:data2\" content=\"8 minutos\" \/>\n<script type=\"application\/ld+json\" class=\"yoast-schema-graph\">{\"@context\":\"https:\\\/\\\/schema.org\",\"@graph\":[{\"@type\":\"Article\",\"@id\":\"https:\\\/\\\/diariofemenino.com.ar\\\/df\\\/10-libros-feministas-para-leer-en-verano\\\/#article\",\"isPartOf\":{\"@id\":\"https:\\\/\\\/diariofemenino.com.ar\\\/df\\\/10-libros-feministas-para-leer-en-verano\\\/\"},\"author\":{\"name\":\"Admin\",\"@id\":\"https:\\\/\\\/diariofemenino.com.ar\\\/df\\\/#\\\/schema\\\/person\\\/bf6199e8158c657ea6f789b11ec85509\"},\"headline\":\"10 libros feministas para leer en verano\",\"datePublished\":\"2023-01-10T14:29:30+00:00\",\"dateModified\":\"2023-01-10T14:44:58+00:00\",\"mainEntityOfPage\":{\"@id\":\"https:\\\/\\\/diariofemenino.com.ar\\\/df\\\/10-libros-feministas-para-leer-en-verano\\\/\"},\"wordCount\":1686,\"commentCount\":0,\"publisher\":{\"@id\":\"https:\\\/\\\/diariofemenino.com.ar\\\/df\\\/#organization\"},\"image\":{\"@id\":\"https:\\\/\\\/diariofemenino.com.ar\\\/df\\\/10-libros-feministas-para-leer-en-verano\\\/#primaryimage\"},\"thumbnailUrl\":\"https:\\\/\\\/diariofemenino.com.ar\\\/df\\\/wp-content\\\/uploads\\\/2023\\\/01\\\/WhatsApp-Image-2023-01-10-at-10.45.26.jpeg\",\"keywords\":[\"Destacada\",\"Empoderamiento\",\"Feminismo\",\"Lectura\",\"Libros\",\"Marinelli\",\"Placer\",\"Sexo\",\"Verano\"],\"articleSection\":[\"Actividades\",\"Agenda Feminista\",\"Art\u00edculos y Comunicados\",\"Biblioteca Virtual\"],\"inLanguage\":\"es\",\"potentialAction\":[{\"@type\":\"CommentAction\",\"name\":\"Comment\",\"target\":[\"https:\\\/\\\/diariofemenino.com.ar\\\/df\\\/10-libros-feministas-para-leer-en-verano\\\/#respond\"]}]},{\"@type\":\"WebPage\",\"@id\":\"https:\\\/\\\/diariofemenino.com.ar\\\/df\\\/10-libros-feministas-para-leer-en-verano\\\/\",\"url\":\"https:\\\/\\\/diariofemenino.com.ar\\\/df\\\/10-libros-feministas-para-leer-en-verano\\\/\",\"name\":\"10 libros feministas para leer en verano - Diario Digital Femenino\",\"isPartOf\":{\"@id\":\"https:\\\/\\\/diariofemenino.com.ar\\\/df\\\/#website\"},\"primaryImageOfPage\":{\"@id\":\"https:\\\/\\\/diariofemenino.com.ar\\\/df\\\/10-libros-feministas-para-leer-en-verano\\\/#primaryimage\"},\"image\":{\"@id\":\"https:\\\/\\\/diariofemenino.com.ar\\\/df\\\/10-libros-feministas-para-leer-en-verano\\\/#primaryimage\"},\"thumbnailUrl\":\"https:\\\/\\\/diariofemenino.com.ar\\\/df\\\/wp-content\\\/uploads\\\/2023\\\/01\\\/WhatsApp-Image-2023-01-10-at-10.45.26.jpeg\",\"datePublished\":\"2023-01-10T14:29:30+00:00\",\"dateModified\":\"2023-01-10T14:44:58+00:00\",\"description\":\"10 libros feministas. La librer\u00eda Marinelli nos ofrece, en esta oportunidad, el listado de los diez libros m\u00e1s vendidos en las \u00faltimas semanas.\",\"breadcrumb\":{\"@id\":\"https:\\\/\\\/diariofemenino.com.ar\\\/df\\\/10-libros-feministas-para-leer-en-verano\\\/#breadcrumb\"},\"inLanguage\":\"es\",\"potentialAction\":[{\"@type\":\"ReadAction\",\"target\":[\"https:\\\/\\\/diariofemenino.com.ar\\\/df\\\/10-libros-feministas-para-leer-en-verano\\\/\"]}]},{\"@type\":\"ImageObject\",\"inLanguage\":\"es\",\"@id\":\"https:\\\/\\\/diariofemenino.com.ar\\\/df\\\/10-libros-feministas-para-leer-en-verano\\\/#primaryimage\",\"url\":\"https:\\\/\\\/diariofemenino.com.ar\\\/df\\\/wp-content\\\/uploads\\\/2023\\\/01\\\/WhatsApp-Image-2023-01-10-at-10.45.26.jpeg\",\"contentUrl\":\"https:\\\/\\\/diariofemenino.com.ar\\\/df\\\/wp-content\\\/uploads\\\/2023\\\/01\\\/WhatsApp-Image-2023-01-10-at-10.45.26.jpeg\",\"width\":1280,\"height\":640,\"caption\":\"10 libros feministas para leer en verano\"},{\"@type\":\"BreadcrumbList\",\"@id\":\"https:\\\/\\\/diariofemenino.com.ar\\\/df\\\/10-libros-feministas-para-leer-en-verano\\\/#breadcrumb\",\"itemListElement\":[{\"@type\":\"ListItem\",\"position\":1,\"name\":\"Portada\",\"item\":\"https:\\\/\\\/diariofemenino.com.ar\\\/df\\\/\"},{\"@type\":\"ListItem\",\"position\":2,\"name\":\"10 libros feministas para leer en verano\"}]},{\"@type\":\"WebSite\",\"@id\":\"https:\\\/\\\/diariofemenino.com.ar\\\/df\\\/#website\",\"url\":\"https:\\\/\\\/diariofemenino.com.ar\\\/df\\\/\",\"name\":\"Diario Digital Femenino\",\"description\":\"Cuesti\u00f3n de G\u00e9nero\",\"publisher\":{\"@id\":\"https:\\\/\\\/diariofemenino.com.ar\\\/df\\\/#organization\"},\"potentialAction\":[{\"@type\":\"SearchAction\",\"target\":{\"@type\":\"EntryPoint\",\"urlTemplate\":\"https:\\\/\\\/diariofemenino.com.ar\\\/df\\\/?s={search_term_string}\"},\"query-input\":{\"@type\":\"PropertyValueSpecification\",\"valueRequired\":true,\"valueName\":\"search_term_string\"}}],\"inLanguage\":\"es\"},{\"@type\":\"Organization\",\"@id\":\"https:\\\/\\\/diariofemenino.com.ar\\\/df\\\/#organization\",\"name\":\"Diario Femenino\",\"url\":\"https:\\\/\\\/diariofemenino.com.ar\\\/df\\\/\",\"logo\":{\"@type\":\"ImageObject\",\"inLanguage\":\"es\",\"@id\":\"https:\\\/\\\/diariofemenino.com.ar\\\/df\\\/#\\\/schema\\\/logo\\\/image\\\/\",\"url\":\"https:\\\/\\\/diariofemenino.com.ar\\\/df\\\/wp-content\\\/uploads\\\/2018\\\/10\\\/logo.png\",\"contentUrl\":\"https:\\\/\\\/diariofemenino.com.ar\\\/df\\\/wp-content\\\/uploads\\\/2018\\\/10\\\/logo.png\",\"width\":500,\"height\":92,\"caption\":\"Diario Femenino\"},\"image\":{\"@id\":\"https:\\\/\\\/diariofemenino.com.ar\\\/df\\\/#\\\/schema\\\/logo\\\/image\\\/\"},\"sameAs\":[\"https:\\\/\\\/www.facebook.com\\\/DiarioDigitaFemenino\\\/\",\"https:\\\/\\\/x.com\\\/DiarioFemenino1\"]},{\"@type\":\"Person\",\"@id\":\"https:\\\/\\\/diariofemenino.com.ar\\\/df\\\/#\\\/schema\\\/person\\\/bf6199e8158c657ea6f789b11ec85509\",\"name\":\"Admin\",\"image\":{\"@type\":\"ImageObject\",\"inLanguage\":\"es\",\"@id\":\"https:\\\/\\\/diariofemenino.com.ar\\\/df\\\/wp-content\\\/uploads\\\/2018\\\/12\\\/favicon-150x150.jpg\",\"url\":\"https:\\\/\\\/diariofemenino.com.ar\\\/df\\\/wp-content\\\/uploads\\\/2018\\\/12\\\/favicon-150x150.jpg\",\"contentUrl\":\"https:\\\/\\\/diariofemenino.com.ar\\\/df\\\/wp-content\\\/uploads\\\/2018\\\/12\\\/favicon-150x150.jpg\",\"caption\":\"Admin\"},\"url\":\"https:\\\/\\\/diariofemenino.com.ar\\\/df\\\/author\\\/lenny\\\/\"}]}<\/script>\n<!-- \/ Yoast SEO plugin. -->","yoast_head_json":{"title":"10 libros feministas para leer en verano - Diario Digital Femenino","description":"10 libros feministas. La librer\u00eda Marinelli nos ofrece, en esta oportunidad, el listado de los diez libros m\u00e1s vendidos en las \u00faltimas semanas.","robots":{"index":"index","follow":"follow","max-snippet":"max-snippet:-1","max-image-preview":"max-image-preview:large","max-video-preview":"max-video-preview:-1"},"canonical":"https:\/\/diariofemenino.com.ar\/df\/10-libros-feministas-para-leer-en-verano\/","og_locale":"es_ES","og_type":"article","og_title":"10 libros feministas para leer en verano - Diario Digital Femenino","og_description":"10 libros feministas. La librer\u00eda Marinelli nos ofrece, en esta oportunidad, el listado de los diez libros m\u00e1s vendidos en las \u00faltimas semanas.","og_url":"https:\/\/diariofemenino.com.ar\/df\/10-libros-feministas-para-leer-en-verano\/","og_site_name":"Diario Digital Femenino","article_publisher":"https:\/\/www.facebook.com\/DiarioDigitaFemenino\/","article_published_time":"2023-01-10T14:29:30+00:00","article_modified_time":"2023-01-10T14:44:58+00:00","og_image":[{"width":1280,"height":640,"url":"https:\/\/diariofemenino.com.ar\/df\/wp-content\/uploads\/2023\/01\/WhatsApp-Image-2023-01-10-at-10.45.26.jpeg","type":"image\/jpeg"}],"author":"Admin","twitter_card":"summary_large_image","twitter_creator":"@DiarioFemenino1","twitter_site":"@DiarioFemenino1","twitter_misc":{"Escrito por":"Admin","Tiempo de lectura":"8 minutos"},"schema":{"@context":"https:\/\/schema.org","@graph":[{"@type":"Article","@id":"https:\/\/diariofemenino.com.ar\/df\/10-libros-feministas-para-leer-en-verano\/#article","isPartOf":{"@id":"https:\/\/diariofemenino.com.ar\/df\/10-libros-feministas-para-leer-en-verano\/"},"author":{"name":"Admin","@id":"https:\/\/diariofemenino.com.ar\/df\/#\/schema\/person\/bf6199e8158c657ea6f789b11ec85509"},"headline":"10 libros feministas para leer en verano","datePublished":"2023-01-10T14:29:30+00:00","dateModified":"2023-01-10T14:44:58+00:00","mainEntityOfPage":{"@id":"https:\/\/diariofemenino.com.ar\/df\/10-libros-feministas-para-leer-en-verano\/"},"wordCount":1686,"commentCount":0,"publisher":{"@id":"https:\/\/diariofemenino.com.ar\/df\/#organization"},"image":{"@id":"https:\/\/diariofemenino.com.ar\/df\/10-libros-feministas-para-leer-en-verano\/#primaryimage"},"thumbnailUrl":"https:\/\/diariofemenino.com.ar\/df\/wp-content\/uploads\/2023\/01\/WhatsApp-Image-2023-01-10-at-10.45.26.jpeg","keywords":["Destacada","Empoderamiento","Feminismo","Lectura","Libros","Marinelli","Placer","Sexo","Verano"],"articleSection":["Actividades","Agenda Feminista","Art\u00edculos y Comunicados","Biblioteca Virtual"],"inLanguage":"es","potentialAction":[{"@type":"CommentAction","name":"Comment","target":["https:\/\/diariofemenino.com.ar\/df\/10-libros-feministas-para-leer-en-verano\/#respond"]}]},{"@type":"WebPage","@id":"https:\/\/diariofemenino.com.ar\/df\/10-libros-feministas-para-leer-en-verano\/","url":"https:\/\/diariofemenino.com.ar\/df\/10-libros-feministas-para-leer-en-verano\/","name":"10 libros feministas para leer en verano - Diario Digital Femenino","isPartOf":{"@id":"https:\/\/diariofemenino.com.ar\/df\/#website"},"primaryImageOfPage":{"@id":"https:\/\/diariofemenino.com.ar\/df\/10-libros-feministas-para-leer-en-verano\/#primaryimage"},"image":{"@id":"https:\/\/diariofemenino.com.ar\/df\/10-libros-feministas-para-leer-en-verano\/#primaryimage"},"thumbnailUrl":"https:\/\/diariofemenino.com.ar\/df\/wp-content\/uploads\/2023\/01\/WhatsApp-Image-2023-01-10-at-10.45.26.jpeg","datePublished":"2023-01-10T14:29:30+00:00","dateModified":"2023-01-10T14:44:58+00:00","description":"10 libros feministas. La librer\u00eda Marinelli nos ofrece, en esta oportunidad, el listado de los diez libros m\u00e1s vendidos en las \u00faltimas semanas.","breadcrumb":{"@id":"https:\/\/diariofemenino.com.ar\/df\/10-libros-feministas-para-leer-en-verano\/#breadcrumb"},"inLanguage":"es","potentialAction":[{"@type":"ReadAction","target":["https:\/\/diariofemenino.com.ar\/df\/10-libros-feministas-para-leer-en-verano\/"]}]},{"@type":"ImageObject","inLanguage":"es","@id":"https:\/\/diariofemenino.com.ar\/df\/10-libros-feministas-para-leer-en-verano\/#primaryimage","url":"https:\/\/diariofemenino.com.ar\/df\/wp-content\/uploads\/2023\/01\/WhatsApp-Image-2023-01-10-at-10.45.26.jpeg","contentUrl":"https:\/\/diariofemenino.com.ar\/df\/wp-content\/uploads\/2023\/01\/WhatsApp-Image-2023-01-10-at-10.45.26.jpeg","width":1280,"height":640,"caption":"10 libros feministas para leer en verano"},{"@type":"BreadcrumbList","@id":"https:\/\/diariofemenino.com.ar\/df\/10-libros-feministas-para-leer-en-verano\/#breadcrumb","itemListElement":[{"@type":"ListItem","position":1,"name":"Portada","item":"https:\/\/diariofemenino.com.ar\/df\/"},{"@type":"ListItem","position":2,"name":"10 libros feministas para leer en verano"}]},{"@type":"WebSite","@id":"https:\/\/diariofemenino.com.ar\/df\/#website","url":"https:\/\/diariofemenino.com.ar\/df\/","name":"Diario Digital Femenino","description":"Cuesti\u00f3n de G\u00e9nero","publisher":{"@id":"https:\/\/diariofemenino.com.ar\/df\/#organization"},"potentialAction":[{"@type":"SearchAction","target":{"@type":"EntryPoint","urlTemplate":"https:\/\/diariofemenino.com.ar\/df\/?s={search_term_string}"},"query-input":{"@type":"PropertyValueSpecification","valueRequired":true,"valueName":"search_term_string"}}],"inLanguage":"es"},{"@type":"Organization","@id":"https:\/\/diariofemenino.com.ar\/df\/#organization","name":"Diario Femenino","url":"https:\/\/diariofemenino.com.ar\/df\/","logo":{"@type":"ImageObject","inLanguage":"es","@id":"https:\/\/diariofemenino.com.ar\/df\/#\/schema\/logo\/image\/","url":"https:\/\/diariofemenino.com.ar\/df\/wp-content\/uploads\/2018\/10\/logo.png","contentUrl":"https:\/\/diariofemenino.com.ar\/df\/wp-content\/uploads\/2018\/10\/logo.png","width":500,"height":92,"caption":"Diario Femenino"},"image":{"@id":"https:\/\/diariofemenino.com.ar\/df\/#\/schema\/logo\/image\/"},"sameAs":["https:\/\/www.facebook.com\/DiarioDigitaFemenino\/","https:\/\/x.com\/DiarioFemenino1"]},{"@type":"Person","@id":"https:\/\/diariofemenino.com.ar\/df\/#\/schema\/person\/bf6199e8158c657ea6f789b11ec85509","name":"Admin","image":{"@type":"ImageObject","inLanguage":"es","@id":"https:\/\/diariofemenino.com.ar\/df\/wp-content\/uploads\/2018\/12\/favicon-150x150.jpg","url":"https:\/\/diariofemenino.com.ar\/df\/wp-content\/uploads\/2018\/12\/favicon-150x150.jpg","contentUrl":"https:\/\/diariofemenino.com.ar\/df\/wp-content\/uploads\/2018\/12\/favicon-150x150.jpg","caption":"Admin"},"url":"https:\/\/diariofemenino.com.ar\/df\/author\/lenny\/"}]}},"jetpack_featured_media_url":"https:\/\/diariofemenino.com.ar\/df\/wp-content\/uploads\/2023\/01\/WhatsApp-Image-2023-01-10-at-10.45.26.jpeg","jetpack_sharing_enabled":true,"rttpg_featured_image_url":{"full":["https:\/\/diariofemenino.com.ar\/df\/wp-content\/uploads\/2023\/01\/WhatsApp-Image-2023-01-10-at-10.45.26.jpeg",1280,640,false],"landscape":["https:\/\/diariofemenino.com.ar\/df\/wp-content\/uploads\/2023\/01\/WhatsApp-Image-2023-01-10-at-10.45.26.jpeg",1280,640,false],"portraits":["https:\/\/diariofemenino.com.ar\/df\/wp-content\/uploads\/2023\/01\/WhatsApp-Image-2023-01-10-at-10.45.26.jpeg",1280,640,false],"thumbnail":["https:\/\/diariofemenino.com.ar\/df\/wp-content\/uploads\/2023\/01\/WhatsApp-Image-2023-01-10-at-10.45.26-150x150.jpeg",150,150,true],"medium":["https:\/\/diariofemenino.com.ar\/df\/wp-content\/uploads\/2023\/01\/WhatsApp-Image-2023-01-10-at-10.45.26-300x150.jpeg",300,150,true],"large":["https:\/\/diariofemenino.com.ar\/df\/wp-content\/uploads\/2023\/01\/WhatsApp-Image-2023-01-10-at-10.45.26-1024x512.jpeg",1024,512,true],"1536x1536":["https:\/\/diariofemenino.com.ar\/df\/wp-content\/uploads\/2023\/01\/WhatsApp-Image-2023-01-10-at-10.45.26.jpeg",1280,640,false],"2048x2048":["https:\/\/diariofemenino.com.ar\/df\/wp-content\/uploads\/2023\/01\/WhatsApp-Image-2023-01-10-at-10.45.26.jpeg",1280,640,false]},"rttpg_author":{"display_name":"Admin","author_link":"https:\/\/diariofemenino.com.ar\/df\/author\/lenny\/"},"rttpg_comment":0,"rttpg_category":"<a href=\"https:\/\/diariofemenino.com.ar\/df\/category\/actividades\/\" rel=\"category tag\">Actividades<\/a> <a href=\"https:\/\/diariofemenino.com.ar\/df\/category\/agenda-feminista\/\" rel=\"category tag\">Agenda Feminista<\/a> <a href=\"https:\/\/diariofemenino.com.ar\/df\/category\/articulos-y-comunicados\/\" rel=\"category tag\">Art\u00edculos y Comunicados<\/a> <a href=\"https:\/\/diariofemenino.com.ar\/df\/category\/biblioteca\/\" rel=\"category tag\">Biblioteca Virtual<\/a>","rttpg_excerpt":"La librer\u00eda Marinelli de Santa Rosa nos ofrece, en esta oportunidad, el listado de los diez libros m\u00e1s vendidos en las \u00faltimas semanas. En La Pampa, los tres primeros puestos son para Mar\u00eda Florencia Freijo con: Decididas. Amor sexo y dinero, (Mal)Educadas y Solas (aun acompa\u00f1adas). Siguen en el listado: Brota, de Guillermina Lopata; Un&hellip;","_links":{"self":[{"href":"https:\/\/diariofemenino.com.ar\/df\/wp-json\/wp\/v2\/posts\/67484","targetHints":{"allow":["GET"]}}],"collection":[{"href":"https:\/\/diariofemenino.com.ar\/df\/wp-json\/wp\/v2\/posts"}],"about":[{"href":"https:\/\/diariofemenino.com.ar\/df\/wp-json\/wp\/v2\/types\/post"}],"author":[{"embeddable":true,"href":"https:\/\/diariofemenino.com.ar\/df\/wp-json\/wp\/v2\/users\/4"}],"replies":[{"embeddable":true,"href":"https:\/\/diariofemenino.com.ar\/df\/wp-json\/wp\/v2\/comments?post=67484"}],"version-history":[{"count":0,"href":"https:\/\/diariofemenino.com.ar\/df\/wp-json\/wp\/v2\/posts\/67484\/revisions"}],"wp:featuredmedia":[{"embeddable":true,"href":"https:\/\/diariofemenino.com.ar\/df\/wp-json\/wp\/v2\/media\/67485"}],"wp:attachment":[{"href":"https:\/\/diariofemenino.com.ar\/df\/wp-json\/wp\/v2\/media?parent=67484"}],"wp:term":[{"taxonomy":"category","embeddable":true,"href":"https:\/\/diariofemenino.com.ar\/df\/wp-json\/wp\/v2\/categories?post=67484"},{"taxonomy":"post_tag","embeddable":true,"href":"https:\/\/diariofemenino.com.ar\/df\/wp-json\/wp\/v2\/tags?post=67484"}],"curies":[{"name":"wp","href":"https:\/\/api.w.org\/{rel}","templated":true}]}}