{"id":67423,"date":"2022-12-12T16:14:31","date_gmt":"2022-12-12T19:14:31","guid":{"rendered":"https:\/\/diariofemenino.com.ar\/df\/?p=67423"},"modified":"2022-12-12T16:14:31","modified_gmt":"2022-12-12T19:14:31","slug":"uriburu-proponen-una-calle-rita-segato","status":"publish","type":"post","link":"https:\/\/diariofemenino.com.ar\/df\/uriburu-proponen-una-calle-rita-segato\/","title":{"rendered":"Uriburu: proponen una calle Rita Segato"},"content":{"rendered":"<p>Con motivo de celebraci\u00f3n de los 128 a\u00f1os de Uriburu, la escritora y antrop\u00f3loga Rita Segato llegar\u00e1 a <a href=\"https:\/\/es.wikipedia.org\/wiki\/Jos%C3%A9_F%C3%A9lix_Uriburu\">Uriburu<\/a> para presentar toda su obra literaria en <a href=\"https:\/\/municipalidaddeuriburu.gob.ar\/ojo-de-agua\/\">Ojo de Agua<\/a>. La familia de la militante feminista vivi\u00f3 en la localidad, sobre la calle Bartolom\u00e9 Mitre. Ma\u00f1ana, el Ejecutivo municipal presentar\u00e1 un proyecto para que esa arteria lleve el nombre de Rita Segato.<\/p>\n<p>Las actividades por el aniversario de la localidad son m\u00faltiples, comenzar\u00e1n el 14 y se extender\u00e1n hasta el 19, con la presencia de Rita Segato, quien seg\u00fan el intendente Pascual Fern\u00e1ndez, \u00abtiene un apego muy grande a este lugar\u00bb. Cabe recordar que su familia vivi\u00f3 en Uriburu, su abuelo Salvatore Cardone fue el primer panadero del pueblo y su madre Elsa Frigerio fue \u00abuna mujer de gran ideario feminista, much\u00edsimo m\u00e1s radical que yo. Era muy cabeza dura, terca, muy pampeana\u00bb. Esas fueron las palabras que utiliz\u00f3 Segato durante una entrevista en Radio Noticias hace dos a\u00f1os.<\/p>\n<figure id=\"attachment_67424\" aria-describedby=\"caption-attachment-67424\" style=\"width: 696px\" class=\"wp-caption aligncenter\"><img loading=\"lazy\" decoding=\"async\" class=\"size-full wp-image-67424\" src=\"https:\/\/diariofemenino.com.ar\/df\/wp-content\/uploads\/2022\/12\/1628683417130.jpg\" alt=\"Uriburu: proponen una calle Rita Segato\" width=\"696\" height=\"463\" srcset=\"https:\/\/diariofemenino.com.ar\/df\/wp-content\/uploads\/2022\/12\/1628683417130.jpg 696w, https:\/\/diariofemenino.com.ar\/df\/wp-content\/uploads\/2022\/12\/1628683417130-300x200.jpg 300w\" sizes=\"auto, (max-width: 696px) 100vw, 696px\" \/><figcaption id=\"caption-attachment-67424\" class=\"wp-caption-text\">Uriburu: proponen una calle Rita Segato<\/figcaption><\/figure>\n<p>La casa familiar, ubicada en la intersecci\u00f3n de las calles Mitre y Espa\u00f1a, iba a ser comprada por la Municipalidad para transformarla en un espacio cultural. \u00abPor un conflicto familiar entre los propietarios no pudimos concretarlo\u00bb, <a href=\"https:\/\/diariofemenino.com.ar\/df\/casa-de-la-cultura-feminista\/\">lament\u00f3<\/a> Fern\u00e1ndez en di\u00e1logo con LA ARENA.<\/p>\n<p>Presentaci\u00f3n.<\/p>\n<p>La relaci\u00f3n de afinidad entre la escritora feminista y el intendente permiti\u00f3 organizar la actividad que se desarrollar\u00e1 el lunes 19 a las 19:30 en el Ojo de Agua. Rita Segato presentar\u00e1 toda su colecci\u00f3n literaria junto a su pareja, el reconocido m\u00fasico Tukuta Gordillo, y el editor de Prometeo, Ra\u00fal Carioli.<\/p>\n<p>\u00abCada vez que est\u00e1 en la Pampa o anda cerca viene a Uriburu. Me dijo que iba a venir y junto a secretaria de Cultura, Adriana Maggio, y la secretaria de la Mujer, Liliana Robledo, organizamos la jornada, que ser\u00e1 gratuita\u00bb, explic\u00f3.<\/p>\n<p>En relaci\u00f3n a ello, ma\u00f1ana el Ejecutivo municipal presentar\u00e1 un proyecto al Concejo Deliberante para que la calle Bartolom\u00e9 Mitre pase a llamarse Rita Segato. \u00ab<strong>Es todo un detalle porque ninguna calle de Uriburu tiene nombre de mujer<\/strong> y tiene una connotaci\u00f3n especial porque es la calle que pasa por delante de la casa y panader\u00eda de sus ancestros\u00bb, a\u00f1adi\u00f3. De aprobarse, el cartel ser\u00eda inaugurado ese mismo lunes 19 junto a la homenajeada. (<a href=\"https:\/\/www.laarena.com.ar\/la-pampa\/uriburu-proponen-una-calle-rita-segato-202212120280\">La Arena<\/a>)<\/p>\n","protected":false},"excerpt":{"rendered":"<p>Con motivo de celebraci\u00f3n de los 128 a\u00f1os de Uriburu, la escritora y antrop\u00f3loga Rita Segato llegar\u00e1 a Uriburu para presentar toda su obra literaria en Ojo de Agua. La familia de la militante feminista vivi\u00f3 en la localidad, sobre la calle Bartolom\u00e9 Mitre. Ma\u00f1ana, el Ejecutivo municipal presentar\u00e1 un proyecto para que esa arteria [&hellip;]<\/p>\n","protected":false},"author":4,"featured_media":67425,"comment_status":"open","ping_status":"open","sticky":false,"template":"","format":"standard","meta":{"iawp_total_views":20,"footnotes":""},"categories":[7,1067,627,5,1251,21],"tags":[5656,4372,3819,5657,281,2818],"class_list":["post-67423","post","type-post","status-publish","format-standard","has-post-thumbnail","hentry","category-actividades","category-agenda-feminista","category-genero-y-derechos-humanos","category-historias-de-vida","category-mujeres-de-la-pampa","category-noticias","tag-calle","tag-destacada","tag-homenaje","tag-ojo-de-agua","tag-rita-segato","tag-uriburu"],"nelio_content":{"autoShareEndMode":"never","automationSources":{"useCustomSentences":false,"customSentences":[]},"efiAlt":"","efiUrl":"","followers":[4],"highlights":[],"isAutoShareEnabled":true,"networkImageIds":[],"permalinkQueryArgs":[],"series":[],"suggestedReferences":[]},"yoast_head":"<!-- This site is optimized with the Yoast SEO plugin v27.5 - https:\/\/yoast.com\/product\/yoast-seo-wordpress\/ -->\n<title>Uriburu: proponen una calle Rita Segato - Diario Digital Femenino<\/title>\n<meta name=\"description\" content=\"Uriburu\" \/>\n<meta name=\"robots\" content=\"index, follow, max-snippet:-1, max-image-preview:large, max-video-preview:-1\" \/>\n<link rel=\"canonical\" href=\"https:\/\/diariofemenino.com.ar\/df\/uriburu-proponen-una-calle-rita-segato\/\" \/>\n<meta property=\"og:locale\" content=\"es_ES\" \/>\n<meta property=\"og:type\" content=\"article\" \/>\n<meta property=\"og:title\" content=\"Uriburu: proponen una calle Rita Segato - Diario Digital Femenino\" \/>\n<meta property=\"og:description\" content=\"Uriburu\" \/>\n<meta property=\"og:url\" content=\"https:\/\/diariofemenino.com.ar\/df\/uriburu-proponen-una-calle-rita-segato\/\" \/>\n<meta property=\"og:site_name\" content=\"Diario Digital Femenino\" \/>\n<meta property=\"article:publisher\" content=\"https:\/\/www.facebook.com\/DiarioDigitaFemenino\/\" \/>\n<meta property=\"article:published_time\" content=\"2022-12-12T19:14:31+00:00\" \/>\n<meta property=\"og:image\" content=\"https:\/\/diariofemenino.com.ar\/df\/wp-content\/uploads\/2022\/12\/1670815960086.jpg\" \/>\n\t<meta property=\"og:image:width\" content=\"1121\" \/>\n\t<meta property=\"og:image:height\" content=\"633\" \/>\n\t<meta property=\"og:image:type\" content=\"image\/jpeg\" \/>\n<meta name=\"author\" content=\"Admin\" \/>\n<meta name=\"twitter:card\" content=\"summary_large_image\" \/>\n<meta name=\"twitter:creator\" content=\"@DiarioFemenino1\" \/>\n<meta name=\"twitter:site\" content=\"@DiarioFemenino1\" \/>\n<meta name=\"twitter:label1\" content=\"Escrito por\" \/>\n\t<meta name=\"twitter:data1\" content=\"Admin\" \/>\n\t<meta name=\"twitter:label2\" content=\"Tiempo de lectura\" \/>\n\t<meta name=\"twitter:data2\" content=\"2 minutos\" \/>\n<script type=\"application\/ld+json\" class=\"yoast-schema-graph\">{\"@context\":\"https:\\\/\\\/schema.org\",\"@graph\":[{\"@type\":\"Article\",\"@id\":\"https:\\\/\\\/diariofemenino.com.ar\\\/df\\\/uriburu-proponen-una-calle-rita-segato\\\/#article\",\"isPartOf\":{\"@id\":\"https:\\\/\\\/diariofemenino.com.ar\\\/df\\\/uriburu-proponen-una-calle-rita-segato\\\/\"},\"author\":{\"name\":\"Admin\",\"@id\":\"https:\\\/\\\/diariofemenino.com.ar\\\/df\\\/#\\\/schema\\\/person\\\/bf6199e8158c657ea6f789b11ec85509\"},\"headline\":\"Uriburu: proponen una calle Rita Segato\",\"datePublished\":\"2022-12-12T19:14:31+00:00\",\"mainEntityOfPage\":{\"@id\":\"https:\\\/\\\/diariofemenino.com.ar\\\/df\\\/uriburu-proponen-una-calle-rita-segato\\\/\"},\"wordCount\":412,\"commentCount\":0,\"publisher\":{\"@id\":\"https:\\\/\\\/diariofemenino.com.ar\\\/df\\\/#organization\"},\"image\":{\"@id\":\"https:\\\/\\\/diariofemenino.com.ar\\\/df\\\/uriburu-proponen-una-calle-rita-segato\\\/#primaryimage\"},\"thumbnailUrl\":\"https:\\\/\\\/diariofemenino.com.ar\\\/df\\\/wp-content\\\/uploads\\\/2022\\\/12\\\/1670815960086.jpg\",\"keywords\":[\"Calle\",\"Destacada\",\"Homenaje\",\"Ojo de Agua\",\"Rita Segato\",\"Uriburu\"],\"articleSection\":[\"Actividades\",\"Agenda Feminista\",\"G\u00e9nero y Derechos Humanos\",\"Historias de vida\",\"Mujeres de La Pampa\",\"Noticias\"],\"inLanguage\":\"es\",\"potentialAction\":[{\"@type\":\"CommentAction\",\"name\":\"Comment\",\"target\":[\"https:\\\/\\\/diariofemenino.com.ar\\\/df\\\/uriburu-proponen-una-calle-rita-segato\\\/#respond\"]}]},{\"@type\":\"WebPage\",\"@id\":\"https:\\\/\\\/diariofemenino.com.ar\\\/df\\\/uriburu-proponen-una-calle-rita-segato\\\/\",\"url\":\"https:\\\/\\\/diariofemenino.com.ar\\\/df\\\/uriburu-proponen-una-calle-rita-segato\\\/\",\"name\":\"Uriburu: proponen una calle Rita Segato - Diario Digital Femenino\",\"isPartOf\":{\"@id\":\"https:\\\/\\\/diariofemenino.com.ar\\\/df\\\/#website\"},\"primaryImageOfPage\":{\"@id\":\"https:\\\/\\\/diariofemenino.com.ar\\\/df\\\/uriburu-proponen-una-calle-rita-segato\\\/#primaryimage\"},\"image\":{\"@id\":\"https:\\\/\\\/diariofemenino.com.ar\\\/df\\\/uriburu-proponen-una-calle-rita-segato\\\/#primaryimage\"},\"thumbnailUrl\":\"https:\\\/\\\/diariofemenino.com.ar\\\/df\\\/wp-content\\\/uploads\\\/2022\\\/12\\\/1670815960086.jpg\",\"datePublished\":\"2022-12-12T19:14:31+00:00\",\"description\":\"Uriburu\",\"breadcrumb\":{\"@id\":\"https:\\\/\\\/diariofemenino.com.ar\\\/df\\\/uriburu-proponen-una-calle-rita-segato\\\/#breadcrumb\"},\"inLanguage\":\"es\",\"potentialAction\":[{\"@type\":\"ReadAction\",\"target\":[\"https:\\\/\\\/diariofemenino.com.ar\\\/df\\\/uriburu-proponen-una-calle-rita-segato\\\/\"]}]},{\"@type\":\"ImageObject\",\"inLanguage\":\"es\",\"@id\":\"https:\\\/\\\/diariofemenino.com.ar\\\/df\\\/uriburu-proponen-una-calle-rita-segato\\\/#primaryimage\",\"url\":\"https:\\\/\\\/diariofemenino.com.ar\\\/df\\\/wp-content\\\/uploads\\\/2022\\\/12\\\/1670815960086.jpg\",\"contentUrl\":\"https:\\\/\\\/diariofemenino.com.ar\\\/df\\\/wp-content\\\/uploads\\\/2022\\\/12\\\/1670815960086.jpg\",\"width\":1121,\"height\":633,\"caption\":\"Uriburu: proponen una calle Rita Segato\"},{\"@type\":\"BreadcrumbList\",\"@id\":\"https:\\\/\\\/diariofemenino.com.ar\\\/df\\\/uriburu-proponen-una-calle-rita-segato\\\/#breadcrumb\",\"itemListElement\":[{\"@type\":\"ListItem\",\"position\":1,\"name\":\"Portada\",\"item\":\"https:\\\/\\\/diariofemenino.com.ar\\\/df\\\/\"},{\"@type\":\"ListItem\",\"position\":2,\"name\":\"Uriburu: proponen una calle Rita Segato\"}]},{\"@type\":\"WebSite\",\"@id\":\"https:\\\/\\\/diariofemenino.com.ar\\\/df\\\/#website\",\"url\":\"https:\\\/\\\/diariofemenino.com.ar\\\/df\\\/\",\"name\":\"Diario Digital Femenino\",\"description\":\"Cuesti\u00f3n de G\u00e9nero\",\"publisher\":{\"@id\":\"https:\\\/\\\/diariofemenino.com.ar\\\/df\\\/#organization\"},\"potentialAction\":[{\"@type\":\"SearchAction\",\"target\":{\"@type\":\"EntryPoint\",\"urlTemplate\":\"https:\\\/\\\/diariofemenino.com.ar\\\/df\\\/?s={search_term_string}\"},\"query-input\":{\"@type\":\"PropertyValueSpecification\",\"valueRequired\":true,\"valueName\":\"search_term_string\"}}],\"inLanguage\":\"es\"},{\"@type\":\"Organization\",\"@id\":\"https:\\\/\\\/diariofemenino.com.ar\\\/df\\\/#organization\",\"name\":\"Diario Femenino\",\"url\":\"https:\\\/\\\/diariofemenino.com.ar\\\/df\\\/\",\"logo\":{\"@type\":\"ImageObject\",\"inLanguage\":\"es\",\"@id\":\"https:\\\/\\\/diariofemenino.com.ar\\\/df\\\/#\\\/schema\\\/logo\\\/image\\\/\",\"url\":\"https:\\\/\\\/diariofemenino.com.ar\\\/df\\\/wp-content\\\/uploads\\\/2018\\\/10\\\/logo.png\",\"contentUrl\":\"https:\\\/\\\/diariofemenino.com.ar\\\/df\\\/wp-content\\\/uploads\\\/2018\\\/10\\\/logo.png\",\"width\":500,\"height\":92,\"caption\":\"Diario Femenino\"},\"image\":{\"@id\":\"https:\\\/\\\/diariofemenino.com.ar\\\/df\\\/#\\\/schema\\\/logo\\\/image\\\/\"},\"sameAs\":[\"https:\\\/\\\/www.facebook.com\\\/DiarioDigitaFemenino\\\/\",\"https:\\\/\\\/x.com\\\/DiarioFemenino1\"]},{\"@type\":\"Person\",\"@id\":\"https:\\\/\\\/diariofemenino.com.ar\\\/df\\\/#\\\/schema\\\/person\\\/bf6199e8158c657ea6f789b11ec85509\",\"name\":\"Admin\",\"image\":{\"@type\":\"ImageObject\",\"inLanguage\":\"es\",\"@id\":\"https:\\\/\\\/diariofemenino.com.ar\\\/df\\\/wp-content\\\/uploads\\\/2018\\\/12\\\/favicon-150x150.jpg\",\"url\":\"https:\\\/\\\/diariofemenino.com.ar\\\/df\\\/wp-content\\\/uploads\\\/2018\\\/12\\\/favicon-150x150.jpg\",\"contentUrl\":\"https:\\\/\\\/diariofemenino.com.ar\\\/df\\\/wp-content\\\/uploads\\\/2018\\\/12\\\/favicon-150x150.jpg\",\"caption\":\"Admin\"},\"url\":\"https:\\\/\\\/diariofemenino.com.ar\\\/df\\\/author\\\/lenny\\\/\"}]}<\/script>\n<!-- \/ Yoast SEO plugin. -->","yoast_head_json":{"title":"Uriburu: proponen una calle Rita Segato - Diario Digital Femenino","description":"Uriburu","robots":{"index":"index","follow":"follow","max-snippet":"max-snippet:-1","max-image-preview":"max-image-preview:large","max-video-preview":"max-video-preview:-1"},"canonical":"https:\/\/diariofemenino.com.ar\/df\/uriburu-proponen-una-calle-rita-segato\/","og_locale":"es_ES","og_type":"article","og_title":"Uriburu: proponen una calle Rita Segato - Diario Digital Femenino","og_description":"Uriburu","og_url":"https:\/\/diariofemenino.com.ar\/df\/uriburu-proponen-una-calle-rita-segato\/","og_site_name":"Diario Digital Femenino","article_publisher":"https:\/\/www.facebook.com\/DiarioDigitaFemenino\/","article_published_time":"2022-12-12T19:14:31+00:00","og_image":[{"width":1121,"height":633,"url":"https:\/\/diariofemenino.com.ar\/df\/wp-content\/uploads\/2022\/12\/1670815960086.jpg","type":"image\/jpeg"}],"author":"Admin","twitter_card":"summary_large_image","twitter_creator":"@DiarioFemenino1","twitter_site":"@DiarioFemenino1","twitter_misc":{"Escrito por":"Admin","Tiempo de lectura":"2 minutos"},"schema":{"@context":"https:\/\/schema.org","@graph":[{"@type":"Article","@id":"https:\/\/diariofemenino.com.ar\/df\/uriburu-proponen-una-calle-rita-segato\/#article","isPartOf":{"@id":"https:\/\/diariofemenino.com.ar\/df\/uriburu-proponen-una-calle-rita-segato\/"},"author":{"name":"Admin","@id":"https:\/\/diariofemenino.com.ar\/df\/#\/schema\/person\/bf6199e8158c657ea6f789b11ec85509"},"headline":"Uriburu: proponen una calle Rita Segato","datePublished":"2022-12-12T19:14:31+00:00","mainEntityOfPage":{"@id":"https:\/\/diariofemenino.com.ar\/df\/uriburu-proponen-una-calle-rita-segato\/"},"wordCount":412,"commentCount":0,"publisher":{"@id":"https:\/\/diariofemenino.com.ar\/df\/#organization"},"image":{"@id":"https:\/\/diariofemenino.com.ar\/df\/uriburu-proponen-una-calle-rita-segato\/#primaryimage"},"thumbnailUrl":"https:\/\/diariofemenino.com.ar\/df\/wp-content\/uploads\/2022\/12\/1670815960086.jpg","keywords":["Calle","Destacada","Homenaje","Ojo de Agua","Rita Segato","Uriburu"],"articleSection":["Actividades","Agenda Feminista","G\u00e9nero y Derechos Humanos","Historias de vida","Mujeres de La Pampa","Noticias"],"inLanguage":"es","potentialAction":[{"@type":"CommentAction","name":"Comment","target":["https:\/\/diariofemenino.com.ar\/df\/uriburu-proponen-una-calle-rita-segato\/#respond"]}]},{"@type":"WebPage","@id":"https:\/\/diariofemenino.com.ar\/df\/uriburu-proponen-una-calle-rita-segato\/","url":"https:\/\/diariofemenino.com.ar\/df\/uriburu-proponen-una-calle-rita-segato\/","name":"Uriburu: proponen una calle Rita Segato - Diario Digital Femenino","isPartOf":{"@id":"https:\/\/diariofemenino.com.ar\/df\/#website"},"primaryImageOfPage":{"@id":"https:\/\/diariofemenino.com.ar\/df\/uriburu-proponen-una-calle-rita-segato\/#primaryimage"},"image":{"@id":"https:\/\/diariofemenino.com.ar\/df\/uriburu-proponen-una-calle-rita-segato\/#primaryimage"},"thumbnailUrl":"https:\/\/diariofemenino.com.ar\/df\/wp-content\/uploads\/2022\/12\/1670815960086.jpg","datePublished":"2022-12-12T19:14:31+00:00","description":"Uriburu","breadcrumb":{"@id":"https:\/\/diariofemenino.com.ar\/df\/uriburu-proponen-una-calle-rita-segato\/#breadcrumb"},"inLanguage":"es","potentialAction":[{"@type":"ReadAction","target":["https:\/\/diariofemenino.com.ar\/df\/uriburu-proponen-una-calle-rita-segato\/"]}]},{"@type":"ImageObject","inLanguage":"es","@id":"https:\/\/diariofemenino.com.ar\/df\/uriburu-proponen-una-calle-rita-segato\/#primaryimage","url":"https:\/\/diariofemenino.com.ar\/df\/wp-content\/uploads\/2022\/12\/1670815960086.jpg","contentUrl":"https:\/\/diariofemenino.com.ar\/df\/wp-content\/uploads\/2022\/12\/1670815960086.jpg","width":1121,"height":633,"caption":"Uriburu: proponen una calle Rita Segato"},{"@type":"BreadcrumbList","@id":"https:\/\/diariofemenino.com.ar\/df\/uriburu-proponen-una-calle-rita-segato\/#breadcrumb","itemListElement":[{"@type":"ListItem","position":1,"name":"Portada","item":"https:\/\/diariofemenino.com.ar\/df\/"},{"@type":"ListItem","position":2,"name":"Uriburu: proponen una calle Rita Segato"}]},{"@type":"WebSite","@id":"https:\/\/diariofemenino.com.ar\/df\/#website","url":"https:\/\/diariofemenino.com.ar\/df\/","name":"Diario Digital Femenino","description":"Cuesti\u00f3n de G\u00e9nero","publisher":{"@id":"https:\/\/diariofemenino.com.ar\/df\/#organization"},"potentialAction":[{"@type":"SearchAction","target":{"@type":"EntryPoint","urlTemplate":"https:\/\/diariofemenino.com.ar\/df\/?s={search_term_string}"},"query-input":{"@type":"PropertyValueSpecification","valueRequired":true,"valueName":"search_term_string"}}],"inLanguage":"es"},{"@type":"Organization","@id":"https:\/\/diariofemenino.com.ar\/df\/#organization","name":"Diario Femenino","url":"https:\/\/diariofemenino.com.ar\/df\/","logo":{"@type":"ImageObject","inLanguage":"es","@id":"https:\/\/diariofemenino.com.ar\/df\/#\/schema\/logo\/image\/","url":"https:\/\/diariofemenino.com.ar\/df\/wp-content\/uploads\/2018\/10\/logo.png","contentUrl":"https:\/\/diariofemenino.com.ar\/df\/wp-content\/uploads\/2018\/10\/logo.png","width":500,"height":92,"caption":"Diario Femenino"},"image":{"@id":"https:\/\/diariofemenino.com.ar\/df\/#\/schema\/logo\/image\/"},"sameAs":["https:\/\/www.facebook.com\/DiarioDigitaFemenino\/","https:\/\/x.com\/DiarioFemenino1"]},{"@type":"Person","@id":"https:\/\/diariofemenino.com.ar\/df\/#\/schema\/person\/bf6199e8158c657ea6f789b11ec85509","name":"Admin","image":{"@type":"ImageObject","inLanguage":"es","@id":"https:\/\/diariofemenino.com.ar\/df\/wp-content\/uploads\/2018\/12\/favicon-150x150.jpg","url":"https:\/\/diariofemenino.com.ar\/df\/wp-content\/uploads\/2018\/12\/favicon-150x150.jpg","contentUrl":"https:\/\/diariofemenino.com.ar\/df\/wp-content\/uploads\/2018\/12\/favicon-150x150.jpg","caption":"Admin"},"url":"https:\/\/diariofemenino.com.ar\/df\/author\/lenny\/"}]}},"jetpack_featured_media_url":"https:\/\/diariofemenino.com.ar\/df\/wp-content\/uploads\/2022\/12\/1670815960086.jpg","jetpack_sharing_enabled":true,"rttpg_featured_image_url":{"full":["https:\/\/diariofemenino.com.ar\/df\/wp-content\/uploads\/2022\/12\/1670815960086.jpg",1121,633,false],"landscape":["https:\/\/diariofemenino.com.ar\/df\/wp-content\/uploads\/2022\/12\/1670815960086.jpg",1121,633,false],"portraits":["https:\/\/diariofemenino.com.ar\/df\/wp-content\/uploads\/2022\/12\/1670815960086.jpg",1121,633,false],"thumbnail":["https:\/\/diariofemenino.com.ar\/df\/wp-content\/uploads\/2022\/12\/1670815960086-150x150.jpg",150,150,true],"medium":["https:\/\/diariofemenino.com.ar\/df\/wp-content\/uploads\/2022\/12\/1670815960086-300x169.jpg",300,169,true],"large":["https:\/\/diariofemenino.com.ar\/df\/wp-content\/uploads\/2022\/12\/1670815960086-1024x578.jpg",1024,578,true],"1536x1536":["https:\/\/diariofemenino.com.ar\/df\/wp-content\/uploads\/2022\/12\/1670815960086.jpg",1121,633,false],"2048x2048":["https:\/\/diariofemenino.com.ar\/df\/wp-content\/uploads\/2022\/12\/1670815960086.jpg",1121,633,false]},"rttpg_author":{"display_name":"Admin","author_link":"https:\/\/diariofemenino.com.ar\/df\/author\/lenny\/"},"rttpg_comment":0,"rttpg_category":"<a href=\"https:\/\/diariofemenino.com.ar\/df\/category\/actividades\/\" rel=\"category tag\">Actividades<\/a> <a href=\"https:\/\/diariofemenino.com.ar\/df\/category\/agenda-feminista\/\" rel=\"category tag\">Agenda Feminista<\/a> <a href=\"https:\/\/diariofemenino.com.ar\/df\/category\/genero-y-derechos-humanos\/\" rel=\"category tag\">G\u00e9nero y Derechos Humanos<\/a> <a href=\"https:\/\/diariofemenino.com.ar\/df\/category\/historias-de-vida\/\" rel=\"category tag\">Historias de vida<\/a> <a href=\"https:\/\/diariofemenino.com.ar\/df\/category\/mujeres-de-la-pampa\/\" rel=\"category tag\">Mujeres de La Pampa<\/a> <a href=\"https:\/\/diariofemenino.com.ar\/df\/category\/noticias\/\" rel=\"category tag\">Noticias<\/a>","rttpg_excerpt":"Con motivo de celebraci\u00f3n de los 128 a\u00f1os de Uriburu, la escritora y antrop\u00f3loga Rita Segato llegar\u00e1 a Uriburu para presentar toda su obra literaria en Ojo de Agua. La familia de la militante feminista vivi\u00f3 en la localidad, sobre la calle Bartolom\u00e9 Mitre. Ma\u00f1ana, el Ejecutivo municipal presentar\u00e1 un proyecto para que esa arteria&hellip;","_links":{"self":[{"href":"https:\/\/diariofemenino.com.ar\/df\/wp-json\/wp\/v2\/posts\/67423","targetHints":{"allow":["GET"]}}],"collection":[{"href":"https:\/\/diariofemenino.com.ar\/df\/wp-json\/wp\/v2\/posts"}],"about":[{"href":"https:\/\/diariofemenino.com.ar\/df\/wp-json\/wp\/v2\/types\/post"}],"author":[{"embeddable":true,"href":"https:\/\/diariofemenino.com.ar\/df\/wp-json\/wp\/v2\/users\/4"}],"replies":[{"embeddable":true,"href":"https:\/\/diariofemenino.com.ar\/df\/wp-json\/wp\/v2\/comments?post=67423"}],"version-history":[{"count":0,"href":"https:\/\/diariofemenino.com.ar\/df\/wp-json\/wp\/v2\/posts\/67423\/revisions"}],"wp:featuredmedia":[{"embeddable":true,"href":"https:\/\/diariofemenino.com.ar\/df\/wp-json\/wp\/v2\/media\/67425"}],"wp:attachment":[{"href":"https:\/\/diariofemenino.com.ar\/df\/wp-json\/wp\/v2\/media?parent=67423"}],"wp:term":[{"taxonomy":"category","embeddable":true,"href":"https:\/\/diariofemenino.com.ar\/df\/wp-json\/wp\/v2\/categories?post=67423"},{"taxonomy":"post_tag","embeddable":true,"href":"https:\/\/diariofemenino.com.ar\/df\/wp-json\/wp\/v2\/tags?post=67423"}],"curies":[{"name":"wp","href":"https:\/\/api.w.org\/{rel}","templated":true}]}}