{"id":67417,"date":"2022-12-08T07:20:09","date_gmt":"2022-12-08T10:20:09","guid":{"rendered":"https:\/\/diariofemenino.com.ar\/df\/?p=67417"},"modified":"2022-12-08T07:20:09","modified_gmt":"2022-12-08T10:20:09","slug":"fallo-sobre-atribucion-de-la-vivienda-en-contexto-de-violencia","status":"publish","type":"post","link":"https:\/\/diariofemenino.com.ar\/df\/fallo-sobre-atribucion-de-la-vivienda-en-contexto-de-violencia\/","title":{"rendered":"Fallo sobre atribuci\u00f3n de la vivienda en contexto de violencia"},"content":{"rendered":"<p>Fallo sobre atribuci\u00f3n de la vivienda.<\/p>\n<p>Se autoriza a una madre a residir en la vivienda junto a sus hijos, en contra del acuerdo homologado, el cual fijaba el plazo perentorio de un a\u00f1o.<\/p>\n<p>Fallo: Atribuci\u00f3n del Hogar en contexto de violencia.<strong> \u201cG. F. J. C\/ B. P. J. S\/ EXCLUSION DEL HOGAR (ART. 237 BIS DEL CPCC)\u201d<\/strong> La Plata, 24 de agosto de 2021. Abogada interviniente Blanca Escurra.<\/p>\n<p>Por\u00a0<a href=\"https:\/\/diariofemenino.com.ar\/df\/?s=Fallo\">Erica P\u00e9rez<\/a>*<br \/>\nDescargar:\u00a0<a href=\"https:\/\/diariofemenino.com.ar\/df\/wp-content\/uploads\/2022\/12\/sentencia-Atribucion-de-la-vivienda.pdf\">fallo completo<\/a><\/p>\n<p><strong>I.-Resumen de los hechos. <\/strong><\/p>\n<p>En la resoluci\u00f3n dictada en 10 de mayo de 2021 se rechaza el planteo de nulidad presentado por la Sra. B., y se atribuye el uso de la vivienda familiar a favor de los ni\u00f1os L., D. y L. hasta la mayor\u00eda de edad, con costas en el orden causado.<\/p>\n<p>Apela P. J. B. el 13 de mayo del corriente manteniendo su recurso con el memorial glosado el 20 de mayo, el que es replicado por la contraria el 2 de junio, siempre del a\u00f1o 2021 (arts. 242 y 246 del CPCC).<\/p>\n<p>En la aludida pieza del 13 de mayo la recurrente se agravia de que se haya desestimado su planteo de nulidad del acta acuerdo de fecha 10 de octubre de 2019 -en tanto le atribuye el uso del inmueble situado en la calle xx n\u00b0 xxx de Guernica por el plazo perentorio de un a\u00f1o- <strong>sin tener en cuenta la violencia estructural que afectaba su voluntad<\/strong>, <strong>implicando tal decisi\u00f3n discriminaci\u00f3n contra la mujer, desechar la perspectiva de g\u00e9nero que debe primar en la resoluci\u00f3n de estos casos, y dejarla a ella y a sus hijos sin vivienda<\/strong>. Que el uso de la vivienda a favor de los menores se extienda hasta que \u00e9stos alcancen la edad de 21 a\u00f1os, momento que coincidir\u00eda con el cese de la obligaci\u00f3n alimentaria.<\/p>\n<p><strong>II.- Atribuci\u00f3n de la Vivienda en la Uni\u00f3n Convivencial.<\/strong> <strong>Convivientes adultos.<\/strong><\/p>\n<p>El <a href=\"http:\/\/servicios.infoleg.gob.ar\/infolegInternet\/anexos\/235000-239999\/235975\/norma.htm\">C\u00f3digo Civil y Comercial<\/a> regula, entre los efectos del cese de la uni\u00f3n convivencial, la atribuci\u00f3n provisoria del uso del inmueble que fuera sede de dicha uni\u00f3n al conviviente que tiene a su cargo el cuidado de hijos menores de edad, con capacidad restringida, o con discapacidad; o si acredita la extrema necesidad de una vivienda y la imposibilidad de procur\u00e1rsela en forma inmediata.<\/p>\n<p>En ambos supuestos lo que la ley contempla es su atribuci\u00f3n a uno de los convivientes adultos, por un plazo a fijarse por el juez que no puede exceder de dos (2) a\u00f1os a contarse desde el momento en que se produjo el cese de la convivencia (art. 526 del C\u00f3d. Civil y Comercial).<\/p>\n<p>La atribuci\u00f3n se concede seg\u00fan ciertas pautas orientadoras, donde predominan el hecho de asumir el cuidado de hijos minusv\u00e1lidos, la necesidad de su uso, la imposibilidad de procurarse otra vivienda y el resguardo de los intereses del grupo familiar.<\/p>\n<figure id=\"attachment_67419\" aria-describedby=\"caption-attachment-67419\" style=\"width: 613px\" class=\"wp-caption aligncenter\"><img loading=\"lazy\" decoding=\"async\" class=\" wp-image-67419\" src=\"https:\/\/diariofemenino.com.ar\/df\/wp-content\/uploads\/2022\/12\/herencia-j-7.jpg\" alt=\"Fallo sobre atribuci\u00f3n de la vivienda en contexto de violencia\" width=\"613\" height=\"379\" srcset=\"https:\/\/diariofemenino.com.ar\/df\/wp-content\/uploads\/2022\/12\/herencia-j-7.jpg 907w, https:\/\/diariofemenino.com.ar\/df\/wp-content\/uploads\/2022\/12\/herencia-j-7-300x186.jpg 300w, https:\/\/diariofemenino.com.ar\/df\/wp-content\/uploads\/2022\/12\/herencia-j-7-768x475.jpg 768w\" sizes=\"auto, (max-width: 613px) 100vw, 613px\" \/><figcaption id=\"caption-attachment-67419\" class=\"wp-caption-text\">Fallo sobre atribuci\u00f3n de la vivienda en contexto de violencia<\/figcaption><\/figure>\n<p><strong>III.- Acta de Acuerdo Homologado.<\/strong><\/p>\n<p>En autos, la atribuci\u00f3n del inmueble de calle XX n\u00b0 XXX de la localidad de Guernica fue concedida a la apelante P. J. B. mediante el acta acuerdo de fecha 10 de octubre de 2019, homologada el 10 de octubre del mismo a\u00f1o, por el plazo perentorio de un a\u00f1o, el cual comenz\u00f3 a correr a partir de la fecha de su celebraci\u00f3n y feneci\u00f3 el 9 de octubre de 2020.<\/p>\n<p>La compulsa del expediente tambi\u00e9n muestra que son hechos probados documentalmente o no controvertidos por las partes, la existencia de la uni\u00f3n convivencial, que de ella nacieron los menores L. J., D. C. y L. D. G., que la primera posee una discapacidad, y que conviven y son asistidos por su madre.<\/p>\n<p>En punto a la pretendida nulidad esgrimida por P. J. B. respecto a lo acordado sobre el uso del inmueble en la aludida audiencia del 10 de octubre de 2019, para su resoluci\u00f3n deben sopesarse dos l\u00edneas argumentales. Por un lado, la apreciaci\u00f3n del Sr. Juez \u00aba quo\u00bb acerca de que dicha audiencia las partes actuaron con el debido patrocinio letrado (art. 56 del CPCC), la Sra. Asesora de Incapaces en su dictamen del 6 de noviembre de 2019 estim\u00f3 que pod\u00eda procederse a la homologaci\u00f3n del acuerdo, y que <strong>no exist\u00edan a ese momento nuevas denuncias de episodios de violencia o restricciones<\/strong> sobre F. J. G. que permitieran vislumbrar la falta de discernimiento, intenci\u00f3n y libertad, o de afectaci\u00f3n de la voluntad por violencia estructural en la Sra. B. (arg. art. 260 del C\u00f3d. Civil y Comercial), por lo que no correspond\u00eda aplicar los preceptos de los art\u00edculos 11 de la ley 12.569 y 28 de la ley 26.485.<\/p>\n<p>Y por otro lado, las observaciones contenidas en el memorial del 20 de mayo de 2021, tendientes a demostrar que la violencia estructural ejercida por el incidentista sobre la apelante y los ni\u00f1os, antes y despu\u00e9s de la audiencia celebrada el 10 de octubre de 2019, <strong>habr\u00edan viciado su voluntad por un lapso que extender\u00eda m\u00e1s all\u00e1 del cese de las primeras medidas restrictivas decretadas<\/strong> en la causa \u00abB., P. J. c\/ G., F. J. s\/ PCVF\u00bb en tr\u00e1mite ante el Juzgado de Paz Letrado de Presidente Per\u00f3n.<\/p>\n<p>Frente a esos argumentos encontrados, este tribunal considera ajustado a derecho confirmar el rechazo del planteo de nulidad esgrimido por la Sra. B. el 20 de febrero de 2020, ya que el principio de trascendencia que impera en materia de nulidades procesales impone a la nulidicente, al momento de incoar el planteo, la ineludible carga de <strong>expresar el perjuicio sufrido y explicitar las defensas<\/strong> -en sentido lato- que se ha visto privada de oponer, dado que la apuntada carga procesal no se satisface con la mera y gen\u00e9rica invocaci\u00f3n de haber padecido un gen\u00e9rico o, a\u00fan peor, inasible perjuicio [1]<\/p>\n<p>En efecto, el art. 526 del Cod. Civil y Comercial al regular el uso de la vivienda familiar por uno de los convivientes adultos, dispone que el juez debe fijar un plazo de atribuci\u00f3n que <strong>no puede exceder de dos a\u00f1os<\/strong> contados desde el momento en que se produjo el cese de la convivencia, y como en el \u00absub lite\u00bb la accionada P. J. B. goza de esa atribuci\u00f3n de uso al menos desde el 10 de octubre de 2.019 -lo que evidencia que dicho plazo hoy se encuentra vencido-, <strong>no es posible advertir que beneficio real y concreto puede reportarle la declaraci\u00f3n de nulidad del acta acuerdo, <\/strong>puesto que rigiendo aquella limitaci\u00f3n temporal la realizaci\u00f3n de una nueva audiencia mal pueda mejorar su situaci\u00f3n respecto de la vivienda.<\/p>\n<p><strong>IV.- Preceptos de la atribuci\u00f3n de la vivienda, ni\u00f1os\/as menores de edad.<\/strong><\/p>\n<p>Al margen de lo hasta aqu\u00ed considerado, cabe advertir que el art. 526 del C\u00f3d. Civil y Comercial regula \u00fanicamente la atribuci\u00f3n del uso de la vivienda familiar a alguno de los convivientes adultos, raz\u00f3n por la que <strong>el fundamento jur\u00eddico de su atribuci\u00f3n a los hijos menores surge de la armonizaci\u00f3n de otros preceptos<\/strong> del mismo cuerpo legal, con los de leyes nacionales y supranacional que tutelan los derechos de los ni\u00f1os y adolescentes <strong>(art. 75 incs. 22 y 23 de la Constituci\u00f3n Nacional).<\/strong><\/p>\n<p>En esa tarea, no deben perderse de vista los lineamientos dados por el M\u00e1ximo Tribunal Provincial sobre el principio <strong>\u00abfavor minoris\u00bb<\/strong>, con expresa recepci\u00f3n en los <strong>arts. 3 y 5 de la ley 26.061<\/strong>, cuando determinan qu\u00e9 ante la posible colisi\u00f3n o conflicto entre los derechos e intereses de los menores, en oposici\u00f3n a otros derechos e intereses igualmente leg\u00edtimos, han de prevalecer los primeros (en el mismo sentido, art. 4\u00ba de la ley 13.298).<\/p>\n<p><strong>La Convenci\u00f3n sobre los Derechos del Ni\u00f1o <\/strong>consagra la prioridad del inter\u00e9s de los ni\u00f1os y adolescentes (arts. 3.1 y 9.3), inter\u00e9s al que no es ajena la protecci\u00f3n de su centro de vida, entendido \u00e9ste como el lugar de residencia habitual donde ha construido una serie de v\u00ednculos de distinta naturaleza, m\u00e1s all\u00e1 del cobijo, afecto y contenci\u00f3n que le proporcionan sus progenitores, el que debe preservarse para evitar cambios y esfuerzos de adaptaci\u00f3n a nuevos entornos sociales y escolares <strong>(SCBA, C 91.622, sent. del 26-10-2010). <\/strong><\/p>\n<p>Volviendo a lo inherente a la atribuci\u00f3n de la vivienda familiar, ella posee entre sus objetivos <strong>conservar el hogar familiar cuando hay hijos menores<\/strong>, como en el caso de autos donde los ni\u00f1os se encuentran bajo el cuidado de su madre, quien por sus magros ingresos pecuniarios carece de la posibilidad de procurarse una vivienda distinta, su patrocinio por un defensor oficial, y monto de las cuotas alimentarias provistas por el progenitor que emergen de la compulsa telem\u00e1tica del expediente <strong>\u00abB., P. J. c\/ G., F. J. s\/ Ejercicio de la responsabilidad parental\u00bb<\/strong>, en tr\u00e1mite ante el Juzgado de Familia N\u00b0 8).<\/p>\n<p>Esta situaci\u00f3n se encuentra prevista en la normativa animada por la solidaridad familiar, y al respecto la doctrina especializada tiene dicho que \u00abLa atribuci\u00f3n de la vivienda cuando est\u00e1n presentes los hijos menores, o con discapacidad o con capacidad restringida, reitera en sus fundamentos la idea que atraviesa el sistema familiar vigente, cual es el deber alimentario de ambos progenitores, y la tutela de la vivienda como derecho fundamental\u00bb [2]<\/p>\n<p>Ello es as\u00ed, porque la vivienda constituye un componente de m\u00e1xima importancia del deber alimentario de los progenitores, y en el caso bajo examen debe protegerse a quien se encuentra con mayores limitaciones y en situaci\u00f3n de vulnerabilidad, <strong>primordialmente los ni\u00f1os nacidos de la uni\u00f3n convivencial <\/strong>de las partes.<\/p>\n<p>Como se viera, el plazo de duraci\u00f3n de la atribuci\u00f3n de la vivienda dispuesta por el art. 526 del C\u00f3d. Civil y Comercial es de dos a\u00f1os desde el cese de la convivencia, plazo que al momento de dictarse la resoluci\u00f3n en crisis se encontraba holgadamente cumplido.<\/p>\n<p>Empero, por sobre un plazo que -se reitera -s\u00f3lo tiene en cuenta el inter\u00e9s de los convivientes adultos, <strong>debe privilegiarse y anteponerse el inter\u00e9s superior de los menores que habitan la vivienda con su madre,<\/strong> ya que la prioridad es propiciar su crecimiento y el desarrollo integral de sus tendencias operativas, cobij\u00e1ndolos en un hogar libre de violencias.<\/p>\n<p>En esa l\u00ednea de razonamiento, la jurisprudencia ha afirmado que \u00abHabiendo ni\u00f1os o ni\u00f1as habitando la vivienda familiar, <strong>el plazo de atribuci\u00f3n m\u00e1ximo de dos a\u00f1os<\/strong> que fija el art. 526 del C\u00f3d. Civil y Comercial <strong>no rige para ellos<\/strong>, porque la vivienda tambi\u00e9n es un rubro de los alimentos que debe cubrir el progenitor que no convive con ellos en ese momento\u00bb [3]<\/p>\n<p>Por todo lo expuesto -aunque con especial \u00e9nfasis en lo antes considerado-, atendiendo a las condiciones personales y de vulnerabilidad de los menores L. J., D. C. y L. D. y en miras de respetar el pleno desarrollo personal de sus derechos en su medio familiar, social y cultural, como tambi\u00e9n su centro de vida (cit. art. 3, incs. c), e) y f) de la ley 26.061), es que este tribunal entiende razonable y ajustada a derecho la decisi\u00f3n del Sr. Juez de primera instancia de atribuirles el uso de la vivienda familiar ubicada en la calle XX n\u00b0 XXX de la localidad de Guernica, siempre que se mantengan las circunstancias tenidas en cuenta al dictarse el resolutorio de fecha 10 de mayo de 2021, <strong>aunque extendi\u00e9ndolo hasta que los menores alcancen la edad de veinti\u00fan a\u00f1os<\/strong> por tratarse de una atribuci\u00f3n de uso que integra la noci\u00f3n jur\u00eddica de alimentos conforme a la preceptiva del art. 659 del C\u00f3d. Civil y Comercial.<\/p>\n<p><strong>V.- La situaci\u00f3n de la Progenitora respecto del Inmueble.<\/strong><\/p>\n<p>En el considerando IV del resolutorio apelado se reput\u00f3 que \u00abel inter\u00e9s superior de L., D. y L. se ver\u00eda seriamente afectado en caso de que la Sra. B. tenga que restituir la vivienda al Sr. G.\u00bb, juicio que esta alzada comparte plenamente, pero que inevitablemente conduce a evaluar, y definir, <strong>cu\u00e1l ser\u00e1 la situaci\u00f3n de la progenitora respecto del inmueble<\/strong>, ya que acontece, y est\u00e1 en el orden natural de las cosas, que por su corta edad ella es quien convive con los hijos, los asiste y conforma el grupo familiar cuya tutela se procura.<\/p>\n<p>Y justamente, con el objeto de resguardar el grupo familiar, se entiende apropiado y aconsejable <strong>autorizar expresamente a P. J. B. a residir en la vivienda familiar <\/strong>hasta el momento en que los ni\u00f1os arriben a la edad de 21 a\u00f1os o cuando \u00e9stos dejen de convivir con ella, lo que antes suceda en el tiempo. Soluci\u00f3n que mantiene el \u00abstatus quo\u00bb en la relaci\u00f3n materno-filiar, y<strong> coadyuva tambi\u00e9n a resguardar a la incidentada de la violencia de g\u00e9nero.<\/strong>[4]<\/p>\n<p>POR ELLO, por las razones expuestas, se modifica la resoluci\u00f3n apelada de fecha 10 de mayo de 2021 <strong>extendiendo la atribuci\u00f3n del uso de la vivienda familiar a favor de los ni\u00f1os L., D. y L. hasta que cumplan 21 a\u00f1os, y autorizando a P. J. B. a residir en la vivienda familiar hasta el momento en que sus hijos lleguen a la edad antes indicada o cuando dejen de convivir con ella,<\/strong> lo que antes suceda en el tiempo, confirm\u00e1ndola en lo dem\u00e1s que decide. Las costas de alzada se imponen por su orden, atento los fundamentos y alcance del presente pronunciamiento (arg. arts. 68, 69 y 71 del CPCC). REG. NOT. Dev.<\/p>\n<p><strong>VI.- A modo de conclusi\u00f3n:<\/strong><\/p>\n<p>La mujer que vive episodios de violencia, no puede mediar con el agresor. La discusi\u00f3n no radica en si contin\u00faan o no esos episodios. Sino en su situaci\u00f3n an\u00edmica, la cual se ve desmejorada a causa de permanecer inmersa en el c\u00edrculo o ciclo de violencia, con secuelas que trascienden como la baja autoestima o el temor. Que las medidas de protecci\u00f3n no est\u00e9n vigentes o que las mismas no sean renovadas, no es un factor para considerar la igualdad al momento de convenir.<\/p>\n<p>Sino que se debe ponderar que, en el caso de v\u00edctimas de violencia de g\u00e9nero, el \u00abtiempo\u00bb de reparaci\u00f3n no es cronol\u00f3gico, sino que resulta de los mecanismos personal\u00edsimos con lo que se cuentan para lograr superar tanto desde lo emocional, motivacional y\/o cognitivo las circunstancias que ocasionaron la situaci\u00f3n. Es decir, no basta con tomar la decisi\u00f3n de romper con el ciclo de la violencia sino que adem\u00e1s implica desaprender conductas y lograr el empoderamiento necesario para defender otros intereses,\u2026 [5]<\/p>\n<p>Al respecto se ha dicho: \u201c(\u2026) frente a conflictos entre particulares en los que haya antecedentes de conductas asimilables a violencia de g\u00e9nero contra la mujer que es parte en el juicio los jueces deben duplicar la prudencia, poner sobre la lupa el principio de autonom\u00eda de la voluntad previsto en el C\u00f3digo Civil, asegurar que el\/la abogado\/a de la mujer que padece la situaci\u00f3n de violencia realice realmente una defensa \u00abgenuina\u00bb de los intereses de su asistida y tener en especial consideraci\u00f3n al momento de resolver una perspectiva de g\u00e9nero acorde a los principios que prev\u00e9 la Ley de Protecci\u00f3n Integral a las Mujeres N\u00b0 26.485 \u2014de orden p\u00fablico\u2014, nuestra Constituci\u00f3n Nacional y el ordenamiento internacional de derechos humanos.[6]<\/p>\n<p>Para lograr juzgar con perspectiva de g\u00e9nero se requiere reconocer que existen patrones socioculturales que promueven y sostienen la desigualdad de g\u00e9nero y que son necesarios conocer y aceptar su existencia al momento de decidir. [2]<\/p>\n<p>(*) Abogada egresada de la UBA.\u00a0<a href=\"https:\/\/blog-ericaperez.blogspot.com\/\">https:\/\/blog-ericaperez.blogspot.com\/<\/a><\/p>\n<p><strong>\u00a0Referencias bibliogr\u00e1ficas<\/strong><\/p>\n<p><strong>[1] (arg. art. del 172 del CPCC; esta Sala I, causa n\u00b0 211.892, reg. sent. 85\/92 causa n\u00b0 233.483, reg. int. 190\/00, y causa n\u00b0 258.412, reg. int. 104\/13, entre muchas otras). <\/strong><\/p>\n<p><strong>[2] (Convenci\u00f3n sobre los derechos de las Personas con Discapacidad, ley 27.044; art. 659 del C\u00f3d. Civil y Comercial; Kemelmajer de Carlucci, A\u00edda &#8211; Herrera, Marisa &#8211; Lloveras, Nora, Tratado de Derecho de Familia, T. II, Ed. Rubinzal Culzoni, Santa Fe, 2019, p\u00e1g. 197). <\/strong><\/p>\n<p><strong>[3] (conf. C\u00e1mara de Apelaciones en lo Civil y Comercial de Mar del Plata, Sala II, sent. del 16 de mayo de 2018 en autos \u00abS. M. L. c\/ R. M. A. s\/ materia a categorizar\u00bb). <\/strong><\/p>\n<p><strong>[4] (conf. C\u00e1m. Civil y Comercial de Jujuy, Sala 2\u00b0, \u00abS.,R.T. c. C.,S. s\/ desalojo\u00bb, sent. del 11\/11\/2015, Rubinzal Online RE J 818\/16; \u00abB., P. J. c\/ G., F. J. s\/ PCVF\u00bb en tr\u00e1mite ante el Juzgado de Paz Letrado de Pte. Per\u00f3n; art. 1 del Pacto de San Jos\u00e9 de Costa Rica; ley 24.385)<\/strong><\/p>\n<p><strong>[5]\u00bbA., A. J. C\/ T., G. M. S\/ ORDINARIO (f)\u00bbGeneral Roca, 04 de Febrero de 2019.<\/strong><\/p>\n<p><strong>[6]\u00a0 (\u201cAutonom\u00eda de la voluntad y violencia de g\u00e9nero\u201d, Yankielewicz, Daniela L. y Olmo, Juan Pablo, Publicado en: DFyP 2014 (septiembre), 84, Cita Online: AR\/DOC\/2795\/2014).<\/strong><\/p>\n<p><strong>[7]\u00a0 Medina, Graciela, \u201cJuzgar con perspectiva de g\u00e9nero: \u00bfpor qu\u00e9 juzgar con perspectiva de g\u00e9nero\u201d y \u201c\u00bfC\u00f3mo juzgar con perspectiva de g\u00e9nero?, La Ley Online, AR\/DOC\/3460\/2015).<\/strong><\/p>\n<p><strong>\u00a0<\/strong><\/p>\n<p><strong>\u00a0<\/strong><\/p>\n","protected":false},"excerpt":{"rendered":"<p>Fallo sobre atribuci\u00f3n de la vivienda. Se autoriza a una madre a residir en la vivienda junto a sus hijos, en contra del acuerdo homologado, el cual fijaba el plazo perentorio de un a\u00f1o. Fallo: Atribuci\u00f3n del Hogar en contexto de violencia. \u201cG. F. J. C\/ B. P. J. S\/ EXCLUSION DEL HOGAR (ART. 237 [&hellip;]<\/p>\n","protected":false},"author":4,"featured_media":67420,"comment_status":"open","ping_status":"open","sticky":false,"template":"","format":"standard","meta":{"iawp_total_views":434,"footnotes":""},"categories":[1067,178,581,627,21,592],"tags":[5654,5144,4372,4649,1885,5150,2016,5655,138],"class_list":["post-67417","post","type-post","status-publish","format-standard","has-post-thumbnail","hentry","category-agenda-feminista","category-articulos-y-comunicados","category-azul-profundo","category-genero-y-derechos-humanos","category-noticias","category-violencias","tag-atribucion-de-la-vivienda","tag-comentario-juridico","tag-destacada","tag-erica-perez","tag-fallo","tag-hijas","tag-hijos","tag-union-convivencial","tag-violencia"],"nelio_content":{"autoShareEndMode":"never","automationSources":{"useCustomSentences":false,"customSentences":[]},"efiAlt":"","efiUrl":"","followers":[4],"highlights":[],"isAutoShareEnabled":true,"networkImageIds":[],"permalinkQueryArgs":[],"series":[],"suggestedReferences":[]},"yoast_head":"<!-- This site is optimized with the Yoast SEO plugin v27.5 - https:\/\/yoast.com\/product\/yoast-seo-wordpress\/ -->\n<title>Fallo sobre atribuci\u00f3n de la vivienda en contexto de violencia - Diario Digital Femenino<\/title>\n<meta name=\"description\" content=\"Fallo sobre atribuci\u00f3n de la vivienda. Se autoriza a una madre a residir en la vivienda junto a sus hijos, en contra del acuerdo homologado.\" \/>\n<meta name=\"robots\" content=\"index, follow, max-snippet:-1, max-image-preview:large, max-video-preview:-1\" \/>\n<link rel=\"canonical\" href=\"https:\/\/diariofemenino.com.ar\/df\/fallo-sobre-atribucion-de-la-vivienda-en-contexto-de-violencia\/\" \/>\n<meta property=\"og:locale\" content=\"es_ES\" \/>\n<meta property=\"og:type\" content=\"article\" \/>\n<meta property=\"og:title\" content=\"Fallo sobre atribuci\u00f3n de la vivienda en contexto de violencia - Diario Digital Femenino\" \/>\n<meta property=\"og:description\" content=\"Fallo sobre atribuci\u00f3n de la vivienda. Se autoriza a una madre a residir en la vivienda junto a sus hijos, en contra del acuerdo homologado.\" \/>\n<meta property=\"og:url\" content=\"https:\/\/diariofemenino.com.ar\/df\/fallo-sobre-atribucion-de-la-vivienda-en-contexto-de-violencia\/\" \/>\n<meta property=\"og:site_name\" content=\"Diario Digital Femenino\" \/>\n<meta property=\"article:publisher\" content=\"https:\/\/www.facebook.com\/DiarioDigitaFemenino\/\" \/>\n<meta property=\"article:published_time\" content=\"2022-12-08T10:20:09+00:00\" \/>\n<meta property=\"og:image\" content=\"https:\/\/diariofemenino.com.ar\/df\/wp-content\/uploads\/2022\/12\/shutterstock_1433881208-1.jpg\" \/>\n\t<meta property=\"og:image:width\" content=\"1000\" \/>\n\t<meta property=\"og:image:height\" content=\"667\" \/>\n\t<meta property=\"og:image:type\" content=\"image\/jpeg\" \/>\n<meta name=\"author\" content=\"Admin\" \/>\n<meta name=\"twitter:card\" content=\"summary_large_image\" \/>\n<meta name=\"twitter:creator\" content=\"@DiarioFemenino1\" \/>\n<meta name=\"twitter:site\" content=\"@DiarioFemenino1\" \/>\n<meta name=\"twitter:label1\" content=\"Escrito por\" \/>\n\t<meta name=\"twitter:data1\" content=\"Admin\" \/>\n\t<meta name=\"twitter:label2\" content=\"Tiempo de lectura\" \/>\n\t<meta name=\"twitter:data2\" content=\"14 minutos\" \/>\n<script type=\"application\/ld+json\" class=\"yoast-schema-graph\">{\"@context\":\"https:\\\/\\\/schema.org\",\"@graph\":[{\"@type\":\"Article\",\"@id\":\"https:\\\/\\\/diariofemenino.com.ar\\\/df\\\/fallo-sobre-atribucion-de-la-vivienda-en-contexto-de-violencia\\\/#article\",\"isPartOf\":{\"@id\":\"https:\\\/\\\/diariofemenino.com.ar\\\/df\\\/fallo-sobre-atribucion-de-la-vivienda-en-contexto-de-violencia\\\/\"},\"author\":{\"name\":\"Admin\",\"@id\":\"https:\\\/\\\/diariofemenino.com.ar\\\/df\\\/#\\\/schema\\\/person\\\/bf6199e8158c657ea6f789b11ec85509\"},\"headline\":\"Fallo sobre atribuci\u00f3n de la vivienda en contexto de violencia\",\"datePublished\":\"2022-12-08T10:20:09+00:00\",\"mainEntityOfPage\":{\"@id\":\"https:\\\/\\\/diariofemenino.com.ar\\\/df\\\/fallo-sobre-atribucion-de-la-vivienda-en-contexto-de-violencia\\\/\"},\"wordCount\":2884,\"commentCount\":0,\"publisher\":{\"@id\":\"https:\\\/\\\/diariofemenino.com.ar\\\/df\\\/#organization\"},\"image\":{\"@id\":\"https:\\\/\\\/diariofemenino.com.ar\\\/df\\\/fallo-sobre-atribucion-de-la-vivienda-en-contexto-de-violencia\\\/#primaryimage\"},\"thumbnailUrl\":\"https:\\\/\\\/diariofemenino.com.ar\\\/df\\\/wp-content\\\/uploads\\\/2022\\\/12\\\/shutterstock_1433881208-1.jpg\",\"keywords\":[\"atribuci\u00f3n de la vivienda\",\"Comentario jur\u00eddico\",\"Destacada\",\"Erica P\u00e9rez\",\"Fallo\",\"Hijas\",\"hijos\",\"Uni\u00f3n convivencial\",\"Violencia\"],\"articleSection\":[\"Agenda Feminista\",\"Art\u00edculos y Comunicados\",\"Azul Profundo\",\"G\u00e9nero y Derechos Humanos\",\"Noticias\",\"Violencias\"],\"inLanguage\":\"es\",\"potentialAction\":[{\"@type\":\"CommentAction\",\"name\":\"Comment\",\"target\":[\"https:\\\/\\\/diariofemenino.com.ar\\\/df\\\/fallo-sobre-atribucion-de-la-vivienda-en-contexto-de-violencia\\\/#respond\"]}]},{\"@type\":\"WebPage\",\"@id\":\"https:\\\/\\\/diariofemenino.com.ar\\\/df\\\/fallo-sobre-atribucion-de-la-vivienda-en-contexto-de-violencia\\\/\",\"url\":\"https:\\\/\\\/diariofemenino.com.ar\\\/df\\\/fallo-sobre-atribucion-de-la-vivienda-en-contexto-de-violencia\\\/\",\"name\":\"Fallo sobre atribuci\u00f3n de la vivienda en contexto de violencia - Diario Digital Femenino\",\"isPartOf\":{\"@id\":\"https:\\\/\\\/diariofemenino.com.ar\\\/df\\\/#website\"},\"primaryImageOfPage\":{\"@id\":\"https:\\\/\\\/diariofemenino.com.ar\\\/df\\\/fallo-sobre-atribucion-de-la-vivienda-en-contexto-de-violencia\\\/#primaryimage\"},\"image\":{\"@id\":\"https:\\\/\\\/diariofemenino.com.ar\\\/df\\\/fallo-sobre-atribucion-de-la-vivienda-en-contexto-de-violencia\\\/#primaryimage\"},\"thumbnailUrl\":\"https:\\\/\\\/diariofemenino.com.ar\\\/df\\\/wp-content\\\/uploads\\\/2022\\\/12\\\/shutterstock_1433881208-1.jpg\",\"datePublished\":\"2022-12-08T10:20:09+00:00\",\"description\":\"Fallo sobre atribuci\u00f3n de la vivienda. Se autoriza a una madre a residir en la vivienda junto a sus hijos, en contra del acuerdo homologado.\",\"breadcrumb\":{\"@id\":\"https:\\\/\\\/diariofemenino.com.ar\\\/df\\\/fallo-sobre-atribucion-de-la-vivienda-en-contexto-de-violencia\\\/#breadcrumb\"},\"inLanguage\":\"es\",\"potentialAction\":[{\"@type\":\"ReadAction\",\"target\":[\"https:\\\/\\\/diariofemenino.com.ar\\\/df\\\/fallo-sobre-atribucion-de-la-vivienda-en-contexto-de-violencia\\\/\"]}]},{\"@type\":\"ImageObject\",\"inLanguage\":\"es\",\"@id\":\"https:\\\/\\\/diariofemenino.com.ar\\\/df\\\/fallo-sobre-atribucion-de-la-vivienda-en-contexto-de-violencia\\\/#primaryimage\",\"url\":\"https:\\\/\\\/diariofemenino.com.ar\\\/df\\\/wp-content\\\/uploads\\\/2022\\\/12\\\/shutterstock_1433881208-1.jpg\",\"contentUrl\":\"https:\\\/\\\/diariofemenino.com.ar\\\/df\\\/wp-content\\\/uploads\\\/2022\\\/12\\\/shutterstock_1433881208-1.jpg\",\"width\":1000,\"height\":667,\"caption\":\"Fallo sobre atribuci\u00f3n de la vivienda en contexto de violencia\"},{\"@type\":\"BreadcrumbList\",\"@id\":\"https:\\\/\\\/diariofemenino.com.ar\\\/df\\\/fallo-sobre-atribucion-de-la-vivienda-en-contexto-de-violencia\\\/#breadcrumb\",\"itemListElement\":[{\"@type\":\"ListItem\",\"position\":1,\"name\":\"Portada\",\"item\":\"https:\\\/\\\/diariofemenino.com.ar\\\/df\\\/\"},{\"@type\":\"ListItem\",\"position\":2,\"name\":\"Fallo sobre atribuci\u00f3n de la vivienda en contexto de violencia\"}]},{\"@type\":\"WebSite\",\"@id\":\"https:\\\/\\\/diariofemenino.com.ar\\\/df\\\/#website\",\"url\":\"https:\\\/\\\/diariofemenino.com.ar\\\/df\\\/\",\"name\":\"Diario Digital Femenino\",\"description\":\"Cuesti\u00f3n de G\u00e9nero\",\"publisher\":{\"@id\":\"https:\\\/\\\/diariofemenino.com.ar\\\/df\\\/#organization\"},\"potentialAction\":[{\"@type\":\"SearchAction\",\"target\":{\"@type\":\"EntryPoint\",\"urlTemplate\":\"https:\\\/\\\/diariofemenino.com.ar\\\/df\\\/?s={search_term_string}\"},\"query-input\":{\"@type\":\"PropertyValueSpecification\",\"valueRequired\":true,\"valueName\":\"search_term_string\"}}],\"inLanguage\":\"es\"},{\"@type\":\"Organization\",\"@id\":\"https:\\\/\\\/diariofemenino.com.ar\\\/df\\\/#organization\",\"name\":\"Diario Femenino\",\"url\":\"https:\\\/\\\/diariofemenino.com.ar\\\/df\\\/\",\"logo\":{\"@type\":\"ImageObject\",\"inLanguage\":\"es\",\"@id\":\"https:\\\/\\\/diariofemenino.com.ar\\\/df\\\/#\\\/schema\\\/logo\\\/image\\\/\",\"url\":\"https:\\\/\\\/diariofemenino.com.ar\\\/df\\\/wp-content\\\/uploads\\\/2018\\\/10\\\/logo.png\",\"contentUrl\":\"https:\\\/\\\/diariofemenino.com.ar\\\/df\\\/wp-content\\\/uploads\\\/2018\\\/10\\\/logo.png\",\"width\":500,\"height\":92,\"caption\":\"Diario Femenino\"},\"image\":{\"@id\":\"https:\\\/\\\/diariofemenino.com.ar\\\/df\\\/#\\\/schema\\\/logo\\\/image\\\/\"},\"sameAs\":[\"https:\\\/\\\/www.facebook.com\\\/DiarioDigitaFemenino\\\/\",\"https:\\\/\\\/x.com\\\/DiarioFemenino1\"]},{\"@type\":\"Person\",\"@id\":\"https:\\\/\\\/diariofemenino.com.ar\\\/df\\\/#\\\/schema\\\/person\\\/bf6199e8158c657ea6f789b11ec85509\",\"name\":\"Admin\",\"image\":{\"@type\":\"ImageObject\",\"inLanguage\":\"es\",\"@id\":\"https:\\\/\\\/diariofemenino.com.ar\\\/df\\\/wp-content\\\/uploads\\\/2018\\\/12\\\/favicon-150x150.jpg\",\"url\":\"https:\\\/\\\/diariofemenino.com.ar\\\/df\\\/wp-content\\\/uploads\\\/2018\\\/12\\\/favicon-150x150.jpg\",\"contentUrl\":\"https:\\\/\\\/diariofemenino.com.ar\\\/df\\\/wp-content\\\/uploads\\\/2018\\\/12\\\/favicon-150x150.jpg\",\"caption\":\"Admin\"},\"url\":\"https:\\\/\\\/diariofemenino.com.ar\\\/df\\\/author\\\/lenny\\\/\"}]}<\/script>\n<!-- \/ Yoast SEO plugin. -->","yoast_head_json":{"title":"Fallo sobre atribuci\u00f3n de la vivienda en contexto de violencia - Diario Digital Femenino","description":"Fallo sobre atribuci\u00f3n de la vivienda. Se autoriza a una madre a residir en la vivienda junto a sus hijos, en contra del acuerdo homologado.","robots":{"index":"index","follow":"follow","max-snippet":"max-snippet:-1","max-image-preview":"max-image-preview:large","max-video-preview":"max-video-preview:-1"},"canonical":"https:\/\/diariofemenino.com.ar\/df\/fallo-sobre-atribucion-de-la-vivienda-en-contexto-de-violencia\/","og_locale":"es_ES","og_type":"article","og_title":"Fallo sobre atribuci\u00f3n de la vivienda en contexto de violencia - Diario Digital Femenino","og_description":"Fallo sobre atribuci\u00f3n de la vivienda. Se autoriza a una madre a residir en la vivienda junto a sus hijos, en contra del acuerdo homologado.","og_url":"https:\/\/diariofemenino.com.ar\/df\/fallo-sobre-atribucion-de-la-vivienda-en-contexto-de-violencia\/","og_site_name":"Diario Digital Femenino","article_publisher":"https:\/\/www.facebook.com\/DiarioDigitaFemenino\/","article_published_time":"2022-12-08T10:20:09+00:00","og_image":[{"width":1000,"height":667,"url":"https:\/\/diariofemenino.com.ar\/df\/wp-content\/uploads\/2022\/12\/shutterstock_1433881208-1.jpg","type":"image\/jpeg"}],"author":"Admin","twitter_card":"summary_large_image","twitter_creator":"@DiarioFemenino1","twitter_site":"@DiarioFemenino1","twitter_misc":{"Escrito por":"Admin","Tiempo de lectura":"14 minutos"},"schema":{"@context":"https:\/\/schema.org","@graph":[{"@type":"Article","@id":"https:\/\/diariofemenino.com.ar\/df\/fallo-sobre-atribucion-de-la-vivienda-en-contexto-de-violencia\/#article","isPartOf":{"@id":"https:\/\/diariofemenino.com.ar\/df\/fallo-sobre-atribucion-de-la-vivienda-en-contexto-de-violencia\/"},"author":{"name":"Admin","@id":"https:\/\/diariofemenino.com.ar\/df\/#\/schema\/person\/bf6199e8158c657ea6f789b11ec85509"},"headline":"Fallo sobre atribuci\u00f3n de la vivienda en contexto de violencia","datePublished":"2022-12-08T10:20:09+00:00","mainEntityOfPage":{"@id":"https:\/\/diariofemenino.com.ar\/df\/fallo-sobre-atribucion-de-la-vivienda-en-contexto-de-violencia\/"},"wordCount":2884,"commentCount":0,"publisher":{"@id":"https:\/\/diariofemenino.com.ar\/df\/#organization"},"image":{"@id":"https:\/\/diariofemenino.com.ar\/df\/fallo-sobre-atribucion-de-la-vivienda-en-contexto-de-violencia\/#primaryimage"},"thumbnailUrl":"https:\/\/diariofemenino.com.ar\/df\/wp-content\/uploads\/2022\/12\/shutterstock_1433881208-1.jpg","keywords":["atribuci\u00f3n de la vivienda","Comentario jur\u00eddico","Destacada","Erica P\u00e9rez","Fallo","Hijas","hijos","Uni\u00f3n convivencial","Violencia"],"articleSection":["Agenda Feminista","Art\u00edculos y Comunicados","Azul Profundo","G\u00e9nero y Derechos Humanos","Noticias","Violencias"],"inLanguage":"es","potentialAction":[{"@type":"CommentAction","name":"Comment","target":["https:\/\/diariofemenino.com.ar\/df\/fallo-sobre-atribucion-de-la-vivienda-en-contexto-de-violencia\/#respond"]}]},{"@type":"WebPage","@id":"https:\/\/diariofemenino.com.ar\/df\/fallo-sobre-atribucion-de-la-vivienda-en-contexto-de-violencia\/","url":"https:\/\/diariofemenino.com.ar\/df\/fallo-sobre-atribucion-de-la-vivienda-en-contexto-de-violencia\/","name":"Fallo sobre atribuci\u00f3n de la vivienda en contexto de violencia - Diario Digital Femenino","isPartOf":{"@id":"https:\/\/diariofemenino.com.ar\/df\/#website"},"primaryImageOfPage":{"@id":"https:\/\/diariofemenino.com.ar\/df\/fallo-sobre-atribucion-de-la-vivienda-en-contexto-de-violencia\/#primaryimage"},"image":{"@id":"https:\/\/diariofemenino.com.ar\/df\/fallo-sobre-atribucion-de-la-vivienda-en-contexto-de-violencia\/#primaryimage"},"thumbnailUrl":"https:\/\/diariofemenino.com.ar\/df\/wp-content\/uploads\/2022\/12\/shutterstock_1433881208-1.jpg","datePublished":"2022-12-08T10:20:09+00:00","description":"Fallo sobre atribuci\u00f3n de la vivienda. Se autoriza a una madre a residir en la vivienda junto a sus hijos, en contra del acuerdo homologado.","breadcrumb":{"@id":"https:\/\/diariofemenino.com.ar\/df\/fallo-sobre-atribucion-de-la-vivienda-en-contexto-de-violencia\/#breadcrumb"},"inLanguage":"es","potentialAction":[{"@type":"ReadAction","target":["https:\/\/diariofemenino.com.ar\/df\/fallo-sobre-atribucion-de-la-vivienda-en-contexto-de-violencia\/"]}]},{"@type":"ImageObject","inLanguage":"es","@id":"https:\/\/diariofemenino.com.ar\/df\/fallo-sobre-atribucion-de-la-vivienda-en-contexto-de-violencia\/#primaryimage","url":"https:\/\/diariofemenino.com.ar\/df\/wp-content\/uploads\/2022\/12\/shutterstock_1433881208-1.jpg","contentUrl":"https:\/\/diariofemenino.com.ar\/df\/wp-content\/uploads\/2022\/12\/shutterstock_1433881208-1.jpg","width":1000,"height":667,"caption":"Fallo sobre atribuci\u00f3n de la vivienda en contexto de violencia"},{"@type":"BreadcrumbList","@id":"https:\/\/diariofemenino.com.ar\/df\/fallo-sobre-atribucion-de-la-vivienda-en-contexto-de-violencia\/#breadcrumb","itemListElement":[{"@type":"ListItem","position":1,"name":"Portada","item":"https:\/\/diariofemenino.com.ar\/df\/"},{"@type":"ListItem","position":2,"name":"Fallo sobre atribuci\u00f3n de la vivienda en contexto de violencia"}]},{"@type":"WebSite","@id":"https:\/\/diariofemenino.com.ar\/df\/#website","url":"https:\/\/diariofemenino.com.ar\/df\/","name":"Diario Digital Femenino","description":"Cuesti\u00f3n de G\u00e9nero","publisher":{"@id":"https:\/\/diariofemenino.com.ar\/df\/#organization"},"potentialAction":[{"@type":"SearchAction","target":{"@type":"EntryPoint","urlTemplate":"https:\/\/diariofemenino.com.ar\/df\/?s={search_term_string}"},"query-input":{"@type":"PropertyValueSpecification","valueRequired":true,"valueName":"search_term_string"}}],"inLanguage":"es"},{"@type":"Organization","@id":"https:\/\/diariofemenino.com.ar\/df\/#organization","name":"Diario Femenino","url":"https:\/\/diariofemenino.com.ar\/df\/","logo":{"@type":"ImageObject","inLanguage":"es","@id":"https:\/\/diariofemenino.com.ar\/df\/#\/schema\/logo\/image\/","url":"https:\/\/diariofemenino.com.ar\/df\/wp-content\/uploads\/2018\/10\/logo.png","contentUrl":"https:\/\/diariofemenino.com.ar\/df\/wp-content\/uploads\/2018\/10\/logo.png","width":500,"height":92,"caption":"Diario Femenino"},"image":{"@id":"https:\/\/diariofemenino.com.ar\/df\/#\/schema\/logo\/image\/"},"sameAs":["https:\/\/www.facebook.com\/DiarioDigitaFemenino\/","https:\/\/x.com\/DiarioFemenino1"]},{"@type":"Person","@id":"https:\/\/diariofemenino.com.ar\/df\/#\/schema\/person\/bf6199e8158c657ea6f789b11ec85509","name":"Admin","image":{"@type":"ImageObject","inLanguage":"es","@id":"https:\/\/diariofemenino.com.ar\/df\/wp-content\/uploads\/2018\/12\/favicon-150x150.jpg","url":"https:\/\/diariofemenino.com.ar\/df\/wp-content\/uploads\/2018\/12\/favicon-150x150.jpg","contentUrl":"https:\/\/diariofemenino.com.ar\/df\/wp-content\/uploads\/2018\/12\/favicon-150x150.jpg","caption":"Admin"},"url":"https:\/\/diariofemenino.com.ar\/df\/author\/lenny\/"}]}},"jetpack_featured_media_url":"https:\/\/diariofemenino.com.ar\/df\/wp-content\/uploads\/2022\/12\/shutterstock_1433881208-1.jpg","jetpack_sharing_enabled":true,"rttpg_featured_image_url":{"full":["https:\/\/diariofemenino.com.ar\/df\/wp-content\/uploads\/2022\/12\/shutterstock_1433881208-1.jpg",1000,667,false],"landscape":["https:\/\/diariofemenino.com.ar\/df\/wp-content\/uploads\/2022\/12\/shutterstock_1433881208-1.jpg",1000,667,false],"portraits":["https:\/\/diariofemenino.com.ar\/df\/wp-content\/uploads\/2022\/12\/shutterstock_1433881208-1.jpg",1000,667,false],"thumbnail":["https:\/\/diariofemenino.com.ar\/df\/wp-content\/uploads\/2022\/12\/shutterstock_1433881208-1-150x150.jpg",150,150,true],"medium":["https:\/\/diariofemenino.com.ar\/df\/wp-content\/uploads\/2022\/12\/shutterstock_1433881208-1-300x200.jpg",300,200,true],"large":["https:\/\/diariofemenino.com.ar\/df\/wp-content\/uploads\/2022\/12\/shutterstock_1433881208-1.jpg",1000,667,false],"1536x1536":["https:\/\/diariofemenino.com.ar\/df\/wp-content\/uploads\/2022\/12\/shutterstock_1433881208-1.jpg",1000,667,false],"2048x2048":["https:\/\/diariofemenino.com.ar\/df\/wp-content\/uploads\/2022\/12\/shutterstock_1433881208-1.jpg",1000,667,false]},"rttpg_author":{"display_name":"Admin","author_link":"https:\/\/diariofemenino.com.ar\/df\/author\/lenny\/"},"rttpg_comment":0,"rttpg_category":"<a href=\"https:\/\/diariofemenino.com.ar\/df\/category\/agenda-feminista\/\" rel=\"category tag\">Agenda Feminista<\/a> <a href=\"https:\/\/diariofemenino.com.ar\/df\/category\/articulos-y-comunicados\/\" rel=\"category tag\">Art\u00edculos y Comunicados<\/a> <a href=\"https:\/\/diariofemenino.com.ar\/df\/category\/azul-profundo\/\" rel=\"category tag\">Azul Profundo<\/a> <a href=\"https:\/\/diariofemenino.com.ar\/df\/category\/genero-y-derechos-humanos\/\" rel=\"category tag\">G\u00e9nero y Derechos Humanos<\/a> <a href=\"https:\/\/diariofemenino.com.ar\/df\/category\/noticias\/\" rel=\"category tag\">Noticias<\/a> <a href=\"https:\/\/diariofemenino.com.ar\/df\/category\/violencias\/\" rel=\"category tag\">Violencias<\/a>","rttpg_excerpt":"Fallo sobre atribuci\u00f3n de la vivienda. Se autoriza a una madre a residir en la vivienda junto a sus hijos, en contra del acuerdo homologado, el cual fijaba el plazo perentorio de un a\u00f1o. Fallo: Atribuci\u00f3n del Hogar en contexto de violencia. \u201cG. F. J. C\/ B. P. J. S\/ EXCLUSION DEL HOGAR (ART. 237&hellip;","_links":{"self":[{"href":"https:\/\/diariofemenino.com.ar\/df\/wp-json\/wp\/v2\/posts\/67417","targetHints":{"allow":["GET"]}}],"collection":[{"href":"https:\/\/diariofemenino.com.ar\/df\/wp-json\/wp\/v2\/posts"}],"about":[{"href":"https:\/\/diariofemenino.com.ar\/df\/wp-json\/wp\/v2\/types\/post"}],"author":[{"embeddable":true,"href":"https:\/\/diariofemenino.com.ar\/df\/wp-json\/wp\/v2\/users\/4"}],"replies":[{"embeddable":true,"href":"https:\/\/diariofemenino.com.ar\/df\/wp-json\/wp\/v2\/comments?post=67417"}],"version-history":[{"count":0,"href":"https:\/\/diariofemenino.com.ar\/df\/wp-json\/wp\/v2\/posts\/67417\/revisions"}],"wp:featuredmedia":[{"embeddable":true,"href":"https:\/\/diariofemenino.com.ar\/df\/wp-json\/wp\/v2\/media\/67420"}],"wp:attachment":[{"href":"https:\/\/diariofemenino.com.ar\/df\/wp-json\/wp\/v2\/media?parent=67417"}],"wp:term":[{"taxonomy":"category","embeddable":true,"href":"https:\/\/diariofemenino.com.ar\/df\/wp-json\/wp\/v2\/categories?post=67417"},{"taxonomy":"post_tag","embeddable":true,"href":"https:\/\/diariofemenino.com.ar\/df\/wp-json\/wp\/v2\/tags?post=67417"}],"curies":[{"name":"wp","href":"https:\/\/api.w.org\/{rel}","templated":true}]}}