{"id":67411,"date":"2022-12-05T18:09:01","date_gmt":"2022-12-05T21:09:01","guid":{"rendered":"https:\/\/diariofemenino.com.ar\/df\/?p=67411"},"modified":"2022-12-05T18:18:11","modified_gmt":"2022-12-05T21:18:11","slug":"ninas-no-esposas-feim-en-chaco-para-prevenir-uniones-tempranas","status":"publish","type":"post","link":"https:\/\/diariofemenino.com.ar\/df\/ninas-no-esposas-feim-en-chaco-para-prevenir-uniones-tempranas\/","title":{"rendered":"Ni\u00f1as, no esposas: FEIM en Chaco para prevenir uniones tempranas"},"content":{"rendered":"<p><em>Ni\u00f1as, no esposas. Visita al NEA<\/em><\/p>\n<p>El lunes 28 y el martes 29 de noviembre la Dra Mabel Bianco, presidenta de la Fundaci\u00f3n para Estudio e Investigaci\u00f3n de la Mujer (<a href=\"https:\/\/diariofemenino.com.ar\/df\/?s=FEIM\">FEIM<\/a>) y la Licenciada Cecilia Correa, responsable de Proyectos de la misma organizaci\u00f3n, estuvieron de visita en Chaco donde sostuvieron importantes reuniones tanto con la vicegobernadora, Anal\u00eda Rach Quiroga, como con el <a href=\"https:\/\/defensordelpueblo.chaco.gob.ar\/\">Defensor del Pueblo del Chaco<\/a>, Bernardo Voloj y con funcionarias\u00a0 de \u00e1reas salud, desarrollo social y mujeres lideres comunitarias y de comunidades <a href=\"https:\/\/diariofemenino.com.ar\/df\/ninas-indigenas-no-madres\/\">ind\u00edgenas<\/a>.<\/p>\n<figure id=\"attachment_67412\" aria-describedby=\"caption-attachment-67412\" style=\"width: 541px\" class=\"wp-caption aligncenter\"><img loading=\"lazy\" decoding=\"async\" class=\"size-full wp-image-67412\" src=\"https:\/\/diariofemenino.com.ar\/df\/wp-content\/uploads\/2022\/12\/Feim2.jpg\" alt=\"Ni\u00f1as, no esposas: FEIM en Chaco para prevenir uniones tempranas\" width=\"541\" height=\"277\" srcset=\"https:\/\/diariofemenino.com.ar\/df\/wp-content\/uploads\/2022\/12\/Feim2.jpg 541w, https:\/\/diariofemenino.com.ar\/df\/wp-content\/uploads\/2022\/12\/Feim2-300x154.jpg 300w\" sizes=\"auto, (max-width: 541px) 100vw, 541px\" \/><figcaption id=\"caption-attachment-67412\" class=\"wp-caption-text\">Ni\u00f1as, no esposas: FEIM en Chaco para prevenir uniones tempranas<\/figcaption><\/figure>\n<p>Esta visita, en el marco de las acciones orientadas a compartir con autoridades, funcionarios y lideresas \u00a0comunitarias la informaci\u00f3n y propuestas de intervenciones para prevenir los matrimonios y las uniones infantiles, que en Chaco afectan al 6,9% de las ni\u00f1as de menos de 19 a\u00f1os. Detr\u00e1s de Misiones, que tiene al 7,2% de sus ni\u00f1as casadas o unidas a un var\u00f3n de m\u00e1s edad, Chaco es la segunda provincia argentina m\u00e1s impactada por esta situaci\u00f3n que, para la Organizaci\u00f3n para las Naciones Unidas, constituye una forma de violencia.<\/p>\n<p>\u201cTuvimos reuniones muy productivas y en las que avanzamos much\u00edsimo sobre c\u00f3mo enfrentar\u00a0 y cu\u00e1les son las estrategias para\u00a0 adoptar pol\u00edticas p\u00fablicas\u201d, detall\u00f3 la doctora Bianco. El proyecto para visibilizar y prevenir el matrimonio y las uniones convivenciales de<\/p>\n<p>ni\u00f1as en la Argentina comenz\u00f3 a desarrollarse en 2019 y con apoyo del Fondo Fiduciario de las Naciones Unidas para Eliminar la Violencia contra las Mujeres. En ese marco, FEIM desarrolla el proyecto \u201cPreviniendo el matrimonio y las uniones infantiles: una forma de violencia contra las mujeres y ni\u00f1as en Argentina\u201d.<\/p>\n<p><strong>Estrategias territorialmente eficaces para prevenir las uniones tempranas<\/strong><\/p>\n<p>En esta oportunidad, el equipo de <a href=\"http:\/\/feim.org.ar\/\">FEIM<\/a> estuvo en Resistencia y particip\u00f3 de una reuni\u00f3n con la vicegobernadora, \u00a0Anal\u00eda Rach Quiroga, y su equipo. Entre ellas, la ministra de Derechos Humanos, Dra Sivina Perez; la subsecretaria de Salud, Emilia Sveda; y el ministro de\u00a0 Gobierno, Juan Manuel Chapo, con quienes se consider\u00f3 c\u00f3mo se plantea desde el gobierno el trabajo sobre el matrimonio \/uni\u00f3n infantil.<\/p>\n<p>\u201cLos y las funcionarias \u00a0actualizaron los datos que compartir\u00e1n con FEIM a la brevedad, as\u00ed como informaci\u00f3n actualizada sobre las distintas acciones que \u2013en forma articulada- est\u00e1n desarrollando en este momento y las dificultades y tambi\u00e9n hechos que ayudan o favorecen\u201d, \u00a0explica Bianco. Luego, ya en la Defensor\u00eda del Pueblo, el equipo de FEIM se reuni\u00f3 con un grupo importante de funcionarios tanto de Salud y Desarrollo Social, as\u00ed como tambi\u00e9n con lideresas comunitarias e ind\u00edgenas. Con ellas, y en una reuni\u00f3n que se extendi\u00f3 por casi tres horas, se intercambiaron \u00a0experiencias previas y actuales, obst\u00e1culos y circunstancias\u00a0 favorecedoras. Lo m\u00e1s interesante de este encuentro fue el aporte de impresiones\u00a0 acerca de\u00a0 c\u00f3mo deber\u00edan cambiarse las formas de actuar, as\u00ed como la discusi\u00f3n sobre las resistencias\/ limitaciones\u00a0 que se encuentran en terreno. \u201c<strong>Esta reuni\u00f3n fue de extraordinaria riqueza porque se bas\u00f3 en la escucha mutua y atenta<\/strong>, lo que permiti\u00f3 visualizar tanto los problemas en territorio y como las posibles\u00a0 v\u00edas de soluci\u00f3n, basadas en la experiencia de personas con acreditada experiencia territorial\u201d, afirm\u00f3 Bianco<\/p>\n<p>Para mayor informaci\u00f3n:\u00a0<a href=\"mailto:prensafeim@gmail.com\">prensafeim@gmail.com<\/a><\/p>\n<p>&nbsp;<\/p>\n","protected":false},"excerpt":{"rendered":"<p>Ni\u00f1as, no esposas. Visita al NEA El lunes 28 y el martes 29 de noviembre la Dra Mabel Bianco, presidenta de la Fundaci\u00f3n para Estudio e Investigaci\u00f3n de la Mujer (FEIM) y la Licenciada Cecilia Correa, responsable de Proyectos de la misma organizaci\u00f3n, estuvieron de visita en Chaco donde sostuvieron importantes reuniones tanto con la [&hellip;]<\/p>\n","protected":false},"author":4,"featured_media":67413,"comment_status":"open","ping_status":"open","sticky":false,"template":"","format":"standard","meta":{"iawp_total_views":6,"footnotes":""},"categories":[7,1067,581,9,627,23],"tags":[5652,4372,2989,672,5653,677],"class_list":["post-67411","post","type-post","status-publish","format-standard","has-post-thumbnail","hentry","category-actividades","category-agenda-feminista","category-azul-profundo","category-de-esi-si-se-habla","category-genero-y-derechos-humanos","category-salud","tag-comunidades-indigenas","tag-destacada","tag-feim","tag-mabel-bianco","tag-ninas-no-esposass","tag-ninas-no-madres"],"nelio_content":{"autoShareEndMode":"never","automationSources":{"useCustomSentences":false,"customSentences":[]},"efiAlt":"","efiUrl":"","followers":[4],"highlights":[],"isAutoShareEnabled":true,"networkImageIds":[],"permalinkQueryArgs":[],"series":[],"suggestedReferences":[]},"yoast_head":"<!-- This site is optimized with the Yoast SEO plugin v27.5 - https:\/\/yoast.com\/product\/yoast-seo-wordpress\/ -->\n<title>Ni\u00f1as, no esposas: FEIM en Chaco para prevenir uniones tempranas - Diario Digital Femenino<\/title>\n<meta name=\"description\" content=\"Ni\u00f1as no esposas. la Dra Mabel Bianco, presidenta de la Fundaci\u00f3n FEIM y la Licenciada Cecilia Correa, estuvieron de visita en Chaco\" \/>\n<meta name=\"robots\" content=\"index, follow, max-snippet:-1, max-image-preview:large, max-video-preview:-1\" \/>\n<link rel=\"canonical\" href=\"https:\/\/diariofemenino.com.ar\/df\/ninas-no-esposas-feim-en-chaco-para-prevenir-uniones-tempranas\/\" \/>\n<meta property=\"og:locale\" content=\"es_ES\" \/>\n<meta property=\"og:type\" content=\"article\" \/>\n<meta property=\"og:title\" content=\"Ni\u00f1as, no esposas: FEIM en Chaco para prevenir uniones tempranas - Diario Digital Femenino\" \/>\n<meta property=\"og:description\" content=\"Ni\u00f1as no esposas. la Dra Mabel Bianco, presidenta de la Fundaci\u00f3n FEIM y la Licenciada Cecilia Correa, estuvieron de visita en Chaco\" \/>\n<meta property=\"og:url\" content=\"https:\/\/diariofemenino.com.ar\/df\/ninas-no-esposas-feim-en-chaco-para-prevenir-uniones-tempranas\/\" \/>\n<meta property=\"og:site_name\" content=\"Diario Digital Femenino\" \/>\n<meta property=\"article:publisher\" content=\"https:\/\/www.facebook.com\/DiarioDigitaFemenino\/\" \/>\n<meta property=\"article:published_time\" content=\"2022-12-05T21:09:01+00:00\" \/>\n<meta property=\"article:modified_time\" content=\"2022-12-05T21:18:11+00:00\" \/>\n<meta property=\"og:image\" content=\"https:\/\/diariofemenino.com.ar\/df\/wp-content\/uploads\/2022\/12\/Feim.jpg\" \/>\n\t<meta property=\"og:image:width\" content=\"569\" \/>\n\t<meta property=\"og:image:height\" content=\"315\" \/>\n\t<meta property=\"og:image:type\" content=\"image\/jpeg\" \/>\n<meta name=\"author\" content=\"Admin\" \/>\n<meta name=\"twitter:card\" content=\"summary_large_image\" \/>\n<meta name=\"twitter:creator\" content=\"@DiarioFemenino1\" \/>\n<meta name=\"twitter:site\" content=\"@DiarioFemenino1\" \/>\n<meta name=\"twitter:label1\" content=\"Escrito por\" \/>\n\t<meta name=\"twitter:data1\" content=\"Admin\" \/>\n\t<meta name=\"twitter:label2\" content=\"Tiempo de lectura\" \/>\n\t<meta name=\"twitter:data2\" content=\"3 minutos\" \/>\n<script type=\"application\/ld+json\" class=\"yoast-schema-graph\">{\"@context\":\"https:\\\/\\\/schema.org\",\"@graph\":[{\"@type\":\"Article\",\"@id\":\"https:\\\/\\\/diariofemenino.com.ar\\\/df\\\/ninas-no-esposas-feim-en-chaco-para-prevenir-uniones-tempranas\\\/#article\",\"isPartOf\":{\"@id\":\"https:\\\/\\\/diariofemenino.com.ar\\\/df\\\/ninas-no-esposas-feim-en-chaco-para-prevenir-uniones-tempranas\\\/\"},\"author\":{\"name\":\"Admin\",\"@id\":\"https:\\\/\\\/diariofemenino.com.ar\\\/df\\\/#\\\/schema\\\/person\\\/bf6199e8158c657ea6f789b11ec85509\"},\"headline\":\"Ni\u00f1as, no esposas: FEIM en Chaco para prevenir uniones tempranas\",\"datePublished\":\"2022-12-05T21:09:01+00:00\",\"dateModified\":\"2022-12-05T21:18:11+00:00\",\"mainEntityOfPage\":{\"@id\":\"https:\\\/\\\/diariofemenino.com.ar\\\/df\\\/ninas-no-esposas-feim-en-chaco-para-prevenir-uniones-tempranas\\\/\"},\"wordCount\":585,\"commentCount\":0,\"publisher\":{\"@id\":\"https:\\\/\\\/diariofemenino.com.ar\\\/df\\\/#organization\"},\"image\":{\"@id\":\"https:\\\/\\\/diariofemenino.com.ar\\\/df\\\/ninas-no-esposas-feim-en-chaco-para-prevenir-uniones-tempranas\\\/#primaryimage\"},\"thumbnailUrl\":\"https:\\\/\\\/diariofemenino.com.ar\\\/df\\\/wp-content\\\/uploads\\\/2022\\\/12\\\/Feim.jpg\",\"keywords\":[\"comunidades ind\u00edgenas\",\"Destacada\",\"FEIM\",\"Mabel Bianco\",\"Ni\u00f1as no esposass\",\"ni\u00f1as no madres\"],\"articleSection\":[\"Actividades\",\"Agenda Feminista\",\"Azul Profundo\",\"De ESI S\u00ed Se Habla\",\"G\u00e9nero y Derechos Humanos\",\"Salud\"],\"inLanguage\":\"es\",\"potentialAction\":[{\"@type\":\"CommentAction\",\"name\":\"Comment\",\"target\":[\"https:\\\/\\\/diariofemenino.com.ar\\\/df\\\/ninas-no-esposas-feim-en-chaco-para-prevenir-uniones-tempranas\\\/#respond\"]}]},{\"@type\":\"WebPage\",\"@id\":\"https:\\\/\\\/diariofemenino.com.ar\\\/df\\\/ninas-no-esposas-feim-en-chaco-para-prevenir-uniones-tempranas\\\/\",\"url\":\"https:\\\/\\\/diariofemenino.com.ar\\\/df\\\/ninas-no-esposas-feim-en-chaco-para-prevenir-uniones-tempranas\\\/\",\"name\":\"Ni\u00f1as, no esposas: FEIM en Chaco para prevenir uniones tempranas - Diario Digital Femenino\",\"isPartOf\":{\"@id\":\"https:\\\/\\\/diariofemenino.com.ar\\\/df\\\/#website\"},\"primaryImageOfPage\":{\"@id\":\"https:\\\/\\\/diariofemenino.com.ar\\\/df\\\/ninas-no-esposas-feim-en-chaco-para-prevenir-uniones-tempranas\\\/#primaryimage\"},\"image\":{\"@id\":\"https:\\\/\\\/diariofemenino.com.ar\\\/df\\\/ninas-no-esposas-feim-en-chaco-para-prevenir-uniones-tempranas\\\/#primaryimage\"},\"thumbnailUrl\":\"https:\\\/\\\/diariofemenino.com.ar\\\/df\\\/wp-content\\\/uploads\\\/2022\\\/12\\\/Feim.jpg\",\"datePublished\":\"2022-12-05T21:09:01+00:00\",\"dateModified\":\"2022-12-05T21:18:11+00:00\",\"description\":\"Ni\u00f1as no esposas. la Dra Mabel Bianco, presidenta de la Fundaci\u00f3n FEIM y la Licenciada Cecilia Correa, estuvieron de visita en Chaco\",\"breadcrumb\":{\"@id\":\"https:\\\/\\\/diariofemenino.com.ar\\\/df\\\/ninas-no-esposas-feim-en-chaco-para-prevenir-uniones-tempranas\\\/#breadcrumb\"},\"inLanguage\":\"es\",\"potentialAction\":[{\"@type\":\"ReadAction\",\"target\":[\"https:\\\/\\\/diariofemenino.com.ar\\\/df\\\/ninas-no-esposas-feim-en-chaco-para-prevenir-uniones-tempranas\\\/\"]}]},{\"@type\":\"ImageObject\",\"inLanguage\":\"es\",\"@id\":\"https:\\\/\\\/diariofemenino.com.ar\\\/df\\\/ninas-no-esposas-feim-en-chaco-para-prevenir-uniones-tempranas\\\/#primaryimage\",\"url\":\"https:\\\/\\\/diariofemenino.com.ar\\\/df\\\/wp-content\\\/uploads\\\/2022\\\/12\\\/Feim.jpg\",\"contentUrl\":\"https:\\\/\\\/diariofemenino.com.ar\\\/df\\\/wp-content\\\/uploads\\\/2022\\\/12\\\/Feim.jpg\",\"width\":569,\"height\":315,\"caption\":\"Ni\u00f1as, no esposas: FEIM en Chaco para prevenir uniones tempranas\"},{\"@type\":\"BreadcrumbList\",\"@id\":\"https:\\\/\\\/diariofemenino.com.ar\\\/df\\\/ninas-no-esposas-feim-en-chaco-para-prevenir-uniones-tempranas\\\/#breadcrumb\",\"itemListElement\":[{\"@type\":\"ListItem\",\"position\":1,\"name\":\"Portada\",\"item\":\"https:\\\/\\\/diariofemenino.com.ar\\\/df\\\/\"},{\"@type\":\"ListItem\",\"position\":2,\"name\":\"Ni\u00f1as, no esposas: FEIM en Chaco para prevenir uniones tempranas\"}]},{\"@type\":\"WebSite\",\"@id\":\"https:\\\/\\\/diariofemenino.com.ar\\\/df\\\/#website\",\"url\":\"https:\\\/\\\/diariofemenino.com.ar\\\/df\\\/\",\"name\":\"Diario Digital Femenino\",\"description\":\"Cuesti\u00f3n de G\u00e9nero\",\"publisher\":{\"@id\":\"https:\\\/\\\/diariofemenino.com.ar\\\/df\\\/#organization\"},\"potentialAction\":[{\"@type\":\"SearchAction\",\"target\":{\"@type\":\"EntryPoint\",\"urlTemplate\":\"https:\\\/\\\/diariofemenino.com.ar\\\/df\\\/?s={search_term_string}\"},\"query-input\":{\"@type\":\"PropertyValueSpecification\",\"valueRequired\":true,\"valueName\":\"search_term_string\"}}],\"inLanguage\":\"es\"},{\"@type\":\"Organization\",\"@id\":\"https:\\\/\\\/diariofemenino.com.ar\\\/df\\\/#organization\",\"name\":\"Diario Femenino\",\"url\":\"https:\\\/\\\/diariofemenino.com.ar\\\/df\\\/\",\"logo\":{\"@type\":\"ImageObject\",\"inLanguage\":\"es\",\"@id\":\"https:\\\/\\\/diariofemenino.com.ar\\\/df\\\/#\\\/schema\\\/logo\\\/image\\\/\",\"url\":\"https:\\\/\\\/diariofemenino.com.ar\\\/df\\\/wp-content\\\/uploads\\\/2018\\\/10\\\/logo.png\",\"contentUrl\":\"https:\\\/\\\/diariofemenino.com.ar\\\/df\\\/wp-content\\\/uploads\\\/2018\\\/10\\\/logo.png\",\"width\":500,\"height\":92,\"caption\":\"Diario Femenino\"},\"image\":{\"@id\":\"https:\\\/\\\/diariofemenino.com.ar\\\/df\\\/#\\\/schema\\\/logo\\\/image\\\/\"},\"sameAs\":[\"https:\\\/\\\/www.facebook.com\\\/DiarioDigitaFemenino\\\/\",\"https:\\\/\\\/x.com\\\/DiarioFemenino1\"]},{\"@type\":\"Person\",\"@id\":\"https:\\\/\\\/diariofemenino.com.ar\\\/df\\\/#\\\/schema\\\/person\\\/bf6199e8158c657ea6f789b11ec85509\",\"name\":\"Admin\",\"image\":{\"@type\":\"ImageObject\",\"inLanguage\":\"es\",\"@id\":\"https:\\\/\\\/diariofemenino.com.ar\\\/df\\\/wp-content\\\/uploads\\\/2018\\\/12\\\/favicon-150x150.jpg\",\"url\":\"https:\\\/\\\/diariofemenino.com.ar\\\/df\\\/wp-content\\\/uploads\\\/2018\\\/12\\\/favicon-150x150.jpg\",\"contentUrl\":\"https:\\\/\\\/diariofemenino.com.ar\\\/df\\\/wp-content\\\/uploads\\\/2018\\\/12\\\/favicon-150x150.jpg\",\"caption\":\"Admin\"},\"url\":\"https:\\\/\\\/diariofemenino.com.ar\\\/df\\\/author\\\/lenny\\\/\"}]}<\/script>\n<!-- \/ Yoast SEO plugin. -->","yoast_head_json":{"title":"Ni\u00f1as, no esposas: FEIM en Chaco para prevenir uniones tempranas - Diario Digital Femenino","description":"Ni\u00f1as no esposas. la Dra Mabel Bianco, presidenta de la Fundaci\u00f3n FEIM y la Licenciada Cecilia Correa, estuvieron de visita en Chaco","robots":{"index":"index","follow":"follow","max-snippet":"max-snippet:-1","max-image-preview":"max-image-preview:large","max-video-preview":"max-video-preview:-1"},"canonical":"https:\/\/diariofemenino.com.ar\/df\/ninas-no-esposas-feim-en-chaco-para-prevenir-uniones-tempranas\/","og_locale":"es_ES","og_type":"article","og_title":"Ni\u00f1as, no esposas: FEIM en Chaco para prevenir uniones tempranas - Diario Digital Femenino","og_description":"Ni\u00f1as no esposas. la Dra Mabel Bianco, presidenta de la Fundaci\u00f3n FEIM y la Licenciada Cecilia Correa, estuvieron de visita en Chaco","og_url":"https:\/\/diariofemenino.com.ar\/df\/ninas-no-esposas-feim-en-chaco-para-prevenir-uniones-tempranas\/","og_site_name":"Diario Digital Femenino","article_publisher":"https:\/\/www.facebook.com\/DiarioDigitaFemenino\/","article_published_time":"2022-12-05T21:09:01+00:00","article_modified_time":"2022-12-05T21:18:11+00:00","og_image":[{"width":569,"height":315,"url":"https:\/\/diariofemenino.com.ar\/df\/wp-content\/uploads\/2022\/12\/Feim.jpg","type":"image\/jpeg"}],"author":"Admin","twitter_card":"summary_large_image","twitter_creator":"@DiarioFemenino1","twitter_site":"@DiarioFemenino1","twitter_misc":{"Escrito por":"Admin","Tiempo de lectura":"3 minutos"},"schema":{"@context":"https:\/\/schema.org","@graph":[{"@type":"Article","@id":"https:\/\/diariofemenino.com.ar\/df\/ninas-no-esposas-feim-en-chaco-para-prevenir-uniones-tempranas\/#article","isPartOf":{"@id":"https:\/\/diariofemenino.com.ar\/df\/ninas-no-esposas-feim-en-chaco-para-prevenir-uniones-tempranas\/"},"author":{"name":"Admin","@id":"https:\/\/diariofemenino.com.ar\/df\/#\/schema\/person\/bf6199e8158c657ea6f789b11ec85509"},"headline":"Ni\u00f1as, no esposas: FEIM en Chaco para prevenir uniones tempranas","datePublished":"2022-12-05T21:09:01+00:00","dateModified":"2022-12-05T21:18:11+00:00","mainEntityOfPage":{"@id":"https:\/\/diariofemenino.com.ar\/df\/ninas-no-esposas-feim-en-chaco-para-prevenir-uniones-tempranas\/"},"wordCount":585,"commentCount":0,"publisher":{"@id":"https:\/\/diariofemenino.com.ar\/df\/#organization"},"image":{"@id":"https:\/\/diariofemenino.com.ar\/df\/ninas-no-esposas-feim-en-chaco-para-prevenir-uniones-tempranas\/#primaryimage"},"thumbnailUrl":"https:\/\/diariofemenino.com.ar\/df\/wp-content\/uploads\/2022\/12\/Feim.jpg","keywords":["comunidades ind\u00edgenas","Destacada","FEIM","Mabel Bianco","Ni\u00f1as no esposass","ni\u00f1as no madres"],"articleSection":["Actividades","Agenda Feminista","Azul Profundo","De ESI S\u00ed Se Habla","G\u00e9nero y Derechos Humanos","Salud"],"inLanguage":"es","potentialAction":[{"@type":"CommentAction","name":"Comment","target":["https:\/\/diariofemenino.com.ar\/df\/ninas-no-esposas-feim-en-chaco-para-prevenir-uniones-tempranas\/#respond"]}]},{"@type":"WebPage","@id":"https:\/\/diariofemenino.com.ar\/df\/ninas-no-esposas-feim-en-chaco-para-prevenir-uniones-tempranas\/","url":"https:\/\/diariofemenino.com.ar\/df\/ninas-no-esposas-feim-en-chaco-para-prevenir-uniones-tempranas\/","name":"Ni\u00f1as, no esposas: FEIM en Chaco para prevenir uniones tempranas - Diario Digital Femenino","isPartOf":{"@id":"https:\/\/diariofemenino.com.ar\/df\/#website"},"primaryImageOfPage":{"@id":"https:\/\/diariofemenino.com.ar\/df\/ninas-no-esposas-feim-en-chaco-para-prevenir-uniones-tempranas\/#primaryimage"},"image":{"@id":"https:\/\/diariofemenino.com.ar\/df\/ninas-no-esposas-feim-en-chaco-para-prevenir-uniones-tempranas\/#primaryimage"},"thumbnailUrl":"https:\/\/diariofemenino.com.ar\/df\/wp-content\/uploads\/2022\/12\/Feim.jpg","datePublished":"2022-12-05T21:09:01+00:00","dateModified":"2022-12-05T21:18:11+00:00","description":"Ni\u00f1as no esposas. la Dra Mabel Bianco, presidenta de la Fundaci\u00f3n FEIM y la Licenciada Cecilia Correa, estuvieron de visita en Chaco","breadcrumb":{"@id":"https:\/\/diariofemenino.com.ar\/df\/ninas-no-esposas-feim-en-chaco-para-prevenir-uniones-tempranas\/#breadcrumb"},"inLanguage":"es","potentialAction":[{"@type":"ReadAction","target":["https:\/\/diariofemenino.com.ar\/df\/ninas-no-esposas-feim-en-chaco-para-prevenir-uniones-tempranas\/"]}]},{"@type":"ImageObject","inLanguage":"es","@id":"https:\/\/diariofemenino.com.ar\/df\/ninas-no-esposas-feim-en-chaco-para-prevenir-uniones-tempranas\/#primaryimage","url":"https:\/\/diariofemenino.com.ar\/df\/wp-content\/uploads\/2022\/12\/Feim.jpg","contentUrl":"https:\/\/diariofemenino.com.ar\/df\/wp-content\/uploads\/2022\/12\/Feim.jpg","width":569,"height":315,"caption":"Ni\u00f1as, no esposas: FEIM en Chaco para prevenir uniones tempranas"},{"@type":"BreadcrumbList","@id":"https:\/\/diariofemenino.com.ar\/df\/ninas-no-esposas-feim-en-chaco-para-prevenir-uniones-tempranas\/#breadcrumb","itemListElement":[{"@type":"ListItem","position":1,"name":"Portada","item":"https:\/\/diariofemenino.com.ar\/df\/"},{"@type":"ListItem","position":2,"name":"Ni\u00f1as, no esposas: FEIM en Chaco para prevenir uniones tempranas"}]},{"@type":"WebSite","@id":"https:\/\/diariofemenino.com.ar\/df\/#website","url":"https:\/\/diariofemenino.com.ar\/df\/","name":"Diario Digital Femenino","description":"Cuesti\u00f3n de G\u00e9nero","publisher":{"@id":"https:\/\/diariofemenino.com.ar\/df\/#organization"},"potentialAction":[{"@type":"SearchAction","target":{"@type":"EntryPoint","urlTemplate":"https:\/\/diariofemenino.com.ar\/df\/?s={search_term_string}"},"query-input":{"@type":"PropertyValueSpecification","valueRequired":true,"valueName":"search_term_string"}}],"inLanguage":"es"},{"@type":"Organization","@id":"https:\/\/diariofemenino.com.ar\/df\/#organization","name":"Diario Femenino","url":"https:\/\/diariofemenino.com.ar\/df\/","logo":{"@type":"ImageObject","inLanguage":"es","@id":"https:\/\/diariofemenino.com.ar\/df\/#\/schema\/logo\/image\/","url":"https:\/\/diariofemenino.com.ar\/df\/wp-content\/uploads\/2018\/10\/logo.png","contentUrl":"https:\/\/diariofemenino.com.ar\/df\/wp-content\/uploads\/2018\/10\/logo.png","width":500,"height":92,"caption":"Diario Femenino"},"image":{"@id":"https:\/\/diariofemenino.com.ar\/df\/#\/schema\/logo\/image\/"},"sameAs":["https:\/\/www.facebook.com\/DiarioDigitaFemenino\/","https:\/\/x.com\/DiarioFemenino1"]},{"@type":"Person","@id":"https:\/\/diariofemenino.com.ar\/df\/#\/schema\/person\/bf6199e8158c657ea6f789b11ec85509","name":"Admin","image":{"@type":"ImageObject","inLanguage":"es","@id":"https:\/\/diariofemenino.com.ar\/df\/wp-content\/uploads\/2018\/12\/favicon-150x150.jpg","url":"https:\/\/diariofemenino.com.ar\/df\/wp-content\/uploads\/2018\/12\/favicon-150x150.jpg","contentUrl":"https:\/\/diariofemenino.com.ar\/df\/wp-content\/uploads\/2018\/12\/favicon-150x150.jpg","caption":"Admin"},"url":"https:\/\/diariofemenino.com.ar\/df\/author\/lenny\/"}]}},"jetpack_featured_media_url":"https:\/\/diariofemenino.com.ar\/df\/wp-content\/uploads\/2022\/12\/Feim.jpg","jetpack_sharing_enabled":true,"rttpg_featured_image_url":{"full":["https:\/\/diariofemenino.com.ar\/df\/wp-content\/uploads\/2022\/12\/Feim.jpg",569,315,false],"landscape":["https:\/\/diariofemenino.com.ar\/df\/wp-content\/uploads\/2022\/12\/Feim.jpg",569,315,false],"portraits":["https:\/\/diariofemenino.com.ar\/df\/wp-content\/uploads\/2022\/12\/Feim.jpg",569,315,false],"thumbnail":["https:\/\/diariofemenino.com.ar\/df\/wp-content\/uploads\/2022\/12\/Feim-150x150.jpg",150,150,true],"medium":["https:\/\/diariofemenino.com.ar\/df\/wp-content\/uploads\/2022\/12\/Feim-300x166.jpg",300,166,true],"large":["https:\/\/diariofemenino.com.ar\/df\/wp-content\/uploads\/2022\/12\/Feim.jpg",569,315,false],"1536x1536":["https:\/\/diariofemenino.com.ar\/df\/wp-content\/uploads\/2022\/12\/Feim.jpg",569,315,false],"2048x2048":["https:\/\/diariofemenino.com.ar\/df\/wp-content\/uploads\/2022\/12\/Feim.jpg",569,315,false]},"rttpg_author":{"display_name":"Admin","author_link":"https:\/\/diariofemenino.com.ar\/df\/author\/lenny\/"},"rttpg_comment":0,"rttpg_category":"<a href=\"https:\/\/diariofemenino.com.ar\/df\/category\/actividades\/\" rel=\"category tag\">Actividades<\/a> <a href=\"https:\/\/diariofemenino.com.ar\/df\/category\/agenda-feminista\/\" rel=\"category tag\">Agenda Feminista<\/a> <a href=\"https:\/\/diariofemenino.com.ar\/df\/category\/azul-profundo\/\" rel=\"category tag\">Azul Profundo<\/a> <a href=\"https:\/\/diariofemenino.com.ar\/df\/category\/de-esi-si-se-habla\/\" rel=\"category tag\">De ESI S\u00ed Se Habla<\/a> <a href=\"https:\/\/diariofemenino.com.ar\/df\/category\/genero-y-derechos-humanos\/\" rel=\"category tag\">G\u00e9nero y Derechos Humanos<\/a> <a href=\"https:\/\/diariofemenino.com.ar\/df\/category\/salud\/\" rel=\"category tag\">Salud<\/a>","rttpg_excerpt":"Ni\u00f1as, no esposas. Visita al NEA El lunes 28 y el martes 29 de noviembre la Dra Mabel Bianco, presidenta de la Fundaci\u00f3n para Estudio e Investigaci\u00f3n de la Mujer (FEIM) y la Licenciada Cecilia Correa, responsable de Proyectos de la misma organizaci\u00f3n, estuvieron de visita en Chaco donde sostuvieron importantes reuniones tanto con la&hellip;","_links":{"self":[{"href":"https:\/\/diariofemenino.com.ar\/df\/wp-json\/wp\/v2\/posts\/67411","targetHints":{"allow":["GET"]}}],"collection":[{"href":"https:\/\/diariofemenino.com.ar\/df\/wp-json\/wp\/v2\/posts"}],"about":[{"href":"https:\/\/diariofemenino.com.ar\/df\/wp-json\/wp\/v2\/types\/post"}],"author":[{"embeddable":true,"href":"https:\/\/diariofemenino.com.ar\/df\/wp-json\/wp\/v2\/users\/4"}],"replies":[{"embeddable":true,"href":"https:\/\/diariofemenino.com.ar\/df\/wp-json\/wp\/v2\/comments?post=67411"}],"version-history":[{"count":0,"href":"https:\/\/diariofemenino.com.ar\/df\/wp-json\/wp\/v2\/posts\/67411\/revisions"}],"wp:featuredmedia":[{"embeddable":true,"href":"https:\/\/diariofemenino.com.ar\/df\/wp-json\/wp\/v2\/media\/67413"}],"wp:attachment":[{"href":"https:\/\/diariofemenino.com.ar\/df\/wp-json\/wp\/v2\/media?parent=67411"}],"wp:term":[{"taxonomy":"category","embeddable":true,"href":"https:\/\/diariofemenino.com.ar\/df\/wp-json\/wp\/v2\/categories?post=67411"},{"taxonomy":"post_tag","embeddable":true,"href":"https:\/\/diariofemenino.com.ar\/df\/wp-json\/wp\/v2\/tags?post=67411"}],"curies":[{"name":"wp","href":"https:\/\/api.w.org\/{rel}","templated":true}]}}