{"id":67167,"date":"2022-11-18T13:50:25","date_gmt":"2022-11-18T16:50:25","guid":{"rendered":"https:\/\/diariofemenino.com.ar\/df\/?p=67167"},"modified":"2022-11-18T13:50:25","modified_gmt":"2022-11-18T16:50:25","slug":"la-mano-en-la-lata-de-las-personas-mayores","status":"publish","type":"post","link":"https:\/\/diariofemenino.com.ar\/df\/la-mano-en-la-lata-de-las-personas-mayores\/","title":{"rendered":"La mano en la lata de las personas mayores"},"content":{"rendered":"<p>La violencia econ\u00f3mica hacia las personas mayores es un tema espec\u00edfico que debe ser estudiado para su comprensi\u00f3n, detecci\u00f3n e intervenci\u00f3n. Cuando un pariente mete la mano en la lata en los recursos de las personas mayores est\u00e1 ejerciendo un supuesto que encuadrar\u00eda como de violencia econ\u00f3mica que implica un menoscabo en sus bienes\u00a0 y eventualmente una afectaci\u00f3n en su bienestar personal.<\/p>\n<p>Por\u00a0<a href=\"https:\/\/diariofemenino.com.ar\/df\/?s=Diego+Ortiz\">Diego Oscar Ortiz<\/a>*<\/p>\n<p>Envejecer es un proceso din\u00e1mico, natural y continuo, con cambios biol\u00f3gicos, psicol\u00f3gicos y sociales, que se desarrolla durante toda la vida, influido por factores end\u00f3genos y ex\u00f3genos, que en conjunto determinan manifestaciones heterog\u00e9neas. A su vez \u201ccada cultura produce su propio tipo de envejecimiento\u201d(a), conformando un imaginario colectivo con ideas que funcionan como mitos y prejuicios, que si est\u00e1n centrados en el d\u00e9ficit y la incapacidad, configuran actitudes negativas y conductas que por acci\u00f3n u omisi\u00f3n provocar\u00e1n maltrato hacia el adulto mayor. Una sociedad consumista que valora el \u201ctener\u201d, \u201cproducir\u201d, la est\u00e9tica y poder\u00edo f\u00edsicos, la prevalencia de contacto tecnol\u00f3gico, ubica a personas mayores en un lugar de aislamiento, discriminaci\u00f3n y desvalorizaci\u00f3n, posici\u00f3n que ha sido diferente a otras \u00e9pocas<a href=\"#_ftn1\" name=\"_ftnref1\"><sup>[1]<\/sup><\/a>.<\/p>\n<figure id=\"attachment_67171\" aria-describedby=\"caption-attachment-67171\" style=\"width: 600px\" class=\"wp-caption aligncenter\"><img loading=\"lazy\" decoding=\"async\" class=\"size-full wp-image-67171\" src=\"https:\/\/diariofemenino.com.ar\/df\/wp-content\/uploads\/2022\/11\/Foto_-_Manos_anciana.jpeg\" alt=\"La mano en la lata de las personas mayores \" width=\"600\" height=\"450\" srcset=\"https:\/\/diariofemenino.com.ar\/df\/wp-content\/uploads\/2022\/11\/Foto_-_Manos_anciana.jpeg 600w, https:\/\/diariofemenino.com.ar\/df\/wp-content\/uploads\/2022\/11\/Foto_-_Manos_anciana-300x225.jpeg 300w\" sizes=\"auto, (max-width: 600px) 100vw, 600px\" \/><figcaption id=\"caption-attachment-67171\" class=\"wp-caption-text\">La mano en la lata de las personas mayores<\/figcaption><\/figure>\n<p>Con respecto al marco normativo, las leyes de protecci\u00f3n contra la violencia familiar generalmente mencionan a las personas mayores en el tema de la legitimaci\u00f3n activa como si fuera un incapaz para denunciar y necesitara de alg\u00fan representante legal para hacerlo cuando sabemos que no hay impedimento legal alguno para que pueda realizar la denuncia por s\u00ed mismo<a href=\"#_ftn2\" name=\"_ftnref2\"><sup>[2]<\/sup><\/a>.<\/p>\n<p>Es inevitable hacer un an\u00e1lisis de las personas mayores sin perspectiva de g\u00e9nero. El g\u00e9nero y la edad son dos variables que se entrecruzan en los casos de violencia hacia las personas mayores<a href=\"#_ftn3\" name=\"_ftnref3\">[3]<\/a>. Por eso las herramientas legales nacionales e internacionales deben contemplar esta situaci\u00f3n para evitar descontextualizar los hechos de su aplicaci\u00f3n\u00a0 normativa espec\u00edfica.<\/p>\n<p>La Recomendaci\u00f3n nro. 27 del Comit\u00e9 de la CEDAW \u00a0reconoce que las mujeres de edad no constituyen un grupo homog\u00e9neo. Si bien tanto el hombre como la mujer son objeto de discriminaci\u00f3n a medida que envejecen, las mujeres viven el envejecimiento de distinta forma. El efecto de las desigualdades de g\u00e9nero a lo largo de la vida se agrava con la vejez y con frecuencia se basa en normas culturales y sociales hondamente arraigadas. La discriminaci\u00f3n que sufren las mujeres de edad suele ser el resultado de una distribuci\u00f3n injusta de recursos, malos tratos, abandono y restricci\u00f3n del acceso a servicios b\u00e1sicos. Asimismo la Recomendaci\u00f3n plantea que muchas mujeres de edad reciben un trato desatento, porque se piensa que ya no son \u00fatiles ni desde el punto de vista econ\u00f3mico ni reproductivo y se las considera una carga para la familia. Las mujeres de edad son especialmente vulnerables a la explotaci\u00f3n y los abusos, en particular de orden econ\u00f3mico, cuando su capacidad jur\u00eddica se supedita a la actuaci\u00f3n de abogados o miembros de la familia sin su consentimiento.<\/p>\n<p>El art 9 de la Convenci\u00f3n interamericana para prevenir, sancionar y erradicar la violencia contra la mujer Belem do Para establece que para la adopci\u00f3n de las medidas (como podr\u00edan ser las de protecci\u00f3n en el Procedimiento de Violencia Familiar), los Estados Partes tendr\u00e1n especialmente en cuenta la situaci\u00f3n de vulnerabilidad a la violencia que pueda sufrir la mujer&#8230;\u00a0 Seguidamente menciona a la mujer anciana.<\/p>\n<p>La Regla 3 de Brasilia dentro de las causas de vulnerabilidad incluye al g\u00e9nero y la edad.\u00a0 La Regla 6 expresa que el envejecimiento tambi\u00e9n puede constituir una causa de vulnerabilidad cuando la persona adulta mayor encuentre especiales dificultades, atendiendo a sus capacidades funcionales y\/o barreras producto del entorno econ\u00f3mico y social, para ejercitar sus derechos ante el sistema de justicia, con pleno respeto a su dignidad.<\/p>\n<p>La Ley 5420 de Prevenci\u00f3n y Protecci\u00f3n Integral contra Abuso y Maltrato a los Adultos Mayores de CABA, establece en el art. 5 entre los tipos de maltrato, el econ\u00f3mico\/patrimonial que implica el robo, el uso ilegal o inapropiado de las propiedades, bienes o recursos de un adulto mayor, y \/ o obligarle a cambiar disposiciones testamentarias, que den por resultado un perjuicio para \u00e9l y un beneficio para otra persona. \u00a0La explicaci\u00f3n de este tipo de violencia es espec\u00edfica y novedosa porque contiene t\u00e9rminos de otras ramas del derecho, como el derecho penal, al mencionar el delito de robo, y el derecho sucesorio, al plantear como maltrato la obligaci\u00f3n de cambio de las disposiciones testamentarias.<\/p>\n<p>La Convenci\u00f3n Interamericana sobre la Protecci\u00f3n de los Derechos Humanos de las Personas Mayores, responde a necesidades espec\u00edficas de las personas mayores de 60 a\u00f1os. Fomenta el envejecimiento activo, y aborda la vejez y el envejecimiento desde una perspectiva de los derechos humanos, llenando un vac\u00edo en el marco legal. El art 9 se titula, \u201cderecho a la seguridad y a una vida sin ning\u00fan tipo de violencia\u201d y \u00a0menciona el derecho a recibir un trato digno, independientemente de la\u2026 posici\u00f3n socio-econ\u00f3mica\u2026su contribuci\u00f3n econ\u00f3mica o cualquier otra condici\u00f3n.\u00a0 Se entender\u00e1 por violencia contra la persona mayor\u2026el abuso financiero y patrimonial, la explotaci\u00f3n laboral y toda forma de abandono o negligencia<a href=\"#_ftn4\" name=\"_ftnref4\">[4]<\/a>.<\/p>\n<p>Muchos supuestos espec\u00edficos cruzan el concepto de violencia econ\u00f3mica como el menoscabo de los recursos econ\u00f3micos y patrimoniales con el derecho a la salud de las personas mayores. Este es un fundamento convincente para afirmar que no son cuestiones exclusivamente patrimoniales, sino que inciden en los derechos personal\u00edsimos de estas personas, ya que el no contar con los recursos necesarios podr\u00eda afectar directamente su salud. Algunos supuestos son:<\/p>\n<ol>\n<li>La negaci\u00f3n de alimentos, prescriptos o no por el o la profesional de la medicina que atiende o no regularmente a la persona mayor.<\/li>\n<li>La negaci\u00f3n de suministro de medicaci\u00f3n para iniciar o continuar un tratamiento. Esto claramente interrumpir\u00eda el eventual bienestar de la persona y afectar\u00eda su salud. Tengamos en cuenta que muchas veces no hay vueltas atr\u00e1s en la recuperaci\u00f3n y restablecimiento de la persona.<\/li>\n<li>La inconsistencia total o irregular en la asistencia m\u00e9dica impidiendo un control o seguimiento de la salud de la persona mayor.<\/li>\n<li>La apropiaci\u00f3n de la jubilaci\u00f3n para beneficio personal y no para beneficio econ\u00f3mico de la persona mayor.<\/li>\n<li>La actividad il\u00edcita o simulada para apropiarse del dinero de la persona mayor (como pedir pr\u00e9stamos a nombre de la mujer mayor, forzarla a comprar bienes con su dinero, contraer matrimonio, etc.).<\/li>\n<li>La Limitaci\u00f3n del recurso vivienda, en donde muchas veces la persona mayor es la titular registral del bien inmueble y no tiene ninguna disposici\u00f3n sobre el mismo. Inicialmente recibe parientes en su hogar, pero con el tiempo va cediendo espacios ya sea por su propia voluntad o forzado por los dem\u00e1s habitantes.<\/li>\n<\/ol>\n<p>Tendr\u00edamos que analizar aparte ese concepto de forzamiento que podr\u00eda incluir situaciones de violencia ambiental, psicol\u00f3gica o f\u00edsica como destrucciones de objetos, empujones, cachetazos, insultos, etc.<\/p>\n<ol>\n<li>Relacionado al supuesto anterior, otro ejemplo puede ser el abuso del uso y goce de la vivienda limitando cualquier participaci\u00f3n de la persona.<\/li>\n<\/ol>\n<p>En este caso, no solo se lo a\u00edsla de las redes familiares y\/ o sociales sino que no se le da ning\u00fan tipo de injerencia en las decisiones que se toman en la vivienda.<\/p>\n<ol>\n<li>La ocultaci\u00f3n, destrucci\u00f3n o deterioro de bienes.<\/li>\n<li>La obligaci\u00f3n de cambiar las disposiciones testamentarias como lo sostiene la ley 5420. Hay un aprovechamiento de la voluntad de la persona y una intencionalidad de captar su herencia. Este supuesto puede ir en convergencia con otros tipos de violencia, como la violencia f\u00edsica y psicol\u00f3gica.<\/li>\n<li>El delito especial de reducci\u00f3n a servidumbre en caso de personas mayores, lo que requiere aunar conceptos del derecho penal, el derecho de las familias y aportes de la tem\u00e1tica misma. (el caso del hombre mayor que vend\u00eda caramelos de la Rotonda de Alpargatas)<a href=\"#_ftn5\" name=\"_ftnref5\"><sup>[5]<\/sup><\/a>.<\/li>\n<\/ol>\n<p>Como cierre, debemos trabajar en estos supuestos particulares en raz\u00f3n de la edad y el tipo de violencia.<\/p>\n<p>(*) Abogado, Profesor Universitario en Ciencias Jur\u00eddicas,\u00a0 Especialista en Violencia Familiar, autor de libros y art\u00edculos de su especialidad. Columnista de\u00a0<a href=\"https:\/\/www.instagram.com\/diariodigitalfemenino_\/\">Diario Digital Femenino<\/a>.<\/p>\n<p><a href=\"#_ftnref1\" name=\"_ftn1\">[1]<\/a> CABITO, Silvia, ORTIZ, Diego, La Apropiaci\u00f3n de la jubilaci\u00f3n como una manera de ejercer violencia econ\u00f3mica, 22\/04\/18, Revista de Pensamiento\u00a0 Civil, <a href=\"https:\/\/www.pensamientocivil.com.ar\/doctrina\/3535-apropiacion-jubilacion-como-una-manera-ejercer-violencia-economica\">https:\/\/www.pensamientocivil.com.ar\/doctrina\/3535-apropiacion-jubilacion-como-una-manera-ejercer-violencia-economica<\/a>.<\/p>\n<p><a href=\"#_ftnref2\" name=\"_ftn2\">[2]<\/a> Se relaciona con un trabajo, Ortiz, Diego O, \u201cLa reconceptualizaci\u00f3n de un tipo de violencia en caso de adultos mayores\u201d, Tratado de la vulnerabilidad dirigido por los Dres. \u00darsula Basset, Hughes Fulchiron, Christine Bidaud Garon y Jorge Laferriere, La Ley, 2017, p\u00e1g. 951. CABITO, Silvia, ORTIZ, Diego, La Apropiaci\u00f3n de la jubilaci\u00f3n como una manera de ejercer violencia econ\u00f3mica, 22\/04\/18, Revista de Pensamiento\u00a0 Civil, <a href=\"https:\/\/www.pensamientocivil.com.ar\/doctrina\/3535-apropiacion-jubilacion-como-una-manera-ejercer-violencia-economica\">https:\/\/www.pensamientocivil.com.ar\/doctrina\/3535-apropiacion-jubilacion-como-una-manera-ejercer-violencia-economica<\/a>.<\/p>\n<p><a href=\"#_ftnref3\" name=\"_ftn3\">[3]<\/a> VASQUEZ, Alejandra, \u201cLa violencia hacia los adultos mayores\u201d, El Derecho, julio \/2016, p\u00e1g. 26.<\/p>\n<p><a href=\"#_ftnref4\" name=\"_ftn4\">[4]<\/a> CABITO, Silvia, ORTIZ, Diego, La Apropiaci\u00f3n de la jubilaci\u00f3n como una manera de ejercer violencia econ\u00f3mica, 22\/04\/18, Revista de Pensamiento\u00a0 Civil, <a href=\"https:\/\/www.pensamientocivil.com.ar\/doctrina\/3535-apropiacion-jubilacion-como-una-manera-ejercer-violencia-economica\">https:\/\/www.pensamientocivil.com.ar\/doctrina\/3535-apropiacion-jubilacion-como-una-manera-ejercer-violencia-economica<\/a>.<\/p>\n<p><a href=\"#_ftnref5\" name=\"_ftn5\">[5]<\/a> El abuelo de los caramelos, El jubilado que era esclavizado y logro escapar, Diario Popular, El Quilme\u00f1o, 19\/09\/17, <a href=\"https:\/\/www.diariopopular.com.ar\/quilmeno\/el-abuelo-los-caramelos-el-jubilado-que-era-esclavizado-y-logro-escapar-n320930\">https:\/\/www.diariopopular.com.ar\/quilmeno\/el-abuelo-los-caramelos-el-jubilado-que-era-esclavizado-y-logro-escapar-n320930<\/a>.<\/p>\n","protected":false},"excerpt":{"rendered":"<p>La violencia econ\u00f3mica hacia las personas mayores es un tema espec\u00edfico que debe ser estudiado para su comprensi\u00f3n, detecci\u00f3n e intervenci\u00f3n. Cuando un pariente mete la mano en la lata en los recursos de las personas mayores est\u00e1 ejerciendo un supuesto que encuadrar\u00eda como de violencia econ\u00f3mica que implica un menoscabo en sus bienes\u00a0 y [&hellip;]<\/p>\n","protected":false},"author":4,"featured_media":67170,"comment_status":"open","ping_status":"open","sticky":false,"template":"","format":"standard","meta":{"iawp_total_views":84,"footnotes":""},"categories":[178,627,23,592],"tags":[5623,3561,5624,4372,3525,5621,5171,5625,1560,5622,173],"class_list":["post-67167","post","type-post","status-publish","format-standard","has-post-thumbnail","hentry","category-articulos-y-comunicados","category-genero-y-derechos-humanos","category-salud","category-violencias","tag-adedismo","tag-alimentos","tag-aprovechamiento","tag-destacada","tag-diego-oscar-ortiz","tag-lata","tag-manos","tag-medicacion","tag-personas-mayores","tag-vacio","tag-violencia-economica"],"nelio_content":{"autoShareEndMode":"never","automationSources":{"useCustomSentences":false,"customSentences":[]},"efiAlt":"","efiUrl":"","followers":[4],"highlights":[],"isAutoShareEnabled":true,"networkImageIds":[],"permalinkQueryArgs":[],"series":[],"suggestedReferences":[]},"yoast_head":"<!-- This site is optimized with the Yoast SEO plugin v27.5 - https:\/\/yoast.com\/product\/yoast-seo-wordpress\/ -->\n<title>La mano en la lata de las personas mayores - Diario Digital Femenino<\/title>\n<meta name=\"description\" content=\"La mano en la lata\" \/>\n<meta name=\"robots\" content=\"index, follow, max-snippet:-1, max-image-preview:large, max-video-preview:-1\" \/>\n<link rel=\"canonical\" href=\"https:\/\/diariofemenino.com.ar\/df\/la-mano-en-la-lata-de-las-personas-mayores\/\" \/>\n<meta property=\"og:locale\" content=\"es_ES\" \/>\n<meta property=\"og:type\" content=\"article\" \/>\n<meta property=\"og:title\" content=\"La mano en la lata de las personas mayores - Diario Digital Femenino\" \/>\n<meta property=\"og:description\" content=\"La mano en la lata\" \/>\n<meta property=\"og:url\" content=\"https:\/\/diariofemenino.com.ar\/df\/la-mano-en-la-lata-de-las-personas-mayores\/\" \/>\n<meta property=\"og:site_name\" content=\"Diario Digital Femenino\" \/>\n<meta property=\"article:publisher\" content=\"https:\/\/www.facebook.com\/DiarioDigitaFemenino\/\" \/>\n<meta property=\"article:published_time\" content=\"2022-11-18T16:50:25+00:00\" \/>\n<meta property=\"og:image\" content=\"https:\/\/diariofemenino.com.ar\/df\/wp-content\/uploads\/2022\/11\/5603dcc5f2fd5.jpg\" \/>\n\t<meta property=\"og:image:width\" content=\"855\" \/>\n\t<meta property=\"og:image:height\" content=\"912\" \/>\n\t<meta property=\"og:image:type\" content=\"image\/jpeg\" \/>\n<meta name=\"author\" content=\"Admin\" \/>\n<meta name=\"twitter:card\" content=\"summary_large_image\" \/>\n<meta name=\"twitter:creator\" content=\"@DiarioFemenino1\" \/>\n<meta name=\"twitter:site\" content=\"@DiarioFemenino1\" \/>\n<meta name=\"twitter:label1\" content=\"Escrito por\" \/>\n\t<meta name=\"twitter:data1\" content=\"Admin\" \/>\n\t<meta name=\"twitter:label2\" content=\"Tiempo de lectura\" \/>\n\t<meta name=\"twitter:data2\" content=\"8 minutos\" \/>\n<script type=\"application\/ld+json\" class=\"yoast-schema-graph\">{\"@context\":\"https:\\\/\\\/schema.org\",\"@graph\":[{\"@type\":\"Article\",\"@id\":\"https:\\\/\\\/diariofemenino.com.ar\\\/df\\\/la-mano-en-la-lata-de-las-personas-mayores\\\/#article\",\"isPartOf\":{\"@id\":\"https:\\\/\\\/diariofemenino.com.ar\\\/df\\\/la-mano-en-la-lata-de-las-personas-mayores\\\/\"},\"author\":{\"name\":\"Admin\",\"@id\":\"https:\\\/\\\/diariofemenino.com.ar\\\/df\\\/#\\\/schema\\\/person\\\/bf6199e8158c657ea6f789b11ec85509\"},\"headline\":\"La mano en la lata de las personas mayores\",\"datePublished\":\"2022-11-18T16:50:25+00:00\",\"mainEntityOfPage\":{\"@id\":\"https:\\\/\\\/diariofemenino.com.ar\\\/df\\\/la-mano-en-la-lata-de-las-personas-mayores\\\/\"},\"wordCount\":1620,\"commentCount\":0,\"publisher\":{\"@id\":\"https:\\\/\\\/diariofemenino.com.ar\\\/df\\\/#organization\"},\"image\":{\"@id\":\"https:\\\/\\\/diariofemenino.com.ar\\\/df\\\/la-mano-en-la-lata-de-las-personas-mayores\\\/#primaryimage\"},\"thumbnailUrl\":\"https:\\\/\\\/diariofemenino.com.ar\\\/df\\\/wp-content\\\/uploads\\\/2022\\\/11\\\/5603dcc5f2fd5.jpg\",\"keywords\":[\"Adedismo\",\"Alimentos\",\"Aprovechamiento\",\"Destacada\",\"Diego Oscar Ortiz\",\"Lata\",\"Manos\",\"medicaci\u00f3n\",\"Personas mayores\",\"Vac\u00edo\",\"Violencia econ\u00f3mica\"],\"articleSection\":[\"Art\u00edculos y Comunicados\",\"G\u00e9nero y Derechos Humanos\",\"Salud\",\"Violencias\"],\"inLanguage\":\"es\",\"potentialAction\":[{\"@type\":\"CommentAction\",\"name\":\"Comment\",\"target\":[\"https:\\\/\\\/diariofemenino.com.ar\\\/df\\\/la-mano-en-la-lata-de-las-personas-mayores\\\/#respond\"]}]},{\"@type\":\"WebPage\",\"@id\":\"https:\\\/\\\/diariofemenino.com.ar\\\/df\\\/la-mano-en-la-lata-de-las-personas-mayores\\\/\",\"url\":\"https:\\\/\\\/diariofemenino.com.ar\\\/df\\\/la-mano-en-la-lata-de-las-personas-mayores\\\/\",\"name\":\"La mano en la lata de las personas mayores - Diario Digital Femenino\",\"isPartOf\":{\"@id\":\"https:\\\/\\\/diariofemenino.com.ar\\\/df\\\/#website\"},\"primaryImageOfPage\":{\"@id\":\"https:\\\/\\\/diariofemenino.com.ar\\\/df\\\/la-mano-en-la-lata-de-las-personas-mayores\\\/#primaryimage\"},\"image\":{\"@id\":\"https:\\\/\\\/diariofemenino.com.ar\\\/df\\\/la-mano-en-la-lata-de-las-personas-mayores\\\/#primaryimage\"},\"thumbnailUrl\":\"https:\\\/\\\/diariofemenino.com.ar\\\/df\\\/wp-content\\\/uploads\\\/2022\\\/11\\\/5603dcc5f2fd5.jpg\",\"datePublished\":\"2022-11-18T16:50:25+00:00\",\"description\":\"La mano en la lata\",\"breadcrumb\":{\"@id\":\"https:\\\/\\\/diariofemenino.com.ar\\\/df\\\/la-mano-en-la-lata-de-las-personas-mayores\\\/#breadcrumb\"},\"inLanguage\":\"es\",\"potentialAction\":[{\"@type\":\"ReadAction\",\"target\":[\"https:\\\/\\\/diariofemenino.com.ar\\\/df\\\/la-mano-en-la-lata-de-las-personas-mayores\\\/\"]}]},{\"@type\":\"ImageObject\",\"inLanguage\":\"es\",\"@id\":\"https:\\\/\\\/diariofemenino.com.ar\\\/df\\\/la-mano-en-la-lata-de-las-personas-mayores\\\/#primaryimage\",\"url\":\"https:\\\/\\\/diariofemenino.com.ar\\\/df\\\/wp-content\\\/uploads\\\/2022\\\/11\\\/5603dcc5f2fd5.jpg\",\"contentUrl\":\"https:\\\/\\\/diariofemenino.com.ar\\\/df\\\/wp-content\\\/uploads\\\/2022\\\/11\\\/5603dcc5f2fd5.jpg\",\"width\":855,\"height\":912,\"caption\":\"La mano en la lata de las personas mayores\"},{\"@type\":\"BreadcrumbList\",\"@id\":\"https:\\\/\\\/diariofemenino.com.ar\\\/df\\\/la-mano-en-la-lata-de-las-personas-mayores\\\/#breadcrumb\",\"itemListElement\":[{\"@type\":\"ListItem\",\"position\":1,\"name\":\"Portada\",\"item\":\"https:\\\/\\\/diariofemenino.com.ar\\\/df\\\/\"},{\"@type\":\"ListItem\",\"position\":2,\"name\":\"La mano en la lata de las personas mayores\"}]},{\"@type\":\"WebSite\",\"@id\":\"https:\\\/\\\/diariofemenino.com.ar\\\/df\\\/#website\",\"url\":\"https:\\\/\\\/diariofemenino.com.ar\\\/df\\\/\",\"name\":\"Diario Digital Femenino\",\"description\":\"Cuesti\u00f3n de G\u00e9nero\",\"publisher\":{\"@id\":\"https:\\\/\\\/diariofemenino.com.ar\\\/df\\\/#organization\"},\"potentialAction\":[{\"@type\":\"SearchAction\",\"target\":{\"@type\":\"EntryPoint\",\"urlTemplate\":\"https:\\\/\\\/diariofemenino.com.ar\\\/df\\\/?s={search_term_string}\"},\"query-input\":{\"@type\":\"PropertyValueSpecification\",\"valueRequired\":true,\"valueName\":\"search_term_string\"}}],\"inLanguage\":\"es\"},{\"@type\":\"Organization\",\"@id\":\"https:\\\/\\\/diariofemenino.com.ar\\\/df\\\/#organization\",\"name\":\"Diario Femenino\",\"url\":\"https:\\\/\\\/diariofemenino.com.ar\\\/df\\\/\",\"logo\":{\"@type\":\"ImageObject\",\"inLanguage\":\"es\",\"@id\":\"https:\\\/\\\/diariofemenino.com.ar\\\/df\\\/#\\\/schema\\\/logo\\\/image\\\/\",\"url\":\"https:\\\/\\\/diariofemenino.com.ar\\\/df\\\/wp-content\\\/uploads\\\/2018\\\/10\\\/logo.png\",\"contentUrl\":\"https:\\\/\\\/diariofemenino.com.ar\\\/df\\\/wp-content\\\/uploads\\\/2018\\\/10\\\/logo.png\",\"width\":500,\"height\":92,\"caption\":\"Diario Femenino\"},\"image\":{\"@id\":\"https:\\\/\\\/diariofemenino.com.ar\\\/df\\\/#\\\/schema\\\/logo\\\/image\\\/\"},\"sameAs\":[\"https:\\\/\\\/www.facebook.com\\\/DiarioDigitaFemenino\\\/\",\"https:\\\/\\\/x.com\\\/DiarioFemenino1\"]},{\"@type\":\"Person\",\"@id\":\"https:\\\/\\\/diariofemenino.com.ar\\\/df\\\/#\\\/schema\\\/person\\\/bf6199e8158c657ea6f789b11ec85509\",\"name\":\"Admin\",\"image\":{\"@type\":\"ImageObject\",\"inLanguage\":\"es\",\"@id\":\"https:\\\/\\\/diariofemenino.com.ar\\\/df\\\/wp-content\\\/uploads\\\/2018\\\/12\\\/favicon-150x150.jpg\",\"url\":\"https:\\\/\\\/diariofemenino.com.ar\\\/df\\\/wp-content\\\/uploads\\\/2018\\\/12\\\/favicon-150x150.jpg\",\"contentUrl\":\"https:\\\/\\\/diariofemenino.com.ar\\\/df\\\/wp-content\\\/uploads\\\/2018\\\/12\\\/favicon-150x150.jpg\",\"caption\":\"Admin\"},\"url\":\"https:\\\/\\\/diariofemenino.com.ar\\\/df\\\/author\\\/lenny\\\/\"}]}<\/script>\n<!-- \/ Yoast SEO plugin. -->","yoast_head_json":{"title":"La mano en la lata de las personas mayores - Diario Digital Femenino","description":"La mano en la lata","robots":{"index":"index","follow":"follow","max-snippet":"max-snippet:-1","max-image-preview":"max-image-preview:large","max-video-preview":"max-video-preview:-1"},"canonical":"https:\/\/diariofemenino.com.ar\/df\/la-mano-en-la-lata-de-las-personas-mayores\/","og_locale":"es_ES","og_type":"article","og_title":"La mano en la lata de las personas mayores - Diario Digital Femenino","og_description":"La mano en la lata","og_url":"https:\/\/diariofemenino.com.ar\/df\/la-mano-en-la-lata-de-las-personas-mayores\/","og_site_name":"Diario Digital Femenino","article_publisher":"https:\/\/www.facebook.com\/DiarioDigitaFemenino\/","article_published_time":"2022-11-18T16:50:25+00:00","og_image":[{"width":855,"height":912,"url":"https:\/\/diariofemenino.com.ar\/df\/wp-content\/uploads\/2022\/11\/5603dcc5f2fd5.jpg","type":"image\/jpeg"}],"author":"Admin","twitter_card":"summary_large_image","twitter_creator":"@DiarioFemenino1","twitter_site":"@DiarioFemenino1","twitter_misc":{"Escrito por":"Admin","Tiempo de lectura":"8 minutos"},"schema":{"@context":"https:\/\/schema.org","@graph":[{"@type":"Article","@id":"https:\/\/diariofemenino.com.ar\/df\/la-mano-en-la-lata-de-las-personas-mayores\/#article","isPartOf":{"@id":"https:\/\/diariofemenino.com.ar\/df\/la-mano-en-la-lata-de-las-personas-mayores\/"},"author":{"name":"Admin","@id":"https:\/\/diariofemenino.com.ar\/df\/#\/schema\/person\/bf6199e8158c657ea6f789b11ec85509"},"headline":"La mano en la lata de las personas mayores","datePublished":"2022-11-18T16:50:25+00:00","mainEntityOfPage":{"@id":"https:\/\/diariofemenino.com.ar\/df\/la-mano-en-la-lata-de-las-personas-mayores\/"},"wordCount":1620,"commentCount":0,"publisher":{"@id":"https:\/\/diariofemenino.com.ar\/df\/#organization"},"image":{"@id":"https:\/\/diariofemenino.com.ar\/df\/la-mano-en-la-lata-de-las-personas-mayores\/#primaryimage"},"thumbnailUrl":"https:\/\/diariofemenino.com.ar\/df\/wp-content\/uploads\/2022\/11\/5603dcc5f2fd5.jpg","keywords":["Adedismo","Alimentos","Aprovechamiento","Destacada","Diego Oscar Ortiz","Lata","Manos","medicaci\u00f3n","Personas mayores","Vac\u00edo","Violencia econ\u00f3mica"],"articleSection":["Art\u00edculos y Comunicados","G\u00e9nero y Derechos Humanos","Salud","Violencias"],"inLanguage":"es","potentialAction":[{"@type":"CommentAction","name":"Comment","target":["https:\/\/diariofemenino.com.ar\/df\/la-mano-en-la-lata-de-las-personas-mayores\/#respond"]}]},{"@type":"WebPage","@id":"https:\/\/diariofemenino.com.ar\/df\/la-mano-en-la-lata-de-las-personas-mayores\/","url":"https:\/\/diariofemenino.com.ar\/df\/la-mano-en-la-lata-de-las-personas-mayores\/","name":"La mano en la lata de las personas mayores - Diario Digital Femenino","isPartOf":{"@id":"https:\/\/diariofemenino.com.ar\/df\/#website"},"primaryImageOfPage":{"@id":"https:\/\/diariofemenino.com.ar\/df\/la-mano-en-la-lata-de-las-personas-mayores\/#primaryimage"},"image":{"@id":"https:\/\/diariofemenino.com.ar\/df\/la-mano-en-la-lata-de-las-personas-mayores\/#primaryimage"},"thumbnailUrl":"https:\/\/diariofemenino.com.ar\/df\/wp-content\/uploads\/2022\/11\/5603dcc5f2fd5.jpg","datePublished":"2022-11-18T16:50:25+00:00","description":"La mano en la lata","breadcrumb":{"@id":"https:\/\/diariofemenino.com.ar\/df\/la-mano-en-la-lata-de-las-personas-mayores\/#breadcrumb"},"inLanguage":"es","potentialAction":[{"@type":"ReadAction","target":["https:\/\/diariofemenino.com.ar\/df\/la-mano-en-la-lata-de-las-personas-mayores\/"]}]},{"@type":"ImageObject","inLanguage":"es","@id":"https:\/\/diariofemenino.com.ar\/df\/la-mano-en-la-lata-de-las-personas-mayores\/#primaryimage","url":"https:\/\/diariofemenino.com.ar\/df\/wp-content\/uploads\/2022\/11\/5603dcc5f2fd5.jpg","contentUrl":"https:\/\/diariofemenino.com.ar\/df\/wp-content\/uploads\/2022\/11\/5603dcc5f2fd5.jpg","width":855,"height":912,"caption":"La mano en la lata de las personas mayores"},{"@type":"BreadcrumbList","@id":"https:\/\/diariofemenino.com.ar\/df\/la-mano-en-la-lata-de-las-personas-mayores\/#breadcrumb","itemListElement":[{"@type":"ListItem","position":1,"name":"Portada","item":"https:\/\/diariofemenino.com.ar\/df\/"},{"@type":"ListItem","position":2,"name":"La mano en la lata de las personas mayores"}]},{"@type":"WebSite","@id":"https:\/\/diariofemenino.com.ar\/df\/#website","url":"https:\/\/diariofemenino.com.ar\/df\/","name":"Diario Digital Femenino","description":"Cuesti\u00f3n de G\u00e9nero","publisher":{"@id":"https:\/\/diariofemenino.com.ar\/df\/#organization"},"potentialAction":[{"@type":"SearchAction","target":{"@type":"EntryPoint","urlTemplate":"https:\/\/diariofemenino.com.ar\/df\/?s={search_term_string}"},"query-input":{"@type":"PropertyValueSpecification","valueRequired":true,"valueName":"search_term_string"}}],"inLanguage":"es"},{"@type":"Organization","@id":"https:\/\/diariofemenino.com.ar\/df\/#organization","name":"Diario Femenino","url":"https:\/\/diariofemenino.com.ar\/df\/","logo":{"@type":"ImageObject","inLanguage":"es","@id":"https:\/\/diariofemenino.com.ar\/df\/#\/schema\/logo\/image\/","url":"https:\/\/diariofemenino.com.ar\/df\/wp-content\/uploads\/2018\/10\/logo.png","contentUrl":"https:\/\/diariofemenino.com.ar\/df\/wp-content\/uploads\/2018\/10\/logo.png","width":500,"height":92,"caption":"Diario Femenino"},"image":{"@id":"https:\/\/diariofemenino.com.ar\/df\/#\/schema\/logo\/image\/"},"sameAs":["https:\/\/www.facebook.com\/DiarioDigitaFemenino\/","https:\/\/x.com\/DiarioFemenino1"]},{"@type":"Person","@id":"https:\/\/diariofemenino.com.ar\/df\/#\/schema\/person\/bf6199e8158c657ea6f789b11ec85509","name":"Admin","image":{"@type":"ImageObject","inLanguage":"es","@id":"https:\/\/diariofemenino.com.ar\/df\/wp-content\/uploads\/2018\/12\/favicon-150x150.jpg","url":"https:\/\/diariofemenino.com.ar\/df\/wp-content\/uploads\/2018\/12\/favicon-150x150.jpg","contentUrl":"https:\/\/diariofemenino.com.ar\/df\/wp-content\/uploads\/2018\/12\/favicon-150x150.jpg","caption":"Admin"},"url":"https:\/\/diariofemenino.com.ar\/df\/author\/lenny\/"}]}},"jetpack_featured_media_url":"https:\/\/diariofemenino.com.ar\/df\/wp-content\/uploads\/2022\/11\/5603dcc5f2fd5.jpg","jetpack_sharing_enabled":true,"rttpg_featured_image_url":{"full":["https:\/\/diariofemenino.com.ar\/df\/wp-content\/uploads\/2022\/11\/5603dcc5f2fd5.jpg",855,912,false],"landscape":["https:\/\/diariofemenino.com.ar\/df\/wp-content\/uploads\/2022\/11\/5603dcc5f2fd5.jpg",855,912,false],"portraits":["https:\/\/diariofemenino.com.ar\/df\/wp-content\/uploads\/2022\/11\/5603dcc5f2fd5.jpg",855,912,false],"thumbnail":["https:\/\/diariofemenino.com.ar\/df\/wp-content\/uploads\/2022\/11\/5603dcc5f2fd5-150x150.jpg",150,150,true],"medium":["https:\/\/diariofemenino.com.ar\/df\/wp-content\/uploads\/2022\/11\/5603dcc5f2fd5-281x300.jpg",281,300,true],"large":["https:\/\/diariofemenino.com.ar\/df\/wp-content\/uploads\/2022\/11\/5603dcc5f2fd5.jpg",855,912,false],"1536x1536":["https:\/\/diariofemenino.com.ar\/df\/wp-content\/uploads\/2022\/11\/5603dcc5f2fd5.jpg",855,912,false],"2048x2048":["https:\/\/diariofemenino.com.ar\/df\/wp-content\/uploads\/2022\/11\/5603dcc5f2fd5.jpg",855,912,false]},"rttpg_author":{"display_name":"Admin","author_link":"https:\/\/diariofemenino.com.ar\/df\/author\/lenny\/"},"rttpg_comment":0,"rttpg_category":"<a href=\"https:\/\/diariofemenino.com.ar\/df\/category\/articulos-y-comunicados\/\" rel=\"category tag\">Art\u00edculos y Comunicados<\/a> <a href=\"https:\/\/diariofemenino.com.ar\/df\/category\/genero-y-derechos-humanos\/\" rel=\"category tag\">G\u00e9nero y Derechos Humanos<\/a> <a href=\"https:\/\/diariofemenino.com.ar\/df\/category\/salud\/\" rel=\"category tag\">Salud<\/a> <a href=\"https:\/\/diariofemenino.com.ar\/df\/category\/violencias\/\" rel=\"category tag\">Violencias<\/a>","rttpg_excerpt":"La violencia econ\u00f3mica hacia las personas mayores es un tema espec\u00edfico que debe ser estudiado para su comprensi\u00f3n, detecci\u00f3n e intervenci\u00f3n. Cuando un pariente mete la mano en la lata en los recursos de las personas mayores est\u00e1 ejerciendo un supuesto que encuadrar\u00eda como de violencia econ\u00f3mica que implica un menoscabo en sus bienes\u00a0 y&hellip;","_links":{"self":[{"href":"https:\/\/diariofemenino.com.ar\/df\/wp-json\/wp\/v2\/posts\/67167","targetHints":{"allow":["GET"]}}],"collection":[{"href":"https:\/\/diariofemenino.com.ar\/df\/wp-json\/wp\/v2\/posts"}],"about":[{"href":"https:\/\/diariofemenino.com.ar\/df\/wp-json\/wp\/v2\/types\/post"}],"author":[{"embeddable":true,"href":"https:\/\/diariofemenino.com.ar\/df\/wp-json\/wp\/v2\/users\/4"}],"replies":[{"embeddable":true,"href":"https:\/\/diariofemenino.com.ar\/df\/wp-json\/wp\/v2\/comments?post=67167"}],"version-history":[{"count":0,"href":"https:\/\/diariofemenino.com.ar\/df\/wp-json\/wp\/v2\/posts\/67167\/revisions"}],"wp:featuredmedia":[{"embeddable":true,"href":"https:\/\/diariofemenino.com.ar\/df\/wp-json\/wp\/v2\/media\/67170"}],"wp:attachment":[{"href":"https:\/\/diariofemenino.com.ar\/df\/wp-json\/wp\/v2\/media?parent=67167"}],"wp:term":[{"taxonomy":"category","embeddable":true,"href":"https:\/\/diariofemenino.com.ar\/df\/wp-json\/wp\/v2\/categories?post=67167"},{"taxonomy":"post_tag","embeddable":true,"href":"https:\/\/diariofemenino.com.ar\/df\/wp-json\/wp\/v2\/tags?post=67167"}],"curies":[{"name":"wp","href":"https:\/\/api.w.org\/{rel}","templated":true}]}}