{"id":66858,"date":"2022-10-17T12:30:51","date_gmt":"2022-10-17T15:30:51","guid":{"rendered":"https:\/\/diariofemenino.com.ar\/df\/?p=66858"},"modified":"2022-10-17T12:30:51","modified_gmt":"2022-10-17T15:30:51","slug":"la-pampa-primera-en-mayor-insercion-laboral-de-mujeres","status":"publish","type":"post","link":"https:\/\/diariofemenino.com.ar\/df\/la-pampa-primera-en-mayor-insercion-laboral-de-mujeres\/","title":{"rendered":"La Pampa, primera en mayor inserci\u00f3n laboral de mujeres"},"content":{"rendered":"<p>La Pampa registr\u00f3 un \u00edndice de inserci\u00f3n laboral de mujeres de casi el 44 por ciento, superando a la Ciudad Aut\u00f3noma de Buenos Aires, Provincia de Buenos Aires y C\u00f3rdoba. El porcentaje se da tanto en empleos p\u00fablicos como en privados.<\/p>\n<p>Por <a href=\"https:\/\/www.laarena.com.ar\/la-pampa\/la-pampa-primera-en-mayor-insercion-laboral-de-mujeres-202210160100\">Juan Jos\u00e9 Reyes<\/a><\/p>\n<p>A pesar de lo peque\u00f1o de nuestra econom\u00eda regional La Pampa se constituy\u00f3, seg\u00fan un informe oficial elaborado por el Gabinete de G\u00e9nero que depende del Ministerio de la Producci\u00f3n de la Naci\u00f3n, como la provincia con mayor porcentaje de empleo registrado de mujeres. Trep\u00f3 al 43,93% de inserci\u00f3n laboral superando a CABA (42,14%); provincia de Bs As (41,19%) y C\u00f3rdoba con el 40,94%.<\/p>\n<p>Si bien la estructura productiva pampeana es heterog\u00e9nea entre sectores y tiene pocas empresas de alta productividad y tecnolog\u00eda, se han generado empleos formales con la mejor distribuci\u00f3n de sexos tanto en empleos p\u00fablicos como privados.<\/p>\n<p>La participaci\u00f3n femenina en el rubro educativo llega al 73%; seguida de los servicios sociales y de salud (72%), en cambio los sectores con menor participaci\u00f3n son la agricultura y ganader\u00eda (12%) y la industria de la construcci\u00f3n con el 6,5%. En cambio, La Pampa es la vig\u00e9sima provincia en cantidad de funcionarias, con apenas el 37%.<\/p>\n<p>El Gabinete de G\u00e9nero del Ministerio de Desarrollo Productivo est\u00e1 conformado por las autoridades de todas las \u00e1reas y organismos descentralizados y desconcentrados. Su objetivo es implementar y transversalizar pol\u00edticas p\u00fablicas producto del trabajo coordinado y articulado entre secretar\u00edas, organismos descentralizados y organismos desconcentrados, al mes de junio de 2022 el Ministerio cuenta aqu\u00ed con 79 iniciativas con enfoque de g\u00e9nero en marcha.<\/p>\n<p>El informe oficial realizado por Paula Basald\u00faa, coordinadora del Gabinete de G\u00e9nero del Ministerio de Desarrollo Productivo, deja a La Pampa en un lugar de privilegio. Muchos de los datos suministrados aqu\u00ed, seg\u00fan el Gabinete de G\u00e9nero, fueron aportados por el Ministerio de la Producci\u00f3n.<\/p>\n<p>Discriminaci\u00f3n salarial.<\/p>\n<p>La inserci\u00f3n laboral de mujeres es reducida en ramas de alta formalidad y salarios, como la industria, energ\u00eda y servicios basados en el conocimiento. Asimismo, las brechas de ingresos entre varones y mujeres son notables: a pesar de que las mujeres que participan del mercado laboral son de nivel educativo mayor, los varones ganan 24% m\u00e1s al mes que ellas. Una raz\u00f3n radica en que mientras los varones trabajan de forma remunerada 40 horas a la semana, las mujeres dedican 30 horas al mercado laboral.<\/p>\n<p>La diferencia de 10 horas se explica por la desigual distribuci\u00f3n de tareas al interior del hogar, brecha que se ampl\u00eda en los hogares de menores ingresos.<\/p>\n<p>En La Pampa, si se toma el salario por hora, en una primera lectura pareciera que las brechas de g\u00e9nero se desvanecen, pero ello no es as\u00ed. La variable clave para reconocer la brecha de ingresos entre hombres y mujeres en el mercado laboral es la educaci\u00f3n: el 47% de las mujeres que trabajan de forma remunerada posee estudios superiores (incompletos o completos), mientras que en los varones dicha cifra ronda el 30%. Entonces, al controlar por nivel educativo, se observa una brecha del salario por hora cercana al 13%. En la industria, esta cifra es del 26%, la mayor de toda la econom\u00eda provincial.<\/p>\n<p>Se han definido en todas las provincias 39 iniciativas y 7 ejes de trabajo transversales que apuntan a reducir las brechas de g\u00e9nero en el \u00e1mbito de la producci\u00f3n. Estas acciones representaron para este a\u00f1o una proyecci\u00f3n de $ 12.450 millones y un gasto tributario estimado de $ 2.422 millones. El resultado anual, sin embargo, fue de un gasto informado de $ 18.505 millones, de los cuales a La Pampa ingresaron m\u00e1s de $ 200 millones.<\/p>\n<p>D\u00f3nde trabajan las pampeanas<\/p>\n<p>En La Pampa la participaci\u00f3n femenina es muy alta con respecto a los otros 23 distritos del pa\u00eds en lo que refiere al empleo asalariado registrado privado seg\u00fan sector de actividad econ\u00f3mica.<\/p>\n<figure id=\"attachment_66860\" aria-describedby=\"caption-attachment-66860\" style=\"width: 609px\" class=\"wp-caption aligncenter\"><img loading=\"lazy\" decoding=\"async\" class=\" wp-image-66860\" src=\"https:\/\/diariofemenino.com.ar\/df\/wp-content\/uploads\/2022\/10\/1665890371071-1024x578.jpg\" alt=\"La Pampa, primera en mayor inserci\u00f3n laboral de mujeres\" width=\"609\" height=\"344\" srcset=\"https:\/\/diariofemenino.com.ar\/df\/wp-content\/uploads\/2022\/10\/1665890371071-1024x578.jpg 1024w, https:\/\/diariofemenino.com.ar\/df\/wp-content\/uploads\/2022\/10\/1665890371071-300x169.jpg 300w, https:\/\/diariofemenino.com.ar\/df\/wp-content\/uploads\/2022\/10\/1665890371071-768x434.jpg 768w, https:\/\/diariofemenino.com.ar\/df\/wp-content\/uploads\/2022\/10\/1665890371071.jpg 1121w\" sizes=\"auto, (max-width: 609px) 100vw, 609px\" \/><figcaption id=\"caption-attachment-66860\" class=\"wp-caption-text\">La Pampa, primera en mayor inserci\u00f3n laboral de mujeres<\/figcaption><\/figure>\n<p>En educaci\u00f3n representan el 73%; en servicios sociales y de salud el 72%; 55,3% en ONGs; 51,7% en la intermediaci\u00f3n financiera el 51% al igual que en las asociaciones profesionales: servicios profesionales 45,9%; hoteles y restaurantes 45,7%; en arte, cultura, deporte y esparcimiento 38,3%; servicios inmobiliarios 38,2%; comercio 34% y un 31% en actividades administrativas.<\/p>\n<p>En los rubros de menor participaci\u00f3n de la mujer en los trabajos registrados aparecen el rubro de la informaci\u00f3n y las comunicaciones con el 32,1%; industrias 17,9%; agricultura y ganader\u00eda 12%; transporte y almacenamiento 9,1% y las construcci\u00f3n con el 6,5%.<\/p>\n<p>Simult\u00e1neamente, existe el fen\u00f3meno de segregaci\u00f3n vertical que da cuenta de la existencia de barreras y brechas que tienen las mujeres para ocupar cargos altos en una organizaci\u00f3n, a pesar de poseer calificaci\u00f3n y experiencia. El 34,3% de las mujeres pampeanas cuentan con formaci\u00f3n superior mientras que ese porcentaje en la poblaci\u00f3n masculina alcanza el 19%.<\/p>\n<p>Las asimetr\u00edas en el mercado laboral asociadas al g\u00e9nero evidencian, adem\u00e1s, un claro componente territorial en el cual La Pampa se destaca por su nivelaci\u00f3n como lo indica el porcentaje de trabajadoras asalariadas registradas.<\/p>\n<p>El dato que debiera preocupar a los funcionarios pampeanos es que en las provincias de Buenos Aires, Catamarca, Chubut, Entre R\u00edos, Jujuy, Misiones, Neuqu\u00e9n, Salta, Santiago del Estero y Tierra del Fuego el n\u00famero de funcionarias supera al de funcionarios. En el resto de las provincias, y b\u00e1sicamente en La Pampa, todas las carteras tienen mayor n\u00famero de funcionarios varones, llegando al 63% y las mujeres al 37% restante.<\/p>\n<p><a href=\"https:\/\/www.laarena.com.ar\/\">La Arena<\/a><\/p>\n<p><a href=\"https:\/\/diariofemenino.com.ar\/df\/category\/agenda-feminista\/\">Agenda Feminista<\/a> &#8211; <a href=\"https:\/\/diariofemenino.com.ar\/df\/category\/mujeres-de-la-pampa\/\">Mujeres de La Pampa<\/a><\/p>\n","protected":false},"excerpt":{"rendered":"<p>La Pampa registr\u00f3 un \u00edndice de inserci\u00f3n laboral de mujeres de casi el 44 por ciento, superando a la Ciudad Aut\u00f3noma de Buenos Aires, Provincia de Buenos Aires y C\u00f3rdoba. El porcentaje se da tanto en empleos p\u00fablicos como en privados. Por Juan Jos\u00e9 Reyes A pesar de lo peque\u00f1o de nuestra econom\u00eda regional La [&hellip;]<\/p>\n","protected":false},"author":4,"featured_media":66860,"comment_status":"open","ping_status":"open","sticky":false,"template":"","format":"standard","meta":{"iawp_total_views":103,"footnotes":""},"categories":[1067,178,182,32,1251,21],"tags":[5082,439,130,45,5562],"class_list":["post-66858","post","type-post","status-publish","format-standard","has-post-thumbnail","hentry","category-agenda-feminista","category-articulos-y-comunicados","category-informes","category-mujeres","category-mujeres-de-la-pampa","category-noticias","tag-insercion-laboral","tag-la-pampa","tag-mujeres","tag-trabajo","tag-trabajo-registrado"],"nelio_content":{"autoShareEndMode":"never","automationSources":{"useCustomSentences":false,"customSentences":[]},"efiAlt":"","efiUrl":"","followers":[4],"highlights":[],"isAutoShareEnabled":true,"networkImageIds":[],"permalinkQueryArgs":[],"series":[],"suggestedReferences":[]},"yoast_head":"<!-- This site is optimized with the Yoast SEO plugin v27.5 - https:\/\/yoast.com\/product\/yoast-seo-wordpress\/ -->\n<title>La Pampa, primera en mayor inserci\u00f3n laboral de mujeres - Diario Digital Femenino<\/title>\n<meta name=\"description\" content=\"La Pampa registr\u00f3 un \u00edndice de inserci\u00f3n laboral de mujeres de casi el 44 por ciento, superando a CABA, provincia de Buenos Aires y C\u00f3rdoba.\" \/>\n<meta name=\"robots\" content=\"index, follow, max-snippet:-1, max-image-preview:large, max-video-preview:-1\" \/>\n<link rel=\"canonical\" href=\"https:\/\/diariofemenino.com.ar\/df\/la-pampa-primera-en-mayor-insercion-laboral-de-mujeres\/\" \/>\n<meta property=\"og:locale\" content=\"es_ES\" \/>\n<meta property=\"og:type\" content=\"article\" \/>\n<meta property=\"og:title\" content=\"La Pampa, primera en mayor inserci\u00f3n laboral de mujeres - Diario Digital Femenino\" \/>\n<meta property=\"og:description\" content=\"La Pampa registr\u00f3 un \u00edndice de inserci\u00f3n laboral de mujeres de casi el 44 por ciento, superando a CABA, provincia de Buenos Aires y C\u00f3rdoba.\" \/>\n<meta property=\"og:url\" content=\"https:\/\/diariofemenino.com.ar\/df\/la-pampa-primera-en-mayor-insercion-laboral-de-mujeres\/\" \/>\n<meta property=\"og:site_name\" content=\"Diario Digital Femenino\" \/>\n<meta property=\"article:publisher\" content=\"https:\/\/www.facebook.com\/DiarioDigitaFemenino\/\" \/>\n<meta property=\"article:published_time\" content=\"2022-10-17T15:30:51+00:00\" \/>\n<meta property=\"og:image\" content=\"https:\/\/diariofemenino.com.ar\/df\/wp-content\/uploads\/2022\/10\/1665890371071.jpg\" \/>\n\t<meta property=\"og:image:width\" content=\"1121\" \/>\n\t<meta property=\"og:image:height\" content=\"633\" \/>\n\t<meta property=\"og:image:type\" content=\"image\/jpeg\" \/>\n<meta name=\"author\" content=\"Admin\" \/>\n<meta name=\"twitter:card\" content=\"summary_large_image\" \/>\n<meta name=\"twitter:creator\" content=\"@DiarioFemenino1\" \/>\n<meta name=\"twitter:site\" content=\"@DiarioFemenino1\" \/>\n<meta name=\"twitter:label1\" content=\"Escrito por\" \/>\n\t<meta name=\"twitter:data1\" content=\"Admin\" \/>\n\t<meta name=\"twitter:label2\" content=\"Tiempo de lectura\" \/>\n\t<meta name=\"twitter:data2\" content=\"5 minutos\" \/>\n<script type=\"application\/ld+json\" class=\"yoast-schema-graph\">{\"@context\":\"https:\\\/\\\/schema.org\",\"@graph\":[{\"@type\":\"Article\",\"@id\":\"https:\\\/\\\/diariofemenino.com.ar\\\/df\\\/la-pampa-primera-en-mayor-insercion-laboral-de-mujeres\\\/#article\",\"isPartOf\":{\"@id\":\"https:\\\/\\\/diariofemenino.com.ar\\\/df\\\/la-pampa-primera-en-mayor-insercion-laboral-de-mujeres\\\/\"},\"author\":{\"name\":\"Admin\",\"@id\":\"https:\\\/\\\/diariofemenino.com.ar\\\/df\\\/#\\\/schema\\\/person\\\/bf6199e8158c657ea6f789b11ec85509\"},\"headline\":\"La Pampa, primera en mayor inserci\u00f3n laboral de mujeres\",\"datePublished\":\"2022-10-17T15:30:51+00:00\",\"mainEntityOfPage\":{\"@id\":\"https:\\\/\\\/diariofemenino.com.ar\\\/df\\\/la-pampa-primera-en-mayor-insercion-laboral-de-mujeres\\\/\"},\"wordCount\":954,\"commentCount\":0,\"publisher\":{\"@id\":\"https:\\\/\\\/diariofemenino.com.ar\\\/df\\\/#organization\"},\"image\":{\"@id\":\"https:\\\/\\\/diariofemenino.com.ar\\\/df\\\/la-pampa-primera-en-mayor-insercion-laboral-de-mujeres\\\/#primaryimage\"},\"thumbnailUrl\":\"https:\\\/\\\/diariofemenino.com.ar\\\/df\\\/wp-content\\\/uploads\\\/2022\\\/10\\\/1665890371071.jpg\",\"keywords\":[\"Inserci\u00f3n laboral\",\"La Pampa\",\"Mujeres\",\"Trabajo\",\"trabajo registrado\"],\"articleSection\":[\"Agenda Feminista\",\"Art\u00edculos y Comunicados\",\"Informes\",\"Mujeres\",\"Mujeres de La Pampa\",\"Noticias\"],\"inLanguage\":\"es\",\"potentialAction\":[{\"@type\":\"CommentAction\",\"name\":\"Comment\",\"target\":[\"https:\\\/\\\/diariofemenino.com.ar\\\/df\\\/la-pampa-primera-en-mayor-insercion-laboral-de-mujeres\\\/#respond\"]}]},{\"@type\":\"WebPage\",\"@id\":\"https:\\\/\\\/diariofemenino.com.ar\\\/df\\\/la-pampa-primera-en-mayor-insercion-laboral-de-mujeres\\\/\",\"url\":\"https:\\\/\\\/diariofemenino.com.ar\\\/df\\\/la-pampa-primera-en-mayor-insercion-laboral-de-mujeres\\\/\",\"name\":\"La Pampa, primera en mayor inserci\u00f3n laboral de mujeres - Diario Digital Femenino\",\"isPartOf\":{\"@id\":\"https:\\\/\\\/diariofemenino.com.ar\\\/df\\\/#website\"},\"primaryImageOfPage\":{\"@id\":\"https:\\\/\\\/diariofemenino.com.ar\\\/df\\\/la-pampa-primera-en-mayor-insercion-laboral-de-mujeres\\\/#primaryimage\"},\"image\":{\"@id\":\"https:\\\/\\\/diariofemenino.com.ar\\\/df\\\/la-pampa-primera-en-mayor-insercion-laboral-de-mujeres\\\/#primaryimage\"},\"thumbnailUrl\":\"https:\\\/\\\/diariofemenino.com.ar\\\/df\\\/wp-content\\\/uploads\\\/2022\\\/10\\\/1665890371071.jpg\",\"datePublished\":\"2022-10-17T15:30:51+00:00\",\"description\":\"La Pampa registr\u00f3 un \u00edndice de inserci\u00f3n laboral de mujeres de casi el 44 por ciento, superando a CABA, provincia de Buenos Aires y C\u00f3rdoba.\",\"breadcrumb\":{\"@id\":\"https:\\\/\\\/diariofemenino.com.ar\\\/df\\\/la-pampa-primera-en-mayor-insercion-laboral-de-mujeres\\\/#breadcrumb\"},\"inLanguage\":\"es\",\"potentialAction\":[{\"@type\":\"ReadAction\",\"target\":[\"https:\\\/\\\/diariofemenino.com.ar\\\/df\\\/la-pampa-primera-en-mayor-insercion-laboral-de-mujeres\\\/\"]}]},{\"@type\":\"ImageObject\",\"inLanguage\":\"es\",\"@id\":\"https:\\\/\\\/diariofemenino.com.ar\\\/df\\\/la-pampa-primera-en-mayor-insercion-laboral-de-mujeres\\\/#primaryimage\",\"url\":\"https:\\\/\\\/diariofemenino.com.ar\\\/df\\\/wp-content\\\/uploads\\\/2022\\\/10\\\/1665890371071.jpg\",\"contentUrl\":\"https:\\\/\\\/diariofemenino.com.ar\\\/df\\\/wp-content\\\/uploads\\\/2022\\\/10\\\/1665890371071.jpg\",\"width\":1121,\"height\":633,\"caption\":\"La Pampa, primera en mayor inserci\u00f3n laboral de mujeres\"},{\"@type\":\"BreadcrumbList\",\"@id\":\"https:\\\/\\\/diariofemenino.com.ar\\\/df\\\/la-pampa-primera-en-mayor-insercion-laboral-de-mujeres\\\/#breadcrumb\",\"itemListElement\":[{\"@type\":\"ListItem\",\"position\":1,\"name\":\"Portada\",\"item\":\"https:\\\/\\\/diariofemenino.com.ar\\\/df\\\/\"},{\"@type\":\"ListItem\",\"position\":2,\"name\":\"La Pampa, primera en mayor inserci\u00f3n laboral de mujeres\"}]},{\"@type\":\"WebSite\",\"@id\":\"https:\\\/\\\/diariofemenino.com.ar\\\/df\\\/#website\",\"url\":\"https:\\\/\\\/diariofemenino.com.ar\\\/df\\\/\",\"name\":\"Diario Digital Femenino\",\"description\":\"Cuesti\u00f3n de G\u00e9nero\",\"publisher\":{\"@id\":\"https:\\\/\\\/diariofemenino.com.ar\\\/df\\\/#organization\"},\"potentialAction\":[{\"@type\":\"SearchAction\",\"target\":{\"@type\":\"EntryPoint\",\"urlTemplate\":\"https:\\\/\\\/diariofemenino.com.ar\\\/df\\\/?s={search_term_string}\"},\"query-input\":{\"@type\":\"PropertyValueSpecification\",\"valueRequired\":true,\"valueName\":\"search_term_string\"}}],\"inLanguage\":\"es\"},{\"@type\":\"Organization\",\"@id\":\"https:\\\/\\\/diariofemenino.com.ar\\\/df\\\/#organization\",\"name\":\"Diario Femenino\",\"url\":\"https:\\\/\\\/diariofemenino.com.ar\\\/df\\\/\",\"logo\":{\"@type\":\"ImageObject\",\"inLanguage\":\"es\",\"@id\":\"https:\\\/\\\/diariofemenino.com.ar\\\/df\\\/#\\\/schema\\\/logo\\\/image\\\/\",\"url\":\"https:\\\/\\\/diariofemenino.com.ar\\\/df\\\/wp-content\\\/uploads\\\/2018\\\/10\\\/logo.png\",\"contentUrl\":\"https:\\\/\\\/diariofemenino.com.ar\\\/df\\\/wp-content\\\/uploads\\\/2018\\\/10\\\/logo.png\",\"width\":500,\"height\":92,\"caption\":\"Diario Femenino\"},\"image\":{\"@id\":\"https:\\\/\\\/diariofemenino.com.ar\\\/df\\\/#\\\/schema\\\/logo\\\/image\\\/\"},\"sameAs\":[\"https:\\\/\\\/www.facebook.com\\\/DiarioDigitaFemenino\\\/\",\"https:\\\/\\\/x.com\\\/DiarioFemenino1\"]},{\"@type\":\"Person\",\"@id\":\"https:\\\/\\\/diariofemenino.com.ar\\\/df\\\/#\\\/schema\\\/person\\\/bf6199e8158c657ea6f789b11ec85509\",\"name\":\"Admin\",\"image\":{\"@type\":\"ImageObject\",\"inLanguage\":\"es\",\"@id\":\"https:\\\/\\\/diariofemenino.com.ar\\\/df\\\/wp-content\\\/uploads\\\/2018\\\/12\\\/favicon-150x150.jpg\",\"url\":\"https:\\\/\\\/diariofemenino.com.ar\\\/df\\\/wp-content\\\/uploads\\\/2018\\\/12\\\/favicon-150x150.jpg\",\"contentUrl\":\"https:\\\/\\\/diariofemenino.com.ar\\\/df\\\/wp-content\\\/uploads\\\/2018\\\/12\\\/favicon-150x150.jpg\",\"caption\":\"Admin\"},\"url\":\"https:\\\/\\\/diariofemenino.com.ar\\\/df\\\/author\\\/lenny\\\/\"}]}<\/script>\n<!-- \/ Yoast SEO plugin. -->","yoast_head_json":{"title":"La Pampa, primera en mayor inserci\u00f3n laboral de mujeres - Diario Digital Femenino","description":"La Pampa registr\u00f3 un \u00edndice de inserci\u00f3n laboral de mujeres de casi el 44 por ciento, superando a CABA, provincia de Buenos Aires y C\u00f3rdoba.","robots":{"index":"index","follow":"follow","max-snippet":"max-snippet:-1","max-image-preview":"max-image-preview:large","max-video-preview":"max-video-preview:-1"},"canonical":"https:\/\/diariofemenino.com.ar\/df\/la-pampa-primera-en-mayor-insercion-laboral-de-mujeres\/","og_locale":"es_ES","og_type":"article","og_title":"La Pampa, primera en mayor inserci\u00f3n laboral de mujeres - Diario Digital Femenino","og_description":"La Pampa registr\u00f3 un \u00edndice de inserci\u00f3n laboral de mujeres de casi el 44 por ciento, superando a CABA, provincia de Buenos Aires y C\u00f3rdoba.","og_url":"https:\/\/diariofemenino.com.ar\/df\/la-pampa-primera-en-mayor-insercion-laboral-de-mujeres\/","og_site_name":"Diario Digital Femenino","article_publisher":"https:\/\/www.facebook.com\/DiarioDigitaFemenino\/","article_published_time":"2022-10-17T15:30:51+00:00","og_image":[{"width":1121,"height":633,"url":"https:\/\/diariofemenino.com.ar\/df\/wp-content\/uploads\/2022\/10\/1665890371071.jpg","type":"image\/jpeg"}],"author":"Admin","twitter_card":"summary_large_image","twitter_creator":"@DiarioFemenino1","twitter_site":"@DiarioFemenino1","twitter_misc":{"Escrito por":"Admin","Tiempo de lectura":"5 minutos"},"schema":{"@context":"https:\/\/schema.org","@graph":[{"@type":"Article","@id":"https:\/\/diariofemenino.com.ar\/df\/la-pampa-primera-en-mayor-insercion-laboral-de-mujeres\/#article","isPartOf":{"@id":"https:\/\/diariofemenino.com.ar\/df\/la-pampa-primera-en-mayor-insercion-laboral-de-mujeres\/"},"author":{"name":"Admin","@id":"https:\/\/diariofemenino.com.ar\/df\/#\/schema\/person\/bf6199e8158c657ea6f789b11ec85509"},"headline":"La Pampa, primera en mayor inserci\u00f3n laboral de mujeres","datePublished":"2022-10-17T15:30:51+00:00","mainEntityOfPage":{"@id":"https:\/\/diariofemenino.com.ar\/df\/la-pampa-primera-en-mayor-insercion-laboral-de-mujeres\/"},"wordCount":954,"commentCount":0,"publisher":{"@id":"https:\/\/diariofemenino.com.ar\/df\/#organization"},"image":{"@id":"https:\/\/diariofemenino.com.ar\/df\/la-pampa-primera-en-mayor-insercion-laboral-de-mujeres\/#primaryimage"},"thumbnailUrl":"https:\/\/diariofemenino.com.ar\/df\/wp-content\/uploads\/2022\/10\/1665890371071.jpg","keywords":["Inserci\u00f3n laboral","La Pampa","Mujeres","Trabajo","trabajo registrado"],"articleSection":["Agenda Feminista","Art\u00edculos y Comunicados","Informes","Mujeres","Mujeres de La Pampa","Noticias"],"inLanguage":"es","potentialAction":[{"@type":"CommentAction","name":"Comment","target":["https:\/\/diariofemenino.com.ar\/df\/la-pampa-primera-en-mayor-insercion-laboral-de-mujeres\/#respond"]}]},{"@type":"WebPage","@id":"https:\/\/diariofemenino.com.ar\/df\/la-pampa-primera-en-mayor-insercion-laboral-de-mujeres\/","url":"https:\/\/diariofemenino.com.ar\/df\/la-pampa-primera-en-mayor-insercion-laboral-de-mujeres\/","name":"La Pampa, primera en mayor inserci\u00f3n laboral de mujeres - Diario Digital Femenino","isPartOf":{"@id":"https:\/\/diariofemenino.com.ar\/df\/#website"},"primaryImageOfPage":{"@id":"https:\/\/diariofemenino.com.ar\/df\/la-pampa-primera-en-mayor-insercion-laboral-de-mujeres\/#primaryimage"},"image":{"@id":"https:\/\/diariofemenino.com.ar\/df\/la-pampa-primera-en-mayor-insercion-laboral-de-mujeres\/#primaryimage"},"thumbnailUrl":"https:\/\/diariofemenino.com.ar\/df\/wp-content\/uploads\/2022\/10\/1665890371071.jpg","datePublished":"2022-10-17T15:30:51+00:00","description":"La Pampa registr\u00f3 un \u00edndice de inserci\u00f3n laboral de mujeres de casi el 44 por ciento, superando a CABA, provincia de Buenos Aires y C\u00f3rdoba.","breadcrumb":{"@id":"https:\/\/diariofemenino.com.ar\/df\/la-pampa-primera-en-mayor-insercion-laboral-de-mujeres\/#breadcrumb"},"inLanguage":"es","potentialAction":[{"@type":"ReadAction","target":["https:\/\/diariofemenino.com.ar\/df\/la-pampa-primera-en-mayor-insercion-laboral-de-mujeres\/"]}]},{"@type":"ImageObject","inLanguage":"es","@id":"https:\/\/diariofemenino.com.ar\/df\/la-pampa-primera-en-mayor-insercion-laboral-de-mujeres\/#primaryimage","url":"https:\/\/diariofemenino.com.ar\/df\/wp-content\/uploads\/2022\/10\/1665890371071.jpg","contentUrl":"https:\/\/diariofemenino.com.ar\/df\/wp-content\/uploads\/2022\/10\/1665890371071.jpg","width":1121,"height":633,"caption":"La Pampa, primera en mayor inserci\u00f3n laboral de mujeres"},{"@type":"BreadcrumbList","@id":"https:\/\/diariofemenino.com.ar\/df\/la-pampa-primera-en-mayor-insercion-laboral-de-mujeres\/#breadcrumb","itemListElement":[{"@type":"ListItem","position":1,"name":"Portada","item":"https:\/\/diariofemenino.com.ar\/df\/"},{"@type":"ListItem","position":2,"name":"La Pampa, primera en mayor inserci\u00f3n laboral de mujeres"}]},{"@type":"WebSite","@id":"https:\/\/diariofemenino.com.ar\/df\/#website","url":"https:\/\/diariofemenino.com.ar\/df\/","name":"Diario Digital Femenino","description":"Cuesti\u00f3n de G\u00e9nero","publisher":{"@id":"https:\/\/diariofemenino.com.ar\/df\/#organization"},"potentialAction":[{"@type":"SearchAction","target":{"@type":"EntryPoint","urlTemplate":"https:\/\/diariofemenino.com.ar\/df\/?s={search_term_string}"},"query-input":{"@type":"PropertyValueSpecification","valueRequired":true,"valueName":"search_term_string"}}],"inLanguage":"es"},{"@type":"Organization","@id":"https:\/\/diariofemenino.com.ar\/df\/#organization","name":"Diario Femenino","url":"https:\/\/diariofemenino.com.ar\/df\/","logo":{"@type":"ImageObject","inLanguage":"es","@id":"https:\/\/diariofemenino.com.ar\/df\/#\/schema\/logo\/image\/","url":"https:\/\/diariofemenino.com.ar\/df\/wp-content\/uploads\/2018\/10\/logo.png","contentUrl":"https:\/\/diariofemenino.com.ar\/df\/wp-content\/uploads\/2018\/10\/logo.png","width":500,"height":92,"caption":"Diario Femenino"},"image":{"@id":"https:\/\/diariofemenino.com.ar\/df\/#\/schema\/logo\/image\/"},"sameAs":["https:\/\/www.facebook.com\/DiarioDigitaFemenino\/","https:\/\/x.com\/DiarioFemenino1"]},{"@type":"Person","@id":"https:\/\/diariofemenino.com.ar\/df\/#\/schema\/person\/bf6199e8158c657ea6f789b11ec85509","name":"Admin","image":{"@type":"ImageObject","inLanguage":"es","@id":"https:\/\/diariofemenino.com.ar\/df\/wp-content\/uploads\/2018\/12\/favicon-150x150.jpg","url":"https:\/\/diariofemenino.com.ar\/df\/wp-content\/uploads\/2018\/12\/favicon-150x150.jpg","contentUrl":"https:\/\/diariofemenino.com.ar\/df\/wp-content\/uploads\/2018\/12\/favicon-150x150.jpg","caption":"Admin"},"url":"https:\/\/diariofemenino.com.ar\/df\/author\/lenny\/"}]}},"jetpack_featured_media_url":"https:\/\/diariofemenino.com.ar\/df\/wp-content\/uploads\/2022\/10\/1665890371071.jpg","jetpack_sharing_enabled":true,"rttpg_featured_image_url":{"full":["https:\/\/diariofemenino.com.ar\/df\/wp-content\/uploads\/2022\/10\/1665890371071.jpg",1121,633,false],"landscape":["https:\/\/diariofemenino.com.ar\/df\/wp-content\/uploads\/2022\/10\/1665890371071.jpg",1121,633,false],"portraits":["https:\/\/diariofemenino.com.ar\/df\/wp-content\/uploads\/2022\/10\/1665890371071.jpg",1121,633,false],"thumbnail":["https:\/\/diariofemenino.com.ar\/df\/wp-content\/uploads\/2022\/10\/1665890371071-150x150.jpg",150,150,true],"medium":["https:\/\/diariofemenino.com.ar\/df\/wp-content\/uploads\/2022\/10\/1665890371071-300x169.jpg",300,169,true],"large":["https:\/\/diariofemenino.com.ar\/df\/wp-content\/uploads\/2022\/10\/1665890371071-1024x578.jpg",1024,578,true],"1536x1536":["https:\/\/diariofemenino.com.ar\/df\/wp-content\/uploads\/2022\/10\/1665890371071.jpg",1121,633,false],"2048x2048":["https:\/\/diariofemenino.com.ar\/df\/wp-content\/uploads\/2022\/10\/1665890371071.jpg",1121,633,false]},"rttpg_author":{"display_name":"Admin","author_link":"https:\/\/diariofemenino.com.ar\/df\/author\/lenny\/"},"rttpg_comment":0,"rttpg_category":"<a href=\"https:\/\/diariofemenino.com.ar\/df\/category\/agenda-feminista\/\" rel=\"category tag\">Agenda Feminista<\/a> <a href=\"https:\/\/diariofemenino.com.ar\/df\/category\/articulos-y-comunicados\/\" rel=\"category tag\">Art\u00edculos y Comunicados<\/a> <a href=\"https:\/\/diariofemenino.com.ar\/df\/category\/informes\/\" rel=\"category tag\">Informes<\/a> <a href=\"https:\/\/diariofemenino.com.ar\/df\/category\/mujeres\/\" rel=\"category tag\">Mujeres<\/a> <a href=\"https:\/\/diariofemenino.com.ar\/df\/category\/mujeres-de-la-pampa\/\" rel=\"category tag\">Mujeres de La Pampa<\/a> <a href=\"https:\/\/diariofemenino.com.ar\/df\/category\/noticias\/\" rel=\"category tag\">Noticias<\/a>","rttpg_excerpt":"La Pampa registr\u00f3 un \u00edndice de inserci\u00f3n laboral de mujeres de casi el 44 por ciento, superando a la Ciudad Aut\u00f3noma de Buenos Aires, Provincia de Buenos Aires y C\u00f3rdoba. El porcentaje se da tanto en empleos p\u00fablicos como en privados. Por Juan Jos\u00e9 Reyes A pesar de lo peque\u00f1o de nuestra econom\u00eda regional La&hellip;","_links":{"self":[{"href":"https:\/\/diariofemenino.com.ar\/df\/wp-json\/wp\/v2\/posts\/66858","targetHints":{"allow":["GET"]}}],"collection":[{"href":"https:\/\/diariofemenino.com.ar\/df\/wp-json\/wp\/v2\/posts"}],"about":[{"href":"https:\/\/diariofemenino.com.ar\/df\/wp-json\/wp\/v2\/types\/post"}],"author":[{"embeddable":true,"href":"https:\/\/diariofemenino.com.ar\/df\/wp-json\/wp\/v2\/users\/4"}],"replies":[{"embeddable":true,"href":"https:\/\/diariofemenino.com.ar\/df\/wp-json\/wp\/v2\/comments?post=66858"}],"version-history":[{"count":0,"href":"https:\/\/diariofemenino.com.ar\/df\/wp-json\/wp\/v2\/posts\/66858\/revisions"}],"wp:featuredmedia":[{"embeddable":true,"href":"https:\/\/diariofemenino.com.ar\/df\/wp-json\/wp\/v2\/media\/66860"}],"wp:attachment":[{"href":"https:\/\/diariofemenino.com.ar\/df\/wp-json\/wp\/v2\/media?parent=66858"}],"wp:term":[{"taxonomy":"category","embeddable":true,"href":"https:\/\/diariofemenino.com.ar\/df\/wp-json\/wp\/v2\/categories?post=66858"},{"taxonomy":"post_tag","embeddable":true,"href":"https:\/\/diariofemenino.com.ar\/df\/wp-json\/wp\/v2\/tags?post=66858"}],"curies":[{"name":"wp","href":"https:\/\/api.w.org\/{rel}","templated":true}]}}