{"id":66656,"date":"2022-09-28T09:31:49","date_gmt":"2022-09-28T12:31:49","guid":{"rendered":"https:\/\/diariofemenino.com.ar\/df\/?p=66656"},"modified":"2022-09-28T09:31:49","modified_gmt":"2022-09-28T12:31:49","slug":"la-conquista-de-los-derechos-de-las-mujeres","status":"publish","type":"post","link":"https:\/\/diariofemenino.com.ar\/df\/la-conquista-de-los-derechos-de-las-mujeres\/","title":{"rendered":"La conquista de los derechos de las mujeres"},"content":{"rendered":"<p><strong>Presentaci\u00f3n<br \/>\n<\/strong>(descargar en portada)<\/p>\n<figure id=\"attachment_66660\" aria-describedby=\"caption-attachment-66660\" style=\"width: 375px\" class=\"wp-caption alignleft\"><a href=\"https:\/\/diariofemenino.com.ar\/df\/wp-content\/uploads\/2022\/09\/La-conquista-de-los-derechos-de-las-mujeres.pdf\"><img loading=\"lazy\" decoding=\"async\" class=\" wp-image-66660\" src=\"https:\/\/diariofemenino.com.ar\/df\/wp-content\/uploads\/2022\/09\/Conquista-de-derechos1.jpg\" alt=\"La conquista de los derechos de las mujeres\" width=\"375\" height=\"527\" srcset=\"https:\/\/diariofemenino.com.ar\/df\/wp-content\/uploads\/2022\/09\/Conquista-de-derechos1.jpg 415w, https:\/\/diariofemenino.com.ar\/df\/wp-content\/uploads\/2022\/09\/Conquista-de-derechos1-214x300.jpg 214w\" sizes=\"auto, (max-width: 375px) 100vw, 375px\" \/><\/a><figcaption id=\"caption-attachment-66660\" class=\"wp-caption-text\">La conquista de los derechos de las mujeres<\/figcaption><\/figure>\n<p>La exposici\u00f3n \u201cLa Conquista de los Derechos de las Mujeres a lo largo de la Historia\u201d pretende ser un acercamiento a los principales hitos hist\u00f3ricos en la conquista de los derechos de las mujeres en Occidente. Se aspira a que aquellas personas que visiten la exposici\u00f3n se hagan una idea general del arduo camino que la mitad de la sociedad ha tenido que recorrer para hacer uso de sus derechos, unos derechos fundamentales que en la actualidad son b\u00e1sicos, pero que hist\u00f3ricamente se les han negado a las mujeres por el simple hecho de serlo.<\/p>\n<p>Esta gu\u00eda quiere ser un instrumento de utilidad para aquellas personas que quieran ser dinamizadoras de la exposici\u00f3n, a modo de visita guiada, y necesiten material did\u00e1ctico adicional para la explicaci\u00f3n de los 8 paneles que componen la misma o, simplemente, abordar de forma m\u00e1s detallada los contenidos de la exposici\u00f3n.<\/p>\n<p>Adem\u00e1s, estas p\u00e1ginas proponen una serie de actividades con orientaciones metodol\u00f3gicas precisas para cada una de ellas que asistan a su posterior desarrollo. Y, del mismo modo, anexos con sugerencias f\u00edlmicas y bibliogr\u00e1ficas que completen de manera general la visi\u00f3n sobre la conquista de los derechos de las mujeres.<\/p>\n<p><strong>Contenido<\/strong><\/p>\n<p>Panel 1 &#8211; La conquista de los derechos de las mujeres<br \/>\nPanel 2 &#8211; Mujer y ciudadan\u00eda. Los derechos de ciudadan\u00eda para las Mujeres<br \/>\nPanel 3 &#8211; <a href=\"https:\/\/diariofemenino.com.ar\/df\/sufragistas-la-gran-batalla-por-el-voto-de-las-mujeres-en-la-primera-ola-del-feminismo\/\">Sufragistas<\/a>. El derecho al voto para las mujeres<br \/>\nPanel 4 &#8211; De la casa a la escuela. Por la educaci\u00f3n de las ni\u00f1as<br \/>\nPanel 5 &#8211; Derecho al empleo<br \/>\nPanel 6 &#8211; Derecho a decidir<br \/>\nPanel 7 &#8211; Libres e Iguales. Los derechos de las mujeres son derechos humanos<br \/>\nPanel 8 &#8211; Derechos para todas<br \/>\nActividades para los paneles<\/p>\n<p><strong>Saludo del Consejero de Educaci\u00f3n, Juventud de Igualdad\u00a0del <a href=\"https:\/\/www.tenerife.es\/portalcabtfe\/es\/\">Cabildo de Tenerife<\/a>.<\/strong><\/p>\n<p>La experiencia en estos a\u00f1os viene demostrando la oportunidad de contar con materiales destinados a la informaci\u00f3n y sensibilizaci\u00f3n en materia de igualdad de oportunidades entre mujeres y hombres.<\/p>\n<p>Afortunadamente ya no es novedad acceder a distintos recursos did\u00e1cticos que ayuden a sensibilizar e informar de las desigualdades que sufren las mujeres en los distintos \u00e1mbitos de la vida cotidiana, del empleo, de la representaci\u00f3n, etc. Sin embargo, pocos son los materiales que inciden y muestran la lucha del movimiento feminista en la conquista de sus derechos.<\/p>\n<p>As\u00ed pues, y como demanda de muchos colectivos en visibilizar los logros obtenidos, se ha elaborado la exposici\u00f3n \u201cLa Conquista de los Derechos de las Mujeres a lo largo de la Historia\u201d. Lejos de entender que estos derechos fueron o han sido otorgados, se ha incorporado la importancia en esas conquistas del movimiento feminista, desde la rigurosidad de los planteamientos.<\/p>\n<p>La exposici\u00f3n se acompa\u00f1a de una gu\u00eda que permite, junto a las actividades que forman parte, deconstruir toda una serie de mitos y falsas creencia sobre el feminismo y situar los derechos de las mujeres a lo largo de la Historia as\u00ed como aquellos que todav\u00eda no se han conseguido.<\/p>\n<p>Espero sinceramente contribuir a difundir y sensibilizar al conjunto de la ciudadan\u00eda de la importancia de la igualdad de oportunidades entre mujeres y hombres para que entre todos y todas cumplamos el deseo de una sociedad m\u00e1s democr\u00e1tica, justa y solidaria.<\/p>\n<p style=\"text-align: right;\"><em>Miguel \u00c1ngel P\u00e9rez Hern\u00e1ndez<\/em><br \/>\n<a href=\"https:\/\/www.gobiernodecanarias.org\/dsidj\/\">Consejero de Educaci\u00f3n, Juventud e Igualdad<\/a><\/p>\n<p>&nbsp;<\/p>\n<p><a href=\"https:\/\/diariofemenino.com.ar\/df\/category\/biblioteca\/\">Biblioteca virtual<\/a> &#8211; <a href=\"https:\/\/diariofemenino.com.ar\/df\/category\/de-esi-si-se-habla\/\">DDF<\/a><\/p>\n<p>&nbsp;<\/p>\n","protected":false},"excerpt":{"rendered":"<p>Presentaci\u00f3n (descargar en portada) La exposici\u00f3n \u201cLa Conquista de los Derechos de las Mujeres a lo largo de la Historia\u201d pretende ser un acercamiento a los principales hitos hist\u00f3ricos en la conquista de los derechos de las mujeres en Occidente. Se aspira a que aquellas personas que visiten la exposici\u00f3n se hagan una idea general [&hellip;]<\/p>\n","protected":false},"author":4,"featured_media":66659,"comment_status":"open","ping_status":"open","sticky":false,"template":"","format":"standard","meta":{"iawp_total_views":142,"footnotes":""},"categories":[1067,19,3,627,78,23,592],"tags":[30,11,2445,131,130,45],"class_list":["post-66656","post","type-post","status-publish","format-standard","has-post-thumbnail","hentry","category-agenda-feminista","category-biblioteca","category-de-la-revolucion-al-reaprendizaje","category-genero-y-derechos-humanos","category-guias","category-salud","category-violencias","tag-derechos-humanos","tag-educacion","tag-empleo","tag-igualdad","tag-mujeres","tag-trabajo"],"nelio_content":{"autoShareEndMode":"never","automationSources":{"useCustomSentences":false,"customSentences":[]},"efiAlt":"","efiUrl":"","followers":[4],"highlights":[],"isAutoShareEnabled":true,"networkImageIds":[],"permalinkQueryArgs":[],"series":[],"suggestedReferences":[]},"yoast_head":"<!-- This site is optimized with the Yoast SEO plugin v27.5 - https:\/\/yoast.com\/product\/yoast-seo-wordpress\/ -->\n<title>La conquista de los derechos de las mujeres - Diario Digital Femenino<\/title>\n<meta name=\"description\" content=\"La conquista de los derechos. exposici\u00f3n \u201cLa Conquista de los Derechos de las Mujeres a lo largo de la Historia\u201d. Consejo de Educaci\u00f3n, Juventud e Igualdad.\" \/>\n<meta name=\"robots\" content=\"index, follow, max-snippet:-1, max-image-preview:large, max-video-preview:-1\" \/>\n<link rel=\"canonical\" href=\"https:\/\/diariofemenino.com.ar\/df\/la-conquista-de-los-derechos-de-las-mujeres\/\" \/>\n<meta property=\"og:locale\" content=\"es_ES\" \/>\n<meta property=\"og:type\" content=\"article\" \/>\n<meta property=\"og:title\" content=\"La conquista de los derechos de las mujeres - Diario Digital Femenino\" \/>\n<meta property=\"og:description\" content=\"La conquista de los derechos. exposici\u00f3n \u201cLa Conquista de los Derechos de las Mujeres a lo largo de la Historia\u201d. Consejo de Educaci\u00f3n, Juventud e Igualdad.\" \/>\n<meta property=\"og:url\" content=\"https:\/\/diariofemenino.com.ar\/df\/la-conquista-de-los-derechos-de-las-mujeres\/\" \/>\n<meta property=\"og:site_name\" content=\"Diario Digital Femenino\" \/>\n<meta property=\"article:publisher\" content=\"https:\/\/www.facebook.com\/DiarioDigitaFemenino\/\" \/>\n<meta property=\"article:published_time\" content=\"2022-09-28T12:31:49+00:00\" \/>\n<meta property=\"og:image\" content=\"https:\/\/diariofemenino.com.ar\/df\/wp-content\/uploads\/2022\/09\/Conquista-de-derechos2.jpg\" \/>\n\t<meta property=\"og:image:width\" content=\"579\" \/>\n\t<meta property=\"og:image:height\" content=\"431\" \/>\n\t<meta property=\"og:image:type\" content=\"image\/jpeg\" \/>\n<meta name=\"author\" content=\"Admin\" \/>\n<meta name=\"twitter:card\" content=\"summary_large_image\" \/>\n<meta name=\"twitter:creator\" content=\"@DiarioFemenino1\" \/>\n<meta name=\"twitter:site\" content=\"@DiarioFemenino1\" \/>\n<meta name=\"twitter:label1\" content=\"Escrito por\" \/>\n\t<meta name=\"twitter:data1\" content=\"Admin\" \/>\n\t<meta name=\"twitter:label2\" content=\"Tiempo de lectura\" \/>\n\t<meta name=\"twitter:data2\" content=\"3 minutos\" \/>\n<script type=\"application\/ld+json\" class=\"yoast-schema-graph\">{\"@context\":\"https:\\\/\\\/schema.org\",\"@graph\":[{\"@type\":\"Article\",\"@id\":\"https:\\\/\\\/diariofemenino.com.ar\\\/df\\\/la-conquista-de-los-derechos-de-las-mujeres\\\/#article\",\"isPartOf\":{\"@id\":\"https:\\\/\\\/diariofemenino.com.ar\\\/df\\\/la-conquista-de-los-derechos-de-las-mujeres\\\/\"},\"author\":{\"name\":\"Admin\",\"@id\":\"https:\\\/\\\/diariofemenino.com.ar\\\/df\\\/#\\\/schema\\\/person\\\/bf6199e8158c657ea6f789b11ec85509\"},\"headline\":\"La conquista de los derechos de las mujeres\",\"datePublished\":\"2022-09-28T12:31:49+00:00\",\"mainEntityOfPage\":{\"@id\":\"https:\\\/\\\/diariofemenino.com.ar\\\/df\\\/la-conquista-de-los-derechos-de-las-mujeres\\\/\"},\"wordCount\":605,\"commentCount\":0,\"publisher\":{\"@id\":\"https:\\\/\\\/diariofemenino.com.ar\\\/df\\\/#organization\"},\"image\":{\"@id\":\"https:\\\/\\\/diariofemenino.com.ar\\\/df\\\/la-conquista-de-los-derechos-de-las-mujeres\\\/#primaryimage\"},\"thumbnailUrl\":\"https:\\\/\\\/diariofemenino.com.ar\\\/df\\\/wp-content\\\/uploads\\\/2022\\\/09\\\/Conquista-de-derechos2.jpg\",\"keywords\":[\"Derechos Humanos\",\"Educaci\u00f3n\",\"empleo\",\"Igualdad\",\"Mujeres\",\"Trabajo\"],\"articleSection\":[\"Agenda Feminista\",\"Biblioteca Virtual\",\"De la Revoluci\u00f3n al Reaprendizaje\",\"G\u00e9nero y Derechos Humanos\",\"Gu\u00edas\",\"Salud\",\"Violencias\"],\"inLanguage\":\"es\",\"potentialAction\":[{\"@type\":\"CommentAction\",\"name\":\"Comment\",\"target\":[\"https:\\\/\\\/diariofemenino.com.ar\\\/df\\\/la-conquista-de-los-derechos-de-las-mujeres\\\/#respond\"]}]},{\"@type\":\"WebPage\",\"@id\":\"https:\\\/\\\/diariofemenino.com.ar\\\/df\\\/la-conquista-de-los-derechos-de-las-mujeres\\\/\",\"url\":\"https:\\\/\\\/diariofemenino.com.ar\\\/df\\\/la-conquista-de-los-derechos-de-las-mujeres\\\/\",\"name\":\"La conquista de los derechos de las mujeres - Diario Digital Femenino\",\"isPartOf\":{\"@id\":\"https:\\\/\\\/diariofemenino.com.ar\\\/df\\\/#website\"},\"primaryImageOfPage\":{\"@id\":\"https:\\\/\\\/diariofemenino.com.ar\\\/df\\\/la-conquista-de-los-derechos-de-las-mujeres\\\/#primaryimage\"},\"image\":{\"@id\":\"https:\\\/\\\/diariofemenino.com.ar\\\/df\\\/la-conquista-de-los-derechos-de-las-mujeres\\\/#primaryimage\"},\"thumbnailUrl\":\"https:\\\/\\\/diariofemenino.com.ar\\\/df\\\/wp-content\\\/uploads\\\/2022\\\/09\\\/Conquista-de-derechos2.jpg\",\"datePublished\":\"2022-09-28T12:31:49+00:00\",\"description\":\"La conquista de los derechos. exposici\u00f3n \u201cLa Conquista de los Derechos de las Mujeres a lo largo de la Historia\u201d. Consejo de Educaci\u00f3n, Juventud e Igualdad.\",\"breadcrumb\":{\"@id\":\"https:\\\/\\\/diariofemenino.com.ar\\\/df\\\/la-conquista-de-los-derechos-de-las-mujeres\\\/#breadcrumb\"},\"inLanguage\":\"es\",\"potentialAction\":[{\"@type\":\"ReadAction\",\"target\":[\"https:\\\/\\\/diariofemenino.com.ar\\\/df\\\/la-conquista-de-los-derechos-de-las-mujeres\\\/\"]}]},{\"@type\":\"ImageObject\",\"inLanguage\":\"es\",\"@id\":\"https:\\\/\\\/diariofemenino.com.ar\\\/df\\\/la-conquista-de-los-derechos-de-las-mujeres\\\/#primaryimage\",\"url\":\"https:\\\/\\\/diariofemenino.com.ar\\\/df\\\/wp-content\\\/uploads\\\/2022\\\/09\\\/Conquista-de-derechos2.jpg\",\"contentUrl\":\"https:\\\/\\\/diariofemenino.com.ar\\\/df\\\/wp-content\\\/uploads\\\/2022\\\/09\\\/Conquista-de-derechos2.jpg\",\"width\":579,\"height\":431,\"caption\":\"La conquista de los derechos de las mujeres\"},{\"@type\":\"BreadcrumbList\",\"@id\":\"https:\\\/\\\/diariofemenino.com.ar\\\/df\\\/la-conquista-de-los-derechos-de-las-mujeres\\\/#breadcrumb\",\"itemListElement\":[{\"@type\":\"ListItem\",\"position\":1,\"name\":\"Portada\",\"item\":\"https:\\\/\\\/diariofemenino.com.ar\\\/df\\\/\"},{\"@type\":\"ListItem\",\"position\":2,\"name\":\"La conquista de los derechos de las mujeres\"}]},{\"@type\":\"WebSite\",\"@id\":\"https:\\\/\\\/diariofemenino.com.ar\\\/df\\\/#website\",\"url\":\"https:\\\/\\\/diariofemenino.com.ar\\\/df\\\/\",\"name\":\"Diario Digital Femenino\",\"description\":\"Cuesti\u00f3n de G\u00e9nero\",\"publisher\":{\"@id\":\"https:\\\/\\\/diariofemenino.com.ar\\\/df\\\/#organization\"},\"potentialAction\":[{\"@type\":\"SearchAction\",\"target\":{\"@type\":\"EntryPoint\",\"urlTemplate\":\"https:\\\/\\\/diariofemenino.com.ar\\\/df\\\/?s={search_term_string}\"},\"query-input\":{\"@type\":\"PropertyValueSpecification\",\"valueRequired\":true,\"valueName\":\"search_term_string\"}}],\"inLanguage\":\"es\"},{\"@type\":\"Organization\",\"@id\":\"https:\\\/\\\/diariofemenino.com.ar\\\/df\\\/#organization\",\"name\":\"Diario Femenino\",\"url\":\"https:\\\/\\\/diariofemenino.com.ar\\\/df\\\/\",\"logo\":{\"@type\":\"ImageObject\",\"inLanguage\":\"es\",\"@id\":\"https:\\\/\\\/diariofemenino.com.ar\\\/df\\\/#\\\/schema\\\/logo\\\/image\\\/\",\"url\":\"https:\\\/\\\/diariofemenino.com.ar\\\/df\\\/wp-content\\\/uploads\\\/2018\\\/10\\\/logo.png\",\"contentUrl\":\"https:\\\/\\\/diariofemenino.com.ar\\\/df\\\/wp-content\\\/uploads\\\/2018\\\/10\\\/logo.png\",\"width\":500,\"height\":92,\"caption\":\"Diario Femenino\"},\"image\":{\"@id\":\"https:\\\/\\\/diariofemenino.com.ar\\\/df\\\/#\\\/schema\\\/logo\\\/image\\\/\"},\"sameAs\":[\"https:\\\/\\\/www.facebook.com\\\/DiarioDigitaFemenino\\\/\",\"https:\\\/\\\/x.com\\\/DiarioFemenino1\"]},{\"@type\":\"Person\",\"@id\":\"https:\\\/\\\/diariofemenino.com.ar\\\/df\\\/#\\\/schema\\\/person\\\/bf6199e8158c657ea6f789b11ec85509\",\"name\":\"Admin\",\"image\":{\"@type\":\"ImageObject\",\"inLanguage\":\"es\",\"@id\":\"https:\\\/\\\/diariofemenino.com.ar\\\/df\\\/wp-content\\\/uploads\\\/2018\\\/12\\\/favicon-150x150.jpg\",\"url\":\"https:\\\/\\\/diariofemenino.com.ar\\\/df\\\/wp-content\\\/uploads\\\/2018\\\/12\\\/favicon-150x150.jpg\",\"contentUrl\":\"https:\\\/\\\/diariofemenino.com.ar\\\/df\\\/wp-content\\\/uploads\\\/2018\\\/12\\\/favicon-150x150.jpg\",\"caption\":\"Admin\"},\"url\":\"https:\\\/\\\/diariofemenino.com.ar\\\/df\\\/author\\\/lenny\\\/\"}]}<\/script>\n<!-- \/ Yoast SEO plugin. -->","yoast_head_json":{"title":"La conquista de los derechos de las mujeres - Diario Digital Femenino","description":"La conquista de los derechos. exposici\u00f3n \u201cLa Conquista de los Derechos de las Mujeres a lo largo de la Historia\u201d. Consejo de Educaci\u00f3n, Juventud e Igualdad.","robots":{"index":"index","follow":"follow","max-snippet":"max-snippet:-1","max-image-preview":"max-image-preview:large","max-video-preview":"max-video-preview:-1"},"canonical":"https:\/\/diariofemenino.com.ar\/df\/la-conquista-de-los-derechos-de-las-mujeres\/","og_locale":"es_ES","og_type":"article","og_title":"La conquista de los derechos de las mujeres - Diario Digital Femenino","og_description":"La conquista de los derechos. exposici\u00f3n \u201cLa Conquista de los Derechos de las Mujeres a lo largo de la Historia\u201d. Consejo de Educaci\u00f3n, Juventud e Igualdad.","og_url":"https:\/\/diariofemenino.com.ar\/df\/la-conquista-de-los-derechos-de-las-mujeres\/","og_site_name":"Diario Digital Femenino","article_publisher":"https:\/\/www.facebook.com\/DiarioDigitaFemenino\/","article_published_time":"2022-09-28T12:31:49+00:00","og_image":[{"width":579,"height":431,"url":"https:\/\/diariofemenino.com.ar\/df\/wp-content\/uploads\/2022\/09\/Conquista-de-derechos2.jpg","type":"image\/jpeg"}],"author":"Admin","twitter_card":"summary_large_image","twitter_creator":"@DiarioFemenino1","twitter_site":"@DiarioFemenino1","twitter_misc":{"Escrito por":"Admin","Tiempo de lectura":"3 minutos"},"schema":{"@context":"https:\/\/schema.org","@graph":[{"@type":"Article","@id":"https:\/\/diariofemenino.com.ar\/df\/la-conquista-de-los-derechos-de-las-mujeres\/#article","isPartOf":{"@id":"https:\/\/diariofemenino.com.ar\/df\/la-conquista-de-los-derechos-de-las-mujeres\/"},"author":{"name":"Admin","@id":"https:\/\/diariofemenino.com.ar\/df\/#\/schema\/person\/bf6199e8158c657ea6f789b11ec85509"},"headline":"La conquista de los derechos de las mujeres","datePublished":"2022-09-28T12:31:49+00:00","mainEntityOfPage":{"@id":"https:\/\/diariofemenino.com.ar\/df\/la-conquista-de-los-derechos-de-las-mujeres\/"},"wordCount":605,"commentCount":0,"publisher":{"@id":"https:\/\/diariofemenino.com.ar\/df\/#organization"},"image":{"@id":"https:\/\/diariofemenino.com.ar\/df\/la-conquista-de-los-derechos-de-las-mujeres\/#primaryimage"},"thumbnailUrl":"https:\/\/diariofemenino.com.ar\/df\/wp-content\/uploads\/2022\/09\/Conquista-de-derechos2.jpg","keywords":["Derechos Humanos","Educaci\u00f3n","empleo","Igualdad","Mujeres","Trabajo"],"articleSection":["Agenda Feminista","Biblioteca Virtual","De la Revoluci\u00f3n al Reaprendizaje","G\u00e9nero y Derechos Humanos","Gu\u00edas","Salud","Violencias"],"inLanguage":"es","potentialAction":[{"@type":"CommentAction","name":"Comment","target":["https:\/\/diariofemenino.com.ar\/df\/la-conquista-de-los-derechos-de-las-mujeres\/#respond"]}]},{"@type":"WebPage","@id":"https:\/\/diariofemenino.com.ar\/df\/la-conquista-de-los-derechos-de-las-mujeres\/","url":"https:\/\/diariofemenino.com.ar\/df\/la-conquista-de-los-derechos-de-las-mujeres\/","name":"La conquista de los derechos de las mujeres - Diario Digital Femenino","isPartOf":{"@id":"https:\/\/diariofemenino.com.ar\/df\/#website"},"primaryImageOfPage":{"@id":"https:\/\/diariofemenino.com.ar\/df\/la-conquista-de-los-derechos-de-las-mujeres\/#primaryimage"},"image":{"@id":"https:\/\/diariofemenino.com.ar\/df\/la-conquista-de-los-derechos-de-las-mujeres\/#primaryimage"},"thumbnailUrl":"https:\/\/diariofemenino.com.ar\/df\/wp-content\/uploads\/2022\/09\/Conquista-de-derechos2.jpg","datePublished":"2022-09-28T12:31:49+00:00","description":"La conquista de los derechos. exposici\u00f3n \u201cLa Conquista de los Derechos de las Mujeres a lo largo de la Historia\u201d. Consejo de Educaci\u00f3n, Juventud e Igualdad.","breadcrumb":{"@id":"https:\/\/diariofemenino.com.ar\/df\/la-conquista-de-los-derechos-de-las-mujeres\/#breadcrumb"},"inLanguage":"es","potentialAction":[{"@type":"ReadAction","target":["https:\/\/diariofemenino.com.ar\/df\/la-conquista-de-los-derechos-de-las-mujeres\/"]}]},{"@type":"ImageObject","inLanguage":"es","@id":"https:\/\/diariofemenino.com.ar\/df\/la-conquista-de-los-derechos-de-las-mujeres\/#primaryimage","url":"https:\/\/diariofemenino.com.ar\/df\/wp-content\/uploads\/2022\/09\/Conquista-de-derechos2.jpg","contentUrl":"https:\/\/diariofemenino.com.ar\/df\/wp-content\/uploads\/2022\/09\/Conquista-de-derechos2.jpg","width":579,"height":431,"caption":"La conquista de los derechos de las mujeres"},{"@type":"BreadcrumbList","@id":"https:\/\/diariofemenino.com.ar\/df\/la-conquista-de-los-derechos-de-las-mujeres\/#breadcrumb","itemListElement":[{"@type":"ListItem","position":1,"name":"Portada","item":"https:\/\/diariofemenino.com.ar\/df\/"},{"@type":"ListItem","position":2,"name":"La conquista de los derechos de las mujeres"}]},{"@type":"WebSite","@id":"https:\/\/diariofemenino.com.ar\/df\/#website","url":"https:\/\/diariofemenino.com.ar\/df\/","name":"Diario Digital Femenino","description":"Cuesti\u00f3n de G\u00e9nero","publisher":{"@id":"https:\/\/diariofemenino.com.ar\/df\/#organization"},"potentialAction":[{"@type":"SearchAction","target":{"@type":"EntryPoint","urlTemplate":"https:\/\/diariofemenino.com.ar\/df\/?s={search_term_string}"},"query-input":{"@type":"PropertyValueSpecification","valueRequired":true,"valueName":"search_term_string"}}],"inLanguage":"es"},{"@type":"Organization","@id":"https:\/\/diariofemenino.com.ar\/df\/#organization","name":"Diario Femenino","url":"https:\/\/diariofemenino.com.ar\/df\/","logo":{"@type":"ImageObject","inLanguage":"es","@id":"https:\/\/diariofemenino.com.ar\/df\/#\/schema\/logo\/image\/","url":"https:\/\/diariofemenino.com.ar\/df\/wp-content\/uploads\/2018\/10\/logo.png","contentUrl":"https:\/\/diariofemenino.com.ar\/df\/wp-content\/uploads\/2018\/10\/logo.png","width":500,"height":92,"caption":"Diario Femenino"},"image":{"@id":"https:\/\/diariofemenino.com.ar\/df\/#\/schema\/logo\/image\/"},"sameAs":["https:\/\/www.facebook.com\/DiarioDigitaFemenino\/","https:\/\/x.com\/DiarioFemenino1"]},{"@type":"Person","@id":"https:\/\/diariofemenino.com.ar\/df\/#\/schema\/person\/bf6199e8158c657ea6f789b11ec85509","name":"Admin","image":{"@type":"ImageObject","inLanguage":"es","@id":"https:\/\/diariofemenino.com.ar\/df\/wp-content\/uploads\/2018\/12\/favicon-150x150.jpg","url":"https:\/\/diariofemenino.com.ar\/df\/wp-content\/uploads\/2018\/12\/favicon-150x150.jpg","contentUrl":"https:\/\/diariofemenino.com.ar\/df\/wp-content\/uploads\/2018\/12\/favicon-150x150.jpg","caption":"Admin"},"url":"https:\/\/diariofemenino.com.ar\/df\/author\/lenny\/"}]}},"jetpack_featured_media_url":"https:\/\/diariofemenino.com.ar\/df\/wp-content\/uploads\/2022\/09\/Conquista-de-derechos2.jpg","jetpack_sharing_enabled":true,"rttpg_featured_image_url":{"full":["https:\/\/diariofemenino.com.ar\/df\/wp-content\/uploads\/2022\/09\/Conquista-de-derechos2.jpg",579,431,false],"landscape":["https:\/\/diariofemenino.com.ar\/df\/wp-content\/uploads\/2022\/09\/Conquista-de-derechos2.jpg",579,431,false],"portraits":["https:\/\/diariofemenino.com.ar\/df\/wp-content\/uploads\/2022\/09\/Conquista-de-derechos2.jpg",579,431,false],"thumbnail":["https:\/\/diariofemenino.com.ar\/df\/wp-content\/uploads\/2022\/09\/Conquista-de-derechos2-150x150.jpg",150,150,true],"medium":["https:\/\/diariofemenino.com.ar\/df\/wp-content\/uploads\/2022\/09\/Conquista-de-derechos2-300x223.jpg",300,223,true],"large":["https:\/\/diariofemenino.com.ar\/df\/wp-content\/uploads\/2022\/09\/Conquista-de-derechos2.jpg",579,431,false],"1536x1536":["https:\/\/diariofemenino.com.ar\/df\/wp-content\/uploads\/2022\/09\/Conquista-de-derechos2.jpg",579,431,false],"2048x2048":["https:\/\/diariofemenino.com.ar\/df\/wp-content\/uploads\/2022\/09\/Conquista-de-derechos2.jpg",579,431,false]},"rttpg_author":{"display_name":"Admin","author_link":"https:\/\/diariofemenino.com.ar\/df\/author\/lenny\/"},"rttpg_comment":0,"rttpg_category":"<a href=\"https:\/\/diariofemenino.com.ar\/df\/category\/agenda-feminista\/\" rel=\"category tag\">Agenda Feminista<\/a> <a href=\"https:\/\/diariofemenino.com.ar\/df\/category\/biblioteca\/\" rel=\"category tag\">Biblioteca Virtual<\/a> <a href=\"https:\/\/diariofemenino.com.ar\/df\/category\/de-la-revolucion-al-reaprendizaje\/\" rel=\"category tag\">De la Revoluci\u00f3n al Reaprendizaje<\/a> <a href=\"https:\/\/diariofemenino.com.ar\/df\/category\/genero-y-derechos-humanos\/\" rel=\"category tag\">G\u00e9nero y Derechos Humanos<\/a> <a href=\"https:\/\/diariofemenino.com.ar\/df\/category\/guias\/\" rel=\"category tag\">Gu\u00edas<\/a> <a href=\"https:\/\/diariofemenino.com.ar\/df\/category\/salud\/\" rel=\"category tag\">Salud<\/a> <a href=\"https:\/\/diariofemenino.com.ar\/df\/category\/violencias\/\" rel=\"category tag\">Violencias<\/a>","rttpg_excerpt":"Presentaci\u00f3n (descargar en portada) La exposici\u00f3n \u201cLa Conquista de los Derechos de las Mujeres a lo largo de la Historia\u201d pretende ser un acercamiento a los principales hitos hist\u00f3ricos en la conquista de los derechos de las mujeres en Occidente. Se aspira a que aquellas personas que visiten la exposici\u00f3n se hagan una idea general&hellip;","_links":{"self":[{"href":"https:\/\/diariofemenino.com.ar\/df\/wp-json\/wp\/v2\/posts\/66656","targetHints":{"allow":["GET"]}}],"collection":[{"href":"https:\/\/diariofemenino.com.ar\/df\/wp-json\/wp\/v2\/posts"}],"about":[{"href":"https:\/\/diariofemenino.com.ar\/df\/wp-json\/wp\/v2\/types\/post"}],"author":[{"embeddable":true,"href":"https:\/\/diariofemenino.com.ar\/df\/wp-json\/wp\/v2\/users\/4"}],"replies":[{"embeddable":true,"href":"https:\/\/diariofemenino.com.ar\/df\/wp-json\/wp\/v2\/comments?post=66656"}],"version-history":[{"count":0,"href":"https:\/\/diariofemenino.com.ar\/df\/wp-json\/wp\/v2\/posts\/66656\/revisions"}],"wp:featuredmedia":[{"embeddable":true,"href":"https:\/\/diariofemenino.com.ar\/df\/wp-json\/wp\/v2\/media\/66659"}],"wp:attachment":[{"href":"https:\/\/diariofemenino.com.ar\/df\/wp-json\/wp\/v2\/media?parent=66656"}],"wp:term":[{"taxonomy":"category","embeddable":true,"href":"https:\/\/diariofemenino.com.ar\/df\/wp-json\/wp\/v2\/categories?post=66656"},{"taxonomy":"post_tag","embeddable":true,"href":"https:\/\/diariofemenino.com.ar\/df\/wp-json\/wp\/v2\/tags?post=66656"}],"curies":[{"name":"wp","href":"https:\/\/api.w.org\/{rel}","templated":true}]}}