{"id":66442,"date":"2022-09-13T08:31:54","date_gmt":"2022-09-13T11:31:54","guid":{"rendered":"https:\/\/diariofemenino.com.ar\/df\/?p=66442"},"modified":"2022-09-13T08:31:54","modified_gmt":"2022-09-13T11:31:54","slug":"hijos-y-nietos-principales-autores-de-los-feminicidios-contra-mujeres-mayores-de-60-anos","status":"publish","type":"post","link":"https:\/\/diariofemenino.com.ar\/df\/hijos-y-nietos-principales-autores-de-los-feminicidios-contra-mujeres-mayores-de-60-anos\/","title":{"rendered":"Hijos y nietos, principales autores de los feminicidios contra mujeres mayores de 60 a\u00f1os"},"content":{"rendered":"<p id=\"m69-68-70\">Son el grupo de edad en el que m\u00e1s <a href=\"https:\/\/diariofemenino.com.ar\/df\/femicidios-en-que-esta-fallando-el-estado\/\">feminicidios<\/a> se han producido a lo largo de los primero seis meses del a\u00f1o fuera del \u00e1mbito de la pareja o expareja. La nueva estad\u00edstica de Igualdad afirma que el 58% de estos asesinatos ocurre en la familia.<\/p>\n<p>Por\u00a0<a href=\"https:\/\/www.publico.es\/author\/marisa-kohan#analytics-noticia:autor\">Marisa Kohan<\/a><br \/>\n<a class=\"twitter\" href=\"https:\/\/twitter.com\/kohanm\" target=\"_blank\" rel=\"noopener\">@KOHANM<\/a><\/p>\n<p id=\"m354-353-355\" class=\"pb-article-item-iteration\">Hasta ahora no se ten\u00edan datos concretos sobre los feminicidios de mujeres mayores fuera del \u00e1mbito de la pareja. Por regla general se estima que en torno al 13% de las mujeres mayores de 60 a\u00f1os son asesinadas anualmente por un hombre con el que est\u00e1n casadas o con el que tienen o han tenido una relaci\u00f3n sentimental. Sin embargo\u00a0<a title=\"Igualdad contabiliza 19 feminicidios fuera de la pareja en los primeros seis meses del a\u00f1o\" href=\"https:\/\/www.publico.es\/mujer\/igualdad-contabiliza-19-feminicidios-fuera-pareja-primeros-seis-meses-ano.html#md=modulo-portada-ancho-completo:t1;mm=mobile-big#analytics-noticia:contenido-enlace\">los nuevos datos recopilados por el Ministerio de Igualdad y hechos p\u00fablicos este lunes sobre los feminicidios fuera de las relaciones de pareja<\/a>, ofrecen una nueva perspectiva de lo que le ocurre a estas v\u00edctimas.<\/p>\n<p>La nueva estad\u00edstica, sobre la que el Gobierno ha estado trabajando desde finales del a\u00f1o pasado, saca a la luz otra realidad que hasta ahora ha permanecido escondida: el 58% de los feminicidios en los que no existe una relaci\u00f3n de pareja con el asesino se producen en el \u00e1mbito de la familia y\u00a0<b>el 57,9% de los mismos tienen como v\u00edctima a una mujer mayor de 60 a\u00f1os<\/b>.\u00a0Entre los principales agresores figuran hijos, hijastros y nietos.<\/p>\n<p>Seg\u00fan los datos desvelados por la delegaci\u00f3n del Gobierno contra la violencia de g\u00e9nero, el total de mujeres asesinadas en los primeros seis meses del a\u00f1o fuera de la relaci\u00f3n de pareja fue de 19. De ellas,\u00a0<b>11 fueron asesinadas por un miembro de la familia<\/b>. Entre los 19 agresores, nueve fueron descendientes, de los cuales\u00a0<b>seis eran hijos y otros tres nietos de la v\u00edctima<\/b>.<\/p>\n<p id=\"m374-4-375\" class=\"pb-article-item-iteration\">Tal como explic\u00f3 la secretaria de Estado de Igualdad, \u00c1ngela Rodr\u00edguez durante la presentaci\u00f3n, \u00abel dato m\u00e1s escalofriante es que\u00a0<b>el 100% de los agresores eran conocidos<\/b>\u00ab, es decir que conoc\u00edan a sus v\u00edctimas. Tambi\u00e9n resalt\u00f3 que estos datos \u00abrevelan\u00bb que la violencia \u00abest\u00e1 dirigida a otro grupo diferente de mujeres\u00bb, si se comparan con los recopilados desde el 2003 que recogen exclusivamente los datos de estos asesinatos cometidos por hombres que son o han sido parejas de las v\u00edctimas. En estos \u00faltimos, m\u00e1s de la mitad de las mujeres asesinadas (el 52%) tienen entre 40 y 50 a\u00f1os. La nueva estad\u00edstica desvela que\u00a0<b>fuera de las relaciones de pareja el mayor impacto de la violencia extrema la padecen las mujeres m\u00e1s mayores<\/b>.<\/p>\n<figure id=\"attachment_66448\" aria-describedby=\"caption-attachment-66448\" style=\"width: 655px\" class=\"wp-caption aligncenter\"><img loading=\"lazy\" decoding=\"async\" class=\" wp-image-66448\" src=\"https:\/\/diariofemenino.com.ar\/df\/wp-content\/uploads\/2022\/09\/es_20071227_1_5006909_captured.jpg\" alt=\"Hijos y nietos, principales autores de los feminicidios contra mujeres mayores de 60 a\u00f1os\" width=\"655\" height=\"491\" srcset=\"https:\/\/diariofemenino.com.ar\/df\/wp-content\/uploads\/2022\/09\/es_20071227_1_5006909_captured.jpg 800w, https:\/\/diariofemenino.com.ar\/df\/wp-content\/uploads\/2022\/09\/es_20071227_1_5006909_captured-300x225.jpg 300w, https:\/\/diariofemenino.com.ar\/df\/wp-content\/uploads\/2022\/09\/es_20071227_1_5006909_captured-768x576.jpg 768w\" sizes=\"auto, (max-width: 655px) 100vw, 655px\" \/><figcaption id=\"caption-attachment-66448\" class=\"wp-caption-text\">Hijos y nietos, principales autores de los feminicidios contra mujeres mayores de 60 a\u00f1os<\/figcaption><\/figure>\n<p id=\"m379-5-380\" class=\"pb-article-item-iteration\">Igualdad pide prudencia a\u00fan sobre la nueva estad\u00edstica. Se trata de los primeros datos que analizan una violencia extendida que hasta ahora no se contabilizaba en nuestro pa\u00eds como violencia machista y\u00a0<b>ser\u00e1 necesario el an\u00e1lisis de una serie m\u00e1s amplia para sacar conclusiones m\u00e1s espec\u00edficas<\/b>.<\/p>\n<p id=\"m384-6-385\" class=\"pb-article-item-iteration\">Pero los primeros datos, afirm\u00f3 Rodr\u00edguez durante la presentaci\u00f3n, confirman que hasta ahora \u00ab<b>ha habido una serie de asesinatos que ha pasado por debajo del radar<\/b>\u00ab.<\/p>\n<p id=\"m389-7-390\" class=\"pb-article-item-iteration\">\u00ab\u00bfQu\u00e9 nos preocupa en este sentido?\u00bb, se pregunt\u00f3 Rodr\u00edguez en su comparecencia. El hecho de que seg\u00fan los estudios de ese Ministerio, \u00ab<b>son muy pocas las mujeres de esta edad que acceden a recursos espec\u00edficos<\/b>\u00bb y al hecho de que \u00ab<b>no existen protocolos espec\u00edficos a nivel estatal<\/b>\u00a0para el tratamiento de la violencia en estos \u00e1mbitos\u00bb. Seg\u00fan un estudio realizado por el Ministerio que dirige Irene Montero, tan s\u00f3lo el 16% de las mujeres de esta franja de edad accede a recursos contra la violencia de g\u00e9nero. Seg\u00fan diversas expertas consultadas por este diario, en la mayor\u00eda de casos\u00a0<a title=\"La violencia hacia las mujeres mayores: un maltrato oculto durante a\u00f1os que ni las propias v\u00edctimas saben reconocer\" href=\"https:\/\/www.publico.es\/sociedad\/dia-internacional-personas-mayores-violencia-mujeres-maltrato-oculto-propias-victimas.html#analytics-buscador:listado\">existe una gran dificultad para que estas mujeres se autoidentifiquen como v\u00edctimas de violencia machista<\/a>. Sin esta autoidentificaci\u00f3n, pedir ayuda o denunciar es imposible.<\/p>\n<p id=\"m394-8-395\" class=\"pb-article-item-iteration\">Tal como explicaban recientemente diversas expertas en violencia machista hacia esta poblaci\u00f3n, las Administraciones est\u00e1n poco preparadas para atender las necesidades de las mujeres mayores v\u00edctimas de violencia de g\u00e9nero. \u00c9stas pueden dirigirse a solicitar las ayudas que se han puesto en marcha para las v\u00edctimas de esta violencia, pero \u00ab<b>hay caracter\u00edsticas espec\u00edficas de este grupo de edad que las dejan fuera del sistema de asistencia que se ha engranado<\/b>\u00ab. Por ejemplo, se trata de un grupo que suele tener grandes necesidades econ\u00f3micas porque aunque algunas han trabajado toda la vida, nunca han tenido contratos, o lo han hecho en negocios familiares o apoyando a los maridos. Otro factor importante a tener en cuenta seg\u00fan esta experta, es que \u00ablas cifras nos dicen que las mujeres mayores no suelen romper con la relaci\u00f3n de violencia o les cuesta mucho m\u00e1s tomar esa decisi\u00f3n\u00bb.<\/p>\n<p>Igualdad afirma que ha comenzado a trabajar con el IMSERSO para elaborar protocolos para estas v\u00edctimas<\/p>\n<p id=\"m404-10-405\" class=\"pb-article-item-iteration\">Consciente de esta realidad, Rodr\u00edguez anunci\u00f3 que el Ministerio de Igualdad est\u00e1 ya en conversaciones con el Instituto de Mayores y Servicios Sociales (IMSERSO),\u00a0\u00abpara\u00a0<b>elaborar protocolos para la derivaci\u00f3n de estas v\u00edctimas y para que puedan ver recursos asistenciales para ellas<\/b>\u00a0que nos permitan darle la atenci\u00f3n que necesitan y sobre todo que les podamos dar una salida para la situaci\u00f3n de violencia que se est\u00e1 dando dentro de sus familias, perpetuada muchas veces por sus hijos o nietos que conviven con ellas\u00bb. Se trata, seg\u00fan han afirmado fuentes de Igualdad, de un\u00a0tipo concreto de convivencia sobre el que hay que estudiar la situaci\u00f3n de precariedad social y econ\u00f3mica que se est\u00e1 dando en el \u00e1mbito de estos asesinatos.<\/p>\n<p id=\"m409-11-410\" class=\"pb-article-item-iteration\">Desde el a\u00f1o 2003, nuestro pa\u00eds recaba los datos de feminicidios realizados por aquellos hombres que tienen o han tenido una relaci\u00f3n sentimental con las v\u00edctimas. La ley de violencia de g\u00e9nero aprobada en 2004, entiende los asesinatos por violencia de g\u00e9nero \u00fanica y exclusivamente ligados a estas relaciones. Este lunes,\u00a0<a title=\"Igualdad contabiliza 19 feminicidios fuera de la pareja en los primeros seis meses del a\u00f1o\" href=\"https:\/\/www.publico.es\/mujer\/igualdad-contabiliza-19-feminicidios-fuera-pareja-primeros-seis-meses-ano.html#md=modulo-portada-ancho-completo:t1;mm=mobile-big#analytics-noticia:contenido-enlace\">Igualdad ha desvelado los primeros datos recabados a lo largo de los primeros seis meses del a\u00f1o sobre feminicidios no vinculados a las relaciones de pareja<\/a>.<\/p>\n<p id=\"m414-12-415\" class=\"pb-article-item-iteration\">El conocimiento y an\u00e1lisis de esta estad\u00edstica que se dar\u00e1 a conocer trimestralmente, tiene que servir, tal como han anunciado tanto Rodr\u00edguez como la delegada del Gobierno contra la violencia de g\u00e9nero,\u00a0<b>Victoria Rosell<\/b>, para tener un conocimiento mayor de la violencia machista extrema y\u00a0<b>poder implementar pol\u00edticas p\u00fablicas efectivas que protejan a las mujeres y prevengan los asesinatos<\/b>.\u200b<\/p>\n<p>Fuente para DDF: <a href=\"https:\/\/diariofemenino.com.ar\/df\/?s=Enrique+Stola\">Enrique Stola<\/a><br \/>\nPublicado en <a href=\"https:\/\/www.publico.es\/mujer\/hijos-nietos-principales-autores-feminicidios-mujeres-mayores-60-anos.html?utm_source=twitter&amp;utm_medium=social&amp;utm_campaign=web\">P\u00fablico<\/a><\/p>\n","protected":false},"excerpt":{"rendered":"<p>Son el grupo de edad en el que m\u00e1s feminicidios se han producido a lo largo de los primero seis meses del a\u00f1o fuera del \u00e1mbito de la pareja o expareja. La nueva estad\u00edstica de Igualdad afirma que el 58% de estos asesinatos ocurre en la familia. Por\u00a0Marisa Kohan @KOHANM Hasta ahora no se ten\u00edan [&hellip;]<\/p>\n","protected":false},"author":4,"featured_media":66444,"comment_status":"open","ping_status":"open","sticky":false,"template":"","format":"standard","meta":{"iawp_total_views":9,"footnotes":""},"categories":[7,1067,178,627,32,6,592],"tags":[257,2107,549,66,2016,130,5495],"class_list":["post-66442","post","type-post","status-publish","format-standard","has-post-thumbnail","hentry","category-actividades","category-agenda-feminista","category-articulos-y-comunicados","category-genero-y-derechos-humanos","category-mujeres","category-articulos","category-violencias","tag-feminicidios","tag-datos","tag-estadisticas","tag-femicidios","tag-hijos","tag-mujeres","tag-nietos"],"nelio_content":{"autoShareEndMode":"never","automationSources":{"useCustomSentences":false,"customSentences":[]},"efiAlt":"","efiUrl":"","followers":[4],"highlights":[],"isAutoShareEnabled":true,"networkImageIds":[],"permalinkQueryArgs":[],"series":[],"suggestedReferences":[]},"yoast_head":"<!-- This site is optimized with the Yoast SEO plugin v27.5 - https:\/\/yoast.com\/product\/yoast-seo-wordpress\/ -->\n<title>Hijos y nietos, principales autores de los feminicidios contra mujeres mayores de 60 a\u00f1os - Diario Digital Femenino<\/title>\n<meta name=\"description\" content=\"Hijos y nietos. Hasta ahora no se ten\u00edan datos concretos sobre los feminicidios de mujeres mayores fuera del \u00e1mbito de la pareja.\" \/>\n<meta name=\"robots\" content=\"index, follow, max-snippet:-1, max-image-preview:large, max-video-preview:-1\" \/>\n<link rel=\"canonical\" href=\"https:\/\/diariofemenino.com.ar\/df\/hijos-y-nietos-principales-autores-de-los-feminicidios-contra-mujeres-mayores-de-60-anos\/\" \/>\n<meta property=\"og:locale\" content=\"es_ES\" \/>\n<meta property=\"og:type\" content=\"article\" \/>\n<meta property=\"og:title\" content=\"Hijos y nietos, principales autores de los feminicidios contra mujeres mayores de 60 a\u00f1os - Diario Digital Femenino\" \/>\n<meta property=\"og:description\" content=\"Hijos y nietos. Hasta ahora no se ten\u00edan datos concretos sobre los feminicidios de mujeres mayores fuera del \u00e1mbito de la pareja.\" \/>\n<meta property=\"og:url\" content=\"https:\/\/diariofemenino.com.ar\/df\/hijos-y-nietos-principales-autores-de-los-feminicidios-contra-mujeres-mayores-de-60-anos\/\" \/>\n<meta property=\"og:site_name\" content=\"Diario Digital Femenino\" \/>\n<meta property=\"article:publisher\" content=\"https:\/\/www.facebook.com\/DiarioDigitaFemenino\/\" \/>\n<meta property=\"article:published_time\" content=\"2022-09-13T11:31:54+00:00\" \/>\n<meta property=\"og:image\" content=\"https:\/\/diariofemenino.com.ar\/df\/wp-content\/uploads\/2022\/09\/631f76d2d6a75.jpeg\" \/>\n\t<meta property=\"og:image:width\" content=\"990\" \/>\n\t<meta property=\"og:image:height\" content=\"660\" \/>\n\t<meta property=\"og:image:type\" content=\"image\/jpeg\" \/>\n<meta name=\"author\" content=\"Admin\" \/>\n<meta name=\"twitter:card\" content=\"summary_large_image\" \/>\n<meta name=\"twitter:creator\" content=\"@DiarioFemenino1\" \/>\n<meta name=\"twitter:site\" content=\"@DiarioFemenino1\" \/>\n<meta name=\"twitter:label1\" content=\"Escrito por\" \/>\n\t<meta name=\"twitter:data1\" content=\"Admin\" \/>\n\t<meta name=\"twitter:label2\" content=\"Tiempo de lectura\" \/>\n\t<meta name=\"twitter:data2\" content=\"6 minutos\" \/>\n<script type=\"application\/ld+json\" class=\"yoast-schema-graph\">{\"@context\":\"https:\\\/\\\/schema.org\",\"@graph\":[{\"@type\":\"Article\",\"@id\":\"https:\\\/\\\/diariofemenino.com.ar\\\/df\\\/hijos-y-nietos-principales-autores-de-los-feminicidios-contra-mujeres-mayores-de-60-anos\\\/#article\",\"isPartOf\":{\"@id\":\"https:\\\/\\\/diariofemenino.com.ar\\\/df\\\/hijos-y-nietos-principales-autores-de-los-feminicidios-contra-mujeres-mayores-de-60-anos\\\/\"},\"author\":{\"name\":\"Admin\",\"@id\":\"https:\\\/\\\/diariofemenino.com.ar\\\/df\\\/#\\\/schema\\\/person\\\/bf6199e8158c657ea6f789b11ec85509\"},\"headline\":\"Hijos y nietos, principales autores de los feminicidios contra mujeres mayores de 60 a\u00f1os\",\"datePublished\":\"2022-09-13T11:31:54+00:00\",\"mainEntityOfPage\":{\"@id\":\"https:\\\/\\\/diariofemenino.com.ar\\\/df\\\/hijos-y-nietos-principales-autores-de-los-feminicidios-contra-mujeres-mayores-de-60-anos\\\/\"},\"wordCount\":1136,\"commentCount\":0,\"publisher\":{\"@id\":\"https:\\\/\\\/diariofemenino.com.ar\\\/df\\\/#organization\"},\"image\":{\"@id\":\"https:\\\/\\\/diariofemenino.com.ar\\\/df\\\/hijos-y-nietos-principales-autores-de-los-feminicidios-contra-mujeres-mayores-de-60-anos\\\/#primaryimage\"},\"thumbnailUrl\":\"https:\\\/\\\/diariofemenino.com.ar\\\/df\\\/wp-content\\\/uploads\\\/2022\\\/09\\\/631f76d2d6a75.jpeg\",\"keywords\":[\"#feminicidios\",\"Datos\",\"Estad\u00edsticas\",\"Femicidios\",\"hijos\",\"Mujeres\",\"Nietos\"],\"articleSection\":[\"Actividades\",\"Agenda Feminista\",\"Art\u00edculos y Comunicados\",\"G\u00e9nero y Derechos Humanos\",\"Mujeres\",\"Mujeres en Palabras\",\"Violencias\"],\"inLanguage\":\"es\",\"potentialAction\":[{\"@type\":\"CommentAction\",\"name\":\"Comment\",\"target\":[\"https:\\\/\\\/diariofemenino.com.ar\\\/df\\\/hijos-y-nietos-principales-autores-de-los-feminicidios-contra-mujeres-mayores-de-60-anos\\\/#respond\"]}]},{\"@type\":\"WebPage\",\"@id\":\"https:\\\/\\\/diariofemenino.com.ar\\\/df\\\/hijos-y-nietos-principales-autores-de-los-feminicidios-contra-mujeres-mayores-de-60-anos\\\/\",\"url\":\"https:\\\/\\\/diariofemenino.com.ar\\\/df\\\/hijos-y-nietos-principales-autores-de-los-feminicidios-contra-mujeres-mayores-de-60-anos\\\/\",\"name\":\"Hijos y nietos, principales autores de los feminicidios contra mujeres mayores de 60 a\u00f1os - Diario Digital Femenino\",\"isPartOf\":{\"@id\":\"https:\\\/\\\/diariofemenino.com.ar\\\/df\\\/#website\"},\"primaryImageOfPage\":{\"@id\":\"https:\\\/\\\/diariofemenino.com.ar\\\/df\\\/hijos-y-nietos-principales-autores-de-los-feminicidios-contra-mujeres-mayores-de-60-anos\\\/#primaryimage\"},\"image\":{\"@id\":\"https:\\\/\\\/diariofemenino.com.ar\\\/df\\\/hijos-y-nietos-principales-autores-de-los-feminicidios-contra-mujeres-mayores-de-60-anos\\\/#primaryimage\"},\"thumbnailUrl\":\"https:\\\/\\\/diariofemenino.com.ar\\\/df\\\/wp-content\\\/uploads\\\/2022\\\/09\\\/631f76d2d6a75.jpeg\",\"datePublished\":\"2022-09-13T11:31:54+00:00\",\"description\":\"Hijos y nietos. Hasta ahora no se ten\u00edan datos concretos sobre los feminicidios de mujeres mayores fuera del \u00e1mbito de la pareja.\",\"breadcrumb\":{\"@id\":\"https:\\\/\\\/diariofemenino.com.ar\\\/df\\\/hijos-y-nietos-principales-autores-de-los-feminicidios-contra-mujeres-mayores-de-60-anos\\\/#breadcrumb\"},\"inLanguage\":\"es\",\"potentialAction\":[{\"@type\":\"ReadAction\",\"target\":[\"https:\\\/\\\/diariofemenino.com.ar\\\/df\\\/hijos-y-nietos-principales-autores-de-los-feminicidios-contra-mujeres-mayores-de-60-anos\\\/\"]}]},{\"@type\":\"ImageObject\",\"inLanguage\":\"es\",\"@id\":\"https:\\\/\\\/diariofemenino.com.ar\\\/df\\\/hijos-y-nietos-principales-autores-de-los-feminicidios-contra-mujeres-mayores-de-60-anos\\\/#primaryimage\",\"url\":\"https:\\\/\\\/diariofemenino.com.ar\\\/df\\\/wp-content\\\/uploads\\\/2022\\\/09\\\/631f76d2d6a75.jpeg\",\"contentUrl\":\"https:\\\/\\\/diariofemenino.com.ar\\\/df\\\/wp-content\\\/uploads\\\/2022\\\/09\\\/631f76d2d6a75.jpeg\",\"width\":990,\"height\":660,\"caption\":\"Hijos y nietos, principales autores de los feminicidios contra mujeres mayores de 60 a\u00f1os\"},{\"@type\":\"BreadcrumbList\",\"@id\":\"https:\\\/\\\/diariofemenino.com.ar\\\/df\\\/hijos-y-nietos-principales-autores-de-los-feminicidios-contra-mujeres-mayores-de-60-anos\\\/#breadcrumb\",\"itemListElement\":[{\"@type\":\"ListItem\",\"position\":1,\"name\":\"Portada\",\"item\":\"https:\\\/\\\/diariofemenino.com.ar\\\/df\\\/\"},{\"@type\":\"ListItem\",\"position\":2,\"name\":\"Hijos y nietos, principales autores de los feminicidios contra mujeres mayores de 60 a\u00f1os\"}]},{\"@type\":\"WebSite\",\"@id\":\"https:\\\/\\\/diariofemenino.com.ar\\\/df\\\/#website\",\"url\":\"https:\\\/\\\/diariofemenino.com.ar\\\/df\\\/\",\"name\":\"Diario Digital Femenino\",\"description\":\"Cuesti\u00f3n de G\u00e9nero\",\"publisher\":{\"@id\":\"https:\\\/\\\/diariofemenino.com.ar\\\/df\\\/#organization\"},\"potentialAction\":[{\"@type\":\"SearchAction\",\"target\":{\"@type\":\"EntryPoint\",\"urlTemplate\":\"https:\\\/\\\/diariofemenino.com.ar\\\/df\\\/?s={search_term_string}\"},\"query-input\":{\"@type\":\"PropertyValueSpecification\",\"valueRequired\":true,\"valueName\":\"search_term_string\"}}],\"inLanguage\":\"es\"},{\"@type\":\"Organization\",\"@id\":\"https:\\\/\\\/diariofemenino.com.ar\\\/df\\\/#organization\",\"name\":\"Diario Femenino\",\"url\":\"https:\\\/\\\/diariofemenino.com.ar\\\/df\\\/\",\"logo\":{\"@type\":\"ImageObject\",\"inLanguage\":\"es\",\"@id\":\"https:\\\/\\\/diariofemenino.com.ar\\\/df\\\/#\\\/schema\\\/logo\\\/image\\\/\",\"url\":\"https:\\\/\\\/diariofemenino.com.ar\\\/df\\\/wp-content\\\/uploads\\\/2018\\\/10\\\/logo.png\",\"contentUrl\":\"https:\\\/\\\/diariofemenino.com.ar\\\/df\\\/wp-content\\\/uploads\\\/2018\\\/10\\\/logo.png\",\"width\":500,\"height\":92,\"caption\":\"Diario Femenino\"},\"image\":{\"@id\":\"https:\\\/\\\/diariofemenino.com.ar\\\/df\\\/#\\\/schema\\\/logo\\\/image\\\/\"},\"sameAs\":[\"https:\\\/\\\/www.facebook.com\\\/DiarioDigitaFemenino\\\/\",\"https:\\\/\\\/x.com\\\/DiarioFemenino1\"]},{\"@type\":\"Person\",\"@id\":\"https:\\\/\\\/diariofemenino.com.ar\\\/df\\\/#\\\/schema\\\/person\\\/bf6199e8158c657ea6f789b11ec85509\",\"name\":\"Admin\",\"image\":{\"@type\":\"ImageObject\",\"inLanguage\":\"es\",\"@id\":\"https:\\\/\\\/diariofemenino.com.ar\\\/df\\\/wp-content\\\/uploads\\\/2018\\\/12\\\/favicon-150x150.jpg\",\"url\":\"https:\\\/\\\/diariofemenino.com.ar\\\/df\\\/wp-content\\\/uploads\\\/2018\\\/12\\\/favicon-150x150.jpg\",\"contentUrl\":\"https:\\\/\\\/diariofemenino.com.ar\\\/df\\\/wp-content\\\/uploads\\\/2018\\\/12\\\/favicon-150x150.jpg\",\"caption\":\"Admin\"},\"url\":\"https:\\\/\\\/diariofemenino.com.ar\\\/df\\\/author\\\/lenny\\\/\"}]}<\/script>\n<!-- \/ Yoast SEO plugin. -->","yoast_head_json":{"title":"Hijos y nietos, principales autores de los feminicidios contra mujeres mayores de 60 a\u00f1os - Diario Digital Femenino","description":"Hijos y nietos. Hasta ahora no se ten\u00edan datos concretos sobre los feminicidios de mujeres mayores fuera del \u00e1mbito de la pareja.","robots":{"index":"index","follow":"follow","max-snippet":"max-snippet:-1","max-image-preview":"max-image-preview:large","max-video-preview":"max-video-preview:-1"},"canonical":"https:\/\/diariofemenino.com.ar\/df\/hijos-y-nietos-principales-autores-de-los-feminicidios-contra-mujeres-mayores-de-60-anos\/","og_locale":"es_ES","og_type":"article","og_title":"Hijos y nietos, principales autores de los feminicidios contra mujeres mayores de 60 a\u00f1os - Diario Digital Femenino","og_description":"Hijos y nietos. Hasta ahora no se ten\u00edan datos concretos sobre los feminicidios de mujeres mayores fuera del \u00e1mbito de la pareja.","og_url":"https:\/\/diariofemenino.com.ar\/df\/hijos-y-nietos-principales-autores-de-los-feminicidios-contra-mujeres-mayores-de-60-anos\/","og_site_name":"Diario Digital Femenino","article_publisher":"https:\/\/www.facebook.com\/DiarioDigitaFemenino\/","article_published_time":"2022-09-13T11:31:54+00:00","og_image":[{"width":990,"height":660,"url":"https:\/\/diariofemenino.com.ar\/df\/wp-content\/uploads\/2022\/09\/631f76d2d6a75.jpeg","type":"image\/jpeg"}],"author":"Admin","twitter_card":"summary_large_image","twitter_creator":"@DiarioFemenino1","twitter_site":"@DiarioFemenino1","twitter_misc":{"Escrito por":"Admin","Tiempo de lectura":"6 minutos"},"schema":{"@context":"https:\/\/schema.org","@graph":[{"@type":"Article","@id":"https:\/\/diariofemenino.com.ar\/df\/hijos-y-nietos-principales-autores-de-los-feminicidios-contra-mujeres-mayores-de-60-anos\/#article","isPartOf":{"@id":"https:\/\/diariofemenino.com.ar\/df\/hijos-y-nietos-principales-autores-de-los-feminicidios-contra-mujeres-mayores-de-60-anos\/"},"author":{"name":"Admin","@id":"https:\/\/diariofemenino.com.ar\/df\/#\/schema\/person\/bf6199e8158c657ea6f789b11ec85509"},"headline":"Hijos y nietos, principales autores de los feminicidios contra mujeres mayores de 60 a\u00f1os","datePublished":"2022-09-13T11:31:54+00:00","mainEntityOfPage":{"@id":"https:\/\/diariofemenino.com.ar\/df\/hijos-y-nietos-principales-autores-de-los-feminicidios-contra-mujeres-mayores-de-60-anos\/"},"wordCount":1136,"commentCount":0,"publisher":{"@id":"https:\/\/diariofemenino.com.ar\/df\/#organization"},"image":{"@id":"https:\/\/diariofemenino.com.ar\/df\/hijos-y-nietos-principales-autores-de-los-feminicidios-contra-mujeres-mayores-de-60-anos\/#primaryimage"},"thumbnailUrl":"https:\/\/diariofemenino.com.ar\/df\/wp-content\/uploads\/2022\/09\/631f76d2d6a75.jpeg","keywords":["#feminicidios","Datos","Estad\u00edsticas","Femicidios","hijos","Mujeres","Nietos"],"articleSection":["Actividades","Agenda Feminista","Art\u00edculos y Comunicados","G\u00e9nero y Derechos Humanos","Mujeres","Mujeres en Palabras","Violencias"],"inLanguage":"es","potentialAction":[{"@type":"CommentAction","name":"Comment","target":["https:\/\/diariofemenino.com.ar\/df\/hijos-y-nietos-principales-autores-de-los-feminicidios-contra-mujeres-mayores-de-60-anos\/#respond"]}]},{"@type":"WebPage","@id":"https:\/\/diariofemenino.com.ar\/df\/hijos-y-nietos-principales-autores-de-los-feminicidios-contra-mujeres-mayores-de-60-anos\/","url":"https:\/\/diariofemenino.com.ar\/df\/hijos-y-nietos-principales-autores-de-los-feminicidios-contra-mujeres-mayores-de-60-anos\/","name":"Hijos y nietos, principales autores de los feminicidios contra mujeres mayores de 60 a\u00f1os - Diario Digital Femenino","isPartOf":{"@id":"https:\/\/diariofemenino.com.ar\/df\/#website"},"primaryImageOfPage":{"@id":"https:\/\/diariofemenino.com.ar\/df\/hijos-y-nietos-principales-autores-de-los-feminicidios-contra-mujeres-mayores-de-60-anos\/#primaryimage"},"image":{"@id":"https:\/\/diariofemenino.com.ar\/df\/hijos-y-nietos-principales-autores-de-los-feminicidios-contra-mujeres-mayores-de-60-anos\/#primaryimage"},"thumbnailUrl":"https:\/\/diariofemenino.com.ar\/df\/wp-content\/uploads\/2022\/09\/631f76d2d6a75.jpeg","datePublished":"2022-09-13T11:31:54+00:00","description":"Hijos y nietos. Hasta ahora no se ten\u00edan datos concretos sobre los feminicidios de mujeres mayores fuera del \u00e1mbito de la pareja.","breadcrumb":{"@id":"https:\/\/diariofemenino.com.ar\/df\/hijos-y-nietos-principales-autores-de-los-feminicidios-contra-mujeres-mayores-de-60-anos\/#breadcrumb"},"inLanguage":"es","potentialAction":[{"@type":"ReadAction","target":["https:\/\/diariofemenino.com.ar\/df\/hijos-y-nietos-principales-autores-de-los-feminicidios-contra-mujeres-mayores-de-60-anos\/"]}]},{"@type":"ImageObject","inLanguage":"es","@id":"https:\/\/diariofemenino.com.ar\/df\/hijos-y-nietos-principales-autores-de-los-feminicidios-contra-mujeres-mayores-de-60-anos\/#primaryimage","url":"https:\/\/diariofemenino.com.ar\/df\/wp-content\/uploads\/2022\/09\/631f76d2d6a75.jpeg","contentUrl":"https:\/\/diariofemenino.com.ar\/df\/wp-content\/uploads\/2022\/09\/631f76d2d6a75.jpeg","width":990,"height":660,"caption":"Hijos y nietos, principales autores de los feminicidios contra mujeres mayores de 60 a\u00f1os"},{"@type":"BreadcrumbList","@id":"https:\/\/diariofemenino.com.ar\/df\/hijos-y-nietos-principales-autores-de-los-feminicidios-contra-mujeres-mayores-de-60-anos\/#breadcrumb","itemListElement":[{"@type":"ListItem","position":1,"name":"Portada","item":"https:\/\/diariofemenino.com.ar\/df\/"},{"@type":"ListItem","position":2,"name":"Hijos y nietos, principales autores de los feminicidios contra mujeres mayores de 60 a\u00f1os"}]},{"@type":"WebSite","@id":"https:\/\/diariofemenino.com.ar\/df\/#website","url":"https:\/\/diariofemenino.com.ar\/df\/","name":"Diario Digital Femenino","description":"Cuesti\u00f3n de G\u00e9nero","publisher":{"@id":"https:\/\/diariofemenino.com.ar\/df\/#organization"},"potentialAction":[{"@type":"SearchAction","target":{"@type":"EntryPoint","urlTemplate":"https:\/\/diariofemenino.com.ar\/df\/?s={search_term_string}"},"query-input":{"@type":"PropertyValueSpecification","valueRequired":true,"valueName":"search_term_string"}}],"inLanguage":"es"},{"@type":"Organization","@id":"https:\/\/diariofemenino.com.ar\/df\/#organization","name":"Diario Femenino","url":"https:\/\/diariofemenino.com.ar\/df\/","logo":{"@type":"ImageObject","inLanguage":"es","@id":"https:\/\/diariofemenino.com.ar\/df\/#\/schema\/logo\/image\/","url":"https:\/\/diariofemenino.com.ar\/df\/wp-content\/uploads\/2018\/10\/logo.png","contentUrl":"https:\/\/diariofemenino.com.ar\/df\/wp-content\/uploads\/2018\/10\/logo.png","width":500,"height":92,"caption":"Diario Femenino"},"image":{"@id":"https:\/\/diariofemenino.com.ar\/df\/#\/schema\/logo\/image\/"},"sameAs":["https:\/\/www.facebook.com\/DiarioDigitaFemenino\/","https:\/\/x.com\/DiarioFemenino1"]},{"@type":"Person","@id":"https:\/\/diariofemenino.com.ar\/df\/#\/schema\/person\/bf6199e8158c657ea6f789b11ec85509","name":"Admin","image":{"@type":"ImageObject","inLanguage":"es","@id":"https:\/\/diariofemenino.com.ar\/df\/wp-content\/uploads\/2018\/12\/favicon-150x150.jpg","url":"https:\/\/diariofemenino.com.ar\/df\/wp-content\/uploads\/2018\/12\/favicon-150x150.jpg","contentUrl":"https:\/\/diariofemenino.com.ar\/df\/wp-content\/uploads\/2018\/12\/favicon-150x150.jpg","caption":"Admin"},"url":"https:\/\/diariofemenino.com.ar\/df\/author\/lenny\/"}]}},"jetpack_featured_media_url":"https:\/\/diariofemenino.com.ar\/df\/wp-content\/uploads\/2022\/09\/631f76d2d6a75.jpeg","jetpack_sharing_enabled":true,"rttpg_featured_image_url":{"full":["https:\/\/diariofemenino.com.ar\/df\/wp-content\/uploads\/2022\/09\/631f76d2d6a75.jpeg",990,660,false],"landscape":["https:\/\/diariofemenino.com.ar\/df\/wp-content\/uploads\/2022\/09\/631f76d2d6a75.jpeg",990,660,false],"portraits":["https:\/\/diariofemenino.com.ar\/df\/wp-content\/uploads\/2022\/09\/631f76d2d6a75.jpeg",990,660,false],"thumbnail":["https:\/\/diariofemenino.com.ar\/df\/wp-content\/uploads\/2022\/09\/631f76d2d6a75-150x150.jpeg",150,150,true],"medium":["https:\/\/diariofemenino.com.ar\/df\/wp-content\/uploads\/2022\/09\/631f76d2d6a75-300x200.jpeg",300,200,true],"large":["https:\/\/diariofemenino.com.ar\/df\/wp-content\/uploads\/2022\/09\/631f76d2d6a75.jpeg",990,660,false],"1536x1536":["https:\/\/diariofemenino.com.ar\/df\/wp-content\/uploads\/2022\/09\/631f76d2d6a75.jpeg",990,660,false],"2048x2048":["https:\/\/diariofemenino.com.ar\/df\/wp-content\/uploads\/2022\/09\/631f76d2d6a75.jpeg",990,660,false]},"rttpg_author":{"display_name":"Admin","author_link":"https:\/\/diariofemenino.com.ar\/df\/author\/lenny\/"},"rttpg_comment":0,"rttpg_category":"<a href=\"https:\/\/diariofemenino.com.ar\/df\/category\/actividades\/\" rel=\"category tag\">Actividades<\/a> <a href=\"https:\/\/diariofemenino.com.ar\/df\/category\/agenda-feminista\/\" rel=\"category tag\">Agenda Feminista<\/a> <a href=\"https:\/\/diariofemenino.com.ar\/df\/category\/articulos-y-comunicados\/\" rel=\"category tag\">Art\u00edculos y Comunicados<\/a> <a href=\"https:\/\/diariofemenino.com.ar\/df\/category\/genero-y-derechos-humanos\/\" rel=\"category tag\">G\u00e9nero y Derechos Humanos<\/a> <a href=\"https:\/\/diariofemenino.com.ar\/df\/category\/mujeres\/\" rel=\"category tag\">Mujeres<\/a> <a href=\"https:\/\/diariofemenino.com.ar\/df\/category\/articulos\/\" rel=\"category tag\">Mujeres en Palabras<\/a> <a href=\"https:\/\/diariofemenino.com.ar\/df\/category\/violencias\/\" rel=\"category tag\">Violencias<\/a>","rttpg_excerpt":"Son el grupo de edad en el que m\u00e1s feminicidios se han producido a lo largo de los primero seis meses del a\u00f1o fuera del \u00e1mbito de la pareja o expareja. La nueva estad\u00edstica de Igualdad afirma que el 58% de estos asesinatos ocurre en la familia. Por\u00a0Marisa Kohan @KOHANM Hasta ahora no se ten\u00edan&hellip;","_links":{"self":[{"href":"https:\/\/diariofemenino.com.ar\/df\/wp-json\/wp\/v2\/posts\/66442","targetHints":{"allow":["GET"]}}],"collection":[{"href":"https:\/\/diariofemenino.com.ar\/df\/wp-json\/wp\/v2\/posts"}],"about":[{"href":"https:\/\/diariofemenino.com.ar\/df\/wp-json\/wp\/v2\/types\/post"}],"author":[{"embeddable":true,"href":"https:\/\/diariofemenino.com.ar\/df\/wp-json\/wp\/v2\/users\/4"}],"replies":[{"embeddable":true,"href":"https:\/\/diariofemenino.com.ar\/df\/wp-json\/wp\/v2\/comments?post=66442"}],"version-history":[{"count":0,"href":"https:\/\/diariofemenino.com.ar\/df\/wp-json\/wp\/v2\/posts\/66442\/revisions"}],"wp:featuredmedia":[{"embeddable":true,"href":"https:\/\/diariofemenino.com.ar\/df\/wp-json\/wp\/v2\/media\/66444"}],"wp:attachment":[{"href":"https:\/\/diariofemenino.com.ar\/df\/wp-json\/wp\/v2\/media?parent=66442"}],"wp:term":[{"taxonomy":"category","embeddable":true,"href":"https:\/\/diariofemenino.com.ar\/df\/wp-json\/wp\/v2\/categories?post=66442"},{"taxonomy":"post_tag","embeddable":true,"href":"https:\/\/diariofemenino.com.ar\/df\/wp-json\/wp\/v2\/tags?post=66442"}],"curies":[{"name":"wp","href":"https:\/\/api.w.org\/{rel}","templated":true}]}}