{"id":66436,"date":"2022-09-13T07:17:44","date_gmt":"2022-09-13T10:17:44","guid":{"rendered":"https:\/\/diariofemenino.com.ar\/df\/?p=66436"},"modified":"2022-09-13T07:17:44","modified_gmt":"2022-09-13T10:17:44","slug":"madres-protectoras-y-un-sistema-perverso","status":"publish","type":"post","link":"https:\/\/diariofemenino.com.ar\/df\/madres-protectoras-y-un-sistema-perverso\/","title":{"rendered":"Madres protectoras y un sistema perverso"},"content":{"rendered":"<p>La realidad de las violencias, sobre todo en el \u00e1mbito judicial, que atraviesan y padecen las madres protectoras<a href=\"#_ftn1\" name=\"_ftnref1\">[1]<\/a> no se compara, en su magnitud, con todas las otras formas de violencia. Y no es porque estemos haciendo un ranking de qu\u00e9 violencia es peor o una valoraci\u00f3n superior, sino porque la ruta cr\u00edtica o \u201cv\u00eda crucis\u201d, como dice el doctor Ba\u00f1os Suffia, sobre este derrotero, que comienza en el primer paso: el de realizar la denuncia, es de los m\u00e1s bastardeados e invisibilizados socialmente. Tanto que las madres llegan a perder la tenencia y contacto con sus hijas e hijos y nadie parece verlo, mucho menos act\u00faan en consecuencia.<\/p>\n<p>Por\u00a0<a href=\"https:\/\/diariofemenino.com.ar\/df\/?s=Lenny+C%C3%A1ceres\">Lenny C\u00e1ceres<\/a>*<\/p>\n<p>Ese intento de luchar por los derechos de hijas, hijos e hijes es realmente un calvario. Y no vemos, dentro de los feminismos, una manifestaci\u00f3n masiva y contundente para visibilizar estas formas de violencia que incluyen a todo el n\u00facleo familiar o afectivo que rodea a la mujer, incluyendo lo que conocemos como violencia vicaria.<a href=\"#_ftn2\" name=\"_ftnref2\">[2]<\/a><\/p>\n<p>Adem\u00e1s de la persecuci\u00f3n y da\u00f1o a la mujer, infancias y adolescencias a su cargo y protecci\u00f3n, tambi\u00e9n la violencia sistem\u00e1tica se ejerce contra las y los profesionales que ejercen el abordaje de caso. El conocido y apenas visibilizado <em>backlash<\/em><a href=\"#_ftn3\" name=\"_ftnref3\">[3]<\/a><\/p>\n<p>S\u00ed han surgido aquellos que, en esta publicaci\u00f3n, llamaremos \u201cacosadores legales\u201d, que s\u00ed cuentan con buena prensa, y son los que manejan el hecho de que la presunta v\u00edctima sea expuesta a revictimizaciones constantes para sostener una denuncia o directamente desestimarlas. Las acusaciones, argumentos o se\u00f1alamientos son m\u00faltiples y ser\u00eda imposible enumerarlas aqu\u00ed.<\/p>\n<p>En este sentido, es llamativo, tambi\u00e9n, el silencio del Ministerio de Mujeres, G\u00e9neros y Diversidades, la SENAF, las defensor\u00edas de NNyA y las secretar\u00edas de Derechos Humanos en su compromiso y alcance para el resguardo de los derechos de ni\u00f1as, ni\u00f1os, ni\u00f1es, adolescentes y madres protectoras.<\/p>\n<p>Una de las herramientas judiciales, a veces encubierta y otras argumentada con total impunidad, es la aplicaci\u00f3n del inexistente S\u00edndrome de Alienaci\u00f3n Parental (SAP).<\/p>\n<figure id=\"attachment_66438\" aria-describedby=\"caption-attachment-66438\" style=\"width: 638px\" class=\"wp-caption aligncenter\"><img loading=\"lazy\" decoding=\"async\" class=\"size-full wp-image-66438\" src=\"https:\/\/diariofemenino.com.ar\/df\/wp-content\/uploads\/2022\/09\/madres-protectoras_zonasur.jpg\" alt=\"Madres protectoras y un sistema perverso\" width=\"638\" height=\"429\" srcset=\"https:\/\/diariofemenino.com.ar\/df\/wp-content\/uploads\/2022\/09\/madres-protectoras_zonasur.jpg 638w, https:\/\/diariofemenino.com.ar\/df\/wp-content\/uploads\/2022\/09\/madres-protectoras_zonasur-300x202.jpg 300w\" sizes=\"auto, (max-width: 638px) 100vw, 638px\" \/><figcaption id=\"caption-attachment-66438\" class=\"wp-caption-text\">Madres protectoras y un sistema perverso. Ph <a href=\"http:\/\/diarioconurbano.com.ar\/sociedad\/madres-protectoras-impulsan-un-proyecto-para-que-las-denuncias-de-abuso-no-prescriban\/\">Diario Conurbano<\/a><\/figcaption><\/figure>\n<p><strong>Argumentos judiciales, influencias y legislaci\u00f3n vigente<\/strong><\/p>\n<p>Al respecto, entrevistamos al doctor Daniel Ba\u00f1os Suffia para profundizar sobre c\u00f3mo influye este inexistente s\u00edndrome en la pr\u00e1ctica judicial, la ley de impedimento de contacto y los alcances de la legislaci\u00f3n vigente.<\/p>\n<p><strong>\u2015\u00bfC\u00f3mo influye el SAP y por qu\u00e9 se sigue utilizando?<\/strong><\/p>\n<p>\u2015Opera casi en forma sistem\u00e1tica en muchos sectores del poder judicial una permanente estigmatizaci\u00f3n de estas madres protectoras y un fuerte descreimiento del relato del ni\u00f1e violentado sexualmente. Sin embargo, creo oportuno intentar acaso poner como referencia un punto de partida posible dentro del sistema judicial argentino de la aplicaci\u00f3n del pretendido SAP y hago especial \u00e9nfasis en pretendido, en palabras de Sonia Vaccaro y Consuelo Barea Payueta, porque creo que nombrarlo inexistente o falso tiene como correlato a contrario sensu un <strong>existente<\/strong> o un <strong>verdadero<\/strong> s\u00edndrome. Este t\u00e9rmino, en la justicia argentina, se puede marcar como un hito en el a\u00f1o 2000 con la publicaci\u00f3n del art\u00edculo \u201cEl abuso de la denuncia de abuso\u201d del entonces juez Dr. Eduardo C\u00e1rdenas, sin perjuicio de que esta \u201cteor\u00eda\u201d data del a\u00f1o 1985. Esto provoc\u00f3 un efecto domin\u00f3 en el discurso jur\u00eddico dentro y fuera de tribunales, donde comenz\u00f3 a ser citado por jueces y juezas, pero fundamentalmente por abogados y abogadas defensores en causas de violencia de g\u00e9nero intrafamiliar y de incesto. Este autor, citando en todo su art\u00edculo a Richard Gardner, hace especial \u00e9nfasis en la creaci\u00f3n, con estas denuncias, de una verdadera industria, con el \u00fanico fin de separar al otro progenitor.<\/p>\n<p>La aplicaci\u00f3n judicial de este pretendido s\u00edndrome constituye una clara violaci\u00f3n a los DD. HH. de NNyA y sus madres protectoras, como as\u00ed tambi\u00e9n una brutal violencia institucional, toda vez que invalida y descalifica la voz del NNyA, se corre del eje principal el inter\u00e9s superior del ni\u00f1o y el abuso queda invisibilizado al deber atender la supuesta maniobra fraudulenta o implantaci\u00f3n de la memoria por parte de la madre. Volvemos, otra vez, a una mirada adulto y androc\u00e9ntrica de la justicia.<\/p>\n<p>Esta aplicaci\u00f3n es generadora de violencia institucional, en los t\u00e9rminos de la Ley N\u00b0 26.485, al ser el Estado quien, a trav\u00e9s de uno de sus \u00f3rganos, impide el acceso a un adecuado servicio de justicia, pol\u00edticas p\u00fablicas y al libre ejercicio de los derechos de NNyA, llegando a decisiones que rayan lo criminal.<\/p>\n<p>En la actualidad, existen m\u00faltiples fallos judiciales que invocan al pretendido S\u00edndrome de Alienaci\u00f3n Parental sin mayores tapujos \u2015no obstante haber sido rechazado por la comunidad cient\u00edfica toda\u2015 y, por otro lado, se pueden ver escritos presentados por letrados y letradas que hacen un razonamiento el\u00edptico y aplican, en definitiva, el mismo paradigma violatorio de los Derechos Humanos de ni\u00f1os, ni\u00f1as, adolescentes y sus madres protectoras.<\/p>\n<p><strong>\u2015\u00bfC\u00f3mo influye la Ley N\u00b0 24.270 en las acciones o acceso a la justicia de madres protectoras?<\/strong><\/p>\n<p>\u2015Esta ley, tambi\u00e9n conocida socialmente como la ley de \u201cimpedimento de contacto\u201d, resulta ser, a mi criterio, una de las herramientas m\u00e1s eficaces para condicionar y reprimir conductas de madres protectoras que intentan evitar revinculaciones forzadas con progenitores sospechados de cometer abuso sexual contra sus hijes.<\/p>\n<p>Esta ley, sancionada en 1993, tiene solo seis art\u00edculos y garantiza eficazmente un proceso muy \u00e1gil, obligando al juez a fijar un r\u00e9gimen de comunicaci\u00f3n a los fines de reestablecer el contacto paterno filial. Claro esta que esta ley carece de toda perspectiva de g\u00e9nero y ni\u00f1ez y, pese a los m\u00faltiples avances a nivel mundial en esta tem\u00e1tica, esta ley se encuentra intacta, aun a casi treinta a\u00f1os de su dictado, sin reforma alguna, lo cual resulta cuanto menos llamativo.<\/p>\n<p>Hay que contemplar que la violencia ejercida contra los hijos de la mujer se constituye a la par en un claro ejemplo de violencia vicaria contra esta. A tales fines, es preciso tener en cuenta que a las condiciones habituales desfavorables referidas en las 100 Reglas de Brasilia sobre acceso a la justicia de las personas en condici\u00f3n de vulnerabilidad, que ubica a estos dos grupos (ni\u00f1os, ni\u00f1as y adolescentes y a las mujeres) como beneficiarios de estas llamadas \u201creglas\u201d, se le suma la amenaza concreta y terrible de atravesar un proceso penal que pueda llegar a resultar en una pena que alcanza, en algunos supuestos, de seis meses a tres a\u00f1os de prisi\u00f3n<\/p>\n<p><strong>\u2015Se pide m\u00e1s legislaci\u00f3n para la protecci\u00f3n de las madres, ni\u00f1as, ni\u00f1os y adolescentes, pero existen. \u00bfPodemos hacer un breve repaso?<\/strong><\/p>\n<p>\u2015Respecto a este tema, siempre es importante recordar y destacar que, con la reforma de la Constituci\u00f3n Nacional en el a\u00f1o 1994, se incorporaron m\u00faltiples tratados sobre Derechos Humanos con jerarqu\u00eda constitucional, esto es, superior a las leyes internas, tales como la Declaraci\u00f3n Universal de los DD. HH., la Convenci\u00f3n sobre los Derechos del Ni\u00f1o (CDN), la Convenci\u00f3n sobre la eliminaci\u00f3n de todas las formas de discriminaci\u00f3n contra la mujer (m\u00e1s conocida como CEDAW por sus siglas en ingl\u00e9s), entre otros.<\/p>\n<p>El art. 19 de la CDN impone medidas al Estado a los fines de proteger a los NNyA contra toda forma de abuso f\u00edsico o mental, incluido el abuso sexual. El art. 34 del mismo cuerpo normativo, espec\u00edficamente, exige a los Estados proteger a los ni\u00f1os contra todas las formas de explotaci\u00f3n y abuso sexual.<\/p>\n<p>Se aprecia la interseccionalidad entre ni\u00f1ez y g\u00e9nero en la Recomendaci\u00f3n General N\u00ba 31 de la CEDAW y en la Observaci\u00f3n General N\u00ba 18 del Comit\u00e9 de Derechos del Ni\u00f1o sobre pr\u00e1cticas nocivas contra mujeres y, especialmente, sobre ni\u00f1as.<\/p>\n<p>En el \u00e1mbito interno, nos encontramos con la Ley nacional N\u00b0 26.061 y la Ley provincial N\u00b0 13.298 que recepta las disposiciones de la CDN y establece las herramientas para la protecci\u00f3n integral de ni\u00f1os, ni\u00f1as y adolescentes, la Ley N\u00b0 26.485 de protecci\u00f3n integral para prevenir, sancionar y erradicar la violencia contra las mujeres en los \u00e1mbitos en que desarrollen sus relaciones interpersonales, y, a nivel provincial, la Ley N\u00b0 12.569 (modificada por la Ley N\u00b0 14.509) de violencia familiar.<\/p>\n<p>Este cuerpo normativo previamente citado, que debe ser aplicado a nuestras pr\u00e1cticas cotidianas como operadores del sistema de justicia, debe ser interpretado de una manera din\u00e1mica, y poder advertir \u2015como refer\u00eda anteriormente\u2015 que las categor\u00edas como ni\u00f1ez y g\u00e9nero no son inmutables y estancas, sino que habr\u00e1 que considerar la interseccionalidad y contemplar la posibilidad de que una persona se encuentre atravesada por m\u00faltiples contextos de vulnerabilidad, los cuales deban ser especialmente tenidos en cuenta a los fines de su adecuada protecci\u00f3n. En cada decisi\u00f3n judicial, de los dict\u00e1menes profesionales del derecho, psicolog\u00eda, medicina y tantas otras disciplinas que abordan la tem\u00e1tica, subyace \u2015adem\u00e1s de un saber t\u00e9cnico espec\u00edfico\u2015 un basamento ideol\u00f3gico: all\u00ed, reposar\u00e1n, en definitiva, la eficacia de nuestras intervenciones, ya sea protegiendo a estos grupos vulnerables o perpetuando su padecer, revictimiz\u00e1ndolos una y otra vez. No se trata pues de normas legislativas insuficientes, sino acaso de un sesgo ideol\u00f3gico determinado.<\/p>\n<p>&nbsp;<\/p>\n<p><a href=\"#_ftnref1\" name=\"_ftn1\">[1]<\/a> Se les llaman Madres Protectoras a las mujeres que \u201cintentan proteger a sus hijas e hijos de sus propios progenitores, padrastros, t\u00edos, abuelos, hermanos mayores o varones violentos que muchas veces violan a los ni\u00f1os, y que la Justicia no las escucha porque prefiere decir que la mujer est\u00e1 mintiendo por despecho y que NNyA repiten lo que la mam\u00e1 les dice que tienen que testificar en el juzgado\u201d (Secretar\u00eda de las Mujeres, Pol\u00edticas de G\u00e9nero y Diversidades de La Matanza).<\/p>\n<p><a href=\"#_ftnref2\" name=\"_ftn2\">[2]<\/a> <a href=\"https:\/\/diariofemenino.com.ar\/df\/violencia-vicaria-definicion-ejemplos-tipos-caracteristicas-casos-y-datos\/\">https:\/\/diariofemenino.com.ar\/df\/violencia-vicaria-definicion-ejemplos-tipos-caracteristicas-casos-y-datos\/<\/a><\/p>\n<p><a href=\"#_ftnref3\" name=\"_ftn3\">[3]<\/a> \u00a0Es una respuesta violenta, generalmente una reacci\u00f3n masculina. El contraataque de los hombres\u00a0a la defensa de los derechos de mujeres, ni\u00f1as, ni\u00f1os, ni\u00f1es y adolescentes a profesionales actuantes en las causas.<\/p>\n<p>(*)\u00a0Periodista feminista, directora\/editora de Diario Digital Femenino. Titular de la web de Asesoramiento y Capacitaci\u00f3n\u00a0<a href=\"https:\/\/lennycaceres.com.ar\/\">https:\/\/lennycaceres.com.ar\/<\/a>\u00a0Autora del libro <a href=\"https:\/\/diariofemenino.com.ar\/df\/la-transversalidad-del-genero-espacios-y-disputas\/\">La transversalidad del g\u00e9nero: espacios y disputas.<\/a><\/p>\n<p>Ph de Portada: Telefe Neuqu\u00e9n<\/p>\n","protected":false},"excerpt":{"rendered":"<p>La realidad de las violencias, sobre todo en el \u00e1mbito judicial, que atraviesan y padecen las madres protectoras[1] no se compara, en su magnitud, con todas las otras formas de violencia. Y no es porque estemos haciendo un ranking de qu\u00e9 violencia es peor o una valoraci\u00f3n superior, sino porque la ruta cr\u00edtica o \u201cv\u00eda [&hellip;]<\/p>\n","protected":false},"author":4,"featured_media":66437,"comment_status":"open","ping_status":"open","sticky":false,"template":"","format":"standard","meta":{"iawp_total_views":121,"footnotes":""},"categories":[7,1067,581,9,21,23,592],"tags":[4372,5494,1577,534,2763,5492,5493],"class_list":["post-66436","post","type-post","status-publish","format-standard","has-post-thumbnail","hentry","category-actividades","category-agenda-feminista","category-azul-profundo","category-de-esi-si-se-habla","category-noticias","category-salud","category-violencias","tag-destacada","tag-justicia-machista","tag-justicia-patriarcal","tag-lenny-caceres","tag-madres-protectoras","tag-sistema-judicial","tag-sistema-perverso"],"nelio_content":{"autoShareEndMode":"never","automationSources":{"useCustomSentences":false,"customSentences":[]},"efiAlt":"","efiUrl":"","followers":[4],"highlights":[],"isAutoShareEnabled":true,"networkImageIds":[],"permalinkQueryArgs":[],"series":[],"suggestedReferences":[]},"yoast_head":"<!-- This site is optimized with the Yoast SEO plugin v27.5 - https:\/\/yoast.com\/product\/yoast-seo-wordpress\/ -->\n<title>Madres protectoras y un sistema perverso - Diario Digital Femenino<\/title>\n<meta name=\"description\" content=\"Madres protectoras. La realidad de las violencias, sobre todo en el \u00e1mbito judicial, que atraviesan y padecen las madres protectoras.\" \/>\n<meta name=\"robots\" content=\"index, follow, max-snippet:-1, max-image-preview:large, max-video-preview:-1\" \/>\n<link rel=\"canonical\" href=\"https:\/\/diariofemenino.com.ar\/df\/madres-protectoras-y-un-sistema-perverso\/\" \/>\n<meta property=\"og:locale\" content=\"es_ES\" \/>\n<meta property=\"og:type\" content=\"article\" \/>\n<meta property=\"og:title\" content=\"Madres protectoras y un sistema perverso - Diario Digital Femenino\" \/>\n<meta property=\"og:description\" content=\"Madres protectoras. La realidad de las violencias, sobre todo en el \u00e1mbito judicial, que atraviesan y padecen las madres protectoras.\" \/>\n<meta property=\"og:url\" content=\"https:\/\/diariofemenino.com.ar\/df\/madres-protectoras-y-un-sistema-perverso\/\" \/>\n<meta property=\"og:site_name\" content=\"Diario Digital Femenino\" \/>\n<meta property=\"article:publisher\" content=\"https:\/\/www.facebook.com\/DiarioDigitaFemenino\/\" \/>\n<meta property=\"article:published_time\" content=\"2022-09-13T10:17:44+00:00\" \/>\n<meta property=\"og:image\" content=\"https:\/\/diariofemenino.com.ar\/df\/wp-content\/uploads\/2022\/09\/madres-protectoras.jpg\" \/>\n\t<meta property=\"og:image:width\" content=\"756\" \/>\n\t<meta property=\"og:image:height\" content=\"518\" \/>\n\t<meta property=\"og:image:type\" content=\"image\/jpeg\" \/>\n<meta name=\"author\" content=\"Admin\" \/>\n<meta name=\"twitter:card\" content=\"summary_large_image\" \/>\n<meta name=\"twitter:creator\" content=\"@DiarioFemenino1\" \/>\n<meta name=\"twitter:site\" content=\"@DiarioFemenino1\" \/>\n<meta name=\"twitter:label1\" content=\"Escrito por\" \/>\n\t<meta name=\"twitter:data1\" content=\"Admin\" \/>\n\t<meta name=\"twitter:label2\" content=\"Tiempo de lectura\" \/>\n\t<meta name=\"twitter:data2\" content=\"9 minutos\" \/>\n<script type=\"application\/ld+json\" class=\"yoast-schema-graph\">{\"@context\":\"https:\\\/\\\/schema.org\",\"@graph\":[{\"@type\":\"Article\",\"@id\":\"https:\\\/\\\/diariofemenino.com.ar\\\/df\\\/madres-protectoras-y-un-sistema-perverso\\\/#article\",\"isPartOf\":{\"@id\":\"https:\\\/\\\/diariofemenino.com.ar\\\/df\\\/madres-protectoras-y-un-sistema-perverso\\\/\"},\"author\":{\"name\":\"Admin\",\"@id\":\"https:\\\/\\\/diariofemenino.com.ar\\\/df\\\/#\\\/schema\\\/person\\\/bf6199e8158c657ea6f789b11ec85509\"},\"headline\":\"Madres protectoras y un sistema perverso\",\"datePublished\":\"2022-09-13T10:17:44+00:00\",\"mainEntityOfPage\":{\"@id\":\"https:\\\/\\\/diariofemenino.com.ar\\\/df\\\/madres-protectoras-y-un-sistema-perverso\\\/\"},\"wordCount\":1784,\"commentCount\":0,\"publisher\":{\"@id\":\"https:\\\/\\\/diariofemenino.com.ar\\\/df\\\/#organization\"},\"image\":{\"@id\":\"https:\\\/\\\/diariofemenino.com.ar\\\/df\\\/madres-protectoras-y-un-sistema-perverso\\\/#primaryimage\"},\"thumbnailUrl\":\"https:\\\/\\\/diariofemenino.com.ar\\\/df\\\/wp-content\\\/uploads\\\/2022\\\/09\\\/madres-protectoras.jpg\",\"keywords\":[\"Destacada\",\"Justicia machista\",\"justicia patriarcal\",\"Lenny C\u00e1ceres\",\"Madres Protectoras\",\"Sistema judicial\",\"Sistema perverso\"],\"articleSection\":[\"Actividades\",\"Agenda Feminista\",\"Azul Profundo\",\"De ESI S\u00ed Se Habla\",\"Noticias\",\"Salud\",\"Violencias\"],\"inLanguage\":\"es\",\"potentialAction\":[{\"@type\":\"CommentAction\",\"name\":\"Comment\",\"target\":[\"https:\\\/\\\/diariofemenino.com.ar\\\/df\\\/madres-protectoras-y-un-sistema-perverso\\\/#respond\"]}]},{\"@type\":\"WebPage\",\"@id\":\"https:\\\/\\\/diariofemenino.com.ar\\\/df\\\/madres-protectoras-y-un-sistema-perverso\\\/\",\"url\":\"https:\\\/\\\/diariofemenino.com.ar\\\/df\\\/madres-protectoras-y-un-sistema-perverso\\\/\",\"name\":\"Madres protectoras y un sistema perverso - Diario Digital Femenino\",\"isPartOf\":{\"@id\":\"https:\\\/\\\/diariofemenino.com.ar\\\/df\\\/#website\"},\"primaryImageOfPage\":{\"@id\":\"https:\\\/\\\/diariofemenino.com.ar\\\/df\\\/madres-protectoras-y-un-sistema-perverso\\\/#primaryimage\"},\"image\":{\"@id\":\"https:\\\/\\\/diariofemenino.com.ar\\\/df\\\/madres-protectoras-y-un-sistema-perverso\\\/#primaryimage\"},\"thumbnailUrl\":\"https:\\\/\\\/diariofemenino.com.ar\\\/df\\\/wp-content\\\/uploads\\\/2022\\\/09\\\/madres-protectoras.jpg\",\"datePublished\":\"2022-09-13T10:17:44+00:00\",\"description\":\"Madres protectoras. La realidad de las violencias, sobre todo en el \u00e1mbito judicial, que atraviesan y padecen las madres protectoras.\",\"breadcrumb\":{\"@id\":\"https:\\\/\\\/diariofemenino.com.ar\\\/df\\\/madres-protectoras-y-un-sistema-perverso\\\/#breadcrumb\"},\"inLanguage\":\"es\",\"potentialAction\":[{\"@type\":\"ReadAction\",\"target\":[\"https:\\\/\\\/diariofemenino.com.ar\\\/df\\\/madres-protectoras-y-un-sistema-perverso\\\/\"]}]},{\"@type\":\"ImageObject\",\"inLanguage\":\"es\",\"@id\":\"https:\\\/\\\/diariofemenino.com.ar\\\/df\\\/madres-protectoras-y-un-sistema-perverso\\\/#primaryimage\",\"url\":\"https:\\\/\\\/diariofemenino.com.ar\\\/df\\\/wp-content\\\/uploads\\\/2022\\\/09\\\/madres-protectoras.jpg\",\"contentUrl\":\"https:\\\/\\\/diariofemenino.com.ar\\\/df\\\/wp-content\\\/uploads\\\/2022\\\/09\\\/madres-protectoras.jpg\",\"width\":756,\"height\":518,\"caption\":\"Madres protectoras y un sistema perverso\"},{\"@type\":\"BreadcrumbList\",\"@id\":\"https:\\\/\\\/diariofemenino.com.ar\\\/df\\\/madres-protectoras-y-un-sistema-perverso\\\/#breadcrumb\",\"itemListElement\":[{\"@type\":\"ListItem\",\"position\":1,\"name\":\"Portada\",\"item\":\"https:\\\/\\\/diariofemenino.com.ar\\\/df\\\/\"},{\"@type\":\"ListItem\",\"position\":2,\"name\":\"Madres protectoras y un sistema perverso\"}]},{\"@type\":\"WebSite\",\"@id\":\"https:\\\/\\\/diariofemenino.com.ar\\\/df\\\/#website\",\"url\":\"https:\\\/\\\/diariofemenino.com.ar\\\/df\\\/\",\"name\":\"Diario Digital Femenino\",\"description\":\"Cuesti\u00f3n de G\u00e9nero\",\"publisher\":{\"@id\":\"https:\\\/\\\/diariofemenino.com.ar\\\/df\\\/#organization\"},\"potentialAction\":[{\"@type\":\"SearchAction\",\"target\":{\"@type\":\"EntryPoint\",\"urlTemplate\":\"https:\\\/\\\/diariofemenino.com.ar\\\/df\\\/?s={search_term_string}\"},\"query-input\":{\"@type\":\"PropertyValueSpecification\",\"valueRequired\":true,\"valueName\":\"search_term_string\"}}],\"inLanguage\":\"es\"},{\"@type\":\"Organization\",\"@id\":\"https:\\\/\\\/diariofemenino.com.ar\\\/df\\\/#organization\",\"name\":\"Diario Femenino\",\"url\":\"https:\\\/\\\/diariofemenino.com.ar\\\/df\\\/\",\"logo\":{\"@type\":\"ImageObject\",\"inLanguage\":\"es\",\"@id\":\"https:\\\/\\\/diariofemenino.com.ar\\\/df\\\/#\\\/schema\\\/logo\\\/image\\\/\",\"url\":\"https:\\\/\\\/diariofemenino.com.ar\\\/df\\\/wp-content\\\/uploads\\\/2018\\\/10\\\/logo.png\",\"contentUrl\":\"https:\\\/\\\/diariofemenino.com.ar\\\/df\\\/wp-content\\\/uploads\\\/2018\\\/10\\\/logo.png\",\"width\":500,\"height\":92,\"caption\":\"Diario Femenino\"},\"image\":{\"@id\":\"https:\\\/\\\/diariofemenino.com.ar\\\/df\\\/#\\\/schema\\\/logo\\\/image\\\/\"},\"sameAs\":[\"https:\\\/\\\/www.facebook.com\\\/DiarioDigitaFemenino\\\/\",\"https:\\\/\\\/x.com\\\/DiarioFemenino1\"]},{\"@type\":\"Person\",\"@id\":\"https:\\\/\\\/diariofemenino.com.ar\\\/df\\\/#\\\/schema\\\/person\\\/bf6199e8158c657ea6f789b11ec85509\",\"name\":\"Admin\",\"image\":{\"@type\":\"ImageObject\",\"inLanguage\":\"es\",\"@id\":\"https:\\\/\\\/diariofemenino.com.ar\\\/df\\\/wp-content\\\/uploads\\\/2018\\\/12\\\/favicon-150x150.jpg\",\"url\":\"https:\\\/\\\/diariofemenino.com.ar\\\/df\\\/wp-content\\\/uploads\\\/2018\\\/12\\\/favicon-150x150.jpg\",\"contentUrl\":\"https:\\\/\\\/diariofemenino.com.ar\\\/df\\\/wp-content\\\/uploads\\\/2018\\\/12\\\/favicon-150x150.jpg\",\"caption\":\"Admin\"},\"url\":\"https:\\\/\\\/diariofemenino.com.ar\\\/df\\\/author\\\/lenny\\\/\"}]}<\/script>\n<!-- \/ Yoast SEO plugin. -->","yoast_head_json":{"title":"Madres protectoras y un sistema perverso - Diario Digital Femenino","description":"Madres protectoras. La realidad de las violencias, sobre todo en el \u00e1mbito judicial, que atraviesan y padecen las madres protectoras.","robots":{"index":"index","follow":"follow","max-snippet":"max-snippet:-1","max-image-preview":"max-image-preview:large","max-video-preview":"max-video-preview:-1"},"canonical":"https:\/\/diariofemenino.com.ar\/df\/madres-protectoras-y-un-sistema-perverso\/","og_locale":"es_ES","og_type":"article","og_title":"Madres protectoras y un sistema perverso - Diario Digital Femenino","og_description":"Madres protectoras. La realidad de las violencias, sobre todo en el \u00e1mbito judicial, que atraviesan y padecen las madres protectoras.","og_url":"https:\/\/diariofemenino.com.ar\/df\/madres-protectoras-y-un-sistema-perverso\/","og_site_name":"Diario Digital Femenino","article_publisher":"https:\/\/www.facebook.com\/DiarioDigitaFemenino\/","article_published_time":"2022-09-13T10:17:44+00:00","og_image":[{"width":756,"height":518,"url":"https:\/\/diariofemenino.com.ar\/df\/wp-content\/uploads\/2022\/09\/madres-protectoras.jpg","type":"image\/jpeg"}],"author":"Admin","twitter_card":"summary_large_image","twitter_creator":"@DiarioFemenino1","twitter_site":"@DiarioFemenino1","twitter_misc":{"Escrito por":"Admin","Tiempo de lectura":"9 minutos"},"schema":{"@context":"https:\/\/schema.org","@graph":[{"@type":"Article","@id":"https:\/\/diariofemenino.com.ar\/df\/madres-protectoras-y-un-sistema-perverso\/#article","isPartOf":{"@id":"https:\/\/diariofemenino.com.ar\/df\/madres-protectoras-y-un-sistema-perverso\/"},"author":{"name":"Admin","@id":"https:\/\/diariofemenino.com.ar\/df\/#\/schema\/person\/bf6199e8158c657ea6f789b11ec85509"},"headline":"Madres protectoras y un sistema perverso","datePublished":"2022-09-13T10:17:44+00:00","mainEntityOfPage":{"@id":"https:\/\/diariofemenino.com.ar\/df\/madres-protectoras-y-un-sistema-perverso\/"},"wordCount":1784,"commentCount":0,"publisher":{"@id":"https:\/\/diariofemenino.com.ar\/df\/#organization"},"image":{"@id":"https:\/\/diariofemenino.com.ar\/df\/madres-protectoras-y-un-sistema-perverso\/#primaryimage"},"thumbnailUrl":"https:\/\/diariofemenino.com.ar\/df\/wp-content\/uploads\/2022\/09\/madres-protectoras.jpg","keywords":["Destacada","Justicia machista","justicia patriarcal","Lenny C\u00e1ceres","Madres Protectoras","Sistema judicial","Sistema perverso"],"articleSection":["Actividades","Agenda Feminista","Azul Profundo","De ESI S\u00ed Se Habla","Noticias","Salud","Violencias"],"inLanguage":"es","potentialAction":[{"@type":"CommentAction","name":"Comment","target":["https:\/\/diariofemenino.com.ar\/df\/madres-protectoras-y-un-sistema-perverso\/#respond"]}]},{"@type":"WebPage","@id":"https:\/\/diariofemenino.com.ar\/df\/madres-protectoras-y-un-sistema-perverso\/","url":"https:\/\/diariofemenino.com.ar\/df\/madres-protectoras-y-un-sistema-perverso\/","name":"Madres protectoras y un sistema perverso - Diario Digital Femenino","isPartOf":{"@id":"https:\/\/diariofemenino.com.ar\/df\/#website"},"primaryImageOfPage":{"@id":"https:\/\/diariofemenino.com.ar\/df\/madres-protectoras-y-un-sistema-perverso\/#primaryimage"},"image":{"@id":"https:\/\/diariofemenino.com.ar\/df\/madres-protectoras-y-un-sistema-perverso\/#primaryimage"},"thumbnailUrl":"https:\/\/diariofemenino.com.ar\/df\/wp-content\/uploads\/2022\/09\/madres-protectoras.jpg","datePublished":"2022-09-13T10:17:44+00:00","description":"Madres protectoras. La realidad de las violencias, sobre todo en el \u00e1mbito judicial, que atraviesan y padecen las madres protectoras.","breadcrumb":{"@id":"https:\/\/diariofemenino.com.ar\/df\/madres-protectoras-y-un-sistema-perverso\/#breadcrumb"},"inLanguage":"es","potentialAction":[{"@type":"ReadAction","target":["https:\/\/diariofemenino.com.ar\/df\/madres-protectoras-y-un-sistema-perverso\/"]}]},{"@type":"ImageObject","inLanguage":"es","@id":"https:\/\/diariofemenino.com.ar\/df\/madres-protectoras-y-un-sistema-perverso\/#primaryimage","url":"https:\/\/diariofemenino.com.ar\/df\/wp-content\/uploads\/2022\/09\/madres-protectoras.jpg","contentUrl":"https:\/\/diariofemenino.com.ar\/df\/wp-content\/uploads\/2022\/09\/madres-protectoras.jpg","width":756,"height":518,"caption":"Madres protectoras y un sistema perverso"},{"@type":"BreadcrumbList","@id":"https:\/\/diariofemenino.com.ar\/df\/madres-protectoras-y-un-sistema-perverso\/#breadcrumb","itemListElement":[{"@type":"ListItem","position":1,"name":"Portada","item":"https:\/\/diariofemenino.com.ar\/df\/"},{"@type":"ListItem","position":2,"name":"Madres protectoras y un sistema perverso"}]},{"@type":"WebSite","@id":"https:\/\/diariofemenino.com.ar\/df\/#website","url":"https:\/\/diariofemenino.com.ar\/df\/","name":"Diario Digital Femenino","description":"Cuesti\u00f3n de G\u00e9nero","publisher":{"@id":"https:\/\/diariofemenino.com.ar\/df\/#organization"},"potentialAction":[{"@type":"SearchAction","target":{"@type":"EntryPoint","urlTemplate":"https:\/\/diariofemenino.com.ar\/df\/?s={search_term_string}"},"query-input":{"@type":"PropertyValueSpecification","valueRequired":true,"valueName":"search_term_string"}}],"inLanguage":"es"},{"@type":"Organization","@id":"https:\/\/diariofemenino.com.ar\/df\/#organization","name":"Diario Femenino","url":"https:\/\/diariofemenino.com.ar\/df\/","logo":{"@type":"ImageObject","inLanguage":"es","@id":"https:\/\/diariofemenino.com.ar\/df\/#\/schema\/logo\/image\/","url":"https:\/\/diariofemenino.com.ar\/df\/wp-content\/uploads\/2018\/10\/logo.png","contentUrl":"https:\/\/diariofemenino.com.ar\/df\/wp-content\/uploads\/2018\/10\/logo.png","width":500,"height":92,"caption":"Diario Femenino"},"image":{"@id":"https:\/\/diariofemenino.com.ar\/df\/#\/schema\/logo\/image\/"},"sameAs":["https:\/\/www.facebook.com\/DiarioDigitaFemenino\/","https:\/\/x.com\/DiarioFemenino1"]},{"@type":"Person","@id":"https:\/\/diariofemenino.com.ar\/df\/#\/schema\/person\/bf6199e8158c657ea6f789b11ec85509","name":"Admin","image":{"@type":"ImageObject","inLanguage":"es","@id":"https:\/\/diariofemenino.com.ar\/df\/wp-content\/uploads\/2018\/12\/favicon-150x150.jpg","url":"https:\/\/diariofemenino.com.ar\/df\/wp-content\/uploads\/2018\/12\/favicon-150x150.jpg","contentUrl":"https:\/\/diariofemenino.com.ar\/df\/wp-content\/uploads\/2018\/12\/favicon-150x150.jpg","caption":"Admin"},"url":"https:\/\/diariofemenino.com.ar\/df\/author\/lenny\/"}]}},"jetpack_featured_media_url":"https:\/\/diariofemenino.com.ar\/df\/wp-content\/uploads\/2022\/09\/madres-protectoras.jpg","jetpack_sharing_enabled":true,"rttpg_featured_image_url":{"full":["https:\/\/diariofemenino.com.ar\/df\/wp-content\/uploads\/2022\/09\/madres-protectoras.jpg",756,518,false],"landscape":["https:\/\/diariofemenino.com.ar\/df\/wp-content\/uploads\/2022\/09\/madres-protectoras.jpg",756,518,false],"portraits":["https:\/\/diariofemenino.com.ar\/df\/wp-content\/uploads\/2022\/09\/madres-protectoras.jpg",756,518,false],"thumbnail":["https:\/\/diariofemenino.com.ar\/df\/wp-content\/uploads\/2022\/09\/madres-protectoras-150x150.jpg",150,150,true],"medium":["https:\/\/diariofemenino.com.ar\/df\/wp-content\/uploads\/2022\/09\/madres-protectoras-300x206.jpg",300,206,true],"large":["https:\/\/diariofemenino.com.ar\/df\/wp-content\/uploads\/2022\/09\/madres-protectoras.jpg",756,518,false],"1536x1536":["https:\/\/diariofemenino.com.ar\/df\/wp-content\/uploads\/2022\/09\/madres-protectoras.jpg",756,518,false],"2048x2048":["https:\/\/diariofemenino.com.ar\/df\/wp-content\/uploads\/2022\/09\/madres-protectoras.jpg",756,518,false]},"rttpg_author":{"display_name":"Admin","author_link":"https:\/\/diariofemenino.com.ar\/df\/author\/lenny\/"},"rttpg_comment":0,"rttpg_category":"<a href=\"https:\/\/diariofemenino.com.ar\/df\/category\/actividades\/\" rel=\"category tag\">Actividades<\/a> <a href=\"https:\/\/diariofemenino.com.ar\/df\/category\/agenda-feminista\/\" rel=\"category tag\">Agenda Feminista<\/a> <a href=\"https:\/\/diariofemenino.com.ar\/df\/category\/azul-profundo\/\" rel=\"category tag\">Azul Profundo<\/a> <a href=\"https:\/\/diariofemenino.com.ar\/df\/category\/de-esi-si-se-habla\/\" rel=\"category tag\">De ESI S\u00ed Se Habla<\/a> <a href=\"https:\/\/diariofemenino.com.ar\/df\/category\/noticias\/\" rel=\"category tag\">Noticias<\/a> <a href=\"https:\/\/diariofemenino.com.ar\/df\/category\/salud\/\" rel=\"category tag\">Salud<\/a> <a href=\"https:\/\/diariofemenino.com.ar\/df\/category\/violencias\/\" rel=\"category tag\">Violencias<\/a>","rttpg_excerpt":"La realidad de las violencias, sobre todo en el \u00e1mbito judicial, que atraviesan y padecen las madres protectoras[1] no se compara, en su magnitud, con todas las otras formas de violencia. Y no es porque estemos haciendo un ranking de qu\u00e9 violencia es peor o una valoraci\u00f3n superior, sino porque la ruta cr\u00edtica o \u201cv\u00eda&hellip;","_links":{"self":[{"href":"https:\/\/diariofemenino.com.ar\/df\/wp-json\/wp\/v2\/posts\/66436","targetHints":{"allow":["GET"]}}],"collection":[{"href":"https:\/\/diariofemenino.com.ar\/df\/wp-json\/wp\/v2\/posts"}],"about":[{"href":"https:\/\/diariofemenino.com.ar\/df\/wp-json\/wp\/v2\/types\/post"}],"author":[{"embeddable":true,"href":"https:\/\/diariofemenino.com.ar\/df\/wp-json\/wp\/v2\/users\/4"}],"replies":[{"embeddable":true,"href":"https:\/\/diariofemenino.com.ar\/df\/wp-json\/wp\/v2\/comments?post=66436"}],"version-history":[{"count":0,"href":"https:\/\/diariofemenino.com.ar\/df\/wp-json\/wp\/v2\/posts\/66436\/revisions"}],"wp:featuredmedia":[{"embeddable":true,"href":"https:\/\/diariofemenino.com.ar\/df\/wp-json\/wp\/v2\/media\/66437"}],"wp:attachment":[{"href":"https:\/\/diariofemenino.com.ar\/df\/wp-json\/wp\/v2\/media?parent=66436"}],"wp:term":[{"taxonomy":"category","embeddable":true,"href":"https:\/\/diariofemenino.com.ar\/df\/wp-json\/wp\/v2\/categories?post=66436"},{"taxonomy":"post_tag","embeddable":true,"href":"https:\/\/diariofemenino.com.ar\/df\/wp-json\/wp\/v2\/tags?post=66436"}],"curies":[{"name":"wp","href":"https:\/\/api.w.org\/{rel}","templated":true}]}}